{"id":282976,"date":"2023-08-23T12:35:05","date_gmt":"2023-08-23T08:35:05","guid":{"rendered":"https:\/\/www.meydan.tv\/?p=282976"},"modified":"2023-08-23T12:35:09","modified_gmt":"2023-08-23T08:35:09","slug":"danimarkali-rejissor-ukraynaya-qirici-teyyarelerin-verilmesine-etiraz-edib","status":"publish","type":"post","link":"https:\/\/www.meydan.tv\/az\/article\/danimarkali-rejissor-ukraynaya-qirici-teyyarelerin-verilmesine-etiraz-edib\/","title":{"rendered":"Danimarkal\u0131 rejissor Ukraynaya q\u0131r\u0131c\u0131 t\u0259yyar\u0259l\u0259rin verilm\u0259sin\u0259 etiraz edib"},"content":{"rendered":"\n<p><\/p>\n\n\n\n<p><strong><em>\u201cRuslar\u0131n da h\u0259yat\u0131 \u00f6n\u0259mlidir\u201d<\/em><\/strong><\/p>\n\n\n\n<p>Danimarkal\u0131 rejissor v\u0259 ssenarist Lars fon Trier F-16 q\u0131r\u0131c\u0131lar\u0131n\u0131n t\u0259dar\u00fck\u00fc il\u0259 ba\u011fl\u0131 Ukrayna Prezidenti Volodimir Zelenskiy\u0259 v\u0259 Danimarkan\u0131n Ba\u015f naziri Mette Frederiksen\u0259 m\u00fcraci\u0259t edib.<\/p>\n\n\n\n<p>Trier \u201c\u0130nstagram\u201d s\u0259hif\u0259sind\u0259 status payla\u015faraq, Ukraynaya F-16 q\u0131r\u0131c\u0131 t\u0259yyar\u0259l\u0259rinin verilm\u0259sin\u0259 etiraz\u0131n\u0131 <a href=\"https:\/\/www.instagram.com\/p\/CwQF70VMWS3\/\" target=\"_blank\" rel=\"noreferrer noopener\">bildirib.<\/a><\/p>\n\n\n\n<p><em>\u201cC\u0259nab Zelenskiy\u0259 v\u0259 c\u0259nab Putin\u0259, \u0259n n\u0259hay\u0259t, d\u00fcn\u0259n z\u0259man\u0259mizin \u0259n d\u0259h\u015f\u0259tli \u00f6l\u00fcm ma\u015f\u0131nlar\u0131n\u0131n birinin kabin\u0259sind\u0259 a\u011fz\u0131 qulaqlar\u0131nda poz ver\u0259n xan\u0131m Frederiksen\u0259 m\u00fcraci\u0259t edir\u0259m: ruslar\u0131n da h\u0259yat\u0131 \u00f6n\u0259mlidir\u201d, <\/em>&#8211; Trier yaz\u0131b.<\/p>\n\n\n\n<p>Ukrayna Prezidenti Volodimir Zelenski avqustun 20-d\u0259 Danimarkan\u0131n \u201cEyndhoven\u201d v\u0259 \u201cSkridstrup\u201d h\u0259rbi hava bazalar\u0131na ba\u015f \u00e7\u0259k\u0259r\u0259k, iki F-16 q\u0131r\u0131c\u0131s\u0131n\u0131 s\u0131naqdan ke\u00e7irib. Danimarkan\u0131n Ba\u015f naziri Mette Frederiksen d\u0259 Ukrayna prezidenti il\u0259 birlikd\u0259 \u201cSkridstrup\u201d bazas\u0131nda q\u0131r\u0131c\u0131 t\u0259yyar\u0259nin kabin\u0259sin\u0259 qalx\u0131b.<\/p>\n\n\n\n<p>Prezident Volodimir Zelenski bundan \u0259vv\u0259l Niderland Ba\u015f naziri Mark Rutte il\u0259 dan\u0131\u015f\u0131qlardan sonra Kiyev\u0259 42 \u0259d\u0259d F-16 q\u0131r\u0131c\u0131 t\u0259yyar\u0259sinin veril\u0259c\u0259yini a\u00e7\u0131qlam\u0131\u015fd\u0131.<\/p>\n\n\n\n<p>Pilot v\u0259 m\u00fch\u0259ndis haz\u0131rl\u0131\u011f\u0131ndan sonra q\u0131r\u0131c\u0131lar\u0131n Ukraynaya g\u00f6nd\u0259ril\u0259c\u0259yini demi\u015fdi.<\/p>\n\n\n\n<p>Danimarka Ba\u015f naziri Mette Frederiksen d\u0259 \u00f6lk\u0259sinin Ukraynaya 19 F-16 verm\u0259yi planla\u015fd\u0131rd\u0131\u011f\u0131n\u0131 bildirib.<\/p>\n\n\n\n<p>Daha \u00f6nc\u0259, 2023-c\u00fc il iyulun 7-d\u0259 AB\u015e Prezidenti Co Bayden Ukraynan\u0131 kasetli sursatla t\u0259min ed\u0259c\u0259yini <a href=\"https:\/\/www.meydan.tv\/az\/article\/abs-ukraynaya-800-milyonluq-yeni-herbi-yardim-ayirib\/\" target=\"_blank\" rel=\"noreferrer noopener\">a\u00e7\u0131qlay\u0131b.<\/a><\/p>\n\n\n\n<p>Bu q\u0259rar\u0131n Ukrayna Silahl\u0131 Q\u00fcvv\u0259l\u0259rind\u0259 canl\u0131 q\u00fcvv\u0259 \u00e7at\u0131\u015fmazl\u0131\u011f\u0131n\u0131 kompensasiya etm\u0259k ist\u0259yil\u0259 \u0259laq\u0259dar oldu\u011fu qeyd edib.<\/p>\n\n\n\n<p>BMT-nin ba\u015f katibi Antonio Quterre\u015f AB\u015e-\u0131n Kiyev\u0259 kaset sursatlar\u0131n\u0131n t\u0259dar\u00fck\u00fcn\u0259 qar\u015f\u0131 \u00e7\u0131x\u0131b.<\/p>\n","protected":false},"excerpt":{"rendered":"<p>\u201cRuslar\u0131n da h\u0259yat\u0131 \u00f6n\u0259mlidir\u201d Danimarkal\u0131 rejissor v\u0259 ssenarist Lars fon &#8230; <\/p>\n<p class=\"read-more-container\"><a title=\"Danimarkal\u0131 rejissor Ukraynaya q\u0131r\u0131c\u0131 t\u0259yyar\u0259l\u0259rin verilm\u0259sin\u0259 etiraz edib\" class=\"read-more button\" href=\"https:\/\/www.meydan.tv\/az\/article\/danimarkali-rejissor-ukraynaya-qirici-teyyarelerin-verilmesine-etiraz-edib\/#more-282976\" aria-label=\"Read more about Danimarkal\u0131 rejissor Ukraynaya q\u0131r\u0131c\u0131 t\u0259yyar\u0259l\u0259rin verilm\u0259sin\u0259 etiraz edib\">Davam\u0131<\/a><\/p>\n","protected":false},"author":8,"featured_media":252818,"comment_status":"closed","ping_status":"closed","sticky":false,"template":"","format":"standard","meta":{"_acf_changed":false,"_sitemap_exclude":false,"_sitemap_priority":"","_sitemap_frequency":"","footnotes":""},"categories":[64,52,56],"tags":[],"class_list":["post-282976","post","type-post","status-publish","format-standard","has-post-thumbnail","hentry","category-dunya","category-medeniyyet","category-xeberler","infinite-scroll-item","generate-columns","tablet-grid-50","mobile-grid-100","grid-parent","grid-33","no-featured-image-padding"],"acf":[],"yoast_head":"<!-- This site is optimized with the Yoast SEO plugin v27.4 - https:\/\/yoast.com\/product\/yoast-seo-wordpress\/ -->\n<title>Danimarkal\u0131 rejissor Ukraynaya q\u0131r\u0131c\u0131 t\u0259yyar\u0259l\u0259rin verilm\u0259sin\u0259 etiraz edib - MEYDAN.TV<\/title>\n<meta name=\"robots\" content=\"index, follow, max-snippet:-1, max-image-preview:large, max-video-preview:-1\" \/>\n<link rel=\"canonical\" href=\"https:\/\/www.meydan.tv\/az\/article\/danimarkali-rejissor-ukraynaya-qirici-teyyarelerin-verilmesine-etiraz-edib\/\" \/>\n<meta property=\"og:locale\" content=\"az_AZ\" \/>\n<meta property=\"og:type\" content=\"article\" \/>\n<meta property=\"og:title\" content=\"Danimarkal\u0131 rejissor Ukraynaya q\u0131r\u0131c\u0131 t\u0259yyar\u0259l\u0259rin verilm\u0259sin\u0259 etiraz edib - MEYDAN.TV\" \/>\n<meta property=\"og:description\" content=\"\u201cRuslar\u0131n da h\u0259yat\u0131 \u00f6n\u0259mlidir\u201d Danimarkal\u0131 rejissor v\u0259 ssenarist Lars fon ... Davam\u0131\" \/>\n<meta property=\"og:url\" content=\"https:\/\/www.meydan.tv\/az\/article\/danimarkali-rejissor-ukraynaya-qirici-teyyarelerin-verilmesine-etiraz-edib\/\" \/>\n<meta property=\"og:site_name\" content=\"MEYDAN.TV\" \/>\n<meta property=\"article:published_time\" content=\"2023-08-23T08:35:05+00:00\" \/>\n<meta property=\"article:modified_time\" content=\"2023-08-23T08:35:09+00:00\" \/>\n<meta property=\"og:image\" content=\"https:\/\/www.meydan.tv\/wp-content\/uploads\/untitled-design-2-40-e1660034922729.jpg\" \/>\n\t<meta property=\"og:image:width\" content=\"1200\" \/>\n\t<meta property=\"og:image:height\" content=\"639\" \/>\n\t<meta property=\"og:image:type\" content=\"image\/jpeg\" \/>\n<meta name=\"author\" content=\"elli\" \/>\n<meta name=\"twitter:card\" content=\"summary_large_image\" \/>\n<meta name=\"twitter:creator\" content=\"@elli\" \/>\n<script type=\"application\/ld+json\" class=\"yoast-schema-graph\">{\"@context\":\"https:\\\/\\\/schema.org\",\"@graph\":[{\"@type\":\"Article\",\"@id\":\"https:\\\/\\\/www.meydan.tv\\\/az\\\/article\\\/danimarkali-rejissor-ukraynaya-qirici-teyyarelerin-verilmesine-etiraz-edib\\\/#article\",\"isPartOf\":{\"@id\":\"https:\\\/\\\/www.meydan.tv\\\/az\\\/article\\\/danimarkali-rejissor-ukraynaya-qirici-teyyarelerin-verilmesine-etiraz-edib\\\/\"},\"author\":{\"name\":\"elli\",\"@id\":\"https:\\\/\\\/www.meydan.tv\\\/az\\\/#\\\/schema\\\/person\\\/9cdbecf90d17180ce1dfbd95b08dcf47\"},\"headline\":\"Danimarkal\u0131 rejissor Ukraynaya q\u0131r\u0131c\u0131 t\u0259yyar\u0259l\u0259rin verilm\u0259sin\u0259 etiraz edib\",\"datePublished\":\"2023-08-23T08:35:05+00:00\",\"dateModified\":\"2023-08-23T08:35:09+00:00\",\"mainEntityOfPage\":{\"@id\":\"https:\\\/\\\/www.meydan.tv\\\/az\\\/article\\\/danimarkali-rejissor-ukraynaya-qirici-teyyarelerin-verilmesine-etiraz-edib\\\/\"},\"wordCount\":327,\"publisher\":{\"@id\":\"https:\\\/\\\/www.meydan.tv\\\/az\\\/#organization\"},\"image\":{\"@id\":\"https:\\\/\\\/www.meydan.tv\\\/az\\\/article\\\/danimarkali-rejissor-ukraynaya-qirici-teyyarelerin-verilmesine-etiraz-edib\\\/#primaryimage\"},\"thumbnailUrl\":\"https:\\\/\\\/www.meydan.tv\\\/wp-content\\\/uploads\\\/untitled-design-2-40-e1660034922729.jpg\",\"articleSection\":[\"D\u00fcnya\",\"M\u0259d\u0259niyy\u0259t\",\"X\u0259b\u0259rl\u0259r\"],\"inLanguage\":\"az\"},{\"@type\":\"WebPage\",\"@id\":\"https:\\\/\\\/www.meydan.tv\\\/az\\\/article\\\/danimarkali-rejissor-ukraynaya-qirici-teyyarelerin-verilmesine-etiraz-edib\\\/\",\"url\":\"https:\\\/\\\/www.meydan.tv\\\/az\\\/article\\\/danimarkali-rejissor-ukraynaya-qirici-teyyarelerin-verilmesine-etiraz-edib\\\/\",\"name\":\"Danimarkal\u0131 rejissor Ukraynaya q\u0131r\u0131c\u0131 t\u0259yyar\u0259l\u0259rin verilm\u0259sin\u0259 etiraz edib - MEYDAN.TV\",\"isPartOf\":{\"@id\":\"https:\\\/\\\/www.meydan.tv\\\/az\\\/#website\"},\"primaryImageOfPage\":{\"@id\":\"https:\\\/\\\/www.meydan.tv\\\/az\\\/article\\\/danimarkali-rejissor-ukraynaya-qirici-teyyarelerin-verilmesine-etiraz-edib\\\/#primaryimage\"},\"image\":{\"@id\":\"https:\\\/\\\/www.meydan.tv\\\/az\\\/article\\\/danimarkali-rejissor-ukraynaya-qirici-teyyarelerin-verilmesine-etiraz-edib\\\/#primaryimage\"},\"thumbnailUrl\":\"https:\\\/\\\/www.meydan.tv\\\/wp-content\\\/uploads\\\/untitled-design-2-40-e1660034922729.jpg\",\"datePublished\":\"2023-08-23T08:35:05+00:00\",\"dateModified\":\"2023-08-23T08:35:09+00:00\",\"breadcrumb\":{\"@id\":\"https:\\\/\\\/www.meydan.tv\\\/az\\\/article\\\/danimarkali-rejissor-ukraynaya-qirici-teyyarelerin-verilmesine-etiraz-edib\\\/#breadcrumb\"},\"inLanguage\":\"az\",\"potentialAction\":[{\"@type\":\"ReadAction\",\"target\":[\"https:\\\/\\\/www.meydan.tv\\\/az\\\/article\\\/danimarkali-rejissor-ukraynaya-qirici-teyyarelerin-verilmesine-etiraz-edib\\\/\"]}]},{\"@type\":\"ImageObject\",\"inLanguage\":\"az\",\"@id\":\"https:\\\/\\\/www.meydan.tv\\\/az\\\/article\\\/danimarkali-rejissor-ukraynaya-qirici-teyyarelerin-verilmesine-etiraz-edib\\\/#primaryimage\",\"url\":\"https:\\\/\\\/www.meydan.tv\\\/wp-content\\\/uploads\\\/untitled-design-2-40-e1660034922729.jpg\",\"contentUrl\":\"https:\\\/\\\/www.meydan.tv\\\/wp-content\\\/uploads\\\/untitled-design-2-40-e1660034922729.jpg\",\"width\":1200,\"height\":639,\"caption\":\"Lars fon Trier. Foto: Imago stock&people \\\/ Global Look Press\"},{\"@type\":\"BreadcrumbList\",\"@id\":\"https:\\\/\\\/www.meydan.tv\\\/az\\\/article\\\/danimarkali-rejissor-ukraynaya-qirici-teyyarelerin-verilmesine-etiraz-edib\\\/#breadcrumb\",\"itemListElement\":[{\"@type\":\"ListItem\",\"position\":1,\"name\":\"Ana s\u0259hif\u0259\",\"item\":\"https:\\\/\\\/www.meydan.tv\\\/az\\\/\"},{\"@type\":\"ListItem\",\"position\":2,\"name\":\"D\u00fcnya\",\"item\":\"https:\\\/\\\/www.meydan.tv\\\/az\\\/section\\\/dunya\\\/\"},{\"@type\":\"ListItem\",\"position\":3,\"name\":\"Danimarkal\u0131 rejissor Ukraynaya q\u0131r\u0131c\u0131 t\u0259yyar\u0259l\u0259rin verilm\u0259sin\u0259 etiraz edib\"}]},{\"@type\":\"WebSite\",\"@id\":\"https:\\\/\\\/www.meydan.tv\\\/az\\\/#website\",\"url\":\"https:\\\/\\\/www.meydan.tv\\\/az\\\/\",\"name\":\"MEYDAN.TV\",\"description\":\"Meydan TV Az\u0259rbaycan\u0131n media m\u0259kan\u0131ndak\u0131 alternativ s\u0259sidir\",\"publisher\":{\"@id\":\"https:\\\/\\\/www.meydan.tv\\\/az\\\/#organization\"},\"potentialAction\":[{\"@type\":\"SearchAction\",\"target\":{\"@type\":\"EntryPoint\",\"urlTemplate\":\"https:\\\/\\\/www.meydan.tv\\\/az\\\/?s={search_term_string}\"},\"query-input\":{\"@type\":\"PropertyValueSpecification\",\"valueRequired\":true,\"valueName\":\"search_term_string\"}}],\"inLanguage\":\"az\"},{\"@type\":\"Organization\",\"@id\":\"https:\\\/\\\/www.meydan.tv\\\/az\\\/#organization\",\"name\":\"Meydan TV\",\"url\":\"https:\\\/\\\/www.meydan.tv\\\/az\\\/\",\"logo\":{\"@type\":\"ImageObject\",\"inLanguage\":\"az\",\"@id\":\"https:\\\/\\\/www.meydan.tv\\\/az\\\/#\\\/schema\\\/logo\\\/image\\\/\",\"url\":\"https:\\\/\\\/www.meydan.tv\\\/wp-content\\\/uploads\\\/2021\\\/07\\\/meydan-logo.svg\",\"contentUrl\":\"https:\\\/\\\/www.meydan.tv\\\/wp-content\\\/uploads\\\/2021\\\/07\\\/meydan-logo.svg\",\"width\":195,\"height\":46,\"caption\":\"Meydan TV\"},\"image\":{\"@id\":\"https:\\\/\\\/www.meydan.tv\\\/az\\\/#\\\/schema\\\/logo\\\/image\\\/\"}},{\"@type\":\"Person\",\"@id\":\"https:\\\/\\\/www.meydan.tv\\\/az\\\/#\\\/schema\\\/person\\\/9cdbecf90d17180ce1dfbd95b08dcf47\",\"name\":\"elli\",\"sameAs\":[\"https:\\\/\\\/x.com\\\/elli\"]}]}<\/script>\n<!-- \/ Yoast SEO plugin. -->","yoast_head_json":{"title":"Danimarkal\u0131 rejissor Ukraynaya q\u0131r\u0131c\u0131 t\u0259yyar\u0259l\u0259rin verilm\u0259sin\u0259 etiraz edib - MEYDAN.TV","robots":{"index":"index","follow":"follow","max-snippet":"max-snippet:-1","max-image-preview":"max-image-preview:large","max-video-preview":"max-video-preview:-1"},"canonical":"https:\/\/www.meydan.tv\/az\/article\/danimarkali-rejissor-ukraynaya-qirici-teyyarelerin-verilmesine-etiraz-edib\/","og_locale":"az_AZ","og_type":"article","og_title":"Danimarkal\u0131 rejissor Ukraynaya q\u0131r\u0131c\u0131 t\u0259yyar\u0259l\u0259rin verilm\u0259sin\u0259 etiraz edib - MEYDAN.TV","og_description":"\u201cRuslar\u0131n da h\u0259yat\u0131 \u00f6n\u0259mlidir\u201d Danimarkal\u0131 rejissor v\u0259 ssenarist Lars fon ... Davam\u0131","og_url":"https:\/\/www.meydan.tv\/az\/article\/danimarkali-rejissor-ukraynaya-qirici-teyyarelerin-verilmesine-etiraz-edib\/","og_site_name":"MEYDAN.TV","article_published_time":"2023-08-23T08:35:05+00:00","article_modified_time":"2023-08-23T08:35:09+00:00","og_image":[{"width":1200,"height":639,"url":"https:\/\/www.meydan.tv\/wp-content\/uploads\/untitled-design-2-40-e1660034922729.jpg","type":"image\/jpeg"}],"author":"elli","twitter_card":"summary_large_image","twitter_creator":"@elli","schema":{"@context":"https:\/\/schema.org","@graph":[{"@type":"Article","@id":"https:\/\/www.meydan.tv\/az\/article\/danimarkali-rejissor-ukraynaya-qirici-teyyarelerin-verilmesine-etiraz-edib\/#article","isPartOf":{"@id":"https:\/\/www.meydan.tv\/az\/article\/danimarkali-rejissor-ukraynaya-qirici-teyyarelerin-verilmesine-etiraz-edib\/"},"author":{"name":"elli","@id":"https:\/\/www.meydan.tv\/az\/#\/schema\/person\/9cdbecf90d17180ce1dfbd95b08dcf47"},"headline":"Danimarkal\u0131 rejissor Ukraynaya q\u0131r\u0131c\u0131 t\u0259yyar\u0259l\u0259rin verilm\u0259sin\u0259 etiraz edib","datePublished":"2023-08-23T08:35:05+00:00","dateModified":"2023-08-23T08:35:09+00:00","mainEntityOfPage":{"@id":"https:\/\/www.meydan.tv\/az\/article\/danimarkali-rejissor-ukraynaya-qirici-teyyarelerin-verilmesine-etiraz-edib\/"},"wordCount":327,"publisher":{"@id":"https:\/\/www.meydan.tv\/az\/#organization"},"image":{"@id":"https:\/\/www.meydan.tv\/az\/article\/danimarkali-rejissor-ukraynaya-qirici-teyyarelerin-verilmesine-etiraz-edib\/#primaryimage"},"thumbnailUrl":"https:\/\/www.meydan.tv\/wp-content\/uploads\/untitled-design-2-40-e1660034922729.jpg","articleSection":["D\u00fcnya","M\u0259d\u0259niyy\u0259t","X\u0259b\u0259rl\u0259r"],"inLanguage":"az"},{"@type":"WebPage","@id":"https:\/\/www.meydan.tv\/az\/article\/danimarkali-rejissor-ukraynaya-qirici-teyyarelerin-verilmesine-etiraz-edib\/","url":"https:\/\/www.meydan.tv\/az\/article\/danimarkali-rejissor-ukraynaya-qirici-teyyarelerin-verilmesine-etiraz-edib\/","name":"Danimarkal\u0131 rejissor Ukraynaya q\u0131r\u0131c\u0131 t\u0259yyar\u0259l\u0259rin verilm\u0259sin\u0259 etiraz edib - MEYDAN.TV","isPartOf":{"@id":"https:\/\/www.meydan.tv\/az\/#website"},"primaryImageOfPage":{"@id":"https:\/\/www.meydan.tv\/az\/article\/danimarkali-rejissor-ukraynaya-qirici-teyyarelerin-verilmesine-etiraz-edib\/#primaryimage"},"image":{"@id":"https:\/\/www.meydan.tv\/az\/article\/danimarkali-rejissor-ukraynaya-qirici-teyyarelerin-verilmesine-etiraz-edib\/#primaryimage"},"thumbnailUrl":"https:\/\/www.meydan.tv\/wp-content\/uploads\/untitled-design-2-40-e1660034922729.jpg","datePublished":"2023-08-23T08:35:05+00:00","dateModified":"2023-08-23T08:35:09+00:00","breadcrumb":{"@id":"https:\/\/www.meydan.tv\/az\/article\/danimarkali-rejissor-ukraynaya-qirici-teyyarelerin-verilmesine-etiraz-edib\/#breadcrumb"},"inLanguage":"az","potentialAction":[{"@type":"ReadAction","target":["https:\/\/www.meydan.tv\/az\/article\/danimarkali-rejissor-ukraynaya-qirici-teyyarelerin-verilmesine-etiraz-edib\/"]}]},{"@type":"ImageObject","inLanguage":"az","@id":"https:\/\/www.meydan.tv\/az\/article\/danimarkali-rejissor-ukraynaya-qirici-teyyarelerin-verilmesine-etiraz-edib\/#primaryimage","url":"https:\/\/www.meydan.tv\/wp-content\/uploads\/untitled-design-2-40-e1660034922729.jpg","contentUrl":"https:\/\/www.meydan.tv\/wp-content\/uploads\/untitled-design-2-40-e1660034922729.jpg","width":1200,"height":639,"caption":"Lars fon Trier. Foto: Imago stock&people \/ Global Look Press"},{"@type":"BreadcrumbList","@id":"https:\/\/www.meydan.tv\/az\/article\/danimarkali-rejissor-ukraynaya-qirici-teyyarelerin-verilmesine-etiraz-edib\/#breadcrumb","itemListElement":[{"@type":"ListItem","position":1,"name":"Ana s\u0259hif\u0259","item":"https:\/\/www.meydan.tv\/az\/"},{"@type":"ListItem","position":2,"name":"D\u00fcnya","item":"https:\/\/www.meydan.tv\/az\/section\/dunya\/"},{"@type":"ListItem","position":3,"name":"Danimarkal\u0131 rejissor Ukraynaya q\u0131r\u0131c\u0131 t\u0259yyar\u0259l\u0259rin verilm\u0259sin\u0259 etiraz edib"}]},{"@type":"WebSite","@id":"https:\/\/www.meydan.tv\/az\/#website","url":"https:\/\/www.meydan.tv\/az\/","name":"MEYDAN.TV","description":"Meydan TV Az\u0259rbaycan\u0131n media m\u0259kan\u0131ndak\u0131 alternativ s\u0259sidir","publisher":{"@id":"https:\/\/www.meydan.tv\/az\/#organization"},"potentialAction":[{"@type":"SearchAction","target":{"@type":"EntryPoint","urlTemplate":"https:\/\/www.meydan.tv\/az\/?s={search_term_string}"},"query-input":{"@type":"PropertyValueSpecification","valueRequired":true,"valueName":"search_term_string"}}],"inLanguage":"az"},{"@type":"Organization","@id":"https:\/\/www.meydan.tv\/az\/#organization","name":"Meydan TV","url":"https:\/\/www.meydan.tv\/az\/","logo":{"@type":"ImageObject","inLanguage":"az","@id":"https:\/\/www.meydan.tv\/az\/#\/schema\/logo\/image\/","url":"https:\/\/www.meydan.tv\/wp-content\/uploads\/2021\/07\/meydan-logo.svg","contentUrl":"https:\/\/www.meydan.tv\/wp-content\/uploads\/2021\/07\/meydan-logo.svg","width":195,"height":46,"caption":"Meydan TV"},"image":{"@id":"https:\/\/www.meydan.tv\/az\/#\/schema\/logo\/image\/"}},{"@type":"Person","@id":"https:\/\/www.meydan.tv\/az\/#\/schema\/person\/9cdbecf90d17180ce1dfbd95b08dcf47","name":"elli","sameAs":["https:\/\/x.com\/elli"]}]}},"_links":{"self":[{"href":"https:\/\/www.meydan.tv\/az\/wp-json\/wp\/v2\/posts\/282976","targetHints":{"allow":["GET"]}}],"collection":[{"href":"https:\/\/www.meydan.tv\/az\/wp-json\/wp\/v2\/posts"}],"about":[{"href":"https:\/\/www.meydan.tv\/az\/wp-json\/wp\/v2\/types\/post"}],"author":[{"embeddable":true,"href":"https:\/\/www.meydan.tv\/az\/wp-json\/wp\/v2\/users\/8"}],"replies":[{"embeddable":true,"href":"https:\/\/www.meydan.tv\/az\/wp-json\/wp\/v2\/comments?post=282976"}],"version-history":[{"count":1,"href":"https:\/\/www.meydan.tv\/az\/wp-json\/wp\/v2\/posts\/282976\/revisions"}],"predecessor-version":[{"id":282978,"href":"https:\/\/www.meydan.tv\/az\/wp-json\/wp\/v2\/posts\/282976\/revisions\/282978"}],"wp:featuredmedia":[{"embeddable":true,"href":"https:\/\/www.meydan.tv\/az\/wp-json\/wp\/v2\/media\/252818"}],"wp:attachment":[{"href":"https:\/\/www.meydan.tv\/az\/wp-json\/wp\/v2\/media?parent=282976"}],"wp:term":[{"taxonomy":"category","embeddable":true,"href":"https:\/\/www.meydan.tv\/az\/wp-json\/wp\/v2\/categories?post=282976"},{"taxonomy":"post_tag","embeddable":true,"href":"https:\/\/www.meydan.tv\/az\/wp-json\/wp\/v2\/tags?post=282976"}],"curies":[{"name":"wp","href":"https:\/\/api.w.org\/{rel}","templated":true}]}}