{"id":282963,"date":"2023-08-22T21:32:18","date_gmt":"2023-08-22T17:32:18","guid":{"rendered":"https:\/\/www.meydan.tv\/?p=282963"},"modified":"2023-08-23T11:09:58","modified_gmt":"2023-08-23T07:09:58","slug":"nermin-isi-birinci-instansiya-mehkemesine-qaytarildi","status":"publish","type":"post","link":"https:\/\/www.meydan.tv\/az\/article\/nermin-isi-birinci-instansiya-mehkemesine-qaytarildi\/","title":{"rendered":"\u201cN\u0259rmin i\u015fi\u201d birinci instansiya m\u0259hk\u0259m\u0259sin\u0259 qaytar\u0131ld\u0131"},"content":{"rendered":"\n<p><\/p>\n\n\n\n<p><strong><em>\u201c\u015e\u0259rif Quliyevgil b\u00fct\u00fcn k\u0259ndd\u0259 yay\u0131blar ki, \u0130lkin\u0259 \u00f6m\u00fcrl\u00fck veril\u0259c\u0259k\u201d<\/em><\/strong><\/p>\n\n\n\n<p>Tovuz rayonunun Dondar Qu\u015f\u00e7u k\u0259ndind\u0259 11 ya\u015fl\u0131 N\u0259rmin Quliyevan\u0131n o\u011furlanmas\u0131, 47 g\u00fcn sonra k\u0259ndd\u0259 yanm\u0131\u015f meyitin tap\u0131lmas\u0131yla ba\u011fl\u0131 cinay\u0259t i\u015finin materiallar\u0131n\u0131 G\u0259nc\u0259 Apelyasiya M\u0259hk\u0259m\u0259si birinci instansiya m\u0259hk\u0259m\u0259sin\u0259 qaytar\u0131b. S\u0259b\u0259b is\u0259 N\u0259rmin Quliyevan\u0131n atas\u0131 \u015e\u0259rif Quliyevin apelyasiya \u015fikay\u0259ti verm\u0259sidir. O, azya\u015fl\u0131n\u0131n \u00f6l\u00fcm\u00fcnd\u0259 t\u0259qsirli bilin\u0259r\u0259k 18 il azadl\u0131qdan m\u0259hrum edilmi\u015f \u0130lkin S\u00fcleymanovun c\u0259zas\u0131n\u0131n a\u011f\u0131rla\u015fd\u0131r\u0131lmas\u0131n\u0131, ona \u00f6m\u00fcrl\u00fck h\u0259bs c\u0259zas\u0131 verilm\u0259sini t\u0259l\u0259b edir.<\/p>\n\n\n\n<p>Lakin \u015e\u0259rif Quliyev apelyasiya \u015fikay\u0259ti verm\u0259k \u00fc\u00e7\u00fcn qanunda n\u0259z\u0259rd\u0259 tutulmu\u015f 20 g\u00fcnl\u00fck m\u00fcdd\u0259ti \u00f6t\u00fcr\u00fcb. Ona g\u00f6r\u0259 d\u0259 bu m\u00fcdd\u0259t ya \u00fczrl\u00fc s\u0259b\u0259bd\u0259n \u00f6t\u00fcr\u00fclm\u00fc\u015f hesab edilib, \u015fikay\u0259t q\u0259bul edilm\u0259li, ya da \u00fczrs\u00fcz s\u0259b\u0259bd\u0259n m\u00fcdd\u0259t \u00f6t\u00fcr\u00fcld\u00fcy\u00fcn\u0259 g\u00f6r\u0259 q\u0259bul edilm\u0259m\u0259lidir. Bu q\u0259rar\u0131 is\u0259 h\u00f6km\u00fc \u00e7\u0131xarm\u0131\u015f m\u0259hk\u0259m\u0259 &#8211; G\u0259nc\u0259 A\u011f\u0131r Cinay\u0259tl\u0259r M\u0259hk\u0259m\u0259si verm\u0259lidir. \u00c7\u00fcnki apelyasiya \u015fikay\u0259ti h\u0259min h\u00f6km\u00fc \u00e7\u0131xaran m\u0259hk\u0259m\u0259 vasit\u0259sil\u0259 verilir.<\/p>\n\n\n\n<p>Bu s\u0259b\u0259bd\u0259n G\u0259nc\u0259 Apelyasiya M\u0259hk\u0259m\u0259si \u015e\u0259rif Quliyevin \u015fikay\u0259tin\u0259 bax\u0131l\u0131b q\u0259rar verilm\u0259si \u00fc\u00e7\u00fcn i\u015f materiallar\u0131n\u0131 a\u015fa\u011f\u0131 instansiya m\u0259hk\u0259m\u0259sin\u0259 g\u00f6nd\u0259rib.<\/p>\n\n\n\n<p>\u0130lkin S\u00fcleymanovun yax\u0131nlar\u0131 hesab edir ki, \u015e\u0259rif Quliyevin \u015fikay\u0259ti q\u0259bul olunarsa, bununla n\u00f6vb\u0259ti qanunsuzlu\u011fa imza at\u0131lacaq:<\/p>\n\n\n\n<p><em>\u201c\u00c7\u00fcnki \u015fikay\u0259tin gecikdirilm\u0259si \u00fc\u00e7\u00fcn he\u00e7 bir s\u0259b\u0259b yox idi. \u015e\u0259rif Quliyevgil b\u00fct\u00fcn k\u0259ndd\u0259 yay\u0131blar ki, \u0130lkin\u0259 \u00f6m\u00fcrl\u00fck veril\u0259c\u0259k. He\u00e7 bir \u0259sas olmadan m\u00fcdd\u0259ti ke\u00e7\u0259n apelyasiya \u015fikay\u0259tinin q\u0259bulu da o dem\u0259k olacaq ki, bu plan\u0131n icras\u0131 istiqam\u0259tind\u0259 add\u0131mlay\u0131rlar. Susmad\u0131\u011f\u0131m\u0131za g\u00f6r\u0259 bizi \u015fantaj edirl\u0259r. Y\u0259ni siz susmursunuzsa, biz d\u0259 bel\u0259 el\u0259yirik. G\u00fcnahs\u0131z adam\u0131n ba\u015f\u0131na a\u00e7mad\u0131qlar\u0131 oyun qalmad\u0131\u2026\u201d.<\/em><\/p>\n\n\n\n<p>2009-cu il t\u0259v\u0259ll\u00fcdl\u00fc N\u0259rmin Quliyeva 2019-cu il noyabr\u0131n 21-d\u0259 ya\u015fad\u0131\u011f\u0131 Tovuz rayonunun Dondar Qu\u015f\u00e7u k\u0259ndind\u0259 itkin d\u00fc\u015f\u00fcb. 2020-ci il yanvar\u0131n 6-da k\u0259ndd\u0259 \u0130lkin S\u00fcleymanovgilin evinin qar\u015f\u0131s\u0131nda yand\u0131r\u0131lm\u0131\u015f meyit tap\u0131l\u0131b.<\/p>\n\n\n\n<p>1973-c\u00fc il t\u0259v\u0259ll\u00fcdl\u00fc \u0130lkin S\u00fcleymanov Cinay\u0259t M\u0259c\u0259ll\u0259sinin 120.2.4 (x\u00fcsusi amans\u0131zl\u0131qla q\u0259sd\u0259n adam \u00f6ld\u00fcrm\u0259), 120.2.9 (t\u0259qsirkar \u015f\u0259xs \u00fc\u00e7\u00fcn a\u015fkar sur\u0259td\u0259 k\u00f6m\u0259ksiz v\u0259ziyy\u0259td\u0259 olan adam\u0131 q\u0259sd\u0259n \u00f6ld\u00fcrm\u0259), 133.2.1 (o\u011furlanm\u0131\u015f \u015f\u0259xs\u0259 \u0259zab verm\u0259), 133.2.4 (yetkinlik ya\u015f\u0131na \u00e7atmayan, k\u00f6m\u0259ksiz v\u0259ziyy\u0259td\u0259 olan \u015f\u0259xs\u0259 \u0259zab verm\u0259), 144-c\u00fc (adam o\u011furlu\u011fu) madd\u0259l\u0259ril\u0259 ittiham olunur.<\/p>\n\n\n<div class=\"wp-block-image\">\n<figure class=\"aligncenter size-large\"><img decoding=\"async\" width=\"1095\" height=\"821\" data-src=\"https:\/\/www.meydan.tv\/wp-content\/uploads\/photo-2022-04-11-16-05-33-1095x821.jpg\" alt=\"\" class=\"wp-image-241418 lazyload\" src=\"data:image\/svg+xml;base64,PHN2ZyB3aWR0aD0iMSIgaGVpZ2h0PSIxIiB4bWxucz0iaHR0cDovL3d3dy53My5vcmcvMjAwMC9zdmciPjwvc3ZnPg==\" style=\"--smush-placeholder-width: 1095px; --smush-placeholder-aspect-ratio: 1095\/821;\" \/><figcaption class=\"wp-element-caption\">N\u0259rmin Quliyevan\u0131n atas\u0131 \u015e\u0259rif Quliyev. (\u00f6n s\u0131rada). Foto: Meydan TV<\/figcaption><\/figure>\n<\/div>\n\n\n<p>\u0130ttihama \u0259sas\u0259n, o, sinif yolda\u015f\u0131 \u015e\u0259rif Quliyevin ail\u0259si, u\u015faqlar\u0131 oldu\u011funa g\u00f6r\u0259 onu q\u0131sqan\u0131b, buna g\u00f6r\u0259 d\u0259 onun q\u0131z\u0131 N\u0259rmini \u00f6vladl\u0131\u011fa g\u00f6t\u00fcrm\u0259k m\u0259qs\u0259dil\u0259 o\u011furlay\u0131b. Daha sonra q\u0259tl\u0259 yetir\u0259r\u0259k meyiti evl\u0259rinin yax\u0131nl\u0131\u011f\u0131nda yand\u0131r\u0131b.<\/p>\n\n\n\n<p>\u0130lkin S\u00fcleymanov is\u0259 azya\u015fl\u0131n\u0131n \u00f6l\u00fcm\u00fcn\u0259 aidiyy\u0259ti olmad\u0131\u011f\u0131n\u0131, i\u015fg\u0259nc\u0259 n\u0259tic\u0259sind\u0259 cinay\u0259ti \u00fcz\u0259rin\u0259 g\u00f6t\u00fcrd\u00fcyun\u00fc deyir. Onun s\u00f6zl\u0259rin\u0259 g\u00f6r\u0259, cinay\u0259t i\u015finin materiallar\u0131nda tutuldu\u011fu g\u00fcn yanvar\u0131n 10-u g\u00f6st\u0259rils\u0259 d\u0259, \u0259slind\u0259 onu yanvar\u0131n 6-da saxlay\u0131blar. 4 g\u00fcn \u0259riznd\u0259 &#8211; yanvar\u0131n 10-na q\u0259d\u0259r i\u015fg\u0259nc\u0259l\u0259r\u0259 m\u0259ruz qal\u0131b. Bu \u00fczd\u0259n d\u00f6z\u0259 bilm\u0259yib v\u0259 d\u00f6rd g\u00fcn sonra cinay\u0259ti \u00fcz\u0259rin\u0259 g\u00f6t\u00fcr\u00fcb.<\/p>\n\n\n\n<p>Ba\u015f Prokurorluq is\u0259 i\u015fg\u0259nc\u0259 iddialar\u0131n\u0131 t\u0259kzib edib.<\/p>\n\n\n\n<p>G\u0259nc\u0259 A\u011f\u0131r Cinay\u0259tl\u0259r M\u0259hk\u0259m\u0259sind\u0259 iki il davam ed\u0259n m\u0259hk\u0259m\u0259 prosesinin n\u0259tic\u0259si olaraq, iyunun 5-d\u0259 \u00e7\u0131xar\u0131lan h\u00f6km\u00fcn n\u0259tic\u0259sind\u0259n t\u0259r\u0259fl\u0259r naraz\u0131 qal\u0131b. \u0130lkin S\u00fcleymanov v\u0259 yax\u0131nlar\u0131n h\u00f6km\u00fcn sifari\u015fli oldu\u011funu hesab edir. Onlar iddia edir ki, azya\u015fl\u0131n\u0131n ba\u015f\u0131na g\u0259l\u0259nl\u0259rin arxas\u0131nda dayanan v\u0259 cinay\u0259tin a\u00e7\u0131lmas\u0131 haqda prezident\u0259 yalan m\u0259lumat ver\u0259n q\u00fcvv\u0259l\u0259r var. Onlar m\u0259hk\u0259m\u0259y\u0259 t\u0259sir g\u00f6st\u0259r\u0259r\u0259k, bu i\u015f \u00fczr\u0259 obyektiv v\u0259 \u0259dal\u0259tli q\u0259rar q\u0259bul olunmas\u0131na imkan verm\u0259dil\u0259r.<\/p>\n","protected":false},"excerpt":{"rendered":"<p>\u201c\u015e\u0259rif Quliyevgil b\u00fct\u00fcn k\u0259ndd\u0259 yay\u0131blar ki, \u0130lkin\u0259 \u00f6m\u00fcrl\u00fck veril\u0259c\u0259k\u201d Tovuz &#8230; <\/p>\n<p class=\"read-more-container\"><a title=\"\u201cN\u0259rmin i\u015fi\u201d birinci instansiya m\u0259hk\u0259m\u0259sin\u0259 qaytar\u0131ld\u0131\" class=\"read-more button\" href=\"https:\/\/www.meydan.tv\/az\/article\/nermin-isi-birinci-instansiya-mehkemesine-qaytarildi\/#more-282963\" aria-label=\"Read more about \u201cN\u0259rmin i\u015fi\u201d birinci instansiya m\u0259hk\u0259m\u0259sin\u0259 qaytar\u0131ld\u0131\">Davam\u0131<\/a><\/p>\n","protected":false},"author":8,"featured_media":273763,"comment_status":"closed","ping_status":"closed","sticky":false,"template":"","format":"standard","meta":{"_acf_changed":false,"_sitemap_exclude":false,"_sitemap_priority":"","_sitemap_frequency":"","footnotes":""},"categories":[60,88,56],"tags":[],"class_list":["post-282963","post","type-post","status-publish","format-standard","has-post-thumbnail","hentry","category-bolge","category-redaktor-secimi","category-xeberler","infinite-scroll-item","generate-columns","tablet-grid-50","mobile-grid-100","grid-parent","grid-33","no-featured-image-padding"],"acf":[],"yoast_head":"<!-- This site is optimized with the Yoast SEO plugin v27.4 - https:\/\/yoast.com\/product\/yoast-seo-wordpress\/ -->\n<title>\u201cN\u0259rmin i\u015fi\u201d birinci instansiya m\u0259hk\u0259m\u0259sin\u0259 qaytar\u0131ld\u0131 - MEYDAN.TV<\/title>\n<meta name=\"robots\" content=\"index, follow, max-snippet:-1, max-image-preview:large, max-video-preview:-1\" \/>\n<link rel=\"canonical\" href=\"https:\/\/www.meydan.tv\/az\/article\/nermin-isi-birinci-instansiya-mehkemesine-qaytarildi\/\" \/>\n<meta property=\"og:locale\" content=\"az_AZ\" \/>\n<meta property=\"og:type\" content=\"article\" \/>\n<meta property=\"og:title\" content=\"\u201cN\u0259rmin i\u015fi\u201d birinci instansiya m\u0259hk\u0259m\u0259sin\u0259 qaytar\u0131ld\u0131 - MEYDAN.TV\" \/>\n<meta property=\"og:description\" content=\"\u201c\u015e\u0259rif Quliyevgil b\u00fct\u00fcn k\u0259ndd\u0259 yay\u0131blar ki, \u0130lkin\u0259 \u00f6m\u00fcrl\u00fck veril\u0259c\u0259k\u201d Tovuz ... Davam\u0131\" \/>\n<meta property=\"og:url\" content=\"https:\/\/www.meydan.tv\/az\/article\/nermin-isi-birinci-instansiya-mehkemesine-qaytarildi\/\" \/>\n<meta property=\"og:site_name\" content=\"MEYDAN.TV\" \/>\n<meta property=\"article:published_time\" content=\"2023-08-22T17:32:18+00:00\" \/>\n<meta property=\"article:modified_time\" content=\"2023-08-23T07:09:58+00:00\" \/>\n<meta property=\"og:image\" content=\"https:\/\/www.meydan.tv\/wp-content\/uploads\/278248893_729482484890211_8506415010268804436_n_720-3.jpg\" \/>\n\t<meta property=\"og:image:width\" content=\"1200\" \/>\n\t<meta property=\"og:image:height\" content=\"901\" \/>\n\t<meta property=\"og:image:type\" content=\"image\/jpeg\" \/>\n<meta name=\"author\" content=\"elli\" \/>\n<meta name=\"twitter:card\" content=\"summary_large_image\" \/>\n<meta name=\"twitter:creator\" content=\"@elli\" \/>\n<script type=\"application\/ld+json\" class=\"yoast-schema-graph\">{\"@context\":\"https:\\\/\\\/schema.org\",\"@graph\":[{\"@type\":\"Article\",\"@id\":\"https:\\\/\\\/www.meydan.tv\\\/az\\\/article\\\/nermin-isi-birinci-instansiya-mehkemesine-qaytarildi\\\/#article\",\"isPartOf\":{\"@id\":\"https:\\\/\\\/www.meydan.tv\\\/az\\\/article\\\/nermin-isi-birinci-instansiya-mehkemesine-qaytarildi\\\/\"},\"author\":{\"name\":\"elli\",\"@id\":\"https:\\\/\\\/www.meydan.tv\\\/az\\\/#\\\/schema\\\/person\\\/9cdbecf90d17180ce1dfbd95b08dcf47\"},\"headline\":\"\u201cN\u0259rmin i\u015fi\u201d birinci instansiya m\u0259hk\u0259m\u0259sin\u0259 qaytar\u0131ld\u0131\",\"datePublished\":\"2023-08-22T17:32:18+00:00\",\"dateModified\":\"2023-08-23T07:09:58+00:00\",\"mainEntityOfPage\":{\"@id\":\"https:\\\/\\\/www.meydan.tv\\\/az\\\/article\\\/nermin-isi-birinci-instansiya-mehkemesine-qaytarildi\\\/\"},\"wordCount\":824,\"publisher\":{\"@id\":\"https:\\\/\\\/www.meydan.tv\\\/az\\\/#organization\"},\"image\":{\"@id\":\"https:\\\/\\\/www.meydan.tv\\\/az\\\/article\\\/nermin-isi-birinci-instansiya-mehkemesine-qaytarildi\\\/#primaryimage\"},\"thumbnailUrl\":\"https:\\\/\\\/www.meydan.tv\\\/wp-content\\\/uploads\\\/278248893_729482484890211_8506415010268804436_n_720-3.jpg\",\"articleSection\":[\"B\u00f6lg\u0259\",\"Redaktor se\u00e7imi\",\"X\u0259b\u0259rl\u0259r\"],\"inLanguage\":\"az\"},{\"@type\":\"WebPage\",\"@id\":\"https:\\\/\\\/www.meydan.tv\\\/az\\\/article\\\/nermin-isi-birinci-instansiya-mehkemesine-qaytarildi\\\/\",\"url\":\"https:\\\/\\\/www.meydan.tv\\\/az\\\/article\\\/nermin-isi-birinci-instansiya-mehkemesine-qaytarildi\\\/\",\"name\":\"\u201cN\u0259rmin i\u015fi\u201d birinci instansiya m\u0259hk\u0259m\u0259sin\u0259 qaytar\u0131ld\u0131 - MEYDAN.TV\",\"isPartOf\":{\"@id\":\"https:\\\/\\\/www.meydan.tv\\\/az\\\/#website\"},\"primaryImageOfPage\":{\"@id\":\"https:\\\/\\\/www.meydan.tv\\\/az\\\/article\\\/nermin-isi-birinci-instansiya-mehkemesine-qaytarildi\\\/#primaryimage\"},\"image\":{\"@id\":\"https:\\\/\\\/www.meydan.tv\\\/az\\\/article\\\/nermin-isi-birinci-instansiya-mehkemesine-qaytarildi\\\/#primaryimage\"},\"thumbnailUrl\":\"https:\\\/\\\/www.meydan.tv\\\/wp-content\\\/uploads\\\/278248893_729482484890211_8506415010268804436_n_720-3.jpg\",\"datePublished\":\"2023-08-22T17:32:18+00:00\",\"dateModified\":\"2023-08-23T07:09:58+00:00\",\"breadcrumb\":{\"@id\":\"https:\\\/\\\/www.meydan.tv\\\/az\\\/article\\\/nermin-isi-birinci-instansiya-mehkemesine-qaytarildi\\\/#breadcrumb\"},\"inLanguage\":\"az\",\"potentialAction\":[{\"@type\":\"ReadAction\",\"target\":[\"https:\\\/\\\/www.meydan.tv\\\/az\\\/article\\\/nermin-isi-birinci-instansiya-mehkemesine-qaytarildi\\\/\"]}]},{\"@type\":\"ImageObject\",\"inLanguage\":\"az\",\"@id\":\"https:\\\/\\\/www.meydan.tv\\\/az\\\/article\\\/nermin-isi-birinci-instansiya-mehkemesine-qaytarildi\\\/#primaryimage\",\"url\":\"https:\\\/\\\/www.meydan.tv\\\/wp-content\\\/uploads\\\/278248893_729482484890211_8506415010268804436_n_720-3.jpg\",\"contentUrl\":\"https:\\\/\\\/www.meydan.tv\\\/wp-content\\\/uploads\\\/278248893_729482484890211_8506415010268804436_n_720-3.jpg\",\"width\":1200,\"height\":901,\"caption\":\"\u0130lkin S\u00fcleymanov v\u0259 v\u0259kill\u0259ri. Foto: Meydan TV\"},{\"@type\":\"BreadcrumbList\",\"@id\":\"https:\\\/\\\/www.meydan.tv\\\/az\\\/article\\\/nermin-isi-birinci-instansiya-mehkemesine-qaytarildi\\\/#breadcrumb\",\"itemListElement\":[{\"@type\":\"ListItem\",\"position\":1,\"name\":\"Ana s\u0259hif\u0259\",\"item\":\"https:\\\/\\\/www.meydan.tv\\\/az\\\/\"},{\"@type\":\"ListItem\",\"position\":2,\"name\":\"B\u00f6lg\u0259\",\"item\":\"https:\\\/\\\/www.meydan.tv\\\/az\\\/section\\\/bolge\\\/\"},{\"@type\":\"ListItem\",\"position\":3,\"name\":\"\u201cN\u0259rmin i\u015fi\u201d birinci instansiya m\u0259hk\u0259m\u0259sin\u0259 qaytar\u0131ld\u0131\"}]},{\"@type\":\"WebSite\",\"@id\":\"https:\\\/\\\/www.meydan.tv\\\/az\\\/#website\",\"url\":\"https:\\\/\\\/www.meydan.tv\\\/az\\\/\",\"name\":\"MEYDAN.TV\",\"description\":\"Meydan TV Az\u0259rbaycan\u0131n media m\u0259kan\u0131ndak\u0131 alternativ s\u0259sidir\",\"publisher\":{\"@id\":\"https:\\\/\\\/www.meydan.tv\\\/az\\\/#organization\"},\"potentialAction\":[{\"@type\":\"SearchAction\",\"target\":{\"@type\":\"EntryPoint\",\"urlTemplate\":\"https:\\\/\\\/www.meydan.tv\\\/az\\\/?s={search_term_string}\"},\"query-input\":{\"@type\":\"PropertyValueSpecification\",\"valueRequired\":true,\"valueName\":\"search_term_string\"}}],\"inLanguage\":\"az\"},{\"@type\":\"Organization\",\"@id\":\"https:\\\/\\\/www.meydan.tv\\\/az\\\/#organization\",\"name\":\"Meydan TV\",\"url\":\"https:\\\/\\\/www.meydan.tv\\\/az\\\/\",\"logo\":{\"@type\":\"ImageObject\",\"inLanguage\":\"az\",\"@id\":\"https:\\\/\\\/www.meydan.tv\\\/az\\\/#\\\/schema\\\/logo\\\/image\\\/\",\"url\":\"https:\\\/\\\/www.meydan.tv\\\/wp-content\\\/uploads\\\/2021\\\/07\\\/meydan-logo.svg\",\"contentUrl\":\"https:\\\/\\\/www.meydan.tv\\\/wp-content\\\/uploads\\\/2021\\\/07\\\/meydan-logo.svg\",\"width\":195,\"height\":46,\"caption\":\"Meydan TV\"},\"image\":{\"@id\":\"https:\\\/\\\/www.meydan.tv\\\/az\\\/#\\\/schema\\\/logo\\\/image\\\/\"}},{\"@type\":\"Person\",\"@id\":\"https:\\\/\\\/www.meydan.tv\\\/az\\\/#\\\/schema\\\/person\\\/9cdbecf90d17180ce1dfbd95b08dcf47\",\"name\":\"elli\",\"sameAs\":[\"https:\\\/\\\/x.com\\\/elli\"]}]}<\/script>\n<!-- \/ Yoast SEO plugin. -->","yoast_head_json":{"title":"\u201cN\u0259rmin i\u015fi\u201d birinci instansiya m\u0259hk\u0259m\u0259sin\u0259 qaytar\u0131ld\u0131 - MEYDAN.TV","robots":{"index":"index","follow":"follow","max-snippet":"max-snippet:-1","max-image-preview":"max-image-preview:large","max-video-preview":"max-video-preview:-1"},"canonical":"https:\/\/www.meydan.tv\/az\/article\/nermin-isi-birinci-instansiya-mehkemesine-qaytarildi\/","og_locale":"az_AZ","og_type":"article","og_title":"\u201cN\u0259rmin i\u015fi\u201d birinci instansiya m\u0259hk\u0259m\u0259sin\u0259 qaytar\u0131ld\u0131 - MEYDAN.TV","og_description":"\u201c\u015e\u0259rif Quliyevgil b\u00fct\u00fcn k\u0259ndd\u0259 yay\u0131blar ki, \u0130lkin\u0259 \u00f6m\u00fcrl\u00fck veril\u0259c\u0259k\u201d Tovuz ... Davam\u0131","og_url":"https:\/\/www.meydan.tv\/az\/article\/nermin-isi-birinci-instansiya-mehkemesine-qaytarildi\/","og_site_name":"MEYDAN.TV","article_published_time":"2023-08-22T17:32:18+00:00","article_modified_time":"2023-08-23T07:09:58+00:00","og_image":[{"width":1200,"height":901,"url":"https:\/\/www.meydan.tv\/wp-content\/uploads\/278248893_729482484890211_8506415010268804436_n_720-3.jpg","type":"image\/jpeg"}],"author":"elli","twitter_card":"summary_large_image","twitter_creator":"@elli","schema":{"@context":"https:\/\/schema.org","@graph":[{"@type":"Article","@id":"https:\/\/www.meydan.tv\/az\/article\/nermin-isi-birinci-instansiya-mehkemesine-qaytarildi\/#article","isPartOf":{"@id":"https:\/\/www.meydan.tv\/az\/article\/nermin-isi-birinci-instansiya-mehkemesine-qaytarildi\/"},"author":{"name":"elli","@id":"https:\/\/www.meydan.tv\/az\/#\/schema\/person\/9cdbecf90d17180ce1dfbd95b08dcf47"},"headline":"\u201cN\u0259rmin i\u015fi\u201d birinci instansiya m\u0259hk\u0259m\u0259sin\u0259 qaytar\u0131ld\u0131","datePublished":"2023-08-22T17:32:18+00:00","dateModified":"2023-08-23T07:09:58+00:00","mainEntityOfPage":{"@id":"https:\/\/www.meydan.tv\/az\/article\/nermin-isi-birinci-instansiya-mehkemesine-qaytarildi\/"},"wordCount":824,"publisher":{"@id":"https:\/\/www.meydan.tv\/az\/#organization"},"image":{"@id":"https:\/\/www.meydan.tv\/az\/article\/nermin-isi-birinci-instansiya-mehkemesine-qaytarildi\/#primaryimage"},"thumbnailUrl":"https:\/\/www.meydan.tv\/wp-content\/uploads\/278248893_729482484890211_8506415010268804436_n_720-3.jpg","articleSection":["B\u00f6lg\u0259","Redaktor se\u00e7imi","X\u0259b\u0259rl\u0259r"],"inLanguage":"az"},{"@type":"WebPage","@id":"https:\/\/www.meydan.tv\/az\/article\/nermin-isi-birinci-instansiya-mehkemesine-qaytarildi\/","url":"https:\/\/www.meydan.tv\/az\/article\/nermin-isi-birinci-instansiya-mehkemesine-qaytarildi\/","name":"\u201cN\u0259rmin i\u015fi\u201d birinci instansiya m\u0259hk\u0259m\u0259sin\u0259 qaytar\u0131ld\u0131 - MEYDAN.TV","isPartOf":{"@id":"https:\/\/www.meydan.tv\/az\/#website"},"primaryImageOfPage":{"@id":"https:\/\/www.meydan.tv\/az\/article\/nermin-isi-birinci-instansiya-mehkemesine-qaytarildi\/#primaryimage"},"image":{"@id":"https:\/\/www.meydan.tv\/az\/article\/nermin-isi-birinci-instansiya-mehkemesine-qaytarildi\/#primaryimage"},"thumbnailUrl":"https:\/\/www.meydan.tv\/wp-content\/uploads\/278248893_729482484890211_8506415010268804436_n_720-3.jpg","datePublished":"2023-08-22T17:32:18+00:00","dateModified":"2023-08-23T07:09:58+00:00","breadcrumb":{"@id":"https:\/\/www.meydan.tv\/az\/article\/nermin-isi-birinci-instansiya-mehkemesine-qaytarildi\/#breadcrumb"},"inLanguage":"az","potentialAction":[{"@type":"ReadAction","target":["https:\/\/www.meydan.tv\/az\/article\/nermin-isi-birinci-instansiya-mehkemesine-qaytarildi\/"]}]},{"@type":"ImageObject","inLanguage":"az","@id":"https:\/\/www.meydan.tv\/az\/article\/nermin-isi-birinci-instansiya-mehkemesine-qaytarildi\/#primaryimage","url":"https:\/\/www.meydan.tv\/wp-content\/uploads\/278248893_729482484890211_8506415010268804436_n_720-3.jpg","contentUrl":"https:\/\/www.meydan.tv\/wp-content\/uploads\/278248893_729482484890211_8506415010268804436_n_720-3.jpg","width":1200,"height":901,"caption":"\u0130lkin S\u00fcleymanov v\u0259 v\u0259kill\u0259ri. Foto: Meydan TV"},{"@type":"BreadcrumbList","@id":"https:\/\/www.meydan.tv\/az\/article\/nermin-isi-birinci-instansiya-mehkemesine-qaytarildi\/#breadcrumb","itemListElement":[{"@type":"ListItem","position":1,"name":"Ana s\u0259hif\u0259","item":"https:\/\/www.meydan.tv\/az\/"},{"@type":"ListItem","position":2,"name":"B\u00f6lg\u0259","item":"https:\/\/www.meydan.tv\/az\/section\/bolge\/"},{"@type":"ListItem","position":3,"name":"\u201cN\u0259rmin i\u015fi\u201d birinci instansiya m\u0259hk\u0259m\u0259sin\u0259 qaytar\u0131ld\u0131"}]},{"@type":"WebSite","@id":"https:\/\/www.meydan.tv\/az\/#website","url":"https:\/\/www.meydan.tv\/az\/","name":"MEYDAN.TV","description":"Meydan TV Az\u0259rbaycan\u0131n media m\u0259kan\u0131ndak\u0131 alternativ s\u0259sidir","publisher":{"@id":"https:\/\/www.meydan.tv\/az\/#organization"},"potentialAction":[{"@type":"SearchAction","target":{"@type":"EntryPoint","urlTemplate":"https:\/\/www.meydan.tv\/az\/?s={search_term_string}"},"query-input":{"@type":"PropertyValueSpecification","valueRequired":true,"valueName":"search_term_string"}}],"inLanguage":"az"},{"@type":"Organization","@id":"https:\/\/www.meydan.tv\/az\/#organization","name":"Meydan TV","url":"https:\/\/www.meydan.tv\/az\/","logo":{"@type":"ImageObject","inLanguage":"az","@id":"https:\/\/www.meydan.tv\/az\/#\/schema\/logo\/image\/","url":"https:\/\/www.meydan.tv\/wp-content\/uploads\/2021\/07\/meydan-logo.svg","contentUrl":"https:\/\/www.meydan.tv\/wp-content\/uploads\/2021\/07\/meydan-logo.svg","width":195,"height":46,"caption":"Meydan TV"},"image":{"@id":"https:\/\/www.meydan.tv\/az\/#\/schema\/logo\/image\/"}},{"@type":"Person","@id":"https:\/\/www.meydan.tv\/az\/#\/schema\/person\/9cdbecf90d17180ce1dfbd95b08dcf47","name":"elli","sameAs":["https:\/\/x.com\/elli"]}]}},"_links":{"self":[{"href":"https:\/\/www.meydan.tv\/az\/wp-json\/wp\/v2\/posts\/282963","targetHints":{"allow":["GET"]}}],"collection":[{"href":"https:\/\/www.meydan.tv\/az\/wp-json\/wp\/v2\/posts"}],"about":[{"href":"https:\/\/www.meydan.tv\/az\/wp-json\/wp\/v2\/types\/post"}],"author":[{"embeddable":true,"href":"https:\/\/www.meydan.tv\/az\/wp-json\/wp\/v2\/users\/8"}],"replies":[{"embeddable":true,"href":"https:\/\/www.meydan.tv\/az\/wp-json\/wp\/v2\/comments?post=282963"}],"version-history":[{"count":3,"href":"https:\/\/www.meydan.tv\/az\/wp-json\/wp\/v2\/posts\/282963\/revisions"}],"predecessor-version":[{"id":282968,"href":"https:\/\/www.meydan.tv\/az\/wp-json\/wp\/v2\/posts\/282963\/revisions\/282968"}],"wp:featuredmedia":[{"embeddable":true,"href":"https:\/\/www.meydan.tv\/az\/wp-json\/wp\/v2\/media\/273763"}],"wp:attachment":[{"href":"https:\/\/www.meydan.tv\/az\/wp-json\/wp\/v2\/media?parent=282963"}],"wp:term":[{"taxonomy":"category","embeddable":true,"href":"https:\/\/www.meydan.tv\/az\/wp-json\/wp\/v2\/categories?post=282963"},{"taxonomy":"post_tag","embeddable":true,"href":"https:\/\/www.meydan.tv\/az\/wp-json\/wp\/v2\/tags?post=282963"}],"curies":[{"name":"wp","href":"https:\/\/api.w.org\/{rel}","templated":true}]}}