{"id":282869,"date":"2023-08-22T13:52:41","date_gmt":"2023-08-22T09:52:41","guid":{"rendered":"https:\/\/www.meydan.tv\/?p=282869"},"modified":"2023-08-22T13:52:49","modified_gmt":"2023-08-22T09:52:49","slug":"astarada-belediyyeler-azerpoctdan-narazidir","status":"publish","type":"post","link":"https:\/\/www.meydan.tv\/az\/article\/astarada-belediyyeler-azerpoctdan-narazidir\/","title":{"rendered":"Astarada b\u0259l\u0259diyy\u0259l\u0259r \u201cAz\u0259rpo\u00e7t\u201ddan naraz\u0131d\u0131r"},"content":{"rendered":"\n<p><\/p>\n\n\n\n<p><strong><em>\u201cD\u00f6rd aydan art\u0131qd\u0131r ki, biz b\u0259l\u0259diyy\u0259l\u0259r hesablar\u0131m\u0131zdan he\u00e7 bir \u0259m\u0259liyyat apara bilmirik\u201d<\/em><\/strong><\/p>\n\n\n\n<p>Astara rayon b\u0259l\u0259diyy\u0259l\u0259ri \u201cAz\u0259rpo\u00e7t\u201dun L\u0259nk\u0259ran filial\u0131ndan naraz\u0131d\u0131rlar. Astara rayonunun Hamo\u015fam k\u0259nd b\u0259l\u0259diyy\u0259sinin s\u0259dri R\u00fcf\u0259t \u018fliyev Meydan TV-y\u0259 deyir ki, \u201cAz\u0259rpo\u00e7t\u201d regionalla\u015fandan sonra qurumun Astaradak\u0131 filial\u0131 ba\u011flan\u0131b. B\u0259l\u0259diyy\u0259l\u0259rin yeni hesab\u0131n\u0131n a\u00e7\u0131lmas\u0131 \u00fc\u00e7\u00fcn is\u0259 L\u0259nk\u0259ran filial\u0131na m\u00fcraci\u0259t edilm\u0259lidir:<\/p>\n\n\n\n<p>\u201c<em>Biz\u0259 bildirdil\u0259r ki, L\u0259nk\u0259ran filial\u0131nda b\u0259l\u0259diyy\u0259l\u0259rin yeni hesab\u0131 a\u00e7\u0131lmal\u0131d\u0131r. B\u0259l\u0259diyy\u0259l\u0259rin b\u00fct\u00fcn m\u0259lumatlar\u0131 Astara filial\u0131nda vard\u0131. Bu hesablar\u0131 L\u0259nk\u0259ran filial\u0131na d\u00f6vr etm\u0259k \u00fc\u00e7\u00fcn bir ne\u00e7\u0259 d\u0259qiq\u0259 kifay\u0259t idi. Amma \u201cAz\u0259rpo\u00e7t\u201d bunu etm\u0259di\u201d.<\/em><\/p>\n\n\n\n<p>B\u0259l\u0259diyy\u0259 s\u0259dri deyir ki, aylard\u0131r yeni hesab aktivl\u0259\u015fdirilm\u0259yib:<\/p>\n\n\n\n<p>&nbsp;\u201c<em>D\u00f6vl\u0259t Vergi Xidm\u0259tin\u0259 \u015f\u0259had\u0259tnam\u0259-dublikat\u0131n al\u0131nmas\u0131 \u00fc\u00e7\u00fcn \u0259riz\u0259 il\u0259 m\u00fcraci\u0259t etdik. Yeni hesablar a\u00e7d\u0131q. D\u00f6rd aydan art\u0131qd\u0131r ki, biz b\u0259l\u0259diyy\u0259l\u0259r \u201cAz\u0259rpo\u00e7t\u201dun yar\u0131tmazl\u0131\u011f\u0131 ucbat\u0131ndan hesablar\u0131m\u0131zdan he\u00e7 bir \u0259m\u0259liyyat apara bilmirik. H\u0259m d\u0259 hesabdan \u0259lav\u0259, ke\u00e7mi\u015f \u0259m\u0259khaqq\u0131 kartlar\u0131 da l\u0259\u011fv olunur. Yeni \u0259m\u0259k haqq\u0131 kart\u0131 da \u0259lav\u0259 \u00f6d\u0259ni\u015f t\u0259l\u0259b edir. \u201cAz\u0259rpo\u00e7t\u201d qazan\u0131r dey\u0259 t\u0259kc\u0259 Astarada 15 b\u0259l\u0259diyy\u0259ni iflic edib. Bunun Lerik, Yard\u0131ml\u0131, C\u0259lilabad v\u0259 dig\u0259r rayonlar\u0131 da var\u201d.<\/em><\/p>\n\n\n<div class=\"wp-block-image\">\n<figure class=\"aligncenter size-full\"><img decoding=\"async\" width=\"1200\" height=\"800\" data-src=\"https:\/\/www.meydan.tv\/wp-content\/uploads\/untitled-design-3-115.jpg\" alt=\"\" class=\"wp-image-282871 lazyload\" src=\"data:image\/svg+xml;base64,PHN2ZyB3aWR0aD0iMSIgaGVpZ2h0PSIxIiB4bWxucz0iaHR0cDovL3d3dy53My5vcmcvMjAwMC9zdmciPjwvc3ZnPg==\" style=\"--smush-placeholder-width: 1200px; --smush-placeholder-aspect-ratio: 1200\/800;\" \/><figcaption class=\"wp-element-caption\">Foto: R\u00fcf\u0259t \u018fliyevin \u015f\u0259xsi arxivind\u0259n <\/figcaption><\/figure>\n<\/div>\n\n\n<p>\u018fr\u00e7ivan k\u0259ndinin b\u0259l\u0259diyy\u0259 s\u0259dri Mehman Quliyev d\u0259 Meydan TV-y\u0259 eyni probleml\u0259rl\u0259 \u00fczl\u0259\u015fdikl\u0259rini deyib:<\/p>\n\n\n\n<p>\u201c<em>Aylard\u0131r ki, sistemi aktivl\u0259\u015fdirmirl\u0259r. Sistem ba\u011fl\u0131 oldu\u011fu \u00fc\u00e7\u00fcn d\u00f6vl\u0259t t\u0259r\u0259find\u0259n veril\u0259n dotasiyan\u0131 g\u00f6t\u00fcr\u0259 bilmirik. Bel\u0259 olan halda da d\u00f6vl\u0259t qurumlar\u0131na olan ayl\u0131q \u00f6d\u0259ni\u015f v\u0259 borclar\u0131m\u0131z\u0131 icra ed\u0259 bilmirik\u201d.<\/em><\/p>\n\n\n\n<p>\u201cAz\u0259rpo\u00e7t\u201dun L\u0259nk\u0259ran filial\u0131ndan Meydan TV-nin z\u0259ngl\u0259rin\u0259 cavab verilm\u0259yib. \u201cAz\u0259rpo\u00e7t\u201dun m\u0259tbuat xidm\u0259tind\u0259n Meydan TV-y\u0259 m\u0259s\u0259l\u0259nin ara\u015fd\u0131r\u0131laca\u011f\u0131 bildirilib.<\/p>\n","protected":false},"excerpt":{"rendered":"<p>\u201cD\u00f6rd aydan art\u0131qd\u0131r ki, biz b\u0259l\u0259diyy\u0259l\u0259r hesablar\u0131m\u0131zdan he\u00e7 bir \u0259m\u0259liyyat &#8230; <\/p>\n<p class=\"read-more-container\"><a title=\"Astarada b\u0259l\u0259diyy\u0259l\u0259r \u201cAz\u0259rpo\u00e7t\u201ddan naraz\u0131d\u0131r\" class=\"read-more button\" href=\"https:\/\/www.meydan.tv\/az\/article\/astarada-belediyyeler-azerpoctdan-narazidir\/#more-282869\" aria-label=\"Read more about Astarada b\u0259l\u0259diyy\u0259l\u0259r \u201cAz\u0259rpo\u00e7t\u201ddan naraz\u0131d\u0131r\">Davam\u0131<\/a><\/p>\n","protected":false},"author":8,"featured_media":282877,"comment_status":"closed","ping_status":"closed","sticky":false,"template":"","format":"standard","meta":{"_acf_changed":false,"_sitemap_exclude":false,"_sitemap_priority":"","_sitemap_frequency":"","footnotes":""},"categories":[60,56],"tags":[],"class_list":["post-282869","post","type-post","status-publish","format-standard","has-post-thumbnail","hentry","category-bolge","category-xeberler","infinite-scroll-item","generate-columns","tablet-grid-50","mobile-grid-100","grid-parent","grid-33","no-featured-image-padding"],"acf":[],"yoast_head":"<!-- This site is optimized with the Yoast SEO plugin v27.4 - https:\/\/yoast.com\/product\/yoast-seo-wordpress\/ -->\n<title>Astarada b\u0259l\u0259diyy\u0259l\u0259r \u201cAz\u0259rpo\u00e7t\u201ddan naraz\u0131d\u0131r - MEYDAN.TV<\/title>\n<meta name=\"robots\" content=\"index, follow, max-snippet:-1, max-image-preview:large, max-video-preview:-1\" \/>\n<link rel=\"canonical\" href=\"https:\/\/www.meydan.tv\/az\/article\/astarada-belediyyeler-azerpoctdan-narazidir\/\" \/>\n<meta property=\"og:locale\" content=\"az_AZ\" \/>\n<meta property=\"og:type\" content=\"article\" \/>\n<meta property=\"og:title\" content=\"Astarada b\u0259l\u0259diyy\u0259l\u0259r \u201cAz\u0259rpo\u00e7t\u201ddan naraz\u0131d\u0131r - MEYDAN.TV\" \/>\n<meta property=\"og:description\" content=\"\u201cD\u00f6rd aydan art\u0131qd\u0131r ki, biz b\u0259l\u0259diyy\u0259l\u0259r hesablar\u0131m\u0131zdan he\u00e7 bir \u0259m\u0259liyyat ... Davam\u0131\" \/>\n<meta property=\"og:url\" content=\"https:\/\/www.meydan.tv\/az\/article\/astarada-belediyyeler-azerpoctdan-narazidir\/\" \/>\n<meta property=\"og:site_name\" content=\"MEYDAN.TV\" \/>\n<meta property=\"article:published_time\" content=\"2023-08-22T09:52:41+00:00\" \/>\n<meta property=\"article:modified_time\" content=\"2023-08-22T09:52:49+00:00\" \/>\n<meta property=\"og:image\" content=\"https:\/\/www.meydan.tv\/wp-content\/uploads\/19102018123232335_0.jpg\" \/>\n\t<meta property=\"og:image:width\" content=\"1200\" \/>\n\t<meta property=\"og:image:height\" content=\"798\" \/>\n\t<meta property=\"og:image:type\" content=\"image\/jpeg\" \/>\n<meta name=\"author\" content=\"elli\" \/>\n<meta name=\"twitter:card\" content=\"summary_large_image\" \/>\n<meta name=\"twitter:creator\" content=\"@elli\" \/>\n<script type=\"application\/ld+json\" class=\"yoast-schema-graph\">{\"@context\":\"https:\\\/\\\/schema.org\",\"@graph\":[{\"@type\":\"Article\",\"@id\":\"https:\\\/\\\/www.meydan.tv\\\/az\\\/article\\\/astarada-belediyyeler-azerpoctdan-narazidir\\\/#article\",\"isPartOf\":{\"@id\":\"https:\\\/\\\/www.meydan.tv\\\/az\\\/article\\\/astarada-belediyyeler-azerpoctdan-narazidir\\\/\"},\"author\":{\"name\":\"elli\",\"@id\":\"https:\\\/\\\/www.meydan.tv\\\/az\\\/#\\\/schema\\\/person\\\/9cdbecf90d17180ce1dfbd95b08dcf47\"},\"headline\":\"Astarada b\u0259l\u0259diyy\u0259l\u0259r \u201cAz\u0259rpo\u00e7t\u201ddan naraz\u0131d\u0131r\",\"datePublished\":\"2023-08-22T09:52:41+00:00\",\"dateModified\":\"2023-08-22T09:52:49+00:00\",\"mainEntityOfPage\":{\"@id\":\"https:\\\/\\\/www.meydan.tv\\\/az\\\/article\\\/astarada-belediyyeler-azerpoctdan-narazidir\\\/\"},\"wordCount\":406,\"publisher\":{\"@id\":\"https:\\\/\\\/www.meydan.tv\\\/az\\\/#organization\"},\"image\":{\"@id\":\"https:\\\/\\\/www.meydan.tv\\\/az\\\/article\\\/astarada-belediyyeler-azerpoctdan-narazidir\\\/#primaryimage\"},\"thumbnailUrl\":\"https:\\\/\\\/www.meydan.tv\\\/wp-content\\\/uploads\\\/19102018123232335_0.jpg\",\"articleSection\":[\"B\u00f6lg\u0259\",\"X\u0259b\u0259rl\u0259r\"],\"inLanguage\":\"az\"},{\"@type\":\"WebPage\",\"@id\":\"https:\\\/\\\/www.meydan.tv\\\/az\\\/article\\\/astarada-belediyyeler-azerpoctdan-narazidir\\\/\",\"url\":\"https:\\\/\\\/www.meydan.tv\\\/az\\\/article\\\/astarada-belediyyeler-azerpoctdan-narazidir\\\/\",\"name\":\"Astarada b\u0259l\u0259diyy\u0259l\u0259r \u201cAz\u0259rpo\u00e7t\u201ddan naraz\u0131d\u0131r - MEYDAN.TV\",\"isPartOf\":{\"@id\":\"https:\\\/\\\/www.meydan.tv\\\/az\\\/#website\"},\"primaryImageOfPage\":{\"@id\":\"https:\\\/\\\/www.meydan.tv\\\/az\\\/article\\\/astarada-belediyyeler-azerpoctdan-narazidir\\\/#primaryimage\"},\"image\":{\"@id\":\"https:\\\/\\\/www.meydan.tv\\\/az\\\/article\\\/astarada-belediyyeler-azerpoctdan-narazidir\\\/#primaryimage\"},\"thumbnailUrl\":\"https:\\\/\\\/www.meydan.tv\\\/wp-content\\\/uploads\\\/19102018123232335_0.jpg\",\"datePublished\":\"2023-08-22T09:52:41+00:00\",\"dateModified\":\"2023-08-22T09:52:49+00:00\",\"breadcrumb\":{\"@id\":\"https:\\\/\\\/www.meydan.tv\\\/az\\\/article\\\/astarada-belediyyeler-azerpoctdan-narazidir\\\/#breadcrumb\"},\"inLanguage\":\"az\",\"potentialAction\":[{\"@type\":\"ReadAction\",\"target\":[\"https:\\\/\\\/www.meydan.tv\\\/az\\\/article\\\/astarada-belediyyeler-azerpoctdan-narazidir\\\/\"]}]},{\"@type\":\"ImageObject\",\"inLanguage\":\"az\",\"@id\":\"https:\\\/\\\/www.meydan.tv\\\/az\\\/article\\\/astarada-belediyyeler-azerpoctdan-narazidir\\\/#primaryimage\",\"url\":\"https:\\\/\\\/www.meydan.tv\\\/wp-content\\\/uploads\\\/19102018123232335_0.jpg\",\"contentUrl\":\"https:\\\/\\\/www.meydan.tv\\\/wp-content\\\/uploads\\\/19102018123232335_0.jpg\",\"width\":1200,\"height\":798,\"caption\":\"\\\"Az\u0259rpo\u00e7t\\\"\"},{\"@type\":\"BreadcrumbList\",\"@id\":\"https:\\\/\\\/www.meydan.tv\\\/az\\\/article\\\/astarada-belediyyeler-azerpoctdan-narazidir\\\/#breadcrumb\",\"itemListElement\":[{\"@type\":\"ListItem\",\"position\":1,\"name\":\"Ana s\u0259hif\u0259\",\"item\":\"https:\\\/\\\/www.meydan.tv\\\/az\\\/\"},{\"@type\":\"ListItem\",\"position\":2,\"name\":\"B\u00f6lg\u0259\",\"item\":\"https:\\\/\\\/www.meydan.tv\\\/az\\\/section\\\/bolge\\\/\"},{\"@type\":\"ListItem\",\"position\":3,\"name\":\"Astarada b\u0259l\u0259diyy\u0259l\u0259r \u201cAz\u0259rpo\u00e7t\u201ddan naraz\u0131d\u0131r\"}]},{\"@type\":\"WebSite\",\"@id\":\"https:\\\/\\\/www.meydan.tv\\\/az\\\/#website\",\"url\":\"https:\\\/\\\/www.meydan.tv\\\/az\\\/\",\"name\":\"MEYDAN.TV\",\"description\":\"Meydan TV Az\u0259rbaycan\u0131n media m\u0259kan\u0131ndak\u0131 alternativ s\u0259sidir\",\"publisher\":{\"@id\":\"https:\\\/\\\/www.meydan.tv\\\/az\\\/#organization\"},\"potentialAction\":[{\"@type\":\"SearchAction\",\"target\":{\"@type\":\"EntryPoint\",\"urlTemplate\":\"https:\\\/\\\/www.meydan.tv\\\/az\\\/?s={search_term_string}\"},\"query-input\":{\"@type\":\"PropertyValueSpecification\",\"valueRequired\":true,\"valueName\":\"search_term_string\"}}],\"inLanguage\":\"az\"},{\"@type\":\"Organization\",\"@id\":\"https:\\\/\\\/www.meydan.tv\\\/az\\\/#organization\",\"name\":\"Meydan TV\",\"url\":\"https:\\\/\\\/www.meydan.tv\\\/az\\\/\",\"logo\":{\"@type\":\"ImageObject\",\"inLanguage\":\"az\",\"@id\":\"https:\\\/\\\/www.meydan.tv\\\/az\\\/#\\\/schema\\\/logo\\\/image\\\/\",\"url\":\"https:\\\/\\\/www.meydan.tv\\\/wp-content\\\/uploads\\\/2021\\\/07\\\/meydan-logo.svg\",\"contentUrl\":\"https:\\\/\\\/www.meydan.tv\\\/wp-content\\\/uploads\\\/2021\\\/07\\\/meydan-logo.svg\",\"width\":195,\"height\":46,\"caption\":\"Meydan TV\"},\"image\":{\"@id\":\"https:\\\/\\\/www.meydan.tv\\\/az\\\/#\\\/schema\\\/logo\\\/image\\\/\"}},{\"@type\":\"Person\",\"@id\":\"https:\\\/\\\/www.meydan.tv\\\/az\\\/#\\\/schema\\\/person\\\/9cdbecf90d17180ce1dfbd95b08dcf47\",\"name\":\"elli\",\"sameAs\":[\"https:\\\/\\\/x.com\\\/elli\"]}]}<\/script>\n<!-- \/ Yoast SEO plugin. -->","yoast_head_json":{"title":"Astarada b\u0259l\u0259diyy\u0259l\u0259r \u201cAz\u0259rpo\u00e7t\u201ddan naraz\u0131d\u0131r - MEYDAN.TV","robots":{"index":"index","follow":"follow","max-snippet":"max-snippet:-1","max-image-preview":"max-image-preview:large","max-video-preview":"max-video-preview:-1"},"canonical":"https:\/\/www.meydan.tv\/az\/article\/astarada-belediyyeler-azerpoctdan-narazidir\/","og_locale":"az_AZ","og_type":"article","og_title":"Astarada b\u0259l\u0259diyy\u0259l\u0259r \u201cAz\u0259rpo\u00e7t\u201ddan naraz\u0131d\u0131r - MEYDAN.TV","og_description":"\u201cD\u00f6rd aydan art\u0131qd\u0131r ki, biz b\u0259l\u0259diyy\u0259l\u0259r hesablar\u0131m\u0131zdan he\u00e7 bir \u0259m\u0259liyyat ... Davam\u0131","og_url":"https:\/\/www.meydan.tv\/az\/article\/astarada-belediyyeler-azerpoctdan-narazidir\/","og_site_name":"MEYDAN.TV","article_published_time":"2023-08-22T09:52:41+00:00","article_modified_time":"2023-08-22T09:52:49+00:00","og_image":[{"width":1200,"height":798,"url":"https:\/\/www.meydan.tv\/wp-content\/uploads\/19102018123232335_0.jpg","type":"image\/jpeg"}],"author":"elli","twitter_card":"summary_large_image","twitter_creator":"@elli","schema":{"@context":"https:\/\/schema.org","@graph":[{"@type":"Article","@id":"https:\/\/www.meydan.tv\/az\/article\/astarada-belediyyeler-azerpoctdan-narazidir\/#article","isPartOf":{"@id":"https:\/\/www.meydan.tv\/az\/article\/astarada-belediyyeler-azerpoctdan-narazidir\/"},"author":{"name":"elli","@id":"https:\/\/www.meydan.tv\/az\/#\/schema\/person\/9cdbecf90d17180ce1dfbd95b08dcf47"},"headline":"Astarada b\u0259l\u0259diyy\u0259l\u0259r \u201cAz\u0259rpo\u00e7t\u201ddan naraz\u0131d\u0131r","datePublished":"2023-08-22T09:52:41+00:00","dateModified":"2023-08-22T09:52:49+00:00","mainEntityOfPage":{"@id":"https:\/\/www.meydan.tv\/az\/article\/astarada-belediyyeler-azerpoctdan-narazidir\/"},"wordCount":406,"publisher":{"@id":"https:\/\/www.meydan.tv\/az\/#organization"},"image":{"@id":"https:\/\/www.meydan.tv\/az\/article\/astarada-belediyyeler-azerpoctdan-narazidir\/#primaryimage"},"thumbnailUrl":"https:\/\/www.meydan.tv\/wp-content\/uploads\/19102018123232335_0.jpg","articleSection":["B\u00f6lg\u0259","X\u0259b\u0259rl\u0259r"],"inLanguage":"az"},{"@type":"WebPage","@id":"https:\/\/www.meydan.tv\/az\/article\/astarada-belediyyeler-azerpoctdan-narazidir\/","url":"https:\/\/www.meydan.tv\/az\/article\/astarada-belediyyeler-azerpoctdan-narazidir\/","name":"Astarada b\u0259l\u0259diyy\u0259l\u0259r \u201cAz\u0259rpo\u00e7t\u201ddan naraz\u0131d\u0131r - MEYDAN.TV","isPartOf":{"@id":"https:\/\/www.meydan.tv\/az\/#website"},"primaryImageOfPage":{"@id":"https:\/\/www.meydan.tv\/az\/article\/astarada-belediyyeler-azerpoctdan-narazidir\/#primaryimage"},"image":{"@id":"https:\/\/www.meydan.tv\/az\/article\/astarada-belediyyeler-azerpoctdan-narazidir\/#primaryimage"},"thumbnailUrl":"https:\/\/www.meydan.tv\/wp-content\/uploads\/19102018123232335_0.jpg","datePublished":"2023-08-22T09:52:41+00:00","dateModified":"2023-08-22T09:52:49+00:00","breadcrumb":{"@id":"https:\/\/www.meydan.tv\/az\/article\/astarada-belediyyeler-azerpoctdan-narazidir\/#breadcrumb"},"inLanguage":"az","potentialAction":[{"@type":"ReadAction","target":["https:\/\/www.meydan.tv\/az\/article\/astarada-belediyyeler-azerpoctdan-narazidir\/"]}]},{"@type":"ImageObject","inLanguage":"az","@id":"https:\/\/www.meydan.tv\/az\/article\/astarada-belediyyeler-azerpoctdan-narazidir\/#primaryimage","url":"https:\/\/www.meydan.tv\/wp-content\/uploads\/19102018123232335_0.jpg","contentUrl":"https:\/\/www.meydan.tv\/wp-content\/uploads\/19102018123232335_0.jpg","width":1200,"height":798,"caption":"\"Az\u0259rpo\u00e7t\""},{"@type":"BreadcrumbList","@id":"https:\/\/www.meydan.tv\/az\/article\/astarada-belediyyeler-azerpoctdan-narazidir\/#breadcrumb","itemListElement":[{"@type":"ListItem","position":1,"name":"Ana s\u0259hif\u0259","item":"https:\/\/www.meydan.tv\/az\/"},{"@type":"ListItem","position":2,"name":"B\u00f6lg\u0259","item":"https:\/\/www.meydan.tv\/az\/section\/bolge\/"},{"@type":"ListItem","position":3,"name":"Astarada b\u0259l\u0259diyy\u0259l\u0259r \u201cAz\u0259rpo\u00e7t\u201ddan naraz\u0131d\u0131r"}]},{"@type":"WebSite","@id":"https:\/\/www.meydan.tv\/az\/#website","url":"https:\/\/www.meydan.tv\/az\/","name":"MEYDAN.TV","description":"Meydan TV Az\u0259rbaycan\u0131n media m\u0259kan\u0131ndak\u0131 alternativ s\u0259sidir","publisher":{"@id":"https:\/\/www.meydan.tv\/az\/#organization"},"potentialAction":[{"@type":"SearchAction","target":{"@type":"EntryPoint","urlTemplate":"https:\/\/www.meydan.tv\/az\/?s={search_term_string}"},"query-input":{"@type":"PropertyValueSpecification","valueRequired":true,"valueName":"search_term_string"}}],"inLanguage":"az"},{"@type":"Organization","@id":"https:\/\/www.meydan.tv\/az\/#organization","name":"Meydan TV","url":"https:\/\/www.meydan.tv\/az\/","logo":{"@type":"ImageObject","inLanguage":"az","@id":"https:\/\/www.meydan.tv\/az\/#\/schema\/logo\/image\/","url":"https:\/\/www.meydan.tv\/wp-content\/uploads\/2021\/07\/meydan-logo.svg","contentUrl":"https:\/\/www.meydan.tv\/wp-content\/uploads\/2021\/07\/meydan-logo.svg","width":195,"height":46,"caption":"Meydan TV"},"image":{"@id":"https:\/\/www.meydan.tv\/az\/#\/schema\/logo\/image\/"}},{"@type":"Person","@id":"https:\/\/www.meydan.tv\/az\/#\/schema\/person\/9cdbecf90d17180ce1dfbd95b08dcf47","name":"elli","sameAs":["https:\/\/x.com\/elli"]}]}},"_links":{"self":[{"href":"https:\/\/www.meydan.tv\/az\/wp-json\/wp\/v2\/posts\/282869","targetHints":{"allow":["GET"]}}],"collection":[{"href":"https:\/\/www.meydan.tv\/az\/wp-json\/wp\/v2\/posts"}],"about":[{"href":"https:\/\/www.meydan.tv\/az\/wp-json\/wp\/v2\/types\/post"}],"author":[{"embeddable":true,"href":"https:\/\/www.meydan.tv\/az\/wp-json\/wp\/v2\/users\/8"}],"replies":[{"embeddable":true,"href":"https:\/\/www.meydan.tv\/az\/wp-json\/wp\/v2\/comments?post=282869"}],"version-history":[{"count":2,"href":"https:\/\/www.meydan.tv\/az\/wp-json\/wp\/v2\/posts\/282869\/revisions"}],"predecessor-version":[{"id":282883,"href":"https:\/\/www.meydan.tv\/az\/wp-json\/wp\/v2\/posts\/282869\/revisions\/282883"}],"wp:featuredmedia":[{"embeddable":true,"href":"https:\/\/www.meydan.tv\/az\/wp-json\/wp\/v2\/media\/282877"}],"wp:attachment":[{"href":"https:\/\/www.meydan.tv\/az\/wp-json\/wp\/v2\/media?parent=282869"}],"wp:term":[{"taxonomy":"category","embeddable":true,"href":"https:\/\/www.meydan.tv\/az\/wp-json\/wp\/v2\/categories?post=282869"},{"taxonomy":"post_tag","embeddable":true,"href":"https:\/\/www.meydan.tv\/az\/wp-json\/wp\/v2\/tags?post=282869"}],"curies":[{"name":"wp","href":"https:\/\/api.w.org\/{rel}","templated":true}]}}