{"id":282847,"date":"2023-08-22T12:26:05","date_gmt":"2023-08-22T08:26:05","guid":{"rendered":"https:\/\/www.meydan.tv\/?p=282847"},"modified":"2023-08-22T12:26:09","modified_gmt":"2023-08-22T08:26:09","slug":"avropali-deputatlar-qubad-ibadoglunun-azadliga-buraxilmasi-ile-bagli-cagiris-etdi","status":"publish","type":"post","link":"https:\/\/www.meydan.tv\/az\/article\/avropali-deputatlar-qubad-ibadoglunun-azadliga-buraxilmasi-ile-bagli-cagiris-etdi\/","title":{"rendered":"Avropal\u0131 deputatlar Qubad \u0130bado\u011flunun azadl\u0131\u011fa burax\u0131lmas\u0131 il\u0259 ba\u011fl\u0131 \u00e7a\u011f\u0131r\u0131\u015f etdi"},"content":{"rendered":"\n<p><\/p>\n\n\n\n<p><strong><em>B\u0259yanatda Az\u0259rbaycandak\u0131 h\u0259bs v\u0259 t\u0259zyiql\u0259rd\u0259n narahatl\u0131q ifad\u0259 olunur<\/em><\/strong><\/p>\n\n\n\n<p>Avropa Parlamentinin C\u0259nubi Qafqaz \u00fczr\u0259 n\u00fcmay\u0259nd\u0259 hey\u0259tinin r\u0259hb\u0259ri Marina Kalyurand v\u0259 Avropa Parlamentinin Az\u0259rbaycan \u00fczr\u0259 daimi m\u0259ruz\u0259\u00e7isi Jeliana Zovko az\u0259rbaycanl\u0131 iqtisad\u00e7\u0131 Qubad \u0130bado\u011flunun h\u0259bsi il\u0259 ba\u011fl\u0131 birg\u0259 b\u0259yanat <a href=\"https:\/\/www.europarl.europa.eu\/delegations\/en\/product\/product-details\/20230821DPU37162\" target=\"_blank\" rel=\"noreferrer noopener\">yay\u0131b<\/a>.<\/p>\n\n\n\n<p>B\u0259yanatda bildirilir ki, tan\u0131nm\u0131\u015f iqtisad\u00e7\u0131 alim Qubad \u0130bado\u011flunun h\u0259bsind\u0259n v\u0259 sa\u011fl\u0131q durumunun g\u00fcn ke\u00e7dikc\u0259&nbsp; pisl\u0259\u015fm\u0259sind\u0259n narahatd\u0131rlar.<\/p>\n\n\n\n<p>Qubad \u0130bado\u011flu 2023-c\u00fc il iyulun 23-d\u0259 Az\u0259rbaycanda saxta pul haz\u0131rlamaqda ittiham edil\u0259r\u0259k h\u0259bs edilib.<\/p>\n\n\n\n<p>Ail\u0259si v\u0259 v\u0259kill\u0259ri bildirirl\u0259r ki, ona laz\u0131m olan qida v\u0259 d\u0259rmanlar verilmir.<\/p>\n\n\n\n<p>B\u0259yanatda h\u0259m\u00e7inin, qeyd edilir ki, Qubad \u0130bado\u011flu l\u0259yaq\u0259ti al\u00e7aldan r\u0259ftara m\u0259ruz qal\u0131b. Ona ail\u0259si v\u0259 v\u0259kili il\u0259 m\u0259hdud g\u00f6r\u00fc\u015f imkan\u0131 verilir.<\/p>\n\n\n\n<p>\u201c<em>Bu, onun fundamental h\u00fcquqlar\u0131n\u0131n pozulmas\u0131 dem\u0259kdir. Biz Az\u0259rbaycan hakimiyy\u0259tini onu t\u0259cili olaraq laz\u0131mi tibbi yard\u0131m v\u0259 d\u0259rmanlarla t\u0259min etm\u0259y\u0259 v\u0259 d\u0259rhal azad etm\u0259y\u0259 \u00e7a\u011f\u0131r\u0131r\u0131q\u201d.<\/em><\/p>\n\n\n\n<p>B\u0259yanatda o da bildirilir ki, Qubad \u0130bado\u011flunun i\u015fi Avropa Parlamentinin 15 mart 2023-c\u00fc il tarixli q\u0259tnam\u0259sind\u0259 qeyd edildiyi kimi, son zamanlar Az\u0259rbaycan\u0131n insan h\u00fcquq v\u0259 \u0259sas azadl\u0131qlar\u0131n\u0131n v\u0259ziyy\u0259tinin pisl\u0259\u015fm\u0259sinin x\u0259b\u0259r\u00e7isidir. T\u0259kc\u0259, Qubad \u0130bado\u011flu yox, Polad Aslanov v\u0259 B\u0259xtiyar Hac\u0131yev kimi m\u00fcxalif siyas\u0259t\u00e7il\u0259r, m\u00fcst\u0259qil jurnalistl\u0259r v\u0259 h\u00fcquq m\u00fcdafi\u0259\u00e7il\u0259ri d\u0259 \u015f\u00fcbh\u0259li ittihamlarla h\u0259bsd\u0259 saxlan\u0131l\u0131r.<\/p>\n\n\n<div class=\"wp-block-image\">\n<figure class=\"aligncenter size-full\"><img decoding=\"async\" width=\"1200\" height=\"565\" data-src=\"https:\/\/www.meydan.tv\/wp-content\/uploads\/img_0253_720-1.jpg\" alt=\"\" class=\"wp-image-281683 lazyload\" src=\"data:image\/svg+xml;base64,PHN2ZyB3aWR0aD0iMSIgaGVpZ2h0PSIxIiB4bWxucz0iaHR0cDovL3d3dy53My5vcmcvMjAwMC9zdmciPjwvc3ZnPg==\" style=\"--smush-placeholder-width: 1200px; --smush-placeholder-aspect-ratio: 1200\/565;\" \/><figcaption class=\"wp-element-caption\">Qubad \u0130bado\u011flu. Foto: Meydan TV<\/figcaption><\/figure>\n<\/div>\n\n\n<p>\u201c<em>H\u00fcquq m\u00fcdafi\u0259\u00e7isi El\u00e7in Sad\u0131qova qar\u015f\u0131 davam ed\u0259n cinay\u0259t i\u015find\u0259n v\u0259 onun v\u0259killik lisenziyas\u0131na 6 iyul 2023-c\u00fc il tarixind\u0259n xitam verilm\u0259sind\u0259n d\u0259 t\u0259\u0259ss\u00fcfl\u0259nirik. Biz b\u00fct\u00fcn siyasi m\u0259hbuslar\u0131n d\u0259rhal azad edilm\u0259sin\u0259 v\u0259 b\u00fct\u00fcn siyasi motivli ittihamlar\u0131n g\u00f6t\u00fcr\u00fclm\u0259sin\u0259 \u00e7a\u011f\u0131r\u0131r\u0131q. Az\u0259rbaycan hakimiyy\u0259tini fundamental azadl\u0131qlar\u0131 v\u0259 insan h\u00fcquqlar\u0131n\u0131 qoruma\u011fa d\u0259v\u0259t edirik. \u00c7\u00fcnki davaml\u0131 olaraq bunu etm\u0259m\u0259k \u00f6lk\u0259nin beyn\u0259lxalq imicin\u0259 v\u0259 n\u00fcfuzuna ciddi ziyan vurur\u201d, <\/em>&#8211; b\u0259yanatda qeyd edilir.<\/p>\n\n\n\n<p>Qubad \u0130bado\u011flu iyulun 23-d\u0259 saxlan\u0131l\u0131b, ert\u0259si g\u00fcn N\u0259rimanov rayon M\u0259hk\u0259m\u0259sind\u0259 onun bar\u0259sind\u0259 ilkin istintaq d\u00f6vr\u00fc \u00fc\u00e7\u00fcn 3 ay 26 g\u00fcnl\u00fck h\u0259bs q\u0259timkan t\u0259dbiri se\u00e7ilib.<\/p>\n\n\n\n<p>Ona qar\u015f\u0131 Cinay\u0259t M\u0259c\u0259ll\u0259sinin 204.3.1 ( saxta pul v\u0259 ya qiym\u0259tli ka\u011f\u0131zlar haz\u0131rlama, \u0259ld\u0259 etm\u0259 v\u0259 ya satma m\u00fct\u0259\u015f\u0259kkil d\u0259st\u0259 t\u0259r\u0259find\u0259n t\u00f6r\u0259dildikd\u0259) madd\u0259si il\u0259 ittiham ir\u0259li s\u00fcr\u00fcl\u00fcb.<\/p>\n\n\n\n<p>ADR s\u0259dri daha d\u00f6rd n\u0259f\u0259rl\u0259 \u0259lbirlikd\u0259 ittiham olunur. Onlar\u0131n adlar\u0131 ilk d\u0259f\u0259 iyulun 23-d\u0259 T\u00fcrkiy\u0259 medias\u0131nda a\u00e7\u0131qlanm\u0131\u015fd\u0131. FET\u00d6 (F\u0259tullah G\u00fcl\u0259n Terror \u00d6rg\u00fct\u00fc) il\u0259 \u0259laq\u0259li \u015f\u0259xsl\u0259r kimi t\u0259qdim olunan bu d\u00f6rd n\u0259f\u0259r\u0259 qar\u015f\u0131 da Qubad \u0130bado\u011flu il\u0259 eyni \u2013 Cinay\u0259t M\u0259c\u0259ll\u0259sinin 204.3.1 madd\u0259si il\u0259 ittiham ir\u0259li s\u00fcr\u00fcl\u00fcb.<\/p>\n\n\n\n<p>S\u00f6z\u00fcged\u0259n d\u00f6rd n\u0259f\u0259r D\u00f6yr\u00fc\u015f C\u0259f\u0259rov, G\u00fcmrah \u018fbd\u00fcr\u0259hmanov, Ruslan \u018fliyev v\u0259 Anar \u018fliyevdir.<\/p>\n\n\n\n<p>Qubad \u0130bado\u011flu saxland\u0131qdan sonra yay\u0131lan m\u0259lumatlarda iddia olunurdu ki, Anar \u018fliyev ifad\u0259sind\u0259 onun ad\u0131n\u0131 \u00e7\u0259kib. Amma Qubad \u0130bado\u011flu \u00fcmumiyy\u0259tl\u0259, bu \u015f\u0259xsi tan\u0131mad\u0131\u011f\u0131n\u0131 deyib.<\/p>\n\n\n\n<p>Qubad \u0130bado\u011flunun ofisind\u0259, m\u0259nzilind\u0259, ba\u011f evind\u0259 axtar\u0131\u015flar apar\u0131l\u0131b. Ofisd\u0259n 40 min dollar pul tap\u0131ld\u0131\u011f\u0131, onun bir hiss\u0259sinin saxta oldu\u011fu iddia olunur.<\/p>\n\n\n\n<p>Lakin ADR s\u0259dri bildirib ki, h\u0259min pulun ona he\u00e7 bir aidiyy\u0259ti yoxdur.<\/p>\n\n\n\n<p>Qubad \u0130bado\u011flu axtar\u0131\u015fdan sonra m\u0259kandan \u00e7\u0131xar\u0131l\u0131b apar\u0131lark\u0259n siyasi sifari\u015fl\u0259 h\u0259bs olundu\u011funu bildirib.<\/p>\n\n\n\n<p>Bundan ba\u015fqa, avqustun 6-da T\u00fcrkiy\u0259d\u0259 ya\u015fayan v\u0259 orada universitetd\u0259 i\u015fl\u0259y\u0259n az\u0259rbaycanl\u0131 alim Fazil Qas\u0131mov saxlan\u0131laraq, Az\u0259rbaycana g\u0259tirilib. Avqustun 8-d\u0259 N\u0259rimanov rayon M\u0259hk\u0259m\u0259sinin q\u0259rar\u0131yla onun haqq\u0131nda h\u0259bs q\u0259timkan t\u0259dbiri se\u00e7ilib. Ona qar\u015f\u0131 da eyni madd\u0259 il\u0259 ittiham ir\u0259li s\u00fcr\u00fcl\u00fcb.<\/p>\n","protected":false},"excerpt":{"rendered":"<p>B\u0259yanatda Az\u0259rbaycandak\u0131 h\u0259bs v\u0259 t\u0259zyiql\u0259rd\u0259n narahatl\u0131q ifad\u0259 olunur Avropa Parlamentinin &#8230; <\/p>\n<p class=\"read-more-container\"><a title=\"Avropal\u0131 deputatlar Qubad \u0130bado\u011flunun azadl\u0131\u011fa burax\u0131lmas\u0131 il\u0259 ba\u011fl\u0131 \u00e7a\u011f\u0131r\u0131\u015f etdi\" class=\"read-more button\" href=\"https:\/\/www.meydan.tv\/az\/article\/avropali-deputatlar-qubad-ibadoglunun-azadliga-buraxilmasi-ile-bagli-cagiris-etdi\/#more-282847\" aria-label=\"Read more about Avropal\u0131 deputatlar Qubad \u0130bado\u011flunun azadl\u0131\u011fa burax\u0131lmas\u0131 il\u0259 ba\u011fl\u0131 \u00e7a\u011f\u0131r\u0131\u015f etdi\">Davam\u0131<\/a><\/p>\n","protected":false},"author":8,"featured_media":268580,"comment_status":"closed","ping_status":"closed","sticky":false,"template":"","format":"standard","meta":{"_acf_changed":false,"_sitemap_exclude":false,"_sitemap_priority":"","_sitemap_frequency":"","footnotes":""},"categories":[59,79,56],"tags":[],"class_list":["post-282847","post","type-post","status-publish","format-standard","has-post-thumbnail","hentry","category-siyaset","category-featured","category-xeberler","infinite-scroll-item","generate-columns","tablet-grid-50","mobile-grid-100","grid-parent","grid-33","no-featured-image-padding"],"acf":[],"yoast_head":"<!-- This site is optimized with the Yoast SEO plugin v27.4 - https:\/\/yoast.com\/product\/yoast-seo-wordpress\/ -->\n<title>Avropal\u0131 deputatlar Qubad \u0130bado\u011flunun azadl\u0131\u011fa burax\u0131lmas\u0131 il\u0259 ba\u011fl\u0131 \u00e7a\u011f\u0131r\u0131\u015f etdi - MEYDAN.TV<\/title>\n<meta name=\"robots\" content=\"index, follow, max-snippet:-1, max-image-preview:large, max-video-preview:-1\" \/>\n<link rel=\"canonical\" href=\"https:\/\/www.meydan.tv\/az\/article\/avropali-deputatlar-qubad-ibadoglunun-azadliga-buraxilmasi-ile-bagli-cagiris-etdi\/\" \/>\n<meta property=\"og:locale\" content=\"az_AZ\" \/>\n<meta property=\"og:type\" content=\"article\" \/>\n<meta property=\"og:title\" content=\"Avropal\u0131 deputatlar Qubad \u0130bado\u011flunun azadl\u0131\u011fa burax\u0131lmas\u0131 il\u0259 ba\u011fl\u0131 \u00e7a\u011f\u0131r\u0131\u015f etdi - MEYDAN.TV\" \/>\n<meta property=\"og:description\" content=\"B\u0259yanatda Az\u0259rbaycandak\u0131 h\u0259bs v\u0259 t\u0259zyiql\u0259rd\u0259n narahatl\u0131q ifad\u0259 olunur Avropa Parlamentinin ... Davam\u0131\" \/>\n<meta property=\"og:url\" content=\"https:\/\/www.meydan.tv\/az\/article\/avropali-deputatlar-qubad-ibadoglunun-azadliga-buraxilmasi-ile-bagli-cagiris-etdi\/\" \/>\n<meta property=\"og:site_name\" content=\"MEYDAN.TV\" \/>\n<meta property=\"article:published_time\" content=\"2023-08-22T08:26:05+00:00\" \/>\n<meta property=\"article:modified_time\" content=\"2023-08-22T08:26:09+00:00\" \/>\n<meta property=\"og:image\" content=\"https:\/\/www.meydan.tv\/wp-content\/uploads\/shutterstock_2106175271.jpg\" \/>\n\t<meta property=\"og:image:width\" content=\"1000\" \/>\n\t<meta property=\"og:image:height\" content=\"667\" \/>\n\t<meta property=\"og:image:type\" content=\"image\/jpeg\" \/>\n<meta name=\"author\" content=\"elli\" \/>\n<meta name=\"twitter:card\" content=\"summary_large_image\" \/>\n<meta name=\"twitter:creator\" content=\"@elli\" \/>\n<script type=\"application\/ld+json\" class=\"yoast-schema-graph\">{\"@context\":\"https:\\\/\\\/schema.org\",\"@graph\":[{\"@type\":\"Article\",\"@id\":\"https:\\\/\\\/www.meydan.tv\\\/az\\\/article\\\/avropali-deputatlar-qubad-ibadoglunun-azadliga-buraxilmasi-ile-bagli-cagiris-etdi\\\/#article\",\"isPartOf\":{\"@id\":\"https:\\\/\\\/www.meydan.tv\\\/az\\\/article\\\/avropali-deputatlar-qubad-ibadoglunun-azadliga-buraxilmasi-ile-bagli-cagiris-etdi\\\/\"},\"author\":{\"name\":\"elli\",\"@id\":\"https:\\\/\\\/www.meydan.tv\\\/az\\\/#\\\/schema\\\/person\\\/9cdbecf90d17180ce1dfbd95b08dcf47\"},\"headline\":\"Avropal\u0131 deputatlar Qubad \u0130bado\u011flunun azadl\u0131\u011fa burax\u0131lmas\u0131 il\u0259 ba\u011fl\u0131 \u00e7a\u011f\u0131r\u0131\u015f etdi\",\"datePublished\":\"2023-08-22T08:26:05+00:00\",\"dateModified\":\"2023-08-22T08:26:09+00:00\",\"mainEntityOfPage\":{\"@id\":\"https:\\\/\\\/www.meydan.tv\\\/az\\\/article\\\/avropali-deputatlar-qubad-ibadoglunun-azadliga-buraxilmasi-ile-bagli-cagiris-etdi\\\/\"},\"wordCount\":767,\"publisher\":{\"@id\":\"https:\\\/\\\/www.meydan.tv\\\/az\\\/#organization\"},\"image\":{\"@id\":\"https:\\\/\\\/www.meydan.tv\\\/az\\\/article\\\/avropali-deputatlar-qubad-ibadoglunun-azadliga-buraxilmasi-ile-bagli-cagiris-etdi\\\/#primaryimage\"},\"thumbnailUrl\":\"https:\\\/\\\/www.meydan.tv\\\/wp-content\\\/uploads\\\/shutterstock_2106175271.jpg\",\"articleSection\":[\"Siyas\u0259t\",\"T\u00f6vsiy\u0259\",\"X\u0259b\u0259rl\u0259r\"],\"inLanguage\":\"az\"},{\"@type\":\"WebPage\",\"@id\":\"https:\\\/\\\/www.meydan.tv\\\/az\\\/article\\\/avropali-deputatlar-qubad-ibadoglunun-azadliga-buraxilmasi-ile-bagli-cagiris-etdi\\\/\",\"url\":\"https:\\\/\\\/www.meydan.tv\\\/az\\\/article\\\/avropali-deputatlar-qubad-ibadoglunun-azadliga-buraxilmasi-ile-bagli-cagiris-etdi\\\/\",\"name\":\"Avropal\u0131 deputatlar Qubad \u0130bado\u011flunun azadl\u0131\u011fa burax\u0131lmas\u0131 il\u0259 ba\u011fl\u0131 \u00e7a\u011f\u0131r\u0131\u015f etdi - MEYDAN.TV\",\"isPartOf\":{\"@id\":\"https:\\\/\\\/www.meydan.tv\\\/az\\\/#website\"},\"primaryImageOfPage\":{\"@id\":\"https:\\\/\\\/www.meydan.tv\\\/az\\\/article\\\/avropali-deputatlar-qubad-ibadoglunun-azadliga-buraxilmasi-ile-bagli-cagiris-etdi\\\/#primaryimage\"},\"image\":{\"@id\":\"https:\\\/\\\/www.meydan.tv\\\/az\\\/article\\\/avropali-deputatlar-qubad-ibadoglunun-azadliga-buraxilmasi-ile-bagli-cagiris-etdi\\\/#primaryimage\"},\"thumbnailUrl\":\"https:\\\/\\\/www.meydan.tv\\\/wp-content\\\/uploads\\\/shutterstock_2106175271.jpg\",\"datePublished\":\"2023-08-22T08:26:05+00:00\",\"dateModified\":\"2023-08-22T08:26:09+00:00\",\"breadcrumb\":{\"@id\":\"https:\\\/\\\/www.meydan.tv\\\/az\\\/article\\\/avropali-deputatlar-qubad-ibadoglunun-azadliga-buraxilmasi-ile-bagli-cagiris-etdi\\\/#breadcrumb\"},\"inLanguage\":\"az\",\"potentialAction\":[{\"@type\":\"ReadAction\",\"target\":[\"https:\\\/\\\/www.meydan.tv\\\/az\\\/article\\\/avropali-deputatlar-qubad-ibadoglunun-azadliga-buraxilmasi-ile-bagli-cagiris-etdi\\\/\"]}]},{\"@type\":\"ImageObject\",\"inLanguage\":\"az\",\"@id\":\"https:\\\/\\\/www.meydan.tv\\\/az\\\/article\\\/avropali-deputatlar-qubad-ibadoglunun-azadliga-buraxilmasi-ile-bagli-cagiris-etdi\\\/#primaryimage\",\"url\":\"https:\\\/\\\/www.meydan.tv\\\/wp-content\\\/uploads\\\/shutterstock_2106175271.jpg\",\"contentUrl\":\"https:\\\/\\\/www.meydan.tv\\\/wp-content\\\/uploads\\\/shutterstock_2106175271.jpg\",\"width\":1000,\"height\":667,\"caption\":\"Avropa Parlamenti. Foto: shutterstockHadrian\"},{\"@type\":\"BreadcrumbList\",\"@id\":\"https:\\\/\\\/www.meydan.tv\\\/az\\\/article\\\/avropali-deputatlar-qubad-ibadoglunun-azadliga-buraxilmasi-ile-bagli-cagiris-etdi\\\/#breadcrumb\",\"itemListElement\":[{\"@type\":\"ListItem\",\"position\":1,\"name\":\"Ana s\u0259hif\u0259\",\"item\":\"https:\\\/\\\/www.meydan.tv\\\/az\\\/\"},{\"@type\":\"ListItem\",\"position\":2,\"name\":\"Siyas\u0259t\",\"item\":\"https:\\\/\\\/www.meydan.tv\\\/az\\\/section\\\/siyaset\\\/\"},{\"@type\":\"ListItem\",\"position\":3,\"name\":\"Avropal\u0131 deputatlar Qubad \u0130bado\u011flunun azadl\u0131\u011fa burax\u0131lmas\u0131 il\u0259 ba\u011fl\u0131 \u00e7a\u011f\u0131r\u0131\u015f etdi\"}]},{\"@type\":\"WebSite\",\"@id\":\"https:\\\/\\\/www.meydan.tv\\\/az\\\/#website\",\"url\":\"https:\\\/\\\/www.meydan.tv\\\/az\\\/\",\"name\":\"MEYDAN.TV\",\"description\":\"Meydan TV Az\u0259rbaycan\u0131n media m\u0259kan\u0131ndak\u0131 alternativ s\u0259sidir\",\"publisher\":{\"@id\":\"https:\\\/\\\/www.meydan.tv\\\/az\\\/#organization\"},\"potentialAction\":[{\"@type\":\"SearchAction\",\"target\":{\"@type\":\"EntryPoint\",\"urlTemplate\":\"https:\\\/\\\/www.meydan.tv\\\/az\\\/?s={search_term_string}\"},\"query-input\":{\"@type\":\"PropertyValueSpecification\",\"valueRequired\":true,\"valueName\":\"search_term_string\"}}],\"inLanguage\":\"az\"},{\"@type\":\"Organization\",\"@id\":\"https:\\\/\\\/www.meydan.tv\\\/az\\\/#organization\",\"name\":\"Meydan TV\",\"url\":\"https:\\\/\\\/www.meydan.tv\\\/az\\\/\",\"logo\":{\"@type\":\"ImageObject\",\"inLanguage\":\"az\",\"@id\":\"https:\\\/\\\/www.meydan.tv\\\/az\\\/#\\\/schema\\\/logo\\\/image\\\/\",\"url\":\"https:\\\/\\\/www.meydan.tv\\\/wp-content\\\/uploads\\\/2021\\\/07\\\/meydan-logo.svg\",\"contentUrl\":\"https:\\\/\\\/www.meydan.tv\\\/wp-content\\\/uploads\\\/2021\\\/07\\\/meydan-logo.svg\",\"width\":195,\"height\":46,\"caption\":\"Meydan TV\"},\"image\":{\"@id\":\"https:\\\/\\\/www.meydan.tv\\\/az\\\/#\\\/schema\\\/logo\\\/image\\\/\"}},{\"@type\":\"Person\",\"@id\":\"https:\\\/\\\/www.meydan.tv\\\/az\\\/#\\\/schema\\\/person\\\/9cdbecf90d17180ce1dfbd95b08dcf47\",\"name\":\"elli\",\"sameAs\":[\"https:\\\/\\\/x.com\\\/elli\"]}]}<\/script>\n<!-- \/ Yoast SEO plugin. -->","yoast_head_json":{"title":"Avropal\u0131 deputatlar Qubad \u0130bado\u011flunun azadl\u0131\u011fa burax\u0131lmas\u0131 il\u0259 ba\u011fl\u0131 \u00e7a\u011f\u0131r\u0131\u015f etdi - MEYDAN.TV","robots":{"index":"index","follow":"follow","max-snippet":"max-snippet:-1","max-image-preview":"max-image-preview:large","max-video-preview":"max-video-preview:-1"},"canonical":"https:\/\/www.meydan.tv\/az\/article\/avropali-deputatlar-qubad-ibadoglunun-azadliga-buraxilmasi-ile-bagli-cagiris-etdi\/","og_locale":"az_AZ","og_type":"article","og_title":"Avropal\u0131 deputatlar Qubad \u0130bado\u011flunun azadl\u0131\u011fa burax\u0131lmas\u0131 il\u0259 ba\u011fl\u0131 \u00e7a\u011f\u0131r\u0131\u015f etdi - MEYDAN.TV","og_description":"B\u0259yanatda Az\u0259rbaycandak\u0131 h\u0259bs v\u0259 t\u0259zyiql\u0259rd\u0259n narahatl\u0131q ifad\u0259 olunur Avropa Parlamentinin ... Davam\u0131","og_url":"https:\/\/www.meydan.tv\/az\/article\/avropali-deputatlar-qubad-ibadoglunun-azadliga-buraxilmasi-ile-bagli-cagiris-etdi\/","og_site_name":"MEYDAN.TV","article_published_time":"2023-08-22T08:26:05+00:00","article_modified_time":"2023-08-22T08:26:09+00:00","og_image":[{"width":1000,"height":667,"url":"https:\/\/www.meydan.tv\/wp-content\/uploads\/shutterstock_2106175271.jpg","type":"image\/jpeg"}],"author":"elli","twitter_card":"summary_large_image","twitter_creator":"@elli","schema":{"@context":"https:\/\/schema.org","@graph":[{"@type":"Article","@id":"https:\/\/www.meydan.tv\/az\/article\/avropali-deputatlar-qubad-ibadoglunun-azadliga-buraxilmasi-ile-bagli-cagiris-etdi\/#article","isPartOf":{"@id":"https:\/\/www.meydan.tv\/az\/article\/avropali-deputatlar-qubad-ibadoglunun-azadliga-buraxilmasi-ile-bagli-cagiris-etdi\/"},"author":{"name":"elli","@id":"https:\/\/www.meydan.tv\/az\/#\/schema\/person\/9cdbecf90d17180ce1dfbd95b08dcf47"},"headline":"Avropal\u0131 deputatlar Qubad \u0130bado\u011flunun azadl\u0131\u011fa burax\u0131lmas\u0131 il\u0259 ba\u011fl\u0131 \u00e7a\u011f\u0131r\u0131\u015f etdi","datePublished":"2023-08-22T08:26:05+00:00","dateModified":"2023-08-22T08:26:09+00:00","mainEntityOfPage":{"@id":"https:\/\/www.meydan.tv\/az\/article\/avropali-deputatlar-qubad-ibadoglunun-azadliga-buraxilmasi-ile-bagli-cagiris-etdi\/"},"wordCount":767,"publisher":{"@id":"https:\/\/www.meydan.tv\/az\/#organization"},"image":{"@id":"https:\/\/www.meydan.tv\/az\/article\/avropali-deputatlar-qubad-ibadoglunun-azadliga-buraxilmasi-ile-bagli-cagiris-etdi\/#primaryimage"},"thumbnailUrl":"https:\/\/www.meydan.tv\/wp-content\/uploads\/shutterstock_2106175271.jpg","articleSection":["Siyas\u0259t","T\u00f6vsiy\u0259","X\u0259b\u0259rl\u0259r"],"inLanguage":"az"},{"@type":"WebPage","@id":"https:\/\/www.meydan.tv\/az\/article\/avropali-deputatlar-qubad-ibadoglunun-azadliga-buraxilmasi-ile-bagli-cagiris-etdi\/","url":"https:\/\/www.meydan.tv\/az\/article\/avropali-deputatlar-qubad-ibadoglunun-azadliga-buraxilmasi-ile-bagli-cagiris-etdi\/","name":"Avropal\u0131 deputatlar Qubad \u0130bado\u011flunun azadl\u0131\u011fa burax\u0131lmas\u0131 il\u0259 ba\u011fl\u0131 \u00e7a\u011f\u0131r\u0131\u015f etdi - MEYDAN.TV","isPartOf":{"@id":"https:\/\/www.meydan.tv\/az\/#website"},"primaryImageOfPage":{"@id":"https:\/\/www.meydan.tv\/az\/article\/avropali-deputatlar-qubad-ibadoglunun-azadliga-buraxilmasi-ile-bagli-cagiris-etdi\/#primaryimage"},"image":{"@id":"https:\/\/www.meydan.tv\/az\/article\/avropali-deputatlar-qubad-ibadoglunun-azadliga-buraxilmasi-ile-bagli-cagiris-etdi\/#primaryimage"},"thumbnailUrl":"https:\/\/www.meydan.tv\/wp-content\/uploads\/shutterstock_2106175271.jpg","datePublished":"2023-08-22T08:26:05+00:00","dateModified":"2023-08-22T08:26:09+00:00","breadcrumb":{"@id":"https:\/\/www.meydan.tv\/az\/article\/avropali-deputatlar-qubad-ibadoglunun-azadliga-buraxilmasi-ile-bagli-cagiris-etdi\/#breadcrumb"},"inLanguage":"az","potentialAction":[{"@type":"ReadAction","target":["https:\/\/www.meydan.tv\/az\/article\/avropali-deputatlar-qubad-ibadoglunun-azadliga-buraxilmasi-ile-bagli-cagiris-etdi\/"]}]},{"@type":"ImageObject","inLanguage":"az","@id":"https:\/\/www.meydan.tv\/az\/article\/avropali-deputatlar-qubad-ibadoglunun-azadliga-buraxilmasi-ile-bagli-cagiris-etdi\/#primaryimage","url":"https:\/\/www.meydan.tv\/wp-content\/uploads\/shutterstock_2106175271.jpg","contentUrl":"https:\/\/www.meydan.tv\/wp-content\/uploads\/shutterstock_2106175271.jpg","width":1000,"height":667,"caption":"Avropa Parlamenti. Foto: shutterstockHadrian"},{"@type":"BreadcrumbList","@id":"https:\/\/www.meydan.tv\/az\/article\/avropali-deputatlar-qubad-ibadoglunun-azadliga-buraxilmasi-ile-bagli-cagiris-etdi\/#breadcrumb","itemListElement":[{"@type":"ListItem","position":1,"name":"Ana s\u0259hif\u0259","item":"https:\/\/www.meydan.tv\/az\/"},{"@type":"ListItem","position":2,"name":"Siyas\u0259t","item":"https:\/\/www.meydan.tv\/az\/section\/siyaset\/"},{"@type":"ListItem","position":3,"name":"Avropal\u0131 deputatlar Qubad \u0130bado\u011flunun azadl\u0131\u011fa burax\u0131lmas\u0131 il\u0259 ba\u011fl\u0131 \u00e7a\u011f\u0131r\u0131\u015f etdi"}]},{"@type":"WebSite","@id":"https:\/\/www.meydan.tv\/az\/#website","url":"https:\/\/www.meydan.tv\/az\/","name":"MEYDAN.TV","description":"Meydan TV Az\u0259rbaycan\u0131n media m\u0259kan\u0131ndak\u0131 alternativ s\u0259sidir","publisher":{"@id":"https:\/\/www.meydan.tv\/az\/#organization"},"potentialAction":[{"@type":"SearchAction","target":{"@type":"EntryPoint","urlTemplate":"https:\/\/www.meydan.tv\/az\/?s={search_term_string}"},"query-input":{"@type":"PropertyValueSpecification","valueRequired":true,"valueName":"search_term_string"}}],"inLanguage":"az"},{"@type":"Organization","@id":"https:\/\/www.meydan.tv\/az\/#organization","name":"Meydan TV","url":"https:\/\/www.meydan.tv\/az\/","logo":{"@type":"ImageObject","inLanguage":"az","@id":"https:\/\/www.meydan.tv\/az\/#\/schema\/logo\/image\/","url":"https:\/\/www.meydan.tv\/wp-content\/uploads\/2021\/07\/meydan-logo.svg","contentUrl":"https:\/\/www.meydan.tv\/wp-content\/uploads\/2021\/07\/meydan-logo.svg","width":195,"height":46,"caption":"Meydan TV"},"image":{"@id":"https:\/\/www.meydan.tv\/az\/#\/schema\/logo\/image\/"}},{"@type":"Person","@id":"https:\/\/www.meydan.tv\/az\/#\/schema\/person\/9cdbecf90d17180ce1dfbd95b08dcf47","name":"elli","sameAs":["https:\/\/x.com\/elli"]}]}},"_links":{"self":[{"href":"https:\/\/www.meydan.tv\/az\/wp-json\/wp\/v2\/posts\/282847","targetHints":{"allow":["GET"]}}],"collection":[{"href":"https:\/\/www.meydan.tv\/az\/wp-json\/wp\/v2\/posts"}],"about":[{"href":"https:\/\/www.meydan.tv\/az\/wp-json\/wp\/v2\/types\/post"}],"author":[{"embeddable":true,"href":"https:\/\/www.meydan.tv\/az\/wp-json\/wp\/v2\/users\/8"}],"replies":[{"embeddable":true,"href":"https:\/\/www.meydan.tv\/az\/wp-json\/wp\/v2\/comments?post=282847"}],"version-history":[{"count":3,"href":"https:\/\/www.meydan.tv\/az\/wp-json\/wp\/v2\/posts\/282847\/revisions"}],"predecessor-version":[{"id":282852,"href":"https:\/\/www.meydan.tv\/az\/wp-json\/wp\/v2\/posts\/282847\/revisions\/282852"}],"wp:featuredmedia":[{"embeddable":true,"href":"https:\/\/www.meydan.tv\/az\/wp-json\/wp\/v2\/media\/268580"}],"wp:attachment":[{"href":"https:\/\/www.meydan.tv\/az\/wp-json\/wp\/v2\/media?parent=282847"}],"wp:term":[{"taxonomy":"category","embeddable":true,"href":"https:\/\/www.meydan.tv\/az\/wp-json\/wp\/v2\/categories?post=282847"},{"taxonomy":"post_tag","embeddable":true,"href":"https:\/\/www.meydan.tv\/az\/wp-json\/wp\/v2\/tags?post=282847"}],"curies":[{"name":"wp","href":"https:\/\/api.w.org\/{rel}","templated":true}]}}