{"id":282799,"date":"2023-08-21T19:02:03","date_gmt":"2023-08-21T15:02:03","guid":{"rendered":"https:\/\/www.meydan.tv\/?p=282799"},"modified":"2023-08-22T09:51:55","modified_gmt":"2023-08-22T05:51:55","slug":"hebslerden-sonra-isci-masasinin-yuku-qadinlarin-uzerine-dusub","status":"publish","type":"post","link":"https:\/\/www.meydan.tv\/az\/article\/hebslerden-sonra-isci-masasinin-yuku-qadinlarin-uzerine-dusub\/","title":{"rendered":"H\u0259bsl\u0259rd\u0259n sonra \u0130\u015f\u00e7i masas\u0131n\u0131n y\u00fck\u00fc qad\u0131nlar\u0131n \u00fcz\u0259rin\u0259 d\u00fc\u015f\u00fcb"},"content":{"rendered":"\n<figure class=\"wp-block-embed is-type-video is-provider-youtube wp-block-embed-youtube wp-embed-aspect-16-9 wp-has-aspect-ratio\"><div class=\"wp-block-embed__wrapper\">\n<iframe title=\"H\u0259bsl\u0259rd\u0259n sonra \u0130\u015f\u00e7i masas\u0131n\u0131n y\u00fck\u00fc qad\u0131nlar\u0131n \u00fcz\u0259rin\u0259 d\u00fc\u015f\u00fcb\" width=\"1200\" height=\"675\" data-src=\"https:\/\/www.youtube.com\/embed\/SmOUx8YHS6Q?feature=oembed\" frameborder=\"0\" allow=\"accelerometer; autoplay; clipboard-write; encrypted-media; gyroscope; picture-in-picture; web-share\" allowfullscreen src=\"data:image\/svg+xml;base64,PHN2ZyB3aWR0aD0iMSIgaGVpZ2h0PSIxIiB4bWxucz0iaHR0cDovL3d3dy53My5vcmcvMjAwMC9zdmciPjwvc3ZnPg==\" class=\"lazyload\" data-load-mode=\"1\"><\/iframe>\n<\/div><\/figure>\n\n\n\n<p>Avqustun 1-d\u0259 \u0130\u015f\u00e7i Masas\u0131 v\u0259 Kuryerl\u0259r Birliyi &#8220;Yol h\u0259r\u0259k\u0259ti haqq\u0131nda\u201d Qanuna edil\u0259n d\u0259yi\u015fikliy\u0259 \u0259sas\u0259n, s\u00fcr\u0259t h\u0259ddi 50 km\/saat-dan yuxar\u0131 olan motolar \u00fc\u00e7\u00fcn qeydiyyat ni\u015fan\u0131 v\u0259 s\u00fcr\u00fcc\u00fcl\u00fck v\u0259siq\u0259sinin t\u0259l\u0259b olunmas\u0131 il\u0259 ba\u011fl\u0131 qaydan\u0131n q\u00fcvv\u0259y\u0259 minm\u0259sin\u0259 etiraz edibl\u0259r. \u0130ttifaq\u0131n s\u0259dri Afi\u0259ddin M\u0259mm\u0259dov el\u0259 h\u0259min g\u00fcn ax\u015fam saatlar\u0131nda ev\u0259 ged\u0259rk\u0259n polisl\u0259r t\u0259r\u0259find\u0259n saxlan\u0131ld\u0131. X\u0259tai Rayon M\u0259hk\u0259m\u0259sinin q\u0259rar\u0131na \u0259sas\u0259n onun bar\u0259sind\u0259 30 sutka inzibati h\u0259bs c\u0259zas\u0131 se\u00e7ilib. Avqustun 5-d\u0259 \u0130\u015f\u00e7i Masas\u0131  H\u0259mkarlar \u0130ttifaq\u0131 Konfederasiyas\u0131 (H\u0130K) \u00fczvl\u0259ri Ba\u043a\u0131 \u015e\u0259h\u0259r Ba\u015f Polis \u0130dar\u0259sinin binas\u0131na pla\u043aatlar\u0131 yap\u0131\u015fd\u0131raraq onun h\u0259bsin\u0259 etiraz edibl\u0259r. Konfederasiyan\u0131n ki\u015fi \u00fczvl\u0259rinin h\u0259bsind\u0259n sonra \u0130\u015f\u00e7i Masas\u0131n\u0131n y\u00fck\u00fc qad\u0131nlar\u0131n \u00fcz\u0259rin\u0259 d\u00fc\u015f\u00fcb. N\u0259rmin R\u00fcst\u0259mli bildirir ki, art\u0131q qad\u0131nlara qar\u015f\u0131 da t\u0259zyiql\u0259r ba\u015flay\u0131b. El\u0259 h\u0259min g\u00fcn ittifaq\u0131n dig\u0259r \u00fczv\u00fc Elvin Mustafayev polisl\u0259r t\u0259r\u0259find\u0259n h\u0259bs edildi. Onun bar\u0259sind\u0259 Cinay\u0259t M\u0259c\u0259ll\u0259sinin 234-c\u00fc (Qanunsuz olaraq narkotik vasit\u0259l\u0259ri, psixotrop madd\u0259l\u0259ri v\u0259 ya onlar\u0131n prekursorlar\u0131n\u0131 haz\u0131rlama, istehsal etm\u0259, \u0259ld\u0259 etm\u0259, saxlama, da\u015f\u0131ma, g\u00f6nd\u0259rm\u0259 v\u0259 ya satma) madd\u0259si il\u0259 cinay\u0259t i\u015fi a\u00e7\u0131ld\u0131 v\u0259 N\u0259rimanov Rayon M\u0259hk\u0259m\u0259sinin q\u0259rar\u0131na \u0259sas\u0259n bar\u0259sind\u0259 4 ayl\u0131q h\u0259bs-q\u0259timkan t\u0259dbiri se\u00e7ildi. Avqustun 8-d\u0259 \u0130\u015f\u00e7i Masas\u0131n\u0131n dig\u0259r \u00fczv\u00fc Orxan Zeynalov bar\u0259sind\u0259 Cinay\u0259t M\u0259c\u0259ll\u0259sinin 306.1-ci madd\u0259si il\u0259 cinay\u0259t i\u015fi a\u00e7\u0131ld\u0131 v\u0259 ona qar\u015f\u0131 t\u0259qibl\u0259r ba\u015flan\u0131ld\u0131\u011f\u0131 bildirildi. Daxili \u0130\u015fl\u0259r Nazirliyi is\u0259 Orxan Zeynalovun t\u0259qib olunmas\u0131 il\u0259 ba\u011fl\u0131 iddialar\u0131 t\u0259kzib edib. Avqustun 11-d\u0259 is\u0259 \u0130\u015f\u00e7i Masas\u0131 \u0130dar\u0259 Hey\u0259tinin \u00fczv\u00fc Ayxan \u0130srafilov polisl\u0259r t\u0259r\u0259find\u0259n saxlan\u0131ld\u0131 v\u0259 onun bar\u0259sind\u0259 d\u0259 \u201cnarkotik\u201d ittiham\u0131 il\u0259 cinay\u0259t i\u015fi a\u00e7\u0131laraq h\u0259bs edildi. \u0130\u015f\u00e7i Masas\u0131 H\u0259mkarlar \u0130ttifaq\u0131 Konfederasiyas\u0131 2022-ci mart\u0131n 1-d\u0259 qurulub. Az\u0259rbaycanda i\u015f\u00e7i h\u00fcquqlar\u0131n\u0131 m\u00fcdafi\u0259 ed\u0259n t\u0259k h\u0259mkarlar ittifaq\u0131 olan \u0130\u015f\u00e7i Masas\u0131 \u00fc\u00e7 il \u0259rzind\u0259 i\u015f\u00e7il\u0259rin h\u00fcquqlar\u0131n\u0131 m\u00fcdafi\u0259 etm\u0259k m\u0259qs\u0259dil\u0259 bir s\u0131ra etiraz aksiyalar\u0131 ke\u00e7irib, \u0130dar\u0259 Hey\u0259ti \u00fczvl\u0259ri v\u0259 f\u0259allar\u0131 t\u0259qibl\u0259r\u0259 v\u0259 h\u0259bsl\u0259r\u0259 m\u0259ruz qal\u0131b. Az\u0259rbaycan r\u0259smil\u0259ri is\u0259 birm\u0259nal\u0131 olaraq he\u00e7 kimin siyasi bax\u0131\u015flar\u0131na g\u00f6r\u0259 h\u0259bs edilm\u0259diyini deyir.<\/p>\n","protected":false},"excerpt":{"rendered":"<p>Avqustun 1-d\u0259 \u0130\u015f\u00e7i Masas\u0131 v\u0259 Kuryerl\u0259r Birliyi &#8220;Yol h\u0259r\u0259k\u0259ti haqq\u0131nda\u201d &#8230; <\/p>\n<p class=\"read-more-container\"><a title=\"H\u0259bsl\u0259rd\u0259n sonra \u0130\u015f\u00e7i masas\u0131n\u0131n y\u00fck\u00fc qad\u0131nlar\u0131n \u00fcz\u0259rin\u0259 d\u00fc\u015f\u00fcb\" class=\"read-more button\" href=\"https:\/\/www.meydan.tv\/az\/article\/hebslerden-sonra-isci-masasinin-yuku-qadinlarin-uzerine-dusub\/#more-282799\" aria-label=\"Read more about H\u0259bsl\u0259rd\u0259n sonra \u0130\u015f\u00e7i masas\u0131n\u0131n y\u00fck\u00fc qad\u0131nlar\u0131n \u00fcz\u0259rin\u0259 d\u00fc\u015f\u00fcb\">Davam\u0131<\/a><\/p>\n","protected":false},"author":12,"featured_media":282256,"comment_status":"closed","ping_status":"closed","sticky":false,"template":"","format":"standard","meta":{"_acf_changed":false,"_sitemap_exclude":false,"_sitemap_priority":"","_sitemap_frequency":"","footnotes":""},"categories":[62,63],"tags":[],"class_list":["post-282799","post","type-post","status-publish","format-standard","has-post-thumbnail","hentry","category-sosial","category-video-2","infinite-scroll-item","generate-columns","tablet-grid-50","mobile-grid-100","grid-parent","grid-33","no-featured-image-padding"],"acf":[],"yoast_head":"<!-- This site is optimized with the Yoast SEO plugin v27.5 - https:\/\/yoast.com\/product\/yoast-seo-wordpress\/ -->\n<title>H\u0259bsl\u0259rd\u0259n sonra \u0130\u015f\u00e7i masas\u0131n\u0131n y\u00fck\u00fc qad\u0131nlar\u0131n \u00fcz\u0259rin\u0259 d\u00fc\u015f\u00fcb - MEYDAN.TV<\/title>\n<meta name=\"robots\" content=\"index, follow, max-snippet:-1, max-image-preview:large, max-video-preview:-1\" \/>\n<link rel=\"canonical\" href=\"https:\/\/www.meydan.tv\/az\/article\/hebslerden-sonra-isci-masasinin-yuku-qadinlarin-uzerine-dusub\/\" \/>\n<meta property=\"og:locale\" content=\"az_AZ\" \/>\n<meta property=\"og:type\" content=\"article\" \/>\n<meta property=\"og:title\" content=\"H\u0259bsl\u0259rd\u0259n sonra \u0130\u015f\u00e7i masas\u0131n\u0131n y\u00fck\u00fc qad\u0131nlar\u0131n \u00fcz\u0259rin\u0259 d\u00fc\u015f\u00fcb - MEYDAN.TV\" \/>\n<meta property=\"og:description\" content=\"Avqustun 1-d\u0259 \u0130\u015f\u00e7i Masas\u0131 v\u0259 Kuryerl\u0259r Birliyi &#8220;Yol h\u0259r\u0259k\u0259ti haqq\u0131nda\u201d ... Davam\u0131\" \/>\n<meta property=\"og:url\" content=\"https:\/\/www.meydan.tv\/az\/article\/hebslerden-sonra-isci-masasinin-yuku-qadinlarin-uzerine-dusub\/\" \/>\n<meta property=\"og:site_name\" content=\"MEYDAN.TV\" \/>\n<meta property=\"article:published_time\" content=\"2023-08-21T15:02:03+00:00\" \/>\n<meta property=\"article:modified_time\" content=\"2023-08-22T05:51:55+00:00\" \/>\n<meta property=\"og:image\" content=\"https:\/\/www.meydan.tv\/wp-content\/uploads\/shutterstock_2136592231.jpg\" \/>\n\t<meta property=\"og:image:width\" content=\"1200\" \/>\n\t<meta property=\"og:image:height\" content=\"794\" \/>\n\t<meta property=\"og:image:type\" content=\"image\/jpeg\" \/>\n<meta name=\"author\" content=\"aleks\" \/>\n<meta name=\"twitter:card\" content=\"summary_large_image\" \/>\n<script type=\"application\/ld+json\" class=\"yoast-schema-graph\">{\"@context\":\"https:\\\/\\\/schema.org\",\"@graph\":[{\"@type\":\"Article\",\"@id\":\"https:\\\/\\\/www.meydan.tv\\\/az\\\/article\\\/hebslerden-sonra-isci-masasinin-yuku-qadinlarin-uzerine-dusub\\\/#article\",\"isPartOf\":{\"@id\":\"https:\\\/\\\/www.meydan.tv\\\/az\\\/article\\\/hebslerden-sonra-isci-masasinin-yuku-qadinlarin-uzerine-dusub\\\/\"},\"author\":{\"name\":\"aleks\",\"@id\":\"https:\\\/\\\/www.meydan.tv\\\/az\\\/#\\\/schema\\\/person\\\/476e9360e593fa131d5d71d51866f8da\"},\"headline\":\"H\u0259bsl\u0259rd\u0259n sonra \u0130\u015f\u00e7i masas\u0131n\u0131n y\u00fck\u00fc qad\u0131nlar\u0131n \u00fcz\u0259rin\u0259 d\u00fc\u015f\u00fcb\",\"datePublished\":\"2023-08-21T15:02:03+00:00\",\"dateModified\":\"2023-08-22T05:51:55+00:00\",\"mainEntityOfPage\":{\"@id\":\"https:\\\/\\\/www.meydan.tv\\\/az\\\/article\\\/hebslerden-sonra-isci-masasinin-yuku-qadinlarin-uzerine-dusub\\\/\"},\"wordCount\":607,\"publisher\":{\"@id\":\"https:\\\/\\\/www.meydan.tv\\\/az\\\/#organization\"},\"image\":{\"@id\":\"https:\\\/\\\/www.meydan.tv\\\/az\\\/article\\\/hebslerden-sonra-isci-masasinin-yuku-qadinlarin-uzerine-dusub\\\/#primaryimage\"},\"thumbnailUrl\":\"https:\\\/\\\/www.meydan.tv\\\/wp-content\\\/uploads\\\/shutterstock_2136592231.jpg\",\"articleSection\":[\"Sosial\",\"Video\"],\"inLanguage\":\"az\"},{\"@type\":\"WebPage\",\"@id\":\"https:\\\/\\\/www.meydan.tv\\\/az\\\/article\\\/hebslerden-sonra-isci-masasinin-yuku-qadinlarin-uzerine-dusub\\\/\",\"url\":\"https:\\\/\\\/www.meydan.tv\\\/az\\\/article\\\/hebslerden-sonra-isci-masasinin-yuku-qadinlarin-uzerine-dusub\\\/\",\"name\":\"H\u0259bsl\u0259rd\u0259n sonra \u0130\u015f\u00e7i masas\u0131n\u0131n y\u00fck\u00fc qad\u0131nlar\u0131n \u00fcz\u0259rin\u0259 d\u00fc\u015f\u00fcb - MEYDAN.TV\",\"isPartOf\":{\"@id\":\"https:\\\/\\\/www.meydan.tv\\\/az\\\/#website\"},\"primaryImageOfPage\":{\"@id\":\"https:\\\/\\\/www.meydan.tv\\\/az\\\/article\\\/hebslerden-sonra-isci-masasinin-yuku-qadinlarin-uzerine-dusub\\\/#primaryimage\"},\"image\":{\"@id\":\"https:\\\/\\\/www.meydan.tv\\\/az\\\/article\\\/hebslerden-sonra-isci-masasinin-yuku-qadinlarin-uzerine-dusub\\\/#primaryimage\"},\"thumbnailUrl\":\"https:\\\/\\\/www.meydan.tv\\\/wp-content\\\/uploads\\\/shutterstock_2136592231.jpg\",\"datePublished\":\"2023-08-21T15:02:03+00:00\",\"dateModified\":\"2023-08-22T05:51:55+00:00\",\"breadcrumb\":{\"@id\":\"https:\\\/\\\/www.meydan.tv\\\/az\\\/article\\\/hebslerden-sonra-isci-masasinin-yuku-qadinlarin-uzerine-dusub\\\/#breadcrumb\"},\"inLanguage\":\"az\",\"potentialAction\":[{\"@type\":\"ReadAction\",\"target\":[\"https:\\\/\\\/www.meydan.tv\\\/az\\\/article\\\/hebslerden-sonra-isci-masasinin-yuku-qadinlarin-uzerine-dusub\\\/\"]}]},{\"@type\":\"ImageObject\",\"inLanguage\":\"az\",\"@id\":\"https:\\\/\\\/www.meydan.tv\\\/az\\\/article\\\/hebslerden-sonra-isci-masasinin-yuku-qadinlarin-uzerine-dusub\\\/#primaryimage\",\"url\":\"https:\\\/\\\/www.meydan.tv\\\/wp-content\\\/uploads\\\/shutterstock_2136592231.jpg\",\"contentUrl\":\"https:\\\/\\\/www.meydan.tv\\\/wp-content\\\/uploads\\\/shutterstock_2136592231.jpg\",\"width\":1200,\"height\":794,\"caption\":\"Wolt. Foto: ShU studio\\\/shutterstock\"},{\"@type\":\"BreadcrumbList\",\"@id\":\"https:\\\/\\\/www.meydan.tv\\\/az\\\/article\\\/hebslerden-sonra-isci-masasinin-yuku-qadinlarin-uzerine-dusub\\\/#breadcrumb\",\"itemListElement\":[{\"@type\":\"ListItem\",\"position\":1,\"name\":\"Ana s\u0259hif\u0259\",\"item\":\"https:\\\/\\\/www.meydan.tv\\\/az\\\/\"},{\"@type\":\"ListItem\",\"position\":2,\"name\":\"Video\",\"item\":\"https:\\\/\\\/www.meydan.tv\\\/az\\\/section\\\/video-2\\\/\"},{\"@type\":\"ListItem\",\"position\":3,\"name\":\"H\u0259bsl\u0259rd\u0259n sonra \u0130\u015f\u00e7i masas\u0131n\u0131n y\u00fck\u00fc qad\u0131nlar\u0131n \u00fcz\u0259rin\u0259 d\u00fc\u015f\u00fcb\"}]},{\"@type\":\"WebSite\",\"@id\":\"https:\\\/\\\/www.meydan.tv\\\/az\\\/#website\",\"url\":\"https:\\\/\\\/www.meydan.tv\\\/az\\\/\",\"name\":\"MEYDAN.TV\",\"description\":\"Meydan TV Az\u0259rbaycan\u0131n media m\u0259kan\u0131ndak\u0131 alternativ s\u0259sidir\",\"publisher\":{\"@id\":\"https:\\\/\\\/www.meydan.tv\\\/az\\\/#organization\"},\"potentialAction\":[{\"@type\":\"SearchAction\",\"target\":{\"@type\":\"EntryPoint\",\"urlTemplate\":\"https:\\\/\\\/www.meydan.tv\\\/az\\\/?s={search_term_string}\"},\"query-input\":{\"@type\":\"PropertyValueSpecification\",\"valueRequired\":true,\"valueName\":\"search_term_string\"}}],\"inLanguage\":\"az\"},{\"@type\":\"Organization\",\"@id\":\"https:\\\/\\\/www.meydan.tv\\\/az\\\/#organization\",\"name\":\"Meydan TV\",\"url\":\"https:\\\/\\\/www.meydan.tv\\\/az\\\/\",\"logo\":{\"@type\":\"ImageObject\",\"inLanguage\":\"az\",\"@id\":\"https:\\\/\\\/www.meydan.tv\\\/az\\\/#\\\/schema\\\/logo\\\/image\\\/\",\"url\":\"https:\\\/\\\/www.meydan.tv\\\/wp-content\\\/uploads\\\/2021\\\/07\\\/meydan-logo.svg\",\"contentUrl\":\"https:\\\/\\\/www.meydan.tv\\\/wp-content\\\/uploads\\\/2021\\\/07\\\/meydan-logo.svg\",\"width\":195,\"height\":46,\"caption\":\"Meydan TV\"},\"image\":{\"@id\":\"https:\\\/\\\/www.meydan.tv\\\/az\\\/#\\\/schema\\\/logo\\\/image\\\/\"}},{\"@type\":\"Person\",\"@id\":\"https:\\\/\\\/www.meydan.tv\\\/az\\\/#\\\/schema\\\/person\\\/476e9360e593fa131d5d71d51866f8da\",\"name\":\"aleks\"}]}<\/script>\n<!-- \/ Yoast SEO plugin. -->","yoast_head_json":{"title":"H\u0259bsl\u0259rd\u0259n sonra \u0130\u015f\u00e7i masas\u0131n\u0131n y\u00fck\u00fc qad\u0131nlar\u0131n \u00fcz\u0259rin\u0259 d\u00fc\u015f\u00fcb - MEYDAN.TV","robots":{"index":"index","follow":"follow","max-snippet":"max-snippet:-1","max-image-preview":"max-image-preview:large","max-video-preview":"max-video-preview:-1"},"canonical":"https:\/\/www.meydan.tv\/az\/article\/hebslerden-sonra-isci-masasinin-yuku-qadinlarin-uzerine-dusub\/","og_locale":"az_AZ","og_type":"article","og_title":"H\u0259bsl\u0259rd\u0259n sonra \u0130\u015f\u00e7i masas\u0131n\u0131n y\u00fck\u00fc qad\u0131nlar\u0131n \u00fcz\u0259rin\u0259 d\u00fc\u015f\u00fcb - MEYDAN.TV","og_description":"Avqustun 1-d\u0259 \u0130\u015f\u00e7i Masas\u0131 v\u0259 Kuryerl\u0259r Birliyi &#8220;Yol h\u0259r\u0259k\u0259ti haqq\u0131nda\u201d ... Davam\u0131","og_url":"https:\/\/www.meydan.tv\/az\/article\/hebslerden-sonra-isci-masasinin-yuku-qadinlarin-uzerine-dusub\/","og_site_name":"MEYDAN.TV","article_published_time":"2023-08-21T15:02:03+00:00","article_modified_time":"2023-08-22T05:51:55+00:00","og_image":[{"width":1200,"height":794,"url":"https:\/\/www.meydan.tv\/wp-content\/uploads\/shutterstock_2136592231.jpg","type":"image\/jpeg"}],"author":"aleks","twitter_card":"summary_large_image","schema":{"@context":"https:\/\/schema.org","@graph":[{"@type":"Article","@id":"https:\/\/www.meydan.tv\/az\/article\/hebslerden-sonra-isci-masasinin-yuku-qadinlarin-uzerine-dusub\/#article","isPartOf":{"@id":"https:\/\/www.meydan.tv\/az\/article\/hebslerden-sonra-isci-masasinin-yuku-qadinlarin-uzerine-dusub\/"},"author":{"name":"aleks","@id":"https:\/\/www.meydan.tv\/az\/#\/schema\/person\/476e9360e593fa131d5d71d51866f8da"},"headline":"H\u0259bsl\u0259rd\u0259n sonra \u0130\u015f\u00e7i masas\u0131n\u0131n y\u00fck\u00fc qad\u0131nlar\u0131n \u00fcz\u0259rin\u0259 d\u00fc\u015f\u00fcb","datePublished":"2023-08-21T15:02:03+00:00","dateModified":"2023-08-22T05:51:55+00:00","mainEntityOfPage":{"@id":"https:\/\/www.meydan.tv\/az\/article\/hebslerden-sonra-isci-masasinin-yuku-qadinlarin-uzerine-dusub\/"},"wordCount":607,"publisher":{"@id":"https:\/\/www.meydan.tv\/az\/#organization"},"image":{"@id":"https:\/\/www.meydan.tv\/az\/article\/hebslerden-sonra-isci-masasinin-yuku-qadinlarin-uzerine-dusub\/#primaryimage"},"thumbnailUrl":"https:\/\/www.meydan.tv\/wp-content\/uploads\/shutterstock_2136592231.jpg","articleSection":["Sosial","Video"],"inLanguage":"az"},{"@type":"WebPage","@id":"https:\/\/www.meydan.tv\/az\/article\/hebslerden-sonra-isci-masasinin-yuku-qadinlarin-uzerine-dusub\/","url":"https:\/\/www.meydan.tv\/az\/article\/hebslerden-sonra-isci-masasinin-yuku-qadinlarin-uzerine-dusub\/","name":"H\u0259bsl\u0259rd\u0259n sonra \u0130\u015f\u00e7i masas\u0131n\u0131n y\u00fck\u00fc qad\u0131nlar\u0131n \u00fcz\u0259rin\u0259 d\u00fc\u015f\u00fcb - MEYDAN.TV","isPartOf":{"@id":"https:\/\/www.meydan.tv\/az\/#website"},"primaryImageOfPage":{"@id":"https:\/\/www.meydan.tv\/az\/article\/hebslerden-sonra-isci-masasinin-yuku-qadinlarin-uzerine-dusub\/#primaryimage"},"image":{"@id":"https:\/\/www.meydan.tv\/az\/article\/hebslerden-sonra-isci-masasinin-yuku-qadinlarin-uzerine-dusub\/#primaryimage"},"thumbnailUrl":"https:\/\/www.meydan.tv\/wp-content\/uploads\/shutterstock_2136592231.jpg","datePublished":"2023-08-21T15:02:03+00:00","dateModified":"2023-08-22T05:51:55+00:00","breadcrumb":{"@id":"https:\/\/www.meydan.tv\/az\/article\/hebslerden-sonra-isci-masasinin-yuku-qadinlarin-uzerine-dusub\/#breadcrumb"},"inLanguage":"az","potentialAction":[{"@type":"ReadAction","target":["https:\/\/www.meydan.tv\/az\/article\/hebslerden-sonra-isci-masasinin-yuku-qadinlarin-uzerine-dusub\/"]}]},{"@type":"ImageObject","inLanguage":"az","@id":"https:\/\/www.meydan.tv\/az\/article\/hebslerden-sonra-isci-masasinin-yuku-qadinlarin-uzerine-dusub\/#primaryimage","url":"https:\/\/www.meydan.tv\/wp-content\/uploads\/shutterstock_2136592231.jpg","contentUrl":"https:\/\/www.meydan.tv\/wp-content\/uploads\/shutterstock_2136592231.jpg","width":1200,"height":794,"caption":"Wolt. Foto: ShU studio\/shutterstock"},{"@type":"BreadcrumbList","@id":"https:\/\/www.meydan.tv\/az\/article\/hebslerden-sonra-isci-masasinin-yuku-qadinlarin-uzerine-dusub\/#breadcrumb","itemListElement":[{"@type":"ListItem","position":1,"name":"Ana s\u0259hif\u0259","item":"https:\/\/www.meydan.tv\/az\/"},{"@type":"ListItem","position":2,"name":"Video","item":"https:\/\/www.meydan.tv\/az\/section\/video-2\/"},{"@type":"ListItem","position":3,"name":"H\u0259bsl\u0259rd\u0259n sonra \u0130\u015f\u00e7i masas\u0131n\u0131n y\u00fck\u00fc qad\u0131nlar\u0131n \u00fcz\u0259rin\u0259 d\u00fc\u015f\u00fcb"}]},{"@type":"WebSite","@id":"https:\/\/www.meydan.tv\/az\/#website","url":"https:\/\/www.meydan.tv\/az\/","name":"MEYDAN.TV","description":"Meydan TV Az\u0259rbaycan\u0131n media m\u0259kan\u0131ndak\u0131 alternativ s\u0259sidir","publisher":{"@id":"https:\/\/www.meydan.tv\/az\/#organization"},"potentialAction":[{"@type":"SearchAction","target":{"@type":"EntryPoint","urlTemplate":"https:\/\/www.meydan.tv\/az\/?s={search_term_string}"},"query-input":{"@type":"PropertyValueSpecification","valueRequired":true,"valueName":"search_term_string"}}],"inLanguage":"az"},{"@type":"Organization","@id":"https:\/\/www.meydan.tv\/az\/#organization","name":"Meydan TV","url":"https:\/\/www.meydan.tv\/az\/","logo":{"@type":"ImageObject","inLanguage":"az","@id":"https:\/\/www.meydan.tv\/az\/#\/schema\/logo\/image\/","url":"https:\/\/www.meydan.tv\/wp-content\/uploads\/2021\/07\/meydan-logo.svg","contentUrl":"https:\/\/www.meydan.tv\/wp-content\/uploads\/2021\/07\/meydan-logo.svg","width":195,"height":46,"caption":"Meydan TV"},"image":{"@id":"https:\/\/www.meydan.tv\/az\/#\/schema\/logo\/image\/"}},{"@type":"Person","@id":"https:\/\/www.meydan.tv\/az\/#\/schema\/person\/476e9360e593fa131d5d71d51866f8da","name":"aleks"}]}},"_links":{"self":[{"href":"https:\/\/www.meydan.tv\/az\/wp-json\/wp\/v2\/posts\/282799","targetHints":{"allow":["GET"]}}],"collection":[{"href":"https:\/\/www.meydan.tv\/az\/wp-json\/wp\/v2\/posts"}],"about":[{"href":"https:\/\/www.meydan.tv\/az\/wp-json\/wp\/v2\/types\/post"}],"author":[{"embeddable":true,"href":"https:\/\/www.meydan.tv\/az\/wp-json\/wp\/v2\/users\/12"}],"replies":[{"embeddable":true,"href":"https:\/\/www.meydan.tv\/az\/wp-json\/wp\/v2\/comments?post=282799"}],"version-history":[{"count":3,"href":"https:\/\/www.meydan.tv\/az\/wp-json\/wp\/v2\/posts\/282799\/revisions"}],"predecessor-version":[{"id":282828,"href":"https:\/\/www.meydan.tv\/az\/wp-json\/wp\/v2\/posts\/282799\/revisions\/282828"}],"wp:featuredmedia":[{"embeddable":true,"href":"https:\/\/www.meydan.tv\/az\/wp-json\/wp\/v2\/media\/282256"}],"wp:attachment":[{"href":"https:\/\/www.meydan.tv\/az\/wp-json\/wp\/v2\/media?parent=282799"}],"wp:term":[{"taxonomy":"category","embeddable":true,"href":"https:\/\/www.meydan.tv\/az\/wp-json\/wp\/v2\/categories?post=282799"},{"taxonomy":"post_tag","embeddable":true,"href":"https:\/\/www.meydan.tv\/az\/wp-json\/wp\/v2\/tags?post=282799"}],"curies":[{"name":"wp","href":"https:\/\/api.w.org\/{rel}","templated":true}]}}