{"id":282756,"date":"2023-08-21T14:51:48","date_gmt":"2023-08-21T10:51:48","guid":{"rendered":"https:\/\/www.meydan.tv\/?p=282756"},"modified":"2023-08-21T19:04:53","modified_gmt":"2023-08-21T15:04:53","slug":"niderland-ve-danimarka-ukraynaya-qirici-teyyareler-verir","status":"publish","type":"post","link":"https:\/\/www.meydan.tv\/az\/article\/niderland-ve-danimarka-ukraynaya-qirici-teyyareler-verir\/","title":{"rendered":"Niderland v\u0259 Danimarka Ukraynaya q\u0131r\u0131c\u0131 t\u0259yyar\u0259l\u0259r verir"},"content":{"rendered":"\n<figure class=\"wp-block-embed is-type-video is-provider-youtube wp-block-embed-youtube wp-embed-aspect-16-9 wp-has-aspect-ratio\"><div class=\"wp-block-embed__wrapper\">\n<iframe title=\"Niderland v\u0259 Danimarka F-16 q\u0131r\u0131c\u0131lar\u0131n\u0131 Ukraynaya t\u0259hvil ver\u0259c\u0259k\" width=\"1200\" height=\"675\" data-src=\"https:\/\/www.youtube.com\/embed\/rM6PcvA1UtU?feature=oembed\" frameborder=\"0\" allow=\"accelerometer; autoplay; clipboard-write; encrypted-media; gyroscope; picture-in-picture; web-share\" allowfullscreen src=\"data:image\/svg+xml;base64,PHN2ZyB3aWR0aD0iMSIgaGVpZ2h0PSIxIiB4bWxucz0iaHR0cDovL3d3dy53My5vcmcvMjAwMC9zdmciPjwvc3ZnPg==\" class=\"lazyload\" data-load-mode=\"1\"><\/iframe>\n<\/div><\/figure>\n\n\n\n<p><strong><em>Ukrayna h\u0259min q\u0131r\u0131c\u0131lardan yaln\u0131z \u00f6z \u00f6lk\u0259sind\u0259 istifad\u0259 ed\u0259 bil\u0259r<\/em><\/strong><\/p>\n\n\n\n<p>Avqustun 20-d\u0259 Niderland v\u0259 Danimarka F-16 q\u0131r\u0131c\u0131lar\u0131n\u0131 Ukraynaya t\u0259hvil verm\u0259k q\u0259rar\u0131n\u0131 a\u00e7\u0131qlay\u0131b. Ukraynal\u0131 pilotlar v\u0259 m\u00fch\u0259ndisl\u0259r art\u0131q bu t\u0259yyar\u0259l\u0259rd\u0259n istifad\u0259 qaydalar\u0131n\u0131 \u00f6yr\u0259nm\u0259y\u0259 ba\u015flay\u0131blar.<\/p>\n\n\n\n<p>Ukrayna Prezidenti Vladimir Zelenski bu bar\u0259d\u0259 \u201cTelegram\u201d-da payla\u015f\u0131m edib.<\/p>\n\n\n\n<p>M\u0259lumata g\u00f6r\u0259, Danimarka g\u0259l\u0259n il\u0259 q\u0259d\u0259r ilk F-16-lar\u0131 Ukraynaya t\u0259hvil verm\u0259yi planla\u015fd\u0131r\u0131r.<br>Danimarkan\u0131n m\u00fcdafi\u0259 naziri Yakob Ellemann-Jesen deyib ki, \u00f6lk\u0259si v\u0259 Niderland\u0131n verdiyi F-16 q\u0131r\u0131c\u0131 t\u0259yyar\u0259l\u0259rini Ukrayna yaln\u0131z \u00f6z \u0259razisind\u0259 istifad\u0259 ed\u0259 bil\u0259r.<\/p>\n\n\n\n<p>Nazir bildirib ki, bu texnika Kiyev\u0259 yaln\u0131z d\u00fc\u015fm\u0259ni Ukrayna \u0259razisind\u0259n s\u0131x\u0131\u015fd\u0131rmaq \u00fc\u00e7\u00fcn verilir.<\/p>\n\n\n\n<p>Raz\u0131la\u015fmaya \u0259sas\u0259n, Danimarka 19, Niderland is\u0259 Ukraynaya 42 \u201cF-16\u201d q\u0131r\u0131c\u0131 t\u0259yyar\u0259si ver\u0259c\u0259k.<\/p>\n\n\n\n<p>Vladimir Zelenski Niderland\u0131n Ba\u015f naziri Mark Ryutte il\u0259 g\u00f6r\u00fc\u015fd\u0259 bu bar\u0259d\u0259 raz\u0131l\u0131q \u0259ld\u0259 olundu\u011funu qeyd edib:<\/p>\n\n\n\n<p>\u201c<em>T\u0259yyar\u0259l\u0259r Ukrayna pilotlar\u0131 v\u0259 m\u00fch\u0259ndisl\u0259ri t\u0259liml\u0259r ke\u00e7dikd\u0259n sonra t\u0259qdim <a href=\"https:\/\/t.me\/V_Zelenskiy_official\/7463\" target=\"_blank\" rel=\"noreferrer noopener\">olunacaq\u201d<\/a><\/em>.<\/p>\n\n\n\n<p>Rusiya xarici i\u015fl\u0259r nazirinin m\u00fcavini Aleksandr Qru\u015fko is\u0259 bildirib ki, Q\u0259rb \u00f6lk\u0259l\u0259ri Ukraynaya F-16 q\u0131r\u0131c\u0131lar\u0131 t\u0259dar\u00fck ets\u0259l\u0259r, \u201cb\u00f6y\u00fck riskl\u0259r\u201dl\u0259 \u00fczl\u0259\u015f\u0259c\u0259kl\u0259r.<\/p>\n\n\n\n<p><em>&#8220;Biz g\u00f6r\u00fcr\u00fck ki, Q\u0259rb \u00f6lk\u0259l\u0259ri h\u0259l\u0259 d\u0259 eskalasiya ssenarisin\u0259 sadiqdirl\u0259r. Bu, \u00f6zl\u0259ri \u00fc\u00e7\u00fcn b\u00f6y\u00fck riskl\u0259r da\u015f\u0131y\u0131r&#8221;<\/em>, &#8211; dey\u0259 Qru\u015fko \u0259lav\u0259 edib.<\/p>\n\n\n\n<p>Ukrayna H\u0259rbi Hava Q\u00fcvv\u0259l\u0259rinin s\u00f6z\u00e7\u00fcs\u00fc polkovnik Yuri \u0130qnat \u201cEspreso TV\u201d-y\u0259 deyib ki, Kiyev F-16 q\u0131r\u0131c\u0131lar\u0131n\u0131 yerl\u0259\u015fdirdikd\u0259n sonra m\u00fcharib\u0259d\u0259 qalib g\u0259l\u0259c\u0259kl\u0259r:<\/p>\n\n\n\n<p><em>&#8220;\u00c7\u00fcnki onlar zenit raketl\u0259rinin \u0259hat\u0259 dair\u0259sind\u0259n k\u0259nar \u0259razil\u0259rd\u0259 m\u00fcdafi\u0259 m\u00fchafiz\u0259si t\u0259min ed\u0259 bilirdil\u0259r. Bizim hava h\u00fccumundan m\u00fcdafi\u0259mizin ayr\u0131lmaz hiss\u0259si olmaq \u00fc\u00e7\u00fcn F-16-lara ehtiyac\u0131m\u0131z var. Bu q\u0131r\u0131c\u0131lar h\u0259m y\u00fcks\u0259k, h\u0259m d\u0259 a\u015fa\u011f\u0131 h\u00fcnd\u00fcrl\u00fckd\u0259n hava h\u0259d\u0259fl\u0259rini vura bilir. F-16-lardan istifad\u0259 etm\u0259kl\u0259 bizim quru qo\u015funlar\u0131m\u0131z d\u00fc\u015fm\u0259n komandanl\u0131q m\u0259nt\u0259q\u0259l\u0259rini, h\u0259rbi qrupla\u015fmalar\u0131n\u0131 v\u0259 logistik t\u0259chizat z\u0259ncirl\u0259rini h\u0259d\u0259f\u0259 alaraq i\u015f\u011fal alt\u0131ndak\u0131 Ukrayna \u0259razil\u0259rini s\u00fcr\u0259tl\u0259 azad ed\u0259 <a href=\"https:\/\/www.reuters.com\/world\/europe\/russia-says-supplying-f-16-jets-ukraine-would-carry-colossal-risks-west-tass-2023-05-20\/\" target=\"_blank\" rel=\"noreferrer noopener\">bil\u0259c\u0259k\u201d.<\/a><\/em><\/p>\n\n\n\n<p><strong>Tarix\u00e7\u0259<\/strong><\/p>\n\n\n\n<p>2022-cil il Rusiya Prezidenti Vladimir Putin Ukraynan\u0131n \u015f\u0259rqind\u0259ki separat\u00e7\u0131 qurumlar\u0131 tan\u0131d\u0131\u011f\u0131n\u0131 b\u0259yan etdikd\u0259n 2 g\u00fcn sonra, fevral\u0131n 24-d\u0259 Ukraynaya qar\u015f\u0131 m\u00fcharib\u0259y\u0259 ba\u015flay\u0131b.<br>D\u00fcnyan\u0131n \u0259ks\u0259r \u00f6lk\u0259si Rusiyan\u0131n h\u00fccumunu pisl\u0259yib. Bundan sonra Avropa Birliyi \u00f6lk\u0259l\u0259ri, el\u0259c\u0259 d\u0259 AB\u015e Rusiyaya qar\u015f\u0131 sanksiyalar t\u0259tbiq edib. 600-d\u0259n \u00e7ox rusiyal\u0131 oliqarx, y\u00fcks\u0259k r\u00fctb\u0259li h\u0259rb\u00e7il\u0259r, \u015firk\u0259t sahibl\u0259ri, biznesmenl\u0259rl\u0259 yana\u015f\u0131, Rusiya Prezidenti Vladimir Putin v\u0259 xarici i\u015fl\u0259r naziri Sergey Lavrova qar\u015f\u0131 sanksiyalar t\u0259tbiq edilib. Rusiyada t\u0259\u015fkil olunacaq yar\u0131\u015flar t\u0259xir\u0259 sal\u0131n\u0131b, bu \u00f6lk\u0259nin ad\u0131 m\u00fch\u00fcm t\u0259dbirl\u0259rd\u0259n v\u0259 t\u0259\u015fkilatlardan \u00e7\u0131xar\u0131l\u0131b.<\/p>\n\n\n\n<p>2022-ci il aprelin 7-d\u0259 is\u0259 BMT Ba\u015f Assambleyas\u0131 Rusiyan\u0131n t\u0259\u015fkilat\u0131n \u0130nsan H\u00fcquqlar\u0131 \u015euras\u0131ndan \u00e7\u0131xar\u0131lmas\u0131 il\u0259 ba\u011fl\u0131 q\u0259tnam\u0259 q\u0259bul edib. Rusiya is\u0259 Avropa \u015euras\u0131 \u00fczvl\u00fcy\u00fcnd\u0259n \u00e7\u0131x\u0131b.<\/p>\n\n\n\n<p>Rusiya ordusunun Bu\u00e7a v\u0259 dig\u0259r Ukrayna \u015f\u0259h\u0259rl\u0259rind\u0259 k\u00fctl\u0259vi q\u0259tliamlar v\u0259 m\u00fcharib\u0259 cinay\u0259tl\u0259ri t\u00f6r\u0259tdiyi iddia olunur.<\/p>\n\n\n\n<p>2022-ci il iyunun 25-d\u0259 Avropa \u0130ttifaq\u0131n\u0131n 12 \u00f6lk\u0259si Rusiya qaz\u0131n\u0131n t\u0259dar\u00fck\u00fcnd\u0259n tamamil\u0259 v\u0259 ya qism\u0259n imtina edib.<\/p>\n\n\n\n<p>2022-ci ilin sentyabr\u0131n 30-da Vladimir Putin Rusiyan\u0131n n\u0259zar\u0259ti \u0259l\u0259 ke\u00e7irdiyi \u0259razil\u0259rl\u0259 m\u00fcqavil\u0259 imzalay\u0131b.<\/p>\n\n\n\n<p>Sentyabr\u0131n 23-d\u0259n -27-d\u0259k Rusiyan\u0131n i\u015f\u011fal alt\u0131nda saxlad\u0131\u011f\u0131 Donetsk, Luqansk, Xerson v\u0259 Zaporojye vilay\u0259tl\u0259rind\u0259 referendum ke\u00e7irilib.<\/p>\n\n\n\n<p>Referendumda \u00fc\u00e7 sual qoyulub: \u201cSiz regionun Ukraynadan ay\u0131r\u0131lmas\u0131n\u0131n, m\u00fcst\u0259qil d\u00f6vl\u0259t yarad\u0131lmas\u0131n\u0131n v\u0259 Rusiyan\u0131n t\u0259rkibin\u0259 daxil olmas\u0131n\u0131n t\u0259r\u0259fdar\u0131s\u0131n\u0131zm\u0131?\u201d<br>Rusiyan\u0131n a\u00e7\u0131qlad\u0131\u011f\u0131 n\u0259tic\u0259l\u0259r\u0259 g\u00f6r\u0259, h\u0259min vilay\u0259tl\u0259rin sakinl\u0259ri Rusiyan\u0131 d\u0259st\u0259kl\u0259yib.<\/p>\n","protected":false},"excerpt":{"rendered":"<p>Ukrayna h\u0259min q\u0131r\u0131c\u0131lardan yaln\u0131z \u00f6z \u00f6lk\u0259sind\u0259 istifad\u0259 ed\u0259 bil\u0259r Avqustun &#8230; <\/p>\n<p class=\"read-more-container\"><a title=\"Niderland v\u0259 Danimarka Ukraynaya q\u0131r\u0131c\u0131 t\u0259yyar\u0259l\u0259r verir\" class=\"read-more button\" href=\"https:\/\/www.meydan.tv\/az\/article\/niderland-ve-danimarka-ukraynaya-qirici-teyyareler-verir\/#more-282756\" aria-label=\"Read more about Niderland v\u0259 Danimarka Ukraynaya q\u0131r\u0131c\u0131 t\u0259yyar\u0259l\u0259r verir\">Davam\u0131<\/a><\/p>\n","protected":false},"author":8,"featured_media":282753,"comment_status":"closed","ping_status":"closed","sticky":false,"template":"","format":"standard","meta":{"_acf_changed":false,"_sitemap_exclude":false,"_sitemap_priority":"","_sitemap_frequency":"","footnotes":""},"categories":[64,59,79,63,56],"tags":[],"class_list":["post-282756","post","type-post","status-publish","format-standard","has-post-thumbnail","hentry","category-dunya","category-siyaset","category-featured","category-video-2","category-xeberler","infinite-scroll-item","generate-columns","tablet-grid-50","mobile-grid-100","grid-parent","grid-33","no-featured-image-padding"],"acf":[],"yoast_head":"<!-- This site is optimized with the Yoast SEO plugin v27.5 - https:\/\/yoast.com\/product\/yoast-seo-wordpress\/ -->\n<title>Niderland v\u0259 Danimarka Ukraynaya q\u0131r\u0131c\u0131 t\u0259yyar\u0259l\u0259r verir - MEYDAN.TV<\/title>\n<meta name=\"robots\" content=\"index, follow, max-snippet:-1, max-image-preview:large, max-video-preview:-1\" \/>\n<link rel=\"canonical\" href=\"https:\/\/www.meydan.tv\/az\/article\/niderland-ve-danimarka-ukraynaya-qirici-teyyareler-verir\/\" \/>\n<meta property=\"og:locale\" content=\"az_AZ\" \/>\n<meta property=\"og:type\" content=\"article\" \/>\n<meta property=\"og:title\" content=\"Niderland v\u0259 Danimarka Ukraynaya q\u0131r\u0131c\u0131 t\u0259yyar\u0259l\u0259r verir - MEYDAN.TV\" \/>\n<meta property=\"og:description\" content=\"Ukrayna h\u0259min q\u0131r\u0131c\u0131lardan yaln\u0131z \u00f6z \u00f6lk\u0259sind\u0259 istifad\u0259 ed\u0259 bil\u0259r Avqustun ... Davam\u0131\" \/>\n<meta property=\"og:url\" content=\"https:\/\/www.meydan.tv\/az\/article\/niderland-ve-danimarka-ukraynaya-qirici-teyyareler-verir\/\" \/>\n<meta property=\"og:site_name\" content=\"MEYDAN.TV\" \/>\n<meta property=\"article:published_time\" content=\"2023-08-21T10:51:48+00:00\" \/>\n<meta property=\"article:modified_time\" content=\"2023-08-21T15:04:53+00:00\" \/>\n<meta property=\"og:image\" content=\"https:\/\/www.meydan.tv\/wp-content\/uploads\/img_6491.jpg\" \/>\n\t<meta property=\"og:image:width\" content=\"1200\" \/>\n\t<meta property=\"og:image:height\" content=\"800\" \/>\n\t<meta property=\"og:image:type\" content=\"image\/jpeg\" \/>\n<meta name=\"author\" content=\"elli\" \/>\n<meta name=\"twitter:card\" content=\"summary_large_image\" \/>\n<meta name=\"twitter:creator\" content=\"@elli\" \/>\n<script type=\"application\/ld+json\" class=\"yoast-schema-graph\">{\"@context\":\"https:\\\/\\\/schema.org\",\"@graph\":[{\"@type\":\"Article\",\"@id\":\"https:\\\/\\\/www.meydan.tv\\\/az\\\/article\\\/niderland-ve-danimarka-ukraynaya-qirici-teyyareler-verir\\\/#article\",\"isPartOf\":{\"@id\":\"https:\\\/\\\/www.meydan.tv\\\/az\\\/article\\\/niderland-ve-danimarka-ukraynaya-qirici-teyyareler-verir\\\/\"},\"author\":{\"name\":\"elli\",\"@id\":\"https:\\\/\\\/www.meydan.tv\\\/az\\\/#\\\/schema\\\/person\\\/9cdbecf90d17180ce1dfbd95b08dcf47\"},\"headline\":\"Niderland v\u0259 Danimarka Ukraynaya q\u0131r\u0131c\u0131 t\u0259yyar\u0259l\u0259r verir\",\"datePublished\":\"2023-08-21T10:51:48+00:00\",\"dateModified\":\"2023-08-21T15:04:53+00:00\",\"mainEntityOfPage\":{\"@id\":\"https:\\\/\\\/www.meydan.tv\\\/az\\\/article\\\/niderland-ve-danimarka-ukraynaya-qirici-teyyareler-verir\\\/\"},\"wordCount\":794,\"publisher\":{\"@id\":\"https:\\\/\\\/www.meydan.tv\\\/az\\\/#organization\"},\"image\":{\"@id\":\"https:\\\/\\\/www.meydan.tv\\\/az\\\/article\\\/niderland-ve-danimarka-ukraynaya-qirici-teyyareler-verir\\\/#primaryimage\"},\"thumbnailUrl\":\"https:\\\/\\\/www.meydan.tv\\\/wp-content\\\/uploads\\\/img_6491.jpg\",\"articleSection\":[\"D\u00fcnya\",\"Siyas\u0259t\",\"T\u00f6vsiy\u0259\",\"Video\",\"X\u0259b\u0259rl\u0259r\"],\"inLanguage\":\"az\"},{\"@type\":\"WebPage\",\"@id\":\"https:\\\/\\\/www.meydan.tv\\\/az\\\/article\\\/niderland-ve-danimarka-ukraynaya-qirici-teyyareler-verir\\\/\",\"url\":\"https:\\\/\\\/www.meydan.tv\\\/az\\\/article\\\/niderland-ve-danimarka-ukraynaya-qirici-teyyareler-verir\\\/\",\"name\":\"Niderland v\u0259 Danimarka Ukraynaya q\u0131r\u0131c\u0131 t\u0259yyar\u0259l\u0259r verir - MEYDAN.TV\",\"isPartOf\":{\"@id\":\"https:\\\/\\\/www.meydan.tv\\\/az\\\/#website\"},\"primaryImageOfPage\":{\"@id\":\"https:\\\/\\\/www.meydan.tv\\\/az\\\/article\\\/niderland-ve-danimarka-ukraynaya-qirici-teyyareler-verir\\\/#primaryimage\"},\"image\":{\"@id\":\"https:\\\/\\\/www.meydan.tv\\\/az\\\/article\\\/niderland-ve-danimarka-ukraynaya-qirici-teyyareler-verir\\\/#primaryimage\"},\"thumbnailUrl\":\"https:\\\/\\\/www.meydan.tv\\\/wp-content\\\/uploads\\\/img_6491.jpg\",\"datePublished\":\"2023-08-21T10:51:48+00:00\",\"dateModified\":\"2023-08-21T15:04:53+00:00\",\"breadcrumb\":{\"@id\":\"https:\\\/\\\/www.meydan.tv\\\/az\\\/article\\\/niderland-ve-danimarka-ukraynaya-qirici-teyyareler-verir\\\/#breadcrumb\"},\"inLanguage\":\"az\",\"potentialAction\":[{\"@type\":\"ReadAction\",\"target\":[\"https:\\\/\\\/www.meydan.tv\\\/az\\\/article\\\/niderland-ve-danimarka-ukraynaya-qirici-teyyareler-verir\\\/\"]}]},{\"@type\":\"ImageObject\",\"inLanguage\":\"az\",\"@id\":\"https:\\\/\\\/www.meydan.tv\\\/az\\\/article\\\/niderland-ve-danimarka-ukraynaya-qirici-teyyareler-verir\\\/#primaryimage\",\"url\":\"https:\\\/\\\/www.meydan.tv\\\/wp-content\\\/uploads\\\/img_6491.jpg\",\"contentUrl\":\"https:\\\/\\\/www.meydan.tv\\\/wp-content\\\/uploads\\\/img_6491.jpg\",\"width\":1200,\"height\":800,\"caption\":\"Foto: Reuters\"},{\"@type\":\"BreadcrumbList\",\"@id\":\"https:\\\/\\\/www.meydan.tv\\\/az\\\/article\\\/niderland-ve-danimarka-ukraynaya-qirici-teyyareler-verir\\\/#breadcrumb\",\"itemListElement\":[{\"@type\":\"ListItem\",\"position\":1,\"name\":\"Ana s\u0259hif\u0259\",\"item\":\"https:\\\/\\\/www.meydan.tv\\\/az\\\/\"},{\"@type\":\"ListItem\",\"position\":2,\"name\":\"Siyas\u0259t\",\"item\":\"https:\\\/\\\/www.meydan.tv\\\/az\\\/section\\\/siyaset\\\/\"},{\"@type\":\"ListItem\",\"position\":3,\"name\":\"Niderland v\u0259 Danimarka Ukraynaya q\u0131r\u0131c\u0131 t\u0259yyar\u0259l\u0259r verir\"}]},{\"@type\":\"WebSite\",\"@id\":\"https:\\\/\\\/www.meydan.tv\\\/az\\\/#website\",\"url\":\"https:\\\/\\\/www.meydan.tv\\\/az\\\/\",\"name\":\"MEYDAN.TV\",\"description\":\"Meydan TV Az\u0259rbaycan\u0131n media m\u0259kan\u0131ndak\u0131 alternativ s\u0259sidir\",\"publisher\":{\"@id\":\"https:\\\/\\\/www.meydan.tv\\\/az\\\/#organization\"},\"potentialAction\":[{\"@type\":\"SearchAction\",\"target\":{\"@type\":\"EntryPoint\",\"urlTemplate\":\"https:\\\/\\\/www.meydan.tv\\\/az\\\/?s={search_term_string}\"},\"query-input\":{\"@type\":\"PropertyValueSpecification\",\"valueRequired\":true,\"valueName\":\"search_term_string\"}}],\"inLanguage\":\"az\"},{\"@type\":\"Organization\",\"@id\":\"https:\\\/\\\/www.meydan.tv\\\/az\\\/#organization\",\"name\":\"Meydan TV\",\"url\":\"https:\\\/\\\/www.meydan.tv\\\/az\\\/\",\"logo\":{\"@type\":\"ImageObject\",\"inLanguage\":\"az\",\"@id\":\"https:\\\/\\\/www.meydan.tv\\\/az\\\/#\\\/schema\\\/logo\\\/image\\\/\",\"url\":\"https:\\\/\\\/www.meydan.tv\\\/wp-content\\\/uploads\\\/2021\\\/07\\\/meydan-logo.svg\",\"contentUrl\":\"https:\\\/\\\/www.meydan.tv\\\/wp-content\\\/uploads\\\/2021\\\/07\\\/meydan-logo.svg\",\"width\":195,\"height\":46,\"caption\":\"Meydan TV\"},\"image\":{\"@id\":\"https:\\\/\\\/www.meydan.tv\\\/az\\\/#\\\/schema\\\/logo\\\/image\\\/\"}},{\"@type\":\"Person\",\"@id\":\"https:\\\/\\\/www.meydan.tv\\\/az\\\/#\\\/schema\\\/person\\\/9cdbecf90d17180ce1dfbd95b08dcf47\",\"name\":\"elli\",\"sameAs\":[\"https:\\\/\\\/x.com\\\/elli\"]}]}<\/script>\n<!-- \/ Yoast SEO plugin. -->","yoast_head_json":{"title":"Niderland v\u0259 Danimarka Ukraynaya q\u0131r\u0131c\u0131 t\u0259yyar\u0259l\u0259r verir - MEYDAN.TV","robots":{"index":"index","follow":"follow","max-snippet":"max-snippet:-1","max-image-preview":"max-image-preview:large","max-video-preview":"max-video-preview:-1"},"canonical":"https:\/\/www.meydan.tv\/az\/article\/niderland-ve-danimarka-ukraynaya-qirici-teyyareler-verir\/","og_locale":"az_AZ","og_type":"article","og_title":"Niderland v\u0259 Danimarka Ukraynaya q\u0131r\u0131c\u0131 t\u0259yyar\u0259l\u0259r verir - MEYDAN.TV","og_description":"Ukrayna h\u0259min q\u0131r\u0131c\u0131lardan yaln\u0131z \u00f6z \u00f6lk\u0259sind\u0259 istifad\u0259 ed\u0259 bil\u0259r Avqustun ... Davam\u0131","og_url":"https:\/\/www.meydan.tv\/az\/article\/niderland-ve-danimarka-ukraynaya-qirici-teyyareler-verir\/","og_site_name":"MEYDAN.TV","article_published_time":"2023-08-21T10:51:48+00:00","article_modified_time":"2023-08-21T15:04:53+00:00","og_image":[{"width":1200,"height":800,"url":"https:\/\/www.meydan.tv\/wp-content\/uploads\/img_6491.jpg","type":"image\/jpeg"}],"author":"elli","twitter_card":"summary_large_image","twitter_creator":"@elli","schema":{"@context":"https:\/\/schema.org","@graph":[{"@type":"Article","@id":"https:\/\/www.meydan.tv\/az\/article\/niderland-ve-danimarka-ukraynaya-qirici-teyyareler-verir\/#article","isPartOf":{"@id":"https:\/\/www.meydan.tv\/az\/article\/niderland-ve-danimarka-ukraynaya-qirici-teyyareler-verir\/"},"author":{"name":"elli","@id":"https:\/\/www.meydan.tv\/az\/#\/schema\/person\/9cdbecf90d17180ce1dfbd95b08dcf47"},"headline":"Niderland v\u0259 Danimarka Ukraynaya q\u0131r\u0131c\u0131 t\u0259yyar\u0259l\u0259r verir","datePublished":"2023-08-21T10:51:48+00:00","dateModified":"2023-08-21T15:04:53+00:00","mainEntityOfPage":{"@id":"https:\/\/www.meydan.tv\/az\/article\/niderland-ve-danimarka-ukraynaya-qirici-teyyareler-verir\/"},"wordCount":794,"publisher":{"@id":"https:\/\/www.meydan.tv\/az\/#organization"},"image":{"@id":"https:\/\/www.meydan.tv\/az\/article\/niderland-ve-danimarka-ukraynaya-qirici-teyyareler-verir\/#primaryimage"},"thumbnailUrl":"https:\/\/www.meydan.tv\/wp-content\/uploads\/img_6491.jpg","articleSection":["D\u00fcnya","Siyas\u0259t","T\u00f6vsiy\u0259","Video","X\u0259b\u0259rl\u0259r"],"inLanguage":"az"},{"@type":"WebPage","@id":"https:\/\/www.meydan.tv\/az\/article\/niderland-ve-danimarka-ukraynaya-qirici-teyyareler-verir\/","url":"https:\/\/www.meydan.tv\/az\/article\/niderland-ve-danimarka-ukraynaya-qirici-teyyareler-verir\/","name":"Niderland v\u0259 Danimarka Ukraynaya q\u0131r\u0131c\u0131 t\u0259yyar\u0259l\u0259r verir - MEYDAN.TV","isPartOf":{"@id":"https:\/\/www.meydan.tv\/az\/#website"},"primaryImageOfPage":{"@id":"https:\/\/www.meydan.tv\/az\/article\/niderland-ve-danimarka-ukraynaya-qirici-teyyareler-verir\/#primaryimage"},"image":{"@id":"https:\/\/www.meydan.tv\/az\/article\/niderland-ve-danimarka-ukraynaya-qirici-teyyareler-verir\/#primaryimage"},"thumbnailUrl":"https:\/\/www.meydan.tv\/wp-content\/uploads\/img_6491.jpg","datePublished":"2023-08-21T10:51:48+00:00","dateModified":"2023-08-21T15:04:53+00:00","breadcrumb":{"@id":"https:\/\/www.meydan.tv\/az\/article\/niderland-ve-danimarka-ukraynaya-qirici-teyyareler-verir\/#breadcrumb"},"inLanguage":"az","potentialAction":[{"@type":"ReadAction","target":["https:\/\/www.meydan.tv\/az\/article\/niderland-ve-danimarka-ukraynaya-qirici-teyyareler-verir\/"]}]},{"@type":"ImageObject","inLanguage":"az","@id":"https:\/\/www.meydan.tv\/az\/article\/niderland-ve-danimarka-ukraynaya-qirici-teyyareler-verir\/#primaryimage","url":"https:\/\/www.meydan.tv\/wp-content\/uploads\/img_6491.jpg","contentUrl":"https:\/\/www.meydan.tv\/wp-content\/uploads\/img_6491.jpg","width":1200,"height":800,"caption":"Foto: Reuters"},{"@type":"BreadcrumbList","@id":"https:\/\/www.meydan.tv\/az\/article\/niderland-ve-danimarka-ukraynaya-qirici-teyyareler-verir\/#breadcrumb","itemListElement":[{"@type":"ListItem","position":1,"name":"Ana s\u0259hif\u0259","item":"https:\/\/www.meydan.tv\/az\/"},{"@type":"ListItem","position":2,"name":"Siyas\u0259t","item":"https:\/\/www.meydan.tv\/az\/section\/siyaset\/"},{"@type":"ListItem","position":3,"name":"Niderland v\u0259 Danimarka Ukraynaya q\u0131r\u0131c\u0131 t\u0259yyar\u0259l\u0259r verir"}]},{"@type":"WebSite","@id":"https:\/\/www.meydan.tv\/az\/#website","url":"https:\/\/www.meydan.tv\/az\/","name":"MEYDAN.TV","description":"Meydan TV Az\u0259rbaycan\u0131n media m\u0259kan\u0131ndak\u0131 alternativ s\u0259sidir","publisher":{"@id":"https:\/\/www.meydan.tv\/az\/#organization"},"potentialAction":[{"@type":"SearchAction","target":{"@type":"EntryPoint","urlTemplate":"https:\/\/www.meydan.tv\/az\/?s={search_term_string}"},"query-input":{"@type":"PropertyValueSpecification","valueRequired":true,"valueName":"search_term_string"}}],"inLanguage":"az"},{"@type":"Organization","@id":"https:\/\/www.meydan.tv\/az\/#organization","name":"Meydan TV","url":"https:\/\/www.meydan.tv\/az\/","logo":{"@type":"ImageObject","inLanguage":"az","@id":"https:\/\/www.meydan.tv\/az\/#\/schema\/logo\/image\/","url":"https:\/\/www.meydan.tv\/wp-content\/uploads\/2021\/07\/meydan-logo.svg","contentUrl":"https:\/\/www.meydan.tv\/wp-content\/uploads\/2021\/07\/meydan-logo.svg","width":195,"height":46,"caption":"Meydan TV"},"image":{"@id":"https:\/\/www.meydan.tv\/az\/#\/schema\/logo\/image\/"}},{"@type":"Person","@id":"https:\/\/www.meydan.tv\/az\/#\/schema\/person\/9cdbecf90d17180ce1dfbd95b08dcf47","name":"elli","sameAs":["https:\/\/x.com\/elli"]}]}},"_links":{"self":[{"href":"https:\/\/www.meydan.tv\/az\/wp-json\/wp\/v2\/posts\/282756","targetHints":{"allow":["GET"]}}],"collection":[{"href":"https:\/\/www.meydan.tv\/az\/wp-json\/wp\/v2\/posts"}],"about":[{"href":"https:\/\/www.meydan.tv\/az\/wp-json\/wp\/v2\/types\/post"}],"author":[{"embeddable":true,"href":"https:\/\/www.meydan.tv\/az\/wp-json\/wp\/v2\/users\/8"}],"replies":[{"embeddable":true,"href":"https:\/\/www.meydan.tv\/az\/wp-json\/wp\/v2\/comments?post=282756"}],"version-history":[{"count":4,"href":"https:\/\/www.meydan.tv\/az\/wp-json\/wp\/v2\/posts\/282756\/revisions"}],"predecessor-version":[{"id":282807,"href":"https:\/\/www.meydan.tv\/az\/wp-json\/wp\/v2\/posts\/282756\/revisions\/282807"}],"wp:featuredmedia":[{"embeddable":true,"href":"https:\/\/www.meydan.tv\/az\/wp-json\/wp\/v2\/media\/282753"}],"wp:attachment":[{"href":"https:\/\/www.meydan.tv\/az\/wp-json\/wp\/v2\/media?parent=282756"}],"wp:term":[{"taxonomy":"category","embeddable":true,"href":"https:\/\/www.meydan.tv\/az\/wp-json\/wp\/v2\/categories?post=282756"},{"taxonomy":"post_tag","embeddable":true,"href":"https:\/\/www.meydan.tv\/az\/wp-json\/wp\/v2\/tags?post=282756"}],"curies":[{"name":"wp","href":"https:\/\/api.w.org\/{rel}","templated":true}]}}