{"id":282700,"date":"2023-08-19T15:07:55","date_gmt":"2023-08-19T11:07:55","guid":{"rendered":"https:\/\/www.meydan.tv\/?p=282700"},"modified":"2023-08-19T15:12:16","modified_gmt":"2023-08-19T11:12:16","slug":"azerbaycan-aciq-hokumet-terefdasligindan-cixarilmaqla-ne-itirdi","status":"publish","type":"post","link":"https:\/\/www.meydan.tv\/az\/article\/azerbaycan-aciq-hokumet-terefdasligindan-cixarilmaqla-ne-itirdi\/","title":{"rendered":"Az\u0259rbaycan A\u00e7\u0131q H\u00f6kum\u0259t T\u0259r\u0259fda\u015fl\u0131\u011f\u0131ndan \u00e7\u0131xar\u0131lmaqla n\u0259 itirdi?"},"content":{"rendered":"\n<p><\/p>\n\n\n\n<p><strong><em>\u201cQubad \u0130bado\u011flunun h\u0259bsi \u00f6lk\u0259nin t\u0259\u015fkilatdan \u00e7\u0131xard\u0131lmas\u0131 il\u0259 n\u0259tic\u0259l\u0259ndi\u201d<\/em><\/strong><\/p>\n\n\n\n<p>Avqustun 17-d\u0259 A\u00e7\u0131q H\u00f6kum\u0259t T\u0259r\u0259fda\u015fl\u0131\u011f\u0131n\u0131n R\u0259hb\u0259r Komit\u0259si (OGP) Az\u0259rbaycan\u0131 bu platformadan <a href=\"https:\/\/www.opengovpartnership.org\/news\/azerbaijan-permanently-suspended-from-the-open-government-partnership\/\" target=\"_blank\" rel=\"noreferrer noopener\">uzaqla\u015fd\u0131r\u0131b.<\/a><\/p>\n\n\n\n<p>OGP daha a\u00e7\u0131q, inkl\u00fcziv v\u0259 daha m\u0259suliyy\u0259tli h\u00f6kum\u0259tl\u0259r qurmaq \u00fc\u00e7\u00fcn minl\u0259rl\u0259 v\u0259t\u0259nda\u015f c\u0259miyy\u0259ti t\u0259\u015fkilat\u0131 il\u0259 \u0259m\u0259kda\u015fl\u0131q ed\u0259n 75 \u00f6lk\u0259 v\u0259 104 yerli h\u00f6kum\u0259t orqan\u0131n\u0131n qlobal t\u0259r\u0259fda\u015fl\u0131\u011f\u0131d\u0131r.<\/p>\n\n\n\n<p>Az\u0259rbaycan art\u0131q OGP-d\u0259 i\u015ftirak\u00e7\u0131 \u00f6lk\u0259 hesab olunmayacaq.<\/p>\n\n\n\n<p><strong>Status \u201cdonduruldu\u201d, sonra&#8230;<\/strong><\/p>\n\n\n\n<p>Az\u0259rbaycan OGP-y\u0259 2011-ci ild\u0259 qo\u015fulub v\u0259 ictimai xidm\u0259t, a\u00e7\u0131q m\u0259lumat bazas\u0131 v\u0259 fiskal \u015f\u0259ffafl\u0131q kimi sah\u0259l\u0259rd\u0259 \u00f6hd\u0259likl\u0259ri \u00f6z \u00fcz\u0259rin\u0259 g\u00f6t\u00fcr\u0259r\u0259k \u00fc\u00e7 f\u0259aliyy\u0259t plan\u0131 t\u0259qdim edib.<\/p>\n\n\n\n<p>H\u0259m\u00e7inin, 2015-ci ild\u0259 qeyri-kommersiya t\u0259\u015fkilatlar\u0131 OGP-y\u0259 narahatl\u0131q m\u0259ktubu yazaraq, onlar\u0131n f\u0259aliyy\u0259tl\u0259rin\u0259 qar\u015f\u0131 qoyulan m\u0259hdudiyy\u0259tl\u0259rin \u201cv\u0259t\u0259nda\u015f c\u0259miyy\u0259ti t\u0259\u015fkilatlar\u0131n\u0131n A\u00e7\u0131q H\u00f6kum\u0259t T\u0259r\u0259fda\u015fl\u0131\u011f\u0131 prosesind\u0259 effektiv i\u015ftirak etm\u0259k imkanlar\u0131n\u0131 ciddi \u015f\u0259kild\u0259 t\u0259hdid etdiyini\u201d iddia edibl\u0259r. OGP-nin yayd\u0131\u011f\u0131 m\u0259lmatda deyilir ki, h\u0259rt\u0259r\u0259fli ara\u015fd\u0131rma apar\u0131ld\u0131qdan sonra narahatl\u0131qlar\u0131n \u0259sasl\u0131 oldu\u011fu a\u015fkar edilib v\u0259 bu prosesd\u0259n sonra R\u0259hb\u0259r Komit\u0259 2016-c\u0131 ild\u0259 Az\u0259rbaycan\u0131n f\u0259aliyy\u0259tini m\u00fcv\u0259qq\u0259ti olaaq dayand\u0131rmaq q\u0259rar\u0131na g\u0259lib.<\/p>\n\n\n\n<p>2017-ci ilin iyununda R\u0259hb\u0259r Komit\u0259 Az\u0259rbaycan\u0131n \u201cdondurulmu\u015f\u201d statusunun daha bir il m\u00fcdd\u0259tin\u0259 uzad\u0131b. \u00c7\u00fcnki 2015-ci ilin \u201ccavab siyas\u0259ti\u201d prosedurlar\u0131nda v\u0259 R\u0259hb\u0259r Komit\u0259nin verdiyi t\u00f6vsiy\u0259l\u0259rd\u0259 qald\u0131r\u0131lan \u0259sas m\u0259s\u0259l\u0259l\u0259r h\u0259min vaxt h\u0259ll edilm\u0259mi\u015f olaraq qal\u0131b. 2018-ci ilin dekabr\u0131nda is\u0259 R\u0259hb\u0259r Komit\u0259 \u00f6nc\u0259ki 12 ay \u0259rzind\u0259 v\u0259t\u0259nda\u015f c\u0259miyy\u0259tinin i\u015f \u015f\u0259raitind\u0259 ara-s\u0131ra yax\u015f\u0131la\u015fmalar oldu\u011funu bildirib. Lakin Az\u0259rbaycan h\u00f6kum\u0259tinin t\u00f6vsiy\u0259l\u0259ri tam \u015f\u0259kild\u0259 yerin\u0259 yetirm\u0259k \u00fc\u00e7\u00fcn he\u00e7 bir sistematik d\u0259yi\u015fiklik v\u0259 ya islahatlar aparmad\u0131\u011f\u0131 vur\u011fulan\u0131b.<\/p>\n\n\n\n<p>Bel\u0259likl\u0259, Az\u0259rbaycan\u0131n \u201cdondurulmu\u015f\u201d statusunun uzad\u0131lmas\u0131 bar\u0259d\u0259 q\u0259rar q\u0259bul edilib v\u0259 Az\u0259rbaycan h\u00f6kum\u0259tinin \u0259ld\u0259 etm\u0259li oldu\u011fu bir s\u0131ra m\u0259rh\u0259l\u0259l\u0259ri qeyd edib.<\/p>\n\n\n\n<figure class=\"wp-block-pullquote\"><blockquote><p><em><strong>\u201cBiz Az\u0259rbaycan\u0131n T\u0259r\u0259fda\u015fl\u0131qda qalmaq \u015f\u0259rtl\u0259rini yerin\u0259 yetirm\u0259diyini v\u0259 v\u0259t\u0259nda\u015f c\u0259miyy\u0259ti \u00fc\u00e7\u00fcn \u00e7\u0259tin \u015f\u0259raitin davam etdiyini g\u00f6rm\u0259kd\u0259n \u00e7ox t\u0259\u0259ss\u00fcf duyuruq\u201d<\/strong><\/em><\/p><\/blockquote><\/figure>\n\n\n\n<p>\u0130ki g\u00fcn \u00f6nc\u0259 is\u0259 platforman\u0131n yayd\u0131\u011f\u0131 m\u0259lumatda bu m\u0259rh\u0259l\u0259l\u0259rin yerin\u0259 yetirilm\u0259m\u0259sinin avtomatik olaraq cavab siyas\u0259tinin n\u0259z\u0259rd\u0259n ke\u00e7irilm\u0259sinin bitm\u0259sin\u0259 g\u0259tirib \u00e7\u0131xaraca\u011f\u0131 v\u0259 Az\u0259rbaycan\u0131n A\u00e7\u0131q H\u00f6kum\u0259t T\u0259r\u0259fda\u015fl\u0131\u011f\u0131nda i\u015ftirak\u0131n\u0131n daimi olaraq dayand\u0131r\u0131laca\u011f\u0131 vur\u011fulan\u0131b.<\/p>\n\n\n\n<p>OGP-nin M\u00fcst\u0259qil Hesabatl\u0131l\u0131q Mexanizminin 2023-c\u00fc ilin may\u0131nda h\u0259yata ke\u00e7irdiyi d\u0259y\u0259rl\u0259ndirm\u0259y\u0259 \u0259sas\u0259n g\u00f6r\u00fcn\u00fcr ki, Az\u0259rbaycan h\u00f6kum\u0259ti OGP t\u0259r\u0259find\u0259n m\u00fc\u0259yy\u0259n edilmi\u015f t\u00f6vsiy\u0259l\u0259r\u0259 riay\u0259t etm\u0259yib. Eyni zamanda, 2018-ci il q\u0259rarlar\u0131n\u0131n t\u0259l\u0259bl\u0259rin\u0259 cavab verm\u0259yib. N\u0259tic\u0259 olaraq, OGP R\u0259hb\u0259r Komit\u0259si yekdillikl\u0259 Az\u0259rbaycan\u0131n T\u0259r\u0259fda\u015fl\u0131\u011fa \u00fczvl\u00fcy\u00fcn\u00fc qal\u0131c\u0131 olaraq dayand\u0131rmaq v\u0259 l\u0259\u011fv etm\u0259k \u00fc\u00e7\u00fcn raz\u0131l\u0131q \u0259ld\u0259 edib.<\/p>\n\n\n\n<p>&nbsp;Az\u0259rbaycan yenid\u0259n \u00fczvl\u00fck statusu \u0259ld\u0259 etm\u0259si \u00fc\u00e7\u00fcn ilk n\u00f6vb\u0259d\u0259 OGP-nin uy\u011funluq meyarlar\u0131na cavab verm\u0259lidir. O c\u00fcml\u0259d\u0259n, d\u0259y\u0259rl\u0259rl\u0259 ba\u011fl\u0131 yoxlan\u0131\u015fdan ke\u00e7m\u0259li v\u0259 OGP \u0130craiyy\u0259 Komit\u0259sind\u0259n t\u0259sdiq almal\u0131d\u0131r.<\/p>\n\n\n\n<p><em>\u201cBiz Az\u0259rbaycan\u0131n T\u0259r\u0259fda\u015fl\u0131qda qalmaq \u015f\u0259rtl\u0259rini yerin\u0259 yetirm\u0259diyini v\u0259 v\u0259t\u0259nda\u015f c\u0259miyy\u0259ti \u00fc\u00e7\u00fcn \u00e7\u0259tin \u015f\u0259raitin davam etdiyini g\u00f6rm\u0259kd\u0259n \u00e7ox t\u0259\u0259ss\u00fcf duyuruq\u201d,<\/em>&#8211; dey\u0259 A\u00e7\u0131q H\u00f6kum\u0259t T\u0259r\u0259fda\u015fl\u0131\u011f\u0131n\u0131n Ba\u015f \u0130cra\u00e7\u0131 Direktoru Sanjay Pradhan qeyd edib.<\/p>\n\n\n\n<p>O&nbsp; bildirib ki, Az\u0259rbaycan art\u0131q T\u0259r\u0259fda\u015fl\u0131\u011f\u0131n \u00fczv\u00fc olmasa da, onlar h\u00f6kum\u0259t v\u0259 v\u0259t\u0259nda\u015f c\u0259miyy\u0259tinin t\u0259rkibind\u0259 a\u00e7\u0131q h\u00f6kum\u0259t prinsipl\u0259rinin ir\u0259lil\u0259m\u0259sin\u0259 sadiq qalan islahat\u00e7\u0131lar\u0131 d\u0259st\u0259kl\u0259m\u0259y\u0259 haz\u0131rd\u0131rlar.<\/p>\n\n\n\n<p>\u201c<em>M\u0259n bu islahat\u00e7\u0131lar\u0131 h\u0259mya\u015f\u0131dlar\u0131 il\u0259 m\u00fcbadil\u0259 proqramlar\u0131 v\u0259 ba\u015fqa \u00f6yr\u0259nm\u0259 imkanlar\u0131 vasit\u0259sil\u0259 OGP il\u0259 \u0259laq\u0259l\u0259ri davam etdirm\u0259y\u0259 t\u0259\u015fviq edir\u0259m ki, T\u0259r\u0259fda\u015fl\u0131\u011fa yenid\u0259n qo\u015fulmaq \u00fc\u00e7\u00fcn \u00f6lk\u0259l\u0259rinin t\u0259l\u0259bl\u0259r\u0259 cavab verm\u0259sin\u0259 k\u00f6m\u0259k etsinl\u0259r\u201d,-<\/em> dey\u0259 Pradhan fikrini bitirib.<\/p>\n\n\n\n<p><strong>Akif Qurbanov: \u201cQ\u0259rar \u00e7oxdan g\u00f6zl\u0259nilirdi\u201d<\/strong><\/p>\n\n\n\n<p>OGP-in q\u0259rar\u0131n\u0131n \u00e7oxdan g\u00f6zl\u0259nildiyini Meydan TV-y\u0259 s\u00f6yl\u0259y\u0259n Demokratik T\u0259\u015f\u0259bb\u00fcsl\u0259r \u0130nstitutunun (\u0130D\u0130) r\u0259hb\u0259ri Akif Qurbanovun s\u00f6zl\u0259rin\u0259 g\u00f6r\u0259, t\u0259\u015fkilat uzun m\u00fcdd\u0259t idi r\u0259smi Bak\u0131ya vaxt v\u0259 konkret t\u00f6vsiy\u0259l\u0259r verirdi:<\/p>\n\n\n\n<p>\u201c<em>H\u0259l\u0259 o vaxt m\u0259n deyirdim ki, Az\u0259rbaycan h\u00f6kum\u0259tinin t\u00f6vsiy\u0259l\u0259ri h\u0259yata ke\u00e7irm\u0259k irad\u0259si g\u00f6r\u00fcnm\u00fcr v\u0259 bu, n\u0259tic\u0259 olaraq \u00f6z\u00fcn\u00fc g\u00f6st\u0259rdi. R\u0259hb\u0259r Komit\u0259 d\u0259 q\u0259rar\u0131n\u0131 verm\u0259k m\u0259cburiyy\u0259tind\u0259 qald\u0131\u201d.<\/em><\/p>\n\n\n\n<p>Akif Qurbanov hesab edir ki, q\u0259rar\u0131n q\u0259bulunda \u00e7ox sad\u0259 s\u0259b\u0259bl\u0259r olub:<\/p>\n\n\n\n<p>\u201c<em>Bunun \u0259sas mahiyy\u0259ti h\u00f6kum\u0259tl\u0259rl\u0259 v\u0259t\u0259nda\u015f c\u0259miyy\u0259ti bir araya g\u0259l\u0259r\u0259k \u015f\u0259ffafl\u0131q, hesabatl\u0131l\u0131q, a\u00e7\u0131q h\u00f6kum\u0259tin v\u0259 a\u00e7\u0131q idar\u0259etm\u0259 sisteminin qurulmas\u0131d\u0131r. Az\u0259rbaycan h\u00f6kum\u0259ti he\u00e7 bir halda qanunu v\u0259 m\u00fchiti d\u0259yi\u015fmirs\u0259, dem\u0259li, sadalad\u0131\u011f\u0131m prinsipl\u0259ri \u00f6z f\u0259aliyy\u0259tind\u0259 \u0259sas g\u00f6t\u00fcrm\u00fcr. Ona g\u00f6r\u0259 Az\u0259rbaycan h\u00f6kum\u0259tin\u0259 n\u0259 q\u0259d\u0259r vaxt verm\u0259sin\u0259 baxmayaraq, bu, m\u00f6vcud duruma adekvat deyildi v\u0259 t\u0259\u015fkilat\u0131n missiyas\u0131 il\u0259 h\u00f6kum\u0259tin davran\u0131\u015f\u0131 daban-dabana zidd idi. Bu bax\u0131mdan q\u0259rar gecikmi\u015f olsa da, m\u00f6vcud duruma adekvatd\u0131r\u201d.<\/em><\/p>\n\n\n\n<p>Akif Qurbanovun s\u00f6zl\u0259rin\u0259 g\u00f6r\u0259, q\u0259rar Az\u0259rbaycan\u0131n imicin\u0259 ist\u0259r beyn\u0259lxalq maliyy\u0259 korporosiyalar\u0131 qar\u015f\u0131s\u0131nda, ist\u0259rs\u0259 d\u0259 azadl\u0131q, demokratiya, \u015f\u0259ffafl\u0131q indeksi il\u0259 ba\u011fl\u0131 reytinql\u0259rd\u0259 t\u0259sir g\u00f6st\u0259r\u0259c\u0259k:<\/p>\n\n\n\n<p><em>\u201cO c\u00fcml\u0259d\u0259n, h\u00f6kum\u0259tin ifad\u0259 etdiyi, guya \u201c\u015f\u0259ffafl\u0131q g\u00fccl\u0259nir, korrupsiyayla m\u00fcbariz\u0259 g\u00fccl\u0259nir\u201d tipli piar \u00e7al\u0131\u015fmalar\u0131 he\u00e7 bir formada i\u015f\u0259 yaramayacaq. \u00c7\u00fcnki Az\u0259rbaycanla ba\u011fl\u0131 r\u0259smi q\u0259rar q\u0259bul edilib. Nec\u0259 ki, M\u0259d\u0259n S\u0259nayesi \u015e\u0259ffafl\u0131q T\u0259\u015f\u0259bb\u00fcs\u00fcnd\u0259 d\u0259 eyni hal ba\u015f vermi\u015fdi. O da neqativ t\u0259sirl\u0259rini g\u00f6st\u0259rdi, indi d\u0259 h\u0259min t\u0259sirl\u0259r t\u0259krarlanacaq. Konkret olaraq, xarici investisiya bax\u0131m\u0131ndan neqativ t\u0259sir g\u00f6st\u0259rir. Bununla da Az\u0259rbaycan getdikc\u0259 t\u0259crid olunmu\u015f, avtoritar imicini g\u00fccl\u0259ndirir\u201d.<\/em><\/p>\n\n\n<div class=\"wp-block-image\">\n<figure class=\"aligncenter size-full\"><img decoding=\"async\" width=\"1100\" height=\"650\" data-src=\"https:\/\/www.meydan.tv\/wp-content\/uploads\/40536.jpg\" alt=\"Akif Qurbanov\" class=\"wp-image-102339 lazyload\" src=\"data:image\/svg+xml;base64,PHN2ZyB3aWR0aD0iMSIgaGVpZ2h0PSIxIiB4bWxucz0iaHR0cDovL3d3dy53My5vcmcvMjAwMC9zdmciPjwvc3ZnPg==\" style=\"--smush-placeholder-width: 1100px; --smush-placeholder-aspect-ratio: 1100\/650;\" \/><figcaption class=\"wp-element-caption\">Akif Qurbanov, Foto: Akif Qurbanovun \u015f\u0259xsi arxivind\u0259n<\/figcaption><\/figure>\n<\/div>\n\n\n<p>Akif Qurbanov g\u00fcman etmir ki, h\u00f6kum\u0259t v\u0259ziyy\u0259tin yax\u015f\u0131la\u015fd\u0131r\u0131lmas\u0131 \u00fc\u00e7\u00fcn h\u0259r hans\u0131 add\u0131mlar atacaq:<\/p>\n\n\n\n<p><em>\u201cH\u00f6kum\u0259tin M\u0259d\u0259n S\u0259nayesind\u0259 T\u0259\u015f\u0259bb\u00fcs T\u0259\u015fkilat\u0131 il\u0259 ba\u011fl\u0131 m\u00f6vqeyi bel\u0259ydi: \u0259g\u0259r bizi b\u0259y\u0259nmirsizs\u0259, t\u0259kba\u015f\u0131na bu add\u0131mlar\u0131 h\u0259yata ke\u00e7ir\u0259rik. Amma yax\u0131n 6 ild\u0259 h\u00f6kum\u0259t hans\u0131 add\u0131mlar\u0131 at\u0131b, m\u0259lum deyil. \u018fksin\u0259, Az\u0259rbaycan M\u0259d\u0259n S\u0259nayesind\u0259 T\u0259\u015f\u0259bb\u00fcs T\u0259\u015fkilat\u0131ndan uzaqla\u015fd\u0131r\u0131lan d\u00f6vrd\u0259 m\u00fc\u0259yy\u0259n g\u00f6r\u00fcnt\u00fcl\u0259r, daxili ictimai r\u0259y \u00fc\u00e7\u00fcn g\u00f6st\u0259rici add\u0131mlar atd\u0131. Ancaq sonra bunlar da \u201csabun k\u00f6p\u00fcy\u00fc\u201d kimi buxarland\u0131. N\u0259tic\u0259 etibar\u0131 il\u0259 fundamental q\u0259rar olmad\u0131. El\u0259c\u0259 d\u0259 A\u00e7\u0131q H\u00f6kum\u0259t T\u0259r\u0259fda\u015fl\u0131\u011f\u0131 il\u0259 \u0259laq\u0259dar h\u0259r hans\u0131 add\u0131m g\u00f6zl\u0259mir\u0259m. Ola bil\u0259r, h\u00f6kum\u0259tin hans\u0131sa qurumlar\u0131 piar xarakterli m\u00fcnasib\u0259tl\u0259r s\u0259sl\u0259ndirsinl\u0259r, amma onu da g\u00f6zl\u0259mir\u0259m. Bel\u0259 ba\u015fa d\u00fc\u015f\u00fcl\u00fcr ki, h\u00f6kum\u0259t son g\u00fcnl\u0259r bu tipli informasiyalar\u0131 r\u0259dd edir, sanki \u00f6z\u00fcn\u00fcn m\u00fcst\u0259qil g\u00fcnd\u0259liyi var v\u0259 bununla m\u0259\u015f\u011fuldur. Bu g\u00fcnd\u0259lik d\u0259 daxili-milli ritorikaya y\u00fckl\u0259nib. Az\u0259rbaycan\u0131n ona da fokuslanaca\u011f\u0131 daha a\u011flabatan g\u00f6r\u00fcn\u00fcr\u201d.<\/em><\/p>\n\n\n\n<p>\u201c<strong>H\u0259bsl\u0259r, t\u0259zyiql\u0259r \u00f6lk\u0259nin A\u00e7\u0131q H\u00f6kum\u0259t T\u0259r\u0259fda\u015fl\u0131\u011f\u0131ndak\u0131 nufuzuna x\u0259l\u0259l g\u0259tirdi\u201d<\/strong><\/p>\n\n\n\n<p>\u0130nsan h\u00fcquqlar\u0131 m\u00fcdafi\u0259\u00e7isi Anar M\u0259mm\u0259dli d\u0259 A\u00e7\u0131q H\u00f6kum\u0259t T\u0259r\u0259fda\u015fl\u0131\u011f\u0131n\u0131n 20 il \u0259vv\u0259l yaranm\u0131\u015f qlobal mexanizm oldu\u011funu xat\u0131rladaraq \u0259lav\u0259 edib ki, qurumun prinsipl\u0259rini q\u0259bul ed\u0259n \u00f6lk\u0259l\u0259r ona \u00fczv olurlar:<\/p>\n\n\n\n<p>\u201c<em>T\u0259bii ki, \u00fczvl\u00fck k\u00f6n\u00fcll\u00fcd\u00fcr v\u0259 he\u00e7 bir \u00f6lk\u0259nin \u00fczvl\u00fck \u00fc\u00e7\u00fcn x\u00fcsusi \u00f6hd\u0259liyi olmur. Ancaq t\u0259\u015fkilata \u00fczvl\u00fck \u00f6lk\u0259nin n\u00fcfuzuna m\u00fcsb\u0259t m\u0259nada t\u0259sir edir. O m\u0259nada ki, d\u00f6vl\u0259tl\u0259r hesabatl\u0131 v\u0259 \u015f\u0259ffaf, d\u00fcnyada yenil\u0259nm\u0259nin, islahatlar\u0131n t\u0259r\u0259fdar\u0131 olduqlar\u0131n\u0131 g\u00f6st\u0259rirl\u0259r. Bir daha t\u0259krarlay\u0131ram, A\u00e7\u0131q H\u00f6kum\u0259t T\u0259r\u0259fda\u015fl\u0131\u011f\u0131na qo\u015fulmaq k\u00f6n\u00fcll\u00fc ist\u0259kdir. \u0130ndi bax\u0131n, d\u00fcnyada m\u00fcst\u0259qil \u00f6lk\u0259l\u0259r \u00e7oxdur, amma A\u00e7\u0131q H\u00f6kum\u0259t T\u0259r\u0259fda\u015fl\u0131\u011f\u0131n\u0131n 75 \u00fczv\u00fc var, Az\u0259rbaycanla 76 idi. T\u0259s\u0259vv\u00fcr edin ki, d\u00fcnyan\u0131n 76 \u00fczv\u00fcnd\u0259n birisiniz, n\u00fcfuzlu t\u0259\u015fkilat\u0131ndas\u0131n\u0131z v\u0259 buna g\u00f6r\u0259 b\u00f6hran anlar\u0131nda kreditl\u0259r almaq \u00e7\u0259tinlik yaratm\u0131r. T\u0259\u015fkilatda t\u0259smil\u00e7ilikl\u0259 bir s\u0131ra sah\u0259l\u0259rd\u0259 islahatlar h\u0259yata ke\u00e7irm\u0259kd\u0259 d\u0259st\u0259k al\u0131rs\u0131n\u0131z\u201d.<\/em><\/p>\n\n\n\n<p>Amma Anar M\u0259mm\u0259dli deyir ki, Az\u0259rbaycan hakimiyy\u0259ti t\u0259\u015fkilata \u00fczv olmaqla imitasiya x\u0259ttini tutmu\u015fdu:<\/p>\n\n\n<div class=\"wp-block-image\">\n<figure class=\"aligncenter size-large\"><img decoding=\"async\" data-src=\"https:\/\/www.meydan.tv\/wp-content\/uploads\/anar_memmedli-1200x800.jpg\" alt=\"Anar M\u0259mm\u0259dli\" class=\"wp-image-210070 lazyload\" src=\"data:image\/svg+xml;base64,PHN2ZyB3aWR0aD0iMSIgaGVpZ2h0PSIxIiB4bWxucz0iaHR0cDovL3d3dy53My5vcmcvMjAwMC9zdmciPjwvc3ZnPg==\" style=\"--smush-placeholder-width: 1200px; --smush-placeholder-aspect-ratio: 1200\/800;\" \/><figcaption class=\"wp-element-caption\">Anar M\u0259mm\u0259dli, Foto:  Meydan TV<\/figcaption><\/figure>\n<\/div>\n\n\n<p>\u201c<em>Az\u0259rbaycan 2011-ci ild\u0259 qo\u015fuldu, 2 il sonra QHT sektoruna t\u0259zyiql\u0259r g\u00fccl\u0259ndi, normativ aktlar m\u00fcrt\u0259ce \u015f\u0259kil\u0259 sal\u0131nd\u0131, h\u0259bsl\u0259r oldu. Bir t\u0259r\u0259fd\u0259n Bak\u0131 A\u00e7\u0131q H\u00f6kum\u0259t T\u0259r\u0259fda\u015fl\u0131\u011f\u0131na qo\u015fuldu\u011funu b\u0259yan etdis\u0259, \u0259m\u0259ld\u0259 t\u0259\u015fkilat\u0131n prinsipl\u0259rin\u0259 zidd f\u0259aliyy\u0259tl\u0259 m\u0259\u015f\u011ful oldu. Birincisi, \u00f6lk\u0259d\u0259 ictimai m\u0259kan darald\u0131, v\u0259t\u0259nda\u015f c\u0259miyy\u0259ti institutlar\u0131 bo\u011fuldu, t\u0259qibl\u0259r, h\u0259bsl\u0259r A\u00e7\u0131q H\u00f6kum\u0259t T\u0259r\u0259fda\u015fl\u0131\u011f\u0131ndak\u0131 nufuzuna x\u0259l\u0259l g\u0259tirdi. N\u0259tic\u0259d\u0259 Az\u0259rbaycan\u0131n \u00fczvl\u00fcy\u00fc bir ne\u00e7\u0259 d\u0259f\u0259 donduruldu. Qubad \u0130bado\u011flunun h\u0259bsi is\u0259 \u00f6lk\u0259nin t\u0259\u015fkilatdan \u00e7\u0131xard\u0131lmas\u0131 il\u0259 n\u0259tic\u0259l\u0259ndi\u201d.<\/em><\/p>\n\n\n\n<p>Onun s\u00f6zl\u0259rin\u0259 g\u00f6r\u0259, hakimiyy\u0259t bir s\u0131ra sah\u0259l\u0259rd\u0259 islahatlar aparmaqla yenid\u0259n A\u00e7\u0131q H\u00f6kum\u0259t T\u0259r\u0259fda\u015fl\u0131\u011f\u0131na qay\u0131da bil\u0259r:<\/p>\n\n\n\n<p>\u201c<em>Bunun \u00fc\u00e7\u00fcn hakimiyy\u0259tin v\u0259t\u0259nda\u015f c\u0259miyy\u0259tin\u0259 m\u00fcnasib\u0259ti d\u0259yi\u015fm\u0259lidir. M\u0259s\u0259l\u0259 ondad\u0131r ki, hakimiyy\u0259tin v\u0259t\u0259nda\u015f c\u0259miyy\u0259tin\u0259 m\u00fcnasib\u0259ti bar\u0131\u015fmaz xarakter al\u0131b. Bu, d\u0259yi\u015fm\u0259lidir. \u018fg\u0259r v\u0259t\u0259nda\u015flar\u0131n\u0131z\u0131n t\u0259nqidin\u0259 d\u00f6z\u00fcms\u00fczs\u00fcn\u00fczs\u0259, d\u00f6vl\u0259t qurumlar\u0131 il\u0259 m\u00fcnasib\u0259tinin normal qaydaya sal\u0131nmas\u0131na maraql\u0131 deyilsinizs\u0259, \u0259ksin\u0259, onlar\u0131 t\u0259zyiq alt\u0131nda saxlay\u0131rs\u0131n\u0131zsa, yenid\u0259n t\u0259\u015fkilata qay\u0131tmaq \u00e7\u0259tin olacaq. Y\u0259ni ger\u00e7\u0259k add\u0131mlar at\u0131lmal\u0131d\u0131r\u201d.<\/em><\/p>\n\n\n\n<p>&#8220;<strong>Biz \u00e7al\u0131\u015fmal\u0131y\u0131q ki, beyn\u0259lxalq t\u0259\u015fkilatlarla \u0259laq\u0259miz q\u0131r\u0131lmas\u0131n&#8221;<\/strong><\/p>\n\n\n\n<p>Milli M\u0259clisin \u0130nsan h\u00fcquqlar\u0131 komit\u0259sinin \u00fczv\u00fc Fazil Mustafa  &#8220;Turan&#8221; <a href=\"https:\/\/www.turan.az\/index2_az.htmla\" target=\"_blank\" rel=\"noreferrer noopener\">bildirib <\/a>ki, Az\u0259rbaycan\u0131n bu tipli t\u0259\u015fkilatlardan uzaqla\u015fd\u0131r\u0131lmas\u0131 \u0259slind\u0259 yax\u015f\u0131 hal deyil:<\/p>\n\n\n\n<p><em>&#8220;Biz \u00e7al\u0131\u015fmal\u0131y\u0131q ki, beyn\u0259lxalq t\u0259\u015fkilatlarla \u0259laq\u0259miz q\u0131r\u0131lmas\u0131n&#8221;.<\/em><\/p>\n\n\n\n<p>O hesab edir ki, Az\u0259rbaycan\u0131n OGP-d\u0259 i\u015ftirak\u0131n\u0131n dayanmas\u0131n\u0131n \u00f6lk\u0259y\u0259 x\u00fcsusi t\u0259siri olmayacaq:<\/p>\n\n\n<div class=\"wp-block-image\">\n<figure class=\"aligncenter size-full\"><img decoding=\"async\" width=\"1200\" height=\"800\" data-src=\"https:\/\/www.meydan.tv\/wp-content\/uploads\/untitled-design-9-1.png\" alt=\"\" class=\"wp-image-226031 lazyload\" src=\"data:image\/svg+xml;base64,PHN2ZyB3aWR0aD0iMSIgaGVpZ2h0PSIxIiB4bWxucz0iaHR0cDovL3d3dy53My5vcmcvMjAwMC9zdmciPjwvc3ZnPg==\" style=\"--smush-placeholder-width: 1200px; --smush-placeholder-aspect-ratio: 1200\/800;\" \/><figcaption class=\"wp-element-caption\">Foto: Meydan TV<\/figcaption><\/figure>\n<\/div>\n\n\n<p><em>&#8220;\u00c7\u00fcnki biz d\u00f6vl\u0259t olaraq bu c\u00fcr t\u0259zyiql\u0259rl\u0259 tez-tez \u00fczl\u0259\u015firik. Amma QHT-l\u0259rin olmas\u0131 bizim \u00f6z daxili siyas\u0259timiz \u00fc\u00e7\u00fcn laz\u0131md\u0131r&#8221;.<\/em><\/p>\n\n\n\n<p>F.Mustafan\u0131n s\u00f6zl\u0259rin\u0259 g\u00f6r\u0259, bu m\u0259s\u0259l\u0259d\u0259 anlay\u0131\u015f f\u0259rqliliyi var:<\/p>\n\n\n\n<p><em>&#8220;H\u0259l\u0259 ki, burada m\u00fcsb\u0259t bir geni\u015fl\u0259nm\u0259, a\u00e7\u0131l\u0131m m\u00fc\u015fahid\u0259 olunmur. Olsa, yax\u015f\u0131 olar. B\u00fct\u00fcn hallarda bu c\u00fcr yana\u015fmalar ciddi m\u00fczakir\u0259 olunmal\u0131d\u0131r. Biz m\u00fc\u0259yy\u0259n etm\u0259liyik ki, Avropa m\u0259kan\u0131ndan uzaqla\u015fmaq, yoxsa ora inteqrasiya etm\u0259k v\u0259 orada Az\u0259rbaycanla ba\u011fl\u0131 b\u00fct\u00fcn yana\u015fmalar\u0131 d\u0259yi\u015fm\u0259k ist\u0259yirik? \u0130kinci yol daha rasional yoldur&#8221;.<\/em><\/p>\n","protected":false},"excerpt":{"rendered":"<p>\u201cQubad \u0130bado\u011flunun h\u0259bsi \u00f6lk\u0259nin t\u0259\u015fkilatdan \u00e7\u0131xard\u0131lmas\u0131 il\u0259 n\u0259tic\u0259l\u0259ndi\u201d Avqustun 17-d\u0259 &#8230; <\/p>\n<p class=\"read-more-container\"><a title=\"Az\u0259rbaycan A\u00e7\u0131q H\u00f6kum\u0259t T\u0259r\u0259fda\u015fl\u0131\u011f\u0131ndan \u00e7\u0131xar\u0131lmaqla n\u0259 itirdi?\" class=\"read-more button\" href=\"https:\/\/www.meydan.tv\/az\/article\/azerbaycan-aciq-hokumet-terefdasligindan-cixarilmaqla-ne-itirdi\/#more-282700\" aria-label=\"Read more about Az\u0259rbaycan A\u00e7\u0131q H\u00f6kum\u0259t T\u0259r\u0259fda\u015fl\u0131\u011f\u0131ndan \u00e7\u0131xar\u0131lmaqla n\u0259 itirdi?\">Davam\u0131<\/a><\/p>\n","protected":false},"author":8,"featured_media":282697,"comment_status":"closed","ping_status":"closed","sticky":false,"template":"","format":"standard","meta":{"_acf_changed":false,"_sitemap_exclude":false,"_sitemap_priority":"","_sitemap_frequency":"","footnotes":""},"categories":[59,79,56],"tags":[],"class_list":["post-282700","post","type-post","status-publish","format-standard","has-post-thumbnail","hentry","category-siyaset","category-featured","category-xeberler","infinite-scroll-item","generate-columns","tablet-grid-50","mobile-grid-100","grid-parent","grid-33","no-featured-image-padding"],"acf":[],"yoast_head":"<!-- This site is optimized with the Yoast SEO plugin v27.4 - https:\/\/yoast.com\/product\/yoast-seo-wordpress\/ -->\n<title>Az\u0259rbaycan A\u00e7\u0131q H\u00f6kum\u0259t T\u0259r\u0259fda\u015fl\u0131\u011f\u0131ndan \u00e7\u0131xar\u0131lmaqla n\u0259 itirdi? - MEYDAN.TV<\/title>\n<meta name=\"robots\" content=\"index, follow, max-snippet:-1, max-image-preview:large, max-video-preview:-1\" \/>\n<link rel=\"canonical\" href=\"https:\/\/www.meydan.tv\/az\/article\/azerbaycan-aciq-hokumet-terefdasligindan-cixarilmaqla-ne-itirdi\/\" \/>\n<meta property=\"og:locale\" content=\"az_AZ\" \/>\n<meta property=\"og:type\" content=\"article\" \/>\n<meta property=\"og:title\" content=\"Az\u0259rbaycan A\u00e7\u0131q H\u00f6kum\u0259t T\u0259r\u0259fda\u015fl\u0131\u011f\u0131ndan \u00e7\u0131xar\u0131lmaqla n\u0259 itirdi? - MEYDAN.TV\" \/>\n<meta property=\"og:description\" content=\"\u201cQubad \u0130bado\u011flunun h\u0259bsi \u00f6lk\u0259nin t\u0259\u015fkilatdan \u00e7\u0131xard\u0131lmas\u0131 il\u0259 n\u0259tic\u0259l\u0259ndi\u201d Avqustun 17-d\u0259 ... Davam\u0131\" \/>\n<meta property=\"og:url\" content=\"https:\/\/www.meydan.tv\/az\/article\/azerbaycan-aciq-hokumet-terefdasligindan-cixarilmaqla-ne-itirdi\/\" \/>\n<meta property=\"og:site_name\" content=\"MEYDAN.TV\" \/>\n<meta property=\"article:published_time\" content=\"2023-08-19T11:07:55+00:00\" \/>\n<meta property=\"article:modified_time\" content=\"2023-08-19T11:12:16+00:00\" \/>\n<meta property=\"og:image\" content=\"https:\/\/www.meydan.tv\/wp-content\/uploads\/ogp-sign-scaled-1.jpg\" \/>\n\t<meta property=\"og:image:width\" content=\"1200\" \/>\n\t<meta property=\"og:image:height\" content=\"800\" \/>\n\t<meta property=\"og:image:type\" content=\"image\/jpeg\" \/>\n<meta name=\"author\" content=\"elli\" \/>\n<meta name=\"twitter:card\" content=\"summary_large_image\" \/>\n<meta name=\"twitter:creator\" content=\"@elli\" \/>\n<script type=\"application\/ld+json\" class=\"yoast-schema-graph\">{\"@context\":\"https:\\\/\\\/schema.org\",\"@graph\":[{\"@type\":\"Article\",\"@id\":\"https:\\\/\\\/www.meydan.tv\\\/az\\\/article\\\/azerbaycan-aciq-hokumet-terefdasligindan-cixarilmaqla-ne-itirdi\\\/#article\",\"isPartOf\":{\"@id\":\"https:\\\/\\\/www.meydan.tv\\\/az\\\/article\\\/azerbaycan-aciq-hokumet-terefdasligindan-cixarilmaqla-ne-itirdi\\\/\"},\"author\":{\"name\":\"elli\",\"@id\":\"https:\\\/\\\/www.meydan.tv\\\/az\\\/#\\\/schema\\\/person\\\/9cdbecf90d17180ce1dfbd95b08dcf47\"},\"headline\":\"Az\u0259rbaycan A\u00e7\u0131q H\u00f6kum\u0259t T\u0259r\u0259fda\u015fl\u0131\u011f\u0131ndan \u00e7\u0131xar\u0131lmaqla n\u0259 itirdi?\",\"datePublished\":\"2023-08-19T11:07:55+00:00\",\"dateModified\":\"2023-08-19T11:12:16+00:00\",\"mainEntityOfPage\":{\"@id\":\"https:\\\/\\\/www.meydan.tv\\\/az\\\/article\\\/azerbaycan-aciq-hokumet-terefdasligindan-cixarilmaqla-ne-itirdi\\\/\"},\"wordCount\":2248,\"publisher\":{\"@id\":\"https:\\\/\\\/www.meydan.tv\\\/az\\\/#organization\"},\"image\":{\"@id\":\"https:\\\/\\\/www.meydan.tv\\\/az\\\/article\\\/azerbaycan-aciq-hokumet-terefdasligindan-cixarilmaqla-ne-itirdi\\\/#primaryimage\"},\"thumbnailUrl\":\"https:\\\/\\\/www.meydan.tv\\\/wp-content\\\/uploads\\\/ogp-sign-scaled-1.jpg\",\"articleSection\":[\"Siyas\u0259t\",\"T\u00f6vsiy\u0259\",\"X\u0259b\u0259rl\u0259r\"],\"inLanguage\":\"az\"},{\"@type\":\"WebPage\",\"@id\":\"https:\\\/\\\/www.meydan.tv\\\/az\\\/article\\\/azerbaycan-aciq-hokumet-terefdasligindan-cixarilmaqla-ne-itirdi\\\/\",\"url\":\"https:\\\/\\\/www.meydan.tv\\\/az\\\/article\\\/azerbaycan-aciq-hokumet-terefdasligindan-cixarilmaqla-ne-itirdi\\\/\",\"name\":\"Az\u0259rbaycan A\u00e7\u0131q H\u00f6kum\u0259t T\u0259r\u0259fda\u015fl\u0131\u011f\u0131ndan \u00e7\u0131xar\u0131lmaqla n\u0259 itirdi? - MEYDAN.TV\",\"isPartOf\":{\"@id\":\"https:\\\/\\\/www.meydan.tv\\\/az\\\/#website\"},\"primaryImageOfPage\":{\"@id\":\"https:\\\/\\\/www.meydan.tv\\\/az\\\/article\\\/azerbaycan-aciq-hokumet-terefdasligindan-cixarilmaqla-ne-itirdi\\\/#primaryimage\"},\"image\":{\"@id\":\"https:\\\/\\\/www.meydan.tv\\\/az\\\/article\\\/azerbaycan-aciq-hokumet-terefdasligindan-cixarilmaqla-ne-itirdi\\\/#primaryimage\"},\"thumbnailUrl\":\"https:\\\/\\\/www.meydan.tv\\\/wp-content\\\/uploads\\\/ogp-sign-scaled-1.jpg\",\"datePublished\":\"2023-08-19T11:07:55+00:00\",\"dateModified\":\"2023-08-19T11:12:16+00:00\",\"breadcrumb\":{\"@id\":\"https:\\\/\\\/www.meydan.tv\\\/az\\\/article\\\/azerbaycan-aciq-hokumet-terefdasligindan-cixarilmaqla-ne-itirdi\\\/#breadcrumb\"},\"inLanguage\":\"az\",\"potentialAction\":[{\"@type\":\"ReadAction\",\"target\":[\"https:\\\/\\\/www.meydan.tv\\\/az\\\/article\\\/azerbaycan-aciq-hokumet-terefdasligindan-cixarilmaqla-ne-itirdi\\\/\"]}]},{\"@type\":\"ImageObject\",\"inLanguage\":\"az\",\"@id\":\"https:\\\/\\\/www.meydan.tv\\\/az\\\/article\\\/azerbaycan-aciq-hokumet-terefdasligindan-cixarilmaqla-ne-itirdi\\\/#primaryimage\",\"url\":\"https:\\\/\\\/www.meydan.tv\\\/wp-content\\\/uploads\\\/ogp-sign-scaled-1.jpg\",\"contentUrl\":\"https:\\\/\\\/www.meydan.tv\\\/wp-content\\\/uploads\\\/ogp-sign-scaled-1.jpg\",\"width\":1200,\"height\":800,\"caption\":\"A\u00e7\u0131q H\u00f6kum\u0259t T\u0259r\u0259fda\u015fl\u0131\u011f\u0131 (OGP) Foto: \\\"opengovpartnership.org\\\"\"},{\"@type\":\"BreadcrumbList\",\"@id\":\"https:\\\/\\\/www.meydan.tv\\\/az\\\/article\\\/azerbaycan-aciq-hokumet-terefdasligindan-cixarilmaqla-ne-itirdi\\\/#breadcrumb\",\"itemListElement\":[{\"@type\":\"ListItem\",\"position\":1,\"name\":\"Ana s\u0259hif\u0259\",\"item\":\"https:\\\/\\\/www.meydan.tv\\\/az\\\/\"},{\"@type\":\"ListItem\",\"position\":2,\"name\":\"Siyas\u0259t\",\"item\":\"https:\\\/\\\/www.meydan.tv\\\/az\\\/section\\\/siyaset\\\/\"},{\"@type\":\"ListItem\",\"position\":3,\"name\":\"Az\u0259rbaycan A\u00e7\u0131q H\u00f6kum\u0259t T\u0259r\u0259fda\u015fl\u0131\u011f\u0131ndan \u00e7\u0131xar\u0131lmaqla n\u0259 itirdi?\"}]},{\"@type\":\"WebSite\",\"@id\":\"https:\\\/\\\/www.meydan.tv\\\/az\\\/#website\",\"url\":\"https:\\\/\\\/www.meydan.tv\\\/az\\\/\",\"name\":\"MEYDAN.TV\",\"description\":\"Meydan TV Az\u0259rbaycan\u0131n media m\u0259kan\u0131ndak\u0131 alternativ s\u0259sidir\",\"publisher\":{\"@id\":\"https:\\\/\\\/www.meydan.tv\\\/az\\\/#organization\"},\"potentialAction\":[{\"@type\":\"SearchAction\",\"target\":{\"@type\":\"EntryPoint\",\"urlTemplate\":\"https:\\\/\\\/www.meydan.tv\\\/az\\\/?s={search_term_string}\"},\"query-input\":{\"@type\":\"PropertyValueSpecification\",\"valueRequired\":true,\"valueName\":\"search_term_string\"}}],\"inLanguage\":\"az\"},{\"@type\":\"Organization\",\"@id\":\"https:\\\/\\\/www.meydan.tv\\\/az\\\/#organization\",\"name\":\"Meydan TV\",\"url\":\"https:\\\/\\\/www.meydan.tv\\\/az\\\/\",\"logo\":{\"@type\":\"ImageObject\",\"inLanguage\":\"az\",\"@id\":\"https:\\\/\\\/www.meydan.tv\\\/az\\\/#\\\/schema\\\/logo\\\/image\\\/\",\"url\":\"https:\\\/\\\/www.meydan.tv\\\/wp-content\\\/uploads\\\/2021\\\/07\\\/meydan-logo.svg\",\"contentUrl\":\"https:\\\/\\\/www.meydan.tv\\\/wp-content\\\/uploads\\\/2021\\\/07\\\/meydan-logo.svg\",\"width\":195,\"height\":46,\"caption\":\"Meydan TV\"},\"image\":{\"@id\":\"https:\\\/\\\/www.meydan.tv\\\/az\\\/#\\\/schema\\\/logo\\\/image\\\/\"}},{\"@type\":\"Person\",\"@id\":\"https:\\\/\\\/www.meydan.tv\\\/az\\\/#\\\/schema\\\/person\\\/9cdbecf90d17180ce1dfbd95b08dcf47\",\"name\":\"elli\",\"sameAs\":[\"https:\\\/\\\/x.com\\\/elli\"]}]}<\/script>\n<!-- \/ Yoast SEO plugin. -->","yoast_head_json":{"title":"Az\u0259rbaycan A\u00e7\u0131q H\u00f6kum\u0259t T\u0259r\u0259fda\u015fl\u0131\u011f\u0131ndan \u00e7\u0131xar\u0131lmaqla n\u0259 itirdi? - MEYDAN.TV","robots":{"index":"index","follow":"follow","max-snippet":"max-snippet:-1","max-image-preview":"max-image-preview:large","max-video-preview":"max-video-preview:-1"},"canonical":"https:\/\/www.meydan.tv\/az\/article\/azerbaycan-aciq-hokumet-terefdasligindan-cixarilmaqla-ne-itirdi\/","og_locale":"az_AZ","og_type":"article","og_title":"Az\u0259rbaycan A\u00e7\u0131q H\u00f6kum\u0259t T\u0259r\u0259fda\u015fl\u0131\u011f\u0131ndan \u00e7\u0131xar\u0131lmaqla n\u0259 itirdi? - MEYDAN.TV","og_description":"\u201cQubad \u0130bado\u011flunun h\u0259bsi \u00f6lk\u0259nin t\u0259\u015fkilatdan \u00e7\u0131xard\u0131lmas\u0131 il\u0259 n\u0259tic\u0259l\u0259ndi\u201d Avqustun 17-d\u0259 ... Davam\u0131","og_url":"https:\/\/www.meydan.tv\/az\/article\/azerbaycan-aciq-hokumet-terefdasligindan-cixarilmaqla-ne-itirdi\/","og_site_name":"MEYDAN.TV","article_published_time":"2023-08-19T11:07:55+00:00","article_modified_time":"2023-08-19T11:12:16+00:00","og_image":[{"width":1200,"height":800,"url":"https:\/\/www.meydan.tv\/wp-content\/uploads\/ogp-sign-scaled-1.jpg","type":"image\/jpeg"}],"author":"elli","twitter_card":"summary_large_image","twitter_creator":"@elli","schema":{"@context":"https:\/\/schema.org","@graph":[{"@type":"Article","@id":"https:\/\/www.meydan.tv\/az\/article\/azerbaycan-aciq-hokumet-terefdasligindan-cixarilmaqla-ne-itirdi\/#article","isPartOf":{"@id":"https:\/\/www.meydan.tv\/az\/article\/azerbaycan-aciq-hokumet-terefdasligindan-cixarilmaqla-ne-itirdi\/"},"author":{"name":"elli","@id":"https:\/\/www.meydan.tv\/az\/#\/schema\/person\/9cdbecf90d17180ce1dfbd95b08dcf47"},"headline":"Az\u0259rbaycan A\u00e7\u0131q H\u00f6kum\u0259t T\u0259r\u0259fda\u015fl\u0131\u011f\u0131ndan \u00e7\u0131xar\u0131lmaqla n\u0259 itirdi?","datePublished":"2023-08-19T11:07:55+00:00","dateModified":"2023-08-19T11:12:16+00:00","mainEntityOfPage":{"@id":"https:\/\/www.meydan.tv\/az\/article\/azerbaycan-aciq-hokumet-terefdasligindan-cixarilmaqla-ne-itirdi\/"},"wordCount":2248,"publisher":{"@id":"https:\/\/www.meydan.tv\/az\/#organization"},"image":{"@id":"https:\/\/www.meydan.tv\/az\/article\/azerbaycan-aciq-hokumet-terefdasligindan-cixarilmaqla-ne-itirdi\/#primaryimage"},"thumbnailUrl":"https:\/\/www.meydan.tv\/wp-content\/uploads\/ogp-sign-scaled-1.jpg","articleSection":["Siyas\u0259t","T\u00f6vsiy\u0259","X\u0259b\u0259rl\u0259r"],"inLanguage":"az"},{"@type":"WebPage","@id":"https:\/\/www.meydan.tv\/az\/article\/azerbaycan-aciq-hokumet-terefdasligindan-cixarilmaqla-ne-itirdi\/","url":"https:\/\/www.meydan.tv\/az\/article\/azerbaycan-aciq-hokumet-terefdasligindan-cixarilmaqla-ne-itirdi\/","name":"Az\u0259rbaycan A\u00e7\u0131q H\u00f6kum\u0259t T\u0259r\u0259fda\u015fl\u0131\u011f\u0131ndan \u00e7\u0131xar\u0131lmaqla n\u0259 itirdi? - MEYDAN.TV","isPartOf":{"@id":"https:\/\/www.meydan.tv\/az\/#website"},"primaryImageOfPage":{"@id":"https:\/\/www.meydan.tv\/az\/article\/azerbaycan-aciq-hokumet-terefdasligindan-cixarilmaqla-ne-itirdi\/#primaryimage"},"image":{"@id":"https:\/\/www.meydan.tv\/az\/article\/azerbaycan-aciq-hokumet-terefdasligindan-cixarilmaqla-ne-itirdi\/#primaryimage"},"thumbnailUrl":"https:\/\/www.meydan.tv\/wp-content\/uploads\/ogp-sign-scaled-1.jpg","datePublished":"2023-08-19T11:07:55+00:00","dateModified":"2023-08-19T11:12:16+00:00","breadcrumb":{"@id":"https:\/\/www.meydan.tv\/az\/article\/azerbaycan-aciq-hokumet-terefdasligindan-cixarilmaqla-ne-itirdi\/#breadcrumb"},"inLanguage":"az","potentialAction":[{"@type":"ReadAction","target":["https:\/\/www.meydan.tv\/az\/article\/azerbaycan-aciq-hokumet-terefdasligindan-cixarilmaqla-ne-itirdi\/"]}]},{"@type":"ImageObject","inLanguage":"az","@id":"https:\/\/www.meydan.tv\/az\/article\/azerbaycan-aciq-hokumet-terefdasligindan-cixarilmaqla-ne-itirdi\/#primaryimage","url":"https:\/\/www.meydan.tv\/wp-content\/uploads\/ogp-sign-scaled-1.jpg","contentUrl":"https:\/\/www.meydan.tv\/wp-content\/uploads\/ogp-sign-scaled-1.jpg","width":1200,"height":800,"caption":"A\u00e7\u0131q H\u00f6kum\u0259t T\u0259r\u0259fda\u015fl\u0131\u011f\u0131 (OGP) Foto: \"opengovpartnership.org\""},{"@type":"BreadcrumbList","@id":"https:\/\/www.meydan.tv\/az\/article\/azerbaycan-aciq-hokumet-terefdasligindan-cixarilmaqla-ne-itirdi\/#breadcrumb","itemListElement":[{"@type":"ListItem","position":1,"name":"Ana s\u0259hif\u0259","item":"https:\/\/www.meydan.tv\/az\/"},{"@type":"ListItem","position":2,"name":"Siyas\u0259t","item":"https:\/\/www.meydan.tv\/az\/section\/siyaset\/"},{"@type":"ListItem","position":3,"name":"Az\u0259rbaycan A\u00e7\u0131q H\u00f6kum\u0259t T\u0259r\u0259fda\u015fl\u0131\u011f\u0131ndan \u00e7\u0131xar\u0131lmaqla n\u0259 itirdi?"}]},{"@type":"WebSite","@id":"https:\/\/www.meydan.tv\/az\/#website","url":"https:\/\/www.meydan.tv\/az\/","name":"MEYDAN.TV","description":"Meydan TV Az\u0259rbaycan\u0131n media m\u0259kan\u0131ndak\u0131 alternativ s\u0259sidir","publisher":{"@id":"https:\/\/www.meydan.tv\/az\/#organization"},"potentialAction":[{"@type":"SearchAction","target":{"@type":"EntryPoint","urlTemplate":"https:\/\/www.meydan.tv\/az\/?s={search_term_string}"},"query-input":{"@type":"PropertyValueSpecification","valueRequired":true,"valueName":"search_term_string"}}],"inLanguage":"az"},{"@type":"Organization","@id":"https:\/\/www.meydan.tv\/az\/#organization","name":"Meydan TV","url":"https:\/\/www.meydan.tv\/az\/","logo":{"@type":"ImageObject","inLanguage":"az","@id":"https:\/\/www.meydan.tv\/az\/#\/schema\/logo\/image\/","url":"https:\/\/www.meydan.tv\/wp-content\/uploads\/2021\/07\/meydan-logo.svg","contentUrl":"https:\/\/www.meydan.tv\/wp-content\/uploads\/2021\/07\/meydan-logo.svg","width":195,"height":46,"caption":"Meydan TV"},"image":{"@id":"https:\/\/www.meydan.tv\/az\/#\/schema\/logo\/image\/"}},{"@type":"Person","@id":"https:\/\/www.meydan.tv\/az\/#\/schema\/person\/9cdbecf90d17180ce1dfbd95b08dcf47","name":"elli","sameAs":["https:\/\/x.com\/elli"]}]}},"_links":{"self":[{"href":"https:\/\/www.meydan.tv\/az\/wp-json\/wp\/v2\/posts\/282700","targetHints":{"allow":["GET"]}}],"collection":[{"href":"https:\/\/www.meydan.tv\/az\/wp-json\/wp\/v2\/posts"}],"about":[{"href":"https:\/\/www.meydan.tv\/az\/wp-json\/wp\/v2\/types\/post"}],"author":[{"embeddable":true,"href":"https:\/\/www.meydan.tv\/az\/wp-json\/wp\/v2\/users\/8"}],"replies":[{"embeddable":true,"href":"https:\/\/www.meydan.tv\/az\/wp-json\/wp\/v2\/comments?post=282700"}],"version-history":[{"count":3,"href":"https:\/\/www.meydan.tv\/az\/wp-json\/wp\/v2\/posts\/282700\/revisions"}],"predecessor-version":[{"id":282706,"href":"https:\/\/www.meydan.tv\/az\/wp-json\/wp\/v2\/posts\/282700\/revisions\/282706"}],"wp:featuredmedia":[{"embeddable":true,"href":"https:\/\/www.meydan.tv\/az\/wp-json\/wp\/v2\/media\/282697"}],"wp:attachment":[{"href":"https:\/\/www.meydan.tv\/az\/wp-json\/wp\/v2\/media?parent=282700"}],"wp:term":[{"taxonomy":"category","embeddable":true,"href":"https:\/\/www.meydan.tv\/az\/wp-json\/wp\/v2\/categories?post=282700"},{"taxonomy":"post_tag","embeddable":true,"href":"https:\/\/www.meydan.tv\/az\/wp-json\/wp\/v2\/tags?post=282700"}],"curies":[{"name":"wp","href":"https:\/\/api.w.org\/{rel}","templated":true}]}}