{"id":282695,"date":"2023-08-18T22:26:58","date_gmt":"2023-08-18T18:26:58","guid":{"rendered":"https:\/\/www.meydan.tv\/?p=282695"},"modified":"2023-08-18T22:27:01","modified_gmt":"2023-08-18T18:27:01","slug":"qubada-yol-problemi-mohucluler-boyrek-dasindan-eziyyet-cekenleri-kende-devet-edirler","status":"publish","type":"post","link":"https:\/\/www.meydan.tv\/az\/article\/qubada-yol-problemi-mohucluler-boyrek-dasindan-eziyyet-cekenleri-kende-devet-edirler\/","title":{"rendered":"Qubada yol problemi: M\u00f6h\u00fccl\u00fcl\u0259r b\u00f6yr\u0259k da\u015f\u0131ndan \u0259ziyy\u0259t \u00e7\u0259k\u0259nl\u0259ri k\u0259nd\u0259 d\u0259v\u0259t edirl\u0259r"},"content":{"rendered":"\n<p><\/p>\n\n\n\n<p><strong><em>\u201cQar ya\u011fanda, yollar buz ba\u011flayanda is\u0259 \u00fcmumiyy\u0259tl\u0259 k\u0259ndl\u0259rin rayon m\u0259rk\u0259zi il\u0259 \u0259laq\u0259si k\u0259silir\u201d<\/em><\/strong><\/p>\n\n\n\n<p>Quban\u0131n M\u00f6h\u00fcc k\u0259ndi t\u0259bi\u0259tin\u0259 g\u00f6r\u0259 \u00f6lk\u0259nin \u0259n yax\u015f\u0131 b\u00f6lg\u0259l\u0259rind\u0259n hesab olunur. Yerli sakinl\u0259r deyirl\u0259r ki, k\u0259nd\u0259 g\u0259l\u0259n turistl\u0259r buran\u0131n h\u0259m havas\u0131n\u0131, h\u0259m d\u0259 m\u0259nz\u0259r\u0259sini \u00e7ox b\u0259y\u0259nirl\u0259r. Ancaq kims\u0259 t\u0259sad\u00fcf\u0259n ya\u011fmurlu havaya tu\u015f g\u0259ls\u0259, geri qay\u0131tma\u011fa imkan\u0131 olmur. \u00c7\u00fcnki yollar el\u0259 v\u0259ziyy\u0259td\u0259dir ki, h\u0259tta y\u00fck ma\u015f\u0131nlar\u0131n\u0131n h\u0259r\u0259k\u0259ti bel\u0259 \u00e7\u0259tindir.<\/p>\n\n\n\n<p>M\u00f6h\u00fcc k\u0259ndi d\u0259 daxil olmaqla Quban\u0131n Yuxar\u0131 T\u00fcl\u0259k\u0259ran, G\u00fclt\u0259p\u0259, T\u00fcl\u0259r, Yenik\u0259nd v\u0259 A\u015fa\u011f\u0131 T\u00fcl\u0259k\u0259ran k\u0259ndl\u0259rinin yollar\u0131 da eyni v\u0259ziyy\u0259td\u0259dir.<\/p>\n\n\n\n<p>M\u00f6h\u00fcc k\u0259nd sakini R\u0259sul H\u0259s\u0259nov deyir ki, 1 ild\u0259n art\u0131qd\u0131r yollar\u0131n t\u0259mir edil\u0259c\u0259yini g\u00f6zl\u0259yirl\u0259r. \u00c7\u00fcnki t\u0259xmin\u0259n \u00f6t\u0259n ilin sentyabr\u0131nda onlara k\u0259nd yollar\u0131n\u0131n \u0259sasl\u0131 t\u0259mir edil\u0259c\u0259yi il\u0259 ba\u011fl\u0131 m\u0259lumat verilib.<\/p>\n\n\n\n<p>Yay aylar\u0131 bitir dey\u0259 indid\u0259n sakinl\u0259rin qay\u011f\u0131s\u0131 art\u0131b. D\u00fc\u015f\u00fcn\u00fcrl\u0259r ki, ya\u011fmurlu pay\u0131z-q\u0131\u015f aylar\u0131nda yollar yen\u0259 ke\u00e7ilm\u0259z olacaq.<\/p>\n\n\n\n<p>Sakinl\u0259r istehza il\u0259 deyir ki, b\u00f6yr\u0259yind\u0259 da\u015f olan b\u00fct\u00fcn x\u0259st\u0259l\u0259ri k\u0259nd\u0259 d\u0259v\u0259t edirl\u0259r:<\/p>\n\n\n\n<p><em>\u201cK\u0259ndimizin yollar\u0131 el\u0259 v\u0259ziyy\u0259td\u0259dir ki, b\u00f6yr\u0259kd\u0259 da\u015f\u0131 salar. K\u0259nd\u0259 n\u0259inki turist g\u0259lir, h\u0259tta sakinl\u0259rin \u00f6zl\u0259ri bel\u0259 gedib-g\u0259lm\u0259kd\u0259 \u00e7\u0259tinlik \u00e7\u0259kirl\u0259r. Ya\u011f\u0131\u015fl\u0131 havalarda d\u0259f\u0259l\u0259rl\u0259 avtomobill\u0259r yola ili\u015fib qal\u0131b. Qar ya\u011fanda, yollar buz ba\u011flayanda is\u0259 \u00fcmumiyy\u0259tl\u0259 k\u0259ndl\u0259rin rayon m\u0259rk\u0259zi il\u0259 \u0259laq\u0259si k\u0259silir\u201d.<\/em><\/p>\n\n\n\n<p>Ad\u0131\u00e7\u0259kil\u0259n k\u0259ndl\u0259r T\u00fcl\u0259k\u0259ran \u0130nzibati \u018frazi Dair\u0259sin\u0259 daxildir.<\/p>\n\n\n\n<p>K\u0259nd b\u0259l\u0259diyy\u0259sind\u0259n bildiribl\u0259r ki, 6 k\u0259ndd\u0259 t\u0259xmin\u0259n 6 min\u0259 yax\u0131n sakin ya\u015fay\u0131r.<\/p>\n\n\n\n<p><em>\u201cK\u0259ndi\u00e7i yollar t\u0259mirsiz oldu\u011fundan b\u0259rbad v\u0259ziyy\u0259t\u0259 d\u00fc\u015f\u00fcb. Lakin b\u0259l\u0259diyy\u0259nin yollar\u0131 t\u0259mir etm\u0259k \u00fc\u00e7\u00fcn v\u0259saiti yoxdur\u201d, &#8211; <\/em>qurumdan deyibl\u0259r.<\/p>\n\n\n\n<p>Quba Rayon \u0130cra Hakimiyy\u0259tind\u0259n is\u0259 Meydan TV-y\u0259 deyibl\u0259r ki, rayon k\u0259ndl\u0259rin\u0259 ged\u0259n yollar m\u0259rh\u0259l\u0259 il\u0259 t\u0259mir olunur:<\/p>\n\n\n\n<p><em>\u201c\u0130cra ba\u015f\u00e7\u0131s\u0131 \u015f\u0259xs\u0259n t\u0259mir i\u015fl\u0259rin\u0259 n\u0259zar\u0259t edir\u201d.<\/em><\/p>\n","protected":false},"excerpt":{"rendered":"<p>\u201cQar ya\u011fanda, yollar buz ba\u011flayanda is\u0259 \u00fcmumiyy\u0259tl\u0259 k\u0259ndl\u0259rin rayon m\u0259rk\u0259zi &#8230; <\/p>\n<p class=\"read-more-container\"><a title=\"Qubada yol problemi: M\u00f6h\u00fccl\u00fcl\u0259r b\u00f6yr\u0259k da\u015f\u0131ndan \u0259ziyy\u0259t \u00e7\u0259k\u0259nl\u0259ri k\u0259nd\u0259 d\u0259v\u0259t edirl\u0259r\" class=\"read-more button\" href=\"https:\/\/www.meydan.tv\/az\/article\/qubada-yol-problemi-mohucluler-boyrek-dasindan-eziyyet-cekenleri-kende-devet-edirler\/#more-282695\" aria-label=\"Read more about Qubada yol problemi: M\u00f6h\u00fccl\u00fcl\u0259r b\u00f6yr\u0259k da\u015f\u0131ndan \u0259ziyy\u0259t \u00e7\u0259k\u0259nl\u0259ri k\u0259nd\u0259 d\u0259v\u0259t edirl\u0259r\">Davam\u0131<\/a><\/p>\n","protected":false},"author":8,"featured_media":282692,"comment_status":"closed","ping_status":"closed","sticky":false,"template":"","format":"standard","meta":{"_acf_changed":false,"_sitemap_exclude":false,"_sitemap_priority":"","_sitemap_frequency":"","footnotes":""},"categories":[60,56],"tags":[],"class_list":["post-282695","post","type-post","status-publish","format-standard","has-post-thumbnail","hentry","category-bolge","category-xeberler","infinite-scroll-item","generate-columns","tablet-grid-50","mobile-grid-100","grid-parent","grid-33","no-featured-image-padding"],"acf":[],"yoast_head":"<!-- This site is optimized with the Yoast SEO plugin v27.4 - https:\/\/yoast.com\/product\/yoast-seo-wordpress\/ -->\n<title>Qubada yol problemi: M\u00f6h\u00fccl\u00fcl\u0259r b\u00f6yr\u0259k da\u015f\u0131ndan \u0259ziyy\u0259t \u00e7\u0259k\u0259nl\u0259ri k\u0259nd\u0259 d\u0259v\u0259t edirl\u0259r - MEYDAN.TV<\/title>\n<meta name=\"robots\" content=\"index, follow, max-snippet:-1, max-image-preview:large, max-video-preview:-1\" \/>\n<link rel=\"canonical\" href=\"https:\/\/www.meydan.tv\/az\/article\/qubada-yol-problemi-mohucluler-boyrek-dasindan-eziyyet-cekenleri-kende-devet-edirler\/\" \/>\n<meta property=\"og:locale\" content=\"az_AZ\" \/>\n<meta property=\"og:type\" content=\"article\" \/>\n<meta property=\"og:title\" content=\"Qubada yol problemi: M\u00f6h\u00fccl\u00fcl\u0259r b\u00f6yr\u0259k da\u015f\u0131ndan \u0259ziyy\u0259t \u00e7\u0259k\u0259nl\u0259ri k\u0259nd\u0259 d\u0259v\u0259t edirl\u0259r - MEYDAN.TV\" \/>\n<meta property=\"og:description\" content=\"\u201cQar ya\u011fanda, yollar buz ba\u011flayanda is\u0259 \u00fcmumiyy\u0259tl\u0259 k\u0259ndl\u0259rin rayon m\u0259rk\u0259zi ... Davam\u0131\" \/>\n<meta property=\"og:url\" content=\"https:\/\/www.meydan.tv\/az\/article\/qubada-yol-problemi-mohucluler-boyrek-dasindan-eziyyet-cekenleri-kende-devet-edirler\/\" \/>\n<meta property=\"og:site_name\" content=\"MEYDAN.TV\" \/>\n<meta property=\"article:published_time\" content=\"2023-08-18T18:26:58+00:00\" \/>\n<meta property=\"article:modified_time\" content=\"2023-08-18T18:27:01+00:00\" \/>\n<meta property=\"og:image\" content=\"https:\/\/www.meydan.tv\/wp-content\/uploads\/untitled-design-183.jpg\" \/>\n\t<meta property=\"og:image:width\" content=\"1200\" \/>\n\t<meta property=\"og:image:height\" content=\"800\" \/>\n\t<meta property=\"og:image:type\" content=\"image\/jpeg\" \/>\n<meta name=\"author\" content=\"elli\" \/>\n<meta name=\"twitter:card\" content=\"summary_large_image\" \/>\n<meta name=\"twitter:creator\" content=\"@elli\" \/>\n<script type=\"application\/ld+json\" class=\"yoast-schema-graph\">{\"@context\":\"https:\\\/\\\/schema.org\",\"@graph\":[{\"@type\":\"Article\",\"@id\":\"https:\\\/\\\/www.meydan.tv\\\/az\\\/article\\\/qubada-yol-problemi-mohucluler-boyrek-dasindan-eziyyet-cekenleri-kende-devet-edirler\\\/#article\",\"isPartOf\":{\"@id\":\"https:\\\/\\\/www.meydan.tv\\\/az\\\/article\\\/qubada-yol-problemi-mohucluler-boyrek-dasindan-eziyyet-cekenleri-kende-devet-edirler\\\/\"},\"author\":{\"name\":\"elli\",\"@id\":\"https:\\\/\\\/www.meydan.tv\\\/az\\\/#\\\/schema\\\/person\\\/9cdbecf90d17180ce1dfbd95b08dcf47\"},\"headline\":\"Qubada yol problemi: M\u00f6h\u00fccl\u00fcl\u0259r b\u00f6yr\u0259k da\u015f\u0131ndan \u0259ziyy\u0259t \u00e7\u0259k\u0259nl\u0259ri k\u0259nd\u0259 d\u0259v\u0259t edirl\u0259r\",\"datePublished\":\"2023-08-18T18:26:58+00:00\",\"dateModified\":\"2023-08-18T18:27:01+00:00\",\"mainEntityOfPage\":{\"@id\":\"https:\\\/\\\/www.meydan.tv\\\/az\\\/article\\\/qubada-yol-problemi-mohucluler-boyrek-dasindan-eziyyet-cekenleri-kende-devet-edirler\\\/\"},\"wordCount\":471,\"publisher\":{\"@id\":\"https:\\\/\\\/www.meydan.tv\\\/az\\\/#organization\"},\"image\":{\"@id\":\"https:\\\/\\\/www.meydan.tv\\\/az\\\/article\\\/qubada-yol-problemi-mohucluler-boyrek-dasindan-eziyyet-cekenleri-kende-devet-edirler\\\/#primaryimage\"},\"thumbnailUrl\":\"https:\\\/\\\/www.meydan.tv\\\/wp-content\\\/uploads\\\/untitled-design-183.jpg\",\"articleSection\":[\"B\u00f6lg\u0259\",\"X\u0259b\u0259rl\u0259r\"],\"inLanguage\":\"az\"},{\"@type\":\"WebPage\",\"@id\":\"https:\\\/\\\/www.meydan.tv\\\/az\\\/article\\\/qubada-yol-problemi-mohucluler-boyrek-dasindan-eziyyet-cekenleri-kende-devet-edirler\\\/\",\"url\":\"https:\\\/\\\/www.meydan.tv\\\/az\\\/article\\\/qubada-yol-problemi-mohucluler-boyrek-dasindan-eziyyet-cekenleri-kende-devet-edirler\\\/\",\"name\":\"Qubada yol problemi: M\u00f6h\u00fccl\u00fcl\u0259r b\u00f6yr\u0259k da\u015f\u0131ndan \u0259ziyy\u0259t \u00e7\u0259k\u0259nl\u0259ri k\u0259nd\u0259 d\u0259v\u0259t edirl\u0259r - MEYDAN.TV\",\"isPartOf\":{\"@id\":\"https:\\\/\\\/www.meydan.tv\\\/az\\\/#website\"},\"primaryImageOfPage\":{\"@id\":\"https:\\\/\\\/www.meydan.tv\\\/az\\\/article\\\/qubada-yol-problemi-mohucluler-boyrek-dasindan-eziyyet-cekenleri-kende-devet-edirler\\\/#primaryimage\"},\"image\":{\"@id\":\"https:\\\/\\\/www.meydan.tv\\\/az\\\/article\\\/qubada-yol-problemi-mohucluler-boyrek-dasindan-eziyyet-cekenleri-kende-devet-edirler\\\/#primaryimage\"},\"thumbnailUrl\":\"https:\\\/\\\/www.meydan.tv\\\/wp-content\\\/uploads\\\/untitled-design-183.jpg\",\"datePublished\":\"2023-08-18T18:26:58+00:00\",\"dateModified\":\"2023-08-18T18:27:01+00:00\",\"breadcrumb\":{\"@id\":\"https:\\\/\\\/www.meydan.tv\\\/az\\\/article\\\/qubada-yol-problemi-mohucluler-boyrek-dasindan-eziyyet-cekenleri-kende-devet-edirler\\\/#breadcrumb\"},\"inLanguage\":\"az\",\"potentialAction\":[{\"@type\":\"ReadAction\",\"target\":[\"https:\\\/\\\/www.meydan.tv\\\/az\\\/article\\\/qubada-yol-problemi-mohucluler-boyrek-dasindan-eziyyet-cekenleri-kende-devet-edirler\\\/\"]}]},{\"@type\":\"ImageObject\",\"inLanguage\":\"az\",\"@id\":\"https:\\\/\\\/www.meydan.tv\\\/az\\\/article\\\/qubada-yol-problemi-mohucluler-boyrek-dasindan-eziyyet-cekenleri-kende-devet-edirler\\\/#primaryimage\",\"url\":\"https:\\\/\\\/www.meydan.tv\\\/wp-content\\\/uploads\\\/untitled-design-183.jpg\",\"contentUrl\":\"https:\\\/\\\/www.meydan.tv\\\/wp-content\\\/uploads\\\/untitled-design-183.jpg\",\"width\":1200,\"height\":800,\"caption\":\"Foto: Meydan TV\"},{\"@type\":\"BreadcrumbList\",\"@id\":\"https:\\\/\\\/www.meydan.tv\\\/az\\\/article\\\/qubada-yol-problemi-mohucluler-boyrek-dasindan-eziyyet-cekenleri-kende-devet-edirler\\\/#breadcrumb\",\"itemListElement\":[{\"@type\":\"ListItem\",\"position\":1,\"name\":\"Ana s\u0259hif\u0259\",\"item\":\"https:\\\/\\\/www.meydan.tv\\\/az\\\/\"},{\"@type\":\"ListItem\",\"position\":2,\"name\":\"B\u00f6lg\u0259\",\"item\":\"https:\\\/\\\/www.meydan.tv\\\/az\\\/section\\\/bolge\\\/\"},{\"@type\":\"ListItem\",\"position\":3,\"name\":\"Qubada yol problemi: M\u00f6h\u00fccl\u00fcl\u0259r b\u00f6yr\u0259k da\u015f\u0131ndan \u0259ziyy\u0259t \u00e7\u0259k\u0259nl\u0259ri k\u0259nd\u0259 d\u0259v\u0259t edirl\u0259r\"}]},{\"@type\":\"WebSite\",\"@id\":\"https:\\\/\\\/www.meydan.tv\\\/az\\\/#website\",\"url\":\"https:\\\/\\\/www.meydan.tv\\\/az\\\/\",\"name\":\"MEYDAN.TV\",\"description\":\"Meydan TV Az\u0259rbaycan\u0131n media m\u0259kan\u0131ndak\u0131 alternativ s\u0259sidir\",\"publisher\":{\"@id\":\"https:\\\/\\\/www.meydan.tv\\\/az\\\/#organization\"},\"potentialAction\":[{\"@type\":\"SearchAction\",\"target\":{\"@type\":\"EntryPoint\",\"urlTemplate\":\"https:\\\/\\\/www.meydan.tv\\\/az\\\/?s={search_term_string}\"},\"query-input\":{\"@type\":\"PropertyValueSpecification\",\"valueRequired\":true,\"valueName\":\"search_term_string\"}}],\"inLanguage\":\"az\"},{\"@type\":\"Organization\",\"@id\":\"https:\\\/\\\/www.meydan.tv\\\/az\\\/#organization\",\"name\":\"Meydan TV\",\"url\":\"https:\\\/\\\/www.meydan.tv\\\/az\\\/\",\"logo\":{\"@type\":\"ImageObject\",\"inLanguage\":\"az\",\"@id\":\"https:\\\/\\\/www.meydan.tv\\\/az\\\/#\\\/schema\\\/logo\\\/image\\\/\",\"url\":\"https:\\\/\\\/www.meydan.tv\\\/wp-content\\\/uploads\\\/2021\\\/07\\\/meydan-logo.svg\",\"contentUrl\":\"https:\\\/\\\/www.meydan.tv\\\/wp-content\\\/uploads\\\/2021\\\/07\\\/meydan-logo.svg\",\"width\":195,\"height\":46,\"caption\":\"Meydan TV\"},\"image\":{\"@id\":\"https:\\\/\\\/www.meydan.tv\\\/az\\\/#\\\/schema\\\/logo\\\/image\\\/\"}},{\"@type\":\"Person\",\"@id\":\"https:\\\/\\\/www.meydan.tv\\\/az\\\/#\\\/schema\\\/person\\\/9cdbecf90d17180ce1dfbd95b08dcf47\",\"name\":\"elli\",\"sameAs\":[\"https:\\\/\\\/x.com\\\/elli\"]}]}<\/script>\n<!-- \/ Yoast SEO plugin. -->","yoast_head_json":{"title":"Qubada yol problemi: M\u00f6h\u00fccl\u00fcl\u0259r b\u00f6yr\u0259k da\u015f\u0131ndan \u0259ziyy\u0259t \u00e7\u0259k\u0259nl\u0259ri k\u0259nd\u0259 d\u0259v\u0259t edirl\u0259r - MEYDAN.TV","robots":{"index":"index","follow":"follow","max-snippet":"max-snippet:-1","max-image-preview":"max-image-preview:large","max-video-preview":"max-video-preview:-1"},"canonical":"https:\/\/www.meydan.tv\/az\/article\/qubada-yol-problemi-mohucluler-boyrek-dasindan-eziyyet-cekenleri-kende-devet-edirler\/","og_locale":"az_AZ","og_type":"article","og_title":"Qubada yol problemi: M\u00f6h\u00fccl\u00fcl\u0259r b\u00f6yr\u0259k da\u015f\u0131ndan \u0259ziyy\u0259t \u00e7\u0259k\u0259nl\u0259ri k\u0259nd\u0259 d\u0259v\u0259t edirl\u0259r - MEYDAN.TV","og_description":"\u201cQar ya\u011fanda, yollar buz ba\u011flayanda is\u0259 \u00fcmumiyy\u0259tl\u0259 k\u0259ndl\u0259rin rayon m\u0259rk\u0259zi ... Davam\u0131","og_url":"https:\/\/www.meydan.tv\/az\/article\/qubada-yol-problemi-mohucluler-boyrek-dasindan-eziyyet-cekenleri-kende-devet-edirler\/","og_site_name":"MEYDAN.TV","article_published_time":"2023-08-18T18:26:58+00:00","article_modified_time":"2023-08-18T18:27:01+00:00","og_image":[{"width":1200,"height":800,"url":"https:\/\/www.meydan.tv\/wp-content\/uploads\/untitled-design-183.jpg","type":"image\/jpeg"}],"author":"elli","twitter_card":"summary_large_image","twitter_creator":"@elli","schema":{"@context":"https:\/\/schema.org","@graph":[{"@type":"Article","@id":"https:\/\/www.meydan.tv\/az\/article\/qubada-yol-problemi-mohucluler-boyrek-dasindan-eziyyet-cekenleri-kende-devet-edirler\/#article","isPartOf":{"@id":"https:\/\/www.meydan.tv\/az\/article\/qubada-yol-problemi-mohucluler-boyrek-dasindan-eziyyet-cekenleri-kende-devet-edirler\/"},"author":{"name":"elli","@id":"https:\/\/www.meydan.tv\/az\/#\/schema\/person\/9cdbecf90d17180ce1dfbd95b08dcf47"},"headline":"Qubada yol problemi: M\u00f6h\u00fccl\u00fcl\u0259r b\u00f6yr\u0259k da\u015f\u0131ndan \u0259ziyy\u0259t \u00e7\u0259k\u0259nl\u0259ri k\u0259nd\u0259 d\u0259v\u0259t edirl\u0259r","datePublished":"2023-08-18T18:26:58+00:00","dateModified":"2023-08-18T18:27:01+00:00","mainEntityOfPage":{"@id":"https:\/\/www.meydan.tv\/az\/article\/qubada-yol-problemi-mohucluler-boyrek-dasindan-eziyyet-cekenleri-kende-devet-edirler\/"},"wordCount":471,"publisher":{"@id":"https:\/\/www.meydan.tv\/az\/#organization"},"image":{"@id":"https:\/\/www.meydan.tv\/az\/article\/qubada-yol-problemi-mohucluler-boyrek-dasindan-eziyyet-cekenleri-kende-devet-edirler\/#primaryimage"},"thumbnailUrl":"https:\/\/www.meydan.tv\/wp-content\/uploads\/untitled-design-183.jpg","articleSection":["B\u00f6lg\u0259","X\u0259b\u0259rl\u0259r"],"inLanguage":"az"},{"@type":"WebPage","@id":"https:\/\/www.meydan.tv\/az\/article\/qubada-yol-problemi-mohucluler-boyrek-dasindan-eziyyet-cekenleri-kende-devet-edirler\/","url":"https:\/\/www.meydan.tv\/az\/article\/qubada-yol-problemi-mohucluler-boyrek-dasindan-eziyyet-cekenleri-kende-devet-edirler\/","name":"Qubada yol problemi: M\u00f6h\u00fccl\u00fcl\u0259r b\u00f6yr\u0259k da\u015f\u0131ndan \u0259ziyy\u0259t \u00e7\u0259k\u0259nl\u0259ri k\u0259nd\u0259 d\u0259v\u0259t edirl\u0259r - MEYDAN.TV","isPartOf":{"@id":"https:\/\/www.meydan.tv\/az\/#website"},"primaryImageOfPage":{"@id":"https:\/\/www.meydan.tv\/az\/article\/qubada-yol-problemi-mohucluler-boyrek-dasindan-eziyyet-cekenleri-kende-devet-edirler\/#primaryimage"},"image":{"@id":"https:\/\/www.meydan.tv\/az\/article\/qubada-yol-problemi-mohucluler-boyrek-dasindan-eziyyet-cekenleri-kende-devet-edirler\/#primaryimage"},"thumbnailUrl":"https:\/\/www.meydan.tv\/wp-content\/uploads\/untitled-design-183.jpg","datePublished":"2023-08-18T18:26:58+00:00","dateModified":"2023-08-18T18:27:01+00:00","breadcrumb":{"@id":"https:\/\/www.meydan.tv\/az\/article\/qubada-yol-problemi-mohucluler-boyrek-dasindan-eziyyet-cekenleri-kende-devet-edirler\/#breadcrumb"},"inLanguage":"az","potentialAction":[{"@type":"ReadAction","target":["https:\/\/www.meydan.tv\/az\/article\/qubada-yol-problemi-mohucluler-boyrek-dasindan-eziyyet-cekenleri-kende-devet-edirler\/"]}]},{"@type":"ImageObject","inLanguage":"az","@id":"https:\/\/www.meydan.tv\/az\/article\/qubada-yol-problemi-mohucluler-boyrek-dasindan-eziyyet-cekenleri-kende-devet-edirler\/#primaryimage","url":"https:\/\/www.meydan.tv\/wp-content\/uploads\/untitled-design-183.jpg","contentUrl":"https:\/\/www.meydan.tv\/wp-content\/uploads\/untitled-design-183.jpg","width":1200,"height":800,"caption":"Foto: Meydan TV"},{"@type":"BreadcrumbList","@id":"https:\/\/www.meydan.tv\/az\/article\/qubada-yol-problemi-mohucluler-boyrek-dasindan-eziyyet-cekenleri-kende-devet-edirler\/#breadcrumb","itemListElement":[{"@type":"ListItem","position":1,"name":"Ana s\u0259hif\u0259","item":"https:\/\/www.meydan.tv\/az\/"},{"@type":"ListItem","position":2,"name":"B\u00f6lg\u0259","item":"https:\/\/www.meydan.tv\/az\/section\/bolge\/"},{"@type":"ListItem","position":3,"name":"Qubada yol problemi: M\u00f6h\u00fccl\u00fcl\u0259r b\u00f6yr\u0259k da\u015f\u0131ndan \u0259ziyy\u0259t \u00e7\u0259k\u0259nl\u0259ri k\u0259nd\u0259 d\u0259v\u0259t edirl\u0259r"}]},{"@type":"WebSite","@id":"https:\/\/www.meydan.tv\/az\/#website","url":"https:\/\/www.meydan.tv\/az\/","name":"MEYDAN.TV","description":"Meydan TV Az\u0259rbaycan\u0131n media m\u0259kan\u0131ndak\u0131 alternativ s\u0259sidir","publisher":{"@id":"https:\/\/www.meydan.tv\/az\/#organization"},"potentialAction":[{"@type":"SearchAction","target":{"@type":"EntryPoint","urlTemplate":"https:\/\/www.meydan.tv\/az\/?s={search_term_string}"},"query-input":{"@type":"PropertyValueSpecification","valueRequired":true,"valueName":"search_term_string"}}],"inLanguage":"az"},{"@type":"Organization","@id":"https:\/\/www.meydan.tv\/az\/#organization","name":"Meydan TV","url":"https:\/\/www.meydan.tv\/az\/","logo":{"@type":"ImageObject","inLanguage":"az","@id":"https:\/\/www.meydan.tv\/az\/#\/schema\/logo\/image\/","url":"https:\/\/www.meydan.tv\/wp-content\/uploads\/2021\/07\/meydan-logo.svg","contentUrl":"https:\/\/www.meydan.tv\/wp-content\/uploads\/2021\/07\/meydan-logo.svg","width":195,"height":46,"caption":"Meydan TV"},"image":{"@id":"https:\/\/www.meydan.tv\/az\/#\/schema\/logo\/image\/"}},{"@type":"Person","@id":"https:\/\/www.meydan.tv\/az\/#\/schema\/person\/9cdbecf90d17180ce1dfbd95b08dcf47","name":"elli","sameAs":["https:\/\/x.com\/elli"]}]}},"_links":{"self":[{"href":"https:\/\/www.meydan.tv\/az\/wp-json\/wp\/v2\/posts\/282695","targetHints":{"allow":["GET"]}}],"collection":[{"href":"https:\/\/www.meydan.tv\/az\/wp-json\/wp\/v2\/posts"}],"about":[{"href":"https:\/\/www.meydan.tv\/az\/wp-json\/wp\/v2\/types\/post"}],"author":[{"embeddable":true,"href":"https:\/\/www.meydan.tv\/az\/wp-json\/wp\/v2\/users\/8"}],"replies":[{"embeddable":true,"href":"https:\/\/www.meydan.tv\/az\/wp-json\/wp\/v2\/comments?post=282695"}],"version-history":[{"count":1,"href":"https:\/\/www.meydan.tv\/az\/wp-json\/wp\/v2\/posts\/282695\/revisions"}],"predecessor-version":[{"id":282696,"href":"https:\/\/www.meydan.tv\/az\/wp-json\/wp\/v2\/posts\/282695\/revisions\/282696"}],"wp:featuredmedia":[{"embeddable":true,"href":"https:\/\/www.meydan.tv\/az\/wp-json\/wp\/v2\/media\/282692"}],"wp:attachment":[{"href":"https:\/\/www.meydan.tv\/az\/wp-json\/wp\/v2\/media?parent=282695"}],"wp:term":[{"taxonomy":"category","embeddable":true,"href":"https:\/\/www.meydan.tv\/az\/wp-json\/wp\/v2\/categories?post=282695"},{"taxonomy":"post_tag","embeddable":true,"href":"https:\/\/www.meydan.tv\/az\/wp-json\/wp\/v2\/tags?post=282695"}],"curies":[{"name":"wp","href":"https:\/\/api.w.org\/{rel}","templated":true}]}}