{"id":282651,"date":"2023-08-18T17:33:35","date_gmt":"2023-08-18T13:33:35","guid":{"rendered":"https:\/\/www.meydan.tv\/?p=282651"},"modified":"2023-08-18T19:08:10","modified_gmt":"2023-08-18T15:08:10","slug":"azadliq-radiosunun-kecmis-emekdaslari-sikayetlerinin-cavabsiz-qaldigini-deyirler","status":"publish","type":"post","link":"https:\/\/www.meydan.tv\/az\/article\/azadliq-radiosunun-kecmis-emekdaslari-sikayetlerinin-cavabsiz-qaldigini-deyirler\/","title":{"rendered":"\u201cAzadl\u0131q\u201d Radiosunun ke\u00e7mi\u015f \u0259m\u0259kda\u015flar\u0131 \u015fikay\u0259tl\u0259rinin cavabs\u0131z qald\u0131\u011f\u0131n\u0131 deyirl\u0259r"},"content":{"rendered":"\n<p><\/p>\n\n\n\n<p><strong><em>Radionun Az\u0259rbaycan Xidm\u0259ti \u0259traf\u0131ndak\u0131 naraz\u0131l\u0131q beyn\u0259lxalq mediaya \u00e7\u0131xar\u0131l\u0131r<\/em><\/strong><\/p>\n\n\n\n<p>Son g\u00fcnl\u0259r sosial \u015f\u0259b\u0259k\u0259nin Az\u0259rbaycan seqmentind\u0259, el\u0259c\u0259 d\u0259 yerli v\u0259 beyn\u0259lxalq mediada \u201cAzadl\u0131q\u201d Radiosunun ke\u00e7mi\u015f \u0259m\u0259kda\u015flar\u0131n\u0131n naraz\u0131l\u0131qlar\u0131 m\u00fczakir\u0259 m\u00f6vzusudur.<\/p>\n\n\n\n<p>Naraz\u0131l\u0131qlar\u0131n Meydan TV-d\u0259 i\u015f\u0131qland\u0131r\u0131lmas\u0131n\u0131 ist\u0259y\u0259nl\u0259r aras\u0131nda haz\u0131rda radioda \u00e7al\u0131\u015fanlar da var. Onlar\u0131n s\u00f6zl\u0259rin\u0259 g\u00f6r\u0259, i\u015fd\u0259n \u00e7\u0131xan \u015f\u0259xsl\u0259rin s\u0259sl\u0259ndirdiyi iradlara baxmayaraq, h\u0259l\u0259 d\u0259 i\u015f\u00e7il\u0259r\u0259 m\u00fcnasib\u0259t d\u0259yi\u015fm\u0259yib, r\u0259hb\u0259rliy\u0259 g\u00f6nd\u0259ril\u0259n \u015fikay\u0259tl\u0259r\u0259 cavab verilmir. Ona g\u00f6r\u0259 d\u0259 yax\u0131n g\u00fcnl\u0259rd\u0259 daha bir ne\u00e7\u0259 n\u0259f\u0259r radiodan ayr\u0131lma\u011f\u0131 d\u00fc\u015f\u00fcn\u00fcr.<\/p>\n\n\n\n<p>Naraz\u0131l\u0131qlar\u0131n\u0131 sosial \u015f\u0259b\u0259k\u0259l\u0259r vasit\u0259sil\u0259 ictimail\u0259\u015fdir\u0259n radionun ke\u00e7mi\u015f \u0259m\u0259kda\u015flar\u0131 is\u0259 i\u015f\u00e7il\u0259rin bu qurumun Az\u0259rbaycan b\u00f6l\u00fcm\u00fcn\u00fcn r\u0259hb\u0259rliyind\u0259 t\u0259msil olunan \u015f\u0259xsl\u0259r t\u0259r\u0259find\u0259n bulinq\u0259 m\u0259ruz qald\u0131qlar\u0131n\u0131 bildirirl\u0259r.<\/p>\n\n\n\n<p>Onlar bir ne\u00e7\u0259 iddia s\u0259sl\u0259ndiribl\u0259r. H\u0259m Praqa, h\u0259m Bak\u0131 b\u00fcrosunun \u0259m\u0259kda\u015flar\u0131 i\u015fd\u0259 s\u0131x\u0131\u015fd\u0131r\u0131ld\u0131qlar\u0131n\u0131, haqs\u0131z yer\u0259 t\u0259nqid olunduqlar\u0131n\u0131 v\u0259 son n\u0259tic\u0259d\u0259 qanunsuz \u015f\u0259kild\u0259, \u00f6nc\u0259d\u0259n he\u00e7 bir x\u0259b\u0259rdarl\u0131q edilm\u0259d\u0259n i\u015fd\u0259n uzaqla\u015fd\u0131r\u0131ld\u0131qlar\u0131n\u0131 deyirl\u0259r.<\/p>\n\n\n\n<p>\u0130ddialar\u0131n biri is\u0259 yeni i\u015f\u0259 g\u00f6t\u00fcr\u00fcl\u0259n \u0259m\u0259kda\u015flarla ba\u011fl\u0131d\u0131r. Bildirilir ki, haz\u0131rda SMM qrupunun r\u0259hb\u0259rliyind\u0259 t\u0259msil olunan M\u0259mm\u0259d\u015f\u0259rif \u018fl\u0259kb\u0259rov Az\u0259rbaycan hakimiyy\u0259tin\u0259 ba\u011fl\u0131 telekanallarda \u00e7al\u0131\u015f\u0131b v\u0259 m\u00fcharib\u0259 t\u0259bli\u011fat\u0131 il\u0259 ba\u011fl\u0131 videomateriallara redaktorluq edib. H\u0259min \u015f\u0259xsin qarda\u015f\u0131 da haz\u0131rda hakim ail\u0259y\u0259 yax\u0131n \u015f\u0259xsl\u0259rd\u0259n hesab olunur.<\/p>\n\n\n\n<p>\u0130\u015f\u00e7il\u0259rin naraz\u0131l\u0131qlar\u0131 yay\u0131mlanma\u011fa ba\u015flayanda i\u015f\u0259 yeni c\u0259lb olundu\u011fu bildiril\u0259n M\u0259mm\u0259d\u015f\u0259rif \u018fl\u0259kb\u0259rov sosial media hesablar\u0131n\u0131 deaktiv edib.<\/p>\n\n\n\n<p>Bu iddialardan sonra \u201cAzadl\u0131q\u201d Radiosunun Az\u0259rbaycan b\u00f6l\u00fcm\u00fc jurnalistikan\u0131 l\u0259k\u0259l\u0259y\u0259n, sosial mediada yay\u0131lan \u0259sass\u0131z iddialardan d\u0259rin narahat olduqlar\u0131 il\u0259 ba\u011fl\u0131 a\u00e7\u0131qlama <a href=\"https:\/\/www.azadliq.org\/a\/azadliq-radiosu-sosial-media-iddialar\/32534667.html\" target=\"_blank\" rel=\"noreferrer noopener\">yay\u0131b<\/a>.<\/p>\n\n\n\n<figure class=\"wp-block-pullquote\"><blockquote><p><strong>\u0130\u015f\u00e7il\u0259r\u0259 r\u0259ftarla ba\u011fl\u0131 ba\u015fqa media qurumlar\u0131ndan n\u00fcmun\u0259 g\u0259tir\u0259nd\u0259 \u201cOra yax\u015f\u0131d\u0131r? Get orda i\u015fl\u0259!\u201d t\u0259rzind\u0259 cavab verilir.<\/strong><\/p><\/blockquote><\/figure>\n\n\n\n<p>H\u0259min a\u00e7\u0131qlamada azad v\u0259 \u0259dal\u0259tli jurnalistikaya sadiq olduqlar\u0131 da qeyd edilib.<\/p>\n\n\n\n<p>Bu a\u00e7\u0131qlamadan sonra radionun ke\u00e7mi\u015f \u0259m\u0259kda\u015flar\u0131 Ramin Deko, \u0130slam \u015e\u0131x\u0259li, R\u0259van Seyfulla, Orxan R\u00fcst\u0259mzad\u0259 v\u0259&nbsp;&nbsp;Arzu \u018fliyeva b\u0259yanat <a href=\"https:\/\/www.facebook.com\/ravanseyfulla\/posts\/pfbid036kjj2Nb7wE7ZGyLgpXUJHJNpLZL1bCUaN8fJzHBJoT5cKbiGQB7QnGhjvSUvixVl\" target=\"_blank\" rel=\"noreferrer noopener\">yayaraq<\/a>&nbsp;radionun Az\u0259rbaycan xidm\u0259tinin b\u0259yanat\u0131n\u0131 \u201cprimitiv v\u0259 iki c\u00fcml\u0259lik a\u00e7\u0131qlama\u201d kimi xarakteriz\u0259 edibl\u0259r.<\/p>\n\n\n\n<p>Ad\u0131\u00e7\u0259kil\u0259n \u0259m\u0259kda\u015flar\u0131n yayd\u0131\u011f\u0131 birg\u0259 b\u0259yanatda deyilir:<\/p>\n\n\n\n<p><em>\u201cBilm\u0259k ist\u0259rdik ki, bizim iddialar\u0131m\u0131z bir g\u00fcn\u0259 nec\u0259 ara\u015fd\u0131r\u0131ld\u0131 v\u0259 \u201c\u0259sass\u0131z\u201d olmas\u0131 q\u0259na\u0259tin\u0259 g\u0259lindi?<\/em><\/p>\n\n\n\n<p><em>Bizim Azadl\u0131q Radiosu il\u0259 he\u00e7 bir \u0259dav\u0259timiz yoxdur, naraz\u0131l\u0131\u011f\u0131m\u0131z xidm\u0259tin r\u0259hb\u0259ri \u0130lkin M\u0259mm\u0259dov, x\u0259tt redaktoru V\u00fcsal\u0259 \u018flib\u0259yli v\u0259 ba\u015f redaktor Zeynal M\u0259mm\u0259dlid\u0259ndir\u201d.<\/em><\/p>\n\n\n\n<p>Onlar\u0131n s\u00f6zl\u0259rin\u0259 g\u00f6r\u0259, adlar\u0131n\u0131 \u00e7\u0259kdikl\u0259ri idar\u0259\u00e7il\u0259r\u0259 qar\u015f\u0131 ciddi naraz\u0131l\u0131q h\u00f6km s\u00fcr\u00fcr:<\/p>\n\n\n\n<p>\u201c<em>\u0130\u015f\u00e7il\u0259r\u0259 pis r\u0259ftar edilir, onlar t\u0259hdid\u0259 v\u0259 q\u0131snamaya m\u0259ruz qoyulur. Etiraz ed\u0259nl\u0259r\u0259 qar\u015f\u0131 qisas\u00e7\u0131 m\u00f6vqe s\u0259rgil\u0259nir, i\u015fd\u0259n uzaqla\u015fd\u0131r\u0131l\u0131r v\u0259 ya el\u0259 bir v\u0259ziyy\u0259t\u0259 g\u0259tirilir ki, \u00f6zl\u0259ri \u00e7\u0131x\u0131b gedirl\u0259r.<\/em><\/p>\n\n\n<div class=\"gb-container gb-container-1fbefb00\">\n\n<blockquote class=\"wp-block-quote is-style-default is-layout-flow wp-block-quote-is-layout-flow\">\n<p><strong>\u0130ndi ittihamlara cavab verm\u0259k \u0259v\u0259zin\u0259 radionun \u00fcmumilikd\u0259 \u00fczl\u0259\u015fdiyi m\u0259hdudiyy\u0259tl\u0259rin arxas\u0131nda gizl\u0259nm\u0259y\u0259 \u00e7al\u0131\u015f\u0131rlar. Halbuki Bak\u0131da \u00e7al\u0131\u015fan v\u0259 i\u015fd\u0259n ayr\u0131lan h\u0259r birimiz g\u00fcc strukturlar\u0131 t\u0259r\u0259find\u0259n t\u0259zyiq\u0259 m\u0259ruz qalm\u0131\u015f\u0131q. <\/strong><\/p>\n<\/blockquote>\n\n<\/div>\n\n\n<p><em>\u201cAzadl\u0131q\u201d Radiosunun Az\u0259rbaycan xidm\u0259tind\u0259 q\u0259rarverici statusa malik insanlar, radionun onlara verdiyi s\u0259lahiyy\u0259tl\u0259ri \u015f\u0259xsi maraqlar\u0131 namin\u0259 qisas\u00e7\u0131l\u0131q, tabeliyind\u0259ki insanlar\u0131 m\u0259n\u0259vi v\u0259 psixoloji c\u0259h\u0259td\u0259n \u0259zm\u0259k, maddi maraqlar\u0131 \u00fc\u00e7\u00fcn istifad\u0259 etm\u0259k yolu tutduqlar\u0131ndan bizim \u00fc\u00e7\u00fcn Az\u0259rbaycandak\u0131 repressiv hakimiyy\u0259tl\u0259 bu insanlar aras\u0131nda he\u00e7 bir f\u0259rq qalm\u0131r\u201d.<\/em><\/p>\n\n\n\n<p>Radio il\u0259 \u0259m\u0259kda\u015fl\u0131q etmi\u015f \u0130slam \u015e\u0131x\u0259li deyir ki, i\u015fd\u0259n \u00e7\u0131xd\u0131qdan sonra radionun r\u0259hb\u0259rliyin\u0259 yazd\u0131\u011f\u0131 \u015fikay\u0259t m\u0259ktubu cavabs\u0131z qal\u0131b, iddialar\u0131 ara\u015fd\u0131r\u0131lmay\u0131b. Habel\u0259, Az\u0259rbaycan xidm\u0259tinin Praqa ofisinin \u0259m\u0259kda\u015flar\u0131n\u0131n qurumun insan qaynaqlar\u0131na etdiyi \u015fikay\u0259tl\u0259r\u0259 d\u0259 \u0259h\u0259miyy\u0259t verilm\u0259yib.<\/p>\n\n\n\n<p>\u201c<em>Bu b\u0259yanat\u0131n m\u0259qs\u0259di \u201cAzadl\u0131q\u201d Radiosunun Az\u0259rbaycan xidm\u0259tind\u0259 ba\u015f ver\u0259nl\u0259ri dil\u0259 g\u0259tirm\u0259k v\u0259 Az\u0259rbaycanda onsuz da \u00fcr\u0259ka\u00e7an olmayan media m\u00fchitini tamamil\u0259 s\u0131radan \u00e7\u0131xarma\u011fa \u00e7al\u0131\u015fanlar\u0131 h\u0259d\u0259f almaqd\u0131r\u201d, <\/em>&#8211; i\u015fd\u0259n \u00e7\u0131xm\u0131\u015f bir qrup \u0259m\u0259kda\u015f\u0131n fikirl\u0259ridir.<\/p>\n\n\n\n<p>B\u0259yanat m\u00fc\u0259llifl\u0259ri radionun Az\u0259rbaycan xidm\u0259tind\u0259 naraz\u0131 qald\u0131qlar\u0131 b\u0259zi n\u00fcanslar\u0131 qeyd edibl\u0259r:<\/p>\n\n\n\n<p>&#8211; <strong>\u0130claslarda tez-tez \u0259m\u0259kda\u015fl\u0131\u011f\u0131m\u0131z\u0131 t\u0259svir etm\u0259k \u00fc\u00e7\u00fcn \u0130lkin M\u0259mm\u0259dov \u201cBiz sizinl\u0259 bir yata\u011fa girmi\u015fik\u201d, \u201cbiz sizinl\u0259 nikaha girmi\u015fik\u201d s\u00f6zl\u0259rini i\u015fl\u0259dib. Bir ne\u00e7\u0259 d\u0259f\u0259 h\u0259m Praqa ofisind\u0259, h\u0259m d\u0259 Bak\u0131da \u00e7al\u0131\u015fan \u0259m\u0259kda\u015flar\u0131 a\u011flayacaq d\u0259r\u0259c\u0259y\u0259 \u00e7atd\u0131r\u0131b.<\/strong><\/p>\n\n\n\n<p>&#8211; <strong>Avadanl\u0131q t\u0259minat\u0131 il\u0259 ba\u011fl\u0131 h\u0259r i\u015f\u00e7iy\u0259 f\u0259rqli m\u00fcnasib\u0259t g\u00f6st\u0259rilir. \u0130st\u0259dikl\u0259ri vaxt avadanl\u0131\u011f\u0131 verib, ist\u0259dikl\u0259ri vaxt geri al\u0131rlar. \u0130\u015f\u00e7il\u0259rin ehtiyac\u0131 oldu\u011funu bilib, bunu t\u0259hdid vasit\u0259si kimi istifad\u0259 edirl\u0259r. \u0130\u015f\u00e7il\u0259r\u0259 lizinq yolu il\u0259 avadanl\u0131q verilm\u0259si t\u0259klif olunur, lakin \u00f6d\u0259ni\u015fin n\u0259 formada v\u0259 n\u0259 q\u0259d\u0259r al\u0131nmas\u0131 m\u0259lum olmur.<\/strong><\/p>\n\n\n\n<p><strong>&#8211; B\u0259zi i\u015f\u00e7il\u0259r\u0259 avadanl\u0131q ver\u0259rk\u0259n dig\u0259rin\u0259 bunun radio qaydalar\u0131na zidd oldu\u011fu vur\u011fulan\u0131b.<\/strong><\/p>\n\n\n\n<p>&#8211; <strong>\u0130\u015f\u00e7il\u0259r\u0259 r\u0259ftarla ba\u011fl\u0131 ba\u015fqa media qurumlar\u0131ndan n\u00fcmun\u0259 g\u0259tir\u0259nd\u0259 \u201cOra yax\u015f\u0131d\u0131r? Get orda i\u015fl\u0259!\u201d t\u0259rzind\u0259 cavab verilir.<\/strong><\/p>\n\n\n\n<p>&#8211; <strong>B\u00fct\u00fcn i\u015f\u00e7il\u0259r\u0259 m\u0259zuniyy\u0259t haqq\u0131 verilmir, yaln\u0131z \u0259sas hey\u0259t\u0259 bu ayr\u0131cal\u0131q t\u0259klif edilir. Lakin bu m\u0259zuniyy\u0259t haqq\u0131n\u0131 yaln\u0131z r\u0259hb\u0259rliyin g\u00f6st\u0259rdiyi tarixd\u0259 istifad\u0259 etm\u0259k m\u00fcmk\u00fcn olur. Vaxt\u0131 se\u00e7m\u0259y\u0259 v\u0259 ya d\u0259yi\u015fdirm\u0259y\u0259 imkan verilmir. M\u0259zuniyy\u0259t \u00fc\u00e7\u00fcn \u00f6d\u0259ni\u015fin verilib-verilm\u0259m\u0259si \u0259m\u0259kda\u015flara m\u0259lum olmur.<\/strong><\/p>\n\n\n\n<p>&#8211; <strong>Radio il\u0259 m\u00fcsahibl\u0259rin aras\u0131nda h\u0259r hans\u0131 problem yaranark\u0259n redaktorlar \u00f6zl\u0259ri bunu h\u0259ll etm\u0259kd\u0259n boyun qa\u00e7\u0131r\u0131b, m\u00fcxbiri m\u00fcsahibl\u0259 \u00fcz-\u00fcz\u0259 saxlay\u0131r. El\u0259c\u0259 d\u0259 hans\u0131sa ekspert v\u0259 ya d\u00f6vl\u0259t qurumu il\u0259 problem yarananda \u0130lkin M\u0259mm\u0259dov bu i\u015fi ya m\u00fcxbirin h\u0259ll ed\u0259c\u0259yini g\u00f6zl\u0259yir, ya da &#8220;m\u0259n dan\u0131\u015fsam, dala\u015facam, sonra siz\u0259 a\u00e7\u0131qlama verm\u0259s\u0259l\u0259r, g\u00fcnah\u0131 \u00f6z\u00fcn\u00fczd\u0259 bilin&#8221; kimi cavab verir.<\/strong><\/p>\n\n\n\n<p>&#8211; <strong>Biz n\u0259 q\u0259d\u0259r \u201cfreelancer\u201d reportyor olsaq da, Praqa ofisind\u0259 veril\u0259n q\u0259rarlarla Bak\u0131dak\u0131 \u0259m\u0259kda\u015flara tez-tez yeni i\u015f sistemi t\u0259tbiq olunur. Bak\u0131da video jurnalist \u00e7al\u0131\u015fan \u0259m\u0259kda\u015flar gah kameraman, gah reportyor kimi i\u015fl\u0259dilir. Videojurnalist bir sistem\u0259 uy\u011funla\u015fmam\u0131\u015f yeni sistem g\u0259tirilir. Bu da \u0259m\u0259kda\u015flar\u0131n m\u0259hsuldarl\u0131\u011f\u0131n\u0131 a\u015fa\u011f\u0131 sal\u0131r v\u0259 ya bacar\u0131qlar\u0131n z\u0259ifl\u0259m\u0259sin\u0259 s\u0259b\u0259b olur. Zaman-zaman reportyorlar\u0131 onlara aid olmayan texniki v\u0259 t\u0259s\u0259rr\u00fcfat i\u015fl\u0259rin\u0259 c\u0259lb edirl\u0259r. Buna k\u00f6hn\u0259 ofis avadanl\u0131\u011f\u0131n\u0131n da\u015f\u0131nmas\u0131, kuryer i\u015fl\u0259ri kimi m\u0259s\u0259l\u0259l\u0259r d\u0259 daxildir.<\/strong><\/p>\n\n\n\n<p>&#8211;<strong> \u00dcmumilikd\u0259 probleml\u0259ri dil\u0259 g\u0259tir\u0259n \u0259m\u0259kda\u015flar\u0131n \u201cbacar\u0131qs\u0131z\u201d, \u201ct\u0259nb\u0259l\u201d olduqlar\u0131n\u0131 vur\u011fulay\u0131b radio \u0259leyhin\u0259 qaralama kampaniyas\u0131 apard\u0131qlar\u0131n\u0131 bildirirl\u0259r. \u018fg\u0259r bu i\u015f\u00e7il\u0259r bacar\u0131qs\u0131z v\u0259 ya t\u0259nb\u0259l olubsa, 8-10 il nec\u0259 bu qurumla \u0259m\u0259kda\u015fl\u0131q ed\u0259 bilibl\u0259r? Haz\u0131rlanan h\u0259r reportaja \u201c\u0259la al\u0131n\u0131b\u201d \u015f\u0259rhi ver\u0259n redaktorlar indi h\u0259min \u0259m\u0259kda\u015flar\u0131 bacar\u0131qs\u0131zl\u0131qda su\u00e7laya bilm\u0259z. Reall\u0131q odur ki, r\u0259hb\u0259rlik \u00e7ox ciddi \u015f\u0259kild\u0259 i\u015f\u00e7il\u0259ri a\u015fa\u011f\u0131lay\u0131c\u0131 r\u0259ftarlarla ruhdan salmaq, psixoloji basq\u0131 v\u0259 t\u0259hdid alt\u0131nda saxlamaqla produktivliyi minimuma endirib. Eyni zamanda probleml\u0259rin h\u0259ll edilm\u0259sini t\u0259l\u0259b ed\u0259n i\u015f\u00e7il\u0259r\u0259 c\u0259za t\u0259dbirl\u0259ri olaraq m\u00f6vzu verilmir, onlar\u0131n t\u0259klif etdiyi m\u00f6vzular ya ke\u00e7mir, ya da i\u015fin al\u0131nmamas\u0131na nail olmaq m\u0259qs\u0259dil\u0259 m\u00fcmk\u00fcns\u00fcz\u0259 b\u0259rab\u0259r t\u0259l\u0259bl\u0259rl\u0259 geri qaytar\u0131l\u0131r. Praqa ofisind\u0259 \u00e7al\u0131\u015fan dig\u0259r i\u015f\u00e7il\u0259r\u0259 Bak\u0131dak\u0131 \u201cproblemli \u0259m\u0259kda\u015flar\u201dla i\u015fl\u0259m\u0259m\u0259yi tap\u015f\u0131r\u0131rlar.<\/strong><\/p>\n\n\n\n<p>&#8211; <strong>\u0130ndi ittihamlara cavab verm\u0259k \u0259v\u0259zin\u0259 radionun \u00fcmumilikd\u0259 \u00fczl\u0259\u015fdiyi m\u0259hdudiyy\u0259tl\u0259rin arxas\u0131nda gizl\u0259nm\u0259y\u0259 \u00e7al\u0131\u015f\u0131rlar. Halbuki Bak\u0131da \u00e7al\u0131\u015fan v\u0259 i\u015fd\u0259n ayr\u0131lan h\u0259r birimiz g\u00fcc strukturlar\u0131 t\u0259r\u0259find\u0259n t\u0259zyiq\u0259 m\u0259ruz qalm\u0131\u015f\u0131q. D\u00f6y\u00fclm\u00fc\u015f\u00fck, saxlan\u0131lm\u0131\u015f\u0131q, evimizd\u0259 axtar\u0131\u015f apar\u0131l\u0131b, avadanl\u0131\u011f\u0131m\u0131z \u0259limizd\u0259n al\u0131n\u0131b, b\u00f6lm\u0259l\u0259rd\u0259, prokurorluqda ifad\u0259l\u0259rimiz al\u0131n\u0131b.<\/strong><\/p>\n\n\n\n<p>&#8211; <strong>Dig\u0259r media qurumlar\u0131 il\u0259 \u0259m\u0259kda\u015fl\u0131q etm\u0259k ist\u0259yimiz\u0259 h\u0259r d\u0259f\u0259 f\u0259rqli cavablar verilib. B\u0259z\u0259n \u201cq\u0259tiyy\u0259n olmaz\u201d, \u201cm\u00fcmk\u00fcn deyil\u201d kimi reaksiya verilirdis\u0259, b\u0259z\u0259n \u201cist\u0259diyiniz yerl\u0259 i\u015fl\u0259y\u0259 bil\u0259rsiz, amma\u2026\u201d kimi m\u00fcnasib\u0259t g\u00f6st\u0259rilirdi\u201d.<\/strong><\/p>\n\n\n\n<p>B\u0259yanat m\u00fc\u0259llifl\u0259ri qeyd edib ki, sadalad\u0131qlar\u0131 davran\u0131\u015flar h\u0259l\u0259 d\u0259 Bak\u0131 ofisind\u0259 b\u0259zi \u0259m\u0259kda\u015flara qar\u015f\u0131 edilir. Praqa ofisi d\u0259 bir ne\u00e7\u0259 d\u0259f\u0259 menecmentd\u0259 \u00fczl\u0259\u015fdikl\u0259ri probleml\u0259rl\u0259 ba\u011fl\u0131 r\u0259hb\u0259rliy\u0259 \u015fikay\u0259t edib. \u201c\u0130nsanlar i\u015f yerl\u0259rini itirm\u0259m\u0259k \u00fc\u00e7\u00fcn b\u0259z\u0259n \u00fczl\u0259\u015fdikl\u0259ri m\u0259s\u0259l\u0259l\u0259r\u0259 s\u0259ssiz qalma\u011f\u0131 se\u00e7ir\u201d, &#8211; b\u0259yanat m\u00fc\u0259llifl\u0259ri vur\u011fulay\u0131b.<\/p>\n\n\n\n<p><strong>Naraz\u0131 jurnalistl\u0259rin t\u0259l\u0259bi:<\/strong><\/p>\n\n\n\n<p><strong>1.<\/strong> <em>Son 8 ild\u0259 radionun Az\u0259rbaycan Xidm\u0259tinin Bak\u0131 ofisind\u0259 m\u00fcst\u0259qil maliyy\u0259 ara\u015fd\u0131rmas\u0131 apar\u0131ls\u0131n v\u0259 bizim iddialar\u0131m\u0131z effektiv v\u0259 \u015f\u0259ffaf \u015f\u0259kild\u0259 ara\u015fd\u0131r\u0131ls\u0131n;<\/em><\/p>\n\n\n\n<p><strong>2. <\/strong><em>Radionun Az\u0259rbaycan Xidm\u0259tinin Praqa ofisind\u0259, el\u0259c\u0259 d\u0259 Bak\u0131 ofisind\u0259 ke\u00e7mi\u015f v\u0259 haz\u0131rki \u0259m\u0259kda\u015flara qar\u015f\u0131 pis r\u0259ftar, d\u0259y\u0259r g\u00f6rm\u0259m\u0259, bulinq, r\u0259hb\u0259rliyin f\u0259aliyy\u0259tini sor\u011fulayanlar\u0131n q\u0131snan\u0131lmas\u0131 v\u0259 favoritizm iddialar\u0131 ara\u015fd\u0131r\u0131ls\u0131n;<\/em><\/p>\n\n\n\n<p><strong>3. <\/strong><em>Ara\u015fd\u0131rmalar m\u00fcst\u0259qil, effektiv v\u0259 \u015f\u0259ffaf \u015f\u0259kild\u0259 apar\u0131ls\u0131n v\u0259 n\u0259tic\u0259si ictimaiyy\u0259tl\u0259 b\u00f6l\u00fc\u015f\u00fcls\u00fcn.<\/em><\/p>\n\n\n\n<p><em>Biz, demokratiyan\u0131n t\u0259bli\u011fini, azad median\u0131 \u00f6z\u00fcn\u00fcn missiyas\u0131 elan ed\u0259n RFE\/RL-i haqq\u0131 tapdanan jurnalistl\u0259rin haqlar\u0131n\u0131 d\u0259st\u0259kl\u0259m\u0259y\u0259, \u015fikay\u0259tl\u0259rini ara\u015fd\u0131rma\u011fa \u00e7a\u011f\u0131r\u0131r\u0131q. AB\u015e konqresi &#8211; AB\u015e xalq\u0131n\u0131n vergil\u0259ri hesab\u0131na maliyy\u0259l\u0259\u015fdirdiyi radioda pullar\u0131n nec\u0259 x\u0259rcl\u0259ndiyini, \u015f\u0259ffafl\u0131\u011f\u0131 sor\u011fulama\u011fa \u00e7a\u011f\u0131r\u0131r\u0131q\u201d.<\/em><\/p>\n\n\n\n<p>\u201c<em>Biz, bir daha Az\u0259rbaycanda v\u0259 d\u00fcnyadank\u0131 insan haqlar\u0131 qurumlar\u0131ndan, azad s\u00f6z\u00fc, median\u0131 m\u00fcdafi\u0259 ed\u0259n t\u0259\u015fkilatlardan bizim qald\u0131rd\u0131\u011f\u0131m\u0131z m\u0259s\u0259l\u0259l\u0259r\u0259 diqq\u0259t yetirm\u0259l\u0259rini, radionun i\u00e7\u0259risind\u0259 qal\u0131b, h\u0259l\u0259 d\u0259 h\u0259r an a\u015fa\u011f\u0131lanmaq, t\u0259hqir olunmaq, i\u015fd\u0259n qovulmaq t\u0259hdidl\u0259ri qar\u015f\u0131s\u0131nda olan jurnalist h\u0259mkarlar\u0131m\u0131z\u0131n m\u00fcdafi\u0259si \u00fc\u00e7\u00fcn \u0259ll\u0259rind\u0259n g\u0259l\u0259ni etm\u0259y\u0259 \u00e7a\u011f\u0131r\u0131r\u0131q\u201d,<\/em> &#8211; b\u0259yanat bu c\u00fcml\u0259l\u0259rl\u0259 bitir.<\/p>\n\n\n\n<figure class=\"wp-block-pullquote\"><blockquote><p><em><strong>\u201cBel\u0259 faktlar v\u0259 bel\u0259 b\u00f6hranl\u0131 v\u0259ziyy\u0259t \u201cAzadl\u0131q\u201d Radiosunun r\u0259hb\u0259rliyi t\u0259r\u0259find\u0259n cavabs\u0131z v\u0259 ya reaksiyas\u0131z qala bilm\u0259z\u201d.<\/strong><\/em><\/p><\/blockquote><\/figure>\n\n\n\n<p>Meydan TV ba\u015f ver\u0259nl\u0259rl\u0259 ba\u011fl\u0131 \u201cAzadl\u0131q\u201d Radiosunun prezidenti Jeff Gedmin\u0259, eyni zamanda, qurumun \u00f6z\u00fcn\u0259 sor\u011fu il\u0259 m\u00fcraci\u0259t ets\u0259 d\u0259, suallar\u0131na cavab ala bilm\u0259yib.<\/p>\n\n\n\n<p>\u0130sve\u00e7 medias\u0131 \u201cBlankspod\u201dun sor\u011fusu da <a href=\"https:\/\/blankspot.se\/radio-free-europe-replaced-dismissed-staff-with-journalists-linked-to-a-dictatorship\/\" target=\"_blank\" rel=\"noreferrer noopener\">cavablanmay\u0131b<\/a>,&nbsp;&nbsp;onlar m\u0259qal\u0259ni radionun \u015f\u0259rhi olmadan d\u0259rc edibl\u0259r. M\u0259qal\u0259 yay\u0131mlanandan sonra RF\/RL-nin m\u0259tbuat xidm\u0259tind\u0259n h\u0259min mediaya bildirilib ki, onlardan g\u0259l\u0259n sor\u011fu elektron po\u00e7tun spam b\u00f6l\u00fcm\u00fcn\u0259 d\u00fc\u015f\u00fcb.<\/p>\n\n\n\n<p>\u201cBlankspod\u201d vur\u011fulay\u0131b ki, onlar\u0131n sor\u011fusu g\u00f6r\u00fcn\u0259nd\u0259n sonra da h\u0259r hans\u0131 cavab verilm\u0259yib.<\/p>\n\n\n\n<p>\u201cAzadl\u0131q\u201d Radiosunda \u00e7al\u0131\u015fm\u0131\u015f jurnalistl\u0259rin etiraz\u0131na Avropa \u015euras\u0131n\u0131n median\u0131 m\u00fcdafi\u0259 qurumu v\u0259 Avropa Jurnalistl\u0259r Federasiyas\u0131 (EFJ) da reaksiya verib. Avqustun 8-d\u0259 onlar \u201cAzadl\u0131q\u201d Radiosundan jurnalistl\u0259rin i\u015f \u015f\u0259raiti il\u0259 ba\u011fl\u0131 cavab t\u0259l\u0259b edibl\u0259r.<\/p>\n\n\n\n<p>Avqustun 10-da EFJ AB\u015e h\u00f6kum\u0259tind\u0259n insidentl\u0259 ba\u011fl\u0131 m\u00fcst\u0259qil <a href=\"https:\/\/europeanjournalists.org\/blog\/2023\/08\/10\/efj-demands-independent-inquiry-into-crisis-at-azadliq-radiosu\/\" target=\"_blank\" rel=\"noreferrer noopener\">ara\u015fd\u0131rma<\/a>&nbsp;t\u0259l\u0259b ed\u0259n ba\u015fqa bir b\u0259yanat yay\u0131b.<\/p>\n\n\n\n<figure class=\"wp-block-pullquote\"><blockquote><p><em><strong>X\u00fcsusi qeyd:<\/strong><\/em><br><br>\u201cAzadl\u0131q\u201d Radiosu 1949-cu ild\u0259 AB\u015e h\u00f6kum\u0259ti t\u0259r\u0259find\u0259n yarad\u0131l\u0131b. H\u0259min vaxt Avropada \u015e\u0259rqi Avropa dill\u0259rind\u0259 radio vasit\u0259sil\u0259 x\u0259b\u0259r yaymaqla m\u0259\u015f\u011ful olub.<br>Sovetl\u0259r da\u011f\u0131landan bu yana media t\u0259\u015fkilat\u0131 m\u00fcst\u0259qil qurum kimi, lakin AB\u015e h\u00f6kum\u0259tinin n\u0259zar\u0259ti v\u0259 maliyy\u0259si il\u0259 f\u0259aliyy\u0259tini davam etdirib. \u0130llik b\u00fcdc\u0259si t\u0259xmin\u0259n 124 000 000 AB\u015e dollar\u0131n\u0131 \u00f6t\u0259n (2021) \u201cAzadl\u0131q\u201d Radiosu 23 \u00f6lk\u0259d\u0259, 27 m\u00fcxt\u0259lif dild\u0259 \u00e7\u0131x\u0131r.<br>\u201cAzadl\u0131q\u201d Radiosu Az\u0259rbaycanda say\u0131 az olan m\u00fcst\u0259qil x\u0259b\u0259r&nbsp; saytlar\u0131ndan hesab edilir.<br>2014-c\u00fc ild\u0259 Az\u0259rbaycan hakimiyy\u0259ti v\u0259t\u0259nda\u015f c\u0259miyy\u0259tin\u0259, el\u0259c\u0259 d\u0259 m\u00fcst\u0259qil mediaya basq\u0131n\u0131 art\u0131randa radionun \u0259m\u0259kda\u015flar\u0131ndan bir n\u0259f\u0259r h\u0259bs edilib, bununla da qurum ofisini t\u0259rk etm\u0259li olub.<br>H\u0259min vaxt radio il\u0259 \u0259m\u0259kda\u015fl\u0131q etmi\u015f jurnalistl\u0259r istintaqa c\u0259lb edilib, dindirilib. Ondan sonra qurumun \u0259m\u0259kda\u015flar\u0131n\u0131n \u00e7oxu Praqada f\u0259aliyy\u0259t g\u00f6st\u0259rm\u0259y\u0259 ba\u015flay\u0131b. Az\u0259rbaycanda is\u0259 m\u00fcst\u0259qil jurnalistl\u0259rl\u0259 \u0259m\u0259kda\u015fl\u0131\u011f\u0131 saxlay\u0131b.<br>\u201cAzadl\u0131q\u201d Radiosunun sayt\u0131nda m\u0259tbuat\u0131n etik kodeksi yerl\u0259\u015fdirilib. Burada bildirilir ki, f\u0259aliyy\u0259t g\u00f6st\u0259rdikl\u0259ri d\u00f6vl\u0259tl\u0259rd\u0259 tamamil\u0259 m\u00fcst\u0259qildirl\u0259r v\u0259 \u0259dal\u0259tsizliy\u0259 qar\u015f\u0131d\u0131rlar.<\/p><\/blockquote><\/figure>\n\n\n\n<p>B\u0259yanatda deyilir ki, i\u015fd\u0259n \u00e7\u0131xar\u0131lan jurnalistl\u0259r, o c\u00fcml\u0259d\u0259n bir ay \u0259vv\u0259l i\u015fd\u0259n \u00e7\u0131xar\u0131lan uzunm\u00fcdd\u0259tli i\u015f\u00e7i Turxan K\u0259rimov \u201cAzadl\u0131q\u201d Radiosunun prezidentin\u0259 m\u0259ktub yazaraq hadis\u0259l\u0259rin ara\u015fd\u0131r\u0131lmas\u0131n\u0131 xahi\u015f edibl\u0259r. Onlar h\u0259l\u0259 d\u0259 tutarl\u0131 cavab almay\u0131blar.<\/p>\n\n\n\n<p>O da vur\u011fulan\u0131b ki, radionun ke\u00e7mi\u015f \u0259m\u0259kda\u015f\u0131 Arzu Qeybulla avqustun 10-da d\u0259rc olunmu\u015f s\u0259n\u0259dl\u0259\u015fdirilmi\u015f m\u0259qal\u0259sind\u0259 \u201cyuxar\u0131 s\u0259viyy\u0259d\u0259 sistematik yanl\u0131\u015f idar\u0259etm\u0259\u201d kontekstini t\u0259svir edib. O, &#8220;radioda h\u00f6km s\u00fcr\u0259n z\u0259h\u0259rli v\u0259 qeyri-funksional m\u00fchit&#8221; haqq\u0131nda dan\u0131\u015f\u0131b.<\/p>\n\n\n\n<p><em>\u201cM\u0259nim sual\u0131m ondan ibar\u0259tdir ki, biz h\u0259qiq\u0259t\u0259n radionun idar\u0259\u00e7iliyind\u0259 d\u0259yi\u015fiklikl\u0259r g\u00f6r\u0259c\u0259yik, yoxsa h\u0259r zamank\u0131 kimi i\u015f olacaq \u2013 nec\u0259 ki, avtokratik rejiml\u0259rd\u0259 tez-tez ba\u015f verdiyini g\u00f6r\u00fcr\u00fck, burada liderl\u0259r \u00f6z xalq\u0131na etdikl\u0259ri il\u0259 \u00fcz-\u00fcz\u0259 qal\u0131rlar. Azadl\u0131q Radiosu bunun f\u0259rqli oldu\u011funu s\u00fcbut ed\u0259c\u0259kmi? \u0130ndiki m\u0259qamda n\u0259s\u0259 dem\u0259k \u00e7\u0259tindir\u201d, <\/em>&#8211; jurnalist yaz\u0131r.<\/p>\n\n\n\n<p>EFJ-nin Ba\u015f katibi Rikardo Qutierrez israr edir ki,<em> \u201cBel\u0259 faktlar v\u0259 bel\u0259 b\u00f6hranl\u0131 v\u0259ziyy\u0259t \u201cAzadl\u0131q\u201d Radiosunun r\u0259hb\u0259rliyi t\u0259r\u0259find\u0259n cavabs\u0131z v\u0259 ya reaksiyas\u0131z qala bilm\u0259z\u201d.<\/em><\/p>\n\n\n\n<p>&nbsp;\u201c<em>M\u0259tbuat\u0131n etibarl\u0131l\u0131\u011f\u0131 t\u0259hl\u00fck\u0259 alt\u0131ndad\u0131r. Biz radiostansiyan\u0131n r\u0259hb\u0259rliyin\u0259 tam ayd\u0131nl\u0131q g\u0259tirm\u0259y\u0259 v\u0259 haqs\u0131z yer\u0259 i\u015fd\u0259n \u00e7\u0131xar\u0131lan v\u0259 ya istefa verm\u0259y\u0259 m\u0259cbur edil\u0259n jurnalistl\u0259rin b\u0259rpas\u0131na \u00e7a\u011f\u0131r\u0131r\u0131q\u201d, <\/em>&#8211; Rikardo Qutierrez deyib.<\/p>\n\n\n\n<p>Az\u0259rbaycan v\u0259t\u0259nda\u015f c\u0259miyy\u0259ti n\u00fcmay\u0259nd\u0259l\u0259ri d\u0259 radioda ba\u015f ver\u0259nl\u0259rl\u0259 ba\u011fl\u0131 b\u0259yanat <a href=\"https:\/\/medium.com\/@journalistresistance\/azad-avropa-azadl%C4%B1q-radiosunun-az%C9%99rbaycan-xidm%C9%99ti-il%C9%99-ba%C4%9Fl%C4%B1-i%CC%87ddialar%C4%B1n-%C5%9F%C9%99ffaf-ara%C5%9Fd%C4%B1r%C4%B1lmas%C4%B1na-4886b1b782d2\" target=\"_blank\" rel=\"noreferrer noopener\">yay\u0131b<\/a>.<\/p>\n\n\n\n<p>H\u0259min b\u0259yanatda Azad Avropa\/Azadl\u0131q Radiosunun Az\u0259rbaycan Xidm\u0259ti il\u0259 ba\u011fl\u0131 iddialar\u0131n \u015f\u0259ffaf ara\u015fd\u0131r\u0131lmas\u0131na \u00e7a\u011f\u0131r\u0131\u015f edilir.<\/p>\n\n\n\n<p><em><strong>X\u00fcsusi qeyd:<\/strong><\/em><br><\/p>\n\n\n\n<p>\u201cAzadl\u0131q\u201d Radiosu 1949-cu ild\u0259 AB\u015e h\u00f6kum\u0259ti t\u0259r\u0259find\u0259n yarad\u0131l\u0131b. H\u0259min vaxt Avropada \u015e\u0259rqi Avropa dill\u0259rind\u0259 radio vasit\u0259sil\u0259 x\u0259b\u0259r yaymaqla m\u0259\u015f\u011ful olub.<\/p>\n\n\n\n<p>Sovetl\u0259r da\u011f\u0131landan bu yana media t\u0259\u015fkilat\u0131 m\u00fcst\u0259qil qurum kimi, lakin AB\u015e h\u00f6kum\u0259tinin n\u0259zar\u0259ti v\u0259 maliyy\u0259si il\u0259 f\u0259aliyy\u0259tini davam etdirib. \u0130llik b\u00fcdc\u0259si t\u0259xmin\u0259n 124 000 000 AB\u015e dollar\u0131n\u0131 \u00f6t\u0259n (2021) \u201cAzadl\u0131q\u201d Radiosu 23 \u00f6lk\u0259d\u0259, 27 m\u00fcxt\u0259lif dild\u0259 \u00e7\u0131x\u0131r.<\/p>\n\n\n\n<p>\u201cAzadl\u0131q\u201d Radiosu Az\u0259rbaycanda say\u0131 az olan m\u00fcst\u0259qil x\u0259b\u0259r&nbsp; saytlar\u0131ndan hesab edilir.<br>2014-c\u00fc ild\u0259 Az\u0259rbaycan hakimiyy\u0259ti v\u0259t\u0259nda\u015f c\u0259miyy\u0259tin\u0259, el\u0259c\u0259 d\u0259 m\u00fcst\u0259qil mediaya basq\u0131n\u0131 art\u0131randa radionun \u0259m\u0259kda\u015flar\u0131ndan bir n\u0259f\u0259r h\u0259bs edilib, bununla da qurum ofisini t\u0259rk etm\u0259li olub.<\/p>\n\n\n\n<p>H\u0259min vaxt radio il\u0259 \u0259m\u0259kda\u015fl\u0131q etmi\u015f jurnalistl\u0259r istintaqa c\u0259lb edilib, dindirilib. Ondan sonra qurumun \u0259m\u0259kda\u015flar\u0131n\u0131n \u00e7oxu Praqada f\u0259aliyy\u0259t g\u00f6st\u0259rm\u0259y\u0259 ba\u015flay\u0131b. Az\u0259rbaycanda is\u0259 m\u00fcst\u0259qil jurnalistl\u0259rl\u0259 \u0259m\u0259kda\u015fl\u0131\u011f\u0131 saxlay\u0131b.<\/p>\n\n\n\n<p>\u201cAzadl\u0131q\u201d Radiosunun sayt\u0131nda m\u0259tbuat\u0131n etik kodeksi yerl\u0259\u015fdirilib. Burada bildirilir ki, f\u0259aliyy\u0259t g\u00f6st\u0259rdikl\u0259ri d\u00f6vl\u0259tl\u0259rd\u0259 tamamil\u0259 m\u00fcst\u0259qildirl\u0259r v\u0259 \u0259dal\u0259tsizliy\u0259 qar\u015f\u0131d\u0131rlar.<\/p>\n","protected":false},"excerpt":{"rendered":"<p>Radionun Az\u0259rbaycan Xidm\u0259ti \u0259traf\u0131ndak\u0131 naraz\u0131l\u0131q beyn\u0259lxalq mediaya \u00e7\u0131xar\u0131l\u0131r Son g\u00fcnl\u0259r &#8230; <\/p>\n<p class=\"read-more-container\"><a title=\"\u201cAzadl\u0131q\u201d Radiosunun ke\u00e7mi\u015f \u0259m\u0259kda\u015flar\u0131 \u015fikay\u0259tl\u0259rinin cavabs\u0131z qald\u0131\u011f\u0131n\u0131 deyirl\u0259r\" class=\"read-more button\" href=\"https:\/\/www.meydan.tv\/az\/article\/azadliq-radiosunun-kecmis-emekdaslari-sikayetlerinin-cavabsiz-qaldigini-deyirler\/#more-282651\" aria-label=\"Read more about \u201cAzadl\u0131q\u201d Radiosunun ke\u00e7mi\u015f \u0259m\u0259kda\u015flar\u0131 \u015fikay\u0259tl\u0259rinin cavabs\u0131z qald\u0131\u011f\u0131n\u0131 deyirl\u0259r\">Davam\u0131<\/a><\/p>\n","protected":false},"author":8,"featured_media":282661,"comment_status":"closed","ping_status":"closed","sticky":false,"template":"","format":"standard","meta":{"_acf_changed":false,"_sitemap_exclude":false,"_sitemap_priority":"","_sitemap_frequency":"","footnotes":""},"categories":[59,79,56],"tags":[],"class_list":["post-282651","post","type-post","status-publish","format-standard","has-post-thumbnail","hentry","category-siyaset","category-featured","category-xeberler","infinite-scroll-item","generate-columns","tablet-grid-50","mobile-grid-100","grid-parent","grid-33","no-featured-image-padding"],"acf":[],"yoast_head":"<!-- This site is optimized with the Yoast SEO plugin v27.4 - https:\/\/yoast.com\/product\/yoast-seo-wordpress\/ -->\n<title>\u201cAzadl\u0131q\u201d Radiosunun ke\u00e7mi\u015f \u0259m\u0259kda\u015flar\u0131 \u015fikay\u0259tl\u0259rinin cavabs\u0131z qald\u0131\u011f\u0131n\u0131 deyirl\u0259r - MEYDAN.TV<\/title>\n<meta name=\"robots\" content=\"index, follow, max-snippet:-1, max-image-preview:large, max-video-preview:-1\" \/>\n<link rel=\"canonical\" href=\"https:\/\/www.meydan.tv\/az\/article\/azadliq-radiosunun-kecmis-emekdaslari-sikayetlerinin-cavabsiz-qaldigini-deyirler\/\" \/>\n<meta property=\"og:locale\" content=\"az_AZ\" \/>\n<meta property=\"og:type\" content=\"article\" \/>\n<meta property=\"og:title\" content=\"\u201cAzadl\u0131q\u201d Radiosunun ke\u00e7mi\u015f \u0259m\u0259kda\u015flar\u0131 \u015fikay\u0259tl\u0259rinin cavabs\u0131z qald\u0131\u011f\u0131n\u0131 deyirl\u0259r - MEYDAN.TV\" \/>\n<meta property=\"og:description\" content=\"Radionun Az\u0259rbaycan Xidm\u0259ti \u0259traf\u0131ndak\u0131 naraz\u0131l\u0131q beyn\u0259lxalq mediaya \u00e7\u0131xar\u0131l\u0131r Son g\u00fcnl\u0259r ... Davam\u0131\" \/>\n<meta property=\"og:url\" content=\"https:\/\/www.meydan.tv\/az\/article\/azadliq-radiosunun-kecmis-emekdaslari-sikayetlerinin-cavabsiz-qaldigini-deyirler\/\" \/>\n<meta property=\"og:site_name\" content=\"MEYDAN.TV\" \/>\n<meta property=\"article:published_time\" content=\"2023-08-18T13:33:35+00:00\" \/>\n<meta property=\"article:modified_time\" content=\"2023-08-18T15:08:10+00:00\" \/>\n<meta property=\"og:image\" content=\"https:\/\/www.meydan.tv\/wp-content\/uploads\/bd096371-ecd1-4b76-999d-e0ed5e36b32b_w1080_h608_s.jpg\" \/>\n\t<meta property=\"og:image:width\" content=\"1280\" \/>\n\t<meta property=\"og:image:height\" content=\"720\" \/>\n\t<meta property=\"og:image:type\" content=\"image\/jpeg\" \/>\n<meta name=\"author\" content=\"elli\" \/>\n<meta name=\"twitter:card\" content=\"summary_large_image\" \/>\n<meta name=\"twitter:creator\" content=\"@elli\" \/>\n<script type=\"application\/ld+json\" class=\"yoast-schema-graph\">{\"@context\":\"https:\\\/\\\/schema.org\",\"@graph\":[{\"@type\":\"Article\",\"@id\":\"https:\\\/\\\/www.meydan.tv\\\/az\\\/article\\\/azadliq-radiosunun-kecmis-emekdaslari-sikayetlerinin-cavabsiz-qaldigini-deyirler\\\/#article\",\"isPartOf\":{\"@id\":\"https:\\\/\\\/www.meydan.tv\\\/az\\\/article\\\/azadliq-radiosunun-kecmis-emekdaslari-sikayetlerinin-cavabsiz-qaldigini-deyirler\\\/\"},\"author\":{\"name\":\"elli\",\"@id\":\"https:\\\/\\\/www.meydan.tv\\\/az\\\/#\\\/schema\\\/person\\\/9cdbecf90d17180ce1dfbd95b08dcf47\"},\"headline\":\"\u201cAzadl\u0131q\u201d Radiosunun ke\u00e7mi\u015f \u0259m\u0259kda\u015flar\u0131 \u015fikay\u0259tl\u0259rinin cavabs\u0131z qald\u0131\u011f\u0131n\u0131 deyirl\u0259r\",\"datePublished\":\"2023-08-18T13:33:35+00:00\",\"dateModified\":\"2023-08-18T15:08:10+00:00\",\"mainEntityOfPage\":{\"@id\":\"https:\\\/\\\/www.meydan.tv\\\/az\\\/article\\\/azadliq-radiosunun-kecmis-emekdaslari-sikayetlerinin-cavabsiz-qaldigini-deyirler\\\/\"},\"wordCount\":3121,\"publisher\":{\"@id\":\"https:\\\/\\\/www.meydan.tv\\\/az\\\/#organization\"},\"image\":{\"@id\":\"https:\\\/\\\/www.meydan.tv\\\/az\\\/article\\\/azadliq-radiosunun-kecmis-emekdaslari-sikayetlerinin-cavabsiz-qaldigini-deyirler\\\/#primaryimage\"},\"thumbnailUrl\":\"https:\\\/\\\/www.meydan.tv\\\/wp-content\\\/uploads\\\/bd096371-ecd1-4b76-999d-e0ed5e36b32b_w1080_h608_s.jpg\",\"articleSection\":[\"Siyas\u0259t\",\"T\u00f6vsiy\u0259\",\"X\u0259b\u0259rl\u0259r\"],\"inLanguage\":\"az\"},{\"@type\":\"WebPage\",\"@id\":\"https:\\\/\\\/www.meydan.tv\\\/az\\\/article\\\/azadliq-radiosunun-kecmis-emekdaslari-sikayetlerinin-cavabsiz-qaldigini-deyirler\\\/\",\"url\":\"https:\\\/\\\/www.meydan.tv\\\/az\\\/article\\\/azadliq-radiosunun-kecmis-emekdaslari-sikayetlerinin-cavabsiz-qaldigini-deyirler\\\/\",\"name\":\"\u201cAzadl\u0131q\u201d Radiosunun ke\u00e7mi\u015f \u0259m\u0259kda\u015flar\u0131 \u015fikay\u0259tl\u0259rinin cavabs\u0131z qald\u0131\u011f\u0131n\u0131 deyirl\u0259r - MEYDAN.TV\",\"isPartOf\":{\"@id\":\"https:\\\/\\\/www.meydan.tv\\\/az\\\/#website\"},\"primaryImageOfPage\":{\"@id\":\"https:\\\/\\\/www.meydan.tv\\\/az\\\/article\\\/azadliq-radiosunun-kecmis-emekdaslari-sikayetlerinin-cavabsiz-qaldigini-deyirler\\\/#primaryimage\"},\"image\":{\"@id\":\"https:\\\/\\\/www.meydan.tv\\\/az\\\/article\\\/azadliq-radiosunun-kecmis-emekdaslari-sikayetlerinin-cavabsiz-qaldigini-deyirler\\\/#primaryimage\"},\"thumbnailUrl\":\"https:\\\/\\\/www.meydan.tv\\\/wp-content\\\/uploads\\\/bd096371-ecd1-4b76-999d-e0ed5e36b32b_w1080_h608_s.jpg\",\"datePublished\":\"2023-08-18T13:33:35+00:00\",\"dateModified\":\"2023-08-18T15:08:10+00:00\",\"breadcrumb\":{\"@id\":\"https:\\\/\\\/www.meydan.tv\\\/az\\\/article\\\/azadliq-radiosunun-kecmis-emekdaslari-sikayetlerinin-cavabsiz-qaldigini-deyirler\\\/#breadcrumb\"},\"inLanguage\":\"az\",\"potentialAction\":[{\"@type\":\"ReadAction\",\"target\":[\"https:\\\/\\\/www.meydan.tv\\\/az\\\/article\\\/azadliq-radiosunun-kecmis-emekdaslari-sikayetlerinin-cavabsiz-qaldigini-deyirler\\\/\"]}]},{\"@type\":\"ImageObject\",\"inLanguage\":\"az\",\"@id\":\"https:\\\/\\\/www.meydan.tv\\\/az\\\/article\\\/azadliq-radiosunun-kecmis-emekdaslari-sikayetlerinin-cavabsiz-qaldigini-deyirler\\\/#primaryimage\",\"url\":\"https:\\\/\\\/www.meydan.tv\\\/wp-content\\\/uploads\\\/bd096371-ecd1-4b76-999d-e0ed5e36b32b_w1080_h608_s.jpg\",\"contentUrl\":\"https:\\\/\\\/www.meydan.tv\\\/wp-content\\\/uploads\\\/bd096371-ecd1-4b76-999d-e0ed5e36b32b_w1080_h608_s.jpg\",\"width\":1280,\"height\":720,\"caption\":\"Foto: \\\"Azadl\u0131q\\\" Radiosu\"},{\"@type\":\"BreadcrumbList\",\"@id\":\"https:\\\/\\\/www.meydan.tv\\\/az\\\/article\\\/azadliq-radiosunun-kecmis-emekdaslari-sikayetlerinin-cavabsiz-qaldigini-deyirler\\\/#breadcrumb\",\"itemListElement\":[{\"@type\":\"ListItem\",\"position\":1,\"name\":\"Ana s\u0259hif\u0259\",\"item\":\"https:\\\/\\\/www.meydan.tv\\\/az\\\/\"},{\"@type\":\"ListItem\",\"position\":2,\"name\":\"Siyas\u0259t\",\"item\":\"https:\\\/\\\/www.meydan.tv\\\/az\\\/section\\\/siyaset\\\/\"},{\"@type\":\"ListItem\",\"position\":3,\"name\":\"\u201cAzadl\u0131q\u201d Radiosunun ke\u00e7mi\u015f \u0259m\u0259kda\u015flar\u0131 \u015fikay\u0259tl\u0259rinin cavabs\u0131z qald\u0131\u011f\u0131n\u0131 deyirl\u0259r\"}]},{\"@type\":\"WebSite\",\"@id\":\"https:\\\/\\\/www.meydan.tv\\\/az\\\/#website\",\"url\":\"https:\\\/\\\/www.meydan.tv\\\/az\\\/\",\"name\":\"MEYDAN.TV\",\"description\":\"Meydan TV Az\u0259rbaycan\u0131n media m\u0259kan\u0131ndak\u0131 alternativ s\u0259sidir\",\"publisher\":{\"@id\":\"https:\\\/\\\/www.meydan.tv\\\/az\\\/#organization\"},\"potentialAction\":[{\"@type\":\"SearchAction\",\"target\":{\"@type\":\"EntryPoint\",\"urlTemplate\":\"https:\\\/\\\/www.meydan.tv\\\/az\\\/?s={search_term_string}\"},\"query-input\":{\"@type\":\"PropertyValueSpecification\",\"valueRequired\":true,\"valueName\":\"search_term_string\"}}],\"inLanguage\":\"az\"},{\"@type\":\"Organization\",\"@id\":\"https:\\\/\\\/www.meydan.tv\\\/az\\\/#organization\",\"name\":\"Meydan TV\",\"url\":\"https:\\\/\\\/www.meydan.tv\\\/az\\\/\",\"logo\":{\"@type\":\"ImageObject\",\"inLanguage\":\"az\",\"@id\":\"https:\\\/\\\/www.meydan.tv\\\/az\\\/#\\\/schema\\\/logo\\\/image\\\/\",\"url\":\"https:\\\/\\\/www.meydan.tv\\\/wp-content\\\/uploads\\\/2021\\\/07\\\/meydan-logo.svg\",\"contentUrl\":\"https:\\\/\\\/www.meydan.tv\\\/wp-content\\\/uploads\\\/2021\\\/07\\\/meydan-logo.svg\",\"width\":195,\"height\":46,\"caption\":\"Meydan TV\"},\"image\":{\"@id\":\"https:\\\/\\\/www.meydan.tv\\\/az\\\/#\\\/schema\\\/logo\\\/image\\\/\"}},{\"@type\":\"Person\",\"@id\":\"https:\\\/\\\/www.meydan.tv\\\/az\\\/#\\\/schema\\\/person\\\/9cdbecf90d17180ce1dfbd95b08dcf47\",\"name\":\"elli\",\"sameAs\":[\"https:\\\/\\\/x.com\\\/elli\"]}]}<\/script>\n<!-- \/ Yoast SEO plugin. -->","yoast_head_json":{"title":"\u201cAzadl\u0131q\u201d Radiosunun ke\u00e7mi\u015f \u0259m\u0259kda\u015flar\u0131 \u015fikay\u0259tl\u0259rinin cavabs\u0131z qald\u0131\u011f\u0131n\u0131 deyirl\u0259r - MEYDAN.TV","robots":{"index":"index","follow":"follow","max-snippet":"max-snippet:-1","max-image-preview":"max-image-preview:large","max-video-preview":"max-video-preview:-1"},"canonical":"https:\/\/www.meydan.tv\/az\/article\/azadliq-radiosunun-kecmis-emekdaslari-sikayetlerinin-cavabsiz-qaldigini-deyirler\/","og_locale":"az_AZ","og_type":"article","og_title":"\u201cAzadl\u0131q\u201d Radiosunun ke\u00e7mi\u015f \u0259m\u0259kda\u015flar\u0131 \u015fikay\u0259tl\u0259rinin cavabs\u0131z qald\u0131\u011f\u0131n\u0131 deyirl\u0259r - MEYDAN.TV","og_description":"Radionun Az\u0259rbaycan Xidm\u0259ti \u0259traf\u0131ndak\u0131 naraz\u0131l\u0131q beyn\u0259lxalq mediaya \u00e7\u0131xar\u0131l\u0131r Son g\u00fcnl\u0259r ... Davam\u0131","og_url":"https:\/\/www.meydan.tv\/az\/article\/azadliq-radiosunun-kecmis-emekdaslari-sikayetlerinin-cavabsiz-qaldigini-deyirler\/","og_site_name":"MEYDAN.TV","article_published_time":"2023-08-18T13:33:35+00:00","article_modified_time":"2023-08-18T15:08:10+00:00","og_image":[{"width":1280,"height":720,"url":"https:\/\/www.meydan.tv\/wp-content\/uploads\/bd096371-ecd1-4b76-999d-e0ed5e36b32b_w1080_h608_s.jpg","type":"image\/jpeg"}],"author":"elli","twitter_card":"summary_large_image","twitter_creator":"@elli","schema":{"@context":"https:\/\/schema.org","@graph":[{"@type":"Article","@id":"https:\/\/www.meydan.tv\/az\/article\/azadliq-radiosunun-kecmis-emekdaslari-sikayetlerinin-cavabsiz-qaldigini-deyirler\/#article","isPartOf":{"@id":"https:\/\/www.meydan.tv\/az\/article\/azadliq-radiosunun-kecmis-emekdaslari-sikayetlerinin-cavabsiz-qaldigini-deyirler\/"},"author":{"name":"elli","@id":"https:\/\/www.meydan.tv\/az\/#\/schema\/person\/9cdbecf90d17180ce1dfbd95b08dcf47"},"headline":"\u201cAzadl\u0131q\u201d Radiosunun ke\u00e7mi\u015f \u0259m\u0259kda\u015flar\u0131 \u015fikay\u0259tl\u0259rinin cavabs\u0131z qald\u0131\u011f\u0131n\u0131 deyirl\u0259r","datePublished":"2023-08-18T13:33:35+00:00","dateModified":"2023-08-18T15:08:10+00:00","mainEntityOfPage":{"@id":"https:\/\/www.meydan.tv\/az\/article\/azadliq-radiosunun-kecmis-emekdaslari-sikayetlerinin-cavabsiz-qaldigini-deyirler\/"},"wordCount":3121,"publisher":{"@id":"https:\/\/www.meydan.tv\/az\/#organization"},"image":{"@id":"https:\/\/www.meydan.tv\/az\/article\/azadliq-radiosunun-kecmis-emekdaslari-sikayetlerinin-cavabsiz-qaldigini-deyirler\/#primaryimage"},"thumbnailUrl":"https:\/\/www.meydan.tv\/wp-content\/uploads\/bd096371-ecd1-4b76-999d-e0ed5e36b32b_w1080_h608_s.jpg","articleSection":["Siyas\u0259t","T\u00f6vsiy\u0259","X\u0259b\u0259rl\u0259r"],"inLanguage":"az"},{"@type":"WebPage","@id":"https:\/\/www.meydan.tv\/az\/article\/azadliq-radiosunun-kecmis-emekdaslari-sikayetlerinin-cavabsiz-qaldigini-deyirler\/","url":"https:\/\/www.meydan.tv\/az\/article\/azadliq-radiosunun-kecmis-emekdaslari-sikayetlerinin-cavabsiz-qaldigini-deyirler\/","name":"\u201cAzadl\u0131q\u201d Radiosunun ke\u00e7mi\u015f \u0259m\u0259kda\u015flar\u0131 \u015fikay\u0259tl\u0259rinin cavabs\u0131z qald\u0131\u011f\u0131n\u0131 deyirl\u0259r - MEYDAN.TV","isPartOf":{"@id":"https:\/\/www.meydan.tv\/az\/#website"},"primaryImageOfPage":{"@id":"https:\/\/www.meydan.tv\/az\/article\/azadliq-radiosunun-kecmis-emekdaslari-sikayetlerinin-cavabsiz-qaldigini-deyirler\/#primaryimage"},"image":{"@id":"https:\/\/www.meydan.tv\/az\/article\/azadliq-radiosunun-kecmis-emekdaslari-sikayetlerinin-cavabsiz-qaldigini-deyirler\/#primaryimage"},"thumbnailUrl":"https:\/\/www.meydan.tv\/wp-content\/uploads\/bd096371-ecd1-4b76-999d-e0ed5e36b32b_w1080_h608_s.jpg","datePublished":"2023-08-18T13:33:35+00:00","dateModified":"2023-08-18T15:08:10+00:00","breadcrumb":{"@id":"https:\/\/www.meydan.tv\/az\/article\/azadliq-radiosunun-kecmis-emekdaslari-sikayetlerinin-cavabsiz-qaldigini-deyirler\/#breadcrumb"},"inLanguage":"az","potentialAction":[{"@type":"ReadAction","target":["https:\/\/www.meydan.tv\/az\/article\/azadliq-radiosunun-kecmis-emekdaslari-sikayetlerinin-cavabsiz-qaldigini-deyirler\/"]}]},{"@type":"ImageObject","inLanguage":"az","@id":"https:\/\/www.meydan.tv\/az\/article\/azadliq-radiosunun-kecmis-emekdaslari-sikayetlerinin-cavabsiz-qaldigini-deyirler\/#primaryimage","url":"https:\/\/www.meydan.tv\/wp-content\/uploads\/bd096371-ecd1-4b76-999d-e0ed5e36b32b_w1080_h608_s.jpg","contentUrl":"https:\/\/www.meydan.tv\/wp-content\/uploads\/bd096371-ecd1-4b76-999d-e0ed5e36b32b_w1080_h608_s.jpg","width":1280,"height":720,"caption":"Foto: \"Azadl\u0131q\" Radiosu"},{"@type":"BreadcrumbList","@id":"https:\/\/www.meydan.tv\/az\/article\/azadliq-radiosunun-kecmis-emekdaslari-sikayetlerinin-cavabsiz-qaldigini-deyirler\/#breadcrumb","itemListElement":[{"@type":"ListItem","position":1,"name":"Ana s\u0259hif\u0259","item":"https:\/\/www.meydan.tv\/az\/"},{"@type":"ListItem","position":2,"name":"Siyas\u0259t","item":"https:\/\/www.meydan.tv\/az\/section\/siyaset\/"},{"@type":"ListItem","position":3,"name":"\u201cAzadl\u0131q\u201d Radiosunun ke\u00e7mi\u015f \u0259m\u0259kda\u015flar\u0131 \u015fikay\u0259tl\u0259rinin cavabs\u0131z qald\u0131\u011f\u0131n\u0131 deyirl\u0259r"}]},{"@type":"WebSite","@id":"https:\/\/www.meydan.tv\/az\/#website","url":"https:\/\/www.meydan.tv\/az\/","name":"MEYDAN.TV","description":"Meydan TV Az\u0259rbaycan\u0131n media m\u0259kan\u0131ndak\u0131 alternativ s\u0259sidir","publisher":{"@id":"https:\/\/www.meydan.tv\/az\/#organization"},"potentialAction":[{"@type":"SearchAction","target":{"@type":"EntryPoint","urlTemplate":"https:\/\/www.meydan.tv\/az\/?s={search_term_string}"},"query-input":{"@type":"PropertyValueSpecification","valueRequired":true,"valueName":"search_term_string"}}],"inLanguage":"az"},{"@type":"Organization","@id":"https:\/\/www.meydan.tv\/az\/#organization","name":"Meydan TV","url":"https:\/\/www.meydan.tv\/az\/","logo":{"@type":"ImageObject","inLanguage":"az","@id":"https:\/\/www.meydan.tv\/az\/#\/schema\/logo\/image\/","url":"https:\/\/www.meydan.tv\/wp-content\/uploads\/2021\/07\/meydan-logo.svg","contentUrl":"https:\/\/www.meydan.tv\/wp-content\/uploads\/2021\/07\/meydan-logo.svg","width":195,"height":46,"caption":"Meydan TV"},"image":{"@id":"https:\/\/www.meydan.tv\/az\/#\/schema\/logo\/image\/"}},{"@type":"Person","@id":"https:\/\/www.meydan.tv\/az\/#\/schema\/person\/9cdbecf90d17180ce1dfbd95b08dcf47","name":"elli","sameAs":["https:\/\/x.com\/elli"]}]}},"_links":{"self":[{"href":"https:\/\/www.meydan.tv\/az\/wp-json\/wp\/v2\/posts\/282651","targetHints":{"allow":["GET"]}}],"collection":[{"href":"https:\/\/www.meydan.tv\/az\/wp-json\/wp\/v2\/posts"}],"about":[{"href":"https:\/\/www.meydan.tv\/az\/wp-json\/wp\/v2\/types\/post"}],"author":[{"embeddable":true,"href":"https:\/\/www.meydan.tv\/az\/wp-json\/wp\/v2\/users\/8"}],"replies":[{"embeddable":true,"href":"https:\/\/www.meydan.tv\/az\/wp-json\/wp\/v2\/comments?post=282651"}],"version-history":[{"count":13,"href":"https:\/\/www.meydan.tv\/az\/wp-json\/wp\/v2\/posts\/282651\/revisions"}],"predecessor-version":[{"id":282691,"href":"https:\/\/www.meydan.tv\/az\/wp-json\/wp\/v2\/posts\/282651\/revisions\/282691"}],"wp:featuredmedia":[{"embeddable":true,"href":"https:\/\/www.meydan.tv\/az\/wp-json\/wp\/v2\/media\/282661"}],"wp:attachment":[{"href":"https:\/\/www.meydan.tv\/az\/wp-json\/wp\/v2\/media?parent=282651"}],"wp:term":[{"taxonomy":"category","embeddable":true,"href":"https:\/\/www.meydan.tv\/az\/wp-json\/wp\/v2\/categories?post=282651"},{"taxonomy":"post_tag","embeddable":true,"href":"https:\/\/www.meydan.tv\/az\/wp-json\/wp\/v2\/tags?post=282651"}],"curies":[{"name":"wp","href":"https:\/\/api.w.org\/{rel}","templated":true}]}}