{"id":282618,"date":"2023-08-18T13:59:28","date_gmt":"2023-08-18T09:59:28","guid":{"rendered":"https:\/\/www.meydan.tv\/?p=282618"},"modified":"2023-08-18T13:59:33","modified_gmt":"2023-08-18T09:59:33","slug":"martin-skorseze-iranli-hemkarinin-mudafiesi-ucun-petisiya-hazirlayib","status":"publish","type":"post","link":"https:\/\/www.meydan.tv\/az\/article\/martin-skorseze-iranli-hemkarinin-mudafiesi-ucun-petisiya-hazirlayib\/","title":{"rendered":"Martin Skorseze iranl\u0131 h\u0259mkar\u0131n\u0131n m\u00fcdafi\u0259si \u00fc\u00e7\u00fcn petisiya haz\u0131rlay\u0131b"},"content":{"rendered":"\n<p><\/p>\n\n\n\n<p><strong><em>O, S\u0259id Rustayinin m\u00fcdafi\u0259si il\u0259 ba\u011fl\u0131 \u00e7a\u011f\u0131r\u0131\u015f edib<\/em><\/strong><\/p>\n\n\n\n<p>Amerikal\u0131 rejissor Martin Skorseze alt\u0131 ay m\u00fcdd\u0259tin\u0259 h\u0259bs edilmi\u015f iranl\u0131 h\u0259mkar\u0131 S\u0259id Rustayinin m\u00fcdafi\u0259si \u00fc\u00e7\u00fcn petisiya haz\u0131rlay\u0131b.<\/p>\n\n\n\n<p>Skorseze petisiyan\u0131 \u015f\u0259xsi \u201c\u0130nstagram\u201d\u0131n\u0131n \u201cbio\u201dsunda yerl\u0259\u015fdir\u0259r\u0259k h\u0259r k\u0259si i\u015ftiraka d\u0259v\u0259t <a href=\"https:\/\/www.instagram.com\/p\/CwBTPVQOuJc\/\" target=\"_blank\" rel=\"noreferrer noopener\">edib.<\/a><\/p>\n\n\n\n<p>\u201c<em>Onun c\u0259zas\u0131na etiraz etm\u0259k v\u0259 m\u0259s\u0259l\u0259y\u0259 diqq\u0259t \u00e7\u0259km\u0259k \u00fc\u00e7\u00fcn bizim iyirmi g\u00fcnd\u0259n az vaxt\u0131m\u0131z var. Xahi\u015f edir\u0259m, Roustayiy\u0259 \u0259dal\u0259t axtaran h\u0259r k\u0259s petisiyan\u0131 imzalas\u0131n v\u0259 payla\u015fs\u0131n. Onun s\u0259si m\u00fctl\u0259q e\u015fidilm\u0259lidir\u201d, <\/em>&#8211; Skorseze qeyd edib.<\/p>\n\n\n\n<p>\u0130ranl\u0131 rejissor v\u0259 ssenarist S\u0259id Rustayi \u201cLeylan\u0131n qarda\u015flar\u0131\u201d (\u201cLeila\u2019s Brothers\u201d) filminin istehsal\u0131na v\u0259 \u201cKann\u201d Film Festival\u0131nda n\u00fcmayi\u015fin\u0259 g\u00f6r\u0259 alt\u0131 ay m\u00fcdd\u0259tin\u0259 islah i\u015fl\u0259ri c\u0259zas\u0131na m\u0259hkum edilib.<\/p>\n\n\n\n<p>Eyni c\u0259za filmin prod\u00fcseri Cavad Noruzb\u0259yin\u0259 d\u0259 verilib.<\/p>\n\n\n\n<p>Tehran \u0130slam \u0130nqilab\u0131 M\u0259hk\u0259m\u0259sinin \u00e7\u0131xard\u0131\u011f\u0131 h\u00f6kmd\u0259 bildirilib ki, h\u00f6km\u00fcn 1\/20 hiss\u0259si, y\u0259ni t\u0259xmin\u0259n doqquz g\u00fcn icra olunacaq, qalan hiss\u0259si is\u0259 be\u015f il m\u00fcdd\u0259tin\u0259 t\u0259xir\u0259 <a href=\"https:\/\/www.rferl.org\/a\/iran-director-roustayi-sentenced-for-award-winning-film\/32549363.html\" target=\"_blank\" rel=\"noreferrer noopener\">sal\u0131nacaq<\/a>.<\/p>\n\n\n<div class=\"wp-block-image\">\n<figure class=\"alignright size-large is-resized\"><img decoding=\"async\" data-src=\"https:\/\/www.meydan.tv\/wp-content\/uploads\/shutterstock_604171436-1096x821.jpg\" alt=\"\" class=\"wp-image-282615 lazyload\" width=\"426\" height=\"318\" src=\"data:image\/svg+xml;base64,PHN2ZyB3aWR0aD0iMSIgaGVpZ2h0PSIxIiB4bWxucz0iaHR0cDovL3d3dy53My5vcmcvMjAwMC9zdmciPjwvc3ZnPg==\" style=\"--smush-placeholder-width: 426px; --smush-placeholder-aspect-ratio: 426\/318;\" \/><figcaption class=\"wp-element-caption\">Martin Skorseze. Foto: G Holland\/ shutterstock<\/figcaption><\/figure>\n<\/div>\n\n\n<p>G\u00fcz\u0259\u015ft m\u00fcdd\u0259tind\u0259 m\u0259hkumlar \u201cKinorejissorlu\u011fun \u0259sas\u0131\u201d kursunu ke\u00e7m\u0259li v\u0259 dig\u0259r kino pe\u015f\u0259karlar\u0131 il\u0259 \u00fcnsiyy\u0259td\u0259n \u00e7\u0259kinm\u0259lidirl\u0259r.<\/p>\n\n\n\n<p>\u201cLeylan\u0131n qarda\u015flar\u0131\u201d dram filmi 2022-ci il istehsal\u0131d\u0131r.<\/p>\n\n\n\n<p>Tehran ail\u0259l\u0259rind\u0259n birinin iqtisadi probleml\u0259rind\u0259n b\u0259hs edir.<\/p>\n\n\n\n<p>Ba\u015f rollarda T\u0259ran\u0259 \u018flidusti, Navid M\u0259h\u0259mm\u0259dzad\u0259 v\u0259 Peyman Maadi \u00e7\u0259kilibl\u0259r.<\/p>\n\n\n\n<p>Film 2022-ci ild\u0259 Kann Film Festival\u0131nda Beyn\u0259lxalq T\u0259nqid\u00e7il\u0259r Federasiyas\u0131n\u0131n (Fipresci) x\u00fcsusi m\u00fckafat\u0131na layiq g\u00f6r\u00fcl\u00fcb.<\/p>\n\n\n\n<p>M\u00fckafatland\u0131rma m\u0259rasimind\u0259 Rustayi deyib ki, bu m\u00fckafat 2022-ci il may\u0131n 23-d\u0259 \u0130ran\u0131n Abadan \u015f\u0259h\u0259rind\u0259 onm\u0259rt\u0259b\u0259li binan\u0131n \u00e7\u00f6km\u0259si n\u0259tic\u0259sind\u0259 41 n\u0259f\u0259rin \u00f6l\u00fcm\u00fc il\u0259 n\u0259tic\u0259l\u0259n\u0259n hadis\u0259 qurbanlar\u0131na h\u0259sr edib.<\/p>\n\n\n\n<p>Rustayinin \u00e7\u0131x\u0131\u015f\u0131 \u0130randa s\u0259lahiyy\u0259tlil\u0259rin q\u0259z\u0259bin\u0259 s\u0259b\u0259b olub.<\/p>\n\n\n\n<p>\u0130ran\u0131n \u0130slami \u0130r\u015fad Nazirliyi yan\u0131nda Kino T\u0259\u015fkilat\u0131 \u201cLeylan\u0131n qarda\u015flar\u0131\u201dn\u0131 qada\u011fan ed\u0259r\u0259k prod\u00fcser v\u0259 rejissorun qaydalar\u0131 pozdu\u011funu v\u0259 ita\u0259tsizlik etdiyini bildirib.<\/p>\n\n\n\n<p>Ondan filmin s\u00fcjet x\u0259ttini d\u0259yi\u015fm\u0259si t\u0259l\u0259b edilib.<\/p>\n\n\n\n<p>Rejissor bundan imtina edib.<\/p>\n","protected":false},"excerpt":{"rendered":"<p>O, S\u0259id Rustayinin m\u00fcdafi\u0259si il\u0259 ba\u011fl\u0131 \u00e7a\u011f\u0131r\u0131\u015f edib Amerikal\u0131 rejissor &#8230; <\/p>\n<p class=\"read-more-container\"><a title=\"Martin Skorseze iranl\u0131 h\u0259mkar\u0131n\u0131n m\u00fcdafi\u0259si \u00fc\u00e7\u00fcn petisiya haz\u0131rlay\u0131b\" class=\"read-more button\" href=\"https:\/\/www.meydan.tv\/az\/article\/martin-skorseze-iranli-hemkarinin-mudafiesi-ucun-petisiya-hazirlayib\/#more-282618\" aria-label=\"Read more about Martin Skorseze iranl\u0131 h\u0259mkar\u0131n\u0131n m\u00fcdafi\u0259si \u00fc\u00e7\u00fcn petisiya haz\u0131rlay\u0131b\">Davam\u0131<\/a><\/p>\n","protected":false},"author":8,"featured_media":282281,"comment_status":"closed","ping_status":"closed","sticky":false,"template":"","format":"standard","meta":{"_acf_changed":false,"_sitemap_exclude":false,"_sitemap_priority":"","_sitemap_frequency":"","footnotes":""},"categories":[64,52,56],"tags":[],"class_list":["post-282618","post","type-post","status-publish","format-standard","has-post-thumbnail","hentry","category-dunya","category-medeniyyet","category-xeberler","infinite-scroll-item","generate-columns","tablet-grid-50","mobile-grid-100","grid-parent","grid-33","no-featured-image-padding"],"acf":[],"yoast_head":"<!-- This site is optimized with the Yoast SEO plugin v27.4 - https:\/\/yoast.com\/product\/yoast-seo-wordpress\/ -->\n<title>Martin Skorseze iranl\u0131 h\u0259mkar\u0131n\u0131n m\u00fcdafi\u0259si \u00fc\u00e7\u00fcn petisiya haz\u0131rlay\u0131b - MEYDAN.TV<\/title>\n<meta name=\"robots\" content=\"index, follow, max-snippet:-1, max-image-preview:large, max-video-preview:-1\" \/>\n<link rel=\"canonical\" href=\"https:\/\/www.meydan.tv\/az\/article\/martin-skorseze-iranli-hemkarinin-mudafiesi-ucun-petisiya-hazirlayib\/\" \/>\n<meta property=\"og:locale\" content=\"az_AZ\" \/>\n<meta property=\"og:type\" content=\"article\" \/>\n<meta property=\"og:title\" content=\"Martin Skorseze iranl\u0131 h\u0259mkar\u0131n\u0131n m\u00fcdafi\u0259si \u00fc\u00e7\u00fcn petisiya haz\u0131rlay\u0131b - MEYDAN.TV\" \/>\n<meta property=\"og:description\" content=\"O, S\u0259id Rustayinin m\u00fcdafi\u0259si il\u0259 ba\u011fl\u0131 \u00e7a\u011f\u0131r\u0131\u015f edib Amerikal\u0131 rejissor ... Davam\u0131\" \/>\n<meta property=\"og:url\" content=\"https:\/\/www.meydan.tv\/az\/article\/martin-skorseze-iranli-hemkarinin-mudafiesi-ucun-petisiya-hazirlayib\/\" \/>\n<meta property=\"og:site_name\" content=\"MEYDAN.TV\" \/>\n<meta property=\"article:published_time\" content=\"2023-08-18T09:59:28+00:00\" \/>\n<meta property=\"article:modified_time\" content=\"2023-08-18T09:59:33+00:00\" \/>\n<meta property=\"og:image\" content=\"https:\/\/www.meydan.tv\/wp-content\/uploads\/resisor.jpg\" \/>\n\t<meta property=\"og:image:width\" content=\"1200\" \/>\n\t<meta property=\"og:image:height\" content=\"531\" \/>\n\t<meta property=\"og:image:type\" content=\"image\/jpeg\" \/>\n<meta name=\"author\" content=\"elli\" \/>\n<meta name=\"twitter:card\" content=\"summary_large_image\" \/>\n<meta name=\"twitter:creator\" content=\"@elli\" \/>\n<script type=\"application\/ld+json\" class=\"yoast-schema-graph\">{\"@context\":\"https:\\\/\\\/schema.org\",\"@graph\":[{\"@type\":\"Article\",\"@id\":\"https:\\\/\\\/www.meydan.tv\\\/az\\\/article\\\/martin-skorseze-iranli-hemkarinin-mudafiesi-ucun-petisiya-hazirlayib\\\/#article\",\"isPartOf\":{\"@id\":\"https:\\\/\\\/www.meydan.tv\\\/az\\\/article\\\/martin-skorseze-iranli-hemkarinin-mudafiesi-ucun-petisiya-hazirlayib\\\/\"},\"author\":{\"name\":\"elli\",\"@id\":\"https:\\\/\\\/www.meydan.tv\\\/az\\\/#\\\/schema\\\/person\\\/9cdbecf90d17180ce1dfbd95b08dcf47\"},\"headline\":\"Martin Skorseze iranl\u0131 h\u0259mkar\u0131n\u0131n m\u00fcdafi\u0259si \u00fc\u00e7\u00fcn petisiya haz\u0131rlay\u0131b\",\"datePublished\":\"2023-08-18T09:59:28+00:00\",\"dateModified\":\"2023-08-18T09:59:33+00:00\",\"mainEntityOfPage\":{\"@id\":\"https:\\\/\\\/www.meydan.tv\\\/az\\\/article\\\/martin-skorseze-iranli-hemkarinin-mudafiesi-ucun-petisiya-hazirlayib\\\/\"},\"wordCount\":441,\"publisher\":{\"@id\":\"https:\\\/\\\/www.meydan.tv\\\/az\\\/#organization\"},\"image\":{\"@id\":\"https:\\\/\\\/www.meydan.tv\\\/az\\\/article\\\/martin-skorseze-iranli-hemkarinin-mudafiesi-ucun-petisiya-hazirlayib\\\/#primaryimage\"},\"thumbnailUrl\":\"https:\\\/\\\/www.meydan.tv\\\/wp-content\\\/uploads\\\/resisor.jpg\",\"articleSection\":[\"D\u00fcnya\",\"M\u0259d\u0259niyy\u0259t\",\"X\u0259b\u0259rl\u0259r\"],\"inLanguage\":\"az\"},{\"@type\":\"WebPage\",\"@id\":\"https:\\\/\\\/www.meydan.tv\\\/az\\\/article\\\/martin-skorseze-iranli-hemkarinin-mudafiesi-ucun-petisiya-hazirlayib\\\/\",\"url\":\"https:\\\/\\\/www.meydan.tv\\\/az\\\/article\\\/martin-skorseze-iranli-hemkarinin-mudafiesi-ucun-petisiya-hazirlayib\\\/\",\"name\":\"Martin Skorseze iranl\u0131 h\u0259mkar\u0131n\u0131n m\u00fcdafi\u0259si \u00fc\u00e7\u00fcn petisiya haz\u0131rlay\u0131b - MEYDAN.TV\",\"isPartOf\":{\"@id\":\"https:\\\/\\\/www.meydan.tv\\\/az\\\/#website\"},\"primaryImageOfPage\":{\"@id\":\"https:\\\/\\\/www.meydan.tv\\\/az\\\/article\\\/martin-skorseze-iranli-hemkarinin-mudafiesi-ucun-petisiya-hazirlayib\\\/#primaryimage\"},\"image\":{\"@id\":\"https:\\\/\\\/www.meydan.tv\\\/az\\\/article\\\/martin-skorseze-iranli-hemkarinin-mudafiesi-ucun-petisiya-hazirlayib\\\/#primaryimage\"},\"thumbnailUrl\":\"https:\\\/\\\/www.meydan.tv\\\/wp-content\\\/uploads\\\/resisor.jpg\",\"datePublished\":\"2023-08-18T09:59:28+00:00\",\"dateModified\":\"2023-08-18T09:59:33+00:00\",\"breadcrumb\":{\"@id\":\"https:\\\/\\\/www.meydan.tv\\\/az\\\/article\\\/martin-skorseze-iranli-hemkarinin-mudafiesi-ucun-petisiya-hazirlayib\\\/#breadcrumb\"},\"inLanguage\":\"az\",\"potentialAction\":[{\"@type\":\"ReadAction\",\"target\":[\"https:\\\/\\\/www.meydan.tv\\\/az\\\/article\\\/martin-skorseze-iranli-hemkarinin-mudafiesi-ucun-petisiya-hazirlayib\\\/\"]}]},{\"@type\":\"ImageObject\",\"inLanguage\":\"az\",\"@id\":\"https:\\\/\\\/www.meydan.tv\\\/az\\\/article\\\/martin-skorseze-iranli-hemkarinin-mudafiesi-ucun-petisiya-hazirlayib\\\/#primaryimage\",\"url\":\"https:\\\/\\\/www.meydan.tv\\\/wp-content\\\/uploads\\\/resisor.jpg\",\"contentUrl\":\"https:\\\/\\\/www.meydan.tv\\\/wp-content\\\/uploads\\\/resisor.jpg\",\"width\":1200,\"height\":531,\"caption\":\"Saeed Roustayi. Foto: \\\"ifpnews.com\\\"\"},{\"@type\":\"BreadcrumbList\",\"@id\":\"https:\\\/\\\/www.meydan.tv\\\/az\\\/article\\\/martin-skorseze-iranli-hemkarinin-mudafiesi-ucun-petisiya-hazirlayib\\\/#breadcrumb\",\"itemListElement\":[{\"@type\":\"ListItem\",\"position\":1,\"name\":\"Ana s\u0259hif\u0259\",\"item\":\"https:\\\/\\\/www.meydan.tv\\\/az\\\/\"},{\"@type\":\"ListItem\",\"position\":2,\"name\":\"M\u0259d\u0259niyy\u0259t\",\"item\":\"https:\\\/\\\/www.meydan.tv\\\/az\\\/section\\\/medeniyyet\\\/\"},{\"@type\":\"ListItem\",\"position\":3,\"name\":\"Martin Skorseze iranl\u0131 h\u0259mkar\u0131n\u0131n m\u00fcdafi\u0259si \u00fc\u00e7\u00fcn petisiya haz\u0131rlay\u0131b\"}]},{\"@type\":\"WebSite\",\"@id\":\"https:\\\/\\\/www.meydan.tv\\\/az\\\/#website\",\"url\":\"https:\\\/\\\/www.meydan.tv\\\/az\\\/\",\"name\":\"MEYDAN.TV\",\"description\":\"Meydan TV Az\u0259rbaycan\u0131n media m\u0259kan\u0131ndak\u0131 alternativ s\u0259sidir\",\"publisher\":{\"@id\":\"https:\\\/\\\/www.meydan.tv\\\/az\\\/#organization\"},\"potentialAction\":[{\"@type\":\"SearchAction\",\"target\":{\"@type\":\"EntryPoint\",\"urlTemplate\":\"https:\\\/\\\/www.meydan.tv\\\/az\\\/?s={search_term_string}\"},\"query-input\":{\"@type\":\"PropertyValueSpecification\",\"valueRequired\":true,\"valueName\":\"search_term_string\"}}],\"inLanguage\":\"az\"},{\"@type\":\"Organization\",\"@id\":\"https:\\\/\\\/www.meydan.tv\\\/az\\\/#organization\",\"name\":\"Meydan TV\",\"url\":\"https:\\\/\\\/www.meydan.tv\\\/az\\\/\",\"logo\":{\"@type\":\"ImageObject\",\"inLanguage\":\"az\",\"@id\":\"https:\\\/\\\/www.meydan.tv\\\/az\\\/#\\\/schema\\\/logo\\\/image\\\/\",\"url\":\"https:\\\/\\\/www.meydan.tv\\\/wp-content\\\/uploads\\\/2021\\\/07\\\/meydan-logo.svg\",\"contentUrl\":\"https:\\\/\\\/www.meydan.tv\\\/wp-content\\\/uploads\\\/2021\\\/07\\\/meydan-logo.svg\",\"width\":195,\"height\":46,\"caption\":\"Meydan TV\"},\"image\":{\"@id\":\"https:\\\/\\\/www.meydan.tv\\\/az\\\/#\\\/schema\\\/logo\\\/image\\\/\"}},{\"@type\":\"Person\",\"@id\":\"https:\\\/\\\/www.meydan.tv\\\/az\\\/#\\\/schema\\\/person\\\/9cdbecf90d17180ce1dfbd95b08dcf47\",\"name\":\"elli\",\"sameAs\":[\"https:\\\/\\\/x.com\\\/elli\"]}]}<\/script>\n<!-- \/ Yoast SEO plugin. -->","yoast_head_json":{"title":"Martin Skorseze iranl\u0131 h\u0259mkar\u0131n\u0131n m\u00fcdafi\u0259si \u00fc\u00e7\u00fcn petisiya haz\u0131rlay\u0131b - MEYDAN.TV","robots":{"index":"index","follow":"follow","max-snippet":"max-snippet:-1","max-image-preview":"max-image-preview:large","max-video-preview":"max-video-preview:-1"},"canonical":"https:\/\/www.meydan.tv\/az\/article\/martin-skorseze-iranli-hemkarinin-mudafiesi-ucun-petisiya-hazirlayib\/","og_locale":"az_AZ","og_type":"article","og_title":"Martin Skorseze iranl\u0131 h\u0259mkar\u0131n\u0131n m\u00fcdafi\u0259si \u00fc\u00e7\u00fcn petisiya haz\u0131rlay\u0131b - MEYDAN.TV","og_description":"O, S\u0259id Rustayinin m\u00fcdafi\u0259si il\u0259 ba\u011fl\u0131 \u00e7a\u011f\u0131r\u0131\u015f edib Amerikal\u0131 rejissor ... Davam\u0131","og_url":"https:\/\/www.meydan.tv\/az\/article\/martin-skorseze-iranli-hemkarinin-mudafiesi-ucun-petisiya-hazirlayib\/","og_site_name":"MEYDAN.TV","article_published_time":"2023-08-18T09:59:28+00:00","article_modified_time":"2023-08-18T09:59:33+00:00","og_image":[{"width":1200,"height":531,"url":"https:\/\/www.meydan.tv\/wp-content\/uploads\/resisor.jpg","type":"image\/jpeg"}],"author":"elli","twitter_card":"summary_large_image","twitter_creator":"@elli","schema":{"@context":"https:\/\/schema.org","@graph":[{"@type":"Article","@id":"https:\/\/www.meydan.tv\/az\/article\/martin-skorseze-iranli-hemkarinin-mudafiesi-ucun-petisiya-hazirlayib\/#article","isPartOf":{"@id":"https:\/\/www.meydan.tv\/az\/article\/martin-skorseze-iranli-hemkarinin-mudafiesi-ucun-petisiya-hazirlayib\/"},"author":{"name":"elli","@id":"https:\/\/www.meydan.tv\/az\/#\/schema\/person\/9cdbecf90d17180ce1dfbd95b08dcf47"},"headline":"Martin Skorseze iranl\u0131 h\u0259mkar\u0131n\u0131n m\u00fcdafi\u0259si \u00fc\u00e7\u00fcn petisiya haz\u0131rlay\u0131b","datePublished":"2023-08-18T09:59:28+00:00","dateModified":"2023-08-18T09:59:33+00:00","mainEntityOfPage":{"@id":"https:\/\/www.meydan.tv\/az\/article\/martin-skorseze-iranli-hemkarinin-mudafiesi-ucun-petisiya-hazirlayib\/"},"wordCount":441,"publisher":{"@id":"https:\/\/www.meydan.tv\/az\/#organization"},"image":{"@id":"https:\/\/www.meydan.tv\/az\/article\/martin-skorseze-iranli-hemkarinin-mudafiesi-ucun-petisiya-hazirlayib\/#primaryimage"},"thumbnailUrl":"https:\/\/www.meydan.tv\/wp-content\/uploads\/resisor.jpg","articleSection":["D\u00fcnya","M\u0259d\u0259niyy\u0259t","X\u0259b\u0259rl\u0259r"],"inLanguage":"az"},{"@type":"WebPage","@id":"https:\/\/www.meydan.tv\/az\/article\/martin-skorseze-iranli-hemkarinin-mudafiesi-ucun-petisiya-hazirlayib\/","url":"https:\/\/www.meydan.tv\/az\/article\/martin-skorseze-iranli-hemkarinin-mudafiesi-ucun-petisiya-hazirlayib\/","name":"Martin Skorseze iranl\u0131 h\u0259mkar\u0131n\u0131n m\u00fcdafi\u0259si \u00fc\u00e7\u00fcn petisiya haz\u0131rlay\u0131b - MEYDAN.TV","isPartOf":{"@id":"https:\/\/www.meydan.tv\/az\/#website"},"primaryImageOfPage":{"@id":"https:\/\/www.meydan.tv\/az\/article\/martin-skorseze-iranli-hemkarinin-mudafiesi-ucun-petisiya-hazirlayib\/#primaryimage"},"image":{"@id":"https:\/\/www.meydan.tv\/az\/article\/martin-skorseze-iranli-hemkarinin-mudafiesi-ucun-petisiya-hazirlayib\/#primaryimage"},"thumbnailUrl":"https:\/\/www.meydan.tv\/wp-content\/uploads\/resisor.jpg","datePublished":"2023-08-18T09:59:28+00:00","dateModified":"2023-08-18T09:59:33+00:00","breadcrumb":{"@id":"https:\/\/www.meydan.tv\/az\/article\/martin-skorseze-iranli-hemkarinin-mudafiesi-ucun-petisiya-hazirlayib\/#breadcrumb"},"inLanguage":"az","potentialAction":[{"@type":"ReadAction","target":["https:\/\/www.meydan.tv\/az\/article\/martin-skorseze-iranli-hemkarinin-mudafiesi-ucun-petisiya-hazirlayib\/"]}]},{"@type":"ImageObject","inLanguage":"az","@id":"https:\/\/www.meydan.tv\/az\/article\/martin-skorseze-iranli-hemkarinin-mudafiesi-ucun-petisiya-hazirlayib\/#primaryimage","url":"https:\/\/www.meydan.tv\/wp-content\/uploads\/resisor.jpg","contentUrl":"https:\/\/www.meydan.tv\/wp-content\/uploads\/resisor.jpg","width":1200,"height":531,"caption":"Saeed Roustayi. Foto: \"ifpnews.com\""},{"@type":"BreadcrumbList","@id":"https:\/\/www.meydan.tv\/az\/article\/martin-skorseze-iranli-hemkarinin-mudafiesi-ucun-petisiya-hazirlayib\/#breadcrumb","itemListElement":[{"@type":"ListItem","position":1,"name":"Ana s\u0259hif\u0259","item":"https:\/\/www.meydan.tv\/az\/"},{"@type":"ListItem","position":2,"name":"M\u0259d\u0259niyy\u0259t","item":"https:\/\/www.meydan.tv\/az\/section\/medeniyyet\/"},{"@type":"ListItem","position":3,"name":"Martin Skorseze iranl\u0131 h\u0259mkar\u0131n\u0131n m\u00fcdafi\u0259si \u00fc\u00e7\u00fcn petisiya haz\u0131rlay\u0131b"}]},{"@type":"WebSite","@id":"https:\/\/www.meydan.tv\/az\/#website","url":"https:\/\/www.meydan.tv\/az\/","name":"MEYDAN.TV","description":"Meydan TV Az\u0259rbaycan\u0131n media m\u0259kan\u0131ndak\u0131 alternativ s\u0259sidir","publisher":{"@id":"https:\/\/www.meydan.tv\/az\/#organization"},"potentialAction":[{"@type":"SearchAction","target":{"@type":"EntryPoint","urlTemplate":"https:\/\/www.meydan.tv\/az\/?s={search_term_string}"},"query-input":{"@type":"PropertyValueSpecification","valueRequired":true,"valueName":"search_term_string"}}],"inLanguage":"az"},{"@type":"Organization","@id":"https:\/\/www.meydan.tv\/az\/#organization","name":"Meydan TV","url":"https:\/\/www.meydan.tv\/az\/","logo":{"@type":"ImageObject","inLanguage":"az","@id":"https:\/\/www.meydan.tv\/az\/#\/schema\/logo\/image\/","url":"https:\/\/www.meydan.tv\/wp-content\/uploads\/2021\/07\/meydan-logo.svg","contentUrl":"https:\/\/www.meydan.tv\/wp-content\/uploads\/2021\/07\/meydan-logo.svg","width":195,"height":46,"caption":"Meydan TV"},"image":{"@id":"https:\/\/www.meydan.tv\/az\/#\/schema\/logo\/image\/"}},{"@type":"Person","@id":"https:\/\/www.meydan.tv\/az\/#\/schema\/person\/9cdbecf90d17180ce1dfbd95b08dcf47","name":"elli","sameAs":["https:\/\/x.com\/elli"]}]}},"_links":{"self":[{"href":"https:\/\/www.meydan.tv\/az\/wp-json\/wp\/v2\/posts\/282618","targetHints":{"allow":["GET"]}}],"collection":[{"href":"https:\/\/www.meydan.tv\/az\/wp-json\/wp\/v2\/posts"}],"about":[{"href":"https:\/\/www.meydan.tv\/az\/wp-json\/wp\/v2\/types\/post"}],"author":[{"embeddable":true,"href":"https:\/\/www.meydan.tv\/az\/wp-json\/wp\/v2\/users\/8"}],"replies":[{"embeddable":true,"href":"https:\/\/www.meydan.tv\/az\/wp-json\/wp\/v2\/comments?post=282618"}],"version-history":[{"count":4,"href":"https:\/\/www.meydan.tv\/az\/wp-json\/wp\/v2\/posts\/282618\/revisions"}],"predecessor-version":[{"id":282624,"href":"https:\/\/www.meydan.tv\/az\/wp-json\/wp\/v2\/posts\/282618\/revisions\/282624"}],"wp:featuredmedia":[{"embeddable":true,"href":"https:\/\/www.meydan.tv\/az\/wp-json\/wp\/v2\/media\/282281"}],"wp:attachment":[{"href":"https:\/\/www.meydan.tv\/az\/wp-json\/wp\/v2\/media?parent=282618"}],"wp:term":[{"taxonomy":"category","embeddable":true,"href":"https:\/\/www.meydan.tv\/az\/wp-json\/wp\/v2\/categories?post=282618"},{"taxonomy":"post_tag","embeddable":true,"href":"https:\/\/www.meydan.tv\/az\/wp-json\/wp\/v2\/tags?post=282618"}],"curies":[{"name":"wp","href":"https:\/\/api.w.org\/{rel}","templated":true}]}}