{"id":282547,"date":"2023-08-17T17:57:40","date_gmt":"2023-08-17T13:57:40","guid":{"rendered":"https:\/\/www.meydan.tv\/?p=282547"},"modified":"2023-08-17T17:57:46","modified_gmt":"2023-08-17T13:57:46","slug":"yazici-xalqin-adindan-danisan-gerek-onun-problemlerini-de-dile-getirsin","status":"publish","type":"post","link":"https:\/\/www.meydan.tv\/az\/article\/yazici-xalqin-adindan-danisan-gerek-onun-problemlerini-de-dile-getirsin\/","title":{"rendered":"Yaz\u0131\u00e7\u0131: \u201cXalq\u0131n ad\u0131ndan dan\u0131\u015fan g\u0259r\u0259k onun probleml\u0259rini d\u0259 dil\u0259 g\u0259tirsin\u201d"},"content":{"rendered":"\n<p><\/p>\n\n\n\n<p><em>Anar M\u0259mm\u0259dli: \u201cAz\u0259rbaycanda populyar insanlar\u0131n \u00e7oxunun insani d\u0259y\u0259rl\u0259r\u0259 ba\u011fl\u0131l\u0131\u011f\u0131 yoxdur\u201d<\/em><\/p>\n\n\n\n<p>Xalq artisti Rasim Balayevin Prezident \u0130lham \u018fliyevl\u0259 g\u00f6r\u00fc\u015f\u00fc zaman\u0131 \u201cXalq sizi \u00e7ox sevir\u201d,- dem\u0259si geni\u015f m\u00fczakir\u0259l\u0259r\u0259 s\u0259b\u0259b <a href=\"https:\/\/president.az\/az\/articles\/view\/60808\" target=\"_blank\" rel=\"noreferrer noopener\">olub<\/a>.<\/p>\n\n\n\n<p>\u018fks\u0259riyy\u0259t hesab edir ki, aktyor prezidentl\u0259 g\u00f6r\u00fc\u015f\u00fc zaman\u0131 xalq\u0131n probleml\u0259rind\u0259n dan\u0131\u015fmal\u0131 idi. B\u0259zi\u00a0insanlar\u00a0is\u0259\u00a0sosial \u015f\u0259b\u0259k\u0259l\u0259rd\u0259 yaz\u0131rlar ki,\u00a0s\u0259n\u0259tkarlar\u0131n ictimai q\u0131na\u011fa \u00e7\u0259kilm\u0259si\u00a0do\u011fru deyil.<\/p>\n\n\n\n<p>Rasim Balayev is\u0259 \u0259ksini fikirl\u0259\u015fir.<\/p>\n\n\n\n<figure class=\"wp-block-image size-large\"><img decoding=\"async\" width=\"1200\" height=\"801\" data-src=\"https:\/\/www.meydan.tv\/wp-content\/uploads\/1691482147_a58cc274e7918f5926ebfcb894680dbe-1200x801.jpg\" alt=\"\" class=\"wp-image-282555 lazyload\" src=\"data:image\/svg+xml;base64,PHN2ZyB3aWR0aD0iMSIgaGVpZ2h0PSIxIiB4bWxucz0iaHR0cDovL3d3dy53My5vcmcvMjAwMC9zdmciPjwvc3ZnPg==\" style=\"--smush-placeholder-width: 1200px; --smush-placeholder-aspect-ratio: 1200\/801;\" \/><figcaption class=\"wp-element-caption\">Foto: president.az<\/figcaption><\/figure>\n\n\n\n<p>O, \u00f6z\u00fcn\u00fc siyas\u0259t\u00e7i hesab etm\u0259diyini&nbsp; deyir.<\/p>\n\n\n\n<p>Aktyor \u201cBBC News Az\u0259rbaycanca\u201dya m\u00fcsahib\u0259si zaman\u0131 \u201cM\u0259n doqquz il kinoya \u00e7\u0259kilm\u0259dim. Evd\u0259 oturdum. Biri m\u0259niml\u0259 maraqland\u0131? M\u0259n niy\u0259 \u00f6z\u00fcm\u00fc bu k\u00fctl\u0259y\u0259 h\u0259sr etm\u0259liy\u0259m?\u201d, &#8211; <a href=\"https:\/\/www.youtube.com\/watch?v=bmw4Yxv9iRg\" target=\"_blank\" rel=\"noreferrer noopener\">deyib.<\/a><\/p>\n\n\n\n<p><strong>B\u0259s s\u0259n\u0259tkarlar\u0131n s\u0259sl\u0259ndirdiyi fikirl\u0259rin\u0259 g\u00f6r\u0259 ictimai q\u0131naq olmal\u0131d\u0131rm\u0131?<\/strong><\/p>\n\n\n\n<p>S\u0259n\u0259t adam\u0131 xalq\u0131n, yoxsa hakimiyy\u0259tin maraqlar\u0131n\u0131 t\u0259msil etm\u0259lidir?<\/p>\n\n\n\n<p>M\u0259hz bu suallara cavab almaq \u00fc\u00e7\u00fcn Meydan TV ictimai \u015f\u0259xsl\u0259rin m\u00fcnasib\u0259tini \u00f6yr\u0259nib.<\/p>\n\n\n\n<p>Yaz\u0131\u00e7\u0131 \u015e\u0259rif A\u011fayar deyir ki, h\u0259tta tan\u0131nmayan adam bel\u0259 ictimai bir m\u0259s\u0259l\u0259d\u0259n dan\u0131\u015f\u0131rsa, polemikaya c\u0259lb oluna bil\u0259r.<\/p>\n\n\n\n<p>M\u00fczakir\u0259ni istisna ed\u0259n yaln\u0131z \u015f\u0259xsi h\u0259yatd\u0131r, \u00e7\u00fcnki toxunulmazd\u0131r:<\/p>\n\n\n\n<p><em>\u201cTan\u0131nan adamsansa, Xalq artistis\u0259ns\u0259, h\u0259r s\u00f6z\u00fcn\u00fcn m\u0259suliyy\u0259tini da\u015f\u0131mal\u0131san. \u00dcst\u0259lik, ictimai t\u0259\u015fkilat r\u0259hb\u0259ris\u0259ns\u0259, ikiqat diqq\u0259t m\u0259rk\u0259zind\u0259s\u0259n. Rasim Balayev m\u00fcsahib\u0259sind\u0259 deyir ki, siyas\u0259t\u0259 qar\u0131\u015fm\u0131ram. Siyas\u0259t\u0259 qar\u0131\u015fm\u0131rsa, xalq\u0131n ad\u0131ndan niy\u0259 dan\u0131\u015f\u0131r? O, siyas\u0259t\u0259 qar\u0131\u015f\u0131r, sad\u0259c\u0259,\u00a0 i\u015fin\u0259 g\u0259l\u0259nd\u0259. G\u0259lm\u0259y\u0259nd\u0259 qar\u0131\u015fm\u0131r. Xalq\u0131n ad\u0131ndan dan\u0131\u015fan g\u0259r\u0259k onun probleml\u0259rini d\u0259 dil\u0259 g\u0259tirm\u0259kd\u0259n \u00e7\u0259kinm\u0259sin. \u00c7\u0259kinirs\u0259, \u00fcmumiyy\u0259tl\u0259, dan\u0131\u015fmas\u0131n. Siyas\u0259t\u0259 s\u0259mimi \u015f\u0259kild\u0259 qar\u0131\u015fmas\u0131n\u201d.<\/em><\/p>\n\n\n<div class=\"wp-block-image\">\n<figure class=\"aligncenter size-full\"><img decoding=\"async\" width=\"1200\" height=\"769\" data-src=\"https:\/\/www.meydan.tv\/wp-content\/uploads\/2022-02-23-09-41-39ue18cpt6bla77g05sfcc_file.jpg\" alt=\"\" class=\"wp-image-245493 lazyload\" src=\"data:image\/svg+xml;base64,PHN2ZyB3aWR0aD0iMSIgaGVpZ2h0PSIxIiB4bWxucz0iaHR0cDovL3d3dy53My5vcmcvMjAwMC9zdmciPjwvc3ZnPg==\" style=\"--smush-placeholder-width: 1200px; --smush-placeholder-aspect-ratio: 1200\/769;\" \/><figcaption class=\"wp-element-caption\">\u015e\u0259rif A\u011fayar. Foto: &#8220;yeniyaz.az&#8221;<\/figcaption><\/figure>\n<\/div>\n\n\n<p>\u201c<em>Rasim Balayevin prezidenti Bab\u0259k\u0259 ox\u015fatmas\u0131na g\u0259linc\u0259, bunda qeyri-adi he\u00e7 n\u0259 yoxdur. \u018fvv\u0259la, bu onun \u00f6z fikridir. Kimins\u0259 ad\u0131ndan demir. \u0130kincisi, Prezident \u0130lham \u018fliyev Ali Ba\u015f Komandan kimi \u015eu\u015faya bayraq tax\u0131b. Bu m\u0259nada xalq q\u0259hr\u0259man\u0131na b\u0259nz\u0259dilm\u0259zi \u00e7ox normald\u0131r. M\u0259s\u0259l\u0259ni \u00e7ox siyasil\u0259\u015fdirm\u0259y\u0259k. Yox, \u0259g\u0259r bu dialoqun arxas\u0131nda hakimiyy\u0259t-s\u0259n\u0259tkar m\u00fcnasib\u0259tl\u0259rinin inc\u0259liyini axtar\u0131r\u0131qsa, o ba\u015fqa. Bu, \u00e7ox ciddi m\u0259s\u0259l\u0259l\u0259rdir. Bizd\u0259 bu m\u00fcnasib\u0259t Rasim Balayev\u0259 q\u0259d\u0259r d\u0259 bel\u0259 idi, ondan sonra da uzun m\u00fcdd\u0259t bel\u0259 qalacaq\u201d, &#8211;<\/em> dey\u0259 yaz\u0131\u00e7\u0131 bildirib.<\/p>\n\n\n\n<p>H\u00fcquq m\u00fcdafi\u0259\u00e7isi Anar M\u0259mm\u0259dli is\u0259 deyir ki, Az\u0259rbaycanda g\u00f6z \u00f6n\u00fcnd\u0259 olan, xalq\u0131n sevgisini, h\u00f6rm\u0259tini qazanan insanlardan \u2013 x\u00fcsus\u0259n d\u0259 m\u00fc\u011f\u0259nni v\u0259 aktyorlardan g\u00f6zl\u0259ntil\u0259r \u00e7oxdur.<\/p>\n\n\n\n<p>O hesab edir ki, yaln\u0131z humanizm d\u0259y\u0259rl\u0259rinin t\u0259bli\u011fini \u00fcz\u0259rl\u0259rin\u0259 g\u00f6t\u00fcr\u0259n insanlardan g\u00f6zl\u0259nti olmal\u0131d\u0131r:<\/p>\n\n\n<div class=\"wp-block-image\">\n<figure class=\"aligncenter size-large\"><img decoding=\"async\" data-src=\"https:\/\/www.meydan.tv\/wp-content\/uploads\/anar_memmedli-1200x800.jpg\" alt=\"Anar M\u0259mm\u0259dli\" class=\"wp-image-210070 lazyload\" src=\"data:image\/svg+xml;base64,PHN2ZyB3aWR0aD0iMSIgaGVpZ2h0PSIxIiB4bWxucz0iaHR0cDovL3d3dy53My5vcmcvMjAwMC9zdmciPjwvc3ZnPg==\" style=\"--smush-placeholder-width: 1200px; --smush-placeholder-aspect-ratio: 1200\/800;\" \/><figcaption class=\"wp-element-caption\">Anar M\u0259mm\u0259dli, Foto:  Meydan TV<\/figcaption><\/figure>\n<\/div>\n\n\n<p><em>\u201cHans\u0131sa s\u0259n\u0259t\u00e7i d\u00f6vl\u0259t ba\u015f\u00e7\u0131s\u0131 il\u0259 g\u00f6r\u00fc\u015f\u0259nd\u0259, yaxud da b\u00f6y\u00fck bir t\u0259dbir olanda, orada ictimaiyy\u0259ti narahat ed\u0259n m\u0259s\u0259l\u0259l\u0259ri s\u0259sl\u0259ndirm\u0259sini g\u00f6zl\u0259yirl\u0259r. Az\u0259rbaycanda h\u0259r \u015f\u0259xsin \u00fcz\u0259rin\u0259 bel\u0259 m\u0259s\u0259l\u0259ni y\u00fckl\u0259m\u0259k olmaz. Populyarl\u0131q he\u00e7 d\u0259 o dem\u0259k deyil ki, bu insan hans\u0131sa bir d\u0259y\u0259r\u0259 sahibdir, humanizm, insani, b\u0259\u015f\u0259ri d\u0259y\u0259rl\u0259rin t\u0259bli\u011fat\u00e7\u0131s\u0131d\u0131r. Bu adamlar \u00f6lk\u0259sind\u0259, c\u0259miyy\u0259tind\u0259 naqis m\u0259s\u0259l\u0259l\u0259r\u0259 d\u0259rhal m\u00fcnasib\u0259t bildirm\u0259lidir. Bu, o \u015f\u0259xsl\u0259rd\u0259n g\u00f6zl\u0259nil\u0259 bil\u0259r ki, h\u0259min \u015f\u0259xsl\u0259rin, h\u0259qiq\u0259t\u0259n d\u0259, humanizm d\u0259y\u0259rl\u0259rin\u0259 ba\u011fl\u0131l\u0131\u011f\u0131 var. Az\u0259rbaycanda populyar insanlar\u0131n yar\u0131dan \u00e7oxunun humanizm d\u0259y\u0259rl\u0259rin\u0259, insani d\u0259y\u0259rl\u0259r\u0259 he\u00e7 bir ba\u011fl\u0131l\u0131\u011f\u0131 yoxdur. Onlar daha \u00e7ox \u00f6z m\u0259nf\u0259\u0259tini g\u00fcd\u0259n insanlard\u0131r. Ya\u015fay\u0131\u015f t\u0259rzl\u0259ri d\u0259 daha \u00e7ox sovetl\u0259rd\u0259nqalma &#8211; partiya, d\u00f6vl\u0259t \u0259n\u0259n\u0259l\u0259rin\u0259 \u0259saslan\u0131r\u201d.<\/em><\/p>\n\n\n\n<p>Xalq artisti, rejissor \u018fbd\u00fcl Mahmudb\u0259yov Rasim Balayevin fikril\u0259rinin t\u0259hrif edildiyi q\u0259na\u0259tind\u0259dir:<\/p>\n\n\n\n<p><em>\u201cRasim Balayev onu ba\u015fa d\u00fc\u015fm\u0259y\u0259n, ittiham ed\u0259nl\u0259r\u0259 i\u015far\u0259 edib. N\u0259 vaxta q\u0259d\u0259r k\u00fctl\u0259 psixologiyas\u0131 il\u0259 ya\u015fayaca\u011f\u0131q? Kimins\u0259 siyas\u0259td\u0259n, prezidentd\u0259n xo\u015fu g\u0259lir, yaxud da g\u0259lmirs\u0259, bu, onun \u00f6z fikridir. Amma Az\u0259rbaycan xalq\u0131, d\u00f6vl\u0259ti qanunla idar\u0259 olunur. Prezident s\u0259viyy\u0259sind\u0259 kinomuza diqq\u0259t, qay\u011f\u0131 g\u00f6st\u0259rilirs\u0259, bunu t\u0259qdir etm\u0259k laz\u0131md\u0131r. N\u0259 vaxta kimi c\u0259miyy\u0259ti, ictimaiyy\u0259ti siyasil\u0259\u015fdir\u0259c\u0259yik v\u0259 bir-birimizi topa-t\u00fcf\u0259ng\u0259 tutaca\u011f\u0131q? Elimizin ad\u0259t-\u0259n\u0259n\u0259si var. Biri dig\u0259rin\u0259 konfet ver\u0259nd\u0259, ona \u201csa\u011f ol\u201d deyir. S\u0259n\u0259tkar\u0131m\u0131za bu s\u0259viyy\u0259d\u0259 diqq\u0259t varsa, n\u0259 etm\u0259lidir? Orada Prezidentl\u0259 dava etm\u0259lidir? Tarix\u0259n g\u00f6rm\u00fc\u015f\u00fck ki, u\u015faqlar\u0131 q\u0259hr\u0259manlar\u0131m\u0131za ox\u015fad\u0131r\u0131q. M\u0259nim o\u011flumun ad\u0131 Bab\u0259kdir. Q\u0131z\u0131m\u0131n da ad\u0131 H\u0259c\u0259rdir. Biz \u00f6vladlar\u0131m\u0131za q\u0259hr\u0259manlar\u0131m\u0131za ox\u015fatmay\u0131b, kim\u0259 ox\u015fadaca\u011f\u0131q?\u201d.<\/em><\/p>\n\n\n<div class=\"wp-block-image\">\n<figure class=\"aligncenter size-full\"><img decoding=\"async\" width=\"800\" height=\"450\" data-src=\"https:\/\/www.meydan.tv\/wp-content\/uploads\/2ffbd29a978bf7081444075ee8f1d5c1.jpg\" alt=\"\" class=\"wp-image-282550 lazyload\" src=\"data:image\/svg+xml;base64,PHN2ZyB3aWR0aD0iMSIgaGVpZ2h0PSIxIiB4bWxucz0iaHR0cDovL3d3dy53My5vcmcvMjAwMC9zdmciPjwvc3ZnPg==\" style=\"--smush-placeholder-width: 800px; --smush-placeholder-aspect-ratio: 800\/450;\" \/><figcaption class=\"wp-element-caption\">\u018fbd\u00fcl Mahmudb\u0259yov. Foto: &#8220;Yeni M\u00fcsavat&#8221;<\/figcaption><\/figure>\n<\/div>\n\n\n<p>Avqustun 8-d\u0259 Prezident \u0130lham \u018fliyev Xalq artisti Rasim Balayevl\u0259 g\u00f6r\u00fc\u015f\u0259r\u0259k ona \u201c\u0130stiqlal\u201d ordeni t\u0259qdim edib.<\/p>\n\n\n\n<p>Rasim Balayev d\u0259 g\u00f6r\u00fc\u015f\u00fc zaman\u0131 \u201c<em>M\u0259n xalq\u0131n aras\u0131nda oluram, b\u00fct\u00fcn t\u0259b\u0259q\u0259l\u0259rl\u0259 g\u00f6r\u00fc\u015f\u00fcr\u0259m, Siz \u00f6z ad\u0131n\u0131z\u0131 tarix\u0259 bir Ali Ba\u015f Komandan kimi, el\u0259 \u0259sl Bab\u0259k kimi yazd\u0131n\u0131z. \u018fsl Bab\u0259k Sizsiniz, biz onun obraz\u0131n\u0131 oynay\u0131r\u0131q.&nbsp; Xalq sizi \u00e7ox sevir\u201d, <\/em>&#8211; deyib.<\/p>\n","protected":false},"excerpt":{"rendered":"<p>Anar M\u0259mm\u0259dli: \u201cAz\u0259rbaycanda populyar insanlar\u0131n \u00e7oxunun insani d\u0259y\u0259rl\u0259r\u0259 ba\u011fl\u0131l\u0131\u011f\u0131 yoxdur\u201d &#8230; <\/p>\n<p class=\"read-more-container\"><a title=\"Yaz\u0131\u00e7\u0131: \u201cXalq\u0131n ad\u0131ndan dan\u0131\u015fan g\u0259r\u0259k onun probleml\u0259rini d\u0259 dil\u0259 g\u0259tirsin\u201d\" class=\"read-more button\" href=\"https:\/\/www.meydan.tv\/az\/article\/yazici-xalqin-adindan-danisan-gerek-onun-problemlerini-de-dile-getirsin\/#more-282547\" aria-label=\"Read more about Yaz\u0131\u00e7\u0131: \u201cXalq\u0131n ad\u0131ndan dan\u0131\u015fan g\u0259r\u0259k onun probleml\u0259rini d\u0259 dil\u0259 g\u0259tirsin\u201d\">Davam\u0131<\/a><\/p>\n","protected":false},"author":8,"featured_media":225040,"comment_status":"closed","ping_status":"closed","sticky":false,"template":"","format":"standard","meta":{"_acf_changed":false,"_sitemap_exclude":false,"_sitemap_priority":"","_sitemap_frequency":"","footnotes":""},"categories":[52,56],"tags":[],"class_list":["post-282547","post","type-post","status-publish","format-standard","has-post-thumbnail","hentry","category-medeniyyet","category-xeberler","infinite-scroll-item","generate-columns","tablet-grid-50","mobile-grid-100","grid-parent","grid-33","no-featured-image-padding"],"acf":[],"yoast_head":"<!-- This site is optimized with the Yoast SEO plugin v27.4 - https:\/\/yoast.com\/product\/yoast-seo-wordpress\/ -->\n<title>Yaz\u0131\u00e7\u0131: \u201cXalq\u0131n ad\u0131ndan dan\u0131\u015fan g\u0259r\u0259k onun probleml\u0259rini d\u0259 dil\u0259 g\u0259tirsin\u201d - MEYDAN.TV<\/title>\n<meta name=\"robots\" content=\"index, follow, max-snippet:-1, max-image-preview:large, max-video-preview:-1\" \/>\n<link rel=\"canonical\" href=\"https:\/\/www.meydan.tv\/az\/article\/yazici-xalqin-adindan-danisan-gerek-onun-problemlerini-de-dile-getirsin\/\" \/>\n<meta property=\"og:locale\" content=\"az_AZ\" \/>\n<meta property=\"og:type\" content=\"article\" \/>\n<meta property=\"og:title\" content=\"Yaz\u0131\u00e7\u0131: \u201cXalq\u0131n ad\u0131ndan dan\u0131\u015fan g\u0259r\u0259k onun probleml\u0259rini d\u0259 dil\u0259 g\u0259tirsin\u201d - MEYDAN.TV\" \/>\n<meta property=\"og:description\" content=\"Anar M\u0259mm\u0259dli: \u201cAz\u0259rbaycanda populyar insanlar\u0131n \u00e7oxunun insani d\u0259y\u0259rl\u0259r\u0259 ba\u011fl\u0131l\u0131\u011f\u0131 yoxdur\u201d ... Davam\u0131\" \/>\n<meta property=\"og:url\" content=\"https:\/\/www.meydan.tv\/az\/article\/yazici-xalqin-adindan-danisan-gerek-onun-problemlerini-de-dile-getirsin\/\" \/>\n<meta property=\"og:site_name\" content=\"MEYDAN.TV\" \/>\n<meta property=\"article:published_time\" content=\"2023-08-17T13:57:40+00:00\" \/>\n<meta property=\"article:modified_time\" content=\"2023-08-17T13:57:46+00:00\" \/>\n<meta property=\"og:image\" content=\"https:\/\/www.meydan.tv\/wp-content\/uploads\/baki-1.jpg\" \/>\n\t<meta property=\"og:image:width\" content=\"1475\" \/>\n\t<meta property=\"og:image:height\" content=\"900\" \/>\n\t<meta property=\"og:image:type\" content=\"image\/jpeg\" \/>\n<meta name=\"author\" content=\"elli\" \/>\n<meta name=\"twitter:card\" content=\"summary_large_image\" \/>\n<meta name=\"twitter:creator\" content=\"@elli\" \/>\n<script type=\"application\/ld+json\" class=\"yoast-schema-graph\">{\"@context\":\"https:\\\/\\\/schema.org\",\"@graph\":[{\"@type\":\"Article\",\"@id\":\"https:\\\/\\\/www.meydan.tv\\\/az\\\/article\\\/yazici-xalqin-adindan-danisan-gerek-onun-problemlerini-de-dile-getirsin\\\/#article\",\"isPartOf\":{\"@id\":\"https:\\\/\\\/www.meydan.tv\\\/az\\\/article\\\/yazici-xalqin-adindan-danisan-gerek-onun-problemlerini-de-dile-getirsin\\\/\"},\"author\":{\"name\":\"elli\",\"@id\":\"https:\\\/\\\/www.meydan.tv\\\/az\\\/#\\\/schema\\\/person\\\/9cdbecf90d17180ce1dfbd95b08dcf47\"},\"headline\":\"Yaz\u0131\u00e7\u0131: \u201cXalq\u0131n ad\u0131ndan dan\u0131\u015fan g\u0259r\u0259k onun probleml\u0259rini d\u0259 dil\u0259 g\u0259tirsin\u201d\",\"datePublished\":\"2023-08-17T13:57:40+00:00\",\"dateModified\":\"2023-08-17T13:57:46+00:00\",\"mainEntityOfPage\":{\"@id\":\"https:\\\/\\\/www.meydan.tv\\\/az\\\/article\\\/yazici-xalqin-adindan-danisan-gerek-onun-problemlerini-de-dile-getirsin\\\/\"},\"wordCount\":1056,\"publisher\":{\"@id\":\"https:\\\/\\\/www.meydan.tv\\\/az\\\/#organization\"},\"image\":{\"@id\":\"https:\\\/\\\/www.meydan.tv\\\/az\\\/article\\\/yazici-xalqin-adindan-danisan-gerek-onun-problemlerini-de-dile-getirsin\\\/#primaryimage\"},\"thumbnailUrl\":\"https:\\\/\\\/www.meydan.tv\\\/wp-content\\\/uploads\\\/baki-1.jpg\",\"articleSection\":[\"M\u0259d\u0259niyy\u0259t\",\"X\u0259b\u0259rl\u0259r\"],\"inLanguage\":\"az\"},{\"@type\":\"WebPage\",\"@id\":\"https:\\\/\\\/www.meydan.tv\\\/az\\\/article\\\/yazici-xalqin-adindan-danisan-gerek-onun-problemlerini-de-dile-getirsin\\\/\",\"url\":\"https:\\\/\\\/www.meydan.tv\\\/az\\\/article\\\/yazici-xalqin-adindan-danisan-gerek-onun-problemlerini-de-dile-getirsin\\\/\",\"name\":\"Yaz\u0131\u00e7\u0131: \u201cXalq\u0131n ad\u0131ndan dan\u0131\u015fan g\u0259r\u0259k onun probleml\u0259rini d\u0259 dil\u0259 g\u0259tirsin\u201d - MEYDAN.TV\",\"isPartOf\":{\"@id\":\"https:\\\/\\\/www.meydan.tv\\\/az\\\/#website\"},\"primaryImageOfPage\":{\"@id\":\"https:\\\/\\\/www.meydan.tv\\\/az\\\/article\\\/yazici-xalqin-adindan-danisan-gerek-onun-problemlerini-de-dile-getirsin\\\/#primaryimage\"},\"image\":{\"@id\":\"https:\\\/\\\/www.meydan.tv\\\/az\\\/article\\\/yazici-xalqin-adindan-danisan-gerek-onun-problemlerini-de-dile-getirsin\\\/#primaryimage\"},\"thumbnailUrl\":\"https:\\\/\\\/www.meydan.tv\\\/wp-content\\\/uploads\\\/baki-1.jpg\",\"datePublished\":\"2023-08-17T13:57:40+00:00\",\"dateModified\":\"2023-08-17T13:57:46+00:00\",\"breadcrumb\":{\"@id\":\"https:\\\/\\\/www.meydan.tv\\\/az\\\/article\\\/yazici-xalqin-adindan-danisan-gerek-onun-problemlerini-de-dile-getirsin\\\/#breadcrumb\"},\"inLanguage\":\"az\",\"potentialAction\":[{\"@type\":\"ReadAction\",\"target\":[\"https:\\\/\\\/www.meydan.tv\\\/az\\\/article\\\/yazici-xalqin-adindan-danisan-gerek-onun-problemlerini-de-dile-getirsin\\\/\"]}]},{\"@type\":\"ImageObject\",\"inLanguage\":\"az\",\"@id\":\"https:\\\/\\\/www.meydan.tv\\\/az\\\/article\\\/yazici-xalqin-adindan-danisan-gerek-onun-problemlerini-de-dile-getirsin\\\/#primaryimage\",\"url\":\"https:\\\/\\\/www.meydan.tv\\\/wp-content\\\/uploads\\\/baki-1.jpg\",\"contentUrl\":\"https:\\\/\\\/www.meydan.tv\\\/wp-content\\\/uploads\\\/baki-1.jpg\",\"width\":1475,\"height\":900,\"caption\":\"Foto: Az\u0259rtac\"},{\"@type\":\"BreadcrumbList\",\"@id\":\"https:\\\/\\\/www.meydan.tv\\\/az\\\/article\\\/yazici-xalqin-adindan-danisan-gerek-onun-problemlerini-de-dile-getirsin\\\/#breadcrumb\",\"itemListElement\":[{\"@type\":\"ListItem\",\"position\":1,\"name\":\"Ana s\u0259hif\u0259\",\"item\":\"https:\\\/\\\/www.meydan.tv\\\/az\\\/\"},{\"@type\":\"ListItem\",\"position\":2,\"name\":\"M\u0259d\u0259niyy\u0259t\",\"item\":\"https:\\\/\\\/www.meydan.tv\\\/az\\\/section\\\/medeniyyet\\\/\"},{\"@type\":\"ListItem\",\"position\":3,\"name\":\"Yaz\u0131\u00e7\u0131: \u201cXalq\u0131n ad\u0131ndan dan\u0131\u015fan g\u0259r\u0259k onun probleml\u0259rini d\u0259 dil\u0259 g\u0259tirsin\u201d\"}]},{\"@type\":\"WebSite\",\"@id\":\"https:\\\/\\\/www.meydan.tv\\\/az\\\/#website\",\"url\":\"https:\\\/\\\/www.meydan.tv\\\/az\\\/\",\"name\":\"MEYDAN.TV\",\"description\":\"Meydan TV Az\u0259rbaycan\u0131n media m\u0259kan\u0131ndak\u0131 alternativ s\u0259sidir\",\"publisher\":{\"@id\":\"https:\\\/\\\/www.meydan.tv\\\/az\\\/#organization\"},\"potentialAction\":[{\"@type\":\"SearchAction\",\"target\":{\"@type\":\"EntryPoint\",\"urlTemplate\":\"https:\\\/\\\/www.meydan.tv\\\/az\\\/?s={search_term_string}\"},\"query-input\":{\"@type\":\"PropertyValueSpecification\",\"valueRequired\":true,\"valueName\":\"search_term_string\"}}],\"inLanguage\":\"az\"},{\"@type\":\"Organization\",\"@id\":\"https:\\\/\\\/www.meydan.tv\\\/az\\\/#organization\",\"name\":\"Meydan TV\",\"url\":\"https:\\\/\\\/www.meydan.tv\\\/az\\\/\",\"logo\":{\"@type\":\"ImageObject\",\"inLanguage\":\"az\",\"@id\":\"https:\\\/\\\/www.meydan.tv\\\/az\\\/#\\\/schema\\\/logo\\\/image\\\/\",\"url\":\"https:\\\/\\\/www.meydan.tv\\\/wp-content\\\/uploads\\\/2021\\\/07\\\/meydan-logo.svg\",\"contentUrl\":\"https:\\\/\\\/www.meydan.tv\\\/wp-content\\\/uploads\\\/2021\\\/07\\\/meydan-logo.svg\",\"width\":195,\"height\":46,\"caption\":\"Meydan TV\"},\"image\":{\"@id\":\"https:\\\/\\\/www.meydan.tv\\\/az\\\/#\\\/schema\\\/logo\\\/image\\\/\"}},{\"@type\":\"Person\",\"@id\":\"https:\\\/\\\/www.meydan.tv\\\/az\\\/#\\\/schema\\\/person\\\/9cdbecf90d17180ce1dfbd95b08dcf47\",\"name\":\"elli\",\"sameAs\":[\"https:\\\/\\\/x.com\\\/elli\"]}]}<\/script>\n<!-- \/ Yoast SEO plugin. -->","yoast_head_json":{"title":"Yaz\u0131\u00e7\u0131: \u201cXalq\u0131n ad\u0131ndan dan\u0131\u015fan g\u0259r\u0259k onun probleml\u0259rini d\u0259 dil\u0259 g\u0259tirsin\u201d - MEYDAN.TV","robots":{"index":"index","follow":"follow","max-snippet":"max-snippet:-1","max-image-preview":"max-image-preview:large","max-video-preview":"max-video-preview:-1"},"canonical":"https:\/\/www.meydan.tv\/az\/article\/yazici-xalqin-adindan-danisan-gerek-onun-problemlerini-de-dile-getirsin\/","og_locale":"az_AZ","og_type":"article","og_title":"Yaz\u0131\u00e7\u0131: \u201cXalq\u0131n ad\u0131ndan dan\u0131\u015fan g\u0259r\u0259k onun probleml\u0259rini d\u0259 dil\u0259 g\u0259tirsin\u201d - MEYDAN.TV","og_description":"Anar M\u0259mm\u0259dli: \u201cAz\u0259rbaycanda populyar insanlar\u0131n \u00e7oxunun insani d\u0259y\u0259rl\u0259r\u0259 ba\u011fl\u0131l\u0131\u011f\u0131 yoxdur\u201d ... Davam\u0131","og_url":"https:\/\/www.meydan.tv\/az\/article\/yazici-xalqin-adindan-danisan-gerek-onun-problemlerini-de-dile-getirsin\/","og_site_name":"MEYDAN.TV","article_published_time":"2023-08-17T13:57:40+00:00","article_modified_time":"2023-08-17T13:57:46+00:00","og_image":[{"width":1475,"height":900,"url":"https:\/\/www.meydan.tv\/wp-content\/uploads\/baki-1.jpg","type":"image\/jpeg"}],"author":"elli","twitter_card":"summary_large_image","twitter_creator":"@elli","schema":{"@context":"https:\/\/schema.org","@graph":[{"@type":"Article","@id":"https:\/\/www.meydan.tv\/az\/article\/yazici-xalqin-adindan-danisan-gerek-onun-problemlerini-de-dile-getirsin\/#article","isPartOf":{"@id":"https:\/\/www.meydan.tv\/az\/article\/yazici-xalqin-adindan-danisan-gerek-onun-problemlerini-de-dile-getirsin\/"},"author":{"name":"elli","@id":"https:\/\/www.meydan.tv\/az\/#\/schema\/person\/9cdbecf90d17180ce1dfbd95b08dcf47"},"headline":"Yaz\u0131\u00e7\u0131: \u201cXalq\u0131n ad\u0131ndan dan\u0131\u015fan g\u0259r\u0259k onun probleml\u0259rini d\u0259 dil\u0259 g\u0259tirsin\u201d","datePublished":"2023-08-17T13:57:40+00:00","dateModified":"2023-08-17T13:57:46+00:00","mainEntityOfPage":{"@id":"https:\/\/www.meydan.tv\/az\/article\/yazici-xalqin-adindan-danisan-gerek-onun-problemlerini-de-dile-getirsin\/"},"wordCount":1056,"publisher":{"@id":"https:\/\/www.meydan.tv\/az\/#organization"},"image":{"@id":"https:\/\/www.meydan.tv\/az\/article\/yazici-xalqin-adindan-danisan-gerek-onun-problemlerini-de-dile-getirsin\/#primaryimage"},"thumbnailUrl":"https:\/\/www.meydan.tv\/wp-content\/uploads\/baki-1.jpg","articleSection":["M\u0259d\u0259niyy\u0259t","X\u0259b\u0259rl\u0259r"],"inLanguage":"az"},{"@type":"WebPage","@id":"https:\/\/www.meydan.tv\/az\/article\/yazici-xalqin-adindan-danisan-gerek-onun-problemlerini-de-dile-getirsin\/","url":"https:\/\/www.meydan.tv\/az\/article\/yazici-xalqin-adindan-danisan-gerek-onun-problemlerini-de-dile-getirsin\/","name":"Yaz\u0131\u00e7\u0131: \u201cXalq\u0131n ad\u0131ndan dan\u0131\u015fan g\u0259r\u0259k onun probleml\u0259rini d\u0259 dil\u0259 g\u0259tirsin\u201d - MEYDAN.TV","isPartOf":{"@id":"https:\/\/www.meydan.tv\/az\/#website"},"primaryImageOfPage":{"@id":"https:\/\/www.meydan.tv\/az\/article\/yazici-xalqin-adindan-danisan-gerek-onun-problemlerini-de-dile-getirsin\/#primaryimage"},"image":{"@id":"https:\/\/www.meydan.tv\/az\/article\/yazici-xalqin-adindan-danisan-gerek-onun-problemlerini-de-dile-getirsin\/#primaryimage"},"thumbnailUrl":"https:\/\/www.meydan.tv\/wp-content\/uploads\/baki-1.jpg","datePublished":"2023-08-17T13:57:40+00:00","dateModified":"2023-08-17T13:57:46+00:00","breadcrumb":{"@id":"https:\/\/www.meydan.tv\/az\/article\/yazici-xalqin-adindan-danisan-gerek-onun-problemlerini-de-dile-getirsin\/#breadcrumb"},"inLanguage":"az","potentialAction":[{"@type":"ReadAction","target":["https:\/\/www.meydan.tv\/az\/article\/yazici-xalqin-adindan-danisan-gerek-onun-problemlerini-de-dile-getirsin\/"]}]},{"@type":"ImageObject","inLanguage":"az","@id":"https:\/\/www.meydan.tv\/az\/article\/yazici-xalqin-adindan-danisan-gerek-onun-problemlerini-de-dile-getirsin\/#primaryimage","url":"https:\/\/www.meydan.tv\/wp-content\/uploads\/baki-1.jpg","contentUrl":"https:\/\/www.meydan.tv\/wp-content\/uploads\/baki-1.jpg","width":1475,"height":900,"caption":"Foto: Az\u0259rtac"},{"@type":"BreadcrumbList","@id":"https:\/\/www.meydan.tv\/az\/article\/yazici-xalqin-adindan-danisan-gerek-onun-problemlerini-de-dile-getirsin\/#breadcrumb","itemListElement":[{"@type":"ListItem","position":1,"name":"Ana s\u0259hif\u0259","item":"https:\/\/www.meydan.tv\/az\/"},{"@type":"ListItem","position":2,"name":"M\u0259d\u0259niyy\u0259t","item":"https:\/\/www.meydan.tv\/az\/section\/medeniyyet\/"},{"@type":"ListItem","position":3,"name":"Yaz\u0131\u00e7\u0131: \u201cXalq\u0131n ad\u0131ndan dan\u0131\u015fan g\u0259r\u0259k onun probleml\u0259rini d\u0259 dil\u0259 g\u0259tirsin\u201d"}]},{"@type":"WebSite","@id":"https:\/\/www.meydan.tv\/az\/#website","url":"https:\/\/www.meydan.tv\/az\/","name":"MEYDAN.TV","description":"Meydan TV Az\u0259rbaycan\u0131n media m\u0259kan\u0131ndak\u0131 alternativ s\u0259sidir","publisher":{"@id":"https:\/\/www.meydan.tv\/az\/#organization"},"potentialAction":[{"@type":"SearchAction","target":{"@type":"EntryPoint","urlTemplate":"https:\/\/www.meydan.tv\/az\/?s={search_term_string}"},"query-input":{"@type":"PropertyValueSpecification","valueRequired":true,"valueName":"search_term_string"}}],"inLanguage":"az"},{"@type":"Organization","@id":"https:\/\/www.meydan.tv\/az\/#organization","name":"Meydan TV","url":"https:\/\/www.meydan.tv\/az\/","logo":{"@type":"ImageObject","inLanguage":"az","@id":"https:\/\/www.meydan.tv\/az\/#\/schema\/logo\/image\/","url":"https:\/\/www.meydan.tv\/wp-content\/uploads\/2021\/07\/meydan-logo.svg","contentUrl":"https:\/\/www.meydan.tv\/wp-content\/uploads\/2021\/07\/meydan-logo.svg","width":195,"height":46,"caption":"Meydan TV"},"image":{"@id":"https:\/\/www.meydan.tv\/az\/#\/schema\/logo\/image\/"}},{"@type":"Person","@id":"https:\/\/www.meydan.tv\/az\/#\/schema\/person\/9cdbecf90d17180ce1dfbd95b08dcf47","name":"elli","sameAs":["https:\/\/x.com\/elli"]}]}},"_links":{"self":[{"href":"https:\/\/www.meydan.tv\/az\/wp-json\/wp\/v2\/posts\/282547","targetHints":{"allow":["GET"]}}],"collection":[{"href":"https:\/\/www.meydan.tv\/az\/wp-json\/wp\/v2\/posts"}],"about":[{"href":"https:\/\/www.meydan.tv\/az\/wp-json\/wp\/v2\/types\/post"}],"author":[{"embeddable":true,"href":"https:\/\/www.meydan.tv\/az\/wp-json\/wp\/v2\/users\/8"}],"replies":[{"embeddable":true,"href":"https:\/\/www.meydan.tv\/az\/wp-json\/wp\/v2\/comments?post=282547"}],"version-history":[{"count":3,"href":"https:\/\/www.meydan.tv\/az\/wp-json\/wp\/v2\/posts\/282547\/revisions"}],"predecessor-version":[{"id":282564,"href":"https:\/\/www.meydan.tv\/az\/wp-json\/wp\/v2\/posts\/282547\/revisions\/282564"}],"wp:featuredmedia":[{"embeddable":true,"href":"https:\/\/www.meydan.tv\/az\/wp-json\/wp\/v2\/media\/225040"}],"wp:attachment":[{"href":"https:\/\/www.meydan.tv\/az\/wp-json\/wp\/v2\/media?parent=282547"}],"wp:term":[{"taxonomy":"category","embeddable":true,"href":"https:\/\/www.meydan.tv\/az\/wp-json\/wp\/v2\/categories?post=282547"},{"taxonomy":"post_tag","embeddable":true,"href":"https:\/\/www.meydan.tv\/az\/wp-json\/wp\/v2\/tags?post=282547"}],"curies":[{"name":"wp","href":"https:\/\/api.w.org\/{rel}","templated":true}]}}