{"id":282507,"date":"2023-08-17T12:38:22","date_gmt":"2023-08-17T08:38:22","guid":{"rendered":"https:\/\/www.meydan.tv\/?p=282507"},"modified":"2023-08-17T13:33:33","modified_gmt":"2023-08-17T09:33:33","slug":"edliye-nazirliyi-13-partiyanin-legvini-tesdiqledi","status":"publish","type":"post","link":"https:\/\/www.meydan.tv\/az\/article\/edliye-nazirliyi-13-partiyanin-legvini-tesdiqledi\/","title":{"rendered":"\u018fdliyy\u0259 Nazirliyi 13 partiyan\u0131n l\u0259\u011fvini t\u0259sdiql\u0259di"},"content":{"rendered":"\n<p><\/p>\n\n\n\n<p><strong><em>H\u0259min partiyalar qeyri-kommersiya qurumlar\u0131n\u0131n d\u00f6vl\u0259t reyestrin\u0259 daxil edilib<\/em><\/strong><\/p>\n\n\n\n<p>\u018fdliyy\u0259 Nazirliyi \u00f6z\u00fcn\u00fc buraxan 13 partiyan\u0131n l\u0259\u011fvi bar\u0259d\u0259 m\u00fcraci\u0259ti t\u0259sdiql\u0259diyini <a href=\"https:\/\/justice.gov.az\/news\/archive?page=1\" target=\"_blank\" rel=\"noreferrer noopener\">a\u00e7\u0131qlay\u0131b.<\/a><\/p>\n\n\n\n<p>Nazirlik h\u0259min t\u0259\u015fkilatlar\u0131n qeyri-kommersiya qurumlar\u0131n\u0131n d\u00f6vl\u0259t reyestrin\u0259 daxil edilm\u0259si haqda q\u0259rar q\u0259bul edib.<\/p>\n\n\n\n<p>Avqustun 16-da nazirliyin r\u0259smi sayt\u0131nda yerl\u0259\u015fdiril\u0259n q\u0259rarda Qorqud, Vahid Az\u0259rbaycan Milli Birlik, Milli Demokrat, M\u00fcst\u0259qil Xalq, Yeni Yol, Milli V\u0259hd\u0259t, Milli D\u00f6vl\u0259t\u00e7ilik, Sosial Demokrat, Liberal Demokrat, Sosial Rifah, T\u0259kam\u00fcl, Birlik, Az\u0259rbaycan Namin\u0259 Alyans partiyalar\u0131n\u0131n adlar\u0131 yer al\u0131b.<\/p>\n\n\n\n<p>Q\u0259rarda deyilir ki, l\u0259\u011fv olunmas\u0131 il\u0259 ba\u011fl\u0131 q\u0259rar q\u0259bul ed\u0259n v\u0259 buna dair aidiyy\u0259ti s\u0259n\u0259dl\u0259ri \u018fdliyy\u0259 Nazirliyin\u0259 t\u0259qdim ed\u0259n partiyalar\u0131n l\u0259\u011fvi bar\u0259d\u0259 qeyd qeyri-kommersiya qurumlar\u0131n\u0131n d\u00f6vl\u0259t reyestrin\u0259 daxil edilib.<\/p>\n\n\n\n<p>Ad\u0131\u00e7\u0259kil\u0259n partiyalardan Sosial Demokrat v\u0259 Milli D\u00f6vl\u0259t\u00e7ilik partiyalar\u0131n\u0131n s\u0259drl\u0259ri &#8211; Araz \u018flizad\u0259 v\u0259 Sabir Tarverdiyev v\u0259fat etdiyin\u0259 g\u00f6r\u0259 bu t\u0259\u015fkilatlar f\u0259aliyy\u0259t g\u00f6st\u0259rmirdil\u0259r.<\/p>\n\n\n\n<p>Qorqud v\u0259 Sosial Rifah partiyalar\u0131na g\u0259linc\u0259, onlarla ba\u011fl\u0131 sonuncu m\u0259lumat s\u0259drl\u0259rinin 2021-ci ilin dekabr\u0131nda Prezident \u0130lham \u018fliyevi do\u011fum g\u00fcn\u00fc m\u00fcnasib\u0259ti il\u0259 t\u0259brik etm\u0259l\u0259ri olub.<\/p>\n\n\n\n<p>Yaxud M\u00fcst\u0259qil Xalq Partiyas\u0131n\u0131n f\u0259aliyy\u0259tind\u0259 diqq\u0259t\u00e7\u0259k\u0259n m\u0259qam s\u0259dr \u018fflan H\u0259s\u0259novun nizamnam\u0259 v\u0259 m\u0259ramnam\u0259 s\u0259n\u0259dl\u0259rini MSK-ya t\u0259qdim etm\u0259si idi.<\/p>\n\n\n\n<p>Partiyalar\u0131n burax\u0131lmas\u0131 prosesi il\u0259 ba\u011fl\u0131 is\u0259 m\u00fcxt\u0259lif fikirl\u0259r var. Bu prosesin hakimiyy\u0259tin siyasi q\u0259rar\u0131 oldu\u011fu bildirilir.<\/p>\n\n\n\n<p>Bu s\u0259b\u0259bd\u0259n Az\u0259rbaycanda bir s\u0131ra partiya s\u0259drl\u0259ri burax\u0131lmalar\u0131 bar\u0259d\u0259 b\u0259yanatlar\u0131 mediadan oxuyublar. M\u0259s\u0259l\u0259n, Liberal v\u0259 C\u00fcmhuriyy\u0259t Xalq partiyalar\u0131n\u0131n adlar\u0131n\u0131 xat\u0131rlamaq olar.<\/p>\n\n\n\n<p>\u0130yunun 24-d\u0259 Liberal Partiyan\u0131n VIII qurultay\u0131 ke\u00e7irilib v\u0259 el\u0259 h\u0259min g\u00fcn d\u0259 partiyan\u0131n f\u0259aliyy\u0259tinin dayand\u0131r\u0131ld\u0131\u011f\u0131 haqda x\u0259b\u0259r yay\u0131l\u0131b.<\/p>\n\n\n\n<p>\u018fv\u0259z Temirxan\u0131n s\u00f6zl\u0259rin\u0259 g\u00f6r\u0259, onlayn formada ke\u00e7iril\u0259n qurultay yenid\u0259n onu s\u0259dr se\u00e7ib:<\/p>\n\n\n\n<p>\u201cH\u0259m\u00e7inin qurultay yeni parlament se\u00e7kil\u0259rin\u0259 q\u0259d\u0259r partiyan\u0131n fa\u0259liyy\u0259tinin m\u00fcv\u0259qq\u0259ti dayand\u0131r\u0131lmas\u0131 haqda q\u0259rar q\u0259bul edib, y\u0259ni bu, m\u00fcv\u0259qq\u0259ti dayanmad\u0131r, dekabr\u0131n 31-\u0259 q\u0259d\u0259r. Ancaq m\u0259lumat\u0131 haradan al\u0131bsa,&nbsp;<a target=\"_blank\" href=\"http:\/\/musavat.com\/\" rel=\"noreferrer noopener\">musavat.com<\/a>&nbsp; sayt\u0131 Liberal Partiyas\u0131n\u0131n f\u0259aliyy\u0259tini dayand\u0131rmas\u0131 haqda x\u0259b\u0259r yay\u0131b. Biz bilmirik ki, onlar bu m\u0259lumat\u0131 haradan al\u0131blar\u201d.<\/p>\n\n\n\n<p>C\u00fcmhuriyy\u0259t Xalq Partiyas\u0131n\u0131n (CXP) s\u0259dri B\u0259dr\u0259ddin Quliyev is\u0259 a\u00e7\u0131qlama yay\u0131landan bir g\u00fcn \u0259vv\u0259l partiyan\u0131 buraxmaq bar\u0259d\u0259 d\u00fc\u015f\u00fcnm\u0259diyini demi\u015fdi.<\/p>\n\n\n\n<p>Ancaq s\u0259h\u0259ri g\u00fcn partiyas\u0131n\u0131n burax\u0131lmas\u0131 haqda b\u0259yanat h\u00f6kum\u0259t\u0259 yax\u0131n saytlarda yay\u0131ld\u0131.<\/p>\n\n\n\n<p>Ad\u0131n\u0131n a\u00e7\u0131qlanmas\u0131n\u0131 ist\u0259m\u0259y\u0259n ba\u015fqa bir partiya r\u0259hb\u0259ri d\u0259 Meydan TV-y\u0259 demi\u015fdi ki, partiyas\u0131n\u0131n burax\u0131lmas\u0131 bar\u0259d\u0259 x\u0259b\u0259ri saytlardan oxuyub, ara\u015fd\u0131rd\u0131qda, m\u0259lumat\u0131n Prezident Administrasiyas\u0131ndan \u00f6t\u00fcr\u00fcld\u00fcy\u00fcn\u00fc <a href=\"https:\/\/storage.googleapis.com\/qurium\/www.meydan.tv\/az-article-partiyalar-ozlerinden-xebersiz-buraxilir.html\" target=\"_blank\" rel=\"noreferrer noopener\">\u00f6yr\u0259nib.<\/a><\/p>\n\n\n\n<p>2022-ci ilin dekabr\u0131nda Milli M\u0259clis \u201cSiyasi partiyalar haqq\u0131nda\u201d Qanunu III oxunu\u015fda q\u0259bul edib.<\/p>\n\n\n\n<p>Daxili v\u0259 xarici etirazlara r\u0259\u011fm\u0259n, Prezident \u0130lham \u018fliyev 2023-c\u00fc ilin yanvar\u0131nda qanunu t\u0259sdiql\u0259yib.<\/p>\n\n\n\n<p>Yeni qanunun naraz\u0131l\u0131q do\u011furan madd\u0259l\u0259ri s\u0131ras\u0131nda partiyalar\u0131n 5 min \u00fczv toplamas\u0131 v\u0259 onlar\u0131n h\u0259r birinin reyestrd\u0259n ke\u00e7irilm\u0259si x\u00fcsusi yer tutur.<\/p>\n\n\n\n<p>2022-ci ild\u0259 Az\u0259rbaycanda 59 siyasi partiya qeydiyyatda olub.<\/p>\n\n\n\n<p><strong>Az\u0259rbaycanda hans\u0131 partiyalar burax\u0131l\u0131b?<\/strong><\/p>\n\n\n\n<p>Qanunun q\u0259bulundan bir ne\u00e7\u0259 ay sonra Az\u0259rbaycanda 30-dan \u00e7ox partiya \u00f6z\u00fcn\u00fc burax\u0131b. Bu s\u0131raya M\u00fcst\u0259qil Xalq Partiyas\u0131 (MXP), Az\u0259rbaycan Milli Demokrat Partiyas\u0131 (AMDP), Yeni Yol Partiyas\u0131, Az\u0259rbaycan Respublika\u00e7\u0131lar Partiyas\u0131, M\u00fcst\u0259qil Az\u0259rbaycan Partiyas\u0131, Az\u0259rbaycan Vahid Kommunist Partiyas\u0131, Az\u0259rbaycan Sosial Demokrat Partiyas\u0131 (ASDP), Az\u0259rbaycan Liberal Demokrat Partiyas\u0131 (ALDP), Milli V\u0259hd\u0259t Partiyas\u0131 (MVP), Az\u0259rbaycan Sosial Rifah Partiyas\u0131 (ASRP), Az\u0259rbaycan Namin\u0259 Alyans Partiyas\u0131 (ANAP), Az\u0259rbaycan T\u0259kam\u00fcl Partiyas\u0131, Birlik Partiyas\u0131, Ayd\u0131nlar Partiyas\u0131, Kommunist Partiyas\u0131, Vahid Az\u0259rbaycan Milli Birlik v\u0259 Az\u0259rbaycan Azad Respublika\u00e7\u0131lar Partiyas\u0131 v\u0259 dig\u0259rl\u0259ri daxildir.<\/p>\n","protected":false},"excerpt":{"rendered":"<p>H\u0259min partiyalar qeyri-kommersiya qurumlar\u0131n\u0131n d\u00f6vl\u0259t reyestrin\u0259 daxil edilib \u018fdliyy\u0259 Nazirliyi &#8230; <\/p>\n<p class=\"read-more-container\"><a title=\"\u018fdliyy\u0259 Nazirliyi 13 partiyan\u0131n l\u0259\u011fvini t\u0259sdiql\u0259di\" class=\"read-more button\" href=\"https:\/\/www.meydan.tv\/az\/article\/edliye-nazirliyi-13-partiyanin-legvini-tesdiqledi\/#more-282507\" aria-label=\"Read more about \u018fdliyy\u0259 Nazirliyi 13 partiyan\u0131n l\u0259\u011fvini t\u0259sdiql\u0259di\">Davam\u0131<\/a><\/p>\n","protected":false},"author":8,"featured_media":236424,"comment_status":"closed","ping_status":"closed","sticky":false,"template":"","format":"standard","meta":{"_acf_changed":false,"_sitemap_exclude":false,"_sitemap_priority":"","_sitemap_frequency":"","footnotes":""},"categories":[59,56],"tags":[],"class_list":["post-282507","post","type-post","status-publish","format-standard","has-post-thumbnail","hentry","category-siyaset","category-xeberler","infinite-scroll-item","generate-columns","tablet-grid-50","mobile-grid-100","grid-parent","grid-33","no-featured-image-padding"],"acf":[],"yoast_head":"<!-- This site is optimized with the Yoast SEO plugin v27.4 - https:\/\/yoast.com\/product\/yoast-seo-wordpress\/ -->\n<title>\u018fdliyy\u0259 Nazirliyi 13 partiyan\u0131n l\u0259\u011fvini t\u0259sdiql\u0259di - MEYDAN.TV<\/title>\n<meta name=\"robots\" content=\"index, follow, max-snippet:-1, max-image-preview:large, max-video-preview:-1\" \/>\n<link rel=\"canonical\" href=\"https:\/\/www.meydan.tv\/az\/article\/edliye-nazirliyi-13-partiyanin-legvini-tesdiqledi\/\" \/>\n<meta property=\"og:locale\" content=\"az_AZ\" \/>\n<meta property=\"og:type\" content=\"article\" \/>\n<meta property=\"og:title\" content=\"\u018fdliyy\u0259 Nazirliyi 13 partiyan\u0131n l\u0259\u011fvini t\u0259sdiql\u0259di - MEYDAN.TV\" \/>\n<meta property=\"og:description\" content=\"H\u0259min partiyalar qeyri-kommersiya qurumlar\u0131n\u0131n d\u00f6vl\u0259t reyestrin\u0259 daxil edilib \u018fdliyy\u0259 Nazirliyi ... Davam\u0131\" \/>\n<meta property=\"og:url\" content=\"https:\/\/www.meydan.tv\/az\/article\/edliye-nazirliyi-13-partiyanin-legvini-tesdiqledi\/\" \/>\n<meta property=\"og:site_name\" content=\"MEYDAN.TV\" \/>\n<meta property=\"article:published_time\" content=\"2023-08-17T08:38:22+00:00\" \/>\n<meta property=\"article:modified_time\" content=\"2023-08-17T09:33:33+00:00\" \/>\n<meta property=\"og:image\" content=\"https:\/\/www.meydan.tv\/wp-content\/uploads\/1849_in-1200x548.jpg\" \/>\n\t<meta property=\"og:image:width\" content=\"1200\" \/>\n\t<meta property=\"og:image:height\" content=\"548\" \/>\n\t<meta property=\"og:image:type\" content=\"image\/jpeg\" \/>\n<meta name=\"author\" content=\"elli\" \/>\n<meta name=\"twitter:card\" content=\"summary_large_image\" \/>\n<meta name=\"twitter:creator\" content=\"@elli\" \/>\n<script type=\"application\/ld+json\" class=\"yoast-schema-graph\">{\"@context\":\"https:\\\/\\\/schema.org\",\"@graph\":[{\"@type\":\"Article\",\"@id\":\"https:\\\/\\\/www.meydan.tv\\\/az\\\/article\\\/edliye-nazirliyi-13-partiyanin-legvini-tesdiqledi\\\/#article\",\"isPartOf\":{\"@id\":\"https:\\\/\\\/www.meydan.tv\\\/az\\\/article\\\/edliye-nazirliyi-13-partiyanin-legvini-tesdiqledi\\\/\"},\"author\":{\"name\":\"elli\",\"@id\":\"https:\\\/\\\/www.meydan.tv\\\/az\\\/#\\\/schema\\\/person\\\/9cdbecf90d17180ce1dfbd95b08dcf47\"},\"headline\":\"\u018fdliyy\u0259 Nazirliyi 13 partiyan\u0131n l\u0259\u011fvini t\u0259sdiql\u0259di\",\"datePublished\":\"2023-08-17T08:38:22+00:00\",\"dateModified\":\"2023-08-17T09:33:33+00:00\",\"mainEntityOfPage\":{\"@id\":\"https:\\\/\\\/www.meydan.tv\\\/az\\\/article\\\/edliye-nazirliyi-13-partiyanin-legvini-tesdiqledi\\\/\"},\"wordCount\":783,\"publisher\":{\"@id\":\"https:\\\/\\\/www.meydan.tv\\\/az\\\/#organization\"},\"image\":{\"@id\":\"https:\\\/\\\/www.meydan.tv\\\/az\\\/article\\\/edliye-nazirliyi-13-partiyanin-legvini-tesdiqledi\\\/#primaryimage\"},\"thumbnailUrl\":\"https:\\\/\\\/www.meydan.tv\\\/wp-content\\\/uploads\\\/1849_in.jpg\",\"articleSection\":[\"Siyas\u0259t\",\"X\u0259b\u0259rl\u0259r\"],\"inLanguage\":\"az\"},{\"@type\":\"WebPage\",\"@id\":\"https:\\\/\\\/www.meydan.tv\\\/az\\\/article\\\/edliye-nazirliyi-13-partiyanin-legvini-tesdiqledi\\\/\",\"url\":\"https:\\\/\\\/www.meydan.tv\\\/az\\\/article\\\/edliye-nazirliyi-13-partiyanin-legvini-tesdiqledi\\\/\",\"name\":\"\u018fdliyy\u0259 Nazirliyi 13 partiyan\u0131n l\u0259\u011fvini t\u0259sdiql\u0259di - MEYDAN.TV\",\"isPartOf\":{\"@id\":\"https:\\\/\\\/www.meydan.tv\\\/az\\\/#website\"},\"primaryImageOfPage\":{\"@id\":\"https:\\\/\\\/www.meydan.tv\\\/az\\\/article\\\/edliye-nazirliyi-13-partiyanin-legvini-tesdiqledi\\\/#primaryimage\"},\"image\":{\"@id\":\"https:\\\/\\\/www.meydan.tv\\\/az\\\/article\\\/edliye-nazirliyi-13-partiyanin-legvini-tesdiqledi\\\/#primaryimage\"},\"thumbnailUrl\":\"https:\\\/\\\/www.meydan.tv\\\/wp-content\\\/uploads\\\/1849_in.jpg\",\"datePublished\":\"2023-08-17T08:38:22+00:00\",\"dateModified\":\"2023-08-17T09:33:33+00:00\",\"breadcrumb\":{\"@id\":\"https:\\\/\\\/www.meydan.tv\\\/az\\\/article\\\/edliye-nazirliyi-13-partiyanin-legvini-tesdiqledi\\\/#breadcrumb\"},\"inLanguage\":\"az\",\"potentialAction\":[{\"@type\":\"ReadAction\",\"target\":[\"https:\\\/\\\/www.meydan.tv\\\/az\\\/article\\\/edliye-nazirliyi-13-partiyanin-legvini-tesdiqledi\\\/\"]}]},{\"@type\":\"ImageObject\",\"inLanguage\":\"az\",\"@id\":\"https:\\\/\\\/www.meydan.tv\\\/az\\\/article\\\/edliye-nazirliyi-13-partiyanin-legvini-tesdiqledi\\\/#primaryimage\",\"url\":\"https:\\\/\\\/www.meydan.tv\\\/wp-content\\\/uploads\\\/1849_in.jpg\",\"contentUrl\":\"https:\\\/\\\/www.meydan.tv\\\/wp-content\\\/uploads\\\/1849_in.jpg\",\"width\":2120,\"height\":968,\"caption\":\"\u018fdliyy\u0259 Nazirliyi. Foto: https:\\\/\\\/www.justice.gov.az\\\/\"},{\"@type\":\"BreadcrumbList\",\"@id\":\"https:\\\/\\\/www.meydan.tv\\\/az\\\/article\\\/edliye-nazirliyi-13-partiyanin-legvini-tesdiqledi\\\/#breadcrumb\",\"itemListElement\":[{\"@type\":\"ListItem\",\"position\":1,\"name\":\"Ana s\u0259hif\u0259\",\"item\":\"https:\\\/\\\/www.meydan.tv\\\/az\\\/\"},{\"@type\":\"ListItem\",\"position\":2,\"name\":\"Siyas\u0259t\",\"item\":\"https:\\\/\\\/www.meydan.tv\\\/az\\\/section\\\/siyaset\\\/\"},{\"@type\":\"ListItem\",\"position\":3,\"name\":\"\u018fdliyy\u0259 Nazirliyi 13 partiyan\u0131n l\u0259\u011fvini t\u0259sdiql\u0259di\"}]},{\"@type\":\"WebSite\",\"@id\":\"https:\\\/\\\/www.meydan.tv\\\/az\\\/#website\",\"url\":\"https:\\\/\\\/www.meydan.tv\\\/az\\\/\",\"name\":\"MEYDAN.TV\",\"description\":\"Meydan TV Az\u0259rbaycan\u0131n media m\u0259kan\u0131ndak\u0131 alternativ s\u0259sidir\",\"publisher\":{\"@id\":\"https:\\\/\\\/www.meydan.tv\\\/az\\\/#organization\"},\"potentialAction\":[{\"@type\":\"SearchAction\",\"target\":{\"@type\":\"EntryPoint\",\"urlTemplate\":\"https:\\\/\\\/www.meydan.tv\\\/az\\\/?s={search_term_string}\"},\"query-input\":{\"@type\":\"PropertyValueSpecification\",\"valueRequired\":true,\"valueName\":\"search_term_string\"}}],\"inLanguage\":\"az\"},{\"@type\":\"Organization\",\"@id\":\"https:\\\/\\\/www.meydan.tv\\\/az\\\/#organization\",\"name\":\"Meydan TV\",\"url\":\"https:\\\/\\\/www.meydan.tv\\\/az\\\/\",\"logo\":{\"@type\":\"ImageObject\",\"inLanguage\":\"az\",\"@id\":\"https:\\\/\\\/www.meydan.tv\\\/az\\\/#\\\/schema\\\/logo\\\/image\\\/\",\"url\":\"https:\\\/\\\/www.meydan.tv\\\/wp-content\\\/uploads\\\/2021\\\/07\\\/meydan-logo.svg\",\"contentUrl\":\"https:\\\/\\\/www.meydan.tv\\\/wp-content\\\/uploads\\\/2021\\\/07\\\/meydan-logo.svg\",\"width\":195,\"height\":46,\"caption\":\"Meydan TV\"},\"image\":{\"@id\":\"https:\\\/\\\/www.meydan.tv\\\/az\\\/#\\\/schema\\\/logo\\\/image\\\/\"}},{\"@type\":\"Person\",\"@id\":\"https:\\\/\\\/www.meydan.tv\\\/az\\\/#\\\/schema\\\/person\\\/9cdbecf90d17180ce1dfbd95b08dcf47\",\"name\":\"elli\",\"sameAs\":[\"https:\\\/\\\/x.com\\\/elli\"]}]}<\/script>\n<!-- \/ Yoast SEO plugin. -->","yoast_head_json":{"title":"\u018fdliyy\u0259 Nazirliyi 13 partiyan\u0131n l\u0259\u011fvini t\u0259sdiql\u0259di - MEYDAN.TV","robots":{"index":"index","follow":"follow","max-snippet":"max-snippet:-1","max-image-preview":"max-image-preview:large","max-video-preview":"max-video-preview:-1"},"canonical":"https:\/\/www.meydan.tv\/az\/article\/edliye-nazirliyi-13-partiyanin-legvini-tesdiqledi\/","og_locale":"az_AZ","og_type":"article","og_title":"\u018fdliyy\u0259 Nazirliyi 13 partiyan\u0131n l\u0259\u011fvini t\u0259sdiql\u0259di - MEYDAN.TV","og_description":"H\u0259min partiyalar qeyri-kommersiya qurumlar\u0131n\u0131n d\u00f6vl\u0259t reyestrin\u0259 daxil edilib \u018fdliyy\u0259 Nazirliyi ... Davam\u0131","og_url":"https:\/\/www.meydan.tv\/az\/article\/edliye-nazirliyi-13-partiyanin-legvini-tesdiqledi\/","og_site_name":"MEYDAN.TV","article_published_time":"2023-08-17T08:38:22+00:00","article_modified_time":"2023-08-17T09:33:33+00:00","og_image":[{"width":1200,"height":548,"url":"https:\/\/www.meydan.tv\/wp-content\/uploads\/1849_in-1200x548.jpg","type":"image\/jpeg"}],"author":"elli","twitter_card":"summary_large_image","twitter_creator":"@elli","schema":{"@context":"https:\/\/schema.org","@graph":[{"@type":"Article","@id":"https:\/\/www.meydan.tv\/az\/article\/edliye-nazirliyi-13-partiyanin-legvini-tesdiqledi\/#article","isPartOf":{"@id":"https:\/\/www.meydan.tv\/az\/article\/edliye-nazirliyi-13-partiyanin-legvini-tesdiqledi\/"},"author":{"name":"elli","@id":"https:\/\/www.meydan.tv\/az\/#\/schema\/person\/9cdbecf90d17180ce1dfbd95b08dcf47"},"headline":"\u018fdliyy\u0259 Nazirliyi 13 partiyan\u0131n l\u0259\u011fvini t\u0259sdiql\u0259di","datePublished":"2023-08-17T08:38:22+00:00","dateModified":"2023-08-17T09:33:33+00:00","mainEntityOfPage":{"@id":"https:\/\/www.meydan.tv\/az\/article\/edliye-nazirliyi-13-partiyanin-legvini-tesdiqledi\/"},"wordCount":783,"publisher":{"@id":"https:\/\/www.meydan.tv\/az\/#organization"},"image":{"@id":"https:\/\/www.meydan.tv\/az\/article\/edliye-nazirliyi-13-partiyanin-legvini-tesdiqledi\/#primaryimage"},"thumbnailUrl":"https:\/\/www.meydan.tv\/wp-content\/uploads\/1849_in.jpg","articleSection":["Siyas\u0259t","X\u0259b\u0259rl\u0259r"],"inLanguage":"az"},{"@type":"WebPage","@id":"https:\/\/www.meydan.tv\/az\/article\/edliye-nazirliyi-13-partiyanin-legvini-tesdiqledi\/","url":"https:\/\/www.meydan.tv\/az\/article\/edliye-nazirliyi-13-partiyanin-legvini-tesdiqledi\/","name":"\u018fdliyy\u0259 Nazirliyi 13 partiyan\u0131n l\u0259\u011fvini t\u0259sdiql\u0259di - MEYDAN.TV","isPartOf":{"@id":"https:\/\/www.meydan.tv\/az\/#website"},"primaryImageOfPage":{"@id":"https:\/\/www.meydan.tv\/az\/article\/edliye-nazirliyi-13-partiyanin-legvini-tesdiqledi\/#primaryimage"},"image":{"@id":"https:\/\/www.meydan.tv\/az\/article\/edliye-nazirliyi-13-partiyanin-legvini-tesdiqledi\/#primaryimage"},"thumbnailUrl":"https:\/\/www.meydan.tv\/wp-content\/uploads\/1849_in.jpg","datePublished":"2023-08-17T08:38:22+00:00","dateModified":"2023-08-17T09:33:33+00:00","breadcrumb":{"@id":"https:\/\/www.meydan.tv\/az\/article\/edliye-nazirliyi-13-partiyanin-legvini-tesdiqledi\/#breadcrumb"},"inLanguage":"az","potentialAction":[{"@type":"ReadAction","target":["https:\/\/www.meydan.tv\/az\/article\/edliye-nazirliyi-13-partiyanin-legvini-tesdiqledi\/"]}]},{"@type":"ImageObject","inLanguage":"az","@id":"https:\/\/www.meydan.tv\/az\/article\/edliye-nazirliyi-13-partiyanin-legvini-tesdiqledi\/#primaryimage","url":"https:\/\/www.meydan.tv\/wp-content\/uploads\/1849_in.jpg","contentUrl":"https:\/\/www.meydan.tv\/wp-content\/uploads\/1849_in.jpg","width":2120,"height":968,"caption":"\u018fdliyy\u0259 Nazirliyi. Foto: https:\/\/www.justice.gov.az\/"},{"@type":"BreadcrumbList","@id":"https:\/\/www.meydan.tv\/az\/article\/edliye-nazirliyi-13-partiyanin-legvini-tesdiqledi\/#breadcrumb","itemListElement":[{"@type":"ListItem","position":1,"name":"Ana s\u0259hif\u0259","item":"https:\/\/www.meydan.tv\/az\/"},{"@type":"ListItem","position":2,"name":"Siyas\u0259t","item":"https:\/\/www.meydan.tv\/az\/section\/siyaset\/"},{"@type":"ListItem","position":3,"name":"\u018fdliyy\u0259 Nazirliyi 13 partiyan\u0131n l\u0259\u011fvini t\u0259sdiql\u0259di"}]},{"@type":"WebSite","@id":"https:\/\/www.meydan.tv\/az\/#website","url":"https:\/\/www.meydan.tv\/az\/","name":"MEYDAN.TV","description":"Meydan TV Az\u0259rbaycan\u0131n media m\u0259kan\u0131ndak\u0131 alternativ s\u0259sidir","publisher":{"@id":"https:\/\/www.meydan.tv\/az\/#organization"},"potentialAction":[{"@type":"SearchAction","target":{"@type":"EntryPoint","urlTemplate":"https:\/\/www.meydan.tv\/az\/?s={search_term_string}"},"query-input":{"@type":"PropertyValueSpecification","valueRequired":true,"valueName":"search_term_string"}}],"inLanguage":"az"},{"@type":"Organization","@id":"https:\/\/www.meydan.tv\/az\/#organization","name":"Meydan TV","url":"https:\/\/www.meydan.tv\/az\/","logo":{"@type":"ImageObject","inLanguage":"az","@id":"https:\/\/www.meydan.tv\/az\/#\/schema\/logo\/image\/","url":"https:\/\/www.meydan.tv\/wp-content\/uploads\/2021\/07\/meydan-logo.svg","contentUrl":"https:\/\/www.meydan.tv\/wp-content\/uploads\/2021\/07\/meydan-logo.svg","width":195,"height":46,"caption":"Meydan TV"},"image":{"@id":"https:\/\/www.meydan.tv\/az\/#\/schema\/logo\/image\/"}},{"@type":"Person","@id":"https:\/\/www.meydan.tv\/az\/#\/schema\/person\/9cdbecf90d17180ce1dfbd95b08dcf47","name":"elli","sameAs":["https:\/\/x.com\/elli"]}]}},"_links":{"self":[{"href":"https:\/\/www.meydan.tv\/az\/wp-json\/wp\/v2\/posts\/282507","targetHints":{"allow":["GET"]}}],"collection":[{"href":"https:\/\/www.meydan.tv\/az\/wp-json\/wp\/v2\/posts"}],"about":[{"href":"https:\/\/www.meydan.tv\/az\/wp-json\/wp\/v2\/types\/post"}],"author":[{"embeddable":true,"href":"https:\/\/www.meydan.tv\/az\/wp-json\/wp\/v2\/users\/8"}],"replies":[{"embeddable":true,"href":"https:\/\/www.meydan.tv\/az\/wp-json\/wp\/v2\/comments?post=282507"}],"version-history":[{"count":4,"href":"https:\/\/www.meydan.tv\/az\/wp-json\/wp\/v2\/posts\/282507\/revisions"}],"predecessor-version":[{"id":282525,"href":"https:\/\/www.meydan.tv\/az\/wp-json\/wp\/v2\/posts\/282507\/revisions\/282525"}],"wp:featuredmedia":[{"embeddable":true,"href":"https:\/\/www.meydan.tv\/az\/wp-json\/wp\/v2\/media\/236424"}],"wp:attachment":[{"href":"https:\/\/www.meydan.tv\/az\/wp-json\/wp\/v2\/media?parent=282507"}],"wp:term":[{"taxonomy":"category","embeddable":true,"href":"https:\/\/www.meydan.tv\/az\/wp-json\/wp\/v2\/categories?post=282507"},{"taxonomy":"post_tag","embeddable":true,"href":"https:\/\/www.meydan.tv\/az\/wp-json\/wp\/v2\/tags?post=282507"}],"curies":[{"name":"wp","href":"https:\/\/api.w.org\/{rel}","templated":true}]}}