{"id":282407,"date":"2023-08-16T19:48:44","date_gmt":"2023-08-16T15:48:44","guid":{"rendered":"https:\/\/www.meydan.tv\/?p=282407"},"modified":"2023-08-16T19:48:48","modified_gmt":"2023-08-16T15:48:48","slug":"bmt-qubad-ibadoglunun-tecili-azad-olunmasini-isteyir","status":"publish","type":"post","link":"https:\/\/www.meydan.tv\/az\/article\/bmt-qubad-ibadoglunun-tecili-azad-olunmasini-isteyir\/","title":{"rendered":"BMT Qubad \u0130bado\u011flunun t\u0259cili azad olunmas\u0131n\u0131 ist\u0259yir"},"content":{"rendered":"\n<p><\/p>\n\n\n\n<p><strong><em>T\u0259\u015fkilat\u0131n \u0130nsan H\u00fcquqlar\u0131 Ofisi ADR s\u0259dri il\u0259 ba\u011fl\u0131 h\u00f6kum\u0259t\u0259 \u00e7a\u011f\u0131r\u0131\u015f edib<\/em><\/strong><\/p>\n\n\n\n<p>BMT \u0130nsan H\u00fcquqlar\u0131 Ofisi Az\u0259rbaycan h\u00f6kum\u0259tini iqtisad\u00e7\u0131 Qubad \u0130bado\u011flunun t\u0259cili azad olunmas\u0131na \u00e7a\u011f\u0131r\u0131b.<\/p>\n\n\n\n<p>T\u0259\u015fkilat bu bar\u0259d\u0259 avqustun 16-da &#8220;Twitter&#8221; hesab\u0131nda m\u0259lumat <a href=\"https:\/\/twitter.com\/unhumanrights\/status\/1691739966110310855?s=46&amp;t=s5XrQWucCojN0QdkwKWpYQ\" target=\"_blank\" rel=\"noreferrer noopener\">yay\u0131b.<\/a><\/p>\n\n\n\n<p>Bildirilib ki, h\u0259bsd\u0259 olan m\u00fcxalif\u0259t xadimi, alim Qubad \u0130bado\u011flunun a\u011f\u0131r x\u0259st\u0259 olmas\u0131 il\u0259 ba\u011fl\u0131 yay\u0131lan x\u0259b\u0259rl\u0259r onlar\u0131 d\u0259rind\u0259n narahat edir:<\/p>\n\n\n\n<p><em>&#8220;Biz h\u00f6kum\u0259ti onu azad etm\u0259y\u0259 v\u0259 adekvat v\u0259 m\u00fcvafiq tibbi m\u00fcalic\u0259, qay\u011f\u0131 il\u0259 t\u0259min olunmas\u0131na \u00e7a\u011f\u0131r\u0131r\u0131q&#8221;.<\/em><\/p>\n\n\n\n<p>Avqustun 8-d\u0259 \u0130\u015fg\u0259nc\u0259l\u0259r \u018fleyhin\u0259 \u00dcmumd\u00fcnya T\u0259\u015fkilat\u0131 (OMCT), \u201cHuman Rights Watch\u201d v\u0259 \u201cHuman Rights House Foundation\u201d da iqtisad\u00e7\u0131 Qubad \u0130bado\u011flunun h\u0259bsind\u0259n, saxlanma v\u0259 a\u011f\u0131r h\u0259bs \u015f\u0259raitind\u0259n d\u0259rin narahatl\u0131qlar\u0131n\u0131 <a href=\"https:\/\/storage.googleapis.com\/qurium\/www.meydan.tv\/az-article-isgenceler-eleyhine-umumdunya-teskilati-qubad-ibadoglunu-azad-etmeye-cagirir.html\" target=\"_blank\" rel=\"noreferrer noopener\">bildirmi\u015fdil\u0259r.<\/a><\/p>\n\n\n\n<p>Bundan \u0259lav\u0259, AB\u015e Konqresinin Qlobal \u0130nsan H\u00fcquqlar\u0131 alt komit\u0259sinin s\u0259dri Tom Lantos v\u0259 \u0130nsan Haqlar\u0131 Komissiyas\u0131n\u0131n h\u0259ms\u0259dri olan Kristofer Smit Az\u0259rbaycan Prezidenti \u0130lham \u018fliyevi iqtisad\u00e7\u0131 Qubad \u0130bado\u011flunu azad etm\u0259y\u0259 <a href=\"https:\/\/www.meydan.tv\/az\/article\/abs-konqresinden-qubad-ibadoglu-ile-bagli-cagiris\/\" target=\"_blank\" rel=\"noreferrer noopener\">\u00e7a\u011f\u0131r\u0131b.<\/a><\/p>\n\n\n\n<p>Qubad \u0130bado\u011flu iyulun 23-d\u0259 saxlan\u0131l\u0131b, ert\u0259si g\u00fcn N\u0259rimanov Rayon M\u0259hk\u0259m\u0259sind\u0259 onun bar\u0259sind\u0259 ilkin istintaq d\u00f6vr\u00fc \u00fc\u00e7\u00fcn 3 ay 26 g\u00fcnl\u00fck h\u0259bs q\u0259timkan t\u0259dbiri se\u00e7ilib.<\/p>\n\n\n\n<p>Ona qar\u015f\u0131 Cinay\u0259t M\u0259c\u0259ll\u0259sinin 204.3.1 ( saxta pul v\u0259 ya qiym\u0259tli ka\u011f\u0131zlar haz\u0131rlama, \u0259ld\u0259 etm\u0259 v\u0259 ya satma m\u00fct\u0259\u015f\u0259kkil d\u0259st\u0259 t\u0259r\u0259find\u0259n t\u00f6r\u0259dildikd\u0259) madd\u0259si il\u0259 ittiham ir\u0259li s\u00fcr\u00fcl\u00fcb.<\/p>\n\n\n\n<p>ADR s\u0259dri daha d\u00f6rd n\u0259f\u0259rl\u0259 birlikd\u0259 ittiham olunur.<\/p>\n\n\n\n<p>Onlar\u0131n adlar\u0131 ilk d\u0259f\u0259 iyulun 23-d\u0259 T\u00fcrkiy\u0259 medias\u0131nda a\u00e7\u0131qlanm\u0131\u015fd\u0131.<\/p>\n\n\n\n<p>FET\u00d6 (F\u0259tullah G\u00fcl\u0259n Terror \u00d6rg\u00fct\u00fc) il\u0259 \u0259laq\u0259li \u015f\u0259xsl\u0259r kimi t\u0259qdim olunan bu d\u00f6rd n\u0259f\u0259r\u0259 qar\u015f\u0131 da Qubad \u0130bado\u011flu il\u0259 eyni \u2013 Cinay\u0259t M\u0259c\u0259ll\u0259sinin 204.3.1 madd\u0259si il\u0259 ittiham ir\u0259li s\u00fcr\u00fcl\u00fcb.<\/p>\n\n\n\n<p>S\u00f6z\u00fcged\u0259n d\u00f6rd n\u0259f\u0259r D\u00f6yr\u00fc\u015f C\u0259f\u0259rov, G\u00fcmrah \u018fbd\u00fcr\u0259hmanov, Ruslan \u018fliyev v\u0259 Anar \u018fliyevdir.<\/p>\n\n\n\n<p>Qubad \u0130bado\u011flu saxland\u0131qdan sonra yay\u0131lan m\u0259lumatlarda iddia olunurdu ki, Anar \u018fliyev ifad\u0259sind\u0259 onun ad\u0131n\u0131 \u00e7\u0259kib.<\/p>\n\n\n\n<p>Amma Qubad \u0130bado\u011flu \u00fcmumiyy\u0259tl\u0259, bu \u015f\u0259xsi tan\u0131mad\u0131\u011f\u0131n\u0131 deyib.<\/p>\n\n\n\n<p>Qubad \u0130bado\u011flunun ofisind\u0259, m\u0259nzilind\u0259, ba\u011f evind\u0259 axtar\u0131\u015flar apar\u0131l\u0131b.<\/p>\n\n\n\n<p>Ofisd\u0259n 40 min dollar pul tap\u0131ld\u0131\u011f\u0131, onun bir hiss\u0259sinin saxta oldu\u011fu iddia olunur.<\/p>\n\n\n\n<p>Lakin ADR s\u0259dri bildirib ki, h\u0259min pulun ona he\u00e7 bir aidiyy\u0259ti yoxdur.<\/p>\n\n\n\n<p>Qubad \u0130bado\u011flu axtar\u0131\u015fdan sonra m\u0259kandan \u00e7\u0131xar\u0131l\u0131b apar\u0131lark\u0259n siyasi sifari\u015fl\u0259 h\u0259bs olundu\u011funu bildirib.<\/p>\n\n\n\n<p>Bundan ba\u015fqa, avqustun 6-da T\u00fcrkiy\u0259d\u0259 ya\u015fayan v\u0259 orada universitetd\u0259 i\u015fl\u0259y\u0259n az\u0259rbaycanl\u0131 alim Fazil Qas\u0131mov saxlan\u0131laraq, Az\u0259rbaycana g\u0259tirilib.<\/p>\n\n\n\n<p>Avqustun 8-d\u0259 N\u0259rimanov Rayon M\u0259hk\u0259m\u0259sinin q\u0259rar\u0131yla onun haqq\u0131nda h\u0259bs q\u0259timkan t\u0259dbiri se\u00e7ilib.<\/p>\n\n\n\n<p>Ona qar\u015f\u0131 da eyni madd\u0259 il\u0259 ittiham ir\u0259li s\u00fcr\u00fcl\u00fcb.<\/p>\n","protected":false},"excerpt":{"rendered":"<p>T\u0259\u015fkilat\u0131n \u0130nsan H\u00fcquqlar\u0131 Ofisi ADR s\u0259dri il\u0259 ba\u011fl\u0131 h\u00f6kum\u0259t\u0259 \u00e7a\u011f\u0131r\u0131\u015f &#8230; <\/p>\n<p class=\"read-more-container\"><a title=\"BMT Qubad \u0130bado\u011flunun t\u0259cili azad olunmas\u0131n\u0131 ist\u0259yir\" class=\"read-more button\" href=\"https:\/\/www.meydan.tv\/az\/article\/bmt-qubad-ibadoglunun-tecili-azad-olunmasini-isteyir\/#more-282407\" aria-label=\"Read more about BMT Qubad \u0130bado\u011flunun t\u0259cili azad olunmas\u0131n\u0131 ist\u0259yir\">Davam\u0131<\/a><\/p>\n","protected":false},"author":8,"featured_media":282413,"comment_status":"closed","ping_status":"closed","sticky":false,"template":"","format":"standard","meta":{"_acf_changed":false,"_sitemap_exclude":false,"_sitemap_priority":"","_sitemap_frequency":"","footnotes":""},"categories":[59,79,56],"tags":[],"class_list":["post-282407","post","type-post","status-publish","format-standard","has-post-thumbnail","hentry","category-siyaset","category-featured","category-xeberler","infinite-scroll-item","generate-columns","tablet-grid-50","mobile-grid-100","grid-parent","grid-33","no-featured-image-padding"],"acf":[],"yoast_head":"<!-- This site is optimized with the Yoast SEO plugin v27.4 - https:\/\/yoast.com\/product\/yoast-seo-wordpress\/ -->\n<title>BMT Qubad \u0130bado\u011flunun t\u0259cili azad olunmas\u0131n\u0131 ist\u0259yir - MEYDAN.TV<\/title>\n<meta name=\"robots\" content=\"index, follow, max-snippet:-1, max-image-preview:large, max-video-preview:-1\" \/>\n<link rel=\"canonical\" href=\"https:\/\/www.meydan.tv\/az\/article\/bmt-qubad-ibadoglunun-tecili-azad-olunmasini-isteyir\/\" \/>\n<meta property=\"og:locale\" content=\"az_AZ\" \/>\n<meta property=\"og:type\" content=\"article\" \/>\n<meta property=\"og:title\" content=\"BMT Qubad \u0130bado\u011flunun t\u0259cili azad olunmas\u0131n\u0131 ist\u0259yir - MEYDAN.TV\" \/>\n<meta property=\"og:description\" content=\"T\u0259\u015fkilat\u0131n \u0130nsan H\u00fcquqlar\u0131 Ofisi ADR s\u0259dri il\u0259 ba\u011fl\u0131 h\u00f6kum\u0259t\u0259 \u00e7a\u011f\u0131r\u0131\u015f ... Davam\u0131\" \/>\n<meta property=\"og:url\" content=\"https:\/\/www.meydan.tv\/az\/article\/bmt-qubad-ibadoglunun-tecili-azad-olunmasini-isteyir\/\" \/>\n<meta property=\"og:site_name\" content=\"MEYDAN.TV\" \/>\n<meta property=\"article:published_time\" content=\"2023-08-16T15:48:44+00:00\" \/>\n<meta property=\"article:modified_time\" content=\"2023-08-16T15:48:48+00:00\" \/>\n<meta property=\"og:image\" content=\"https:\/\/www.meydan.tv\/wp-content\/uploads\/180605120412-un-human-rights-office.jpg\" \/>\n\t<meta property=\"og:image:width\" content=\"1200\" \/>\n\t<meta property=\"og:image:height\" content=\"800\" \/>\n\t<meta property=\"og:image:type\" content=\"image\/jpeg\" \/>\n<meta name=\"author\" content=\"elli\" \/>\n<meta name=\"twitter:card\" content=\"summary_large_image\" \/>\n<meta name=\"twitter:creator\" content=\"@elli\" \/>\n<script type=\"application\/ld+json\" class=\"yoast-schema-graph\">{\"@context\":\"https:\\\/\\\/schema.org\",\"@graph\":[{\"@type\":\"Article\",\"@id\":\"https:\\\/\\\/www.meydan.tv\\\/az\\\/article\\\/bmt-qubad-ibadoglunun-tecili-azad-olunmasini-isteyir\\\/#article\",\"isPartOf\":{\"@id\":\"https:\\\/\\\/www.meydan.tv\\\/az\\\/article\\\/bmt-qubad-ibadoglunun-tecili-azad-olunmasini-isteyir\\\/\"},\"author\":{\"name\":\"elli\",\"@id\":\"https:\\\/\\\/www.meydan.tv\\\/az\\\/#\\\/schema\\\/person\\\/9cdbecf90d17180ce1dfbd95b08dcf47\"},\"headline\":\"BMT Qubad \u0130bado\u011flunun t\u0259cili azad olunmas\u0131n\u0131 ist\u0259yir\",\"datePublished\":\"2023-08-16T15:48:44+00:00\",\"dateModified\":\"2023-08-16T15:48:48+00:00\",\"mainEntityOfPage\":{\"@id\":\"https:\\\/\\\/www.meydan.tv\\\/az\\\/article\\\/bmt-qubad-ibadoglunun-tecili-azad-olunmasini-isteyir\\\/\"},\"wordCount\":557,\"publisher\":{\"@id\":\"https:\\\/\\\/www.meydan.tv\\\/az\\\/#organization\"},\"image\":{\"@id\":\"https:\\\/\\\/www.meydan.tv\\\/az\\\/article\\\/bmt-qubad-ibadoglunun-tecili-azad-olunmasini-isteyir\\\/#primaryimage\"},\"thumbnailUrl\":\"https:\\\/\\\/www.meydan.tv\\\/wp-content\\\/uploads\\\/180605120412-un-human-rights-office.jpg\",\"articleSection\":[\"Siyas\u0259t\",\"T\u00f6vsiy\u0259\",\"X\u0259b\u0259rl\u0259r\"],\"inLanguage\":\"az\"},{\"@type\":\"WebPage\",\"@id\":\"https:\\\/\\\/www.meydan.tv\\\/az\\\/article\\\/bmt-qubad-ibadoglunun-tecili-azad-olunmasini-isteyir\\\/\",\"url\":\"https:\\\/\\\/www.meydan.tv\\\/az\\\/article\\\/bmt-qubad-ibadoglunun-tecili-azad-olunmasini-isteyir\\\/\",\"name\":\"BMT Qubad \u0130bado\u011flunun t\u0259cili azad olunmas\u0131n\u0131 ist\u0259yir - MEYDAN.TV\",\"isPartOf\":{\"@id\":\"https:\\\/\\\/www.meydan.tv\\\/az\\\/#website\"},\"primaryImageOfPage\":{\"@id\":\"https:\\\/\\\/www.meydan.tv\\\/az\\\/article\\\/bmt-qubad-ibadoglunun-tecili-azad-olunmasini-isteyir\\\/#primaryimage\"},\"image\":{\"@id\":\"https:\\\/\\\/www.meydan.tv\\\/az\\\/article\\\/bmt-qubad-ibadoglunun-tecili-azad-olunmasini-isteyir\\\/#primaryimage\"},\"thumbnailUrl\":\"https:\\\/\\\/www.meydan.tv\\\/wp-content\\\/uploads\\\/180605120412-un-human-rights-office.jpg\",\"datePublished\":\"2023-08-16T15:48:44+00:00\",\"dateModified\":\"2023-08-16T15:48:48+00:00\",\"breadcrumb\":{\"@id\":\"https:\\\/\\\/www.meydan.tv\\\/az\\\/article\\\/bmt-qubad-ibadoglunun-tecili-azad-olunmasini-isteyir\\\/#breadcrumb\"},\"inLanguage\":\"az\",\"potentialAction\":[{\"@type\":\"ReadAction\",\"target\":[\"https:\\\/\\\/www.meydan.tv\\\/az\\\/article\\\/bmt-qubad-ibadoglunun-tecili-azad-olunmasini-isteyir\\\/\"]}]},{\"@type\":\"ImageObject\",\"inLanguage\":\"az\",\"@id\":\"https:\\\/\\\/www.meydan.tv\\\/az\\\/article\\\/bmt-qubad-ibadoglunun-tecili-azad-olunmasini-isteyir\\\/#primaryimage\",\"url\":\"https:\\\/\\\/www.meydan.tv\\\/wp-content\\\/uploads\\\/180605120412-un-human-rights-office.jpg\",\"contentUrl\":\"https:\\\/\\\/www.meydan.tv\\\/wp-content\\\/uploads\\\/180605120412-un-human-rights-office.jpg\",\"width\":1200,\"height\":800,\"caption\":\"BMT \u0130nsan H\u00fcquqlar\u0131 Ofisi\"},{\"@type\":\"BreadcrumbList\",\"@id\":\"https:\\\/\\\/www.meydan.tv\\\/az\\\/article\\\/bmt-qubad-ibadoglunun-tecili-azad-olunmasini-isteyir\\\/#breadcrumb\",\"itemListElement\":[{\"@type\":\"ListItem\",\"position\":1,\"name\":\"Ana s\u0259hif\u0259\",\"item\":\"https:\\\/\\\/www.meydan.tv\\\/az\\\/\"},{\"@type\":\"ListItem\",\"position\":2,\"name\":\"Siyas\u0259t\",\"item\":\"https:\\\/\\\/www.meydan.tv\\\/az\\\/section\\\/siyaset\\\/\"},{\"@type\":\"ListItem\",\"position\":3,\"name\":\"BMT Qubad \u0130bado\u011flunun t\u0259cili azad olunmas\u0131n\u0131 ist\u0259yir\"}]},{\"@type\":\"WebSite\",\"@id\":\"https:\\\/\\\/www.meydan.tv\\\/az\\\/#website\",\"url\":\"https:\\\/\\\/www.meydan.tv\\\/az\\\/\",\"name\":\"MEYDAN.TV\",\"description\":\"Meydan TV Az\u0259rbaycan\u0131n media m\u0259kan\u0131ndak\u0131 alternativ s\u0259sidir\",\"publisher\":{\"@id\":\"https:\\\/\\\/www.meydan.tv\\\/az\\\/#organization\"},\"potentialAction\":[{\"@type\":\"SearchAction\",\"target\":{\"@type\":\"EntryPoint\",\"urlTemplate\":\"https:\\\/\\\/www.meydan.tv\\\/az\\\/?s={search_term_string}\"},\"query-input\":{\"@type\":\"PropertyValueSpecification\",\"valueRequired\":true,\"valueName\":\"search_term_string\"}}],\"inLanguage\":\"az\"},{\"@type\":\"Organization\",\"@id\":\"https:\\\/\\\/www.meydan.tv\\\/az\\\/#organization\",\"name\":\"Meydan TV\",\"url\":\"https:\\\/\\\/www.meydan.tv\\\/az\\\/\",\"logo\":{\"@type\":\"ImageObject\",\"inLanguage\":\"az\",\"@id\":\"https:\\\/\\\/www.meydan.tv\\\/az\\\/#\\\/schema\\\/logo\\\/image\\\/\",\"url\":\"https:\\\/\\\/www.meydan.tv\\\/wp-content\\\/uploads\\\/2021\\\/07\\\/meydan-logo.svg\",\"contentUrl\":\"https:\\\/\\\/www.meydan.tv\\\/wp-content\\\/uploads\\\/2021\\\/07\\\/meydan-logo.svg\",\"width\":195,\"height\":46,\"caption\":\"Meydan TV\"},\"image\":{\"@id\":\"https:\\\/\\\/www.meydan.tv\\\/az\\\/#\\\/schema\\\/logo\\\/image\\\/\"}},{\"@type\":\"Person\",\"@id\":\"https:\\\/\\\/www.meydan.tv\\\/az\\\/#\\\/schema\\\/person\\\/9cdbecf90d17180ce1dfbd95b08dcf47\",\"name\":\"elli\",\"sameAs\":[\"https:\\\/\\\/x.com\\\/elli\"]}]}<\/script>\n<!-- \/ Yoast SEO plugin. -->","yoast_head_json":{"title":"BMT Qubad \u0130bado\u011flunun t\u0259cili azad olunmas\u0131n\u0131 ist\u0259yir - MEYDAN.TV","robots":{"index":"index","follow":"follow","max-snippet":"max-snippet:-1","max-image-preview":"max-image-preview:large","max-video-preview":"max-video-preview:-1"},"canonical":"https:\/\/www.meydan.tv\/az\/article\/bmt-qubad-ibadoglunun-tecili-azad-olunmasini-isteyir\/","og_locale":"az_AZ","og_type":"article","og_title":"BMT Qubad \u0130bado\u011flunun t\u0259cili azad olunmas\u0131n\u0131 ist\u0259yir - MEYDAN.TV","og_description":"T\u0259\u015fkilat\u0131n \u0130nsan H\u00fcquqlar\u0131 Ofisi ADR s\u0259dri il\u0259 ba\u011fl\u0131 h\u00f6kum\u0259t\u0259 \u00e7a\u011f\u0131r\u0131\u015f ... Davam\u0131","og_url":"https:\/\/www.meydan.tv\/az\/article\/bmt-qubad-ibadoglunun-tecili-azad-olunmasini-isteyir\/","og_site_name":"MEYDAN.TV","article_published_time":"2023-08-16T15:48:44+00:00","article_modified_time":"2023-08-16T15:48:48+00:00","og_image":[{"width":1200,"height":800,"url":"https:\/\/www.meydan.tv\/wp-content\/uploads\/180605120412-un-human-rights-office.jpg","type":"image\/jpeg"}],"author":"elli","twitter_card":"summary_large_image","twitter_creator":"@elli","schema":{"@context":"https:\/\/schema.org","@graph":[{"@type":"Article","@id":"https:\/\/www.meydan.tv\/az\/article\/bmt-qubad-ibadoglunun-tecili-azad-olunmasini-isteyir\/#article","isPartOf":{"@id":"https:\/\/www.meydan.tv\/az\/article\/bmt-qubad-ibadoglunun-tecili-azad-olunmasini-isteyir\/"},"author":{"name":"elli","@id":"https:\/\/www.meydan.tv\/az\/#\/schema\/person\/9cdbecf90d17180ce1dfbd95b08dcf47"},"headline":"BMT Qubad \u0130bado\u011flunun t\u0259cili azad olunmas\u0131n\u0131 ist\u0259yir","datePublished":"2023-08-16T15:48:44+00:00","dateModified":"2023-08-16T15:48:48+00:00","mainEntityOfPage":{"@id":"https:\/\/www.meydan.tv\/az\/article\/bmt-qubad-ibadoglunun-tecili-azad-olunmasini-isteyir\/"},"wordCount":557,"publisher":{"@id":"https:\/\/www.meydan.tv\/az\/#organization"},"image":{"@id":"https:\/\/www.meydan.tv\/az\/article\/bmt-qubad-ibadoglunun-tecili-azad-olunmasini-isteyir\/#primaryimage"},"thumbnailUrl":"https:\/\/www.meydan.tv\/wp-content\/uploads\/180605120412-un-human-rights-office.jpg","articleSection":["Siyas\u0259t","T\u00f6vsiy\u0259","X\u0259b\u0259rl\u0259r"],"inLanguage":"az"},{"@type":"WebPage","@id":"https:\/\/www.meydan.tv\/az\/article\/bmt-qubad-ibadoglunun-tecili-azad-olunmasini-isteyir\/","url":"https:\/\/www.meydan.tv\/az\/article\/bmt-qubad-ibadoglunun-tecili-azad-olunmasini-isteyir\/","name":"BMT Qubad \u0130bado\u011flunun t\u0259cili azad olunmas\u0131n\u0131 ist\u0259yir - MEYDAN.TV","isPartOf":{"@id":"https:\/\/www.meydan.tv\/az\/#website"},"primaryImageOfPage":{"@id":"https:\/\/www.meydan.tv\/az\/article\/bmt-qubad-ibadoglunun-tecili-azad-olunmasini-isteyir\/#primaryimage"},"image":{"@id":"https:\/\/www.meydan.tv\/az\/article\/bmt-qubad-ibadoglunun-tecili-azad-olunmasini-isteyir\/#primaryimage"},"thumbnailUrl":"https:\/\/www.meydan.tv\/wp-content\/uploads\/180605120412-un-human-rights-office.jpg","datePublished":"2023-08-16T15:48:44+00:00","dateModified":"2023-08-16T15:48:48+00:00","breadcrumb":{"@id":"https:\/\/www.meydan.tv\/az\/article\/bmt-qubad-ibadoglunun-tecili-azad-olunmasini-isteyir\/#breadcrumb"},"inLanguage":"az","potentialAction":[{"@type":"ReadAction","target":["https:\/\/www.meydan.tv\/az\/article\/bmt-qubad-ibadoglunun-tecili-azad-olunmasini-isteyir\/"]}]},{"@type":"ImageObject","inLanguage":"az","@id":"https:\/\/www.meydan.tv\/az\/article\/bmt-qubad-ibadoglunun-tecili-azad-olunmasini-isteyir\/#primaryimage","url":"https:\/\/www.meydan.tv\/wp-content\/uploads\/180605120412-un-human-rights-office.jpg","contentUrl":"https:\/\/www.meydan.tv\/wp-content\/uploads\/180605120412-un-human-rights-office.jpg","width":1200,"height":800,"caption":"BMT \u0130nsan H\u00fcquqlar\u0131 Ofisi"},{"@type":"BreadcrumbList","@id":"https:\/\/www.meydan.tv\/az\/article\/bmt-qubad-ibadoglunun-tecili-azad-olunmasini-isteyir\/#breadcrumb","itemListElement":[{"@type":"ListItem","position":1,"name":"Ana s\u0259hif\u0259","item":"https:\/\/www.meydan.tv\/az\/"},{"@type":"ListItem","position":2,"name":"Siyas\u0259t","item":"https:\/\/www.meydan.tv\/az\/section\/siyaset\/"},{"@type":"ListItem","position":3,"name":"BMT Qubad \u0130bado\u011flunun t\u0259cili azad olunmas\u0131n\u0131 ist\u0259yir"}]},{"@type":"WebSite","@id":"https:\/\/www.meydan.tv\/az\/#website","url":"https:\/\/www.meydan.tv\/az\/","name":"MEYDAN.TV","description":"Meydan TV Az\u0259rbaycan\u0131n media m\u0259kan\u0131ndak\u0131 alternativ s\u0259sidir","publisher":{"@id":"https:\/\/www.meydan.tv\/az\/#organization"},"potentialAction":[{"@type":"SearchAction","target":{"@type":"EntryPoint","urlTemplate":"https:\/\/www.meydan.tv\/az\/?s={search_term_string}"},"query-input":{"@type":"PropertyValueSpecification","valueRequired":true,"valueName":"search_term_string"}}],"inLanguage":"az"},{"@type":"Organization","@id":"https:\/\/www.meydan.tv\/az\/#organization","name":"Meydan TV","url":"https:\/\/www.meydan.tv\/az\/","logo":{"@type":"ImageObject","inLanguage":"az","@id":"https:\/\/www.meydan.tv\/az\/#\/schema\/logo\/image\/","url":"https:\/\/www.meydan.tv\/wp-content\/uploads\/2021\/07\/meydan-logo.svg","contentUrl":"https:\/\/www.meydan.tv\/wp-content\/uploads\/2021\/07\/meydan-logo.svg","width":195,"height":46,"caption":"Meydan TV"},"image":{"@id":"https:\/\/www.meydan.tv\/az\/#\/schema\/logo\/image\/"}},{"@type":"Person","@id":"https:\/\/www.meydan.tv\/az\/#\/schema\/person\/9cdbecf90d17180ce1dfbd95b08dcf47","name":"elli","sameAs":["https:\/\/x.com\/elli"]}]}},"_links":{"self":[{"href":"https:\/\/www.meydan.tv\/az\/wp-json\/wp\/v2\/posts\/282407","targetHints":{"allow":["GET"]}}],"collection":[{"href":"https:\/\/www.meydan.tv\/az\/wp-json\/wp\/v2\/posts"}],"about":[{"href":"https:\/\/www.meydan.tv\/az\/wp-json\/wp\/v2\/types\/post"}],"author":[{"embeddable":true,"href":"https:\/\/www.meydan.tv\/az\/wp-json\/wp\/v2\/users\/8"}],"replies":[{"embeddable":true,"href":"https:\/\/www.meydan.tv\/az\/wp-json\/wp\/v2\/comments?post=282407"}],"version-history":[{"count":3,"href":"https:\/\/www.meydan.tv\/az\/wp-json\/wp\/v2\/posts\/282407\/revisions"}],"predecessor-version":[{"id":282429,"href":"https:\/\/www.meydan.tv\/az\/wp-json\/wp\/v2\/posts\/282407\/revisions\/282429"}],"wp:featuredmedia":[{"embeddable":true,"href":"https:\/\/www.meydan.tv\/az\/wp-json\/wp\/v2\/media\/282413"}],"wp:attachment":[{"href":"https:\/\/www.meydan.tv\/az\/wp-json\/wp\/v2\/media?parent=282407"}],"wp:term":[{"taxonomy":"category","embeddable":true,"href":"https:\/\/www.meydan.tv\/az\/wp-json\/wp\/v2\/categories?post=282407"},{"taxonomy":"post_tag","embeddable":true,"href":"https:\/\/www.meydan.tv\/az\/wp-json\/wp\/v2\/tags?post=282407"}],"curies":[{"name":"wp","href":"https:\/\/api.w.org\/{rel}","templated":true}]}}