{"id":282399,"date":"2023-08-16T19:43:40","date_gmt":"2023-08-16T15:43:40","guid":{"rendered":"https:\/\/www.meydan.tv\/?p=282399"},"modified":"2023-08-16T20:12:55","modified_gmt":"2023-08-16T16:12:55","slug":"siyasi-partiyalar-da-cerimelenecek-eliyev-qanuna-deyisiklikleri-tesdiqledi","status":"publish","type":"post","link":"https:\/\/www.meydan.tv\/az\/article\/siyasi-partiyalar-da-cerimelenecek-eliyev-qanuna-deyisiklikleri-tesdiqledi\/","title":{"rendered":"Siyasi partiyalar da c\u0259rim\u0259l\u0259n\u0259c\u0259k: \u018fliyev qanuna d\u0259yi\u015fiklikl\u0259ri t\u0259sdiql\u0259di"},"content":{"rendered":"\n<p><\/p>\n\n\n\n<p><strong><em>&#8220;Hakimiyy\u0259t partiyalar\u0131n xarici siyasi f\u0259aliyy\u0259tini n\u0259zar\u0259t\u0259 g\u00f6t\u00fcrm\u0259k ist\u0259yir&#8221;<\/em><\/strong><\/p>\n\n\n\n<p>Az\u0259rbaycanda siyasi partiyalar haqq\u0131nda qanunvericiliyin pozulmas\u0131na g\u00f6r\u0259 yeni c\u0259rim\u0259l\u0259r m\u00fc\u0259yy\u0259nl\u0259\u015fib.<\/p>\n\n\n\n<p>Prezident \u0130lham \u018fliyev bununla ba\u011fl\u0131 avqustun 16-da \u0130nzibati X\u0259talar M\u0259c\u0259ll\u0259sin\u0259 d\u0259yi\u015fiklik edilm\u0259si haqq\u0131nda qanunu<a href=\"https:\/\/president.az\/az\/articles\/view\/60845\" target=\"_blank\" rel=\"noreferrer noopener\"> imzalay\u0131b<\/a>.<\/p>\n\n\n\n<p>D\u0259yi\u015fikliy\u0259 \u0259sas\u0259n, Az\u0259rbaycanda xarici d\u00f6vl\u0259tl\u0259rin siyasi partiyalar\u0131n\u0131n, habel\u0259 onlar\u0131n b\u00f6lm\u0259l\u0259rinin v\u0259 t\u0259\u015fkilatlar\u0131n\u0131n t\u0259sis edilm\u0259sin\u0259 v\u0259 ya f\u0259aliyy\u0259tin\u0259 g\u00f6r\u0259 fiziki \u015f\u0259xsl\u0259r 700 manatdan 1000 manatad\u0259k, v\u0259zif\u0259li \u015f\u0259xsl\u0259r is\u0259 1 500 manatdan 2 000 manatad\u0259k, h\u00fcquqi \u015f\u0259xsl\u0259r is\u0259 6 000 manatdan 8 000 manatad\u0259k c\u0259rim\u0259 olunacaq.<\/p>\n\n\n\n<p>Eyni zamanda, partiyan\u0131n s\u0259lahiyy\u0259t m\u00fcdd\u0259ti bitmi\u015f orqanlar\u0131 (struktur qurumlar\u0131) t\u0259r\u0259find\u0259n partiyan\u0131n f\u0259aliyy\u0259ti il\u0259 \u0259laq\u0259dar h\u0259r hans\u0131 h\u0259r\u0259k\u0259tl\u0259rin edilm\u0259sin\u0259, o c\u00fcml\u0259d\u0259n q\u0259rarlar\u0131n q\u0259bul edilm\u0259sin\u0259 v\u0259 ya s\u0259n\u0259dl\u0259rin imzalanmas\u0131na g\u00f6r\u0259 fiziki \u015f\u0259xsl\u0259r 700 manatdan 1 000 manatad\u0259k m\u0259bl\u0259\u011fd\u0259 c\u0259rim\u0259l\u0259n\u0259c\u0259k.<\/p>\n\n\n\n<p>H\u0259m\u00e7inin partiya \u00fczvl\u0259rinin reyestrind\u0259 ba\u015f vermi\u015f sonrak\u0131 d\u0259yi\u015fiklikl\u0259r bar\u0259d\u0259 &#8220;Siyasi partiyalar haqq\u0131nda&#8221; Qanunla m\u00fc\u0259yy\u0259n edil\u0259n m\u00fcdd\u0259td\u0259 m\u00fcvafiq icra hakimiyy\u0259tinin m\u00fc\u0259yy\u0259n etdiyi orqana (quruma) m\u0259lumat\u0131n t\u0259qdim edilm\u0259m\u0259sin\u0259 g\u00f6r\u0259 v\u0259zif\u0259li \u015f\u0259xsl\u0259r 1 000 manatdan 1 500 manatad\u0259k, h\u00fcquqi \u015f\u0259xsl\u0259r is\u0259 2 000 manatdan 3 000 manatad\u0259k c\u0259rim\u0259 olunacaq:<\/p>\n\n\n\n<p><em>&#8220;\u0130ctimai-siyasi n\u0259\u015frl\u0259rin, dig\u0259r t\u0259bli\u011fat v\u0259 t\u0259\u015fviqat materiallar\u0131n\u0131n haz\u0131rlanmas\u0131 v\u0259 sat\u0131\u015f\u0131 istisna olmaqla, siyasi partiyan\u0131n sahibkarl\u0131q f\u0259aliyy\u0259tinin dig\u0259r n\u00f6vl\u0259ri il\u0259 m\u0259\u015f\u011ful olmas\u0131na g\u00f6r\u0259 inzibati x\u0259ta n\u0259tic\u0259sind\u0259 vurulan ziyan\u0131n (\u0259ld\u0259 edilmi\u015f g\u0259lirin) 2 mislind\u0259n 4 mislin\u0259d\u0259k miqdarda c\u0259rim\u0259 edil\u0259c\u0259k. Partiya t\u0259r\u0259find\u0259n d\u00f6vl\u0259t orqanlar\u0131n\u0131n (qurumlar\u0131n\u0131n), yerli \u00f6z\u00fcn\u00fcidar\u0259etm\u0259 orqanlar\u0131n\u0131n, v\u0259zif\u0259li \u015f\u0259xsl\u0259rin f\u0259aliyy\u0259tin\u0259, h\u0259m\u00e7inin dig\u0259r \u015f\u0259xsl\u0259rin sahibkarl\u0131q f\u0259aliyy\u0259tin\u0259 m\u00fcdaxil\u0259 edilm\u0259sin\u0259 g\u00f6r\u0259 v\u0259zif\u0259li \u015f\u0259xsl\u0259r 1 000 manatdan 1 500 manatad\u0259k m\u0259bl\u0259\u011fd\u0259, h\u00fcquqi \u015f\u0259xsl\u0259r 3 000 manatdan 5 000 manatad\u0259k m\u0259bl\u0259\u011fd\u0259 c\u0259rim\u0259 olunacaq&#8221;.<\/em><\/p>\n\n\n\n<p>Bundan \u0259lav\u0259 g\u00f6st\u0259rilir ki, partiyan\u0131n dig\u0259r \u00f6lk\u0259l\u0259rin siyasi partiyalar\u0131 il\u0259 sazi\u015fin ba\u011flanmas\u0131 v\u0259 ya siyasi partiyalar\u0131n beyn\u0259lxalq ittifaqlar\u0131na \u00fczvl\u00fcy\u0259 daxil olmas\u0131 bar\u0259d\u0259 &#8220;Siyasi partiyalar haqq\u0131nda&#8221; Qanunla m\u00fc\u0259yy\u0259n edilmi\u015f m\u00fcdd\u0259td\u0259 m\u00fcvafiq icra hakimiyy\u0259ti orqan\u0131n\u0131n m\u00fc\u0259yy\u0259n etdiyi orqana (quruma) m\u0259lumat verm\u0259m\u0259sin\u0259 g\u00f6r\u0259 v\u0259zif\u0259li \u015f\u0259xsl\u0259r 500 manatdan 700 manatad\u0259k, h\u00fcquqi \u015f\u0259xsl\u0259r is\u0259 1 500 manatdan 2 000 manatad\u0259k c\u0259rim\u0259 edil\u0259c\u0259k:<\/p>\n\n\n\n<p><em>&#8220;Partiyan\u0131n &#8220;Siyasi partiyalar haqq\u0131nda&#8221; Qanunun t\u0259l\u0259bl\u0259rini pozmaqla q\u0259bul etdiyi ian\u0259ni h\u0259min qanunla m\u00fc\u0259yy\u0259n edilmi\u015f m\u00fcdd\u0259td\u0259 geri qaytarmamas\u0131na, bu m\u00fcmk\u00fcn olmad\u0131\u011f\u0131 halda is\u0259 onu d\u00f6vl\u0259t b\u00fcdc\u0259sin\u0259 k\u00f6\u00e7\u00fcrm\u0259m\u0259sin\u0259 g\u00f6r\u0259 inzibati x\u0259tan\u0131n bilavasit\u0259 obyekti olmu\u015f ian\u0259 m\u0259bl\u0259\u011finin 60 faizind\u0259n 80 faizin\u0259d\u0259k m\u0259bl\u0259\u011fd\u0259 c\u0259rim\u0259 olunacaq&#8221;.<\/em><\/p>\n\n\n\n<p><strong>&#8220;Hakimiyy\u0259t partiyalar\u0131n xarici siyasi f\u0259aliyy\u0259tini d\u0259 m\u0259hdudla\u015fd\u0131rmaq ist\u0259yir&#8221;<\/strong><\/p>\n\n\n\n<p>D\u0259yi\u015fiklikl\u0259ri Meydan TV-y\u0259 \u015f\u0259rh ed\u0259n M\u00fcsavat Partiyas\u0131n\u0131n ba\u015fqan\u0131 Arif Hac\u0131l\u0131 deyib ki, bu, \u00f6lk\u0259d\u0259 &#8220;Siyasi partiyalar haqq\u0131nda&#8221; Qanunla m\u0259hdudla\u015fd\u0131r\u0131lan siyasi r\u0259qab\u0259t m\u00fchitini daha da a\u011f\u0131rla\u015fd\u0131racaq.<\/p>\n\n\n\n<p>Arif Hac\u0131l\u0131n\u0131n s\u00f6zl\u0259rin\u0259 g\u00f6r\u0259, \u0259lav\u0259 v\u0259 d\u0259yi\u015fiklikl\u0259r icra hakimiyy\u0259tin\u0259 siyasi partiyalar\u0131 daim n\u0259zar\u0259t alt\u0131nda saxlamaq imkan\u0131 verir:<\/p>\n\n\n<div class=\"wp-block-image\">\n<figure class=\"aligncenter size-large\"><img decoding=\"async\" width=\"1200\" height=\"800\" data-src=\"https:\/\/www.meydan.tv\/wp-content\/uploads\/arif_hacili-1200x800.jpg\" alt=\"Arif Hac\u0131l\u0131\" class=\"wp-image-210091 lazyload\" src=\"data:image\/svg+xml;base64,PHN2ZyB3aWR0aD0iMSIgaGVpZ2h0PSIxIiB4bWxucz0iaHR0cDovL3d3dy53My5vcmcvMjAwMC9zdmciPjwvc3ZnPg==\" style=\"--smush-placeholder-width: 1200px; --smush-placeholder-aspect-ratio: 1200\/800;\" \/><figcaption class=\"wp-element-caption\">Foto: Meydan TV<\/figcaption><\/figure>\n<\/div>\n\n\n<p><em>&#8220;Eyni zamanda, hakimiyy\u0259t bununla ist\u0259nil\u0259n vaxt partiyalar\u0131 y\u00fcks\u0259k c\u0259rim\u0259 etm\u0259k v\u0259 qapatmaq \u00fc\u00e7\u00fcn \u0259lav\u0259 r\u0131\u00e7aqlar \u0259ld\u0259 edir. Hakimiyy\u0259t siyasi partiyalar\u0131n daxili siyasi h\u0259yat\u0131 il\u0259 yana\u015f\u0131, xarici siyasi f\u0259aliyy\u0259tini d\u0259 m\u0259hdudla\u015fd\u0131rmaq ist\u0259yir. Faktiki olaraq, qanun partiyalar\u0131n h\u0259m \u00f6lk\u0259 daxilind\u0259, h\u0259m d\u0259 xaricind\u0259 apard\u0131\u011f\u0131 siyas\u0259tin hakimiyy\u0259tin n\u0259zar\u0259ti alt\u0131na ke\u00e7m\u0259sini h\u0259d\u0259fl\u0259yib&#8221;<\/em>.<\/p>\n\n\n\n<p><em>&#8220;D\u0259yi\u015fiklikl\u0259r mahiyy\u0259tc\u0259 m\u00fcrt\u0259ce xarakter da\u015f\u0131y\u0131r v\u0259 \u00f6lk\u0259d\u0259 avtoritar idar\u0259\u00e7ilik sistemini daha da s\u0259rtl\u0259\u015fdirm\u0259k m\u0259qs\u0259di g\u00fcd\u00fcr&#8221;, <\/em>&#8211; dey\u0259 Hac\u0131l\u0131 fikrini tamamlay\u0131b.<\/p>\n\n\n\n<p><strong>&#8220;\u0130nzibati X\u0259talar M\u0259c\u0259ll\u0259sin\u0259 edil\u0259n d\u0259yi\u015fiklikl\u0259r partiyalar\u0131n durumunu yax\u015f\u0131la\u015fd\u0131rm\u0131r&#8221;<\/strong><\/p>\n\n\n\n<p>Milli \u0130stiqlal Partiyas\u0131n\u0131n M\u0259rk\u0259zi \u015euras\u0131n\u0131n s\u0259dri R\u0259\u015fad Bayramov is\u0259 deyir ki, d\u0259yi\u015fiklikl\u0259rd\u0259 qanundan sui-istifad\u0259y\u0259 imkan yoxdur:<\/p>\n\n\n\n<p><em>&#8220;Qanunda q\u0259ti \u015f\u0259kild\u0259 g\u00f6st\u0259rilib ki, hans\u0131 hallarda c\u0259rim\u0259l\u0259r t\u0259tbiq olunur. \u018fg\u0259r partiya qeydiyyatda olmaya-olmaya f\u0259aliyy\u0259tl\u0259 m\u0259\u015f\u011ful olursa, qada\u011fand\u0131r. Yaxud ba\u015fqa bir partiyan\u0131n nizamnam\u0259y\u0259 \u0259sas\u0259n yeni se\u00e7kili qurumlar\u0131 se\u00e7ilmirs\u0259, bu, qanun pozuntusu elan olunur&#8221;.<\/em><\/p>\n\n\n\n<p>Amma o, yeni qanunun onsuz da a\u011f\u0131r v\u0259ziyy\u0259td\u0259 olan partiyalar \u00fc\u00e7\u00fcn \u0259lav\u0259 probleml\u0259r yaradaca\u011f\u0131n\u0131 d\u00fc\u015f\u00fcn\u00fcr:<\/p>\n\n\n<div class=\"wp-block-image\">\n<figure class=\"aligncenter size-full\"><img decoding=\"async\" width=\"1200\" height=\"800\" data-src=\"https:\/\/www.meydan.tv\/wp-content\/uploads\/untitled-design-2-135.jpg\" alt=\"\" class=\"wp-image-282400 lazyload\" src=\"data:image\/svg+xml;base64,PHN2ZyB3aWR0aD0iMSIgaGVpZ2h0PSIxIiB4bWxucz0iaHR0cDovL3d3dy53My5vcmcvMjAwMC9zdmciPjwvc3ZnPg==\" style=\"--smush-placeholder-width: 1200px; --smush-placeholder-aspect-ratio: 1200\/800;\" \/><figcaption class=\"wp-element-caption\">R\u0259\u015fad Bayramov. Foto: R.Bayramovun \u015f\u0259xsi arxivind\u0259n <\/figcaption><\/figure>\n<\/div>\n\n\n<p>&#8220;<em>H\u0259m &#8220;Siyasi partiyalar haqq\u0131nda&#8221; Qanun, h\u0259m d\u0259 \u0130nzibati X\u0259talar M\u0259c\u0259ll\u0259sin\u0259 edil\u0259n d\u0259yi\u015fiklikl\u0259r partiyalar\u0131n durumunu yax\u015f\u0131la\u015fd\u0131rm\u0131r. Bu g\u00fcn partiyalar\u0131n maliyy\u0259 imkanlar\u0131 m\u0259lumdur, yaln\u0131z parlamentd\u0259 olan partiyalar d\u00f6vl\u0259td\u0259n maliyy\u0259l\u0259\u015fir. Yaxud sabah h\u0259r hans\u0131 partiyan\u0131n se\u00e7kili qurumlar\u0131n\u0131n nizamnam\u0259 \u0259sas\u0131nda vaxt\u0131 bitibs\u0259, yeni qurultay ke\u00e7irm\u0259lidir, amma yer ayr\u0131lm\u0131rsa, c\u0259rim\u0259l\u0259n\u0259c\u0259k. Ona g\u00f6r\u0259 partiya m\u0259cburdur ki, \u00f6z\u0259l sektordan pul g\u00f6t\u00fcr\u00fcb t\u0259dbirini ke\u00e7irsin. Bundan sonra bu kimi m\u0259s\u0259l\u0259l\u0259r\u0259 ciddi yana\u015f\u0131lacaq, \u00e7\u00fcnki maliyy\u0259 intizam\u0131 ortaya \u00e7\u0131xacaq&#8221;.<\/em><\/p>\n\n\n\n<p><strong><em>&#8220;<\/em>Qanun da, d\u0259yi\u015fiklikl\u0259r d\u0259 m\u00fcrt\u0259ce idi&#8221;<\/strong><\/p>\n\n\n\n<p>REAl Partiyas\u0131n\u0131n Siyasi Komit\u0259sinin \u00fczv\u00fc, deputat Erkin Q\u0259dirli d\u0259 d\u0259yi\u015fiklikl\u0259ri m\u00fcrt\u0259ce say\u0131r.<\/p>\n\n\n\n<p>&#8220;<em>M\u0259n iyun ay\u0131nda Parlamentd\u0259 partiyalar haqq\u0131nda qanunvericiliyin pozulmas\u0131na g\u00f6r\u0259 yeni c\u0259rim\u0259l\u0259r n\u0259z\u0259rd\u0259 tutan d\u0259yi\u015fiklikl\u0259rin d\u0259 \u0259leyhin\u0259 s\u0259s vermi\u015f\u0259m. \u00c7\u00fcnki &#8220;Siyasi partiyalar haqq\u0131nda&#8221; Qanunun \u0259leyhin\u0259 III oxunu\u015fda s\u0259s vermi\u015fdim, qanunu m\u00fcrt\u0259ce saym\u0131\u015fd\u0131m. Ona g\u00f6r\u0259 d\u0259 d\u00fc\u015f\u00fcn\u00fcr\u0259m ki, \u0130nzibati X\u0259talar M\u0259c\u0259ll\u0259sin\u0259 d\u0259yi\u015fiklik edilm\u0259si d\u0259 m\u00fcrt\u0259ce d\u0259yi\u015fiklikdir. Bu h\u0259m partiyalar, h\u0259m t\u0259sis\u00e7il\u0259ri, h\u0259m d\u0259 ayr\u0131-ayr\u0131 \u015f\u0259xsl\u0259rin f\u0259aliyy\u0259tin\u0259 m\u00fcdaxil\u0259l\u0259r\u0259 s\u0259b\u0259b olacaq&#8221;, <\/em>&#8211; dey\u0259 deputat bildirib.<\/p>\n\n\n<div class=\"wp-block-image\">\n<figure class=\"aligncenter size-full is-resized\"><img decoding=\"async\" data-src=\"https:\/\/www.meydan.tv\/wp-content\/uploads\/22143.jpg\" alt=\"Erkin Q\u0259dirli\" class=\"wp-image-114957 lazyload\" width=\"800\" height=\"534\" src=\"data:image\/svg+xml;base64,PHN2ZyB3aWR0aD0iMSIgaGVpZ2h0PSIxIiB4bWxucz0iaHR0cDovL3d3dy53My5vcmcvMjAwMC9zdmciPjwvc3ZnPg==\" style=\"--smush-placeholder-width: 800px; --smush-placeholder-aspect-ratio: 800\/534;\" \/><figcaption class=\"wp-element-caption\">Foto: Meydan TV<\/figcaption><\/figure>\n<\/div>\n\n\n<p><strong>&#8220;Qanun b\u00fct\u00fcn partiyalara eyni qaydada t\u0259tbiq olunarsa, \u00f6lk\u0259d\u0259 partiyalar\u0131n ad\u0131 qalacaq&#8221;<\/strong><\/p>\n\n\n\n<p>H\u00fcquq\u015f\u00fcnas Hafiz H\u0259s\u0259nov \u0130nzibati X\u0259talar M\u0259c\u0259ll\u0259sin\u0259 edil\u0259n d\u0259yi\u015fiklikl\u0259rin &#8220;Siyasi partiyalar haqq\u0131nda&#8221; Qanunun mahiyy\u0259tind\u0259n ir\u0259li g\u0259ldiyi q\u0259na\u0259tind\u0259dir:<\/p>\n\n\n\n<p><em>&#8220;M\u00fcvafiq qanunda hans\u0131 qada\u011falar v\u0259 m\u0259hdudiyy\u0259tl\u0259r n\u0259z\u0259rd\u0259 tutulmu\u015fdusa, \u0130nzibati X\u0259talar M\u0259c\u0259ll\u0259sin\u0259 edil\u0259n d\u0259yi\u015fiklikl\u0259rd\u0259 d\u0259 buna uy\u011fun m\u00fc\u0259yy\u0259n olunub&#8221;.<\/em><\/p>\n\n\n\n<p>O hesab edir ki, bu q\u0259d\u0259r d\u0259 m\u0259suliyy\u0259t t\u0259dbirl\u0259rinin n\u0259z\u0259rd\u0259 tutulmas\u0131 birba\u015fa Konstitusiyada v\u0259t\u0259nda\u015flar\u0131n birl\u0259\u015fm\u0259k h\u00fcquqlar\u0131n\u0131n, siyasi pl\u00fcralizminin m\u0259hdudla\u015fd\u0131r\u0131lmas\u0131d\u0131r:<\/p>\n\n\n\n<p><em>&#8220;Bunlar \u00f6lk\u0259nin siyasi sistemi \u00fc\u00e7\u00fcn yax\u015f\u0131 he\u00e7 n\u0259 v\u0259d etmir. \u018fksin\u0259, &#8220;Siyasi partiyalar haqq\u0131nda&#8221; Qanunun pozulmas\u0131na g\u00f6r\u0259 t\u0259nbeh v\u0259 c\u0259rim\u0259l\u0259r n\u0259tic\u0259 etibar\u0131 il\u0259 geriy\u0259 add\u0131md\u0131r. M\u00fcvafiq qanunda v\u0259 m\u0259lum d\u0259yi\u015fiklikl\u0259rd\u0259 Konstitusiyada b\u0259yan olunan demokratik h\u00fcquqi prinsipl\u0259r\u0259 zidd m\u0259s\u0259l\u0259l\u0259r \u0259ksini tap\u0131b. \u018fslind\u0259, h\u0259r add\u0131ma g\u00f6r\u0259, partiyan\u0131n maliyy\u0259, \u00fczvl\u0259rin f\u0259aliyy\u0259ti, say\u0131, xarici \u00f6lk\u0259l\u0259r\u0259 \u00e7\u0131x\u0131\u015f\u0131 haqda, yaxud \u0259m\u0259kda\u015fl\u0131qlar\u0131 v\u0259 sazi\u015fl\u0259r ba\u011flamas\u0131na m\u0259hdudiyy\u0259tl\u0259r m\u00fc\u0259yy\u0259n olunmas\u0131 art\u0131q m\u00fcdaxil\u0259 imkanlar\u0131na yol a\u00e7acaq. Sanki partiyalara dar \u00e7\u0259r\u00e7iv\u0259d\u0259 c\u0131z\u0131lm\u0131\u015f dair\u0259d\u0259 f\u0259aliyy\u0259t\u0259 g\u00f6st\u0259rm\u0259k imkan\u0131 yarad\u0131rlar&#8221;.<\/em><\/p>\n\n\n<div class=\"wp-block-image\">\n<figure class=\"aligncenter size-full\"><img decoding=\"async\" width=\"1200\" height=\"675\" data-src=\"https:\/\/www.meydan.tv\/wp-content\/uploads\/283833842_10159868473221764_6023324702885767109_n.jpg\" alt=\"\" class=\"wp-image-246110 lazyload\" src=\"data:image\/svg+xml;base64,PHN2ZyB3aWR0aD0iMSIgaGVpZ2h0PSIxIiB4bWxucz0iaHR0cDovL3d3dy53My5vcmcvMjAwMC9zdmciPjwvc3ZnPg==\" style=\"--smush-placeholder-width: 1200px; --smush-placeholder-aspect-ratio: 1200\/675;\" \/><figcaption class=\"wp-element-caption\">Hafiz H\u0259s\u0259nov. M\u0259nb\u0259: &#8220;Facebook&#8221;<\/figcaption><\/figure>\n<\/div>\n\n\n<p>Hafiz H\u0259s\u0259novun s\u00f6zl\u0259rin\u0259 g\u00f6r\u0259, qanun b\u00fct\u00fcn partiyalara eyni qaydada t\u0259tbiq olunarsa, \u00f6lk\u0259d\u0259 partiyalar\u0131n ad\u0131 qalacaq:<\/p>\n\n\n\n<p>&#8220;<em>\u00c7\u00fcnki s\u0259rt d\u00f6vl\u0259t n\u0259zar\u0259ti alt\u0131nda f\u0259aliyy\u0259t g\u00f6st\u0259rm\u0259k m\u00fcmk\u00fcns\u00fczd\u00fcr. H\u0259r add\u0131mda m\u00fcdaxil\u0259 olacaqsa, \u00f6lk\u0259d\u0259 pariyalar\u0131n normal f\u0259aliyy\u0259tini v\u0259 normal partiya institutunun formala\u015fmas\u0131na problem yaranacaq&#8221;.<\/em><\/p>\n\n\n\n<p>O g\u00fcman edir ki, m\u00fcvafiq qanun v\u0259 \u0130nzibati X\u0259talar M\u0259c\u0259ll\u0259sin\u0259 edil\u0259n d\u0259yi\u015fiklikl\u0259r partiyalar\u0131n \u0259sl mahiyy\u0259ti \u00fczr\u0259 m\u00f6vcudlu\u011funu aradan qald\u0131racaq:<\/p>\n\n\n\n<p>&#8220;<em>H\u0259l\u0259 d\u0259 gec deyil, ona g\u00f6r\u0259 qanunvericiliy\u0259 yenid\u0259n bax\u0131lmal\u0131, d\u00f6vl\u0259tin n\u00fcfuzuna z\u0259r\u0259r veril\u0259n add\u0131mlar aradan qald\u0131r\u0131lmald\u0131r&#8221;.<\/em><\/p>\n\n\n\n<p><strong>\u201cSiyasi partiyalar haqq\u0131nda\u201d Qanun n\u0259 vaxt q\u0259bul olunub?<\/strong><\/p>\n\n\n\n<p>2022-ci ilin dekabr\u0131nda Milli M\u0259clis \u201cSiyasi partiyalar haqq\u0131nda\u201d Qanunu III oxunu\u015fda q\u0259bul edib.<\/p>\n\n\n\n<p>Daxili v\u0259 xarici etirazlara r\u0259\u011fm\u0259n, Prezident \u0130lham \u018fliyev 2023-c\u00fc ilin yanvar\u0131nda qanunu t\u0259sdiql\u0259yib.<\/p>\n\n\n\n<p>Yeni qanunun naraz\u0131l\u0131q do\u011furan madd\u0259l\u0259ri s\u0131ras\u0131nda partiyalar\u0131n 5 min \u00fczv toplamas\u0131 v\u0259 onlar\u0131n h\u0259r birinin reyestrd\u0259n ke\u00e7irilm\u0259si x\u00fcsusi yer tutur.<\/p>\n\n\n\n<p>2022-ci ild\u0259 Az\u0259rbaycanda 59 siyasi partiya qeydiyyatda olub.<\/p>\n\n\n\n<p><strong>Hans\u0131 partiyalar burax\u0131l\u0131b?<\/strong><\/p>\n\n\n\n<p>Son bir ne\u00e7\u0259 ayda Az\u0259rbaycanda 30-dan \u00e7ox partiya \u00f6z\u00fcn\u00fc burax\u0131b.<\/p>\n\n\n\n<p>Bu s\u0131raya M\u00fcst\u0259qil Xalq Partiyas\u0131 (MXP), Az\u0259rbaycan Milli Demokrat Partiyas\u0131 (AMDP), Yeni Yol Partiyas\u0131, Az\u0259rbaycan Respublika\u00e7\u0131lar Partiyas\u0131, M\u00fcst\u0259qil Az\u0259rbaycan Partiyas\u0131, Az\u0259rbaycan Vahid Kommunist Partiyas\u0131, Az\u0259rbaycan Sosial Demokrat Partiyas\u0131 (ASDP), Az\u0259rbaycan Liberal Demokrat Partiyas\u0131 (ALDP), Milli V\u0259hd\u0259t Partiyas\u0131 (MVP), Az\u0259rbaycan Sosial Rifah Partiyas\u0131 (ASRP), Az\u0259rbaycan Namin\u0259 Alyans Partiyas\u0131 (ANAP), Az\u0259rbaycan T\u0259kam\u00fcl Partiyas\u0131, Birlik Partiyas\u0131, Ayd\u0131nlar Partiyas\u0131, Kommunist Partiyas\u0131, Vahid Az\u0259rbaycan Milli Birlik v\u0259 Az\u0259rbaycan Azad Respublika\u00e7\u0131lar Partiyas\u0131 v\u0259 dig\u0259rl\u0259ri daxildir.<\/p>\n\n\n\n<p>Meydan TV-y\u0259 daxil olan m\u0259lumata g\u00f6r\u0259, partiyalar\u0131n \u00e7oxu \u00f6z\u00fcnd\u0259n x\u0259b\u0259rsiz, Prezident Administrasiyas\u0131 t\u0259r\u0259find\u0259n burax\u0131l\u0131r.<\/p>\n\n\n\n<p>H\u0259min partiyalar\u0131n r\u0259hb\u0259rl\u0259ri is\u0259 bu bar\u0259d\u0259 m\u0259lumatlar\u0131 h\u00f6kum\u0259t\u0259 yax\u0131n media orqanlar\u0131ndan \u00f6yr\u0259nirl\u0259r.<\/p>\n","protected":false},"excerpt":{"rendered":"<p>&#8220;Hakimiyy\u0259t partiyalar\u0131n xarici siyasi f\u0259aliyy\u0259tini n\u0259zar\u0259t\u0259 g\u00f6t\u00fcrm\u0259k ist\u0259yir&#8221; Az\u0259rbaycanda siyasi &#8230; <\/p>\n<p class=\"read-more-container\"><a title=\"Siyasi partiyalar da c\u0259rim\u0259l\u0259n\u0259c\u0259k: \u018fliyev qanuna d\u0259yi\u015fiklikl\u0259ri t\u0259sdiql\u0259di\" class=\"read-more button\" href=\"https:\/\/www.meydan.tv\/az\/article\/siyasi-partiyalar-da-cerimelenecek-eliyev-qanuna-deyisiklikleri-tesdiqledi\/#more-282399\" aria-label=\"Read more about Siyasi partiyalar da c\u0259rim\u0259l\u0259n\u0259c\u0259k: \u018fliyev qanuna d\u0259yi\u015fiklikl\u0259ri t\u0259sdiql\u0259di\">Davam\u0131<\/a><\/p>\n","protected":false},"author":8,"featured_media":282403,"comment_status":"closed","ping_status":"closed","sticky":false,"template":"","format":"standard","meta":{"_acf_changed":false,"_sitemap_exclude":false,"_sitemap_priority":"","_sitemap_frequency":"","footnotes":""},"categories":[59,79,56],"tags":[],"class_list":["post-282399","post","type-post","status-publish","format-standard","has-post-thumbnail","hentry","category-siyaset","category-featured","category-xeberler","infinite-scroll-item","generate-columns","tablet-grid-50","mobile-grid-100","grid-parent","grid-33","no-featured-image-padding"],"acf":[],"yoast_head":"<!-- This site is optimized with the Yoast SEO plugin v27.4 - https:\/\/yoast.com\/product\/yoast-seo-wordpress\/ -->\n<title>Siyasi partiyalar da c\u0259rim\u0259l\u0259n\u0259c\u0259k: \u018fliyev qanuna d\u0259yi\u015fiklikl\u0259ri t\u0259sdiql\u0259di - MEYDAN.TV<\/title>\n<meta name=\"robots\" content=\"index, follow, max-snippet:-1, max-image-preview:large, max-video-preview:-1\" \/>\n<link rel=\"canonical\" href=\"https:\/\/www.meydan.tv\/az\/article\/siyasi-partiyalar-da-cerimelenecek-eliyev-qanuna-deyisiklikleri-tesdiqledi\/\" \/>\n<meta property=\"og:locale\" content=\"az_AZ\" \/>\n<meta property=\"og:type\" content=\"article\" \/>\n<meta property=\"og:title\" content=\"Siyasi partiyalar da c\u0259rim\u0259l\u0259n\u0259c\u0259k: \u018fliyev qanuna d\u0259yi\u015fiklikl\u0259ri t\u0259sdiql\u0259di - MEYDAN.TV\" \/>\n<meta property=\"og:description\" content=\"&#8220;Hakimiyy\u0259t partiyalar\u0131n xarici siyasi f\u0259aliyy\u0259tini n\u0259zar\u0259t\u0259 g\u00f6t\u00fcrm\u0259k ist\u0259yir&#8221; Az\u0259rbaycanda siyasi ... Davam\u0131\" \/>\n<meta property=\"og:url\" content=\"https:\/\/www.meydan.tv\/az\/article\/siyasi-partiyalar-da-cerimelenecek-eliyev-qanuna-deyisiklikleri-tesdiqledi\/\" \/>\n<meta property=\"og:site_name\" content=\"MEYDAN.TV\" \/>\n<meta property=\"article:published_time\" content=\"2023-08-16T15:43:40+00:00\" \/>\n<meta property=\"article:modified_time\" content=\"2023-08-16T16:12:55+00:00\" \/>\n<meta property=\"og:image\" content=\"https:\/\/www.meydan.tv\/wp-content\/uploads\/cerime-1.jpg\" \/>\n\t<meta property=\"og:image:width\" content=\"1200\" \/>\n\t<meta property=\"og:image:height\" content=\"730\" \/>\n\t<meta property=\"og:image:type\" content=\"image\/jpeg\" \/>\n<meta name=\"author\" content=\"elli\" \/>\n<meta name=\"twitter:card\" content=\"summary_large_image\" \/>\n<meta name=\"twitter:creator\" content=\"@elli\" \/>\n<script type=\"application\/ld+json\" class=\"yoast-schema-graph\">{\"@context\":\"https:\\\/\\\/schema.org\",\"@graph\":[{\"@type\":\"Article\",\"@id\":\"https:\\\/\\\/www.meydan.tv\\\/az\\\/article\\\/siyasi-partiyalar-da-cerimelenecek-eliyev-qanuna-deyisiklikleri-tesdiqledi\\\/#article\",\"isPartOf\":{\"@id\":\"https:\\\/\\\/www.meydan.tv\\\/az\\\/article\\\/siyasi-partiyalar-da-cerimelenecek-eliyev-qanuna-deyisiklikleri-tesdiqledi\\\/\"},\"author\":{\"name\":\"elli\",\"@id\":\"https:\\\/\\\/www.meydan.tv\\\/az\\\/#\\\/schema\\\/person\\\/9cdbecf90d17180ce1dfbd95b08dcf47\"},\"headline\":\"Siyasi partiyalar da c\u0259rim\u0259l\u0259n\u0259c\u0259k: \u018fliyev qanuna d\u0259yi\u015fiklikl\u0259ri t\u0259sdiql\u0259di\",\"datePublished\":\"2023-08-16T15:43:40+00:00\",\"dateModified\":\"2023-08-16T16:12:55+00:00\",\"mainEntityOfPage\":{\"@id\":\"https:\\\/\\\/www.meydan.tv\\\/az\\\/article\\\/siyasi-partiyalar-da-cerimelenecek-eliyev-qanuna-deyisiklikleri-tesdiqledi\\\/\"},\"wordCount\":1864,\"publisher\":{\"@id\":\"https:\\\/\\\/www.meydan.tv\\\/az\\\/#organization\"},\"image\":{\"@id\":\"https:\\\/\\\/www.meydan.tv\\\/az\\\/article\\\/siyasi-partiyalar-da-cerimelenecek-eliyev-qanuna-deyisiklikleri-tesdiqledi\\\/#primaryimage\"},\"thumbnailUrl\":\"https:\\\/\\\/www.meydan.tv\\\/wp-content\\\/uploads\\\/cerime-1.jpg\",\"articleSection\":[\"Siyas\u0259t\",\"T\u00f6vsiy\u0259\",\"X\u0259b\u0259rl\u0259r\"],\"inLanguage\":\"az\"},{\"@type\":\"WebPage\",\"@id\":\"https:\\\/\\\/www.meydan.tv\\\/az\\\/article\\\/siyasi-partiyalar-da-cerimelenecek-eliyev-qanuna-deyisiklikleri-tesdiqledi\\\/\",\"url\":\"https:\\\/\\\/www.meydan.tv\\\/az\\\/article\\\/siyasi-partiyalar-da-cerimelenecek-eliyev-qanuna-deyisiklikleri-tesdiqledi\\\/\",\"name\":\"Siyasi partiyalar da c\u0259rim\u0259l\u0259n\u0259c\u0259k: \u018fliyev qanuna d\u0259yi\u015fiklikl\u0259ri t\u0259sdiql\u0259di - MEYDAN.TV\",\"isPartOf\":{\"@id\":\"https:\\\/\\\/www.meydan.tv\\\/az\\\/#website\"},\"primaryImageOfPage\":{\"@id\":\"https:\\\/\\\/www.meydan.tv\\\/az\\\/article\\\/siyasi-partiyalar-da-cerimelenecek-eliyev-qanuna-deyisiklikleri-tesdiqledi\\\/#primaryimage\"},\"image\":{\"@id\":\"https:\\\/\\\/www.meydan.tv\\\/az\\\/article\\\/siyasi-partiyalar-da-cerimelenecek-eliyev-qanuna-deyisiklikleri-tesdiqledi\\\/#primaryimage\"},\"thumbnailUrl\":\"https:\\\/\\\/www.meydan.tv\\\/wp-content\\\/uploads\\\/cerime-1.jpg\",\"datePublished\":\"2023-08-16T15:43:40+00:00\",\"dateModified\":\"2023-08-16T16:12:55+00:00\",\"breadcrumb\":{\"@id\":\"https:\\\/\\\/www.meydan.tv\\\/az\\\/article\\\/siyasi-partiyalar-da-cerimelenecek-eliyev-qanuna-deyisiklikleri-tesdiqledi\\\/#breadcrumb\"},\"inLanguage\":\"az\",\"potentialAction\":[{\"@type\":\"ReadAction\",\"target\":[\"https:\\\/\\\/www.meydan.tv\\\/az\\\/article\\\/siyasi-partiyalar-da-cerimelenecek-eliyev-qanuna-deyisiklikleri-tesdiqledi\\\/\"]}]},{\"@type\":\"ImageObject\",\"inLanguage\":\"az\",\"@id\":\"https:\\\/\\\/www.meydan.tv\\\/az\\\/article\\\/siyasi-partiyalar-da-cerimelenecek-eliyev-qanuna-deyisiklikleri-tesdiqledi\\\/#primaryimage\",\"url\":\"https:\\\/\\\/www.meydan.tv\\\/wp-content\\\/uploads\\\/cerime-1.jpg\",\"contentUrl\":\"https:\\\/\\\/www.meydan.tv\\\/wp-content\\\/uploads\\\/cerime-1.jpg\",\"width\":1200,\"height\":730,\"caption\":\"C\u0259rim\u0259. Foto: \\\"pressklub.az\\\"\"},{\"@type\":\"BreadcrumbList\",\"@id\":\"https:\\\/\\\/www.meydan.tv\\\/az\\\/article\\\/siyasi-partiyalar-da-cerimelenecek-eliyev-qanuna-deyisiklikleri-tesdiqledi\\\/#breadcrumb\",\"itemListElement\":[{\"@type\":\"ListItem\",\"position\":1,\"name\":\"Ana s\u0259hif\u0259\",\"item\":\"https:\\\/\\\/www.meydan.tv\\\/az\\\/\"},{\"@type\":\"ListItem\",\"position\":2,\"name\":\"Siyas\u0259t\",\"item\":\"https:\\\/\\\/www.meydan.tv\\\/az\\\/section\\\/siyaset\\\/\"},{\"@type\":\"ListItem\",\"position\":3,\"name\":\"Siyasi partiyalar da c\u0259rim\u0259l\u0259n\u0259c\u0259k: \u018fliyev qanuna d\u0259yi\u015fiklikl\u0259ri t\u0259sdiql\u0259di\"}]},{\"@type\":\"WebSite\",\"@id\":\"https:\\\/\\\/www.meydan.tv\\\/az\\\/#website\",\"url\":\"https:\\\/\\\/www.meydan.tv\\\/az\\\/\",\"name\":\"MEYDAN.TV\",\"description\":\"Meydan TV Az\u0259rbaycan\u0131n media m\u0259kan\u0131ndak\u0131 alternativ s\u0259sidir\",\"publisher\":{\"@id\":\"https:\\\/\\\/www.meydan.tv\\\/az\\\/#organization\"},\"potentialAction\":[{\"@type\":\"SearchAction\",\"target\":{\"@type\":\"EntryPoint\",\"urlTemplate\":\"https:\\\/\\\/www.meydan.tv\\\/az\\\/?s={search_term_string}\"},\"query-input\":{\"@type\":\"PropertyValueSpecification\",\"valueRequired\":true,\"valueName\":\"search_term_string\"}}],\"inLanguage\":\"az\"},{\"@type\":\"Organization\",\"@id\":\"https:\\\/\\\/www.meydan.tv\\\/az\\\/#organization\",\"name\":\"Meydan TV\",\"url\":\"https:\\\/\\\/www.meydan.tv\\\/az\\\/\",\"logo\":{\"@type\":\"ImageObject\",\"inLanguage\":\"az\",\"@id\":\"https:\\\/\\\/www.meydan.tv\\\/az\\\/#\\\/schema\\\/logo\\\/image\\\/\",\"url\":\"https:\\\/\\\/www.meydan.tv\\\/wp-content\\\/uploads\\\/2021\\\/07\\\/meydan-logo.svg\",\"contentUrl\":\"https:\\\/\\\/www.meydan.tv\\\/wp-content\\\/uploads\\\/2021\\\/07\\\/meydan-logo.svg\",\"width\":195,\"height\":46,\"caption\":\"Meydan TV\"},\"image\":{\"@id\":\"https:\\\/\\\/www.meydan.tv\\\/az\\\/#\\\/schema\\\/logo\\\/image\\\/\"}},{\"@type\":\"Person\",\"@id\":\"https:\\\/\\\/www.meydan.tv\\\/az\\\/#\\\/schema\\\/person\\\/9cdbecf90d17180ce1dfbd95b08dcf47\",\"name\":\"elli\",\"sameAs\":[\"https:\\\/\\\/x.com\\\/elli\"]}]}<\/script>\n<!-- \/ Yoast SEO plugin. -->","yoast_head_json":{"title":"Siyasi partiyalar da c\u0259rim\u0259l\u0259n\u0259c\u0259k: \u018fliyev qanuna d\u0259yi\u015fiklikl\u0259ri t\u0259sdiql\u0259di - MEYDAN.TV","robots":{"index":"index","follow":"follow","max-snippet":"max-snippet:-1","max-image-preview":"max-image-preview:large","max-video-preview":"max-video-preview:-1"},"canonical":"https:\/\/www.meydan.tv\/az\/article\/siyasi-partiyalar-da-cerimelenecek-eliyev-qanuna-deyisiklikleri-tesdiqledi\/","og_locale":"az_AZ","og_type":"article","og_title":"Siyasi partiyalar da c\u0259rim\u0259l\u0259n\u0259c\u0259k: \u018fliyev qanuna d\u0259yi\u015fiklikl\u0259ri t\u0259sdiql\u0259di - MEYDAN.TV","og_description":"&#8220;Hakimiyy\u0259t partiyalar\u0131n xarici siyasi f\u0259aliyy\u0259tini n\u0259zar\u0259t\u0259 g\u00f6t\u00fcrm\u0259k ist\u0259yir&#8221; Az\u0259rbaycanda siyasi ... Davam\u0131","og_url":"https:\/\/www.meydan.tv\/az\/article\/siyasi-partiyalar-da-cerimelenecek-eliyev-qanuna-deyisiklikleri-tesdiqledi\/","og_site_name":"MEYDAN.TV","article_published_time":"2023-08-16T15:43:40+00:00","article_modified_time":"2023-08-16T16:12:55+00:00","og_image":[{"width":1200,"height":730,"url":"https:\/\/www.meydan.tv\/wp-content\/uploads\/cerime-1.jpg","type":"image\/jpeg"}],"author":"elli","twitter_card":"summary_large_image","twitter_creator":"@elli","schema":{"@context":"https:\/\/schema.org","@graph":[{"@type":"Article","@id":"https:\/\/www.meydan.tv\/az\/article\/siyasi-partiyalar-da-cerimelenecek-eliyev-qanuna-deyisiklikleri-tesdiqledi\/#article","isPartOf":{"@id":"https:\/\/www.meydan.tv\/az\/article\/siyasi-partiyalar-da-cerimelenecek-eliyev-qanuna-deyisiklikleri-tesdiqledi\/"},"author":{"name":"elli","@id":"https:\/\/www.meydan.tv\/az\/#\/schema\/person\/9cdbecf90d17180ce1dfbd95b08dcf47"},"headline":"Siyasi partiyalar da c\u0259rim\u0259l\u0259n\u0259c\u0259k: \u018fliyev qanuna d\u0259yi\u015fiklikl\u0259ri t\u0259sdiql\u0259di","datePublished":"2023-08-16T15:43:40+00:00","dateModified":"2023-08-16T16:12:55+00:00","mainEntityOfPage":{"@id":"https:\/\/www.meydan.tv\/az\/article\/siyasi-partiyalar-da-cerimelenecek-eliyev-qanuna-deyisiklikleri-tesdiqledi\/"},"wordCount":1864,"publisher":{"@id":"https:\/\/www.meydan.tv\/az\/#organization"},"image":{"@id":"https:\/\/www.meydan.tv\/az\/article\/siyasi-partiyalar-da-cerimelenecek-eliyev-qanuna-deyisiklikleri-tesdiqledi\/#primaryimage"},"thumbnailUrl":"https:\/\/www.meydan.tv\/wp-content\/uploads\/cerime-1.jpg","articleSection":["Siyas\u0259t","T\u00f6vsiy\u0259","X\u0259b\u0259rl\u0259r"],"inLanguage":"az"},{"@type":"WebPage","@id":"https:\/\/www.meydan.tv\/az\/article\/siyasi-partiyalar-da-cerimelenecek-eliyev-qanuna-deyisiklikleri-tesdiqledi\/","url":"https:\/\/www.meydan.tv\/az\/article\/siyasi-partiyalar-da-cerimelenecek-eliyev-qanuna-deyisiklikleri-tesdiqledi\/","name":"Siyasi partiyalar da c\u0259rim\u0259l\u0259n\u0259c\u0259k: \u018fliyev qanuna d\u0259yi\u015fiklikl\u0259ri t\u0259sdiql\u0259di - MEYDAN.TV","isPartOf":{"@id":"https:\/\/www.meydan.tv\/az\/#website"},"primaryImageOfPage":{"@id":"https:\/\/www.meydan.tv\/az\/article\/siyasi-partiyalar-da-cerimelenecek-eliyev-qanuna-deyisiklikleri-tesdiqledi\/#primaryimage"},"image":{"@id":"https:\/\/www.meydan.tv\/az\/article\/siyasi-partiyalar-da-cerimelenecek-eliyev-qanuna-deyisiklikleri-tesdiqledi\/#primaryimage"},"thumbnailUrl":"https:\/\/www.meydan.tv\/wp-content\/uploads\/cerime-1.jpg","datePublished":"2023-08-16T15:43:40+00:00","dateModified":"2023-08-16T16:12:55+00:00","breadcrumb":{"@id":"https:\/\/www.meydan.tv\/az\/article\/siyasi-partiyalar-da-cerimelenecek-eliyev-qanuna-deyisiklikleri-tesdiqledi\/#breadcrumb"},"inLanguage":"az","potentialAction":[{"@type":"ReadAction","target":["https:\/\/www.meydan.tv\/az\/article\/siyasi-partiyalar-da-cerimelenecek-eliyev-qanuna-deyisiklikleri-tesdiqledi\/"]}]},{"@type":"ImageObject","inLanguage":"az","@id":"https:\/\/www.meydan.tv\/az\/article\/siyasi-partiyalar-da-cerimelenecek-eliyev-qanuna-deyisiklikleri-tesdiqledi\/#primaryimage","url":"https:\/\/www.meydan.tv\/wp-content\/uploads\/cerime-1.jpg","contentUrl":"https:\/\/www.meydan.tv\/wp-content\/uploads\/cerime-1.jpg","width":1200,"height":730,"caption":"C\u0259rim\u0259. Foto: \"pressklub.az\""},{"@type":"BreadcrumbList","@id":"https:\/\/www.meydan.tv\/az\/article\/siyasi-partiyalar-da-cerimelenecek-eliyev-qanuna-deyisiklikleri-tesdiqledi\/#breadcrumb","itemListElement":[{"@type":"ListItem","position":1,"name":"Ana s\u0259hif\u0259","item":"https:\/\/www.meydan.tv\/az\/"},{"@type":"ListItem","position":2,"name":"Siyas\u0259t","item":"https:\/\/www.meydan.tv\/az\/section\/siyaset\/"},{"@type":"ListItem","position":3,"name":"Siyasi partiyalar da c\u0259rim\u0259l\u0259n\u0259c\u0259k: \u018fliyev qanuna d\u0259yi\u015fiklikl\u0259ri t\u0259sdiql\u0259di"}]},{"@type":"WebSite","@id":"https:\/\/www.meydan.tv\/az\/#website","url":"https:\/\/www.meydan.tv\/az\/","name":"MEYDAN.TV","description":"Meydan TV Az\u0259rbaycan\u0131n media m\u0259kan\u0131ndak\u0131 alternativ s\u0259sidir","publisher":{"@id":"https:\/\/www.meydan.tv\/az\/#organization"},"potentialAction":[{"@type":"SearchAction","target":{"@type":"EntryPoint","urlTemplate":"https:\/\/www.meydan.tv\/az\/?s={search_term_string}"},"query-input":{"@type":"PropertyValueSpecification","valueRequired":true,"valueName":"search_term_string"}}],"inLanguage":"az"},{"@type":"Organization","@id":"https:\/\/www.meydan.tv\/az\/#organization","name":"Meydan TV","url":"https:\/\/www.meydan.tv\/az\/","logo":{"@type":"ImageObject","inLanguage":"az","@id":"https:\/\/www.meydan.tv\/az\/#\/schema\/logo\/image\/","url":"https:\/\/www.meydan.tv\/wp-content\/uploads\/2021\/07\/meydan-logo.svg","contentUrl":"https:\/\/www.meydan.tv\/wp-content\/uploads\/2021\/07\/meydan-logo.svg","width":195,"height":46,"caption":"Meydan TV"},"image":{"@id":"https:\/\/www.meydan.tv\/az\/#\/schema\/logo\/image\/"}},{"@type":"Person","@id":"https:\/\/www.meydan.tv\/az\/#\/schema\/person\/9cdbecf90d17180ce1dfbd95b08dcf47","name":"elli","sameAs":["https:\/\/x.com\/elli"]}]}},"_links":{"self":[{"href":"https:\/\/www.meydan.tv\/az\/wp-json\/wp\/v2\/posts\/282399","targetHints":{"allow":["GET"]}}],"collection":[{"href":"https:\/\/www.meydan.tv\/az\/wp-json\/wp\/v2\/posts"}],"about":[{"href":"https:\/\/www.meydan.tv\/az\/wp-json\/wp\/v2\/types\/post"}],"author":[{"embeddable":true,"href":"https:\/\/www.meydan.tv\/az\/wp-json\/wp\/v2\/users\/8"}],"replies":[{"embeddable":true,"href":"https:\/\/www.meydan.tv\/az\/wp-json\/wp\/v2\/comments?post=282399"}],"version-history":[{"count":7,"href":"https:\/\/www.meydan.tv\/az\/wp-json\/wp\/v2\/posts\/282399\/revisions"}],"predecessor-version":[{"id":282439,"href":"https:\/\/www.meydan.tv\/az\/wp-json\/wp\/v2\/posts\/282399\/revisions\/282439"}],"wp:featuredmedia":[{"embeddable":true,"href":"https:\/\/www.meydan.tv\/az\/wp-json\/wp\/v2\/media\/282403"}],"wp:attachment":[{"href":"https:\/\/www.meydan.tv\/az\/wp-json\/wp\/v2\/media?parent=282399"}],"wp:term":[{"taxonomy":"category","embeddable":true,"href":"https:\/\/www.meydan.tv\/az\/wp-json\/wp\/v2\/categories?post=282399"},{"taxonomy":"post_tag","embeddable":true,"href":"https:\/\/www.meydan.tv\/az\/wp-json\/wp\/v2\/tags?post=282399"}],"curies":[{"name":"wp","href":"https:\/\/api.w.org\/{rel}","templated":true}]}}