{"id":282342,"date":"2023-08-15T21:39:00","date_gmt":"2023-08-15T17:39:00","guid":{"rendered":"https:\/\/www.meydan.tv\/?p=282342"},"modified":"2023-08-15T21:39:04","modified_gmt":"2023-08-15T17:39:04","slug":"nazim-beydemirlinin-hedelendiyi-deyilir-eger-ozunu-ekologiya-mehbusu-adlandirsa","status":"publish","type":"post","link":"https:\/\/www.meydan.tv\/az\/article\/nazim-beydemirlinin-hedelendiyi-deyilir-eger-ozunu-ekologiya-mehbusu-adlandirsa\/","title":{"rendered":"Nazim B\u0259yd\u0259mirlinin h\u0259d\u0259l\u0259ndiyi deyilir: \u201c\u018fg\u0259r \u00f6z\u00fcn\u00fc ekologiya m\u0259hbusu adland\u0131rsa&#8230;\u201d"},"content":{"rendered":"\n<p><\/p>\n\n\n\n<p><strong><em>Ke\u00e7mi\u015f deputata yeni madd\u0259l\u0259rin veril\u0259c\u0259yi ehtimal olunur<\/em><\/strong><\/p>\n\n\n\n<p>H\u0259bsd\u0259 olan ke\u00e7mi\u015f deputat Nazim B\u0259yd\u0259mirli h\u0259bsinin \u0259sl s\u0259b\u0259binin G\u0259d\u0259b\u0259yin S\u00f6y\u00fcdl\u00fc k\u0259ndind\u0259 ba\u015f vermi\u015f etirazlar oldu\u011funu b\u0259yan ed\u0259r\u0259k, \u00f6z\u00fcn\u00fc \u201cekologiya m\u0259hbusu\u201d adland\u0131rm\u0131\u015fd\u0131. Nazim B\u0259yd\u0259mirlinin buna g\u00f6r\u0259 h\u0259d\u0259l\u0259ndiyi bildirilir. Bu bar\u0259d\u0259 Meydan TV-y\u0259 \u201cM\u00fcdafi\u0259 X\u0259tti\u201d insan haqlar\u0131 t\u0259\u015fkilat\u0131n\u0131n icra\u00e7\u0131 direktoru R\u00fcf\u0259t S\u0259f\u0259rov m\u0259lumat verib:<\/p>\n\n\n\n<p><em>\u201cOnu t\u0259hdid edirl\u0259r ki, \u0259g\u0259r S\u00f6y\u00fcdl\u00fc hadis\u0259l\u0259rin\u0259 g\u00f6r\u0259 h\u0259bs olundu\u011funu des\u0259, \u00f6z\u00fcn\u00fc yen\u0259 \u201cekologiya m\u0259hbusu\u201d adland\u0131rmaqda davam el\u0259s\u0259, ona qar\u015f\u0131 indiki madd\u0259d\u0259n \u0259lav\u0259 d\u0259l\u0259duzluq, m\u0259nims\u0259m\u0259 v\u0259 ba\u015fqa yeni ittihamlar ir\u0259li s\u00fcr\u00fcl\u0259c\u0259k. Bu bar\u0259d\u0259 h\u00fcquq-m\u00fcdafi\u0259 t\u0259\u015fkilat\u0131 olaraq, biz\u0259 m\u0259lumat daxil olub. \u00c7ox t\u0259\u0259ss\u00fcf ki, \u00f6lk\u0259d\u0259 bir iqtisad\u00e7\u0131 alim\u0259, i\u015f adam\u0131na qar\u015f\u0131 b\u00fct\u00fcn bunlar ba\u015f verir\u201d.<\/em><\/p>\n\n\n\n<p>Nazim B\u0259yd\u0259mirli iyulun 4-d\u0259 Ba\u015f M\u00fct\u0259\u015f\u0259kkil Cinay\u0259tkarl\u0131qla M\u00fcbariz\u0259 \u0130dar\u0259sin\u0259 (\u201cBandotdel\u201d kimi tan\u0131n\u0131r &#8211; red) \u00e7a\u011fr\u0131laraq saxlan\u0131l\u0131b. Ert\u0259si g\u00fcn N\u0259rimanov Rayon M\u0259hk\u0259m\u0259sinin q\u0259rar\u0131yla onun bar\u0259sind\u0259 h\u0259bs q\u0259timkan t\u0259dbiri se\u00e7ilib. O, h\u0259bs olunandan bu yana ail\u0259 \u00fczvl\u0259ril\u0259 g\u00f6r\u00fc\u015f\u0259 v\u0259 telefonla \u0259laq\u0259 saxlaya bilmirdi. Onun g\u00f6r\u00fc\u015f v\u0259 telefon dan\u0131\u015f\u0131\u011f\u0131 h\u00fcququ istintaq orqan\u0131n\u0131n q\u0259rar\u0131yla m\u0259hdudla\u015fd\u0131r\u0131l\u0131b.<\/p>\n\n\n\n<p>V\u0259kill\u0259ri m\u0259hdudla\u015fd\u0131rma q\u0259rar\u0131ndan m\u0259hk\u0259m\u0259y\u0259 m\u00fcraci\u0259t etmi\u015fdi. Avqustun 15-d\u0259 N\u0259rimanov Rayon M\u0259hk\u0259m\u0259sind\u0259 bu m\u0259s\u0259l\u0259y\u0259 bax\u0131l\u0131b. M\u0259hk\u0259m\u0259 m\u0259hdudiyy\u0259tin \u0259sass\u0131z oldu\u011fu q\u0259na\u0259tin\u0259 g\u0259lib v\u0259 onun aradan qald\u0131r\u0131lmas\u0131na q\u0259rar verib.<\/p>\n\n\n\n<p>Eyni g\u00fcnd\u0259 N\u0259rimanov Rayon M\u0259hk\u0259m\u0259sind\u0259 Nazim B\u0259yd\u0259mirlinin istintaq d\u00f6vr\u00fcnd\u0259 ev dustaql\u0131\u011f\u0131na burax\u0131lmas\u0131 \u00fc\u00e7\u00fcn v\u0259kill\u0259rinin verdiyi v\u0259sat\u0259t\u0259 d\u0259 bax\u0131l\u0131b. Lakin bu v\u0259sat\u0259t t\u0259min olunmay\u0131b.<\/p>\n\n\n\n<p>2005-2010-cu ill\u0259rd\u0259&nbsp; 104 sayl\u0131 G\u0259d\u0259b\u0259y-Tovuz se\u00e7ki dair\u0259sind\u0259n Milli M\u0259clisin deputat\u0131 olmu\u015f Nazim B\u0259yd\u0259mirli iyulun 4-d\u0259n h\u0259bsd\u0259dir. Ona qar\u015f\u0131 Cinay\u0259t M\u0259c\u0259ll\u0259sinin 182.2.4 (xeyli miqdarda \u0259mlak t\u0259l\u0259b etm\u0259k m\u0259qs\u0259dil\u0259 h\u0259d\u0259-qorxu il\u0259 t\u0259l\u0259b etm\u0259- xeyli miqdarda \u0259mlak \u0259ld\u0259 etm\u0259k m\u0259qs\u0259di il\u0259 t\u00f6r\u0259dildikd\u0259) madd\u0259sil\u0259 ittiham ir\u0259li s\u00fcr\u00fcl\u00fcb. Cinay\u0259t i\u015finin materiallar\u0131nda iddia olunur ki, o, pay sahibi oldu\u011fu \u015firk\u0259td\u0259 \u015f\u0259rikini g\u00f6r\u00fcnt\u00fcl\u0259rl\u0259 \u015fantaj ed\u0259r\u0259k, ondan 50 min manat pul t\u0259l\u0259b edib.<\/p>\n\n\n\n<p>Nazim B\u0259yd\u0259mirli ittiham\u0131 q\u0259bul etmir, S\u00f6y\u00fcdl\u00fc etirazlar\u0131na g\u00f6r\u0259 h\u0259bs olundu\u011funu deyir.<\/p>\n\n\n\n<p>Onun h\u0259bsind\u0259n bir ne\u00e7\u0259 g\u00fcn \u0259vv\u0259l h\u00f6kum\u0259t\u0259 yax\u0131n media orqanlar\u0131nda S\u00f6y\u00fcdl\u00fc hadis\u0259l\u0259rinin t\u0259\u015fkilat\u00e7\u0131lar\u0131 qismind\u0259 bir ne\u00e7\u0259 n\u0259f\u0259rin s\u0131ras\u0131nda Nazim B\u0259yd\u0259mirlinin d\u0259 ad\u0131 halland\u0131r\u0131l\u0131rd\u0131.<\/p>\n\n\n\n<p>Nazim B\u0259yd\u0259mirli \u00f6z\u00fc d\u0259 \u201cBandotdel\u201d\u0259 \u00e7a\u011fr\u0131lark\u0259n oradan v\u0259kilin\u0259 telefon z\u0259ngind\u0259 S\u00f6y\u00fcdl\u00fc hadis\u0259l\u0259rin\u0259 g\u00f6r\u0259 saxland\u0131\u011f\u0131n\u0131 bildirib.<\/p>\n","protected":false},"excerpt":{"rendered":"<p>Ke\u00e7mi\u015f deputata yeni madd\u0259l\u0259rin veril\u0259c\u0259yi ehtimal olunur H\u0259bsd\u0259 olan ke\u00e7mi\u015f &#8230; <\/p>\n<p class=\"read-more-container\"><a title=\"Nazim B\u0259yd\u0259mirlinin h\u0259d\u0259l\u0259ndiyi deyilir: \u201c\u018fg\u0259r \u00f6z\u00fcn\u00fc ekologiya m\u0259hbusu adland\u0131rsa&#8230;\u201d\" class=\"read-more button\" href=\"https:\/\/www.meydan.tv\/az\/article\/nazim-beydemirlinin-hedelendiyi-deyilir-eger-ozunu-ekologiya-mehbusu-adlandirsa\/#more-282342\" aria-label=\"Read more about Nazim B\u0259yd\u0259mirlinin h\u0259d\u0259l\u0259ndiyi deyilir: \u201c\u018fg\u0259r \u00f6z\u00fcn\u00fc ekologiya m\u0259hbusu adland\u0131rsa&#8230;\u201d\">Davam\u0131<\/a><\/p>\n","protected":false},"author":8,"featured_media":279290,"comment_status":"closed","ping_status":"closed","sticky":false,"template":"","format":"standard","meta":{"_acf_changed":false,"_sitemap_exclude":false,"_sitemap_priority":"","_sitemap_frequency":"","footnotes":""},"categories":[59,56],"tags":[],"class_list":["post-282342","post","type-post","status-publish","format-standard","has-post-thumbnail","hentry","category-siyaset","category-xeberler","infinite-scroll-item","generate-columns","tablet-grid-50","mobile-grid-100","grid-parent","grid-33","no-featured-image-padding"],"acf":[],"yoast_head":"<!-- This site is optimized with the Yoast SEO plugin v27.4 - https:\/\/yoast.com\/product\/yoast-seo-wordpress\/ -->\n<title>Nazim B\u0259yd\u0259mirlinin h\u0259d\u0259l\u0259ndiyi deyilir: \u201c\u018fg\u0259r \u00f6z\u00fcn\u00fc ekologiya m\u0259hbusu adland\u0131rsa...\u201d - MEYDAN.TV<\/title>\n<meta name=\"robots\" content=\"index, follow, max-snippet:-1, max-image-preview:large, max-video-preview:-1\" \/>\n<link rel=\"canonical\" href=\"https:\/\/www.meydan.tv\/az\/article\/nazim-beydemirlinin-hedelendiyi-deyilir-eger-ozunu-ekologiya-mehbusu-adlandirsa\/\" \/>\n<meta property=\"og:locale\" content=\"az_AZ\" \/>\n<meta property=\"og:type\" content=\"article\" \/>\n<meta property=\"og:title\" content=\"Nazim B\u0259yd\u0259mirlinin h\u0259d\u0259l\u0259ndiyi deyilir: \u201c\u018fg\u0259r \u00f6z\u00fcn\u00fc ekologiya m\u0259hbusu adland\u0131rsa...\u201d - MEYDAN.TV\" \/>\n<meta property=\"og:description\" content=\"Ke\u00e7mi\u015f deputata yeni madd\u0259l\u0259rin veril\u0259c\u0259yi ehtimal olunur H\u0259bsd\u0259 olan ke\u00e7mi\u015f ... Davam\u0131\" \/>\n<meta property=\"og:url\" content=\"https:\/\/www.meydan.tv\/az\/article\/nazim-beydemirlinin-hedelendiyi-deyilir-eger-ozunu-ekologiya-mehbusu-adlandirsa\/\" \/>\n<meta property=\"og:site_name\" content=\"MEYDAN.TV\" \/>\n<meta property=\"article:published_time\" content=\"2023-08-15T17:39:00+00:00\" \/>\n<meta property=\"article:modified_time\" content=\"2023-08-15T17:39:04+00:00\" \/>\n<meta property=\"og:image\" content=\"https:\/\/www.meydan.tv\/wp-content\/uploads\/n.beydemirli-e1692121129143.jpg\" \/>\n\t<meta property=\"og:image:width\" content=\"1200\" \/>\n\t<meta property=\"og:image:height\" content=\"543\" \/>\n\t<meta property=\"og:image:type\" content=\"image\/jpeg\" \/>\n<meta name=\"author\" content=\"elli\" \/>\n<meta name=\"twitter:card\" content=\"summary_large_image\" \/>\n<meta name=\"twitter:creator\" content=\"@elli\" \/>\n<script type=\"application\/ld+json\" class=\"yoast-schema-graph\">{\"@context\":\"https:\\\/\\\/schema.org\",\"@graph\":[{\"@type\":\"Article\",\"@id\":\"https:\\\/\\\/www.meydan.tv\\\/az\\\/article\\\/nazim-beydemirlinin-hedelendiyi-deyilir-eger-ozunu-ekologiya-mehbusu-adlandirsa\\\/#article\",\"isPartOf\":{\"@id\":\"https:\\\/\\\/www.meydan.tv\\\/az\\\/article\\\/nazim-beydemirlinin-hedelendiyi-deyilir-eger-ozunu-ekologiya-mehbusu-adlandirsa\\\/\"},\"author\":{\"name\":\"elli\",\"@id\":\"https:\\\/\\\/www.meydan.tv\\\/az\\\/#\\\/schema\\\/person\\\/9cdbecf90d17180ce1dfbd95b08dcf47\"},\"headline\":\"Nazim B\u0259yd\u0259mirlinin h\u0259d\u0259l\u0259ndiyi deyilir: \u201c\u018fg\u0259r \u00f6z\u00fcn\u00fc ekologiya m\u0259hbusu adland\u0131rsa&#8230;\u201d\",\"datePublished\":\"2023-08-15T17:39:00+00:00\",\"dateModified\":\"2023-08-15T17:39:04+00:00\",\"mainEntityOfPage\":{\"@id\":\"https:\\\/\\\/www.meydan.tv\\\/az\\\/article\\\/nazim-beydemirlinin-hedelendiyi-deyilir-eger-ozunu-ekologiya-mehbusu-adlandirsa\\\/\"},\"wordCount\":607,\"publisher\":{\"@id\":\"https:\\\/\\\/www.meydan.tv\\\/az\\\/#organization\"},\"image\":{\"@id\":\"https:\\\/\\\/www.meydan.tv\\\/az\\\/article\\\/nazim-beydemirlinin-hedelendiyi-deyilir-eger-ozunu-ekologiya-mehbusu-adlandirsa\\\/#primaryimage\"},\"thumbnailUrl\":\"https:\\\/\\\/www.meydan.tv\\\/wp-content\\\/uploads\\\/n.beydemirli-e1692121129143.jpg\",\"articleSection\":[\"Siyas\u0259t\",\"X\u0259b\u0259rl\u0259r\"],\"inLanguage\":\"az\"},{\"@type\":\"WebPage\",\"@id\":\"https:\\\/\\\/www.meydan.tv\\\/az\\\/article\\\/nazim-beydemirlinin-hedelendiyi-deyilir-eger-ozunu-ekologiya-mehbusu-adlandirsa\\\/\",\"url\":\"https:\\\/\\\/www.meydan.tv\\\/az\\\/article\\\/nazim-beydemirlinin-hedelendiyi-deyilir-eger-ozunu-ekologiya-mehbusu-adlandirsa\\\/\",\"name\":\"Nazim B\u0259yd\u0259mirlinin h\u0259d\u0259l\u0259ndiyi deyilir: \u201c\u018fg\u0259r \u00f6z\u00fcn\u00fc ekologiya m\u0259hbusu adland\u0131rsa...\u201d - MEYDAN.TV\",\"isPartOf\":{\"@id\":\"https:\\\/\\\/www.meydan.tv\\\/az\\\/#website\"},\"primaryImageOfPage\":{\"@id\":\"https:\\\/\\\/www.meydan.tv\\\/az\\\/article\\\/nazim-beydemirlinin-hedelendiyi-deyilir-eger-ozunu-ekologiya-mehbusu-adlandirsa\\\/#primaryimage\"},\"image\":{\"@id\":\"https:\\\/\\\/www.meydan.tv\\\/az\\\/article\\\/nazim-beydemirlinin-hedelendiyi-deyilir-eger-ozunu-ekologiya-mehbusu-adlandirsa\\\/#primaryimage\"},\"thumbnailUrl\":\"https:\\\/\\\/www.meydan.tv\\\/wp-content\\\/uploads\\\/n.beydemirli-e1692121129143.jpg\",\"datePublished\":\"2023-08-15T17:39:00+00:00\",\"dateModified\":\"2023-08-15T17:39:04+00:00\",\"breadcrumb\":{\"@id\":\"https:\\\/\\\/www.meydan.tv\\\/az\\\/article\\\/nazim-beydemirlinin-hedelendiyi-deyilir-eger-ozunu-ekologiya-mehbusu-adlandirsa\\\/#breadcrumb\"},\"inLanguage\":\"az\",\"potentialAction\":[{\"@type\":\"ReadAction\",\"target\":[\"https:\\\/\\\/www.meydan.tv\\\/az\\\/article\\\/nazim-beydemirlinin-hedelendiyi-deyilir-eger-ozunu-ekologiya-mehbusu-adlandirsa\\\/\"]}]},{\"@type\":\"ImageObject\",\"inLanguage\":\"az\",\"@id\":\"https:\\\/\\\/www.meydan.tv\\\/az\\\/article\\\/nazim-beydemirlinin-hedelendiyi-deyilir-eger-ozunu-ekologiya-mehbusu-adlandirsa\\\/#primaryimage\",\"url\":\"https:\\\/\\\/www.meydan.tv\\\/wp-content\\\/uploads\\\/n.beydemirli-e1692121129143.jpg\",\"contentUrl\":\"https:\\\/\\\/www.meydan.tv\\\/wp-content\\\/uploads\\\/n.beydemirli-e1692121129143.jpg\",\"width\":1200,\"height\":543,\"caption\":\"Nazim B\u0259yd\u0259mirli. Foto: Meydan TV\"},{\"@type\":\"BreadcrumbList\",\"@id\":\"https:\\\/\\\/www.meydan.tv\\\/az\\\/article\\\/nazim-beydemirlinin-hedelendiyi-deyilir-eger-ozunu-ekologiya-mehbusu-adlandirsa\\\/#breadcrumb\",\"itemListElement\":[{\"@type\":\"ListItem\",\"position\":1,\"name\":\"Ana s\u0259hif\u0259\",\"item\":\"https:\\\/\\\/www.meydan.tv\\\/az\\\/\"},{\"@type\":\"ListItem\",\"position\":2,\"name\":\"Siyas\u0259t\",\"item\":\"https:\\\/\\\/www.meydan.tv\\\/az\\\/section\\\/siyaset\\\/\"},{\"@type\":\"ListItem\",\"position\":3,\"name\":\"Nazim B\u0259yd\u0259mirlinin h\u0259d\u0259l\u0259ndiyi deyilir: \u201c\u018fg\u0259r \u00f6z\u00fcn\u00fc ekologiya m\u0259hbusu adland\u0131rsa&#8230;\u201d\"}]},{\"@type\":\"WebSite\",\"@id\":\"https:\\\/\\\/www.meydan.tv\\\/az\\\/#website\",\"url\":\"https:\\\/\\\/www.meydan.tv\\\/az\\\/\",\"name\":\"MEYDAN.TV\",\"description\":\"Meydan TV Az\u0259rbaycan\u0131n media m\u0259kan\u0131ndak\u0131 alternativ s\u0259sidir\",\"publisher\":{\"@id\":\"https:\\\/\\\/www.meydan.tv\\\/az\\\/#organization\"},\"potentialAction\":[{\"@type\":\"SearchAction\",\"target\":{\"@type\":\"EntryPoint\",\"urlTemplate\":\"https:\\\/\\\/www.meydan.tv\\\/az\\\/?s={search_term_string}\"},\"query-input\":{\"@type\":\"PropertyValueSpecification\",\"valueRequired\":true,\"valueName\":\"search_term_string\"}}],\"inLanguage\":\"az\"},{\"@type\":\"Organization\",\"@id\":\"https:\\\/\\\/www.meydan.tv\\\/az\\\/#organization\",\"name\":\"Meydan TV\",\"url\":\"https:\\\/\\\/www.meydan.tv\\\/az\\\/\",\"logo\":{\"@type\":\"ImageObject\",\"inLanguage\":\"az\",\"@id\":\"https:\\\/\\\/www.meydan.tv\\\/az\\\/#\\\/schema\\\/logo\\\/image\\\/\",\"url\":\"https:\\\/\\\/www.meydan.tv\\\/wp-content\\\/uploads\\\/2021\\\/07\\\/meydan-logo.svg\",\"contentUrl\":\"https:\\\/\\\/www.meydan.tv\\\/wp-content\\\/uploads\\\/2021\\\/07\\\/meydan-logo.svg\",\"width\":195,\"height\":46,\"caption\":\"Meydan TV\"},\"image\":{\"@id\":\"https:\\\/\\\/www.meydan.tv\\\/az\\\/#\\\/schema\\\/logo\\\/image\\\/\"}},{\"@type\":\"Person\",\"@id\":\"https:\\\/\\\/www.meydan.tv\\\/az\\\/#\\\/schema\\\/person\\\/9cdbecf90d17180ce1dfbd95b08dcf47\",\"name\":\"elli\",\"sameAs\":[\"https:\\\/\\\/x.com\\\/elli\"]}]}<\/script>\n<!-- \/ Yoast SEO plugin. -->","yoast_head_json":{"title":"Nazim B\u0259yd\u0259mirlinin h\u0259d\u0259l\u0259ndiyi deyilir: \u201c\u018fg\u0259r \u00f6z\u00fcn\u00fc ekologiya m\u0259hbusu adland\u0131rsa...\u201d - MEYDAN.TV","robots":{"index":"index","follow":"follow","max-snippet":"max-snippet:-1","max-image-preview":"max-image-preview:large","max-video-preview":"max-video-preview:-1"},"canonical":"https:\/\/www.meydan.tv\/az\/article\/nazim-beydemirlinin-hedelendiyi-deyilir-eger-ozunu-ekologiya-mehbusu-adlandirsa\/","og_locale":"az_AZ","og_type":"article","og_title":"Nazim B\u0259yd\u0259mirlinin h\u0259d\u0259l\u0259ndiyi deyilir: \u201c\u018fg\u0259r \u00f6z\u00fcn\u00fc ekologiya m\u0259hbusu adland\u0131rsa...\u201d - MEYDAN.TV","og_description":"Ke\u00e7mi\u015f deputata yeni madd\u0259l\u0259rin veril\u0259c\u0259yi ehtimal olunur H\u0259bsd\u0259 olan ke\u00e7mi\u015f ... Davam\u0131","og_url":"https:\/\/www.meydan.tv\/az\/article\/nazim-beydemirlinin-hedelendiyi-deyilir-eger-ozunu-ekologiya-mehbusu-adlandirsa\/","og_site_name":"MEYDAN.TV","article_published_time":"2023-08-15T17:39:00+00:00","article_modified_time":"2023-08-15T17:39:04+00:00","og_image":[{"width":1200,"height":543,"url":"https:\/\/www.meydan.tv\/wp-content\/uploads\/n.beydemirli-e1692121129143.jpg","type":"image\/jpeg"}],"author":"elli","twitter_card":"summary_large_image","twitter_creator":"@elli","schema":{"@context":"https:\/\/schema.org","@graph":[{"@type":"Article","@id":"https:\/\/www.meydan.tv\/az\/article\/nazim-beydemirlinin-hedelendiyi-deyilir-eger-ozunu-ekologiya-mehbusu-adlandirsa\/#article","isPartOf":{"@id":"https:\/\/www.meydan.tv\/az\/article\/nazim-beydemirlinin-hedelendiyi-deyilir-eger-ozunu-ekologiya-mehbusu-adlandirsa\/"},"author":{"name":"elli","@id":"https:\/\/www.meydan.tv\/az\/#\/schema\/person\/9cdbecf90d17180ce1dfbd95b08dcf47"},"headline":"Nazim B\u0259yd\u0259mirlinin h\u0259d\u0259l\u0259ndiyi deyilir: \u201c\u018fg\u0259r \u00f6z\u00fcn\u00fc ekologiya m\u0259hbusu adland\u0131rsa&#8230;\u201d","datePublished":"2023-08-15T17:39:00+00:00","dateModified":"2023-08-15T17:39:04+00:00","mainEntityOfPage":{"@id":"https:\/\/www.meydan.tv\/az\/article\/nazim-beydemirlinin-hedelendiyi-deyilir-eger-ozunu-ekologiya-mehbusu-adlandirsa\/"},"wordCount":607,"publisher":{"@id":"https:\/\/www.meydan.tv\/az\/#organization"},"image":{"@id":"https:\/\/www.meydan.tv\/az\/article\/nazim-beydemirlinin-hedelendiyi-deyilir-eger-ozunu-ekologiya-mehbusu-adlandirsa\/#primaryimage"},"thumbnailUrl":"https:\/\/www.meydan.tv\/wp-content\/uploads\/n.beydemirli-e1692121129143.jpg","articleSection":["Siyas\u0259t","X\u0259b\u0259rl\u0259r"],"inLanguage":"az"},{"@type":"WebPage","@id":"https:\/\/www.meydan.tv\/az\/article\/nazim-beydemirlinin-hedelendiyi-deyilir-eger-ozunu-ekologiya-mehbusu-adlandirsa\/","url":"https:\/\/www.meydan.tv\/az\/article\/nazim-beydemirlinin-hedelendiyi-deyilir-eger-ozunu-ekologiya-mehbusu-adlandirsa\/","name":"Nazim B\u0259yd\u0259mirlinin h\u0259d\u0259l\u0259ndiyi deyilir: \u201c\u018fg\u0259r \u00f6z\u00fcn\u00fc ekologiya m\u0259hbusu adland\u0131rsa...\u201d - MEYDAN.TV","isPartOf":{"@id":"https:\/\/www.meydan.tv\/az\/#website"},"primaryImageOfPage":{"@id":"https:\/\/www.meydan.tv\/az\/article\/nazim-beydemirlinin-hedelendiyi-deyilir-eger-ozunu-ekologiya-mehbusu-adlandirsa\/#primaryimage"},"image":{"@id":"https:\/\/www.meydan.tv\/az\/article\/nazim-beydemirlinin-hedelendiyi-deyilir-eger-ozunu-ekologiya-mehbusu-adlandirsa\/#primaryimage"},"thumbnailUrl":"https:\/\/www.meydan.tv\/wp-content\/uploads\/n.beydemirli-e1692121129143.jpg","datePublished":"2023-08-15T17:39:00+00:00","dateModified":"2023-08-15T17:39:04+00:00","breadcrumb":{"@id":"https:\/\/www.meydan.tv\/az\/article\/nazim-beydemirlinin-hedelendiyi-deyilir-eger-ozunu-ekologiya-mehbusu-adlandirsa\/#breadcrumb"},"inLanguage":"az","potentialAction":[{"@type":"ReadAction","target":["https:\/\/www.meydan.tv\/az\/article\/nazim-beydemirlinin-hedelendiyi-deyilir-eger-ozunu-ekologiya-mehbusu-adlandirsa\/"]}]},{"@type":"ImageObject","inLanguage":"az","@id":"https:\/\/www.meydan.tv\/az\/article\/nazim-beydemirlinin-hedelendiyi-deyilir-eger-ozunu-ekologiya-mehbusu-adlandirsa\/#primaryimage","url":"https:\/\/www.meydan.tv\/wp-content\/uploads\/n.beydemirli-e1692121129143.jpg","contentUrl":"https:\/\/www.meydan.tv\/wp-content\/uploads\/n.beydemirli-e1692121129143.jpg","width":1200,"height":543,"caption":"Nazim B\u0259yd\u0259mirli. Foto: Meydan TV"},{"@type":"BreadcrumbList","@id":"https:\/\/www.meydan.tv\/az\/article\/nazim-beydemirlinin-hedelendiyi-deyilir-eger-ozunu-ekologiya-mehbusu-adlandirsa\/#breadcrumb","itemListElement":[{"@type":"ListItem","position":1,"name":"Ana s\u0259hif\u0259","item":"https:\/\/www.meydan.tv\/az\/"},{"@type":"ListItem","position":2,"name":"Siyas\u0259t","item":"https:\/\/www.meydan.tv\/az\/section\/siyaset\/"},{"@type":"ListItem","position":3,"name":"Nazim B\u0259yd\u0259mirlinin h\u0259d\u0259l\u0259ndiyi deyilir: \u201c\u018fg\u0259r \u00f6z\u00fcn\u00fc ekologiya m\u0259hbusu adland\u0131rsa&#8230;\u201d"}]},{"@type":"WebSite","@id":"https:\/\/www.meydan.tv\/az\/#website","url":"https:\/\/www.meydan.tv\/az\/","name":"MEYDAN.TV","description":"Meydan TV Az\u0259rbaycan\u0131n media m\u0259kan\u0131ndak\u0131 alternativ s\u0259sidir","publisher":{"@id":"https:\/\/www.meydan.tv\/az\/#organization"},"potentialAction":[{"@type":"SearchAction","target":{"@type":"EntryPoint","urlTemplate":"https:\/\/www.meydan.tv\/az\/?s={search_term_string}"},"query-input":{"@type":"PropertyValueSpecification","valueRequired":true,"valueName":"search_term_string"}}],"inLanguage":"az"},{"@type":"Organization","@id":"https:\/\/www.meydan.tv\/az\/#organization","name":"Meydan TV","url":"https:\/\/www.meydan.tv\/az\/","logo":{"@type":"ImageObject","inLanguage":"az","@id":"https:\/\/www.meydan.tv\/az\/#\/schema\/logo\/image\/","url":"https:\/\/www.meydan.tv\/wp-content\/uploads\/2021\/07\/meydan-logo.svg","contentUrl":"https:\/\/www.meydan.tv\/wp-content\/uploads\/2021\/07\/meydan-logo.svg","width":195,"height":46,"caption":"Meydan TV"},"image":{"@id":"https:\/\/www.meydan.tv\/az\/#\/schema\/logo\/image\/"}},{"@type":"Person","@id":"https:\/\/www.meydan.tv\/az\/#\/schema\/person\/9cdbecf90d17180ce1dfbd95b08dcf47","name":"elli","sameAs":["https:\/\/x.com\/elli"]}]}},"_links":{"self":[{"href":"https:\/\/www.meydan.tv\/az\/wp-json\/wp\/v2\/posts\/282342","targetHints":{"allow":["GET"]}}],"collection":[{"href":"https:\/\/www.meydan.tv\/az\/wp-json\/wp\/v2\/posts"}],"about":[{"href":"https:\/\/www.meydan.tv\/az\/wp-json\/wp\/v2\/types\/post"}],"author":[{"embeddable":true,"href":"https:\/\/www.meydan.tv\/az\/wp-json\/wp\/v2\/users\/8"}],"replies":[{"embeddable":true,"href":"https:\/\/www.meydan.tv\/az\/wp-json\/wp\/v2\/comments?post=282342"}],"version-history":[{"count":1,"href":"https:\/\/www.meydan.tv\/az\/wp-json\/wp\/v2\/posts\/282342\/revisions"}],"predecessor-version":[{"id":282343,"href":"https:\/\/www.meydan.tv\/az\/wp-json\/wp\/v2\/posts\/282342\/revisions\/282343"}],"wp:featuredmedia":[{"embeddable":true,"href":"https:\/\/www.meydan.tv\/az\/wp-json\/wp\/v2\/media\/279290"}],"wp:attachment":[{"href":"https:\/\/www.meydan.tv\/az\/wp-json\/wp\/v2\/media?parent=282342"}],"wp:term":[{"taxonomy":"category","embeddable":true,"href":"https:\/\/www.meydan.tv\/az\/wp-json\/wp\/v2\/categories?post=282342"},{"taxonomy":"post_tag","embeddable":true,"href":"https:\/\/www.meydan.tv\/az\/wp-json\/wp\/v2\/tags?post=282342"}],"curies":[{"name":"wp","href":"https:\/\/api.w.org\/{rel}","templated":true}]}}