{"id":282285,"date":"2023-08-15T13:18:43","date_gmt":"2023-08-15T09:18:43","guid":{"rendered":"https:\/\/www.meydan.tv\/?p=282285"},"modified":"2023-08-15T13:18:47","modified_gmt":"2023-08-15T09:18:47","slug":"din-sumqayitdaki-ogurluqla-bagli-cinayet-isi-acildigini-deyir","status":"publish","type":"post","link":"https:\/\/www.meydan.tv\/az\/article\/din-sumqayitdaki-ogurluqla-bagli-cinayet-isi-acildigini-deyir\/","title":{"rendered":"D\u0130N Sumqay\u0131tdak\u0131 o\u011furluqla ba\u011fl\u0131 cinay\u0259t i\u015fi a\u00e7\u0131ld\u0131\u011f\u0131n\u0131 deyir"},"content":{"rendered":"\n<p><\/p>\n\n\n\n<p><strong><em>Anar Qafarov: &#8220;Bu bar\u0259d\u0259 v\u0259t\u0259nda\u015fa da m\u0259lumat verilib&#8221;<\/em><\/strong><\/p>\n\n\n\n<p>Daxili \u0130\u015fl\u0259r Nazirliyi (D\u0130N) bu il yanvar\u0131n sonlar\u0131nda Sumqay\u0131tda yerl\u0259\u015f\u0259n \u201cGold Qayal\u0131\u201d ticar\u0259t m\u0259rk\u0259zind\u0259 al\u0131\u015f-veri\u015f ed\u0259rk\u0259n \u00e7antas\u0131ndan kartlar\u0131 o\u011furlanan Z\u00f6hr\u0259 \u0130brahim q\u0131z\u0131 Rzayevan\u0131n \u015fikay\u0259ti \u0259sas\u0131nda cinay\u0259t i\u015fi ba\u015flad\u0131b.<\/p>\n\n\n\n<p>D\u0130N-in m\u0259tbuat xidm\u0259tinin \u0259m\u0259kda\u015f\u0131, polis mayoru Anar Qafarov Meydan TV-y\u0259 bildirib ki, faktla ba\u011fl\u0131 toplanm\u0131\u015f materiallar \u0259sas\u0131nda 13 avqust 2023-c\u00fc il tarixd\u0259 Sumqay\u0131t \u015e\u0259h\u0259r Polis \u0130dar\u0259sinin Cinay\u0259t M\u0259c\u0259ll\u0259sinin 177.2.3-1-ci (O\u011furluq, elektron m\u0259lumat da\u015f\u0131y\u0131c\u0131lar\u0131ndan, yaxud informasiya texnologiyalar\u0131ndan istifad\u0259 edilm\u0259kl\u0259 t\u00f6r\u0259dildikd\u0259) madd\u0259si il\u0259 cinay\u0259t i\u015fi ba\u015flan\u0131l\u0131b.<\/p>\n\n\n\n<p>Nazirlik r\u0259smisi deyib ki, bu bar\u0259d\u0259 v\u0259t\u0259nda\u015fa da m\u0259lumat verilib.<\/p>\n\n\n\n<p>2023-c\u00fc il avqustun 15-d\u0259 Sumqay\u0131t sakini Z\u00f6hr\u0259 \u0130brahim q\u0131z\u0131 Rzayeva Meydan TV-y\u0259 m\u00fcraci\u0259t ed\u0259r\u0259k, Sumqay\u0131t polisind\u0259n \u015fikay\u0259t\u00e7i oldu\u011funu <a href=\"https:\/\/www.meydan.tv\/az\/article\/kartlari-ogurlanan-sexs-sumqayit-polisinden-sikayetcidir\/\" target=\"_blank\" rel=\"noreferrer noopener\">deyib.<\/a><\/p>\n\n\n\n<p>V\u0259t\u0259nda\u015f\u0131n s\u00f6zl\u0259rin\u0259 g\u00f6r\u0259, be\u015f aydan art\u0131qd\u0131r o\u011furlanan kredit kart\u0131ndan istifad\u0259 edils\u0259 d\u0259, Sumqay\u0131t Ba\u015f Polis \u0130dar\u0259sinin 3-c\u00fc Polis B\u00f6lm\u0259si onun \u015fikay\u0259tini ara\u015fd\u0131rmay\u0131b.<\/p>\n\n\n\n<p>N\u0259tic\u0259d\u0259 Z\u00f6hr\u0259 Rzayevan\u0131n \u201cUnibank\u201d\u0131n \u201cAlbal\u0131\u201d kart\u0131na 574 manat\u0131 borcu yaran\u0131b.<\/p>\n","protected":false},"excerpt":{"rendered":"<p>Anar Qafarov: &#8220;Bu bar\u0259d\u0259 v\u0259t\u0259nda\u015fa da m\u0259lumat verilib&#8221; Daxili \u0130\u015fl\u0259r &#8230; <\/p>\n<p class=\"read-more-container\"><a title=\"D\u0130N Sumqay\u0131tdak\u0131 o\u011furluqla ba\u011fl\u0131 cinay\u0259t i\u015fi a\u00e7\u0131ld\u0131\u011f\u0131n\u0131 deyir\" class=\"read-more button\" href=\"https:\/\/www.meydan.tv\/az\/article\/din-sumqayitdaki-ogurluqla-bagli-cinayet-isi-acildigini-deyir\/#more-282285\" aria-label=\"Read more about D\u0130N Sumqay\u0131tdak\u0131 o\u011furluqla ba\u011fl\u0131 cinay\u0259t i\u015fi a\u00e7\u0131ld\u0131\u011f\u0131n\u0131 deyir\">Davam\u0131<\/a><\/p>\n","protected":false},"author":8,"featured_media":96473,"comment_status":"closed","ping_status":"closed","sticky":false,"template":"","format":"standard","meta":{"_acf_changed":false,"_sitemap_exclude":false,"_sitemap_priority":"","_sitemap_frequency":"","footnotes":""},"categories":[60,56],"tags":[],"class_list":["post-282285","post","type-post","status-publish","format-standard","has-post-thumbnail","hentry","category-bolge","category-xeberler","infinite-scroll-item","generate-columns","tablet-grid-50","mobile-grid-100","grid-parent","grid-33","no-featured-image-padding"],"acf":[],"yoast_head":"<!-- This site is optimized with the Yoast SEO plugin v27.4 - https:\/\/yoast.com\/product\/yoast-seo-wordpress\/ -->\n<title>D\u0130N Sumqay\u0131tdak\u0131 o\u011furluqla ba\u011fl\u0131 cinay\u0259t i\u015fi a\u00e7\u0131ld\u0131\u011f\u0131n\u0131 deyir - MEYDAN.TV<\/title>\n<meta name=\"robots\" content=\"index, follow, max-snippet:-1, max-image-preview:large, max-video-preview:-1\" \/>\n<link rel=\"canonical\" href=\"https:\/\/www.meydan.tv\/az\/article\/din-sumqayitdaki-ogurluqla-bagli-cinayet-isi-acildigini-deyir\/\" \/>\n<meta property=\"og:locale\" content=\"az_AZ\" \/>\n<meta property=\"og:type\" content=\"article\" \/>\n<meta property=\"og:title\" content=\"D\u0130N Sumqay\u0131tdak\u0131 o\u011furluqla ba\u011fl\u0131 cinay\u0259t i\u015fi a\u00e7\u0131ld\u0131\u011f\u0131n\u0131 deyir - MEYDAN.TV\" \/>\n<meta property=\"og:description\" content=\"Anar Qafarov: &#8220;Bu bar\u0259d\u0259 v\u0259t\u0259nda\u015fa da m\u0259lumat verilib&#8221; Daxili \u0130\u015fl\u0259r ... Davam\u0131\" \/>\n<meta property=\"og:url\" content=\"https:\/\/www.meydan.tv\/az\/article\/din-sumqayitdaki-ogurluqla-bagli-cinayet-isi-acildigini-deyir\/\" \/>\n<meta property=\"og:site_name\" content=\"MEYDAN.TV\" \/>\n<meta property=\"article:published_time\" content=\"2023-08-15T09:18:43+00:00\" \/>\n<meta property=\"article:modified_time\" content=\"2023-08-15T09:18:47+00:00\" \/>\n<meta property=\"og:image\" content=\"https:\/\/www.meydan.tv\/wp-content\/uploads\/38071.png\" \/>\n\t<meta property=\"og:image:width\" content=\"1456\" \/>\n\t<meta property=\"og:image:height\" content=\"572\" \/>\n\t<meta property=\"og:image:type\" content=\"image\/png\" \/>\n<meta name=\"author\" content=\"elli\" \/>\n<meta name=\"twitter:card\" content=\"summary_large_image\" \/>\n<meta name=\"twitter:creator\" content=\"@elli\" \/>\n<script type=\"application\/ld+json\" class=\"yoast-schema-graph\">{\"@context\":\"https:\\\/\\\/schema.org\",\"@graph\":[{\"@type\":\"Article\",\"@id\":\"https:\\\/\\\/www.meydan.tv\\\/az\\\/article\\\/din-sumqayitdaki-ogurluqla-bagli-cinayet-isi-acildigini-deyir\\\/#article\",\"isPartOf\":{\"@id\":\"https:\\\/\\\/www.meydan.tv\\\/az\\\/article\\\/din-sumqayitdaki-ogurluqla-bagli-cinayet-isi-acildigini-deyir\\\/\"},\"author\":{\"name\":\"elli\",\"@id\":\"https:\\\/\\\/www.meydan.tv\\\/az\\\/#\\\/schema\\\/person\\\/9cdbecf90d17180ce1dfbd95b08dcf47\"},\"headline\":\"D\u0130N Sumqay\u0131tdak\u0131 o\u011furluqla ba\u011fl\u0131 cinay\u0259t i\u015fi a\u00e7\u0131ld\u0131\u011f\u0131n\u0131 deyir\",\"datePublished\":\"2023-08-15T09:18:43+00:00\",\"dateModified\":\"2023-08-15T09:18:47+00:00\",\"mainEntityOfPage\":{\"@id\":\"https:\\\/\\\/www.meydan.tv\\\/az\\\/article\\\/din-sumqayitdaki-ogurluqla-bagli-cinayet-isi-acildigini-deyir\\\/\"},\"wordCount\":256,\"publisher\":{\"@id\":\"https:\\\/\\\/www.meydan.tv\\\/az\\\/#organization\"},\"image\":{\"@id\":\"https:\\\/\\\/www.meydan.tv\\\/az\\\/article\\\/din-sumqayitdaki-ogurluqla-bagli-cinayet-isi-acildigini-deyir\\\/#primaryimage\"},\"thumbnailUrl\":\"https:\\\/\\\/www.meydan.tv\\\/wp-content\\\/uploads\\\/38071.png\",\"articleSection\":[\"B\u00f6lg\u0259\",\"X\u0259b\u0259rl\u0259r\"],\"inLanguage\":\"az\"},{\"@type\":\"WebPage\",\"@id\":\"https:\\\/\\\/www.meydan.tv\\\/az\\\/article\\\/din-sumqayitdaki-ogurluqla-bagli-cinayet-isi-acildigini-deyir\\\/\",\"url\":\"https:\\\/\\\/www.meydan.tv\\\/az\\\/article\\\/din-sumqayitdaki-ogurluqla-bagli-cinayet-isi-acildigini-deyir\\\/\",\"name\":\"D\u0130N Sumqay\u0131tdak\u0131 o\u011furluqla ba\u011fl\u0131 cinay\u0259t i\u015fi a\u00e7\u0131ld\u0131\u011f\u0131n\u0131 deyir - MEYDAN.TV\",\"isPartOf\":{\"@id\":\"https:\\\/\\\/www.meydan.tv\\\/az\\\/#website\"},\"primaryImageOfPage\":{\"@id\":\"https:\\\/\\\/www.meydan.tv\\\/az\\\/article\\\/din-sumqayitdaki-ogurluqla-bagli-cinayet-isi-acildigini-deyir\\\/#primaryimage\"},\"image\":{\"@id\":\"https:\\\/\\\/www.meydan.tv\\\/az\\\/article\\\/din-sumqayitdaki-ogurluqla-bagli-cinayet-isi-acildigini-deyir\\\/#primaryimage\"},\"thumbnailUrl\":\"https:\\\/\\\/www.meydan.tv\\\/wp-content\\\/uploads\\\/38071.png\",\"datePublished\":\"2023-08-15T09:18:43+00:00\",\"dateModified\":\"2023-08-15T09:18:47+00:00\",\"breadcrumb\":{\"@id\":\"https:\\\/\\\/www.meydan.tv\\\/az\\\/article\\\/din-sumqayitdaki-ogurluqla-bagli-cinayet-isi-acildigini-deyir\\\/#breadcrumb\"},\"inLanguage\":\"az\",\"potentialAction\":[{\"@type\":\"ReadAction\",\"target\":[\"https:\\\/\\\/www.meydan.tv\\\/az\\\/article\\\/din-sumqayitdaki-ogurluqla-bagli-cinayet-isi-acildigini-deyir\\\/\"]}]},{\"@type\":\"ImageObject\",\"inLanguage\":\"az\",\"@id\":\"https:\\\/\\\/www.meydan.tv\\\/az\\\/article\\\/din-sumqayitdaki-ogurluqla-bagli-cinayet-isi-acildigini-deyir\\\/#primaryimage\",\"url\":\"https:\\\/\\\/www.meydan.tv\\\/wp-content\\\/uploads\\\/38071.png\",\"contentUrl\":\"https:\\\/\\\/www.meydan.tv\\\/wp-content\\\/uploads\\\/38071.png\",\"width\":1456,\"height\":572,\"caption\":\"Foto: Meydan TV\"},{\"@type\":\"BreadcrumbList\",\"@id\":\"https:\\\/\\\/www.meydan.tv\\\/az\\\/article\\\/din-sumqayitdaki-ogurluqla-bagli-cinayet-isi-acildigini-deyir\\\/#breadcrumb\",\"itemListElement\":[{\"@type\":\"ListItem\",\"position\":1,\"name\":\"Ana s\u0259hif\u0259\",\"item\":\"https:\\\/\\\/www.meydan.tv\\\/az\\\/\"},{\"@type\":\"ListItem\",\"position\":2,\"name\":\"B\u00f6lg\u0259\",\"item\":\"https:\\\/\\\/www.meydan.tv\\\/az\\\/section\\\/bolge\\\/\"},{\"@type\":\"ListItem\",\"position\":3,\"name\":\"D\u0130N Sumqay\u0131tdak\u0131 o\u011furluqla ba\u011fl\u0131 cinay\u0259t i\u015fi a\u00e7\u0131ld\u0131\u011f\u0131n\u0131 deyir\"}]},{\"@type\":\"WebSite\",\"@id\":\"https:\\\/\\\/www.meydan.tv\\\/az\\\/#website\",\"url\":\"https:\\\/\\\/www.meydan.tv\\\/az\\\/\",\"name\":\"MEYDAN.TV\",\"description\":\"Meydan TV Az\u0259rbaycan\u0131n media m\u0259kan\u0131ndak\u0131 alternativ s\u0259sidir\",\"publisher\":{\"@id\":\"https:\\\/\\\/www.meydan.tv\\\/az\\\/#organization\"},\"potentialAction\":[{\"@type\":\"SearchAction\",\"target\":{\"@type\":\"EntryPoint\",\"urlTemplate\":\"https:\\\/\\\/www.meydan.tv\\\/az\\\/?s={search_term_string}\"},\"query-input\":{\"@type\":\"PropertyValueSpecification\",\"valueRequired\":true,\"valueName\":\"search_term_string\"}}],\"inLanguage\":\"az\"},{\"@type\":\"Organization\",\"@id\":\"https:\\\/\\\/www.meydan.tv\\\/az\\\/#organization\",\"name\":\"Meydan TV\",\"url\":\"https:\\\/\\\/www.meydan.tv\\\/az\\\/\",\"logo\":{\"@type\":\"ImageObject\",\"inLanguage\":\"az\",\"@id\":\"https:\\\/\\\/www.meydan.tv\\\/az\\\/#\\\/schema\\\/logo\\\/image\\\/\",\"url\":\"https:\\\/\\\/www.meydan.tv\\\/wp-content\\\/uploads\\\/2021\\\/07\\\/meydan-logo.svg\",\"contentUrl\":\"https:\\\/\\\/www.meydan.tv\\\/wp-content\\\/uploads\\\/2021\\\/07\\\/meydan-logo.svg\",\"width\":195,\"height\":46,\"caption\":\"Meydan TV\"},\"image\":{\"@id\":\"https:\\\/\\\/www.meydan.tv\\\/az\\\/#\\\/schema\\\/logo\\\/image\\\/\"}},{\"@type\":\"Person\",\"@id\":\"https:\\\/\\\/www.meydan.tv\\\/az\\\/#\\\/schema\\\/person\\\/9cdbecf90d17180ce1dfbd95b08dcf47\",\"name\":\"elli\",\"sameAs\":[\"https:\\\/\\\/x.com\\\/elli\"]}]}<\/script>\n<!-- \/ Yoast SEO plugin. -->","yoast_head_json":{"title":"D\u0130N Sumqay\u0131tdak\u0131 o\u011furluqla ba\u011fl\u0131 cinay\u0259t i\u015fi a\u00e7\u0131ld\u0131\u011f\u0131n\u0131 deyir - MEYDAN.TV","robots":{"index":"index","follow":"follow","max-snippet":"max-snippet:-1","max-image-preview":"max-image-preview:large","max-video-preview":"max-video-preview:-1"},"canonical":"https:\/\/www.meydan.tv\/az\/article\/din-sumqayitdaki-ogurluqla-bagli-cinayet-isi-acildigini-deyir\/","og_locale":"az_AZ","og_type":"article","og_title":"D\u0130N Sumqay\u0131tdak\u0131 o\u011furluqla ba\u011fl\u0131 cinay\u0259t i\u015fi a\u00e7\u0131ld\u0131\u011f\u0131n\u0131 deyir - MEYDAN.TV","og_description":"Anar Qafarov: &#8220;Bu bar\u0259d\u0259 v\u0259t\u0259nda\u015fa da m\u0259lumat verilib&#8221; Daxili \u0130\u015fl\u0259r ... Davam\u0131","og_url":"https:\/\/www.meydan.tv\/az\/article\/din-sumqayitdaki-ogurluqla-bagli-cinayet-isi-acildigini-deyir\/","og_site_name":"MEYDAN.TV","article_published_time":"2023-08-15T09:18:43+00:00","article_modified_time":"2023-08-15T09:18:47+00:00","og_image":[{"width":1456,"height":572,"url":"https:\/\/www.meydan.tv\/wp-content\/uploads\/38071.png","type":"image\/png"}],"author":"elli","twitter_card":"summary_large_image","twitter_creator":"@elli","schema":{"@context":"https:\/\/schema.org","@graph":[{"@type":"Article","@id":"https:\/\/www.meydan.tv\/az\/article\/din-sumqayitdaki-ogurluqla-bagli-cinayet-isi-acildigini-deyir\/#article","isPartOf":{"@id":"https:\/\/www.meydan.tv\/az\/article\/din-sumqayitdaki-ogurluqla-bagli-cinayet-isi-acildigini-deyir\/"},"author":{"name":"elli","@id":"https:\/\/www.meydan.tv\/az\/#\/schema\/person\/9cdbecf90d17180ce1dfbd95b08dcf47"},"headline":"D\u0130N Sumqay\u0131tdak\u0131 o\u011furluqla ba\u011fl\u0131 cinay\u0259t i\u015fi a\u00e7\u0131ld\u0131\u011f\u0131n\u0131 deyir","datePublished":"2023-08-15T09:18:43+00:00","dateModified":"2023-08-15T09:18:47+00:00","mainEntityOfPage":{"@id":"https:\/\/www.meydan.tv\/az\/article\/din-sumqayitdaki-ogurluqla-bagli-cinayet-isi-acildigini-deyir\/"},"wordCount":256,"publisher":{"@id":"https:\/\/www.meydan.tv\/az\/#organization"},"image":{"@id":"https:\/\/www.meydan.tv\/az\/article\/din-sumqayitdaki-ogurluqla-bagli-cinayet-isi-acildigini-deyir\/#primaryimage"},"thumbnailUrl":"https:\/\/www.meydan.tv\/wp-content\/uploads\/38071.png","articleSection":["B\u00f6lg\u0259","X\u0259b\u0259rl\u0259r"],"inLanguage":"az"},{"@type":"WebPage","@id":"https:\/\/www.meydan.tv\/az\/article\/din-sumqayitdaki-ogurluqla-bagli-cinayet-isi-acildigini-deyir\/","url":"https:\/\/www.meydan.tv\/az\/article\/din-sumqayitdaki-ogurluqla-bagli-cinayet-isi-acildigini-deyir\/","name":"D\u0130N Sumqay\u0131tdak\u0131 o\u011furluqla ba\u011fl\u0131 cinay\u0259t i\u015fi a\u00e7\u0131ld\u0131\u011f\u0131n\u0131 deyir - MEYDAN.TV","isPartOf":{"@id":"https:\/\/www.meydan.tv\/az\/#website"},"primaryImageOfPage":{"@id":"https:\/\/www.meydan.tv\/az\/article\/din-sumqayitdaki-ogurluqla-bagli-cinayet-isi-acildigini-deyir\/#primaryimage"},"image":{"@id":"https:\/\/www.meydan.tv\/az\/article\/din-sumqayitdaki-ogurluqla-bagli-cinayet-isi-acildigini-deyir\/#primaryimage"},"thumbnailUrl":"https:\/\/www.meydan.tv\/wp-content\/uploads\/38071.png","datePublished":"2023-08-15T09:18:43+00:00","dateModified":"2023-08-15T09:18:47+00:00","breadcrumb":{"@id":"https:\/\/www.meydan.tv\/az\/article\/din-sumqayitdaki-ogurluqla-bagli-cinayet-isi-acildigini-deyir\/#breadcrumb"},"inLanguage":"az","potentialAction":[{"@type":"ReadAction","target":["https:\/\/www.meydan.tv\/az\/article\/din-sumqayitdaki-ogurluqla-bagli-cinayet-isi-acildigini-deyir\/"]}]},{"@type":"ImageObject","inLanguage":"az","@id":"https:\/\/www.meydan.tv\/az\/article\/din-sumqayitdaki-ogurluqla-bagli-cinayet-isi-acildigini-deyir\/#primaryimage","url":"https:\/\/www.meydan.tv\/wp-content\/uploads\/38071.png","contentUrl":"https:\/\/www.meydan.tv\/wp-content\/uploads\/38071.png","width":1456,"height":572,"caption":"Foto: Meydan TV"},{"@type":"BreadcrumbList","@id":"https:\/\/www.meydan.tv\/az\/article\/din-sumqayitdaki-ogurluqla-bagli-cinayet-isi-acildigini-deyir\/#breadcrumb","itemListElement":[{"@type":"ListItem","position":1,"name":"Ana s\u0259hif\u0259","item":"https:\/\/www.meydan.tv\/az\/"},{"@type":"ListItem","position":2,"name":"B\u00f6lg\u0259","item":"https:\/\/www.meydan.tv\/az\/section\/bolge\/"},{"@type":"ListItem","position":3,"name":"D\u0130N Sumqay\u0131tdak\u0131 o\u011furluqla ba\u011fl\u0131 cinay\u0259t i\u015fi a\u00e7\u0131ld\u0131\u011f\u0131n\u0131 deyir"}]},{"@type":"WebSite","@id":"https:\/\/www.meydan.tv\/az\/#website","url":"https:\/\/www.meydan.tv\/az\/","name":"MEYDAN.TV","description":"Meydan TV Az\u0259rbaycan\u0131n media m\u0259kan\u0131ndak\u0131 alternativ s\u0259sidir","publisher":{"@id":"https:\/\/www.meydan.tv\/az\/#organization"},"potentialAction":[{"@type":"SearchAction","target":{"@type":"EntryPoint","urlTemplate":"https:\/\/www.meydan.tv\/az\/?s={search_term_string}"},"query-input":{"@type":"PropertyValueSpecification","valueRequired":true,"valueName":"search_term_string"}}],"inLanguage":"az"},{"@type":"Organization","@id":"https:\/\/www.meydan.tv\/az\/#organization","name":"Meydan TV","url":"https:\/\/www.meydan.tv\/az\/","logo":{"@type":"ImageObject","inLanguage":"az","@id":"https:\/\/www.meydan.tv\/az\/#\/schema\/logo\/image\/","url":"https:\/\/www.meydan.tv\/wp-content\/uploads\/2021\/07\/meydan-logo.svg","contentUrl":"https:\/\/www.meydan.tv\/wp-content\/uploads\/2021\/07\/meydan-logo.svg","width":195,"height":46,"caption":"Meydan TV"},"image":{"@id":"https:\/\/www.meydan.tv\/az\/#\/schema\/logo\/image\/"}},{"@type":"Person","@id":"https:\/\/www.meydan.tv\/az\/#\/schema\/person\/9cdbecf90d17180ce1dfbd95b08dcf47","name":"elli","sameAs":["https:\/\/x.com\/elli"]}]}},"_links":{"self":[{"href":"https:\/\/www.meydan.tv\/az\/wp-json\/wp\/v2\/posts\/282285","targetHints":{"allow":["GET"]}}],"collection":[{"href":"https:\/\/www.meydan.tv\/az\/wp-json\/wp\/v2\/posts"}],"about":[{"href":"https:\/\/www.meydan.tv\/az\/wp-json\/wp\/v2\/types\/post"}],"author":[{"embeddable":true,"href":"https:\/\/www.meydan.tv\/az\/wp-json\/wp\/v2\/users\/8"}],"replies":[{"embeddable":true,"href":"https:\/\/www.meydan.tv\/az\/wp-json\/wp\/v2\/comments?post=282285"}],"version-history":[{"count":3,"href":"https:\/\/www.meydan.tv\/az\/wp-json\/wp\/v2\/posts\/282285\/revisions"}],"predecessor-version":[{"id":282290,"href":"https:\/\/www.meydan.tv\/az\/wp-json\/wp\/v2\/posts\/282285\/revisions\/282290"}],"wp:featuredmedia":[{"embeddable":true,"href":"https:\/\/www.meydan.tv\/az\/wp-json\/wp\/v2\/media\/96473"}],"wp:attachment":[{"href":"https:\/\/www.meydan.tv\/az\/wp-json\/wp\/v2\/media?parent=282285"}],"wp:term":[{"taxonomy":"category","embeddable":true,"href":"https:\/\/www.meydan.tv\/az\/wp-json\/wp\/v2\/categories?post=282285"},{"taxonomy":"post_tag","embeddable":true,"href":"https:\/\/www.meydan.tv\/az\/wp-json\/wp\/v2\/tags?post=282285"}],"curies":[{"name":"wp","href":"https:\/\/api.w.org\/{rel}","templated":true}]}}