{"id":282277,"date":"2023-08-15T12:35:54","date_gmt":"2023-08-15T08:35:54","guid":{"rendered":"https:\/\/www.meydan.tv\/?p=282277"},"modified":"2023-08-15T12:39:24","modified_gmt":"2023-08-15T08:39:24","slug":"iranli-rejissora-6-ay-hebs-cezasi-verildi","status":"publish","type":"post","link":"https:\/\/www.meydan.tv\/az\/article\/iranli-rejissora-6-ay-hebs-cezasi-verildi\/","title":{"rendered":"\u0130ranl\u0131 rejissora 6 ay h\u0259bs c\u0259zas\u0131 verildi"},"content":{"rendered":"\n<p><\/p>\n\n\n\n<p><strong><em>O, h\u00f6kum\u0259t \u0259leyhin\u0259 t\u0259bli\u011fat aparmaqda ittiham olunub<\/em><\/strong><\/p>\n\n\n\n<p>\u0130ranl\u0131 rejissor Saeed Roustayiy\u0259 6 ay h\u0259bs c\u0259zas\u0131 verildiyi <a href=\"https:\/\/ifpnews.com\/iranian-filmmaker-saeed-roustayi-six-month-sentence\/\" target=\"_blank\" rel=\"noreferrer noopener\">bildirilir.<\/a><\/p>\n\n\n\n<p>Rejissor \u201cLeylan\u0131n qarda\u015flar\u0131\u201d (\u201cLeila&#8217;s Brothers\u201d) filminin \u00e7\u0259kili\u015fin\u0259 v\u0259 Kann Kino Festival\u0131nda n\u00fcmayi\u015fin\u0259 g\u00f6r\u0259 h\u00f6kum\u0259t \u0259leyhin\u0259 t\u0259bli\u011fat aparmaq ittiham\u0131 il\u0259 6 ay h\u0259bs c\u0259zas\u0131na m\u0259hkum edilib.<\/p>\n\n\n\n<p>H\u00f6km\u00fcn Tehran \u0130nqilab M\u0259hk\u0259m\u0259sinin 26-c\u0131 \u015f\u00f6b\u0259sind\u0259 \u00e7\u0131xar\u0131ld\u0131\u011f\u0131 bildirilir.<\/p>\n\n\n\n<p>\u201cLeylan\u0131n qarda\u015flar\u0131\u201d dram filmi 2022-ci il istehsal\u0131d\u0131r.<\/p>\n\n\n\n<p>Ba\u015f rollarda T\u0259ran\u0259 \u018flidusti, Navid M\u0259h\u0259mm\u0259dzad\u0259 v\u0259 Peyman Maadi \u00e7\u0259kilibl\u0259r.<\/p>\n\n\n\n<p>Rejissor bu film\u0259 g\u00f6r\u0259 2022-ci ild\u0259 Kann Film Festival\u0131nda Beyn\u0259lxalq T\u0259nqid\u00e7il\u0259r Federasiyas\u0131n\u0131n (Fipresci) x\u00fcsusi m\u00fckafat\u0131na layiq g\u00f6r\u00fcl\u00fcb.<\/p>\n\n\n\n<p>2022-ci ilin dekabr\u0131nda aktrisa T\u0259ran\u0259 \u018flidusti d\u0259 M\u0259hsa \u018fmininin \u00f6l\u00fcm\u00fc il\u0259 \u0259laq\u0259dar \u0130randa ke\u00e7iril\u0259n aksiyalalara d\u0259st\u0259k verdiyin\u0259 g\u00f6r\u0259 h\u0259bs edilmi\u015fdi.<\/p>\n\n\n\n<p>\u0130ran\u0131n \u201c\u0130RNA\u201d d\u00f6vl\u0259t medias\u0131 bildirmi\u015fdi ki, aktrisa \u00f6lk\u0259ni b\u00fcr\u00fcm\u00fc\u015f etiraz h\u0259r\u0259kat\u0131 haqq\u0131nda \u201cyalan m\u0259lumat yaymaq\u201d ittiham\u0131 il\u0259 saxlan\u0131l\u0131b.<\/p>\n","protected":false},"excerpt":{"rendered":"<p>O, h\u00f6kum\u0259t \u0259leyhin\u0259 t\u0259bli\u011fat aparmaqda ittiham olunub \u0130ranl\u0131 rejissor Saeed &#8230; <\/p>\n<p class=\"read-more-container\"><a title=\"\u0130ranl\u0131 rejissora 6 ay h\u0259bs c\u0259zas\u0131 verildi\" class=\"read-more button\" href=\"https:\/\/www.meydan.tv\/az\/article\/iranli-rejissora-6-ay-hebs-cezasi-verildi\/#more-282277\" aria-label=\"Read more about \u0130ranl\u0131 rejissora 6 ay h\u0259bs c\u0259zas\u0131 verildi\">Davam\u0131<\/a><\/p>\n","protected":false},"author":8,"featured_media":282281,"comment_status":"closed","ping_status":"closed","sticky":false,"template":"","format":"standard","meta":{"_acf_changed":false,"_sitemap_exclude":false,"_sitemap_priority":"","_sitemap_frequency":"","footnotes":""},"categories":[64,52,56],"tags":[],"class_list":["post-282277","post","type-post","status-publish","format-standard","has-post-thumbnail","hentry","category-dunya","category-medeniyyet","category-xeberler","infinite-scroll-item","generate-columns","tablet-grid-50","mobile-grid-100","grid-parent","grid-33","no-featured-image-padding"],"acf":[],"yoast_head":"<!-- This site is optimized with the Yoast SEO plugin v27.4 - https:\/\/yoast.com\/product\/yoast-seo-wordpress\/ -->\n<title>\u0130ranl\u0131 rejissora 6 ay h\u0259bs c\u0259zas\u0131 verildi - MEYDAN.TV<\/title>\n<meta name=\"robots\" content=\"index, follow, max-snippet:-1, max-image-preview:large, max-video-preview:-1\" \/>\n<link rel=\"canonical\" href=\"https:\/\/www.meydan.tv\/az\/article\/iranli-rejissora-6-ay-hebs-cezasi-verildi\/\" \/>\n<meta property=\"og:locale\" content=\"az_AZ\" \/>\n<meta property=\"og:type\" content=\"article\" \/>\n<meta property=\"og:title\" content=\"\u0130ranl\u0131 rejissora 6 ay h\u0259bs c\u0259zas\u0131 verildi - MEYDAN.TV\" \/>\n<meta property=\"og:description\" content=\"O, h\u00f6kum\u0259t \u0259leyhin\u0259 t\u0259bli\u011fat aparmaqda ittiham olunub \u0130ranl\u0131 rejissor Saeed ... Davam\u0131\" \/>\n<meta property=\"og:url\" content=\"https:\/\/www.meydan.tv\/az\/article\/iranli-rejissora-6-ay-hebs-cezasi-verildi\/\" \/>\n<meta property=\"og:site_name\" content=\"MEYDAN.TV\" \/>\n<meta property=\"article:published_time\" content=\"2023-08-15T08:35:54+00:00\" \/>\n<meta property=\"article:modified_time\" content=\"2023-08-15T08:39:24+00:00\" \/>\n<meta property=\"og:image\" content=\"https:\/\/www.meydan.tv\/wp-content\/uploads\/resisor.jpg\" \/>\n\t<meta property=\"og:image:width\" content=\"1200\" \/>\n\t<meta property=\"og:image:height\" content=\"531\" \/>\n\t<meta property=\"og:image:type\" content=\"image\/jpeg\" \/>\n<meta name=\"author\" content=\"elli\" \/>\n<meta name=\"twitter:card\" content=\"summary_large_image\" \/>\n<meta name=\"twitter:creator\" content=\"@elli\" \/>\n<script type=\"application\/ld+json\" class=\"yoast-schema-graph\">{\"@context\":\"https:\\\/\\\/schema.org\",\"@graph\":[{\"@type\":\"Article\",\"@id\":\"https:\\\/\\\/www.meydan.tv\\\/az\\\/article\\\/iranli-rejissora-6-ay-hebs-cezasi-verildi\\\/#article\",\"isPartOf\":{\"@id\":\"https:\\\/\\\/www.meydan.tv\\\/az\\\/article\\\/iranli-rejissora-6-ay-hebs-cezasi-verildi\\\/\"},\"author\":{\"name\":\"elli\",\"@id\":\"https:\\\/\\\/www.meydan.tv\\\/az\\\/#\\\/schema\\\/person\\\/9cdbecf90d17180ce1dfbd95b08dcf47\"},\"headline\":\"\u0130ranl\u0131 rejissora 6 ay h\u0259bs c\u0259zas\u0131 verildi\",\"datePublished\":\"2023-08-15T08:35:54+00:00\",\"dateModified\":\"2023-08-15T08:39:24+00:00\",\"mainEntityOfPage\":{\"@id\":\"https:\\\/\\\/www.meydan.tv\\\/az\\\/article\\\/iranli-rejissora-6-ay-hebs-cezasi-verildi\\\/\"},\"wordCount\":205,\"publisher\":{\"@id\":\"https:\\\/\\\/www.meydan.tv\\\/az\\\/#organization\"},\"image\":{\"@id\":\"https:\\\/\\\/www.meydan.tv\\\/az\\\/article\\\/iranli-rejissora-6-ay-hebs-cezasi-verildi\\\/#primaryimage\"},\"thumbnailUrl\":\"https:\\\/\\\/www.meydan.tv\\\/wp-content\\\/uploads\\\/resisor.jpg\",\"articleSection\":[\"D\u00fcnya\",\"M\u0259d\u0259niyy\u0259t\",\"X\u0259b\u0259rl\u0259r\"],\"inLanguage\":\"az\"},{\"@type\":\"WebPage\",\"@id\":\"https:\\\/\\\/www.meydan.tv\\\/az\\\/article\\\/iranli-rejissora-6-ay-hebs-cezasi-verildi\\\/\",\"url\":\"https:\\\/\\\/www.meydan.tv\\\/az\\\/article\\\/iranli-rejissora-6-ay-hebs-cezasi-verildi\\\/\",\"name\":\"\u0130ranl\u0131 rejissora 6 ay h\u0259bs c\u0259zas\u0131 verildi - MEYDAN.TV\",\"isPartOf\":{\"@id\":\"https:\\\/\\\/www.meydan.tv\\\/az\\\/#website\"},\"primaryImageOfPage\":{\"@id\":\"https:\\\/\\\/www.meydan.tv\\\/az\\\/article\\\/iranli-rejissora-6-ay-hebs-cezasi-verildi\\\/#primaryimage\"},\"image\":{\"@id\":\"https:\\\/\\\/www.meydan.tv\\\/az\\\/article\\\/iranli-rejissora-6-ay-hebs-cezasi-verildi\\\/#primaryimage\"},\"thumbnailUrl\":\"https:\\\/\\\/www.meydan.tv\\\/wp-content\\\/uploads\\\/resisor.jpg\",\"datePublished\":\"2023-08-15T08:35:54+00:00\",\"dateModified\":\"2023-08-15T08:39:24+00:00\",\"breadcrumb\":{\"@id\":\"https:\\\/\\\/www.meydan.tv\\\/az\\\/article\\\/iranli-rejissora-6-ay-hebs-cezasi-verildi\\\/#breadcrumb\"},\"inLanguage\":\"az\",\"potentialAction\":[{\"@type\":\"ReadAction\",\"target\":[\"https:\\\/\\\/www.meydan.tv\\\/az\\\/article\\\/iranli-rejissora-6-ay-hebs-cezasi-verildi\\\/\"]}]},{\"@type\":\"ImageObject\",\"inLanguage\":\"az\",\"@id\":\"https:\\\/\\\/www.meydan.tv\\\/az\\\/article\\\/iranli-rejissora-6-ay-hebs-cezasi-verildi\\\/#primaryimage\",\"url\":\"https:\\\/\\\/www.meydan.tv\\\/wp-content\\\/uploads\\\/resisor.jpg\",\"contentUrl\":\"https:\\\/\\\/www.meydan.tv\\\/wp-content\\\/uploads\\\/resisor.jpg\",\"width\":1200,\"height\":531,\"caption\":\"Saeed Roustayi. Foto: \\\"ifpnews.com\\\"\"},{\"@type\":\"BreadcrumbList\",\"@id\":\"https:\\\/\\\/www.meydan.tv\\\/az\\\/article\\\/iranli-rejissora-6-ay-hebs-cezasi-verildi\\\/#breadcrumb\",\"itemListElement\":[{\"@type\":\"ListItem\",\"position\":1,\"name\":\"Ana s\u0259hif\u0259\",\"item\":\"https:\\\/\\\/www.meydan.tv\\\/az\\\/\"},{\"@type\":\"ListItem\",\"position\":2,\"name\":\"M\u0259d\u0259niyy\u0259t\",\"item\":\"https:\\\/\\\/www.meydan.tv\\\/az\\\/section\\\/medeniyyet\\\/\"},{\"@type\":\"ListItem\",\"position\":3,\"name\":\"\u0130ranl\u0131 rejissora 6 ay h\u0259bs c\u0259zas\u0131 verildi\"}]},{\"@type\":\"WebSite\",\"@id\":\"https:\\\/\\\/www.meydan.tv\\\/az\\\/#website\",\"url\":\"https:\\\/\\\/www.meydan.tv\\\/az\\\/\",\"name\":\"MEYDAN.TV\",\"description\":\"Meydan TV Az\u0259rbaycan\u0131n media m\u0259kan\u0131ndak\u0131 alternativ s\u0259sidir\",\"publisher\":{\"@id\":\"https:\\\/\\\/www.meydan.tv\\\/az\\\/#organization\"},\"potentialAction\":[{\"@type\":\"SearchAction\",\"target\":{\"@type\":\"EntryPoint\",\"urlTemplate\":\"https:\\\/\\\/www.meydan.tv\\\/az\\\/?s={search_term_string}\"},\"query-input\":{\"@type\":\"PropertyValueSpecification\",\"valueRequired\":true,\"valueName\":\"search_term_string\"}}],\"inLanguage\":\"az\"},{\"@type\":\"Organization\",\"@id\":\"https:\\\/\\\/www.meydan.tv\\\/az\\\/#organization\",\"name\":\"Meydan TV\",\"url\":\"https:\\\/\\\/www.meydan.tv\\\/az\\\/\",\"logo\":{\"@type\":\"ImageObject\",\"inLanguage\":\"az\",\"@id\":\"https:\\\/\\\/www.meydan.tv\\\/az\\\/#\\\/schema\\\/logo\\\/image\\\/\",\"url\":\"https:\\\/\\\/www.meydan.tv\\\/wp-content\\\/uploads\\\/2021\\\/07\\\/meydan-logo.svg\",\"contentUrl\":\"https:\\\/\\\/www.meydan.tv\\\/wp-content\\\/uploads\\\/2021\\\/07\\\/meydan-logo.svg\",\"width\":195,\"height\":46,\"caption\":\"Meydan TV\"},\"image\":{\"@id\":\"https:\\\/\\\/www.meydan.tv\\\/az\\\/#\\\/schema\\\/logo\\\/image\\\/\"}},{\"@type\":\"Person\",\"@id\":\"https:\\\/\\\/www.meydan.tv\\\/az\\\/#\\\/schema\\\/person\\\/9cdbecf90d17180ce1dfbd95b08dcf47\",\"name\":\"elli\",\"sameAs\":[\"https:\\\/\\\/x.com\\\/elli\"]}]}<\/script>\n<!-- \/ Yoast SEO plugin. -->","yoast_head_json":{"title":"\u0130ranl\u0131 rejissora 6 ay h\u0259bs c\u0259zas\u0131 verildi - MEYDAN.TV","robots":{"index":"index","follow":"follow","max-snippet":"max-snippet:-1","max-image-preview":"max-image-preview:large","max-video-preview":"max-video-preview:-1"},"canonical":"https:\/\/www.meydan.tv\/az\/article\/iranli-rejissora-6-ay-hebs-cezasi-verildi\/","og_locale":"az_AZ","og_type":"article","og_title":"\u0130ranl\u0131 rejissora 6 ay h\u0259bs c\u0259zas\u0131 verildi - MEYDAN.TV","og_description":"O, h\u00f6kum\u0259t \u0259leyhin\u0259 t\u0259bli\u011fat aparmaqda ittiham olunub \u0130ranl\u0131 rejissor Saeed ... Davam\u0131","og_url":"https:\/\/www.meydan.tv\/az\/article\/iranli-rejissora-6-ay-hebs-cezasi-verildi\/","og_site_name":"MEYDAN.TV","article_published_time":"2023-08-15T08:35:54+00:00","article_modified_time":"2023-08-15T08:39:24+00:00","og_image":[{"width":1200,"height":531,"url":"https:\/\/www.meydan.tv\/wp-content\/uploads\/resisor.jpg","type":"image\/jpeg"}],"author":"elli","twitter_card":"summary_large_image","twitter_creator":"@elli","schema":{"@context":"https:\/\/schema.org","@graph":[{"@type":"Article","@id":"https:\/\/www.meydan.tv\/az\/article\/iranli-rejissora-6-ay-hebs-cezasi-verildi\/#article","isPartOf":{"@id":"https:\/\/www.meydan.tv\/az\/article\/iranli-rejissora-6-ay-hebs-cezasi-verildi\/"},"author":{"name":"elli","@id":"https:\/\/www.meydan.tv\/az\/#\/schema\/person\/9cdbecf90d17180ce1dfbd95b08dcf47"},"headline":"\u0130ranl\u0131 rejissora 6 ay h\u0259bs c\u0259zas\u0131 verildi","datePublished":"2023-08-15T08:35:54+00:00","dateModified":"2023-08-15T08:39:24+00:00","mainEntityOfPage":{"@id":"https:\/\/www.meydan.tv\/az\/article\/iranli-rejissora-6-ay-hebs-cezasi-verildi\/"},"wordCount":205,"publisher":{"@id":"https:\/\/www.meydan.tv\/az\/#organization"},"image":{"@id":"https:\/\/www.meydan.tv\/az\/article\/iranli-rejissora-6-ay-hebs-cezasi-verildi\/#primaryimage"},"thumbnailUrl":"https:\/\/www.meydan.tv\/wp-content\/uploads\/resisor.jpg","articleSection":["D\u00fcnya","M\u0259d\u0259niyy\u0259t","X\u0259b\u0259rl\u0259r"],"inLanguage":"az"},{"@type":"WebPage","@id":"https:\/\/www.meydan.tv\/az\/article\/iranli-rejissora-6-ay-hebs-cezasi-verildi\/","url":"https:\/\/www.meydan.tv\/az\/article\/iranli-rejissora-6-ay-hebs-cezasi-verildi\/","name":"\u0130ranl\u0131 rejissora 6 ay h\u0259bs c\u0259zas\u0131 verildi - MEYDAN.TV","isPartOf":{"@id":"https:\/\/www.meydan.tv\/az\/#website"},"primaryImageOfPage":{"@id":"https:\/\/www.meydan.tv\/az\/article\/iranli-rejissora-6-ay-hebs-cezasi-verildi\/#primaryimage"},"image":{"@id":"https:\/\/www.meydan.tv\/az\/article\/iranli-rejissora-6-ay-hebs-cezasi-verildi\/#primaryimage"},"thumbnailUrl":"https:\/\/www.meydan.tv\/wp-content\/uploads\/resisor.jpg","datePublished":"2023-08-15T08:35:54+00:00","dateModified":"2023-08-15T08:39:24+00:00","breadcrumb":{"@id":"https:\/\/www.meydan.tv\/az\/article\/iranli-rejissora-6-ay-hebs-cezasi-verildi\/#breadcrumb"},"inLanguage":"az","potentialAction":[{"@type":"ReadAction","target":["https:\/\/www.meydan.tv\/az\/article\/iranli-rejissora-6-ay-hebs-cezasi-verildi\/"]}]},{"@type":"ImageObject","inLanguage":"az","@id":"https:\/\/www.meydan.tv\/az\/article\/iranli-rejissora-6-ay-hebs-cezasi-verildi\/#primaryimage","url":"https:\/\/www.meydan.tv\/wp-content\/uploads\/resisor.jpg","contentUrl":"https:\/\/www.meydan.tv\/wp-content\/uploads\/resisor.jpg","width":1200,"height":531,"caption":"Saeed Roustayi. Foto: \"ifpnews.com\""},{"@type":"BreadcrumbList","@id":"https:\/\/www.meydan.tv\/az\/article\/iranli-rejissora-6-ay-hebs-cezasi-verildi\/#breadcrumb","itemListElement":[{"@type":"ListItem","position":1,"name":"Ana s\u0259hif\u0259","item":"https:\/\/www.meydan.tv\/az\/"},{"@type":"ListItem","position":2,"name":"M\u0259d\u0259niyy\u0259t","item":"https:\/\/www.meydan.tv\/az\/section\/medeniyyet\/"},{"@type":"ListItem","position":3,"name":"\u0130ranl\u0131 rejissora 6 ay h\u0259bs c\u0259zas\u0131 verildi"}]},{"@type":"WebSite","@id":"https:\/\/www.meydan.tv\/az\/#website","url":"https:\/\/www.meydan.tv\/az\/","name":"MEYDAN.TV","description":"Meydan TV Az\u0259rbaycan\u0131n media m\u0259kan\u0131ndak\u0131 alternativ s\u0259sidir","publisher":{"@id":"https:\/\/www.meydan.tv\/az\/#organization"},"potentialAction":[{"@type":"SearchAction","target":{"@type":"EntryPoint","urlTemplate":"https:\/\/www.meydan.tv\/az\/?s={search_term_string}"},"query-input":{"@type":"PropertyValueSpecification","valueRequired":true,"valueName":"search_term_string"}}],"inLanguage":"az"},{"@type":"Organization","@id":"https:\/\/www.meydan.tv\/az\/#organization","name":"Meydan TV","url":"https:\/\/www.meydan.tv\/az\/","logo":{"@type":"ImageObject","inLanguage":"az","@id":"https:\/\/www.meydan.tv\/az\/#\/schema\/logo\/image\/","url":"https:\/\/www.meydan.tv\/wp-content\/uploads\/2021\/07\/meydan-logo.svg","contentUrl":"https:\/\/www.meydan.tv\/wp-content\/uploads\/2021\/07\/meydan-logo.svg","width":195,"height":46,"caption":"Meydan TV"},"image":{"@id":"https:\/\/www.meydan.tv\/az\/#\/schema\/logo\/image\/"}},{"@type":"Person","@id":"https:\/\/www.meydan.tv\/az\/#\/schema\/person\/9cdbecf90d17180ce1dfbd95b08dcf47","name":"elli","sameAs":["https:\/\/x.com\/elli"]}]}},"_links":{"self":[{"href":"https:\/\/www.meydan.tv\/az\/wp-json\/wp\/v2\/posts\/282277","targetHints":{"allow":["GET"]}}],"collection":[{"href":"https:\/\/www.meydan.tv\/az\/wp-json\/wp\/v2\/posts"}],"about":[{"href":"https:\/\/www.meydan.tv\/az\/wp-json\/wp\/v2\/types\/post"}],"author":[{"embeddable":true,"href":"https:\/\/www.meydan.tv\/az\/wp-json\/wp\/v2\/users\/8"}],"replies":[{"embeddable":true,"href":"https:\/\/www.meydan.tv\/az\/wp-json\/wp\/v2\/comments?post=282277"}],"version-history":[{"count":1,"href":"https:\/\/www.meydan.tv\/az\/wp-json\/wp\/v2\/posts\/282277\/revisions"}],"predecessor-version":[{"id":282279,"href":"https:\/\/www.meydan.tv\/az\/wp-json\/wp\/v2\/posts\/282277\/revisions\/282279"}],"wp:featuredmedia":[{"embeddable":true,"href":"https:\/\/www.meydan.tv\/az\/wp-json\/wp\/v2\/media\/282281"}],"wp:attachment":[{"href":"https:\/\/www.meydan.tv\/az\/wp-json\/wp\/v2\/media?parent=282277"}],"wp:term":[{"taxonomy":"category","embeddable":true,"href":"https:\/\/www.meydan.tv\/az\/wp-json\/wp\/v2\/categories?post=282277"},{"taxonomy":"post_tag","embeddable":true,"href":"https:\/\/www.meydan.tv\/az\/wp-json\/wp\/v2\/tags?post=282277"}],"curies":[{"name":"wp","href":"https:\/\/api.w.org\/{rel}","templated":true}]}}