{"id":282241,"date":"2023-08-14T19:17:29","date_gmt":"2023-08-14T15:17:29","guid":{"rendered":"https:\/\/www.meydan.tv\/?p=282241"},"modified":"2023-08-14T21:16:59","modified_gmt":"2023-08-14T17:16:59","slug":"wolt-daha-dasinma-xidmeti-gostermeyecek","status":"publish","type":"post","link":"https:\/\/www.meydan.tv\/az\/article\/wolt-daha-dasinma-xidmeti-gostermeyecek\/","title":{"rendered":"\u201cWolt\u201d daha da\u015f\u0131nma xidm\u0259ti g\u00f6st\u0259rm\u0259y\u0259c\u0259k"},"content":{"rendered":"\n<p><\/p>\n\n\n\n<p><strong><em>AQTA \u015firk\u0259tl\u0259 ba\u011fl\u0131 q\u0259rar q\u0259bul edib<\/em><\/strong><\/p>\n\n\n\n<p>Az\u0259rbaycan Respublikas\u0131n\u0131n Qida T\u0259hl\u00fck\u0259sizliyi Agentliyi \u201cVolt Az\u0259rbaycan\u201d (\u201cWolt\u201d) M\u0259hdud M\u0259suliyy\u0259tli C\u0259miyy\u0259tin f\u0259aliyy\u0259tinin dayand\u0131r\u0131lmas\u0131 il\u0259 ba\u011fl\u0131 m\u0259hdudla\u015fd\u0131r\u0131c\u0131 q\u0259rar\u0131n t\u0259krar t\u0259tbiqi bar\u0259d\u0259 q\u0259rar q\u0259bul edilib.<\/p>\n\n\n\n<p>Qurumun yayd\u0131\u011f\u0131 m\u0259lumatda deyilir ki, bu MMC-y\u0259 m\u0259xsus qida m\u0259hsullar\u0131n\u0131n \u00e7atd\u0131r\u0131lmas\u0131 (da\u015f\u0131nmas\u0131) m\u00fc\u0259ssis\u0259sind\u0259&nbsp; apar\u0131lm\u0131\u015f planl\u0131 yoxlama \u00e7\u0259r\u00e7iv\u0259sind\u0259 qida t\u0259hl\u00fck\u0259sizliyi sah\u0259sind\u0259 texniki normativ h\u00fcquqi aktlar\u0131n bir s\u0131ra t\u0259l\u0259bl\u0259rinin pozulmas\u0131 faktlar\u0131 a\u015fkarlan\u0131b.<\/p>\n\n\n\n<p>AQTA iddia edir ki, m\u00fc\u0259ssis\u0259 \u201dQida t\u0259hl\u00fck\u0259sizliyi haqq\u0131nda\u201d Qanuna zidd olaraq qida t\u0259hl\u00fck\u0259sizliyi qeydiyyat\u0131ndan ke\u00e7m\u0259d\u0259n f\u0259aliyy\u0259t g\u00f6st\u0259rib, qida m\u0259hsullar\u0131n\u0131n istehlak\u00e7\u0131lara \u00e7atd\u0131r\u0131lmas\u0131 zaman\u0131 isti v\u0259 soyuq z\u0259nciri qorunmay\u0131b, m\u0259hsullar\u0131n temperatur rejimi v\u0259 mal qon\u015fulu\u011fu qaydalar\u0131 pozulmaqla da\u015f\u0131n\u0131b, h\u0259min n\u0259qliyyat vasit\u0259l\u0259rind\u0259 dezinfeksiya i\u015fl\u0259ri apar\u0131lmay\u0131b, qida m\u0259hsullar\u0131n\u0131n \u00e7atd\u0131r\u0131lmas\u0131nda i\u015ftirak ed\u0259n \u015f\u0259xsl\u0259rin tibbi m\u00fcayin\u0259d\u0259n ke\u00e7m\u0259dikl\u0259ri m\u00fc\u0259yy\u0259n olunub.<\/p>\n\n\n\n<p>AQTA-dan bildirilib ki, a\u015fkarlanm\u0131\u015f n\u00f6qsanlarla \u0259laq\u0259dar s\u00f6z\u00fcged\u0259n m\u00fc\u0259ssis\u0259 t\u0259r\u0259find\u0259n qida m\u0259hsullar\u0131n\u0131n \u00e7atd\u0131r\u0131lmas\u0131 f\u0259aliyy\u0259tinin dayand\u0131r\u0131lmas\u0131, ilkin v\u0259 d\u00f6vri tibbi m\u00fcayin\u0259d\u0259n ke\u00e7m\u0259y\u0259n \u015f\u0259xsl\u0259rin m\u00fc\u0259ssis\u0259d\u0259n k\u0259narla\u015fd\u0131r\u0131lmas\u0131 il\u0259 ba\u011fl\u0131 m\u0259hdudla\u015fd\u0131r\u0131c\u0131 t\u0259dbirl\u0259rin t\u0259tbiqi bar\u0259d\u0259 q\u0259rar q\u0259bul edilib.<\/p>\n\n\n\n<p>H\u0259m\u00e7inin MMC-nin m\u0259sul \u015f\u0259xsi bar\u0259sind\u0259 m\u00fcvafiq t\u0259dbir g\u00f6r\u00fcl\u00fcb.<\/p>\n\n\n\n<p>Bildirilir ki, q\u0259bul edilmi\u015f q\u0259rar\u0131n icra v\u0259ziyy\u0259tinin yoxlan\u0131lmas\u0131 il\u0259 \u0259laq\u0259dar \u201cVolt Az\u0259rbaycan\u201d MMC-d\u0259 plandank\u0259nar yoxlama ke\u00e7irilib. Yoxlama zaman\u0131 \u015firk\u0259t t\u0259r\u0259find\u0259n n\u00f6qsanlar\u0131n aradan qald\u0131r\u0131lmad\u0131\u011f\u0131, h\u0259m\u00e7inin f\u0259aliyy\u0259tinin dayand\u0131r\u0131lmas\u0131na baxmayaraq, f\u0259aliyy\u0259t g\u00f6st\u0259rdiyi m\u00fc\u0259yy\u0259n olunub.<\/p>\n\n\n\n<p><em>\u201cG\u00f6st\u0259ril\u0259nl\u0259r\u0259 \u0259sas\u0259n, AQTA insanlar\u0131n h\u0259yat v\u0259 sa\u011flaml\u0131\u011f\u0131n\u0131n qorunmas\u0131, istehlak\u00e7\u0131lar\u0131n h\u00fcquqlar\u0131n\u0131n m\u00fcdafi\u0259si m\u0259qs\u0259dil\u0259 bir daha ictimai ia\u015f\u0259 m\u00fc\u0259ssis\u0259l\u0259rinin r\u0259hb\u0259rl\u0259rini&nbsp; qidalar\u0131n da\u015f\u0131nmas\u0131n\u0131 v\u0259 istehlak\u00e7\u0131lara \u00e7atd\u0131r\u0131lmas\u0131n\u0131 yaln\u0131z qeydiyyatdan ke\u00e7mi\u015f v\u0259 temperatur rejimi t\u0259min olunan avadanl\u0131qlara (n\u0259qliyyat vasit\u0259l\u0259rin\u0259) malik, qida il\u0259 t\u0259masda olan \u015f\u0259xsl\u0259ri tibbi m\u00fcayin\u0259d\u0259n ke\u00e7mi\u015f qida subyektl\u0259ri t\u0259r\u0259find\u0259n h\u0259yata ke\u00e7irilm\u0259sini t\u0259min etm\u0259y\u0259 \u00e7a\u011f\u0131r\u0131r\u201d, <\/em>&#8211; m\u0259lumatda qeyd olunur.<\/p>\n\n\n\n<p>Son bir ild\u0259 da\u015f\u0131nma \u015firk\u0259tl\u0259ri il\u0259 ba\u011fl\u0131 m\u0259s\u0259l\u0259l\u0259r tez-tez g\u00fcnd\u0259min \u0259sas m\u00f6vzusu olur.<\/p>\n\n\n\n<p>\u00d6t\u0259n il aprelin 21-d\u0259 \u201cWolt\u201d \u015firk\u0259tinin kuryerl\u0259ri xidm\u0259t haqlar\u0131n\u0131n a\u015fa\u011f\u0131 olmas\u0131 il\u0259 \u0259laq\u0259dar sosial \u015f\u0259b\u0259k\u0259l\u0259rd\u0259 etiraz <a href=\"https:\/\/www.meydan.tv\/az\/article\/kuryerler-yurus-kecirib-qiymetler-qalxmayanadek-islemeyeceyik\/\" target=\"_blank\" rel=\"noreferrer noopener\">edibl\u0259r<\/a>.<\/p>\n\n\n\n<p>Bu il avqustun 1-d\u0259 is\u0259 bir qrup kuryer idar\u0259 etdikl\u0259ri mopedl\u0259ri yol polisl\u0259rinin saxlayaraq c\u0259rim\u0259 meydan\u00e7as\u0131na aparmas\u0131na etiraz edib. H\u0259min etiraz aksiyas\u0131ndan d\u0259rhal sonra \u0130\u015f\u00e7i Masas\u0131n\u0131n s\u0259dri Afi\u0259ddin M\u0259mm\u0259dov saxlan\u0131l\u0131b v\u0259 30 sutka inzibati h\u0259bs\u0259 m\u0259hkum edilib. Sonrak\u0131 g\u00fcnl\u0259rd\u0259 is\u0259 \u0130\u015f\u00e7i Masas\u0131 \u0130dar\u0259 Hey\u0259tinin \u00fczvl\u0259ri Ayxan \u0130srafilov v\u0259 Elvin Mustafayev narkotik madd\u0259l\u0259rin \u0259ld\u0259 edilm\u0259si, saxlan\u0131lmas\u0131 v\u0259 sat\u0131\u015f\u0131 ittiham\u0131 il\u0259 h\u0259bs olunublar. \u0130\u015f\u00e7i Masas\u0131 \u0130dar\u0259 Hey\u0259tinin daha bir \u00fczv\u00fc Orxan Zeynalov is\u0259 onu t\u0259qib ed\u0259nl\u0259rin \u0259lind\u0259n qa\u00e7araq yay\u0131na bilib v\u0259 h\u0259bs t\u0259hl\u00fck\u0259si bar\u0259d\u0259 sosial \u015f\u0259b\u0259k\u0259 \u00fcz\u0259rind\u0259n m\u0259lumatlar yayd\u0131qdan sonra Daxili \u0130\u015fl\u0259r Nazirliyi onun bar\u0259sind\u0259 h\u0259r hans\u0131 icraat t\u0259dbiri olmad\u0131\u011f\u0131 haqda a\u00e7\u0131qlama verib.<\/p>\n","protected":false},"excerpt":{"rendered":"<p>AQTA \u015firk\u0259tl\u0259 ba\u011fl\u0131 q\u0259rar q\u0259bul edib Az\u0259rbaycan Respublikas\u0131n\u0131n Qida T\u0259hl\u00fck\u0259sizliyi &#8230; <\/p>\n<p class=\"read-more-container\"><a title=\"\u201cWolt\u201d daha da\u015f\u0131nma xidm\u0259ti g\u00f6st\u0259rm\u0259y\u0259c\u0259k\" class=\"read-more button\" href=\"https:\/\/www.meydan.tv\/az\/article\/wolt-daha-dasinma-xidmeti-gostermeyecek\/#more-282241\" aria-label=\"Read more about \u201cWolt\u201d daha da\u015f\u0131nma xidm\u0259ti g\u00f6st\u0259rm\u0259y\u0259c\u0259k\">Davam\u0131<\/a><\/p>\n","protected":false},"author":8,"featured_media":282256,"comment_status":"closed","ping_status":"closed","sticky":false,"template":"","format":"standard","meta":{"_acf_changed":false,"_sitemap_exclude":false,"_sitemap_priority":"","_sitemap_frequency":"","footnotes":""},"categories":[62,79,56],"tags":[],"class_list":["post-282241","post","type-post","status-publish","format-standard","has-post-thumbnail","hentry","category-sosial","category-featured","category-xeberler","infinite-scroll-item","generate-columns","tablet-grid-50","mobile-grid-100","grid-parent","grid-33","no-featured-image-padding"],"acf":[],"yoast_head":"<!-- This site is optimized with the Yoast SEO plugin v27.4 - https:\/\/yoast.com\/product\/yoast-seo-wordpress\/ -->\n<title>\u201cWolt\u201d daha da\u015f\u0131nma xidm\u0259ti g\u00f6st\u0259rm\u0259y\u0259c\u0259k - MEYDAN.TV<\/title>\n<meta name=\"robots\" content=\"index, follow, max-snippet:-1, max-image-preview:large, max-video-preview:-1\" \/>\n<link rel=\"canonical\" href=\"https:\/\/www.meydan.tv\/az\/article\/wolt-daha-dasinma-xidmeti-gostermeyecek\/\" \/>\n<meta property=\"og:locale\" content=\"az_AZ\" \/>\n<meta property=\"og:type\" content=\"article\" \/>\n<meta property=\"og:title\" content=\"\u201cWolt\u201d daha da\u015f\u0131nma xidm\u0259ti g\u00f6st\u0259rm\u0259y\u0259c\u0259k - MEYDAN.TV\" \/>\n<meta property=\"og:description\" content=\"AQTA \u015firk\u0259tl\u0259 ba\u011fl\u0131 q\u0259rar q\u0259bul edib Az\u0259rbaycan Respublikas\u0131n\u0131n Qida T\u0259hl\u00fck\u0259sizliyi ... Davam\u0131\" \/>\n<meta property=\"og:url\" content=\"https:\/\/www.meydan.tv\/az\/article\/wolt-daha-dasinma-xidmeti-gostermeyecek\/\" \/>\n<meta property=\"og:site_name\" content=\"MEYDAN.TV\" \/>\n<meta property=\"article:published_time\" content=\"2023-08-14T15:17:29+00:00\" \/>\n<meta property=\"article:modified_time\" content=\"2023-08-14T17:16:59+00:00\" \/>\n<meta property=\"og:image\" content=\"https:\/\/www.meydan.tv\/wp-content\/uploads\/shutterstock_2136592231.jpg\" \/>\n\t<meta property=\"og:image:width\" content=\"1200\" \/>\n\t<meta property=\"og:image:height\" content=\"794\" \/>\n\t<meta property=\"og:image:type\" content=\"image\/jpeg\" \/>\n<meta name=\"author\" content=\"elli\" \/>\n<meta name=\"twitter:card\" content=\"summary_large_image\" \/>\n<meta name=\"twitter:creator\" content=\"@elli\" \/>\n<script type=\"application\/ld+json\" class=\"yoast-schema-graph\">{\"@context\":\"https:\\\/\\\/schema.org\",\"@graph\":[{\"@type\":\"Article\",\"@id\":\"https:\\\/\\\/www.meydan.tv\\\/az\\\/article\\\/wolt-daha-dasinma-xidmeti-gostermeyecek\\\/#article\",\"isPartOf\":{\"@id\":\"https:\\\/\\\/www.meydan.tv\\\/az\\\/article\\\/wolt-daha-dasinma-xidmeti-gostermeyecek\\\/\"},\"author\":{\"name\":\"elli\",\"@id\":\"https:\\\/\\\/www.meydan.tv\\\/az\\\/#\\\/schema\\\/person\\\/9cdbecf90d17180ce1dfbd95b08dcf47\"},\"headline\":\"\u201cWolt\u201d daha da\u015f\u0131nma xidm\u0259ti g\u00f6st\u0259rm\u0259y\u0259c\u0259k\",\"datePublished\":\"2023-08-14T15:17:29+00:00\",\"dateModified\":\"2023-08-14T17:16:59+00:00\",\"mainEntityOfPage\":{\"@id\":\"https:\\\/\\\/www.meydan.tv\\\/az\\\/article\\\/wolt-daha-dasinma-xidmeti-gostermeyecek\\\/\"},\"wordCount\":710,\"publisher\":{\"@id\":\"https:\\\/\\\/www.meydan.tv\\\/az\\\/#organization\"},\"image\":{\"@id\":\"https:\\\/\\\/www.meydan.tv\\\/az\\\/article\\\/wolt-daha-dasinma-xidmeti-gostermeyecek\\\/#primaryimage\"},\"thumbnailUrl\":\"https:\\\/\\\/www.meydan.tv\\\/wp-content\\\/uploads\\\/shutterstock_2136592231.jpg\",\"articleSection\":[\"Sosial\",\"T\u00f6vsiy\u0259\",\"X\u0259b\u0259rl\u0259r\"],\"inLanguage\":\"az\"},{\"@type\":\"WebPage\",\"@id\":\"https:\\\/\\\/www.meydan.tv\\\/az\\\/article\\\/wolt-daha-dasinma-xidmeti-gostermeyecek\\\/\",\"url\":\"https:\\\/\\\/www.meydan.tv\\\/az\\\/article\\\/wolt-daha-dasinma-xidmeti-gostermeyecek\\\/\",\"name\":\"\u201cWolt\u201d daha da\u015f\u0131nma xidm\u0259ti g\u00f6st\u0259rm\u0259y\u0259c\u0259k - MEYDAN.TV\",\"isPartOf\":{\"@id\":\"https:\\\/\\\/www.meydan.tv\\\/az\\\/#website\"},\"primaryImageOfPage\":{\"@id\":\"https:\\\/\\\/www.meydan.tv\\\/az\\\/article\\\/wolt-daha-dasinma-xidmeti-gostermeyecek\\\/#primaryimage\"},\"image\":{\"@id\":\"https:\\\/\\\/www.meydan.tv\\\/az\\\/article\\\/wolt-daha-dasinma-xidmeti-gostermeyecek\\\/#primaryimage\"},\"thumbnailUrl\":\"https:\\\/\\\/www.meydan.tv\\\/wp-content\\\/uploads\\\/shutterstock_2136592231.jpg\",\"datePublished\":\"2023-08-14T15:17:29+00:00\",\"dateModified\":\"2023-08-14T17:16:59+00:00\",\"breadcrumb\":{\"@id\":\"https:\\\/\\\/www.meydan.tv\\\/az\\\/article\\\/wolt-daha-dasinma-xidmeti-gostermeyecek\\\/#breadcrumb\"},\"inLanguage\":\"az\",\"potentialAction\":[{\"@type\":\"ReadAction\",\"target\":[\"https:\\\/\\\/www.meydan.tv\\\/az\\\/article\\\/wolt-daha-dasinma-xidmeti-gostermeyecek\\\/\"]}]},{\"@type\":\"ImageObject\",\"inLanguage\":\"az\",\"@id\":\"https:\\\/\\\/www.meydan.tv\\\/az\\\/article\\\/wolt-daha-dasinma-xidmeti-gostermeyecek\\\/#primaryimage\",\"url\":\"https:\\\/\\\/www.meydan.tv\\\/wp-content\\\/uploads\\\/shutterstock_2136592231.jpg\",\"contentUrl\":\"https:\\\/\\\/www.meydan.tv\\\/wp-content\\\/uploads\\\/shutterstock_2136592231.jpg\",\"width\":1200,\"height\":794,\"caption\":\"Wolt. Foto: ShU studio\\\/shutterstock\"},{\"@type\":\"BreadcrumbList\",\"@id\":\"https:\\\/\\\/www.meydan.tv\\\/az\\\/article\\\/wolt-daha-dasinma-xidmeti-gostermeyecek\\\/#breadcrumb\",\"itemListElement\":[{\"@type\":\"ListItem\",\"position\":1,\"name\":\"Ana s\u0259hif\u0259\",\"item\":\"https:\\\/\\\/www.meydan.tv\\\/az\\\/\"},{\"@type\":\"ListItem\",\"position\":2,\"name\":\"Sosial\",\"item\":\"https:\\\/\\\/www.meydan.tv\\\/az\\\/section\\\/sosial\\\/\"},{\"@type\":\"ListItem\",\"position\":3,\"name\":\"\u201cWolt\u201d daha da\u015f\u0131nma xidm\u0259ti g\u00f6st\u0259rm\u0259y\u0259c\u0259k\"}]},{\"@type\":\"WebSite\",\"@id\":\"https:\\\/\\\/www.meydan.tv\\\/az\\\/#website\",\"url\":\"https:\\\/\\\/www.meydan.tv\\\/az\\\/\",\"name\":\"MEYDAN.TV\",\"description\":\"Meydan TV Az\u0259rbaycan\u0131n media m\u0259kan\u0131ndak\u0131 alternativ s\u0259sidir\",\"publisher\":{\"@id\":\"https:\\\/\\\/www.meydan.tv\\\/az\\\/#organization\"},\"potentialAction\":[{\"@type\":\"SearchAction\",\"target\":{\"@type\":\"EntryPoint\",\"urlTemplate\":\"https:\\\/\\\/www.meydan.tv\\\/az\\\/?s={search_term_string}\"},\"query-input\":{\"@type\":\"PropertyValueSpecification\",\"valueRequired\":true,\"valueName\":\"search_term_string\"}}],\"inLanguage\":\"az\"},{\"@type\":\"Organization\",\"@id\":\"https:\\\/\\\/www.meydan.tv\\\/az\\\/#organization\",\"name\":\"Meydan TV\",\"url\":\"https:\\\/\\\/www.meydan.tv\\\/az\\\/\",\"logo\":{\"@type\":\"ImageObject\",\"inLanguage\":\"az\",\"@id\":\"https:\\\/\\\/www.meydan.tv\\\/az\\\/#\\\/schema\\\/logo\\\/image\\\/\",\"url\":\"https:\\\/\\\/www.meydan.tv\\\/wp-content\\\/uploads\\\/2021\\\/07\\\/meydan-logo.svg\",\"contentUrl\":\"https:\\\/\\\/www.meydan.tv\\\/wp-content\\\/uploads\\\/2021\\\/07\\\/meydan-logo.svg\",\"width\":195,\"height\":46,\"caption\":\"Meydan TV\"},\"image\":{\"@id\":\"https:\\\/\\\/www.meydan.tv\\\/az\\\/#\\\/schema\\\/logo\\\/image\\\/\"}},{\"@type\":\"Person\",\"@id\":\"https:\\\/\\\/www.meydan.tv\\\/az\\\/#\\\/schema\\\/person\\\/9cdbecf90d17180ce1dfbd95b08dcf47\",\"name\":\"elli\",\"sameAs\":[\"https:\\\/\\\/x.com\\\/elli\"]}]}<\/script>\n<!-- \/ Yoast SEO plugin. -->","yoast_head_json":{"title":"\u201cWolt\u201d daha da\u015f\u0131nma xidm\u0259ti g\u00f6st\u0259rm\u0259y\u0259c\u0259k - MEYDAN.TV","robots":{"index":"index","follow":"follow","max-snippet":"max-snippet:-1","max-image-preview":"max-image-preview:large","max-video-preview":"max-video-preview:-1"},"canonical":"https:\/\/www.meydan.tv\/az\/article\/wolt-daha-dasinma-xidmeti-gostermeyecek\/","og_locale":"az_AZ","og_type":"article","og_title":"\u201cWolt\u201d daha da\u015f\u0131nma xidm\u0259ti g\u00f6st\u0259rm\u0259y\u0259c\u0259k - MEYDAN.TV","og_description":"AQTA \u015firk\u0259tl\u0259 ba\u011fl\u0131 q\u0259rar q\u0259bul edib Az\u0259rbaycan Respublikas\u0131n\u0131n Qida T\u0259hl\u00fck\u0259sizliyi ... Davam\u0131","og_url":"https:\/\/www.meydan.tv\/az\/article\/wolt-daha-dasinma-xidmeti-gostermeyecek\/","og_site_name":"MEYDAN.TV","article_published_time":"2023-08-14T15:17:29+00:00","article_modified_time":"2023-08-14T17:16:59+00:00","og_image":[{"width":1200,"height":794,"url":"https:\/\/www.meydan.tv\/wp-content\/uploads\/shutterstock_2136592231.jpg","type":"image\/jpeg"}],"author":"elli","twitter_card":"summary_large_image","twitter_creator":"@elli","schema":{"@context":"https:\/\/schema.org","@graph":[{"@type":"Article","@id":"https:\/\/www.meydan.tv\/az\/article\/wolt-daha-dasinma-xidmeti-gostermeyecek\/#article","isPartOf":{"@id":"https:\/\/www.meydan.tv\/az\/article\/wolt-daha-dasinma-xidmeti-gostermeyecek\/"},"author":{"name":"elli","@id":"https:\/\/www.meydan.tv\/az\/#\/schema\/person\/9cdbecf90d17180ce1dfbd95b08dcf47"},"headline":"\u201cWolt\u201d daha da\u015f\u0131nma xidm\u0259ti g\u00f6st\u0259rm\u0259y\u0259c\u0259k","datePublished":"2023-08-14T15:17:29+00:00","dateModified":"2023-08-14T17:16:59+00:00","mainEntityOfPage":{"@id":"https:\/\/www.meydan.tv\/az\/article\/wolt-daha-dasinma-xidmeti-gostermeyecek\/"},"wordCount":710,"publisher":{"@id":"https:\/\/www.meydan.tv\/az\/#organization"},"image":{"@id":"https:\/\/www.meydan.tv\/az\/article\/wolt-daha-dasinma-xidmeti-gostermeyecek\/#primaryimage"},"thumbnailUrl":"https:\/\/www.meydan.tv\/wp-content\/uploads\/shutterstock_2136592231.jpg","articleSection":["Sosial","T\u00f6vsiy\u0259","X\u0259b\u0259rl\u0259r"],"inLanguage":"az"},{"@type":"WebPage","@id":"https:\/\/www.meydan.tv\/az\/article\/wolt-daha-dasinma-xidmeti-gostermeyecek\/","url":"https:\/\/www.meydan.tv\/az\/article\/wolt-daha-dasinma-xidmeti-gostermeyecek\/","name":"\u201cWolt\u201d daha da\u015f\u0131nma xidm\u0259ti g\u00f6st\u0259rm\u0259y\u0259c\u0259k - MEYDAN.TV","isPartOf":{"@id":"https:\/\/www.meydan.tv\/az\/#website"},"primaryImageOfPage":{"@id":"https:\/\/www.meydan.tv\/az\/article\/wolt-daha-dasinma-xidmeti-gostermeyecek\/#primaryimage"},"image":{"@id":"https:\/\/www.meydan.tv\/az\/article\/wolt-daha-dasinma-xidmeti-gostermeyecek\/#primaryimage"},"thumbnailUrl":"https:\/\/www.meydan.tv\/wp-content\/uploads\/shutterstock_2136592231.jpg","datePublished":"2023-08-14T15:17:29+00:00","dateModified":"2023-08-14T17:16:59+00:00","breadcrumb":{"@id":"https:\/\/www.meydan.tv\/az\/article\/wolt-daha-dasinma-xidmeti-gostermeyecek\/#breadcrumb"},"inLanguage":"az","potentialAction":[{"@type":"ReadAction","target":["https:\/\/www.meydan.tv\/az\/article\/wolt-daha-dasinma-xidmeti-gostermeyecek\/"]}]},{"@type":"ImageObject","inLanguage":"az","@id":"https:\/\/www.meydan.tv\/az\/article\/wolt-daha-dasinma-xidmeti-gostermeyecek\/#primaryimage","url":"https:\/\/www.meydan.tv\/wp-content\/uploads\/shutterstock_2136592231.jpg","contentUrl":"https:\/\/www.meydan.tv\/wp-content\/uploads\/shutterstock_2136592231.jpg","width":1200,"height":794,"caption":"Wolt. Foto: ShU studio\/shutterstock"},{"@type":"BreadcrumbList","@id":"https:\/\/www.meydan.tv\/az\/article\/wolt-daha-dasinma-xidmeti-gostermeyecek\/#breadcrumb","itemListElement":[{"@type":"ListItem","position":1,"name":"Ana s\u0259hif\u0259","item":"https:\/\/www.meydan.tv\/az\/"},{"@type":"ListItem","position":2,"name":"Sosial","item":"https:\/\/www.meydan.tv\/az\/section\/sosial\/"},{"@type":"ListItem","position":3,"name":"\u201cWolt\u201d daha da\u015f\u0131nma xidm\u0259ti g\u00f6st\u0259rm\u0259y\u0259c\u0259k"}]},{"@type":"WebSite","@id":"https:\/\/www.meydan.tv\/az\/#website","url":"https:\/\/www.meydan.tv\/az\/","name":"MEYDAN.TV","description":"Meydan TV Az\u0259rbaycan\u0131n media m\u0259kan\u0131ndak\u0131 alternativ s\u0259sidir","publisher":{"@id":"https:\/\/www.meydan.tv\/az\/#organization"},"potentialAction":[{"@type":"SearchAction","target":{"@type":"EntryPoint","urlTemplate":"https:\/\/www.meydan.tv\/az\/?s={search_term_string}"},"query-input":{"@type":"PropertyValueSpecification","valueRequired":true,"valueName":"search_term_string"}}],"inLanguage":"az"},{"@type":"Organization","@id":"https:\/\/www.meydan.tv\/az\/#organization","name":"Meydan TV","url":"https:\/\/www.meydan.tv\/az\/","logo":{"@type":"ImageObject","inLanguage":"az","@id":"https:\/\/www.meydan.tv\/az\/#\/schema\/logo\/image\/","url":"https:\/\/www.meydan.tv\/wp-content\/uploads\/2021\/07\/meydan-logo.svg","contentUrl":"https:\/\/www.meydan.tv\/wp-content\/uploads\/2021\/07\/meydan-logo.svg","width":195,"height":46,"caption":"Meydan TV"},"image":{"@id":"https:\/\/www.meydan.tv\/az\/#\/schema\/logo\/image\/"}},{"@type":"Person","@id":"https:\/\/www.meydan.tv\/az\/#\/schema\/person\/9cdbecf90d17180ce1dfbd95b08dcf47","name":"elli","sameAs":["https:\/\/x.com\/elli"]}]}},"_links":{"self":[{"href":"https:\/\/www.meydan.tv\/az\/wp-json\/wp\/v2\/posts\/282241","targetHints":{"allow":["GET"]}}],"collection":[{"href":"https:\/\/www.meydan.tv\/az\/wp-json\/wp\/v2\/posts"}],"about":[{"href":"https:\/\/www.meydan.tv\/az\/wp-json\/wp\/v2\/types\/post"}],"author":[{"embeddable":true,"href":"https:\/\/www.meydan.tv\/az\/wp-json\/wp\/v2\/users\/8"}],"replies":[{"embeddable":true,"href":"https:\/\/www.meydan.tv\/az\/wp-json\/wp\/v2\/comments?post=282241"}],"version-history":[{"count":1,"href":"https:\/\/www.meydan.tv\/az\/wp-json\/wp\/v2\/posts\/282241\/revisions"}],"predecessor-version":[{"id":282242,"href":"https:\/\/www.meydan.tv\/az\/wp-json\/wp\/v2\/posts\/282241\/revisions\/282242"}],"wp:featuredmedia":[{"embeddable":true,"href":"https:\/\/www.meydan.tv\/az\/wp-json\/wp\/v2\/media\/282256"}],"wp:attachment":[{"href":"https:\/\/www.meydan.tv\/az\/wp-json\/wp\/v2\/media?parent=282241"}],"wp:term":[{"taxonomy":"category","embeddable":true,"href":"https:\/\/www.meydan.tv\/az\/wp-json\/wp\/v2\/categories?post=282241"},{"taxonomy":"post_tag","embeddable":true,"href":"https:\/\/www.meydan.tv\/az\/wp-json\/wp\/v2\/tags?post=282241"}],"curies":[{"name":"wp","href":"https:\/\/api.w.org\/{rel}","templated":true}]}}