{"id":282193,"date":"2023-08-14T14:52:29","date_gmt":"2023-08-14T10:52:29","guid":{"rendered":"https:\/\/www.meydan.tv\/?p=282193"},"modified":"2023-08-14T14:52:32","modified_gmt":"2023-08-14T10:52:32","slug":"tengivanlilar-ilk-defedir-ufunetsiz-gece-keciririk","status":"publish","type":"post","link":"https:\/\/www.meydan.tv\/az\/article\/tengivanlilar-ilk-defedir-ufunetsiz-gece-keciririk\/","title":{"rendered":"T\u0259ngivanl\u0131lar: \u201c\u0130lk d\u0259f\u0259dir \u00fcfun\u0259tsiz gec\u0259 ke\u00e7iririk\u201d"},"content":{"rendered":"\n<p><em><strong>Ekologiya v\u0259 T\u0259bii S\u0259rv\u0259tl\u0259r Nazirliyinin monitorinq qrupu k\u0259ndd\u0259dir<\/strong><\/em><\/p>\n\n\n\n<p>L\u0259nk\u0259ran rayonunun T\u0259ngivan k\u0259nd sakinl\u0259ri deyir ki, son 1-2 g\u00fcnd\u00fcr gec\u0259l\u0259r havadan \u00fcfun\u0259t iyi \u00e7\u0259kilib, amma \u00e7ayda h\u0259l\u0259 d\u0259 lill\u0259nm\u0259 m\u00fc\u015fahid\u0259 edilir.<\/p>\n\n\n\n<p>T\u0259ngivanl\u0131lar uzun ill\u0259rdir Lerikin Piran k\u0259ndind\u0259 yerl\u0259\u015f\u0259n \u201cLerik Broyler MMC\u201dy\u0259 m\u0259xsus \u201cLebro\u201d qu\u015f\u00e7uluq t\u0259s\u0259rr\u00fcfat\u0131n\u0131n havan\u0131 v\u0259 L\u0259nk\u0259ran \u00e7ay\u0131 \u00e7irkl\u0259ndirdiyind\u0259n \u015fikay\u0259tl\u0259nirl\u0259r. Sakinl\u0259r bir ne\u00e7\u0259 d\u0259f\u0259 etiraz aksiyas\u0131 ke\u00e7irm\u0259y\u0259 d\u0259 c\u0259hd edibl\u0259r. Onlar\u0131n s\u00f6zl\u0259rin\u0259 g\u00f6r\u0259, haz\u0131rda Ekologiya v\u0259 T\u0259bii S\u0259rv\u0259tl\u0259r Nazirliyinin monitorinq qrupu k\u0259ndd\u0259dir. \u015eikay\u0259t\u00e7i t\u0259r\u0259f kimi k\u0259nd sakinl\u0259ri d\u0259 monitorinqd\u0259 i\u015ftirak edirl\u0259r.<\/p>\n\n\n\n<p>K\u0259nd sakini V\u00fcqar \u018fliyev Meydan TV-y\u0259 bildirib ki, \u0259vv\u0259lki ill\u0259rd\u0259 d\u0259 \u015firk\u0259t c\u0259rim\u0259l\u0259nib. Amma c\u0259rim\u0259ni \u00f6d\u0259m\u0259yib v\u0259 i\u015fini davam etdirib.<\/p>\n\n\n\n<p>\u201c<em>\u018fvv\u0259ll\u0259r d\u0259 bel\u0259 olub. M\u0259s\u0259l\u0259 ictimail\u0259\u015f\u0259nd\u0259n sonra toyuq tullant\u0131lar\u0131n\u0131 yand\u0131rma\u011f\u0131 dayand\u0131r\u0131blar. Prezidentin ekoloji m\u0259s\u0259l\u0259l\u0259ri diqq\u0259td\u0259 saxlamas\u0131ndan sonra \u00e7ox \u00fcmidliyik. Y\u0259qin ki, uzun m\u00fcdd\u0259t \u0259traf m\u00fchitin \u00e7irkl\u0259ndirilm\u0259si dayand\u0131r\u0131lacaq<\/em>\u201d,- sakinl\u0259r bildiribl\u0259r.<\/p>\n\n\n\n<p>V\u00fcqar \u018fliyev is\u0259 deyib ki, bir ne\u00e7\u0259 g\u00fcn bundan \u0259vv\u0259l \u00e7ay yenid\u0259n lilli olub:<\/p>\n\n\n\n<p>\u201c<em>Broyler \u015firk\u0259ti deputat \u0130qbal M\u0259mm\u0259dovundur, yax\u0131nlar\u0131 t\u0259r\u0259find\u0259n i\u015fl\u0259dilir. Bundan ba\u015fqa, deputat\u0131n Lerikd\u0259 karxanas\u0131 da var. \u00c7ay 3 m\u0259nb\u0259d\u0259n broyler t\u0259s\u0259rr\u00fcfat\u0131, deputat\u0131n karxanas\u0131 v\u0259 T\u0259ngivandak\u0131 tan\u0131nm\u0131\u015f r\u0259ssamlardan birinin karxanas\u0131 t\u0259r\u0259find\u0259n \u00e7irkl\u0259ndirilir. Nazirlik haz\u0131rda \u0259sas\u0259n broyler t\u0259s\u0259rr\u00fcfat\u0131 il\u0259 m\u0259\u015f\u011fuldur<\/em>\u201d,- sakinl\u0259r deyib.<\/p>\n\n\n\n<p>Onlar bildiribl\u0259r ki, uzun aylardan b\u0259ri ilk d\u0259f\u0259dir \u00fcfun\u0259tsiz gec\u0259 ke\u00e7irirl\u0259r.<\/p>\n\n\n\n<p>\u201cLerik Broyler MMC\u201d-d\u0259n m\u0259s\u0259l\u0259 il\u0259 ba\u011fl\u0131 m\u0259lumat ver\u0259 bilm\u0259y\u0259c\u0259kl\u0259rini deyibl\u0259r v\u0259 \u201c\u015firk\u0259timiz \u00f6lk\u0259nin \u0259n iri broyler \u015firk\u0259tidir\u201d dey\u0259 suala aidiyyat\u0131 olmayan a\u00e7\u0131qlama verm\u0259kl\u0259 kifay\u0259tl\u0259nibl\u0259r.<\/p>\n\n\n\n<p>Lerikin Piran K\u0259nd B\u0259l\u0259diyy\u0259sind\u0259n is\u0259 deyibl\u0259r ki, onlar sakinl\u0259rin naraz\u0131l\u0131\u011f\u0131ndan x\u0259b\u0259rdar deyill\u0259r.<\/p>\n\n\n\n<p>Ekologiya v\u0259 T\u0259bii S\u0259rv\u0259tl\u0259r Nazirliyind\u0259n is\u0259 monitorinq apar\u0131ld\u0131\u011f\u0131n\u0131, n\u0259tic\u0259l\u0259rl\u0259 ba\u011fl\u0131 a\u00e7\u0131qlama ver\u0259c\u0259kl\u0259rini deyibl\u0259r.<\/p>\n","protected":false},"excerpt":{"rendered":"<p>Ekologiya v\u0259 T\u0259bii S\u0259rv\u0259tl\u0259r Nazirliyinin monitorinq qrupu k\u0259ndd\u0259dir L\u0259nk\u0259ran rayonunun &#8230; <\/p>\n<p class=\"read-more-container\"><a title=\"T\u0259ngivanl\u0131lar: \u201c\u0130lk d\u0259f\u0259dir \u00fcfun\u0259tsiz gec\u0259 ke\u00e7iririk\u201d\" class=\"read-more button\" href=\"https:\/\/www.meydan.tv\/az\/article\/tengivanlilar-ilk-defedir-ufunetsiz-gece-keciririk\/#more-282193\" aria-label=\"Read more about T\u0259ngivanl\u0131lar: \u201c\u0130lk d\u0259f\u0259dir \u00fcfun\u0259tsiz gec\u0259 ke\u00e7iririk\u201d\">Davam\u0131<\/a><\/p>\n","protected":false},"author":18,"featured_media":282194,"comment_status":"closed","ping_status":"closed","sticky":false,"template":"","format":"standard","meta":{"_acf_changed":false,"_sitemap_exclude":false,"_sitemap_priority":"","_sitemap_frequency":"","footnotes":""},"categories":[60,62,56],"tags":[],"class_list":["post-282193","post","type-post","status-publish","format-standard","has-post-thumbnail","hentry","category-bolge","category-sosial","category-xeberler","infinite-scroll-item","generate-columns","tablet-grid-50","mobile-grid-100","grid-parent","grid-33","no-featured-image-padding"],"acf":[],"yoast_head":"<!-- This site is optimized with the Yoast SEO plugin v27.4 - https:\/\/yoast.com\/product\/yoast-seo-wordpress\/ -->\n<title>T\u0259ngivanl\u0131lar: \u201c\u0130lk d\u0259f\u0259dir \u00fcfun\u0259tsiz gec\u0259 ke\u00e7iririk\u201d - MEYDAN.TV<\/title>\n<meta name=\"robots\" content=\"index, follow, max-snippet:-1, max-image-preview:large, max-video-preview:-1\" \/>\n<link rel=\"canonical\" href=\"https:\/\/www.meydan.tv\/az\/article\/tengivanlilar-ilk-defedir-ufunetsiz-gece-keciririk\/\" \/>\n<meta property=\"og:locale\" content=\"az_AZ\" \/>\n<meta property=\"og:type\" content=\"article\" \/>\n<meta property=\"og:title\" content=\"T\u0259ngivanl\u0131lar: \u201c\u0130lk d\u0259f\u0259dir \u00fcfun\u0259tsiz gec\u0259 ke\u00e7iririk\u201d - MEYDAN.TV\" \/>\n<meta property=\"og:description\" content=\"Ekologiya v\u0259 T\u0259bii S\u0259rv\u0259tl\u0259r Nazirliyinin monitorinq qrupu k\u0259ndd\u0259dir L\u0259nk\u0259ran rayonunun ... Davam\u0131\" \/>\n<meta property=\"og:url\" content=\"https:\/\/www.meydan.tv\/az\/article\/tengivanlilar-ilk-defedir-ufunetsiz-gece-keciririk\/\" \/>\n<meta property=\"og:site_name\" content=\"MEYDAN.TV\" \/>\n<meta property=\"article:published_time\" content=\"2023-08-14T10:52:29+00:00\" \/>\n<meta property=\"article:modified_time\" content=\"2023-08-14T10:52:32+00:00\" \/>\n<meta property=\"og:image\" content=\"https:\/\/www.meydan.tv\/wp-content\/uploads\/google-maps-23.jpg\" \/>\n\t<meta property=\"og:image:width\" content=\"1920\" \/>\n\t<meta property=\"og:image:height\" content=\"1080\" \/>\n\t<meta property=\"og:image:type\" content=\"image\/jpeg\" \/>\n<meta name=\"author\" content=\"miron\" \/>\n<meta name=\"twitter:card\" content=\"summary_large_image\" \/>\n<script type=\"application\/ld+json\" class=\"yoast-schema-graph\">{\"@context\":\"https:\\\/\\\/schema.org\",\"@graph\":[{\"@type\":\"Article\",\"@id\":\"https:\\\/\\\/www.meydan.tv\\\/az\\\/article\\\/tengivanlilar-ilk-defedir-ufunetsiz-gece-keciririk\\\/#article\",\"isPartOf\":{\"@id\":\"https:\\\/\\\/www.meydan.tv\\\/az\\\/article\\\/tengivanlilar-ilk-defedir-ufunetsiz-gece-keciririk\\\/\"},\"author\":{\"name\":\"miron\",\"@id\":\"https:\\\/\\\/www.meydan.tv\\\/az\\\/#\\\/schema\\\/person\\\/981b0b284aeaa9ad0cbf814cd4a9d67c\"},\"headline\":\"T\u0259ngivanl\u0131lar: \u201c\u0130lk d\u0259f\u0259dir \u00fcfun\u0259tsiz gec\u0259 ke\u00e7iririk\u201d\",\"datePublished\":\"2023-08-14T10:52:29+00:00\",\"dateModified\":\"2023-08-14T10:52:32+00:00\",\"mainEntityOfPage\":{\"@id\":\"https:\\\/\\\/www.meydan.tv\\\/az\\\/article\\\/tengivanlilar-ilk-defedir-ufunetsiz-gece-keciririk\\\/\"},\"wordCount\":450,\"publisher\":{\"@id\":\"https:\\\/\\\/www.meydan.tv\\\/az\\\/#organization\"},\"image\":{\"@id\":\"https:\\\/\\\/www.meydan.tv\\\/az\\\/article\\\/tengivanlilar-ilk-defedir-ufunetsiz-gece-keciririk\\\/#primaryimage\"},\"thumbnailUrl\":\"https:\\\/\\\/www.meydan.tv\\\/wp-content\\\/uploads\\\/google-maps-23.jpg\",\"articleSection\":[\"B\u00f6lg\u0259\",\"Sosial\",\"X\u0259b\u0259rl\u0259r\"],\"inLanguage\":\"az\"},{\"@type\":\"WebPage\",\"@id\":\"https:\\\/\\\/www.meydan.tv\\\/az\\\/article\\\/tengivanlilar-ilk-defedir-ufunetsiz-gece-keciririk\\\/\",\"url\":\"https:\\\/\\\/www.meydan.tv\\\/az\\\/article\\\/tengivanlilar-ilk-defedir-ufunetsiz-gece-keciririk\\\/\",\"name\":\"T\u0259ngivanl\u0131lar: \u201c\u0130lk d\u0259f\u0259dir \u00fcfun\u0259tsiz gec\u0259 ke\u00e7iririk\u201d - MEYDAN.TV\",\"isPartOf\":{\"@id\":\"https:\\\/\\\/www.meydan.tv\\\/az\\\/#website\"},\"primaryImageOfPage\":{\"@id\":\"https:\\\/\\\/www.meydan.tv\\\/az\\\/article\\\/tengivanlilar-ilk-defedir-ufunetsiz-gece-keciririk\\\/#primaryimage\"},\"image\":{\"@id\":\"https:\\\/\\\/www.meydan.tv\\\/az\\\/article\\\/tengivanlilar-ilk-defedir-ufunetsiz-gece-keciririk\\\/#primaryimage\"},\"thumbnailUrl\":\"https:\\\/\\\/www.meydan.tv\\\/wp-content\\\/uploads\\\/google-maps-23.jpg\",\"datePublished\":\"2023-08-14T10:52:29+00:00\",\"dateModified\":\"2023-08-14T10:52:32+00:00\",\"breadcrumb\":{\"@id\":\"https:\\\/\\\/www.meydan.tv\\\/az\\\/article\\\/tengivanlilar-ilk-defedir-ufunetsiz-gece-keciririk\\\/#breadcrumb\"},\"inLanguage\":\"az\",\"potentialAction\":[{\"@type\":\"ReadAction\",\"target\":[\"https:\\\/\\\/www.meydan.tv\\\/az\\\/article\\\/tengivanlilar-ilk-defedir-ufunetsiz-gece-keciririk\\\/\"]}]},{\"@type\":\"ImageObject\",\"inLanguage\":\"az\",\"@id\":\"https:\\\/\\\/www.meydan.tv\\\/az\\\/article\\\/tengivanlilar-ilk-defedir-ufunetsiz-gece-keciririk\\\/#primaryimage\",\"url\":\"https:\\\/\\\/www.meydan.tv\\\/wp-content\\\/uploads\\\/google-maps-23.jpg\",\"contentUrl\":\"https:\\\/\\\/www.meydan.tv\\\/wp-content\\\/uploads\\\/google-maps-23.jpg\",\"width\":1920,\"height\":1080,\"caption\":\"M\u0259nb\u0259: c\u0259nublu.az\"},{\"@type\":\"BreadcrumbList\",\"@id\":\"https:\\\/\\\/www.meydan.tv\\\/az\\\/article\\\/tengivanlilar-ilk-defedir-ufunetsiz-gece-keciririk\\\/#breadcrumb\",\"itemListElement\":[{\"@type\":\"ListItem\",\"position\":1,\"name\":\"Ana s\u0259hif\u0259\",\"item\":\"https:\\\/\\\/www.meydan.tv\\\/az\\\/\"},{\"@type\":\"ListItem\",\"position\":2,\"name\":\"X\u0259b\u0259rl\u0259r\",\"item\":\"https:\\\/\\\/www.meydan.tv\\\/az\\\/section\\\/xeberler\\\/\"},{\"@type\":\"ListItem\",\"position\":3,\"name\":\"T\u0259ngivanl\u0131lar: \u201c\u0130lk d\u0259f\u0259dir \u00fcfun\u0259tsiz gec\u0259 ke\u00e7iririk\u201d\"}]},{\"@type\":\"WebSite\",\"@id\":\"https:\\\/\\\/www.meydan.tv\\\/az\\\/#website\",\"url\":\"https:\\\/\\\/www.meydan.tv\\\/az\\\/\",\"name\":\"MEYDAN.TV\",\"description\":\"Meydan TV Az\u0259rbaycan\u0131n media m\u0259kan\u0131ndak\u0131 alternativ s\u0259sidir\",\"publisher\":{\"@id\":\"https:\\\/\\\/www.meydan.tv\\\/az\\\/#organization\"},\"potentialAction\":[{\"@type\":\"SearchAction\",\"target\":{\"@type\":\"EntryPoint\",\"urlTemplate\":\"https:\\\/\\\/www.meydan.tv\\\/az\\\/?s={search_term_string}\"},\"query-input\":{\"@type\":\"PropertyValueSpecification\",\"valueRequired\":true,\"valueName\":\"search_term_string\"}}],\"inLanguage\":\"az\"},{\"@type\":\"Organization\",\"@id\":\"https:\\\/\\\/www.meydan.tv\\\/az\\\/#organization\",\"name\":\"Meydan TV\",\"url\":\"https:\\\/\\\/www.meydan.tv\\\/az\\\/\",\"logo\":{\"@type\":\"ImageObject\",\"inLanguage\":\"az\",\"@id\":\"https:\\\/\\\/www.meydan.tv\\\/az\\\/#\\\/schema\\\/logo\\\/image\\\/\",\"url\":\"https:\\\/\\\/www.meydan.tv\\\/wp-content\\\/uploads\\\/2021\\\/07\\\/meydan-logo.svg\",\"contentUrl\":\"https:\\\/\\\/www.meydan.tv\\\/wp-content\\\/uploads\\\/2021\\\/07\\\/meydan-logo.svg\",\"width\":195,\"height\":46,\"caption\":\"Meydan TV\"},\"image\":{\"@id\":\"https:\\\/\\\/www.meydan.tv\\\/az\\\/#\\\/schema\\\/logo\\\/image\\\/\"}},{\"@type\":\"Person\",\"@id\":\"https:\\\/\\\/www.meydan.tv\\\/az\\\/#\\\/schema\\\/person\\\/981b0b284aeaa9ad0cbf814cd4a9d67c\",\"name\":\"miron\"}]}<\/script>\n<!-- \/ Yoast SEO plugin. -->","yoast_head_json":{"title":"T\u0259ngivanl\u0131lar: \u201c\u0130lk d\u0259f\u0259dir \u00fcfun\u0259tsiz gec\u0259 ke\u00e7iririk\u201d - MEYDAN.TV","robots":{"index":"index","follow":"follow","max-snippet":"max-snippet:-1","max-image-preview":"max-image-preview:large","max-video-preview":"max-video-preview:-1"},"canonical":"https:\/\/www.meydan.tv\/az\/article\/tengivanlilar-ilk-defedir-ufunetsiz-gece-keciririk\/","og_locale":"az_AZ","og_type":"article","og_title":"T\u0259ngivanl\u0131lar: \u201c\u0130lk d\u0259f\u0259dir \u00fcfun\u0259tsiz gec\u0259 ke\u00e7iririk\u201d - MEYDAN.TV","og_description":"Ekologiya v\u0259 T\u0259bii S\u0259rv\u0259tl\u0259r Nazirliyinin monitorinq qrupu k\u0259ndd\u0259dir L\u0259nk\u0259ran rayonunun ... Davam\u0131","og_url":"https:\/\/www.meydan.tv\/az\/article\/tengivanlilar-ilk-defedir-ufunetsiz-gece-keciririk\/","og_site_name":"MEYDAN.TV","article_published_time":"2023-08-14T10:52:29+00:00","article_modified_time":"2023-08-14T10:52:32+00:00","og_image":[{"width":1920,"height":1080,"url":"https:\/\/www.meydan.tv\/wp-content\/uploads\/google-maps-23.jpg","type":"image\/jpeg"}],"author":"miron","twitter_card":"summary_large_image","schema":{"@context":"https:\/\/schema.org","@graph":[{"@type":"Article","@id":"https:\/\/www.meydan.tv\/az\/article\/tengivanlilar-ilk-defedir-ufunetsiz-gece-keciririk\/#article","isPartOf":{"@id":"https:\/\/www.meydan.tv\/az\/article\/tengivanlilar-ilk-defedir-ufunetsiz-gece-keciririk\/"},"author":{"name":"miron","@id":"https:\/\/www.meydan.tv\/az\/#\/schema\/person\/981b0b284aeaa9ad0cbf814cd4a9d67c"},"headline":"T\u0259ngivanl\u0131lar: \u201c\u0130lk d\u0259f\u0259dir \u00fcfun\u0259tsiz gec\u0259 ke\u00e7iririk\u201d","datePublished":"2023-08-14T10:52:29+00:00","dateModified":"2023-08-14T10:52:32+00:00","mainEntityOfPage":{"@id":"https:\/\/www.meydan.tv\/az\/article\/tengivanlilar-ilk-defedir-ufunetsiz-gece-keciririk\/"},"wordCount":450,"publisher":{"@id":"https:\/\/www.meydan.tv\/az\/#organization"},"image":{"@id":"https:\/\/www.meydan.tv\/az\/article\/tengivanlilar-ilk-defedir-ufunetsiz-gece-keciririk\/#primaryimage"},"thumbnailUrl":"https:\/\/www.meydan.tv\/wp-content\/uploads\/google-maps-23.jpg","articleSection":["B\u00f6lg\u0259","Sosial","X\u0259b\u0259rl\u0259r"],"inLanguage":"az"},{"@type":"WebPage","@id":"https:\/\/www.meydan.tv\/az\/article\/tengivanlilar-ilk-defedir-ufunetsiz-gece-keciririk\/","url":"https:\/\/www.meydan.tv\/az\/article\/tengivanlilar-ilk-defedir-ufunetsiz-gece-keciririk\/","name":"T\u0259ngivanl\u0131lar: \u201c\u0130lk d\u0259f\u0259dir \u00fcfun\u0259tsiz gec\u0259 ke\u00e7iririk\u201d - MEYDAN.TV","isPartOf":{"@id":"https:\/\/www.meydan.tv\/az\/#website"},"primaryImageOfPage":{"@id":"https:\/\/www.meydan.tv\/az\/article\/tengivanlilar-ilk-defedir-ufunetsiz-gece-keciririk\/#primaryimage"},"image":{"@id":"https:\/\/www.meydan.tv\/az\/article\/tengivanlilar-ilk-defedir-ufunetsiz-gece-keciririk\/#primaryimage"},"thumbnailUrl":"https:\/\/www.meydan.tv\/wp-content\/uploads\/google-maps-23.jpg","datePublished":"2023-08-14T10:52:29+00:00","dateModified":"2023-08-14T10:52:32+00:00","breadcrumb":{"@id":"https:\/\/www.meydan.tv\/az\/article\/tengivanlilar-ilk-defedir-ufunetsiz-gece-keciririk\/#breadcrumb"},"inLanguage":"az","potentialAction":[{"@type":"ReadAction","target":["https:\/\/www.meydan.tv\/az\/article\/tengivanlilar-ilk-defedir-ufunetsiz-gece-keciririk\/"]}]},{"@type":"ImageObject","inLanguage":"az","@id":"https:\/\/www.meydan.tv\/az\/article\/tengivanlilar-ilk-defedir-ufunetsiz-gece-keciririk\/#primaryimage","url":"https:\/\/www.meydan.tv\/wp-content\/uploads\/google-maps-23.jpg","contentUrl":"https:\/\/www.meydan.tv\/wp-content\/uploads\/google-maps-23.jpg","width":1920,"height":1080,"caption":"M\u0259nb\u0259: c\u0259nublu.az"},{"@type":"BreadcrumbList","@id":"https:\/\/www.meydan.tv\/az\/article\/tengivanlilar-ilk-defedir-ufunetsiz-gece-keciririk\/#breadcrumb","itemListElement":[{"@type":"ListItem","position":1,"name":"Ana s\u0259hif\u0259","item":"https:\/\/www.meydan.tv\/az\/"},{"@type":"ListItem","position":2,"name":"X\u0259b\u0259rl\u0259r","item":"https:\/\/www.meydan.tv\/az\/section\/xeberler\/"},{"@type":"ListItem","position":3,"name":"T\u0259ngivanl\u0131lar: \u201c\u0130lk d\u0259f\u0259dir \u00fcfun\u0259tsiz gec\u0259 ke\u00e7iririk\u201d"}]},{"@type":"WebSite","@id":"https:\/\/www.meydan.tv\/az\/#website","url":"https:\/\/www.meydan.tv\/az\/","name":"MEYDAN.TV","description":"Meydan TV Az\u0259rbaycan\u0131n media m\u0259kan\u0131ndak\u0131 alternativ s\u0259sidir","publisher":{"@id":"https:\/\/www.meydan.tv\/az\/#organization"},"potentialAction":[{"@type":"SearchAction","target":{"@type":"EntryPoint","urlTemplate":"https:\/\/www.meydan.tv\/az\/?s={search_term_string}"},"query-input":{"@type":"PropertyValueSpecification","valueRequired":true,"valueName":"search_term_string"}}],"inLanguage":"az"},{"@type":"Organization","@id":"https:\/\/www.meydan.tv\/az\/#organization","name":"Meydan TV","url":"https:\/\/www.meydan.tv\/az\/","logo":{"@type":"ImageObject","inLanguage":"az","@id":"https:\/\/www.meydan.tv\/az\/#\/schema\/logo\/image\/","url":"https:\/\/www.meydan.tv\/wp-content\/uploads\/2021\/07\/meydan-logo.svg","contentUrl":"https:\/\/www.meydan.tv\/wp-content\/uploads\/2021\/07\/meydan-logo.svg","width":195,"height":46,"caption":"Meydan TV"},"image":{"@id":"https:\/\/www.meydan.tv\/az\/#\/schema\/logo\/image\/"}},{"@type":"Person","@id":"https:\/\/www.meydan.tv\/az\/#\/schema\/person\/981b0b284aeaa9ad0cbf814cd4a9d67c","name":"miron"}]}},"_links":{"self":[{"href":"https:\/\/www.meydan.tv\/az\/wp-json\/wp\/v2\/posts\/282193","targetHints":{"allow":["GET"]}}],"collection":[{"href":"https:\/\/www.meydan.tv\/az\/wp-json\/wp\/v2\/posts"}],"about":[{"href":"https:\/\/www.meydan.tv\/az\/wp-json\/wp\/v2\/types\/post"}],"author":[{"embeddable":true,"href":"https:\/\/www.meydan.tv\/az\/wp-json\/wp\/v2\/users\/18"}],"replies":[{"embeddable":true,"href":"https:\/\/www.meydan.tv\/az\/wp-json\/wp\/v2\/comments?post=282193"}],"version-history":[{"count":3,"href":"https:\/\/www.meydan.tv\/az\/wp-json\/wp\/v2\/posts\/282193\/revisions"}],"predecessor-version":[{"id":282199,"href":"https:\/\/www.meydan.tv\/az\/wp-json\/wp\/v2\/posts\/282193\/revisions\/282199"}],"wp:featuredmedia":[{"embeddable":true,"href":"https:\/\/www.meydan.tv\/az\/wp-json\/wp\/v2\/media\/282194"}],"wp:attachment":[{"href":"https:\/\/www.meydan.tv\/az\/wp-json\/wp\/v2\/media?parent=282193"}],"wp:term":[{"taxonomy":"category","embeddable":true,"href":"https:\/\/www.meydan.tv\/az\/wp-json\/wp\/v2\/categories?post=282193"},{"taxonomy":"post_tag","embeddable":true,"href":"https:\/\/www.meydan.tv\/az\/wp-json\/wp\/v2\/tags?post=282193"}],"curies":[{"name":"wp","href":"https:\/\/api.w.org\/{rel}","templated":true}]}}