{"id":282161,"date":"2023-08-14T13:37:33","date_gmt":"2023-08-14T09:37:33","guid":{"rendered":"https:\/\/www.meydan.tv\/?p=282161"},"modified":"2023-08-14T14:54:30","modified_gmt":"2023-08-14T10:54:30","slug":"xacmazli-fermerler-qara-gunlerimiz-memurlarin-pomidor-ucun-yatirimlarindan-sonra-basladi","status":"publish","type":"post","link":"https:\/\/www.meydan.tv\/az\/article\/xacmazli-fermerler-qara-gunlerimiz-memurlarin-pomidor-ucun-yatirimlarindan-sonra-basladi\/","title":{"rendered":"Xa\u00e7mazl\u0131 fermerl\u0259r: \u201cQara g\u00fcnl\u0259rimiz m\u0259murlar\u0131n pomidor \u00fc\u00e7\u00fcn yat\u0131r\u0131mlar\u0131ndan sonra ba\u015flad\u0131\u201d"},"content":{"rendered":"\n<p><em><strong>M\u00fct\u0259x\u0259ssis hesab edir ki, k\u0259nd t\u0259s\u0259rr\u00fcfat\u0131 m\u0259hsullar\u0131n\u0131n sah\u0259d\u0259 ucuz, bazarda baha olmas\u0131n\u0131n qar\u015f\u0131s\u0131 h\u00f6kum\u0259t t\u0259r\u0259find\u0259n t\u0259nziml\u0259nm\u0259lidir<\/strong><\/em><\/p>\n\n\n\n<p>Pomidor yeti\u015fdir\u0259n fermerl\u0259r m\u0259hsulun a\u015fa\u011f\u0131 qiym\u0259t\u0259 sat\u0131lmas\u0131ndan, el\u0259c\u0259 d\u0259 bazarlardak\u0131 v\u0259ziyy\u0259td\u0259n naraz\u0131l\u0131q edirl\u0259r.<\/p>\n\n\n\n<p>\u201c<em>Qara g\u00fcnl\u0259rimiz oliqarx m\u0259murlar\u0131n bu sah\u0259y\u0259 yat\u0131r\u0131mlar\u0131ndan sonra ba\u015flad\u0131. Haz\u0131rda sah\u0259l\u0259rd\u0259 pomidor 20 q\u0259pikd\u0259n t\u0259klif edilir. 20 q\u0259pik is\u0259 \u00e7\u0259kil\u0259n x\u0259rcin he\u00e7 30 faizini \u00f6d\u0259mir<\/em>\u201d, &#8211; xa\u00e7mazl\u0131 fermer M\u0259h\u0259mm\u0259d M\u0259mm\u0259dov bel\u0259 deyir.<\/p>\n\n\n\n<p>Onun s\u00f6zl\u0259rin\u0259 g\u00f6r\u0259, pomidoru soyuducu anbarlarda saxlamaq s\u0259rf\u0259li deyil. K\u00fctl\u0259vi sat\u0131\u015f \u00fc\u00e7\u00fcn bazar da yoxdur. Fermerl\u0259rin \u00e7oxuna m\u0259hsulu topdansat\u0131\u015f 15 q\u0259pikd\u0259n satma\u011f\u0131 t\u0259klif edirl\u0259r:<\/p>\n\n\n\n<p>\u201c<em>Rusiya bazar\u0131na da oliqarxlar\u0131n istixana \u015f\u0259raitind\u0259 yeti\u015fdirdiyi pomidorlar da\u015f\u0131n\u0131r. Oliqarx m\u0259murlar damc\u0131 suvar\u0131lma sistemind\u0259n istifad\u0259 etdiyin\u0259 g\u00f6r\u0259 d\u00f6vl\u0259td\u0259n yard\u0131m da al\u0131rlar. B\u0259z\u0259n ziyana d\u00fc\u015fs\u0259l\u0259r d\u0259, 5-10 min manat onlar \u00fc\u00e7\u00fcn he\u00e7 n\u0259dir, amma k\u0259ndli aylarla \u0259ziyy\u0259t \u00e7\u0259kir ki, banklardan g\u00f6t\u00fcrd\u00fcy\u00fc kreditl\u0259ri, ald\u0131\u011f\u0131 borclar\u0131 m\u0259hsul hesab\u0131na \u00f6d\u0259sin. \u00dcst\u0259lik bir m\u00fcdd\u0259t ail\u0259sini d\u0259 doland\u0131ra bilsin<\/em>\u201d.<\/p>\n\n\n\n<p>Ad\u0131n\u0131n a\u00e7\u0131qlanmas\u0131n\u0131 ist\u0259m\u0259y\u0259n ba\u015fqa bir fermer deyir ki, Xa\u00e7mazda hektarlarla pomidor sah\u0259si olan oliqarxlar var. H\u0259m\u00e7inin onun kimi bu il ziyana d\u00fc\u015f\u0259n fermerl\u0259r d\u0259 \u00e7oxdur:<\/p>\n\n\n\n<p>\u201c<em>Kas\u0131b t\u0259b\u0259q\u0259nin bir manat qazanc\u0131na da g\u00f6z tikibl\u0259r\u201d<\/em>.<\/p>\n\n\n\n<p>Xa\u00e7maz Aqrar \u0130nki\u015faf M\u0259rk\u0259zind\u0259n fermerl\u0259rin qiym\u0259tl\u0259 ba\u011fl\u0131 \u015fikay\u0259tin\u0259 \u015f\u0259rh verm\u0259k ist\u0259m\u0259yibl\u0259r. Bildiribl\u0259r ki, pomidorun qiym\u0259tini d\u00f6vl\u0259t t\u0259nziml\u0259mir.<\/p>\n\n\n\n<p>Liberal \u0130qtisad\u00e7\u0131lar M\u0259rk\u0259zinin s\u0259dri Akif N\u0259sirli is\u0259 Meydan TV-y\u0259 bildirib ki, bu sah\u0259 d\u00f6vl\u0259t t\u0259r\u0259find\u0259n t\u0259nziml\u0259nm\u0259lidir.<\/p>\n\n\n\n<p>\u201c<em>K\u0259nd t\u0259s\u0259rr\u00fcfat\u0131 m\u0259hsullar\u0131n\u0131n sah\u0259d\u0259 ucuz, bazarda baha olmas\u0131n\u0131n qar\u015f\u0131s\u0131 h\u00f6kum\u0259t t\u0259r\u0259find\u0259n t\u0259nziml\u0259nm\u0259li, x\u00fcsusi t\u0259dbirl\u0259r h\u0259yata ke\u00e7irilm\u0259lidir, t\u0259nziml\u0259m\u0259 proqramlar\u0131 t\u0259tbiq edilm\u0259lidir<\/em>\u201d,- Akif N\u0259sirli deyib.<\/p>\n\n\n\n<p>M\u00fct\u0259x\u0259ssisin s\u00f6zl\u0259rin\u0259 g\u00f6r\u0259, g\u00f6r\u00fcl\u0259c\u0259k t\u0259dbirl\u0259rin biri d\u0259 fermerl\u0259rin anbarlara \u0259l\u00e7atanl\u0131\u011f\u0131d\u0131r:<\/p>\n\n\n\n<p>\u201c<em>Fermerl\u0259r m\u0259hsullar\u0131n\u0131 anbarlarda saxlaya bilmirl\u0259r v\u0259 bu da qiym\u0259tl\u0259r\u0259 t\u0259sir g\u00f6st\u0259rir. Fermerin m\u0259hsulu saxlamas\u0131 \u00fc\u00e7\u00fcn m\u00fctl\u0259q anbarlara ehtiyac\u0131 \u00f6d\u0259nilm\u0259lidir<\/em>\u201d.<\/p>\n\n\n\n<p>Akif N\u0259sirlinin fikrinc\u0259, fermerl\u0259rl\u0259 maarifl\u0259nm\u0259 i\u015fi d\u0259 apar\u0131lmal\u0131, onlara ba\u015fa sal\u0131nmal\u0131d\u0131r ki, a\u015fa\u011f\u0131 keyfiyy\u0259tli bol m\u0259hsul \u0259v\u0259zin\u0259 y\u00fcks\u0259k keyfiyy\u0259tli m\u0259hsul yeti\u015fdirm\u0259k daha s\u0259m\u0259r\u0259lidir. Fermerl\u0259rl\u0259 maarifl\u0259ndirm\u0259 i\u015fi ist\u0259nil\u0259n s\u0259viyy\u0259d\u0259 apar\u0131lm\u0131r. N\u0259tic\u0259d\u0259 m\u0259hsul bol, keyfiyy\u0259t is\u0259 a\u015fa\u011f\u0131 olur. Fermer qazancdan \u00e7ox ziyanla \u00fczl\u0259\u015fir.<\/p>\n\n\n\n<p>M\u00fct\u0259x\u0259ssis deyib ki, \u0259ks\u0259r \u00f6lk\u0259l\u0259rd\u0259 m\u0259hsullar ba\u011fl\u0131 konkret standartlar var. A\u015fa\u011f\u0131 standartl\u0131 m\u0259hsul q\u0259bul edilmir:<\/p>\n\n\n\n<p>\u201c<em>Do\u011frudur, Rusiya Az\u0259rbaycan pomidoru il\u0259 ba\u011fl\u0131 b\u0259zi m\u0259s\u0259l\u0259l\u0259rd\u0259 bu standartlara diqq\u0259t yetirmir. Y\u0259ni fermerl\u0259r get-ged\u0259 d\u00fcnya bazarlar\u0131na \u00e7\u0131xar\u0131lacaq standartlarda m\u0259hsullar yeti\u015fdirm\u0259kl\u0259 m\u0259\u015f\u011ful olmal\u0131d\u0131rlar ki, Rusiya bazar\u0131na \u00e7\u0131x\u0131\u015f m\u0259hdud olduqda ba\u015fqa bazar axtara bilsinl\u0259r<\/em>\u201d.<\/p>\n\n\n\n<p>Haz\u0131rda Xa\u00e7maz bazar\u0131nda pomidorun kiloqram\u0131 20-22 q\u0259pik, Bak\u0131 bazarlar\u0131nda is\u0259 60 q\u0259pik-1 manat, iri ticar\u0259t m\u0259rk\u0259zl\u0259rind\u0259 is\u0259 1 manat-2 manat aras\u0131nda d\u0259yi\u015fir.<\/p>\n","protected":false},"excerpt":{"rendered":"<p>M\u00fct\u0259x\u0259ssis hesab edir ki, k\u0259nd t\u0259s\u0259rr\u00fcfat\u0131 m\u0259hsullar\u0131n\u0131n sah\u0259d\u0259 ucuz, bazarda &#8230; <\/p>\n<p class=\"read-more-container\"><a title=\"Xa\u00e7mazl\u0131 fermerl\u0259r: \u201cQara g\u00fcnl\u0259rimiz m\u0259murlar\u0131n pomidor \u00fc\u00e7\u00fcn yat\u0131r\u0131mlar\u0131ndan sonra ba\u015flad\u0131\u201d\" class=\"read-more button\" href=\"https:\/\/www.meydan.tv\/az\/article\/xacmazli-fermerler-qara-gunlerimiz-memurlarin-pomidor-ucun-yatirimlarindan-sonra-basladi\/#more-282161\" aria-label=\"Read more about Xa\u00e7mazl\u0131 fermerl\u0259r: \u201cQara g\u00fcnl\u0259rimiz m\u0259murlar\u0131n pomidor \u00fc\u00e7\u00fcn yat\u0131r\u0131mlar\u0131ndan sonra ba\u015flad\u0131\u201d\">Davam\u0131<\/a><\/p>\n","protected":false},"author":18,"featured_media":153837,"comment_status":"closed","ping_status":"closed","sticky":false,"template":"","format":"standard","meta":{"_acf_changed":false,"_sitemap_exclude":false,"_sitemap_priority":"","_sitemap_frequency":"","footnotes":""},"categories":[60,62,56],"tags":[],"class_list":["post-282161","post","type-post","status-publish","format-standard","has-post-thumbnail","hentry","category-bolge","category-sosial","category-xeberler","infinite-scroll-item","generate-columns","tablet-grid-50","mobile-grid-100","grid-parent","grid-33","no-featured-image-padding"],"acf":[],"yoast_head":"<!-- This site is optimized with the Yoast SEO plugin v27.4 - https:\/\/yoast.com\/product\/yoast-seo-wordpress\/ -->\n<title>Xa\u00e7mazl\u0131 fermerl\u0259r: \u201cQara g\u00fcnl\u0259rimiz m\u0259murlar\u0131n pomidor \u00fc\u00e7\u00fcn yat\u0131r\u0131mlar\u0131ndan sonra ba\u015flad\u0131\u201d - MEYDAN.TV<\/title>\n<meta name=\"robots\" content=\"index, follow, max-snippet:-1, max-image-preview:large, max-video-preview:-1\" \/>\n<link rel=\"canonical\" href=\"https:\/\/www.meydan.tv\/az\/article\/xacmazli-fermerler-qara-gunlerimiz-memurlarin-pomidor-ucun-yatirimlarindan-sonra-basladi\/\" \/>\n<meta property=\"og:locale\" content=\"az_AZ\" \/>\n<meta property=\"og:type\" content=\"article\" \/>\n<meta property=\"og:title\" content=\"Xa\u00e7mazl\u0131 fermerl\u0259r: \u201cQara g\u00fcnl\u0259rimiz m\u0259murlar\u0131n pomidor \u00fc\u00e7\u00fcn yat\u0131r\u0131mlar\u0131ndan sonra ba\u015flad\u0131\u201d - MEYDAN.TV\" \/>\n<meta property=\"og:description\" content=\"M\u00fct\u0259x\u0259ssis hesab edir ki, k\u0259nd t\u0259s\u0259rr\u00fcfat\u0131 m\u0259hsullar\u0131n\u0131n sah\u0259d\u0259 ucuz, bazarda ... Davam\u0131\" \/>\n<meta property=\"og:url\" content=\"https:\/\/www.meydan.tv\/az\/article\/xacmazli-fermerler-qara-gunlerimiz-memurlarin-pomidor-ucun-yatirimlarindan-sonra-basladi\/\" \/>\n<meta property=\"og:site_name\" content=\"MEYDAN.TV\" \/>\n<meta property=\"article:published_time\" content=\"2023-08-14T09:37:33+00:00\" \/>\n<meta property=\"article:modified_time\" content=\"2023-08-14T10:54:30+00:00\" \/>\n<meta property=\"og:image\" content=\"https:\/\/www.meydan.tv\/wp-content\/uploads\/pomidor_sefr1pp.jpg\" \/>\n\t<meta property=\"og:image:width\" content=\"847\" \/>\n\t<meta property=\"og:image:height\" content=\"541\" \/>\n\t<meta property=\"og:image:type\" content=\"image\/jpeg\" \/>\n<meta name=\"author\" content=\"miron\" \/>\n<meta name=\"twitter:card\" content=\"summary_large_image\" \/>\n<script type=\"application\/ld+json\" class=\"yoast-schema-graph\">{\"@context\":\"https:\\\/\\\/schema.org\",\"@graph\":[{\"@type\":\"Article\",\"@id\":\"https:\\\/\\\/www.meydan.tv\\\/az\\\/article\\\/xacmazli-fermerler-qara-gunlerimiz-memurlarin-pomidor-ucun-yatirimlarindan-sonra-basladi\\\/#article\",\"isPartOf\":{\"@id\":\"https:\\\/\\\/www.meydan.tv\\\/az\\\/article\\\/xacmazli-fermerler-qara-gunlerimiz-memurlarin-pomidor-ucun-yatirimlarindan-sonra-basladi\\\/\"},\"author\":{\"name\":\"miron\",\"@id\":\"https:\\\/\\\/www.meydan.tv\\\/az\\\/#\\\/schema\\\/person\\\/981b0b284aeaa9ad0cbf814cd4a9d67c\"},\"headline\":\"Xa\u00e7mazl\u0131 fermerl\u0259r: \u201cQara g\u00fcnl\u0259rimiz m\u0259murlar\u0131n pomidor \u00fc\u00e7\u00fcn yat\u0131r\u0131mlar\u0131ndan sonra ba\u015flad\u0131\u201d\",\"datePublished\":\"2023-08-14T09:37:33+00:00\",\"dateModified\":\"2023-08-14T10:54:30+00:00\",\"mainEntityOfPage\":{\"@id\":\"https:\\\/\\\/www.meydan.tv\\\/az\\\/article\\\/xacmazli-fermerler-qara-gunlerimiz-memurlarin-pomidor-ucun-yatirimlarindan-sonra-basladi\\\/\"},\"wordCount\":689,\"publisher\":{\"@id\":\"https:\\\/\\\/www.meydan.tv\\\/az\\\/#organization\"},\"image\":{\"@id\":\"https:\\\/\\\/www.meydan.tv\\\/az\\\/article\\\/xacmazli-fermerler-qara-gunlerimiz-memurlarin-pomidor-ucun-yatirimlarindan-sonra-basladi\\\/#primaryimage\"},\"thumbnailUrl\":\"https:\\\/\\\/www.meydan.tv\\\/wp-content\\\/uploads\\\/pomidor_sefr1pp.jpg\",\"articleSection\":[\"B\u00f6lg\u0259\",\"Sosial\",\"X\u0259b\u0259rl\u0259r\"],\"inLanguage\":\"az\"},{\"@type\":\"WebPage\",\"@id\":\"https:\\\/\\\/www.meydan.tv\\\/az\\\/article\\\/xacmazli-fermerler-qara-gunlerimiz-memurlarin-pomidor-ucun-yatirimlarindan-sonra-basladi\\\/\",\"url\":\"https:\\\/\\\/www.meydan.tv\\\/az\\\/article\\\/xacmazli-fermerler-qara-gunlerimiz-memurlarin-pomidor-ucun-yatirimlarindan-sonra-basladi\\\/\",\"name\":\"Xa\u00e7mazl\u0131 fermerl\u0259r: \u201cQara g\u00fcnl\u0259rimiz m\u0259murlar\u0131n pomidor \u00fc\u00e7\u00fcn yat\u0131r\u0131mlar\u0131ndan sonra ba\u015flad\u0131\u201d - MEYDAN.TV\",\"isPartOf\":{\"@id\":\"https:\\\/\\\/www.meydan.tv\\\/az\\\/#website\"},\"primaryImageOfPage\":{\"@id\":\"https:\\\/\\\/www.meydan.tv\\\/az\\\/article\\\/xacmazli-fermerler-qara-gunlerimiz-memurlarin-pomidor-ucun-yatirimlarindan-sonra-basladi\\\/#primaryimage\"},\"image\":{\"@id\":\"https:\\\/\\\/www.meydan.tv\\\/az\\\/article\\\/xacmazli-fermerler-qara-gunlerimiz-memurlarin-pomidor-ucun-yatirimlarindan-sonra-basladi\\\/#primaryimage\"},\"thumbnailUrl\":\"https:\\\/\\\/www.meydan.tv\\\/wp-content\\\/uploads\\\/pomidor_sefr1pp.jpg\",\"datePublished\":\"2023-08-14T09:37:33+00:00\",\"dateModified\":\"2023-08-14T10:54:30+00:00\",\"breadcrumb\":{\"@id\":\"https:\\\/\\\/www.meydan.tv\\\/az\\\/article\\\/xacmazli-fermerler-qara-gunlerimiz-memurlarin-pomidor-ucun-yatirimlarindan-sonra-basladi\\\/#breadcrumb\"},\"inLanguage\":\"az\",\"potentialAction\":[{\"@type\":\"ReadAction\",\"target\":[\"https:\\\/\\\/www.meydan.tv\\\/az\\\/article\\\/xacmazli-fermerler-qara-gunlerimiz-memurlarin-pomidor-ucun-yatirimlarindan-sonra-basladi\\\/\"]}]},{\"@type\":\"ImageObject\",\"inLanguage\":\"az\",\"@id\":\"https:\\\/\\\/www.meydan.tv\\\/az\\\/article\\\/xacmazli-fermerler-qara-gunlerimiz-memurlarin-pomidor-ucun-yatirimlarindan-sonra-basladi\\\/#primaryimage\",\"url\":\"https:\\\/\\\/www.meydan.tv\\\/wp-content\\\/uploads\\\/pomidor_sefr1pp.jpg\",\"contentUrl\":\"https:\\\/\\\/www.meydan.tv\\\/wp-content\\\/uploads\\\/pomidor_sefr1pp.jpg\",\"width\":847,\"height\":541,\"caption\":\"Source: Arxiv\"},{\"@type\":\"BreadcrumbList\",\"@id\":\"https:\\\/\\\/www.meydan.tv\\\/az\\\/article\\\/xacmazli-fermerler-qara-gunlerimiz-memurlarin-pomidor-ucun-yatirimlarindan-sonra-basladi\\\/#breadcrumb\",\"itemListElement\":[{\"@type\":\"ListItem\",\"position\":1,\"name\":\"Ana s\u0259hif\u0259\",\"item\":\"https:\\\/\\\/www.meydan.tv\\\/az\\\/\"},{\"@type\":\"ListItem\",\"position\":2,\"name\":\"Sosial\",\"item\":\"https:\\\/\\\/www.meydan.tv\\\/az\\\/section\\\/sosial\\\/\"},{\"@type\":\"ListItem\",\"position\":3,\"name\":\"Xa\u00e7mazl\u0131 fermerl\u0259r: \u201cQara g\u00fcnl\u0259rimiz m\u0259murlar\u0131n pomidor \u00fc\u00e7\u00fcn yat\u0131r\u0131mlar\u0131ndan sonra ba\u015flad\u0131\u201d\"}]},{\"@type\":\"WebSite\",\"@id\":\"https:\\\/\\\/www.meydan.tv\\\/az\\\/#website\",\"url\":\"https:\\\/\\\/www.meydan.tv\\\/az\\\/\",\"name\":\"MEYDAN.TV\",\"description\":\"Meydan TV Az\u0259rbaycan\u0131n media m\u0259kan\u0131ndak\u0131 alternativ s\u0259sidir\",\"publisher\":{\"@id\":\"https:\\\/\\\/www.meydan.tv\\\/az\\\/#organization\"},\"potentialAction\":[{\"@type\":\"SearchAction\",\"target\":{\"@type\":\"EntryPoint\",\"urlTemplate\":\"https:\\\/\\\/www.meydan.tv\\\/az\\\/?s={search_term_string}\"},\"query-input\":{\"@type\":\"PropertyValueSpecification\",\"valueRequired\":true,\"valueName\":\"search_term_string\"}}],\"inLanguage\":\"az\"},{\"@type\":\"Organization\",\"@id\":\"https:\\\/\\\/www.meydan.tv\\\/az\\\/#organization\",\"name\":\"Meydan TV\",\"url\":\"https:\\\/\\\/www.meydan.tv\\\/az\\\/\",\"logo\":{\"@type\":\"ImageObject\",\"inLanguage\":\"az\",\"@id\":\"https:\\\/\\\/www.meydan.tv\\\/az\\\/#\\\/schema\\\/logo\\\/image\\\/\",\"url\":\"https:\\\/\\\/www.meydan.tv\\\/wp-content\\\/uploads\\\/2021\\\/07\\\/meydan-logo.svg\",\"contentUrl\":\"https:\\\/\\\/www.meydan.tv\\\/wp-content\\\/uploads\\\/2021\\\/07\\\/meydan-logo.svg\",\"width\":195,\"height\":46,\"caption\":\"Meydan TV\"},\"image\":{\"@id\":\"https:\\\/\\\/www.meydan.tv\\\/az\\\/#\\\/schema\\\/logo\\\/image\\\/\"}},{\"@type\":\"Person\",\"@id\":\"https:\\\/\\\/www.meydan.tv\\\/az\\\/#\\\/schema\\\/person\\\/981b0b284aeaa9ad0cbf814cd4a9d67c\",\"name\":\"miron\"}]}<\/script>\n<!-- \/ Yoast SEO plugin. -->","yoast_head_json":{"title":"Xa\u00e7mazl\u0131 fermerl\u0259r: \u201cQara g\u00fcnl\u0259rimiz m\u0259murlar\u0131n pomidor \u00fc\u00e7\u00fcn yat\u0131r\u0131mlar\u0131ndan sonra ba\u015flad\u0131\u201d - MEYDAN.TV","robots":{"index":"index","follow":"follow","max-snippet":"max-snippet:-1","max-image-preview":"max-image-preview:large","max-video-preview":"max-video-preview:-1"},"canonical":"https:\/\/www.meydan.tv\/az\/article\/xacmazli-fermerler-qara-gunlerimiz-memurlarin-pomidor-ucun-yatirimlarindan-sonra-basladi\/","og_locale":"az_AZ","og_type":"article","og_title":"Xa\u00e7mazl\u0131 fermerl\u0259r: \u201cQara g\u00fcnl\u0259rimiz m\u0259murlar\u0131n pomidor \u00fc\u00e7\u00fcn yat\u0131r\u0131mlar\u0131ndan sonra ba\u015flad\u0131\u201d - MEYDAN.TV","og_description":"M\u00fct\u0259x\u0259ssis hesab edir ki, k\u0259nd t\u0259s\u0259rr\u00fcfat\u0131 m\u0259hsullar\u0131n\u0131n sah\u0259d\u0259 ucuz, bazarda ... Davam\u0131","og_url":"https:\/\/www.meydan.tv\/az\/article\/xacmazli-fermerler-qara-gunlerimiz-memurlarin-pomidor-ucun-yatirimlarindan-sonra-basladi\/","og_site_name":"MEYDAN.TV","article_published_time":"2023-08-14T09:37:33+00:00","article_modified_time":"2023-08-14T10:54:30+00:00","og_image":[{"width":847,"height":541,"url":"https:\/\/www.meydan.tv\/wp-content\/uploads\/pomidor_sefr1pp.jpg","type":"image\/jpeg"}],"author":"miron","twitter_card":"summary_large_image","schema":{"@context":"https:\/\/schema.org","@graph":[{"@type":"Article","@id":"https:\/\/www.meydan.tv\/az\/article\/xacmazli-fermerler-qara-gunlerimiz-memurlarin-pomidor-ucun-yatirimlarindan-sonra-basladi\/#article","isPartOf":{"@id":"https:\/\/www.meydan.tv\/az\/article\/xacmazli-fermerler-qara-gunlerimiz-memurlarin-pomidor-ucun-yatirimlarindan-sonra-basladi\/"},"author":{"name":"miron","@id":"https:\/\/www.meydan.tv\/az\/#\/schema\/person\/981b0b284aeaa9ad0cbf814cd4a9d67c"},"headline":"Xa\u00e7mazl\u0131 fermerl\u0259r: \u201cQara g\u00fcnl\u0259rimiz m\u0259murlar\u0131n pomidor \u00fc\u00e7\u00fcn yat\u0131r\u0131mlar\u0131ndan sonra ba\u015flad\u0131\u201d","datePublished":"2023-08-14T09:37:33+00:00","dateModified":"2023-08-14T10:54:30+00:00","mainEntityOfPage":{"@id":"https:\/\/www.meydan.tv\/az\/article\/xacmazli-fermerler-qara-gunlerimiz-memurlarin-pomidor-ucun-yatirimlarindan-sonra-basladi\/"},"wordCount":689,"publisher":{"@id":"https:\/\/www.meydan.tv\/az\/#organization"},"image":{"@id":"https:\/\/www.meydan.tv\/az\/article\/xacmazli-fermerler-qara-gunlerimiz-memurlarin-pomidor-ucun-yatirimlarindan-sonra-basladi\/#primaryimage"},"thumbnailUrl":"https:\/\/www.meydan.tv\/wp-content\/uploads\/pomidor_sefr1pp.jpg","articleSection":["B\u00f6lg\u0259","Sosial","X\u0259b\u0259rl\u0259r"],"inLanguage":"az"},{"@type":"WebPage","@id":"https:\/\/www.meydan.tv\/az\/article\/xacmazli-fermerler-qara-gunlerimiz-memurlarin-pomidor-ucun-yatirimlarindan-sonra-basladi\/","url":"https:\/\/www.meydan.tv\/az\/article\/xacmazli-fermerler-qara-gunlerimiz-memurlarin-pomidor-ucun-yatirimlarindan-sonra-basladi\/","name":"Xa\u00e7mazl\u0131 fermerl\u0259r: \u201cQara g\u00fcnl\u0259rimiz m\u0259murlar\u0131n pomidor \u00fc\u00e7\u00fcn yat\u0131r\u0131mlar\u0131ndan sonra ba\u015flad\u0131\u201d - MEYDAN.TV","isPartOf":{"@id":"https:\/\/www.meydan.tv\/az\/#website"},"primaryImageOfPage":{"@id":"https:\/\/www.meydan.tv\/az\/article\/xacmazli-fermerler-qara-gunlerimiz-memurlarin-pomidor-ucun-yatirimlarindan-sonra-basladi\/#primaryimage"},"image":{"@id":"https:\/\/www.meydan.tv\/az\/article\/xacmazli-fermerler-qara-gunlerimiz-memurlarin-pomidor-ucun-yatirimlarindan-sonra-basladi\/#primaryimage"},"thumbnailUrl":"https:\/\/www.meydan.tv\/wp-content\/uploads\/pomidor_sefr1pp.jpg","datePublished":"2023-08-14T09:37:33+00:00","dateModified":"2023-08-14T10:54:30+00:00","breadcrumb":{"@id":"https:\/\/www.meydan.tv\/az\/article\/xacmazli-fermerler-qara-gunlerimiz-memurlarin-pomidor-ucun-yatirimlarindan-sonra-basladi\/#breadcrumb"},"inLanguage":"az","potentialAction":[{"@type":"ReadAction","target":["https:\/\/www.meydan.tv\/az\/article\/xacmazli-fermerler-qara-gunlerimiz-memurlarin-pomidor-ucun-yatirimlarindan-sonra-basladi\/"]}]},{"@type":"ImageObject","inLanguage":"az","@id":"https:\/\/www.meydan.tv\/az\/article\/xacmazli-fermerler-qara-gunlerimiz-memurlarin-pomidor-ucun-yatirimlarindan-sonra-basladi\/#primaryimage","url":"https:\/\/www.meydan.tv\/wp-content\/uploads\/pomidor_sefr1pp.jpg","contentUrl":"https:\/\/www.meydan.tv\/wp-content\/uploads\/pomidor_sefr1pp.jpg","width":847,"height":541,"caption":"Source: Arxiv"},{"@type":"BreadcrumbList","@id":"https:\/\/www.meydan.tv\/az\/article\/xacmazli-fermerler-qara-gunlerimiz-memurlarin-pomidor-ucun-yatirimlarindan-sonra-basladi\/#breadcrumb","itemListElement":[{"@type":"ListItem","position":1,"name":"Ana s\u0259hif\u0259","item":"https:\/\/www.meydan.tv\/az\/"},{"@type":"ListItem","position":2,"name":"Sosial","item":"https:\/\/www.meydan.tv\/az\/section\/sosial\/"},{"@type":"ListItem","position":3,"name":"Xa\u00e7mazl\u0131 fermerl\u0259r: \u201cQara g\u00fcnl\u0259rimiz m\u0259murlar\u0131n pomidor \u00fc\u00e7\u00fcn yat\u0131r\u0131mlar\u0131ndan sonra ba\u015flad\u0131\u201d"}]},{"@type":"WebSite","@id":"https:\/\/www.meydan.tv\/az\/#website","url":"https:\/\/www.meydan.tv\/az\/","name":"MEYDAN.TV","description":"Meydan TV Az\u0259rbaycan\u0131n media m\u0259kan\u0131ndak\u0131 alternativ s\u0259sidir","publisher":{"@id":"https:\/\/www.meydan.tv\/az\/#organization"},"potentialAction":[{"@type":"SearchAction","target":{"@type":"EntryPoint","urlTemplate":"https:\/\/www.meydan.tv\/az\/?s={search_term_string}"},"query-input":{"@type":"PropertyValueSpecification","valueRequired":true,"valueName":"search_term_string"}}],"inLanguage":"az"},{"@type":"Organization","@id":"https:\/\/www.meydan.tv\/az\/#organization","name":"Meydan TV","url":"https:\/\/www.meydan.tv\/az\/","logo":{"@type":"ImageObject","inLanguage":"az","@id":"https:\/\/www.meydan.tv\/az\/#\/schema\/logo\/image\/","url":"https:\/\/www.meydan.tv\/wp-content\/uploads\/2021\/07\/meydan-logo.svg","contentUrl":"https:\/\/www.meydan.tv\/wp-content\/uploads\/2021\/07\/meydan-logo.svg","width":195,"height":46,"caption":"Meydan TV"},"image":{"@id":"https:\/\/www.meydan.tv\/az\/#\/schema\/logo\/image\/"}},{"@type":"Person","@id":"https:\/\/www.meydan.tv\/az\/#\/schema\/person\/981b0b284aeaa9ad0cbf814cd4a9d67c","name":"miron"}]}},"_links":{"self":[{"href":"https:\/\/www.meydan.tv\/az\/wp-json\/wp\/v2\/posts\/282161","targetHints":{"allow":["GET"]}}],"collection":[{"href":"https:\/\/www.meydan.tv\/az\/wp-json\/wp\/v2\/posts"}],"about":[{"href":"https:\/\/www.meydan.tv\/az\/wp-json\/wp\/v2\/types\/post"}],"author":[{"embeddable":true,"href":"https:\/\/www.meydan.tv\/az\/wp-json\/wp\/v2\/users\/18"}],"replies":[{"embeddable":true,"href":"https:\/\/www.meydan.tv\/az\/wp-json\/wp\/v2\/comments?post=282161"}],"version-history":[{"count":4,"href":"https:\/\/www.meydan.tv\/az\/wp-json\/wp\/v2\/posts\/282161\/revisions"}],"predecessor-version":[{"id":282200,"href":"https:\/\/www.meydan.tv\/az\/wp-json\/wp\/v2\/posts\/282161\/revisions\/282200"}],"wp:featuredmedia":[{"embeddable":true,"href":"https:\/\/www.meydan.tv\/az\/wp-json\/wp\/v2\/media\/153837"}],"wp:attachment":[{"href":"https:\/\/www.meydan.tv\/az\/wp-json\/wp\/v2\/media?parent=282161"}],"wp:term":[{"taxonomy":"category","embeddable":true,"href":"https:\/\/www.meydan.tv\/az\/wp-json\/wp\/v2\/categories?post=282161"},{"taxonomy":"post_tag","embeddable":true,"href":"https:\/\/www.meydan.tv\/az\/wp-json\/wp\/v2\/tags?post=282161"}],"curies":[{"name":"wp","href":"https:\/\/api.w.org\/{rel}","templated":true}]}}