{"id":282023,"date":"2023-08-11T12:28:33","date_gmt":"2023-08-11T08:28:33","guid":{"rendered":"https:\/\/www.meydan.tv\/?p=282023"},"modified":"2023-08-11T12:28:37","modified_gmt":"2023-08-11T08:28:37","slug":"erdogan-tamer-karadagliya-vezife-verdi","status":"publish","type":"post","link":"https:\/\/www.meydan.tv\/az\/article\/erdogan-tamer-karadagliya-vezife-verdi\/","title":{"rendered":"\u018frdo\u011fan Tamer Karada\u011fl\u0131ya v\u0259zif\u0259 verdi"},"content":{"rendered":"\n<p><\/p>\n\n\n\n<p><strong><em>T\u00fcrkiy\u0259 Prezidenti 11 nazirliy\u0259 145 yeni direktor t\u0259yin edib<\/em><\/strong><\/p>\n\n\n\n<p>T\u00fcrkiy\u0259li aktyor Tamer Karada\u011fl\u0131ya v\u0259zif\u0259 verildiyi bildirilir.<\/p>\n\n\n\n<p>Prezident R\u0259c\u0259b Tayyib \u018frdo\u011fan aktyorun D\u00f6vl\u0259t Teatrlar\u0131 Ba\u015f \u0130dar\u0259sin\u0259 direktor t\u0259yin edilm\u0259si il\u0259 \u0259laq\u0259dar s\u0259n\u0259d <a href=\"https:\/\/www.yenisafak.com\/gundem\/cumhurbaskani-erdogan-imzali-karar-resmi-gazetede-yayimlandi-tamer-karadagli-devlet-tiyatrolari-genel-mudurlugune-atandi-4552109\" target=\"_blank\" rel=\"noreferrer noopener\">imzalay\u0131b.<\/a><\/p>\n\n\n\n<p>T\u00fcrkiy\u0259 Prezidentinin q\u0259rar\u0131 il\u0259 57 vilay\u0259tin valisi d\u0259yi\u015fdirilib, 11 nazirliy\u0259 145 yeni direktor t\u0259yin edilib.<\/p>\n\n\n\n<p>Tamer Karada\u011fl\u0131 \u201c\u00c7ocuklar duymas\u0131n\u201d serial\u0131 il\u0259 daha \u00e7ox tan\u0131n\u0131r.<\/p>\n","protected":false},"excerpt":{"rendered":"<p>T\u00fcrkiy\u0259 Prezidenti 11 nazirliy\u0259 145 yeni direktor t\u0259yin edib T\u00fcrkiy\u0259li &#8230; <\/p>\n<p class=\"read-more-container\"><a title=\"\u018frdo\u011fan Tamer Karada\u011fl\u0131ya v\u0259zif\u0259 verdi\" class=\"read-more button\" href=\"https:\/\/www.meydan.tv\/az\/article\/erdogan-tamer-karadagliya-vezife-verdi\/#more-282023\" aria-label=\"Read more about \u018frdo\u011fan Tamer Karada\u011fl\u0131ya v\u0259zif\u0259 verdi\">Davam\u0131<\/a><\/p>\n","protected":false},"author":8,"featured_media":282024,"comment_status":"closed","ping_status":"closed","sticky":false,"template":"","format":"standard","meta":{"_acf_changed":false,"_sitemap_exclude":false,"_sitemap_priority":"","_sitemap_frequency":"","footnotes":""},"categories":[52,56],"tags":[],"class_list":["post-282023","post","type-post","status-publish","format-standard","has-post-thumbnail","hentry","category-medeniyyet","category-xeberler","infinite-scroll-item","generate-columns","tablet-grid-50","mobile-grid-100","grid-parent","grid-33","no-featured-image-padding"],"acf":[],"yoast_head":"<!-- This site is optimized with the Yoast SEO plugin v27.4 - https:\/\/yoast.com\/product\/yoast-seo-wordpress\/ -->\n<title>\u018frdo\u011fan Tamer Karada\u011fl\u0131ya v\u0259zif\u0259 verdi - MEYDAN.TV<\/title>\n<meta name=\"robots\" content=\"index, follow, max-snippet:-1, max-image-preview:large, max-video-preview:-1\" \/>\n<link rel=\"canonical\" href=\"https:\/\/www.meydan.tv\/az\/article\/erdogan-tamer-karadagliya-vezife-verdi\/\" \/>\n<meta property=\"og:locale\" content=\"az_AZ\" \/>\n<meta property=\"og:type\" content=\"article\" \/>\n<meta property=\"og:title\" content=\"\u018frdo\u011fan Tamer Karada\u011fl\u0131ya v\u0259zif\u0259 verdi - MEYDAN.TV\" \/>\n<meta property=\"og:description\" content=\"T\u00fcrkiy\u0259 Prezidenti 11 nazirliy\u0259 145 yeni direktor t\u0259yin edib T\u00fcrkiy\u0259li ... Davam\u0131\" \/>\n<meta property=\"og:url\" content=\"https:\/\/www.meydan.tv\/az\/article\/erdogan-tamer-karadagliya-vezife-verdi\/\" \/>\n<meta property=\"og:site_name\" content=\"MEYDAN.TV\" \/>\n<meta property=\"article:published_time\" content=\"2023-08-11T08:28:33+00:00\" \/>\n<meta property=\"article:modified_time\" content=\"2023-08-11T08:28:37+00:00\" \/>\n<meta property=\"og:image\" content=\"https:\/\/www.meydan.tv\/wp-content\/uploads\/untitled-design-3-111-e1691742269418.jpg\" \/>\n\t<meta property=\"og:image:width\" content=\"1200\" \/>\n\t<meta property=\"og:image:height\" content=\"525\" \/>\n\t<meta property=\"og:image:type\" content=\"image\/jpeg\" \/>\n<meta name=\"author\" content=\"elli\" \/>\n<meta name=\"twitter:card\" content=\"summary_large_image\" \/>\n<meta name=\"twitter:creator\" content=\"@elli\" \/>\n<script type=\"application\/ld+json\" class=\"yoast-schema-graph\">{\"@context\":\"https:\\\/\\\/schema.org\",\"@graph\":[{\"@type\":\"Article\",\"@id\":\"https:\\\/\\\/www.meydan.tv\\\/az\\\/article\\\/erdogan-tamer-karadagliya-vezife-verdi\\\/#article\",\"isPartOf\":{\"@id\":\"https:\\\/\\\/www.meydan.tv\\\/az\\\/article\\\/erdogan-tamer-karadagliya-vezife-verdi\\\/\"},\"author\":{\"name\":\"elli\",\"@id\":\"https:\\\/\\\/www.meydan.tv\\\/az\\\/#\\\/schema\\\/person\\\/9cdbecf90d17180ce1dfbd95b08dcf47\"},\"headline\":\"\u018frdo\u011fan Tamer Karada\u011fl\u0131ya v\u0259zif\u0259 verdi\",\"datePublished\":\"2023-08-11T08:28:33+00:00\",\"dateModified\":\"2023-08-11T08:28:37+00:00\",\"mainEntityOfPage\":{\"@id\":\"https:\\\/\\\/www.meydan.tv\\\/az\\\/article\\\/erdogan-tamer-karadagliya-vezife-verdi\\\/\"},\"wordCount\":89,\"publisher\":{\"@id\":\"https:\\\/\\\/www.meydan.tv\\\/az\\\/#organization\"},\"image\":{\"@id\":\"https:\\\/\\\/www.meydan.tv\\\/az\\\/article\\\/erdogan-tamer-karadagliya-vezife-verdi\\\/#primaryimage\"},\"thumbnailUrl\":\"https:\\\/\\\/www.meydan.tv\\\/wp-content\\\/uploads\\\/untitled-design-3-111-e1691742269418.jpg\",\"articleSection\":[\"M\u0259d\u0259niyy\u0259t\",\"X\u0259b\u0259rl\u0259r\"],\"inLanguage\":\"az\"},{\"@type\":\"WebPage\",\"@id\":\"https:\\\/\\\/www.meydan.tv\\\/az\\\/article\\\/erdogan-tamer-karadagliya-vezife-verdi\\\/\",\"url\":\"https:\\\/\\\/www.meydan.tv\\\/az\\\/article\\\/erdogan-tamer-karadagliya-vezife-verdi\\\/\",\"name\":\"\u018frdo\u011fan Tamer Karada\u011fl\u0131ya v\u0259zif\u0259 verdi - MEYDAN.TV\",\"isPartOf\":{\"@id\":\"https:\\\/\\\/www.meydan.tv\\\/az\\\/#website\"},\"primaryImageOfPage\":{\"@id\":\"https:\\\/\\\/www.meydan.tv\\\/az\\\/article\\\/erdogan-tamer-karadagliya-vezife-verdi\\\/#primaryimage\"},\"image\":{\"@id\":\"https:\\\/\\\/www.meydan.tv\\\/az\\\/article\\\/erdogan-tamer-karadagliya-vezife-verdi\\\/#primaryimage\"},\"thumbnailUrl\":\"https:\\\/\\\/www.meydan.tv\\\/wp-content\\\/uploads\\\/untitled-design-3-111-e1691742269418.jpg\",\"datePublished\":\"2023-08-11T08:28:33+00:00\",\"dateModified\":\"2023-08-11T08:28:37+00:00\",\"breadcrumb\":{\"@id\":\"https:\\\/\\\/www.meydan.tv\\\/az\\\/article\\\/erdogan-tamer-karadagliya-vezife-verdi\\\/#breadcrumb\"},\"inLanguage\":\"az\",\"potentialAction\":[{\"@type\":\"ReadAction\",\"target\":[\"https:\\\/\\\/www.meydan.tv\\\/az\\\/article\\\/erdogan-tamer-karadagliya-vezife-verdi\\\/\"]}]},{\"@type\":\"ImageObject\",\"inLanguage\":\"az\",\"@id\":\"https:\\\/\\\/www.meydan.tv\\\/az\\\/article\\\/erdogan-tamer-karadagliya-vezife-verdi\\\/#primaryimage\",\"url\":\"https:\\\/\\\/www.meydan.tv\\\/wp-content\\\/uploads\\\/untitled-design-3-111-e1691742269418.jpg\",\"contentUrl\":\"https:\\\/\\\/www.meydan.tv\\\/wp-content\\\/uploads\\\/untitled-design-3-111-e1691742269418.jpg\",\"width\":1200,\"height\":525,\"caption\":\"Tamer Karada\u011fl\u0131. Foto: \\\"bursahayat.com.tr\\\"\"},{\"@type\":\"BreadcrumbList\",\"@id\":\"https:\\\/\\\/www.meydan.tv\\\/az\\\/article\\\/erdogan-tamer-karadagliya-vezife-verdi\\\/#breadcrumb\",\"itemListElement\":[{\"@type\":\"ListItem\",\"position\":1,\"name\":\"Ana s\u0259hif\u0259\",\"item\":\"https:\\\/\\\/www.meydan.tv\\\/az\\\/\"},{\"@type\":\"ListItem\",\"position\":2,\"name\":\"M\u0259d\u0259niyy\u0259t\",\"item\":\"https:\\\/\\\/www.meydan.tv\\\/az\\\/section\\\/medeniyyet\\\/\"},{\"@type\":\"ListItem\",\"position\":3,\"name\":\"\u018frdo\u011fan Tamer Karada\u011fl\u0131ya v\u0259zif\u0259 verdi\"}]},{\"@type\":\"WebSite\",\"@id\":\"https:\\\/\\\/www.meydan.tv\\\/az\\\/#website\",\"url\":\"https:\\\/\\\/www.meydan.tv\\\/az\\\/\",\"name\":\"MEYDAN.TV\",\"description\":\"Meydan TV Az\u0259rbaycan\u0131n media m\u0259kan\u0131ndak\u0131 alternativ s\u0259sidir\",\"publisher\":{\"@id\":\"https:\\\/\\\/www.meydan.tv\\\/az\\\/#organization\"},\"potentialAction\":[{\"@type\":\"SearchAction\",\"target\":{\"@type\":\"EntryPoint\",\"urlTemplate\":\"https:\\\/\\\/www.meydan.tv\\\/az\\\/?s={search_term_string}\"},\"query-input\":{\"@type\":\"PropertyValueSpecification\",\"valueRequired\":true,\"valueName\":\"search_term_string\"}}],\"inLanguage\":\"az\"},{\"@type\":\"Organization\",\"@id\":\"https:\\\/\\\/www.meydan.tv\\\/az\\\/#organization\",\"name\":\"Meydan TV\",\"url\":\"https:\\\/\\\/www.meydan.tv\\\/az\\\/\",\"logo\":{\"@type\":\"ImageObject\",\"inLanguage\":\"az\",\"@id\":\"https:\\\/\\\/www.meydan.tv\\\/az\\\/#\\\/schema\\\/logo\\\/image\\\/\",\"url\":\"https:\\\/\\\/www.meydan.tv\\\/wp-content\\\/uploads\\\/2021\\\/07\\\/meydan-logo.svg\",\"contentUrl\":\"https:\\\/\\\/www.meydan.tv\\\/wp-content\\\/uploads\\\/2021\\\/07\\\/meydan-logo.svg\",\"width\":195,\"height\":46,\"caption\":\"Meydan TV\"},\"image\":{\"@id\":\"https:\\\/\\\/www.meydan.tv\\\/az\\\/#\\\/schema\\\/logo\\\/image\\\/\"}},{\"@type\":\"Person\",\"@id\":\"https:\\\/\\\/www.meydan.tv\\\/az\\\/#\\\/schema\\\/person\\\/9cdbecf90d17180ce1dfbd95b08dcf47\",\"name\":\"elli\",\"sameAs\":[\"https:\\\/\\\/x.com\\\/elli\"]}]}<\/script>\n<!-- \/ Yoast SEO plugin. -->","yoast_head_json":{"title":"\u018frdo\u011fan Tamer Karada\u011fl\u0131ya v\u0259zif\u0259 verdi - MEYDAN.TV","robots":{"index":"index","follow":"follow","max-snippet":"max-snippet:-1","max-image-preview":"max-image-preview:large","max-video-preview":"max-video-preview:-1"},"canonical":"https:\/\/www.meydan.tv\/az\/article\/erdogan-tamer-karadagliya-vezife-verdi\/","og_locale":"az_AZ","og_type":"article","og_title":"\u018frdo\u011fan Tamer Karada\u011fl\u0131ya v\u0259zif\u0259 verdi - MEYDAN.TV","og_description":"T\u00fcrkiy\u0259 Prezidenti 11 nazirliy\u0259 145 yeni direktor t\u0259yin edib T\u00fcrkiy\u0259li ... Davam\u0131","og_url":"https:\/\/www.meydan.tv\/az\/article\/erdogan-tamer-karadagliya-vezife-verdi\/","og_site_name":"MEYDAN.TV","article_published_time":"2023-08-11T08:28:33+00:00","article_modified_time":"2023-08-11T08:28:37+00:00","og_image":[{"width":1200,"height":525,"url":"https:\/\/www.meydan.tv\/wp-content\/uploads\/untitled-design-3-111-e1691742269418.jpg","type":"image\/jpeg"}],"author":"elli","twitter_card":"summary_large_image","twitter_creator":"@elli","schema":{"@context":"https:\/\/schema.org","@graph":[{"@type":"Article","@id":"https:\/\/www.meydan.tv\/az\/article\/erdogan-tamer-karadagliya-vezife-verdi\/#article","isPartOf":{"@id":"https:\/\/www.meydan.tv\/az\/article\/erdogan-tamer-karadagliya-vezife-verdi\/"},"author":{"name":"elli","@id":"https:\/\/www.meydan.tv\/az\/#\/schema\/person\/9cdbecf90d17180ce1dfbd95b08dcf47"},"headline":"\u018frdo\u011fan Tamer Karada\u011fl\u0131ya v\u0259zif\u0259 verdi","datePublished":"2023-08-11T08:28:33+00:00","dateModified":"2023-08-11T08:28:37+00:00","mainEntityOfPage":{"@id":"https:\/\/www.meydan.tv\/az\/article\/erdogan-tamer-karadagliya-vezife-verdi\/"},"wordCount":89,"publisher":{"@id":"https:\/\/www.meydan.tv\/az\/#organization"},"image":{"@id":"https:\/\/www.meydan.tv\/az\/article\/erdogan-tamer-karadagliya-vezife-verdi\/#primaryimage"},"thumbnailUrl":"https:\/\/www.meydan.tv\/wp-content\/uploads\/untitled-design-3-111-e1691742269418.jpg","articleSection":["M\u0259d\u0259niyy\u0259t","X\u0259b\u0259rl\u0259r"],"inLanguage":"az"},{"@type":"WebPage","@id":"https:\/\/www.meydan.tv\/az\/article\/erdogan-tamer-karadagliya-vezife-verdi\/","url":"https:\/\/www.meydan.tv\/az\/article\/erdogan-tamer-karadagliya-vezife-verdi\/","name":"\u018frdo\u011fan Tamer Karada\u011fl\u0131ya v\u0259zif\u0259 verdi - MEYDAN.TV","isPartOf":{"@id":"https:\/\/www.meydan.tv\/az\/#website"},"primaryImageOfPage":{"@id":"https:\/\/www.meydan.tv\/az\/article\/erdogan-tamer-karadagliya-vezife-verdi\/#primaryimage"},"image":{"@id":"https:\/\/www.meydan.tv\/az\/article\/erdogan-tamer-karadagliya-vezife-verdi\/#primaryimage"},"thumbnailUrl":"https:\/\/www.meydan.tv\/wp-content\/uploads\/untitled-design-3-111-e1691742269418.jpg","datePublished":"2023-08-11T08:28:33+00:00","dateModified":"2023-08-11T08:28:37+00:00","breadcrumb":{"@id":"https:\/\/www.meydan.tv\/az\/article\/erdogan-tamer-karadagliya-vezife-verdi\/#breadcrumb"},"inLanguage":"az","potentialAction":[{"@type":"ReadAction","target":["https:\/\/www.meydan.tv\/az\/article\/erdogan-tamer-karadagliya-vezife-verdi\/"]}]},{"@type":"ImageObject","inLanguage":"az","@id":"https:\/\/www.meydan.tv\/az\/article\/erdogan-tamer-karadagliya-vezife-verdi\/#primaryimage","url":"https:\/\/www.meydan.tv\/wp-content\/uploads\/untitled-design-3-111-e1691742269418.jpg","contentUrl":"https:\/\/www.meydan.tv\/wp-content\/uploads\/untitled-design-3-111-e1691742269418.jpg","width":1200,"height":525,"caption":"Tamer Karada\u011fl\u0131. Foto: \"bursahayat.com.tr\""},{"@type":"BreadcrumbList","@id":"https:\/\/www.meydan.tv\/az\/article\/erdogan-tamer-karadagliya-vezife-verdi\/#breadcrumb","itemListElement":[{"@type":"ListItem","position":1,"name":"Ana s\u0259hif\u0259","item":"https:\/\/www.meydan.tv\/az\/"},{"@type":"ListItem","position":2,"name":"M\u0259d\u0259niyy\u0259t","item":"https:\/\/www.meydan.tv\/az\/section\/medeniyyet\/"},{"@type":"ListItem","position":3,"name":"\u018frdo\u011fan Tamer Karada\u011fl\u0131ya v\u0259zif\u0259 verdi"}]},{"@type":"WebSite","@id":"https:\/\/www.meydan.tv\/az\/#website","url":"https:\/\/www.meydan.tv\/az\/","name":"MEYDAN.TV","description":"Meydan TV Az\u0259rbaycan\u0131n media m\u0259kan\u0131ndak\u0131 alternativ s\u0259sidir","publisher":{"@id":"https:\/\/www.meydan.tv\/az\/#organization"},"potentialAction":[{"@type":"SearchAction","target":{"@type":"EntryPoint","urlTemplate":"https:\/\/www.meydan.tv\/az\/?s={search_term_string}"},"query-input":{"@type":"PropertyValueSpecification","valueRequired":true,"valueName":"search_term_string"}}],"inLanguage":"az"},{"@type":"Organization","@id":"https:\/\/www.meydan.tv\/az\/#organization","name":"Meydan TV","url":"https:\/\/www.meydan.tv\/az\/","logo":{"@type":"ImageObject","inLanguage":"az","@id":"https:\/\/www.meydan.tv\/az\/#\/schema\/logo\/image\/","url":"https:\/\/www.meydan.tv\/wp-content\/uploads\/2021\/07\/meydan-logo.svg","contentUrl":"https:\/\/www.meydan.tv\/wp-content\/uploads\/2021\/07\/meydan-logo.svg","width":195,"height":46,"caption":"Meydan TV"},"image":{"@id":"https:\/\/www.meydan.tv\/az\/#\/schema\/logo\/image\/"}},{"@type":"Person","@id":"https:\/\/www.meydan.tv\/az\/#\/schema\/person\/9cdbecf90d17180ce1dfbd95b08dcf47","name":"elli","sameAs":["https:\/\/x.com\/elli"]}]}},"_links":{"self":[{"href":"https:\/\/www.meydan.tv\/az\/wp-json\/wp\/v2\/posts\/282023","targetHints":{"allow":["GET"]}}],"collection":[{"href":"https:\/\/www.meydan.tv\/az\/wp-json\/wp\/v2\/posts"}],"about":[{"href":"https:\/\/www.meydan.tv\/az\/wp-json\/wp\/v2\/types\/post"}],"author":[{"embeddable":true,"href":"https:\/\/www.meydan.tv\/az\/wp-json\/wp\/v2\/users\/8"}],"replies":[{"embeddable":true,"href":"https:\/\/www.meydan.tv\/az\/wp-json\/wp\/v2\/comments?post=282023"}],"version-history":[{"count":1,"href":"https:\/\/www.meydan.tv\/az\/wp-json\/wp\/v2\/posts\/282023\/revisions"}],"predecessor-version":[{"id":282031,"href":"https:\/\/www.meydan.tv\/az\/wp-json\/wp\/v2\/posts\/282023\/revisions\/282031"}],"wp:featuredmedia":[{"embeddable":true,"href":"https:\/\/www.meydan.tv\/az\/wp-json\/wp\/v2\/media\/282024"}],"wp:attachment":[{"href":"https:\/\/www.meydan.tv\/az\/wp-json\/wp\/v2\/media?parent=282023"}],"wp:term":[{"taxonomy":"category","embeddable":true,"href":"https:\/\/www.meydan.tv\/az\/wp-json\/wp\/v2\/categories?post=282023"},{"taxonomy":"post_tag","embeddable":true,"href":"https:\/\/www.meydan.tv\/az\/wp-json\/wp\/v2\/tags?post=282023"}],"curies":[{"name":"wp","href":"https:\/\/api.w.org\/{rel}","templated":true}]}}