{"id":282021,"date":"2023-08-11T12:26:16","date_gmt":"2023-08-11T08:26:16","guid":{"rendered":"https:\/\/www.meydan.tv\/?p=282021"},"modified":"2023-08-11T12:26:20","modified_gmt":"2023-08-11T08:26:20","slug":"azerbaycanin-rusiyanin-esaretindeki-avtomobil-parki","status":"publish","type":"post","link":"https:\/\/www.meydan.tv\/az\/article\/azerbaycanin-rusiyanin-esaretindeki-avtomobil-parki\/","title":{"rendered":"Az\u0259rbaycan\u0131n Rusiyan\u0131n \u0259sar\u0259tind\u0259ki avtomobil park\u0131"},"content":{"rendered":"\n<p class=\"wp-block-paragraph\"><\/p>\n\n\n\n<p class=\"wp-block-paragraph\"><strong><em>\u00d6lk\u0259d\u0259 say\u0131na g\u00f6r\u0259 VAZ avtomobili birinci yerd\u0259dir<\/em><\/strong><\/p>\n\n\n\n<p class=\"wp-block-paragraph\">Az\u0259rbaycanda \u0259halinin istifad\u0259 etdiyi avtomobill\u0259r aras\u0131nda Rusiya istehsal\u0131 &#8220;VAZ&#8221;-lar birinci yerd\u0259dir.<\/p>\n\n\n\n<p class=\"wp-block-paragraph\">\u00d6lk\u0259d\u0259 401 min \u0259d\u0259d bu avtomobild\u0259n var.<\/p>\n\n\n\n<p class=\"wp-block-paragraph\">\u018fn \u00e7ox t\u0259l\u0259b olunan ikinci brend is\u0259 &#8220;Mercedes&#8221;dir.<\/p>\n\n\n\n<p class=\"wp-block-paragraph\">\u201cBaku Research Institute\u201dnun Az\u0259rbaycanda \u0259n \u00e7ox istifad\u0259 edil\u0259n avtomobil markalar\u0131 il\u0259 ba\u011fl\u0131 <a href=\"https:\/\/bakuresearchinstitute.org\/azerbaycanda-ehali-daha-cox-hansi-avtomobil-markalarina-ustunluk-verir-2000-2021\/?fbclid=IwAR0_mLNi0JEn9nqTUd-ivyVgZnjhTKfkTgyjwG12bXrKah4Oxxh3t0mRjyY_aem_AfFRGYsI5sb12BJkYWcO880b6x-nBiaD09TmqqFCXkJ2edAf9A2WZ6LGM8a3B-9ZNG0\" target=\"_blank\" rel=\"noreferrer noopener\">ara\u015fd\u0131rmas\u0131nda<\/a> bel\u0259 qeyd olunur.<\/p>\n\n\n\n<p class=\"wp-block-paragraph\">Ara\u015fd\u0131rma 2000-2022-ci ill\u0259ri n\u0259z\u0259rd\u0259 tutur.<\/p>\n\n\n\n<p class=\"wp-block-paragraph\">\u0130qtisad\u00e7\u0131 Samir \u018fliyev Az\u0259rbaycanda avtomobil park\u0131n\u0131n d\u0259yi\u015fm\u0259sini iki m\u0259rh\u0259l\u0259y\u0259 b\u00f6l\u00fcr: birinci m\u0259rh\u0259l\u0259 neft pullar\u0131ndan \u00f6nc\u0259ki d\u00f6vr\u00fc, ikinci is\u0259 neft v\u0259saitl\u0259ri sat\u0131\u015f\u0131ndan \u0259ld\u0259 olunan g\u0259lirl\u0259rin artd\u0131\u011f\u0131 zamand\u0131r.<\/p>\n\n\n\n<p class=\"wp-block-paragraph\">\u201c<em>2000-ci ild\u0259, \u00f6lk\u0259y\u0259 neft pulu g\u0259lm\u0259mi\u015fd\u0259n \u00f6nc\u0259 ilk be\u015flikd\u0259 olan avtomobil markalar\u0131 Rusiyaya (&#8220;VAZ&#8221;, &#8220;QAZ&#8221;, &#8220;UAZ&#8221;, &#8220;Moskvi\u00e7&#8221;) m\u0259xsus idi. Neft pulu g\u0259lm\u0259y\u0259 ba\u015flayandan sonra VAZ istisna olmaqla, Rusiya ma\u015f\u0131nlar\u0131 m\u00f6vqel\u0259rini itirm\u0259y\u0259 ba\u015flad\u0131 v\u0259 bazara \u0259sas\u0259n, Avropa, Yapon v\u0259 Koreya ma\u015f\u0131nlar\u0131 \u00fcz tutdu. M\u0259s\u0259l\u0259n, &#8220;Mercedes&#8221; \u0259n \u00e7ox t\u0259l\u0259b olunan brendl\u0259rd\u0259n birin\u0259 \u00e7evrildi\u201d, &#8211;<\/em> dey\u0259 o bildirib.<\/p>\n\n\n<div class=\"wp-block-image\">\n<figure class=\"aligncenter size-large\"><img loading=\"lazy\" decoding=\"async\" width=\"1200\" height=\"800\" src=\"https:\/\/www.meydan.tv\/wp-content\/uploads\/samir_aliyev-1200x800.jpg\" alt=\"Samir \u018fliyev\" class=\"wp-image-210016\"\/><figcaption class=\"wp-element-caption\">M\u0259nb\u0259: Meydan TV<\/figcaption><\/figure>\n<\/div>\n\n\n<p class=\"wp-block-paragraph\">Ara\u015fd\u0131rmada bildirilir ki, haz\u0131rda \u00f6lk\u0259d\u0259 213 min civar\u0131nda &#8220;Mercedes&#8221; avtomobili var.<\/p>\n\n\n\n<p class=\"wp-block-paragraph\">Bununla marka &#8220;VAZ&#8221;-lar\u0131n say\u0131n\u0131n (401 min) yar\u0131s\u0131n\u0131 \u00f6t\u00fcb.<\/p>\n\n\n\n<p class=\"wp-block-paragraph\">Bu g\u00fcn \u00f6lk\u0259d\u0259ki VAZ markal\u0131 avtomobill\u0259rin say\u0131 siyah\u0131da 3-5-ci yerl\u0259ri b\u00f6l\u00fc\u015f\u0259n &#8220;Mercedes&#8221;, &#8220;Hyundai&#8221; v\u0259 &#8220;Toyota&#8221;n\u0131n \u00fcmumi say\u0131na b\u0259rab\u0259rdir.<\/p>\n\n\n\n<p class=\"wp-block-paragraph\">Bel\u0259likl\u0259, \u00f6lk\u0259 avtomobil park\u0131n\u0131n lideri &#8220;VAZ&#8221;-d\u0131r.<\/p>\n\n\n\n<p class=\"wp-block-paragraph\">\u0130kinci yerd\u0259 &#8220;Mercedes&#8221;, \u00fc\u00e7\u00fcnc\u00fc yerd\u0259 &#8220;Hyundai&#8221;, d\u00f6rd\u00fcnc\u00fc yerd\u0259 &#8220;Toyota&#8221;, be\u015finci yerd\u0259 is\u0259 &#8220;Opel&#8221; g\u0259lir.<\/p>\n\n\n\n<p class=\"wp-block-paragraph\">Bunlardan sonra \u0259n \u00e7ox istifad\u0259 olunan markalar is\u0259 &#8220;K\u0130A&#8221;, &#8220;QAZ&#8221;, &#8220;Chevrolet&#8221;, &#8220;Nissan&#8221;, &#8220;BMW&#8221;, &#8220;Moskvi\u00e7&#8221;, &#8220;Volkswagen&#8221;, &#8220;Mitsubishi&#8221;, &#8220;Ford&#8221;, &#8220;Renault&#8221;dur.<\/p>\n","protected":false},"excerpt":{"rendered":"<p>\u00d6lk\u0259d\u0259 say\u0131na g\u00f6r\u0259 VAZ avtomobili birinci yerd\u0259dir Az\u0259rbaycanda \u0259halinin istifad\u0259 &#8230; <\/p>\n<p class=\"read-more-container\"><a title=\"Az\u0259rbaycan\u0131n Rusiyan\u0131n \u0259sar\u0259tind\u0259ki avtomobil park\u0131\" class=\"read-more button\" href=\"https:\/\/www.meydan.tv\/az\/article\/azerbaycanin-rusiyanin-esaretindeki-avtomobil-parki\/#more-282021\" aria-label=\"Read more about Az\u0259rbaycan\u0131n Rusiyan\u0131n \u0259sar\u0259tind\u0259ki avtomobil park\u0131\">Davam\u0131<\/a><\/p>\n","protected":false},"author":8,"featured_media":228393,"comment_status":"closed","ping_status":"closed","sticky":false,"template":"","format":"standard","meta":{"_acf_changed":false,"_sitemap_exclude":false,"_sitemap_priority":"","_sitemap_frequency":"","footnotes":""},"categories":[53,79,56],"tags":[],"class_list":["post-282021","post","type-post","status-publish","format-standard","has-post-thumbnail","hentry","category-iqtisadiyyat","category-featured","category-xeberler","infinite-scroll-item","generate-columns","tablet-grid-50","mobile-grid-100","grid-parent","grid-33","no-featured-image-padding"],"acf":[],"yoast_head":"<!-- This site is optimized with the Yoast SEO plugin v28.4 - https:\/\/yoast.com\/product\/yoast-seo-wordpress\/ -->\n<title>Az\u0259rbaycan\u0131n Rusiyan\u0131n \u0259sar\u0259tind\u0259ki avtomobil park\u0131 - MEYDAN.TV<\/title>\n<meta name=\"robots\" content=\"index, follow, max-snippet:-1, max-image-preview:large, max-video-preview:-1\" \/>\n<link rel=\"canonical\" href=\"https:\/\/www.meydan.tv\/az\/article\/azerbaycanin-rusiyanin-esaretindeki-avtomobil-parki\/\" \/>\n<meta property=\"og:locale\" content=\"az_AZ\" \/>\n<meta property=\"og:type\" content=\"article\" \/>\n<meta property=\"og:title\" content=\"Az\u0259rbaycan\u0131n Rusiyan\u0131n \u0259sar\u0259tind\u0259ki avtomobil park\u0131 - MEYDAN.TV\" \/>\n<meta property=\"og:description\" content=\"\u00d6lk\u0259d\u0259 say\u0131na g\u00f6r\u0259 VAZ avtomobili birinci yerd\u0259dir Az\u0259rbaycanda \u0259halinin istifad\u0259 ... Davam\u0131\" \/>\n<meta property=\"og:url\" content=\"https:\/\/www.meydan.tv\/az\/article\/azerbaycanin-rusiyanin-esaretindeki-avtomobil-parki\/\" \/>\n<meta property=\"og:site_name\" content=\"MEYDAN.TV\" \/>\n<meta property=\"article:published_time\" content=\"2023-08-11T08:26:16+00:00\" \/>\n<meta property=\"article:modified_time\" content=\"2023-08-11T08:26:20+00:00\" \/>\n<meta property=\"og:image\" content=\"https:\/\/www.meydan.tv\/wp-content\/uploads\/avtomobil-bazari-1.jpg\" \/>\n\t<meta property=\"og:image:width\" content=\"1200\" \/>\n\t<meta property=\"og:image:height\" content=\"675\" \/>\n\t<meta property=\"og:image:type\" content=\"image\/jpeg\" \/>\n<meta name=\"twitter:card\" content=\"summary_large_image\" \/>\n<meta name=\"twitter:creator\" content=\"@elli\" \/>\n<!-- \/ Yoast SEO plugin. -->","yoast_head_json":{"title":"Az\u0259rbaycan\u0131n Rusiyan\u0131n \u0259sar\u0259tind\u0259ki avtomobil park\u0131 - MEYDAN.TV","robots":{"index":"index","follow":"follow","max-snippet":"max-snippet:-1","max-image-preview":"max-image-preview:large","max-video-preview":"max-video-preview:-1"},"canonical":"https:\/\/www.meydan.tv\/az\/article\/azerbaycanin-rusiyanin-esaretindeki-avtomobil-parki\/","og_locale":"az_AZ","og_type":"article","og_title":"Az\u0259rbaycan\u0131n Rusiyan\u0131n \u0259sar\u0259tind\u0259ki avtomobil park\u0131 - MEYDAN.TV","og_description":"\u00d6lk\u0259d\u0259 say\u0131na g\u00f6r\u0259 VAZ avtomobili birinci yerd\u0259dir Az\u0259rbaycanda \u0259halinin istifad\u0259 ... Davam\u0131","og_url":"https:\/\/www.meydan.tv\/az\/article\/azerbaycanin-rusiyanin-esaretindeki-avtomobil-parki\/","og_site_name":"MEYDAN.TV","article_published_time":"2023-08-11T08:26:16+00:00","article_modified_time":"2023-08-11T08:26:20+00:00","og_image":[{"width":1200,"height":675,"url":"https:\/\/www.meydan.tv\/wp-content\/uploads\/avtomobil-bazari-1.jpg","type":"image\/jpeg"}],"twitter_card":"summary_large_image","twitter_creator":"@elli","schema":{"@context":"https:\/\/schema.org","@graph":[{"@type":"Article","@id":"https:\/\/www.meydan.tv\/az\/article\/azerbaycanin-rusiyanin-esaretindeki-avtomobil-parki\/#article","isPartOf":{"@id":"https:\/\/www.meydan.tv\/az\/article\/azerbaycanin-rusiyanin-esaretindeki-avtomobil-parki\/"},"author":{"name":"elli","@id":"https:\/\/www.meydan.tv\/az\/#\/schema\/person\/9cdbecf90d17180ce1dfbd95b08dcf47"},"headline":"Az\u0259rbaycan\u0131n Rusiyan\u0131n \u0259sar\u0259tind\u0259ki avtomobil park\u0131","datePublished":"2023-08-11T08:26:16+00:00","dateModified":"2023-08-11T08:26:20+00:00","mainEntityOfPage":{"@id":"https:\/\/www.meydan.tv\/az\/article\/azerbaycanin-rusiyanin-esaretindeki-avtomobil-parki\/"},"wordCount":332,"publisher":{"@id":"https:\/\/www.meydan.tv\/az\/#organization"},"image":{"@id":"https:\/\/www.meydan.tv\/az\/article\/azerbaycanin-rusiyanin-esaretindeki-avtomobil-parki\/#primaryimage"},"thumbnailUrl":"https:\/\/www.meydan.tv\/wp-content\/uploads\/avtomobil-bazari-1.jpg","articleSection":["\u0130qtisadiyyat","T\u00f6vsiy\u0259","X\u0259b\u0259rl\u0259r"],"inLanguage":"az"},{"@type":"WebPage","@id":"https:\/\/www.meydan.tv\/az\/article\/azerbaycanin-rusiyanin-esaretindeki-avtomobil-parki\/","url":"https:\/\/www.meydan.tv\/az\/article\/azerbaycanin-rusiyanin-esaretindeki-avtomobil-parki\/","name":"Az\u0259rbaycan\u0131n Rusiyan\u0131n \u0259sar\u0259tind\u0259ki avtomobil park\u0131 - MEYDAN.TV","isPartOf":{"@id":"https:\/\/www.meydan.tv\/az\/#website"},"primaryImageOfPage":{"@id":"https:\/\/www.meydan.tv\/az\/article\/azerbaycanin-rusiyanin-esaretindeki-avtomobil-parki\/#primaryimage"},"image":{"@id":"https:\/\/www.meydan.tv\/az\/article\/azerbaycanin-rusiyanin-esaretindeki-avtomobil-parki\/#primaryimage"},"thumbnailUrl":"https:\/\/www.meydan.tv\/wp-content\/uploads\/avtomobil-bazari-1.jpg","datePublished":"2023-08-11T08:26:16+00:00","dateModified":"2023-08-11T08:26:20+00:00","breadcrumb":{"@id":"https:\/\/www.meydan.tv\/az\/article\/azerbaycanin-rusiyanin-esaretindeki-avtomobil-parki\/#breadcrumb"},"inLanguage":"az","potentialAction":[{"@type":"ReadAction","target":["https:\/\/www.meydan.tv\/az\/article\/azerbaycanin-rusiyanin-esaretindeki-avtomobil-parki\/"]}]},{"@type":"ImageObject","inLanguage":"az","@id":"https:\/\/www.meydan.tv\/az\/article\/azerbaycanin-rusiyanin-esaretindeki-avtomobil-parki\/#primaryimage","url":"https:\/\/www.meydan.tv\/wp-content\/uploads\/avtomobil-bazari-1.jpg","contentUrl":"https:\/\/www.meydan.tv\/wp-content\/uploads\/avtomobil-bazari-1.jpg","width":1200,"height":675,"caption":"Foto: arxiv"},{"@type":"BreadcrumbList","@id":"https:\/\/www.meydan.tv\/az\/article\/azerbaycanin-rusiyanin-esaretindeki-avtomobil-parki\/#breadcrumb","itemListElement":[{"@type":"ListItem","position":1,"name":"Ana s\u0259hif\u0259","item":"https:\/\/www.meydan.tv\/az\/"},{"@type":"ListItem","position":2,"name":"\u0130qtisadiyyat","item":"https:\/\/www.meydan.tv\/az\/section\/iqtisadiyyat\/"},{"@type":"ListItem","position":3,"name":"Az\u0259rbaycan\u0131n Rusiyan\u0131n \u0259sar\u0259tind\u0259ki avtomobil park\u0131"}]},{"@type":"WebSite","@id":"https:\/\/www.meydan.tv\/az\/#website","url":"https:\/\/www.meydan.tv\/az\/","name":"MEYDAN.TV","description":"Meydan TV Az\u0259rbaycan\u0131n media m\u0259kan\u0131ndak\u0131 alternativ s\u0259sidir","publisher":{"@id":"https:\/\/www.meydan.tv\/az\/#organization"},"potentialAction":[{"@type":"SearchAction","target":{"@type":"EntryPoint","urlTemplate":"https:\/\/www.meydan.tv\/az\/?s={search_term_string}"},"query-input":{"@type":"PropertyValueSpecification","valueRequired":true,"valueName":"search_term_string"}}],"inLanguage":"az"},{"@type":"Organization","@id":"https:\/\/www.meydan.tv\/az\/#organization","name":"Meydan TV","url":"https:\/\/www.meydan.tv\/az\/","logo":{"@type":"ImageObject","inLanguage":"az","@id":"https:\/\/www.meydan.tv\/az\/#\/schema\/logo\/image\/","url":"https:\/\/www.meydan.tv\/wp-content\/uploads\/2021\/07\/meydan-logo.svg","contentUrl":"https:\/\/www.meydan.tv\/wp-content\/uploads\/2021\/07\/meydan-logo.svg","width":195,"height":46,"caption":"Meydan TV"},"image":{"@id":"https:\/\/www.meydan.tv\/az\/#\/schema\/logo\/image\/"}},{"@type":"Person","@id":"https:\/\/www.meydan.tv\/az\/#\/schema\/person\/9cdbecf90d17180ce1dfbd95b08dcf47","name":"elli","sameAs":["https:\/\/x.com\/elli"]}]}},"_links":{"self":[{"href":"https:\/\/www.meydan.tv\/az\/wp-json\/wp\/v2\/posts\/282021","targetHints":{"allow":["GET"]}}],"collection":[{"href":"https:\/\/www.meydan.tv\/az\/wp-json\/wp\/v2\/posts"}],"about":[{"href":"https:\/\/www.meydan.tv\/az\/wp-json\/wp\/v2\/types\/post"}],"author":[{"embeddable":true,"href":"https:\/\/www.meydan.tv\/az\/wp-json\/wp\/v2\/users\/8"}],"replies":[{"embeddable":true,"href":"https:\/\/www.meydan.tv\/az\/wp-json\/wp\/v2\/comments?post=282021"}],"version-history":[{"count":3,"href":"https:\/\/www.meydan.tv\/az\/wp-json\/wp\/v2\/posts\/282021\/revisions"}],"predecessor-version":[{"id":282032,"href":"https:\/\/www.meydan.tv\/az\/wp-json\/wp\/v2\/posts\/282021\/revisions\/282032"}],"wp:featuredmedia":[{"embeddable":true,"href":"https:\/\/www.meydan.tv\/az\/wp-json\/wp\/v2\/media\/228393"}],"wp:attachment":[{"href":"https:\/\/www.meydan.tv\/az\/wp-json\/wp\/v2\/media?parent=282021"}],"wp:term":[{"taxonomy":"category","embeddable":true,"href":"https:\/\/www.meydan.tv\/az\/wp-json\/wp\/v2\/categories?post=282021"},{"taxonomy":"post_tag","embeddable":true,"href":"https:\/\/www.meydan.tv\/az\/wp-json\/wp\/v2\/tags?post=282021"}],"curies":[{"name":"wp","href":"https:\/\/api.w.org\/{rel}","templated":true}]}}