{"id":282012,"date":"2023-08-11T12:20:14","date_gmt":"2023-08-11T08:20:14","guid":{"rendered":"https:\/\/www.meydan.tv\/?p=282012"},"modified":"2023-08-11T12:20:18","modified_gmt":"2023-08-11T08:20:18","slug":"matyenin-rusiya-ukrayna-munaqisesinde-mandela-axtarisi","status":"publish","type":"post","link":"https:\/\/www.meydan.tv\/az\/article\/matyenin-rusiya-ukrayna-munaqisesinde-mandela-axtarisi\/","title":{"rendered":"Matyenin Rusiya-Ukrayna m\u00fcnaqi\u015f\u0259sind\u0259 &#8220;Mandela&#8221; axtar\u0131\u015f\u0131"},"content":{"rendered":"\n<p><\/p>\n\n\n\n<p><strong><em><br>&#8220;Dan\u0131\u015f\u0131qlarda daha y\u00fcks\u0259k r\u00fctb\u0259li vasit\u0259\u00e7i Mandela kimi biri olmal\u0131d\u0131r&#8221;<\/em><\/strong><\/p>\n\n\n\n<p>\u201cFrans\u0131z musiqisinin s\u0259firi\u201d kimi tan\u0131nan m\u00fc\u011f\u0259nni Mirey Matye Rusiya-Ukrayna m\u00fcnaqi\u015f\u0259sind\u0259n dan\u0131\u015f\u0131b.<\/p>\n\n\n\n<p>O, \u201cNice-Matin\u201d q\u0259zetin\u0259 verdiyi m\u00fcsahib\u0259sind\u0259 Kiyev xalq\u0131n\u0131 d\u0259st\u0259kl\u0259y\u0259n \u00e7\u0131x\u0131\u015flar etm\u0259k ist\u0259m\u0259diyini, h\u0259m\u00e7inin Rusiyada da konsert verm\u0259kd\u0259n yay\u0131nd\u0131\u011f\u0131n\u0131 <a href=\"https:\/\/www.nicematin.com\/conflits\/guerre-en-ukraine-proche-de-poutine-mireille-mathieu-etrille-macron-qui-na-pas-la-carrure-pour-jouer-les-mediateurs-866122\" target=\"_blank\" rel=\"noreferrer noopener\">deyib.<\/a><\/p>\n\n\n\n<p>M\u00fc\u011f\u0259nni haz\u0131rk\u0131 v\u0259ziyy\u0259td\u0259 siyas\u0259t\u0259 qar\u0131\u015fmaq ist\u0259m\u0259diyini bildirib.<\/p>\n\n\n\n<p>Matye Ukraynadak\u0131 m\u00fcharib\u0259d\u0259n dan\u0131\u015fark\u0259n diqq\u0259ti daha \u00e7ox silah t\u0259dar\u00fck\u00fcn\u0259 deyil, s\u00fclh\u0259 y\u00f6n\u0259ltm\u0259y\u0259 \u00e7a\u011f\u0131r\u0131b.<\/p>\n\n\n\n<p>M\u00fc\u011f\u0259nni h\u0259m\u00e7inin Fransa Prezidenti Emmanuel Makronun s\u00fclh dan\u0131\u015f\u0131qlar\u0131nda vasit\u0259\u00e7i roluna uy\u011fun olaca\u011f\u0131na \u015f\u00fcbh\u0259 etdiyini bildirib.<\/p>\n\n\n\n<p><em>\u201cDan\u0131\u015f\u0131qlarda daha y\u00fcks\u0259k r\u00fctb\u0259li vasit\u0259\u00e7i Mandela (C\u0259nubi Afrikan\u0131n ke\u00e7mi\u015f prezidenti Nelson Mandela) kimi birinin olmas\u0131n\u0131 g\u00f6rm\u0259k ist\u0259y\u0259rdim. T\u0259\u0259ss\u00fcf ki, Emmanuel Makronun bel\u0259 bir vasit\u0259\u00e7i olaca\u011f\u0131na \u015f\u00fcbh\u0259 edir\u0259m&#8221;, <\/em>&#8211; ifa\u00e7\u0131 deyib.<\/p>\n\n\n\n<p>Rusiya 2022-ci il fevral\u0131n 24-d\u0259 Ukraynada h\u0259rbi \u0259m\u0259liyyatlara ba\u015flay\u0131b.<\/p>\n","protected":false},"excerpt":{"rendered":"<p>&#8220;Dan\u0131\u015f\u0131qlarda daha y\u00fcks\u0259k r\u00fctb\u0259li vasit\u0259\u00e7i Mandela kimi biri olmal\u0131d\u0131r&#8221; \u201cFrans\u0131z &#8230; <\/p>\n<p class=\"read-more-container\"><a title=\"Matyenin Rusiya-Ukrayna m\u00fcnaqi\u015f\u0259sind\u0259 &#8220;Mandela&#8221; axtar\u0131\u015f\u0131\" class=\"read-more button\" href=\"https:\/\/www.meydan.tv\/az\/article\/matyenin-rusiya-ukrayna-munaqisesinde-mandela-axtarisi\/#more-282012\" aria-label=\"Read more about Matyenin Rusiya-Ukrayna m\u00fcnaqi\u015f\u0259sind\u0259 &#8220;Mandela&#8221; axtar\u0131\u015f\u0131\">Davam\u0131<\/a><\/p>\n","protected":false},"author":8,"featured_media":282018,"comment_status":"closed","ping_status":"closed","sticky":false,"template":"","format":"standard","meta":{"_acf_changed":false,"_sitemap_exclude":false,"_sitemap_priority":"","_sitemap_frequency":"","footnotes":""},"categories":[52,56],"tags":[],"class_list":["post-282012","post","type-post","status-publish","format-standard","has-post-thumbnail","hentry","category-medeniyyet","category-xeberler","infinite-scroll-item","generate-columns","tablet-grid-50","mobile-grid-100","grid-parent","grid-33","no-featured-image-padding"],"acf":[],"yoast_head":"<!-- This site is optimized with the Yoast SEO plugin v27.4 - https:\/\/yoast.com\/product\/yoast-seo-wordpress\/ -->\n<title>Matyenin Rusiya-Ukrayna m\u00fcnaqi\u015f\u0259sind\u0259 &quot;Mandela&quot; axtar\u0131\u015f\u0131 - MEYDAN.TV<\/title>\n<meta name=\"robots\" content=\"index, follow, max-snippet:-1, max-image-preview:large, max-video-preview:-1\" \/>\n<link rel=\"canonical\" href=\"https:\/\/www.meydan.tv\/az\/article\/matyenin-rusiya-ukrayna-munaqisesinde-mandela-axtarisi\/\" \/>\n<meta property=\"og:locale\" content=\"az_AZ\" \/>\n<meta property=\"og:type\" content=\"article\" \/>\n<meta property=\"og:title\" content=\"Matyenin Rusiya-Ukrayna m\u00fcnaqi\u015f\u0259sind\u0259 &quot;Mandela&quot; axtar\u0131\u015f\u0131 - MEYDAN.TV\" \/>\n<meta property=\"og:description\" content=\"&#8220;Dan\u0131\u015f\u0131qlarda daha y\u00fcks\u0259k r\u00fctb\u0259li vasit\u0259\u00e7i Mandela kimi biri olmal\u0131d\u0131r&#8221; \u201cFrans\u0131z ... Davam\u0131\" \/>\n<meta property=\"og:url\" content=\"https:\/\/www.meydan.tv\/az\/article\/matyenin-rusiya-ukrayna-munaqisesinde-mandela-axtarisi\/\" \/>\n<meta property=\"og:site_name\" content=\"MEYDAN.TV\" \/>\n<meta property=\"article:published_time\" content=\"2023-08-11T08:20:14+00:00\" \/>\n<meta property=\"article:modified_time\" content=\"2023-08-11T08:20:18+00:00\" \/>\n<meta property=\"og:image\" content=\"https:\/\/www.meydan.tv\/wp-content\/uploads\/untitled-design-2-134-e1691741740413.jpg\" \/>\n\t<meta property=\"og:image:width\" content=\"1200\" \/>\n\t<meta property=\"og:image:height\" content=\"564\" \/>\n\t<meta property=\"og:image:type\" content=\"image\/jpeg\" \/>\n<meta name=\"author\" content=\"elli\" \/>\n<meta name=\"twitter:card\" content=\"summary_large_image\" \/>\n<meta name=\"twitter:creator\" content=\"@elli\" \/>\n<script type=\"application\/ld+json\" class=\"yoast-schema-graph\">{\"@context\":\"https:\\\/\\\/schema.org\",\"@graph\":[{\"@type\":\"Article\",\"@id\":\"https:\\\/\\\/www.meydan.tv\\\/az\\\/article\\\/matyenin-rusiya-ukrayna-munaqisesinde-mandela-axtarisi\\\/#article\",\"isPartOf\":{\"@id\":\"https:\\\/\\\/www.meydan.tv\\\/az\\\/article\\\/matyenin-rusiya-ukrayna-munaqisesinde-mandela-axtarisi\\\/\"},\"author\":{\"name\":\"elli\",\"@id\":\"https:\\\/\\\/www.meydan.tv\\\/az\\\/#\\\/schema\\\/person\\\/9cdbecf90d17180ce1dfbd95b08dcf47\"},\"headline\":\"Matyenin Rusiya-Ukrayna m\u00fcnaqi\u015f\u0259sind\u0259 &#8220;Mandela&#8221; axtar\u0131\u015f\u0131\",\"datePublished\":\"2023-08-11T08:20:14+00:00\",\"dateModified\":\"2023-08-11T08:20:18+00:00\",\"mainEntityOfPage\":{\"@id\":\"https:\\\/\\\/www.meydan.tv\\\/az\\\/article\\\/matyenin-rusiya-ukrayna-munaqisesinde-mandela-axtarisi\\\/\"},\"wordCount\":209,\"publisher\":{\"@id\":\"https:\\\/\\\/www.meydan.tv\\\/az\\\/#organization\"},\"image\":{\"@id\":\"https:\\\/\\\/www.meydan.tv\\\/az\\\/article\\\/matyenin-rusiya-ukrayna-munaqisesinde-mandela-axtarisi\\\/#primaryimage\"},\"thumbnailUrl\":\"https:\\\/\\\/www.meydan.tv\\\/wp-content\\\/uploads\\\/untitled-design-2-134-e1691741740413.jpg\",\"articleSection\":[\"M\u0259d\u0259niyy\u0259t\",\"X\u0259b\u0259rl\u0259r\"],\"inLanguage\":\"az\"},{\"@type\":\"WebPage\",\"@id\":\"https:\\\/\\\/www.meydan.tv\\\/az\\\/article\\\/matyenin-rusiya-ukrayna-munaqisesinde-mandela-axtarisi\\\/\",\"url\":\"https:\\\/\\\/www.meydan.tv\\\/az\\\/article\\\/matyenin-rusiya-ukrayna-munaqisesinde-mandela-axtarisi\\\/\",\"name\":\"Matyenin Rusiya-Ukrayna m\u00fcnaqi\u015f\u0259sind\u0259 \\\"Mandela\\\" axtar\u0131\u015f\u0131 - MEYDAN.TV\",\"isPartOf\":{\"@id\":\"https:\\\/\\\/www.meydan.tv\\\/az\\\/#website\"},\"primaryImageOfPage\":{\"@id\":\"https:\\\/\\\/www.meydan.tv\\\/az\\\/article\\\/matyenin-rusiya-ukrayna-munaqisesinde-mandela-axtarisi\\\/#primaryimage\"},\"image\":{\"@id\":\"https:\\\/\\\/www.meydan.tv\\\/az\\\/article\\\/matyenin-rusiya-ukrayna-munaqisesinde-mandela-axtarisi\\\/#primaryimage\"},\"thumbnailUrl\":\"https:\\\/\\\/www.meydan.tv\\\/wp-content\\\/uploads\\\/untitled-design-2-134-e1691741740413.jpg\",\"datePublished\":\"2023-08-11T08:20:14+00:00\",\"dateModified\":\"2023-08-11T08:20:18+00:00\",\"breadcrumb\":{\"@id\":\"https:\\\/\\\/www.meydan.tv\\\/az\\\/article\\\/matyenin-rusiya-ukrayna-munaqisesinde-mandela-axtarisi\\\/#breadcrumb\"},\"inLanguage\":\"az\",\"potentialAction\":[{\"@type\":\"ReadAction\",\"target\":[\"https:\\\/\\\/www.meydan.tv\\\/az\\\/article\\\/matyenin-rusiya-ukrayna-munaqisesinde-mandela-axtarisi\\\/\"]}]},{\"@type\":\"ImageObject\",\"inLanguage\":\"az\",\"@id\":\"https:\\\/\\\/www.meydan.tv\\\/az\\\/article\\\/matyenin-rusiya-ukrayna-munaqisesinde-mandela-axtarisi\\\/#primaryimage\",\"url\":\"https:\\\/\\\/www.meydan.tv\\\/wp-content\\\/uploads\\\/untitled-design-2-134-e1691741740413.jpg\",\"contentUrl\":\"https:\\\/\\\/www.meydan.tv\\\/wp-content\\\/uploads\\\/untitled-design-2-134-e1691741740413.jpg\",\"width\":1200,\"height\":564,\"caption\":\"Mirey Matye. Foto: Wiki\"},{\"@type\":\"BreadcrumbList\",\"@id\":\"https:\\\/\\\/www.meydan.tv\\\/az\\\/article\\\/matyenin-rusiya-ukrayna-munaqisesinde-mandela-axtarisi\\\/#breadcrumb\",\"itemListElement\":[{\"@type\":\"ListItem\",\"position\":1,\"name\":\"Ana s\u0259hif\u0259\",\"item\":\"https:\\\/\\\/www.meydan.tv\\\/az\\\/\"},{\"@type\":\"ListItem\",\"position\":2,\"name\":\"M\u0259d\u0259niyy\u0259t\",\"item\":\"https:\\\/\\\/www.meydan.tv\\\/az\\\/section\\\/medeniyyet\\\/\"},{\"@type\":\"ListItem\",\"position\":3,\"name\":\"Matyenin Rusiya-Ukrayna m\u00fcnaqi\u015f\u0259sind\u0259 &#8220;Mandela&#8221; axtar\u0131\u015f\u0131\"}]},{\"@type\":\"WebSite\",\"@id\":\"https:\\\/\\\/www.meydan.tv\\\/az\\\/#website\",\"url\":\"https:\\\/\\\/www.meydan.tv\\\/az\\\/\",\"name\":\"MEYDAN.TV\",\"description\":\"Meydan TV Az\u0259rbaycan\u0131n media m\u0259kan\u0131ndak\u0131 alternativ s\u0259sidir\",\"publisher\":{\"@id\":\"https:\\\/\\\/www.meydan.tv\\\/az\\\/#organization\"},\"potentialAction\":[{\"@type\":\"SearchAction\",\"target\":{\"@type\":\"EntryPoint\",\"urlTemplate\":\"https:\\\/\\\/www.meydan.tv\\\/az\\\/?s={search_term_string}\"},\"query-input\":{\"@type\":\"PropertyValueSpecification\",\"valueRequired\":true,\"valueName\":\"search_term_string\"}}],\"inLanguage\":\"az\"},{\"@type\":\"Organization\",\"@id\":\"https:\\\/\\\/www.meydan.tv\\\/az\\\/#organization\",\"name\":\"Meydan TV\",\"url\":\"https:\\\/\\\/www.meydan.tv\\\/az\\\/\",\"logo\":{\"@type\":\"ImageObject\",\"inLanguage\":\"az\",\"@id\":\"https:\\\/\\\/www.meydan.tv\\\/az\\\/#\\\/schema\\\/logo\\\/image\\\/\",\"url\":\"https:\\\/\\\/www.meydan.tv\\\/wp-content\\\/uploads\\\/2021\\\/07\\\/meydan-logo.svg\",\"contentUrl\":\"https:\\\/\\\/www.meydan.tv\\\/wp-content\\\/uploads\\\/2021\\\/07\\\/meydan-logo.svg\",\"width\":195,\"height\":46,\"caption\":\"Meydan TV\"},\"image\":{\"@id\":\"https:\\\/\\\/www.meydan.tv\\\/az\\\/#\\\/schema\\\/logo\\\/image\\\/\"}},{\"@type\":\"Person\",\"@id\":\"https:\\\/\\\/www.meydan.tv\\\/az\\\/#\\\/schema\\\/person\\\/9cdbecf90d17180ce1dfbd95b08dcf47\",\"name\":\"elli\",\"sameAs\":[\"https:\\\/\\\/x.com\\\/elli\"]}]}<\/script>\n<!-- \/ Yoast SEO plugin. -->","yoast_head_json":{"title":"Matyenin Rusiya-Ukrayna m\u00fcnaqi\u015f\u0259sind\u0259 \"Mandela\" axtar\u0131\u015f\u0131 - MEYDAN.TV","robots":{"index":"index","follow":"follow","max-snippet":"max-snippet:-1","max-image-preview":"max-image-preview:large","max-video-preview":"max-video-preview:-1"},"canonical":"https:\/\/www.meydan.tv\/az\/article\/matyenin-rusiya-ukrayna-munaqisesinde-mandela-axtarisi\/","og_locale":"az_AZ","og_type":"article","og_title":"Matyenin Rusiya-Ukrayna m\u00fcnaqi\u015f\u0259sind\u0259 \"Mandela\" axtar\u0131\u015f\u0131 - MEYDAN.TV","og_description":"&#8220;Dan\u0131\u015f\u0131qlarda daha y\u00fcks\u0259k r\u00fctb\u0259li vasit\u0259\u00e7i Mandela kimi biri olmal\u0131d\u0131r&#8221; \u201cFrans\u0131z ... Davam\u0131","og_url":"https:\/\/www.meydan.tv\/az\/article\/matyenin-rusiya-ukrayna-munaqisesinde-mandela-axtarisi\/","og_site_name":"MEYDAN.TV","article_published_time":"2023-08-11T08:20:14+00:00","article_modified_time":"2023-08-11T08:20:18+00:00","og_image":[{"width":1200,"height":564,"url":"https:\/\/www.meydan.tv\/wp-content\/uploads\/untitled-design-2-134-e1691741740413.jpg","type":"image\/jpeg"}],"author":"elli","twitter_card":"summary_large_image","twitter_creator":"@elli","schema":{"@context":"https:\/\/schema.org","@graph":[{"@type":"Article","@id":"https:\/\/www.meydan.tv\/az\/article\/matyenin-rusiya-ukrayna-munaqisesinde-mandela-axtarisi\/#article","isPartOf":{"@id":"https:\/\/www.meydan.tv\/az\/article\/matyenin-rusiya-ukrayna-munaqisesinde-mandela-axtarisi\/"},"author":{"name":"elli","@id":"https:\/\/www.meydan.tv\/az\/#\/schema\/person\/9cdbecf90d17180ce1dfbd95b08dcf47"},"headline":"Matyenin Rusiya-Ukrayna m\u00fcnaqi\u015f\u0259sind\u0259 &#8220;Mandela&#8221; axtar\u0131\u015f\u0131","datePublished":"2023-08-11T08:20:14+00:00","dateModified":"2023-08-11T08:20:18+00:00","mainEntityOfPage":{"@id":"https:\/\/www.meydan.tv\/az\/article\/matyenin-rusiya-ukrayna-munaqisesinde-mandela-axtarisi\/"},"wordCount":209,"publisher":{"@id":"https:\/\/www.meydan.tv\/az\/#organization"},"image":{"@id":"https:\/\/www.meydan.tv\/az\/article\/matyenin-rusiya-ukrayna-munaqisesinde-mandela-axtarisi\/#primaryimage"},"thumbnailUrl":"https:\/\/www.meydan.tv\/wp-content\/uploads\/untitled-design-2-134-e1691741740413.jpg","articleSection":["M\u0259d\u0259niyy\u0259t","X\u0259b\u0259rl\u0259r"],"inLanguage":"az"},{"@type":"WebPage","@id":"https:\/\/www.meydan.tv\/az\/article\/matyenin-rusiya-ukrayna-munaqisesinde-mandela-axtarisi\/","url":"https:\/\/www.meydan.tv\/az\/article\/matyenin-rusiya-ukrayna-munaqisesinde-mandela-axtarisi\/","name":"Matyenin Rusiya-Ukrayna m\u00fcnaqi\u015f\u0259sind\u0259 \"Mandela\" axtar\u0131\u015f\u0131 - MEYDAN.TV","isPartOf":{"@id":"https:\/\/www.meydan.tv\/az\/#website"},"primaryImageOfPage":{"@id":"https:\/\/www.meydan.tv\/az\/article\/matyenin-rusiya-ukrayna-munaqisesinde-mandela-axtarisi\/#primaryimage"},"image":{"@id":"https:\/\/www.meydan.tv\/az\/article\/matyenin-rusiya-ukrayna-munaqisesinde-mandela-axtarisi\/#primaryimage"},"thumbnailUrl":"https:\/\/www.meydan.tv\/wp-content\/uploads\/untitled-design-2-134-e1691741740413.jpg","datePublished":"2023-08-11T08:20:14+00:00","dateModified":"2023-08-11T08:20:18+00:00","breadcrumb":{"@id":"https:\/\/www.meydan.tv\/az\/article\/matyenin-rusiya-ukrayna-munaqisesinde-mandela-axtarisi\/#breadcrumb"},"inLanguage":"az","potentialAction":[{"@type":"ReadAction","target":["https:\/\/www.meydan.tv\/az\/article\/matyenin-rusiya-ukrayna-munaqisesinde-mandela-axtarisi\/"]}]},{"@type":"ImageObject","inLanguage":"az","@id":"https:\/\/www.meydan.tv\/az\/article\/matyenin-rusiya-ukrayna-munaqisesinde-mandela-axtarisi\/#primaryimage","url":"https:\/\/www.meydan.tv\/wp-content\/uploads\/untitled-design-2-134-e1691741740413.jpg","contentUrl":"https:\/\/www.meydan.tv\/wp-content\/uploads\/untitled-design-2-134-e1691741740413.jpg","width":1200,"height":564,"caption":"Mirey Matye. Foto: Wiki"},{"@type":"BreadcrumbList","@id":"https:\/\/www.meydan.tv\/az\/article\/matyenin-rusiya-ukrayna-munaqisesinde-mandela-axtarisi\/#breadcrumb","itemListElement":[{"@type":"ListItem","position":1,"name":"Ana s\u0259hif\u0259","item":"https:\/\/www.meydan.tv\/az\/"},{"@type":"ListItem","position":2,"name":"M\u0259d\u0259niyy\u0259t","item":"https:\/\/www.meydan.tv\/az\/section\/medeniyyet\/"},{"@type":"ListItem","position":3,"name":"Matyenin Rusiya-Ukrayna m\u00fcnaqi\u015f\u0259sind\u0259 &#8220;Mandela&#8221; axtar\u0131\u015f\u0131"}]},{"@type":"WebSite","@id":"https:\/\/www.meydan.tv\/az\/#website","url":"https:\/\/www.meydan.tv\/az\/","name":"MEYDAN.TV","description":"Meydan TV Az\u0259rbaycan\u0131n media m\u0259kan\u0131ndak\u0131 alternativ s\u0259sidir","publisher":{"@id":"https:\/\/www.meydan.tv\/az\/#organization"},"potentialAction":[{"@type":"SearchAction","target":{"@type":"EntryPoint","urlTemplate":"https:\/\/www.meydan.tv\/az\/?s={search_term_string}"},"query-input":{"@type":"PropertyValueSpecification","valueRequired":true,"valueName":"search_term_string"}}],"inLanguage":"az"},{"@type":"Organization","@id":"https:\/\/www.meydan.tv\/az\/#organization","name":"Meydan TV","url":"https:\/\/www.meydan.tv\/az\/","logo":{"@type":"ImageObject","inLanguage":"az","@id":"https:\/\/www.meydan.tv\/az\/#\/schema\/logo\/image\/","url":"https:\/\/www.meydan.tv\/wp-content\/uploads\/2021\/07\/meydan-logo.svg","contentUrl":"https:\/\/www.meydan.tv\/wp-content\/uploads\/2021\/07\/meydan-logo.svg","width":195,"height":46,"caption":"Meydan TV"},"image":{"@id":"https:\/\/www.meydan.tv\/az\/#\/schema\/logo\/image\/"}},{"@type":"Person","@id":"https:\/\/www.meydan.tv\/az\/#\/schema\/person\/9cdbecf90d17180ce1dfbd95b08dcf47","name":"elli","sameAs":["https:\/\/x.com\/elli"]}]}},"_links":{"self":[{"href":"https:\/\/www.meydan.tv\/az\/wp-json\/wp\/v2\/posts\/282012","targetHints":{"allow":["GET"]}}],"collection":[{"href":"https:\/\/www.meydan.tv\/az\/wp-json\/wp\/v2\/posts"}],"about":[{"href":"https:\/\/www.meydan.tv\/az\/wp-json\/wp\/v2\/types\/post"}],"author":[{"embeddable":true,"href":"https:\/\/www.meydan.tv\/az\/wp-json\/wp\/v2\/users\/8"}],"replies":[{"embeddable":true,"href":"https:\/\/www.meydan.tv\/az\/wp-json\/wp\/v2\/comments?post=282012"}],"version-history":[{"count":1,"href":"https:\/\/www.meydan.tv\/az\/wp-json\/wp\/v2\/posts\/282012\/revisions"}],"predecessor-version":[{"id":282017,"href":"https:\/\/www.meydan.tv\/az\/wp-json\/wp\/v2\/posts\/282012\/revisions\/282017"}],"wp:featuredmedia":[{"embeddable":true,"href":"https:\/\/www.meydan.tv\/az\/wp-json\/wp\/v2\/media\/282018"}],"wp:attachment":[{"href":"https:\/\/www.meydan.tv\/az\/wp-json\/wp\/v2\/media?parent=282012"}],"wp:term":[{"taxonomy":"category","embeddable":true,"href":"https:\/\/www.meydan.tv\/az\/wp-json\/wp\/v2\/categories?post=282012"},{"taxonomy":"post_tag","embeddable":true,"href":"https:\/\/www.meydan.tv\/az\/wp-json\/wp\/v2\/tags?post=282012"}],"curies":[{"name":"wp","href":"https:\/\/api.w.org\/{rel}","templated":true}]}}