{"id":281828,"date":"2023-08-08T18:09:54","date_gmt":"2023-08-08T14:09:54","guid":{"rendered":"https:\/\/www.meydan.tv\/?p=281828"},"modified":"2023-08-08T18:09:59","modified_gmt":"2023-08-08T14:09:59","slug":"nerminin-atasigil-kendde-yayiblar-ki-ilkine-omurluk-ceza-verilecek","status":"publish","type":"post","link":"https:\/\/www.meydan.tv\/az\/article\/nerminin-atasigil-kendde-yayiblar-ki-ilkine-omurluk-ceza-verilecek\/","title":{"rendered":"\u201cN\u0259rminin atas\u0131gil k\u0259ndd\u0259 yay\u0131blar ki, \u0130lkin\u0259 \u00f6m\u00fcrl\u00fck c\u0259za veril\u0259c\u0259k\u201d"},"content":{"rendered":"\n<p><\/p>\n\n\n\n<p><strong><em>\u0130lkin S\u00fcleymanovun v\u0259kill\u0259rinin v\u0259sat\u0259ti t\u0259min olunmad\u0131<\/em><\/strong><\/p>\n\n\n\n<p>Tovuzun Dondar Qu\u015f\u00e7u k\u0259ndind\u0259 2019-cu ilin noyabr\u0131nda 11 ya\u015fl\u0131 N\u0259rmin Quliyevan\u0131 o\u011furlamaqda, 47 g\u00fcn sonra onu \u00f6ld\u00fcr\u00fcb, meyiti is\u0259 yand\u0131rmaqda ittiham olunan \u0130lkin S\u00fcleymanovun v\u0259kill\u0259ri onun 18 il azadl\u0131qdan m\u0259hrum edilm\u0259si bar\u0259d\u0259 h\u00f6kmd\u0259n apelyasiya \u015fikay\u0259ti vermi\u015fdi.<\/p>\n\n\n\n<p>Avqustun 8-d\u0259 h\u0259min \u015fikay\u0259t \u00fczr\u0259 m\u0259hk\u0259m\u0259 prosesi ba\u015flay\u0131b.<\/p>\n\n\n\n<p>\u0130lkin S\u00fcleymanovun i\u015fin\u0259 bu d\u0259f\u0259 G\u0259nc\u0259 Apelyasiya M\u0259hk\u0259m\u0259sind\u0259 Teyyub Muxtarovun s\u0259drliyil\u0259, Rafiq C\u0259f\u0259rov v\u0259 Salman H\u00fcseynovdan ibar\u0259t hakiml\u0259r kollegiyas\u0131 bax\u0131r.<\/p>\n\n\n\n<p>Avqustun 8-d\u0259 ilkin bax\u0131\u015f iclas\u0131nda \u0130lkin S\u00fcleymanovun v\u0259kili Zabil Q\u0259hr\u0259manov bir s\u0131ra v\u0259sat\u0259tl\u0259r qald\u0131r\u0131b.<\/p>\n\n\n\n<p>V\u0259sat\u0259tl\u0259rd\u0259n biri apelyasiya \u015fikay\u0259tin\u0259 m\u0259hk\u0259m\u0259 istintaq\u0131 ke\u00e7irilm\u0259kl\u0259 bax\u0131lmas\u0131 olub.<\/p>\n\n\n\n<p>V\u0259kil bildirib ki, bu i\u015fd\u0259 ara\u015fd\u0131r\u0131las\u0131 xeyli ciddi m\u0259s\u0259l\u0259l\u0259r var.<\/p>\n\n\n\n<p>Zabil Q\u0259hr\u0259manov G\u0259nc\u0259 A\u011f\u0131r Cinay\u0259tl\u0259r M\u0259hk\u0259m\u0259sinin h\u00f6km\u00fcn\u00fcn \u0259sass\u0131z, \u0259dal\u0259tsiz oldu\u011funu bildirib.<\/p>\n\n\n\n<p>V\u0259kilin s\u00f6zl\u0259rin\u0259 g\u00f6r\u0259, i\u015fd\u0259ki qanunsuzluqlar, saxtakarl\u0131qlar o h\u0259dd\u0259dir ki, m\u0259hk\u0259m\u0259 onlar\u0131n bir qismini h\u00f6kmd\u0259 etiraf etm\u0259k m\u0259cburiyy\u0259tind\u0259 qal\u0131b. M\u0259s\u0259l\u0259n, \u0130lkin S\u00fcleymanov etiraf ifad\u0259si al\u0131nmam\u0131\u015fdan \u00f6nc\u0259 4 g\u00fcn Tovuz Rayon Polis \u015e\u00f6b\u0259sind\u0259 qanunsuz saxlan\u0131l\u0131b.<\/p>\n\n\n\n<p>Bundan \u0259vv\u0259l prokurorlu\u011fa \u0130lkin S\u00fcleymanovun 2020-ci il yanvar\u0131n 6-dan 10-na q\u0259d\u0259r Tovuz Rayon Polis \u015e\u00f6b\u0259sind\u0259 qanunsuz saxlanmas\u0131yla ba\u011fl\u0131 bir ne\u00e7\u0259 d\u0259f\u0259 v\u0259kill\u0259ri \u015fikay\u0259t ets\u0259 d\u0259, h\u0259r d\u0259f\u0259 prokurorluq bunu inkar edirdi.<\/p>\n\n\n\n<p>\u0130lkin S\u00fcleymanovun i\u015fg\u0259nc\u0259y\u0259 m\u0259ruz qalmas\u0131 haqda dan\u0131\u015fan v\u0259kil bildirib ki, o, Bak\u0131 \u0130stintaq T\u0259cridxanas\u0131na g\u0259tiril\u0259nd\u0259 \u00fcz\u0259rind\u0259 x\u0259sar\u0259tl\u0259r olub.<\/p>\n\n\n\n<p>M\u00fcdafi\u0259\u00e7il\u0259r t\u0259cridxanadan dusta\u011f\u0131n m\u00fcayin\u0259sin\u0259 dair r\u0259yi almaq ist\u0259s\u0259l\u0259r d\u0259, t\u0259cridxana r\u0259hb\u0259rliyi verm\u0259kd\u0259n imtina edib.<\/p>\n\n\n\n<p><em>\u201cPsixoloji ekspertizan\u0131n r\u0259yi var, orada g\u00f6st\u0259rilib ki, \u0130lkin S\u00fcleymanov yalan dan\u0131\u015fma\u011fa meylli deyil. Bu adam birinci d\u0259f\u0259 &#8211; yanvar\u0131n 8-d\u0259 \u015fahid kimi dindiril\u0259nd\u0259 deyib ki, m\u0259n sad\u0259c\u0259, yan\u011f\u0131n g\u00f6r\u00fcb yax\u0131nla\u015fm\u0131\u015fam. N\u0259 ba\u015f verib ki, bir g\u00fcn ke\u00e7\u0259nd\u0259n sonra boynuna al\u0131b? El\u0259 \u0259vv\u0259ld\u0259n dey\u0259rdi ki, \u201cm\u0259n \u00f6ld\u00fcrm\u00fc\u015f\u0259m\u201d. \u0130lkin S\u00fcleymanov ifad\u0259sind\u0259 yaz\u0131r ki, m\u0259n N\u0259rmini yanvar\u0131n 6-da ba\u015f\u0131ndan 1 da\u015f z\u0259rb\u0259sil\u0259 \u00f6ld\u00fcrm\u00fc\u015f\u0259m. Amma ekspertiza r\u0259yind\u0259 g\u00f6st\u0259rilib ki, meyit m\u00fcayin\u0259d\u0259n 3 g\u00fcn \u0259vv\u0259l \u00f6ld\u00fcr\u00fcl\u00fcb. Bu da yanvar\u0131n 4-n\u0259 t\u0259sad\u00fcf edir. Ba\u015f\u0131na da az\u0131, 5 z\u0259rb\u0259 vurulub. Bu adam i\u015fin faktiki hallar\u0131na uy\u011fun g\u0259lm\u0259y\u0259n \u015feyl\u0259ri ifad\u0259sind\u0259 niy\u0259 desin? Bu m\u0259s\u0259l\u0259l\u0259r ara\u015fd\u0131r\u0131lmal\u0131d\u0131r\u201d, &#8211;<\/em> v\u0259kil bildirib.<\/p>\n\n\n\n<p>M\u00fcdafi\u0259\u00e7inin daha bir v\u0259sat\u0259ti i\u015fin istintaq\u0131n\u0131 aparm\u0131\u015f m\u00fcst\u0259ntiqin dindirilm\u0259si bar\u0259d\u0259 olub.<\/p>\n\n\n\n<p>Zabil Q\u0259hr\u0259manov bildirib ki, \u0130lkin S\u00fcleymanov yanvar\u0131n 6-da polis \u015f\u00f6b\u0259sin\u0259 g\u0259tiril\u0259nd\u0259n sonra onun telefonu \u0259lind\u0259n al\u0131n\u0131b.<\/p>\n\n\n<div class=\"wp-block-image\">\n<figure class=\"aligncenter size-full\"><img decoding=\"async\" width=\"1024\" height=\"637\" data-src=\"https:\/\/www.meydan.tv\/wp-content\/uploads\/photo-2022-11-26-16-38-06-e1669554838749.jpg\" alt=\"\" class=\"wp-image-261892 lazyload\" src=\"data:image\/svg+xml;base64,PHN2ZyB3aWR0aD0iMSIgaGVpZ2h0PSIxIiB4bWxucz0iaHR0cDovL3d3dy53My5vcmcvMjAwMC9zdmciPjwvc3ZnPg==\" style=\"--smush-placeholder-width: 1024px; --smush-placeholder-aspect-ratio: 1024\/637;\" \/><figcaption class=\"wp-element-caption\">Zabil Q\u0259hr\u0259manov. Foto: Meydan TV<\/figcaption><\/figure>\n<\/div>\n\n\n<p>Ondan sonra telefonuna m\u00fcdaxil\u0259 edildiyi m\u0259hk\u0259m\u0259nin h\u00f6km\u00fcnd\u0259 d\u0259 etiraf olunub:<\/p>\n\n\n\n<p>\u201cAyd\u0131n oldu ki, m\u00fcst\u0259ntiq telefonu Daxili \u0130\u015fl\u0259r Nazirliyin\u0259 g\u00f6nd\u0259rib. Niy\u0259? Hans\u0131 q\u0259rar \u0259sas\u0131nda? Telefona kiml\u0259r m\u00fcdaxil\u0259 edib? Hans\u0131 m\u0259qs\u0259dl\u0259?\u201d<\/p>\n\n\n\n<p>V\u0259kil vur\u011fulay\u0131b ki, ekspertiza v\u0259 ba\u015fqa m\u0259s\u0259l\u0259l\u0259rl\u0259 ba\u011fl\u0131 da m\u00fcst\u0259ntiqin ayd\u0131nl\u0131q g\u0259tirm\u0259li oldu\u011fu xeyli m\u0259qamlar var. M\u0259s\u0259l\u0259n, hadis\u0259 yerind\u0259 meyit g\u00f6t\u00fcr\u00fcl\u0259nd\u0259n sonra qaz\u0131nt\u0131 i\u015fl\u0259ri apar\u0131l\u0131b:<\/p>\n\n\n\n<p><em>\u201cM\u0259hk\u0259m\u0259d\u0259 d\u0259 t\u0259sdiql\u0259ndi ki, polis r\u0259isi \u015eirzad \u018fsg\u0259rovun g\u00f6st\u0259ri\u015fiyl\u0259 bu ba\u015f verib. Orada ayaq izl\u0259ri vard\u0131, niy\u0259 qaz\u0131l\u0131rd\u0131 ora?\u201d<\/em>.<\/p>\n\n\n\n<p>Zabil Q\u0259hr\u0259manov apelyasiya m\u0259hk\u0259m\u0259sinin q\u0259rar\u0131na q\u0259d\u0259r \u0130lkin S\u00fcleymanov haqq\u0131nda h\u0259bs q\u0259timkan t\u0259dbirinin d\u0259yi\u015fm\u0259si bar\u0259d\u0259 d\u0259 v\u0259sat\u0259t qald\u0131r\u0131b.<\/p>\n\n\n\n<p>Lakin m\u00fcdafi\u0259\u00e7inin qald\u0131rd\u0131\u011f\u0131 v\u0259sat\u0259tl\u0259rin he\u00e7 biri t\u0259min edilm\u0259yib.<\/p>\n\n\n\n<p>M\u0259hk\u0259m\u0259d\u0259 o da m\u0259lum olub ki, N\u0259rmin Quliyevan\u0131n atas\u0131, z\u0259r\u0259r\u00e7\u0259kmi\u015fin h\u00fcquqi varisi qismind\u0259 prosesd\u0259 i\u015ftirak ed\u0259n \u015e\u0259rif Quliyev d\u0259 apelyasiya \u015fikay\u0259ti verib.<\/p>\n\n\n\n<p>O, \u0130lkin S\u00fcleymanova veril\u0259n c\u0259zan\u0131n a\u011f\u0131rla\u015fd\u0131r\u0131lmas\u0131n\u0131, onun \u00f6m\u00fcrl\u00fck azadl\u0131qdan m\u0259hrum edilm\u0259sini ist\u0259yir. Lakin o, \u015fikay\u0259t verm\u0259k \u00fc\u00e7\u00fcn qanunda n\u0259z\u0259rd\u0259 tutulan 20 g\u00fcnl\u00fck m\u00fcdd\u0259ti \u00f6t\u00fcr\u00fcb.<\/p>\n\n\n\n<p>Hakim bildirib ki, m\u00fcdd\u0259t ke\u00e7diyin\u0259 g\u00f6r\u0259 h\u00f6km\u00fc \u00e7\u0131xarm\u0131\u015f G\u0259nc\u0259 A\u011f\u0131r Cinay\u0259tl\u0259r M\u0259hk\u0259m\u0259si bu m\u0259s\u0259l\u0259y\u0259 baxmal\u0131d\u0131r.<\/p>\n\n\n\n<p>\u018fg\u0259r \u00f6t\u00fcr\u00fclm\u0259 \u00fczrl\u00fc s\u0259b\u0259bd\u0259ndirs\u0259, bu halda, q\u0259bul edil\u0259 bil\u0259r. Yaln\u0131z birinci instansiya m\u0259hk\u0259m\u0259si apelyasiya \u015fikay\u0259tini q\u0259bul edib g\u00f6nd\u0259r\u0259nd\u0259n sonra ona bax\u0131lmas\u0131 m\u00fcmk\u00fcnd\u00fcr.<\/p>\n\n\n\n<p>\u015e\u0259rif Quliyev h\u0259m\u00e7inin m\u0259hk\u0259m\u0259d\u0259n ona d\u00f6vl\u0259t hesab\u0131na v\u0259kil t\u0259yin olunmas\u0131n\u0131 ist\u0259yib.<\/p>\n\n\n\n<p>M\u00fcdafi\u0259 t\u0259r\u0259finin qald\u0131rd\u0131\u011f\u0131 v\u0259sat\u0259tl\u0259rin he\u00e7 birinin t\u0259min olunmamas\u0131, m\u0259hk\u0259m\u0259 istintaq\u0131n\u0131n ke\u00e7irilm\u0259m\u0259si \u0130lkin S\u00fcleymanovun yax\u0131nlar\u0131n\u0131n etiraz\u0131na s\u0259b\u0259b olub.<\/p>\n\n\n\n<p><em>\u201cSanki oyun davam edir, bel\u0259 t\u0259\u0259ss\u00fcrat yaran\u0131r. \u015e\u0259rif Quliyevgil k\u0259ndd\u0259 yay\u0131blar ki, \u0130lkin\u0259 \u00f6m\u00fcrl\u00fck c\u0259za veril\u0259c\u0259k. \u018fminik ki, apelyasiya \u015fikay\u0259tini d\u0259 \u015e\u0259rif Quliyev \u00f6z\u00fc verm\u0259yib, verdiribl\u0259r. Biz\u0259 h\u0259d\u0259-qorxu g\u0259lm\u0259k m\u0259qs\u0259di da\u015f\u0131y\u0131r. Y\u0259ni siz susmursunuzsa, biz daha a\u011f\u0131r add\u0131mlar ataca\u011f\u0131q. Biz bu m\u0259hk\u0259m\u0259nin \u0259dal\u0259tli olaca\u011f\u0131na inanm\u0131r\u0131q. A\u00e7\u0131q-a\u015fkar saxta olan hallar\u0131 ara\u015fd\u0131rmaq ist\u0259m\u0259y\u0259n hakiml\u0259rd\u0259n n\u0259 g\u00f6zl\u0259y\u0259k? V\u0259kilimiz n\u0259 q\u0259d\u0259r pozuntular sadalad\u0131. He\u00e7 birini n\u0259z\u0259r\u0259 almaq ist\u0259m\u0259di\u201d, &#8211;<\/em> \u0130lkin S\u00fcleymanovun qarda\u015f\u0131 Adil S\u00fcleymanov Meydan TV-y\u0259 bildirib.<\/p>\n\n\n<div class=\"wp-block-image\">\n<figure class=\"aligncenter size-large\"><img decoding=\"async\" width=\"1095\" height=\"821\" data-src=\"https:\/\/www.meydan.tv\/wp-content\/uploads\/photo-2022-04-07-13-20-08-1095x821.jpg\" alt=\"\" class=\"wp-image-241012 lazyload\" src=\"data:image\/svg+xml;base64,PHN2ZyB3aWR0aD0iMSIgaGVpZ2h0PSIxIiB4bWxucz0iaHR0cDovL3d3dy53My5vcmcvMjAwMC9zdmciPjwvc3ZnPg==\" style=\"--smush-placeholder-width: 1095px; --smush-placeholder-aspect-ratio: 1095\/821;\" \/><figcaption class=\"wp-element-caption\">Adil S\u00fcleymanov. Foto: Meydan TV<\/figcaption><\/figure>\n<\/div>\n\n\n<p>Onun s\u00f6zl\u0259rin\u0259 g\u00f6r\u0259, G\u0259nc\u0259 A\u011f\u0131r Cinay\u0259tl\u0259r M\u0259hk\u0259m\u0259sind\u0259 dindiril\u0259n \u015fahidl\u0259rin ifad\u0259l\u0259ri protokollarda saxtala\u015fd\u0131r\u0131l\u0131b:<\/p>\n\n\n\n<p>\u201c<em>N\u0259rminin anas\u0131 m\u0259hk\u0259m\u0259d\u0259 bildirdi ki, meyit tap\u0131lan g\u00fcn polis \u015f\u00f6b\u0259sind\u0259 r\u0259isin yan\u0131nda olub. El\u0259 h\u0259min g\u00fcn g\u00fcnorta r\u0259is onlara g\u0259lib. Deyib ki, u\u015fa\u011f\u0131n\u0131z tan\u0131nmaz halda olsa, onu n\u0259yind\u0259n hardan tan\u0131ya bil\u0259rsiz? Bu dedikl\u0259rini ham\u0131 e\u015fitdi. Amma hakim bunlar\u0131 protokola salmay\u0131b. Sual olunur: niy\u0259? M\u0259qs\u0259d n\u0259dir? \u00c7\u00fcnki \u00f6zl\u0259ri d\u0259 bilir ki, bunun arxas\u0131nda n\u0259 yat\u0131r&#8230;\u201d.<\/em><\/p>\n\n\n\n<p>2009-cu il t\u0259v\u0259ll\u00fcdl\u00fc N\u0259rmin Quliyeva 2019-cu il noyabr\u0131n 21-d\u0259 ya\u015fad\u0131\u011f\u0131 Tovuzun Dondar Qu\u015f\u00e7u k\u0259ndind\u0259 itkin d\u00fc\u015f\u00fcb.<\/p>\n\n\n\n<p>2020-ci il yanvar\u0131n 6-da k\u0259ndd\u0259 \u0130lkin S\u00fcleymanovgilin evinin qar\u015f\u0131s\u0131nda yand\u0131r\u0131lm\u0131\u015f meyit tap\u0131l\u0131b.<\/p>\n\n\n\n<p>1973-c\u00fc il t\u0259v\u0259ll\u00fcdl\u00fc \u0130lkin S\u00fcleymanov Cinay\u0259t M\u0259c\u0259ll\u0259sinin 120.2.4 (x\u00fcsusi amans\u0131zl\u0131qla q\u0259sd\u0259n adam \u00f6ld\u00fcrm\u0259), 120.2.9 (t\u0259qsirkar \u015f\u0259xs \u00fc\u00e7\u00fcn a\u015fkar sur\u0259td\u0259 k\u00f6m\u0259ksiz v\u0259ziyy\u0259td\u0259 olan adam\u0131 q\u0259sd\u0259n \u00f6ld\u00fcrm\u0259), 133.2.1 (o\u011furlanm\u0131\u015f \u015f\u0259xs\u0259 \u0259zab verm\u0259), 133.2.4 (yetkinlik ya\u015f\u0131na \u00e7atmayan, k\u00f6m\u0259ksiz v\u0259ziyy\u0259td\u0259 olan \u015f\u0259xs\u0259 \u0259zab verm\u0259), 144-c\u00fc (adam o\u011furlu\u011fu) madd\u0259l\u0259ril\u0259 ittiham olunur.<\/p>\n\n\n\n<p>\u0130ttihama \u0259sas\u0259n, o, sinif yolda\u015f\u0131 \u015e\u0259rif Quliyevin ail\u0259si, u\u015faqlar\u0131 oldu\u011funa g\u00f6r\u0259 onu q\u0131sqan\u0131b, buna g\u00f6r\u0259 d\u0259 onun q\u0131z\u0131 N\u0259rmini \u00f6vladl\u0131\u011fa g\u00f6t\u00fcrm\u0259k m\u0259qs\u0259dil\u0259 o\u011furlay\u0131b.<\/p>\n\n\n\n<p>Daha sonra q\u0259tl\u0259 yetir\u0259r\u0259k meyiti evl\u0259rinin yax\u0131nl\u0131\u011f\u0131nda yand\u0131r\u0131b.<\/p>\n\n\n\n<p>\u0130lkin S\u00fcleymanov is\u0259 azya\u015fl\u0131n\u0131n \u00f6l\u00fcm\u00fcn\u0259 aidiyy\u0259ti olmad\u0131\u011f\u0131n\u0131, i\u015fg\u0259nc\u0259 n\u0259tic\u0259sind\u0259 cinay\u0259ti \u00fcz\u0259rin\u0259 g\u00f6t\u00fcrd\u00fcyun\u00fc deyir.<\/p>\n\n\n\n<p>Onun s\u00f6zl\u0259rin\u0259 g\u00f6r\u0259, cinay\u0259t i\u015finin materiallar\u0131nda tutuldu\u011fu g\u00fcn yanvar\u0131n 10-u g\u00f6st\u0259rils\u0259 d\u0259, \u0259slind\u0259 onu yanvar\u0131n 6-da saxlay\u0131blar.<\/p>\n\n\n\n<p>4 g\u00fcn \u0259rzind\u0259 &#8211; yanvar\u0131n 10-na q\u0259d\u0259r i\u015fg\u0259nc\u0259l\u0259r\u0259 m\u0259ruz qal\u0131b. Bu \u00fczd\u0259n d\u00f6z\u0259 bilm\u0259yib v\u0259 d\u00f6rd g\u00fcn sonra cinay\u0259ti \u00fcz\u0259rin\u0259 g\u00f6t\u00fcr\u00fcb.<\/p>\n\n\n\n<p>Ba\u015f Prokurorluq is\u0259 i\u015fg\u0259nc\u0259 iddialar\u0131n\u0131 t\u0259kzib edib.<\/p>\n\n\n\n<p>G\u0259nc\u0259 A\u011f\u0131r Cinay\u0259tl\u0259r M\u0259hk\u0259m\u0259sind\u0259 iki il davam ed\u0259n m\u0259hk\u0259m\u0259 prosesinin n\u0259tic\u0259si olaraq, iyunun 5-d\u0259 \u00e7\u0131xar\u0131lan h\u00f6km\u00fcn n\u0259tic\u0259sind\u0259n t\u0259r\u0259fl\u0259r naraz\u0131 qal\u0131b.<\/p>\n\n\n\n<p>\u0130lkin S\u00fcleymanov v\u0259 yax\u0131nlar\u0131 h\u00f6km\u00fcn sifari\u015fli oldu\u011funu hesab edir.<\/p>\n\n\n\n<p>Onlar iddia edir ki, azya\u015fl\u0131n\u0131n ba\u015f\u0131na g\u0259l\u0259nl\u0259rin arxas\u0131nda dayanan v\u0259 cinay\u0259tin a\u00e7\u0131lmas\u0131 haqda prezident\u0259 yalan m\u0259lumat ver\u0259n q\u00fcvv\u0259l\u0259r var.<\/p>\n\n\n\n<p>Onlar m\u0259hk\u0259m\u0259y\u0259 t\u0259sir g\u00f6st\u0259r\u0259r\u0259k bu i\u015f \u00fczr\u0259 obyektiv v\u0259 \u0259dal\u0259tli q\u0259rar q\u0259bul olunmas\u0131na imkan verm\u0259dil\u0259r.<\/p>\n","protected":false},"excerpt":{"rendered":"<p>\u0130lkin S\u00fcleymanovun v\u0259kill\u0259rinin v\u0259sat\u0259ti t\u0259min olunmad\u0131 Tovuzun Dondar Qu\u015f\u00e7u k\u0259ndind\u0259 &#8230; <\/p>\n<p class=\"read-more-container\"><a title=\"\u201cN\u0259rminin atas\u0131gil k\u0259ndd\u0259 yay\u0131blar ki, \u0130lkin\u0259 \u00f6m\u00fcrl\u00fck c\u0259za veril\u0259c\u0259k\u201d\" class=\"read-more button\" href=\"https:\/\/www.meydan.tv\/az\/article\/nerminin-atasigil-kendde-yayiblar-ki-ilkine-omurluk-ceza-verilecek\/#more-281828\" aria-label=\"Read more about \u201cN\u0259rminin atas\u0131gil k\u0259ndd\u0259 yay\u0131blar ki, \u0130lkin\u0259 \u00f6m\u00fcrl\u00fck c\u0259za veril\u0259c\u0259k\u201d\">Davam\u0131<\/a><\/p>\n","protected":false},"author":8,"featured_media":255098,"comment_status":"closed","ping_status":"closed","sticky":false,"template":"","format":"standard","meta":{"_acf_changed":false,"_sitemap_exclude":false,"_sitemap_priority":"","_sitemap_frequency":"","footnotes":""},"categories":[60,88,56],"tags":[],"class_list":["post-281828","post","type-post","status-publish","format-standard","has-post-thumbnail","hentry","category-bolge","category-redaktor-secimi","category-xeberler","infinite-scroll-item","generate-columns","tablet-grid-50","mobile-grid-100","grid-parent","grid-33","no-featured-image-padding"],"acf":[],"yoast_head":"<!-- This site is optimized with the Yoast SEO plugin v27.4 - https:\/\/yoast.com\/product\/yoast-seo-wordpress\/ -->\n<title>\u201cN\u0259rminin atas\u0131gil k\u0259ndd\u0259 yay\u0131blar ki, \u0130lkin\u0259 \u00f6m\u00fcrl\u00fck c\u0259za veril\u0259c\u0259k\u201d - MEYDAN.TV<\/title>\n<meta name=\"robots\" content=\"index, follow, max-snippet:-1, max-image-preview:large, max-video-preview:-1\" \/>\n<link rel=\"canonical\" href=\"https:\/\/www.meydan.tv\/az\/article\/nerminin-atasigil-kendde-yayiblar-ki-ilkine-omurluk-ceza-verilecek\/\" \/>\n<meta property=\"og:locale\" content=\"az_AZ\" \/>\n<meta property=\"og:type\" content=\"article\" \/>\n<meta property=\"og:title\" content=\"\u201cN\u0259rminin atas\u0131gil k\u0259ndd\u0259 yay\u0131blar ki, \u0130lkin\u0259 \u00f6m\u00fcrl\u00fck c\u0259za veril\u0259c\u0259k\u201d - MEYDAN.TV\" \/>\n<meta property=\"og:description\" content=\"\u0130lkin S\u00fcleymanovun v\u0259kill\u0259rinin v\u0259sat\u0259ti t\u0259min olunmad\u0131 Tovuzun Dondar Qu\u015f\u00e7u k\u0259ndind\u0259 ... Davam\u0131\" \/>\n<meta property=\"og:url\" content=\"https:\/\/www.meydan.tv\/az\/article\/nerminin-atasigil-kendde-yayiblar-ki-ilkine-omurluk-ceza-verilecek\/\" \/>\n<meta property=\"og:site_name\" content=\"MEYDAN.TV\" \/>\n<meta property=\"article:published_time\" content=\"2023-08-08T14:09:54+00:00\" \/>\n<meta property=\"article:modified_time\" content=\"2023-08-08T14:09:59+00:00\" \/>\n<meta property=\"og:image\" content=\"https:\/\/www.meydan.tv\/wp-content\/uploads\/photo-2022-09-07-17-11-47.jpg\" \/>\n\t<meta property=\"og:image:width\" content=\"1200\" \/>\n\t<meta property=\"og:image:height\" content=\"675\" \/>\n\t<meta property=\"og:image:type\" content=\"image\/jpeg\" \/>\n<meta name=\"author\" content=\"elli\" \/>\n<meta name=\"twitter:card\" content=\"summary_large_image\" \/>\n<meta name=\"twitter:creator\" content=\"@elli\" \/>\n<script type=\"application\/ld+json\" class=\"yoast-schema-graph\">{\"@context\":\"https:\\\/\\\/schema.org\",\"@graph\":[{\"@type\":\"Article\",\"@id\":\"https:\\\/\\\/www.meydan.tv\\\/az\\\/article\\\/nerminin-atasigil-kendde-yayiblar-ki-ilkine-omurluk-ceza-verilecek\\\/#article\",\"isPartOf\":{\"@id\":\"https:\\\/\\\/www.meydan.tv\\\/az\\\/article\\\/nerminin-atasigil-kendde-yayiblar-ki-ilkine-omurluk-ceza-verilecek\\\/\"},\"author\":{\"name\":\"elli\",\"@id\":\"https:\\\/\\\/www.meydan.tv\\\/az\\\/#\\\/schema\\\/person\\\/9cdbecf90d17180ce1dfbd95b08dcf47\"},\"headline\":\"\u201cN\u0259rminin atas\u0131gil k\u0259ndd\u0259 yay\u0131blar ki, \u0130lkin\u0259 \u00f6m\u00fcrl\u00fck c\u0259za veril\u0259c\u0259k\u201d\",\"datePublished\":\"2023-08-08T14:09:54+00:00\",\"dateModified\":\"2023-08-08T14:09:59+00:00\",\"mainEntityOfPage\":{\"@id\":\"https:\\\/\\\/www.meydan.tv\\\/az\\\/article\\\/nerminin-atasigil-kendde-yayiblar-ki-ilkine-omurluk-ceza-verilecek\\\/\"},\"wordCount\":1684,\"publisher\":{\"@id\":\"https:\\\/\\\/www.meydan.tv\\\/az\\\/#organization\"},\"image\":{\"@id\":\"https:\\\/\\\/www.meydan.tv\\\/az\\\/article\\\/nerminin-atasigil-kendde-yayiblar-ki-ilkine-omurluk-ceza-verilecek\\\/#primaryimage\"},\"thumbnailUrl\":\"https:\\\/\\\/www.meydan.tv\\\/wp-content\\\/uploads\\\/photo-2022-09-07-17-11-47.jpg\",\"articleSection\":[\"B\u00f6lg\u0259\",\"Redaktor se\u00e7imi\",\"X\u0259b\u0259rl\u0259r\"],\"inLanguage\":\"az\"},{\"@type\":\"WebPage\",\"@id\":\"https:\\\/\\\/www.meydan.tv\\\/az\\\/article\\\/nerminin-atasigil-kendde-yayiblar-ki-ilkine-omurluk-ceza-verilecek\\\/\",\"url\":\"https:\\\/\\\/www.meydan.tv\\\/az\\\/article\\\/nerminin-atasigil-kendde-yayiblar-ki-ilkine-omurluk-ceza-verilecek\\\/\",\"name\":\"\u201cN\u0259rminin atas\u0131gil k\u0259ndd\u0259 yay\u0131blar ki, \u0130lkin\u0259 \u00f6m\u00fcrl\u00fck c\u0259za veril\u0259c\u0259k\u201d - MEYDAN.TV\",\"isPartOf\":{\"@id\":\"https:\\\/\\\/www.meydan.tv\\\/az\\\/#website\"},\"primaryImageOfPage\":{\"@id\":\"https:\\\/\\\/www.meydan.tv\\\/az\\\/article\\\/nerminin-atasigil-kendde-yayiblar-ki-ilkine-omurluk-ceza-verilecek\\\/#primaryimage\"},\"image\":{\"@id\":\"https:\\\/\\\/www.meydan.tv\\\/az\\\/article\\\/nerminin-atasigil-kendde-yayiblar-ki-ilkine-omurluk-ceza-verilecek\\\/#primaryimage\"},\"thumbnailUrl\":\"https:\\\/\\\/www.meydan.tv\\\/wp-content\\\/uploads\\\/photo-2022-09-07-17-11-47.jpg\",\"datePublished\":\"2023-08-08T14:09:54+00:00\",\"dateModified\":\"2023-08-08T14:09:59+00:00\",\"breadcrumb\":{\"@id\":\"https:\\\/\\\/www.meydan.tv\\\/az\\\/article\\\/nerminin-atasigil-kendde-yayiblar-ki-ilkine-omurluk-ceza-verilecek\\\/#breadcrumb\"},\"inLanguage\":\"az\",\"potentialAction\":[{\"@type\":\"ReadAction\",\"target\":[\"https:\\\/\\\/www.meydan.tv\\\/az\\\/article\\\/nerminin-atasigil-kendde-yayiblar-ki-ilkine-omurluk-ceza-verilecek\\\/\"]}]},{\"@type\":\"ImageObject\",\"inLanguage\":\"az\",\"@id\":\"https:\\\/\\\/www.meydan.tv\\\/az\\\/article\\\/nerminin-atasigil-kendde-yayiblar-ki-ilkine-omurluk-ceza-verilecek\\\/#primaryimage\",\"url\":\"https:\\\/\\\/www.meydan.tv\\\/wp-content\\\/uploads\\\/photo-2022-09-07-17-11-47.jpg\",\"contentUrl\":\"https:\\\/\\\/www.meydan.tv\\\/wp-content\\\/uploads\\\/photo-2022-09-07-17-11-47.jpg\",\"width\":1200,\"height\":675,\"caption\":\"\u0130lkin S\u00fcleymanov. Foto: Meydan TV\"},{\"@type\":\"BreadcrumbList\",\"@id\":\"https:\\\/\\\/www.meydan.tv\\\/az\\\/article\\\/nerminin-atasigil-kendde-yayiblar-ki-ilkine-omurluk-ceza-verilecek\\\/#breadcrumb\",\"itemListElement\":[{\"@type\":\"ListItem\",\"position\":1,\"name\":\"Ana s\u0259hif\u0259\",\"item\":\"https:\\\/\\\/www.meydan.tv\\\/az\\\/\"},{\"@type\":\"ListItem\",\"position\":2,\"name\":\"B\u00f6lg\u0259\",\"item\":\"https:\\\/\\\/www.meydan.tv\\\/az\\\/section\\\/bolge\\\/\"},{\"@type\":\"ListItem\",\"position\":3,\"name\":\"\u201cN\u0259rminin atas\u0131gil k\u0259ndd\u0259 yay\u0131blar ki, \u0130lkin\u0259 \u00f6m\u00fcrl\u00fck c\u0259za veril\u0259c\u0259k\u201d\"}]},{\"@type\":\"WebSite\",\"@id\":\"https:\\\/\\\/www.meydan.tv\\\/az\\\/#website\",\"url\":\"https:\\\/\\\/www.meydan.tv\\\/az\\\/\",\"name\":\"MEYDAN.TV\",\"description\":\"Meydan TV Az\u0259rbaycan\u0131n media m\u0259kan\u0131ndak\u0131 alternativ s\u0259sidir\",\"publisher\":{\"@id\":\"https:\\\/\\\/www.meydan.tv\\\/az\\\/#organization\"},\"potentialAction\":[{\"@type\":\"SearchAction\",\"target\":{\"@type\":\"EntryPoint\",\"urlTemplate\":\"https:\\\/\\\/www.meydan.tv\\\/az\\\/?s={search_term_string}\"},\"query-input\":{\"@type\":\"PropertyValueSpecification\",\"valueRequired\":true,\"valueName\":\"search_term_string\"}}],\"inLanguage\":\"az\"},{\"@type\":\"Organization\",\"@id\":\"https:\\\/\\\/www.meydan.tv\\\/az\\\/#organization\",\"name\":\"Meydan TV\",\"url\":\"https:\\\/\\\/www.meydan.tv\\\/az\\\/\",\"logo\":{\"@type\":\"ImageObject\",\"inLanguage\":\"az\",\"@id\":\"https:\\\/\\\/www.meydan.tv\\\/az\\\/#\\\/schema\\\/logo\\\/image\\\/\",\"url\":\"https:\\\/\\\/www.meydan.tv\\\/wp-content\\\/uploads\\\/2021\\\/07\\\/meydan-logo.svg\",\"contentUrl\":\"https:\\\/\\\/www.meydan.tv\\\/wp-content\\\/uploads\\\/2021\\\/07\\\/meydan-logo.svg\",\"width\":195,\"height\":46,\"caption\":\"Meydan TV\"},\"image\":{\"@id\":\"https:\\\/\\\/www.meydan.tv\\\/az\\\/#\\\/schema\\\/logo\\\/image\\\/\"}},{\"@type\":\"Person\",\"@id\":\"https:\\\/\\\/www.meydan.tv\\\/az\\\/#\\\/schema\\\/person\\\/9cdbecf90d17180ce1dfbd95b08dcf47\",\"name\":\"elli\",\"sameAs\":[\"https:\\\/\\\/x.com\\\/elli\"]}]}<\/script>\n<!-- \/ Yoast SEO plugin. -->","yoast_head_json":{"title":"\u201cN\u0259rminin atas\u0131gil k\u0259ndd\u0259 yay\u0131blar ki, \u0130lkin\u0259 \u00f6m\u00fcrl\u00fck c\u0259za veril\u0259c\u0259k\u201d - MEYDAN.TV","robots":{"index":"index","follow":"follow","max-snippet":"max-snippet:-1","max-image-preview":"max-image-preview:large","max-video-preview":"max-video-preview:-1"},"canonical":"https:\/\/www.meydan.tv\/az\/article\/nerminin-atasigil-kendde-yayiblar-ki-ilkine-omurluk-ceza-verilecek\/","og_locale":"az_AZ","og_type":"article","og_title":"\u201cN\u0259rminin atas\u0131gil k\u0259ndd\u0259 yay\u0131blar ki, \u0130lkin\u0259 \u00f6m\u00fcrl\u00fck c\u0259za veril\u0259c\u0259k\u201d - MEYDAN.TV","og_description":"\u0130lkin S\u00fcleymanovun v\u0259kill\u0259rinin v\u0259sat\u0259ti t\u0259min olunmad\u0131 Tovuzun Dondar Qu\u015f\u00e7u k\u0259ndind\u0259 ... Davam\u0131","og_url":"https:\/\/www.meydan.tv\/az\/article\/nerminin-atasigil-kendde-yayiblar-ki-ilkine-omurluk-ceza-verilecek\/","og_site_name":"MEYDAN.TV","article_published_time":"2023-08-08T14:09:54+00:00","article_modified_time":"2023-08-08T14:09:59+00:00","og_image":[{"width":1200,"height":675,"url":"https:\/\/www.meydan.tv\/wp-content\/uploads\/photo-2022-09-07-17-11-47.jpg","type":"image\/jpeg"}],"author":"elli","twitter_card":"summary_large_image","twitter_creator":"@elli","schema":{"@context":"https:\/\/schema.org","@graph":[{"@type":"Article","@id":"https:\/\/www.meydan.tv\/az\/article\/nerminin-atasigil-kendde-yayiblar-ki-ilkine-omurluk-ceza-verilecek\/#article","isPartOf":{"@id":"https:\/\/www.meydan.tv\/az\/article\/nerminin-atasigil-kendde-yayiblar-ki-ilkine-omurluk-ceza-verilecek\/"},"author":{"name":"elli","@id":"https:\/\/www.meydan.tv\/az\/#\/schema\/person\/9cdbecf90d17180ce1dfbd95b08dcf47"},"headline":"\u201cN\u0259rminin atas\u0131gil k\u0259ndd\u0259 yay\u0131blar ki, \u0130lkin\u0259 \u00f6m\u00fcrl\u00fck c\u0259za veril\u0259c\u0259k\u201d","datePublished":"2023-08-08T14:09:54+00:00","dateModified":"2023-08-08T14:09:59+00:00","mainEntityOfPage":{"@id":"https:\/\/www.meydan.tv\/az\/article\/nerminin-atasigil-kendde-yayiblar-ki-ilkine-omurluk-ceza-verilecek\/"},"wordCount":1684,"publisher":{"@id":"https:\/\/www.meydan.tv\/az\/#organization"},"image":{"@id":"https:\/\/www.meydan.tv\/az\/article\/nerminin-atasigil-kendde-yayiblar-ki-ilkine-omurluk-ceza-verilecek\/#primaryimage"},"thumbnailUrl":"https:\/\/www.meydan.tv\/wp-content\/uploads\/photo-2022-09-07-17-11-47.jpg","articleSection":["B\u00f6lg\u0259","Redaktor se\u00e7imi","X\u0259b\u0259rl\u0259r"],"inLanguage":"az"},{"@type":"WebPage","@id":"https:\/\/www.meydan.tv\/az\/article\/nerminin-atasigil-kendde-yayiblar-ki-ilkine-omurluk-ceza-verilecek\/","url":"https:\/\/www.meydan.tv\/az\/article\/nerminin-atasigil-kendde-yayiblar-ki-ilkine-omurluk-ceza-verilecek\/","name":"\u201cN\u0259rminin atas\u0131gil k\u0259ndd\u0259 yay\u0131blar ki, \u0130lkin\u0259 \u00f6m\u00fcrl\u00fck c\u0259za veril\u0259c\u0259k\u201d - MEYDAN.TV","isPartOf":{"@id":"https:\/\/www.meydan.tv\/az\/#website"},"primaryImageOfPage":{"@id":"https:\/\/www.meydan.tv\/az\/article\/nerminin-atasigil-kendde-yayiblar-ki-ilkine-omurluk-ceza-verilecek\/#primaryimage"},"image":{"@id":"https:\/\/www.meydan.tv\/az\/article\/nerminin-atasigil-kendde-yayiblar-ki-ilkine-omurluk-ceza-verilecek\/#primaryimage"},"thumbnailUrl":"https:\/\/www.meydan.tv\/wp-content\/uploads\/photo-2022-09-07-17-11-47.jpg","datePublished":"2023-08-08T14:09:54+00:00","dateModified":"2023-08-08T14:09:59+00:00","breadcrumb":{"@id":"https:\/\/www.meydan.tv\/az\/article\/nerminin-atasigil-kendde-yayiblar-ki-ilkine-omurluk-ceza-verilecek\/#breadcrumb"},"inLanguage":"az","potentialAction":[{"@type":"ReadAction","target":["https:\/\/www.meydan.tv\/az\/article\/nerminin-atasigil-kendde-yayiblar-ki-ilkine-omurluk-ceza-verilecek\/"]}]},{"@type":"ImageObject","inLanguage":"az","@id":"https:\/\/www.meydan.tv\/az\/article\/nerminin-atasigil-kendde-yayiblar-ki-ilkine-omurluk-ceza-verilecek\/#primaryimage","url":"https:\/\/www.meydan.tv\/wp-content\/uploads\/photo-2022-09-07-17-11-47.jpg","contentUrl":"https:\/\/www.meydan.tv\/wp-content\/uploads\/photo-2022-09-07-17-11-47.jpg","width":1200,"height":675,"caption":"\u0130lkin S\u00fcleymanov. Foto: Meydan TV"},{"@type":"BreadcrumbList","@id":"https:\/\/www.meydan.tv\/az\/article\/nerminin-atasigil-kendde-yayiblar-ki-ilkine-omurluk-ceza-verilecek\/#breadcrumb","itemListElement":[{"@type":"ListItem","position":1,"name":"Ana s\u0259hif\u0259","item":"https:\/\/www.meydan.tv\/az\/"},{"@type":"ListItem","position":2,"name":"B\u00f6lg\u0259","item":"https:\/\/www.meydan.tv\/az\/section\/bolge\/"},{"@type":"ListItem","position":3,"name":"\u201cN\u0259rminin atas\u0131gil k\u0259ndd\u0259 yay\u0131blar ki, \u0130lkin\u0259 \u00f6m\u00fcrl\u00fck c\u0259za veril\u0259c\u0259k\u201d"}]},{"@type":"WebSite","@id":"https:\/\/www.meydan.tv\/az\/#website","url":"https:\/\/www.meydan.tv\/az\/","name":"MEYDAN.TV","description":"Meydan TV Az\u0259rbaycan\u0131n media m\u0259kan\u0131ndak\u0131 alternativ s\u0259sidir","publisher":{"@id":"https:\/\/www.meydan.tv\/az\/#organization"},"potentialAction":[{"@type":"SearchAction","target":{"@type":"EntryPoint","urlTemplate":"https:\/\/www.meydan.tv\/az\/?s={search_term_string}"},"query-input":{"@type":"PropertyValueSpecification","valueRequired":true,"valueName":"search_term_string"}}],"inLanguage":"az"},{"@type":"Organization","@id":"https:\/\/www.meydan.tv\/az\/#organization","name":"Meydan TV","url":"https:\/\/www.meydan.tv\/az\/","logo":{"@type":"ImageObject","inLanguage":"az","@id":"https:\/\/www.meydan.tv\/az\/#\/schema\/logo\/image\/","url":"https:\/\/www.meydan.tv\/wp-content\/uploads\/2021\/07\/meydan-logo.svg","contentUrl":"https:\/\/www.meydan.tv\/wp-content\/uploads\/2021\/07\/meydan-logo.svg","width":195,"height":46,"caption":"Meydan TV"},"image":{"@id":"https:\/\/www.meydan.tv\/az\/#\/schema\/logo\/image\/"}},{"@type":"Person","@id":"https:\/\/www.meydan.tv\/az\/#\/schema\/person\/9cdbecf90d17180ce1dfbd95b08dcf47","name":"elli","sameAs":["https:\/\/x.com\/elli"]}]}},"_links":{"self":[{"href":"https:\/\/www.meydan.tv\/az\/wp-json\/wp\/v2\/posts\/281828","targetHints":{"allow":["GET"]}}],"collection":[{"href":"https:\/\/www.meydan.tv\/az\/wp-json\/wp\/v2\/posts"}],"about":[{"href":"https:\/\/www.meydan.tv\/az\/wp-json\/wp\/v2\/types\/post"}],"author":[{"embeddable":true,"href":"https:\/\/www.meydan.tv\/az\/wp-json\/wp\/v2\/users\/8"}],"replies":[{"embeddable":true,"href":"https:\/\/www.meydan.tv\/az\/wp-json\/wp\/v2\/comments?post=281828"}],"version-history":[{"count":3,"href":"https:\/\/www.meydan.tv\/az\/wp-json\/wp\/v2\/posts\/281828\/revisions"}],"predecessor-version":[{"id":281831,"href":"https:\/\/www.meydan.tv\/az\/wp-json\/wp\/v2\/posts\/281828\/revisions\/281831"}],"wp:featuredmedia":[{"embeddable":true,"href":"https:\/\/www.meydan.tv\/az\/wp-json\/wp\/v2\/media\/255098"}],"wp:attachment":[{"href":"https:\/\/www.meydan.tv\/az\/wp-json\/wp\/v2\/media?parent=281828"}],"wp:term":[{"taxonomy":"category","embeddable":true,"href":"https:\/\/www.meydan.tv\/az\/wp-json\/wp\/v2\/categories?post=281828"},{"taxonomy":"post_tag","embeddable":true,"href":"https:\/\/www.meydan.tv\/az\/wp-json\/wp\/v2\/tags?post=281828"}],"curies":[{"name":"wp","href":"https:\/\/api.w.org\/{rel}","templated":true}]}}