{"id":281786,"date":"2023-08-08T14:59:05","date_gmt":"2023-08-08T10:59:05","guid":{"rendered":"https:\/\/www.meydan.tv\/?p=281786"},"modified":"2023-08-16T19:48:07","modified_gmt":"2023-08-16T15:48:07","slug":"abs-konqresinden-qubad-ibadoglu-ile-bagli-cagiris","status":"publish","type":"post","link":"https:\/\/www.meydan.tv\/az\/article\/abs-konqresinden-qubad-ibadoglu-ile-bagli-cagiris\/","title":{"rendered":"AB\u015e Konqresind\u0259n Qubad \u0130bado\u011flu il\u0259 ba\u011fl\u0131 \u00e7a\u011f\u0131r\u0131\u015f"},"content":{"rendered":"\n<p><\/p>\n\n\n\n<p><strong><em>&#8220;B\u00fct\u00fcn m\u0259suliyy\u0259ti Prezident \u018fliyev da\u015f\u0131yacaq&#8221;<\/em><\/strong><\/p>\n\n\n\n<p>AB\u015e Konqresinin Qlobal \u0130nsan H\u00fcquqlar\u0131 alt komit\u0259sinin s\u0259dri Tom Lantos v\u0259 \u0130nsan Haqlar\u0131 Komissiyas\u0131n\u0131n h\u0259ms\u0259dri olan Kristofer Smit Az\u0259rbaycan Prezidenti \u0130lham \u018fliyevi iqtisad\u00e7\u0131 Qubad \u0130bado\u011flunu azad etm\u0259y\u0259 \u00e7a\u011f\u0131r\u0131b.<\/p>\n\n\n\n<p>Bu bar\u0259d\u0259 &#8220;Turan&#8221; konqresmenin r\u0259smi sayt\u0131na istinad\u0259n m\u0259lumat <a href=\"https:\/\/www.turan.az\/ext\/news\/2023\/8\/free\/politics_news\/az\/7306.htm\" target=\"_blank\" rel=\"noreferrer noopener\">yay\u0131b<\/a>.<\/p>\n\n\n\n<p>Konqresmen yayd\u0131\u011f\u0131 b\u0259yanatda xat\u0131rlad\u0131r ki, professor Qubad \u0130bado\u011flu haz\u0131rk\u0131 h\u00f6kum\u0259ti k\u0259skin t\u0259nqid edib v\u0259 Az\u0259rbaycanda \u015f\u0259ffafl\u0131\u011f\u0131n art\u0131r\u0131lmas\u0131 v\u0259 \u00f6lk\u0259 liderl\u0259rinin hesabatl\u0131 olmas\u0131 \u00fc\u00e7\u00fcn \u00e7al\u0131\u015f\u0131b.<\/p>\n\n\n\n<p>Kristofer Smit qeyd edir ki, \u0130bado\u011flu h\u0259yati t\u0259hl\u00fck\u0259si olan \u015f\u0259raitd\u0259 k\u0259skin \u015f\u0259k\u0259rli diabet, bo\u011faz infeksiyas\u0131 v\u0259 y\u00fcks\u0259k qan t\u0259zyiqi il\u0259 m\u00fcbariz\u0259 \u00fc\u00e7\u00fcn laz\u0131m olan d\u0259rmanlar olmadan h\u0259bsd\u0259dir:<\/p>\n\n\n\n<p><em>&#8220;Ona t\u0259miz su, yem\u0259k verilmir v\u0259 o, t\u0259hl\u00fck\u0259li cinay\u0259tkarlarla bir kameran\u0131 payla\u015f\u0131r. \u0130bado\u011flu s\u00fcr\u0259tl\u0259 ar\u0131qlay\u0131r v\u0259 s\u0259hh\u0259tinin k\u0259skin \u015f\u0259kild\u0259 pisl\u0259\u015fm\u0259sinin dig\u0259r \u0259lam\u0259tl\u0259ri m\u00fc\u015fahid\u0259 edilir&#8221;.<\/em><\/p>\n\n\n\n<p>\u201c\u018fg\u0259r o, haqs\u0131z yer\u0259 h\u0259bsxanada olark\u0259n v\u0259fat ed\u0259rs\u0259 v\u0259 ya sa\u011flaml\u0131\u011f\u0131na daimi ziyan d\u0259y\u0259rs\u0259, b\u00fct\u00fcn m\u0259suliyy\u0259ti Prezident \u018fliyev da\u015f\u0131yacaq\u201d, &#8211; dey\u0259 Kristofer Smit bildirib.<\/p>\n\n\n\n<p><em>&#8220;2015-ci ilin dekabr\u0131nda K.Smit &#8220;Azadl\u0131q Radiosu&#8221;nun k\u00f6\u015f\u0259 yazar\u0131 X\u0259dic\u0259 \u0130smay\u0131lovan\u0131n m\u00fchakim\u0259 olunmas\u0131 il\u0259 ba\u011fl\u0131 Konqresin dinl\u0259m\u0259l\u0259rin\u0259 s\u0259drlik etdi. H\u0259min ild\u0259 K.Smit \u00f6lk\u0259d\u0259 qanunun aliliyini v\u0259 insan h\u00fcquqlar\u0131na h\u00f6rm\u0259ti t\u0259\u015fviq etm\u0259k \u00fc\u00e7\u00fcn Az\u0259rbaycan Demokratiya Akt\u0131n\u0131 t\u0259qdim etdi. O, insan haqlar\u0131 missiyas\u0131 il\u0259 bir ne\u00e7\u0259 d\u0259f\u0259 Az\u0259rbaycanda olub&#8221;<\/em>, &#8211; dey\u0259 press-relizd\u0259 deyilir.<\/p>\n\n\n\n<p>Avqustun 7-d\u0259 Demokratiya U\u011frunda D\u00fcnya H\u0259r\u0259kat\u0131 (World Movement for Democracy Team)&nbsp; da Qubad \u0130bado\u011flunun m\u00fcdafi\u0259sin\u0259 qo\u015fulub.<\/p>\n\n\n\n<p>H\u0259r\u0259kat\u0131n yayd\u0131\u011f\u0131 m\u00fcraci\u0259td\u0259 bildirilir ki, korrupsiya il\u0259 m\u00fcbariz\u0259 \u00fczr\u0259 ara\u015fd\u0131rma\u00e7\u0131 Az\u0259rbaycandan olan doktor Qubad \u0130bado\u011flu h\u00fccuma m\u0259ruz qal\u0131b v\u0259 hakimiyy\u0259t t\u0259r\u0259find\u0259n h\u0259bs <a href=\"https:\/\/storage.googleapis.com\/qurium\/www.meydan.tv\/az-article-demokratiya-ugrunda-dunya-herekati-qubad-ibadoglunun-mudafiesine-qosulub.html\" target=\"_blank\" rel=\"noreferrer noopener\">edilib<\/a>.<\/p>\n\n\n\n<p><strong>Qubad \u0130bado\u011flunun h\u0259bsi<\/strong><\/p>\n\n\n\n<p>Qubad \u0130bado\u011flu iyulun 23-d\u0259 saxlan\u0131l\u0131b, ert\u0259si g\u00fcn N\u0259rimanov rayon M\u0259hk\u0259m\u0259sind\u0259 onun bar\u0259sind\u0259 ilkin istintaq d\u00f6vr\u00fc \u00fc\u00e7\u00fcn 3 ay 26 g\u00fcnl\u00fck h\u0259bs q\u0259timkan t\u0259dbiri se\u00e7ilib.<\/p>\n\n\n\n<p>Ona qar\u015f\u0131 Cinay\u0259t M\u0259c\u0259ll\u0259sinin 204.3.1 ( saxta pul v\u0259 ya qiym\u0259tli ka\u011f\u0131zlar haz\u0131rlama, \u0259ld\u0259 etm\u0259 v\u0259 ya satma m\u00fct\u0259\u015f\u0259kkil d\u0259st\u0259 t\u0259r\u0259find\u0259n t\u00f6r\u0259dildikd\u0259) madd\u0259si il\u0259 ittiham ir\u0259li s\u00fcr\u00fcl\u00fcb.<br>ADR s\u0259dri daha d\u00f6rd n\u0259f\u0259rl\u0259 \u0259lbirlikd\u0259 ittiham olunur.<\/p>\n\n\n\n<p>Onlar\u0131n adlar\u0131 ilk d\u0259f\u0259 iyulun 23-d\u0259 T\u00fcrkiy\u0259 medias\u0131nda a\u00e7\u0131qlanm\u0131\u015fd\u0131.<\/p>\n\n\n\n<p>FET\u00d6 (F\u0259tullah G\u00fcl\u0259n Terror \u00d6rg\u00fct\u00fc) il\u0259 \u0259laq\u0259li \u015f\u0259xsl\u0259r kimi t\u0259qdim olunan bu d\u00f6rd n\u0259f\u0259r\u0259 qar\u015f\u0131 da Qubad \u0130bado\u011flu il\u0259 eyni \u2013 Cinay\u0259t M\u0259c\u0259ll\u0259sinin 204.3.1 madd\u0259si il\u0259 ittiham ir\u0259li s\u00fcr\u00fcl\u00fcb.<\/p>\n\n\n\n<p>S\u00f6z\u00fcged\u0259n d\u00f6rd n\u0259f\u0259r D\u00f6yr\u00fc\u015f C\u0259f\u0259rov, G\u00fcmrah \u018fbd\u00fcr\u0259hmanov, Ruslan \u018fliyev v\u0259 Anar \u018fliyevdir.<\/p>\n\n\n\n<p>Qubad \u0130bado\u011flu saxland\u0131qdan sonra yay\u0131lan m\u0259lumatlarda iddia olunurdu ki, Anar \u018fliyev ifad\u0259sind\u0259 onun ad\u0131n\u0131 \u00e7\u0259kib.<\/p>\n\n\n\n<p>Amma Qubad \u0130bado\u011flu \u00fcmumiyy\u0259tl\u0259, bu \u015f\u0259xsi tan\u0131mad\u0131\u011f\u0131n\u0131 deyib.<\/p>\n\n\n\n<p>Qubad \u0130bado\u011flunun ofisind\u0259, m\u0259nzilind\u0259, ba\u011f evind\u0259 axtar\u0131\u015flar apar\u0131l\u0131b.<\/p>\n\n\n\n<p>Ofisd\u0259n 40 min dollar pul tap\u0131ld\u0131\u011f\u0131 iddia olunur. Lakin ADR s\u0259dri bildirib ki, h\u0259min pulun ona he\u00e7 bir aidiyy\u0259ti yoxdur.<\/p>\n\n\n\n<p>Qubad \u0130bado\u011flu axtar\u0131\u015fdan sonra m\u0259kandan \u00e7\u0131xar\u0131l\u0131b apar\u0131lark\u0259n siyasi sifari\u015fl\u0259 h\u0259bs olundu\u011funu bildirib.<\/p>\n","protected":false},"excerpt":{"rendered":"<p>&#8220;B\u00fct\u00fcn m\u0259suliyy\u0259ti Prezident \u018fliyev da\u015f\u0131yacaq&#8221; AB\u015e Konqresinin Qlobal \u0130nsan H\u00fcquqlar\u0131 &#8230; <\/p>\n<p class=\"read-more-container\"><a title=\"AB\u015e Konqresind\u0259n Qubad \u0130bado\u011flu il\u0259 ba\u011fl\u0131 \u00e7a\u011f\u0131r\u0131\u015f\" class=\"read-more button\" href=\"https:\/\/www.meydan.tv\/az\/article\/abs-konqresinden-qubad-ibadoglu-ile-bagli-cagiris\/#more-281786\" aria-label=\"Read more about AB\u015e Konqresind\u0259n Qubad \u0130bado\u011flu il\u0259 ba\u011fl\u0131 \u00e7a\u011f\u0131r\u0131\u015f\">Davam\u0131<\/a><\/p>\n","protected":false},"author":8,"featured_media":281794,"comment_status":"closed","ping_status":"closed","sticky":false,"template":"","format":"standard","meta":{"_acf_changed":false,"_sitemap_exclude":false,"_sitemap_priority":"","_sitemap_frequency":"","footnotes":""},"categories":[59,79,56],"tags":[],"class_list":["post-281786","post","type-post","status-publish","format-standard","has-post-thumbnail","hentry","category-siyaset","category-featured","category-xeberler","infinite-scroll-item","generate-columns","tablet-grid-50","mobile-grid-100","grid-parent","grid-33","no-featured-image-padding"],"acf":[],"yoast_head":"<!-- This site is optimized with the Yoast SEO plugin v27.4 - https:\/\/yoast.com\/product\/yoast-seo-wordpress\/ -->\n<title>AB\u015e Konqresind\u0259n Qubad \u0130bado\u011flu il\u0259 ba\u011fl\u0131 \u00e7a\u011f\u0131r\u0131\u015f - MEYDAN.TV<\/title>\n<meta name=\"robots\" content=\"index, follow, max-snippet:-1, max-image-preview:large, max-video-preview:-1\" \/>\n<link rel=\"canonical\" href=\"https:\/\/www.meydan.tv\/az\/article\/abs-konqresinden-qubad-ibadoglu-ile-bagli-cagiris\/\" \/>\n<meta property=\"og:locale\" content=\"az_AZ\" \/>\n<meta property=\"og:type\" content=\"article\" \/>\n<meta property=\"og:title\" content=\"AB\u015e Konqresind\u0259n Qubad \u0130bado\u011flu il\u0259 ba\u011fl\u0131 \u00e7a\u011f\u0131r\u0131\u015f - MEYDAN.TV\" \/>\n<meta property=\"og:description\" content=\"&#8220;B\u00fct\u00fcn m\u0259suliyy\u0259ti Prezident \u018fliyev da\u015f\u0131yacaq&#8221; AB\u015e Konqresinin Qlobal \u0130nsan H\u00fcquqlar\u0131 ... Davam\u0131\" \/>\n<meta property=\"og:url\" content=\"https:\/\/www.meydan.tv\/az\/article\/abs-konqresinden-qubad-ibadoglu-ile-bagli-cagiris\/\" \/>\n<meta property=\"og:site_name\" content=\"MEYDAN.TV\" \/>\n<meta property=\"article:published_time\" content=\"2023-08-08T10:59:05+00:00\" \/>\n<meta property=\"article:modified_time\" content=\"2023-08-16T15:48:07+00:00\" \/>\n<meta property=\"og:image\" content=\"https:\/\/www.meydan.tv\/wp-content\/uploads\/untitled-design-1-117-e1691491182908.jpg\" \/>\n\t<meta property=\"og:image:width\" content=\"1200\" \/>\n\t<meta property=\"og:image:height\" content=\"591\" \/>\n\t<meta property=\"og:image:type\" content=\"image\/jpeg\" \/>\n<meta name=\"author\" content=\"elli\" \/>\n<meta name=\"twitter:card\" content=\"summary_large_image\" \/>\n<meta name=\"twitter:creator\" content=\"@elli\" \/>\n<script type=\"application\/ld+json\" class=\"yoast-schema-graph\">{\"@context\":\"https:\\\/\\\/schema.org\",\"@graph\":[{\"@type\":\"Article\",\"@id\":\"https:\\\/\\\/www.meydan.tv\\\/az\\\/article\\\/abs-konqresinden-qubad-ibadoglu-ile-bagli-cagiris\\\/#article\",\"isPartOf\":{\"@id\":\"https:\\\/\\\/www.meydan.tv\\\/az\\\/article\\\/abs-konqresinden-qubad-ibadoglu-ile-bagli-cagiris\\\/\"},\"author\":{\"name\":\"elli\",\"@id\":\"https:\\\/\\\/www.meydan.tv\\\/az\\\/#\\\/schema\\\/person\\\/9cdbecf90d17180ce1dfbd95b08dcf47\"},\"headline\":\"AB\u015e Konqresind\u0259n Qubad \u0130bado\u011flu il\u0259 ba\u011fl\u0131 \u00e7a\u011f\u0131r\u0131\u015f\",\"datePublished\":\"2023-08-08T10:59:05+00:00\",\"dateModified\":\"2023-08-16T15:48:07+00:00\",\"mainEntityOfPage\":{\"@id\":\"https:\\\/\\\/www.meydan.tv\\\/az\\\/article\\\/abs-konqresinden-qubad-ibadoglu-ile-bagli-cagiris\\\/\"},\"wordCount\":664,\"publisher\":{\"@id\":\"https:\\\/\\\/www.meydan.tv\\\/az\\\/#organization\"},\"image\":{\"@id\":\"https:\\\/\\\/www.meydan.tv\\\/az\\\/article\\\/abs-konqresinden-qubad-ibadoglu-ile-bagli-cagiris\\\/#primaryimage\"},\"thumbnailUrl\":\"https:\\\/\\\/www.meydan.tv\\\/wp-content\\\/uploads\\\/untitled-design-1-117-e1691491182908.jpg\",\"articleSection\":[\"Siyas\u0259t\",\"T\u00f6vsiy\u0259\",\"X\u0259b\u0259rl\u0259r\"],\"inLanguage\":\"az\"},{\"@type\":\"WebPage\",\"@id\":\"https:\\\/\\\/www.meydan.tv\\\/az\\\/article\\\/abs-konqresinden-qubad-ibadoglu-ile-bagli-cagiris\\\/\",\"url\":\"https:\\\/\\\/www.meydan.tv\\\/az\\\/article\\\/abs-konqresinden-qubad-ibadoglu-ile-bagli-cagiris\\\/\",\"name\":\"AB\u015e Konqresind\u0259n Qubad \u0130bado\u011flu il\u0259 ba\u011fl\u0131 \u00e7a\u011f\u0131r\u0131\u015f - MEYDAN.TV\",\"isPartOf\":{\"@id\":\"https:\\\/\\\/www.meydan.tv\\\/az\\\/#website\"},\"primaryImageOfPage\":{\"@id\":\"https:\\\/\\\/www.meydan.tv\\\/az\\\/article\\\/abs-konqresinden-qubad-ibadoglu-ile-bagli-cagiris\\\/#primaryimage\"},\"image\":{\"@id\":\"https:\\\/\\\/www.meydan.tv\\\/az\\\/article\\\/abs-konqresinden-qubad-ibadoglu-ile-bagli-cagiris\\\/#primaryimage\"},\"thumbnailUrl\":\"https:\\\/\\\/www.meydan.tv\\\/wp-content\\\/uploads\\\/untitled-design-1-117-e1691491182908.jpg\",\"datePublished\":\"2023-08-08T10:59:05+00:00\",\"dateModified\":\"2023-08-16T15:48:07+00:00\",\"breadcrumb\":{\"@id\":\"https:\\\/\\\/www.meydan.tv\\\/az\\\/article\\\/abs-konqresinden-qubad-ibadoglu-ile-bagli-cagiris\\\/#breadcrumb\"},\"inLanguage\":\"az\",\"potentialAction\":[{\"@type\":\"ReadAction\",\"target\":[\"https:\\\/\\\/www.meydan.tv\\\/az\\\/article\\\/abs-konqresinden-qubad-ibadoglu-ile-bagli-cagiris\\\/\"]}]},{\"@type\":\"ImageObject\",\"inLanguage\":\"az\",\"@id\":\"https:\\\/\\\/www.meydan.tv\\\/az\\\/article\\\/abs-konqresinden-qubad-ibadoglu-ile-bagli-cagiris\\\/#primaryimage\",\"url\":\"https:\\\/\\\/www.meydan.tv\\\/wp-content\\\/uploads\\\/untitled-design-1-117-e1691491182908.jpg\",\"contentUrl\":\"https:\\\/\\\/www.meydan.tv\\\/wp-content\\\/uploads\\\/untitled-design-1-117-e1691491182908.jpg\",\"width\":1200,\"height\":591,\"caption\":\"Kristofer Smit. Foto: \\\"chrissmith.house.gov\\\"\"},{\"@type\":\"BreadcrumbList\",\"@id\":\"https:\\\/\\\/www.meydan.tv\\\/az\\\/article\\\/abs-konqresinden-qubad-ibadoglu-ile-bagli-cagiris\\\/#breadcrumb\",\"itemListElement\":[{\"@type\":\"ListItem\",\"position\":1,\"name\":\"Ana s\u0259hif\u0259\",\"item\":\"https:\\\/\\\/www.meydan.tv\\\/az\\\/\"},{\"@type\":\"ListItem\",\"position\":2,\"name\":\"Siyas\u0259t\",\"item\":\"https:\\\/\\\/www.meydan.tv\\\/az\\\/section\\\/siyaset\\\/\"},{\"@type\":\"ListItem\",\"position\":3,\"name\":\"AB\u015e Konqresind\u0259n Qubad \u0130bado\u011flu il\u0259 ba\u011fl\u0131 \u00e7a\u011f\u0131r\u0131\u015f\"}]},{\"@type\":\"WebSite\",\"@id\":\"https:\\\/\\\/www.meydan.tv\\\/az\\\/#website\",\"url\":\"https:\\\/\\\/www.meydan.tv\\\/az\\\/\",\"name\":\"MEYDAN.TV\",\"description\":\"Meydan TV Az\u0259rbaycan\u0131n media m\u0259kan\u0131ndak\u0131 alternativ s\u0259sidir\",\"publisher\":{\"@id\":\"https:\\\/\\\/www.meydan.tv\\\/az\\\/#organization\"},\"potentialAction\":[{\"@type\":\"SearchAction\",\"target\":{\"@type\":\"EntryPoint\",\"urlTemplate\":\"https:\\\/\\\/www.meydan.tv\\\/az\\\/?s={search_term_string}\"},\"query-input\":{\"@type\":\"PropertyValueSpecification\",\"valueRequired\":true,\"valueName\":\"search_term_string\"}}],\"inLanguage\":\"az\"},{\"@type\":\"Organization\",\"@id\":\"https:\\\/\\\/www.meydan.tv\\\/az\\\/#organization\",\"name\":\"Meydan TV\",\"url\":\"https:\\\/\\\/www.meydan.tv\\\/az\\\/\",\"logo\":{\"@type\":\"ImageObject\",\"inLanguage\":\"az\",\"@id\":\"https:\\\/\\\/www.meydan.tv\\\/az\\\/#\\\/schema\\\/logo\\\/image\\\/\",\"url\":\"https:\\\/\\\/www.meydan.tv\\\/wp-content\\\/uploads\\\/2021\\\/07\\\/meydan-logo.svg\",\"contentUrl\":\"https:\\\/\\\/www.meydan.tv\\\/wp-content\\\/uploads\\\/2021\\\/07\\\/meydan-logo.svg\",\"width\":195,\"height\":46,\"caption\":\"Meydan TV\"},\"image\":{\"@id\":\"https:\\\/\\\/www.meydan.tv\\\/az\\\/#\\\/schema\\\/logo\\\/image\\\/\"}},{\"@type\":\"Person\",\"@id\":\"https:\\\/\\\/www.meydan.tv\\\/az\\\/#\\\/schema\\\/person\\\/9cdbecf90d17180ce1dfbd95b08dcf47\",\"name\":\"elli\",\"sameAs\":[\"https:\\\/\\\/x.com\\\/elli\"]}]}<\/script>\n<!-- \/ Yoast SEO plugin. -->","yoast_head_json":{"title":"AB\u015e Konqresind\u0259n Qubad \u0130bado\u011flu il\u0259 ba\u011fl\u0131 \u00e7a\u011f\u0131r\u0131\u015f - MEYDAN.TV","robots":{"index":"index","follow":"follow","max-snippet":"max-snippet:-1","max-image-preview":"max-image-preview:large","max-video-preview":"max-video-preview:-1"},"canonical":"https:\/\/www.meydan.tv\/az\/article\/abs-konqresinden-qubad-ibadoglu-ile-bagli-cagiris\/","og_locale":"az_AZ","og_type":"article","og_title":"AB\u015e Konqresind\u0259n Qubad \u0130bado\u011flu il\u0259 ba\u011fl\u0131 \u00e7a\u011f\u0131r\u0131\u015f - MEYDAN.TV","og_description":"&#8220;B\u00fct\u00fcn m\u0259suliyy\u0259ti Prezident \u018fliyev da\u015f\u0131yacaq&#8221; AB\u015e Konqresinin Qlobal \u0130nsan H\u00fcquqlar\u0131 ... Davam\u0131","og_url":"https:\/\/www.meydan.tv\/az\/article\/abs-konqresinden-qubad-ibadoglu-ile-bagli-cagiris\/","og_site_name":"MEYDAN.TV","article_published_time":"2023-08-08T10:59:05+00:00","article_modified_time":"2023-08-16T15:48:07+00:00","og_image":[{"width":1200,"height":591,"url":"https:\/\/www.meydan.tv\/wp-content\/uploads\/untitled-design-1-117-e1691491182908.jpg","type":"image\/jpeg"}],"author":"elli","twitter_card":"summary_large_image","twitter_creator":"@elli","schema":{"@context":"https:\/\/schema.org","@graph":[{"@type":"Article","@id":"https:\/\/www.meydan.tv\/az\/article\/abs-konqresinden-qubad-ibadoglu-ile-bagli-cagiris\/#article","isPartOf":{"@id":"https:\/\/www.meydan.tv\/az\/article\/abs-konqresinden-qubad-ibadoglu-ile-bagli-cagiris\/"},"author":{"name":"elli","@id":"https:\/\/www.meydan.tv\/az\/#\/schema\/person\/9cdbecf90d17180ce1dfbd95b08dcf47"},"headline":"AB\u015e Konqresind\u0259n Qubad \u0130bado\u011flu il\u0259 ba\u011fl\u0131 \u00e7a\u011f\u0131r\u0131\u015f","datePublished":"2023-08-08T10:59:05+00:00","dateModified":"2023-08-16T15:48:07+00:00","mainEntityOfPage":{"@id":"https:\/\/www.meydan.tv\/az\/article\/abs-konqresinden-qubad-ibadoglu-ile-bagli-cagiris\/"},"wordCount":664,"publisher":{"@id":"https:\/\/www.meydan.tv\/az\/#organization"},"image":{"@id":"https:\/\/www.meydan.tv\/az\/article\/abs-konqresinden-qubad-ibadoglu-ile-bagli-cagiris\/#primaryimage"},"thumbnailUrl":"https:\/\/www.meydan.tv\/wp-content\/uploads\/untitled-design-1-117-e1691491182908.jpg","articleSection":["Siyas\u0259t","T\u00f6vsiy\u0259","X\u0259b\u0259rl\u0259r"],"inLanguage":"az"},{"@type":"WebPage","@id":"https:\/\/www.meydan.tv\/az\/article\/abs-konqresinden-qubad-ibadoglu-ile-bagli-cagiris\/","url":"https:\/\/www.meydan.tv\/az\/article\/abs-konqresinden-qubad-ibadoglu-ile-bagli-cagiris\/","name":"AB\u015e Konqresind\u0259n Qubad \u0130bado\u011flu il\u0259 ba\u011fl\u0131 \u00e7a\u011f\u0131r\u0131\u015f - MEYDAN.TV","isPartOf":{"@id":"https:\/\/www.meydan.tv\/az\/#website"},"primaryImageOfPage":{"@id":"https:\/\/www.meydan.tv\/az\/article\/abs-konqresinden-qubad-ibadoglu-ile-bagli-cagiris\/#primaryimage"},"image":{"@id":"https:\/\/www.meydan.tv\/az\/article\/abs-konqresinden-qubad-ibadoglu-ile-bagli-cagiris\/#primaryimage"},"thumbnailUrl":"https:\/\/www.meydan.tv\/wp-content\/uploads\/untitled-design-1-117-e1691491182908.jpg","datePublished":"2023-08-08T10:59:05+00:00","dateModified":"2023-08-16T15:48:07+00:00","breadcrumb":{"@id":"https:\/\/www.meydan.tv\/az\/article\/abs-konqresinden-qubad-ibadoglu-ile-bagli-cagiris\/#breadcrumb"},"inLanguage":"az","potentialAction":[{"@type":"ReadAction","target":["https:\/\/www.meydan.tv\/az\/article\/abs-konqresinden-qubad-ibadoglu-ile-bagli-cagiris\/"]}]},{"@type":"ImageObject","inLanguage":"az","@id":"https:\/\/www.meydan.tv\/az\/article\/abs-konqresinden-qubad-ibadoglu-ile-bagli-cagiris\/#primaryimage","url":"https:\/\/www.meydan.tv\/wp-content\/uploads\/untitled-design-1-117-e1691491182908.jpg","contentUrl":"https:\/\/www.meydan.tv\/wp-content\/uploads\/untitled-design-1-117-e1691491182908.jpg","width":1200,"height":591,"caption":"Kristofer Smit. Foto: \"chrissmith.house.gov\""},{"@type":"BreadcrumbList","@id":"https:\/\/www.meydan.tv\/az\/article\/abs-konqresinden-qubad-ibadoglu-ile-bagli-cagiris\/#breadcrumb","itemListElement":[{"@type":"ListItem","position":1,"name":"Ana s\u0259hif\u0259","item":"https:\/\/www.meydan.tv\/az\/"},{"@type":"ListItem","position":2,"name":"Siyas\u0259t","item":"https:\/\/www.meydan.tv\/az\/section\/siyaset\/"},{"@type":"ListItem","position":3,"name":"AB\u015e Konqresind\u0259n Qubad \u0130bado\u011flu il\u0259 ba\u011fl\u0131 \u00e7a\u011f\u0131r\u0131\u015f"}]},{"@type":"WebSite","@id":"https:\/\/www.meydan.tv\/az\/#website","url":"https:\/\/www.meydan.tv\/az\/","name":"MEYDAN.TV","description":"Meydan TV Az\u0259rbaycan\u0131n media m\u0259kan\u0131ndak\u0131 alternativ s\u0259sidir","publisher":{"@id":"https:\/\/www.meydan.tv\/az\/#organization"},"potentialAction":[{"@type":"SearchAction","target":{"@type":"EntryPoint","urlTemplate":"https:\/\/www.meydan.tv\/az\/?s={search_term_string}"},"query-input":{"@type":"PropertyValueSpecification","valueRequired":true,"valueName":"search_term_string"}}],"inLanguage":"az"},{"@type":"Organization","@id":"https:\/\/www.meydan.tv\/az\/#organization","name":"Meydan TV","url":"https:\/\/www.meydan.tv\/az\/","logo":{"@type":"ImageObject","inLanguage":"az","@id":"https:\/\/www.meydan.tv\/az\/#\/schema\/logo\/image\/","url":"https:\/\/www.meydan.tv\/wp-content\/uploads\/2021\/07\/meydan-logo.svg","contentUrl":"https:\/\/www.meydan.tv\/wp-content\/uploads\/2021\/07\/meydan-logo.svg","width":195,"height":46,"caption":"Meydan TV"},"image":{"@id":"https:\/\/www.meydan.tv\/az\/#\/schema\/logo\/image\/"}},{"@type":"Person","@id":"https:\/\/www.meydan.tv\/az\/#\/schema\/person\/9cdbecf90d17180ce1dfbd95b08dcf47","name":"elli","sameAs":["https:\/\/x.com\/elli"]}]}},"_links":{"self":[{"href":"https:\/\/www.meydan.tv\/az\/wp-json\/wp\/v2\/posts\/281786","targetHints":{"allow":["GET"]}}],"collection":[{"href":"https:\/\/www.meydan.tv\/az\/wp-json\/wp\/v2\/posts"}],"about":[{"href":"https:\/\/www.meydan.tv\/az\/wp-json\/wp\/v2\/types\/post"}],"author":[{"embeddable":true,"href":"https:\/\/www.meydan.tv\/az\/wp-json\/wp\/v2\/users\/8"}],"replies":[{"embeddable":true,"href":"https:\/\/www.meydan.tv\/az\/wp-json\/wp\/v2\/comments?post=281786"}],"version-history":[{"count":4,"href":"https:\/\/www.meydan.tv\/az\/wp-json\/wp\/v2\/posts\/281786\/revisions"}],"predecessor-version":[{"id":282430,"href":"https:\/\/www.meydan.tv\/az\/wp-json\/wp\/v2\/posts\/281786\/revisions\/282430"}],"wp:featuredmedia":[{"embeddable":true,"href":"https:\/\/www.meydan.tv\/az\/wp-json\/wp\/v2\/media\/281794"}],"wp:attachment":[{"href":"https:\/\/www.meydan.tv\/az\/wp-json\/wp\/v2\/media?parent=281786"}],"wp:term":[{"taxonomy":"category","embeddable":true,"href":"https:\/\/www.meydan.tv\/az\/wp-json\/wp\/v2\/categories?post=281786"},{"taxonomy":"post_tag","embeddable":true,"href":"https:\/\/www.meydan.tv\/az\/wp-json\/wp\/v2\/tags?post=281786"}],"curies":[{"name":"wp","href":"https:\/\/api.w.org\/{rel}","templated":true}]}}