{"id":281775,"date":"2023-08-08T13:12:03","date_gmt":"2023-08-08T09:12:03","guid":{"rendered":"https:\/\/www.meydan.tv\/?p=281775"},"modified":"2023-08-08T13:12:12","modified_gmt":"2023-08-08T09:12:12","slug":"pul-axtarandan-senetkar-olmaz","status":"publish","type":"post","link":"https:\/\/www.meydan.tv\/az\/article\/pul-axtarandan-senetkar-olmaz\/","title":{"rendered":"&#8220;Pul axtarandan s\u0259n\u0259tkar olmaz&#8221;"},"content":{"rendered":"\n<p><\/p>\n\n\n\n<p><strong><em>&#8220;Sual verirl\u0259r ki, s\u0259nd\u0259n sonra kim olacaq saatsaz?&#8221;<\/em><\/strong><\/p>\n\n\n\n<p>Bu yoldan h\u0259r g\u00fcn y\u00fczl\u0259rl\u0259 sakin ke\u00e7ir. H\u0259m bazara t\u0259l\u0259sir, h\u0259m d\u0259 yol\u00fcst\u00fc onun i\u015f yerin\u0259 d\u0259yirl\u0259r. Yuxar\u0131 n\u0259z\u0259r salanda iri h\u0259rfl\u0259rl\u0259 &#8220;saatsaz&#8221; s\u00f6z\u00fc kifay\u0259t edir ki, onu tan\u0131yasan.<\/p>\n\n\n\n<p>Ham\u0131 ona &#8220;V\u00fcqar usta&#8221; dey\u0259 m\u00fcraci\u0259t edir.<\/p>\n\n\n\n<p>S\u00f6hb\u0259t G\u00f6y\u00e7ay\u0131n t\u0259k saatsaz\u0131 V\u00fcqar H\u0259s\u0259novdan gedir.<\/p>\n\n\n\n<p>Vaxtil\u0259 m\u0259\u015fhur, indi is\u0259 unudilmaqda olan bel\u0259 s\u0259n\u0259t n\u00f6vl\u0259rini regionlarda ya\u015fadanlar az da olsa, qal\u0131r.<\/p>\n\n\n\n<p>Ke\u00e7mi\u015fd\u0259 G\u00f6y\u00e7ayda ona yax\u0131n etnik xalq ya\u015fay\u0131b. Onlar\u0131n da \u0259sas m\u0259\u015f\u011fuliyy\u0259ti m\u00fcxt\u0259lif el s\u0259n\u0259tl\u0259ri olub.<\/p>\n\n\n<div class=\"wp-block-image\">\n<figure class=\"aligncenter size-large\"><img decoding=\"async\" width=\"1200\" height=\"675\" data-src=\"https:\/\/www.meydan.tv\/wp-content\/uploads\/img-20230731-wa0147-1200x675.jpg\" alt=\"\" class=\"wp-image-281769 lazyload\" src=\"data:image\/svg+xml;base64,PHN2ZyB3aWR0aD0iMSIgaGVpZ2h0PSIxIiB4bWxucz0iaHR0cDovL3d3dy53My5vcmcvMjAwMC9zdmciPjwvc3ZnPg==\" style=\"--smush-placeholder-width: 1200px; --smush-placeholder-aspect-ratio: 1200\/675;\" \/><\/figure>\n<\/div>\n\n\n<p>Onlardan biri d\u0259 \u0259sas y\u0259hudil\u0259rin m\u0259\u015f\u011ful oldu\u011fu saatsaz s\u0259n\u0259tidir.<\/p>\n\n\n\n<p>Rayonun be\u015f f\u0259rqli gu\u015f\u0259sind\u0259 f\u0259aliy\u0259t g\u00f6st\u0259r\u0259n saatsazlardan d\u00f6rd\u00fc y\u0259hudi olub.<\/p>\n\n\n\n<p>Yaln\u0131z biri is\u0259 yerli s\u0259n\u0259tkar \u018fnv\u0259r usta olub. V\u00fcqar da onun o\u011fludur.<\/p>\n\n\n\n<p>V\u00fcqar rayonda saatsaz kimi 25 ildir ki, f\u0259aliyy\u0259t g\u00f6st\u0259rir.<\/p>\n\n\n\n<p><strong>&#8220;Atam\u0131n \u0259ll\u0259rin\u0259 baxaraq \u00f6yr\u0259ndim&#8221;<\/strong><\/p>\n\n\n\n<p>&nbsp;O, s\u0259n\u0259ti atas\u0131ndan \u00f6yr\u0259ndiyini, saatsazl\u0131\u011f\u0131n h\u0259m d\u0259 \u00e7\u0259tin v\u0259 m\u0259suliyy\u0259tli pe\u015f\u0259 oldu\u011funu deyir.<\/p>\n\n\n\n<p>Onun s\u00f6zl\u0259rin\u0259 g\u00f6r\u0259, bu s\u0259n\u0259t insandan d\u00f6z\u00fcm v\u0259 s\u0259br t\u0259l\u0259b edir:<\/p>\n\n\n\n<p><em>&#8220;Atam 50 il saatsaz i\u015fl\u0259yib. Son alt\u0131 ild\u0259 f\u0259aliyy\u0259tini dayand\u0131r\u0131b. \u018fll\u0259rin\u0259 baxaraq \u00f6yr\u0259nmi\u015f\u0259m. \u0130rsi bacar\u0131qla yana\u015f\u0131, ill\u0259rdir ki, atamdan \u00f6yr\u0259ndikl\u0259rim m\u0259n\u0259 ciddi k\u00f6m\u0259k oldu. \u0130lk d\u0259f\u0259 saatsaz al\u0259tl\u0259rinin funksiyas\u0131n\u0131 v\u0259 nec\u0259 istifad\u0259 edilm\u0259sini \u00f6yr\u0259ndim. Saatlar\u0131 s\u00f6k\u00fcb-y\u0131\u011fd\u0131m. \u0130lk n\u00f6vb\u0259d\u0259 s\u0259brli, diqq\u0259tcil olmaq, x\u0131rdal\u0131qlar\u0131 bilm\u0259k laz\u0131md\u0131r. Saat mexanizmi q\u0259lizdir, onun detallar\u0131n\u0131 i\u015fl\u0259m\u0259k, i\u015f mexanizmin\u0259 b\u0259l\u0259d olmaq, s\u00f6k\u0259rk\u0259n, y\u0131\u011fark\u0259n d\u00fczg\u00fcn yerin\u0259 yetirm\u0259k laz\u0131m. H\u0259tta el\u0259 detallar var ki, ancaq b\u00f6y\u00fcd\u00fcc\u00fc il\u0259 g\u00f6r\u00fcn\u00fcr, g\u00fcn \u0259rzind\u0259 5-6 saat\u0131 s\u00f6k\u00fcb y\u0131\u011fark\u0259n beyin yorulur&#8221;.<\/em><\/p>\n\n\n<div class=\"wp-block-image\">\n<figure class=\"aligncenter size-large\"><img decoding=\"async\" width=\"1200\" height=\"675\" data-src=\"https:\/\/www.meydan.tv\/wp-content\/uploads\/img-20230731-wa0238-1200x675.jpg\" alt=\"\" class=\"wp-image-281751 lazyload\" src=\"data:image\/svg+xml;base64,PHN2ZyB3aWR0aD0iMSIgaGVpZ2h0PSIxIiB4bWxucz0iaHR0cDovL3d3dy53My5vcmcvMjAwMC9zdmciPjwvc3ZnPg==\" style=\"--smush-placeholder-width: 1200px; --smush-placeholder-aspect-ratio: 1200\/675;\" \/><\/figure>\n<\/div>\n\n\n<p>V\u00fcqar H\u0259s\u0259nov deyir ki, s\u0259n\u0259tkar insanlarla \u00fcnsiyy\u0259t qurma\u011f\u0131 bacarmal\u0131, m\u00fc\u015ft\u0259ri il\u0259 xo\u015fr\u0259ftar olmal\u0131, i\u015find\u0259 d\u00fczg\u00fcn olmal\u0131d\u0131r:<\/p>\n\n\n\n<p>&#8220;<em>\u018fll\u0259r i\u015f\u0259 nec\u0259 \u00f6yr\u0259ndis\u0259, sonad\u0259k el\u0259 davam edir. \u0130\u015fd\u0259n qorxmaq laz\u0131m deyil, qorxdunsa, h\u0259min i\u015f\u0259 yax\u0131n getm\u0259&#8221;.<\/em><\/p>\n\n\n\n<p><strong><em>&#8220;<\/em>Ya\u015fl\u0131 n\u0259sil \u00f6z saat\u0131na sadiqdir&#8221;<\/strong><\/p>\n\n\n\n<p>Saatsaz deyir ki, rayonda y\u0259hudi saatsazlar \u00e7ox oldu\u011fundan daim aralar\u0131nda sa\u011flam r\u0259qab\u0259t olub. Yax\u015f\u0131 s\u0259n\u0259tkar ad\u0131 qazanmaq u\u011frunda m\u00fcbariz\u0259 onlara g\u00fcc verib.<\/p>\n\n\n\n<p><em>&#8220;90-cu ill\u0259r\u0259 q\u0259d\u0259r t\u0259l\u0259bat \u00e7ox olsa da, sonrak\u0131 ill\u0259r z\u0259ifl\u0259yib. Son d\u00f6vrl\u0259r is\u0259 g\u0259ncl\u0259rin saata aksesuar kimi mara\u011f\u0131ndan dolay\u0131 saatsaz\u0131n d\u00fckan\u0131na \u00fcz tutanlar\u0131n say\u0131 art\u0131b. Saatsaz h\u0259m t\u0259mir edir, h\u0259m d\u0259 k\u00f6hn\u0259 saatlardan yeni saatlar d\u00fcz\u0259ld\u0259r\u0259k sat\u0131r&#8221;,<\/em> &#8211; V\u00fcqar H\u0259s\u0259nov qeyd edir.<\/p>\n\n\n\n<p>V\u00fcqar H\u0259s\u0259nov deyir ki, \u0259vv\u0259ll\u0259r rayonda onlar\u0131 da y\u0259hudi bilibl\u0259r:<\/p>\n\n\n\n<p>&#8220;<em>Y\u0259hudil\u0259r \u0259sl s\u0259n\u0259tkar idil\u0259r, daim sa\u011flam r\u0259qab\u0259t vard\u0131. Biz d\u0259 onlarla r\u0259qab\u0259t apar\u0131rd\u0131q. Atamla m\u0259ni d\u0259 y\u0259hudi san\u0131rd\u0131lar. Sual da verirdil\u0259r ki, siz y\u0259hudisiniz? Ancaq 90-cu ill\u0259rin m\u00fcharib\u0259 v\u0259 \u00e7\u0259tin \u015f\u0259raitind\u0259n sonra y\u0259hudil\u0259r k\u00f6\u00e7\u00fcb getdil\u0259r, atamla ikimiz qald\u0131q. O g\u00fcnl\u0259r \u00fc\u00e7\u00fcn dar\u0131x\u0131ram&#8221;.<\/em><\/p>\n\n\n<div class=\"wp-block-image\">\n<figure class=\"aligncenter size-large\"><img decoding=\"async\" width=\"1200\" height=\"675\" data-src=\"https:\/\/www.meydan.tv\/wp-content\/uploads\/img-20230731-wa0212-1200x675.jpg\" alt=\"\" class=\"wp-image-281757 lazyload\" src=\"data:image\/svg+xml;base64,PHN2ZyB3aWR0aD0iMSIgaGVpZ2h0PSIxIiB4bWxucz0iaHR0cDovL3d3dy53My5vcmcvMjAwMC9zdmciPjwvc3ZnPg==\" style=\"--smush-placeholder-width: 1200px; --smush-placeholder-aspect-ratio: 1200\/675;\" \/><\/figure>\n<\/div>\n\n\n<p>&#8220;<em>15-20 il \u00f6nc\u0259 saat t\u0259mirin\u0259 maraq az idi, amma son 2-3 ild\u0259 m\u0259kt\u0259blil\u0259rin, g\u0259ncl\u0259rin saat\u0131 aksesuar kimi istifad\u0259 etm\u0259sind\u0259n dolay\u0131 sifari\u015fl\u0259r art\u0131b. Telefon saat\u0131 il\u0259 deyil, qol saat\u0131 il\u0259 h\u0259r\u0259k\u0259t edirl\u0259r. G\u00fcn \u0259rzind\u0259 \u0259n yax\u015f\u0131 20-25, \u0259n az 5-6 sifari\u015f olur. H\u0259ft\u0259nin b\u00fct\u00fcn g\u00fcn\u00fc \u00e7al\u0131\u015f\u0131ram. N\u0259inki G\u00f6y\u00e7aydan, \u0259traf Ucar, A\u011fda\u015f, A\u011fsu, Z\u0259rdab rayonlar\u0131ndan da sifari\u015fl\u0259r g\u0259lir, \u00e7\u00fcnki saatsaz yoxdur. Be\u015f-alt\u0131 rayonun t\u0259k saatsaz\u0131yam. Ya\u015fl\u0131 n\u0259sil mexaniki, g\u0259ncl\u0259r is\u0259 elektron saatlara \u00fcst\u00fcnl\u00fck verir. 1 manatdan be\u015f manata q\u0259d\u0259r t\u0259mir x\u0259rci olur. H\u0259tta olur ki, saat k\u00f6hn\u0259, ucuz, t\u0259miri baha olur. Deyir\u0259m ki, get t\u0259z\u0259sini al. Alm\u0131rlar, h\u0259min saat\u0131n xatir\u0259sinin d\u0259y\u0259rli oldu\u011funu deyirl\u0259r, x\u00fcsusil\u0259 ya\u015fl\u0131 n\u0259sil \u00f6z saat\u0131na sadiqdir. V\u0259fal\u0131 insan \u00fc\u00e7\u00fcn d\u0259y\u0259rin qiym\u0259ti olmur&#8221;, &#8211;<\/em> bel\u0259 deyir.<\/p>\n\n\n\n<p><strong><em>&#8220;<\/em>B\u00fct\u00fcn saatlar\u0131n i\u015fl\u0259m\u0259 mexanizmin\u0259 b\u0259l\u0259d\u0259m&#8221;<\/strong><\/p>\n\n\n\n<p>Saatsaz\u0131n i\u015f ota\u011f\u0131nda 30-dan \u00e7ox qol, 20-d\u0259n \u00e7ox divar saat\u0131 var. \u00c7oxu da \u00f6t\u0259n \u0259srin 60-70-ci ill\u0259rin\u0259 aiddir. B\u0259zil\u0259ri sat\u0131\u015f \u00fc\u00e7\u00fcnd\u00fcr, b\u0259zil\u0259ri t\u0259mir\u0259 veril\u0259nl\u0259rdir. \u018fn ucuz saat\u0131 \u00fc\u00e7 manata, \u0259n baha saat\u0131n\u0131 is\u0259 100 manata satan s\u0259n\u0259tkar \u00f6z\u00fcn\u0259 aid saat\u0131n\u0131n olmad\u0131\u011f\u0131n\u0131 deyir.<\/p>\n\n\n\n<p>B\u00fct\u00fcn t\u0259mir etdiyi v\u0259 haz\u0131rlad\u0131\u011f\u0131 saatlar\u0131 qoluna taxaraq yoxlayan saatsaz deyir ki, qolunda saat g\u00f6r\u0259nd\u0259 tez al\u0131rlar. T\u0259l\u0259bat is\u0259 yapon istehsal\u0131 olan &#8220;Arient&#8221; markal\u0131 saatlarad\u0131r.<\/p>\n\n\n<div class=\"wp-block-image\">\n<figure class=\"aligncenter size-large\"><img decoding=\"async\" width=\"1200\" height=\"675\" data-src=\"https:\/\/www.meydan.tv\/wp-content\/uploads\/img-20230731-wa0220-1200x675.jpg\" alt=\"\" class=\"wp-image-281766 lazyload\" src=\"data:image\/svg+xml;base64,PHN2ZyB3aWR0aD0iMSIgaGVpZ2h0PSIxIiB4bWxucz0iaHR0cDovL3d3dy53My5vcmcvMjAwMC9zdmciPjwvc3ZnPg==\" style=\"--smush-placeholder-width: 1200px; --smush-placeholder-aspect-ratio: 1200\/675;\" \/><\/figure>\n<\/div>\n\n\n<p>Deyir ki, bu saatlar h\u0259m m\u00f6hk\u0259m, h\u0259m davaml\u0131 olurlar:<\/p>\n\n\n\n<p><em>&#8220;M\u00fcasir sensor saatlar\u0131n mexanizmi yoxdur, sad\u0259c\u0259, telefon kimi \u00e7al\u0131\u015f\u0131r, onlar\u0131n mexanizmin\u0259 b\u0259l\u0259d olmaq \u00fc\u00e7\u00fcn s\u00f6k\u00fcb bax\u0131ram. \u018fslind\u0259 saatsaz kimi, dem\u0259k olar ki, b\u00fct\u00fcn saatlar\u0131n i\u015fl\u0259m\u0259 mexanizmin\u0259 b\u0259l\u0259d\u0259m. Yenil\u0259rind\u0259 is\u0259 mexanizm q\u0259liz deyil, ancaq x\u0131rda detallar\u0131na varmal\u0131yam, a\u00e7\u0131b baxmasam, bilm\u0259r\u0259m mexanizmi nec\u0259 i\u015fl\u0259yir. Kims\u0259 saat\u0131 g\u0259tirir ki, saat\u0131 i\u015fl\u0259mir, g\u00f6r n\u0259d\u0259ndir. Bir d\u0259qiq\u0259 kifay\u0259t edir ki, bax\u0131b d\u0259rdini bilim. B\u0259z\u0259n insanlar buna t\u0259\u0259cc\u00fcbl\u0259nirl\u0259r&#8221;.<\/em><\/p>\n\n\n\n<p><strong>&#8220;S\u0259n\u0259t minn\u0259tsiz qazanc, ba\u015fucal\u0131\u011f\u0131d\u0131r&#8221;<\/strong><\/p>\n\n\n\n<p>Saatsaz\u0131n t\u0259l\u0259b\u0259si yoxdur dey\u0259 s\u0259n\u0259tin g\u0259l\u0259c\u0259yind\u0259n narahatd\u0131r.<\/p>\n\n\n\n<p>Deyir ki, g\u0259ncl\u0259r bu q\u0259dim el s\u0259n\u0259tin\u0259 maraql\u0131 olmur, daha \u00e7ox ali t\u0259hsil\u0259 v\u0259 dig\u0259r g\u0259lirli pe\u015f\u0259l\u0259r\u0259 y\u00f6n\u0259lirl\u0259r. El\u0259 \u00fc\u00e7 \u00f6vlad\u0131 da bu s\u0259n\u0259td\u0259n uzaqd\u0131r. Ancaq o, s\u0259n\u0259tini kim\u0259s\u0259 yadigar qoyub getm\u0259k ist\u0259yir:<\/p>\n\n\n<div class=\"wp-block-image\">\n<figure class=\"aligncenter size-large\"><img decoding=\"async\" width=\"1200\" height=\"675\" data-src=\"https:\/\/www.meydan.tv\/wp-content\/uploads\/img-20230731-wa0124-1200x675.jpg\" alt=\"\" class=\"wp-image-281763 lazyload\" src=\"data:image\/svg+xml;base64,PHN2ZyB3aWR0aD0iMSIgaGVpZ2h0PSIxIiB4bWxucz0iaHR0cDovL3d3dy53My5vcmcvMjAwMC9zdmciPjwvc3ZnPg==\" style=\"--smush-placeholder-width: 1200px; --smush-placeholder-aspect-ratio: 1200\/675;\" \/><\/figure>\n<\/div>\n\n\n<p>&#8220;<em>\u0130ki g\u0259nc i\u015f yerim\u0259 g\u0259ldi. Biri \u0259yl\u0259\u015f\u0259n kimi stolun \u00fcst\u00fcn\u0259 bax\u0131b a\u011flad\u0131 ki, bu mexanizml\u0259ri n\u0259 ed\u0259c\u0259y\u0259m v\u0259 durub getdi. Dig\u0259ri is\u0259 h\u0259l\u0259 \u0259lini he\u00e7 n\u0259y\u0259 atmadan: &#8220;Usta, g\u00fcnd\u0259 qazanc\u0131m n\u0259 q\u0259d\u0259r olacaq?&#8221; &#8211; dey\u0259 sual verdi. Dedim ki, s\u0259nd\u0259n s\u0259n\u0259t adam\u0131 olmaz. S\u0259n\u0259ti \u00f6yr\u0259n\u0259n pula deyil, \u00f6nc\u0259 i\u015fin\u0259 maraql\u0131 olmal\u0131d\u0131r. S\u0259n\u0259t axtaran\u0131n h\u0259mi\u015f\u0259 qazanc\u0131 olacaq. Pul axtarandan s\u0259n\u0259tkar, vaxt ke\u00e7ir\u0259nd\u0259n saatsaz olmaz. Sual verirl\u0259r ki, s\u0259nd\u0259n sonra kim olacaq saatsaz? \u00d6z\u00fcm\u0259 d\u0259 maraql\u0131d\u0131r. \u00d6l\u00fcm haqd\u0131r. Deyir\u0259m n\u0259 q\u0259d\u0259r sa\u011fam xidm\u0259t ed\u0259c\u0259y\u0259m siz\u0259, sonras\u0131n\u0131 bilmir\u0259m. M\u0259cburi he\u00e7 kim\u0259 s\u0259n\u0259t \u00f6yr\u0259tm\u0259k olmur. S\u0259n\u0259t minn\u0259tsiz qazanc v\u0259 ba\u015fucal\u0131\u011f\u0131d\u0131r. Y\u0259qin ki, g\u0259l\u0259c\u0259kd\u0259 s\u0259n\u0259timi davam etdir\u0259n tap\u0131lar. Usta \u0259lind\u0259n tutub n\u0259yi nec\u0259 etm\u0259yi \u00f6yr\u0259tm\u0259y\u0259c\u0259k, g\u0259r\u0259k ustan\u0131n \u0259lin\u0259 bax\u0131b \u00f6yr\u0259n\u0259s\u0259n. Odur ki, g\u0259r\u0259k g\u0259ncl\u0259rd\u0259 sevgi, s\u0259br v\u0259 maraq olsun&#8221;.<\/em><\/p>\n","protected":false},"excerpt":{"rendered":"<p>&#8220;Sual verirl\u0259r ki, s\u0259nd\u0259n sonra kim olacaq saatsaz?&#8221; Bu yoldan &#8230; <\/p>\n<p class=\"read-more-container\"><a title=\"&#8220;Pul axtarandan s\u0259n\u0259tkar olmaz&#8221;\" class=\"read-more button\" href=\"https:\/\/www.meydan.tv\/az\/article\/pul-axtarandan-senetkar-olmaz\/#more-281775\" aria-label=\"Read more about &#8220;Pul axtarandan s\u0259n\u0259tkar olmaz&#8221;\">Davam\u0131<\/a><\/p>\n","protected":false},"author":8,"featured_media":281760,"comment_status":"closed","ping_status":"closed","sticky":false,"template":"","format":"standard","meta":{"_acf_changed":false,"_sitemap_exclude":false,"_sitemap_priority":"","_sitemap_frequency":"","footnotes":""},"categories":[60,56],"tags":[],"class_list":["post-281775","post","type-post","status-publish","format-standard","has-post-thumbnail","hentry","category-bolge","category-xeberler","infinite-scroll-item","generate-columns","tablet-grid-50","mobile-grid-100","grid-parent","grid-33","no-featured-image-padding"],"acf":[],"yoast_head":"<!-- This site is optimized with the Yoast SEO plugin v27.4 - https:\/\/yoast.com\/product\/yoast-seo-wordpress\/ -->\n<title>&quot;Pul axtarandan s\u0259n\u0259tkar olmaz&quot; - MEYDAN.TV<\/title>\n<meta name=\"robots\" content=\"index, follow, max-snippet:-1, max-image-preview:large, max-video-preview:-1\" \/>\n<link rel=\"canonical\" href=\"https:\/\/www.meydan.tv\/az\/article\/pul-axtarandan-senetkar-olmaz\/\" \/>\n<meta property=\"og:locale\" content=\"az_AZ\" \/>\n<meta property=\"og:type\" content=\"article\" \/>\n<meta property=\"og:title\" content=\"&quot;Pul axtarandan s\u0259n\u0259tkar olmaz&quot; - MEYDAN.TV\" \/>\n<meta property=\"og:description\" content=\"&#8220;Sual verirl\u0259r ki, s\u0259nd\u0259n sonra kim olacaq saatsaz?&#8221; Bu yoldan ... Davam\u0131\" \/>\n<meta property=\"og:url\" content=\"https:\/\/www.meydan.tv\/az\/article\/pul-axtarandan-senetkar-olmaz\/\" \/>\n<meta property=\"og:site_name\" content=\"MEYDAN.TV\" \/>\n<meta property=\"article:published_time\" content=\"2023-08-08T09:12:03+00:00\" \/>\n<meta property=\"article:modified_time\" content=\"2023-08-08T09:12:12+00:00\" \/>\n<meta property=\"og:image\" content=\"https:\/\/www.meydan.tv\/wp-content\/uploads\/img-20230731-wa0165.jpg\" \/>\n\t<meta property=\"og:image:width\" content=\"1280\" \/>\n\t<meta property=\"og:image:height\" content=\"720\" \/>\n\t<meta property=\"og:image:type\" content=\"image\/jpeg\" \/>\n<meta name=\"author\" content=\"elli\" \/>\n<meta name=\"twitter:card\" content=\"summary_large_image\" \/>\n<meta name=\"twitter:creator\" content=\"@elli\" \/>\n<script type=\"application\/ld+json\" class=\"yoast-schema-graph\">{\"@context\":\"https:\\\/\\\/schema.org\",\"@graph\":[{\"@type\":\"Article\",\"@id\":\"https:\\\/\\\/www.meydan.tv\\\/az\\\/article\\\/pul-axtarandan-senetkar-olmaz\\\/#article\",\"isPartOf\":{\"@id\":\"https:\\\/\\\/www.meydan.tv\\\/az\\\/article\\\/pul-axtarandan-senetkar-olmaz\\\/\"},\"author\":{\"name\":\"elli\",\"@id\":\"https:\\\/\\\/www.meydan.tv\\\/az\\\/#\\\/schema\\\/person\\\/9cdbecf90d17180ce1dfbd95b08dcf47\"},\"headline\":\"&#8220;Pul axtarandan s\u0259n\u0259tkar olmaz&#8221;\",\"datePublished\":\"2023-08-08T09:12:03+00:00\",\"dateModified\":\"2023-08-08T09:12:12+00:00\",\"mainEntityOfPage\":{\"@id\":\"https:\\\/\\\/www.meydan.tv\\\/az\\\/article\\\/pul-axtarandan-senetkar-olmaz\\\/\"},\"wordCount\":1365,\"publisher\":{\"@id\":\"https:\\\/\\\/www.meydan.tv\\\/az\\\/#organization\"},\"image\":{\"@id\":\"https:\\\/\\\/www.meydan.tv\\\/az\\\/article\\\/pul-axtarandan-senetkar-olmaz\\\/#primaryimage\"},\"thumbnailUrl\":\"https:\\\/\\\/www.meydan.tv\\\/wp-content\\\/uploads\\\/img-20230731-wa0165.jpg\",\"articleSection\":[\"B\u00f6lg\u0259\",\"X\u0259b\u0259rl\u0259r\"],\"inLanguage\":\"az\"},{\"@type\":\"WebPage\",\"@id\":\"https:\\\/\\\/www.meydan.tv\\\/az\\\/article\\\/pul-axtarandan-senetkar-olmaz\\\/\",\"url\":\"https:\\\/\\\/www.meydan.tv\\\/az\\\/article\\\/pul-axtarandan-senetkar-olmaz\\\/\",\"name\":\"\\\"Pul axtarandan s\u0259n\u0259tkar olmaz\\\" - MEYDAN.TV\",\"isPartOf\":{\"@id\":\"https:\\\/\\\/www.meydan.tv\\\/az\\\/#website\"},\"primaryImageOfPage\":{\"@id\":\"https:\\\/\\\/www.meydan.tv\\\/az\\\/article\\\/pul-axtarandan-senetkar-olmaz\\\/#primaryimage\"},\"image\":{\"@id\":\"https:\\\/\\\/www.meydan.tv\\\/az\\\/article\\\/pul-axtarandan-senetkar-olmaz\\\/#primaryimage\"},\"thumbnailUrl\":\"https:\\\/\\\/www.meydan.tv\\\/wp-content\\\/uploads\\\/img-20230731-wa0165.jpg\",\"datePublished\":\"2023-08-08T09:12:03+00:00\",\"dateModified\":\"2023-08-08T09:12:12+00:00\",\"breadcrumb\":{\"@id\":\"https:\\\/\\\/www.meydan.tv\\\/az\\\/article\\\/pul-axtarandan-senetkar-olmaz\\\/#breadcrumb\"},\"inLanguage\":\"az\",\"potentialAction\":[{\"@type\":\"ReadAction\",\"target\":[\"https:\\\/\\\/www.meydan.tv\\\/az\\\/article\\\/pul-axtarandan-senetkar-olmaz\\\/\"]}]},{\"@type\":\"ImageObject\",\"inLanguage\":\"az\",\"@id\":\"https:\\\/\\\/www.meydan.tv\\\/az\\\/article\\\/pul-axtarandan-senetkar-olmaz\\\/#primaryimage\",\"url\":\"https:\\\/\\\/www.meydan.tv\\\/wp-content\\\/uploads\\\/img-20230731-wa0165.jpg\",\"contentUrl\":\"https:\\\/\\\/www.meydan.tv\\\/wp-content\\\/uploads\\\/img-20230731-wa0165.jpg\",\"width\":1280,\"height\":720,\"caption\":\"Saatsaz V\u00fcqar H\u0259s\u0259nov. Fotolar: Meydan TV\"},{\"@type\":\"BreadcrumbList\",\"@id\":\"https:\\\/\\\/www.meydan.tv\\\/az\\\/article\\\/pul-axtarandan-senetkar-olmaz\\\/#breadcrumb\",\"itemListElement\":[{\"@type\":\"ListItem\",\"position\":1,\"name\":\"Ana s\u0259hif\u0259\",\"item\":\"https:\\\/\\\/www.meydan.tv\\\/az\\\/\"},{\"@type\":\"ListItem\",\"position\":2,\"name\":\"B\u00f6lg\u0259\",\"item\":\"https:\\\/\\\/www.meydan.tv\\\/az\\\/section\\\/bolge\\\/\"},{\"@type\":\"ListItem\",\"position\":3,\"name\":\"&#8220;Pul axtarandan s\u0259n\u0259tkar olmaz&#8221;\"}]},{\"@type\":\"WebSite\",\"@id\":\"https:\\\/\\\/www.meydan.tv\\\/az\\\/#website\",\"url\":\"https:\\\/\\\/www.meydan.tv\\\/az\\\/\",\"name\":\"MEYDAN.TV\",\"description\":\"Meydan TV Az\u0259rbaycan\u0131n media m\u0259kan\u0131ndak\u0131 alternativ s\u0259sidir\",\"publisher\":{\"@id\":\"https:\\\/\\\/www.meydan.tv\\\/az\\\/#organization\"},\"potentialAction\":[{\"@type\":\"SearchAction\",\"target\":{\"@type\":\"EntryPoint\",\"urlTemplate\":\"https:\\\/\\\/www.meydan.tv\\\/az\\\/?s={search_term_string}\"},\"query-input\":{\"@type\":\"PropertyValueSpecification\",\"valueRequired\":true,\"valueName\":\"search_term_string\"}}],\"inLanguage\":\"az\"},{\"@type\":\"Organization\",\"@id\":\"https:\\\/\\\/www.meydan.tv\\\/az\\\/#organization\",\"name\":\"Meydan TV\",\"url\":\"https:\\\/\\\/www.meydan.tv\\\/az\\\/\",\"logo\":{\"@type\":\"ImageObject\",\"inLanguage\":\"az\",\"@id\":\"https:\\\/\\\/www.meydan.tv\\\/az\\\/#\\\/schema\\\/logo\\\/image\\\/\",\"url\":\"https:\\\/\\\/www.meydan.tv\\\/wp-content\\\/uploads\\\/2021\\\/07\\\/meydan-logo.svg\",\"contentUrl\":\"https:\\\/\\\/www.meydan.tv\\\/wp-content\\\/uploads\\\/2021\\\/07\\\/meydan-logo.svg\",\"width\":195,\"height\":46,\"caption\":\"Meydan TV\"},\"image\":{\"@id\":\"https:\\\/\\\/www.meydan.tv\\\/az\\\/#\\\/schema\\\/logo\\\/image\\\/\"}},{\"@type\":\"Person\",\"@id\":\"https:\\\/\\\/www.meydan.tv\\\/az\\\/#\\\/schema\\\/person\\\/9cdbecf90d17180ce1dfbd95b08dcf47\",\"name\":\"elli\",\"sameAs\":[\"https:\\\/\\\/x.com\\\/elli\"]}]}<\/script>\n<!-- \/ Yoast SEO plugin. -->","yoast_head_json":{"title":"\"Pul axtarandan s\u0259n\u0259tkar olmaz\" - MEYDAN.TV","robots":{"index":"index","follow":"follow","max-snippet":"max-snippet:-1","max-image-preview":"max-image-preview:large","max-video-preview":"max-video-preview:-1"},"canonical":"https:\/\/www.meydan.tv\/az\/article\/pul-axtarandan-senetkar-olmaz\/","og_locale":"az_AZ","og_type":"article","og_title":"\"Pul axtarandan s\u0259n\u0259tkar olmaz\" - MEYDAN.TV","og_description":"&#8220;Sual verirl\u0259r ki, s\u0259nd\u0259n sonra kim olacaq saatsaz?&#8221; Bu yoldan ... Davam\u0131","og_url":"https:\/\/www.meydan.tv\/az\/article\/pul-axtarandan-senetkar-olmaz\/","og_site_name":"MEYDAN.TV","article_published_time":"2023-08-08T09:12:03+00:00","article_modified_time":"2023-08-08T09:12:12+00:00","og_image":[{"width":1280,"height":720,"url":"https:\/\/www.meydan.tv\/wp-content\/uploads\/img-20230731-wa0165.jpg","type":"image\/jpeg"}],"author":"elli","twitter_card":"summary_large_image","twitter_creator":"@elli","schema":{"@context":"https:\/\/schema.org","@graph":[{"@type":"Article","@id":"https:\/\/www.meydan.tv\/az\/article\/pul-axtarandan-senetkar-olmaz\/#article","isPartOf":{"@id":"https:\/\/www.meydan.tv\/az\/article\/pul-axtarandan-senetkar-olmaz\/"},"author":{"name":"elli","@id":"https:\/\/www.meydan.tv\/az\/#\/schema\/person\/9cdbecf90d17180ce1dfbd95b08dcf47"},"headline":"&#8220;Pul axtarandan s\u0259n\u0259tkar olmaz&#8221;","datePublished":"2023-08-08T09:12:03+00:00","dateModified":"2023-08-08T09:12:12+00:00","mainEntityOfPage":{"@id":"https:\/\/www.meydan.tv\/az\/article\/pul-axtarandan-senetkar-olmaz\/"},"wordCount":1365,"publisher":{"@id":"https:\/\/www.meydan.tv\/az\/#organization"},"image":{"@id":"https:\/\/www.meydan.tv\/az\/article\/pul-axtarandan-senetkar-olmaz\/#primaryimage"},"thumbnailUrl":"https:\/\/www.meydan.tv\/wp-content\/uploads\/img-20230731-wa0165.jpg","articleSection":["B\u00f6lg\u0259","X\u0259b\u0259rl\u0259r"],"inLanguage":"az"},{"@type":"WebPage","@id":"https:\/\/www.meydan.tv\/az\/article\/pul-axtarandan-senetkar-olmaz\/","url":"https:\/\/www.meydan.tv\/az\/article\/pul-axtarandan-senetkar-olmaz\/","name":"\"Pul axtarandan s\u0259n\u0259tkar olmaz\" - MEYDAN.TV","isPartOf":{"@id":"https:\/\/www.meydan.tv\/az\/#website"},"primaryImageOfPage":{"@id":"https:\/\/www.meydan.tv\/az\/article\/pul-axtarandan-senetkar-olmaz\/#primaryimage"},"image":{"@id":"https:\/\/www.meydan.tv\/az\/article\/pul-axtarandan-senetkar-olmaz\/#primaryimage"},"thumbnailUrl":"https:\/\/www.meydan.tv\/wp-content\/uploads\/img-20230731-wa0165.jpg","datePublished":"2023-08-08T09:12:03+00:00","dateModified":"2023-08-08T09:12:12+00:00","breadcrumb":{"@id":"https:\/\/www.meydan.tv\/az\/article\/pul-axtarandan-senetkar-olmaz\/#breadcrumb"},"inLanguage":"az","potentialAction":[{"@type":"ReadAction","target":["https:\/\/www.meydan.tv\/az\/article\/pul-axtarandan-senetkar-olmaz\/"]}]},{"@type":"ImageObject","inLanguage":"az","@id":"https:\/\/www.meydan.tv\/az\/article\/pul-axtarandan-senetkar-olmaz\/#primaryimage","url":"https:\/\/www.meydan.tv\/wp-content\/uploads\/img-20230731-wa0165.jpg","contentUrl":"https:\/\/www.meydan.tv\/wp-content\/uploads\/img-20230731-wa0165.jpg","width":1280,"height":720,"caption":"Saatsaz V\u00fcqar H\u0259s\u0259nov. Fotolar: Meydan TV"},{"@type":"BreadcrumbList","@id":"https:\/\/www.meydan.tv\/az\/article\/pul-axtarandan-senetkar-olmaz\/#breadcrumb","itemListElement":[{"@type":"ListItem","position":1,"name":"Ana s\u0259hif\u0259","item":"https:\/\/www.meydan.tv\/az\/"},{"@type":"ListItem","position":2,"name":"B\u00f6lg\u0259","item":"https:\/\/www.meydan.tv\/az\/section\/bolge\/"},{"@type":"ListItem","position":3,"name":"&#8220;Pul axtarandan s\u0259n\u0259tkar olmaz&#8221;"}]},{"@type":"WebSite","@id":"https:\/\/www.meydan.tv\/az\/#website","url":"https:\/\/www.meydan.tv\/az\/","name":"MEYDAN.TV","description":"Meydan TV Az\u0259rbaycan\u0131n media m\u0259kan\u0131ndak\u0131 alternativ s\u0259sidir","publisher":{"@id":"https:\/\/www.meydan.tv\/az\/#organization"},"potentialAction":[{"@type":"SearchAction","target":{"@type":"EntryPoint","urlTemplate":"https:\/\/www.meydan.tv\/az\/?s={search_term_string}"},"query-input":{"@type":"PropertyValueSpecification","valueRequired":true,"valueName":"search_term_string"}}],"inLanguage":"az"},{"@type":"Organization","@id":"https:\/\/www.meydan.tv\/az\/#organization","name":"Meydan TV","url":"https:\/\/www.meydan.tv\/az\/","logo":{"@type":"ImageObject","inLanguage":"az","@id":"https:\/\/www.meydan.tv\/az\/#\/schema\/logo\/image\/","url":"https:\/\/www.meydan.tv\/wp-content\/uploads\/2021\/07\/meydan-logo.svg","contentUrl":"https:\/\/www.meydan.tv\/wp-content\/uploads\/2021\/07\/meydan-logo.svg","width":195,"height":46,"caption":"Meydan TV"},"image":{"@id":"https:\/\/www.meydan.tv\/az\/#\/schema\/logo\/image\/"}},{"@type":"Person","@id":"https:\/\/www.meydan.tv\/az\/#\/schema\/person\/9cdbecf90d17180ce1dfbd95b08dcf47","name":"elli","sameAs":["https:\/\/x.com\/elli"]}]}},"_links":{"self":[{"href":"https:\/\/www.meydan.tv\/az\/wp-json\/wp\/v2\/posts\/281775","targetHints":{"allow":["GET"]}}],"collection":[{"href":"https:\/\/www.meydan.tv\/az\/wp-json\/wp\/v2\/posts"}],"about":[{"href":"https:\/\/www.meydan.tv\/az\/wp-json\/wp\/v2\/types\/post"}],"author":[{"embeddable":true,"href":"https:\/\/www.meydan.tv\/az\/wp-json\/wp\/v2\/users\/8"}],"replies":[{"embeddable":true,"href":"https:\/\/www.meydan.tv\/az\/wp-json\/wp\/v2\/comments?post=281775"}],"version-history":[{"count":3,"href":"https:\/\/www.meydan.tv\/az\/wp-json\/wp\/v2\/posts\/281775\/revisions"}],"predecessor-version":[{"id":281783,"href":"https:\/\/www.meydan.tv\/az\/wp-json\/wp\/v2\/posts\/281775\/revisions\/281783"}],"wp:featuredmedia":[{"embeddable":true,"href":"https:\/\/www.meydan.tv\/az\/wp-json\/wp\/v2\/media\/281760"}],"wp:attachment":[{"href":"https:\/\/www.meydan.tv\/az\/wp-json\/wp\/v2\/media?parent=281775"}],"wp:term":[{"taxonomy":"category","embeddable":true,"href":"https:\/\/www.meydan.tv\/az\/wp-json\/wp\/v2\/categories?post=281775"},{"taxonomy":"post_tag","embeddable":true,"href":"https:\/\/www.meydan.tv\/az\/wp-json\/wp\/v2\/tags?post=281775"}],"curies":[{"name":"wp","href":"https:\/\/api.w.org\/{rel}","templated":true}]}}