{"id":281688,"date":"2023-08-07T14:58:37","date_gmt":"2023-08-07T10:58:37","guid":{"rendered":"https:\/\/www.meydan.tv\/?p=281688"},"modified":"2023-08-07T14:58:40","modified_gmt":"2023-08-07T10:58:40","slug":"rasim-balayeve-istiqlal-ordeni-verildi","status":"publish","type":"post","link":"https:\/\/www.meydan.tv\/az\/article\/rasim-balayeve-istiqlal-ordeni-verildi\/","title":{"rendered":"Rasim Balayev\u0259 \u201c\u0130stiqlal\u201d ordeni verildi"},"content":{"rendered":"\n<p><\/p>\n\n\n\n<p><strong><em>\u0130lham \u018fliyev Xalq artistini t\u0259ltif edib<\/em><\/strong><\/p>\n\n\n\n<p>Az\u0259rbaycan Kinematoqraf\u00e7\u0131lar \u0130ttifaq\u0131n\u0131n s\u0259dri, Xalq artisti Rasim Balayev \u201c\u0130stiqlal\u201d ordeni il\u0259 t\u0259ltif edilib.<\/p>\n\n\n\n<p>Bu bar\u0259d\u0259 avqustun 7-d\u0259 Prezident \u0130lham \u018fliyev s\u0259r\u0259ncam <a href=\"https:\/\/president.az\/az\/articles\/view\/60802\" target=\"_blank\" rel=\"noreferrer noopener\">imzalay\u0131b.<\/a><\/p>\n\n\n\n<p>S\u0259r\u0259ncamda deyilir ki, Az\u0259rbaycan m\u0259d\u0259niyy\u0259tinin inki\u015faf\u0131nda b\u00f6y\u00fck xidm\u0259tl\u0259rin\u0259 g\u00f6r\u0259 Rasim Balayev \u201c\u0130stiqlal\u201d ordeni il\u0259 t\u0259ltif olunsun.<\/p>\n\n\n\n<p>Rasim Balayev 1948-ci ilin 8 avqustunda A\u011fsu rayonunda anadan olub.<\/p>\n\n\n\n<p>O, 1969-cu ild\u0259 Az\u0259rbaycan D\u00f6vl\u0259t \u0130nc\u0259s\u0259n\u0259t \u0130nstitutunu bitirib.<\/p>\n\n\n\n<p>Rasim Balayev ilk d\u0259f\u0259 Bak\u0131 kinostudiyas\u0131nda &#8220;Ulduzlar s\u00f6nm\u00fcr&#8221; \u0259s\u0259rind\u0259 ki\u00e7ik bir rolda \u00e7\u0259kilib.<\/p>\n\n\n\n<p>O, 25 ya\u015f\u0131nda &#8220;N\u0259simi&#8221;, 27 ya\u015f\u0131nda &#8220;D\u0259d\u0259 Qorqud&#8221;, 31 ya\u015f\u0131nda is\u0259 &#8220;Bab\u0259k&#8221; filmin\u0259 \u00e7\u0259kilib.<\/p>\n\n\n\n<p>&#8220;N\u0259simi&#8221; v\u0259 &#8220;Bab\u0259k&#8221; filml\u0259rind\u0259 ba\u015f q\u0259hr\u0259man rolunda olub.<\/p>\n\n\n\n<p>Aktyor 1982-ci ild\u0259 Az\u0259rbaycan SSR Xalq artisti, 4 il sonra is\u0259 Az\u0259rbaycan SSR D\u00f6vl\u0259t m\u00fckafat\u0131 laureat\u0131 m\u00fckafatlar\u0131n\u0131 al\u0131b.<\/p>\n\n\n\n<p>1990-c\u0131 ild\u0259n 2013-c\u00fc il\u0259 q\u0259d\u0259r Az\u0259rbaycan Kinematoqraf\u00e7\u0131lar \u0130ttifaq\u0131n\u0131n katibi olub.<\/p>\n\n\n\n<p>\u00d6t\u0259n il&nbsp; Az\u0259rbaycan Kinematoqraf\u00e7\u0131lar \u0130ttifaq\u0131n\u0131n s\u0259dri se\u00e7ilib.<\/p>\n","protected":false},"excerpt":{"rendered":"<p>\u0130lham \u018fliyev Xalq artistini t\u0259ltif edib Az\u0259rbaycan Kinematoqraf\u00e7\u0131lar \u0130ttifaq\u0131n\u0131n s\u0259dri, &#8230; <\/p>\n<p class=\"read-more-container\"><a title=\"Rasim Balayev\u0259 \u201c\u0130stiqlal\u201d ordeni verildi\" class=\"read-more button\" href=\"https:\/\/www.meydan.tv\/az\/article\/rasim-balayeve-istiqlal-ordeni-verildi\/#more-281688\" aria-label=\"Read more about Rasim Balayev\u0259 \u201c\u0130stiqlal\u201d ordeni verildi\">Davam\u0131<\/a><\/p>\n","protected":false},"author":8,"featured_media":245844,"comment_status":"closed","ping_status":"closed","sticky":false,"template":"","format":"standard","meta":{"_acf_changed":false,"_sitemap_exclude":false,"_sitemap_priority":"","_sitemap_frequency":"","footnotes":""},"categories":[52,56],"tags":[],"class_list":["post-281688","post","type-post","status-publish","format-standard","has-post-thumbnail","hentry","category-medeniyyet","category-xeberler","infinite-scroll-item","generate-columns","tablet-grid-50","mobile-grid-100","grid-parent","grid-33","no-featured-image-padding"],"acf":[],"yoast_head":"<!-- This site is optimized with the Yoast SEO plugin v27.4 - https:\/\/yoast.com\/product\/yoast-seo-wordpress\/ -->\n<title>Rasim Balayev\u0259 \u201c\u0130stiqlal\u201d ordeni verildi - MEYDAN.TV<\/title>\n<meta name=\"robots\" content=\"index, follow, max-snippet:-1, max-image-preview:large, max-video-preview:-1\" \/>\n<link rel=\"canonical\" href=\"https:\/\/www.meydan.tv\/az\/article\/rasim-balayeve-istiqlal-ordeni-verildi\/\" \/>\n<meta property=\"og:locale\" content=\"az_AZ\" \/>\n<meta property=\"og:type\" content=\"article\" \/>\n<meta property=\"og:title\" content=\"Rasim Balayev\u0259 \u201c\u0130stiqlal\u201d ordeni verildi - MEYDAN.TV\" \/>\n<meta property=\"og:description\" content=\"\u0130lham \u018fliyev Xalq artistini t\u0259ltif edib Az\u0259rbaycan Kinematoqraf\u00e7\u0131lar \u0130ttifaq\u0131n\u0131n s\u0259dri, ... Davam\u0131\" \/>\n<meta property=\"og:url\" content=\"https:\/\/www.meydan.tv\/az\/article\/rasim-balayeve-istiqlal-ordeni-verildi\/\" \/>\n<meta property=\"og:site_name\" content=\"MEYDAN.TV\" \/>\n<meta property=\"article:published_time\" content=\"2023-08-07T10:58:37+00:00\" \/>\n<meta property=\"article:modified_time\" content=\"2023-08-07T10:58:40+00:00\" \/>\n<meta property=\"og:image\" content=\"https:\/\/www.meydan.tv\/wp-content\/uploads\/15712240133693912945_1000x669-e1691405619455.jpg\" \/>\n\t<meta property=\"og:image:width\" content=\"1200\" \/>\n\t<meta property=\"og:image:height\" content=\"678\" \/>\n\t<meta property=\"og:image:type\" content=\"image\/jpeg\" \/>\n<meta name=\"author\" content=\"elli\" \/>\n<meta name=\"twitter:card\" content=\"summary_large_image\" \/>\n<meta name=\"twitter:creator\" content=\"@elli\" \/>\n<script type=\"application\/ld+json\" class=\"yoast-schema-graph\">{\"@context\":\"https:\\\/\\\/schema.org\",\"@graph\":[{\"@type\":\"Article\",\"@id\":\"https:\\\/\\\/www.meydan.tv\\\/az\\\/article\\\/rasim-balayeve-istiqlal-ordeni-verildi\\\/#article\",\"isPartOf\":{\"@id\":\"https:\\\/\\\/www.meydan.tv\\\/az\\\/article\\\/rasim-balayeve-istiqlal-ordeni-verildi\\\/\"},\"author\":{\"name\":\"elli\",\"@id\":\"https:\\\/\\\/www.meydan.tv\\\/az\\\/#\\\/schema\\\/person\\\/9cdbecf90d17180ce1dfbd95b08dcf47\"},\"headline\":\"Rasim Balayev\u0259 \u201c\u0130stiqlal\u201d ordeni verildi\",\"datePublished\":\"2023-08-07T10:58:37+00:00\",\"dateModified\":\"2023-08-07T10:58:40+00:00\",\"mainEntityOfPage\":{\"@id\":\"https:\\\/\\\/www.meydan.tv\\\/az\\\/article\\\/rasim-balayeve-istiqlal-ordeni-verildi\\\/\"},\"wordCount\":204,\"publisher\":{\"@id\":\"https:\\\/\\\/www.meydan.tv\\\/az\\\/#organization\"},\"image\":{\"@id\":\"https:\\\/\\\/www.meydan.tv\\\/az\\\/article\\\/rasim-balayeve-istiqlal-ordeni-verildi\\\/#primaryimage\"},\"thumbnailUrl\":\"https:\\\/\\\/www.meydan.tv\\\/wp-content\\\/uploads\\\/15712240133693912945_1000x669-e1691405619455.jpg\",\"articleSection\":[\"M\u0259d\u0259niyy\u0259t\",\"X\u0259b\u0259rl\u0259r\"],\"inLanguage\":\"az\"},{\"@type\":\"WebPage\",\"@id\":\"https:\\\/\\\/www.meydan.tv\\\/az\\\/article\\\/rasim-balayeve-istiqlal-ordeni-verildi\\\/\",\"url\":\"https:\\\/\\\/www.meydan.tv\\\/az\\\/article\\\/rasim-balayeve-istiqlal-ordeni-verildi\\\/\",\"name\":\"Rasim Balayev\u0259 \u201c\u0130stiqlal\u201d ordeni verildi - MEYDAN.TV\",\"isPartOf\":{\"@id\":\"https:\\\/\\\/www.meydan.tv\\\/az\\\/#website\"},\"primaryImageOfPage\":{\"@id\":\"https:\\\/\\\/www.meydan.tv\\\/az\\\/article\\\/rasim-balayeve-istiqlal-ordeni-verildi\\\/#primaryimage\"},\"image\":{\"@id\":\"https:\\\/\\\/www.meydan.tv\\\/az\\\/article\\\/rasim-balayeve-istiqlal-ordeni-verildi\\\/#primaryimage\"},\"thumbnailUrl\":\"https:\\\/\\\/www.meydan.tv\\\/wp-content\\\/uploads\\\/15712240133693912945_1000x669-e1691405619455.jpg\",\"datePublished\":\"2023-08-07T10:58:37+00:00\",\"dateModified\":\"2023-08-07T10:58:40+00:00\",\"breadcrumb\":{\"@id\":\"https:\\\/\\\/www.meydan.tv\\\/az\\\/article\\\/rasim-balayeve-istiqlal-ordeni-verildi\\\/#breadcrumb\"},\"inLanguage\":\"az\",\"potentialAction\":[{\"@type\":\"ReadAction\",\"target\":[\"https:\\\/\\\/www.meydan.tv\\\/az\\\/article\\\/rasim-balayeve-istiqlal-ordeni-verildi\\\/\"]}]},{\"@type\":\"ImageObject\",\"inLanguage\":\"az\",\"@id\":\"https:\\\/\\\/www.meydan.tv\\\/az\\\/article\\\/rasim-balayeve-istiqlal-ordeni-verildi\\\/#primaryimage\",\"url\":\"https:\\\/\\\/www.meydan.tv\\\/wp-content\\\/uploads\\\/15712240133693912945_1000x669-e1691405619455.jpg\",\"contentUrl\":\"https:\\\/\\\/www.meydan.tv\\\/wp-content\\\/uploads\\\/15712240133693912945_1000x669-e1691405619455.jpg\",\"width\":1200,\"height\":678,\"caption\":\"Rasim Balayev. Foto: \\\"azerbaycan24\\\"\"},{\"@type\":\"BreadcrumbList\",\"@id\":\"https:\\\/\\\/www.meydan.tv\\\/az\\\/article\\\/rasim-balayeve-istiqlal-ordeni-verildi\\\/#breadcrumb\",\"itemListElement\":[{\"@type\":\"ListItem\",\"position\":1,\"name\":\"Ana s\u0259hif\u0259\",\"item\":\"https:\\\/\\\/www.meydan.tv\\\/az\\\/\"},{\"@type\":\"ListItem\",\"position\":2,\"name\":\"M\u0259d\u0259niyy\u0259t\",\"item\":\"https:\\\/\\\/www.meydan.tv\\\/az\\\/section\\\/medeniyyet\\\/\"},{\"@type\":\"ListItem\",\"position\":3,\"name\":\"Rasim Balayev\u0259 \u201c\u0130stiqlal\u201d ordeni verildi\"}]},{\"@type\":\"WebSite\",\"@id\":\"https:\\\/\\\/www.meydan.tv\\\/az\\\/#website\",\"url\":\"https:\\\/\\\/www.meydan.tv\\\/az\\\/\",\"name\":\"MEYDAN.TV\",\"description\":\"Meydan TV Az\u0259rbaycan\u0131n media m\u0259kan\u0131ndak\u0131 alternativ s\u0259sidir\",\"publisher\":{\"@id\":\"https:\\\/\\\/www.meydan.tv\\\/az\\\/#organization\"},\"potentialAction\":[{\"@type\":\"SearchAction\",\"target\":{\"@type\":\"EntryPoint\",\"urlTemplate\":\"https:\\\/\\\/www.meydan.tv\\\/az\\\/?s={search_term_string}\"},\"query-input\":{\"@type\":\"PropertyValueSpecification\",\"valueRequired\":true,\"valueName\":\"search_term_string\"}}],\"inLanguage\":\"az\"},{\"@type\":\"Organization\",\"@id\":\"https:\\\/\\\/www.meydan.tv\\\/az\\\/#organization\",\"name\":\"Meydan TV\",\"url\":\"https:\\\/\\\/www.meydan.tv\\\/az\\\/\",\"logo\":{\"@type\":\"ImageObject\",\"inLanguage\":\"az\",\"@id\":\"https:\\\/\\\/www.meydan.tv\\\/az\\\/#\\\/schema\\\/logo\\\/image\\\/\",\"url\":\"https:\\\/\\\/www.meydan.tv\\\/wp-content\\\/uploads\\\/2021\\\/07\\\/meydan-logo.svg\",\"contentUrl\":\"https:\\\/\\\/www.meydan.tv\\\/wp-content\\\/uploads\\\/2021\\\/07\\\/meydan-logo.svg\",\"width\":195,\"height\":46,\"caption\":\"Meydan TV\"},\"image\":{\"@id\":\"https:\\\/\\\/www.meydan.tv\\\/az\\\/#\\\/schema\\\/logo\\\/image\\\/\"}},{\"@type\":\"Person\",\"@id\":\"https:\\\/\\\/www.meydan.tv\\\/az\\\/#\\\/schema\\\/person\\\/9cdbecf90d17180ce1dfbd95b08dcf47\",\"name\":\"elli\",\"sameAs\":[\"https:\\\/\\\/x.com\\\/elli\"]}]}<\/script>\n<!-- \/ Yoast SEO plugin. -->","yoast_head_json":{"title":"Rasim Balayev\u0259 \u201c\u0130stiqlal\u201d ordeni verildi - MEYDAN.TV","robots":{"index":"index","follow":"follow","max-snippet":"max-snippet:-1","max-image-preview":"max-image-preview:large","max-video-preview":"max-video-preview:-1"},"canonical":"https:\/\/www.meydan.tv\/az\/article\/rasim-balayeve-istiqlal-ordeni-verildi\/","og_locale":"az_AZ","og_type":"article","og_title":"Rasim Balayev\u0259 \u201c\u0130stiqlal\u201d ordeni verildi - MEYDAN.TV","og_description":"\u0130lham \u018fliyev Xalq artistini t\u0259ltif edib Az\u0259rbaycan Kinematoqraf\u00e7\u0131lar \u0130ttifaq\u0131n\u0131n s\u0259dri, ... Davam\u0131","og_url":"https:\/\/www.meydan.tv\/az\/article\/rasim-balayeve-istiqlal-ordeni-verildi\/","og_site_name":"MEYDAN.TV","article_published_time":"2023-08-07T10:58:37+00:00","article_modified_time":"2023-08-07T10:58:40+00:00","og_image":[{"width":1200,"height":678,"url":"https:\/\/www.meydan.tv\/wp-content\/uploads\/15712240133693912945_1000x669-e1691405619455.jpg","type":"image\/jpeg"}],"author":"elli","twitter_card":"summary_large_image","twitter_creator":"@elli","schema":{"@context":"https:\/\/schema.org","@graph":[{"@type":"Article","@id":"https:\/\/www.meydan.tv\/az\/article\/rasim-balayeve-istiqlal-ordeni-verildi\/#article","isPartOf":{"@id":"https:\/\/www.meydan.tv\/az\/article\/rasim-balayeve-istiqlal-ordeni-verildi\/"},"author":{"name":"elli","@id":"https:\/\/www.meydan.tv\/az\/#\/schema\/person\/9cdbecf90d17180ce1dfbd95b08dcf47"},"headline":"Rasim Balayev\u0259 \u201c\u0130stiqlal\u201d ordeni verildi","datePublished":"2023-08-07T10:58:37+00:00","dateModified":"2023-08-07T10:58:40+00:00","mainEntityOfPage":{"@id":"https:\/\/www.meydan.tv\/az\/article\/rasim-balayeve-istiqlal-ordeni-verildi\/"},"wordCount":204,"publisher":{"@id":"https:\/\/www.meydan.tv\/az\/#organization"},"image":{"@id":"https:\/\/www.meydan.tv\/az\/article\/rasim-balayeve-istiqlal-ordeni-verildi\/#primaryimage"},"thumbnailUrl":"https:\/\/www.meydan.tv\/wp-content\/uploads\/15712240133693912945_1000x669-e1691405619455.jpg","articleSection":["M\u0259d\u0259niyy\u0259t","X\u0259b\u0259rl\u0259r"],"inLanguage":"az"},{"@type":"WebPage","@id":"https:\/\/www.meydan.tv\/az\/article\/rasim-balayeve-istiqlal-ordeni-verildi\/","url":"https:\/\/www.meydan.tv\/az\/article\/rasim-balayeve-istiqlal-ordeni-verildi\/","name":"Rasim Balayev\u0259 \u201c\u0130stiqlal\u201d ordeni verildi - MEYDAN.TV","isPartOf":{"@id":"https:\/\/www.meydan.tv\/az\/#website"},"primaryImageOfPage":{"@id":"https:\/\/www.meydan.tv\/az\/article\/rasim-balayeve-istiqlal-ordeni-verildi\/#primaryimage"},"image":{"@id":"https:\/\/www.meydan.tv\/az\/article\/rasim-balayeve-istiqlal-ordeni-verildi\/#primaryimage"},"thumbnailUrl":"https:\/\/www.meydan.tv\/wp-content\/uploads\/15712240133693912945_1000x669-e1691405619455.jpg","datePublished":"2023-08-07T10:58:37+00:00","dateModified":"2023-08-07T10:58:40+00:00","breadcrumb":{"@id":"https:\/\/www.meydan.tv\/az\/article\/rasim-balayeve-istiqlal-ordeni-verildi\/#breadcrumb"},"inLanguage":"az","potentialAction":[{"@type":"ReadAction","target":["https:\/\/www.meydan.tv\/az\/article\/rasim-balayeve-istiqlal-ordeni-verildi\/"]}]},{"@type":"ImageObject","inLanguage":"az","@id":"https:\/\/www.meydan.tv\/az\/article\/rasim-balayeve-istiqlal-ordeni-verildi\/#primaryimage","url":"https:\/\/www.meydan.tv\/wp-content\/uploads\/15712240133693912945_1000x669-e1691405619455.jpg","contentUrl":"https:\/\/www.meydan.tv\/wp-content\/uploads\/15712240133693912945_1000x669-e1691405619455.jpg","width":1200,"height":678,"caption":"Rasim Balayev. Foto: \"azerbaycan24\""},{"@type":"BreadcrumbList","@id":"https:\/\/www.meydan.tv\/az\/article\/rasim-balayeve-istiqlal-ordeni-verildi\/#breadcrumb","itemListElement":[{"@type":"ListItem","position":1,"name":"Ana s\u0259hif\u0259","item":"https:\/\/www.meydan.tv\/az\/"},{"@type":"ListItem","position":2,"name":"M\u0259d\u0259niyy\u0259t","item":"https:\/\/www.meydan.tv\/az\/section\/medeniyyet\/"},{"@type":"ListItem","position":3,"name":"Rasim Balayev\u0259 \u201c\u0130stiqlal\u201d ordeni verildi"}]},{"@type":"WebSite","@id":"https:\/\/www.meydan.tv\/az\/#website","url":"https:\/\/www.meydan.tv\/az\/","name":"MEYDAN.TV","description":"Meydan TV Az\u0259rbaycan\u0131n media m\u0259kan\u0131ndak\u0131 alternativ s\u0259sidir","publisher":{"@id":"https:\/\/www.meydan.tv\/az\/#organization"},"potentialAction":[{"@type":"SearchAction","target":{"@type":"EntryPoint","urlTemplate":"https:\/\/www.meydan.tv\/az\/?s={search_term_string}"},"query-input":{"@type":"PropertyValueSpecification","valueRequired":true,"valueName":"search_term_string"}}],"inLanguage":"az"},{"@type":"Organization","@id":"https:\/\/www.meydan.tv\/az\/#organization","name":"Meydan TV","url":"https:\/\/www.meydan.tv\/az\/","logo":{"@type":"ImageObject","inLanguage":"az","@id":"https:\/\/www.meydan.tv\/az\/#\/schema\/logo\/image\/","url":"https:\/\/www.meydan.tv\/wp-content\/uploads\/2021\/07\/meydan-logo.svg","contentUrl":"https:\/\/www.meydan.tv\/wp-content\/uploads\/2021\/07\/meydan-logo.svg","width":195,"height":46,"caption":"Meydan TV"},"image":{"@id":"https:\/\/www.meydan.tv\/az\/#\/schema\/logo\/image\/"}},{"@type":"Person","@id":"https:\/\/www.meydan.tv\/az\/#\/schema\/person\/9cdbecf90d17180ce1dfbd95b08dcf47","name":"elli","sameAs":["https:\/\/x.com\/elli"]}]}},"_links":{"self":[{"href":"https:\/\/www.meydan.tv\/az\/wp-json\/wp\/v2\/posts\/281688","targetHints":{"allow":["GET"]}}],"collection":[{"href":"https:\/\/www.meydan.tv\/az\/wp-json\/wp\/v2\/posts"}],"about":[{"href":"https:\/\/www.meydan.tv\/az\/wp-json\/wp\/v2\/types\/post"}],"author":[{"embeddable":true,"href":"https:\/\/www.meydan.tv\/az\/wp-json\/wp\/v2\/users\/8"}],"replies":[{"embeddable":true,"href":"https:\/\/www.meydan.tv\/az\/wp-json\/wp\/v2\/comments?post=281688"}],"version-history":[{"count":3,"href":"https:\/\/www.meydan.tv\/az\/wp-json\/wp\/v2\/posts\/281688\/revisions"}],"predecessor-version":[{"id":281691,"href":"https:\/\/www.meydan.tv\/az\/wp-json\/wp\/v2\/posts\/281688\/revisions\/281691"}],"wp:featuredmedia":[{"embeddable":true,"href":"https:\/\/www.meydan.tv\/az\/wp-json\/wp\/v2\/media\/245844"}],"wp:attachment":[{"href":"https:\/\/www.meydan.tv\/az\/wp-json\/wp\/v2\/media?parent=281688"}],"wp:term":[{"taxonomy":"category","embeddable":true,"href":"https:\/\/www.meydan.tv\/az\/wp-json\/wp\/v2\/categories?post=281688"},{"taxonomy":"post_tag","embeddable":true,"href":"https:\/\/www.meydan.tv\/az\/wp-json\/wp\/v2\/tags?post=281688"}],"curies":[{"name":"wp","href":"https:\/\/api.w.org\/{rel}","templated":true}]}}