{"id":281591,"date":"2023-08-05T14:51:42","date_gmt":"2023-08-05T10:51:42","guid":{"rendered":"https:\/\/www.meydan.tv\/?p=281591"},"modified":"2023-08-05T14:58:05","modified_gmt":"2023-08-05T10:58:05","slug":"yetirmeler","status":"publish","type":"post","link":"https:\/\/www.meydan.tv\/az\/article\/yetirmeler\/","title":{"rendered":"Yetirm\u0259l\u0259r"},"content":{"rendered":"\n<p><\/p>\n\n\n\n<p><strong>Z\u0259rd\u00fc\u015ft \u018flizad\u0259<\/strong><\/p>\n\n\n\n<p><strong><em>B\u0259z\u0259n ilk bax\u0131\u015fdan k\u0259d\u0259rli say\u0131lacaq hadis\u0259l\u0259r d\u00fc\u015f\u00fcn\u0259n insanda nikbinlik hissi oyad\u0131r<\/em><\/strong><\/p>\n\n\n\n<p>V\u0259t\u0259nin v\u0259 mill\u0259tin taleyi bar\u0259d\u0259 d\u00fc\u015f\u00fcn\u0259nd\u0259 yaln\u0131z bu g\u00fcn\u00fc v\u0259 sabah\u0131 deyil,&nbsp; h\u0259m d\u0259 daha geni\u015f zaman v\u0259 m\u0259kan s\u0259rh\u0259dl\u0259rini t\u0259s\u0259vv\u00fcr\u0259 g\u0259tirm\u0259k laz\u0131md\u0131r.<\/p>\n\n\n<div class=\"wp-block-image\">\n<figure class=\"alignleft size-large is-resized\"><img decoding=\"async\" data-src=\"https:\/\/www.meydan.tv\/wp-content\/uploads\/image_from_ios_2_p52ittc.original.original-scaled-e1682070233838-1200x543.jpg\" alt=\"Z\u0259rd\u00fc\u015ft \u018flizad\u0259\" class=\"wp-image-126823 lazyload\" width=\"280\" height=\"127\" src=\"data:image\/svg+xml;base64,PHN2ZyB3aWR0aD0iMSIgaGVpZ2h0PSIxIiB4bWxucz0iaHR0cDovL3d3dy53My5vcmcvMjAwMC9zdmciPjwvc3ZnPg==\" style=\"--smush-placeholder-width: 280px; --smush-placeholder-aspect-ratio: 280\/127;\" \/><figcaption class=\"wp-element-caption\">Foto: Meydan TV<\/figcaption><\/figure>\n<\/div>\n\n\n<p>Bu il Heyd\u0259r \u018fliyevin anadan olmas\u0131n\u0131n 100 illiyini d\u00f6vl\u0259t t\u0259dbiri kimi qeyd etdil\u0259r. B\u0259lk\u0259 biz d\u0259 v\u0259t\u0259nin v\u0259 mill\u0259tin taleyini h\u0259min bu 100 il zaman\u0131 v\u0259 Ulu \u00f6nd\u0259rin f\u0259aliyy\u0259t g\u00f6st\u0259rdiyi m\u0259kan \u00e7\u0259r\u00e7iv\u0259sind\u0259 n\u0259z\u0259rd\u0259n ke\u00e7ir\u0259k?<\/p>\n\n\n\n<p>Heyd\u0259r \u018fliyev d\u00fcnyaya g\u0259l\u0259nd\u0259 Az\u0259rbaycanda sovet hakimiyy\u0259ti art\u0131q qurulmu\u015fdu v\u0259 bunun xidm\u0259tini, \u0259lb\u0259tt\u0259 ki, onun aya\u011f\u0131na yazmaq m\u00fcmk\u00fcn deyildi. Lakin sovet qurulu\u015funun Az\u0259rbaycanda xalq\u0131n can\u0131na, ta iliyin\u0259 q\u0259d\u0259r, hopmas\u0131nda v\u0259 i\u015fl\u0259m\u0259sind\u0259 onun t\u0259siri, \u015f\u0259ksiz ki, dan\u0131lmazd\u0131r. M\u0259n xalq\u0131m\u0131z\u0131n t\u0259h\u0259r-t\u00f6vr\u00fcn\u00fc a\u015fa\u011f\u0131dan yuxar\u0131ya kimi ciddi-c\u0259hdl\u0259 t\u0259dqiq etmi\u015f\u0259m v\u0259 \u0259min\u0259m ki, orta az\u0259rbaycanl\u0131n\u0131n v\u00fccudunun t\u0259\u015f\u0259kk\u00fcl\u00fcn\u0259 m\u0259\u015fhur milli \u0259dib v\u0259 b\u0259st\u0259karlar\u0131n \u0259s\u0259rl\u0259ri il\u0259 m\u00fcqayis\u0259d\u0259 m\u0259hz Heyd\u0259r \u018fliyevin f\u0259aliyy\u0259tinin t\u0259siri qat-qat g\u00fccl\u00fcd\u00fcr.<\/p>\n\n\n\n<p>&nbsp;Xub, dey\u0259 bil\u0259rl\u0259r ki, Heyd\u0259r \u018fliyev ali s\u0259f\u0259 sal\u0131nan v\u0259 soxulan partiya-d\u00f6vl\u0259t nomenklaturas\u0131n\u0131n se\u00e7ilm\u0259sin\u0259 v\u0259 t\u0259\u015f\u0259kk\u00fcl\u00fcn\u0259 t\u0259sir g\u00f6st\u0259r\u0259 bil\u0259rdi, lakin s\u0131ravi v\u0259t\u0259nda\u015flar\u0131n ruhuna n\u00fcfuz ed\u0259 bilm\u0259zdi.<\/p>\n\n\n\n<p>Bel\u0259 d\u00fc\u015f\u00fcn\u0259nl\u0259r ciddi yan\u0131l\u0131rlar.&nbsp; Sizin h\u0259qir b\u0259nd\u0259niz AKP MK \u00fczvl\u0259ri il\u0259 t\u0259mas zaman\u0131 onlar\u0131n h\u0259r bir h\u0259r\u0259k\u0259tind\u0259 v\u0259 s\u00f6z\u00fcnd\u0259 Ulu \u00f6nd\u0259rin davran\u0131\u015f\u0131n\u0131n v\u0259 dan\u0131\u015f\u0131\u011f\u0131n\u0131n t\u0259sirini sezirdi.<\/p>\n\n\n\n<p>T\u0259k onlarda deyil, h\u0259m d\u0259 Az\u0259rbaycan Xalq C\u0259bh\u0259sinin lider v\u0259 \u0259ks\u0259r s\u0131ravi \u00fczvl\u0259rinin d\u0259 t\u0259f\u0259kk\u00fcr v\u0259 davran\u0131\u015f\u0131nda Ulu \u00f6nd\u0259rin yapd\u0131\u011f\u0131 q\u0259libl\u0259rin t\u0259sirini g\u00f6r\u00fcrd\u00fcm.<\/p>\n\n\n\n<p>N\u0259 idi bu t\u0259sirin \u0259sas \u0259lam\u0259ti? Hakimiyy\u0259t h\u0259risliyi, milli maraqlar\u0131 hakimiyy\u0259t maraqlar\u0131na bada verm\u0259k ist\u0259yi v\u0259 haz\u0131rl\u0131\u011f\u0131 \u2013 budur h\u0259min t\u0259sirin silinm\u0259z dam\u011fas\u0131. Kitab\u0131mda bu bar\u0259d\u0259 kifay\u0259t q\u0259d\u0259r m\u00fcf\u0259ss\u0259l yazm\u0131\u015fam dey\u0259 t\u0259krar etm\u0259y\u0259 l\u00fczum g\u00f6rm\u00fcr\u0259m.<\/p>\n\n\n\n<p>Lakin bir ha\u015fiy\u0259 \u00e7\u0131xsam, yerin\u0259 d\u00fc\u015f\u0259r.&nbsp; Ulu \u00f6nd\u0259rin t\u0259siri t\u0259k az\u0259rbaycanl\u0131lara deyil, h\u0259m d\u0259 Qaraba\u011f erm\u0259nil\u0259rin\u0259 siray\u0259t etmi\u015fdi.<\/p>\n\n\n\n<p>Ulu \u00f6nd\u0259rin sabiq k\u00f6m\u0259k\u00e7isi m\u0259z\u0259 hissi il\u0259 xat\u0131rlay\u0131rd\u0131 ki, bir d\u0259f\u0259 1990-c\u0131 ill\u0259rin ortalar\u0131nda MDB sammitl\u0259rinin birind\u0259 q\u0259fild\u0259n h\u0259rbi geyimd\u0259 v\u0259 aya\u011f\u0131nda a\u011f krossovka olan saqqall\u0131 bir ki\u015fi Az\u0259rbaycan\u0131n prezidentinin qaba\u011f\u0131na qa\u00e7\u0131r v\u0259 sevinc\u0259k onu salamlay\u0131r. Ulu \u00f6nd\u0259r ona bax\u0131b soru\u015fur: \u201cS\u0259n kims\u0259n\u201d? Saqqall\u0131 ki\u015fi sevincl\u0259 deyir: \u201cM\u0259n sizin yetirm\u0259niz Serj Sarqsyanam\u201d.&nbsp; Ulu \u00f6nd\u0259r hirsl\u0259 deyir: \u201cM\u0259n s\u0259n\u0259 bunumu \u00f6yr\u0259tmi\u015f\u0259m?\u201d<\/p>\n\n\n\n<p>Serjik ustad\u0131na he\u00e7 n\u0259 dey\u0259 bilmir. M\u0259ns\u0259 \u0259min\u0259m ki, a\u011fl\u0131 \u00e7atsayd\u0131, dem\u0259liydi: \u201cB\u0259li, m\u0259n\u0259 b\u00fct\u00fcn bunlar\u0131 m\u0259hz siz \u00f6yr\u0259tmisiniz\u201d.<\/p>\n\n\n\n<p>Nec\u0259 ki, AKP MK \u00fczvl\u0259rinin ham\u0131s\u0131na Kremlin a\u011falar\u0131 qar\u015f\u0131s\u0131nda acizan\u0259 t\u0259zim etm\u0259yi Ulu \u00f6nd\u0259r \u00f6yr\u0259tmi\u015fdi. Qaraba\u011fda Kremlin r\u0259hb\u0259rliyi alt\u0131nda d\u00f6vl\u0259t\u0259 qar\u015f\u0131 \u00fcsyan ba\u015flayanda Bak\u0131da hakimiyy\u0259td\u0259 bir n\u0259f\u0259r c\u0259sar\u0259tli insan tap\u0131lmad\u0131 ki, el\u0259 sovet qanunlar\u0131n\u0131n g\u00fcc\u00fc il\u0259 qiyam\u00e7\u0131lar\u0131 ram etsin. Ham\u0131 v\u0259zif\u0259sini d\u00fc\u015f\u00fcn\u00fcb Kremlin \u0259mrin\u0259 m\u00fcnt\u0259zir durmu\u015fdu.<\/p>\n\n\n\n<p>S\u0131ravi az\u0259rbaycanl\u0131lara saxta b\u00fct yarad\u0131b onlara kor-korana inanma\u011f\u0131 da el\u0259 o t\u0259lqin etmi\u015fdi. Bu b\u00fct \u0259vv\u0259l raykom katibi idi, sonra h\u0259r\u0259kat ba\u015flayanda AXC liderl\u0259ri oldu.<\/p>\n\n\n\n<p>\u018fks\u0259riyy\u0259t el\u0259 indinin \u00f6z\u00fcnd\u0259 b\u00fct olma\u011fa can at\u0131r, t\u0259sad\u00fcfi deyil ki, \u00f6lk\u0259mizd\u0259 m\u0259fkur\u0259si he\u00e7 k\u0259s\u0259 b\u0259lli olmayan 57 guya ki, partiya v\u0259 t\u0259bii, onun s\u0259dri-ba\u015fqan\u0131 yaranm\u0131\u015fd\u0131.<\/p>\n\n\n\n<figure class=\"wp-block-pullquote\"><blockquote><p>He\u00e7 bir istibdad v\u0259 z\u00fclm\u00fcn ax\u0131r\u0131 yax\u015f\u0131 qurtarm\u0131r. M\u00fcst\u0259bidl\u0259r devrilir, talan edilmi\u015f s\u0259rv\u0259t talan\u00e7\u0131ya v\u0259 ail\u0259sin\u0259 b\u0259db\u0259xtlik g\u0259tirir, ad\u0131 tarixd\u0259 b\u0259dnam olur. Hakimiyy\u0259td\u0259 olduqlar\u0131 zaman \u015f\u0259nl\u0259rin\u0259 s\u00f6yl\u0259nmi\u015f m\u0259dhiyy\u0259l\u0259r kinay\u0259 v\u0259 q\u0131naq h\u0259d\u0259fi olur.<\/p><\/blockquote><\/figure>\n\n\n\n<p>M\u0259n anlam\u0131ram, a\u011f\u0131l-d\u0259rrak\u0259d\u0259 v\u0259 v\u0259t\u0259n\u0259 s\u0259daq\u0259td\u0259 H\u0259s\u0259n H\u0259s\u0259novla, Ayaz M\u00fct\u0259llibovla v\u0259 Telman Orucovla \u018fb\u00fclf\u0259z \u018fliyevin, \u0130sa Q\u0259mb\u0259rin v\u0259 P\u0259nah H\u00fcseynin aras\u0131nda n\u0259 f\u0259rq var? \u018fg\u0259r h\u0259r hans\u0131 bir \u0259m\u0259l onun aqib\u0259ti il\u0259 \u00f6l\u00e7\u00fcl\u00fcrs\u0259, xalqa v\u0259 v\u0259t\u0259n\u0259 d\u0259ymi\u015f ziyan v\u0259 itkil\u0259rin h\u0259cmi bax\u0131m\u0131ndan onlar\u0131n aras\u0131nda he\u00e7 bir f\u0259rq yoxdur.<\/p>\n\n\n\n<p>Az\u0259rbaycan\u0131n son 60 illik ictimai-siyasi h\u0259yat\u0131 Ulu \u00f6nd\u0259rin z\u0259f\u0259ri&nbsp; kimi qiym\u0259tl\u0259ndirilm\u0259lidir. Bu z\u0259f\u0259rin zirv\u0259si is\u0259 \u00f6lk\u0259mizd\u0259 art\u0131q x\u0259l\u0259fin hakimiyy\u0259ti d\u00f6vr\u00fcnd\u0259 v\u0259t\u0259nda\u015f c\u0259miyy\u0259ti \u00f6z\u0259kl\u0259rinin v\u0259 guya partiyalar\u0131n \u00e7\u0131xda\u015f edilm\u0259si prosesi say\u0131lmal\u0131d\u0131r.<\/p>\n\n\n\n<p>Dem\u0259k n\u0259? Az\u0259rbaycan\u0131 d\u00f6vl\u0259t, az\u0259rbaycanl\u0131lar\u0131 mill\u0259t kimi qapad\u0131b ged\u0259k Yax\u0131n \u015e\u0259rq\u0259 v\u0259 ya Afrikaya? Y\u0259ni kitab\u0131m\u0131z ba\u011flan\u0131b? Y\u0259ni biz olduq t\u0259bii s\u0259rv\u0259tl\u0259rin sat\u0131\u015f\u0131 hesab\u0131na ya\u015fayan t\u00fcfeyli ikiayaql\u0131lar s\u00fcr\u00fcs\u00fc?<\/p>\n\n\n\n<p>Bel\u0259 deyil, \u0259lh\u0259mdu li-llah. Mill\u0259t \u00f6lm\u0259yib, var\u0131q.<\/p>\n\n\n\n<p>\u0130ctimai-siyasi h\u0259yat\u0131m\u0131zda Razi Nurullayev v\u0259 Asim Mollazad\u0259 il\u0259 yana\u015f\u0131 diri insanlar da var.<\/p>\n\n\n\n<p>B\u0259z\u0259n ilk bax\u0131\u015fdan k\u0259d\u0259rli say\u0131lacaq hadis\u0259l\u0259r d\u00fc\u015f\u00fcn\u0259n insanda nikbinlik hissi oyad\u0131r. M\u0259s\u0259l\u0259n, ne\u00e7\u0259nci d\u0259f\u0259dir ki, mediada \u0130\u015f\u00e7i Masas\u0131 H\u0259mkarlar \u0130ttifaqlar\u0131 Konfederasiyas\u0131n\u0131n s\u0259dri Afi\u0259ddin M\u0259mm\u0259dovun \u015f\u0259rl\u0259n\u0259r\u0259k h\u0259bs edilm\u0259si v\u0259 c\u0259rim\u0259l\u0259nm\u0259si bar\u0259d\u0259 m\u0259lumat oxuyuram.<\/p>\n\n\n\n<p>Polisin v\u0259 m\u0259hk\u0259m\u0259nin bu \u0259m\u0259li d\u00f6vl\u0259timiz\u0259 v\u0259 xalq\u0131m\u0131za l\u0259k\u0259 vururmu? \u018flb\u0259tt\u0259, vurur.&nbsp; Bu Afi\u0259ddin M\u0259mm\u0259dovun r\u0259hb\u0259rlik etdiyi t\u0259\u015fkilat q\u00fcdr\u0259tli v\u0259 imkanl\u0131 t\u0259\u015fkilatd\u0131rm\u0131? \u018fsla yox, ac\u0131ndan g\u00fcnorta duran z\u0259if t\u0259\u015fkilatd\u0131r v\u0259 s\u0131ralar\u0131nda s\u0259h\u0259rd\u0259n gec\u0131yar\u0131ya q\u0259d\u0259r \u015f\u0259h\u0259r k\u00fc\u00e7\u0259l\u0259rind\u0259 moped s\u00fcr\u00fcb sifari\u015fl\u0259 m\u00fc\u015ft\u0259ril\u0259r\u0259 \u0259rzaq \u00e7atd\u0131ran kuryerl\u0259ri birl\u0259\u015fdirir.<\/p>\n\n\n<div class=\"wp-block-image\">\n<figure class=\"alignleft size-full is-resized\"><img decoding=\"async\" data-src=\"https:\/\/www.meydan.tv\/wp-content\/uploads\/362269832_1010811650101623_3679489403599443536_n-e1690983633559.jpg\" alt=\"\" class=\"wp-image-281346 lazyload\" width=\"406\" height=\"178\" src=\"data:image\/svg+xml;base64,PHN2ZyB3aWR0aD0iMSIgaGVpZ2h0PSIxIiB4bWxucz0iaHR0cDovL3d3dy53My5vcmcvMjAwMC9zdmciPjwvc3ZnPg==\" style=\"--smush-placeholder-width: 406px; --smush-placeholder-aspect-ratio: 406\/178;\" \/><figcaption class=\"wp-element-caption\"> Afi\u0259ddin M\u0259mm\u0259dov. Foto: sosial \u015f\u0259b\u0259k\u0259<\/figcaption><\/figure>\n<\/div>\n\n\n<p>Kuryerl\u0259ri, h\u0259z\u0259rat! Samball\u0131 neft f\u0259hl\u0259l\u0259rini deyil, n\u00fcfuzlu m\u0259murlar\u0131, h\u0259kiml\u0259ri v\u0259 m\u00fc\u0259lliml\u0259ri deyil, moped s\u00fcr\u0259n kuryerl\u0259ri!<\/p>\n\n\n\n<p>Bax, d\u00f6vl\u0259timiz kuryerl\u0259rin qanuni muzdlu \u0259m\u0259k\u00e7i h\u00fcquqlar\u0131n\u0131 qoruma\u011fa \u00e7al\u0131\u015fan bu balaca v\u0259 z\u0259if h\u0259mkarlar t\u0259\u015fkilat\u0131 il\u0259 polisin c\u0259bri v\u0259 m\u0259hk\u0259m\u0259nin z\u00fclm silah\u0131 il\u0259 sava\u015f\u0131r. Ona b\u0259s etmir ki, iyirmi ild\u0259n art\u0131qd\u0131r r\u0259smi H\u0259mkarlar \u0130ttifaqlar\u0131 Konfederasiyas\u0131na \u0259m\u0259k\u00e7il\u0259r\u0259 q\u0259nim k\u0259silmi\u015f S\u0259ttar Mehbal\u0131yev naml\u0131 birisini ba\u011flay\u0131b v\u0259 onun \u0259li il\u0259 z\u0259hm\u0259tke\u015fl\u0259rin h\u00fcquqlar\u0131n\u0131n tapdalanmas\u0131na \u015f\u0259rait yarad\u0131r.&nbsp; Xeyr, h\u0259m d\u0259 asfalt\u0131 de\u015f\u0259r\u0259k g\u00fcn\u0259\u015f\u0259 can atan ot kimi ya\u015famaq ist\u0259y\u0259n ya\u015f\u0131l h\u0259yat \u0259lam\u0259tl\u0259rini polisin v\u0259 m\u0259hk\u0259m\u0259nin z\u00fclm\u00fc il\u0259 m\u0259hv etm\u0259y\u0259 \u00e7al\u0131\u015f\u0131r.<\/p>\n\n\n\n<p>Hakimiyy\u0259t xalqdan qorxur. Bu s\u0259b\u0259bd\u0259n \u00e7\u0259limsiz v\u0259 ar\u0131q Afi\u0259ddin M\u0259mm\u0259dovun \u00fcst\u00fcn\u0259 z\u0131rp\u0131 v\u0259 zorba polis n\u0259f\u0259rl\u0259rini g\u00f6nd\u0259rir, \u015f\u0259rl\u0259yib onu qazamata sal\u0131r, c\u0259rim\u0259l\u0259yir.<\/p>\n\n\n\n<p>\u00d6mr\u00fcm boyu bel\u0259 \u015feyl\u0259ri \u00e7ox g\u00f6rm\u00fc\u015f\u0259m, oxumu\u015fam. He\u00e7 bir istibdad v\u0259 z\u00fclm\u00fcn ax\u0131r\u0131 yax\u015f\u0131 qurtarm\u0131r. M\u00fcst\u0259bidl\u0259r devrilir, talan edilmi\u015f s\u0259rv\u0259t talan\u00e7\u0131ya v\u0259 ail\u0259sin\u0259 b\u0259db\u0259xtlik g\u0259tirir, ad\u0131 tarixd\u0259 b\u0259dnam olur. Hakimiyy\u0259td\u0259 olduqlar\u0131 zaman \u015f\u0259nl\u0259rin\u0259 s\u00f6yl\u0259nmi\u015f m\u0259dhiyy\u0259l\u0259r kinay\u0259 v\u0259 q\u0131naq h\u0259d\u0259fi olur.<\/p>\n\n\n\n<p>El\u0259 bilirsiz Mussolini, Somosa, Salazar, Betankur, Markos, Pino\u00e7et, Mobutu, \u0259l-Q\u0259zzafi v\u0259 \u0259n-Nimeyri v\u0259 y\u00fczl\u0259rl\u0259 dig\u0259r m\u00fcst\u0259bid hakimiyy\u0259td\u0259 olanda t\u0259rifl\u0259nmirdil\u0259r?&nbsp; Bak\u0131l\u0131lar demi\u015fk\u0259n, \u201cel\u0259 b\u0259y\u0259m\u201d!<\/p>\n\n\n\n<p>\u0130ndi ham\u0131 onlar\u0131n m\u0259zar\u0131na t\u00fcp\u00fcr\u00fcr. B\u0259zil\u0259rinin m\u0259zar\u0131 is\u0259 biinmir.<\/p>\n\n\n\n<p>Afi\u0259ddin M\u0259mm\u0259dovun h\u0259bsi v\u0259 c\u0259rim\u0259l\u0259nm\u0259si xalq\u0131m\u0131z\u0131n diri olmas\u0131n\u0131n parlaq s\u00fcbutudur. Y\u0259ni hakimiyy\u0259t axar suyun qar\u015f\u0131s\u0131n\u0131 tarix\u0259n \u00e7atlaq s\u0259dd il\u0259 almaq ist\u0259yir, f\u0259q\u0259t al\u0131nm\u0131r v\u0259 al\u0131nmayacaq.&nbsp; Su \u00f6z\u00fcn\u0259 yol tapacaq, indi polis d\u0259y\u0259n\u0259yi il\u0259 qapanan de\u015fikl\u0259r geni\u015fl\u0259n\u0259c\u0259k v\u0259 bir g\u00fcn indiki zal\u0131m qurulu\u015f, lap el\u0259 Ulu \u00f6nd\u0259rin qulluq etdiyi \u015eura h\u00f6kum\u0259ti kimi, \u00e7\u00f6k\u00fcb da\u011f\u0131lacaq.<\/p>\n\n\n\n<p>\u018fv\u0259zin\u0259 n\u0259 g\u0259l\u0259c\u0259k? \u00dcmid ed\u0259k ki, xalq \u00f6z bisavadl\u0131\u011f\u0131ndan v\u0259 nadanl\u0131\u011f\u0131ndan n\u0259tic\u0259 \u00e7\u0131xar\u0131b bu d\u0259f\u0259 lotular\u0131n dal\u0131nca qa\u00e7mayacaq.&nbsp;&nbsp;<\/p>\n","protected":false},"excerpt":{"rendered":"<p>Z\u0259rd\u00fc\u015ft \u018flizad\u0259 B\u0259z\u0259n ilk bax\u0131\u015fdan k\u0259d\u0259rli say\u0131lacaq hadis\u0259l\u0259r d\u00fc\u015f\u00fcn\u0259n insanda &#8230; <\/p>\n<p class=\"read-more-container\"><a title=\"Yetirm\u0259l\u0259r\" class=\"read-more button\" href=\"https:\/\/www.meydan.tv\/az\/article\/yetirmeler\/#more-281591\" aria-label=\"Read more about Yetirm\u0259l\u0259r\">Davam\u0131<\/a><\/p>\n","protected":false},"author":8,"featured_media":281588,"comment_status":"closed","ping_status":"closed","sticky":false,"template":"","format":"standard","meta":{"_acf_changed":false,"_sitemap_exclude":false,"_sitemap_priority":"","_sitemap_frequency":"","footnotes":""},"categories":[57,79],"tags":[],"class_list":["post-281591","post","type-post","status-publish","format-standard","has-post-thumbnail","hentry","category-menim-fikrimce","category-featured","infinite-scroll-item","generate-columns","tablet-grid-50","mobile-grid-100","grid-parent","grid-33","no-featured-image-padding"],"acf":[],"yoast_head":"<!-- This site is optimized with the Yoast SEO plugin v27.4 - https:\/\/yoast.com\/product\/yoast-seo-wordpress\/ -->\n<title>Yetirm\u0259l\u0259r - MEYDAN.TV<\/title>\n<meta name=\"robots\" content=\"index, follow, max-snippet:-1, max-image-preview:large, max-video-preview:-1\" \/>\n<link rel=\"canonical\" href=\"https:\/\/www.meydan.tv\/az\/article\/yetirmeler\/\" \/>\n<meta property=\"og:locale\" content=\"az_AZ\" \/>\n<meta property=\"og:type\" content=\"article\" \/>\n<meta property=\"og:title\" content=\"Yetirm\u0259l\u0259r - MEYDAN.TV\" \/>\n<meta property=\"og:description\" content=\"Z\u0259rd\u00fc\u015ft \u018flizad\u0259 B\u0259z\u0259n ilk bax\u0131\u015fdan k\u0259d\u0259rli say\u0131lacaq hadis\u0259l\u0259r d\u00fc\u015f\u00fcn\u0259n insanda ... Davam\u0131\" \/>\n<meta property=\"og:url\" content=\"https:\/\/www.meydan.tv\/az\/article\/yetirmeler\/\" \/>\n<meta property=\"og:site_name\" content=\"MEYDAN.TV\" \/>\n<meta property=\"article:published_time\" content=\"2023-08-05T10:51:42+00:00\" \/>\n<meta property=\"article:modified_time\" content=\"2023-08-05T10:58:05+00:00\" \/>\n<meta property=\"og:image\" content=\"https:\/\/www.meydan.tv\/wp-content\/uploads\/05_1-e1691232690818.jpg\" \/>\n\t<meta property=\"og:image:width\" content=\"1200\" \/>\n\t<meta property=\"og:image:height\" content=\"537\" \/>\n\t<meta property=\"og:image:type\" content=\"image\/jpeg\" \/>\n<meta name=\"author\" content=\"elli\" \/>\n<meta name=\"twitter:card\" content=\"summary_large_image\" \/>\n<meta name=\"twitter:creator\" content=\"@elli\" \/>\n<script type=\"application\/ld+json\" class=\"yoast-schema-graph\">{\"@context\":\"https:\\\/\\\/schema.org\",\"@graph\":[{\"@type\":\"Article\",\"@id\":\"https:\\\/\\\/www.meydan.tv\\\/az\\\/article\\\/yetirmeler\\\/#article\",\"isPartOf\":{\"@id\":\"https:\\\/\\\/www.meydan.tv\\\/az\\\/article\\\/yetirmeler\\\/\"},\"author\":{\"name\":\"elli\",\"@id\":\"https:\\\/\\\/www.meydan.tv\\\/az\\\/#\\\/schema\\\/person\\\/9cdbecf90d17180ce1dfbd95b08dcf47\"},\"headline\":\"Yetirm\u0259l\u0259r\",\"datePublished\":\"2023-08-05T10:51:42+00:00\",\"dateModified\":\"2023-08-05T10:58:05+00:00\",\"mainEntityOfPage\":{\"@id\":\"https:\\\/\\\/www.meydan.tv\\\/az\\\/article\\\/yetirmeler\\\/\"},\"wordCount\":1710,\"publisher\":{\"@id\":\"https:\\\/\\\/www.meydan.tv\\\/az\\\/#organization\"},\"image\":{\"@id\":\"https:\\\/\\\/www.meydan.tv\\\/az\\\/article\\\/yetirmeler\\\/#primaryimage\"},\"thumbnailUrl\":\"https:\\\/\\\/www.meydan.tv\\\/wp-content\\\/uploads\\\/05_1-e1691232690818.jpg\",\"articleSection\":[\"M\u0259nim Fikrimc\u0259\",\"T\u00f6vsiy\u0259\"],\"inLanguage\":\"az\"},{\"@type\":\"WebPage\",\"@id\":\"https:\\\/\\\/www.meydan.tv\\\/az\\\/article\\\/yetirmeler\\\/\",\"url\":\"https:\\\/\\\/www.meydan.tv\\\/az\\\/article\\\/yetirmeler\\\/\",\"name\":\"Yetirm\u0259l\u0259r - MEYDAN.TV\",\"isPartOf\":{\"@id\":\"https:\\\/\\\/www.meydan.tv\\\/az\\\/#website\"},\"primaryImageOfPage\":{\"@id\":\"https:\\\/\\\/www.meydan.tv\\\/az\\\/article\\\/yetirmeler\\\/#primaryimage\"},\"image\":{\"@id\":\"https:\\\/\\\/www.meydan.tv\\\/az\\\/article\\\/yetirmeler\\\/#primaryimage\"},\"thumbnailUrl\":\"https:\\\/\\\/www.meydan.tv\\\/wp-content\\\/uploads\\\/05_1-e1691232690818.jpg\",\"datePublished\":\"2023-08-05T10:51:42+00:00\",\"dateModified\":\"2023-08-05T10:58:05+00:00\",\"breadcrumb\":{\"@id\":\"https:\\\/\\\/www.meydan.tv\\\/az\\\/article\\\/yetirmeler\\\/#breadcrumb\"},\"inLanguage\":\"az\",\"potentialAction\":[{\"@type\":\"ReadAction\",\"target\":[\"https:\\\/\\\/www.meydan.tv\\\/az\\\/article\\\/yetirmeler\\\/\"]}]},{\"@type\":\"ImageObject\",\"inLanguage\":\"az\",\"@id\":\"https:\\\/\\\/www.meydan.tv\\\/az\\\/article\\\/yetirmeler\\\/#primaryimage\",\"url\":\"https:\\\/\\\/www.meydan.tv\\\/wp-content\\\/uploads\\\/05_1-e1691232690818.jpg\",\"contentUrl\":\"https:\\\/\\\/www.meydan.tv\\\/wp-content\\\/uploads\\\/05_1-e1691232690818.jpg\",\"width\":1200,\"height\":537,\"caption\":\"Heyd\u0259r \u018fliyev\"},{\"@type\":\"BreadcrumbList\",\"@id\":\"https:\\\/\\\/www.meydan.tv\\\/az\\\/article\\\/yetirmeler\\\/#breadcrumb\",\"itemListElement\":[{\"@type\":\"ListItem\",\"position\":1,\"name\":\"Ana s\u0259hif\u0259\",\"item\":\"https:\\\/\\\/www.meydan.tv\\\/az\\\/\"},{\"@type\":\"ListItem\",\"position\":2,\"name\":\"M\u0259nim Fikrimc\u0259\",\"item\":\"https:\\\/\\\/www.meydan.tv\\\/az\\\/section\\\/menim-fikrimce\\\/\"},{\"@type\":\"ListItem\",\"position\":3,\"name\":\"Yetirm\u0259l\u0259r\"}]},{\"@type\":\"WebSite\",\"@id\":\"https:\\\/\\\/www.meydan.tv\\\/az\\\/#website\",\"url\":\"https:\\\/\\\/www.meydan.tv\\\/az\\\/\",\"name\":\"MEYDAN.TV\",\"description\":\"Meydan TV Az\u0259rbaycan\u0131n media m\u0259kan\u0131ndak\u0131 alternativ s\u0259sidir\",\"publisher\":{\"@id\":\"https:\\\/\\\/www.meydan.tv\\\/az\\\/#organization\"},\"potentialAction\":[{\"@type\":\"SearchAction\",\"target\":{\"@type\":\"EntryPoint\",\"urlTemplate\":\"https:\\\/\\\/www.meydan.tv\\\/az\\\/?s={search_term_string}\"},\"query-input\":{\"@type\":\"PropertyValueSpecification\",\"valueRequired\":true,\"valueName\":\"search_term_string\"}}],\"inLanguage\":\"az\"},{\"@type\":\"Organization\",\"@id\":\"https:\\\/\\\/www.meydan.tv\\\/az\\\/#organization\",\"name\":\"Meydan TV\",\"url\":\"https:\\\/\\\/www.meydan.tv\\\/az\\\/\",\"logo\":{\"@type\":\"ImageObject\",\"inLanguage\":\"az\",\"@id\":\"https:\\\/\\\/www.meydan.tv\\\/az\\\/#\\\/schema\\\/logo\\\/image\\\/\",\"url\":\"https:\\\/\\\/www.meydan.tv\\\/wp-content\\\/uploads\\\/2021\\\/07\\\/meydan-logo.svg\",\"contentUrl\":\"https:\\\/\\\/www.meydan.tv\\\/wp-content\\\/uploads\\\/2021\\\/07\\\/meydan-logo.svg\",\"width\":195,\"height\":46,\"caption\":\"Meydan TV\"},\"image\":{\"@id\":\"https:\\\/\\\/www.meydan.tv\\\/az\\\/#\\\/schema\\\/logo\\\/image\\\/\"}},{\"@type\":\"Person\",\"@id\":\"https:\\\/\\\/www.meydan.tv\\\/az\\\/#\\\/schema\\\/person\\\/9cdbecf90d17180ce1dfbd95b08dcf47\",\"name\":\"elli\",\"sameAs\":[\"https:\\\/\\\/x.com\\\/elli\"]}]}<\/script>\n<!-- \/ Yoast SEO plugin. -->","yoast_head_json":{"title":"Yetirm\u0259l\u0259r - MEYDAN.TV","robots":{"index":"index","follow":"follow","max-snippet":"max-snippet:-1","max-image-preview":"max-image-preview:large","max-video-preview":"max-video-preview:-1"},"canonical":"https:\/\/www.meydan.tv\/az\/article\/yetirmeler\/","og_locale":"az_AZ","og_type":"article","og_title":"Yetirm\u0259l\u0259r - MEYDAN.TV","og_description":"Z\u0259rd\u00fc\u015ft \u018flizad\u0259 B\u0259z\u0259n ilk bax\u0131\u015fdan k\u0259d\u0259rli say\u0131lacaq hadis\u0259l\u0259r d\u00fc\u015f\u00fcn\u0259n insanda ... Davam\u0131","og_url":"https:\/\/www.meydan.tv\/az\/article\/yetirmeler\/","og_site_name":"MEYDAN.TV","article_published_time":"2023-08-05T10:51:42+00:00","article_modified_time":"2023-08-05T10:58:05+00:00","og_image":[{"width":1200,"height":537,"url":"https:\/\/www.meydan.tv\/wp-content\/uploads\/05_1-e1691232690818.jpg","type":"image\/jpeg"}],"author":"elli","twitter_card":"summary_large_image","twitter_creator":"@elli","schema":{"@context":"https:\/\/schema.org","@graph":[{"@type":"Article","@id":"https:\/\/www.meydan.tv\/az\/article\/yetirmeler\/#article","isPartOf":{"@id":"https:\/\/www.meydan.tv\/az\/article\/yetirmeler\/"},"author":{"name":"elli","@id":"https:\/\/www.meydan.tv\/az\/#\/schema\/person\/9cdbecf90d17180ce1dfbd95b08dcf47"},"headline":"Yetirm\u0259l\u0259r","datePublished":"2023-08-05T10:51:42+00:00","dateModified":"2023-08-05T10:58:05+00:00","mainEntityOfPage":{"@id":"https:\/\/www.meydan.tv\/az\/article\/yetirmeler\/"},"wordCount":1710,"publisher":{"@id":"https:\/\/www.meydan.tv\/az\/#organization"},"image":{"@id":"https:\/\/www.meydan.tv\/az\/article\/yetirmeler\/#primaryimage"},"thumbnailUrl":"https:\/\/www.meydan.tv\/wp-content\/uploads\/05_1-e1691232690818.jpg","articleSection":["M\u0259nim Fikrimc\u0259","T\u00f6vsiy\u0259"],"inLanguage":"az"},{"@type":"WebPage","@id":"https:\/\/www.meydan.tv\/az\/article\/yetirmeler\/","url":"https:\/\/www.meydan.tv\/az\/article\/yetirmeler\/","name":"Yetirm\u0259l\u0259r - MEYDAN.TV","isPartOf":{"@id":"https:\/\/www.meydan.tv\/az\/#website"},"primaryImageOfPage":{"@id":"https:\/\/www.meydan.tv\/az\/article\/yetirmeler\/#primaryimage"},"image":{"@id":"https:\/\/www.meydan.tv\/az\/article\/yetirmeler\/#primaryimage"},"thumbnailUrl":"https:\/\/www.meydan.tv\/wp-content\/uploads\/05_1-e1691232690818.jpg","datePublished":"2023-08-05T10:51:42+00:00","dateModified":"2023-08-05T10:58:05+00:00","breadcrumb":{"@id":"https:\/\/www.meydan.tv\/az\/article\/yetirmeler\/#breadcrumb"},"inLanguage":"az","potentialAction":[{"@type":"ReadAction","target":["https:\/\/www.meydan.tv\/az\/article\/yetirmeler\/"]}]},{"@type":"ImageObject","inLanguage":"az","@id":"https:\/\/www.meydan.tv\/az\/article\/yetirmeler\/#primaryimage","url":"https:\/\/www.meydan.tv\/wp-content\/uploads\/05_1-e1691232690818.jpg","contentUrl":"https:\/\/www.meydan.tv\/wp-content\/uploads\/05_1-e1691232690818.jpg","width":1200,"height":537,"caption":"Heyd\u0259r \u018fliyev"},{"@type":"BreadcrumbList","@id":"https:\/\/www.meydan.tv\/az\/article\/yetirmeler\/#breadcrumb","itemListElement":[{"@type":"ListItem","position":1,"name":"Ana s\u0259hif\u0259","item":"https:\/\/www.meydan.tv\/az\/"},{"@type":"ListItem","position":2,"name":"M\u0259nim Fikrimc\u0259","item":"https:\/\/www.meydan.tv\/az\/section\/menim-fikrimce\/"},{"@type":"ListItem","position":3,"name":"Yetirm\u0259l\u0259r"}]},{"@type":"WebSite","@id":"https:\/\/www.meydan.tv\/az\/#website","url":"https:\/\/www.meydan.tv\/az\/","name":"MEYDAN.TV","description":"Meydan TV Az\u0259rbaycan\u0131n media m\u0259kan\u0131ndak\u0131 alternativ s\u0259sidir","publisher":{"@id":"https:\/\/www.meydan.tv\/az\/#organization"},"potentialAction":[{"@type":"SearchAction","target":{"@type":"EntryPoint","urlTemplate":"https:\/\/www.meydan.tv\/az\/?s={search_term_string}"},"query-input":{"@type":"PropertyValueSpecification","valueRequired":true,"valueName":"search_term_string"}}],"inLanguage":"az"},{"@type":"Organization","@id":"https:\/\/www.meydan.tv\/az\/#organization","name":"Meydan TV","url":"https:\/\/www.meydan.tv\/az\/","logo":{"@type":"ImageObject","inLanguage":"az","@id":"https:\/\/www.meydan.tv\/az\/#\/schema\/logo\/image\/","url":"https:\/\/www.meydan.tv\/wp-content\/uploads\/2021\/07\/meydan-logo.svg","contentUrl":"https:\/\/www.meydan.tv\/wp-content\/uploads\/2021\/07\/meydan-logo.svg","width":195,"height":46,"caption":"Meydan TV"},"image":{"@id":"https:\/\/www.meydan.tv\/az\/#\/schema\/logo\/image\/"}},{"@type":"Person","@id":"https:\/\/www.meydan.tv\/az\/#\/schema\/person\/9cdbecf90d17180ce1dfbd95b08dcf47","name":"elli","sameAs":["https:\/\/x.com\/elli"]}]}},"_links":{"self":[{"href":"https:\/\/www.meydan.tv\/az\/wp-json\/wp\/v2\/posts\/281591","targetHints":{"allow":["GET"]}}],"collection":[{"href":"https:\/\/www.meydan.tv\/az\/wp-json\/wp\/v2\/posts"}],"about":[{"href":"https:\/\/www.meydan.tv\/az\/wp-json\/wp\/v2\/types\/post"}],"author":[{"embeddable":true,"href":"https:\/\/www.meydan.tv\/az\/wp-json\/wp\/v2\/users\/8"}],"replies":[{"embeddable":true,"href":"https:\/\/www.meydan.tv\/az\/wp-json\/wp\/v2\/comments?post=281591"}],"version-history":[{"count":3,"href":"https:\/\/www.meydan.tv\/az\/wp-json\/wp\/v2\/posts\/281591\/revisions"}],"predecessor-version":[{"id":281594,"href":"https:\/\/www.meydan.tv\/az\/wp-json\/wp\/v2\/posts\/281591\/revisions\/281594"}],"wp:featuredmedia":[{"embeddable":true,"href":"https:\/\/www.meydan.tv\/az\/wp-json\/wp\/v2\/media\/281588"}],"wp:attachment":[{"href":"https:\/\/www.meydan.tv\/az\/wp-json\/wp\/v2\/media?parent=281591"}],"wp:term":[{"taxonomy":"category","embeddable":true,"href":"https:\/\/www.meydan.tv\/az\/wp-json\/wp\/v2\/categories?post=281591"},{"taxonomy":"post_tag","embeddable":true,"href":"https:\/\/www.meydan.tv\/az\/wp-json\/wp\/v2\/tags?post=281591"}],"curies":[{"name":"wp","href":"https:\/\/api.w.org\/{rel}","templated":true}]}}