{"id":281474,"date":"2023-08-04T12:15:10","date_gmt":"2023-08-04T08:15:10","guid":{"rendered":"https:\/\/www.meydan.tv\/?p=281474"},"modified":"2023-08-04T12:15:14","modified_gmt":"2023-08-04T08:15:14","slug":"moskva-baki-ve-yerevanin-sulh-sazisine-hazir-olmadigini-deyir","status":"publish","type":"post","link":"https:\/\/www.meydan.tv\/az\/article\/moskva-baki-ve-yerevanin-sulh-sazisine-hazir-olmadigini-deyir\/","title":{"rendered":"Moskva Bak\u0131 v\u0259 Yerevan\u0131n s\u00fclh sazi\u015fin\u0259 haz\u0131r olmad\u0131\u011f\u0131n\u0131 deyir"},"content":{"rendered":"\n<p><\/p>\n\n\n\n<p><strong><em>Denis Qon\u00e7ar: &#8220;H\u0259llini g\u00f6zl\u0259y\u0259n \u00e7\u0259tin m\u0259s\u0259l\u0259l\u0259r var&#8221;<\/em><\/strong><\/p>\n\n\n\n<p>Rusiya Az\u0259rbaycan v\u0259 Erm\u0259nistan\u0131n he\u00e7 bir \u015f\u0259rtl\u0259 s\u00fclh m\u00fcqavil\u0259si ba\u011flama\u011fa haz\u0131r olmad\u0131\u011f\u0131n\u0131 deyir.<\/p>\n\n\n\n<p>Bu bar\u0259d\u0259 avqustun 4-d\u0259 Rusiya Xarici \u0130\u015fl\u0259r Nazirliyinin MDB \u00f6lk\u0259l\u0259ri \u00fczr\u0259 d\u00f6rd\u00fcnc\u00fc departamentinin direktoru Denis Qon\u00e7ar S\u0130TA-ya m\u00fcsahib\u0259sind\u0259 <a href=\"https:\/\/tass.ru\/politika\/18442903\" target=\"_blank\" rel=\"noreferrer noopener\">bildirib<\/a>.<\/p>\n\n\n\n<p>Denis Qon\u00e7ar h\u0259l\u0259 h\u0259llini g\u00f6zl\u0259y\u0259n \u00e7\u0259tin m\u0259s\u0259l\u0259l\u0259rin oldu\u011funu vur\u011fulay\u0131b.<\/p>\n\n\n\n<p>&#8220;<strong>Bu \u00f6lk\u0259l\u0259r aras\u0131nda s\u00fclh\u00fcn b\u0259rq\u0259rar olmas\u0131na hans\u0131 probleml\u0259r mane olur?&#8221;<\/strong> sual\u0131na Qon\u00e7ar bel\u0259 cavab verib:<\/p>\n\n\n\n<p><em>&#8220;Bak\u0131 v\u0259 Yerevandan m\u00fcmk\u00fcn q\u0259d\u0259r tez s\u00fclh\u0259 nail olmaq \u00f6hd\u0259liyi il\u0259 ba\u011fl\u0131 siqnallar o dem\u0259k deyil ki, t\u0259r\u0259fl\u0259r ist\u0259nil\u0259n \u015f\u0259rtl\u0259rl\u0259 raz\u0131la\u015fma\u011fa haz\u0131rd\u0131r. Biz h\u0259l\u0259 d\u0259 bir s\u0131ra \u00e7\u0259tin m\u00f6vzular \u00fczr\u0259 h\u0259ll yollar\u0131n\u0131 tapmal\u0131y\u0131q&#8221;.<\/em><\/p>\n\n\n\n<p>Diplomat\u0131n s\u00f6zl\u0259rin\u0259 g\u00f6r\u0259, probleml\u0259rd\u0259n \u0259n m\u00fch\u00fcm\u00fc Az\u0259rbaycan\u0131n h\u00fcquq sistemind\u0259 Da\u011fl\u0131q Qaraba\u011f\u0131n erm\u0259ni \u0259halisinin t\u0259hl\u00fck\u0259sizliyinin t\u0259min edilm\u0259si v\u0259 ham\u0131 t\u0259r\u0259find\u0259n tan\u0131nm\u0131\u015f h\u00fcquqlar\u0131na riay\u0259t olunmas\u0131d\u0131r:<\/p>\n\n\n\n<p><em>\u201cT\u0259r\u0259fl\u0259r qar\u015f\u0131l\u0131ql\u0131 olaraq 1991-ci il Alma-Ata B\u0259yannam\u0259sinin effektivliyini t\u0259sdiq edib. S\u00fclh sazi\u015finin h\u0259yata ke\u00e7irilm\u0259si \u00fc\u00e7\u00fcn el\u0259 bir beyn\u0259lxalq d\u0259st\u0259k mexanizmi t\u0259l\u0259b olunur ki, Erm\u0259nistanla Az\u0259rbaycan\u0131n suverenliyini v\u0259 siyasi m\u00fcst\u0259qilliyini \u015f\u00fcbh\u0259 alt\u0131na almas\u0131n\u201d.<\/em><\/p>\n\n\n\n<p>O vur\u011fulay\u0131b ki, Rusiya s\u00fclh m\u00fcqavil\u0259sinin haz\u0131rlanmas\u0131nda t\u0259r\u0259fl\u0259r\u0259 f\u0259al \u015f\u0259kild\u0259 k\u00f6m\u0259k edir:<\/p>\n\n\n<div class=\"wp-block-image\">\n<figure class=\"aligncenter size-full\"><img decoding=\"async\" width=\"1200\" height=\"800\" data-src=\"https:\/\/www.meydan.tv\/wp-content\/uploads\/6321998dcd1696321998dcd16a16631463816321998dcd1676321998dcd168.jpg\" alt=\"\" class=\"wp-image-255796 lazyload\" src=\"data:image\/svg+xml;base64,PHN2ZyB3aWR0aD0iMSIgaGVpZ2h0PSIxIiB4bWxucz0iaHR0cDovL3d3dy53My5vcmcvMjAwMC9zdmciPjwvc3ZnPg==\" style=\"--smush-placeholder-width: 1200px; --smush-placeholder-aspect-ratio: 1200\/800;\" \/><figcaption class=\"wp-element-caption\">Denis Qon\u00e7ar. M\u0259nb\u0259: mid.ru<\/figcaption><\/figure>\n<\/div>\n\n\n<p><em>&#8220;Erm\u0259nistan-Az\u0259rbaycan s\u00fclh m\u00fcqavil\u0259sinin haz\u0131rlanmas\u0131 Rusiya Prezidenti Vladimir Putin, Az\u0259rbaycan Prezidenti \u0130lham \u018fliyev v\u0259 Erm\u0259nistan\u0131n Ba\u015f naziri Nikol Pa\u015finyan aras\u0131nda \u00fc\u00e7t\u0259r\u0259fli sazi\u015fl\u0259rin elementl\u0259rind\u0259n biridir. Rusiya b\u00fct\u00fcn s\u0259viyy\u0259l\u0259rd\u0259 siyasi-diplomatik kanallardan istifad\u0259 ed\u0259r\u0259k bu s\u0259n\u0259din haz\u0131rlanmas\u0131nda Bak\u0131 v\u0259 Yerevana f\u0259al \u015f\u0259kild\u0259 k\u00f6m\u0259k edir: \u00fc\u00e7t\u0259r\u0259fli sammitl\u0259r h\u0259r il ke\u00e7irilir, xarici i\u015fl\u0259r nazirl\u0259ri m\u00fcnt\u0259z\u0259m olaraq g\u00f6r\u00fc\u015f\u00fcrl\u0259r&#8221;.<\/em><\/p>\n\n\n\n<p>Az\u0259rbaycan\u0131n sabiq xarici i\u015fl\u0259r naziri Tofiq Z\u00fclf\u00fcqarov Denis Qon\u00e7ar\u0131n s\u00f6yl\u0259dikl\u0259rini Meydan TV-y\u0259 \u015f\u0259rh ed\u0259rk\u0259n Rusiyan\u0131n postsovet m\u0259kan\u0131nda real imkanlar\u0131n\u0131n m\u0259hdud oldu\u011funu bildirib:<\/p>\n\n\n\n<p><em>&#8220;Moskva, sad\u0259c\u0259, ya Yerevan\u0131n, yaxud da Bak\u0131n\u0131n xeyrin\u0259 olan b\u0259yanatlarla \u00f6z m\u00f6vqeyini g\u00fcnd\u0259md\u0259 saxlamaq ist\u0259yir. Ona g\u00f6r\u0259 d\u0259 bel\u0259 b\u0259yanatlara \u00e7ox da \u00f6n\u0259m verm\u0259k laz\u0131m deyil. \u00c7\u00fcnki Qon\u00e7ar\u0131n n\u0259 dem\u0259k ist\u0259diyini ba\u015fa d\u00fc\u015f\u00fcr\u00fck v\u0259 Moskvan\u0131n bu m\u0259s\u0259l\u0259d\u0259 hans\u0131sa rolunu g\u00f6rm\u00fcr\u00fck. H\u0259l\u0259 2 il \u0259vv\u0259l Az\u0259rbaycan d\u00f6vl\u0259t ba\u015f\u00e7\u0131s\u0131 Rusiya Prezidenti il\u0259 g\u00f6r\u00fc\u015fd\u0259 birm\u0259nal\u0131 \u015f\u0259kild\u0259 b\u0259yan etdi ki, bu m\u0259s\u0259l\u0259 art\u0131q bitib v\u0259 daxili m\u0259s\u0259l\u0259mizdir. Y\u0259ni o dem\u0259kdir ki, kimins\u0259 r\u0259yini v\u0259 m\u00fcdaxil\u0259sini g\u00f6zl\u0259mirik&#8221;.<\/em><\/p>\n\n\n<div class=\"wp-block-image\">\n<figure class=\"aligncenter size-large\"><img decoding=\"async\" width=\"1200\" height=\"800\" data-src=\"https:\/\/www.meydan.tv\/wp-content\/uploads\/tofiq_zulfiqar_8-1200x800.jpg\" alt=\"Az\u0259rbaycan\u0131n ke\u00e7mi\u015f xarici i\u015fl\u0259r naziri Tofiq Z\u00fclf\u00fcqarov\" class=\"wp-image-130711 lazyload\" src=\"data:image\/svg+xml;base64,PHN2ZyB3aWR0aD0iMSIgaGVpZ2h0PSIxIiB4bWxucz0iaHR0cDovL3d3dy53My5vcmcvMjAwMC9zdmciPjwvc3ZnPg==\" style=\"--smush-placeholder-width: 1200px; --smush-placeholder-aspect-ratio: 1200\/800;\" \/><figcaption class=\"wp-element-caption\">Tofiq Z\u00fclf\u00fcqarov, Foto: Axar.az<\/figcaption><\/figure>\n<\/div>\n\n\n<p>Erm\u0259nistan\u0131n Ba\u015f naziri Nikol Pa\u015finyan avqustun 2-d\u0259 \u201cEuronews\u201d televiziyas\u0131na m\u00fcsahib\u0259sind\u0259 demi\u015fdi ki, s\u00fclh \u00fc\u00e7\u00fcn ard\u0131c\u0131l i\u015fl\u0259m\u0259k laz\u0131md\u0131r:<\/p>\n\n\n\n<p>&#8220;<em>He\u00e7 kim s\u00fclh\u0259 nail olma\u011f\u0131n asan olaca\u011f\u0131na s\u00f6z verm\u0259di. \u018fg\u0259r asan olsayd\u0131, s\u00fclh \u00e7oxdan b\u0259rq\u0259rar olard\u0131\u201d.<\/em><\/p>\n\n\n\n<p>El\u0259 h\u0259min tarixd\u0259 \u201cEuronews\u201da m\u00fcsahib\u0259sind\u0259 Az\u0259rbaycan Prezidenti \u0130lham \u018fliyev Erm\u0259nistandak\u0131 erm\u0259nil\u0259r\u0259: <em>&#8220;Biz onlar\u0131n d\u00f6vl\u0259ti il\u0259 s\u00fclh ist\u0259yirik, bizim Erm\u0259nistana qar\u015f\u0131 \u0259razi iddialar\u0131m\u0131z yoxdur&#8221;, <\/em>&#8211; dey\u0259 mesaj\u0131n\u0131 <a href=\"https:\/\/storage.googleapis.com\/qurium\/www.meydan.tv\/az-article-nikol-pasinyan-eger-asan-olsaydi-sulh-coxdan-berqerar-olardi.html\" target=\"_blank\" rel=\"noreferrer noopener\">vermi\u015fdi<\/a>.<\/p>\n\n\n\n<p><strong>M\u00fcnaqi\u015f\u0259nin q\u0131sa xronikas\u0131<\/strong><\/p>\n\n\n\n<p>Az\u0259rbaycan v\u0259 Erm\u0259nistan aras\u0131nda olan Qaraba\u011f m\u00fcnaqi\u015f\u0259sinin ilkin m\u0259rh\u0259l\u0259si 1988-ci ild\u0259 ba\u015flay\u0131b.<\/p>\n\n\n\n<p>Erm\u0259nistan\u0131n Az\u0259rbaycana \u0259razi iddialar\u0131 il\u0259 ba\u015flayan v\u0259 1994-c\u00fc ild\u0259 imzalanan at\u0259\u015fk\u0259s raz\u0131la\u015fmas\u0131 il\u0259 bit\u0259n Birinci Qaraba\u011f m\u00fcharib\u0259si zaman\u0131 Az\u0259rbaycan\u0131n Da\u011fl\u0131q Qaraba\u011f b\u00f6lg\u0259si v\u0259 ona biti\u015fik 7 rayonu i\u015f\u011fal edilib.<\/p>\n\n\n\n<p>2020-ci ilin sentyabr\u0131nda Az\u0259rbaycan v\u0259 Erm\u0259nistan silahl\u0131 q\u00fcvv\u0259l\u0259ri aras\u0131nda ba\u015f vermi\u015f 44 g\u00fcnl\u00fck \u0130kinci Qaraba\u011f m\u00fcharib\u0259si n\u0259tic\u0259sind\u0259 is\u0259 Az\u0259rbaycan Qaraba\u011f\u0131n bir hiss\u0259sin\u0259 v\u0259 \u0259traf 7 rayona n\u0259zar\u0259ti b\u0259rpa edib.<\/p>\n\n\n\n<p>Az\u0259rbaycan, Erm\u0259nistan v\u0259 Rusiya r\u0259hb\u0259rliyinin imzalad\u0131\u011f\u0131 \u00fc\u00e7t\u0259r\u0259fli birg\u0259 b\u0259yanatla d\u00f6y\u00fc\u015fl\u0259r dayand\u0131r\u0131landan sonra La\u00e7\u0131n d\u0259hlizind\u0259 v\u0259 Qaraba\u011fdak\u0131 t\u0259mas x\u0259ttind\u0259 Rusiya s\u00fclhm\u0259raml\u0131lar\u0131 yerl\u0259\u015fdirilib.<\/p>\n\n\n\n<p>Haz\u0131rk\u0131 m\u0259rh\u0259l\u0259d\u0259 \u0259razid\u0259 tez-tez at\u0259\u015fk\u0259s pozulur, h\u0259tta g\u00fcnl\u0259rl\u0259 s\u00fcr\u0259n d\u00f6y\u00fc\u015fl\u0259r ba\u015f verir.<\/p>\n\n\n\n<p>N\u0259tic\u0259d\u0259 h\u0259r iki t\u0259r\u0259f itki verir v\u0259 buna g\u00f6r\u0259 bir-birl\u0259rini g\u00fcnahland\u0131r\u0131rlar.<\/p>\n","protected":false},"excerpt":{"rendered":"<p>Denis Qon\u00e7ar: &#8220;H\u0259llini g\u00f6zl\u0259y\u0259n \u00e7\u0259tin m\u0259s\u0259l\u0259l\u0259r var&#8221; Rusiya Az\u0259rbaycan v\u0259 &#8230; <\/p>\n<p class=\"read-more-container\"><a title=\"Moskva Bak\u0131 v\u0259 Yerevan\u0131n s\u00fclh sazi\u015fin\u0259 haz\u0131r olmad\u0131\u011f\u0131n\u0131 deyir\" class=\"read-more button\" href=\"https:\/\/www.meydan.tv\/az\/article\/moskva-baki-ve-yerevanin-sulh-sazisine-hazir-olmadigini-deyir\/#more-281474\" aria-label=\"Read more about Moskva Bak\u0131 v\u0259 Yerevan\u0131n s\u00fclh sazi\u015fin\u0259 haz\u0131r olmad\u0131\u011f\u0131n\u0131 deyir\">Davam\u0131<\/a><\/p>\n","protected":false},"author":8,"featured_media":255517,"comment_status":"closed","ping_status":"closed","sticky":false,"template":"","format":"standard","meta":{"_acf_changed":false,"_sitemap_exclude":false,"_sitemap_priority":"","_sitemap_frequency":"","footnotes":""},"categories":[59,79,56],"tags":[],"class_list":["post-281474","post","type-post","status-publish","format-standard","has-post-thumbnail","hentry","category-siyaset","category-featured","category-xeberler","infinite-scroll-item","generate-columns","tablet-grid-50","mobile-grid-100","grid-parent","grid-33","no-featured-image-padding"],"acf":[],"yoast_head":"<!-- This site is optimized with the Yoast SEO plugin v27.4 - https:\/\/yoast.com\/product\/yoast-seo-wordpress\/ -->\n<title>Moskva Bak\u0131 v\u0259 Yerevan\u0131n s\u00fclh sazi\u015fin\u0259 haz\u0131r olmad\u0131\u011f\u0131n\u0131 deyir - MEYDAN.TV<\/title>\n<meta name=\"robots\" content=\"index, follow, max-snippet:-1, max-image-preview:large, max-video-preview:-1\" \/>\n<link rel=\"canonical\" href=\"https:\/\/www.meydan.tv\/az\/article\/moskva-baki-ve-yerevanin-sulh-sazisine-hazir-olmadigini-deyir\/\" \/>\n<meta property=\"og:locale\" content=\"az_AZ\" \/>\n<meta property=\"og:type\" content=\"article\" \/>\n<meta property=\"og:title\" content=\"Moskva Bak\u0131 v\u0259 Yerevan\u0131n s\u00fclh sazi\u015fin\u0259 haz\u0131r olmad\u0131\u011f\u0131n\u0131 deyir - MEYDAN.TV\" \/>\n<meta property=\"og:description\" content=\"Denis Qon\u00e7ar: &#8220;H\u0259llini g\u00f6zl\u0259y\u0259n \u00e7\u0259tin m\u0259s\u0259l\u0259l\u0259r var&#8221; Rusiya Az\u0259rbaycan v\u0259 ... Davam\u0131\" \/>\n<meta property=\"og:url\" content=\"https:\/\/www.meydan.tv\/az\/article\/moskva-baki-ve-yerevanin-sulh-sazisine-hazir-olmadigini-deyir\/\" \/>\n<meta property=\"og:site_name\" content=\"MEYDAN.TV\" \/>\n<meta property=\"article:published_time\" content=\"2023-08-04T08:15:10+00:00\" \/>\n<meta property=\"article:modified_time\" content=\"2023-08-04T08:15:14+00:00\" \/>\n<meta property=\"og:image\" content=\"https:\/\/www.meydan.tv\/wp-content\/uploads\/shutterstock_1833460597.jpg\" \/>\n\t<meta property=\"og:image:width\" content=\"1200\" \/>\n\t<meta property=\"og:image:height\" content=\"675\" \/>\n\t<meta property=\"og:image:type\" content=\"image\/jpeg\" \/>\n<meta name=\"author\" content=\"elli\" \/>\n<meta name=\"twitter:card\" content=\"summary_large_image\" \/>\n<meta name=\"twitter:creator\" content=\"@elli\" \/>\n<script type=\"application\/ld+json\" class=\"yoast-schema-graph\">{\"@context\":\"https:\\\/\\\/schema.org\",\"@graph\":[{\"@type\":\"Article\",\"@id\":\"https:\\\/\\\/www.meydan.tv\\\/az\\\/article\\\/moskva-baki-ve-yerevanin-sulh-sazisine-hazir-olmadigini-deyir\\\/#article\",\"isPartOf\":{\"@id\":\"https:\\\/\\\/www.meydan.tv\\\/az\\\/article\\\/moskva-baki-ve-yerevanin-sulh-sazisine-hazir-olmadigini-deyir\\\/\"},\"author\":{\"name\":\"elli\",\"@id\":\"https:\\\/\\\/www.meydan.tv\\\/az\\\/#\\\/schema\\\/person\\\/9cdbecf90d17180ce1dfbd95b08dcf47\"},\"headline\":\"Moskva Bak\u0131 v\u0259 Yerevan\u0131n s\u00fclh sazi\u015fin\u0259 haz\u0131r olmad\u0131\u011f\u0131n\u0131 deyir\",\"datePublished\":\"2023-08-04T08:15:10+00:00\",\"dateModified\":\"2023-08-04T08:15:14+00:00\",\"mainEntityOfPage\":{\"@id\":\"https:\\\/\\\/www.meydan.tv\\\/az\\\/article\\\/moskva-baki-ve-yerevanin-sulh-sazisine-hazir-olmadigini-deyir\\\/\"},\"wordCount\":910,\"publisher\":{\"@id\":\"https:\\\/\\\/www.meydan.tv\\\/az\\\/#organization\"},\"image\":{\"@id\":\"https:\\\/\\\/www.meydan.tv\\\/az\\\/article\\\/moskva-baki-ve-yerevanin-sulh-sazisine-hazir-olmadigini-deyir\\\/#primaryimage\"},\"thumbnailUrl\":\"https:\\\/\\\/www.meydan.tv\\\/wp-content\\\/uploads\\\/shutterstock_1833460597.jpg\",\"articleSection\":[\"Siyas\u0259t\",\"T\u00f6vsiy\u0259\",\"X\u0259b\u0259rl\u0259r\"],\"inLanguage\":\"az\"},{\"@type\":\"WebPage\",\"@id\":\"https:\\\/\\\/www.meydan.tv\\\/az\\\/article\\\/moskva-baki-ve-yerevanin-sulh-sazisine-hazir-olmadigini-deyir\\\/\",\"url\":\"https:\\\/\\\/www.meydan.tv\\\/az\\\/article\\\/moskva-baki-ve-yerevanin-sulh-sazisine-hazir-olmadigini-deyir\\\/\",\"name\":\"Moskva Bak\u0131 v\u0259 Yerevan\u0131n s\u00fclh sazi\u015fin\u0259 haz\u0131r olmad\u0131\u011f\u0131n\u0131 deyir - MEYDAN.TV\",\"isPartOf\":{\"@id\":\"https:\\\/\\\/www.meydan.tv\\\/az\\\/#website\"},\"primaryImageOfPage\":{\"@id\":\"https:\\\/\\\/www.meydan.tv\\\/az\\\/article\\\/moskva-baki-ve-yerevanin-sulh-sazisine-hazir-olmadigini-deyir\\\/#primaryimage\"},\"image\":{\"@id\":\"https:\\\/\\\/www.meydan.tv\\\/az\\\/article\\\/moskva-baki-ve-yerevanin-sulh-sazisine-hazir-olmadigini-deyir\\\/#primaryimage\"},\"thumbnailUrl\":\"https:\\\/\\\/www.meydan.tv\\\/wp-content\\\/uploads\\\/shutterstock_1833460597.jpg\",\"datePublished\":\"2023-08-04T08:15:10+00:00\",\"dateModified\":\"2023-08-04T08:15:14+00:00\",\"breadcrumb\":{\"@id\":\"https:\\\/\\\/www.meydan.tv\\\/az\\\/article\\\/moskva-baki-ve-yerevanin-sulh-sazisine-hazir-olmadigini-deyir\\\/#breadcrumb\"},\"inLanguage\":\"az\",\"potentialAction\":[{\"@type\":\"ReadAction\",\"target\":[\"https:\\\/\\\/www.meydan.tv\\\/az\\\/article\\\/moskva-baki-ve-yerevanin-sulh-sazisine-hazir-olmadigini-deyir\\\/\"]}]},{\"@type\":\"ImageObject\",\"inLanguage\":\"az\",\"@id\":\"https:\\\/\\\/www.meydan.tv\\\/az\\\/article\\\/moskva-baki-ve-yerevanin-sulh-sazisine-hazir-olmadigini-deyir\\\/#primaryimage\",\"url\":\"https:\\\/\\\/www.meydan.tv\\\/wp-content\\\/uploads\\\/shutterstock_1833460597.jpg\",\"contentUrl\":\"https:\\\/\\\/www.meydan.tv\\\/wp-content\\\/uploads\\\/shutterstock_1833460597.jpg\",\"width\":1200,\"height\":675,\"caption\":\"Erm\u0259nistan, Rusiya v\u0259 Az\u0259rbaycan. Foto: Borka Kiss\\\/shutterstock\"},{\"@type\":\"BreadcrumbList\",\"@id\":\"https:\\\/\\\/www.meydan.tv\\\/az\\\/article\\\/moskva-baki-ve-yerevanin-sulh-sazisine-hazir-olmadigini-deyir\\\/#breadcrumb\",\"itemListElement\":[{\"@type\":\"ListItem\",\"position\":1,\"name\":\"Ana s\u0259hif\u0259\",\"item\":\"https:\\\/\\\/www.meydan.tv\\\/az\\\/\"},{\"@type\":\"ListItem\",\"position\":2,\"name\":\"Siyas\u0259t\",\"item\":\"https:\\\/\\\/www.meydan.tv\\\/az\\\/section\\\/siyaset\\\/\"},{\"@type\":\"ListItem\",\"position\":3,\"name\":\"Moskva Bak\u0131 v\u0259 Yerevan\u0131n s\u00fclh sazi\u015fin\u0259 haz\u0131r olmad\u0131\u011f\u0131n\u0131 deyir\"}]},{\"@type\":\"WebSite\",\"@id\":\"https:\\\/\\\/www.meydan.tv\\\/az\\\/#website\",\"url\":\"https:\\\/\\\/www.meydan.tv\\\/az\\\/\",\"name\":\"MEYDAN.TV\",\"description\":\"Meydan TV Az\u0259rbaycan\u0131n media m\u0259kan\u0131ndak\u0131 alternativ s\u0259sidir\",\"publisher\":{\"@id\":\"https:\\\/\\\/www.meydan.tv\\\/az\\\/#organization\"},\"potentialAction\":[{\"@type\":\"SearchAction\",\"target\":{\"@type\":\"EntryPoint\",\"urlTemplate\":\"https:\\\/\\\/www.meydan.tv\\\/az\\\/?s={search_term_string}\"},\"query-input\":{\"@type\":\"PropertyValueSpecification\",\"valueRequired\":true,\"valueName\":\"search_term_string\"}}],\"inLanguage\":\"az\"},{\"@type\":\"Organization\",\"@id\":\"https:\\\/\\\/www.meydan.tv\\\/az\\\/#organization\",\"name\":\"Meydan TV\",\"url\":\"https:\\\/\\\/www.meydan.tv\\\/az\\\/\",\"logo\":{\"@type\":\"ImageObject\",\"inLanguage\":\"az\",\"@id\":\"https:\\\/\\\/www.meydan.tv\\\/az\\\/#\\\/schema\\\/logo\\\/image\\\/\",\"url\":\"https:\\\/\\\/www.meydan.tv\\\/wp-content\\\/uploads\\\/2021\\\/07\\\/meydan-logo.svg\",\"contentUrl\":\"https:\\\/\\\/www.meydan.tv\\\/wp-content\\\/uploads\\\/2021\\\/07\\\/meydan-logo.svg\",\"width\":195,\"height\":46,\"caption\":\"Meydan TV\"},\"image\":{\"@id\":\"https:\\\/\\\/www.meydan.tv\\\/az\\\/#\\\/schema\\\/logo\\\/image\\\/\"}},{\"@type\":\"Person\",\"@id\":\"https:\\\/\\\/www.meydan.tv\\\/az\\\/#\\\/schema\\\/person\\\/9cdbecf90d17180ce1dfbd95b08dcf47\",\"name\":\"elli\",\"sameAs\":[\"https:\\\/\\\/x.com\\\/elli\"]}]}<\/script>\n<!-- \/ Yoast SEO plugin. -->","yoast_head_json":{"title":"Moskva Bak\u0131 v\u0259 Yerevan\u0131n s\u00fclh sazi\u015fin\u0259 haz\u0131r olmad\u0131\u011f\u0131n\u0131 deyir - MEYDAN.TV","robots":{"index":"index","follow":"follow","max-snippet":"max-snippet:-1","max-image-preview":"max-image-preview:large","max-video-preview":"max-video-preview:-1"},"canonical":"https:\/\/www.meydan.tv\/az\/article\/moskva-baki-ve-yerevanin-sulh-sazisine-hazir-olmadigini-deyir\/","og_locale":"az_AZ","og_type":"article","og_title":"Moskva Bak\u0131 v\u0259 Yerevan\u0131n s\u00fclh sazi\u015fin\u0259 haz\u0131r olmad\u0131\u011f\u0131n\u0131 deyir - MEYDAN.TV","og_description":"Denis Qon\u00e7ar: &#8220;H\u0259llini g\u00f6zl\u0259y\u0259n \u00e7\u0259tin m\u0259s\u0259l\u0259l\u0259r var&#8221; Rusiya Az\u0259rbaycan v\u0259 ... Davam\u0131","og_url":"https:\/\/www.meydan.tv\/az\/article\/moskva-baki-ve-yerevanin-sulh-sazisine-hazir-olmadigini-deyir\/","og_site_name":"MEYDAN.TV","article_published_time":"2023-08-04T08:15:10+00:00","article_modified_time":"2023-08-04T08:15:14+00:00","og_image":[{"width":1200,"height":675,"url":"https:\/\/www.meydan.tv\/wp-content\/uploads\/shutterstock_1833460597.jpg","type":"image\/jpeg"}],"author":"elli","twitter_card":"summary_large_image","twitter_creator":"@elli","schema":{"@context":"https:\/\/schema.org","@graph":[{"@type":"Article","@id":"https:\/\/www.meydan.tv\/az\/article\/moskva-baki-ve-yerevanin-sulh-sazisine-hazir-olmadigini-deyir\/#article","isPartOf":{"@id":"https:\/\/www.meydan.tv\/az\/article\/moskva-baki-ve-yerevanin-sulh-sazisine-hazir-olmadigini-deyir\/"},"author":{"name":"elli","@id":"https:\/\/www.meydan.tv\/az\/#\/schema\/person\/9cdbecf90d17180ce1dfbd95b08dcf47"},"headline":"Moskva Bak\u0131 v\u0259 Yerevan\u0131n s\u00fclh sazi\u015fin\u0259 haz\u0131r olmad\u0131\u011f\u0131n\u0131 deyir","datePublished":"2023-08-04T08:15:10+00:00","dateModified":"2023-08-04T08:15:14+00:00","mainEntityOfPage":{"@id":"https:\/\/www.meydan.tv\/az\/article\/moskva-baki-ve-yerevanin-sulh-sazisine-hazir-olmadigini-deyir\/"},"wordCount":910,"publisher":{"@id":"https:\/\/www.meydan.tv\/az\/#organization"},"image":{"@id":"https:\/\/www.meydan.tv\/az\/article\/moskva-baki-ve-yerevanin-sulh-sazisine-hazir-olmadigini-deyir\/#primaryimage"},"thumbnailUrl":"https:\/\/www.meydan.tv\/wp-content\/uploads\/shutterstock_1833460597.jpg","articleSection":["Siyas\u0259t","T\u00f6vsiy\u0259","X\u0259b\u0259rl\u0259r"],"inLanguage":"az"},{"@type":"WebPage","@id":"https:\/\/www.meydan.tv\/az\/article\/moskva-baki-ve-yerevanin-sulh-sazisine-hazir-olmadigini-deyir\/","url":"https:\/\/www.meydan.tv\/az\/article\/moskva-baki-ve-yerevanin-sulh-sazisine-hazir-olmadigini-deyir\/","name":"Moskva Bak\u0131 v\u0259 Yerevan\u0131n s\u00fclh sazi\u015fin\u0259 haz\u0131r olmad\u0131\u011f\u0131n\u0131 deyir - MEYDAN.TV","isPartOf":{"@id":"https:\/\/www.meydan.tv\/az\/#website"},"primaryImageOfPage":{"@id":"https:\/\/www.meydan.tv\/az\/article\/moskva-baki-ve-yerevanin-sulh-sazisine-hazir-olmadigini-deyir\/#primaryimage"},"image":{"@id":"https:\/\/www.meydan.tv\/az\/article\/moskva-baki-ve-yerevanin-sulh-sazisine-hazir-olmadigini-deyir\/#primaryimage"},"thumbnailUrl":"https:\/\/www.meydan.tv\/wp-content\/uploads\/shutterstock_1833460597.jpg","datePublished":"2023-08-04T08:15:10+00:00","dateModified":"2023-08-04T08:15:14+00:00","breadcrumb":{"@id":"https:\/\/www.meydan.tv\/az\/article\/moskva-baki-ve-yerevanin-sulh-sazisine-hazir-olmadigini-deyir\/#breadcrumb"},"inLanguage":"az","potentialAction":[{"@type":"ReadAction","target":["https:\/\/www.meydan.tv\/az\/article\/moskva-baki-ve-yerevanin-sulh-sazisine-hazir-olmadigini-deyir\/"]}]},{"@type":"ImageObject","inLanguage":"az","@id":"https:\/\/www.meydan.tv\/az\/article\/moskva-baki-ve-yerevanin-sulh-sazisine-hazir-olmadigini-deyir\/#primaryimage","url":"https:\/\/www.meydan.tv\/wp-content\/uploads\/shutterstock_1833460597.jpg","contentUrl":"https:\/\/www.meydan.tv\/wp-content\/uploads\/shutterstock_1833460597.jpg","width":1200,"height":675,"caption":"Erm\u0259nistan, Rusiya v\u0259 Az\u0259rbaycan. Foto: Borka Kiss\/shutterstock"},{"@type":"BreadcrumbList","@id":"https:\/\/www.meydan.tv\/az\/article\/moskva-baki-ve-yerevanin-sulh-sazisine-hazir-olmadigini-deyir\/#breadcrumb","itemListElement":[{"@type":"ListItem","position":1,"name":"Ana s\u0259hif\u0259","item":"https:\/\/www.meydan.tv\/az\/"},{"@type":"ListItem","position":2,"name":"Siyas\u0259t","item":"https:\/\/www.meydan.tv\/az\/section\/siyaset\/"},{"@type":"ListItem","position":3,"name":"Moskva Bak\u0131 v\u0259 Yerevan\u0131n s\u00fclh sazi\u015fin\u0259 haz\u0131r olmad\u0131\u011f\u0131n\u0131 deyir"}]},{"@type":"WebSite","@id":"https:\/\/www.meydan.tv\/az\/#website","url":"https:\/\/www.meydan.tv\/az\/","name":"MEYDAN.TV","description":"Meydan TV Az\u0259rbaycan\u0131n media m\u0259kan\u0131ndak\u0131 alternativ s\u0259sidir","publisher":{"@id":"https:\/\/www.meydan.tv\/az\/#organization"},"potentialAction":[{"@type":"SearchAction","target":{"@type":"EntryPoint","urlTemplate":"https:\/\/www.meydan.tv\/az\/?s={search_term_string}"},"query-input":{"@type":"PropertyValueSpecification","valueRequired":true,"valueName":"search_term_string"}}],"inLanguage":"az"},{"@type":"Organization","@id":"https:\/\/www.meydan.tv\/az\/#organization","name":"Meydan TV","url":"https:\/\/www.meydan.tv\/az\/","logo":{"@type":"ImageObject","inLanguage":"az","@id":"https:\/\/www.meydan.tv\/az\/#\/schema\/logo\/image\/","url":"https:\/\/www.meydan.tv\/wp-content\/uploads\/2021\/07\/meydan-logo.svg","contentUrl":"https:\/\/www.meydan.tv\/wp-content\/uploads\/2021\/07\/meydan-logo.svg","width":195,"height":46,"caption":"Meydan TV"},"image":{"@id":"https:\/\/www.meydan.tv\/az\/#\/schema\/logo\/image\/"}},{"@type":"Person","@id":"https:\/\/www.meydan.tv\/az\/#\/schema\/person\/9cdbecf90d17180ce1dfbd95b08dcf47","name":"elli","sameAs":["https:\/\/x.com\/elli"]}]}},"_links":{"self":[{"href":"https:\/\/www.meydan.tv\/az\/wp-json\/wp\/v2\/posts\/281474","targetHints":{"allow":["GET"]}}],"collection":[{"href":"https:\/\/www.meydan.tv\/az\/wp-json\/wp\/v2\/posts"}],"about":[{"href":"https:\/\/www.meydan.tv\/az\/wp-json\/wp\/v2\/types\/post"}],"author":[{"embeddable":true,"href":"https:\/\/www.meydan.tv\/az\/wp-json\/wp\/v2\/users\/8"}],"replies":[{"embeddable":true,"href":"https:\/\/www.meydan.tv\/az\/wp-json\/wp\/v2\/comments?post=281474"}],"version-history":[{"count":3,"href":"https:\/\/www.meydan.tv\/az\/wp-json\/wp\/v2\/posts\/281474\/revisions"}],"predecessor-version":[{"id":281479,"href":"https:\/\/www.meydan.tv\/az\/wp-json\/wp\/v2\/posts\/281474\/revisions\/281479"}],"wp:featuredmedia":[{"embeddable":true,"href":"https:\/\/www.meydan.tv\/az\/wp-json\/wp\/v2\/media\/255517"}],"wp:attachment":[{"href":"https:\/\/www.meydan.tv\/az\/wp-json\/wp\/v2\/media?parent=281474"}],"wp:term":[{"taxonomy":"category","embeddable":true,"href":"https:\/\/www.meydan.tv\/az\/wp-json\/wp\/v2\/categories?post=281474"},{"taxonomy":"post_tag","embeddable":true,"href":"https:\/\/www.meydan.tv\/az\/wp-json\/wp\/v2\/tags?post=281474"}],"curies":[{"name":"wp","href":"https:\/\/api.w.org\/{rel}","templated":true}]}}