{"id":281345,"date":"2023-08-02T17:41:30","date_gmt":"2023-08-02T13:41:30","guid":{"rendered":"https:\/\/www.meydan.tv\/?p=281345"},"modified":"2023-08-02T17:52:30","modified_gmt":"2023-08-02T13:52:30","slug":"afieddin-memmedova-30-sutka-hebs-cezasi-verildiyi-bildirilir","status":"publish","type":"post","link":"https:\/\/www.meydan.tv\/az\/article\/afieddin-memmedova-30-sutka-hebs-cezasi-verildiyi-bildirilir\/","title":{"rendered":"Afi\u0259ddin M\u0259mm\u0259dova 30 sutka h\u0259bs c\u0259zas\u0131 verildiyi bildirilir"},"content":{"rendered":"\n<p><\/p>\n\n\n\n<p><strong><em>O, m\u0259hk\u0259m\u0259 qar\u015f\u0131s\u0131na \u00f6z v\u0259kili olmadan \u00e7\u0131xar\u0131l\u0131b<\/em><\/strong><\/p>\n\n\n\n<p>\u0130\u015f\u00e7i Masas\u0131 H\u0259mkarlar \u0130ttifaqlar\u0131 Konfederasiyas\u0131n\u0131n s\u0259dri, avqustun 1-d\u0259 saxlan\u0131lan Afi\u0259ddin M\u0259mm\u0259dova 30 sutka inzibati h\u0259bs c\u0259zas\u0131 verilib. Meydan TV-nin \u0259ld\u0259 etdiyi m\u0259lumata g\u00f6r\u0259, onun haqq\u0131nda X\u0259tai Rayon M\u0259hk\u0259m\u0259sinin hakimi R\u0259fail Sad\u0131xov bu bar\u0259d\u0259 q\u0259rar \u00e7\u0131xar\u0131b. O, \u0130nzibati X\u0259talar M\u0259c\u0259ll\u0259sinin 528.1-ci (M\u0259hk\u0259m\u0259 v\u0259 dig\u0259r orqanlar\u0131n q\u0259rarlar\u0131n\u0131n icras\u0131 il\u0259 \u0259laq\u0259dar icra m\u0259murunun t\u0259l\u0259bl\u0259rinin yerin\u0259 yetirilm\u0259m\u0259si) madd\u0259sil\u0259 c\u0259zaland\u0131r\u0131l\u0131b.<\/p>\n\n\n\n<p>Afi\u0259ddin M\u0259mm\u0259dovun \u00fczv oldu\u011fu \u201cDemokratiya-1918\u201d H\u0259r\u0259kat\u0131n\u0131n s\u0259dri \u018fhm\u0259d M\u0259mm\u0259dli bildirib ki, ictimai f\u0259al\u0131n m\u0259hk\u0259m\u0259d\u0259 m\u00fcdafi\u0259 h\u00fcququ da pozulub. O, m\u0259hk\u0259m\u0259 qar\u015f\u0131s\u0131na \u00f6z v\u0259kili olmadan \u00e7\u0131xar\u0131l\u0131b:<\/p>\n\n\n\n<p>\u201c<em>M\u0259hk\u0259m\u0259nin katibi deyir ki, \u201ch\u0259l\u0259 m\u0259hk\u0259m\u0259 ke\u00e7irilm\u0259yib, q\u0259rar verilm\u0259yib\u201d, amma bu biri t\u0259r\u0259fd\u0259 Daxili \u0130\u015fl\u0259r Nazirliyi ona 30 sutka h\u0259bs c\u0259zas\u0131 verilm\u0259si bar\u0259d\u0259 m\u0259lumat yay\u0131r. \u018fvv\u0259l he\u00e7 olmasa, saxta m\u0259hk\u0259m\u0259 qurulurdu, indi ona da ehtiyac duyulmur\u201d.<\/em><\/p>\n\n\n\n<p>Afi\u0259ddin M\u0259mm\u0259dov avqustun 1-d\u0259 ax\u015fam saatlar\u0131nda ev\u0259 ged\u0259rk\u0259n onu m\u00fclki geyimli \u015f\u0259xsl\u0259rin saxlay\u0131b, zorla ma\u015f\u0131na mindirdiyi bildirilir. Sonradan h\u0259min \u015f\u0259xsl\u0259rin Bak\u0131 \u015e\u0259h\u0259r Ba\u015f Polis \u0130dar\u0259sinin \u0259m\u0259kda\u015flar\u0131 oldu\u011fu m\u00fc\u0259yy\u0259nl\u0259\u015fdirilib.<\/p>\n\n\n\n<p>Avqustun 1-d\u0259 bir qrup moped s\u00fcr\u0259n kuryer polisl\u0259rin onlar\u0131n n\u0259qliyyat vasit\u0259l\u0259rini c\u0259rim\u0259 meydan\u00e7as\u0131na aparmas\u0131na etiraz edib. Afi\u0259ddin M\u0259mm\u0259dovun h\u0259min aksiya zaman\u0131 izl\u0259nildiyi, daha sonra ev\u0259 ged\u0259rk\u0259n saxlan\u0131ld\u0131\u011f\u0131 bildirilir.<\/p>\n\n\n\n<p>Avqustun 1-d\u0259 \u0130\u015f\u00e7i Masas\u0131 H\u0259mkarlar \u0130ttifaqlar\u0131 Konfederasiyas\u0131 (H\u0130K) v\u0259 Kuryer Birliyi H\u0259mkarlar \u0130ttifaq\u0131 yeni q\u00fcvv\u0259y\u0259 minmi\u015f qanunla ba\u011fl\u0131 b\u0259yanat yay\u0131b. B\u0259yanatda deyilir ki, motosikl s\u00fcr\u00fcc\u00fcl\u0259rinin qeydiyyat ni\u015fan\u0131 almas\u0131 \u00fc\u00e7\u00fcn g\u00f6mr\u00fck b\u0259yannam\u0259si laz\u0131md\u0131r. Lakin motosikllar\u0131n sat\u0131ld\u0131\u011f\u0131 yerl\u0259r bundan \u00f6tr\u00fc laz\u0131m olan s\u0259n\u0259di vermirl\u0259r:<em> \u201c\u00d6lk\u0259d\u0259 ba\u015f ver\u0259n korrupsiya \u00f6z\u00fcn\u00fc bu sah\u0259d\u0259 d\u0259 g\u00f6st\u0259rir&#8230;\u201d<\/em><\/p>\n\n\n\n<p>\u0130ctimai f\u0259al Afi\u0259ddin M\u0259mm\u0259dov bundan \u0259vv\u0259l d\u0259 polis\u0259 m\u00fcqavim\u0259t ittiham\u0131yla bir ne\u00e7\u0259 d\u0259f\u0259 h\u0259bs olunub. Lakin o, bu ittihamlar\u0131n saxta oldu\u011funu, ictimai f\u0259aliyy\u0259tin\u0259 g\u00f6r\u0259 c\u0259zaland\u0131r\u0131ld\u0131\u011f\u0131n\u0131 bildirib. Bu h\u0259bsl\u0259rin birind\u0259 ictimai f\u0259al bildirmi\u015fdi ki, Bak\u0131 \u015f\u0259h\u0259r Ba\u015f Polis \u0130dar\u0259sind\u0259 ondan telefonuna daxil olmaq \u00fc\u00e7\u00fcn parolu verm\u0259yi t\u0259l\u0259b edibl\u0259r. O is\u0259 verm\u0259kd\u0259n imtina edib. Buna g\u00f6r\u0259 orada i\u015fg\u0259nc\u0259y\u0259 m\u0259ruz qal\u0131b.<\/p>\n\n\n\n<p><\/p>\n","protected":false},"excerpt":{"rendered":"<p>O, m\u0259hk\u0259m\u0259 qar\u015f\u0131s\u0131na \u00f6z v\u0259kili olmadan \u00e7\u0131xar\u0131l\u0131b \u0130\u015f\u00e7i Masas\u0131 H\u0259mkarlar &#8230; <\/p>\n<p class=\"read-more-container\"><a title=\"Afi\u0259ddin M\u0259mm\u0259dova 30 sutka h\u0259bs c\u0259zas\u0131 verildiyi bildirilir\" class=\"read-more button\" href=\"https:\/\/www.meydan.tv\/az\/article\/afieddin-memmedova-30-sutka-hebs-cezasi-verildiyi-bildirilir\/#more-281345\" aria-label=\"Read more about Afi\u0259ddin M\u0259mm\u0259dova 30 sutka h\u0259bs c\u0259zas\u0131 verildiyi bildirilir\">Davam\u0131<\/a><\/p>\n","protected":false},"author":8,"featured_media":281346,"comment_status":"closed","ping_status":"closed","sticky":false,"template":"","format":"standard","meta":{"_acf_changed":false,"_sitemap_exclude":false,"_sitemap_priority":"","_sitemap_frequency":"","footnotes":""},"categories":[59,79,56],"tags":[],"class_list":["post-281345","post","type-post","status-publish","format-standard","has-post-thumbnail","hentry","category-siyaset","category-featured","category-xeberler","infinite-scroll-item","generate-columns","tablet-grid-50","mobile-grid-100","grid-parent","grid-33","no-featured-image-padding"],"acf":[],"yoast_head":"<!-- This site is optimized with the Yoast SEO plugin v27.4 - https:\/\/yoast.com\/product\/yoast-seo-wordpress\/ -->\n<title>Afi\u0259ddin M\u0259mm\u0259dova 30 sutka h\u0259bs c\u0259zas\u0131 verildiyi bildirilir - MEYDAN.TV<\/title>\n<meta name=\"robots\" content=\"index, follow, max-snippet:-1, max-image-preview:large, max-video-preview:-1\" \/>\n<link rel=\"canonical\" href=\"https:\/\/www.meydan.tv\/az\/article\/afieddin-memmedova-30-sutka-hebs-cezasi-verildiyi-bildirilir\/\" \/>\n<meta property=\"og:locale\" content=\"az_AZ\" \/>\n<meta property=\"og:type\" content=\"article\" \/>\n<meta property=\"og:title\" content=\"Afi\u0259ddin M\u0259mm\u0259dova 30 sutka h\u0259bs c\u0259zas\u0131 verildiyi bildirilir - MEYDAN.TV\" \/>\n<meta property=\"og:description\" content=\"O, m\u0259hk\u0259m\u0259 qar\u015f\u0131s\u0131na \u00f6z v\u0259kili olmadan \u00e7\u0131xar\u0131l\u0131b \u0130\u015f\u00e7i Masas\u0131 H\u0259mkarlar ... Davam\u0131\" \/>\n<meta property=\"og:url\" content=\"https:\/\/www.meydan.tv\/az\/article\/afieddin-memmedova-30-sutka-hebs-cezasi-verildiyi-bildirilir\/\" \/>\n<meta property=\"og:site_name\" content=\"MEYDAN.TV\" \/>\n<meta property=\"article:published_time\" content=\"2023-08-02T13:41:30+00:00\" \/>\n<meta property=\"article:modified_time\" content=\"2023-08-02T13:52:30+00:00\" \/>\n<meta property=\"og:image\" content=\"https:\/\/www.meydan.tv\/wp-content\/uploads\/362269832_1010811650101623_3679489403599443536_n-e1690983633559.jpg\" \/>\n\t<meta property=\"og:image:width\" content=\"1200\" \/>\n\t<meta property=\"og:image:height\" content=\"525\" \/>\n\t<meta property=\"og:image:type\" content=\"image\/jpeg\" \/>\n<meta name=\"author\" content=\"elli\" \/>\n<meta name=\"twitter:card\" content=\"summary_large_image\" \/>\n<meta name=\"twitter:creator\" content=\"@elli\" \/>\n<script type=\"application\/ld+json\" class=\"yoast-schema-graph\">{\"@context\":\"https:\\\/\\\/schema.org\",\"@graph\":[{\"@type\":\"Article\",\"@id\":\"https:\\\/\\\/www.meydan.tv\\\/az\\\/article\\\/afieddin-memmedova-30-sutka-hebs-cezasi-verildiyi-bildirilir\\\/#article\",\"isPartOf\":{\"@id\":\"https:\\\/\\\/www.meydan.tv\\\/az\\\/article\\\/afieddin-memmedova-30-sutka-hebs-cezasi-verildiyi-bildirilir\\\/\"},\"author\":{\"name\":\"elli\",\"@id\":\"https:\\\/\\\/www.meydan.tv\\\/az\\\/#\\\/schema\\\/person\\\/9cdbecf90d17180ce1dfbd95b08dcf47\"},\"headline\":\"Afi\u0259ddin M\u0259mm\u0259dova 30 sutka h\u0259bs c\u0259zas\u0131 verildiyi bildirilir\",\"datePublished\":\"2023-08-02T13:41:30+00:00\",\"dateModified\":\"2023-08-02T13:52:30+00:00\",\"mainEntityOfPage\":{\"@id\":\"https:\\\/\\\/www.meydan.tv\\\/az\\\/article\\\/afieddin-memmedova-30-sutka-hebs-cezasi-verildiyi-bildirilir\\\/\"},\"wordCount\":508,\"publisher\":{\"@id\":\"https:\\\/\\\/www.meydan.tv\\\/az\\\/#organization\"},\"image\":{\"@id\":\"https:\\\/\\\/www.meydan.tv\\\/az\\\/article\\\/afieddin-memmedova-30-sutka-hebs-cezasi-verildiyi-bildirilir\\\/#primaryimage\"},\"thumbnailUrl\":\"https:\\\/\\\/www.meydan.tv\\\/wp-content\\\/uploads\\\/362269832_1010811650101623_3679489403599443536_n-e1690983633559.jpg\",\"articleSection\":[\"Siyas\u0259t\",\"T\u00f6vsiy\u0259\",\"X\u0259b\u0259rl\u0259r\"],\"inLanguage\":\"az\"},{\"@type\":\"WebPage\",\"@id\":\"https:\\\/\\\/www.meydan.tv\\\/az\\\/article\\\/afieddin-memmedova-30-sutka-hebs-cezasi-verildiyi-bildirilir\\\/\",\"url\":\"https:\\\/\\\/www.meydan.tv\\\/az\\\/article\\\/afieddin-memmedova-30-sutka-hebs-cezasi-verildiyi-bildirilir\\\/\",\"name\":\"Afi\u0259ddin M\u0259mm\u0259dova 30 sutka h\u0259bs c\u0259zas\u0131 verildiyi bildirilir - MEYDAN.TV\",\"isPartOf\":{\"@id\":\"https:\\\/\\\/www.meydan.tv\\\/az\\\/#website\"},\"primaryImageOfPage\":{\"@id\":\"https:\\\/\\\/www.meydan.tv\\\/az\\\/article\\\/afieddin-memmedova-30-sutka-hebs-cezasi-verildiyi-bildirilir\\\/#primaryimage\"},\"image\":{\"@id\":\"https:\\\/\\\/www.meydan.tv\\\/az\\\/article\\\/afieddin-memmedova-30-sutka-hebs-cezasi-verildiyi-bildirilir\\\/#primaryimage\"},\"thumbnailUrl\":\"https:\\\/\\\/www.meydan.tv\\\/wp-content\\\/uploads\\\/362269832_1010811650101623_3679489403599443536_n-e1690983633559.jpg\",\"datePublished\":\"2023-08-02T13:41:30+00:00\",\"dateModified\":\"2023-08-02T13:52:30+00:00\",\"breadcrumb\":{\"@id\":\"https:\\\/\\\/www.meydan.tv\\\/az\\\/article\\\/afieddin-memmedova-30-sutka-hebs-cezasi-verildiyi-bildirilir\\\/#breadcrumb\"},\"inLanguage\":\"az\",\"potentialAction\":[{\"@type\":\"ReadAction\",\"target\":[\"https:\\\/\\\/www.meydan.tv\\\/az\\\/article\\\/afieddin-memmedova-30-sutka-hebs-cezasi-verildiyi-bildirilir\\\/\"]}]},{\"@type\":\"ImageObject\",\"inLanguage\":\"az\",\"@id\":\"https:\\\/\\\/www.meydan.tv\\\/az\\\/article\\\/afieddin-memmedova-30-sutka-hebs-cezasi-verildiyi-bildirilir\\\/#primaryimage\",\"url\":\"https:\\\/\\\/www.meydan.tv\\\/wp-content\\\/uploads\\\/362269832_1010811650101623_3679489403599443536_n-e1690983633559.jpg\",\"contentUrl\":\"https:\\\/\\\/www.meydan.tv\\\/wp-content\\\/uploads\\\/362269832_1010811650101623_3679489403599443536_n-e1690983633559.jpg\",\"width\":1200,\"height\":525,\"caption\":\"Afi\u0259ddin M\u0259mm\u0259dov. Foto: sosial \u015f\u0259b\u0259k\u0259\"},{\"@type\":\"BreadcrumbList\",\"@id\":\"https:\\\/\\\/www.meydan.tv\\\/az\\\/article\\\/afieddin-memmedova-30-sutka-hebs-cezasi-verildiyi-bildirilir\\\/#breadcrumb\",\"itemListElement\":[{\"@type\":\"ListItem\",\"position\":1,\"name\":\"Ana s\u0259hif\u0259\",\"item\":\"https:\\\/\\\/www.meydan.tv\\\/az\\\/\"},{\"@type\":\"ListItem\",\"position\":2,\"name\":\"Siyas\u0259t\",\"item\":\"https:\\\/\\\/www.meydan.tv\\\/az\\\/section\\\/siyaset\\\/\"},{\"@type\":\"ListItem\",\"position\":3,\"name\":\"Afi\u0259ddin M\u0259mm\u0259dova 30 sutka h\u0259bs c\u0259zas\u0131 verildiyi bildirilir\"}]},{\"@type\":\"WebSite\",\"@id\":\"https:\\\/\\\/www.meydan.tv\\\/az\\\/#website\",\"url\":\"https:\\\/\\\/www.meydan.tv\\\/az\\\/\",\"name\":\"MEYDAN.TV\",\"description\":\"Meydan TV Az\u0259rbaycan\u0131n media m\u0259kan\u0131ndak\u0131 alternativ s\u0259sidir\",\"publisher\":{\"@id\":\"https:\\\/\\\/www.meydan.tv\\\/az\\\/#organization\"},\"potentialAction\":[{\"@type\":\"SearchAction\",\"target\":{\"@type\":\"EntryPoint\",\"urlTemplate\":\"https:\\\/\\\/www.meydan.tv\\\/az\\\/?s={search_term_string}\"},\"query-input\":{\"@type\":\"PropertyValueSpecification\",\"valueRequired\":true,\"valueName\":\"search_term_string\"}}],\"inLanguage\":\"az\"},{\"@type\":\"Organization\",\"@id\":\"https:\\\/\\\/www.meydan.tv\\\/az\\\/#organization\",\"name\":\"Meydan TV\",\"url\":\"https:\\\/\\\/www.meydan.tv\\\/az\\\/\",\"logo\":{\"@type\":\"ImageObject\",\"inLanguage\":\"az\",\"@id\":\"https:\\\/\\\/www.meydan.tv\\\/az\\\/#\\\/schema\\\/logo\\\/image\\\/\",\"url\":\"https:\\\/\\\/www.meydan.tv\\\/wp-content\\\/uploads\\\/2021\\\/07\\\/meydan-logo.svg\",\"contentUrl\":\"https:\\\/\\\/www.meydan.tv\\\/wp-content\\\/uploads\\\/2021\\\/07\\\/meydan-logo.svg\",\"width\":195,\"height\":46,\"caption\":\"Meydan TV\"},\"image\":{\"@id\":\"https:\\\/\\\/www.meydan.tv\\\/az\\\/#\\\/schema\\\/logo\\\/image\\\/\"}},{\"@type\":\"Person\",\"@id\":\"https:\\\/\\\/www.meydan.tv\\\/az\\\/#\\\/schema\\\/person\\\/9cdbecf90d17180ce1dfbd95b08dcf47\",\"name\":\"elli\",\"sameAs\":[\"https:\\\/\\\/x.com\\\/elli\"]}]}<\/script>\n<!-- \/ Yoast SEO plugin. -->","yoast_head_json":{"title":"Afi\u0259ddin M\u0259mm\u0259dova 30 sutka h\u0259bs c\u0259zas\u0131 verildiyi bildirilir - MEYDAN.TV","robots":{"index":"index","follow":"follow","max-snippet":"max-snippet:-1","max-image-preview":"max-image-preview:large","max-video-preview":"max-video-preview:-1"},"canonical":"https:\/\/www.meydan.tv\/az\/article\/afieddin-memmedova-30-sutka-hebs-cezasi-verildiyi-bildirilir\/","og_locale":"az_AZ","og_type":"article","og_title":"Afi\u0259ddin M\u0259mm\u0259dova 30 sutka h\u0259bs c\u0259zas\u0131 verildiyi bildirilir - MEYDAN.TV","og_description":"O, m\u0259hk\u0259m\u0259 qar\u015f\u0131s\u0131na \u00f6z v\u0259kili olmadan \u00e7\u0131xar\u0131l\u0131b \u0130\u015f\u00e7i Masas\u0131 H\u0259mkarlar ... Davam\u0131","og_url":"https:\/\/www.meydan.tv\/az\/article\/afieddin-memmedova-30-sutka-hebs-cezasi-verildiyi-bildirilir\/","og_site_name":"MEYDAN.TV","article_published_time":"2023-08-02T13:41:30+00:00","article_modified_time":"2023-08-02T13:52:30+00:00","og_image":[{"width":1200,"height":525,"url":"https:\/\/www.meydan.tv\/wp-content\/uploads\/362269832_1010811650101623_3679489403599443536_n-e1690983633559.jpg","type":"image\/jpeg"}],"author":"elli","twitter_card":"summary_large_image","twitter_creator":"@elli","schema":{"@context":"https:\/\/schema.org","@graph":[{"@type":"Article","@id":"https:\/\/www.meydan.tv\/az\/article\/afieddin-memmedova-30-sutka-hebs-cezasi-verildiyi-bildirilir\/#article","isPartOf":{"@id":"https:\/\/www.meydan.tv\/az\/article\/afieddin-memmedova-30-sutka-hebs-cezasi-verildiyi-bildirilir\/"},"author":{"name":"elli","@id":"https:\/\/www.meydan.tv\/az\/#\/schema\/person\/9cdbecf90d17180ce1dfbd95b08dcf47"},"headline":"Afi\u0259ddin M\u0259mm\u0259dova 30 sutka h\u0259bs c\u0259zas\u0131 verildiyi bildirilir","datePublished":"2023-08-02T13:41:30+00:00","dateModified":"2023-08-02T13:52:30+00:00","mainEntityOfPage":{"@id":"https:\/\/www.meydan.tv\/az\/article\/afieddin-memmedova-30-sutka-hebs-cezasi-verildiyi-bildirilir\/"},"wordCount":508,"publisher":{"@id":"https:\/\/www.meydan.tv\/az\/#organization"},"image":{"@id":"https:\/\/www.meydan.tv\/az\/article\/afieddin-memmedova-30-sutka-hebs-cezasi-verildiyi-bildirilir\/#primaryimage"},"thumbnailUrl":"https:\/\/www.meydan.tv\/wp-content\/uploads\/362269832_1010811650101623_3679489403599443536_n-e1690983633559.jpg","articleSection":["Siyas\u0259t","T\u00f6vsiy\u0259","X\u0259b\u0259rl\u0259r"],"inLanguage":"az"},{"@type":"WebPage","@id":"https:\/\/www.meydan.tv\/az\/article\/afieddin-memmedova-30-sutka-hebs-cezasi-verildiyi-bildirilir\/","url":"https:\/\/www.meydan.tv\/az\/article\/afieddin-memmedova-30-sutka-hebs-cezasi-verildiyi-bildirilir\/","name":"Afi\u0259ddin M\u0259mm\u0259dova 30 sutka h\u0259bs c\u0259zas\u0131 verildiyi bildirilir - MEYDAN.TV","isPartOf":{"@id":"https:\/\/www.meydan.tv\/az\/#website"},"primaryImageOfPage":{"@id":"https:\/\/www.meydan.tv\/az\/article\/afieddin-memmedova-30-sutka-hebs-cezasi-verildiyi-bildirilir\/#primaryimage"},"image":{"@id":"https:\/\/www.meydan.tv\/az\/article\/afieddin-memmedova-30-sutka-hebs-cezasi-verildiyi-bildirilir\/#primaryimage"},"thumbnailUrl":"https:\/\/www.meydan.tv\/wp-content\/uploads\/362269832_1010811650101623_3679489403599443536_n-e1690983633559.jpg","datePublished":"2023-08-02T13:41:30+00:00","dateModified":"2023-08-02T13:52:30+00:00","breadcrumb":{"@id":"https:\/\/www.meydan.tv\/az\/article\/afieddin-memmedova-30-sutka-hebs-cezasi-verildiyi-bildirilir\/#breadcrumb"},"inLanguage":"az","potentialAction":[{"@type":"ReadAction","target":["https:\/\/www.meydan.tv\/az\/article\/afieddin-memmedova-30-sutka-hebs-cezasi-verildiyi-bildirilir\/"]}]},{"@type":"ImageObject","inLanguage":"az","@id":"https:\/\/www.meydan.tv\/az\/article\/afieddin-memmedova-30-sutka-hebs-cezasi-verildiyi-bildirilir\/#primaryimage","url":"https:\/\/www.meydan.tv\/wp-content\/uploads\/362269832_1010811650101623_3679489403599443536_n-e1690983633559.jpg","contentUrl":"https:\/\/www.meydan.tv\/wp-content\/uploads\/362269832_1010811650101623_3679489403599443536_n-e1690983633559.jpg","width":1200,"height":525,"caption":"Afi\u0259ddin M\u0259mm\u0259dov. Foto: sosial \u015f\u0259b\u0259k\u0259"},{"@type":"BreadcrumbList","@id":"https:\/\/www.meydan.tv\/az\/article\/afieddin-memmedova-30-sutka-hebs-cezasi-verildiyi-bildirilir\/#breadcrumb","itemListElement":[{"@type":"ListItem","position":1,"name":"Ana s\u0259hif\u0259","item":"https:\/\/www.meydan.tv\/az\/"},{"@type":"ListItem","position":2,"name":"Siyas\u0259t","item":"https:\/\/www.meydan.tv\/az\/section\/siyaset\/"},{"@type":"ListItem","position":3,"name":"Afi\u0259ddin M\u0259mm\u0259dova 30 sutka h\u0259bs c\u0259zas\u0131 verildiyi bildirilir"}]},{"@type":"WebSite","@id":"https:\/\/www.meydan.tv\/az\/#website","url":"https:\/\/www.meydan.tv\/az\/","name":"MEYDAN.TV","description":"Meydan TV Az\u0259rbaycan\u0131n media m\u0259kan\u0131ndak\u0131 alternativ s\u0259sidir","publisher":{"@id":"https:\/\/www.meydan.tv\/az\/#organization"},"potentialAction":[{"@type":"SearchAction","target":{"@type":"EntryPoint","urlTemplate":"https:\/\/www.meydan.tv\/az\/?s={search_term_string}"},"query-input":{"@type":"PropertyValueSpecification","valueRequired":true,"valueName":"search_term_string"}}],"inLanguage":"az"},{"@type":"Organization","@id":"https:\/\/www.meydan.tv\/az\/#organization","name":"Meydan TV","url":"https:\/\/www.meydan.tv\/az\/","logo":{"@type":"ImageObject","inLanguage":"az","@id":"https:\/\/www.meydan.tv\/az\/#\/schema\/logo\/image\/","url":"https:\/\/www.meydan.tv\/wp-content\/uploads\/2021\/07\/meydan-logo.svg","contentUrl":"https:\/\/www.meydan.tv\/wp-content\/uploads\/2021\/07\/meydan-logo.svg","width":195,"height":46,"caption":"Meydan TV"},"image":{"@id":"https:\/\/www.meydan.tv\/az\/#\/schema\/logo\/image\/"}},{"@type":"Person","@id":"https:\/\/www.meydan.tv\/az\/#\/schema\/person\/9cdbecf90d17180ce1dfbd95b08dcf47","name":"elli","sameAs":["https:\/\/x.com\/elli"]}]}},"_links":{"self":[{"href":"https:\/\/www.meydan.tv\/az\/wp-json\/wp\/v2\/posts\/281345","targetHints":{"allow":["GET"]}}],"collection":[{"href":"https:\/\/www.meydan.tv\/az\/wp-json\/wp\/v2\/posts"}],"about":[{"href":"https:\/\/www.meydan.tv\/az\/wp-json\/wp\/v2\/types\/post"}],"author":[{"embeddable":true,"href":"https:\/\/www.meydan.tv\/az\/wp-json\/wp\/v2\/users\/8"}],"replies":[{"embeddable":true,"href":"https:\/\/www.meydan.tv\/az\/wp-json\/wp\/v2\/comments?post=281345"}],"version-history":[{"count":2,"href":"https:\/\/www.meydan.tv\/az\/wp-json\/wp\/v2\/posts\/281345\/revisions"}],"predecessor-version":[{"id":281350,"href":"https:\/\/www.meydan.tv\/az\/wp-json\/wp\/v2\/posts\/281345\/revisions\/281350"}],"wp:featuredmedia":[{"embeddable":true,"href":"https:\/\/www.meydan.tv\/az\/wp-json\/wp\/v2\/media\/281346"}],"wp:attachment":[{"href":"https:\/\/www.meydan.tv\/az\/wp-json\/wp\/v2\/media?parent=281345"}],"wp:term":[{"taxonomy":"category","embeddable":true,"href":"https:\/\/www.meydan.tv\/az\/wp-json\/wp\/v2\/categories?post=281345"},{"taxonomy":"post_tag","embeddable":true,"href":"https:\/\/www.meydan.tv\/az\/wp-json\/wp\/v2\/tags?post=281345"}],"curies":[{"name":"wp","href":"https:\/\/api.w.org\/{rel}","templated":true}]}}