{"id":281324,"date":"2023-08-02T16:10:01","date_gmt":"2023-08-02T12:10:01","guid":{"rendered":"https:\/\/www.meydan.tv\/?p=281324"},"modified":"2023-08-02T16:10:05","modified_gmt":"2023-08-02T12:10:05","slug":"edliyye-nazirliyi-edalet-partiyasinin-siyahisini-da-geri-qaytardi","status":"publish","type":"post","link":"https:\/\/www.meydan.tv\/az\/article\/edliyye-nazirliyi-edalet-partiyasinin-siyahisini-da-geri-qaytardi\/","title":{"rendered":"\u018fdliyy\u0259 Nazirliyi \u018fdal\u0259t Partiyas\u0131n\u0131n siyah\u0131s\u0131n\u0131 da geri qaytard\u0131"},"content":{"rendered":"\n<p><\/p>\n\n\n\n<p><strong><em>2000-\u0259 yax\u0131n \u00fczvl\u0259 ba\u011fl\u0131 m\u0259lumatlar\u0131n d\u0259qiql\u0259\u015fdirilm\u0259si t\u0259l\u0259b olunur<\/em><\/strong><\/p>\n\n\n\n<p>Avqustun 2-d\u0259 \u018fdliyy\u0259 Nazirliyi \u018fdal\u0259t Partiyas\u0131n\u0131n \u00fczvl\u0259rinin say\u0131 il\u0259 ba\u011fl\u0131 t\u0259qdim etdiyi m\u00fcraci\u0259t\u0259 cavab verib.<\/p>\n\n\n\n<p>Partiya siyah\u0131n\u0131 iyulun 5-d\u0259 nazirliy\u0259 t\u0259qdim etmi\u015fdi.<\/p>\n\n\n\n<p>Bu bar\u0259d\u0259 partiyan\u0131n s\u0259dr m\u00fcavini M\u00fct\u0259llim R\u0259himli Meydan TV-y\u0259 dan\u0131\u015f\u0131b.<\/p>\n\n\n\n<p>M\u00fct\u0259llim R\u0259himlinin s\u00f6zl\u0259rin\u0259 g\u00f6r\u0259, \u018fdliyy\u0259 Nazirliyi m\u0259ktubda qeyd edib ki, b\u0259zi \u00fczvl\u0259rin m\u0259lumatlar\u0131nda d\u0259qiql\u0259\u015fdirm\u0259l\u0259r aparma\u011fa ehtiyac var:<\/p>\n\n\n\n<p><em>&#8220;Ad, soyad v\u0259 ya do\u011fum tarixl\u0259rind\u0259 s\u0259hvl\u0259r var. Onlar\u0131 d\u00fcz\u0259ltm\u0259k laz\u0131md\u0131r. 6200 n\u0259f\u0259rd\u0259n 2000-\u0259 yax\u0131n bel\u0259 \u00fczv\u00fcm\u00fcz var. Bunlardan 800-\u0259 yax\u0131n \u00fczv\u00fcm\u00fcz\u00fcn telefon n\u00f6mr\u0259si yoxdur. Onlar\u0131n da telefon n\u00f6mr\u0259l\u0259rinin d\u0259qiql\u0259\u015fdirilm\u0259si i\u015fi gedir&#8221;.<\/em><\/p>\n\n\n\n<p>O, 1 ay m\u00fcdd\u0259tind\u0259 bu s\u0259hvl\u0259ri aradan qald\u0131racaqlar\u0131n\u0131 deyib.<\/p>\n\n\n\n<p>Sabiq \u0259dliyy\u0259 naziri \u0130lyas \u0130smay\u0131lovun s\u0259dri oldu\u011fu \u018fdal\u0259t Partiyas\u0131 1993-c\u00fc ild\u0259 yarad\u0131l\u0131b. 1996-c\u0131 ild\u0259 partiya ADP i\u0259 birl\u0259\u015fib. Amma 2000-ci il parlament se\u00e7kil\u0259rind\u0259n bir g\u00fcn sonra \u018fdal\u0259t Partiyas\u0131 ADP-d\u0259n ayr\u0131l\u0131b. <\/p>\n\n\n\n<p>Partiyan\u0131n s\u0259dri \u0130.\u0130smay\u0131lov 1992 v\u0259 2003-c\u00fc il prezident se\u00e7kil\u0259rind\u0259 i\u015ftirak edib. <\/p>\n\n\n\n<p>\u0130lyas \u0130smay\u0131lov 2005-2010 v\u0259 2015-ci ill\u0259rd\u0259 ke\u00e7iril\u0259n parlament se\u00e7kil\u0259rind\u0259 mandat qazan\u0131b. <\/p>\n\n\n\n<figure class=\"wp-block-image size-large\"><img decoding=\"async\" width=\"821\" height=\"821\" data-src=\"https:\/\/www.meydan.tv\/wp-content\/uploads\/logo_of_justice_party-821x821.png\" alt=\"\" class=\"wp-image-281336 lazyload\" src=\"data:image\/svg+xml;base64,PHN2ZyB3aWR0aD0iMSIgaGVpZ2h0PSIxIiB4bWxucz0iaHR0cDovL3d3dy53My5vcmcvMjAwMC9zdmciPjwvc3ZnPg==\" style=\"--smush-placeholder-width: 821px; --smush-placeholder-aspect-ratio: 821\/821;\" \/><figcaption class=\"wp-element-caption\">\u018fdal\u0259t Partiyas\u0131. <\/figcaption><\/figure>\n\n\n\n<p>\u0130ndiy\u0259 q\u0259d\u0259r 27 siyasi partiya \u00fczvl\u0259rinin siyah\u0131s\u0131n\u0131 nazirliy\u0259 t\u0259qdim edib.<\/p>\n\n\n\n<p>\u018fdliyy\u0259 Nazirliyi indiy\u0259 q\u0259d\u0259r AXC, M\u00fcsavat, REAL, \u00dcmid, A\u011e partiyaya m\u0259nfi cavab verib.<\/p>\n\n\n\n<p>Yaln\u0131z hakim Yeni Az\u0259rbaycan Partiyas\u0131 m\u00fcsb\u0259t cavab al\u0131b.<\/p>\n\n\n\n<p><strong>Hans\u0131 partiyalar burax\u0131l\u0131b?<\/strong><\/p>\n\n\n\n<p>Son bir ne\u00e7\u0259 ayda Az\u0259rbaycanda 30-dan \u00e7ox partiya \u00f6z\u00fcn\u00fc burax\u0131b.<\/p>\n\n\n\n<p>Bu s\u0131raya M\u00fcst\u0259qil Xalq Partiyas\u0131 (MXP), Az\u0259rbaycan Milli Demokrat Partiyas\u0131 (AMDP), Yeni Yol Partiyas\u0131, Az\u0259rbaycan Respublika\u00e7\u0131lar Partiyas\u0131, M\u00fcst\u0259qil Az\u0259rbaycan Partiyas\u0131, Az\u0259rbaycan Vahid Kommunist Partiyas\u0131, Az\u0259rbaycan Sosial Demokrat Partiyas\u0131 (ASDP), Az\u0259rbaycan Liberal Demokrat Partiyas\u0131 (ALDP), Milli V\u0259hd\u0259t Partiyas\u0131 (MVP), Az\u0259rbaycan Sosial Rifah Partiyas\u0131 (ASRP), Az\u0259rbaycan Namin\u0259 Alyans Partiyas\u0131 (ANAP), Az\u0259rbaycan T\u0259kam\u00fcl Partiyas\u0131, Birlik Partiyas\u0131, Ayd\u0131nlar Partiyas\u0131, Kommunist Partiyas\u0131, Vahid Az\u0259rbaycan Milli Birlik v\u0259 Az\u0259rbaycan Azad Respublika\u00e7\u0131lar Partiyas\u0131 v\u0259 dig\u0259rl\u0259ri daxildir.<\/p>\n\n\n\n<p>Meydan TV-y\u0259 daxil olan m\u0259lumata g\u00f6r\u0259, partiyalar\u0131n \u00e7oxu \u00f6z\u00fcnd\u0259n x\u0259b\u0259rsiz, Prezident Administrasiyas\u0131 t\u0259r\u0259find\u0259n burax\u0131l\u0131r v\u0259 h\u0259min partiyalar\u0131n r\u0259hb\u0259rl\u0259ri bu haqda h\u00f6kum\u0259t\u0259 yax\u0131n media orqanlar\u0131nda \u00e7\u0131xan x\u0259b\u0259rl\u0259rd\u0259n \u00f6yr\u0259nirl\u0259r.<\/p>\n\n\n\n<p>2022-ci ilin dekabr\u0131nda Milli M\u0259clis \u201cSiyasi partiyalar haqq\u0131nda\u201d Qanunu III oxunu\u015fda q\u0259bul edib.<\/p>\n\n\n\n<p>Daxili v\u0259 xarici etirazlara r\u0259\u011fm\u0259n, Prezident \u0130lham \u018fliyev 2023-c\u00fc ilin yanvar\u0131nda qanunu t\u0259sdiql\u0259yib.<\/p>\n\n\n\n<p>Yeni qanunun naraz\u0131l\u0131q do\u011furan madd\u0259l\u0259ri s\u0131ras\u0131nda partiyalar\u0131n 5 min \u00fczv toplamas\u0131 v\u0259 onlar\u0131n h\u0259r birinin reyestrd\u0259n ke\u00e7irilm\u0259si x\u00fcsusi yer tutur.<\/p>\n\n\n\n<p>2022-ci ild\u0259 Az\u0259rbaycanda 59 siyasi partiya qeydiyyatda olub.<\/p>\n","protected":false},"excerpt":{"rendered":"<p>2000-\u0259 yax\u0131n \u00fczvl\u0259 ba\u011fl\u0131 m\u0259lumatlar\u0131n d\u0259qiql\u0259\u015fdirilm\u0259si t\u0259l\u0259b olunur Avqustun 2-d\u0259 &#8230; <\/p>\n<p class=\"read-more-container\"><a title=\"\u018fdliyy\u0259 Nazirliyi \u018fdal\u0259t Partiyas\u0131n\u0131n siyah\u0131s\u0131n\u0131 da geri qaytard\u0131\" class=\"read-more button\" href=\"https:\/\/www.meydan.tv\/az\/article\/edliyye-nazirliyi-edalet-partiyasinin-siyahisini-da-geri-qaytardi\/#more-281324\" aria-label=\"Read more about \u018fdliyy\u0259 Nazirliyi \u018fdal\u0259t Partiyas\u0131n\u0131n siyah\u0131s\u0131n\u0131 da geri qaytard\u0131\">Davam\u0131<\/a><\/p>\n","protected":false},"author":8,"featured_media":236424,"comment_status":"closed","ping_status":"closed","sticky":false,"template":"","format":"standard","meta":{"_acf_changed":false,"_sitemap_exclude":false,"_sitemap_priority":"","_sitemap_frequency":"","footnotes":""},"categories":[59,56],"tags":[],"class_list":["post-281324","post","type-post","status-publish","format-standard","has-post-thumbnail","hentry","category-siyaset","category-xeberler","infinite-scroll-item","generate-columns","tablet-grid-50","mobile-grid-100","grid-parent","grid-33","no-featured-image-padding"],"acf":[],"yoast_head":"<!-- This site is optimized with the Yoast SEO plugin v27.4 - https:\/\/yoast.com\/product\/yoast-seo-wordpress\/ -->\n<title>\u018fdliyy\u0259 Nazirliyi \u018fdal\u0259t Partiyas\u0131n\u0131n siyah\u0131s\u0131n\u0131 da geri qaytard\u0131 - MEYDAN.TV<\/title>\n<meta name=\"robots\" content=\"index, follow, max-snippet:-1, max-image-preview:large, max-video-preview:-1\" \/>\n<link rel=\"canonical\" href=\"https:\/\/www.meydan.tv\/az\/article\/edliyye-nazirliyi-edalet-partiyasinin-siyahisini-da-geri-qaytardi\/\" \/>\n<meta property=\"og:locale\" content=\"az_AZ\" \/>\n<meta property=\"og:type\" content=\"article\" \/>\n<meta property=\"og:title\" content=\"\u018fdliyy\u0259 Nazirliyi \u018fdal\u0259t Partiyas\u0131n\u0131n siyah\u0131s\u0131n\u0131 da geri qaytard\u0131 - MEYDAN.TV\" \/>\n<meta property=\"og:description\" content=\"2000-\u0259 yax\u0131n \u00fczvl\u0259 ba\u011fl\u0131 m\u0259lumatlar\u0131n d\u0259qiql\u0259\u015fdirilm\u0259si t\u0259l\u0259b olunur Avqustun 2-d\u0259 ... Davam\u0131\" \/>\n<meta property=\"og:url\" content=\"https:\/\/www.meydan.tv\/az\/article\/edliyye-nazirliyi-edalet-partiyasinin-siyahisini-da-geri-qaytardi\/\" \/>\n<meta property=\"og:site_name\" content=\"MEYDAN.TV\" \/>\n<meta property=\"article:published_time\" content=\"2023-08-02T12:10:01+00:00\" \/>\n<meta property=\"article:modified_time\" content=\"2023-08-02T12:10:05+00:00\" \/>\n<meta property=\"og:image\" content=\"https:\/\/www.meydan.tv\/wp-content\/uploads\/1849_in-1200x548.jpg\" \/>\n\t<meta property=\"og:image:width\" content=\"1200\" \/>\n\t<meta property=\"og:image:height\" content=\"548\" \/>\n\t<meta property=\"og:image:type\" content=\"image\/jpeg\" \/>\n<meta name=\"author\" content=\"elli\" \/>\n<meta name=\"twitter:card\" content=\"summary_large_image\" \/>\n<meta name=\"twitter:creator\" content=\"@elli\" \/>\n<script type=\"application\/ld+json\" class=\"yoast-schema-graph\">{\"@context\":\"https:\\\/\\\/schema.org\",\"@graph\":[{\"@type\":\"Article\",\"@id\":\"https:\\\/\\\/www.meydan.tv\\\/az\\\/article\\\/edliyye-nazirliyi-edalet-partiyasinin-siyahisini-da-geri-qaytardi\\\/#article\",\"isPartOf\":{\"@id\":\"https:\\\/\\\/www.meydan.tv\\\/az\\\/article\\\/edliyye-nazirliyi-edalet-partiyasinin-siyahisini-da-geri-qaytardi\\\/\"},\"author\":{\"name\":\"elli\",\"@id\":\"https:\\\/\\\/www.meydan.tv\\\/az\\\/#\\\/schema\\\/person\\\/9cdbecf90d17180ce1dfbd95b08dcf47\"},\"headline\":\"\u018fdliyy\u0259 Nazirliyi \u018fdal\u0259t Partiyas\u0131n\u0131n siyah\u0131s\u0131n\u0131 da geri qaytard\u0131\",\"datePublished\":\"2023-08-02T12:10:01+00:00\",\"dateModified\":\"2023-08-02T12:10:05+00:00\",\"mainEntityOfPage\":{\"@id\":\"https:\\\/\\\/www.meydan.tv\\\/az\\\/article\\\/edliyye-nazirliyi-edalet-partiyasinin-siyahisini-da-geri-qaytardi\\\/\"},\"wordCount\":558,\"publisher\":{\"@id\":\"https:\\\/\\\/www.meydan.tv\\\/az\\\/#organization\"},\"image\":{\"@id\":\"https:\\\/\\\/www.meydan.tv\\\/az\\\/article\\\/edliyye-nazirliyi-edalet-partiyasinin-siyahisini-da-geri-qaytardi\\\/#primaryimage\"},\"thumbnailUrl\":\"https:\\\/\\\/www.meydan.tv\\\/wp-content\\\/uploads\\\/1849_in.jpg\",\"articleSection\":[\"Siyas\u0259t\",\"X\u0259b\u0259rl\u0259r\"],\"inLanguage\":\"az\"},{\"@type\":\"WebPage\",\"@id\":\"https:\\\/\\\/www.meydan.tv\\\/az\\\/article\\\/edliyye-nazirliyi-edalet-partiyasinin-siyahisini-da-geri-qaytardi\\\/\",\"url\":\"https:\\\/\\\/www.meydan.tv\\\/az\\\/article\\\/edliyye-nazirliyi-edalet-partiyasinin-siyahisini-da-geri-qaytardi\\\/\",\"name\":\"\u018fdliyy\u0259 Nazirliyi \u018fdal\u0259t Partiyas\u0131n\u0131n siyah\u0131s\u0131n\u0131 da geri qaytard\u0131 - MEYDAN.TV\",\"isPartOf\":{\"@id\":\"https:\\\/\\\/www.meydan.tv\\\/az\\\/#website\"},\"primaryImageOfPage\":{\"@id\":\"https:\\\/\\\/www.meydan.tv\\\/az\\\/article\\\/edliyye-nazirliyi-edalet-partiyasinin-siyahisini-da-geri-qaytardi\\\/#primaryimage\"},\"image\":{\"@id\":\"https:\\\/\\\/www.meydan.tv\\\/az\\\/article\\\/edliyye-nazirliyi-edalet-partiyasinin-siyahisini-da-geri-qaytardi\\\/#primaryimage\"},\"thumbnailUrl\":\"https:\\\/\\\/www.meydan.tv\\\/wp-content\\\/uploads\\\/1849_in.jpg\",\"datePublished\":\"2023-08-02T12:10:01+00:00\",\"dateModified\":\"2023-08-02T12:10:05+00:00\",\"breadcrumb\":{\"@id\":\"https:\\\/\\\/www.meydan.tv\\\/az\\\/article\\\/edliyye-nazirliyi-edalet-partiyasinin-siyahisini-da-geri-qaytardi\\\/#breadcrumb\"},\"inLanguage\":\"az\",\"potentialAction\":[{\"@type\":\"ReadAction\",\"target\":[\"https:\\\/\\\/www.meydan.tv\\\/az\\\/article\\\/edliyye-nazirliyi-edalet-partiyasinin-siyahisini-da-geri-qaytardi\\\/\"]}]},{\"@type\":\"ImageObject\",\"inLanguage\":\"az\",\"@id\":\"https:\\\/\\\/www.meydan.tv\\\/az\\\/article\\\/edliyye-nazirliyi-edalet-partiyasinin-siyahisini-da-geri-qaytardi\\\/#primaryimage\",\"url\":\"https:\\\/\\\/www.meydan.tv\\\/wp-content\\\/uploads\\\/1849_in.jpg\",\"contentUrl\":\"https:\\\/\\\/www.meydan.tv\\\/wp-content\\\/uploads\\\/1849_in.jpg\",\"width\":2120,\"height\":968,\"caption\":\"\u018fdliyy\u0259 Nazirliyi. Foto: https:\\\/\\\/www.justice.gov.az\\\/\"},{\"@type\":\"BreadcrumbList\",\"@id\":\"https:\\\/\\\/www.meydan.tv\\\/az\\\/article\\\/edliyye-nazirliyi-edalet-partiyasinin-siyahisini-da-geri-qaytardi\\\/#breadcrumb\",\"itemListElement\":[{\"@type\":\"ListItem\",\"position\":1,\"name\":\"Ana s\u0259hif\u0259\",\"item\":\"https:\\\/\\\/www.meydan.tv\\\/az\\\/\"},{\"@type\":\"ListItem\",\"position\":2,\"name\":\"Siyas\u0259t\",\"item\":\"https:\\\/\\\/www.meydan.tv\\\/az\\\/section\\\/siyaset\\\/\"},{\"@type\":\"ListItem\",\"position\":3,\"name\":\"\u018fdliyy\u0259 Nazirliyi \u018fdal\u0259t Partiyas\u0131n\u0131n siyah\u0131s\u0131n\u0131 da geri qaytard\u0131\"}]},{\"@type\":\"WebSite\",\"@id\":\"https:\\\/\\\/www.meydan.tv\\\/az\\\/#website\",\"url\":\"https:\\\/\\\/www.meydan.tv\\\/az\\\/\",\"name\":\"MEYDAN.TV\",\"description\":\"Meydan TV Az\u0259rbaycan\u0131n media m\u0259kan\u0131ndak\u0131 alternativ s\u0259sidir\",\"publisher\":{\"@id\":\"https:\\\/\\\/www.meydan.tv\\\/az\\\/#organization\"},\"potentialAction\":[{\"@type\":\"SearchAction\",\"target\":{\"@type\":\"EntryPoint\",\"urlTemplate\":\"https:\\\/\\\/www.meydan.tv\\\/az\\\/?s={search_term_string}\"},\"query-input\":{\"@type\":\"PropertyValueSpecification\",\"valueRequired\":true,\"valueName\":\"search_term_string\"}}],\"inLanguage\":\"az\"},{\"@type\":\"Organization\",\"@id\":\"https:\\\/\\\/www.meydan.tv\\\/az\\\/#organization\",\"name\":\"Meydan TV\",\"url\":\"https:\\\/\\\/www.meydan.tv\\\/az\\\/\",\"logo\":{\"@type\":\"ImageObject\",\"inLanguage\":\"az\",\"@id\":\"https:\\\/\\\/www.meydan.tv\\\/az\\\/#\\\/schema\\\/logo\\\/image\\\/\",\"url\":\"https:\\\/\\\/www.meydan.tv\\\/wp-content\\\/uploads\\\/2021\\\/07\\\/meydan-logo.svg\",\"contentUrl\":\"https:\\\/\\\/www.meydan.tv\\\/wp-content\\\/uploads\\\/2021\\\/07\\\/meydan-logo.svg\",\"width\":195,\"height\":46,\"caption\":\"Meydan TV\"},\"image\":{\"@id\":\"https:\\\/\\\/www.meydan.tv\\\/az\\\/#\\\/schema\\\/logo\\\/image\\\/\"}},{\"@type\":\"Person\",\"@id\":\"https:\\\/\\\/www.meydan.tv\\\/az\\\/#\\\/schema\\\/person\\\/9cdbecf90d17180ce1dfbd95b08dcf47\",\"name\":\"elli\",\"sameAs\":[\"https:\\\/\\\/x.com\\\/elli\"]}]}<\/script>\n<!-- \/ Yoast SEO plugin. -->","yoast_head_json":{"title":"\u018fdliyy\u0259 Nazirliyi \u018fdal\u0259t Partiyas\u0131n\u0131n siyah\u0131s\u0131n\u0131 da geri qaytard\u0131 - MEYDAN.TV","robots":{"index":"index","follow":"follow","max-snippet":"max-snippet:-1","max-image-preview":"max-image-preview:large","max-video-preview":"max-video-preview:-1"},"canonical":"https:\/\/www.meydan.tv\/az\/article\/edliyye-nazirliyi-edalet-partiyasinin-siyahisini-da-geri-qaytardi\/","og_locale":"az_AZ","og_type":"article","og_title":"\u018fdliyy\u0259 Nazirliyi \u018fdal\u0259t Partiyas\u0131n\u0131n siyah\u0131s\u0131n\u0131 da geri qaytard\u0131 - MEYDAN.TV","og_description":"2000-\u0259 yax\u0131n \u00fczvl\u0259 ba\u011fl\u0131 m\u0259lumatlar\u0131n d\u0259qiql\u0259\u015fdirilm\u0259si t\u0259l\u0259b olunur Avqustun 2-d\u0259 ... Davam\u0131","og_url":"https:\/\/www.meydan.tv\/az\/article\/edliyye-nazirliyi-edalet-partiyasinin-siyahisini-da-geri-qaytardi\/","og_site_name":"MEYDAN.TV","article_published_time":"2023-08-02T12:10:01+00:00","article_modified_time":"2023-08-02T12:10:05+00:00","og_image":[{"width":1200,"height":548,"url":"https:\/\/www.meydan.tv\/wp-content\/uploads\/1849_in-1200x548.jpg","type":"image\/jpeg"}],"author":"elli","twitter_card":"summary_large_image","twitter_creator":"@elli","schema":{"@context":"https:\/\/schema.org","@graph":[{"@type":"Article","@id":"https:\/\/www.meydan.tv\/az\/article\/edliyye-nazirliyi-edalet-partiyasinin-siyahisini-da-geri-qaytardi\/#article","isPartOf":{"@id":"https:\/\/www.meydan.tv\/az\/article\/edliyye-nazirliyi-edalet-partiyasinin-siyahisini-da-geri-qaytardi\/"},"author":{"name":"elli","@id":"https:\/\/www.meydan.tv\/az\/#\/schema\/person\/9cdbecf90d17180ce1dfbd95b08dcf47"},"headline":"\u018fdliyy\u0259 Nazirliyi \u018fdal\u0259t Partiyas\u0131n\u0131n siyah\u0131s\u0131n\u0131 da geri qaytard\u0131","datePublished":"2023-08-02T12:10:01+00:00","dateModified":"2023-08-02T12:10:05+00:00","mainEntityOfPage":{"@id":"https:\/\/www.meydan.tv\/az\/article\/edliyye-nazirliyi-edalet-partiyasinin-siyahisini-da-geri-qaytardi\/"},"wordCount":558,"publisher":{"@id":"https:\/\/www.meydan.tv\/az\/#organization"},"image":{"@id":"https:\/\/www.meydan.tv\/az\/article\/edliyye-nazirliyi-edalet-partiyasinin-siyahisini-da-geri-qaytardi\/#primaryimage"},"thumbnailUrl":"https:\/\/www.meydan.tv\/wp-content\/uploads\/1849_in.jpg","articleSection":["Siyas\u0259t","X\u0259b\u0259rl\u0259r"],"inLanguage":"az"},{"@type":"WebPage","@id":"https:\/\/www.meydan.tv\/az\/article\/edliyye-nazirliyi-edalet-partiyasinin-siyahisini-da-geri-qaytardi\/","url":"https:\/\/www.meydan.tv\/az\/article\/edliyye-nazirliyi-edalet-partiyasinin-siyahisini-da-geri-qaytardi\/","name":"\u018fdliyy\u0259 Nazirliyi \u018fdal\u0259t Partiyas\u0131n\u0131n siyah\u0131s\u0131n\u0131 da geri qaytard\u0131 - MEYDAN.TV","isPartOf":{"@id":"https:\/\/www.meydan.tv\/az\/#website"},"primaryImageOfPage":{"@id":"https:\/\/www.meydan.tv\/az\/article\/edliyye-nazirliyi-edalet-partiyasinin-siyahisini-da-geri-qaytardi\/#primaryimage"},"image":{"@id":"https:\/\/www.meydan.tv\/az\/article\/edliyye-nazirliyi-edalet-partiyasinin-siyahisini-da-geri-qaytardi\/#primaryimage"},"thumbnailUrl":"https:\/\/www.meydan.tv\/wp-content\/uploads\/1849_in.jpg","datePublished":"2023-08-02T12:10:01+00:00","dateModified":"2023-08-02T12:10:05+00:00","breadcrumb":{"@id":"https:\/\/www.meydan.tv\/az\/article\/edliyye-nazirliyi-edalet-partiyasinin-siyahisini-da-geri-qaytardi\/#breadcrumb"},"inLanguage":"az","potentialAction":[{"@type":"ReadAction","target":["https:\/\/www.meydan.tv\/az\/article\/edliyye-nazirliyi-edalet-partiyasinin-siyahisini-da-geri-qaytardi\/"]}]},{"@type":"ImageObject","inLanguage":"az","@id":"https:\/\/www.meydan.tv\/az\/article\/edliyye-nazirliyi-edalet-partiyasinin-siyahisini-da-geri-qaytardi\/#primaryimage","url":"https:\/\/www.meydan.tv\/wp-content\/uploads\/1849_in.jpg","contentUrl":"https:\/\/www.meydan.tv\/wp-content\/uploads\/1849_in.jpg","width":2120,"height":968,"caption":"\u018fdliyy\u0259 Nazirliyi. Foto: https:\/\/www.justice.gov.az\/"},{"@type":"BreadcrumbList","@id":"https:\/\/www.meydan.tv\/az\/article\/edliyye-nazirliyi-edalet-partiyasinin-siyahisini-da-geri-qaytardi\/#breadcrumb","itemListElement":[{"@type":"ListItem","position":1,"name":"Ana s\u0259hif\u0259","item":"https:\/\/www.meydan.tv\/az\/"},{"@type":"ListItem","position":2,"name":"Siyas\u0259t","item":"https:\/\/www.meydan.tv\/az\/section\/siyaset\/"},{"@type":"ListItem","position":3,"name":"\u018fdliyy\u0259 Nazirliyi \u018fdal\u0259t Partiyas\u0131n\u0131n siyah\u0131s\u0131n\u0131 da geri qaytard\u0131"}]},{"@type":"WebSite","@id":"https:\/\/www.meydan.tv\/az\/#website","url":"https:\/\/www.meydan.tv\/az\/","name":"MEYDAN.TV","description":"Meydan TV Az\u0259rbaycan\u0131n media m\u0259kan\u0131ndak\u0131 alternativ s\u0259sidir","publisher":{"@id":"https:\/\/www.meydan.tv\/az\/#organization"},"potentialAction":[{"@type":"SearchAction","target":{"@type":"EntryPoint","urlTemplate":"https:\/\/www.meydan.tv\/az\/?s={search_term_string}"},"query-input":{"@type":"PropertyValueSpecification","valueRequired":true,"valueName":"search_term_string"}}],"inLanguage":"az"},{"@type":"Organization","@id":"https:\/\/www.meydan.tv\/az\/#organization","name":"Meydan TV","url":"https:\/\/www.meydan.tv\/az\/","logo":{"@type":"ImageObject","inLanguage":"az","@id":"https:\/\/www.meydan.tv\/az\/#\/schema\/logo\/image\/","url":"https:\/\/www.meydan.tv\/wp-content\/uploads\/2021\/07\/meydan-logo.svg","contentUrl":"https:\/\/www.meydan.tv\/wp-content\/uploads\/2021\/07\/meydan-logo.svg","width":195,"height":46,"caption":"Meydan TV"},"image":{"@id":"https:\/\/www.meydan.tv\/az\/#\/schema\/logo\/image\/"}},{"@type":"Person","@id":"https:\/\/www.meydan.tv\/az\/#\/schema\/person\/9cdbecf90d17180ce1dfbd95b08dcf47","name":"elli","sameAs":["https:\/\/x.com\/elli"]}]}},"_links":{"self":[{"href":"https:\/\/www.meydan.tv\/az\/wp-json\/wp\/v2\/posts\/281324","targetHints":{"allow":["GET"]}}],"collection":[{"href":"https:\/\/www.meydan.tv\/az\/wp-json\/wp\/v2\/posts"}],"about":[{"href":"https:\/\/www.meydan.tv\/az\/wp-json\/wp\/v2\/types\/post"}],"author":[{"embeddable":true,"href":"https:\/\/www.meydan.tv\/az\/wp-json\/wp\/v2\/users\/8"}],"replies":[{"embeddable":true,"href":"https:\/\/www.meydan.tv\/az\/wp-json\/wp\/v2\/comments?post=281324"}],"version-history":[{"count":3,"href":"https:\/\/www.meydan.tv\/az\/wp-json\/wp\/v2\/posts\/281324\/revisions"}],"predecessor-version":[{"id":281343,"href":"https:\/\/www.meydan.tv\/az\/wp-json\/wp\/v2\/posts\/281324\/revisions\/281343"}],"wp:featuredmedia":[{"embeddable":true,"href":"https:\/\/www.meydan.tv\/az\/wp-json\/wp\/v2\/media\/236424"}],"wp:attachment":[{"href":"https:\/\/www.meydan.tv\/az\/wp-json\/wp\/v2\/media?parent=281324"}],"wp:term":[{"taxonomy":"category","embeddable":true,"href":"https:\/\/www.meydan.tv\/az\/wp-json\/wp\/v2\/categories?post=281324"},{"taxonomy":"post_tag","embeddable":true,"href":"https:\/\/www.meydan.tv\/az\/wp-json\/wp\/v2\/tags?post=281324"}],"curies":[{"name":"wp","href":"https:\/\/api.w.org\/{rel}","templated":true}]}}