{"id":281228,"date":"2023-08-01T15:45:10","date_gmt":"2023-08-01T11:45:10","guid":{"rendered":"https:\/\/www.meydan.tv\/?p=281228"},"modified":"2023-08-01T16:22:09","modified_gmt":"2023-08-01T12:22:09","slug":"isci-masasi-kuryerlere-problem-yaradan-qanuna-etiraz-edir","status":"publish","type":"post","link":"https:\/\/www.meydan.tv\/az\/article\/isci-masasi-kuryerlere-problem-yaradan-qanuna-etiraz-edir\/","title":{"rendered":"\u0130\u015f\u00e7i Masas\u0131 kuryerl\u0259r\u0259 problem yaradan qanuna etiraz edir"},"content":{"rendered":"\n<p><\/p>\n\n\n\n<p><strong><em>Afi\u0259ddin M\u0259mm\u0259dov deyir ki, q\u0131sa zamanda kuryerl\u0259rin probleminin h\u0259llini g\u00f6zl\u0259yirl\u0259r<\/em><\/strong><\/p>\n\n\n\n<p>\u0130\u015f\u00e7i Masas\u0131 H\u0259mkarlar \u0130ttifaqlar\u0131 Konfederasiyas\u0131 v\u0259 Kuryer Birliyi H\u0259mkarlar \u0130ttifaq\u0131 yeni qanunla ba\u011fl\u0131 b\u0259yanat yay\u0131b.<\/p>\n\n\n\n<p>2022-ci il dekabr\u0131n 16-da Milli M\u0259clisd\u0259 q\u0259bul edil\u0259n \u201cYol h\u0259r\u0259k\u0259ti haqq\u0131nda\u201d Qanuna d\u0259yi\u015fiklik layih\u0259sin\u0259 \u0259sas\u0259n, s\u00fcr\u0259t h\u0259ddi 50 km\/saat-dan yuxar\u0131 olan motolar \u00fc\u00e7\u00fcn qeydiyyat ni\u015fan\u0131 v\u0259 s\u00fcr\u00fcc\u00fcl\u00fck v\u0259siq\u0259si t\u0259l\u0259b olunur.<\/p>\n\n\n\n<p>\u0130\u015f\u00e7i Masas\u0131 <a href=\"https:\/\/www.facebook.com\/photo?fbid=603329578623691&amp;set=a.410368207919830\" target=\"_blank\" rel=\"noreferrer noopener\">bildirir<\/a> ki, motosikl s\u00fcr\u00fcc\u00fcl\u0259rinin qeydiyyat ni\u015fan\u0131 almas\u0131 \u00fc\u00e7\u00fcn g\u00f6mr\u00fck b\u0259yannam\u0259si laz\u0131md\u0131r.<\/p>\n\n\n<div class=\"wp-block-image\">\n<figure class=\"aligncenter size-full\"><img decoding=\"async\" width=\"539\" height=\"539\" data-src=\"https:\/\/www.meydan.tv\/wp-content\/uploads\/338922418_764982481621113_6531013813772977879_n.jpg\" alt=\"\" class=\"wp-image-281225 lazyload\" src=\"data:image\/svg+xml;base64,PHN2ZyB3aWR0aD0iMSIgaGVpZ2h0PSIxIiB4bWxucz0iaHR0cDovL3d3dy53My5vcmcvMjAwMC9zdmciPjwvc3ZnPg==\" style=\"--smush-placeholder-width: 539px; --smush-placeholder-aspect-ratio: 539\/539;\" \/><figcaption class=\"wp-element-caption\">\u0130\u015f\u00e7i Masas\u0131 <\/figcaption><\/figure>\n<\/div>\n\n\n<p>Problem odur ki, motosikllar\u0131n sat\u0131ld\u0131\u011f\u0131 yerl\u0259r bununla ba\u011fl\u0131 m\u00fcvafiq s\u0259n\u0259di t\u0259qdim etmirl\u0259r:<\/p>\n\n\n\n<p><em>\u201cMotosikllar \u00f6lk\u0259y\u0259 vergid\u0259n yay\u0131nmaq m\u0259qs\u0259di il\u0259 ehtiyyat hiss\u0259si kimi g\u0259tirildiyi \u00fc\u00e7\u00fcn sat\u0131\u015f m\u0259nt\u0259q\u0259l\u0259ri, bu s\u0259n\u0259din t\u0259qdimat\u0131ndan boyun qa\u00e7\u0131r\u0131rlar. \u00d6lk\u0259d\u0259 ba\u015f ver\u0259n korrupsiya \u00f6z\u00fcn\u00fc bu sah\u0259d\u0259 d\u0259 g\u00f6st\u0259rir. \u0130ndi motosikllar\u0131 g\u0259tir\u0259n \u015firk\u0259tl\u0259rin vergid\u0259n yay\u0131nmas\u0131n\u0131n, qanuna uy\u011fun olmayan qazanc \u0259ld\u0259 etm\u0259sinin c\u0259zas\u0131n\u0131, i\u015fsizlikd\u0259n \u0259ziyy\u0259t \u00e7\u0259k\u0259n, \u00f6z\u00fcn\u00fcn v\u0259 ail\u0259sinin dolan\u0131\u015f\u0131\u011f\u0131n\u0131 t\u0259min etm\u0259y\u0259 \u00e7al\u0131\u015fan kuryerl\u0259r \u00e7\u0259kir\u201d.<\/em><\/p>\n\n\n\n<p>B\u0259yanatda Az\u0259rbaycan Respublikas\u0131 Parlamentind\u0259n v\u0259 aidiyyat\u0131 dig\u0259r qurumlardan, Kuryerl\u0259r Birliyi H\u0259mkarlar \u0130ttifaq\u0131 olaraq m\u0259s\u0259l\u0259 il\u0259 ba\u011fl\u0131 a\u00e7\u0131qlama v\u0259 problemin tezlikl\u0259 kuryer i\u015f\u00e7il\u0259rinin m\u0259nafeyin\u0259 uy\u011fun olaraq h\u0259ll edilm\u0259si t\u0259l\u0259b edilir.<\/p>\n\n\n\n<p>\u0130\u015f\u00e7i Masas\u0131 H\u0130K s\u0259dri Afi\u0259ddin M\u0259mm\u0259dov Meydan TV-y\u0259 bildirib ki, m\u0259s\u0259l\u0259 il\u0259 ba\u011fl\u0131 h\u00fcquqi \u00e7\u0259r\u00e7iv\u0259d\u0259 b\u00fct\u00fcn add\u0131mlar\u0131 atma\u011f\u0131 d\u00fc\u015f\u00fcn\u00fcrl\u0259r.<\/p>\n\n\n\n<figure class=\"wp-block-image size-full\"><img decoding=\"async\" width=\"1200\" height=\"800\" data-src=\"https:\/\/www.meydan.tv\/wp-content\/uploads\/untitled-design-3-109.jpg\" alt=\"\" class=\"wp-image-281232 lazyload\" src=\"data:image\/svg+xml;base64,PHN2ZyB3aWR0aD0iMSIgaGVpZ2h0PSIxIiB4bWxucz0iaHR0cDovL3d3dy53My5vcmcvMjAwMC9zdmciPjwvc3ZnPg==\" style=\"--smush-placeholder-width: 1200px; --smush-placeholder-aspect-ratio: 1200\/800;\" \/><figcaption class=\"wp-element-caption\">Afi\u0259ddin M\u0259mm\u0259dov (soldan ikinci)<\/figcaption><\/figure>\n\n\n\n<p>\u018fn q\u0131sa zamanda kuryer i\u015f\u00e7il\u0259rinin probleminin h\u0259llini g\u00f6zl\u0259yirl\u0259r:<\/p>\n\n\n\n<p><em>\u201cHaz\u0131rda \u0130\u015f\u00e7i Masas\u0131n\u0131n n\u0259zdind\u0259 olan Kuryer Birliyi H\u0259mkarlar \u0130ttifaq\u0131 m\u0259s\u0259l\u0259 il\u0259 ba\u011fl\u0131 m\u00fczakir\u0259 apar\u0131r. Yekun q\u0259rarlar\u0131m\u0131z\u0131 yax\u0131n zamanda ictimaiyy\u0259t\u0259 bildir\u0259c\u0259yik\u201d.<\/em><\/p>\n\n\n\n<p>\u0130\u015f\u00e7i Masas\u0131 H\u0130K 2022-ci il martin 1-d\u0259 bir qrup i\u015f\u00e7i f\u0259allar t\u0259r\u0259find\u0259n qurulub.<\/p>\n\n\n\n<p>M\u0259qs\u0259di Az\u0259rbaycanda ba\u015f ver\u0259n i\u015f\u00e7i istismar\u0131na qar\u015f\u0131 m\u00fcbariz\u0259 aparmaq, i\u015f\u00e7il\u0259r\u0259 \u00f6d\u0259ni\u015fsiz h\u00fcquqi yard\u0131m g\u00f6st\u0259rm\u0259k, h\u0259mkarlar ittifaq\u0131 \u0259n\u0259n\u0259sini yenid\u0259n b\u0259rpa etm\u0259k, i\u015f\u00e7il\u0259ri t\u0259\u015fkilatland\u0131rmaq v\u0259 birg\u0259 m\u00fcbariz\u0259y\u0259 t\u0259\u015fviq etm\u0259kdir.&nbsp;<\/p>\n","protected":false},"excerpt":{"rendered":"<p>Afi\u0259ddin M\u0259mm\u0259dov deyir ki, q\u0131sa zamanda kuryerl\u0259rin probleminin h\u0259llini g\u00f6zl\u0259yirl\u0259r &#8230; <\/p>\n<p class=\"read-more-container\"><a title=\"\u0130\u015f\u00e7i Masas\u0131 kuryerl\u0259r\u0259 problem yaradan qanuna etiraz edir\" class=\"read-more button\" href=\"https:\/\/www.meydan.tv\/az\/article\/isci-masasi-kuryerlere-problem-yaradan-qanuna-etiraz-edir\/#more-281228\" aria-label=\"Read more about \u0130\u015f\u00e7i Masas\u0131 kuryerl\u0259r\u0259 problem yaradan qanuna etiraz edir\">Davam\u0131<\/a><\/p>\n","protected":false},"author":8,"featured_media":281242,"comment_status":"closed","ping_status":"closed","sticky":false,"template":"","format":"standard","meta":{"_acf_changed":false,"_sitemap_exclude":false,"_sitemap_priority":"","_sitemap_frequency":"","footnotes":""},"categories":[62,56],"tags":[],"class_list":["post-281228","post","type-post","status-publish","format-standard","has-post-thumbnail","hentry","category-sosial","category-xeberler","infinite-scroll-item","generate-columns","tablet-grid-50","mobile-grid-100","grid-parent","grid-33","no-featured-image-padding"],"acf":[],"yoast_head":"<!-- This site is optimized with the Yoast SEO plugin v27.4 - https:\/\/yoast.com\/product\/yoast-seo-wordpress\/ -->\n<title>\u0130\u015f\u00e7i Masas\u0131 kuryerl\u0259r\u0259 problem yaradan qanuna etiraz edir - MEYDAN.TV<\/title>\n<meta name=\"robots\" content=\"index, follow, max-snippet:-1, max-image-preview:large, max-video-preview:-1\" \/>\n<link rel=\"canonical\" href=\"https:\/\/www.meydan.tv\/az\/article\/isci-masasi-kuryerlere-problem-yaradan-qanuna-etiraz-edir\/\" \/>\n<meta property=\"og:locale\" content=\"az_AZ\" \/>\n<meta property=\"og:type\" content=\"article\" \/>\n<meta property=\"og:title\" content=\"\u0130\u015f\u00e7i Masas\u0131 kuryerl\u0259r\u0259 problem yaradan qanuna etiraz edir - MEYDAN.TV\" \/>\n<meta property=\"og:description\" content=\"Afi\u0259ddin M\u0259mm\u0259dov deyir ki, q\u0131sa zamanda kuryerl\u0259rin probleminin h\u0259llini g\u00f6zl\u0259yirl\u0259r ... Davam\u0131\" \/>\n<meta property=\"og:url\" content=\"https:\/\/www.meydan.tv\/az\/article\/isci-masasi-kuryerlere-problem-yaradan-qanuna-etiraz-edir\/\" \/>\n<meta property=\"og:site_name\" content=\"MEYDAN.TV\" \/>\n<meta property=\"article:published_time\" content=\"2023-08-01T11:45:10+00:00\" \/>\n<meta property=\"article:modified_time\" content=\"2023-08-01T12:22:09+00:00\" \/>\n<meta property=\"og:image\" content=\"https:\/\/www.meydan.tv\/wp-content\/uploads\/untitled-design-5-71.jpg\" \/>\n\t<meta property=\"og:image:width\" content=\"1200\" \/>\n\t<meta property=\"og:image:height\" content=\"800\" \/>\n\t<meta property=\"og:image:type\" content=\"image\/jpeg\" \/>\n<meta name=\"author\" content=\"elli\" \/>\n<meta name=\"twitter:card\" content=\"summary_large_image\" \/>\n<meta name=\"twitter:creator\" content=\"@elli\" \/>\n<script type=\"application\/ld+json\" class=\"yoast-schema-graph\">{\"@context\":\"https:\\\/\\\/schema.org\",\"@graph\":[{\"@type\":\"Article\",\"@id\":\"https:\\\/\\\/www.meydan.tv\\\/az\\\/article\\\/isci-masasi-kuryerlere-problem-yaradan-qanuna-etiraz-edir\\\/#article\",\"isPartOf\":{\"@id\":\"https:\\\/\\\/www.meydan.tv\\\/az\\\/article\\\/isci-masasi-kuryerlere-problem-yaradan-qanuna-etiraz-edir\\\/\"},\"author\":{\"name\":\"elli\",\"@id\":\"https:\\\/\\\/www.meydan.tv\\\/az\\\/#\\\/schema\\\/person\\\/9cdbecf90d17180ce1dfbd95b08dcf47\"},\"headline\":\"\u0130\u015f\u00e7i Masas\u0131 kuryerl\u0259r\u0259 problem yaradan qanuna etiraz edir\",\"datePublished\":\"2023-08-01T11:45:10+00:00\",\"dateModified\":\"2023-08-01T12:22:09+00:00\",\"mainEntityOfPage\":{\"@id\":\"https:\\\/\\\/www.meydan.tv\\\/az\\\/article\\\/isci-masasi-kuryerlere-problem-yaradan-qanuna-etiraz-edir\\\/\"},\"wordCount\":467,\"publisher\":{\"@id\":\"https:\\\/\\\/www.meydan.tv\\\/az\\\/#organization\"},\"image\":{\"@id\":\"https:\\\/\\\/www.meydan.tv\\\/az\\\/article\\\/isci-masasi-kuryerlere-problem-yaradan-qanuna-etiraz-edir\\\/#primaryimage\"},\"thumbnailUrl\":\"https:\\\/\\\/www.meydan.tv\\\/wp-content\\\/uploads\\\/untitled-design-5-71.jpg\",\"articleSection\":[\"Sosial\",\"X\u0259b\u0259rl\u0259r\"],\"inLanguage\":\"az\"},{\"@type\":\"WebPage\",\"@id\":\"https:\\\/\\\/www.meydan.tv\\\/az\\\/article\\\/isci-masasi-kuryerlere-problem-yaradan-qanuna-etiraz-edir\\\/\",\"url\":\"https:\\\/\\\/www.meydan.tv\\\/az\\\/article\\\/isci-masasi-kuryerlere-problem-yaradan-qanuna-etiraz-edir\\\/\",\"name\":\"\u0130\u015f\u00e7i Masas\u0131 kuryerl\u0259r\u0259 problem yaradan qanuna etiraz edir - MEYDAN.TV\",\"isPartOf\":{\"@id\":\"https:\\\/\\\/www.meydan.tv\\\/az\\\/#website\"},\"primaryImageOfPage\":{\"@id\":\"https:\\\/\\\/www.meydan.tv\\\/az\\\/article\\\/isci-masasi-kuryerlere-problem-yaradan-qanuna-etiraz-edir\\\/#primaryimage\"},\"image\":{\"@id\":\"https:\\\/\\\/www.meydan.tv\\\/az\\\/article\\\/isci-masasi-kuryerlere-problem-yaradan-qanuna-etiraz-edir\\\/#primaryimage\"},\"thumbnailUrl\":\"https:\\\/\\\/www.meydan.tv\\\/wp-content\\\/uploads\\\/untitled-design-5-71.jpg\",\"datePublished\":\"2023-08-01T11:45:10+00:00\",\"dateModified\":\"2023-08-01T12:22:09+00:00\",\"breadcrumb\":{\"@id\":\"https:\\\/\\\/www.meydan.tv\\\/az\\\/article\\\/isci-masasi-kuryerlere-problem-yaradan-qanuna-etiraz-edir\\\/#breadcrumb\"},\"inLanguage\":\"az\",\"potentialAction\":[{\"@type\":\"ReadAction\",\"target\":[\"https:\\\/\\\/www.meydan.tv\\\/az\\\/article\\\/isci-masasi-kuryerlere-problem-yaradan-qanuna-etiraz-edir\\\/\"]}]},{\"@type\":\"ImageObject\",\"inLanguage\":\"az\",\"@id\":\"https:\\\/\\\/www.meydan.tv\\\/az\\\/article\\\/isci-masasi-kuryerlere-problem-yaradan-qanuna-etiraz-edir\\\/#primaryimage\",\"url\":\"https:\\\/\\\/www.meydan.tv\\\/wp-content\\\/uploads\\\/untitled-design-5-71.jpg\",\"contentUrl\":\"https:\\\/\\\/www.meydan.tv\\\/wp-content\\\/uploads\\\/untitled-design-5-71.jpg\",\"width\":1200,\"height\":800,\"caption\":\"Foto: sosial \u015f\u0259b\u0259k\u0259\"},{\"@type\":\"BreadcrumbList\",\"@id\":\"https:\\\/\\\/www.meydan.tv\\\/az\\\/article\\\/isci-masasi-kuryerlere-problem-yaradan-qanuna-etiraz-edir\\\/#breadcrumb\",\"itemListElement\":[{\"@type\":\"ListItem\",\"position\":1,\"name\":\"Ana s\u0259hif\u0259\",\"item\":\"https:\\\/\\\/www.meydan.tv\\\/az\\\/\"},{\"@type\":\"ListItem\",\"position\":2,\"name\":\"Sosial\",\"item\":\"https:\\\/\\\/www.meydan.tv\\\/az\\\/section\\\/sosial\\\/\"},{\"@type\":\"ListItem\",\"position\":3,\"name\":\"\u0130\u015f\u00e7i Masas\u0131 kuryerl\u0259r\u0259 problem yaradan qanuna etiraz edir\"}]},{\"@type\":\"WebSite\",\"@id\":\"https:\\\/\\\/www.meydan.tv\\\/az\\\/#website\",\"url\":\"https:\\\/\\\/www.meydan.tv\\\/az\\\/\",\"name\":\"MEYDAN.TV\",\"description\":\"Meydan TV Az\u0259rbaycan\u0131n media m\u0259kan\u0131ndak\u0131 alternativ s\u0259sidir\",\"publisher\":{\"@id\":\"https:\\\/\\\/www.meydan.tv\\\/az\\\/#organization\"},\"potentialAction\":[{\"@type\":\"SearchAction\",\"target\":{\"@type\":\"EntryPoint\",\"urlTemplate\":\"https:\\\/\\\/www.meydan.tv\\\/az\\\/?s={search_term_string}\"},\"query-input\":{\"@type\":\"PropertyValueSpecification\",\"valueRequired\":true,\"valueName\":\"search_term_string\"}}],\"inLanguage\":\"az\"},{\"@type\":\"Organization\",\"@id\":\"https:\\\/\\\/www.meydan.tv\\\/az\\\/#organization\",\"name\":\"Meydan TV\",\"url\":\"https:\\\/\\\/www.meydan.tv\\\/az\\\/\",\"logo\":{\"@type\":\"ImageObject\",\"inLanguage\":\"az\",\"@id\":\"https:\\\/\\\/www.meydan.tv\\\/az\\\/#\\\/schema\\\/logo\\\/image\\\/\",\"url\":\"https:\\\/\\\/www.meydan.tv\\\/wp-content\\\/uploads\\\/2021\\\/07\\\/meydan-logo.svg\",\"contentUrl\":\"https:\\\/\\\/www.meydan.tv\\\/wp-content\\\/uploads\\\/2021\\\/07\\\/meydan-logo.svg\",\"width\":195,\"height\":46,\"caption\":\"Meydan TV\"},\"image\":{\"@id\":\"https:\\\/\\\/www.meydan.tv\\\/az\\\/#\\\/schema\\\/logo\\\/image\\\/\"}},{\"@type\":\"Person\",\"@id\":\"https:\\\/\\\/www.meydan.tv\\\/az\\\/#\\\/schema\\\/person\\\/9cdbecf90d17180ce1dfbd95b08dcf47\",\"name\":\"elli\",\"sameAs\":[\"https:\\\/\\\/x.com\\\/elli\"]}]}<\/script>\n<!-- \/ Yoast SEO plugin. -->","yoast_head_json":{"title":"\u0130\u015f\u00e7i Masas\u0131 kuryerl\u0259r\u0259 problem yaradan qanuna etiraz edir - MEYDAN.TV","robots":{"index":"index","follow":"follow","max-snippet":"max-snippet:-1","max-image-preview":"max-image-preview:large","max-video-preview":"max-video-preview:-1"},"canonical":"https:\/\/www.meydan.tv\/az\/article\/isci-masasi-kuryerlere-problem-yaradan-qanuna-etiraz-edir\/","og_locale":"az_AZ","og_type":"article","og_title":"\u0130\u015f\u00e7i Masas\u0131 kuryerl\u0259r\u0259 problem yaradan qanuna etiraz edir - MEYDAN.TV","og_description":"Afi\u0259ddin M\u0259mm\u0259dov deyir ki, q\u0131sa zamanda kuryerl\u0259rin probleminin h\u0259llini g\u00f6zl\u0259yirl\u0259r ... Davam\u0131","og_url":"https:\/\/www.meydan.tv\/az\/article\/isci-masasi-kuryerlere-problem-yaradan-qanuna-etiraz-edir\/","og_site_name":"MEYDAN.TV","article_published_time":"2023-08-01T11:45:10+00:00","article_modified_time":"2023-08-01T12:22:09+00:00","og_image":[{"width":1200,"height":800,"url":"https:\/\/www.meydan.tv\/wp-content\/uploads\/untitled-design-5-71.jpg","type":"image\/jpeg"}],"author":"elli","twitter_card":"summary_large_image","twitter_creator":"@elli","schema":{"@context":"https:\/\/schema.org","@graph":[{"@type":"Article","@id":"https:\/\/www.meydan.tv\/az\/article\/isci-masasi-kuryerlere-problem-yaradan-qanuna-etiraz-edir\/#article","isPartOf":{"@id":"https:\/\/www.meydan.tv\/az\/article\/isci-masasi-kuryerlere-problem-yaradan-qanuna-etiraz-edir\/"},"author":{"name":"elli","@id":"https:\/\/www.meydan.tv\/az\/#\/schema\/person\/9cdbecf90d17180ce1dfbd95b08dcf47"},"headline":"\u0130\u015f\u00e7i Masas\u0131 kuryerl\u0259r\u0259 problem yaradan qanuna etiraz edir","datePublished":"2023-08-01T11:45:10+00:00","dateModified":"2023-08-01T12:22:09+00:00","mainEntityOfPage":{"@id":"https:\/\/www.meydan.tv\/az\/article\/isci-masasi-kuryerlere-problem-yaradan-qanuna-etiraz-edir\/"},"wordCount":467,"publisher":{"@id":"https:\/\/www.meydan.tv\/az\/#organization"},"image":{"@id":"https:\/\/www.meydan.tv\/az\/article\/isci-masasi-kuryerlere-problem-yaradan-qanuna-etiraz-edir\/#primaryimage"},"thumbnailUrl":"https:\/\/www.meydan.tv\/wp-content\/uploads\/untitled-design-5-71.jpg","articleSection":["Sosial","X\u0259b\u0259rl\u0259r"],"inLanguage":"az"},{"@type":"WebPage","@id":"https:\/\/www.meydan.tv\/az\/article\/isci-masasi-kuryerlere-problem-yaradan-qanuna-etiraz-edir\/","url":"https:\/\/www.meydan.tv\/az\/article\/isci-masasi-kuryerlere-problem-yaradan-qanuna-etiraz-edir\/","name":"\u0130\u015f\u00e7i Masas\u0131 kuryerl\u0259r\u0259 problem yaradan qanuna etiraz edir - MEYDAN.TV","isPartOf":{"@id":"https:\/\/www.meydan.tv\/az\/#website"},"primaryImageOfPage":{"@id":"https:\/\/www.meydan.tv\/az\/article\/isci-masasi-kuryerlere-problem-yaradan-qanuna-etiraz-edir\/#primaryimage"},"image":{"@id":"https:\/\/www.meydan.tv\/az\/article\/isci-masasi-kuryerlere-problem-yaradan-qanuna-etiraz-edir\/#primaryimage"},"thumbnailUrl":"https:\/\/www.meydan.tv\/wp-content\/uploads\/untitled-design-5-71.jpg","datePublished":"2023-08-01T11:45:10+00:00","dateModified":"2023-08-01T12:22:09+00:00","breadcrumb":{"@id":"https:\/\/www.meydan.tv\/az\/article\/isci-masasi-kuryerlere-problem-yaradan-qanuna-etiraz-edir\/#breadcrumb"},"inLanguage":"az","potentialAction":[{"@type":"ReadAction","target":["https:\/\/www.meydan.tv\/az\/article\/isci-masasi-kuryerlere-problem-yaradan-qanuna-etiraz-edir\/"]}]},{"@type":"ImageObject","inLanguage":"az","@id":"https:\/\/www.meydan.tv\/az\/article\/isci-masasi-kuryerlere-problem-yaradan-qanuna-etiraz-edir\/#primaryimage","url":"https:\/\/www.meydan.tv\/wp-content\/uploads\/untitled-design-5-71.jpg","contentUrl":"https:\/\/www.meydan.tv\/wp-content\/uploads\/untitled-design-5-71.jpg","width":1200,"height":800,"caption":"Foto: sosial \u015f\u0259b\u0259k\u0259"},{"@type":"BreadcrumbList","@id":"https:\/\/www.meydan.tv\/az\/article\/isci-masasi-kuryerlere-problem-yaradan-qanuna-etiraz-edir\/#breadcrumb","itemListElement":[{"@type":"ListItem","position":1,"name":"Ana s\u0259hif\u0259","item":"https:\/\/www.meydan.tv\/az\/"},{"@type":"ListItem","position":2,"name":"Sosial","item":"https:\/\/www.meydan.tv\/az\/section\/sosial\/"},{"@type":"ListItem","position":3,"name":"\u0130\u015f\u00e7i Masas\u0131 kuryerl\u0259r\u0259 problem yaradan qanuna etiraz edir"}]},{"@type":"WebSite","@id":"https:\/\/www.meydan.tv\/az\/#website","url":"https:\/\/www.meydan.tv\/az\/","name":"MEYDAN.TV","description":"Meydan TV Az\u0259rbaycan\u0131n media m\u0259kan\u0131ndak\u0131 alternativ s\u0259sidir","publisher":{"@id":"https:\/\/www.meydan.tv\/az\/#organization"},"potentialAction":[{"@type":"SearchAction","target":{"@type":"EntryPoint","urlTemplate":"https:\/\/www.meydan.tv\/az\/?s={search_term_string}"},"query-input":{"@type":"PropertyValueSpecification","valueRequired":true,"valueName":"search_term_string"}}],"inLanguage":"az"},{"@type":"Organization","@id":"https:\/\/www.meydan.tv\/az\/#organization","name":"Meydan TV","url":"https:\/\/www.meydan.tv\/az\/","logo":{"@type":"ImageObject","inLanguage":"az","@id":"https:\/\/www.meydan.tv\/az\/#\/schema\/logo\/image\/","url":"https:\/\/www.meydan.tv\/wp-content\/uploads\/2021\/07\/meydan-logo.svg","contentUrl":"https:\/\/www.meydan.tv\/wp-content\/uploads\/2021\/07\/meydan-logo.svg","width":195,"height":46,"caption":"Meydan TV"},"image":{"@id":"https:\/\/www.meydan.tv\/az\/#\/schema\/logo\/image\/"}},{"@type":"Person","@id":"https:\/\/www.meydan.tv\/az\/#\/schema\/person\/9cdbecf90d17180ce1dfbd95b08dcf47","name":"elli","sameAs":["https:\/\/x.com\/elli"]}]}},"_links":{"self":[{"href":"https:\/\/www.meydan.tv\/az\/wp-json\/wp\/v2\/posts\/281228","targetHints":{"allow":["GET"]}}],"collection":[{"href":"https:\/\/www.meydan.tv\/az\/wp-json\/wp\/v2\/posts"}],"about":[{"href":"https:\/\/www.meydan.tv\/az\/wp-json\/wp\/v2\/types\/post"}],"author":[{"embeddable":true,"href":"https:\/\/www.meydan.tv\/az\/wp-json\/wp\/v2\/users\/8"}],"replies":[{"embeddable":true,"href":"https:\/\/www.meydan.tv\/az\/wp-json\/wp\/v2\/comments?post=281228"}],"version-history":[{"count":6,"href":"https:\/\/www.meydan.tv\/az\/wp-json\/wp\/v2\/posts\/281228\/revisions"}],"predecessor-version":[{"id":281247,"href":"https:\/\/www.meydan.tv\/az\/wp-json\/wp\/v2\/posts\/281228\/revisions\/281247"}],"wp:featuredmedia":[{"embeddable":true,"href":"https:\/\/www.meydan.tv\/az\/wp-json\/wp\/v2\/media\/281242"}],"wp:attachment":[{"href":"https:\/\/www.meydan.tv\/az\/wp-json\/wp\/v2\/media?parent=281228"}],"wp:term":[{"taxonomy":"category","embeddable":true,"href":"https:\/\/www.meydan.tv\/az\/wp-json\/wp\/v2\/categories?post=281228"},{"taxonomy":"post_tag","embeddable":true,"href":"https:\/\/www.meydan.tv\/az\/wp-json\/wp\/v2\/tags?post=281228"}],"curies":[{"name":"wp","href":"https:\/\/api.w.org\/{rel}","templated":true}]}}