{"id":281205,"date":"2023-08-01T13:45:13","date_gmt":"2023-08-01T09:45:13","guid":{"rendered":"https:\/\/www.meydan.tv\/?p=281205"},"modified":"2023-08-01T13:50:33","modified_gmt":"2023-08-01T09:50:33","slug":"qubad-ibadoglu-ev-dustaqligina-buraxilmadi","status":"publish","type":"post","link":"https:\/\/www.meydan.tv\/az\/article\/qubad-ibadoglu-ev-dustaqligina-buraxilmadi\/","title":{"rendered":"Qubad \u0130bado\u011flu ev dustaql\u0131\u011f\u0131na burax\u0131lmad\u0131"},"content":{"rendered":"\n<p><\/p>\n\n\n\n<p><strong><em>Partiya s\u0259dri deyib ki, istintaqdan yay\u0131nmaq niyy\u0259ti yoxdur<\/em><\/strong><\/p>\n\n\n\n<p>N\u0259rimanov Rayon M\u0259hk\u0259m\u0259sind\u0259 Az\u0259rbaycan Demokratiya v\u0259 Rifah Partiyas\u0131n\u0131n (ADR) s\u0259dri, eyni zamanda, London \u0130qtisadi v\u0259 Siyasi Elml\u0259r M\u0259kt\u0259binin professoru Qubad \u0130bado\u011flunun ev dustaql\u0131\u011f\u0131na burax\u0131lmas\u0131 \u00fc\u00e7\u00fcn verilmi\u015f v\u0259sat\u0259t\u0259 bax\u0131l\u0131b.<\/p>\n\n\n\n<p>Qapal\u0131 ke\u00e7iril\u0259n m\u0259hk\u0259m\u0259 iclas\u0131nda Qubad \u0130bado\u011flu \u00f6z\u00fc d\u0259 i\u015ftirak edib.<\/p>\n\n\n\n<p>O bildirib ki, qapal\u0131 \u015f\u0259raitd\u0259 saxlanmas\u0131 h\u0259m elmi f\u0259aliyy\u0259tin\u0259, h\u0259m d\u0259 s\u0259hh\u0259tin\u0259 k\u0259skin \u015f\u0259kild\u0259 m\u0259nfi t\u0259sir g\u00f6st\u0259rir.<\/p>\n\n\n\n<p>\u0130bado\u011flu deyib ki, istintaqdan yay\u0131nmaq niyy\u0259ti yoxdur. N\u0259 vaxt istintaqa \u00e7a\u011f\u0131r\u0131larsa, g\u0259l\u0259c\u0259k, \u00e7\u00fcnki \u00f6z\u00fc d\u0259 bu i\u015fin ba\u015fa \u00e7atd\u0131r\u0131lmas\u0131nda v\u0259 sonda b\u0259ra\u0259t almaqda maraql\u0131d\u0131r.<\/p>\n\n\n\n<p>V\u0259kili Zibeyd\u0259 Sad\u0131qova m\u0259hk\u0259m\u0259y\u0259 Qubad \u0130bado\u011flunun s\u0259hh\u0259tind\u0259ki probleml\u0259ri t\u0259sdiql\u0259y\u0259n tibbi s\u0259n\u0259dl\u0259ri t\u0259qdim edib.<\/p>\n\n\n\n<p>V\u0259kil vur\u011fulay\u0131b ki, m\u00fcv\u0259kkili \u015f\u0259k\u0259r, t\u0259zyiq x\u0259st\u0259likl\u0259rind\u0259n \u0259ziyy\u0259t \u00e7\u0259kir. Onun kamera \u015f\u0259raitind\u0259 saxlanmas\u0131 v\u0259ziyy\u0259tinin a\u011f\u0131rla\u015fmas\u0131na g\u0259tirib \u00e7\u0131xar\u0131r.<\/p>\n\n\n\n<p>M\u00fcst\u0259ntiq is\u0259 Qubad \u0130bado\u011flunun h\u0259bsd\u0259n burax\u0131lmas\u0131na etiraz edib. O vur\u011fulay\u0131b ki, bu halda istintaq\u0131n gedi\u015fin\u0259 mane ola bil\u0259r.<\/p>\n\n\n\n<p>Hakim d\u0259 q\u0131sa m\u00fc\u015favir\u0259d\u0259n sonra v\u0259sat\u0259tin t\u0259min olunmad\u0131\u011f\u0131n\u0131 elan edib.<\/p>\n\n\n\n<p>M\u0259hk\u0259m\u0259d\u0259n sonra v\u0259kil Zibeyd\u0259 Sad\u0131qova Meydan TV-y\u0259 bildirib ki, N\u0259rimanov Rayon M\u0259hk\u0259m\u0259sinin q\u0259rar\u0131ndan apelyasiya \u015fikay\u0259ti veril\u0259c\u0259k:<\/p>\n\n\n\n<p><em>\u201cQubad \u0130bado\u011flu azadl\u0131qda olanda davaml\u0131 d\u0259rman q\u0259bulu il\u0259 yana\u015f\u0131, h\u0259m d\u0259 g\u00fcnd\u0259 10 kilometr g\u0259zm\u0259kl\u0259, dietik yem\u0259kl\u0259rl\u0259 x\u0259st\u0259liyin\u0259 n\u0259zar\u0259t edirdi. T\u0259cridxanada bel\u0259 imkanlar yoxdur. Bunlar\u0131 m\u0259hk\u0259m\u0259nin diqq\u0259tin\u0259 \u00e7atd\u0131rd\u0131q. Bundan ba\u015fqa, Qubad \u0130bado\u011flu elm adam\u0131d\u0131r. \u00c7ox narahatd\u0131r ki, elmi i\u015fl\u0259ri, t\u0259dqiqatlar\u0131 yar\u0131m\u00e7\u0131q qal\u0131b. Deyir ki, he\u00e7 vaxt bu q\u0259d\u0259r vaxt itkisin\u0259 yol verm\u0259yib. Onun burax\u0131lmas\u0131 daha faydal\u0131 olard\u0131&#8230;\u201d.<\/em><\/p>\n\n\n\n<p>Qubad \u0130bado\u011flu avqustun 15-16-da \u00c7ind\u0259 ke\u00e7iril\u0259c\u0259k beyin m\u0259rk\u0259zl\u0259rinin toplant\u0131s\u0131nda Az\u0259rbaycan\u0131 t\u0259msil etm\u0259liymi\u015f.<\/p>\n\n\n\n<p>S\u0259n\u0259dl\u0259\u015fm\u0259 i\u015fl\u0259ril\u0259 \u0259laq\u0259dar onun pasportu da s\u0259firlikd\u0259 qal\u0131b.<\/p>\n\n\n\n<p>ADR s\u0259drinin ail\u0259 \u00fczvl\u0259ril\u0259 telefon dan\u0131\u015f\u0131qlar\u0131na imkan verils\u0259 d\u0259, h\u0259bs olunandan bu yana onlarla g\u00f6r\u00fc\u015f\u0259 bilm\u0259yib.<\/p>\n\n\n\n<p>Onun g\u00f6r\u00fc\u015f h\u00fcququnun t\u0259min olunmas\u0131 \u00fc\u00e7\u00fcn r\u0259smi qaydada m\u00fcraci\u0259t olunub.<\/p>\n\n\n\n<p>Qubad \u0130bado\u011flu iyulun 23-d\u0259 h\u0259yat yolda\u015f\u0131yla birlikd\u0259 avtomobild\u0259 ged\u0259rk\u0259n saxlan\u0131l\u0131b.<\/p>\n\n\n\n<p>H\u0259yat yolda\u015f\u0131 \u0130rad\u0259 Bayramovan\u0131n bildirdiyin\u0259 g\u00f6r\u0259, saxlan\u0131lark\u0259n o da Ba\u015f M\u00fct\u0259\u015f\u0259kkil Cinay\u0259tkarl\u0131qla M\u00fcbariz\u0259 \u0130dar\u0259sinin \u0259m\u0259kda\u015flar\u0131 t\u0259r\u0259find\u0259n zorak\u0131l\u0131\u011fa m\u0259ruz qal\u0131b.<\/p>\n\n\n\n<p>\u201c<em>Qubad \u0130bado\u011flu h\u0259yat yolda\u015f\u0131ndan narahatd\u0131r. H\u0259yat yolda\u015f\u0131, qarda\u015f\u0131yla g\u00f6r\u00fc\u015fm\u0259k ist\u0259yir. Bununla \u0259laq\u0259dar r\u0259smi qaydada m\u00fcraci\u0259t etmi\u015fik\u201d, <\/em>&#8211; v\u0259kil bildirib.<\/p>\n\n\n<div class=\"wp-block-image\">\n<figure class=\"aligncenter size-large\"><img decoding=\"async\" width=\"1095\" height=\"821\" data-src=\"https:\/\/www.meydan.tv\/wp-content\/uploads\/358152615_6671420779580620_3016210545722251830_n-1095x821.jpg\" alt=\"\" class=\"wp-image-281213 lazyload\" src=\"data:image\/svg+xml;base64,PHN2ZyB3aWR0aD0iMSIgaGVpZ2h0PSIxIiB4bWxucz0iaHR0cDovL3d3dy53My5vcmcvMjAwMC9zdmciPjwvc3ZnPg==\" style=\"--smush-placeholder-width: 1095px; --smush-placeholder-aspect-ratio: 1095\/821;\" \/><figcaption class=\"wp-element-caption\">N\u0259rimanov Rayon M\u0259hk\u0259m\u0259sinin qar\u015f\u0131s\u0131. Foto: &#8220;Facebook&#8221;<\/figcaption><\/figure>\n<\/div>\n\n\n<p>Qubad \u0130bado\u011flu iyulun 23-d\u0259 saxlan\u0131l\u0131b, ert\u0259si g\u00fcn N\u0259rimanov Rayon M\u0259hk\u0259m\u0259sind\u0259 onun bar\u0259sind\u0259 ilkin istintaq d\u00f6vr\u00fc \u00fc\u00e7\u00fcn 3 ay 26 g\u00fcnl\u00fck h\u0259bs q\u0259timkan t\u0259dbiri se\u00e7ilib.<\/p>\n\n\n\n<p>Ona qar\u015f\u0131 Cinay\u0259t M\u0259c\u0259ll\u0259sinin 204.3.1 ( saxta pul v\u0259 ya qiym\u0259tli ka\u011f\u0131zlar haz\u0131rlama, \u0259ld\u0259 etm\u0259 v\u0259 ya satma m\u00fct\u0259\u015f\u0259kkil d\u0259st\u0259 t\u0259r\u0259find\u0259n t\u00f6r\u0259dildikd\u0259) madd\u0259si il\u0259 ittiham ir\u0259li s\u00fcr\u00fcl\u00fcb.<\/p>\n\n\n\n<p>ADR s\u0259dri daha d\u00f6rd n\u0259f\u0259rl\u0259 \u0259lbirlikd\u0259 ittiham olunur.<\/p>\n\n\n\n<p>Onlar\u0131n adlar\u0131 ilk d\u0259f\u0259 iyulun 23-d\u0259 T\u00fcrkiy\u0259 medias\u0131nda a\u00e7\u0131qlanm\u0131\u015fd\u0131.<\/p>\n\n\n\n<p>FET\u00d6 (F\u0259tullah G\u00fcl\u0259n Terror \u00d6rg\u00fct\u00fc) il\u0259 \u0259laq\u0259li \u015f\u0259xsl\u0259r kimi t\u0259qdim olunan bu d\u00f6rd n\u0259f\u0259r\u0259 qar\u015f\u0131 da Qubad \u0130bado\u011flu il\u0259 eyni \u2013 Cinay\u0259t M\u0259c\u0259ll\u0259sinin 204.3.1 madd\u0259si il\u0259 ittiham ir\u0259li s\u00fcr\u00fcl\u00fcb.<\/p>\n\n\n\n<p>S\u00f6z\u00fcged\u0259n d\u00f6rd n\u0259f\u0259r D\u00f6yr\u00fc\u015f C\u0259f\u0259rov, G\u00fcmrah \u018fbd\u00fcr\u0259hmanov, Ruslan \u018fliyev v\u0259 Anar \u018fliyevdir.<\/p>\n\n\n\n<p>Qubad \u0130bado\u011flu saxland\u0131qdan sonra yay\u0131lan m\u0259lumatlarda iddia olunurdu ki, Anar \u018fliyev ifad\u0259sind\u0259 onun ad\u0131n\u0131 \u00e7\u0259kib. Amma Qubad \u0130bado\u011flu \u00fcmumiyy\u0259tl\u0259, bu \u015f\u0259xsi tan\u0131mad\u0131\u011f\u0131n\u0131 deyib.<\/p>\n\n\n\n<p>Qubad \u0130bado\u011flunun ofisind\u0259, m\u0259nzilind\u0259, ba\u011f evind\u0259 axtar\u0131\u015flar apar\u0131l\u0131b. Ofisd\u0259n 40 min dollar pul tap\u0131ld\u0131\u011f\u0131 iddia olunur. Lakin ADR s\u0259dri bildirib ki, h\u0259min pulun ona he\u00e7 bir aidiyy\u0259ti yoxdur. H\u0259min m\u0259kan r\u0259sm\u0259n onun ad\u0131na olsa da, uzun ill\u0259rdir ki, xaricd\u0259 ya\u015fad\u0131\u011f\u0131na g\u00f6r\u0259 ora g\u0259lib-getmirdi.<\/p>\n\n\n\n<p>Qubad \u0130bado\u011flu axtar\u0131\u015fdan sonra m\u0259kandan \u00e7\u0131xar\u0131l\u0131b apar\u0131lark\u0259n siyasi sifari\u015fl\u0259 h\u0259bs olundu\u011funu bildirib.<\/p>\n","protected":false},"excerpt":{"rendered":"<p>Partiya s\u0259dri deyib ki, istintaqdan yay\u0131nmaq niyy\u0259ti yoxdur N\u0259rimanov Rayon &#8230; <\/p>\n<p class=\"read-more-container\"><a title=\"Qubad \u0130bado\u011flu ev dustaql\u0131\u011f\u0131na burax\u0131lmad\u0131\" class=\"read-more button\" href=\"https:\/\/www.meydan.tv\/az\/article\/qubad-ibadoglu-ev-dustaqligina-buraxilmadi\/#more-281205\" aria-label=\"Read more about Qubad \u0130bado\u011flu ev dustaql\u0131\u011f\u0131na burax\u0131lmad\u0131\">Davam\u0131<\/a><\/p>\n","protected":false},"author":8,"featured_media":136138,"comment_status":"closed","ping_status":"closed","sticky":false,"template":"","format":"standard","meta":{"_acf_changed":false,"_sitemap_exclude":false,"_sitemap_priority":"","_sitemap_frequency":"","footnotes":""},"categories":[59,79,56],"tags":[],"class_list":["post-281205","post","type-post","status-publish","format-standard","has-post-thumbnail","hentry","category-siyaset","category-featured","category-xeberler","infinite-scroll-item","generate-columns","tablet-grid-50","mobile-grid-100","grid-parent","grid-33","no-featured-image-padding"],"acf":[],"yoast_head":"<!-- This site is optimized with the Yoast SEO plugin v27.4 - https:\/\/yoast.com\/product\/yoast-seo-wordpress\/ -->\n<title>Qubad \u0130bado\u011flu ev dustaql\u0131\u011f\u0131na burax\u0131lmad\u0131 - MEYDAN.TV<\/title>\n<meta name=\"robots\" content=\"index, follow, max-snippet:-1, max-image-preview:large, max-video-preview:-1\" \/>\n<link rel=\"canonical\" href=\"https:\/\/www.meydan.tv\/az\/article\/qubad-ibadoglu-ev-dustaqligina-buraxilmadi\/\" \/>\n<meta property=\"og:locale\" content=\"az_AZ\" \/>\n<meta property=\"og:type\" content=\"article\" \/>\n<meta property=\"og:title\" content=\"Qubad \u0130bado\u011flu ev dustaql\u0131\u011f\u0131na burax\u0131lmad\u0131 - MEYDAN.TV\" \/>\n<meta property=\"og:description\" content=\"Partiya s\u0259dri deyib ki, istintaqdan yay\u0131nmaq niyy\u0259ti yoxdur N\u0259rimanov Rayon ... Davam\u0131\" \/>\n<meta property=\"og:url\" content=\"https:\/\/www.meydan.tv\/az\/article\/qubad-ibadoglu-ev-dustaqligina-buraxilmadi\/\" \/>\n<meta property=\"og:site_name\" content=\"MEYDAN.TV\" \/>\n<meta property=\"article:published_time\" content=\"2023-08-01T09:45:13+00:00\" \/>\n<meta property=\"article:modified_time\" content=\"2023-08-01T09:50:33+00:00\" \/>\n<meta property=\"og:image\" content=\"https:\/\/www.meydan.tv\/wp-content\/uploads\/qubad_gvbnneu-e1690452425233.jpg\" \/>\n\t<meta property=\"og:image:width\" content=\"1000\" \/>\n\t<meta property=\"og:image:height\" content=\"482\" \/>\n\t<meta property=\"og:image:type\" content=\"image\/jpeg\" \/>\n<meta name=\"author\" content=\"elli\" \/>\n<meta name=\"twitter:card\" content=\"summary_large_image\" \/>\n<meta name=\"twitter:creator\" content=\"@elli\" \/>\n<script type=\"application\/ld+json\" class=\"yoast-schema-graph\">{\"@context\":\"https:\\\/\\\/schema.org\",\"@graph\":[{\"@type\":\"Article\",\"@id\":\"https:\\\/\\\/www.meydan.tv\\\/az\\\/article\\\/qubad-ibadoglu-ev-dustaqligina-buraxilmadi\\\/#article\",\"isPartOf\":{\"@id\":\"https:\\\/\\\/www.meydan.tv\\\/az\\\/article\\\/qubad-ibadoglu-ev-dustaqligina-buraxilmadi\\\/\"},\"author\":{\"name\":\"elli\",\"@id\":\"https:\\\/\\\/www.meydan.tv\\\/az\\\/#\\\/schema\\\/person\\\/9cdbecf90d17180ce1dfbd95b08dcf47\"},\"headline\":\"Qubad \u0130bado\u011flu ev dustaql\u0131\u011f\u0131na burax\u0131lmad\u0131\",\"datePublished\":\"2023-08-01T09:45:13+00:00\",\"dateModified\":\"2023-08-01T09:50:33+00:00\",\"mainEntityOfPage\":{\"@id\":\"https:\\\/\\\/www.meydan.tv\\\/az\\\/article\\\/qubad-ibadoglu-ev-dustaqligina-buraxilmadi\\\/\"},\"wordCount\":869,\"publisher\":{\"@id\":\"https:\\\/\\\/www.meydan.tv\\\/az\\\/#organization\"},\"image\":{\"@id\":\"https:\\\/\\\/www.meydan.tv\\\/az\\\/article\\\/qubad-ibadoglu-ev-dustaqligina-buraxilmadi\\\/#primaryimage\"},\"thumbnailUrl\":\"https:\\\/\\\/www.meydan.tv\\\/wp-content\\\/uploads\\\/qubad_gvbnneu-e1690452425233.jpg\",\"articleSection\":[\"Siyas\u0259t\",\"T\u00f6vsiy\u0259\",\"X\u0259b\u0259rl\u0259r\"],\"inLanguage\":\"az\"},{\"@type\":\"WebPage\",\"@id\":\"https:\\\/\\\/www.meydan.tv\\\/az\\\/article\\\/qubad-ibadoglu-ev-dustaqligina-buraxilmadi\\\/\",\"url\":\"https:\\\/\\\/www.meydan.tv\\\/az\\\/article\\\/qubad-ibadoglu-ev-dustaqligina-buraxilmadi\\\/\",\"name\":\"Qubad \u0130bado\u011flu ev dustaql\u0131\u011f\u0131na burax\u0131lmad\u0131 - MEYDAN.TV\",\"isPartOf\":{\"@id\":\"https:\\\/\\\/www.meydan.tv\\\/az\\\/#website\"},\"primaryImageOfPage\":{\"@id\":\"https:\\\/\\\/www.meydan.tv\\\/az\\\/article\\\/qubad-ibadoglu-ev-dustaqligina-buraxilmadi\\\/#primaryimage\"},\"image\":{\"@id\":\"https:\\\/\\\/www.meydan.tv\\\/az\\\/article\\\/qubad-ibadoglu-ev-dustaqligina-buraxilmadi\\\/#primaryimage\"},\"thumbnailUrl\":\"https:\\\/\\\/www.meydan.tv\\\/wp-content\\\/uploads\\\/qubad_gvbnneu-e1690452425233.jpg\",\"datePublished\":\"2023-08-01T09:45:13+00:00\",\"dateModified\":\"2023-08-01T09:50:33+00:00\",\"breadcrumb\":{\"@id\":\"https:\\\/\\\/www.meydan.tv\\\/az\\\/article\\\/qubad-ibadoglu-ev-dustaqligina-buraxilmadi\\\/#breadcrumb\"},\"inLanguage\":\"az\",\"potentialAction\":[{\"@type\":\"ReadAction\",\"target\":[\"https:\\\/\\\/www.meydan.tv\\\/az\\\/article\\\/qubad-ibadoglu-ev-dustaqligina-buraxilmadi\\\/\"]}]},{\"@type\":\"ImageObject\",\"inLanguage\":\"az\",\"@id\":\"https:\\\/\\\/www.meydan.tv\\\/az\\\/article\\\/qubad-ibadoglu-ev-dustaqligina-buraxilmadi\\\/#primaryimage\",\"url\":\"https:\\\/\\\/www.meydan.tv\\\/wp-content\\\/uploads\\\/qubad_gvbnneu-e1690452425233.jpg\",\"contentUrl\":\"https:\\\/\\\/www.meydan.tv\\\/wp-content\\\/uploads\\\/qubad_gvbnneu-e1690452425233.jpg\",\"width\":1000,\"height\":482,\"caption\":\"Foto: arxiv\"},{\"@type\":\"BreadcrumbList\",\"@id\":\"https:\\\/\\\/www.meydan.tv\\\/az\\\/article\\\/qubad-ibadoglu-ev-dustaqligina-buraxilmadi\\\/#breadcrumb\",\"itemListElement\":[{\"@type\":\"ListItem\",\"position\":1,\"name\":\"Ana s\u0259hif\u0259\",\"item\":\"https:\\\/\\\/www.meydan.tv\\\/az\\\/\"},{\"@type\":\"ListItem\",\"position\":2,\"name\":\"Siyas\u0259t\",\"item\":\"https:\\\/\\\/www.meydan.tv\\\/az\\\/section\\\/siyaset\\\/\"},{\"@type\":\"ListItem\",\"position\":3,\"name\":\"Qubad \u0130bado\u011flu ev dustaql\u0131\u011f\u0131na burax\u0131lmad\u0131\"}]},{\"@type\":\"WebSite\",\"@id\":\"https:\\\/\\\/www.meydan.tv\\\/az\\\/#website\",\"url\":\"https:\\\/\\\/www.meydan.tv\\\/az\\\/\",\"name\":\"MEYDAN.TV\",\"description\":\"Meydan TV Az\u0259rbaycan\u0131n media m\u0259kan\u0131ndak\u0131 alternativ s\u0259sidir\",\"publisher\":{\"@id\":\"https:\\\/\\\/www.meydan.tv\\\/az\\\/#organization\"},\"potentialAction\":[{\"@type\":\"SearchAction\",\"target\":{\"@type\":\"EntryPoint\",\"urlTemplate\":\"https:\\\/\\\/www.meydan.tv\\\/az\\\/?s={search_term_string}\"},\"query-input\":{\"@type\":\"PropertyValueSpecification\",\"valueRequired\":true,\"valueName\":\"search_term_string\"}}],\"inLanguage\":\"az\"},{\"@type\":\"Organization\",\"@id\":\"https:\\\/\\\/www.meydan.tv\\\/az\\\/#organization\",\"name\":\"Meydan TV\",\"url\":\"https:\\\/\\\/www.meydan.tv\\\/az\\\/\",\"logo\":{\"@type\":\"ImageObject\",\"inLanguage\":\"az\",\"@id\":\"https:\\\/\\\/www.meydan.tv\\\/az\\\/#\\\/schema\\\/logo\\\/image\\\/\",\"url\":\"https:\\\/\\\/www.meydan.tv\\\/wp-content\\\/uploads\\\/2021\\\/07\\\/meydan-logo.svg\",\"contentUrl\":\"https:\\\/\\\/www.meydan.tv\\\/wp-content\\\/uploads\\\/2021\\\/07\\\/meydan-logo.svg\",\"width\":195,\"height\":46,\"caption\":\"Meydan TV\"},\"image\":{\"@id\":\"https:\\\/\\\/www.meydan.tv\\\/az\\\/#\\\/schema\\\/logo\\\/image\\\/\"}},{\"@type\":\"Person\",\"@id\":\"https:\\\/\\\/www.meydan.tv\\\/az\\\/#\\\/schema\\\/person\\\/9cdbecf90d17180ce1dfbd95b08dcf47\",\"name\":\"elli\",\"sameAs\":[\"https:\\\/\\\/x.com\\\/elli\"]}]}<\/script>\n<!-- \/ Yoast SEO plugin. -->","yoast_head_json":{"title":"Qubad \u0130bado\u011flu ev dustaql\u0131\u011f\u0131na burax\u0131lmad\u0131 - MEYDAN.TV","robots":{"index":"index","follow":"follow","max-snippet":"max-snippet:-1","max-image-preview":"max-image-preview:large","max-video-preview":"max-video-preview:-1"},"canonical":"https:\/\/www.meydan.tv\/az\/article\/qubad-ibadoglu-ev-dustaqligina-buraxilmadi\/","og_locale":"az_AZ","og_type":"article","og_title":"Qubad \u0130bado\u011flu ev dustaql\u0131\u011f\u0131na burax\u0131lmad\u0131 - MEYDAN.TV","og_description":"Partiya s\u0259dri deyib ki, istintaqdan yay\u0131nmaq niyy\u0259ti yoxdur N\u0259rimanov Rayon ... Davam\u0131","og_url":"https:\/\/www.meydan.tv\/az\/article\/qubad-ibadoglu-ev-dustaqligina-buraxilmadi\/","og_site_name":"MEYDAN.TV","article_published_time":"2023-08-01T09:45:13+00:00","article_modified_time":"2023-08-01T09:50:33+00:00","og_image":[{"width":1000,"height":482,"url":"https:\/\/www.meydan.tv\/wp-content\/uploads\/qubad_gvbnneu-e1690452425233.jpg","type":"image\/jpeg"}],"author":"elli","twitter_card":"summary_large_image","twitter_creator":"@elli","schema":{"@context":"https:\/\/schema.org","@graph":[{"@type":"Article","@id":"https:\/\/www.meydan.tv\/az\/article\/qubad-ibadoglu-ev-dustaqligina-buraxilmadi\/#article","isPartOf":{"@id":"https:\/\/www.meydan.tv\/az\/article\/qubad-ibadoglu-ev-dustaqligina-buraxilmadi\/"},"author":{"name":"elli","@id":"https:\/\/www.meydan.tv\/az\/#\/schema\/person\/9cdbecf90d17180ce1dfbd95b08dcf47"},"headline":"Qubad \u0130bado\u011flu ev dustaql\u0131\u011f\u0131na burax\u0131lmad\u0131","datePublished":"2023-08-01T09:45:13+00:00","dateModified":"2023-08-01T09:50:33+00:00","mainEntityOfPage":{"@id":"https:\/\/www.meydan.tv\/az\/article\/qubad-ibadoglu-ev-dustaqligina-buraxilmadi\/"},"wordCount":869,"publisher":{"@id":"https:\/\/www.meydan.tv\/az\/#organization"},"image":{"@id":"https:\/\/www.meydan.tv\/az\/article\/qubad-ibadoglu-ev-dustaqligina-buraxilmadi\/#primaryimage"},"thumbnailUrl":"https:\/\/www.meydan.tv\/wp-content\/uploads\/qubad_gvbnneu-e1690452425233.jpg","articleSection":["Siyas\u0259t","T\u00f6vsiy\u0259","X\u0259b\u0259rl\u0259r"],"inLanguage":"az"},{"@type":"WebPage","@id":"https:\/\/www.meydan.tv\/az\/article\/qubad-ibadoglu-ev-dustaqligina-buraxilmadi\/","url":"https:\/\/www.meydan.tv\/az\/article\/qubad-ibadoglu-ev-dustaqligina-buraxilmadi\/","name":"Qubad \u0130bado\u011flu ev dustaql\u0131\u011f\u0131na burax\u0131lmad\u0131 - MEYDAN.TV","isPartOf":{"@id":"https:\/\/www.meydan.tv\/az\/#website"},"primaryImageOfPage":{"@id":"https:\/\/www.meydan.tv\/az\/article\/qubad-ibadoglu-ev-dustaqligina-buraxilmadi\/#primaryimage"},"image":{"@id":"https:\/\/www.meydan.tv\/az\/article\/qubad-ibadoglu-ev-dustaqligina-buraxilmadi\/#primaryimage"},"thumbnailUrl":"https:\/\/www.meydan.tv\/wp-content\/uploads\/qubad_gvbnneu-e1690452425233.jpg","datePublished":"2023-08-01T09:45:13+00:00","dateModified":"2023-08-01T09:50:33+00:00","breadcrumb":{"@id":"https:\/\/www.meydan.tv\/az\/article\/qubad-ibadoglu-ev-dustaqligina-buraxilmadi\/#breadcrumb"},"inLanguage":"az","potentialAction":[{"@type":"ReadAction","target":["https:\/\/www.meydan.tv\/az\/article\/qubad-ibadoglu-ev-dustaqligina-buraxilmadi\/"]}]},{"@type":"ImageObject","inLanguage":"az","@id":"https:\/\/www.meydan.tv\/az\/article\/qubad-ibadoglu-ev-dustaqligina-buraxilmadi\/#primaryimage","url":"https:\/\/www.meydan.tv\/wp-content\/uploads\/qubad_gvbnneu-e1690452425233.jpg","contentUrl":"https:\/\/www.meydan.tv\/wp-content\/uploads\/qubad_gvbnneu-e1690452425233.jpg","width":1000,"height":482,"caption":"Foto: arxiv"},{"@type":"BreadcrumbList","@id":"https:\/\/www.meydan.tv\/az\/article\/qubad-ibadoglu-ev-dustaqligina-buraxilmadi\/#breadcrumb","itemListElement":[{"@type":"ListItem","position":1,"name":"Ana s\u0259hif\u0259","item":"https:\/\/www.meydan.tv\/az\/"},{"@type":"ListItem","position":2,"name":"Siyas\u0259t","item":"https:\/\/www.meydan.tv\/az\/section\/siyaset\/"},{"@type":"ListItem","position":3,"name":"Qubad \u0130bado\u011flu ev dustaql\u0131\u011f\u0131na burax\u0131lmad\u0131"}]},{"@type":"WebSite","@id":"https:\/\/www.meydan.tv\/az\/#website","url":"https:\/\/www.meydan.tv\/az\/","name":"MEYDAN.TV","description":"Meydan TV Az\u0259rbaycan\u0131n media m\u0259kan\u0131ndak\u0131 alternativ s\u0259sidir","publisher":{"@id":"https:\/\/www.meydan.tv\/az\/#organization"},"potentialAction":[{"@type":"SearchAction","target":{"@type":"EntryPoint","urlTemplate":"https:\/\/www.meydan.tv\/az\/?s={search_term_string}"},"query-input":{"@type":"PropertyValueSpecification","valueRequired":true,"valueName":"search_term_string"}}],"inLanguage":"az"},{"@type":"Organization","@id":"https:\/\/www.meydan.tv\/az\/#organization","name":"Meydan TV","url":"https:\/\/www.meydan.tv\/az\/","logo":{"@type":"ImageObject","inLanguage":"az","@id":"https:\/\/www.meydan.tv\/az\/#\/schema\/logo\/image\/","url":"https:\/\/www.meydan.tv\/wp-content\/uploads\/2021\/07\/meydan-logo.svg","contentUrl":"https:\/\/www.meydan.tv\/wp-content\/uploads\/2021\/07\/meydan-logo.svg","width":195,"height":46,"caption":"Meydan TV"},"image":{"@id":"https:\/\/www.meydan.tv\/az\/#\/schema\/logo\/image\/"}},{"@type":"Person","@id":"https:\/\/www.meydan.tv\/az\/#\/schema\/person\/9cdbecf90d17180ce1dfbd95b08dcf47","name":"elli","sameAs":["https:\/\/x.com\/elli"]}]}},"_links":{"self":[{"href":"https:\/\/www.meydan.tv\/az\/wp-json\/wp\/v2\/posts\/281205","targetHints":{"allow":["GET"]}}],"collection":[{"href":"https:\/\/www.meydan.tv\/az\/wp-json\/wp\/v2\/posts"}],"about":[{"href":"https:\/\/www.meydan.tv\/az\/wp-json\/wp\/v2\/types\/post"}],"author":[{"embeddable":true,"href":"https:\/\/www.meydan.tv\/az\/wp-json\/wp\/v2\/users\/8"}],"replies":[{"embeddable":true,"href":"https:\/\/www.meydan.tv\/az\/wp-json\/wp\/v2\/comments?post=281205"}],"version-history":[{"count":2,"href":"https:\/\/www.meydan.tv\/az\/wp-json\/wp\/v2\/posts\/281205\/revisions"}],"predecessor-version":[{"id":281218,"href":"https:\/\/www.meydan.tv\/az\/wp-json\/wp\/v2\/posts\/281205\/revisions\/281218"}],"wp:featuredmedia":[{"embeddable":true,"href":"https:\/\/www.meydan.tv\/az\/wp-json\/wp\/v2\/media\/136138"}],"wp:attachment":[{"href":"https:\/\/www.meydan.tv\/az\/wp-json\/wp\/v2\/media?parent=281205"}],"wp:term":[{"taxonomy":"category","embeddable":true,"href":"https:\/\/www.meydan.tv\/az\/wp-json\/wp\/v2\/categories?post=281205"},{"taxonomy":"post_tag","embeddable":true,"href":"https:\/\/www.meydan.tv\/az\/wp-json\/wp\/v2\/tags?post=281205"}],"curies":[{"name":"wp","href":"https:\/\/api.w.org\/{rel}","templated":true}]}}