{"id":281176,"date":"2023-08-01T13:00:54","date_gmt":"2023-08-01T09:00:54","guid":{"rendered":"https:\/\/www.meydan.tv\/?p=281176"},"modified":"2023-08-01T13:00:57","modified_gmt":"2023-08-01T09:00:57","slug":"ermeniler-bakinin-bratislavadaki-gorusden-imtina-etdiyini-deyirler","status":"publish","type":"post","link":"https:\/\/www.meydan.tv\/az\/article\/ermeniler-bakinin-bratislavadaki-gorusden-imtina-etdiyini-deyirler\/","title":{"rendered":"Erm\u0259nil\u0259r Bak\u0131n\u0131n Bratislavadak\u0131 g\u00f6r\u00fc\u015fd\u0259n imtina etdiyini deyirl\u0259r"},"content":{"rendered":"\n<p><\/p>\n\n\n\n<p><strong><em>&#8220;Rusiya g\u00f6r\u00fc\u015f\u00fc Yevlaxda v\u0259 ya Bak\u0131da t\u0259\u015fkil etm\u0259y\u0259 \u00e7al\u0131\u015f\u0131r&#8221;<\/em><\/strong><\/p>\n\n\n\n<p>Erm\u0259nistan medias\u0131 tan\u0131nmam\u0131\u015f \u201cDa\u011fl\u0131q Qaraba\u011f Respublikas\u0131\u201dn\u0131n n\u00fcmay\u0259nd\u0259l\u0259rin\u0259 istinad\u0259n r\u0259smi Bak\u0131n\u0131n onlarla g\u00f6r\u00fc\u015fd\u0259n imtina etdiyini yaz\u0131r.<\/p>\n\n\n\n<p>Bu bar\u0259d\u0259 \u201cDa\u011fl\u0131q Qaraba\u011f Respublikas\u0131\u201dn\u0131n (erm\u0259ni t\u0259r\u0259f Artsax adland\u0131r\u0131r) lideri yan\u0131nda Antib\u00f6hran \u015euras\u0131n\u0131n s\u0259dri Tiqran Petrosyan Erm\u0259nistan medias\u0131na <a href=\"https:\/\/www.aysor.am\/ru\/news\/2023\/07\/31\/%D0%B1%D0%B0%D0%BA%D1%83-%D0%B2%D1%81%D1%82%D1%80%D0%B5%D1%87%D0%B0\/2127541\" target=\"_blank\" rel=\"noreferrer noopener\">dan\u0131\u015f\u0131b.<\/a><\/p>\n\n\n\n<p>O deyib ki, AB\u015e v\u0259 Avropa Birliyinin vasit\u0259\u00e7iliyi il\u0259 avqustun 1-d\u0259 Bratislavada &#8220;Da\u011fl\u0131q Qaraba\u011f&#8221;\u0131n erm\u0259ni icmas\u0131 v\u0259 Az\u0259rbaycan n\u00fcmay\u0259nd\u0259l\u0259ri aras\u0131nda g\u00f6r\u00fc\u015f ke\u00e7irilm\u0259li idi:<\/p>\n\n\n\n<p><em>\u201cLakin sra\u011fag\u00fcn Az\u0259rbaycan s\u0259b\u0259bl\u0259ri izah etm\u0259d\u0259n g\u00f6r\u00fc\u015fd\u0259n imtina etdi\u201d.<\/em><\/p>\n\n\n\n<p>Petrosyan qeyd edib ki, Rusiya bel\u0259 bir g\u00f6r\u00fc\u015f\u00fc Yevlaxda v\u0259 ya Bak\u0131da t\u0259\u015fkil etm\u0259y\u0259 \u00e7al\u0131\u015f\u0131r:<\/p>\n\n\n\n<p><em>\u201cAncaq orada dialoq ola bilm\u0259z, biz orada n\u0259l\u0259rin m\u00fczakir\u0259 olunaca\u011f\u0131n\u0131 \u00e7ox g\u00f6z\u0259l anlay\u0131r\u0131q\u201d.<\/em><\/p>\n\n\n<div class=\"wp-block-image\">\n<figure class=\"aligncenter size-full\"><img decoding=\"async\" width=\"1200\" height=\"800\" data-src=\"https:\/\/www.meydan.tv\/wp-content\/uploads\/untitled-design-2-131.jpg\" alt=\"\" class=\"wp-image-281177 lazyload\" src=\"data:image\/svg+xml;base64,PHN2ZyB3aWR0aD0iMSIgaGVpZ2h0PSIxIiB4bWxucz0iaHR0cDovL3d3dy53My5vcmcvMjAwMC9zdmciPjwvc3ZnPg==\" style=\"--smush-placeholder-width: 1200px; --smush-placeholder-aspect-ratio: 1200\/800;\" \/><figcaption class=\"wp-element-caption\">Tiqran Petrosyan. Foto: &#8220;aysor.am&#8221;<\/figcaption><\/figure>\n<\/div>\n\n\n<p>\u201c<em>AB\u015e v\u0259 Avropa Sofiyadan ba\u015flayaraq g\u00f6r\u00fc\u015f t\u0259\u015fkil etm\u0259y\u0259 \u00e7al\u0131\u015fd\u0131lar. Bundan x\u0259b\u0259r tutan Rusiya oyuna girdi. May\u0131n 25-d\u0259 Moskvada g\u00f6r\u00fc\u015f t\u0259\u015fkil etdi v\u0259 bu g\u00f6r\u00fc\u015fd\u0259 Sergey Lavrov bizi milli azl\u0131qlar\u0131n n\u00fcmay\u0259nd\u0259l\u0259ri adland\u0131rd\u0131 ki, bu da q\u0259buledilm\u0259zdir. Bel\u0259 yana\u015fma Rusiya hakimiyy\u0259tinin real siyas\u0259tini g\u00f6st\u0259rir\u201d,<\/em> &#8211; dey\u0259 Petrosyan bildirib.<\/p>\n\n\n\n<p>O, g\u00f6r\u00fc\u015f\u00fcn ke\u00e7irilm\u0259si m\u0259s\u0259l\u0259sini m\u00fczakir\u0259 etm\u0259k \u00fc\u00e7\u00fcn sabah v\u0259 ya ert\u0259si g\u00fcn Q\u0259rb \u00f6lk\u0259l\u0259rinin n\u00fcmay\u0259nd\u0259l\u0259rinin Yerevana g\u0259l\u0259c\u0259yini \u0259lav\u0259 edib.<\/p>\n\n\n\n<p>Siyasi \u015f\u0259rh\u00e7i \u015eahin C\u0259f\u0259rli bu c\u00fcr g\u00f6r\u00fc\u015fl\u0259rin Bak\u0131da ke\u00e7irilm\u0259sini Az\u0259rbaycan\u0131n maraqlar\u0131na uy\u011fun hesab edir.<\/p>\n\n\n\n<p>Ekspert Meydan TV-y\u0259 deyib ki, o, Q\u0259rbin t\u0259klifind\u0259 t\u0259hl\u00fck\u0259li bir \u015fey g\u00f6rm\u00fcr:<\/p>\n\n\n\n<p><em>\u201cAmma h\u0259r halda \u00f6lk\u0259 xaricind\u0259 t\u0259\u015fkil olunmas\u0131 bel\u0259 t\u0259\u0259ss\u00fcrat yaradar ki, burada iki t\u0259r\u0259f var. Y\u0259ni bir t\u0259r\u0259f Az\u0259rbaycan, o biri t\u0259r\u0259f Qaraba\u011f. Bu bax\u0131mdan Az\u0259rbaycan r\u0259hb\u0259rliyinin g\u00f6r\u00fc\u015fd\u0259n imtinas\u0131n\u0131 ba\u015fa d\u00fc\u015f\u00fcr\u0259m v\u0259 haql\u0131 say\u0131ram. Ona g\u00f6r\u0259 hakimiyy\u0259t g\u00f6r\u00fc\u015fl\u0259rin Bak\u0131da, yaxud Yevlaxda, G\u0259nc\u0259d\u0259 ke\u00e7irilm\u0259sin\u0259 \u00e7al\u0131\u015fmal\u0131d\u0131r, t\u0259bii ki, Rusiyan\u0131n i\u015ftirak\u0131 olmadan. Burada Rusiyan\u0131n da vasit\u0259\u00e7iliyin\u0259 ehtiyac yoxdur. \u00c7\u00fcnki Moskvan\u0131n problemin h\u0259llind\u0259 q\u0259ti maraql\u0131 olmad\u0131\u011f\u0131 ham\u0131ya ayd\u0131nd\u0131r. Bu bax\u0131mdan \u0259n ideal variant Bak\u0131da Qaraba\u011f erm\u0259nil\u0259rini q\u0259bul etm\u0259kdir\u201d.<\/em><\/p>\n\n\n<div class=\"wp-block-image\">\n<figure class=\"aligncenter size-full\"><img decoding=\"async\" data-src=\"https:\/\/www.meydan.tv\/wp-content\/uploads\/37695.jpg\" alt=\"\u015eahin C\u0259f\u0259rli\" class=\"wp-image-95405 lazyload\" src=\"data:image\/svg+xml;base64,PHN2ZyB3aWR0aD0iMSIgaGVpZ2h0PSIxIiB4bWxucz0iaHR0cDovL3d3dy53My5vcmcvMjAwMC9zdmciPjwvc3ZnPg==\" style=\"--smush-placeholder-width: 960px; --smush-placeholder-aspect-ratio: 960\/637;\" \/><figcaption class=\"wp-element-caption\">Foto: \u015eahin C\u0259f\u0259rlinin \u015f\u0259xsi arxivi<\/figcaption><\/figure>\n<\/div>\n\n\n<p><em>\u201cAz\u0259rbaycan d\u00f6vl\u0259ti onlar\u0131 \u00f6z v\u0259t\u0259nda\u015f\u0131 hesab edir v\u0259 m\u0259rk\u0259zi hakimiyy\u0259tl\u0259 h\u0259r hans\u0131 icma aras\u0131nda dialoq m\u0259hz \u00f6lk\u0259nin \u0259razisind\u0259 ke\u00e7irilm\u0259lidir. Bu m\u0259nada k\u0259nar g\u00fccl\u0259rin vasit\u0259\u00e7iliyin\u0259 d\u0259 ehtiyac yoxdur. Amma reall\u0131q ondan ibar\u0259tdir ki, haz\u0131rda Qaraba\u011fda Rusiya ordusu m\u00f6vcud oldu\u011fu \u00fc\u00e7\u00fcn erm\u0259ni icmas\u0131 da onlar\u0131n irad\u0259si \u00e7\u0259r\u00e7iv\u0259sind\u0259 h\u0259r\u0259k\u0259t edirl\u0259r. Bel\u0259 bir \u015f\u0259raitd\u0259 dialoqun ba\u015f tutmas\u0131 v\u0259 m\u0259hsuldar olmas\u0131 \u00fc\u00e7\u00fcn z\u0259min g\u00f6r\u00fcnm\u00fcr\u201d,<\/em> &#8211; dey\u0259 \u015eahin C\u0259f\u0259rli \u0259lav\u0259 edib.<\/p>\n\n\n\n<p>Rusiyan\u0131n Yevlaxda g\u00f6r\u00fc\u015f\u00fcn t\u0259\u015fkil olunmas\u0131 t\u0259klifin\u0259 g\u0259linc\u0259, C\u0259f\u0259rlinin s\u00f6zl\u0259rin\u0259 g\u00f6r\u0259, Moskva Bak\u0131n\u0131n maraqlar\u0131na do\u011fru add\u0131m atmaq g\u00f6r\u00fcnt\u00fcs\u00fc yarad\u0131r:<\/p>\n\n\n\n<p>\u201c<em>Ancaq burada da xo\u015f niyy\u0259t yoxdur. B\u00fct\u00fcn hallarda bel\u0259 bir g\u00f6r\u00fc\u015f olacaqsa, G\u0259nc\u0259d\u0259 v\u0259 ya Bak\u0131da vasit\u0259\u00e7il\u0259rsiz ke\u00e7irilsin. Bu h\u0259m d\u0259 Qaraba\u011f erm\u0259nil\u0259rinin Az\u0259rbaycan c\u0259miyy\u0259tin\u0259 reinteqrasiyas\u0131n\u0131n ba\u015flan\u0131lmas\u0131 y\u00f6n\u00fcnd\u0259 m\u00fch\u00fcm add\u0131m olar\u201d.<\/em><\/p>\n\n\n\n<p>Az\u0259rbaycan Prezidenti \u0130lham \u018fliyev iyulun 21-d\u0259 \u201c4-c\u00fc S\u0259naye \u0130nqilab\u0131 d\u00f6vr\u00fcnd\u0259 Yeni Media\u201d m\u00f6vzusunda \u015eu\u015fa Qlobal Media Forumunda bu bar\u0259d\u0259 dan\u0131\u015fm\u0131\u015fd\u0131.<\/p>\n\n\n\n<p>\u0130lham \u018fliyev Az\u0259rbaycan\u0131n Qaraba\u011f erm\u0259nil\u0259rin\u0259 g\u00f6r\u00fc\u015f \u00fc\u00e7\u00fcn t\u0259\u015f\u0259bb\u00fcs g\u00f6st\u0259rdiyini, ancaq onlar\u0131n imtina etdiyini bildirmi\u015fdi:<\/p>\n\n\n\n<p><em>\u201cBiz t\u0259\u015f\u0259bb\u00fcs g\u00f6st\u0259rdik, m\u0259n Qaraba\u011f erm\u0259nil\u0259rinin n\u00fcmay\u0259nd\u0259l\u0259ri il\u0259 t\u0259masla m\u0259\u015f\u011ful olmaq \u00fc\u00e7\u00fcn x\u00fcsusi n\u00fcmay\u0259nd\u0259 t\u0259yin etdim v\u0259 bu t\u0259maslar\u0131n qurulmas\u0131 m\u0259qs\u0259dil\u0259 o, Qaraba\u011fa g\u00f6nd\u0259rildi. Birinci g\u00f6r\u00fc\u015f m\u0259hz orada, Xocal\u0131 q\u0259s\u0259b\u0259sind\u0259 Rusiya s\u00fclhm\u0259raml\u0131 kontingentinin bazas\u0131nda oldu. Bundan sonra biz Qaraba\u011f erm\u0259nil\u0259rinin n\u00fcmay\u0259nd\u0259l\u0259rini dialoqu davam etdirm\u0259k \u00fc\u00e7\u00fcn Bak\u0131ya d\u0259v\u0259t etdik. Lakin onlar imtina etdil\u0259r, h\u0259m d\u0259 n\u00fcmayi\u015fkaran\u0259 \u015f\u0259kild\u0259. M\u00fc\u0259yy\u0259n vaxtdan sonra biz onlar\u0131 yenid\u0259n d\u0259v\u0259t etdik. Ola bil\u0259rdi ki, hans\u0131sa s\u0259hv olub, onlar\u0131n, h\u0259qiq\u0259t\u0259n d\u0259, bunu ist\u0259m\u0259dikl\u0259rin\u0259 \u0259min olmaq m\u0259s\u0259l\u0259sind\u0259 yanl\u0131\u015fl\u0131q ola bil\u0259rdi. Yen\u0259 d\u0259 imtina etdil\u0259r. Lakin m\u0259n onda dedim ki, \u00fc\u00e7\u00fcnc\u00fc d\u0259v\u0259t olmayacaq. \u0130st\u0259mirl\u0259rs\u0259, dem\u0259k, <a href=\"https:\/\/president.az\/az\/articles\/view\/60544\" target=\"_blank\" rel=\"noreferrer noopener\">ist\u0259mirl\u0259r\u201d<\/a>.<\/em><\/p>\n\n\n\n<p>Meydan TV Az\u0259rbaycan Xarici \u0130\u015fl\u0259r Nazirliyin\u0259 T.Petrosyan\u0131n a\u00e7\u0131qlamas\u0131 il\u0259 ba\u011fl\u0131 sor\u011fu g\u00f6nd\u0259rs\u0259 d\u0259, reaksiya verilm\u0259yib.<\/p>\n\n\n\n<p><strong><em>M\u00fcnaqi\u015f\u0259nin q\u0131sa xronikas\u0131<\/em><\/strong><\/p>\n\n\n\n<p>Az\u0259rbaycan v\u0259 Erm\u0259nistan aras\u0131nda olan Qaraba\u011f m\u00fcnaqi\u015f\u0259sinin ilkin m\u0259rh\u0259l\u0259si 1988-ci ild\u0259 ba\u015flay\u0131b.<\/p>\n\n\n\n<p>Erm\u0259nistan\u0131n Az\u0259rbaycana \u0259razi iddialar\u0131 il\u0259 ba\u015flayan v\u0259 1994-c\u00fc ild\u0259 imzalanan at\u0259\u015fk\u0259s raz\u0131la\u015fmas\u0131 il\u0259 bit\u0259n Birinci Qaraba\u011f m\u00fcharib\u0259si zaman\u0131 Az\u0259rbaycan\u0131n Da\u011fl\u0131q Qaraba\u011f b\u00f6lg\u0259si v\u0259 ona biti\u015fik 7 rayonu i\u015f\u011fal edilib.<\/p>\n\n\n\n<p>2020-ci ilin sentyabr\u0131nda Az\u0259rbaycan v\u0259 Erm\u0259nistan silahl\u0131 q\u00fcvv\u0259l\u0259ri aras\u0131nda ba\u015f vermi\u015f 44 g\u00fcnl\u00fck \u0130kinci Qaraba\u011f m\u00fcharib\u0259si n\u0259tic\u0259sind\u0259 is\u0259 Az\u0259rbaycan Qaraba\u011f\u0131n bir hiss\u0259sin\u0259 v\u0259 \u0259traf 7 rayona n\u0259zar\u0259ti b\u0259rpa edib.<\/p>\n\n\n\n<p>Az\u0259rbaycan, Erm\u0259nistan v\u0259 Rusiya r\u0259hb\u0259rliyinin imzalad\u0131\u011f\u0131 \u00fc\u00e7t\u0259r\u0259fli birg\u0259 b\u0259yanatla d\u00f6y\u00fc\u015fl\u0259r dayand\u0131r\u0131landan sonra La\u00e7\u0131n d\u0259hlizind\u0259 v\u0259 Qaraba\u011fdak\u0131 t\u0259mas x\u0259ttind\u0259 Rusiya s\u00fclhm\u0259raml\u0131lar\u0131 yerl\u0259\u015fdirilib.<\/p>\n\n\n\n<p>Haz\u0131rk\u0131 m\u0259rh\u0259l\u0259d\u0259 \u0259razid\u0259 tez-tez at\u0259\u015fk\u0259s pozulur, h\u0259tta g\u00fcnl\u0259rl\u0259 s\u00fcr\u0259n d\u00f6y\u00fc\u015fl\u0259r ba\u015f verir.<\/p>\n\n\n\n<p>N\u0259tic\u0259d\u0259 h\u0259r iki t\u0259r\u0259f itki verir v\u0259 buna g\u00f6r\u0259 bir-birl\u0259rini g\u00fcnahland\u0131r\u0131rlar.<\/p>\n","protected":false},"excerpt":{"rendered":"<p>&#8220;Rusiya g\u00f6r\u00fc\u015f\u00fc Yevlaxda v\u0259 ya Bak\u0131da t\u0259\u015fkil etm\u0259y\u0259 \u00e7al\u0131\u015f\u0131r&#8221; Erm\u0259nistan &#8230; <\/p>\n<p class=\"read-more-container\"><a title=\"Erm\u0259nil\u0259r Bak\u0131n\u0131n Bratislavadak\u0131 g\u00f6r\u00fc\u015fd\u0259n imtina etdiyini deyirl\u0259r\" class=\"read-more button\" href=\"https:\/\/www.meydan.tv\/az\/article\/ermeniler-bakinin-bratislavadaki-gorusden-imtina-etdiyini-deyirler\/#more-281176\" aria-label=\"Read more about Erm\u0259nil\u0259r Bak\u0131n\u0131n Bratislavadak\u0131 g\u00f6r\u00fc\u015fd\u0259n imtina etdiyini deyirl\u0259r\">Davam\u0131<\/a><\/p>\n","protected":false},"author":8,"featured_media":273434,"comment_status":"closed","ping_status":"closed","sticky":false,"template":"","format":"standard","meta":{"_acf_changed":false,"_sitemap_exclude":false,"_sitemap_priority":"","_sitemap_frequency":"","footnotes":""},"categories":[59,56],"tags":[],"class_list":["post-281176","post","type-post","status-publish","format-standard","has-post-thumbnail","hentry","category-siyaset","category-xeberler","infinite-scroll-item","generate-columns","tablet-grid-50","mobile-grid-100","grid-parent","grid-33","no-featured-image-padding"],"acf":[],"yoast_head":"<!-- This site is optimized with the Yoast SEO plugin v27.4 - https:\/\/yoast.com\/product\/yoast-seo-wordpress\/ -->\n<title>Erm\u0259nil\u0259r Bak\u0131n\u0131n Bratislavadak\u0131 g\u00f6r\u00fc\u015fd\u0259n imtina etdiyini deyirl\u0259r - MEYDAN.TV<\/title>\n<meta name=\"robots\" content=\"index, follow, max-snippet:-1, max-image-preview:large, max-video-preview:-1\" \/>\n<link rel=\"canonical\" href=\"https:\/\/www.meydan.tv\/az\/article\/ermeniler-bakinin-bratislavadaki-gorusden-imtina-etdiyini-deyirler\/\" \/>\n<meta property=\"og:locale\" content=\"az_AZ\" \/>\n<meta property=\"og:type\" content=\"article\" \/>\n<meta property=\"og:title\" content=\"Erm\u0259nil\u0259r Bak\u0131n\u0131n Bratislavadak\u0131 g\u00f6r\u00fc\u015fd\u0259n imtina etdiyini deyirl\u0259r - MEYDAN.TV\" \/>\n<meta property=\"og:description\" content=\"&#8220;Rusiya g\u00f6r\u00fc\u015f\u00fc Yevlaxda v\u0259 ya Bak\u0131da t\u0259\u015fkil etm\u0259y\u0259 \u00e7al\u0131\u015f\u0131r&#8221; Erm\u0259nistan ... Davam\u0131\" \/>\n<meta property=\"og:url\" content=\"https:\/\/www.meydan.tv\/az\/article\/ermeniler-bakinin-bratislavadaki-gorusden-imtina-etdiyini-deyirler\/\" \/>\n<meta property=\"og:site_name\" content=\"MEYDAN.TV\" \/>\n<meta property=\"article:published_time\" content=\"2023-08-01T09:00:54+00:00\" \/>\n<meta property=\"article:modified_time\" content=\"2023-08-01T09:00:57+00:00\" \/>\n<meta property=\"og:image\" content=\"https:\/\/www.meydan.tv\/wp-content\/uploads\/image0-2.jpeg\" \/>\n\t<meta property=\"og:image:width\" content=\"1200\" \/>\n\t<meta property=\"og:image:height\" content=\"800\" \/>\n\t<meta property=\"og:image:type\" content=\"image\/jpeg\" \/>\n<meta name=\"author\" content=\"elli\" \/>\n<meta name=\"twitter:card\" content=\"summary_large_image\" \/>\n<meta name=\"twitter:creator\" content=\"@elli\" \/>\n<script type=\"application\/ld+json\" class=\"yoast-schema-graph\">{\"@context\":\"https:\\\/\\\/schema.org\",\"@graph\":[{\"@type\":\"Article\",\"@id\":\"https:\\\/\\\/www.meydan.tv\\\/az\\\/article\\\/ermeniler-bakinin-bratislavadaki-gorusden-imtina-etdiyini-deyirler\\\/#article\",\"isPartOf\":{\"@id\":\"https:\\\/\\\/www.meydan.tv\\\/az\\\/article\\\/ermeniler-bakinin-bratislavadaki-gorusden-imtina-etdiyini-deyirler\\\/\"},\"author\":{\"name\":\"elli\",\"@id\":\"https:\\\/\\\/www.meydan.tv\\\/az\\\/#\\\/schema\\\/person\\\/9cdbecf90d17180ce1dfbd95b08dcf47\"},\"headline\":\"Erm\u0259nil\u0259r Bak\u0131n\u0131n Bratislavadak\u0131 g\u00f6r\u00fc\u015fd\u0259n imtina etdiyini deyirl\u0259r\",\"datePublished\":\"2023-08-01T09:00:54+00:00\",\"dateModified\":\"2023-08-01T09:00:57+00:00\",\"mainEntityOfPage\":{\"@id\":\"https:\\\/\\\/www.meydan.tv\\\/az\\\/article\\\/ermeniler-bakinin-bratislavadaki-gorusden-imtina-etdiyini-deyirler\\\/\"},\"wordCount\":1159,\"publisher\":{\"@id\":\"https:\\\/\\\/www.meydan.tv\\\/az\\\/#organization\"},\"image\":{\"@id\":\"https:\\\/\\\/www.meydan.tv\\\/az\\\/article\\\/ermeniler-bakinin-bratislavadaki-gorusden-imtina-etdiyini-deyirler\\\/#primaryimage\"},\"thumbnailUrl\":\"https:\\\/\\\/www.meydan.tv\\\/wp-content\\\/uploads\\\/image0-2.jpeg\",\"articleSection\":[\"Siyas\u0259t\",\"X\u0259b\u0259rl\u0259r\"],\"inLanguage\":\"az\"},{\"@type\":\"WebPage\",\"@id\":\"https:\\\/\\\/www.meydan.tv\\\/az\\\/article\\\/ermeniler-bakinin-bratislavadaki-gorusden-imtina-etdiyini-deyirler\\\/\",\"url\":\"https:\\\/\\\/www.meydan.tv\\\/az\\\/article\\\/ermeniler-bakinin-bratislavadaki-gorusden-imtina-etdiyini-deyirler\\\/\",\"name\":\"Erm\u0259nil\u0259r Bak\u0131n\u0131n Bratislavadak\u0131 g\u00f6r\u00fc\u015fd\u0259n imtina etdiyini deyirl\u0259r - MEYDAN.TV\",\"isPartOf\":{\"@id\":\"https:\\\/\\\/www.meydan.tv\\\/az\\\/#website\"},\"primaryImageOfPage\":{\"@id\":\"https:\\\/\\\/www.meydan.tv\\\/az\\\/article\\\/ermeniler-bakinin-bratislavadaki-gorusden-imtina-etdiyini-deyirler\\\/#primaryimage\"},\"image\":{\"@id\":\"https:\\\/\\\/www.meydan.tv\\\/az\\\/article\\\/ermeniler-bakinin-bratislavadaki-gorusden-imtina-etdiyini-deyirler\\\/#primaryimage\"},\"thumbnailUrl\":\"https:\\\/\\\/www.meydan.tv\\\/wp-content\\\/uploads\\\/image0-2.jpeg\",\"datePublished\":\"2023-08-01T09:00:54+00:00\",\"dateModified\":\"2023-08-01T09:00:57+00:00\",\"breadcrumb\":{\"@id\":\"https:\\\/\\\/www.meydan.tv\\\/az\\\/article\\\/ermeniler-bakinin-bratislavadaki-gorusden-imtina-etdiyini-deyirler\\\/#breadcrumb\"},\"inLanguage\":\"az\",\"potentialAction\":[{\"@type\":\"ReadAction\",\"target\":[\"https:\\\/\\\/www.meydan.tv\\\/az\\\/article\\\/ermeniler-bakinin-bratislavadaki-gorusden-imtina-etdiyini-deyirler\\\/\"]}]},{\"@type\":\"ImageObject\",\"inLanguage\":\"az\",\"@id\":\"https:\\\/\\\/www.meydan.tv\\\/az\\\/article\\\/ermeniler-bakinin-bratislavadaki-gorusden-imtina-etdiyini-deyirler\\\/#primaryimage\",\"url\":\"https:\\\/\\\/www.meydan.tv\\\/wp-content\\\/uploads\\\/image0-2.jpeg\",\"contentUrl\":\"https:\\\/\\\/www.meydan.tv\\\/wp-content\\\/uploads\\\/image0-2.jpeg\",\"width\":1200,\"height\":800,\"caption\":\"Qaraba\u011fdak\u0131 erm\u0259nil\u0259r. Foto: Meydan TV\"},{\"@type\":\"BreadcrumbList\",\"@id\":\"https:\\\/\\\/www.meydan.tv\\\/az\\\/article\\\/ermeniler-bakinin-bratislavadaki-gorusden-imtina-etdiyini-deyirler\\\/#breadcrumb\",\"itemListElement\":[{\"@type\":\"ListItem\",\"position\":1,\"name\":\"Ana s\u0259hif\u0259\",\"item\":\"https:\\\/\\\/www.meydan.tv\\\/az\\\/\"},{\"@type\":\"ListItem\",\"position\":2,\"name\":\"Siyas\u0259t\",\"item\":\"https:\\\/\\\/www.meydan.tv\\\/az\\\/section\\\/siyaset\\\/\"},{\"@type\":\"ListItem\",\"position\":3,\"name\":\"Erm\u0259nil\u0259r Bak\u0131n\u0131n Bratislavadak\u0131 g\u00f6r\u00fc\u015fd\u0259n imtina etdiyini deyirl\u0259r\"}]},{\"@type\":\"WebSite\",\"@id\":\"https:\\\/\\\/www.meydan.tv\\\/az\\\/#website\",\"url\":\"https:\\\/\\\/www.meydan.tv\\\/az\\\/\",\"name\":\"MEYDAN.TV\",\"description\":\"Meydan TV Az\u0259rbaycan\u0131n media m\u0259kan\u0131ndak\u0131 alternativ s\u0259sidir\",\"publisher\":{\"@id\":\"https:\\\/\\\/www.meydan.tv\\\/az\\\/#organization\"},\"potentialAction\":[{\"@type\":\"SearchAction\",\"target\":{\"@type\":\"EntryPoint\",\"urlTemplate\":\"https:\\\/\\\/www.meydan.tv\\\/az\\\/?s={search_term_string}\"},\"query-input\":{\"@type\":\"PropertyValueSpecification\",\"valueRequired\":true,\"valueName\":\"search_term_string\"}}],\"inLanguage\":\"az\"},{\"@type\":\"Organization\",\"@id\":\"https:\\\/\\\/www.meydan.tv\\\/az\\\/#organization\",\"name\":\"Meydan TV\",\"url\":\"https:\\\/\\\/www.meydan.tv\\\/az\\\/\",\"logo\":{\"@type\":\"ImageObject\",\"inLanguage\":\"az\",\"@id\":\"https:\\\/\\\/www.meydan.tv\\\/az\\\/#\\\/schema\\\/logo\\\/image\\\/\",\"url\":\"https:\\\/\\\/www.meydan.tv\\\/wp-content\\\/uploads\\\/2021\\\/07\\\/meydan-logo.svg\",\"contentUrl\":\"https:\\\/\\\/www.meydan.tv\\\/wp-content\\\/uploads\\\/2021\\\/07\\\/meydan-logo.svg\",\"width\":195,\"height\":46,\"caption\":\"Meydan TV\"},\"image\":{\"@id\":\"https:\\\/\\\/www.meydan.tv\\\/az\\\/#\\\/schema\\\/logo\\\/image\\\/\"}},{\"@type\":\"Person\",\"@id\":\"https:\\\/\\\/www.meydan.tv\\\/az\\\/#\\\/schema\\\/person\\\/9cdbecf90d17180ce1dfbd95b08dcf47\",\"name\":\"elli\",\"sameAs\":[\"https:\\\/\\\/x.com\\\/elli\"]}]}<\/script>\n<!-- \/ Yoast SEO plugin. -->","yoast_head_json":{"title":"Erm\u0259nil\u0259r Bak\u0131n\u0131n Bratislavadak\u0131 g\u00f6r\u00fc\u015fd\u0259n imtina etdiyini deyirl\u0259r - MEYDAN.TV","robots":{"index":"index","follow":"follow","max-snippet":"max-snippet:-1","max-image-preview":"max-image-preview:large","max-video-preview":"max-video-preview:-1"},"canonical":"https:\/\/www.meydan.tv\/az\/article\/ermeniler-bakinin-bratislavadaki-gorusden-imtina-etdiyini-deyirler\/","og_locale":"az_AZ","og_type":"article","og_title":"Erm\u0259nil\u0259r Bak\u0131n\u0131n Bratislavadak\u0131 g\u00f6r\u00fc\u015fd\u0259n imtina etdiyini deyirl\u0259r - MEYDAN.TV","og_description":"&#8220;Rusiya g\u00f6r\u00fc\u015f\u00fc Yevlaxda v\u0259 ya Bak\u0131da t\u0259\u015fkil etm\u0259y\u0259 \u00e7al\u0131\u015f\u0131r&#8221; Erm\u0259nistan ... Davam\u0131","og_url":"https:\/\/www.meydan.tv\/az\/article\/ermeniler-bakinin-bratislavadaki-gorusden-imtina-etdiyini-deyirler\/","og_site_name":"MEYDAN.TV","article_published_time":"2023-08-01T09:00:54+00:00","article_modified_time":"2023-08-01T09:00:57+00:00","og_image":[{"width":1200,"height":800,"url":"https:\/\/www.meydan.tv\/wp-content\/uploads\/image0-2.jpeg","type":"image\/jpeg"}],"author":"elli","twitter_card":"summary_large_image","twitter_creator":"@elli","schema":{"@context":"https:\/\/schema.org","@graph":[{"@type":"Article","@id":"https:\/\/www.meydan.tv\/az\/article\/ermeniler-bakinin-bratislavadaki-gorusden-imtina-etdiyini-deyirler\/#article","isPartOf":{"@id":"https:\/\/www.meydan.tv\/az\/article\/ermeniler-bakinin-bratislavadaki-gorusden-imtina-etdiyini-deyirler\/"},"author":{"name":"elli","@id":"https:\/\/www.meydan.tv\/az\/#\/schema\/person\/9cdbecf90d17180ce1dfbd95b08dcf47"},"headline":"Erm\u0259nil\u0259r Bak\u0131n\u0131n Bratislavadak\u0131 g\u00f6r\u00fc\u015fd\u0259n imtina etdiyini deyirl\u0259r","datePublished":"2023-08-01T09:00:54+00:00","dateModified":"2023-08-01T09:00:57+00:00","mainEntityOfPage":{"@id":"https:\/\/www.meydan.tv\/az\/article\/ermeniler-bakinin-bratislavadaki-gorusden-imtina-etdiyini-deyirler\/"},"wordCount":1159,"publisher":{"@id":"https:\/\/www.meydan.tv\/az\/#organization"},"image":{"@id":"https:\/\/www.meydan.tv\/az\/article\/ermeniler-bakinin-bratislavadaki-gorusden-imtina-etdiyini-deyirler\/#primaryimage"},"thumbnailUrl":"https:\/\/www.meydan.tv\/wp-content\/uploads\/image0-2.jpeg","articleSection":["Siyas\u0259t","X\u0259b\u0259rl\u0259r"],"inLanguage":"az"},{"@type":"WebPage","@id":"https:\/\/www.meydan.tv\/az\/article\/ermeniler-bakinin-bratislavadaki-gorusden-imtina-etdiyini-deyirler\/","url":"https:\/\/www.meydan.tv\/az\/article\/ermeniler-bakinin-bratislavadaki-gorusden-imtina-etdiyini-deyirler\/","name":"Erm\u0259nil\u0259r Bak\u0131n\u0131n Bratislavadak\u0131 g\u00f6r\u00fc\u015fd\u0259n imtina etdiyini deyirl\u0259r - MEYDAN.TV","isPartOf":{"@id":"https:\/\/www.meydan.tv\/az\/#website"},"primaryImageOfPage":{"@id":"https:\/\/www.meydan.tv\/az\/article\/ermeniler-bakinin-bratislavadaki-gorusden-imtina-etdiyini-deyirler\/#primaryimage"},"image":{"@id":"https:\/\/www.meydan.tv\/az\/article\/ermeniler-bakinin-bratislavadaki-gorusden-imtina-etdiyini-deyirler\/#primaryimage"},"thumbnailUrl":"https:\/\/www.meydan.tv\/wp-content\/uploads\/image0-2.jpeg","datePublished":"2023-08-01T09:00:54+00:00","dateModified":"2023-08-01T09:00:57+00:00","breadcrumb":{"@id":"https:\/\/www.meydan.tv\/az\/article\/ermeniler-bakinin-bratislavadaki-gorusden-imtina-etdiyini-deyirler\/#breadcrumb"},"inLanguage":"az","potentialAction":[{"@type":"ReadAction","target":["https:\/\/www.meydan.tv\/az\/article\/ermeniler-bakinin-bratislavadaki-gorusden-imtina-etdiyini-deyirler\/"]}]},{"@type":"ImageObject","inLanguage":"az","@id":"https:\/\/www.meydan.tv\/az\/article\/ermeniler-bakinin-bratislavadaki-gorusden-imtina-etdiyini-deyirler\/#primaryimage","url":"https:\/\/www.meydan.tv\/wp-content\/uploads\/image0-2.jpeg","contentUrl":"https:\/\/www.meydan.tv\/wp-content\/uploads\/image0-2.jpeg","width":1200,"height":800,"caption":"Qaraba\u011fdak\u0131 erm\u0259nil\u0259r. Foto: Meydan TV"},{"@type":"BreadcrumbList","@id":"https:\/\/www.meydan.tv\/az\/article\/ermeniler-bakinin-bratislavadaki-gorusden-imtina-etdiyini-deyirler\/#breadcrumb","itemListElement":[{"@type":"ListItem","position":1,"name":"Ana s\u0259hif\u0259","item":"https:\/\/www.meydan.tv\/az\/"},{"@type":"ListItem","position":2,"name":"Siyas\u0259t","item":"https:\/\/www.meydan.tv\/az\/section\/siyaset\/"},{"@type":"ListItem","position":3,"name":"Erm\u0259nil\u0259r Bak\u0131n\u0131n Bratislavadak\u0131 g\u00f6r\u00fc\u015fd\u0259n imtina etdiyini deyirl\u0259r"}]},{"@type":"WebSite","@id":"https:\/\/www.meydan.tv\/az\/#website","url":"https:\/\/www.meydan.tv\/az\/","name":"MEYDAN.TV","description":"Meydan TV Az\u0259rbaycan\u0131n media m\u0259kan\u0131ndak\u0131 alternativ s\u0259sidir","publisher":{"@id":"https:\/\/www.meydan.tv\/az\/#organization"},"potentialAction":[{"@type":"SearchAction","target":{"@type":"EntryPoint","urlTemplate":"https:\/\/www.meydan.tv\/az\/?s={search_term_string}"},"query-input":{"@type":"PropertyValueSpecification","valueRequired":true,"valueName":"search_term_string"}}],"inLanguage":"az"},{"@type":"Organization","@id":"https:\/\/www.meydan.tv\/az\/#organization","name":"Meydan TV","url":"https:\/\/www.meydan.tv\/az\/","logo":{"@type":"ImageObject","inLanguage":"az","@id":"https:\/\/www.meydan.tv\/az\/#\/schema\/logo\/image\/","url":"https:\/\/www.meydan.tv\/wp-content\/uploads\/2021\/07\/meydan-logo.svg","contentUrl":"https:\/\/www.meydan.tv\/wp-content\/uploads\/2021\/07\/meydan-logo.svg","width":195,"height":46,"caption":"Meydan TV"},"image":{"@id":"https:\/\/www.meydan.tv\/az\/#\/schema\/logo\/image\/"}},{"@type":"Person","@id":"https:\/\/www.meydan.tv\/az\/#\/schema\/person\/9cdbecf90d17180ce1dfbd95b08dcf47","name":"elli","sameAs":["https:\/\/x.com\/elli"]}]}},"_links":{"self":[{"href":"https:\/\/www.meydan.tv\/az\/wp-json\/wp\/v2\/posts\/281176","targetHints":{"allow":["GET"]}}],"collection":[{"href":"https:\/\/www.meydan.tv\/az\/wp-json\/wp\/v2\/posts"}],"about":[{"href":"https:\/\/www.meydan.tv\/az\/wp-json\/wp\/v2\/types\/post"}],"author":[{"embeddable":true,"href":"https:\/\/www.meydan.tv\/az\/wp-json\/wp\/v2\/users\/8"}],"replies":[{"embeddable":true,"href":"https:\/\/www.meydan.tv\/az\/wp-json\/wp\/v2\/comments?post=281176"}],"version-history":[{"count":3,"href":"https:\/\/www.meydan.tv\/az\/wp-json\/wp\/v2\/posts\/281176\/revisions"}],"predecessor-version":[{"id":281195,"href":"https:\/\/www.meydan.tv\/az\/wp-json\/wp\/v2\/posts\/281176\/revisions\/281195"}],"wp:featuredmedia":[{"embeddable":true,"href":"https:\/\/www.meydan.tv\/az\/wp-json\/wp\/v2\/media\/273434"}],"wp:attachment":[{"href":"https:\/\/www.meydan.tv\/az\/wp-json\/wp\/v2\/media?parent=281176"}],"wp:term":[{"taxonomy":"category","embeddable":true,"href":"https:\/\/www.meydan.tv\/az\/wp-json\/wp\/v2\/categories?post=281176"},{"taxonomy":"post_tag","embeddable":true,"href":"https:\/\/www.meydan.tv\/az\/wp-json\/wp\/v2\/tags?post=281176"}],"curies":[{"name":"wp","href":"https:\/\/api.w.org\/{rel}","templated":true}]}}