{"id":281166,"date":"2023-08-01T11:27:16","date_gmt":"2023-08-01T07:27:16","guid":{"rendered":"https:\/\/www.meydan.tv\/?p=281166"},"modified":"2023-08-01T11:27:19","modified_gmt":"2023-08-01T07:27:19","slug":"aspa-prezidenti-dialoq-ve-faktarasdirici-missiyani-azerbaycana-cagirir","status":"publish","type":"post","link":"https:\/\/www.meydan.tv\/az\/article\/aspa-prezidenti-dialoq-ve-faktarasdirici-missiyani-azerbaycana-cagirir\/","title":{"rendered":"A\u015ePA prezidenti dialoq v\u0259 faktara\u015fd\u0131r\u0131c\u0131 missiyan\u0131 Az\u0259rbaycana \u00e7a\u011f\u0131r\u0131r"},"content":{"rendered":"\n<p><\/p>\n\n\n\n<p><strong><em>Tiny Kox Qaraba\u011fda humanitar v\u0259ziyy\u0259t v\u0259 insan haqlar\u0131 il\u0259 ba\u011fl\u0131 narahatl\u0131\u011f\u0131n\u0131 ifad\u0259 edib<\/em><\/strong><\/p>\n\n\n\n<p>Avropa \u015euras\u0131 Parlament Assambleyas\u0131n\u0131n (A\u015ePA) s\u0259dri Tiny Kox iyulun 31-d\u0259 Da\u011fl\u0131q Qaraba\u011fla ba\u011fl\u0131 <a href=\"https:\/\/pace.coe.int\/en\/news\/9175\/nagorno-karabakh-pace-president-urges-dialogue-and-fact-finding-mission-to-azerbaijan-\" target=\"_blank\" rel=\"noreferrer noopener\">b\u0259yanatla<\/a> \u00e7\u0131x\u0131\u015f edib.<\/p>\n\n\n\n<p>B\u0259yanatda bildirilir ki, o, Da\u011fl\u0131q Qaraba\u011fda humanitar v\u0259 insan haqlar\u0131 il\u0259 ba\u011fl\u0131 v\u0259ziyy\u0259tin daha da pisl\u0259\u015fm\u0259sini n\u0259z\u0259r\u0259 alaraq, Avropa \u015euras\u0131 Nazirl\u0259r Komit\u0259sin\u0259 Az\u0259rbaycana m\u00fcmk\u00fcn q\u0259d\u0259r tez bir zamanda faktara\u015fd\u0131r\u0131c\u0131 missiya t\u0259\u015fkil etm\u0259l\u0259rini xahi\u015f edib:<\/p>\n\n\n\n<p>\u201c<em>2022-ci il dekabr\u0131n 12-d\u0259n etibar\u0259n La\u00e7\u0131n d\u0259hlizin\u0259 s\u0259rb\u0259st v\u0259 t\u0259hl\u00fck\u0259siz giri\u015fin olmamas\u0131 s\u0259b\u0259bind\u0259n erm\u0259nil\u0259rin ya\u015fad\u0131qlar\u0131 v\u0259 t\u0259sirl\u0259ndikl\u0259ri v\u0259ziyy\u0259ti qiym\u0259tl\u0259ndirm\u0259k \u00fc\u00e7\u00fcn missiyan\u0131n g\u0259lm\u0259si vacibdir\u201d.<\/em><\/p>\n\n\n\n<p>Tiny Kox bildirib ki, o, Avropa \u015euras\u0131 Ba\u015f katibinin 28 iyul 2023-c\u00fc ild\u0259 s\u0259sl\u0259ndirdiyi dialoq \u00e7a\u011f\u0131r\u0131\u015f\u0131na qo\u015fulur, h\u0259m Az\u0259rbaycan\u0131, h\u0259m d\u0259 Erm\u0259nistan\u0131 Avropa \u015euras\u0131na \u00fczv d\u00f6vl\u0259tl\u0259r kimi, n\u0259hay\u0259t, 1991-ci ild\u0259 \u00fczvl\u00fckl\u0259 ba\u011fl\u0131 g\u00f6t\u00fcrd\u00fckl\u0259ri qar\u015f\u0131l\u0131ql\u0131 \u00f6hd\u0259likl\u0259ri yerin\u0259 yetirm\u0259y\u0259 \u00e7a\u011f\u0131r\u0131r:<\/p>\n\n\n\n<p>\u201c<em>G\u0259rginliyi azaltmaq v\u0259 \u00f6lk\u0259l\u0259ri aras\u0131nda s\u00fclh\u00fc b\u0259rpa etm\u0259k \u00fc\u00e7\u00fcn bu, vacibdir\u201d.<\/em><\/p>\n\n\n\n<p>1988-ci ild\u0259 Erm\u0259nistan\u0131n Az\u0259rbaycana \u0259razi iddialar\u0131 il\u0259 Qaraba\u011f m\u00fcnaqi\u015f\u0259si ba\u015flay\u0131b.<\/p>\n\n\n\n<p>1994-c\u00fc ild\u0259 ger\u00e7\u0259kl\u0259\u015f\u0259n at\u0259\u015fk\u0259s raz\u0131la\u015fmas\u0131na q\u0259d\u0259r Az\u0259rbaycan\u0131n Da\u011fl\u0131q Qaraba\u011f b\u00f6lg\u0259si v\u0259 ona biti\u015fik yeddi rayonu Erm\u0259nistan t\u0259r\u0259find\u0259n i\u015f\u011fal edilib.<\/p>\n\n\n\n<p>2020-ci ilin sentyabr\u0131nda ba\u015flayan v\u0259 44 g\u00fcn davam ed\u0259n \u0130kinci Qaraba\u011f m\u00fcharib\u0259si il\u0259 Az\u0259rbaycan Erm\u0259nistan\u0131n i\u015f\u011fal etdiyi rayonlar\u0131n \u0259ks\u0259riyy\u0259tin\u0259 n\u0259zar\u0259ti b\u0259rpa edib, lakin t\u0259r\u0259fl\u0259r aras\u0131ndak\u0131 d\u00f6y\u00fc\u015fl\u0259r bitm\u0259yib.<\/p>\n\n\n\n<p>At\u0259\u015fk\u0259s raz\u0131la\u015fmas\u0131ndan sonra da ikisi b\u00f6y\u00fck olmaqla, t\u0259r\u0259fl\u0259r aras\u0131nda tez-tez at\u0259\u015fk\u0259s rejimi pozulur, itkil\u0259r olur.<\/p>\n\n\n\n<p>Bu prosesd\u0259 t\u0259r\u0259fl\u0259r bir-birini g\u00fcnahland\u0131r\u0131r.<\/p>\n","protected":false},"excerpt":{"rendered":"<p>Tiny Kox Qaraba\u011fda humanitar v\u0259ziyy\u0259t v\u0259 insan haqlar\u0131 il\u0259 ba\u011fl\u0131 &#8230; <\/p>\n<p class=\"read-more-container\"><a title=\"A\u015ePA prezidenti dialoq v\u0259 faktara\u015fd\u0131r\u0131c\u0131 missiyan\u0131 Az\u0259rbaycana \u00e7a\u011f\u0131r\u0131r\" class=\"read-more button\" href=\"https:\/\/www.meydan.tv\/az\/article\/aspa-prezidenti-dialoq-ve-faktarasdirici-missiyani-azerbaycana-cagirir\/#more-281166\" aria-label=\"Read more about A\u015ePA prezidenti dialoq v\u0259 faktara\u015fd\u0131r\u0131c\u0131 missiyan\u0131 Az\u0259rbaycana \u00e7a\u011f\u0131r\u0131r\">Davam\u0131<\/a><\/p>\n","protected":false},"author":8,"featured_media":281167,"comment_status":"closed","ping_status":"closed","sticky":false,"template":"","format":"standard","meta":{"_acf_changed":false,"_sitemap_exclude":false,"_sitemap_priority":"","_sitemap_frequency":"","footnotes":""},"categories":[59,79,56],"tags":[],"class_list":["post-281166","post","type-post","status-publish","format-standard","has-post-thumbnail","hentry","category-siyaset","category-featured","category-xeberler","infinite-scroll-item","generate-columns","tablet-grid-50","mobile-grid-100","grid-parent","grid-33","no-featured-image-padding"],"acf":[],"yoast_head":"<!-- This site is optimized with the Yoast SEO plugin v27.4 - https:\/\/yoast.com\/product\/yoast-seo-wordpress\/ -->\n<title>A\u015ePA prezidenti dialoq v\u0259 faktara\u015fd\u0131r\u0131c\u0131 missiyan\u0131 Az\u0259rbaycana \u00e7a\u011f\u0131r\u0131r - MEYDAN.TV<\/title>\n<meta name=\"robots\" content=\"index, follow, max-snippet:-1, max-image-preview:large, max-video-preview:-1\" \/>\n<link rel=\"canonical\" href=\"https:\/\/www.meydan.tv\/az\/article\/aspa-prezidenti-dialoq-ve-faktarasdirici-missiyani-azerbaycana-cagirir\/\" \/>\n<meta property=\"og:locale\" content=\"az_AZ\" \/>\n<meta property=\"og:type\" content=\"article\" \/>\n<meta property=\"og:title\" content=\"A\u015ePA prezidenti dialoq v\u0259 faktara\u015fd\u0131r\u0131c\u0131 missiyan\u0131 Az\u0259rbaycana \u00e7a\u011f\u0131r\u0131r - MEYDAN.TV\" \/>\n<meta property=\"og:description\" content=\"Tiny Kox Qaraba\u011fda humanitar v\u0259ziyy\u0259t v\u0259 insan haqlar\u0131 il\u0259 ba\u011fl\u0131 ... Davam\u0131\" \/>\n<meta property=\"og:url\" content=\"https:\/\/www.meydan.tv\/az\/article\/aspa-prezidenti-dialoq-ve-faktarasdirici-missiyani-azerbaycana-cagirir\/\" \/>\n<meta property=\"og:site_name\" content=\"MEYDAN.TV\" \/>\n<meta property=\"article:published_time\" content=\"2023-08-01T07:27:16+00:00\" \/>\n<meta property=\"article:modified_time\" content=\"2023-08-01T07:27:19+00:00\" \/>\n<meta property=\"og:image\" content=\"https:\/\/www.meydan.tv\/wp-content\/uploads\/untitled-design-1-114.jpg\" \/>\n\t<meta property=\"og:image:width\" content=\"1200\" \/>\n\t<meta property=\"og:image:height\" content=\"800\" \/>\n\t<meta property=\"og:image:type\" content=\"image\/jpeg\" \/>\n<meta name=\"author\" content=\"elli\" \/>\n<meta name=\"twitter:card\" content=\"summary_large_image\" \/>\n<meta name=\"twitter:creator\" content=\"@elli\" \/>\n<script type=\"application\/ld+json\" class=\"yoast-schema-graph\">{\"@context\":\"https:\\\/\\\/schema.org\",\"@graph\":[{\"@type\":\"Article\",\"@id\":\"https:\\\/\\\/www.meydan.tv\\\/az\\\/article\\\/aspa-prezidenti-dialoq-ve-faktarasdirici-missiyani-azerbaycana-cagirir\\\/#article\",\"isPartOf\":{\"@id\":\"https:\\\/\\\/www.meydan.tv\\\/az\\\/article\\\/aspa-prezidenti-dialoq-ve-faktarasdirici-missiyani-azerbaycana-cagirir\\\/\"},\"author\":{\"name\":\"elli\",\"@id\":\"https:\\\/\\\/www.meydan.tv\\\/az\\\/#\\\/schema\\\/person\\\/9cdbecf90d17180ce1dfbd95b08dcf47\"},\"headline\":\"A\u015ePA prezidenti dialoq v\u0259 faktara\u015fd\u0131r\u0131c\u0131 missiyan\u0131 Az\u0259rbaycana \u00e7a\u011f\u0131r\u0131r\",\"datePublished\":\"2023-08-01T07:27:16+00:00\",\"dateModified\":\"2023-08-01T07:27:19+00:00\",\"mainEntityOfPage\":{\"@id\":\"https:\\\/\\\/www.meydan.tv\\\/az\\\/article\\\/aspa-prezidenti-dialoq-ve-faktarasdirici-missiyani-azerbaycana-cagirir\\\/\"},\"wordCount\":398,\"publisher\":{\"@id\":\"https:\\\/\\\/www.meydan.tv\\\/az\\\/#organization\"},\"image\":{\"@id\":\"https:\\\/\\\/www.meydan.tv\\\/az\\\/article\\\/aspa-prezidenti-dialoq-ve-faktarasdirici-missiyani-azerbaycana-cagirir\\\/#primaryimage\"},\"thumbnailUrl\":\"https:\\\/\\\/www.meydan.tv\\\/wp-content\\\/uploads\\\/untitled-design-1-114.jpg\",\"articleSection\":[\"Siyas\u0259t\",\"T\u00f6vsiy\u0259\",\"X\u0259b\u0259rl\u0259r\"],\"inLanguage\":\"az\"},{\"@type\":\"WebPage\",\"@id\":\"https:\\\/\\\/www.meydan.tv\\\/az\\\/article\\\/aspa-prezidenti-dialoq-ve-faktarasdirici-missiyani-azerbaycana-cagirir\\\/\",\"url\":\"https:\\\/\\\/www.meydan.tv\\\/az\\\/article\\\/aspa-prezidenti-dialoq-ve-faktarasdirici-missiyani-azerbaycana-cagirir\\\/\",\"name\":\"A\u015ePA prezidenti dialoq v\u0259 faktara\u015fd\u0131r\u0131c\u0131 missiyan\u0131 Az\u0259rbaycana \u00e7a\u011f\u0131r\u0131r - MEYDAN.TV\",\"isPartOf\":{\"@id\":\"https:\\\/\\\/www.meydan.tv\\\/az\\\/#website\"},\"primaryImageOfPage\":{\"@id\":\"https:\\\/\\\/www.meydan.tv\\\/az\\\/article\\\/aspa-prezidenti-dialoq-ve-faktarasdirici-missiyani-azerbaycana-cagirir\\\/#primaryimage\"},\"image\":{\"@id\":\"https:\\\/\\\/www.meydan.tv\\\/az\\\/article\\\/aspa-prezidenti-dialoq-ve-faktarasdirici-missiyani-azerbaycana-cagirir\\\/#primaryimage\"},\"thumbnailUrl\":\"https:\\\/\\\/www.meydan.tv\\\/wp-content\\\/uploads\\\/untitled-design-1-114.jpg\",\"datePublished\":\"2023-08-01T07:27:16+00:00\",\"dateModified\":\"2023-08-01T07:27:19+00:00\",\"breadcrumb\":{\"@id\":\"https:\\\/\\\/www.meydan.tv\\\/az\\\/article\\\/aspa-prezidenti-dialoq-ve-faktarasdirici-missiyani-azerbaycana-cagirir\\\/#breadcrumb\"},\"inLanguage\":\"az\",\"potentialAction\":[{\"@type\":\"ReadAction\",\"target\":[\"https:\\\/\\\/www.meydan.tv\\\/az\\\/article\\\/aspa-prezidenti-dialoq-ve-faktarasdirici-missiyani-azerbaycana-cagirir\\\/\"]}]},{\"@type\":\"ImageObject\",\"inLanguage\":\"az\",\"@id\":\"https:\\\/\\\/www.meydan.tv\\\/az\\\/article\\\/aspa-prezidenti-dialoq-ve-faktarasdirici-missiyani-azerbaycana-cagirir\\\/#primaryimage\",\"url\":\"https:\\\/\\\/www.meydan.tv\\\/wp-content\\\/uploads\\\/untitled-design-1-114.jpg\",\"contentUrl\":\"https:\\\/\\\/www.meydan.tv\\\/wp-content\\\/uploads\\\/untitled-design-1-114.jpg\",\"width\":1200,\"height\":800,\"caption\":\"Tiny Kox. Foto: \\\"coe.int\\\"\"},{\"@type\":\"BreadcrumbList\",\"@id\":\"https:\\\/\\\/www.meydan.tv\\\/az\\\/article\\\/aspa-prezidenti-dialoq-ve-faktarasdirici-missiyani-azerbaycana-cagirir\\\/#breadcrumb\",\"itemListElement\":[{\"@type\":\"ListItem\",\"position\":1,\"name\":\"Ana s\u0259hif\u0259\",\"item\":\"https:\\\/\\\/www.meydan.tv\\\/az\\\/\"},{\"@type\":\"ListItem\",\"position\":2,\"name\":\"Siyas\u0259t\",\"item\":\"https:\\\/\\\/www.meydan.tv\\\/az\\\/section\\\/siyaset\\\/\"},{\"@type\":\"ListItem\",\"position\":3,\"name\":\"A\u015ePA prezidenti dialoq v\u0259 faktara\u015fd\u0131r\u0131c\u0131 missiyan\u0131 Az\u0259rbaycana \u00e7a\u011f\u0131r\u0131r\"}]},{\"@type\":\"WebSite\",\"@id\":\"https:\\\/\\\/www.meydan.tv\\\/az\\\/#website\",\"url\":\"https:\\\/\\\/www.meydan.tv\\\/az\\\/\",\"name\":\"MEYDAN.TV\",\"description\":\"Meydan TV Az\u0259rbaycan\u0131n media m\u0259kan\u0131ndak\u0131 alternativ s\u0259sidir\",\"publisher\":{\"@id\":\"https:\\\/\\\/www.meydan.tv\\\/az\\\/#organization\"},\"potentialAction\":[{\"@type\":\"SearchAction\",\"target\":{\"@type\":\"EntryPoint\",\"urlTemplate\":\"https:\\\/\\\/www.meydan.tv\\\/az\\\/?s={search_term_string}\"},\"query-input\":{\"@type\":\"PropertyValueSpecification\",\"valueRequired\":true,\"valueName\":\"search_term_string\"}}],\"inLanguage\":\"az\"},{\"@type\":\"Organization\",\"@id\":\"https:\\\/\\\/www.meydan.tv\\\/az\\\/#organization\",\"name\":\"Meydan TV\",\"url\":\"https:\\\/\\\/www.meydan.tv\\\/az\\\/\",\"logo\":{\"@type\":\"ImageObject\",\"inLanguage\":\"az\",\"@id\":\"https:\\\/\\\/www.meydan.tv\\\/az\\\/#\\\/schema\\\/logo\\\/image\\\/\",\"url\":\"https:\\\/\\\/www.meydan.tv\\\/wp-content\\\/uploads\\\/2021\\\/07\\\/meydan-logo.svg\",\"contentUrl\":\"https:\\\/\\\/www.meydan.tv\\\/wp-content\\\/uploads\\\/2021\\\/07\\\/meydan-logo.svg\",\"width\":195,\"height\":46,\"caption\":\"Meydan TV\"},\"image\":{\"@id\":\"https:\\\/\\\/www.meydan.tv\\\/az\\\/#\\\/schema\\\/logo\\\/image\\\/\"}},{\"@type\":\"Person\",\"@id\":\"https:\\\/\\\/www.meydan.tv\\\/az\\\/#\\\/schema\\\/person\\\/9cdbecf90d17180ce1dfbd95b08dcf47\",\"name\":\"elli\",\"sameAs\":[\"https:\\\/\\\/x.com\\\/elli\"]}]}<\/script>\n<!-- \/ Yoast SEO plugin. -->","yoast_head_json":{"title":"A\u015ePA prezidenti dialoq v\u0259 faktara\u015fd\u0131r\u0131c\u0131 missiyan\u0131 Az\u0259rbaycana \u00e7a\u011f\u0131r\u0131r - MEYDAN.TV","robots":{"index":"index","follow":"follow","max-snippet":"max-snippet:-1","max-image-preview":"max-image-preview:large","max-video-preview":"max-video-preview:-1"},"canonical":"https:\/\/www.meydan.tv\/az\/article\/aspa-prezidenti-dialoq-ve-faktarasdirici-missiyani-azerbaycana-cagirir\/","og_locale":"az_AZ","og_type":"article","og_title":"A\u015ePA prezidenti dialoq v\u0259 faktara\u015fd\u0131r\u0131c\u0131 missiyan\u0131 Az\u0259rbaycana \u00e7a\u011f\u0131r\u0131r - MEYDAN.TV","og_description":"Tiny Kox Qaraba\u011fda humanitar v\u0259ziyy\u0259t v\u0259 insan haqlar\u0131 il\u0259 ba\u011fl\u0131 ... Davam\u0131","og_url":"https:\/\/www.meydan.tv\/az\/article\/aspa-prezidenti-dialoq-ve-faktarasdirici-missiyani-azerbaycana-cagirir\/","og_site_name":"MEYDAN.TV","article_published_time":"2023-08-01T07:27:16+00:00","article_modified_time":"2023-08-01T07:27:19+00:00","og_image":[{"width":1200,"height":800,"url":"https:\/\/www.meydan.tv\/wp-content\/uploads\/untitled-design-1-114.jpg","type":"image\/jpeg"}],"author":"elli","twitter_card":"summary_large_image","twitter_creator":"@elli","schema":{"@context":"https:\/\/schema.org","@graph":[{"@type":"Article","@id":"https:\/\/www.meydan.tv\/az\/article\/aspa-prezidenti-dialoq-ve-faktarasdirici-missiyani-azerbaycana-cagirir\/#article","isPartOf":{"@id":"https:\/\/www.meydan.tv\/az\/article\/aspa-prezidenti-dialoq-ve-faktarasdirici-missiyani-azerbaycana-cagirir\/"},"author":{"name":"elli","@id":"https:\/\/www.meydan.tv\/az\/#\/schema\/person\/9cdbecf90d17180ce1dfbd95b08dcf47"},"headline":"A\u015ePA prezidenti dialoq v\u0259 faktara\u015fd\u0131r\u0131c\u0131 missiyan\u0131 Az\u0259rbaycana \u00e7a\u011f\u0131r\u0131r","datePublished":"2023-08-01T07:27:16+00:00","dateModified":"2023-08-01T07:27:19+00:00","mainEntityOfPage":{"@id":"https:\/\/www.meydan.tv\/az\/article\/aspa-prezidenti-dialoq-ve-faktarasdirici-missiyani-azerbaycana-cagirir\/"},"wordCount":398,"publisher":{"@id":"https:\/\/www.meydan.tv\/az\/#organization"},"image":{"@id":"https:\/\/www.meydan.tv\/az\/article\/aspa-prezidenti-dialoq-ve-faktarasdirici-missiyani-azerbaycana-cagirir\/#primaryimage"},"thumbnailUrl":"https:\/\/www.meydan.tv\/wp-content\/uploads\/untitled-design-1-114.jpg","articleSection":["Siyas\u0259t","T\u00f6vsiy\u0259","X\u0259b\u0259rl\u0259r"],"inLanguage":"az"},{"@type":"WebPage","@id":"https:\/\/www.meydan.tv\/az\/article\/aspa-prezidenti-dialoq-ve-faktarasdirici-missiyani-azerbaycana-cagirir\/","url":"https:\/\/www.meydan.tv\/az\/article\/aspa-prezidenti-dialoq-ve-faktarasdirici-missiyani-azerbaycana-cagirir\/","name":"A\u015ePA prezidenti dialoq v\u0259 faktara\u015fd\u0131r\u0131c\u0131 missiyan\u0131 Az\u0259rbaycana \u00e7a\u011f\u0131r\u0131r - MEYDAN.TV","isPartOf":{"@id":"https:\/\/www.meydan.tv\/az\/#website"},"primaryImageOfPage":{"@id":"https:\/\/www.meydan.tv\/az\/article\/aspa-prezidenti-dialoq-ve-faktarasdirici-missiyani-azerbaycana-cagirir\/#primaryimage"},"image":{"@id":"https:\/\/www.meydan.tv\/az\/article\/aspa-prezidenti-dialoq-ve-faktarasdirici-missiyani-azerbaycana-cagirir\/#primaryimage"},"thumbnailUrl":"https:\/\/www.meydan.tv\/wp-content\/uploads\/untitled-design-1-114.jpg","datePublished":"2023-08-01T07:27:16+00:00","dateModified":"2023-08-01T07:27:19+00:00","breadcrumb":{"@id":"https:\/\/www.meydan.tv\/az\/article\/aspa-prezidenti-dialoq-ve-faktarasdirici-missiyani-azerbaycana-cagirir\/#breadcrumb"},"inLanguage":"az","potentialAction":[{"@type":"ReadAction","target":["https:\/\/www.meydan.tv\/az\/article\/aspa-prezidenti-dialoq-ve-faktarasdirici-missiyani-azerbaycana-cagirir\/"]}]},{"@type":"ImageObject","inLanguage":"az","@id":"https:\/\/www.meydan.tv\/az\/article\/aspa-prezidenti-dialoq-ve-faktarasdirici-missiyani-azerbaycana-cagirir\/#primaryimage","url":"https:\/\/www.meydan.tv\/wp-content\/uploads\/untitled-design-1-114.jpg","contentUrl":"https:\/\/www.meydan.tv\/wp-content\/uploads\/untitled-design-1-114.jpg","width":1200,"height":800,"caption":"Tiny Kox. Foto: \"coe.int\""},{"@type":"BreadcrumbList","@id":"https:\/\/www.meydan.tv\/az\/article\/aspa-prezidenti-dialoq-ve-faktarasdirici-missiyani-azerbaycana-cagirir\/#breadcrumb","itemListElement":[{"@type":"ListItem","position":1,"name":"Ana s\u0259hif\u0259","item":"https:\/\/www.meydan.tv\/az\/"},{"@type":"ListItem","position":2,"name":"Siyas\u0259t","item":"https:\/\/www.meydan.tv\/az\/section\/siyaset\/"},{"@type":"ListItem","position":3,"name":"A\u015ePA prezidenti dialoq v\u0259 faktara\u015fd\u0131r\u0131c\u0131 missiyan\u0131 Az\u0259rbaycana \u00e7a\u011f\u0131r\u0131r"}]},{"@type":"WebSite","@id":"https:\/\/www.meydan.tv\/az\/#website","url":"https:\/\/www.meydan.tv\/az\/","name":"MEYDAN.TV","description":"Meydan TV Az\u0259rbaycan\u0131n media m\u0259kan\u0131ndak\u0131 alternativ s\u0259sidir","publisher":{"@id":"https:\/\/www.meydan.tv\/az\/#organization"},"potentialAction":[{"@type":"SearchAction","target":{"@type":"EntryPoint","urlTemplate":"https:\/\/www.meydan.tv\/az\/?s={search_term_string}"},"query-input":{"@type":"PropertyValueSpecification","valueRequired":true,"valueName":"search_term_string"}}],"inLanguage":"az"},{"@type":"Organization","@id":"https:\/\/www.meydan.tv\/az\/#organization","name":"Meydan TV","url":"https:\/\/www.meydan.tv\/az\/","logo":{"@type":"ImageObject","inLanguage":"az","@id":"https:\/\/www.meydan.tv\/az\/#\/schema\/logo\/image\/","url":"https:\/\/www.meydan.tv\/wp-content\/uploads\/2021\/07\/meydan-logo.svg","contentUrl":"https:\/\/www.meydan.tv\/wp-content\/uploads\/2021\/07\/meydan-logo.svg","width":195,"height":46,"caption":"Meydan TV"},"image":{"@id":"https:\/\/www.meydan.tv\/az\/#\/schema\/logo\/image\/"}},{"@type":"Person","@id":"https:\/\/www.meydan.tv\/az\/#\/schema\/person\/9cdbecf90d17180ce1dfbd95b08dcf47","name":"elli","sameAs":["https:\/\/x.com\/elli"]}]}},"_links":{"self":[{"href":"https:\/\/www.meydan.tv\/az\/wp-json\/wp\/v2\/posts\/281166","targetHints":{"allow":["GET"]}}],"collection":[{"href":"https:\/\/www.meydan.tv\/az\/wp-json\/wp\/v2\/posts"}],"about":[{"href":"https:\/\/www.meydan.tv\/az\/wp-json\/wp\/v2\/types\/post"}],"author":[{"embeddable":true,"href":"https:\/\/www.meydan.tv\/az\/wp-json\/wp\/v2\/users\/8"}],"replies":[{"embeddable":true,"href":"https:\/\/www.meydan.tv\/az\/wp-json\/wp\/v2\/comments?post=281166"}],"version-history":[{"count":1,"href":"https:\/\/www.meydan.tv\/az\/wp-json\/wp\/v2\/posts\/281166\/revisions"}],"predecessor-version":[{"id":281170,"href":"https:\/\/www.meydan.tv\/az\/wp-json\/wp\/v2\/posts\/281166\/revisions\/281170"}],"wp:featuredmedia":[{"embeddable":true,"href":"https:\/\/www.meydan.tv\/az\/wp-json\/wp\/v2\/media\/281167"}],"wp:attachment":[{"href":"https:\/\/www.meydan.tv\/az\/wp-json\/wp\/v2\/media?parent=281166"}],"wp:term":[{"taxonomy":"category","embeddable":true,"href":"https:\/\/www.meydan.tv\/az\/wp-json\/wp\/v2\/categories?post=281166"},{"taxonomy":"post_tag","embeddable":true,"href":"https:\/\/www.meydan.tv\/az\/wp-json\/wp\/v2\/tags?post=281166"}],"curies":[{"name":"wp","href":"https:\/\/api.w.org\/{rel}","templated":true}]}}