{"id":281132,"date":"2023-07-31T17:08:22","date_gmt":"2023-07-31T13:08:22","guid":{"rendered":"https:\/\/www.meydan.tv\/?p=281132"},"modified":"2023-07-31T17:08:25","modified_gmt":"2023-07-31T13:08:25","slug":"siyasi-mehbus-hesab-edilen-sexslerin-siyahisi-yenilendi-204-nefer","status":"publish","type":"post","link":"https:\/\/www.meydan.tv\/az\/article\/siyasi-mehbus-hesab-edilen-sexslerin-siyahisi-yenilendi-204-nefer\/","title":{"rendered":"Siyasi m\u0259hbus hesab edil\u0259n \u015f\u0259xsl\u0259rin siyah\u0131s\u0131 yenil\u0259ndi \u2013 204 n\u0259f\u0259r"},"content":{"rendered":"\n<p><\/p>\n\n\n\n<p><em><strong>Siyah\u0131ya 34 n\u0259f\u0259rin ad\u0131 \u0259lav\u0259 olunub<\/strong><\/em><\/p>\n\n\n\n<p>\u0130yulun 31-d\u0259 \u201cAz\u0259rbaycan Siyasi M\u0259hbuslar\u0131na Azadl\u0131q\u201d Birliyi siyasi motivl\u0259rl\u0259 h\u0259bsd\u0259 olan 204 n\u0259f\u0259rin ad\u0131 yaz\u0131lan yenil\u0259nmi\u015f siyah\u0131 d\u0259rc edib.<\/p>\n\n\n\n<p>Bundan \u0259vv\u0259l aprelin 20-d\u0259 a\u00e7\u0131qlanan siyah\u0131ya 182 n\u0259f\u0259r daxil edilmi\u015fdi.<\/p>\n\n\n\n<p>Bu d\u0259f\u0259 siyah\u0131ya 34 yeni ad \u0259lav\u0259 olunub.<\/p>\n\n\n\n<p>Onlar\u0131n aras\u0131nda Az\u0259rbaycan Demokratiya v\u0259 Rifah Partiyas\u0131n\u0131n s\u0259dri, iqtisad\u00e7\u0131 Qubad \u0130bado\u011flu, sabiq deputat, ictimai xadim v\u0259 i\u015f adam\u0131 Nazim B\u0259yd\u0259mirli, AXCP \u00fczv\u00fc Elxan \u018fliyev d\u0259 var. Siyah\u0131da yer alan dig\u0259r yeni simalar aprel-iyul aylar\u0131nda narkotik alveri ittiham\u0131 il\u0259 h\u0259bs edil\u0259n inancl\u0131lard\u0131r. Bel\u0259likl\u0259, hesabatda dini inancl\u0131 siyasi m\u0259hbuslar\u0131n \u00fcmumi say\u0131 147 n\u0259f\u0259r\u0259 \u00e7at\u0131b.<\/p>\n\n\n\n<p>Birlik 204 siyasi m\u0259hbus hesab olunan \u015f\u0259xsl\u0259ri&nbsp; 7 qrupa b\u00f6l\u00fcb.<\/p>\n\n\n\n<p>Birinci \u201cjurnalist v\u0259 bloger\u201d qrupunda Polad Aslanov, Osman N\u0259rimano\u011flu v\u0259 blogerl\u0259r B\u0259xtiyar Hac\u0131yev, R\u0259\u015fad Ramazanov v\u0259 Aslan Qurbanov da daxil olmaqla 5 n\u0259f\u0259r var.<\/p>\n\n\n\n<p>\u201cM\u00fcxalif partiya v\u0259 h\u0259r\u0259katlar\u0131n \u00fczvl\u0259ri\u201d qrupunda 7 n\u0259f\u0259r, o c\u00fcml\u0259d\u0259n Az\u0259rbaycan Xalq C\u0259bh\u0259si Partiyas\u0131n\u0131n f\u0259allar\u0131 &#8211; \u018flizamin Salayev, Niyam\u0259ddin \u018fhm\u0259dov, \u015eahin Hac\u0131yev, Aqil H\u00fcmb\u0259tov, el\u0259c\u0259 d\u0259 yuxar\u0131da adlar\u0131 \u00e7\u0259kil\u0259n \u00fc\u00e7 yeni \u015f\u0259xsin ad\u0131 yer al\u0131b.<\/p>\n\n\n\n<p>\u201cAlmaniyadan deportasiya edil\u0259n siyasi m\u00fchacirl\u0259r\u201d qrupunda 5 n\u0259f\u0259r, dindarlar qrupunda is\u0259 147 var:<\/p>\n\n\n\n<p>&#8220;&#8221;T\u0259rt\u0259r i\u015fi&#8221; \u00fczr\u0259 7, &#8220;G\u0259nc\u0259 i\u015fi&#8221; \u00fczr\u0259 22 n\u0259f\u0259r siyah\u0131da qal\u0131b. Daha 11 siyasi m\u0259hbus hesab edil\u0259n \u015f\u0259xs \u00f6m\u00fcrl\u00fck h\u0259bs c\u0259zas\u0131n\u0131 \u00e7\u0259kir&#8221;.<\/p>\n\n\n\n<p>2018-ci ilin noyabr\u0131ndan \u201cAz\u0259rbaycan Siyasi M\u0259hbuslar\u0131na Azadl\u0131q\u201d Birliyinin siyah\u0131s\u0131 S\u00fclh v\u0259 Demokratiya \u0130nstitutunun direktoru Leyla Yunus v\u0259 Siyasi M\u0259hbuslar\u0131n Monitorinqi M\u0259rk\u0259zinin r\u0259hb\u0259ri El\u015f\u0259n H\u0259s\u0259nov t\u0259r\u0259find\u0259n t\u0259rtib edilir.<\/p>\n\n\n\n<p>\u0130lk d\u0259f\u0259 olaraq siyah\u0131da 200-d\u0259n \u00e7ox adam yer al\u0131b.<\/p>\n\n\n\n<p>Az\u0259rbaycan hakimiyy\u0259ti \u00f6lk\u0259d\u0259 siyasi m\u0259hbuslar\u0131n olmas\u0131 il\u0259 ba\u011fl\u0131 iddialar\u0131 q\u0259bul etmir v\u0259 bunu q\u0259r\u0259zli bax\u0131\u015f hesab edir. R\u0259smi Bak\u0131 \u00f6lk\u0259d\u0259 fundamental h\u00fcquqlar\u0131n tam t\u0259min edildiyini, insanlar\u0131n irad\u0259sin\u0259 v\u0259 inanclar\u0131na g\u00f6r\u0259 t\u0259qib edilm\u0259diyni b\u0259yan edir.<\/p>\n\n\n\n<p>Avropa \u015euras\u0131 Parlament Assambleyas\u0131 2021-ci ild\u0259 Az\u0259rbaycanda siyasi m\u0259hbuslarla ba\u011fl\u0131 q\u0259tnam\u0259 q\u0259bul edib.<\/p>\n","protected":false},"excerpt":{"rendered":"<p>Siyah\u0131ya 34 n\u0259f\u0259rin ad\u0131 \u0259lav\u0259 olunub \u0130yulun 31-d\u0259 \u201cAz\u0259rbaycan Siyasi &#8230; <\/p>\n<p class=\"read-more-container\"><a title=\"Siyasi m\u0259hbus hesab edil\u0259n \u015f\u0259xsl\u0259rin siyah\u0131s\u0131 yenil\u0259ndi \u2013 204 n\u0259f\u0259r\" class=\"read-more button\" href=\"https:\/\/www.meydan.tv\/az\/article\/siyasi-mehbus-hesab-edilen-sexslerin-siyahisi-yenilendi-204-nefer\/#more-281132\" aria-label=\"Read more about Siyasi m\u0259hbus hesab edil\u0259n \u015f\u0259xsl\u0259rin siyah\u0131s\u0131 yenil\u0259ndi \u2013 204 n\u0259f\u0259r\">Davam\u0131<\/a><\/p>\n","protected":false},"author":8,"featured_media":142832,"comment_status":"closed","ping_status":"closed","sticky":false,"template":"","format":"standard","meta":{"_acf_changed":false,"_sitemap_exclude":false,"_sitemap_priority":"","_sitemap_frequency":"","footnotes":""},"categories":[59,79,56],"tags":[],"class_list":["post-281132","post","type-post","status-publish","format-standard","has-post-thumbnail","hentry","category-siyaset","category-featured","category-xeberler","infinite-scroll-item","generate-columns","tablet-grid-50","mobile-grid-100","grid-parent","grid-33","no-featured-image-padding"],"acf":[],"yoast_head":"<!-- This site is optimized with the Yoast SEO plugin v27.4 - https:\/\/yoast.com\/product\/yoast-seo-wordpress\/ -->\n<title>Siyasi m\u0259hbus hesab edil\u0259n \u015f\u0259xsl\u0259rin siyah\u0131s\u0131 yenil\u0259ndi \u2013 204 n\u0259f\u0259r - MEYDAN.TV<\/title>\n<meta name=\"robots\" content=\"index, follow, max-snippet:-1, max-image-preview:large, max-video-preview:-1\" \/>\n<link rel=\"canonical\" href=\"https:\/\/www.meydan.tv\/az\/article\/siyasi-mehbus-hesab-edilen-sexslerin-siyahisi-yenilendi-204-nefer\/\" \/>\n<meta property=\"og:locale\" content=\"az_AZ\" \/>\n<meta property=\"og:type\" content=\"article\" \/>\n<meta property=\"og:title\" content=\"Siyasi m\u0259hbus hesab edil\u0259n \u015f\u0259xsl\u0259rin siyah\u0131s\u0131 yenil\u0259ndi \u2013 204 n\u0259f\u0259r - MEYDAN.TV\" \/>\n<meta property=\"og:description\" content=\"Siyah\u0131ya 34 n\u0259f\u0259rin ad\u0131 \u0259lav\u0259 olunub \u0130yulun 31-d\u0259 \u201cAz\u0259rbaycan Siyasi ... Davam\u0131\" \/>\n<meta property=\"og:url\" content=\"https:\/\/www.meydan.tv\/az\/article\/siyasi-mehbus-hesab-edilen-sexslerin-siyahisi-yenilendi-204-nefer\/\" \/>\n<meta property=\"og:site_name\" content=\"MEYDAN.TV\" \/>\n<meta property=\"article:published_time\" content=\"2023-07-31T13:08:22+00:00\" \/>\n<meta property=\"article:modified_time\" content=\"2023-07-31T13:08:25+00:00\" \/>\n<meta property=\"og:image\" content=\"https:\/\/www.meydan.tv\/wp-content\/uploads\/untitled9_2_r7l7p0f-e1681993554101.png\" \/>\n\t<meta property=\"og:image:width\" content=\"1000\" \/>\n\t<meta property=\"og:image:height\" content=\"442\" \/>\n\t<meta property=\"og:image:type\" content=\"image\/png\" \/>\n<meta name=\"author\" content=\"elli\" \/>\n<meta name=\"twitter:card\" content=\"summary_large_image\" \/>\n<meta name=\"twitter:creator\" content=\"@elli\" \/>\n<script type=\"application\/ld+json\" class=\"yoast-schema-graph\">{\"@context\":\"https:\\\/\\\/schema.org\",\"@graph\":[{\"@type\":\"Article\",\"@id\":\"https:\\\/\\\/www.meydan.tv\\\/az\\\/article\\\/siyasi-mehbus-hesab-edilen-sexslerin-siyahisi-yenilendi-204-nefer\\\/#article\",\"isPartOf\":{\"@id\":\"https:\\\/\\\/www.meydan.tv\\\/az\\\/article\\\/siyasi-mehbus-hesab-edilen-sexslerin-siyahisi-yenilendi-204-nefer\\\/\"},\"author\":{\"name\":\"elli\",\"@id\":\"https:\\\/\\\/www.meydan.tv\\\/az\\\/#\\\/schema\\\/person\\\/9cdbecf90d17180ce1dfbd95b08dcf47\"},\"headline\":\"Siyasi m\u0259hbus hesab edil\u0259n \u015f\u0259xsl\u0259rin siyah\u0131s\u0131 yenil\u0259ndi \u2013 204 n\u0259f\u0259r\",\"datePublished\":\"2023-07-31T13:08:22+00:00\",\"dateModified\":\"2023-07-31T13:08:25+00:00\",\"mainEntityOfPage\":{\"@id\":\"https:\\\/\\\/www.meydan.tv\\\/az\\\/article\\\/siyasi-mehbus-hesab-edilen-sexslerin-siyahisi-yenilendi-204-nefer\\\/\"},\"wordCount\":435,\"publisher\":{\"@id\":\"https:\\\/\\\/www.meydan.tv\\\/az\\\/#organization\"},\"image\":{\"@id\":\"https:\\\/\\\/www.meydan.tv\\\/az\\\/article\\\/siyasi-mehbus-hesab-edilen-sexslerin-siyahisi-yenilendi-204-nefer\\\/#primaryimage\"},\"thumbnailUrl\":\"https:\\\/\\\/www.meydan.tv\\\/wp-content\\\/uploads\\\/untitled9_2_r7l7p0f-e1681993554101.png\",\"articleSection\":[\"Siyas\u0259t\",\"T\u00f6vsiy\u0259\",\"X\u0259b\u0259rl\u0259r\"],\"inLanguage\":\"az\"},{\"@type\":\"WebPage\",\"@id\":\"https:\\\/\\\/www.meydan.tv\\\/az\\\/article\\\/siyasi-mehbus-hesab-edilen-sexslerin-siyahisi-yenilendi-204-nefer\\\/\",\"url\":\"https:\\\/\\\/www.meydan.tv\\\/az\\\/article\\\/siyasi-mehbus-hesab-edilen-sexslerin-siyahisi-yenilendi-204-nefer\\\/\",\"name\":\"Siyasi m\u0259hbus hesab edil\u0259n \u015f\u0259xsl\u0259rin siyah\u0131s\u0131 yenil\u0259ndi \u2013 204 n\u0259f\u0259r - MEYDAN.TV\",\"isPartOf\":{\"@id\":\"https:\\\/\\\/www.meydan.tv\\\/az\\\/#website\"},\"primaryImageOfPage\":{\"@id\":\"https:\\\/\\\/www.meydan.tv\\\/az\\\/article\\\/siyasi-mehbus-hesab-edilen-sexslerin-siyahisi-yenilendi-204-nefer\\\/#primaryimage\"},\"image\":{\"@id\":\"https:\\\/\\\/www.meydan.tv\\\/az\\\/article\\\/siyasi-mehbus-hesab-edilen-sexslerin-siyahisi-yenilendi-204-nefer\\\/#primaryimage\"},\"thumbnailUrl\":\"https:\\\/\\\/www.meydan.tv\\\/wp-content\\\/uploads\\\/untitled9_2_r7l7p0f-e1681993554101.png\",\"datePublished\":\"2023-07-31T13:08:22+00:00\",\"dateModified\":\"2023-07-31T13:08:25+00:00\",\"breadcrumb\":{\"@id\":\"https:\\\/\\\/www.meydan.tv\\\/az\\\/article\\\/siyasi-mehbus-hesab-edilen-sexslerin-siyahisi-yenilendi-204-nefer\\\/#breadcrumb\"},\"inLanguage\":\"az\",\"potentialAction\":[{\"@type\":\"ReadAction\",\"target\":[\"https:\\\/\\\/www.meydan.tv\\\/az\\\/article\\\/siyasi-mehbus-hesab-edilen-sexslerin-siyahisi-yenilendi-204-nefer\\\/\"]}]},{\"@type\":\"ImageObject\",\"inLanguage\":\"az\",\"@id\":\"https:\\\/\\\/www.meydan.tv\\\/az\\\/article\\\/siyasi-mehbus-hesab-edilen-sexslerin-siyahisi-yenilendi-204-nefer\\\/#primaryimage\",\"url\":\"https:\\\/\\\/www.meydan.tv\\\/wp-content\\\/uploads\\\/untitled9_2_r7l7p0f-e1681993554101.png\",\"contentUrl\":\"https:\\\/\\\/www.meydan.tv\\\/wp-content\\\/uploads\\\/untitled9_2_r7l7p0f-e1681993554101.png\",\"width\":1000,\"height\":442,\"caption\":\"Foto: Meydan TV\"},{\"@type\":\"BreadcrumbList\",\"@id\":\"https:\\\/\\\/www.meydan.tv\\\/az\\\/article\\\/siyasi-mehbus-hesab-edilen-sexslerin-siyahisi-yenilendi-204-nefer\\\/#breadcrumb\",\"itemListElement\":[{\"@type\":\"ListItem\",\"position\":1,\"name\":\"Ana s\u0259hif\u0259\",\"item\":\"https:\\\/\\\/www.meydan.tv\\\/az\\\/\"},{\"@type\":\"ListItem\",\"position\":2,\"name\":\"Siyas\u0259t\",\"item\":\"https:\\\/\\\/www.meydan.tv\\\/az\\\/section\\\/siyaset\\\/\"},{\"@type\":\"ListItem\",\"position\":3,\"name\":\"Siyasi m\u0259hbus hesab edil\u0259n \u015f\u0259xsl\u0259rin siyah\u0131s\u0131 yenil\u0259ndi \u2013 204 n\u0259f\u0259r\"}]},{\"@type\":\"WebSite\",\"@id\":\"https:\\\/\\\/www.meydan.tv\\\/az\\\/#website\",\"url\":\"https:\\\/\\\/www.meydan.tv\\\/az\\\/\",\"name\":\"MEYDAN.TV\",\"description\":\"Meydan TV Az\u0259rbaycan\u0131n media m\u0259kan\u0131ndak\u0131 alternativ s\u0259sidir\",\"publisher\":{\"@id\":\"https:\\\/\\\/www.meydan.tv\\\/az\\\/#organization\"},\"potentialAction\":[{\"@type\":\"SearchAction\",\"target\":{\"@type\":\"EntryPoint\",\"urlTemplate\":\"https:\\\/\\\/www.meydan.tv\\\/az\\\/?s={search_term_string}\"},\"query-input\":{\"@type\":\"PropertyValueSpecification\",\"valueRequired\":true,\"valueName\":\"search_term_string\"}}],\"inLanguage\":\"az\"},{\"@type\":\"Organization\",\"@id\":\"https:\\\/\\\/www.meydan.tv\\\/az\\\/#organization\",\"name\":\"Meydan TV\",\"url\":\"https:\\\/\\\/www.meydan.tv\\\/az\\\/\",\"logo\":{\"@type\":\"ImageObject\",\"inLanguage\":\"az\",\"@id\":\"https:\\\/\\\/www.meydan.tv\\\/az\\\/#\\\/schema\\\/logo\\\/image\\\/\",\"url\":\"https:\\\/\\\/www.meydan.tv\\\/wp-content\\\/uploads\\\/2021\\\/07\\\/meydan-logo.svg\",\"contentUrl\":\"https:\\\/\\\/www.meydan.tv\\\/wp-content\\\/uploads\\\/2021\\\/07\\\/meydan-logo.svg\",\"width\":195,\"height\":46,\"caption\":\"Meydan TV\"},\"image\":{\"@id\":\"https:\\\/\\\/www.meydan.tv\\\/az\\\/#\\\/schema\\\/logo\\\/image\\\/\"}},{\"@type\":\"Person\",\"@id\":\"https:\\\/\\\/www.meydan.tv\\\/az\\\/#\\\/schema\\\/person\\\/9cdbecf90d17180ce1dfbd95b08dcf47\",\"name\":\"elli\",\"sameAs\":[\"https:\\\/\\\/x.com\\\/elli\"]}]}<\/script>\n<!-- \/ Yoast SEO plugin. -->","yoast_head_json":{"title":"Siyasi m\u0259hbus hesab edil\u0259n \u015f\u0259xsl\u0259rin siyah\u0131s\u0131 yenil\u0259ndi \u2013 204 n\u0259f\u0259r - MEYDAN.TV","robots":{"index":"index","follow":"follow","max-snippet":"max-snippet:-1","max-image-preview":"max-image-preview:large","max-video-preview":"max-video-preview:-1"},"canonical":"https:\/\/www.meydan.tv\/az\/article\/siyasi-mehbus-hesab-edilen-sexslerin-siyahisi-yenilendi-204-nefer\/","og_locale":"az_AZ","og_type":"article","og_title":"Siyasi m\u0259hbus hesab edil\u0259n \u015f\u0259xsl\u0259rin siyah\u0131s\u0131 yenil\u0259ndi \u2013 204 n\u0259f\u0259r - MEYDAN.TV","og_description":"Siyah\u0131ya 34 n\u0259f\u0259rin ad\u0131 \u0259lav\u0259 olunub \u0130yulun 31-d\u0259 \u201cAz\u0259rbaycan Siyasi ... Davam\u0131","og_url":"https:\/\/www.meydan.tv\/az\/article\/siyasi-mehbus-hesab-edilen-sexslerin-siyahisi-yenilendi-204-nefer\/","og_site_name":"MEYDAN.TV","article_published_time":"2023-07-31T13:08:22+00:00","article_modified_time":"2023-07-31T13:08:25+00:00","og_image":[{"width":1000,"height":442,"url":"https:\/\/www.meydan.tv\/wp-content\/uploads\/untitled9_2_r7l7p0f-e1681993554101.png","type":"image\/png"}],"author":"elli","twitter_card":"summary_large_image","twitter_creator":"@elli","schema":{"@context":"https:\/\/schema.org","@graph":[{"@type":"Article","@id":"https:\/\/www.meydan.tv\/az\/article\/siyasi-mehbus-hesab-edilen-sexslerin-siyahisi-yenilendi-204-nefer\/#article","isPartOf":{"@id":"https:\/\/www.meydan.tv\/az\/article\/siyasi-mehbus-hesab-edilen-sexslerin-siyahisi-yenilendi-204-nefer\/"},"author":{"name":"elli","@id":"https:\/\/www.meydan.tv\/az\/#\/schema\/person\/9cdbecf90d17180ce1dfbd95b08dcf47"},"headline":"Siyasi m\u0259hbus hesab edil\u0259n \u015f\u0259xsl\u0259rin siyah\u0131s\u0131 yenil\u0259ndi \u2013 204 n\u0259f\u0259r","datePublished":"2023-07-31T13:08:22+00:00","dateModified":"2023-07-31T13:08:25+00:00","mainEntityOfPage":{"@id":"https:\/\/www.meydan.tv\/az\/article\/siyasi-mehbus-hesab-edilen-sexslerin-siyahisi-yenilendi-204-nefer\/"},"wordCount":435,"publisher":{"@id":"https:\/\/www.meydan.tv\/az\/#organization"},"image":{"@id":"https:\/\/www.meydan.tv\/az\/article\/siyasi-mehbus-hesab-edilen-sexslerin-siyahisi-yenilendi-204-nefer\/#primaryimage"},"thumbnailUrl":"https:\/\/www.meydan.tv\/wp-content\/uploads\/untitled9_2_r7l7p0f-e1681993554101.png","articleSection":["Siyas\u0259t","T\u00f6vsiy\u0259","X\u0259b\u0259rl\u0259r"],"inLanguage":"az"},{"@type":"WebPage","@id":"https:\/\/www.meydan.tv\/az\/article\/siyasi-mehbus-hesab-edilen-sexslerin-siyahisi-yenilendi-204-nefer\/","url":"https:\/\/www.meydan.tv\/az\/article\/siyasi-mehbus-hesab-edilen-sexslerin-siyahisi-yenilendi-204-nefer\/","name":"Siyasi m\u0259hbus hesab edil\u0259n \u015f\u0259xsl\u0259rin siyah\u0131s\u0131 yenil\u0259ndi \u2013 204 n\u0259f\u0259r - MEYDAN.TV","isPartOf":{"@id":"https:\/\/www.meydan.tv\/az\/#website"},"primaryImageOfPage":{"@id":"https:\/\/www.meydan.tv\/az\/article\/siyasi-mehbus-hesab-edilen-sexslerin-siyahisi-yenilendi-204-nefer\/#primaryimage"},"image":{"@id":"https:\/\/www.meydan.tv\/az\/article\/siyasi-mehbus-hesab-edilen-sexslerin-siyahisi-yenilendi-204-nefer\/#primaryimage"},"thumbnailUrl":"https:\/\/www.meydan.tv\/wp-content\/uploads\/untitled9_2_r7l7p0f-e1681993554101.png","datePublished":"2023-07-31T13:08:22+00:00","dateModified":"2023-07-31T13:08:25+00:00","breadcrumb":{"@id":"https:\/\/www.meydan.tv\/az\/article\/siyasi-mehbus-hesab-edilen-sexslerin-siyahisi-yenilendi-204-nefer\/#breadcrumb"},"inLanguage":"az","potentialAction":[{"@type":"ReadAction","target":["https:\/\/www.meydan.tv\/az\/article\/siyasi-mehbus-hesab-edilen-sexslerin-siyahisi-yenilendi-204-nefer\/"]}]},{"@type":"ImageObject","inLanguage":"az","@id":"https:\/\/www.meydan.tv\/az\/article\/siyasi-mehbus-hesab-edilen-sexslerin-siyahisi-yenilendi-204-nefer\/#primaryimage","url":"https:\/\/www.meydan.tv\/wp-content\/uploads\/untitled9_2_r7l7p0f-e1681993554101.png","contentUrl":"https:\/\/www.meydan.tv\/wp-content\/uploads\/untitled9_2_r7l7p0f-e1681993554101.png","width":1000,"height":442,"caption":"Foto: Meydan TV"},{"@type":"BreadcrumbList","@id":"https:\/\/www.meydan.tv\/az\/article\/siyasi-mehbus-hesab-edilen-sexslerin-siyahisi-yenilendi-204-nefer\/#breadcrumb","itemListElement":[{"@type":"ListItem","position":1,"name":"Ana s\u0259hif\u0259","item":"https:\/\/www.meydan.tv\/az\/"},{"@type":"ListItem","position":2,"name":"Siyas\u0259t","item":"https:\/\/www.meydan.tv\/az\/section\/siyaset\/"},{"@type":"ListItem","position":3,"name":"Siyasi m\u0259hbus hesab edil\u0259n \u015f\u0259xsl\u0259rin siyah\u0131s\u0131 yenil\u0259ndi \u2013 204 n\u0259f\u0259r"}]},{"@type":"WebSite","@id":"https:\/\/www.meydan.tv\/az\/#website","url":"https:\/\/www.meydan.tv\/az\/","name":"MEYDAN.TV","description":"Meydan TV Az\u0259rbaycan\u0131n media m\u0259kan\u0131ndak\u0131 alternativ s\u0259sidir","publisher":{"@id":"https:\/\/www.meydan.tv\/az\/#organization"},"potentialAction":[{"@type":"SearchAction","target":{"@type":"EntryPoint","urlTemplate":"https:\/\/www.meydan.tv\/az\/?s={search_term_string}"},"query-input":{"@type":"PropertyValueSpecification","valueRequired":true,"valueName":"search_term_string"}}],"inLanguage":"az"},{"@type":"Organization","@id":"https:\/\/www.meydan.tv\/az\/#organization","name":"Meydan TV","url":"https:\/\/www.meydan.tv\/az\/","logo":{"@type":"ImageObject","inLanguage":"az","@id":"https:\/\/www.meydan.tv\/az\/#\/schema\/logo\/image\/","url":"https:\/\/www.meydan.tv\/wp-content\/uploads\/2021\/07\/meydan-logo.svg","contentUrl":"https:\/\/www.meydan.tv\/wp-content\/uploads\/2021\/07\/meydan-logo.svg","width":195,"height":46,"caption":"Meydan TV"},"image":{"@id":"https:\/\/www.meydan.tv\/az\/#\/schema\/logo\/image\/"}},{"@type":"Person","@id":"https:\/\/www.meydan.tv\/az\/#\/schema\/person\/9cdbecf90d17180ce1dfbd95b08dcf47","name":"elli","sameAs":["https:\/\/x.com\/elli"]}]}},"_links":{"self":[{"href":"https:\/\/www.meydan.tv\/az\/wp-json\/wp\/v2\/posts\/281132","targetHints":{"allow":["GET"]}}],"collection":[{"href":"https:\/\/www.meydan.tv\/az\/wp-json\/wp\/v2\/posts"}],"about":[{"href":"https:\/\/www.meydan.tv\/az\/wp-json\/wp\/v2\/types\/post"}],"author":[{"embeddable":true,"href":"https:\/\/www.meydan.tv\/az\/wp-json\/wp\/v2\/users\/8"}],"replies":[{"embeddable":true,"href":"https:\/\/www.meydan.tv\/az\/wp-json\/wp\/v2\/comments?post=281132"}],"version-history":[{"count":1,"href":"https:\/\/www.meydan.tv\/az\/wp-json\/wp\/v2\/posts\/281132\/revisions"}],"predecessor-version":[{"id":281133,"href":"https:\/\/www.meydan.tv\/az\/wp-json\/wp\/v2\/posts\/281132\/revisions\/281133"}],"wp:featuredmedia":[{"embeddable":true,"href":"https:\/\/www.meydan.tv\/az\/wp-json\/wp\/v2\/media\/142832"}],"wp:attachment":[{"href":"https:\/\/www.meydan.tv\/az\/wp-json\/wp\/v2\/media?parent=281132"}],"wp:term":[{"taxonomy":"category","embeddable":true,"href":"https:\/\/www.meydan.tv\/az\/wp-json\/wp\/v2\/categories?post=281132"},{"taxonomy":"post_tag","embeddable":true,"href":"https:\/\/www.meydan.tv\/az\/wp-json\/wp\/v2\/tags?post=281132"}],"curies":[{"name":"wp","href":"https:\/\/api.w.org\/{rel}","templated":true}]}}