{"id":281072,"date":"2023-07-31T13:41:49","date_gmt":"2023-07-31T09:41:49","guid":{"rendered":"https:\/\/www.meydan.tv\/?p=281072"},"modified":"2023-07-31T13:41:53","modified_gmt":"2023-07-31T09:41:53","slug":"gencede-vetendasin-evi-zorla-sokulub-icra-hakimiyyeti-xebersiz-oldugunu-deyir","status":"publish","type":"post","link":"https:\/\/www.meydan.tv\/az\/article\/gencede-vetendasin-evi-zorla-sokulub-icra-hakimiyyeti-xebersiz-oldugunu-deyir\/","title":{"rendered":"G\u0259nc\u0259d\u0259 v\u0259t\u0259nda\u015f\u0131n evi zorla s\u00f6k\u00fcl\u00fcb, icra hakimiyy\u0259ti x\u0259b\u0259rsiz oldu\u011funu deyir"},"content":{"rendered":"\n<p><\/p>\n\n\n\n<p><strong><em>\u201cBir d\u0259 x\u0259b\u0259r tutduq ki, evin bir hiss\u0259sini \u2013 eyvan\u0131, h\u0259y\u0259td\u0259ki hamam-tualeti, hasar\u0131 s\u00f6k\u00fcbl\u0259r&#8230;\u201d<\/em><\/strong><\/p>\n\n\n\n<p>G\u0259nc\u0259 sakini R\u00f6v\u015f\u0259n A\u011famirov deyir ki, \u015f\u0259h\u0259rd\u0259 6 n\u0259f\u0259rlik ail\u0259sil\u0259 birlikd\u0259 ya\u015fad\u0131\u011f\u0131 evi zorla s\u00f6k\u00fcbl\u0259r. 1996-c\u0131 ild\u0259 ald\u0131\u011f\u0131 evin onun m\u00fclkiyy\u0259tind\u0259 oldu\u011funu t\u0259sdiql\u0259y\u0259n b\u00fct\u00fcn s\u0259n\u0259d-s\u00fcbutlar da var. Onun s\u00f6zl\u0259rin\u0259 g\u00f6r\u0259, \u00fcst\u00fcnd\u0259n 11 il ke\u00e7m\u0259sin\u0259 baxmayaraq, \u0259mlak\u0131n\u0131n da\u011f\u0131d\u0131lmas\u0131na g\u00f6r\u0259 ona d\u0259ymi\u015f ziyan \u00f6d\u0259nilm\u0259yib.<\/p>\n\n\n\n<p>\u201c<strong>Dedil\u0259r ki, ist\u0259s\u0259k d\u0259, ist\u0259m\u0259s\u0259k d\u0259 s\u00f6k\u00fcl\u0259c\u0259k&#8230;\u201d<\/strong><\/p>\n\n\n\n<p>A\u011famirovlar ail\u0259sin\u0259 m\u0259xsus ev G\u0259nc\u0259nin Nizami k\u00fc\u00e7\u0259sind\u0259 &#8211; hava liman\u0131na ged\u0259n yolun \u00fcst\u00fcnd\u0259 yerl\u0259\u015fib. H\u0259min \u0259r\u0259f\u0259d\u0259 hava liman\u0131na ged\u0259n yolun geni\u015fl\u0259ndirilm\u0259sin\u0259 q\u0259rar verilib.<\/p>\n\n\n\n<p><em>\u201c2012-ci ilin aprelind\u0259 g\u0259ldil\u0259r, he\u00e7 bir s\u0259n\u0259d t\u0259qdim el\u0259m\u0259dil\u0259r. Dedil\u0259r ki, ist\u0259s\u0259k d\u0259, ist\u0259m\u0259s\u0259k d\u0259, ev s\u00f6k\u00fcl\u0259c\u0259k. \u018fv\u0259zind\u0259 \u015f\u0259h\u0259rd\u0259n k\u0259narda 4 sot torpaq sah\u0259si t\u0259klif el\u0259dil\u0259r. H\u0259min adamlar n\u00f6vb\u0259ti g\u00fcn g\u0259lib evin s\u0259n\u0259dl\u0259rini ist\u0259dil\u0259r. Kobud dan\u0131\u015f\u0131rd\u0131lar&#8230;\u201d<\/em>, &#8211; R\u00f6v\u015f\u0259n A\u011famirovun s\u00f6zl\u0259ridir.<\/p>\n\n\n\n<p>Bundan sonra R\u00f6v\u015f\u0259n A\u011famirovun h\u0259yat yolda\u015f\u0131 G\u0259nc\u0259 \u015f\u0259h\u0259r \u0130cra Hakimiyy\u0259tinin ba\u015f\u00e7\u0131s\u0131 Elmar V\u0259liyevin q\u0259buluna gedib ki, s\u00f6k\u00fcnt\u00fcn\u00fcn qar\u015f\u0131s\u0131n\u0131n al\u0131nmas\u0131ndan \u00f6tr\u00fc ondan k\u00f6m\u0259k ist\u0259sin. Lakin icra ba\u015f\u00e7\u0131s\u0131n\u0131n q\u0259buluna d\u00fc\u015f\u0259 bilm\u0259yib. \u0130cra hakimiyy\u0259tinin \u0259m\u0259kda\u015flar\u0131 is\u0259 ona t\u00f6vsiy\u0259 edibl\u0259r ki, ona t\u0259klif olunan torpaq sah\u0259sini g\u00f6t\u00fcr\u00fcb, raz\u0131l\u0131q versin.<\/p>\n\n\n\n<p><strong>\u201cQaz\u0131, i\u015f\u0131\u011f\u0131 k\u0259sdil\u0259r, \u015f\u0259raitimizi pisl\u0259\u015fdirdil\u0259r ki, k\u00f6n\u00fcll\u00fc \u00e7\u0131xaq\u201d<\/strong><\/p>\n\n\n\n<p>H\u0259min \u0259r\u0259f\u0259d\u0259 Nizami k\u00fc\u00e7\u0259sind\u0259 s\u00f6k\u00fcnt\u00fc prosesi gedirmi\u015f:<\/p>\n\n\n\n<p>\u201c<em>Bizim qaz\u0131m\u0131z\u0131, i\u015f\u0131\u011f\u0131m\u0131z\u0131 k\u0259sdil\u0259r, \u015f\u0259raitimizi pisl\u0259\u015fdirdil\u0259r ki, k\u00f6n\u00fcll\u00fc raz\u0131la\u015faq. M\u0259cbur olub evd\u0259n \u00e7\u0131xd\u0131q, amma raz\u0131l\u0131q verm\u0259dik. Bir d\u0259 x\u0259b\u0259r tutduq ki, evin bir hiss\u0259sini \u2013 eyvan\u0131, h\u0259y\u0259td\u0259ki hamam-tualeti, hasar\u0131 s\u00f6k\u00fcbl\u0259r. Evin qar\u015f\u0131s\u0131na divar h\u00f6r\u00fcbl\u0259r&#8230;\u201d.<\/em><\/p>\n\n\n\n<p>\u018fmlak sahibi G\u0259nc\u0259 \u015e\u0259h\u0259r \u0130cra Hakimiyy\u0259tin\u0259 m\u00fcraci\u0259t ed\u0259r\u0259k, ona d\u0259ymi\u015f ziyan\u0131n \u0259v\u0259zind\u0259 kompensasiya t\u0259l\u0259b edib. Lakin onun \u0259riz\u0259sin\u0259 cavab verilm\u0259yib.<\/p>\n\n\n\n<p>Elmar V\u0259liyev icra ba\u015f\u00e7\u0131s\u0131 oldu\u011fu d\u00f6vrd\u0259 R\u00f6v\u015f\u0259n A\u011famirov m\u0259hk\u0259m\u0259y\u0259 m\u00fcraci\u0259t ets\u0259 d\u0259, onun iddias\u0131 m\u00fcmk\u00fcn say\u0131lmay\u0131b \u2013 bax\u0131lmaqdan imtina olunub. Bu \u00fczd\u0259n 2021-ci ild\u0259 o, yenid\u0259n m\u0259hk\u0259m\u0259y\u0259 \u00fcz tutub. Bu d\u0259f\u0259 maddi ziyana g\u00f6r\u0259 100 min, m\u0259n\u0259vi ziyana g\u00f6r\u0259 is\u0259 30 min manat kompensasiya t\u0259l\u0259b edib. G\u0259nc\u0259 \u0130nzibati M\u0259hk\u0259m\u0259sinin q\u0259rar\u0131yla 53 min manat kompensasiya t\u0259yin edilib \u2013 maddi ziyana g\u00f6r\u0259 52 min, m\u0259n\u0259vi ziyana g\u00f6r\u0259 d\u0259 1000 manat t\u0259zminat m\u00fc\u0259yy\u0259nl\u0259\u015fdirilib.<\/p>\n\n\n\n<figure class=\"wp-block-image size-large\"><img decoding=\"async\" width=\"756\" height=\"821\" data-src=\"https:\/\/www.meydan.tv\/wp-content\/uploads\/photo-2023-07-31-13-11-06-756x821.jpg\" alt=\"\" class=\"wp-image-281081 lazyload\" src=\"data:image\/svg+xml;base64,PHN2ZyB3aWR0aD0iMSIgaGVpZ2h0PSIxIiB4bWxucz0iaHR0cDovL3d3dy53My5vcmcvMjAwMC9zdmciPjwvc3ZnPg==\" style=\"--smush-placeholder-width: 756px; --smush-placeholder-aspect-ratio: 756\/821;\" \/><\/figure>\n\n\n\n<p><strong>\u0130cra hakimiyy\u0259ti kompensasiya \u00f6d\u0259m\u0259k ist\u0259mir<\/strong><\/p>\n\n\n\n<p>G\u0259nc\u0259 \u015e\u0259h\u0259r \u0130cra Hakimiyy\u0259ti m\u0259hk\u0259m\u0259nin q\u0259rar\u0131ndan naraz\u0131d\u0131r. Onlar iddia edir ki, A\u011famirovlar ail\u0259si s\u00f6k\u00fcnt\u00fcy\u0259 g\u00f6r\u0259 m\u0259hz icra hakimiyy\u0259tinin m\u0259suliyy\u0259t da\u015f\u0131d\u0131\u011f\u0131n\u0131 s\u00fcbut ed\u0259 bilm\u0259yib. Bu \u00fczd\u0259n apelyasiya \u015fikay\u0259ti veribl\u0259r.<\/p>\n\n\n\n<p><em>\u201cG\u0259nc\u0259 \u015e\u0259h\u0259r \u0130cra Hakimiyy\u0259ti bununla ba\u011fl\u0131 he\u00e7 bir q\u0259rar verm\u0259yib, s\u00f6k\u00fcnt\u00fc i\u015fl\u0259ri aparmay\u0131b. \u00d6z\u00fc d\u0259 bildirir ki, 2012-ci ilin aprel ay\u0131nda tan\u0131mad\u0131\u011f\u0131 \u015f\u0259xsl\u0259r he\u00e7 bir s\u0259n\u0259d t\u0259qdim etm\u0259d\u0259n g\u0259lib, ona v\u0259 ail\u0259 \u00fczvl\u0259rin\u0259 deyibl\u0259r ki, evin s\u00f6k\u00fclm\u0259sin\u0259 raz\u0131l\u0131q versinl\u0259r. H\u0259min \u015f\u0259xsl\u0259ri tan\u0131mad\u0131\u011f\u0131n\u0131 \u00f6z\u00fc bildirdiyi halda, m\u0259hk\u0259m\u0259 \u0259sas olmadan bu add\u0131m\u0131n G\u0259nc\u0259 \u015e\u0259h\u0259r \u0130cra Hakimiyy\u0259tinin n\u00fcmay\u0259nd\u0259si t\u0259r\u0259find\u0259n h\u0259yata ke\u00e7irildiyi q\u0259na\u0259tin\u0259 g\u0259lib. Kompensasiyan\u0131n icra hakimiyy\u0259tind\u0259n t\u0259l\u0259b edilm\u0259si qanunauy\u011fun hesab edil\u0259 bilm\u0259z. Bununla ba\u011fl\u0131 m\u00f6t\u0259b\u0259r s\u00fcbut yoxdur\u201d.<\/em><\/p>\n\n\n\n<p>\u201cAvtomobil Yollar\u0131\u201d D\u00f6vl\u0259t Agentliyi d\u0259 m\u0259hk\u0259m\u0259nin sor\u011fusuna cavab olaraq bildirib ki, G\u0259nc\u0259 \u015f\u0259h\u0259ri, Nizami k\u00fc\u00e7\u0259sind\u0259 avtomobil yolunun geni\u015fl\u0259ndirilm\u0259si i\u015fl\u0259rini onlar h\u0259yata ke\u00e7irm\u0259yib.<\/p>\n","protected":false},"excerpt":{"rendered":"<p>\u201cBir d\u0259 x\u0259b\u0259r tutduq ki, evin bir hiss\u0259sini \u2013 eyvan\u0131, &#8230; <\/p>\n<p class=\"read-more-container\"><a title=\"G\u0259nc\u0259d\u0259 v\u0259t\u0259nda\u015f\u0131n evi zorla s\u00f6k\u00fcl\u00fcb, icra hakimiyy\u0259ti x\u0259b\u0259rsiz oldu\u011funu deyir\" class=\"read-more button\" href=\"https:\/\/www.meydan.tv\/az\/article\/gencede-vetendasin-evi-zorla-sokulub-icra-hakimiyyeti-xebersiz-oldugunu-deyir\/#more-281072\" aria-label=\"Read more about G\u0259nc\u0259d\u0259 v\u0259t\u0259nda\u015f\u0131n evi zorla s\u00f6k\u00fcl\u00fcb, icra hakimiyy\u0259ti x\u0259b\u0259rsiz oldu\u011funu deyir\">Davam\u0131<\/a><\/p>\n","protected":false},"author":8,"featured_media":281073,"comment_status":"closed","ping_status":"closed","sticky":false,"template":"","format":"standard","meta":{"_acf_changed":false,"_sitemap_exclude":false,"_sitemap_priority":"","_sitemap_frequency":"","footnotes":""},"categories":[60,56],"tags":[],"class_list":["post-281072","post","type-post","status-publish","format-standard","has-post-thumbnail","hentry","category-bolge","category-xeberler","infinite-scroll-item","generate-columns","tablet-grid-50","mobile-grid-100","grid-parent","grid-33","no-featured-image-padding"],"acf":[],"yoast_head":"<!-- This site is optimized with the Yoast SEO plugin v27.4 - https:\/\/yoast.com\/product\/yoast-seo-wordpress\/ -->\n<title>G\u0259nc\u0259d\u0259 v\u0259t\u0259nda\u015f\u0131n evi zorla s\u00f6k\u00fcl\u00fcb, icra hakimiyy\u0259ti x\u0259b\u0259rsiz oldu\u011funu deyir - MEYDAN.TV<\/title>\n<meta name=\"robots\" content=\"index, follow, max-snippet:-1, max-image-preview:large, max-video-preview:-1\" \/>\n<link rel=\"canonical\" href=\"https:\/\/www.meydan.tv\/az\/article\/gencede-vetendasin-evi-zorla-sokulub-icra-hakimiyyeti-xebersiz-oldugunu-deyir\/\" \/>\n<meta property=\"og:locale\" content=\"az_AZ\" \/>\n<meta property=\"og:type\" content=\"article\" \/>\n<meta property=\"og:title\" content=\"G\u0259nc\u0259d\u0259 v\u0259t\u0259nda\u015f\u0131n evi zorla s\u00f6k\u00fcl\u00fcb, icra hakimiyy\u0259ti x\u0259b\u0259rsiz oldu\u011funu deyir - MEYDAN.TV\" \/>\n<meta property=\"og:description\" content=\"\u201cBir d\u0259 x\u0259b\u0259r tutduq ki, evin bir hiss\u0259sini \u2013 eyvan\u0131, ... Davam\u0131\" \/>\n<meta property=\"og:url\" content=\"https:\/\/www.meydan.tv\/az\/article\/gencede-vetendasin-evi-zorla-sokulub-icra-hakimiyyeti-xebersiz-oldugunu-deyir\/\" \/>\n<meta property=\"og:site_name\" content=\"MEYDAN.TV\" \/>\n<meta property=\"article:published_time\" content=\"2023-07-31T09:41:49+00:00\" \/>\n<meta property=\"article:modified_time\" content=\"2023-07-31T09:41:53+00:00\" \/>\n<meta property=\"og:image\" content=\"https:\/\/www.meydan.tv\/wp-content\/uploads\/untitled-design-2-129.jpg\" \/>\n\t<meta property=\"og:image:width\" content=\"1200\" \/>\n\t<meta property=\"og:image:height\" content=\"800\" \/>\n\t<meta property=\"og:image:type\" content=\"image\/jpeg\" \/>\n<meta name=\"author\" content=\"elli\" \/>\n<meta name=\"twitter:card\" content=\"summary_large_image\" \/>\n<meta name=\"twitter:creator\" content=\"@elli\" \/>\n<script type=\"application\/ld+json\" class=\"yoast-schema-graph\">{\"@context\":\"https:\\\/\\\/schema.org\",\"@graph\":[{\"@type\":\"Article\",\"@id\":\"https:\\\/\\\/www.meydan.tv\\\/az\\\/article\\\/gencede-vetendasin-evi-zorla-sokulub-icra-hakimiyyeti-xebersiz-oldugunu-deyir\\\/#article\",\"isPartOf\":{\"@id\":\"https:\\\/\\\/www.meydan.tv\\\/az\\\/article\\\/gencede-vetendasin-evi-zorla-sokulub-icra-hakimiyyeti-xebersiz-oldugunu-deyir\\\/\"},\"author\":{\"name\":\"elli\",\"@id\":\"https:\\\/\\\/www.meydan.tv\\\/az\\\/#\\\/schema\\\/person\\\/9cdbecf90d17180ce1dfbd95b08dcf47\"},\"headline\":\"G\u0259nc\u0259d\u0259 v\u0259t\u0259nda\u015f\u0131n evi zorla s\u00f6k\u00fcl\u00fcb, icra hakimiyy\u0259ti x\u0259b\u0259rsiz oldu\u011funu deyir\",\"datePublished\":\"2023-07-31T09:41:49+00:00\",\"dateModified\":\"2023-07-31T09:41:53+00:00\",\"mainEntityOfPage\":{\"@id\":\"https:\\\/\\\/www.meydan.tv\\\/az\\\/article\\\/gencede-vetendasin-evi-zorla-sokulub-icra-hakimiyyeti-xebersiz-oldugunu-deyir\\\/\"},\"wordCount\":821,\"publisher\":{\"@id\":\"https:\\\/\\\/www.meydan.tv\\\/az\\\/#organization\"},\"image\":{\"@id\":\"https:\\\/\\\/www.meydan.tv\\\/az\\\/article\\\/gencede-vetendasin-evi-zorla-sokulub-icra-hakimiyyeti-xebersiz-oldugunu-deyir\\\/#primaryimage\"},\"thumbnailUrl\":\"https:\\\/\\\/www.meydan.tv\\\/wp-content\\\/uploads\\\/untitled-design-2-129.jpg\",\"articleSection\":[\"B\u00f6lg\u0259\",\"X\u0259b\u0259rl\u0259r\"],\"inLanguage\":\"az\"},{\"@type\":\"WebPage\",\"@id\":\"https:\\\/\\\/www.meydan.tv\\\/az\\\/article\\\/gencede-vetendasin-evi-zorla-sokulub-icra-hakimiyyeti-xebersiz-oldugunu-deyir\\\/\",\"url\":\"https:\\\/\\\/www.meydan.tv\\\/az\\\/article\\\/gencede-vetendasin-evi-zorla-sokulub-icra-hakimiyyeti-xebersiz-oldugunu-deyir\\\/\",\"name\":\"G\u0259nc\u0259d\u0259 v\u0259t\u0259nda\u015f\u0131n evi zorla s\u00f6k\u00fcl\u00fcb, icra hakimiyy\u0259ti x\u0259b\u0259rsiz oldu\u011funu deyir - MEYDAN.TV\",\"isPartOf\":{\"@id\":\"https:\\\/\\\/www.meydan.tv\\\/az\\\/#website\"},\"primaryImageOfPage\":{\"@id\":\"https:\\\/\\\/www.meydan.tv\\\/az\\\/article\\\/gencede-vetendasin-evi-zorla-sokulub-icra-hakimiyyeti-xebersiz-oldugunu-deyir\\\/#primaryimage\"},\"image\":{\"@id\":\"https:\\\/\\\/www.meydan.tv\\\/az\\\/article\\\/gencede-vetendasin-evi-zorla-sokulub-icra-hakimiyyeti-xebersiz-oldugunu-deyir\\\/#primaryimage\"},\"thumbnailUrl\":\"https:\\\/\\\/www.meydan.tv\\\/wp-content\\\/uploads\\\/untitled-design-2-129.jpg\",\"datePublished\":\"2023-07-31T09:41:49+00:00\",\"dateModified\":\"2023-07-31T09:41:53+00:00\",\"breadcrumb\":{\"@id\":\"https:\\\/\\\/www.meydan.tv\\\/az\\\/article\\\/gencede-vetendasin-evi-zorla-sokulub-icra-hakimiyyeti-xebersiz-oldugunu-deyir\\\/#breadcrumb\"},\"inLanguage\":\"az\",\"potentialAction\":[{\"@type\":\"ReadAction\",\"target\":[\"https:\\\/\\\/www.meydan.tv\\\/az\\\/article\\\/gencede-vetendasin-evi-zorla-sokulub-icra-hakimiyyeti-xebersiz-oldugunu-deyir\\\/\"]}]},{\"@type\":\"ImageObject\",\"inLanguage\":\"az\",\"@id\":\"https:\\\/\\\/www.meydan.tv\\\/az\\\/article\\\/gencede-vetendasin-evi-zorla-sokulub-icra-hakimiyyeti-xebersiz-oldugunu-deyir\\\/#primaryimage\",\"url\":\"https:\\\/\\\/www.meydan.tv\\\/wp-content\\\/uploads\\\/untitled-design-2-129.jpg\",\"contentUrl\":\"https:\\\/\\\/www.meydan.tv\\\/wp-content\\\/uploads\\\/untitled-design-2-129.jpg\",\"width\":1200,\"height\":800,\"caption\":\"\u015e\u0259rti \u015f\u0259kil. Foto: arxiv\"},{\"@type\":\"BreadcrumbList\",\"@id\":\"https:\\\/\\\/www.meydan.tv\\\/az\\\/article\\\/gencede-vetendasin-evi-zorla-sokulub-icra-hakimiyyeti-xebersiz-oldugunu-deyir\\\/#breadcrumb\",\"itemListElement\":[{\"@type\":\"ListItem\",\"position\":1,\"name\":\"Ana s\u0259hif\u0259\",\"item\":\"https:\\\/\\\/www.meydan.tv\\\/az\\\/\"},{\"@type\":\"ListItem\",\"position\":2,\"name\":\"B\u00f6lg\u0259\",\"item\":\"https:\\\/\\\/www.meydan.tv\\\/az\\\/section\\\/bolge\\\/\"},{\"@type\":\"ListItem\",\"position\":3,\"name\":\"G\u0259nc\u0259d\u0259 v\u0259t\u0259nda\u015f\u0131n evi zorla s\u00f6k\u00fcl\u00fcb, icra hakimiyy\u0259ti x\u0259b\u0259rsiz oldu\u011funu deyir\"}]},{\"@type\":\"WebSite\",\"@id\":\"https:\\\/\\\/www.meydan.tv\\\/az\\\/#website\",\"url\":\"https:\\\/\\\/www.meydan.tv\\\/az\\\/\",\"name\":\"MEYDAN.TV\",\"description\":\"Meydan TV Az\u0259rbaycan\u0131n media m\u0259kan\u0131ndak\u0131 alternativ s\u0259sidir\",\"publisher\":{\"@id\":\"https:\\\/\\\/www.meydan.tv\\\/az\\\/#organization\"},\"potentialAction\":[{\"@type\":\"SearchAction\",\"target\":{\"@type\":\"EntryPoint\",\"urlTemplate\":\"https:\\\/\\\/www.meydan.tv\\\/az\\\/?s={search_term_string}\"},\"query-input\":{\"@type\":\"PropertyValueSpecification\",\"valueRequired\":true,\"valueName\":\"search_term_string\"}}],\"inLanguage\":\"az\"},{\"@type\":\"Organization\",\"@id\":\"https:\\\/\\\/www.meydan.tv\\\/az\\\/#organization\",\"name\":\"Meydan TV\",\"url\":\"https:\\\/\\\/www.meydan.tv\\\/az\\\/\",\"logo\":{\"@type\":\"ImageObject\",\"inLanguage\":\"az\",\"@id\":\"https:\\\/\\\/www.meydan.tv\\\/az\\\/#\\\/schema\\\/logo\\\/image\\\/\",\"url\":\"https:\\\/\\\/www.meydan.tv\\\/wp-content\\\/uploads\\\/2021\\\/07\\\/meydan-logo.svg\",\"contentUrl\":\"https:\\\/\\\/www.meydan.tv\\\/wp-content\\\/uploads\\\/2021\\\/07\\\/meydan-logo.svg\",\"width\":195,\"height\":46,\"caption\":\"Meydan TV\"},\"image\":{\"@id\":\"https:\\\/\\\/www.meydan.tv\\\/az\\\/#\\\/schema\\\/logo\\\/image\\\/\"}},{\"@type\":\"Person\",\"@id\":\"https:\\\/\\\/www.meydan.tv\\\/az\\\/#\\\/schema\\\/person\\\/9cdbecf90d17180ce1dfbd95b08dcf47\",\"name\":\"elli\",\"sameAs\":[\"https:\\\/\\\/x.com\\\/elli\"]}]}<\/script>\n<!-- \/ Yoast SEO plugin. -->","yoast_head_json":{"title":"G\u0259nc\u0259d\u0259 v\u0259t\u0259nda\u015f\u0131n evi zorla s\u00f6k\u00fcl\u00fcb, icra hakimiyy\u0259ti x\u0259b\u0259rsiz oldu\u011funu deyir - MEYDAN.TV","robots":{"index":"index","follow":"follow","max-snippet":"max-snippet:-1","max-image-preview":"max-image-preview:large","max-video-preview":"max-video-preview:-1"},"canonical":"https:\/\/www.meydan.tv\/az\/article\/gencede-vetendasin-evi-zorla-sokulub-icra-hakimiyyeti-xebersiz-oldugunu-deyir\/","og_locale":"az_AZ","og_type":"article","og_title":"G\u0259nc\u0259d\u0259 v\u0259t\u0259nda\u015f\u0131n evi zorla s\u00f6k\u00fcl\u00fcb, icra hakimiyy\u0259ti x\u0259b\u0259rsiz oldu\u011funu deyir - MEYDAN.TV","og_description":"\u201cBir d\u0259 x\u0259b\u0259r tutduq ki, evin bir hiss\u0259sini \u2013 eyvan\u0131, ... Davam\u0131","og_url":"https:\/\/www.meydan.tv\/az\/article\/gencede-vetendasin-evi-zorla-sokulub-icra-hakimiyyeti-xebersiz-oldugunu-deyir\/","og_site_name":"MEYDAN.TV","article_published_time":"2023-07-31T09:41:49+00:00","article_modified_time":"2023-07-31T09:41:53+00:00","og_image":[{"width":1200,"height":800,"url":"https:\/\/www.meydan.tv\/wp-content\/uploads\/untitled-design-2-129.jpg","type":"image\/jpeg"}],"author":"elli","twitter_card":"summary_large_image","twitter_creator":"@elli","schema":{"@context":"https:\/\/schema.org","@graph":[{"@type":"Article","@id":"https:\/\/www.meydan.tv\/az\/article\/gencede-vetendasin-evi-zorla-sokulub-icra-hakimiyyeti-xebersiz-oldugunu-deyir\/#article","isPartOf":{"@id":"https:\/\/www.meydan.tv\/az\/article\/gencede-vetendasin-evi-zorla-sokulub-icra-hakimiyyeti-xebersiz-oldugunu-deyir\/"},"author":{"name":"elli","@id":"https:\/\/www.meydan.tv\/az\/#\/schema\/person\/9cdbecf90d17180ce1dfbd95b08dcf47"},"headline":"G\u0259nc\u0259d\u0259 v\u0259t\u0259nda\u015f\u0131n evi zorla s\u00f6k\u00fcl\u00fcb, icra hakimiyy\u0259ti x\u0259b\u0259rsiz oldu\u011funu deyir","datePublished":"2023-07-31T09:41:49+00:00","dateModified":"2023-07-31T09:41:53+00:00","mainEntityOfPage":{"@id":"https:\/\/www.meydan.tv\/az\/article\/gencede-vetendasin-evi-zorla-sokulub-icra-hakimiyyeti-xebersiz-oldugunu-deyir\/"},"wordCount":821,"publisher":{"@id":"https:\/\/www.meydan.tv\/az\/#organization"},"image":{"@id":"https:\/\/www.meydan.tv\/az\/article\/gencede-vetendasin-evi-zorla-sokulub-icra-hakimiyyeti-xebersiz-oldugunu-deyir\/#primaryimage"},"thumbnailUrl":"https:\/\/www.meydan.tv\/wp-content\/uploads\/untitled-design-2-129.jpg","articleSection":["B\u00f6lg\u0259","X\u0259b\u0259rl\u0259r"],"inLanguage":"az"},{"@type":"WebPage","@id":"https:\/\/www.meydan.tv\/az\/article\/gencede-vetendasin-evi-zorla-sokulub-icra-hakimiyyeti-xebersiz-oldugunu-deyir\/","url":"https:\/\/www.meydan.tv\/az\/article\/gencede-vetendasin-evi-zorla-sokulub-icra-hakimiyyeti-xebersiz-oldugunu-deyir\/","name":"G\u0259nc\u0259d\u0259 v\u0259t\u0259nda\u015f\u0131n evi zorla s\u00f6k\u00fcl\u00fcb, icra hakimiyy\u0259ti x\u0259b\u0259rsiz oldu\u011funu deyir - MEYDAN.TV","isPartOf":{"@id":"https:\/\/www.meydan.tv\/az\/#website"},"primaryImageOfPage":{"@id":"https:\/\/www.meydan.tv\/az\/article\/gencede-vetendasin-evi-zorla-sokulub-icra-hakimiyyeti-xebersiz-oldugunu-deyir\/#primaryimage"},"image":{"@id":"https:\/\/www.meydan.tv\/az\/article\/gencede-vetendasin-evi-zorla-sokulub-icra-hakimiyyeti-xebersiz-oldugunu-deyir\/#primaryimage"},"thumbnailUrl":"https:\/\/www.meydan.tv\/wp-content\/uploads\/untitled-design-2-129.jpg","datePublished":"2023-07-31T09:41:49+00:00","dateModified":"2023-07-31T09:41:53+00:00","breadcrumb":{"@id":"https:\/\/www.meydan.tv\/az\/article\/gencede-vetendasin-evi-zorla-sokulub-icra-hakimiyyeti-xebersiz-oldugunu-deyir\/#breadcrumb"},"inLanguage":"az","potentialAction":[{"@type":"ReadAction","target":["https:\/\/www.meydan.tv\/az\/article\/gencede-vetendasin-evi-zorla-sokulub-icra-hakimiyyeti-xebersiz-oldugunu-deyir\/"]}]},{"@type":"ImageObject","inLanguage":"az","@id":"https:\/\/www.meydan.tv\/az\/article\/gencede-vetendasin-evi-zorla-sokulub-icra-hakimiyyeti-xebersiz-oldugunu-deyir\/#primaryimage","url":"https:\/\/www.meydan.tv\/wp-content\/uploads\/untitled-design-2-129.jpg","contentUrl":"https:\/\/www.meydan.tv\/wp-content\/uploads\/untitled-design-2-129.jpg","width":1200,"height":800,"caption":"\u015e\u0259rti \u015f\u0259kil. Foto: arxiv"},{"@type":"BreadcrumbList","@id":"https:\/\/www.meydan.tv\/az\/article\/gencede-vetendasin-evi-zorla-sokulub-icra-hakimiyyeti-xebersiz-oldugunu-deyir\/#breadcrumb","itemListElement":[{"@type":"ListItem","position":1,"name":"Ana s\u0259hif\u0259","item":"https:\/\/www.meydan.tv\/az\/"},{"@type":"ListItem","position":2,"name":"B\u00f6lg\u0259","item":"https:\/\/www.meydan.tv\/az\/section\/bolge\/"},{"@type":"ListItem","position":3,"name":"G\u0259nc\u0259d\u0259 v\u0259t\u0259nda\u015f\u0131n evi zorla s\u00f6k\u00fcl\u00fcb, icra hakimiyy\u0259ti x\u0259b\u0259rsiz oldu\u011funu deyir"}]},{"@type":"WebSite","@id":"https:\/\/www.meydan.tv\/az\/#website","url":"https:\/\/www.meydan.tv\/az\/","name":"MEYDAN.TV","description":"Meydan TV Az\u0259rbaycan\u0131n media m\u0259kan\u0131ndak\u0131 alternativ s\u0259sidir","publisher":{"@id":"https:\/\/www.meydan.tv\/az\/#organization"},"potentialAction":[{"@type":"SearchAction","target":{"@type":"EntryPoint","urlTemplate":"https:\/\/www.meydan.tv\/az\/?s={search_term_string}"},"query-input":{"@type":"PropertyValueSpecification","valueRequired":true,"valueName":"search_term_string"}}],"inLanguage":"az"},{"@type":"Organization","@id":"https:\/\/www.meydan.tv\/az\/#organization","name":"Meydan TV","url":"https:\/\/www.meydan.tv\/az\/","logo":{"@type":"ImageObject","inLanguage":"az","@id":"https:\/\/www.meydan.tv\/az\/#\/schema\/logo\/image\/","url":"https:\/\/www.meydan.tv\/wp-content\/uploads\/2021\/07\/meydan-logo.svg","contentUrl":"https:\/\/www.meydan.tv\/wp-content\/uploads\/2021\/07\/meydan-logo.svg","width":195,"height":46,"caption":"Meydan TV"},"image":{"@id":"https:\/\/www.meydan.tv\/az\/#\/schema\/logo\/image\/"}},{"@type":"Person","@id":"https:\/\/www.meydan.tv\/az\/#\/schema\/person\/9cdbecf90d17180ce1dfbd95b08dcf47","name":"elli","sameAs":["https:\/\/x.com\/elli"]}]}},"_links":{"self":[{"href":"https:\/\/www.meydan.tv\/az\/wp-json\/wp\/v2\/posts\/281072","targetHints":{"allow":["GET"]}}],"collection":[{"href":"https:\/\/www.meydan.tv\/az\/wp-json\/wp\/v2\/posts"}],"about":[{"href":"https:\/\/www.meydan.tv\/az\/wp-json\/wp\/v2\/types\/post"}],"author":[{"embeddable":true,"href":"https:\/\/www.meydan.tv\/az\/wp-json\/wp\/v2\/users\/8"}],"replies":[{"embeddable":true,"href":"https:\/\/www.meydan.tv\/az\/wp-json\/wp\/v2\/comments?post=281072"}],"version-history":[{"count":1,"href":"https:\/\/www.meydan.tv\/az\/wp-json\/wp\/v2\/posts\/281072\/revisions"}],"predecessor-version":[{"id":281084,"href":"https:\/\/www.meydan.tv\/az\/wp-json\/wp\/v2\/posts\/281072\/revisions\/281084"}],"wp:featuredmedia":[{"embeddable":true,"href":"https:\/\/www.meydan.tv\/az\/wp-json\/wp\/v2\/media\/281073"}],"wp:attachment":[{"href":"https:\/\/www.meydan.tv\/az\/wp-json\/wp\/v2\/media?parent=281072"}],"wp:term":[{"taxonomy":"category","embeddable":true,"href":"https:\/\/www.meydan.tv\/az\/wp-json\/wp\/v2\/categories?post=281072"},{"taxonomy":"post_tag","embeddable":true,"href":"https:\/\/www.meydan.tv\/az\/wp-json\/wp\/v2\/tags?post=281072"}],"curies":[{"name":"wp","href":"https:\/\/api.w.org\/{rel}","templated":true}]}}