{"id":281013,"date":"2023-07-31T00:09:47","date_gmt":"2023-07-30T20:09:47","guid":{"rendered":"https:\/\/www.meydan.tv\/?p=281013"},"modified":"2023-07-31T00:09:49","modified_gmt":"2023-07-30T20:09:49","slug":"naxcivanda-banda-dagilandan-sonra-umidim-yaranmisdi-amma","status":"publish","type":"post","link":"https:\/\/www.meydan.tv\/az\/article\/naxcivanda-banda-dagilandan-sonra-umidim-yaranmisdi-amma\/","title":{"rendered":"\u201cNax\u00e7\u0131vanda banda da\u011f\u0131landan sonra \u00fcmidim yaranm\u0131\u015fd\u0131, amma\u2026\u201d"},"content":{"rendered":"\n<p><\/p>\n\n\n\n<p><strong><em>68 ya\u015fl\u0131 Elmahir Rzayev: \u201cPrezident\u0259, Mehriban xan\u0131ma m\u00fcraci\u0259t edir\u0259m\u201d<\/em><\/strong><\/p>\n\n\n\n<p>Nax\u00e7\u0131van sakini Elmahir Rzayev deyir ki, Muxtar Respublika r\u0259hb\u0259rliyind\u0259 d\u0259yi\u015fiklik olanda 20 il \u0259vv\u0259l zorla \u0259lind\u0259n al\u0131nm\u0131\u015f \u0259mlak\u0131n\u0131 geri qaytaraca\u011f\u0131na \u00fcmidi yaranm\u0131\u015fd\u0131. El\u0259 ona g\u00f6r\u0259 d\u0259 d\u0259yi\u015fiklikd\u0259n sonra r\u0259hb\u0259r v\u0259zif\u0259l\u0259r\u0259 yeni t\u0259yin olunan \u015f\u0259xsl\u0259rin bir \u00e7oxuna m\u00fcraci\u0259t edib. Onun s\u00f6zl\u0259rin\u0259 g\u00f6r\u0259, bu m\u00fcraci\u0259tl\u0259rd\u0259n sonra \u00fcmidl\u0259ri azalma\u011fa ba\u015flay\u0131b.<\/p>\n\n\n\n<p><strong>\u201cAtas\u0131 Vasif Tal\u0131bovun m\u00fc\u0259llimi olub dey\u0259&#8230;\u201d<\/strong><\/p>\n\n\n\n<p>68 ya\u015fl\u0131 Elmahir Rzayev Meydan TV-y\u0259 dan\u0131\u015f\u0131r ki, Nax\u00e7\u0131van \u015f\u0259h\u0259rind\u0259, D\u0259miryol va\u011fzal\u0131n\u0131n yan\u0131nda obyekti vard\u0131. H\u0259min obyekti 2004-c\u00fc ild\u0259 raz\u0131l\u0131\u011f\u0131 al\u0131nmadan, m\u0259hk\u0259m\u0259 q\u0259rar\u0131 olmadan, d\u0259y\u0259rini d\u0259 \u00f6d\u0259m\u0259d\u0259n s\u00f6k\u00fcbl\u0259r. \u00dcst\u00fcnd\u0259n 20 il\u0259 yax\u0131n vaxt ke\u00e7m\u0259sin\u0259 baxmayaraq, n\u0259 \u0259mlak\u0131n\u0131 b\u0259rpa el\u0259tdir\u0259 bilir, n\u0259 d\u0259 pulunu \u00f6d\u0259yirl\u0259r.<\/p>\n\n\n\n<p>Elmahir Rzayevin \u0259mlak\u0131 \u018flinc\u0259 m\u0259h\u0259ll\u0259sind\u0259, Nax\u00e7\u0131van D\u0259miryolu va\u011fzal\u0131n\u0131n sa\u011f t\u0259r\u0259find\u0259 yerl\u0259\u015firmi\u015f. Bunu t\u0259sdiql\u0259y\u0259n s\u0259n\u0259dl\u0259r d\u0259 var.<\/p>\n\n\n\n<figure class=\"wp-block-image size-large is-resized\"><img decoding=\"async\" data-src=\"https:\/\/www.meydan.tv\/wp-content\/uploads\/photo-2023-07-30-10-37-28-589x821.jpg\" alt=\"\" class=\"wp-image-281007 lazyload\" width=\"800\" height=\"1115\" src=\"data:image\/svg+xml;base64,PHN2ZyB3aWR0aD0iMSIgaGVpZ2h0PSIxIiB4bWxucz0iaHR0cDovL3d3dy53My5vcmcvMjAwMC9zdmciPjwvc3ZnPg==\" style=\"--smush-placeholder-width: 800px; --smush-placeholder-aspect-ratio: 800\/1115;\" \/><\/figure>\n\n\n\n<p>\u018fmlak sahibinin s\u00f6zl\u0259rin\u0259 g\u00f6r\u0259, 1999-cu ild\u0259 al\u0131b, 2002-ci ild\u0259 \u00f6z\u0259ll\u0259\u015fdirdiyi bu obyekt Az\u0259r Zeynalov \u201cNax\u00e7\u0131van D\u0259mir Yollar\u0131\u201dna r\u0259is t\u0259yin olunandan az sonra s\u00f6k\u00fcl\u00fcb.<\/p>\n\n\n\n<p><em>\u201cM\u0259n \u00f6z\u00fcm d\u0259 d\u0259miryolunda i\u015fl\u0259yirdim. Az\u0259r Zeynalov dedi ki, guya s\u0259drin \u2013 Vasif Tal\u0131bovun g\u00f6st\u0259ri\u015fidir, s\u00f6k\u00fclm\u0259lidir. Dedim ki, bura m\u0259nim \u015f\u0259xsi m\u00fclkiyy\u0259timdir. Az\u0259r Zeynalovun atas\u0131 \u015e\u0259rurda Vasif Tal\u0131bovun m\u00fc\u0259llimi olub. Vasif Tal\u0131bov m\u00fc\u0259lliminin o\u011flunu \u0259vv\u0259l Ali M\u0259clis\u0259 g\u0259tirmi\u015fdi, sonra da D\u0259miryol idar\u0259sinin r\u0259hb\u0259ri t\u0259yin el\u0259di. O da ba\u015f\u0131m\u0131za bel\u0259 oyun a\u00e7d\u0131. H\u0259tta ona da raz\u0131la\u015fd\u0131m ki, s\u00f6k\u00fcl\u00fcrs\u0259, bir m\u0259ktub verilsin ki, d\u00f6vl\u0259t \u0259h\u0259miyy\u0259tli i\u015f g\u00f6r\u00fcl\u00fcr, ona g\u00f6r\u0259 el\u0259yirl\u0259r.. Bundan da imtina el\u0259dil\u0259r. Aram\u0131zda b\u00f6y\u00fck s\u00f6z-s\u00f6hb\u0259t oldu. M\u0259n bu d\u0259r\u0259c\u0259d\u0259 g\u00f6zl\u0259mirdim. \u018fmlak\u0131m\u0131 s\u00f6k\u0259nd\u0259 bel\u0259, x\u0259b\u0259rim olmad\u0131\u201d.<\/em><\/p>\n\n\n\n<p><strong>\u201cG\u00fcn\u00fcn birind\u0259 bu bandan\u0131n da\u011f\u0131lmas\u0131n\u0131 g\u00f6zl\u0259yirdim\u201d<\/strong><\/p>\n\n\n\n<p>Elmahir Rzayev dan\u0131\u015f\u0131r ki, h\u0259min obyekt d\u00fclg\u0259r sexi kimi f\u0259aliyy\u0259t g\u00f6st\u0259rirdi. Oradan \u00f6z\u00fc d\u0259 daxil olmaqla, xeyli adam evin\u0259 \u00e7\u00f6r\u0259k pulu apar\u0131rd\u0131. Onun s\u00f6zl\u0259rin\u0259 g\u00f6r\u0259, Vasif Tal\u0131bovun r\u0259hb\u0259rliyi d\u00f6vr\u00fcnd\u0259 Nax\u00e7\u0131vanda v\u0259ziyy\u0259t el\u0259ydi ki, insanlar\u0131n ba\u015f\u0131na n\u0259 oyun a\u00e7\u0131lsa da, adamlar s\u0259sini \u00e7\u0131xara bilmirdi:<br><em>\u201cOna g\u00f6r\u0259 d\u0259 s\u0259br edib, g\u00fcn\u00fcn birind\u0259 bu bandan\u0131n da\u011f\u0131lmas\u0131n\u0131 g\u00f6zl\u0259yirdim. N\u0259hay\u0259t, o g\u00fcn g\u0259lib \u00e7\u0131xd\u0131. 2022-ci il dekabr\u0131n 6-da D\u00f6vl\u0259t T\u0259hl\u00fck\u0259sizliyi Xidm\u0259tinin Nax\u00e7\u0131van \u015f\u00f6b\u0259sin\u0259 \u0259riz\u0259 verdim. Oradan bir n\u0259f\u0259r n\u00fcmay\u0259nd\u0259 m\u0259niml\u0259 g\u00f6r\u00fc\u015fd\u00fc. B\u00fct\u00fcn s\u0259n\u0259dl\u0259ri ona verdim. Uzun ill\u0259r d\u0259miryolunda i\u015fl\u0259mi\u015f\u0259m, b\u00fct\u00fcn bildikl\u0259rimi dan\u0131\u015fd\u0131m. H\u0259tta obyektimin yerin\u0259 d\u0259 apard\u0131m. G\u00f6rd\u00fc ki, obyektimi s\u00f6k\u00fcbl\u0259r, yerind\u0259 he\u00e7 a\u011fac da \u0259km\u0259yibl\u0259r. \u00dcst\u00fcnd\u0259n uzun m\u00fcdd\u0259t ke\u00e7\u0259nd\u0259n sonra \u2013 fevral ay\u0131nda m\u0259n\u0259 dedi ki, o i\u015f bizlik deyil. Prokurorlu\u011fa da getmi\u015fdim. Sonra Ali M\u0259clis\u0259 m\u00fcraci\u0259t el\u0259dim. Aprelin 4-d\u0259 s\u0259lahiyy\u0259tli n\u00fcmay\u0259nd\u0259y\u0259 teleqram g\u00f6nd\u0259rdim. Xahi\u015f el\u0259dim ki, m\u0259ni q\u0259bul el\u0259sin. O da q\u0259bul el\u0259m\u0259di&#8230;\u201d.<\/em><\/p>\n\n\n\n<figure class=\"wp-block-image size-large is-resized\"><img decoding=\"async\" data-src=\"https:\/\/www.meydan.tv\/wp-content\/uploads\/photo-2023-07-30-10-37-41-586x821.jpg\" alt=\"\" class=\"wp-image-281010 lazyload\" width=\"797\" height=\"1117\" src=\"data:image\/svg+xml;base64,PHN2ZyB3aWR0aD0iMSIgaGVpZ2h0PSIxIiB4bWxucz0iaHR0cDovL3d3dy53My5vcmcvMjAwMC9zdmciPjwvc3ZnPg==\" style=\"--smush-placeholder-width: 797px; --smush-placeholder-aspect-ratio: 797\/1117;\" \/><\/figure>\n\n\n\n<p><strong>\u201cD\u00fc\u015f\u00fcn\u00fcr\u0259m ki, bu \u00f6lk\u0259nin yiy\u0259si var\u201d<\/strong><\/p>\n\n\n\n<p>Nax\u00e7\u0131van MR-dak\u0131 yeni m\u0259murlardan da \u00fcmidini \u00fczd\u00fcy\u00fcn\u00fc dey\u0259n Elmahir Rzayev vur\u011fulay\u0131b ki, ona qar\u015f\u0131 bu c\u00fcr davran\u0131\u015f h\u0259m d\u0259 q\u00fcrurunu z\u0259d\u0259l\u0259yib. Onun s\u00f6zl\u0259rin\u0259 g\u00f6r\u0259, m\u0259murlar\u0131n bel\u0259 m\u00fcnasib\u0259ti qar\u015f\u0131s\u0131nda \u00f6z\u00fcn\u00fc al\u00e7alm\u0131\u015f hiss edir:<\/p>\n\n\n\n<p>\u201c<em>Onsuz da 20 ildir o \u0259mlak\u0131 itirmi\u015f\u0259m. Banda da\u011f\u0131landan sonra bir \u00fcmid yaranm\u0131\u015fd\u0131. Bu c\u00fcr davran\u0131\u015fla o \u00fcmidi \u00f6ld\u00fcrm\u0259kl\u0259 yana\u015f\u0131, h\u0259m d\u0259 m\u0259ni al\u00e7altm\u0131\u015f oldular. M\u0259n d\u00fc\u015f\u00fcn\u00fcr\u0259m ki, bu \u00f6lk\u0259nin yiy\u0259si var. Ona g\u00f6r\u0259 prezident\u0259, Mehriban xan\u0131ma m\u00fcraci\u0259t etm\u0259k ist\u0259yir\u0259m. M\u0259n n\u0259 ist\u0259yir\u0259m ki?! \u00d6z\u00fcm\u00fcn olan\u0131, \u0259limd\u0259n zorla al\u0131nan\u0131 ist\u0259yir\u0259m d\u0259. \u00c7ox t\u0259\u0259ss\u00fcf ki, vicdan deyil\u0259n \u015fey h\u0259r adamda olmur. M\u0259n bu ya\u015f\u0131mda niy\u0259 bu v\u0259ziyy\u0259t\u0259 qalmal\u0131yam?\u201d.<\/em><\/p>\n","protected":false},"excerpt":{"rendered":"<p>68 ya\u015fl\u0131 Elmahir Rzayev: \u201cPrezident\u0259, Mehriban xan\u0131ma m\u00fcraci\u0259t edir\u0259m\u201d Nax\u00e7\u0131van &#8230; <\/p>\n<p class=\"read-more-container\"><a title=\"\u201cNax\u00e7\u0131vanda banda da\u011f\u0131landan sonra \u00fcmidim yaranm\u0131\u015fd\u0131, amma\u2026\u201d\" class=\"read-more button\" href=\"https:\/\/www.meydan.tv\/az\/article\/naxcivanda-banda-dagilandan-sonra-umidim-yaranmisdi-amma\/#more-281013\" aria-label=\"Read more about \u201cNax\u00e7\u0131vanda banda da\u011f\u0131landan sonra \u00fcmidim yaranm\u0131\u015fd\u0131, amma\u2026\u201d\">Davam\u0131<\/a><\/p>\n","protected":false},"author":8,"featured_media":281014,"comment_status":"closed","ping_status":"closed","sticky":false,"template":"","format":"standard","meta":{"_acf_changed":false,"_sitemap_exclude":false,"_sitemap_priority":"","_sitemap_frequency":"","footnotes":""},"categories":[60,56],"tags":[],"class_list":["post-281013","post","type-post","status-publish","format-standard","has-post-thumbnail","hentry","category-bolge","category-xeberler","infinite-scroll-item","generate-columns","tablet-grid-50","mobile-grid-100","grid-parent","grid-33","no-featured-image-padding"],"acf":[],"yoast_head":"<!-- This site is optimized with the Yoast SEO plugin v27.4 - https:\/\/yoast.com\/product\/yoast-seo-wordpress\/ -->\n<title>\u201cNax\u00e7\u0131vanda banda da\u011f\u0131landan sonra \u00fcmidim yaranm\u0131\u015fd\u0131, amma\u2026\u201d - MEYDAN.TV<\/title>\n<meta name=\"robots\" content=\"index, follow, max-snippet:-1, max-image-preview:large, max-video-preview:-1\" \/>\n<link rel=\"canonical\" href=\"https:\/\/www.meydan.tv\/az\/article\/naxcivanda-banda-dagilandan-sonra-umidim-yaranmisdi-amma\/\" \/>\n<meta property=\"og:locale\" content=\"az_AZ\" \/>\n<meta property=\"og:type\" content=\"article\" \/>\n<meta property=\"og:title\" content=\"\u201cNax\u00e7\u0131vanda banda da\u011f\u0131landan sonra \u00fcmidim yaranm\u0131\u015fd\u0131, amma\u2026\u201d - MEYDAN.TV\" \/>\n<meta property=\"og:description\" content=\"68 ya\u015fl\u0131 Elmahir Rzayev: \u201cPrezident\u0259, Mehriban xan\u0131ma m\u00fcraci\u0259t edir\u0259m\u201d Nax\u00e7\u0131van ... Davam\u0131\" \/>\n<meta property=\"og:url\" content=\"https:\/\/www.meydan.tv\/az\/article\/naxcivanda-banda-dagilandan-sonra-umidim-yaranmisdi-amma\/\" \/>\n<meta property=\"og:site_name\" content=\"MEYDAN.TV\" \/>\n<meta property=\"article:published_time\" content=\"2023-07-30T20:09:47+00:00\" \/>\n<meta property=\"article:modified_time\" content=\"2023-07-30T20:09:49+00:00\" \/>\n<meta property=\"og:image\" content=\"https:\/\/www.meydan.tv\/wp-content\/uploads\/untitled-design-5-69-e1690747776206.jpg\" \/>\n\t<meta property=\"og:image:width\" content=\"1200\" \/>\n\t<meta property=\"og:image:height\" content=\"723\" \/>\n\t<meta property=\"og:image:type\" content=\"image\/jpeg\" \/>\n<meta name=\"author\" content=\"elli\" \/>\n<meta name=\"twitter:card\" content=\"summary_large_image\" \/>\n<meta name=\"twitter:creator\" content=\"@elli\" \/>\n<script type=\"application\/ld+json\" class=\"yoast-schema-graph\">{\"@context\":\"https:\\\/\\\/schema.org\",\"@graph\":[{\"@type\":\"Article\",\"@id\":\"https:\\\/\\\/www.meydan.tv\\\/az\\\/article\\\/naxcivanda-banda-dagilandan-sonra-umidim-yaranmisdi-amma\\\/#article\",\"isPartOf\":{\"@id\":\"https:\\\/\\\/www.meydan.tv\\\/az\\\/article\\\/naxcivanda-banda-dagilandan-sonra-umidim-yaranmisdi-amma\\\/\"},\"author\":{\"name\":\"elli\",\"@id\":\"https:\\\/\\\/www.meydan.tv\\\/az\\\/#\\\/schema\\\/person\\\/9cdbecf90d17180ce1dfbd95b08dcf47\"},\"headline\":\"\u201cNax\u00e7\u0131vanda banda da\u011f\u0131landan sonra \u00fcmidim yaranm\u0131\u015fd\u0131, amma\u2026\u201d\",\"datePublished\":\"2023-07-30T20:09:47+00:00\",\"dateModified\":\"2023-07-30T20:09:49+00:00\",\"mainEntityOfPage\":{\"@id\":\"https:\\\/\\\/www.meydan.tv\\\/az\\\/article\\\/naxcivanda-banda-dagilandan-sonra-umidim-yaranmisdi-amma\\\/\"},\"wordCount\":848,\"publisher\":{\"@id\":\"https:\\\/\\\/www.meydan.tv\\\/az\\\/#organization\"},\"image\":{\"@id\":\"https:\\\/\\\/www.meydan.tv\\\/az\\\/article\\\/naxcivanda-banda-dagilandan-sonra-umidim-yaranmisdi-amma\\\/#primaryimage\"},\"thumbnailUrl\":\"https:\\\/\\\/www.meydan.tv\\\/wp-content\\\/uploads\\\/untitled-design-5-69-e1690747776206.jpg\",\"articleSection\":[\"B\u00f6lg\u0259\",\"X\u0259b\u0259rl\u0259r\"],\"inLanguage\":\"az\"},{\"@type\":\"WebPage\",\"@id\":\"https:\\\/\\\/www.meydan.tv\\\/az\\\/article\\\/naxcivanda-banda-dagilandan-sonra-umidim-yaranmisdi-amma\\\/\",\"url\":\"https:\\\/\\\/www.meydan.tv\\\/az\\\/article\\\/naxcivanda-banda-dagilandan-sonra-umidim-yaranmisdi-amma\\\/\",\"name\":\"\u201cNax\u00e7\u0131vanda banda da\u011f\u0131landan sonra \u00fcmidim yaranm\u0131\u015fd\u0131, amma\u2026\u201d - MEYDAN.TV\",\"isPartOf\":{\"@id\":\"https:\\\/\\\/www.meydan.tv\\\/az\\\/#website\"},\"primaryImageOfPage\":{\"@id\":\"https:\\\/\\\/www.meydan.tv\\\/az\\\/article\\\/naxcivanda-banda-dagilandan-sonra-umidim-yaranmisdi-amma\\\/#primaryimage\"},\"image\":{\"@id\":\"https:\\\/\\\/www.meydan.tv\\\/az\\\/article\\\/naxcivanda-banda-dagilandan-sonra-umidim-yaranmisdi-amma\\\/#primaryimage\"},\"thumbnailUrl\":\"https:\\\/\\\/www.meydan.tv\\\/wp-content\\\/uploads\\\/untitled-design-5-69-e1690747776206.jpg\",\"datePublished\":\"2023-07-30T20:09:47+00:00\",\"dateModified\":\"2023-07-30T20:09:49+00:00\",\"breadcrumb\":{\"@id\":\"https:\\\/\\\/www.meydan.tv\\\/az\\\/article\\\/naxcivanda-banda-dagilandan-sonra-umidim-yaranmisdi-amma\\\/#breadcrumb\"},\"inLanguage\":\"az\",\"potentialAction\":[{\"@type\":\"ReadAction\",\"target\":[\"https:\\\/\\\/www.meydan.tv\\\/az\\\/article\\\/naxcivanda-banda-dagilandan-sonra-umidim-yaranmisdi-amma\\\/\"]}]},{\"@type\":\"ImageObject\",\"inLanguage\":\"az\",\"@id\":\"https:\\\/\\\/www.meydan.tv\\\/az\\\/article\\\/naxcivanda-banda-dagilandan-sonra-umidim-yaranmisdi-amma\\\/#primaryimage\",\"url\":\"https:\\\/\\\/www.meydan.tv\\\/wp-content\\\/uploads\\\/untitled-design-5-69-e1690747776206.jpg\",\"contentUrl\":\"https:\\\/\\\/www.meydan.tv\\\/wp-content\\\/uploads\\\/untitled-design-5-69-e1690747776206.jpg\",\"width\":1200,\"height\":723,\"caption\":\"Elmahir Rzayev. Foto: Meydan TV\"},{\"@type\":\"BreadcrumbList\",\"@id\":\"https:\\\/\\\/www.meydan.tv\\\/az\\\/article\\\/naxcivanda-banda-dagilandan-sonra-umidim-yaranmisdi-amma\\\/#breadcrumb\",\"itemListElement\":[{\"@type\":\"ListItem\",\"position\":1,\"name\":\"Ana s\u0259hif\u0259\",\"item\":\"https:\\\/\\\/www.meydan.tv\\\/az\\\/\"},{\"@type\":\"ListItem\",\"position\":2,\"name\":\"B\u00f6lg\u0259\",\"item\":\"https:\\\/\\\/www.meydan.tv\\\/az\\\/section\\\/bolge\\\/\"},{\"@type\":\"ListItem\",\"position\":3,\"name\":\"\u201cNax\u00e7\u0131vanda banda da\u011f\u0131landan sonra \u00fcmidim yaranm\u0131\u015fd\u0131, amma\u2026\u201d\"}]},{\"@type\":\"WebSite\",\"@id\":\"https:\\\/\\\/www.meydan.tv\\\/az\\\/#website\",\"url\":\"https:\\\/\\\/www.meydan.tv\\\/az\\\/\",\"name\":\"MEYDAN.TV\",\"description\":\"Meydan TV Az\u0259rbaycan\u0131n media m\u0259kan\u0131ndak\u0131 alternativ s\u0259sidir\",\"publisher\":{\"@id\":\"https:\\\/\\\/www.meydan.tv\\\/az\\\/#organization\"},\"potentialAction\":[{\"@type\":\"SearchAction\",\"target\":{\"@type\":\"EntryPoint\",\"urlTemplate\":\"https:\\\/\\\/www.meydan.tv\\\/az\\\/?s={search_term_string}\"},\"query-input\":{\"@type\":\"PropertyValueSpecification\",\"valueRequired\":true,\"valueName\":\"search_term_string\"}}],\"inLanguage\":\"az\"},{\"@type\":\"Organization\",\"@id\":\"https:\\\/\\\/www.meydan.tv\\\/az\\\/#organization\",\"name\":\"Meydan TV\",\"url\":\"https:\\\/\\\/www.meydan.tv\\\/az\\\/\",\"logo\":{\"@type\":\"ImageObject\",\"inLanguage\":\"az\",\"@id\":\"https:\\\/\\\/www.meydan.tv\\\/az\\\/#\\\/schema\\\/logo\\\/image\\\/\",\"url\":\"https:\\\/\\\/www.meydan.tv\\\/wp-content\\\/uploads\\\/2021\\\/07\\\/meydan-logo.svg\",\"contentUrl\":\"https:\\\/\\\/www.meydan.tv\\\/wp-content\\\/uploads\\\/2021\\\/07\\\/meydan-logo.svg\",\"width\":195,\"height\":46,\"caption\":\"Meydan TV\"},\"image\":{\"@id\":\"https:\\\/\\\/www.meydan.tv\\\/az\\\/#\\\/schema\\\/logo\\\/image\\\/\"}},{\"@type\":\"Person\",\"@id\":\"https:\\\/\\\/www.meydan.tv\\\/az\\\/#\\\/schema\\\/person\\\/9cdbecf90d17180ce1dfbd95b08dcf47\",\"name\":\"elli\",\"sameAs\":[\"https:\\\/\\\/x.com\\\/elli\"]}]}<\/script>\n<!-- \/ Yoast SEO plugin. -->","yoast_head_json":{"title":"\u201cNax\u00e7\u0131vanda banda da\u011f\u0131landan sonra \u00fcmidim yaranm\u0131\u015fd\u0131, amma\u2026\u201d - MEYDAN.TV","robots":{"index":"index","follow":"follow","max-snippet":"max-snippet:-1","max-image-preview":"max-image-preview:large","max-video-preview":"max-video-preview:-1"},"canonical":"https:\/\/www.meydan.tv\/az\/article\/naxcivanda-banda-dagilandan-sonra-umidim-yaranmisdi-amma\/","og_locale":"az_AZ","og_type":"article","og_title":"\u201cNax\u00e7\u0131vanda banda da\u011f\u0131landan sonra \u00fcmidim yaranm\u0131\u015fd\u0131, amma\u2026\u201d - MEYDAN.TV","og_description":"68 ya\u015fl\u0131 Elmahir Rzayev: \u201cPrezident\u0259, Mehriban xan\u0131ma m\u00fcraci\u0259t edir\u0259m\u201d Nax\u00e7\u0131van ... Davam\u0131","og_url":"https:\/\/www.meydan.tv\/az\/article\/naxcivanda-banda-dagilandan-sonra-umidim-yaranmisdi-amma\/","og_site_name":"MEYDAN.TV","article_published_time":"2023-07-30T20:09:47+00:00","article_modified_time":"2023-07-30T20:09:49+00:00","og_image":[{"width":1200,"height":723,"url":"https:\/\/www.meydan.tv\/wp-content\/uploads\/untitled-design-5-69-e1690747776206.jpg","type":"image\/jpeg"}],"author":"elli","twitter_card":"summary_large_image","twitter_creator":"@elli","schema":{"@context":"https:\/\/schema.org","@graph":[{"@type":"Article","@id":"https:\/\/www.meydan.tv\/az\/article\/naxcivanda-banda-dagilandan-sonra-umidim-yaranmisdi-amma\/#article","isPartOf":{"@id":"https:\/\/www.meydan.tv\/az\/article\/naxcivanda-banda-dagilandan-sonra-umidim-yaranmisdi-amma\/"},"author":{"name":"elli","@id":"https:\/\/www.meydan.tv\/az\/#\/schema\/person\/9cdbecf90d17180ce1dfbd95b08dcf47"},"headline":"\u201cNax\u00e7\u0131vanda banda da\u011f\u0131landan sonra \u00fcmidim yaranm\u0131\u015fd\u0131, amma\u2026\u201d","datePublished":"2023-07-30T20:09:47+00:00","dateModified":"2023-07-30T20:09:49+00:00","mainEntityOfPage":{"@id":"https:\/\/www.meydan.tv\/az\/article\/naxcivanda-banda-dagilandan-sonra-umidim-yaranmisdi-amma\/"},"wordCount":848,"publisher":{"@id":"https:\/\/www.meydan.tv\/az\/#organization"},"image":{"@id":"https:\/\/www.meydan.tv\/az\/article\/naxcivanda-banda-dagilandan-sonra-umidim-yaranmisdi-amma\/#primaryimage"},"thumbnailUrl":"https:\/\/www.meydan.tv\/wp-content\/uploads\/untitled-design-5-69-e1690747776206.jpg","articleSection":["B\u00f6lg\u0259","X\u0259b\u0259rl\u0259r"],"inLanguage":"az"},{"@type":"WebPage","@id":"https:\/\/www.meydan.tv\/az\/article\/naxcivanda-banda-dagilandan-sonra-umidim-yaranmisdi-amma\/","url":"https:\/\/www.meydan.tv\/az\/article\/naxcivanda-banda-dagilandan-sonra-umidim-yaranmisdi-amma\/","name":"\u201cNax\u00e7\u0131vanda banda da\u011f\u0131landan sonra \u00fcmidim yaranm\u0131\u015fd\u0131, amma\u2026\u201d - MEYDAN.TV","isPartOf":{"@id":"https:\/\/www.meydan.tv\/az\/#website"},"primaryImageOfPage":{"@id":"https:\/\/www.meydan.tv\/az\/article\/naxcivanda-banda-dagilandan-sonra-umidim-yaranmisdi-amma\/#primaryimage"},"image":{"@id":"https:\/\/www.meydan.tv\/az\/article\/naxcivanda-banda-dagilandan-sonra-umidim-yaranmisdi-amma\/#primaryimage"},"thumbnailUrl":"https:\/\/www.meydan.tv\/wp-content\/uploads\/untitled-design-5-69-e1690747776206.jpg","datePublished":"2023-07-30T20:09:47+00:00","dateModified":"2023-07-30T20:09:49+00:00","breadcrumb":{"@id":"https:\/\/www.meydan.tv\/az\/article\/naxcivanda-banda-dagilandan-sonra-umidim-yaranmisdi-amma\/#breadcrumb"},"inLanguage":"az","potentialAction":[{"@type":"ReadAction","target":["https:\/\/www.meydan.tv\/az\/article\/naxcivanda-banda-dagilandan-sonra-umidim-yaranmisdi-amma\/"]}]},{"@type":"ImageObject","inLanguage":"az","@id":"https:\/\/www.meydan.tv\/az\/article\/naxcivanda-banda-dagilandan-sonra-umidim-yaranmisdi-amma\/#primaryimage","url":"https:\/\/www.meydan.tv\/wp-content\/uploads\/untitled-design-5-69-e1690747776206.jpg","contentUrl":"https:\/\/www.meydan.tv\/wp-content\/uploads\/untitled-design-5-69-e1690747776206.jpg","width":1200,"height":723,"caption":"Elmahir Rzayev. Foto: Meydan TV"},{"@type":"BreadcrumbList","@id":"https:\/\/www.meydan.tv\/az\/article\/naxcivanda-banda-dagilandan-sonra-umidim-yaranmisdi-amma\/#breadcrumb","itemListElement":[{"@type":"ListItem","position":1,"name":"Ana s\u0259hif\u0259","item":"https:\/\/www.meydan.tv\/az\/"},{"@type":"ListItem","position":2,"name":"B\u00f6lg\u0259","item":"https:\/\/www.meydan.tv\/az\/section\/bolge\/"},{"@type":"ListItem","position":3,"name":"\u201cNax\u00e7\u0131vanda banda da\u011f\u0131landan sonra \u00fcmidim yaranm\u0131\u015fd\u0131, amma\u2026\u201d"}]},{"@type":"WebSite","@id":"https:\/\/www.meydan.tv\/az\/#website","url":"https:\/\/www.meydan.tv\/az\/","name":"MEYDAN.TV","description":"Meydan TV Az\u0259rbaycan\u0131n media m\u0259kan\u0131ndak\u0131 alternativ s\u0259sidir","publisher":{"@id":"https:\/\/www.meydan.tv\/az\/#organization"},"potentialAction":[{"@type":"SearchAction","target":{"@type":"EntryPoint","urlTemplate":"https:\/\/www.meydan.tv\/az\/?s={search_term_string}"},"query-input":{"@type":"PropertyValueSpecification","valueRequired":true,"valueName":"search_term_string"}}],"inLanguage":"az"},{"@type":"Organization","@id":"https:\/\/www.meydan.tv\/az\/#organization","name":"Meydan TV","url":"https:\/\/www.meydan.tv\/az\/","logo":{"@type":"ImageObject","inLanguage":"az","@id":"https:\/\/www.meydan.tv\/az\/#\/schema\/logo\/image\/","url":"https:\/\/www.meydan.tv\/wp-content\/uploads\/2021\/07\/meydan-logo.svg","contentUrl":"https:\/\/www.meydan.tv\/wp-content\/uploads\/2021\/07\/meydan-logo.svg","width":195,"height":46,"caption":"Meydan TV"},"image":{"@id":"https:\/\/www.meydan.tv\/az\/#\/schema\/logo\/image\/"}},{"@type":"Person","@id":"https:\/\/www.meydan.tv\/az\/#\/schema\/person\/9cdbecf90d17180ce1dfbd95b08dcf47","name":"elli","sameAs":["https:\/\/x.com\/elli"]}]}},"_links":{"self":[{"href":"https:\/\/www.meydan.tv\/az\/wp-json\/wp\/v2\/posts\/281013","targetHints":{"allow":["GET"]}}],"collection":[{"href":"https:\/\/www.meydan.tv\/az\/wp-json\/wp\/v2\/posts"}],"about":[{"href":"https:\/\/www.meydan.tv\/az\/wp-json\/wp\/v2\/types\/post"}],"author":[{"embeddable":true,"href":"https:\/\/www.meydan.tv\/az\/wp-json\/wp\/v2\/users\/8"}],"replies":[{"embeddable":true,"href":"https:\/\/www.meydan.tv\/az\/wp-json\/wp\/v2\/comments?post=281013"}],"version-history":[{"count":1,"href":"https:\/\/www.meydan.tv\/az\/wp-json\/wp\/v2\/posts\/281013\/revisions"}],"predecessor-version":[{"id":281017,"href":"https:\/\/www.meydan.tv\/az\/wp-json\/wp\/v2\/posts\/281013\/revisions\/281017"}],"wp:featuredmedia":[{"embeddable":true,"href":"https:\/\/www.meydan.tv\/az\/wp-json\/wp\/v2\/media\/281014"}],"wp:attachment":[{"href":"https:\/\/www.meydan.tv\/az\/wp-json\/wp\/v2\/media?parent=281013"}],"wp:term":[{"taxonomy":"category","embeddable":true,"href":"https:\/\/www.meydan.tv\/az\/wp-json\/wp\/v2\/categories?post=281013"},{"taxonomy":"post_tag","embeddable":true,"href":"https:\/\/www.meydan.tv\/az\/wp-json\/wp\/v2\/tags?post=281013"}],"curies":[{"name":"wp","href":"https:\/\/api.w.org\/{rel}","templated":true}]}}