{"id":280994,"date":"2023-07-30T05:40:30","date_gmt":"2023-07-30T01:40:30","guid":{"rendered":"https:\/\/www.meydan.tv\/?p=280994"},"modified":"2023-07-30T05:45:47","modified_gmt":"2023-07-30T01:45:47","slug":"istehsalatda-xesaret-alib-yasadigi-adadan-qovulub-kocduyu-kendi-sel-basib","status":"publish","type":"post","link":"https:\/\/www.meydan.tv\/az\/article\/istehsalatda-xesaret-alib-yasadigi-adadan-qovulub-kocduyu-kendi-sel-basib\/","title":{"rendered":"\u0130stehsalatda x\u0259sar\u0259t al\u0131b, ya\u015fad\u0131\u011f\u0131 adadan qovulub, k\u00f6\u00e7d\u00fcy\u00fc k\u0259ndi sel bas\u0131b&#8230;"},"content":{"rendered":"\n<p><\/p>\n\n\n\n<p><strong><em>H\u0259s\u0259n H\u0259s\u0259nov ail\u0259sini doland\u0131rmaq \u00fc\u00e7\u00fcn i\u015f tapa bilm\u0259diyini deyir<\/em><\/strong><\/p>\n\n\n\n<p>\u201c<em>Uzun ill\u0259r neft sah\u0259sind\u0259 f\u0259hl\u0259 kimi i\u015fl\u0259dim, \u0259limin qabar\u0131ndan gec\u0259l\u0259r g\u00f6z\u00fcm\u0259 yuxu getm\u0259di. Ail\u0259ml\u0259 birg\u0259 ya\u015fad\u0131\u011f\u0131m Pirallah\u0131 rayonu \u00c7ilov adas\u0131ndak\u0131 evimd\u0259n d\u0259 s\u00fcrg\u00fcn etdil\u0259r, indi dolana bilmir\u0259m\u201d.<\/em><\/p>\n\n\n\n<p>Bunu Meydan TV-y\u0259 Masall\u0131n\u0131n T\u0259kl\u0259 k\u0259nd sakini H\u0259s\u0259n H\u0259s\u0259nov bildirib. Onun s\u00f6zl\u0259rin\u0259 g\u00f6r\u0259, 1992-ci ild\u0259 Pirallah\u0131 rayonu, \u00c7ilov q\u0259s\u0259b\u0259sind\u0259 22 sayl\u0131 m\u00fchafiz\u0259d\u0259, 1993-c\u00fc ild\u0259n is\u0259 \u201c28 May\u201d Neft-Qaz \u00c7\u0131xarma \u0130dar\u0259sind\u0259 i\u015fl\u0259yib. 1999-cu ild\u0259 istehsalatda a\u011f\u0131r x\u0259sar\u0259t al\u0131b.<\/p>\n\n\n<div class=\"wp-block-image\">\n<figure class=\"aligncenter size-full\"><img decoding=\"async\" width=\"1200\" height=\"800\" data-src=\"https:\/\/www.meydan.tv\/wp-content\/uploads\/untitled-design-4-89.jpg\" alt=\"\" class=\"wp-image-280991 lazyload\" src=\"data:image\/svg+xml;base64,PHN2ZyB3aWR0aD0iMSIgaGVpZ2h0PSIxIiB4bWxucz0iaHR0cDovL3d3dy53My5vcmcvMjAwMC9zdmciPjwvc3ZnPg==\" style=\"--smush-placeholder-width: 1200px; --smush-placeholder-aspect-ratio: 1200\/800;\" \/><\/figure>\n<\/div>\n\n\n<p>H.H\u0259s\u0259nov bildirib ki, x\u0259st\u0259 oldu\u011fundan i\u015f\u0259 \u00e7\u0131xmay\u0131b, amma bunun \u00fc\u00e7\u00fcn tibbi aray\u0131\u015f t\u0259qdim edib. Buna baxmayaraq ixtisas d\u0259r\u0259c\u0259sini azald\u0131blar v\u0259 bu, maa\u015f\u0131n\u0131n azalmas\u0131na s\u0259b\u0259b olub. Etiraz ed\u0259nd\u0259n sonra onunla \u0259dav\u0259t\u0259 ba\u015flay\u0131blar, i\u015fd\u0259n \u00e7\u0131xar\u0131blar, ya\u015fad\u0131\u011f\u0131 \u00c7ilov adas\u0131ndan qovulub.<\/p>\n\n\n\n<p>\u201c<em>Ne\u00e7\u0259 ildir i\u015fsiz\u0259m, Bak\u0131da kiray\u0259l\u0259rd\u0259 qal\u0131b ya\u015fama\u011fa maddi imkan\u0131m \u00e7atmad\u0131. 7 n\u0259f\u0259rlik ail\u0259 \u00fczv\u00fcml\u0259 birg\u0259 k\u0259nd\u0259 k\u00f6\u00e7d\u00fck. Amma k\u0259ndi sel basd\u0131, ev d\u0259 su alt\u0131nda qald\u0131. 2018- ci ild\u0259n i\u015f tapa bilmir\u0259m, d\u0259f\u0259l\u0259rl\u0259 m\u00fcraci\u0259t etm\u0259yim\u0259 baxmayaraq i\u015fl\u0259 t\u0259min olunmuram. \u00c7ar\u0259siz durumdayam, evim ba\u015f\u0131ma u\u00e7ur, t\u0259mir ed\u0259 bilmir\u0259m. \u018fliqabarl\u0131 neft\u00e7i nec\u0259 dolans\u0131n, ya\u015fay\u0131\u015f\u0131n\u0131 hans\u0131 yolla t\u0259min etsin? Qaz x\u0259tti \u00e7\u0259kilib, say\u011fac qura\u015fd\u0131r\u0131lmas\u0131na imkan\u0131m \u00e7atmr, internet \u00e7\u0259kdirm\u0259y\u0259 d\u0259 pul ist\u0259yirl\u0259r\u201d<\/em>,-\u015fikay\u0259t\u00e7i bildirib.<\/p>\n\n\n<div class=\"wp-block-image\">\n<figure class=\"aligncenter size-full\"><img decoding=\"async\" width=\"1200\" height=\"800\" data-src=\"https:\/\/www.meydan.tv\/wp-content\/uploads\/untitled-design-3-108.jpg\" alt=\"\" class=\"wp-image-280988 lazyload\" src=\"data:image\/svg+xml;base64,PHN2ZyB3aWR0aD0iMSIgaGVpZ2h0PSIxIiB4bWxucz0iaHR0cDovL3d3dy53My5vcmcvMjAwMC9zdmciPjwvc3ZnPg==\" style=\"--smush-placeholder-width: 1200px; --smush-placeholder-aspect-ratio: 1200\/800;\" \/><\/figure>\n<\/div>\n\n\n<p>Masall\u0131 Rayon \u0130cra Hakimiyy\u0259tind\u0259n v\u0259t\u0259nda\u015f\u0131n \u015fikay\u0259tind\u0259n x\u0259b\u0259rsiz olduqlar\u0131n\u0131 deyibl\u0259r:<\/p>\n\n\n\n<p>\u201c<em>V\u0259t\u0259nda\u015f i\u015fsizdirs\u0259, i\u015fsiz kimi qeydiyyata d\u00fc\u015fm\u0259lidir ki, vakant yerl\u0259r olarsa, t\u0259klif etsinl\u0259r. Evi sel bas\u0131bsa, bununla ba\u011fl\u0131 icra hakimiyy\u0259tinin f\u00f6vq\u0259lad\u0259 hallar komissiyas\u0131na m\u00fcraci\u0259t olunmal\u0131d\u0131r, yerind\u0259 bax\u0131\u015f ke\u00e7ililm\u0259lidir, g\u00f6r\u00fcn\u00fcr, v\u0259t\u0259nda\u015f m\u00fcraci\u0259t etm\u0259yib\u201d.<\/em><\/p>\n","protected":false},"excerpt":{"rendered":"<p>H\u0259s\u0259n H\u0259s\u0259nov ail\u0259sini doland\u0131rmaq \u00fc\u00e7\u00fcn i\u015f tapa bilm\u0259diyini deyir \u201cUzun &#8230; <\/p>\n<p class=\"read-more-container\"><a title=\"\u0130stehsalatda x\u0259sar\u0259t al\u0131b, ya\u015fad\u0131\u011f\u0131 adadan qovulub, k\u00f6\u00e7d\u00fcy\u00fc k\u0259ndi sel bas\u0131b&#8230;\" class=\"read-more button\" href=\"https:\/\/www.meydan.tv\/az\/article\/istehsalatda-xesaret-alib-yasadigi-adadan-qovulub-kocduyu-kendi-sel-basib\/#more-280994\" aria-label=\"Read more about \u0130stehsalatda x\u0259sar\u0259t al\u0131b, ya\u015fad\u0131\u011f\u0131 adadan qovulub, k\u00f6\u00e7d\u00fcy\u00fc k\u0259ndi sel bas\u0131b&#8230;\">Davam\u0131<\/a><\/p>\n","protected":false},"author":8,"featured_media":280985,"comment_status":"closed","ping_status":"closed","sticky":false,"template":"","format":"standard","meta":{"_acf_changed":false,"_sitemap_exclude":false,"_sitemap_priority":"","_sitemap_frequency":"","footnotes":""},"categories":[60,56],"tags":[],"class_list":["post-280994","post","type-post","status-publish","format-standard","has-post-thumbnail","hentry","category-bolge","category-xeberler","infinite-scroll-item","generate-columns","tablet-grid-50","mobile-grid-100","grid-parent","grid-33","no-featured-image-padding"],"acf":[],"yoast_head":"<!-- This site is optimized with the Yoast SEO plugin v27.4 - https:\/\/yoast.com\/product\/yoast-seo-wordpress\/ -->\n<title>\u0130stehsalatda x\u0259sar\u0259t al\u0131b, ya\u015fad\u0131\u011f\u0131 adadan qovulub, k\u00f6\u00e7d\u00fcy\u00fc k\u0259ndi sel bas\u0131b... - MEYDAN.TV<\/title>\n<meta name=\"robots\" content=\"index, follow, max-snippet:-1, max-image-preview:large, max-video-preview:-1\" \/>\n<link rel=\"canonical\" href=\"https:\/\/www.meydan.tv\/az\/article\/istehsalatda-xesaret-alib-yasadigi-adadan-qovulub-kocduyu-kendi-sel-basib\/\" \/>\n<meta property=\"og:locale\" content=\"az_AZ\" \/>\n<meta property=\"og:type\" content=\"article\" \/>\n<meta property=\"og:title\" content=\"\u0130stehsalatda x\u0259sar\u0259t al\u0131b, ya\u015fad\u0131\u011f\u0131 adadan qovulub, k\u00f6\u00e7d\u00fcy\u00fc k\u0259ndi sel bas\u0131b... - MEYDAN.TV\" \/>\n<meta property=\"og:description\" content=\"H\u0259s\u0259n H\u0259s\u0259nov ail\u0259sini doland\u0131rmaq \u00fc\u00e7\u00fcn i\u015f tapa bilm\u0259diyini deyir \u201cUzun ... Davam\u0131\" \/>\n<meta property=\"og:url\" content=\"https:\/\/www.meydan.tv\/az\/article\/istehsalatda-xesaret-alib-yasadigi-adadan-qovulub-kocduyu-kendi-sel-basib\/\" \/>\n<meta property=\"og:site_name\" content=\"MEYDAN.TV\" \/>\n<meta property=\"article:published_time\" content=\"2023-07-30T01:40:30+00:00\" \/>\n<meta property=\"article:modified_time\" content=\"2023-07-30T01:45:47+00:00\" \/>\n<meta property=\"og:image\" content=\"https:\/\/www.meydan.tv\/wp-content\/uploads\/untitled-design-2-128.jpg\" \/>\n\t<meta property=\"og:image:width\" content=\"1200\" \/>\n\t<meta property=\"og:image:height\" content=\"800\" \/>\n\t<meta property=\"og:image:type\" content=\"image\/jpeg\" \/>\n<meta name=\"author\" content=\"elli\" \/>\n<meta name=\"twitter:card\" content=\"summary_large_image\" \/>\n<meta name=\"twitter:creator\" content=\"@elli\" \/>\n<script type=\"application\/ld+json\" class=\"yoast-schema-graph\">{\"@context\":\"https:\\\/\\\/schema.org\",\"@graph\":[{\"@type\":\"Article\",\"@id\":\"https:\\\/\\\/www.meydan.tv\\\/az\\\/article\\\/istehsalatda-xesaret-alib-yasadigi-adadan-qovulub-kocduyu-kendi-sel-basib\\\/#article\",\"isPartOf\":{\"@id\":\"https:\\\/\\\/www.meydan.tv\\\/az\\\/article\\\/istehsalatda-xesaret-alib-yasadigi-adadan-qovulub-kocduyu-kendi-sel-basib\\\/\"},\"author\":{\"name\":\"elli\",\"@id\":\"https:\\\/\\\/www.meydan.tv\\\/az\\\/#\\\/schema\\\/person\\\/9cdbecf90d17180ce1dfbd95b08dcf47\"},\"headline\":\"\u0130stehsalatda x\u0259sar\u0259t al\u0131b, ya\u015fad\u0131\u011f\u0131 adadan qovulub, k\u00f6\u00e7d\u00fcy\u00fc k\u0259ndi sel bas\u0131b&#8230;\",\"datePublished\":\"2023-07-30T01:40:30+00:00\",\"dateModified\":\"2023-07-30T01:45:47+00:00\",\"mainEntityOfPage\":{\"@id\":\"https:\\\/\\\/www.meydan.tv\\\/az\\\/article\\\/istehsalatda-xesaret-alib-yasadigi-adadan-qovulub-kocduyu-kendi-sel-basib\\\/\"},\"wordCount\":402,\"publisher\":{\"@id\":\"https:\\\/\\\/www.meydan.tv\\\/az\\\/#organization\"},\"image\":{\"@id\":\"https:\\\/\\\/www.meydan.tv\\\/az\\\/article\\\/istehsalatda-xesaret-alib-yasadigi-adadan-qovulub-kocduyu-kendi-sel-basib\\\/#primaryimage\"},\"thumbnailUrl\":\"https:\\\/\\\/www.meydan.tv\\\/wp-content\\\/uploads\\\/untitled-design-2-128.jpg\",\"articleSection\":[\"B\u00f6lg\u0259\",\"X\u0259b\u0259rl\u0259r\"],\"inLanguage\":\"az\"},{\"@type\":\"WebPage\",\"@id\":\"https:\\\/\\\/www.meydan.tv\\\/az\\\/article\\\/istehsalatda-xesaret-alib-yasadigi-adadan-qovulub-kocduyu-kendi-sel-basib\\\/\",\"url\":\"https:\\\/\\\/www.meydan.tv\\\/az\\\/article\\\/istehsalatda-xesaret-alib-yasadigi-adadan-qovulub-kocduyu-kendi-sel-basib\\\/\",\"name\":\"\u0130stehsalatda x\u0259sar\u0259t al\u0131b, ya\u015fad\u0131\u011f\u0131 adadan qovulub, k\u00f6\u00e7d\u00fcy\u00fc k\u0259ndi sel bas\u0131b... - MEYDAN.TV\",\"isPartOf\":{\"@id\":\"https:\\\/\\\/www.meydan.tv\\\/az\\\/#website\"},\"primaryImageOfPage\":{\"@id\":\"https:\\\/\\\/www.meydan.tv\\\/az\\\/article\\\/istehsalatda-xesaret-alib-yasadigi-adadan-qovulub-kocduyu-kendi-sel-basib\\\/#primaryimage\"},\"image\":{\"@id\":\"https:\\\/\\\/www.meydan.tv\\\/az\\\/article\\\/istehsalatda-xesaret-alib-yasadigi-adadan-qovulub-kocduyu-kendi-sel-basib\\\/#primaryimage\"},\"thumbnailUrl\":\"https:\\\/\\\/www.meydan.tv\\\/wp-content\\\/uploads\\\/untitled-design-2-128.jpg\",\"datePublished\":\"2023-07-30T01:40:30+00:00\",\"dateModified\":\"2023-07-30T01:45:47+00:00\",\"breadcrumb\":{\"@id\":\"https:\\\/\\\/www.meydan.tv\\\/az\\\/article\\\/istehsalatda-xesaret-alib-yasadigi-adadan-qovulub-kocduyu-kendi-sel-basib\\\/#breadcrumb\"},\"inLanguage\":\"az\",\"potentialAction\":[{\"@type\":\"ReadAction\",\"target\":[\"https:\\\/\\\/www.meydan.tv\\\/az\\\/article\\\/istehsalatda-xesaret-alib-yasadigi-adadan-qovulub-kocduyu-kendi-sel-basib\\\/\"]}]},{\"@type\":\"ImageObject\",\"inLanguage\":\"az\",\"@id\":\"https:\\\/\\\/www.meydan.tv\\\/az\\\/article\\\/istehsalatda-xesaret-alib-yasadigi-adadan-qovulub-kocduyu-kendi-sel-basib\\\/#primaryimage\",\"url\":\"https:\\\/\\\/www.meydan.tv\\\/wp-content\\\/uploads\\\/untitled-design-2-128.jpg\",\"contentUrl\":\"https:\\\/\\\/www.meydan.tv\\\/wp-content\\\/uploads\\\/untitled-design-2-128.jpg\",\"width\":1200,\"height\":800,\"caption\":\"Fotolar: Meydan TV\"},{\"@type\":\"BreadcrumbList\",\"@id\":\"https:\\\/\\\/www.meydan.tv\\\/az\\\/article\\\/istehsalatda-xesaret-alib-yasadigi-adadan-qovulub-kocduyu-kendi-sel-basib\\\/#breadcrumb\",\"itemListElement\":[{\"@type\":\"ListItem\",\"position\":1,\"name\":\"Ana s\u0259hif\u0259\",\"item\":\"https:\\\/\\\/www.meydan.tv\\\/az\\\/\"},{\"@type\":\"ListItem\",\"position\":2,\"name\":\"B\u00f6lg\u0259\",\"item\":\"https:\\\/\\\/www.meydan.tv\\\/az\\\/section\\\/bolge\\\/\"},{\"@type\":\"ListItem\",\"position\":3,\"name\":\"\u0130stehsalatda x\u0259sar\u0259t al\u0131b, ya\u015fad\u0131\u011f\u0131 adadan qovulub, k\u00f6\u00e7d\u00fcy\u00fc k\u0259ndi sel bas\u0131b&#8230;\"}]},{\"@type\":\"WebSite\",\"@id\":\"https:\\\/\\\/www.meydan.tv\\\/az\\\/#website\",\"url\":\"https:\\\/\\\/www.meydan.tv\\\/az\\\/\",\"name\":\"MEYDAN.TV\",\"description\":\"Meydan TV Az\u0259rbaycan\u0131n media m\u0259kan\u0131ndak\u0131 alternativ s\u0259sidir\",\"publisher\":{\"@id\":\"https:\\\/\\\/www.meydan.tv\\\/az\\\/#organization\"},\"potentialAction\":[{\"@type\":\"SearchAction\",\"target\":{\"@type\":\"EntryPoint\",\"urlTemplate\":\"https:\\\/\\\/www.meydan.tv\\\/az\\\/?s={search_term_string}\"},\"query-input\":{\"@type\":\"PropertyValueSpecification\",\"valueRequired\":true,\"valueName\":\"search_term_string\"}}],\"inLanguage\":\"az\"},{\"@type\":\"Organization\",\"@id\":\"https:\\\/\\\/www.meydan.tv\\\/az\\\/#organization\",\"name\":\"Meydan TV\",\"url\":\"https:\\\/\\\/www.meydan.tv\\\/az\\\/\",\"logo\":{\"@type\":\"ImageObject\",\"inLanguage\":\"az\",\"@id\":\"https:\\\/\\\/www.meydan.tv\\\/az\\\/#\\\/schema\\\/logo\\\/image\\\/\",\"url\":\"https:\\\/\\\/www.meydan.tv\\\/wp-content\\\/uploads\\\/2021\\\/07\\\/meydan-logo.svg\",\"contentUrl\":\"https:\\\/\\\/www.meydan.tv\\\/wp-content\\\/uploads\\\/2021\\\/07\\\/meydan-logo.svg\",\"width\":195,\"height\":46,\"caption\":\"Meydan TV\"},\"image\":{\"@id\":\"https:\\\/\\\/www.meydan.tv\\\/az\\\/#\\\/schema\\\/logo\\\/image\\\/\"}},{\"@type\":\"Person\",\"@id\":\"https:\\\/\\\/www.meydan.tv\\\/az\\\/#\\\/schema\\\/person\\\/9cdbecf90d17180ce1dfbd95b08dcf47\",\"name\":\"elli\",\"sameAs\":[\"https:\\\/\\\/x.com\\\/elli\"]}]}<\/script>\n<!-- \/ Yoast SEO plugin. -->","yoast_head_json":{"title":"\u0130stehsalatda x\u0259sar\u0259t al\u0131b, ya\u015fad\u0131\u011f\u0131 adadan qovulub, k\u00f6\u00e7d\u00fcy\u00fc k\u0259ndi sel bas\u0131b... - MEYDAN.TV","robots":{"index":"index","follow":"follow","max-snippet":"max-snippet:-1","max-image-preview":"max-image-preview:large","max-video-preview":"max-video-preview:-1"},"canonical":"https:\/\/www.meydan.tv\/az\/article\/istehsalatda-xesaret-alib-yasadigi-adadan-qovulub-kocduyu-kendi-sel-basib\/","og_locale":"az_AZ","og_type":"article","og_title":"\u0130stehsalatda x\u0259sar\u0259t al\u0131b, ya\u015fad\u0131\u011f\u0131 adadan qovulub, k\u00f6\u00e7d\u00fcy\u00fc k\u0259ndi sel bas\u0131b... - MEYDAN.TV","og_description":"H\u0259s\u0259n H\u0259s\u0259nov ail\u0259sini doland\u0131rmaq \u00fc\u00e7\u00fcn i\u015f tapa bilm\u0259diyini deyir \u201cUzun ... Davam\u0131","og_url":"https:\/\/www.meydan.tv\/az\/article\/istehsalatda-xesaret-alib-yasadigi-adadan-qovulub-kocduyu-kendi-sel-basib\/","og_site_name":"MEYDAN.TV","article_published_time":"2023-07-30T01:40:30+00:00","article_modified_time":"2023-07-30T01:45:47+00:00","og_image":[{"width":1200,"height":800,"url":"https:\/\/www.meydan.tv\/wp-content\/uploads\/untitled-design-2-128.jpg","type":"image\/jpeg"}],"author":"elli","twitter_card":"summary_large_image","twitter_creator":"@elli","schema":{"@context":"https:\/\/schema.org","@graph":[{"@type":"Article","@id":"https:\/\/www.meydan.tv\/az\/article\/istehsalatda-xesaret-alib-yasadigi-adadan-qovulub-kocduyu-kendi-sel-basib\/#article","isPartOf":{"@id":"https:\/\/www.meydan.tv\/az\/article\/istehsalatda-xesaret-alib-yasadigi-adadan-qovulub-kocduyu-kendi-sel-basib\/"},"author":{"name":"elli","@id":"https:\/\/www.meydan.tv\/az\/#\/schema\/person\/9cdbecf90d17180ce1dfbd95b08dcf47"},"headline":"\u0130stehsalatda x\u0259sar\u0259t al\u0131b, ya\u015fad\u0131\u011f\u0131 adadan qovulub, k\u00f6\u00e7d\u00fcy\u00fc k\u0259ndi sel bas\u0131b&#8230;","datePublished":"2023-07-30T01:40:30+00:00","dateModified":"2023-07-30T01:45:47+00:00","mainEntityOfPage":{"@id":"https:\/\/www.meydan.tv\/az\/article\/istehsalatda-xesaret-alib-yasadigi-adadan-qovulub-kocduyu-kendi-sel-basib\/"},"wordCount":402,"publisher":{"@id":"https:\/\/www.meydan.tv\/az\/#organization"},"image":{"@id":"https:\/\/www.meydan.tv\/az\/article\/istehsalatda-xesaret-alib-yasadigi-adadan-qovulub-kocduyu-kendi-sel-basib\/#primaryimage"},"thumbnailUrl":"https:\/\/www.meydan.tv\/wp-content\/uploads\/untitled-design-2-128.jpg","articleSection":["B\u00f6lg\u0259","X\u0259b\u0259rl\u0259r"],"inLanguage":"az"},{"@type":"WebPage","@id":"https:\/\/www.meydan.tv\/az\/article\/istehsalatda-xesaret-alib-yasadigi-adadan-qovulub-kocduyu-kendi-sel-basib\/","url":"https:\/\/www.meydan.tv\/az\/article\/istehsalatda-xesaret-alib-yasadigi-adadan-qovulub-kocduyu-kendi-sel-basib\/","name":"\u0130stehsalatda x\u0259sar\u0259t al\u0131b, ya\u015fad\u0131\u011f\u0131 adadan qovulub, k\u00f6\u00e7d\u00fcy\u00fc k\u0259ndi sel bas\u0131b... - MEYDAN.TV","isPartOf":{"@id":"https:\/\/www.meydan.tv\/az\/#website"},"primaryImageOfPage":{"@id":"https:\/\/www.meydan.tv\/az\/article\/istehsalatda-xesaret-alib-yasadigi-adadan-qovulub-kocduyu-kendi-sel-basib\/#primaryimage"},"image":{"@id":"https:\/\/www.meydan.tv\/az\/article\/istehsalatda-xesaret-alib-yasadigi-adadan-qovulub-kocduyu-kendi-sel-basib\/#primaryimage"},"thumbnailUrl":"https:\/\/www.meydan.tv\/wp-content\/uploads\/untitled-design-2-128.jpg","datePublished":"2023-07-30T01:40:30+00:00","dateModified":"2023-07-30T01:45:47+00:00","breadcrumb":{"@id":"https:\/\/www.meydan.tv\/az\/article\/istehsalatda-xesaret-alib-yasadigi-adadan-qovulub-kocduyu-kendi-sel-basib\/#breadcrumb"},"inLanguage":"az","potentialAction":[{"@type":"ReadAction","target":["https:\/\/www.meydan.tv\/az\/article\/istehsalatda-xesaret-alib-yasadigi-adadan-qovulub-kocduyu-kendi-sel-basib\/"]}]},{"@type":"ImageObject","inLanguage":"az","@id":"https:\/\/www.meydan.tv\/az\/article\/istehsalatda-xesaret-alib-yasadigi-adadan-qovulub-kocduyu-kendi-sel-basib\/#primaryimage","url":"https:\/\/www.meydan.tv\/wp-content\/uploads\/untitled-design-2-128.jpg","contentUrl":"https:\/\/www.meydan.tv\/wp-content\/uploads\/untitled-design-2-128.jpg","width":1200,"height":800,"caption":"Fotolar: Meydan TV"},{"@type":"BreadcrumbList","@id":"https:\/\/www.meydan.tv\/az\/article\/istehsalatda-xesaret-alib-yasadigi-adadan-qovulub-kocduyu-kendi-sel-basib\/#breadcrumb","itemListElement":[{"@type":"ListItem","position":1,"name":"Ana s\u0259hif\u0259","item":"https:\/\/www.meydan.tv\/az\/"},{"@type":"ListItem","position":2,"name":"B\u00f6lg\u0259","item":"https:\/\/www.meydan.tv\/az\/section\/bolge\/"},{"@type":"ListItem","position":3,"name":"\u0130stehsalatda x\u0259sar\u0259t al\u0131b, ya\u015fad\u0131\u011f\u0131 adadan qovulub, k\u00f6\u00e7d\u00fcy\u00fc k\u0259ndi sel bas\u0131b&#8230;"}]},{"@type":"WebSite","@id":"https:\/\/www.meydan.tv\/az\/#website","url":"https:\/\/www.meydan.tv\/az\/","name":"MEYDAN.TV","description":"Meydan TV Az\u0259rbaycan\u0131n media m\u0259kan\u0131ndak\u0131 alternativ s\u0259sidir","publisher":{"@id":"https:\/\/www.meydan.tv\/az\/#organization"},"potentialAction":[{"@type":"SearchAction","target":{"@type":"EntryPoint","urlTemplate":"https:\/\/www.meydan.tv\/az\/?s={search_term_string}"},"query-input":{"@type":"PropertyValueSpecification","valueRequired":true,"valueName":"search_term_string"}}],"inLanguage":"az"},{"@type":"Organization","@id":"https:\/\/www.meydan.tv\/az\/#organization","name":"Meydan TV","url":"https:\/\/www.meydan.tv\/az\/","logo":{"@type":"ImageObject","inLanguage":"az","@id":"https:\/\/www.meydan.tv\/az\/#\/schema\/logo\/image\/","url":"https:\/\/www.meydan.tv\/wp-content\/uploads\/2021\/07\/meydan-logo.svg","contentUrl":"https:\/\/www.meydan.tv\/wp-content\/uploads\/2021\/07\/meydan-logo.svg","width":195,"height":46,"caption":"Meydan TV"},"image":{"@id":"https:\/\/www.meydan.tv\/az\/#\/schema\/logo\/image\/"}},{"@type":"Person","@id":"https:\/\/www.meydan.tv\/az\/#\/schema\/person\/9cdbecf90d17180ce1dfbd95b08dcf47","name":"elli","sameAs":["https:\/\/x.com\/elli"]}]}},"_links":{"self":[{"href":"https:\/\/www.meydan.tv\/az\/wp-json\/wp\/v2\/posts\/280994","targetHints":{"allow":["GET"]}}],"collection":[{"href":"https:\/\/www.meydan.tv\/az\/wp-json\/wp\/v2\/posts"}],"about":[{"href":"https:\/\/www.meydan.tv\/az\/wp-json\/wp\/v2\/types\/post"}],"author":[{"embeddable":true,"href":"https:\/\/www.meydan.tv\/az\/wp-json\/wp\/v2\/users\/8"}],"replies":[{"embeddable":true,"href":"https:\/\/www.meydan.tv\/az\/wp-json\/wp\/v2\/comments?post=280994"}],"version-history":[{"count":2,"href":"https:\/\/www.meydan.tv\/az\/wp-json\/wp\/v2\/posts\/280994\/revisions"}],"predecessor-version":[{"id":280996,"href":"https:\/\/www.meydan.tv\/az\/wp-json\/wp\/v2\/posts\/280994\/revisions\/280996"}],"wp:featuredmedia":[{"embeddable":true,"href":"https:\/\/www.meydan.tv\/az\/wp-json\/wp\/v2\/media\/280985"}],"wp:attachment":[{"href":"https:\/\/www.meydan.tv\/az\/wp-json\/wp\/v2\/media?parent=280994"}],"wp:term":[{"taxonomy":"category","embeddable":true,"href":"https:\/\/www.meydan.tv\/az\/wp-json\/wp\/v2\/categories?post=280994"},{"taxonomy":"post_tag","embeddable":true,"href":"https:\/\/www.meydan.tv\/az\/wp-json\/wp\/v2\/tags?post=280994"}],"curies":[{"name":"wp","href":"https:\/\/api.w.org\/{rel}","templated":true}]}}