{"id":280978,"date":"2023-07-30T05:30:42","date_gmt":"2023-07-30T01:30:42","guid":{"rendered":"https:\/\/www.meydan.tv\/?p=280978"},"modified":"2023-07-30T05:30:45","modified_gmt":"2023-07-30T01:30:45","slug":"umumi-menzere-ve-hebs","status":"publish","type":"post","link":"https:\/\/www.meydan.tv\/az\/article\/umumi-menzere-ve-hebs\/","title":{"rendered":"\u00dcmumi m\u0259nz\u0259r\u0259 v\u0259 h\u0259bs"},"content":{"rendered":"\n<p><\/p>\n\n\n\n<p><strong>Z\u0259rd\u00fc\u015ft \u018flizad\u0259<\/strong><\/p>\n\n\n\n<p><strong><em>Qubad \u0130bado\u011flunu zindana aparan yol..<\/em><\/strong><\/p>\n\n\n\n<p>Toplad\u0131\u011f\u0131m (daha d\u0259qiq des\u0259m, ba\u015f\u0131ma g\u0259lmi\u015f) h\u0259yat t\u0259cr\u00fcb\u0259si m\u0259ni r\u0259smi ad\u0131na r\u0259\u011fm\u0259n h\u0259l\u0259 respublika s\u0259viyy\u0259sin\u0259 y\u00fcks\u0259l\u0259 bilm\u0259mi\u015f m\u0259ml\u0259k\u0259timizd\u0259 arams\u0131z t\u00f6r\u0259n\u0259n cinay\u0259tl\u0259r\u0259 m\u00fc\u0259yy\u0259n soyuqqanl\u0131l\u0131qla yana\u015fmaq s\u0259bri v\u0259 \u0259zmi b\u0259x\u015f&nbsp; etmi\u015fdir. Bel\u0259 yana\u015fman\u0131n \u0259sas\u0131nda \u201cmilli\u201d toplumumuzun m\u00fct\u0259madi olaraq \u201cn\u0259y\u0259 malikik &#8211; ona layiqik\u201d q\u0259na\u0259tini t\u0259kzibedilm\u0259z t\u0259rzd\u0259 t\u0259sdiq v\u0259 s\u00fcbut etm\u0259si durur.<\/p>\n\n\n\n<p>1987-ci ild\u0259 xalq\u0131m haqq\u0131nda, onun \u015f\u00fcur s\u0259viyy\u0259si, qanacaq v\u0259 m\u0259rif\u0259ti bar\u0259d\u0259 h\u0259dsiz y\u00fcks\u0259k fikirl\u0259 ictimai s\u0259hn\u0259y\u0259 at\u0131l\u0131b b\u00fct\u00fcn bilik v\u0259 bacar\u0131\u011f\u0131m\u0131 ona h\u0259sr etm\u0259k ist\u0259dim, m\u00fcr\u0259kk\u0259b ger\u00e7\u0259kliyin \u0259qlin g\u00fcc\u00fc il\u0259 d\u0259yi\u015fdirilm\u0259si yolunu g\u00f6st\u0259rm\u0259y\u0259 \u00e7al\u0131\u015fd\u0131m.<\/p>\n\n\n\n<p>Sevimli xalq\u0131m\u0131n m\u0259n\u0259 s\u00fcr\u0259kl\u0259 verdiyi d\u0259rsin loru dill\u0259 ifad\u0259si \u201cget hoppan\u201d oldu. Xalq\u0131m m\u0259n\u0259 izah etdi ki, se\u00e7\u0259nd\u0259 v\u0259 sev\u0259nd\u0259 yaln\u0131z m\u0259krli yalan\u00e7\u0131n\u0131 v\u0259 d\u0259l\u0259duz na\u011f\u0131lbaz\u0131 \u00fcst\u00fcn tutacaq, h\u0259r d\u00fc\u00e7ar oldu\u011fu m\u0259\u011flubiyy\u0259ti q\u0259l\u0259b\u0259 adland\u0131racaq v\u0259 azadl\u0131\u011f\u0131 d\u0259r\u0259b\u0259ylikl\u0259 s\u0259hv salacaq.<\/p>\n\n\n\n<p>M\u0259n d\u0259 \u201choppan\u0131b\u201d \u015f\u0259xsi h\u0259yat\u0131ma \u00e7\u0259kildim v\u0259 bu \u0259z\u0259m\u0259tli v\u0259 islahedilm\u0259z k\u00fctl\u0259ni hara is\u0259 daha layiqli yer\u0259 y\u00f6n\u0259ltm\u0259k ist\u0259y\u0259n dig\u0259r sad\u0259l\u00f6vh v\u0259 ya iddial\u0131 \u015f\u0259xsl\u0259rin s\u0259yl\u0259rin\u0259 sakitc\u0259 tama\u015fa etm\u0259y\u0259 ba\u015flad\u0131m.<\/p>\n\n\n\n<p>M\u00f6vqeyim \u0259sla bigan\u0259lik deyil, sad\u0259c\u0259 v\u0259t\u0259nda\u015f borcumu icra edib g\u00f6rd\u00fcy\u00fcm v\u0259 t\u0259sirl\u0259ndiyim h\u0259r hans\u0131 hadis\u0259y\u0259 m\u00fcnasib\u0259timi a\u015fkar ifad\u0259 edir\u0259m. H\u0259tta bel\u0259 m\u00f6t\u0259dil m\u00f6vqey\u0259 g\u00f6r\u0259 c\u0259miyy\u0259td\u0259n v\u0259 d\u00f6vl\u0259td\u0259n at\u0131lan da\u015flar ba\u015f\u0131ma d\u0259yir.<\/p>\n\n\n\n<p>Bu da m\u0259ni h\u0259r d\u0259f\u0259 ab\u0131rs\u0131z v\u0259 t\u0259cav\u00fczkar c\u0259miyy\u0259td\u0259n daha bir add\u0131m gen durma\u011fa s\u00f6vq edir.<\/p>\n\n\n\n<p>M\u0259ni \u00e7ox q\u0131nay\u0131rlar. Bu q\u0131na\u011f\u0131n bir qanunauy\u011funlu\u011fu var: q\u0131nayanlar\u0131n \u00f6tk\u0259mi onlar\u0131n bilik s\u0259viyy\u0259si il\u0259 t\u0259rs m\u00fct\u0259nasibdir.<\/p>\n\n\n\n<p>Bu giri\u015fi m\u00f6ht\u0259r\u0259m iqtisad\u00e7\u0131 alim v\u0259 siyas\u0259t\u00e7i Qubad \u0130bado\u011flunun h\u0259bsi il\u0259 \u0259laq\u0259dar fikirl\u0259rimi bildirm\u0259kd\u0259n \u00f6nc\u0259 yazma\u011f\u0131 laz\u0131m bildim.<\/p>\n\n\n\n<p>Onun ilkin siyasi m\u00f6vqeyini \u0259z\u0259ld\u0259n yanl\u0131\u015f say\u0131rd\u0131m v\u0259 \u0259min idim ki, \u0259g\u0259r z\u0259rr\u0259c\u0259 d\u00fc\u015f\u00fcnm\u0259k qabiliyy\u0259ti varsa, \u0259vv\u0259l-ax\u0131r bu yolun yanl\u0131\u015fl\u0131\u011f\u0131n\u0131 anlayacaq.<\/p>\n\n\n\n<p>Siyasi ger\u00e7\u0259klik onu ay\u0131lma\u011fa m\u0259cbur etdi. Ucuz, x\u0259yali v\u0259 m\u00fcc\u0259rr\u0259d imtiyazlar namin\u0259 apar\u0131lan m\u0259krli oyunlardan zinhara g\u0259lib m\u0259nsub oldu\u011fu siyasi z\u00fcmr\u0259d\u0259n araland\u0131 v\u0259 \u00f6z\u00fc kimi daha saf m\u00fchit arzulayanlarla bir t\u0259\u015fkilat yaratma\u011fa ba\u015flad\u0131.<\/p>\n\n\n\n<p>Bu, hakimiyy\u0259tin \u0259sla xo\u015funa g\u0259lm\u0259di v\u0259 \u00f6z\u00fcn\u00fcn \u0259n\u0259n\u0259vi t\u0259dbirl\u0259rini g\u00f6rm\u0259y\u0259 ba\u015flad\u0131. Qubad \u0130bado\u011flunun indi zindana sal\u0131nmas\u0131 h\u0259min t\u0259dbirl\u0259rin m\u0259ntiqi inki\u015faf pill\u0259sidir.<\/p>\n\n\n\n<p>M\u0259nim \u00fc\u00e7\u00fcn Qubad \u0130bado\u011flunun c\u0259sar\u0259tli v\u0259t\u0259nda\u015f v\u0259 savadl\u0131 alim oldu\u011funu s\u00fcbut ed\u0259n t\u0259dqiqat\u0131 2001-2011-ci ill\u0259rd\u0259 Az\u0259rbaycan g\u00f6mr\u00fcy\u00fcn\u00fcn 11 milyard dollarl\u0131q mal\u0131 qa\u00e7aq yolla, d\u00f6vl\u0259t qeydiyyat\u0131na sal\u0131nmadan v\u0259 b\u00fcdc\u0259y\u0259 he\u00e7 bir vergi v\u0259 r\u00fcsum \u00f6d\u0259nilm\u0259d\u0259n \u00f6lk\u0259y\u0259 idxal etdiyini s\u00fcbut ed\u0259n hesabat\u0131 oldu. T\u0259bii ki, c\u0259miyy\u0259timizin b\u00f6yl\u0259 n\u0259h\u0259ng o\u011furluqdan t\u00fck\u00fc bel\u0259 t\u0259rp\u0259nm\u0259di, zira milli d\u0259y\u0259r s\u0259viyy\u0259sin\u0259 y\u00fcks\u0259lmi\u015f \u0259xlaqi meyar \u201cbacarana can qurband\u0131r\u201d deyimidir.<\/p>\n\n\n\n<p>Bundan \u0259lav\u0259 onun xeyli t\u0259dqiqat\u0131 il\u0259 tan\u0131\u015fam, onlar\u0131n d\u0259y\u0259ri v\u0259 \u0259h\u0259miyy\u0259tini d\u0259rk etm\u0259y\u0259 savad\u0131m \u00e7at\u0131r, f\u0259q\u0259t bu bar\u0259d\u0259 yazma\u011f\u0131 \u00f6z\u00fcm\u0259 sad\u0259c\u0259 r\u0259va g\u00f6rm\u00fcr\u0259m, \u00e7\u00fcnki iqtisad\u00e7\u0131 deyil\u0259m.<\/p>\n\n\n\n<p>Onu c\u0259sar\u0259tl\u0259 dey\u0259 bil\u0259r\u0259m ki, Qubad \u0130bado\u011flu b\u0259\u015f\u0259riyy\u0259ti heyran ed\u0259si \u0259z\u0259m\u0259tli iqtisadi m\u00fct\u0259f\u0259kkir olmasa da, d\u00fcnyada q\u0259bul edilmi\u015f elmi meyarlar\u0131 d\u0259rk ed\u0259n v\u0259 onlara tam cavab ver\u0259n m\u00f6hk\u0259m pe\u015f\u0259kard\u0131r. Bunu s\u00fcbut ed\u0259n d\u0259lill\u0259r \u00e7oxdur, beyn\u0259lxalq t\u0259\u015fkilatlar\u0131n onu m\u00fcxt\u0259lif d\u00f6vl\u0259tl\u0259r\u0259 m\u00fc\u015favir qismind\u0259 g\u00f6nd\u0259rm\u0259si, iri qlobal layih\u0259l\u0259r\u0259 c\u0259lb edilm\u0259si g\u00f6st\u0259rir ki, bu t\u0259vaz\u00f6kar az\u0259rbaycanl\u0131&nbsp; alim d\u00fcnyada say\u0131lan m\u00fct\u0259x\u0259ssis kimi q\u0259bul edilir.&nbsp; Onu AB\u015e universitetl\u0259rin\u0259 m\u00fchazir\u0259\u00e7i professor kimi d\u0259v\u0259t edirl\u0259r, n\u0259hay\u0259t, d\u00fcnyan\u0131n \u0259n qabaqc\u0131l v\u0259 tan\u0131nan on universitetind\u0259n biri olan London \u0130qtisad M\u0259kt\u0259bin\u0259 i\u015f\u0259 g\u00f6t\u00fcr\u00fcrl\u0259r.<\/p>\n\n\n\n<p>Az\u0259rbaycan d\u00f6vl\u0259ti \u00f6z v\u0259t\u0259nda\u015f\u0131n\u0131n beyn\u0259lxalq elm v\u0259 t\u0259lim sah\u0259sind\u0259 u\u011furlar\u0131na sevinirmi? Yox. \u018fksin\u0259, q\u0259z\u0259bl\u0259nir v\u0259 q\u0131sqan\u0131r.<\/p>\n\n\n\n<p>Bel\u0259 m\u00fcnasib\u0259t Az\u0259rbaycanda \u00f6z tarixi olan \u0259n\u0259n\u0259dir. Zira bizim m\u0259ml\u0259k\u0259tin a\u011falar\u0131 h\u0259r \u00fcmumi s\u0131radan \u00e7\u0131xan, \u00fcmumi al\u00e7aq s\u0259viyy\u0259d\u0259n azca y\u00fcks\u0259l\u0259n v\u0259t\u0259nda\u015f\u0131 \u00f6z hakimiyy\u0259ti \u00fc\u00e7\u00fcn potensial t\u0259hl\u00fck\u0259 hesab edir v\u0259 be\u015fiyind\u0259c\u0259 bo\u011fma\u011fa \u00e7al\u0131\u015f\u0131r. Bel\u0259 m\u00fcnasib\u0259t, m\u0259nc\u0259, h\u0259tta Ulu \u00f6nd\u0259rin \u00f6z varisin\u0259 t\u00f6vsiy\u0259l\u0259rind\u0259 d\u0259 h\u0259kk olunub. V\u0259 Qubad \u0130bado\u011flunun h\u0259bsi m\u0259hz bu t\u00f6vsiy\u0259l\u0259r\u0259 s\u0259daq\u0259tin t\u0259zah\u00fcr\u00fcd\u00fcr.<\/p>\n\n\n\n<p>K\u00f6hn\u0259 \u0259yyam\u0131n \u015fahidi kimi bir \u0259hvalat\u0131 xat\u0131rlatmaq ist\u0259rdim. 1970-ci ill\u0259rin sonudur, AKP MK-n\u0131n Birinci katibi Heyd\u0259r \u018fliyev \u0259ziz Leonid \u0130li\u00e7 Brejnevl\u0259 s\u0131x \u0259laq\u0259 qura bilib. Ba\u015f katib Az\u0259rbaycan\u0131n r\u0259hb\u0259rin\u0259 z\u0259ng vurur v\u0259 n\u0259 bar\u0259d\u0259s\u0259 s\u00f6hb\u0259t apar\u0131r. S\u00f6hb\u0259tin sonunda soru\u015fur: \u201cYax\u015f\u0131, q\u0131z\u0131m Qalya sizd\u0259 neyl\u0259yir?\u201d Heyd\u0259r \u018fliyev \u00e7a\u015f\u0131b soru\u015fur ki, \u201cQalya m\u0259g\u0259r Az\u0259rbaycandad\u0131r\u201d?&nbsp; Brejnev g\u00fcl\u00fcb deyir ki, \u201ck\u00fcr\u0259k\u0259n sizin daxili i\u015fl\u0259r nazirinizin m\u00fcavini il\u0259 dostla\u015f\u0131b, o da q\u0131z\u0131m\u0131 v\u0259 \u0259rini Bak\u0131ya qonaq \u00e7a\u011f\u0131r\u0131b\u201d.<\/p>\n\n\n\n<p>K\u00fcr\u0259k\u0259n general \u00c7urbanov v\u0259 Qalya Brejneva Moskvaya qay\u0131dandan sonra D\u0130N nazirinin m\u00fcavini polkovnik Telman \u018fliyev tutulur v\u0259 \u00e7ala-\u00e7ala gedir qazamata. Stalin d\u00f6vr\u00fcn\u00fcn m\u0259\u015fhur m\u0259s\u0259lin\u0259 uy\u011fun olaraq: \u201c\u0259sas odur ki, insan olsun, madd\u0259 tap\u0131lar\u201d.<\/p>\n\n\n\n<p>Polkovnik qazamatdan 1980-c\u0131 ill\u0259rin sonunda \u00e7\u0131x\u0131r, Az\u0259rbaycana d\u0259xi qay\u0131tm\u0131r.&nbsp; Bunun da xeyri olmur. 1990-cu ill\u0259rin ortalar\u0131nda onu Moskvada evind\u0259 naqill\u0259 bo\u011fub \u00f6ld\u00fcr\u00fcrl\u0259r.<\/p>\n\n\n\n<p>\u00d6lk\u0259y\u0259 malikan\u0259, v\u0259t\u0259nda\u015flara t\u0259b\u0259\u0259 kimi yana\u015fan hakimiyy\u0259timiz ist\u0259nil\u0259n xarici g\u00fcc m\u0259rk\u0259zl\u0259ri il\u0259 \u0259laq\u0259 qura bilmi\u015f v\u0259t\u0259nda\u015f\u0131m\u0131z\u0131 t\u0259hl\u00fck\u0259 say\u0131b \u00e7\u0131xda\u015f etm\u0259y\u0259 \u00e7al\u0131\u015f\u0131r.<\/p>\n\n\n\n<p>Z\u0259ngin i\u015f adam\u0131 M\u00fcbariz M\u0259nsimovun taleyi nec\u0259 oldu? Kimin t\u0259\u015f\u0259bb\u00fcs\u00fc v\u0259 sifari\u015fi il\u0259 onun \u015firk\u0259ti tarmar edildi?<\/p>\n\n\n\n<p>Arzu Abdullayeva ilk az\u0259rbaycanl\u0131 idi ki, Avropa miqyasl\u0131 s\u00fclh m\u00fckafat\u0131na layiq g\u00f6r\u00fcld\u00fc, beyn\u0259lxalq t\u0259\u015fkilata \u2013 Helsinki V\u0259t\u0259nda\u015f Assambleyas\u0131na &#8211; 10 il r\u0259hb\u0259r se\u00e7ildi, bu t\u0259\u015fkilatdan Az\u0259rbaycan\u0131n xeyrin\u0259 istifad\u0259 etm\u0259y\u0259 \u00e7al\u0131\u015fd\u0131. B\u00fct\u00fcn bu ill\u0259r \u0259rzind\u0259 hakimiyy\u0259t ona qar\u015f\u0131 \u0259n iyr\u0259nc \u00fcsullarla m\u00fcbariz\u0259 apard\u0131 v\u0259 n\u0259hay\u0259td\u0259 bu t\u0259\u015fkilat\u0131 dem\u0259k olar ki, tam \u201cz\u0259r\u0259rsizl\u0259\u015fdir\u0259\u201d bildi.<\/p>\n\n\n\n<p>\u018fv\u0259zind\u0259 bir \u0259lind\u0259 aftafa, o biri \u0259lind\u0259 d\u0259smal tutan, f\u0259q\u0259t beyn\u0259lxalq al\u0259md\u0259 bir q\u0259piklik h\u00f6rm\u0259ti olmayan xeyli \u201cmilli\u201d QHT peyda olub b\u00fcdc\u0259ni \u0259mm\u0259y\u0259 giri\u015fdi.<\/p>\n\n\n\n<p>Qubad \u0130bado\u011flu hakimiyy\u0259t \u00fc\u00e7\u00fcn t\u0259hl\u00fck\u0259 t\u00f6r\u0259dirdimi? \u018fsla. N\u0259 pulu, n\u0259 tayfas\u0131, n\u0259 silahl\u0131 d\u0259st\u0259si, he\u00e7 n\u0259yi yox idi. \u0130st\u0259yi \u00e7ox t\u0259vaz\u00f6kar idi: R\u0130FAH-\u0131 r\u0259smi qeydiyyatdan ke\u00e7irib siyasi s\u0259hn\u0259y\u0259 m\u00fcst\u0259qil oyun\u00e7u kimi daxil olmaq. Onun h\u0259tta Milli M\u0259clis\u0259 d\u00fc\u015fm\u0259si bel\u0259 Prezident Aparat\u0131n\u0131n r\u0259yind\u0259n as\u0131l\u0131 olacaqd\u0131, zira bizd\u0259 bel\u0259 m\u0259s\u0259l\u0259l\u0259ri se\u00e7ici deyil, m\u0259mur h\u0259ll edir.<\/p>\n\n\n\n<p>G\u00fcc\u00fc v\u0259 imkan\u0131 yoxdur, t\u0259hl\u00fck\u0259 t\u00f6r\u0259tmir, b\u0259s onda niy\u0259 bu, R\u0259sul Quliyev demi\u015fk\u0259n, \u201cb\u0259db\u0259xt\u201di h\u0259bs etdil\u0259r?<\/p>\n\n\n\n<p>Kims\u0259 dey\u0259 bil\u0259r ki, hakimiyy\u0259tin daxilind\u0259 hans\u0131sa \u0130lham \u018fliyev\u0259 m\u00fcxalif q\u00fcvv\u0259 \u00f6z g\u00fcc\u00fcn\u00fc prezident\u0259 n\u00fcmayi\u015f etdirir.<\/p>\n\n\n\n<p>M\u0259n bu f\u0259rziyy\u0259nin t\u0259r\u0259fdar\u0131na a\u011f\u0131l d\u0259rman\u0131 axtarma\u011f\u0131 m\u0259sl\u0259h\u0259t g\u00f6r\u0259rdim.<\/p>\n\n\n\n<p>M\u0259nim \u00fc\u00e7\u00fcn yegan\u0259 a\u011flabatan s\u0259b\u0259b h\u0259min o milli \u0259n\u0259n\u0259y\u0259 s\u0259daq\u0259tdir. Kim ba\u015f\u0131n\u0131 qald\u0131r\u0131r, vur ba\u015f\u0131ndan. Kim savadl\u0131 v\u0259 uzaqg\u00f6r\u0259ndirs\u0259, t\u0259crid et, qarala.<\/p>\n\n\n\n<p>Qald\u0131 bayaq i\u015fl\u0259tdiyim \u201cb\u0259db\u0259xt\u201d k\u0259lm\u0259sin\u0259, ondan incim\u0259y\u0259 d\u0259ym\u0259z. D\u0259rind\u0259n fikirl\u0259\u015fs\u0259k, h\u0259qiq\u0259tin g\u00f6z\u00fcn\u0259 dik baxma\u011fa c\u0259sar\u0259timiz \u00e7atsa, etiraf etm\u0259liyik ki, bizim v\u0259t\u0259nda\u015flar, bunu anlasalar da, anlamasalar da, bu s\u00f6z\u0259&nbsp; tam layiqdirl\u0259r.<\/p>\n","protected":false},"excerpt":{"rendered":"<p>Z\u0259rd\u00fc\u015ft \u018flizad\u0259 Qubad \u0130bado\u011flunu zindana aparan yol.. Toplad\u0131\u011f\u0131m (daha d\u0259qiq &#8230; <\/p>\n<p class=\"read-more-container\"><a title=\"\u00dcmumi m\u0259nz\u0259r\u0259 v\u0259 h\u0259bs\" class=\"read-more button\" href=\"https:\/\/www.meydan.tv\/az\/article\/umumi-menzere-ve-hebs\/#more-280978\" aria-label=\"Read more about \u00dcmumi m\u0259nz\u0259r\u0259 v\u0259 h\u0259bs\">Davam\u0131<\/a><\/p>\n","protected":false},"author":8,"featured_media":126823,"comment_status":"closed","ping_status":"closed","sticky":false,"template":"","format":"standard","meta":{"_acf_changed":false,"_sitemap_exclude":false,"_sitemap_priority":"","_sitemap_frequency":"","footnotes":""},"categories":[57],"tags":[],"class_list":["post-280978","post","type-post","status-publish","format-standard","has-post-thumbnail","hentry","category-menim-fikrimce","infinite-scroll-item","generate-columns","tablet-grid-50","mobile-grid-100","grid-parent","grid-33","no-featured-image-padding"],"acf":[],"yoast_head":"<!-- This site is optimized with the Yoast SEO plugin v27.4 - https:\/\/yoast.com\/product\/yoast-seo-wordpress\/ -->\n<title>\u00dcmumi m\u0259nz\u0259r\u0259 v\u0259 h\u0259bs - MEYDAN.TV<\/title>\n<meta name=\"robots\" content=\"index, follow, max-snippet:-1, max-image-preview:large, max-video-preview:-1\" \/>\n<link rel=\"canonical\" href=\"https:\/\/www.meydan.tv\/az\/article\/umumi-menzere-ve-hebs\/\" \/>\n<meta property=\"og:locale\" content=\"az_AZ\" \/>\n<meta property=\"og:type\" content=\"article\" \/>\n<meta property=\"og:title\" content=\"\u00dcmumi m\u0259nz\u0259r\u0259 v\u0259 h\u0259bs - MEYDAN.TV\" \/>\n<meta property=\"og:description\" content=\"Z\u0259rd\u00fc\u015ft \u018flizad\u0259 Qubad \u0130bado\u011flunu zindana aparan yol.. Toplad\u0131\u011f\u0131m (daha d\u0259qiq ... Davam\u0131\" \/>\n<meta property=\"og:url\" content=\"https:\/\/www.meydan.tv\/az\/article\/umumi-menzere-ve-hebs\/\" \/>\n<meta property=\"og:site_name\" content=\"MEYDAN.TV\" \/>\n<meta property=\"article:published_time\" content=\"2023-07-30T01:30:42+00:00\" \/>\n<meta property=\"article:modified_time\" content=\"2023-07-30T01:30:45+00:00\" \/>\n<meta property=\"og:image\" content=\"https:\/\/www.meydan.tv\/wp-content\/uploads\/image_from_ios_2_p52ittc.original.original-scaled-e1682070233838.jpg\" \/>\n\t<meta property=\"og:image:width\" content=\"2560\" \/>\n\t<meta property=\"og:image:height\" content=\"1158\" \/>\n\t<meta property=\"og:image:type\" content=\"image\/jpeg\" \/>\n<meta name=\"author\" content=\"elli\" \/>\n<meta name=\"twitter:card\" content=\"summary_large_image\" \/>\n<meta name=\"twitter:creator\" content=\"@elli\" \/>\n<script type=\"application\/ld+json\" class=\"yoast-schema-graph\">{\"@context\":\"https:\\\/\\\/schema.org\",\"@graph\":[{\"@type\":\"Article\",\"@id\":\"https:\\\/\\\/www.meydan.tv\\\/az\\\/article\\\/umumi-menzere-ve-hebs\\\/#article\",\"isPartOf\":{\"@id\":\"https:\\\/\\\/www.meydan.tv\\\/az\\\/article\\\/umumi-menzere-ve-hebs\\\/\"},\"author\":{\"name\":\"elli\",\"@id\":\"https:\\\/\\\/www.meydan.tv\\\/az\\\/#\\\/schema\\\/person\\\/9cdbecf90d17180ce1dfbd95b08dcf47\"},\"headline\":\"\u00dcmumi m\u0259nz\u0259r\u0259 v\u0259 h\u0259bs\",\"datePublished\":\"2023-07-30T01:30:42+00:00\",\"dateModified\":\"2023-07-30T01:30:45+00:00\",\"mainEntityOfPage\":{\"@id\":\"https:\\\/\\\/www.meydan.tv\\\/az\\\/article\\\/umumi-menzere-ve-hebs\\\/\"},\"wordCount\":1688,\"publisher\":{\"@id\":\"https:\\\/\\\/www.meydan.tv\\\/az\\\/#organization\"},\"image\":{\"@id\":\"https:\\\/\\\/www.meydan.tv\\\/az\\\/article\\\/umumi-menzere-ve-hebs\\\/#primaryimage\"},\"thumbnailUrl\":\"https:\\\/\\\/www.meydan.tv\\\/wp-content\\\/uploads\\\/image_from_ios_2_p52ittc.original.original-scaled-e1682070233838.jpg\",\"articleSection\":[\"M\u0259nim Fikrimc\u0259\"],\"inLanguage\":\"az\"},{\"@type\":\"WebPage\",\"@id\":\"https:\\\/\\\/www.meydan.tv\\\/az\\\/article\\\/umumi-menzere-ve-hebs\\\/\",\"url\":\"https:\\\/\\\/www.meydan.tv\\\/az\\\/article\\\/umumi-menzere-ve-hebs\\\/\",\"name\":\"\u00dcmumi m\u0259nz\u0259r\u0259 v\u0259 h\u0259bs - MEYDAN.TV\",\"isPartOf\":{\"@id\":\"https:\\\/\\\/www.meydan.tv\\\/az\\\/#website\"},\"primaryImageOfPage\":{\"@id\":\"https:\\\/\\\/www.meydan.tv\\\/az\\\/article\\\/umumi-menzere-ve-hebs\\\/#primaryimage\"},\"image\":{\"@id\":\"https:\\\/\\\/www.meydan.tv\\\/az\\\/article\\\/umumi-menzere-ve-hebs\\\/#primaryimage\"},\"thumbnailUrl\":\"https:\\\/\\\/www.meydan.tv\\\/wp-content\\\/uploads\\\/image_from_ios_2_p52ittc.original.original-scaled-e1682070233838.jpg\",\"datePublished\":\"2023-07-30T01:30:42+00:00\",\"dateModified\":\"2023-07-30T01:30:45+00:00\",\"breadcrumb\":{\"@id\":\"https:\\\/\\\/www.meydan.tv\\\/az\\\/article\\\/umumi-menzere-ve-hebs\\\/#breadcrumb\"},\"inLanguage\":\"az\",\"potentialAction\":[{\"@type\":\"ReadAction\",\"target\":[\"https:\\\/\\\/www.meydan.tv\\\/az\\\/article\\\/umumi-menzere-ve-hebs\\\/\"]}]},{\"@type\":\"ImageObject\",\"inLanguage\":\"az\",\"@id\":\"https:\\\/\\\/www.meydan.tv\\\/az\\\/article\\\/umumi-menzere-ve-hebs\\\/#primaryimage\",\"url\":\"https:\\\/\\\/www.meydan.tv\\\/wp-content\\\/uploads\\\/image_from_ios_2_p52ittc.original.original-scaled-e1682070233838.jpg\",\"contentUrl\":\"https:\\\/\\\/www.meydan.tv\\\/wp-content\\\/uploads\\\/image_from_ios_2_p52ittc.original.original-scaled-e1682070233838.jpg\",\"width\":2560,\"height\":1158,\"caption\":\"Foto: Meydan TV\"},{\"@type\":\"BreadcrumbList\",\"@id\":\"https:\\\/\\\/www.meydan.tv\\\/az\\\/article\\\/umumi-menzere-ve-hebs\\\/#breadcrumb\",\"itemListElement\":[{\"@type\":\"ListItem\",\"position\":1,\"name\":\"Ana s\u0259hif\u0259\",\"item\":\"https:\\\/\\\/www.meydan.tv\\\/az\\\/\"},{\"@type\":\"ListItem\",\"position\":2,\"name\":\"M\u0259nim Fikrimc\u0259\",\"item\":\"https:\\\/\\\/www.meydan.tv\\\/az\\\/section\\\/menim-fikrimce\\\/\"},{\"@type\":\"ListItem\",\"position\":3,\"name\":\"\u00dcmumi m\u0259nz\u0259r\u0259 v\u0259 h\u0259bs\"}]},{\"@type\":\"WebSite\",\"@id\":\"https:\\\/\\\/www.meydan.tv\\\/az\\\/#website\",\"url\":\"https:\\\/\\\/www.meydan.tv\\\/az\\\/\",\"name\":\"MEYDAN.TV\",\"description\":\"Meydan TV Az\u0259rbaycan\u0131n media m\u0259kan\u0131ndak\u0131 alternativ s\u0259sidir\",\"publisher\":{\"@id\":\"https:\\\/\\\/www.meydan.tv\\\/az\\\/#organization\"},\"potentialAction\":[{\"@type\":\"SearchAction\",\"target\":{\"@type\":\"EntryPoint\",\"urlTemplate\":\"https:\\\/\\\/www.meydan.tv\\\/az\\\/?s={search_term_string}\"},\"query-input\":{\"@type\":\"PropertyValueSpecification\",\"valueRequired\":true,\"valueName\":\"search_term_string\"}}],\"inLanguage\":\"az\"},{\"@type\":\"Organization\",\"@id\":\"https:\\\/\\\/www.meydan.tv\\\/az\\\/#organization\",\"name\":\"Meydan TV\",\"url\":\"https:\\\/\\\/www.meydan.tv\\\/az\\\/\",\"logo\":{\"@type\":\"ImageObject\",\"inLanguage\":\"az\",\"@id\":\"https:\\\/\\\/www.meydan.tv\\\/az\\\/#\\\/schema\\\/logo\\\/image\\\/\",\"url\":\"https:\\\/\\\/www.meydan.tv\\\/wp-content\\\/uploads\\\/2021\\\/07\\\/meydan-logo.svg\",\"contentUrl\":\"https:\\\/\\\/www.meydan.tv\\\/wp-content\\\/uploads\\\/2021\\\/07\\\/meydan-logo.svg\",\"width\":195,\"height\":46,\"caption\":\"Meydan TV\"},\"image\":{\"@id\":\"https:\\\/\\\/www.meydan.tv\\\/az\\\/#\\\/schema\\\/logo\\\/image\\\/\"}},{\"@type\":\"Person\",\"@id\":\"https:\\\/\\\/www.meydan.tv\\\/az\\\/#\\\/schema\\\/person\\\/9cdbecf90d17180ce1dfbd95b08dcf47\",\"name\":\"elli\",\"sameAs\":[\"https:\\\/\\\/x.com\\\/elli\"]}]}<\/script>\n<!-- \/ Yoast SEO plugin. -->","yoast_head_json":{"title":"\u00dcmumi m\u0259nz\u0259r\u0259 v\u0259 h\u0259bs - MEYDAN.TV","robots":{"index":"index","follow":"follow","max-snippet":"max-snippet:-1","max-image-preview":"max-image-preview:large","max-video-preview":"max-video-preview:-1"},"canonical":"https:\/\/www.meydan.tv\/az\/article\/umumi-menzere-ve-hebs\/","og_locale":"az_AZ","og_type":"article","og_title":"\u00dcmumi m\u0259nz\u0259r\u0259 v\u0259 h\u0259bs - MEYDAN.TV","og_description":"Z\u0259rd\u00fc\u015ft \u018flizad\u0259 Qubad \u0130bado\u011flunu zindana aparan yol.. Toplad\u0131\u011f\u0131m (daha d\u0259qiq ... Davam\u0131","og_url":"https:\/\/www.meydan.tv\/az\/article\/umumi-menzere-ve-hebs\/","og_site_name":"MEYDAN.TV","article_published_time":"2023-07-30T01:30:42+00:00","article_modified_time":"2023-07-30T01:30:45+00:00","og_image":[{"width":2560,"height":1158,"url":"https:\/\/www.meydan.tv\/wp-content\/uploads\/image_from_ios_2_p52ittc.original.original-scaled-e1682070233838.jpg","type":"image\/jpeg"}],"author":"elli","twitter_card":"summary_large_image","twitter_creator":"@elli","schema":{"@context":"https:\/\/schema.org","@graph":[{"@type":"Article","@id":"https:\/\/www.meydan.tv\/az\/article\/umumi-menzere-ve-hebs\/#article","isPartOf":{"@id":"https:\/\/www.meydan.tv\/az\/article\/umumi-menzere-ve-hebs\/"},"author":{"name":"elli","@id":"https:\/\/www.meydan.tv\/az\/#\/schema\/person\/9cdbecf90d17180ce1dfbd95b08dcf47"},"headline":"\u00dcmumi m\u0259nz\u0259r\u0259 v\u0259 h\u0259bs","datePublished":"2023-07-30T01:30:42+00:00","dateModified":"2023-07-30T01:30:45+00:00","mainEntityOfPage":{"@id":"https:\/\/www.meydan.tv\/az\/article\/umumi-menzere-ve-hebs\/"},"wordCount":1688,"publisher":{"@id":"https:\/\/www.meydan.tv\/az\/#organization"},"image":{"@id":"https:\/\/www.meydan.tv\/az\/article\/umumi-menzere-ve-hebs\/#primaryimage"},"thumbnailUrl":"https:\/\/www.meydan.tv\/wp-content\/uploads\/image_from_ios_2_p52ittc.original.original-scaled-e1682070233838.jpg","articleSection":["M\u0259nim Fikrimc\u0259"],"inLanguage":"az"},{"@type":"WebPage","@id":"https:\/\/www.meydan.tv\/az\/article\/umumi-menzere-ve-hebs\/","url":"https:\/\/www.meydan.tv\/az\/article\/umumi-menzere-ve-hebs\/","name":"\u00dcmumi m\u0259nz\u0259r\u0259 v\u0259 h\u0259bs - MEYDAN.TV","isPartOf":{"@id":"https:\/\/www.meydan.tv\/az\/#website"},"primaryImageOfPage":{"@id":"https:\/\/www.meydan.tv\/az\/article\/umumi-menzere-ve-hebs\/#primaryimage"},"image":{"@id":"https:\/\/www.meydan.tv\/az\/article\/umumi-menzere-ve-hebs\/#primaryimage"},"thumbnailUrl":"https:\/\/www.meydan.tv\/wp-content\/uploads\/image_from_ios_2_p52ittc.original.original-scaled-e1682070233838.jpg","datePublished":"2023-07-30T01:30:42+00:00","dateModified":"2023-07-30T01:30:45+00:00","breadcrumb":{"@id":"https:\/\/www.meydan.tv\/az\/article\/umumi-menzere-ve-hebs\/#breadcrumb"},"inLanguage":"az","potentialAction":[{"@type":"ReadAction","target":["https:\/\/www.meydan.tv\/az\/article\/umumi-menzere-ve-hebs\/"]}]},{"@type":"ImageObject","inLanguage":"az","@id":"https:\/\/www.meydan.tv\/az\/article\/umumi-menzere-ve-hebs\/#primaryimage","url":"https:\/\/www.meydan.tv\/wp-content\/uploads\/image_from_ios_2_p52ittc.original.original-scaled-e1682070233838.jpg","contentUrl":"https:\/\/www.meydan.tv\/wp-content\/uploads\/image_from_ios_2_p52ittc.original.original-scaled-e1682070233838.jpg","width":2560,"height":1158,"caption":"Foto: Meydan TV"},{"@type":"BreadcrumbList","@id":"https:\/\/www.meydan.tv\/az\/article\/umumi-menzere-ve-hebs\/#breadcrumb","itemListElement":[{"@type":"ListItem","position":1,"name":"Ana s\u0259hif\u0259","item":"https:\/\/www.meydan.tv\/az\/"},{"@type":"ListItem","position":2,"name":"M\u0259nim Fikrimc\u0259","item":"https:\/\/www.meydan.tv\/az\/section\/menim-fikrimce\/"},{"@type":"ListItem","position":3,"name":"\u00dcmumi m\u0259nz\u0259r\u0259 v\u0259 h\u0259bs"}]},{"@type":"WebSite","@id":"https:\/\/www.meydan.tv\/az\/#website","url":"https:\/\/www.meydan.tv\/az\/","name":"MEYDAN.TV","description":"Meydan TV Az\u0259rbaycan\u0131n media m\u0259kan\u0131ndak\u0131 alternativ s\u0259sidir","publisher":{"@id":"https:\/\/www.meydan.tv\/az\/#organization"},"potentialAction":[{"@type":"SearchAction","target":{"@type":"EntryPoint","urlTemplate":"https:\/\/www.meydan.tv\/az\/?s={search_term_string}"},"query-input":{"@type":"PropertyValueSpecification","valueRequired":true,"valueName":"search_term_string"}}],"inLanguage":"az"},{"@type":"Organization","@id":"https:\/\/www.meydan.tv\/az\/#organization","name":"Meydan TV","url":"https:\/\/www.meydan.tv\/az\/","logo":{"@type":"ImageObject","inLanguage":"az","@id":"https:\/\/www.meydan.tv\/az\/#\/schema\/logo\/image\/","url":"https:\/\/www.meydan.tv\/wp-content\/uploads\/2021\/07\/meydan-logo.svg","contentUrl":"https:\/\/www.meydan.tv\/wp-content\/uploads\/2021\/07\/meydan-logo.svg","width":195,"height":46,"caption":"Meydan TV"},"image":{"@id":"https:\/\/www.meydan.tv\/az\/#\/schema\/logo\/image\/"}},{"@type":"Person","@id":"https:\/\/www.meydan.tv\/az\/#\/schema\/person\/9cdbecf90d17180ce1dfbd95b08dcf47","name":"elli","sameAs":["https:\/\/x.com\/elli"]}]}},"_links":{"self":[{"href":"https:\/\/www.meydan.tv\/az\/wp-json\/wp\/v2\/posts\/280978","targetHints":{"allow":["GET"]}}],"collection":[{"href":"https:\/\/www.meydan.tv\/az\/wp-json\/wp\/v2\/posts"}],"about":[{"href":"https:\/\/www.meydan.tv\/az\/wp-json\/wp\/v2\/types\/post"}],"author":[{"embeddable":true,"href":"https:\/\/www.meydan.tv\/az\/wp-json\/wp\/v2\/users\/8"}],"replies":[{"embeddable":true,"href":"https:\/\/www.meydan.tv\/az\/wp-json\/wp\/v2\/comments?post=280978"}],"version-history":[{"count":1,"href":"https:\/\/www.meydan.tv\/az\/wp-json\/wp\/v2\/posts\/280978\/revisions"}],"predecessor-version":[{"id":280979,"href":"https:\/\/www.meydan.tv\/az\/wp-json\/wp\/v2\/posts\/280978\/revisions\/280979"}],"wp:featuredmedia":[{"embeddable":true,"href":"https:\/\/www.meydan.tv\/az\/wp-json\/wp\/v2\/media\/126823"}],"wp:attachment":[{"href":"https:\/\/www.meydan.tv\/az\/wp-json\/wp\/v2\/media?parent=280978"}],"wp:term":[{"taxonomy":"category","embeddable":true,"href":"https:\/\/www.meydan.tv\/az\/wp-json\/wp\/v2\/categories?post=280978"},{"taxonomy":"post_tag","embeddable":true,"href":"https:\/\/www.meydan.tv\/az\/wp-json\/wp\/v2\/tags?post=280978"}],"curies":[{"name":"wp","href":"https:\/\/api.w.org\/{rel}","templated":true}]}}