{"id":280888,"date":"2023-07-28T13:26:42","date_gmt":"2023-07-28T09:26:42","guid":{"rendered":"https:\/\/www.meydan.tv\/?p=280888"},"modified":"2023-07-28T13:26:45","modified_gmt":"2023-07-28T09:26:45","slug":"balaken-sakini-xestexanada-mene-deyirler-yer-yoxdur-amma-gorurem-ki-var","status":"publish","type":"post","link":"https:\/\/www.meydan.tv\/az\/article\/balaken-sakini-xestexanada-mene-deyirler-yer-yoxdur-amma-gorurem-ki-var\/","title":{"rendered":"Balak\u0259n sakini: \u201cX\u0259st\u0259xanada m\u0259n\u0259 deyirl\u0259r, \u201cyer yoxdur\u201d, amma g\u00f6r\u00fcr\u0259m ki, var&#8230;\u201d"},"content":{"rendered":"\n<p><em>\u015eamil Qurbanov: \u201c\u0130mkan\u0131m olsa, kimd\u0259ns\u0259 n\u0259 minn\u0259t g\u00f6t\u00fcr\u0259r\u0259m, n\u0259 d\u0259 yalvar\u0131b-yaxararam\u201d<\/em><\/p>\n\n\n\n<p>Balak\u0259n rayonunun Talalar k\u0259nd sakini \u015eamil Qurbanovun s\u0259hh\u0259tind\u0259 ciddi probleml\u0259r var. Uzun m\u00fcdd\u0259tdir ki, m\u0259d\u0259-ba\u011f\u0131rsaq, a\u011fciy\u0259r, b\u00f6yr\u0259k x\u0259st\u0259likl\u0259rind\u0259n \u0259ziyy\u0259t \u00e7\u0259kir. Gileyl\u0259nir ki, b\u00f6yr\u0259k \u00e7at\u0131\u015fmazl\u0131\u011f\u0131na g\u00f6r\u0259 dializ\u0259 ehtiyac\u0131 oldu\u011fu halda, onu x\u0259st\u0259xanada \u201cbo\u015f yer yoxdur\u201d b\u0259han\u0259sil\u0259 q\u0259bul el\u0259mirl\u0259r. Deyir ki, pulu olmad\u0131\u011f\u0131na g\u00f6r\u0259 \u00f6z\u0259l x\u0259st\u0259xanalara da ged\u0259 bilmir. Bu \u00fczd\u0259n \u00e7ar\u0259siz v\u0259ziyy\u0259td\u0259 qal\u0131b.<\/p>\n\n\n\n<p>\u201cN\u0259 \u00f6z imkan\u0131m var, n\u0259 d\u0259 d\u00f6vl\u0259t x\u0259st\u0259xanas\u0131 g\u00f6t\u00fcr\u00fcr\u201d<\/p>\n\n\n\n<p>\u201c\u00dcr\u0259yimd\u0259n ba\u015fqa h\u0259r yerim x\u0259st\u0259dir&#8230;\u201d, &#8211; o, Meydan TV-nin \u0259m\u0259kda\u015f\u0131yla s\u00f6hb\u0259tin\u0259 bel\u0259 ba\u015flay\u0131b.<\/p>\n\n\n\n<p>49 ya\u015fl\u0131 \u015eamil Qurbanov bir m\u00fcdd\u0259t \u0259vv\u0259l m\u0259d\u0259-ba\u011f\u0131rsaq qanaxmas\u0131yla Respublika Klinik X\u0259st\u0259xanas\u0131na \u00e7atd\u0131r\u0131l\u0131b:<\/p>\n\n\n\n<p>\u201cOrada bir m\u00fcdd\u0259t m\u00fcalic\u0259 olundum. Sa\u011f olsunlar, v\u0259ziyy\u0259td\u0259n \u00e7\u0131xartd\u0131lar. M\u0259n h\u0259m d\u0259 v\u0259r\u0259m x\u0259st\u0259siy\u0259m. \u018fn ciddi problemim is\u0259 b\u00f6yr\u0259kl\u0259rimdir. \u0130ki b\u00f6yr\u0259yim d\u0259 s\u0131radan \u00e7\u0131x\u0131b. Dializ\u0259 ehtiyac var. \u201cRespublikanski\u201dd\u0259 oldu\u011fum m\u00fcdd\u0259td\u0259 orada el\u0259dil\u0259r. \u00dcmumiyy\u0259tl\u0259, oradan naraz\u0131l\u0131\u011f\u0131m yoxdur. Amma oradan \u00e7\u0131xandan sonra bilmir\u0259m ki, neyl\u0259yim. N\u0259 \u00f6z imkan\u0131m var ki, gedim, \u00f6z\u0259l x\u0259st\u0259xanalarda m\u00fcalic\u0259 al\u0131m, n\u0259 d\u0259 d\u00f6vl\u0259t x\u0259st\u0259xanas\u0131 g\u00f6t\u00fcr\u00fcr&#8230;\u201d.<\/p>\n\n\n\n<figure class=\"wp-block-image size-large\"><img decoding=\"async\" width=\"616\" height=\"821\" data-src=\"https:\/\/www.meydan.tv\/wp-content\/uploads\/photo-2023-07-28-10-18-11_censored-616x821.jpg\" alt=\"\" class=\"wp-image-280889 lazyload\" src=\"data:image\/svg+xml;base64,PHN2ZyB3aWR0aD0iMSIgaGVpZ2h0PSIxIiB4bWxucz0iaHR0cDovL3d3dy53My5vcmcvMjAwMC9zdmciPjwvc3ZnPg==\" style=\"--smush-placeholder-width: 616px; --smush-placeholder-aspect-ratio: 616\/821;\" \/><\/figure>\n\n\n\n<p>\u201cG\u00f6r\u00fcn n\u0259 v\u0259ziyy\u0259td\u0259y\u0259m, \u00f6l\u00fcr\u0259m ax\u0131&#8230;\u201d<\/p>\n\n\n\n<p>\u015eamil Qurbanovun s\u00f6zl\u0259rin\u0259 g\u00f6r\u0259, b\u00f6yr\u0259k \u00e7at\u0131\u015fmazl\u0131\u011f\u0131yla \u0259laq\u0259dar dializ proseduru \u00fc\u00e7\u00fcn Masaz\u0131rdak\u0131 x\u0259st\u0259xanaya da m\u00fcraci\u0259t edib. Lakin orada da yer olmad\u0131\u011f\u0131 bildiril\u0259r\u0259k, imtina olunub:<\/p>\n\n\n\n<p>\u201c\u00d6z\u00fcm\u00fcn q\u0259tiyy\u0259n imkan\u0131m yoxdur. Qarda\u015f\u0131m da f\u0259hl\u0259dir, g\u00fcn\u00fc 10-15 manata i\u015fl\u0259yir. X\u0131rdalan t\u0259r\u0259fd\u0259 qal\u0131r. Masaz\u0131r x\u0259st\u0259xanas\u0131nda da dializ proseduru var. \u018flimd\u0259 g\u00f6nd\u0259ri\u015fl\u0259 ora getdim, dedil\u0259r, yer yoxdur. M\u0259n is\u0259 g\u00f6z\u00fcml\u0259 g\u00f6r\u00fcr\u0259m ki, yer var. Deyir\u0259m ki, bax\u0131n, g\u00f6r\u00fcn, m\u0259n n\u0259 v\u0259ziyy\u0259td\u0259y\u0259m, \u00f6l\u00fcr\u0259m ax\u0131. Deyirl\u0259r, \u201cget, hara ist\u0259yirs\u0259n, \u015fikay\u0259t el\u0259\u201d. \u0130nsana, x\u0259st\u0259y\u0259 qar\u015f\u0131 bu q\u0259d\u0259r laqeydlik olmaz ax\u0131. \u0130mkan\u0131m olsa, kimd\u0259ns\u0259 n\u0259 minn\u0259t g\u00f6t\u00fcr\u0259r\u0259m, n\u0259 d\u0259 yalvar\u0131b-yaxararam\u201d.<\/p>\n\n\n\n<p>\u201cG\u00fcn\u00fcn\u0259, saat\u0131na bax\u0131rlar, bo\u015f yer yoxdursa&#8230;\u201d<\/p>\n\n\n\n<p>X\u0259st\u0259xanadan is\u0259 Meydan TV-y\u0259 bildirilib ki, \u015eamil Qurbanov ilk n\u00f6vb\u0259d\u0259 Kliniki Tibbi M\u0259rk\u0259zd\u0259 (ke\u00e7mi\u015f \u201cSema\u015fko\u201d) f\u0259aliyy\u0259t g\u00f6st\u0259r\u0259n Hemodializ Komissiyas\u0131na m\u00fcraci\u0259t etm\u0259lidir:<\/p>\n\n\n\n<p>\u201cH\u0259min komissiya x\u0259st\u0259nin ya\u015fay\u0131\u015f yerin\u0259 \u0259n yax\u0131n olan dializ m\u0259rk\u0259zin\u0259 pulsuz dializ\u0259 g\u00f6nd\u0259rir. G\u00fcn\u00fcn\u0259, saat\u0131na bax\u0131rlar, orada bo\u015f yer yoxdursa, nisb\u0259t\u0259n yax\u0131n olan yer\u0259 t\u0259yin edirl\u0259r. Komissiya h\u0259r h\u0259ft\u0259nin \u00e7\u0259r\u015f\u0259nb\u0259 ax\u015fam\u0131 f\u0259aliyy\u0259t g\u00f6st\u0259rir\u201d.<\/p>\n\n\n\n<p>\u015eamil Qurbanov is\u0259 deyir ki, iki d\u0259f\u0259 h\u0259min komissiyada olub, ona prosedur t\u0259yin edildiyi d\u0259 deyilib. Lakin son n\u0259tic\u0259d\u0259 dializ oluna bilm\u0259yib.<\/p>\n","protected":false},"excerpt":{"rendered":"<p>\u015eamil Qurbanov: \u201c\u0130mkan\u0131m olsa, kimd\u0259ns\u0259 n\u0259 minn\u0259t g\u00f6t\u00fcr\u0259r\u0259m, n\u0259 d\u0259 &#8230; <\/p>\n<p class=\"read-more-container\"><a title=\"Balak\u0259n sakini: \u201cX\u0259st\u0259xanada m\u0259n\u0259 deyirl\u0259r, \u201cyer yoxdur\u201d, amma g\u00f6r\u00fcr\u0259m ki, var&#8230;\u201d\" class=\"read-more button\" href=\"https:\/\/www.meydan.tv\/az\/article\/balaken-sakini-xestexanada-mene-deyirler-yer-yoxdur-amma-gorurem-ki-var\/#more-280888\" aria-label=\"Read more about Balak\u0259n sakini: \u201cX\u0259st\u0259xanada m\u0259n\u0259 deyirl\u0259r, \u201cyer yoxdur\u201d, amma g\u00f6r\u00fcr\u0259m ki, var&#8230;\u201d\">Davam\u0131<\/a><\/p>\n","protected":false},"author":18,"featured_media":231946,"comment_status":"closed","ping_status":"closed","sticky":false,"template":"","format":"standard","meta":{"_acf_changed":false,"_sitemap_exclude":false,"_sitemap_priority":"","_sitemap_frequency":"","footnotes":""},"categories":[60,62,56],"tags":[],"class_list":["post-280888","post","type-post","status-publish","format-standard","has-post-thumbnail","hentry","category-bolge","category-sosial","category-xeberler","infinite-scroll-item","generate-columns","tablet-grid-50","mobile-grid-100","grid-parent","grid-33","no-featured-image-padding"],"acf":[],"yoast_head":"<!-- This site is optimized with the Yoast SEO plugin v27.4 - https:\/\/yoast.com\/product\/yoast-seo-wordpress\/ -->\n<title>Balak\u0259n sakini: \u201cX\u0259st\u0259xanada m\u0259n\u0259 deyirl\u0259r, \u201cyer yoxdur\u201d, amma g\u00f6r\u00fcr\u0259m ki, var...\u201d - MEYDAN.TV<\/title>\n<meta name=\"robots\" content=\"index, follow, max-snippet:-1, max-image-preview:large, max-video-preview:-1\" \/>\n<link rel=\"canonical\" href=\"https:\/\/www.meydan.tv\/az\/article\/balaken-sakini-xestexanada-mene-deyirler-yer-yoxdur-amma-gorurem-ki-var\/\" \/>\n<meta property=\"og:locale\" content=\"az_AZ\" \/>\n<meta property=\"og:type\" content=\"article\" \/>\n<meta property=\"og:title\" content=\"Balak\u0259n sakini: \u201cX\u0259st\u0259xanada m\u0259n\u0259 deyirl\u0259r, \u201cyer yoxdur\u201d, amma g\u00f6r\u00fcr\u0259m ki, var...\u201d - MEYDAN.TV\" \/>\n<meta property=\"og:description\" content=\"\u015eamil Qurbanov: \u201c\u0130mkan\u0131m olsa, kimd\u0259ns\u0259 n\u0259 minn\u0259t g\u00f6t\u00fcr\u0259r\u0259m, n\u0259 d\u0259 ... Davam\u0131\" \/>\n<meta property=\"og:url\" content=\"https:\/\/www.meydan.tv\/az\/article\/balaken-sakini-xestexanada-mene-deyirler-yer-yoxdur-amma-gorurem-ki-var\/\" \/>\n<meta property=\"og:site_name\" content=\"MEYDAN.TV\" \/>\n<meta property=\"article:published_time\" content=\"2023-07-28T09:26:42+00:00\" \/>\n<meta property=\"article:modified_time\" content=\"2023-07-28T09:26:45+00:00\" \/>\n<meta property=\"og:image\" content=\"https:\/\/www.meydan.tv\/wp-content\/uploads\/shutterstock_249888859-e1642412744822.jpg\" \/>\n\t<meta property=\"og:image:width\" content=\"1200\" \/>\n\t<meta property=\"og:image:height\" content=\"756\" \/>\n\t<meta property=\"og:image:type\" content=\"image\/jpeg\" \/>\n<meta name=\"author\" content=\"miron\" \/>\n<meta name=\"twitter:card\" content=\"summary_large_image\" \/>\n<script type=\"application\/ld+json\" class=\"yoast-schema-graph\">{\"@context\":\"https:\\\/\\\/schema.org\",\"@graph\":[{\"@type\":\"Article\",\"@id\":\"https:\\\/\\\/www.meydan.tv\\\/az\\\/article\\\/balaken-sakini-xestexanada-mene-deyirler-yer-yoxdur-amma-gorurem-ki-var\\\/#article\",\"isPartOf\":{\"@id\":\"https:\\\/\\\/www.meydan.tv\\\/az\\\/article\\\/balaken-sakini-xestexanada-mene-deyirler-yer-yoxdur-amma-gorurem-ki-var\\\/\"},\"author\":{\"name\":\"miron\",\"@id\":\"https:\\\/\\\/www.meydan.tv\\\/az\\\/#\\\/schema\\\/person\\\/981b0b284aeaa9ad0cbf814cd4a9d67c\"},\"headline\":\"Balak\u0259n sakini: \u201cX\u0259st\u0259xanada m\u0259n\u0259 deyirl\u0259r, \u201cyer yoxdur\u201d, amma g\u00f6r\u00fcr\u0259m ki, var&#8230;\u201d\",\"datePublished\":\"2023-07-28T09:26:42+00:00\",\"dateModified\":\"2023-07-28T09:26:45+00:00\",\"mainEntityOfPage\":{\"@id\":\"https:\\\/\\\/www.meydan.tv\\\/az\\\/article\\\/balaken-sakini-xestexanada-mene-deyirler-yer-yoxdur-amma-gorurem-ki-var\\\/\"},\"wordCount\":613,\"publisher\":{\"@id\":\"https:\\\/\\\/www.meydan.tv\\\/az\\\/#organization\"},\"image\":{\"@id\":\"https:\\\/\\\/www.meydan.tv\\\/az\\\/article\\\/balaken-sakini-xestexanada-mene-deyirler-yer-yoxdur-amma-gorurem-ki-var\\\/#primaryimage\"},\"thumbnailUrl\":\"https:\\\/\\\/www.meydan.tv\\\/wp-content\\\/uploads\\\/shutterstock_249888859-e1642412744822.jpg\",\"articleSection\":[\"B\u00f6lg\u0259\",\"Sosial\",\"X\u0259b\u0259rl\u0259r\"],\"inLanguage\":\"az\"},{\"@type\":\"WebPage\",\"@id\":\"https:\\\/\\\/www.meydan.tv\\\/az\\\/article\\\/balaken-sakini-xestexanada-mene-deyirler-yer-yoxdur-amma-gorurem-ki-var\\\/\",\"url\":\"https:\\\/\\\/www.meydan.tv\\\/az\\\/article\\\/balaken-sakini-xestexanada-mene-deyirler-yer-yoxdur-amma-gorurem-ki-var\\\/\",\"name\":\"Balak\u0259n sakini: \u201cX\u0259st\u0259xanada m\u0259n\u0259 deyirl\u0259r, \u201cyer yoxdur\u201d, amma g\u00f6r\u00fcr\u0259m ki, var...\u201d - MEYDAN.TV\",\"isPartOf\":{\"@id\":\"https:\\\/\\\/www.meydan.tv\\\/az\\\/#website\"},\"primaryImageOfPage\":{\"@id\":\"https:\\\/\\\/www.meydan.tv\\\/az\\\/article\\\/balaken-sakini-xestexanada-mene-deyirler-yer-yoxdur-amma-gorurem-ki-var\\\/#primaryimage\"},\"image\":{\"@id\":\"https:\\\/\\\/www.meydan.tv\\\/az\\\/article\\\/balaken-sakini-xestexanada-mene-deyirler-yer-yoxdur-amma-gorurem-ki-var\\\/#primaryimage\"},\"thumbnailUrl\":\"https:\\\/\\\/www.meydan.tv\\\/wp-content\\\/uploads\\\/shutterstock_249888859-e1642412744822.jpg\",\"datePublished\":\"2023-07-28T09:26:42+00:00\",\"dateModified\":\"2023-07-28T09:26:45+00:00\",\"breadcrumb\":{\"@id\":\"https:\\\/\\\/www.meydan.tv\\\/az\\\/article\\\/balaken-sakini-xestexanada-mene-deyirler-yer-yoxdur-amma-gorurem-ki-var\\\/#breadcrumb\"},\"inLanguage\":\"az\",\"potentialAction\":[{\"@type\":\"ReadAction\",\"target\":[\"https:\\\/\\\/www.meydan.tv\\\/az\\\/article\\\/balaken-sakini-xestexanada-mene-deyirler-yer-yoxdur-amma-gorurem-ki-var\\\/\"]}]},{\"@type\":\"ImageObject\",\"inLanguage\":\"az\",\"@id\":\"https:\\\/\\\/www.meydan.tv\\\/az\\\/article\\\/balaken-sakini-xestexanada-mene-deyirler-yer-yoxdur-amma-gorurem-ki-var\\\/#primaryimage\",\"url\":\"https:\\\/\\\/www.meydan.tv\\\/wp-content\\\/uploads\\\/shutterstock_249888859-e1642412744822.jpg\",\"contentUrl\":\"https:\\\/\\\/www.meydan.tv\\\/wp-content\\\/uploads\\\/shutterstock_249888859-e1642412744822.jpg\",\"width\":1200,\"height\":756,\"caption\":\"H\u0259kim, Niyazz\\\/shutterstock\"},{\"@type\":\"BreadcrumbList\",\"@id\":\"https:\\\/\\\/www.meydan.tv\\\/az\\\/article\\\/balaken-sakini-xestexanada-mene-deyirler-yer-yoxdur-amma-gorurem-ki-var\\\/#breadcrumb\",\"itemListElement\":[{\"@type\":\"ListItem\",\"position\":1,\"name\":\"Ana s\u0259hif\u0259\",\"item\":\"https:\\\/\\\/www.meydan.tv\\\/az\\\/\"},{\"@type\":\"ListItem\",\"position\":2,\"name\":\"X\u0259b\u0259rl\u0259r\",\"item\":\"https:\\\/\\\/www.meydan.tv\\\/az\\\/section\\\/xeberler\\\/\"},{\"@type\":\"ListItem\",\"position\":3,\"name\":\"Balak\u0259n sakini: \u201cX\u0259st\u0259xanada m\u0259n\u0259 deyirl\u0259r, \u201cyer yoxdur\u201d, amma g\u00f6r\u00fcr\u0259m ki, var&#8230;\u201d\"}]},{\"@type\":\"WebSite\",\"@id\":\"https:\\\/\\\/www.meydan.tv\\\/az\\\/#website\",\"url\":\"https:\\\/\\\/www.meydan.tv\\\/az\\\/\",\"name\":\"MEYDAN.TV\",\"description\":\"Meydan TV Az\u0259rbaycan\u0131n media m\u0259kan\u0131ndak\u0131 alternativ s\u0259sidir\",\"publisher\":{\"@id\":\"https:\\\/\\\/www.meydan.tv\\\/az\\\/#organization\"},\"potentialAction\":[{\"@type\":\"SearchAction\",\"target\":{\"@type\":\"EntryPoint\",\"urlTemplate\":\"https:\\\/\\\/www.meydan.tv\\\/az\\\/?s={search_term_string}\"},\"query-input\":{\"@type\":\"PropertyValueSpecification\",\"valueRequired\":true,\"valueName\":\"search_term_string\"}}],\"inLanguage\":\"az\"},{\"@type\":\"Organization\",\"@id\":\"https:\\\/\\\/www.meydan.tv\\\/az\\\/#organization\",\"name\":\"Meydan TV\",\"url\":\"https:\\\/\\\/www.meydan.tv\\\/az\\\/\",\"logo\":{\"@type\":\"ImageObject\",\"inLanguage\":\"az\",\"@id\":\"https:\\\/\\\/www.meydan.tv\\\/az\\\/#\\\/schema\\\/logo\\\/image\\\/\",\"url\":\"https:\\\/\\\/www.meydan.tv\\\/wp-content\\\/uploads\\\/2021\\\/07\\\/meydan-logo.svg\",\"contentUrl\":\"https:\\\/\\\/www.meydan.tv\\\/wp-content\\\/uploads\\\/2021\\\/07\\\/meydan-logo.svg\",\"width\":195,\"height\":46,\"caption\":\"Meydan TV\"},\"image\":{\"@id\":\"https:\\\/\\\/www.meydan.tv\\\/az\\\/#\\\/schema\\\/logo\\\/image\\\/\"}},{\"@type\":\"Person\",\"@id\":\"https:\\\/\\\/www.meydan.tv\\\/az\\\/#\\\/schema\\\/person\\\/981b0b284aeaa9ad0cbf814cd4a9d67c\",\"name\":\"miron\"}]}<\/script>\n<!-- \/ Yoast SEO plugin. -->","yoast_head_json":{"title":"Balak\u0259n sakini: \u201cX\u0259st\u0259xanada m\u0259n\u0259 deyirl\u0259r, \u201cyer yoxdur\u201d, amma g\u00f6r\u00fcr\u0259m ki, var...\u201d - MEYDAN.TV","robots":{"index":"index","follow":"follow","max-snippet":"max-snippet:-1","max-image-preview":"max-image-preview:large","max-video-preview":"max-video-preview:-1"},"canonical":"https:\/\/www.meydan.tv\/az\/article\/balaken-sakini-xestexanada-mene-deyirler-yer-yoxdur-amma-gorurem-ki-var\/","og_locale":"az_AZ","og_type":"article","og_title":"Balak\u0259n sakini: \u201cX\u0259st\u0259xanada m\u0259n\u0259 deyirl\u0259r, \u201cyer yoxdur\u201d, amma g\u00f6r\u00fcr\u0259m ki, var...\u201d - MEYDAN.TV","og_description":"\u015eamil Qurbanov: \u201c\u0130mkan\u0131m olsa, kimd\u0259ns\u0259 n\u0259 minn\u0259t g\u00f6t\u00fcr\u0259r\u0259m, n\u0259 d\u0259 ... Davam\u0131","og_url":"https:\/\/www.meydan.tv\/az\/article\/balaken-sakini-xestexanada-mene-deyirler-yer-yoxdur-amma-gorurem-ki-var\/","og_site_name":"MEYDAN.TV","article_published_time":"2023-07-28T09:26:42+00:00","article_modified_time":"2023-07-28T09:26:45+00:00","og_image":[{"width":1200,"height":756,"url":"https:\/\/www.meydan.tv\/wp-content\/uploads\/shutterstock_249888859-e1642412744822.jpg","type":"image\/jpeg"}],"author":"miron","twitter_card":"summary_large_image","schema":{"@context":"https:\/\/schema.org","@graph":[{"@type":"Article","@id":"https:\/\/www.meydan.tv\/az\/article\/balaken-sakini-xestexanada-mene-deyirler-yer-yoxdur-amma-gorurem-ki-var\/#article","isPartOf":{"@id":"https:\/\/www.meydan.tv\/az\/article\/balaken-sakini-xestexanada-mene-deyirler-yer-yoxdur-amma-gorurem-ki-var\/"},"author":{"name":"miron","@id":"https:\/\/www.meydan.tv\/az\/#\/schema\/person\/981b0b284aeaa9ad0cbf814cd4a9d67c"},"headline":"Balak\u0259n sakini: \u201cX\u0259st\u0259xanada m\u0259n\u0259 deyirl\u0259r, \u201cyer yoxdur\u201d, amma g\u00f6r\u00fcr\u0259m ki, var&#8230;\u201d","datePublished":"2023-07-28T09:26:42+00:00","dateModified":"2023-07-28T09:26:45+00:00","mainEntityOfPage":{"@id":"https:\/\/www.meydan.tv\/az\/article\/balaken-sakini-xestexanada-mene-deyirler-yer-yoxdur-amma-gorurem-ki-var\/"},"wordCount":613,"publisher":{"@id":"https:\/\/www.meydan.tv\/az\/#organization"},"image":{"@id":"https:\/\/www.meydan.tv\/az\/article\/balaken-sakini-xestexanada-mene-deyirler-yer-yoxdur-amma-gorurem-ki-var\/#primaryimage"},"thumbnailUrl":"https:\/\/www.meydan.tv\/wp-content\/uploads\/shutterstock_249888859-e1642412744822.jpg","articleSection":["B\u00f6lg\u0259","Sosial","X\u0259b\u0259rl\u0259r"],"inLanguage":"az"},{"@type":"WebPage","@id":"https:\/\/www.meydan.tv\/az\/article\/balaken-sakini-xestexanada-mene-deyirler-yer-yoxdur-amma-gorurem-ki-var\/","url":"https:\/\/www.meydan.tv\/az\/article\/balaken-sakini-xestexanada-mene-deyirler-yer-yoxdur-amma-gorurem-ki-var\/","name":"Balak\u0259n sakini: \u201cX\u0259st\u0259xanada m\u0259n\u0259 deyirl\u0259r, \u201cyer yoxdur\u201d, amma g\u00f6r\u00fcr\u0259m ki, var...\u201d - MEYDAN.TV","isPartOf":{"@id":"https:\/\/www.meydan.tv\/az\/#website"},"primaryImageOfPage":{"@id":"https:\/\/www.meydan.tv\/az\/article\/balaken-sakini-xestexanada-mene-deyirler-yer-yoxdur-amma-gorurem-ki-var\/#primaryimage"},"image":{"@id":"https:\/\/www.meydan.tv\/az\/article\/balaken-sakini-xestexanada-mene-deyirler-yer-yoxdur-amma-gorurem-ki-var\/#primaryimage"},"thumbnailUrl":"https:\/\/www.meydan.tv\/wp-content\/uploads\/shutterstock_249888859-e1642412744822.jpg","datePublished":"2023-07-28T09:26:42+00:00","dateModified":"2023-07-28T09:26:45+00:00","breadcrumb":{"@id":"https:\/\/www.meydan.tv\/az\/article\/balaken-sakini-xestexanada-mene-deyirler-yer-yoxdur-amma-gorurem-ki-var\/#breadcrumb"},"inLanguage":"az","potentialAction":[{"@type":"ReadAction","target":["https:\/\/www.meydan.tv\/az\/article\/balaken-sakini-xestexanada-mene-deyirler-yer-yoxdur-amma-gorurem-ki-var\/"]}]},{"@type":"ImageObject","inLanguage":"az","@id":"https:\/\/www.meydan.tv\/az\/article\/balaken-sakini-xestexanada-mene-deyirler-yer-yoxdur-amma-gorurem-ki-var\/#primaryimage","url":"https:\/\/www.meydan.tv\/wp-content\/uploads\/shutterstock_249888859-e1642412744822.jpg","contentUrl":"https:\/\/www.meydan.tv\/wp-content\/uploads\/shutterstock_249888859-e1642412744822.jpg","width":1200,"height":756,"caption":"H\u0259kim, Niyazz\/shutterstock"},{"@type":"BreadcrumbList","@id":"https:\/\/www.meydan.tv\/az\/article\/balaken-sakini-xestexanada-mene-deyirler-yer-yoxdur-amma-gorurem-ki-var\/#breadcrumb","itemListElement":[{"@type":"ListItem","position":1,"name":"Ana s\u0259hif\u0259","item":"https:\/\/www.meydan.tv\/az\/"},{"@type":"ListItem","position":2,"name":"X\u0259b\u0259rl\u0259r","item":"https:\/\/www.meydan.tv\/az\/section\/xeberler\/"},{"@type":"ListItem","position":3,"name":"Balak\u0259n sakini: \u201cX\u0259st\u0259xanada m\u0259n\u0259 deyirl\u0259r, \u201cyer yoxdur\u201d, amma g\u00f6r\u00fcr\u0259m ki, var&#8230;\u201d"}]},{"@type":"WebSite","@id":"https:\/\/www.meydan.tv\/az\/#website","url":"https:\/\/www.meydan.tv\/az\/","name":"MEYDAN.TV","description":"Meydan TV Az\u0259rbaycan\u0131n media m\u0259kan\u0131ndak\u0131 alternativ s\u0259sidir","publisher":{"@id":"https:\/\/www.meydan.tv\/az\/#organization"},"potentialAction":[{"@type":"SearchAction","target":{"@type":"EntryPoint","urlTemplate":"https:\/\/www.meydan.tv\/az\/?s={search_term_string}"},"query-input":{"@type":"PropertyValueSpecification","valueRequired":true,"valueName":"search_term_string"}}],"inLanguage":"az"},{"@type":"Organization","@id":"https:\/\/www.meydan.tv\/az\/#organization","name":"Meydan TV","url":"https:\/\/www.meydan.tv\/az\/","logo":{"@type":"ImageObject","inLanguage":"az","@id":"https:\/\/www.meydan.tv\/az\/#\/schema\/logo\/image\/","url":"https:\/\/www.meydan.tv\/wp-content\/uploads\/2021\/07\/meydan-logo.svg","contentUrl":"https:\/\/www.meydan.tv\/wp-content\/uploads\/2021\/07\/meydan-logo.svg","width":195,"height":46,"caption":"Meydan TV"},"image":{"@id":"https:\/\/www.meydan.tv\/az\/#\/schema\/logo\/image\/"}},{"@type":"Person","@id":"https:\/\/www.meydan.tv\/az\/#\/schema\/person\/981b0b284aeaa9ad0cbf814cd4a9d67c","name":"miron"}]}},"_links":{"self":[{"href":"https:\/\/www.meydan.tv\/az\/wp-json\/wp\/v2\/posts\/280888","targetHints":{"allow":["GET"]}}],"collection":[{"href":"https:\/\/www.meydan.tv\/az\/wp-json\/wp\/v2\/posts"}],"about":[{"href":"https:\/\/www.meydan.tv\/az\/wp-json\/wp\/v2\/types\/post"}],"author":[{"embeddable":true,"href":"https:\/\/www.meydan.tv\/az\/wp-json\/wp\/v2\/users\/18"}],"replies":[{"embeddable":true,"href":"https:\/\/www.meydan.tv\/az\/wp-json\/wp\/v2\/comments?post=280888"}],"version-history":[{"count":1,"href":"https:\/\/www.meydan.tv\/az\/wp-json\/wp\/v2\/posts\/280888\/revisions"}],"predecessor-version":[{"id":280892,"href":"https:\/\/www.meydan.tv\/az\/wp-json\/wp\/v2\/posts\/280888\/revisions\/280892"}],"wp:featuredmedia":[{"embeddable":true,"href":"https:\/\/www.meydan.tv\/az\/wp-json\/wp\/v2\/media\/231946"}],"wp:attachment":[{"href":"https:\/\/www.meydan.tv\/az\/wp-json\/wp\/v2\/media?parent=280888"}],"wp:term":[{"taxonomy":"category","embeddable":true,"href":"https:\/\/www.meydan.tv\/az\/wp-json\/wp\/v2\/categories?post=280888"},{"taxonomy":"post_tag","embeddable":true,"href":"https:\/\/www.meydan.tv\/az\/wp-json\/wp\/v2\/tags?post=280888"}],"curies":[{"name":"wp","href":"https:\/\/api.w.org\/{rel}","templated":true}]}}