{"id":280846,"date":"2023-07-27T22:01:52","date_gmt":"2023-07-27T18:01:52","guid":{"rendered":"https:\/\/www.meydan.tv\/?p=280846"},"modified":"2023-07-27T22:01:55","modified_gmt":"2023-07-27T18:01:55","slug":"azerbaycan-ermenistandan-gelen-yukleri-qarabaga-buraxmir","status":"publish","type":"post","link":"https:\/\/www.meydan.tv\/az\/article\/azerbaycan-ermenistandan-gelen-yukleri-qarabaga-buraxmir\/","title":{"rendered":"Az\u0259rbaycan Erm\u0259nistandan g\u0259l\u0259n y\u00fckl\u0259ri Qaraba\u011fa buraxm\u0131r"},"content":{"rendered":"\n<p><\/p>\n\n\n\n<p><strong><em>Erm\u0259ni t\u0259r\u0259f Az\u0259rbaycan\u0131n t\u0259klif etdiyi alternativ yoldan istifad\u0259 etm\u0259k ist\u0259mir<\/em><\/strong><\/p>\n\n\n\n<p>\u0130yulun 26-da Erm\u0259nistan\u0131n Qaraba\u011f\u0131n erm\u0259ni icmas\u0131na g\u00f6nd\u0259rdiyi 400 ton humanitar yard\u0131m olan 19 y\u00fck ma\u015f\u0131n\u0131 La\u00e7\u0131n yolundan burax\u0131lm\u0131r. R\u0259smi Bak\u0131 Yerevana erm\u0259ni sakinl\u0259rin ehtiyaclar\u0131n\u0131n qar\u015f\u0131lanmas\u0131 \u00fc\u00e7\u00fcn A\u011fdam-Xank\u0259ndi yolundan v\u0259 dig\u0259r alternativ yollardan istifad\u0259 daxil olmaqla, bir s\u0131ra t\u0259klifl\u0259r ir\u0259li s\u00fcrs\u0259 d\u0259, erm\u0259ni t\u0259r\u0259f q\u0259bul etmir.<\/p>\n\n\n\n<p>\u0130yulun 27-d\u0259 Az\u0259rbaycan xarici i\u015fl\u0259r nazirinin m\u00fcavini Araz \u018fzimov akkredit\u0259 olunmu\u015f diplomatik korpus \u00fc\u00e7\u00fcn ke\u00e7irdiyi <a href=\"https:\/\/www.mfa.gov.az\/az\/news\/no40823\" target=\"_blank\" rel=\"noreferrer noopener\">brifinq<\/a>d\u0259 La\u00e7\u0131n yolunun Az\u0259rbaycan\u0131n suveren \u0259razisinin t\u0259rkib hiss\u0259si oldu\u011funu vur\u011fulay\u0131b. Araz \u018fzimov Az\u0259rbaycan\u0131n \u00f6z \u0259razisind\u0259, \u00f6z v\u0259t\u0259nda\u015flar\u0131n\u0131n istifad\u0259si \u00fc\u00e7\u00fcn s\u0259rh\u0259d-ke\u00e7id m\u0259nt\u0259q\u0259si t\u0259sis etdiyini bildirib:<\/p>\n\n\n\n<p><em>\u201cBunu h\u0259zm ed\u0259 bilm\u0259y\u0259n Erm\u0259nistan t\u0259r\u0259find\u0259n is\u0259 Az\u0259rbaycan s\u0259rh\u0259d\u00e7isin\u0259 at\u0259\u015f a\u00e7\u0131l\u0131b, d\u00f6vl\u0259t bayra\u011f\u0131na qar\u015f\u0131 t\u0259xribat t\u00f6r\u0259dilib\u201d.<\/em><\/p>\n\n\n\n<p>O, La\u00e7\u0131n yolundan sui-istifad\u0259 hallar\u0131n\u0131n davam etdirildiyini vur\u011fulayaraq, \u0259razid\u0259n istifad\u0259y\u0259 m\u0259hdudiyy\u0259t t\u00f6r\u0259d\u0259n t\u0259r\u0259fin Erm\u0259nistan oldu\u011fu qeyd edib:<\/p>\n\n\n\n<p>\u201c<em>Az\u0259rbaycan tibbi m\u0259qs\u0259dl\u0259r il\u0259 \u0259laq\u0259dar yoldan erm\u0259ni sakinl\u0259rin istifad\u0259si \u00fc\u00e7\u00fcn \u015f\u0259rait yarad\u0131b, daha \u00e7ox m\u0259hsullar\u0131n t\u0259dar\u00fck\u00fc \u00fc\u00e7\u00fcn is\u0259 onlar\u0131n Az\u0259rbaycan c\u0259miyy\u0259tin\u0259 reinteqrasiyas\u0131na t\u00f6hf\u0259 ver\u0259 bil\u0259c\u0259k A\u011fdam-Xank\u0259ndi yolu t\u0259klif olunub. Erm\u0259nistan is\u0259 bir t\u0259r\u0259fd\u0259n yerli erm\u0259ni \u0259halinin bu imkanlardan istifad\u0259sinin qar\u015f\u0131s\u0131n\u0131 al\u0131r, dig\u0259r t\u0259r\u0259fd\u0259n is\u0259 &#8220;humanitar yard\u0131m&#8221; ad\u0131 il\u0259 n\u00fcmayi\u015fkaran\u0259 \u015f\u0259kild\u0259 Az\u0259rbaycan\u0131n daxili i\u015fl\u0259rin\u0259 m\u00fcdaxil\u0259 \u015foular il\u0259 beyn\u0259xalq ictimaiyy\u0259ti yanl\u0131\u015f y\u00f6nl\u0259ndirir\u201d.<\/em><\/p>\n\n\n<div class=\"wp-block-image\">\n<figure class=\"aligncenter size-full\"><img decoding=\"async\" width=\"1200\" height=\"800\" data-src=\"https:\/\/www.meydan.tv\/wp-content\/uploads\/tag_4141.jpg\" alt=\"\" class=\"wp-image-280847 lazyload\" src=\"data:image\/svg+xml;base64,PHN2ZyB3aWR0aD0iMSIgaGVpZ2h0PSIxIiB4bWxucz0iaHR0cDovL3d3dy53My5vcmcvMjAwMC9zdmciPjwvc3ZnPg==\" style=\"--smush-placeholder-width: 1200px; --smush-placeholder-aspect-ratio: 1200\/800;\" \/><figcaption class=\"wp-element-caption\">Araz \u018fzimov. Foto: X\u0130N<\/figcaption><\/figure>\n<\/div>\n\n\n<p>\u201c<em>\u018fg\u0259r Erm\u0259nistan h\u0259qiq\u0259t\u0259n Az\u0259rbaycan\u0131n \u0259razi b\u00fct\u00f6vl\u00fcy\u00fcn\u00fc d\u0259st\u0259kl\u0259yirs\u0259, A\u011fdam-Xank\u0259ndi yolundan y\u00fckl\u0259rin da\u015f\u0131nmas\u0131na etiraz etm\u0259m\u0259li v\u0259 reinteqrasiya prosesin\u0259 mane\u00e7ilik t\u00f6r\u0259tm\u0259m\u0259lidir\u201d,-<\/em>dey\u0259 \u018fzimov \u0259lav\u0259 edib.<\/p>\n\n\n\n<p>Beyn\u0259lxalq ictimaiyy\u0259tin m\u0259suliyy\u0259tinin vacibliyini qeyd ed\u0259n nazir m\u00fcavini deyib ki, onlar Erm\u0259nistan\u0131n manipulyasiyalar\u0131na aldan\u0131b b\u0259yanatlar verm\u0259zd\u0259n \u00f6nc\u0259 s\u00f6z\u00fcged\u0259n b\u0259yanatlar\u0131n n\u0259y\u0259 xidm\u0259t ed\u0259c\u0259yinin d\u00fc\u015f\u00fcn\u00fclm\u0259lidir:<\/p>\n\n\n\n<p><em>\u201cHabel\u0259, Az\u0259rbaycan\u0131n suverenliyin\u0259 v\u0259 \u0259razi b\u00fct\u00f6vl\u00fcy\u00fcn\u0259 zidd add\u0131mlardan, o c\u00fcml\u0259d\u0259n yanl\u0131\u015f terminologiyadan \u00e7\u0259kinilm\u0259lidirl\u0259r\u201d.<\/em><\/p>\n\n\n\n<p>Bu g\u00fcn \u201c<a href=\"https:\/\/armenpress.am\/rus\/news\/1116305.html\" target=\"_blank\" rel=\"noreferrer noopener\">Armenpress<\/a>\u201d\u0259 a\u00e7\u0131qlama ver\u0259n Erm\u0259nistan\u0131n xarici i\u015fl\u0259r naziri Ararat Mirzoyan Br\u00fcssel g\u00f6r\u00fc\u015f\u00fcnd\u0259 \u201cDa\u011fl\u0131q Qaraba\u011f\u201da y\u00fckl\u0259rin da\u015f\u0131nmas\u0131n\u0131n t\u0259min edilm\u0259sin\u0259 dair raz\u0131l\u0131q \u0259ld\u0259 olundu\u011funu vur\u011fulay\u0131b. O, h\u0259m\u00e7inin 9 noyabr 2020-ci il tarixli \u00fc\u00e7t\u0259r\u0259fli b\u0259yanatla Erm\u0259nistan, Rusiya v\u0259 Az\u0259rbaycan\u0131n La\u00e7\u0131n d\u0259hlizi il\u0259 ba\u011fl\u0131 raz\u0131l\u0131\u011fa g\u0259ldikl\u0259rini qeyd edib.<\/p>\n\n\n\n<p>\u201c<em>Biz prinsipial m\u00f6vqeyimizi bir daha t\u0259sdiql\u0259yirik ki, La\u00e7\u0131n d\u0259hlizinin qanunsuz ba\u011flanmas\u0131 aradan qald\u0131r\u0131lmal\u0131, 9 noyabr tarixli \u00dc\u00e7t\u0259r\u0259fli B\u0259yanatla yarad\u0131lm\u0131\u015f rejim b\u0259rpa edilm\u0259lidir. Y\u00fckl\u0259rin Da\u011fl\u0131q Qaraba\u011fa \u00e7atd\u0131r\u0131lmas\u0131n\u0131n ba\u015fqa yollar\u0131 il\u0259 ba\u011fl\u0131 m\u0259s\u0259l\u0259l\u0259r m\u00fczakir\u0259 edil\u0259 bilm\u0259z\u201d,-<\/em>dey\u0259 Mirzoyan bildirib.<\/p>\n\n\n<div class=\"wp-block-image\">\n<figure class=\"aligncenter size-large\"><img decoding=\"async\" width=\"1200\" height=\"615\" data-src=\"https:\/\/www.meydan.tv\/wp-content\/uploads\/ararat-mirzoyan-e1647340229538-1200x615.png\" alt=\"a\" class=\"wp-image-209378 lazyload\" src=\"data:image\/svg+xml;base64,PHN2ZyB3aWR0aD0iMSIgaGVpZ2h0PSIxIiB4bWxucz0iaHR0cDovL3d3dy53My5vcmcvMjAwMC9zdmciPjwvc3ZnPg==\" style=\"--smush-placeholder-width: 1200px; --smush-placeholder-aspect-ratio: 1200\/615;\" \/><figcaption class=\"wp-element-caption\">M\u0259nb\u0259: Reuters<\/figcaption><\/figure>\n<\/div>\n\n\n<p>Onun s\u00f6zl\u0259rin\u0259 g\u00f6r\u0259, beyn\u0259lxalq t\u0259r\u0259fda\u015flar \u00f6z ictimai b\u0259yanatlar\u0131nda La\u00e7\u0131n d\u0259hlizinin blokadas\u0131n\u0131n g\u00f6t\u00fcr\u00fclm\u0259sinin alternativinin olmad\u0131\u011f\u0131n\u0131 v\u0259 ba\u015fqa yollara m\u00fcxt\u0259lif istinadlar\u0131n blokadan\u0131n g\u00f6t\u00fcr\u00fclm\u0259sin\u0259 alternativ say\u0131la bilm\u0259y\u0259c\u0259yini vur\u011fulay\u0131rlar:<\/p>\n\n\n\n<p>\u201c<em>Bu bax\u0131mdan, Beyn\u0259lxalq \u018fdal\u0259t M\u0259hk\u0259m\u0259sinin 2023-c\u00fc il 22 fevral v\u0259 6 iyul tarixli h\u00fcquqi q\u00fcvv\u0259y\u0259 malikdir\u201d.<\/em><\/p>\n\n\n\n<p>\u0130yulun 15-d\u0259 Br\u00fcsseld\u0259 Avropa \u0130ttifaq\u0131 \u015euras\u0131n\u0131n Prezidenti \u015earl Mi\u015fel (Charles Michel), Az\u0259rbaycan\u0131n Prezidenti \u0130lham \u018fliyev v\u0259 Erm\u0259nistan\u0131n Ba\u015f naziri Nikol Pa\u015finyanla g\u00f6r\u00fc\u015fd\u0259 Qaraba\u011f\u0131n erm\u0259ni \u0259halisinin, el\u0259c\u0259 d\u0259 La\u00e7\u0131n d\u0259hlizi \u0259traf\u0131ndak\u0131 v\u0259ziyy\u0259ti m\u00fczakir\u0259 etdikl\u0259rini demi\u015fdi:<\/p>\n\n\n\n<p>&#8220;<em>V\u0259ziyy\u0259tin normalla\u015fmas\u0131na k\u00f6m\u0259k etm\u0259k \u00fc\u00e7\u00fcn m\u00fcmk\u00fcn konkret add\u0131mlar da m\u00fczakir\u0259 olunub. M\u0259n La\u00e7\u0131n yolunun a\u00e7\u0131lmas\u0131n\u0131n vacibliyini vur\u011fulad\u0131m. Az\u0259rbaycan\u0131n A\u011fdam \u00fcz\u0259rind\u0259n humanitar yard\u0131m g\u00f6nd\u0259rm\u0259y\u0259 haz\u0131r oldu\u011funu da qeyd etdim. M\u0259n h\u0259r iki variant\u0131 vacib hesab edir\u0259m v\u0259 \u0259halinin ehtiyaclar\u0131n\u0131n \u00f6d\u0259nilm\u0259sini t\u0259min etm\u0259k \u00fc\u00e7\u00fcn h\u0259r iki t\u0259r\u0259fd\u0259n humanitar yard\u0131mlar\u0131 t\u0259\u015fviq edir\u0259m. BQXK t\u0259r\u0259find\u0259n tibbi t\u0259xliy\u0259nin b\u0259rpas\u0131n\u0131 da <a href=\"https:\/\/storage.googleapis.com\/qurium\/www.meydan.tv\/az-article-azerbaycan-ve-ermenistan-rehberleri-7-mesele-ile-bagli-muzakire-aparib.html\" target=\"_blank\" rel=\"noreferrer noopener\">alq\u0131\u015flad\u0131m\u201d<\/a>.<\/em><\/p>\n\n\n<div class=\"wp-block-image\">\n<figure class=\"aligncenter size-full\"><img decoding=\"async\" width=\"1200\" height=\"608\" data-src=\"https:\/\/www.meydan.tv\/wp-content\/uploads\/dcb8ac0a9d2048097a8c4a3a3d3bfe3f_5186260.jpg\" alt=\"\" class=\"wp-image-245986 lazyload\" src=\"data:image\/svg+xml;base64,PHN2ZyB3aWR0aD0iMSIgaGVpZ2h0PSIxIiB4bWxucz0iaHR0cDovL3d3dy53My5vcmcvMjAwMC9zdmciPjwvc3ZnPg==\" style=\"--smush-placeholder-width: 1200px; --smush-placeholder-aspect-ratio: 1200\/608;\" \/><figcaption class=\"wp-element-caption\">\u0130.\u018fliyev. \u015e.Mi\u015fel v\u0259 N.Pa\u015finyan. M\u0259nb\u0259: president.az<\/figcaption><\/figure>\n<\/div>\n\n\n<p>Aprelin 23-d\u0259 Az\u0259rbaycan D\u00f6vl\u0259t S\u0259rh\u0259d Xidm\u0259ti Erm\u0259nistan il\u0259 s\u0259rh\u0259dd\u0259, La\u00e7\u0131n-Xank\u0259ndi yolunun ba\u015flan\u011f\u0131c\u0131nda s\u0259rh\u0259d-burax\u0131l\u0131\u015f m\u0259nt\u0259q\u0259si qurdu\u011funu b\u0259yan edib.<\/p>\n\n\n\n<p>May\u0131n 4-d\u0259 \u201cAz\u0259rbaycan Respublikas\u0131n\u0131n d\u00f6vl\u0259t s\u0259rh\u0259dind\u0259n burax\u0131l\u0131\u015f m\u0259nt\u0259q\u0259l\u0259rinin say\u0131 v\u0259 yerl\u0259\u015fdiyi \u0259razil\u0259rin siyah\u0131s\u0131\u201dna d\u0259yi\u015fiklik edilib.<\/p>\n\n\n\n<p>Bu bar\u0259d\u0259 q\u0259rar\u0131 is\u0259 Ba\u015f nazir \u018fli \u018fs\u0259dov imzalay\u0131b.<\/p>\n\n\n\n<p><strong>M\u00fcnaqi\u015f\u0259nin q\u0131sa xronikas\u0131<\/strong><\/p>\n\n\n\n<p>Az\u0259rbaycan v\u0259 Erm\u0259nistan aras\u0131nda olan Qaraba\u011f m\u00fcnaqi\u015f\u0259sinin ilkin m\u0259rh\u0259l\u0259si 1988-ci ild\u0259 ba\u015flay\u0131b.<\/p>\n\n\n\n<p>Erm\u0259nistan\u0131n Az\u0259rbaycana \u0259razi iddialar\u0131 il\u0259 ba\u015flayan v\u0259 1994-c\u00fc ild\u0259 imzalanan at\u0259\u015fk\u0259s raz\u0131la\u015fmas\u0131 il\u0259 bit\u0259n Birinci Qaraba\u011f m\u00fcharib\u0259si zaman\u0131 Az\u0259rbaycan\u0131n Da\u011fl\u0131q Qaraba\u011f b\u00f6lg\u0259si v\u0259 ona biti\u015fik 7 rayonu i\u015f\u011fal edilib.<\/p>\n\n\n\n<p>2020-ci ilin sentyabr\u0131nda Az\u0259rbaycan v\u0259 Erm\u0259nistan silahl\u0131 q\u00fcvv\u0259l\u0259ri aras\u0131nda ba\u015f vermi\u015f 44 g\u00fcnl\u00fck \u0130kinci Qaraba\u011f m\u00fcharib\u0259si n\u0259tic\u0259sind\u0259 is\u0259 Az\u0259rbaycan Qaraba\u011f\u0131n bir hiss\u0259sin\u0259 v\u0259 \u0259traf 7 rayona n\u0259zar\u0259ti b\u0259rpa edib.<\/p>\n\n\n\n<p>Az\u0259rbaycan, Erm\u0259nistan v\u0259 Rusiya r\u0259hb\u0259rliyinin imzalad\u0131\u011f\u0131 \u00fc\u00e7t\u0259r\u0259fli birg\u0259 b\u0259yanatla d\u00f6y\u00fc\u015fl\u0259r dayand\u0131r\u0131landan sonra La\u00e7\u0131n d\u0259hlizind\u0259 v\u0259 Qaraba\u011fdak\u0131 t\u0259mas x\u0259ttind\u0259 Rusiya s\u00fclhm\u0259raml\u0131lar\u0131 yerl\u0259\u015fdirilib.<\/p>\n\n\n\n<p>Haz\u0131rk\u0131 m\u0259rh\u0259l\u0259d\u0259 \u0259razid\u0259 tez-tez at\u0259\u015fk\u0259s pozulur, h\u0259tta g\u00fcnl\u0259rl\u0259 s\u00fcr\u0259n d\u00f6y\u00fc\u015fl\u0259r ba\u015f verir.<\/p>\n\n\n\n<p>N\u0259tic\u0259d\u0259 h\u0259r iki t\u0259r\u0259f itki verir v\u0259 buna g\u00f6r\u0259 bir-birl\u0259rini g\u00fcnahland\u0131r\u0131rlar.<\/p>\n","protected":false},"excerpt":{"rendered":"<p>Erm\u0259ni t\u0259r\u0259f Az\u0259rbaycan\u0131n t\u0259klif etdiyi alternativ yoldan istifad\u0259 etm\u0259k ist\u0259mir &#8230; <\/p>\n<p class=\"read-more-container\"><a title=\"Az\u0259rbaycan Erm\u0259nistandan g\u0259l\u0259n y\u00fckl\u0259ri Qaraba\u011fa buraxm\u0131r\" class=\"read-more button\" href=\"https:\/\/www.meydan.tv\/az\/article\/azerbaycan-ermenistandan-gelen-yukleri-qarabaga-buraxmir\/#more-280846\" aria-label=\"Read more about Az\u0259rbaycan Erm\u0259nistandan g\u0259l\u0259n y\u00fckl\u0259ri Qaraba\u011fa buraxm\u0131r\">Davam\u0131<\/a><\/p>\n","protected":false},"author":8,"featured_media":280850,"comment_status":"closed","ping_status":"closed","sticky":false,"template":"","format":"standard","meta":{"_acf_changed":false,"_sitemap_exclude":false,"_sitemap_priority":"","_sitemap_frequency":"","footnotes":""},"categories":[59,79,56],"tags":[],"class_list":["post-280846","post","type-post","status-publish","format-standard","has-post-thumbnail","hentry","category-siyaset","category-featured","category-xeberler","infinite-scroll-item","generate-columns","tablet-grid-50","mobile-grid-100","grid-parent","grid-33","no-featured-image-padding"],"acf":[],"yoast_head":"<!-- This site is optimized with the Yoast SEO plugin v27.4 - https:\/\/yoast.com\/product\/yoast-seo-wordpress\/ -->\n<title>Az\u0259rbaycan Erm\u0259nistandan g\u0259l\u0259n y\u00fckl\u0259ri Qaraba\u011fa buraxm\u0131r - MEYDAN.TV<\/title>\n<meta name=\"robots\" content=\"index, follow, max-snippet:-1, max-image-preview:large, max-video-preview:-1\" \/>\n<link rel=\"canonical\" href=\"https:\/\/www.meydan.tv\/az\/article\/azerbaycan-ermenistandan-gelen-yukleri-qarabaga-buraxmir\/\" \/>\n<meta property=\"og:locale\" content=\"az_AZ\" \/>\n<meta property=\"og:type\" content=\"article\" \/>\n<meta property=\"og:title\" content=\"Az\u0259rbaycan Erm\u0259nistandan g\u0259l\u0259n y\u00fckl\u0259ri Qaraba\u011fa buraxm\u0131r - MEYDAN.TV\" \/>\n<meta property=\"og:description\" content=\"Erm\u0259ni t\u0259r\u0259f Az\u0259rbaycan\u0131n t\u0259klif etdiyi alternativ yoldan istifad\u0259 etm\u0259k ist\u0259mir ... Davam\u0131\" \/>\n<meta property=\"og:url\" content=\"https:\/\/www.meydan.tv\/az\/article\/azerbaycan-ermenistandan-gelen-yukleri-qarabaga-buraxmir\/\" \/>\n<meta property=\"og:site_name\" content=\"MEYDAN.TV\" \/>\n<meta property=\"article:published_time\" content=\"2023-07-27T18:01:52+00:00\" \/>\n<meta property=\"article:modified_time\" content=\"2023-07-27T18:01:55+00:00\" \/>\n<meta property=\"og:image\" content=\"https:\/\/www.meydan.tv\/wp-content\/uploads\/363765205_798566868406380_2594686740996766167_n.jpg\" \/>\n\t<meta property=\"og:image:width\" content=\"1200\" \/>\n\t<meta property=\"og:image:height\" content=\"800\" \/>\n\t<meta property=\"og:image:type\" content=\"image\/jpeg\" \/>\n<meta name=\"author\" content=\"elli\" \/>\n<meta name=\"twitter:card\" content=\"summary_large_image\" \/>\n<meta name=\"twitter:creator\" content=\"@elli\" \/>\n<script type=\"application\/ld+json\" class=\"yoast-schema-graph\">{\"@context\":\"https:\\\/\\\/schema.org\",\"@graph\":[{\"@type\":\"Article\",\"@id\":\"https:\\\/\\\/www.meydan.tv\\\/az\\\/article\\\/azerbaycan-ermenistandan-gelen-yukleri-qarabaga-buraxmir\\\/#article\",\"isPartOf\":{\"@id\":\"https:\\\/\\\/www.meydan.tv\\\/az\\\/article\\\/azerbaycan-ermenistandan-gelen-yukleri-qarabaga-buraxmir\\\/\"},\"author\":{\"name\":\"elli\",\"@id\":\"https:\\\/\\\/www.meydan.tv\\\/az\\\/#\\\/schema\\\/person\\\/9cdbecf90d17180ce1dfbd95b08dcf47\"},\"headline\":\"Az\u0259rbaycan Erm\u0259nistandan g\u0259l\u0259n y\u00fckl\u0259ri Qaraba\u011fa buraxm\u0131r\",\"datePublished\":\"2023-07-27T18:01:52+00:00\",\"dateModified\":\"2023-07-27T18:01:55+00:00\",\"mainEntityOfPage\":{\"@id\":\"https:\\\/\\\/www.meydan.tv\\\/az\\\/article\\\/azerbaycan-ermenistandan-gelen-yukleri-qarabaga-buraxmir\\\/\"},\"wordCount\":1185,\"publisher\":{\"@id\":\"https:\\\/\\\/www.meydan.tv\\\/az\\\/#organization\"},\"image\":{\"@id\":\"https:\\\/\\\/www.meydan.tv\\\/az\\\/article\\\/azerbaycan-ermenistandan-gelen-yukleri-qarabaga-buraxmir\\\/#primaryimage\"},\"thumbnailUrl\":\"https:\\\/\\\/www.meydan.tv\\\/wp-content\\\/uploads\\\/363765205_798566868406380_2594686740996766167_n.jpg\",\"articleSection\":[\"Siyas\u0259t\",\"T\u00f6vsiy\u0259\",\"X\u0259b\u0259rl\u0259r\"],\"inLanguage\":\"az\"},{\"@type\":\"WebPage\",\"@id\":\"https:\\\/\\\/www.meydan.tv\\\/az\\\/article\\\/azerbaycan-ermenistandan-gelen-yukleri-qarabaga-buraxmir\\\/\",\"url\":\"https:\\\/\\\/www.meydan.tv\\\/az\\\/article\\\/azerbaycan-ermenistandan-gelen-yukleri-qarabaga-buraxmir\\\/\",\"name\":\"Az\u0259rbaycan Erm\u0259nistandan g\u0259l\u0259n y\u00fckl\u0259ri Qaraba\u011fa buraxm\u0131r - MEYDAN.TV\",\"isPartOf\":{\"@id\":\"https:\\\/\\\/www.meydan.tv\\\/az\\\/#website\"},\"primaryImageOfPage\":{\"@id\":\"https:\\\/\\\/www.meydan.tv\\\/az\\\/article\\\/azerbaycan-ermenistandan-gelen-yukleri-qarabaga-buraxmir\\\/#primaryimage\"},\"image\":{\"@id\":\"https:\\\/\\\/www.meydan.tv\\\/az\\\/article\\\/azerbaycan-ermenistandan-gelen-yukleri-qarabaga-buraxmir\\\/#primaryimage\"},\"thumbnailUrl\":\"https:\\\/\\\/www.meydan.tv\\\/wp-content\\\/uploads\\\/363765205_798566868406380_2594686740996766167_n.jpg\",\"datePublished\":\"2023-07-27T18:01:52+00:00\",\"dateModified\":\"2023-07-27T18:01:55+00:00\",\"breadcrumb\":{\"@id\":\"https:\\\/\\\/www.meydan.tv\\\/az\\\/article\\\/azerbaycan-ermenistandan-gelen-yukleri-qarabaga-buraxmir\\\/#breadcrumb\"},\"inLanguage\":\"az\",\"potentialAction\":[{\"@type\":\"ReadAction\",\"target\":[\"https:\\\/\\\/www.meydan.tv\\\/az\\\/article\\\/azerbaycan-ermenistandan-gelen-yukleri-qarabaga-buraxmir\\\/\"]}]},{\"@type\":\"ImageObject\",\"inLanguage\":\"az\",\"@id\":\"https:\\\/\\\/www.meydan.tv\\\/az\\\/article\\\/azerbaycan-ermenistandan-gelen-yukleri-qarabaga-buraxmir\\\/#primaryimage\",\"url\":\"https:\\\/\\\/www.meydan.tv\\\/wp-content\\\/uploads\\\/363765205_798566868406380_2594686740996766167_n.jpg\",\"contentUrl\":\"https:\\\/\\\/www.meydan.tv\\\/wp-content\\\/uploads\\\/363765205_798566868406380_2594686740996766167_n.jpg\",\"width\":1200,\"height\":800,\"caption\":\"M\u0259nb\u0259: sosial \u015f\u0259b\u0259k\u0259\"},{\"@type\":\"BreadcrumbList\",\"@id\":\"https:\\\/\\\/www.meydan.tv\\\/az\\\/article\\\/azerbaycan-ermenistandan-gelen-yukleri-qarabaga-buraxmir\\\/#breadcrumb\",\"itemListElement\":[{\"@type\":\"ListItem\",\"position\":1,\"name\":\"Ana s\u0259hif\u0259\",\"item\":\"https:\\\/\\\/www.meydan.tv\\\/az\\\/\"},{\"@type\":\"ListItem\",\"position\":2,\"name\":\"Siyas\u0259t\",\"item\":\"https:\\\/\\\/www.meydan.tv\\\/az\\\/section\\\/siyaset\\\/\"},{\"@type\":\"ListItem\",\"position\":3,\"name\":\"Az\u0259rbaycan Erm\u0259nistandan g\u0259l\u0259n y\u00fckl\u0259ri Qaraba\u011fa buraxm\u0131r\"}]},{\"@type\":\"WebSite\",\"@id\":\"https:\\\/\\\/www.meydan.tv\\\/az\\\/#website\",\"url\":\"https:\\\/\\\/www.meydan.tv\\\/az\\\/\",\"name\":\"MEYDAN.TV\",\"description\":\"Meydan TV Az\u0259rbaycan\u0131n media m\u0259kan\u0131ndak\u0131 alternativ s\u0259sidir\",\"publisher\":{\"@id\":\"https:\\\/\\\/www.meydan.tv\\\/az\\\/#organization\"},\"potentialAction\":[{\"@type\":\"SearchAction\",\"target\":{\"@type\":\"EntryPoint\",\"urlTemplate\":\"https:\\\/\\\/www.meydan.tv\\\/az\\\/?s={search_term_string}\"},\"query-input\":{\"@type\":\"PropertyValueSpecification\",\"valueRequired\":true,\"valueName\":\"search_term_string\"}}],\"inLanguage\":\"az\"},{\"@type\":\"Organization\",\"@id\":\"https:\\\/\\\/www.meydan.tv\\\/az\\\/#organization\",\"name\":\"Meydan TV\",\"url\":\"https:\\\/\\\/www.meydan.tv\\\/az\\\/\",\"logo\":{\"@type\":\"ImageObject\",\"inLanguage\":\"az\",\"@id\":\"https:\\\/\\\/www.meydan.tv\\\/az\\\/#\\\/schema\\\/logo\\\/image\\\/\",\"url\":\"https:\\\/\\\/www.meydan.tv\\\/wp-content\\\/uploads\\\/2021\\\/07\\\/meydan-logo.svg\",\"contentUrl\":\"https:\\\/\\\/www.meydan.tv\\\/wp-content\\\/uploads\\\/2021\\\/07\\\/meydan-logo.svg\",\"width\":195,\"height\":46,\"caption\":\"Meydan TV\"},\"image\":{\"@id\":\"https:\\\/\\\/www.meydan.tv\\\/az\\\/#\\\/schema\\\/logo\\\/image\\\/\"}},{\"@type\":\"Person\",\"@id\":\"https:\\\/\\\/www.meydan.tv\\\/az\\\/#\\\/schema\\\/person\\\/9cdbecf90d17180ce1dfbd95b08dcf47\",\"name\":\"elli\",\"sameAs\":[\"https:\\\/\\\/x.com\\\/elli\"]}]}<\/script>\n<!-- \/ Yoast SEO plugin. -->","yoast_head_json":{"title":"Az\u0259rbaycan Erm\u0259nistandan g\u0259l\u0259n y\u00fckl\u0259ri Qaraba\u011fa buraxm\u0131r - MEYDAN.TV","robots":{"index":"index","follow":"follow","max-snippet":"max-snippet:-1","max-image-preview":"max-image-preview:large","max-video-preview":"max-video-preview:-1"},"canonical":"https:\/\/www.meydan.tv\/az\/article\/azerbaycan-ermenistandan-gelen-yukleri-qarabaga-buraxmir\/","og_locale":"az_AZ","og_type":"article","og_title":"Az\u0259rbaycan Erm\u0259nistandan g\u0259l\u0259n y\u00fckl\u0259ri Qaraba\u011fa buraxm\u0131r - MEYDAN.TV","og_description":"Erm\u0259ni t\u0259r\u0259f Az\u0259rbaycan\u0131n t\u0259klif etdiyi alternativ yoldan istifad\u0259 etm\u0259k ist\u0259mir ... Davam\u0131","og_url":"https:\/\/www.meydan.tv\/az\/article\/azerbaycan-ermenistandan-gelen-yukleri-qarabaga-buraxmir\/","og_site_name":"MEYDAN.TV","article_published_time":"2023-07-27T18:01:52+00:00","article_modified_time":"2023-07-27T18:01:55+00:00","og_image":[{"width":1200,"height":800,"url":"https:\/\/www.meydan.tv\/wp-content\/uploads\/363765205_798566868406380_2594686740996766167_n.jpg","type":"image\/jpeg"}],"author":"elli","twitter_card":"summary_large_image","twitter_creator":"@elli","schema":{"@context":"https:\/\/schema.org","@graph":[{"@type":"Article","@id":"https:\/\/www.meydan.tv\/az\/article\/azerbaycan-ermenistandan-gelen-yukleri-qarabaga-buraxmir\/#article","isPartOf":{"@id":"https:\/\/www.meydan.tv\/az\/article\/azerbaycan-ermenistandan-gelen-yukleri-qarabaga-buraxmir\/"},"author":{"name":"elli","@id":"https:\/\/www.meydan.tv\/az\/#\/schema\/person\/9cdbecf90d17180ce1dfbd95b08dcf47"},"headline":"Az\u0259rbaycan Erm\u0259nistandan g\u0259l\u0259n y\u00fckl\u0259ri Qaraba\u011fa buraxm\u0131r","datePublished":"2023-07-27T18:01:52+00:00","dateModified":"2023-07-27T18:01:55+00:00","mainEntityOfPage":{"@id":"https:\/\/www.meydan.tv\/az\/article\/azerbaycan-ermenistandan-gelen-yukleri-qarabaga-buraxmir\/"},"wordCount":1185,"publisher":{"@id":"https:\/\/www.meydan.tv\/az\/#organization"},"image":{"@id":"https:\/\/www.meydan.tv\/az\/article\/azerbaycan-ermenistandan-gelen-yukleri-qarabaga-buraxmir\/#primaryimage"},"thumbnailUrl":"https:\/\/www.meydan.tv\/wp-content\/uploads\/363765205_798566868406380_2594686740996766167_n.jpg","articleSection":["Siyas\u0259t","T\u00f6vsiy\u0259","X\u0259b\u0259rl\u0259r"],"inLanguage":"az"},{"@type":"WebPage","@id":"https:\/\/www.meydan.tv\/az\/article\/azerbaycan-ermenistandan-gelen-yukleri-qarabaga-buraxmir\/","url":"https:\/\/www.meydan.tv\/az\/article\/azerbaycan-ermenistandan-gelen-yukleri-qarabaga-buraxmir\/","name":"Az\u0259rbaycan Erm\u0259nistandan g\u0259l\u0259n y\u00fckl\u0259ri Qaraba\u011fa buraxm\u0131r - MEYDAN.TV","isPartOf":{"@id":"https:\/\/www.meydan.tv\/az\/#website"},"primaryImageOfPage":{"@id":"https:\/\/www.meydan.tv\/az\/article\/azerbaycan-ermenistandan-gelen-yukleri-qarabaga-buraxmir\/#primaryimage"},"image":{"@id":"https:\/\/www.meydan.tv\/az\/article\/azerbaycan-ermenistandan-gelen-yukleri-qarabaga-buraxmir\/#primaryimage"},"thumbnailUrl":"https:\/\/www.meydan.tv\/wp-content\/uploads\/363765205_798566868406380_2594686740996766167_n.jpg","datePublished":"2023-07-27T18:01:52+00:00","dateModified":"2023-07-27T18:01:55+00:00","breadcrumb":{"@id":"https:\/\/www.meydan.tv\/az\/article\/azerbaycan-ermenistandan-gelen-yukleri-qarabaga-buraxmir\/#breadcrumb"},"inLanguage":"az","potentialAction":[{"@type":"ReadAction","target":["https:\/\/www.meydan.tv\/az\/article\/azerbaycan-ermenistandan-gelen-yukleri-qarabaga-buraxmir\/"]}]},{"@type":"ImageObject","inLanguage":"az","@id":"https:\/\/www.meydan.tv\/az\/article\/azerbaycan-ermenistandan-gelen-yukleri-qarabaga-buraxmir\/#primaryimage","url":"https:\/\/www.meydan.tv\/wp-content\/uploads\/363765205_798566868406380_2594686740996766167_n.jpg","contentUrl":"https:\/\/www.meydan.tv\/wp-content\/uploads\/363765205_798566868406380_2594686740996766167_n.jpg","width":1200,"height":800,"caption":"M\u0259nb\u0259: sosial \u015f\u0259b\u0259k\u0259"},{"@type":"BreadcrumbList","@id":"https:\/\/www.meydan.tv\/az\/article\/azerbaycan-ermenistandan-gelen-yukleri-qarabaga-buraxmir\/#breadcrumb","itemListElement":[{"@type":"ListItem","position":1,"name":"Ana s\u0259hif\u0259","item":"https:\/\/www.meydan.tv\/az\/"},{"@type":"ListItem","position":2,"name":"Siyas\u0259t","item":"https:\/\/www.meydan.tv\/az\/section\/siyaset\/"},{"@type":"ListItem","position":3,"name":"Az\u0259rbaycan Erm\u0259nistandan g\u0259l\u0259n y\u00fckl\u0259ri Qaraba\u011fa buraxm\u0131r"}]},{"@type":"WebSite","@id":"https:\/\/www.meydan.tv\/az\/#website","url":"https:\/\/www.meydan.tv\/az\/","name":"MEYDAN.TV","description":"Meydan TV Az\u0259rbaycan\u0131n media m\u0259kan\u0131ndak\u0131 alternativ s\u0259sidir","publisher":{"@id":"https:\/\/www.meydan.tv\/az\/#organization"},"potentialAction":[{"@type":"SearchAction","target":{"@type":"EntryPoint","urlTemplate":"https:\/\/www.meydan.tv\/az\/?s={search_term_string}"},"query-input":{"@type":"PropertyValueSpecification","valueRequired":true,"valueName":"search_term_string"}}],"inLanguage":"az"},{"@type":"Organization","@id":"https:\/\/www.meydan.tv\/az\/#organization","name":"Meydan TV","url":"https:\/\/www.meydan.tv\/az\/","logo":{"@type":"ImageObject","inLanguage":"az","@id":"https:\/\/www.meydan.tv\/az\/#\/schema\/logo\/image\/","url":"https:\/\/www.meydan.tv\/wp-content\/uploads\/2021\/07\/meydan-logo.svg","contentUrl":"https:\/\/www.meydan.tv\/wp-content\/uploads\/2021\/07\/meydan-logo.svg","width":195,"height":46,"caption":"Meydan TV"},"image":{"@id":"https:\/\/www.meydan.tv\/az\/#\/schema\/logo\/image\/"}},{"@type":"Person","@id":"https:\/\/www.meydan.tv\/az\/#\/schema\/person\/9cdbecf90d17180ce1dfbd95b08dcf47","name":"elli","sameAs":["https:\/\/x.com\/elli"]}]}},"_links":{"self":[{"href":"https:\/\/www.meydan.tv\/az\/wp-json\/wp\/v2\/posts\/280846","targetHints":{"allow":["GET"]}}],"collection":[{"href":"https:\/\/www.meydan.tv\/az\/wp-json\/wp\/v2\/posts"}],"about":[{"href":"https:\/\/www.meydan.tv\/az\/wp-json\/wp\/v2\/types\/post"}],"author":[{"embeddable":true,"href":"https:\/\/www.meydan.tv\/az\/wp-json\/wp\/v2\/users\/8"}],"replies":[{"embeddable":true,"href":"https:\/\/www.meydan.tv\/az\/wp-json\/wp\/v2\/comments?post=280846"}],"version-history":[{"count":1,"href":"https:\/\/www.meydan.tv\/az\/wp-json\/wp\/v2\/posts\/280846\/revisions"}],"predecessor-version":[{"id":280853,"href":"https:\/\/www.meydan.tv\/az\/wp-json\/wp\/v2\/posts\/280846\/revisions\/280853"}],"wp:featuredmedia":[{"embeddable":true,"href":"https:\/\/www.meydan.tv\/az\/wp-json\/wp\/v2\/media\/280850"}],"wp:attachment":[{"href":"https:\/\/www.meydan.tv\/az\/wp-json\/wp\/v2\/media?parent=280846"}],"wp:term":[{"taxonomy":"category","embeddable":true,"href":"https:\/\/www.meydan.tv\/az\/wp-json\/wp\/v2\/categories?post=280846"},{"taxonomy":"post_tag","embeddable":true,"href":"https:\/\/www.meydan.tv\/az\/wp-json\/wp\/v2\/tags?post=280846"}],"curies":[{"name":"wp","href":"https:\/\/api.w.org\/{rel}","templated":true}]}}