{"id":280808,"date":"2023-07-27T14:33:11","date_gmt":"2023-07-27T10:33:11","guid":{"rendered":"https:\/\/www.meydan.tv\/?p=280808"},"modified":"2023-07-27T14:33:15","modified_gmt":"2023-07-27T10:33:15","slug":"avropa-ittifaqinin-ali-numayendesi-qarabagdaki-humanitar-veziyyetden-narahatligini-bildirib","status":"publish","type":"post","link":"https:\/\/www.meydan.tv\/az\/article\/avropa-ittifaqinin-ali-numayendesi-qarabagdaki-humanitar-veziyyetden-narahatligini-bildirib\/","title":{"rendered":"Avropa \u0130ttifaq\u0131n\u0131n ali n\u00fcmay\u0259nd\u0259si Qaraba\u011fdak\u0131 humanitar v\u0259ziyy\u0259td\u0259n narahatl\u0131\u011f\u0131n\u0131 bildirib"},"content":{"rendered":"\n<p><\/p>\n\n\n\n<p><strong><em>Jozep Borrel La\u00e7\u0131n d\u0259hlizi il\u0259 ba\u011fl\u0131 b\u0259yanat yay\u0131b<\/em><\/strong><\/p>\n\n\n\n<p>Avropa \u0130ttifaq\u0131n\u0131n xarici \u0259laq\u0259l\u0259r v\u0259 t\u0259hl\u00fck\u0259sizlik siyas\u0259ti \u00fczr\u0259 ali n\u00fcmay\u0259nd\u0259si Jozep Borrel Qaraba\u011fdak\u0131 humanitar v\u0259ziyy\u0259td\u0259n narahatl\u0131\u011f\u0131n\u0131 bildirib.<\/p>\n\n\n\n<p>&#8220;Turan&#8221;\u0131n <a href=\"https:\/\/www.turan.az\/ext\/news\/2023\/7\/free\/politics_news\/az\/6904.htm\" target=\"_blank\" rel=\"noreferrer noopener\">m\u0259lumat<\/a>\u0131na g\u00f6r\u0259, iyulun 27-d\u0259 Jozep Borrelin bu bar\u0259d\u0259 yayd\u0131\u011f\u0131 b\u0259yanatda deyilir ki, Beyn\u0259lxalq \u018fdal\u0259t M\u0259hk\u0259m\u0259sinin q\u0259rarlar\u0131na baxmayaraq, La\u00e7\u0131n d\u0259hlizi yeddi aydan \u00e7oxdur ba\u011flan\u0131b.<\/p>\n\n\n\n<p>Borrel b\u00f6lg\u0259d\u0259 tibbi v\u0259 dig\u0259r vacib mallar\u0131n \u00e7at\u0131\u015fmad\u0131\u011f\u0131n\u0131, art\u0131q t\u00fck\u0259ndiyini qeyd ed\u0259r\u0259k bildirir ki, Az\u0259rbaycan hakimiyy\u0259ti La\u00e7\u0131n d\u0259hlizi il\u0259 h\u0259r\u0259k\u0259tin t\u0259hl\u00fck\u0259sizliyi v\u0259 azadl\u0131\u011f\u0131n\u0131 t\u0259min etm\u0259li, b\u00f6hran\u0131n daha da a\u011f\u0131rla\u015fmas\u0131\u0131na imkan verm\u0259m\u0259lidir.<\/p>\n\n\n\n<p>A\u0130 r\u0259smisi Az\u0259rbaycan hakimiyy\u0259tinin A\u011fdam \u015f\u0259h\u0259ri vasit\u0259sil\u0259 t\u0259chizat t\u0259klifini n\u0259z\u0259r\u0259 ald\u0131qlar\u0131n\u0131 deyir.<\/p>\n\n\n\n<p><em>&#8220;Ancaq buna La\u00e7\u0131n d\u0259hlizinin yenid\u0259n a\u00e7\u0131lmas\u0131na alternativ kimi bax\u0131lmamal\u0131d\u0131r&#8221;.<\/em><\/p>\n\n\n\n<p>O, Beyn\u0259lxalq Q\u0131z\u0131l Xa\u00e7 Komit\u0259sinin (BQXK) regionda f\u0259aliyy\u0259tini, h\u0259m\u00e7inin, tibbi t\u0259xliy\u0259l\u0259ri v\u0259 humanitar t\u0259chizat\u0131 tam b\u0259rpa etm\u0259y\u0259 \u00e7a\u011f\u0131r\u0131b.<\/p>\n\n\n\n<p>Xarici \u0130\u015fl\u0259r Nazirliyinin m\u0259tbuat katibi Ayxan Hac\u0131zad\u0259 Avropa \u0130ttifaq\u0131n\u0131n xarici \u0259laq\u0259l\u0259r v\u0259 t\u0259hl\u00fck\u0259sizlik siyas\u0259ti \u00fczr\u0259 ali n\u00fcmay\u0259nd\u0259si Jozep Borrelin b\u00f6lg\u0259d\u0259 v\u0259ziyy\u0259t bar\u0259d\u0259 b\u0259yanat\u0131n\u0131 \u015f\u0259rh <a href=\"https:\/\/www.mfa.gov.az\/az\/news\/no40723\" target=\"_blank\" rel=\"noreferrer noopener\">edib<\/a>.<\/p>\n\n\n\n<p>Ayxan Hac\u0131zad\u0259 Az\u0259rbaycan\u0131n Avropa \u0130ttifaq\u0131n\u0131n b\u00f6lg\u0259d\u0259 s\u00fclh v\u0259 sabitliyin b\u0259rq\u0259rar olmas\u0131, Erm\u0259nistanla s\u00fclh prosesi \u00fczr\u0259 dan\u0131\u015f\u0131qlara verdiyi d\u0259st\u0259yi y\u00fcks\u0259k qiym\u0259tl\u0259ndirdikl\u0259rini deyib.<\/p>\n\n\n\n<p>Ancaq o, Borellin yana\u015fmas\u0131ndan t\u0259\u0259ss\u00fcfl\u0259nib v\u0259 xat\u0131rlad\u0131b ki, 44 g\u00fcnl\u00fck m\u00fcharib\u0259d\u0259n sonra erm\u0259ni silahl\u0131 q\u00fcvv\u0259l\u0259ri \u0259razil\u0259rd\u0259n tam \u00e7\u0131xar\u0131lmay\u0131b:<\/p>\n\n\n\n<p>&#8220;<em>La\u00e7\u0131n yolundan istifad\u0259 etm\u0259kl\u0259 Erm\u0259nistan\u0131n qeyri-qanuni f\u0259aliyy\u0259tl\u0259r aparmas\u0131na, Az\u0259rbaycan \u0259razil\u0259rin\u0259 silah-sursat, el\u0259c\u0259 d\u0259 mina da\u015f\u0131nmas\u0131na, Az\u0259rbaycan\u0131n t\u0259bii s\u0259rv\u0259tl\u0259rinin Erm\u0259nistana apar\u0131lmas\u0131na, Az\u0259rbaycan t\u0259r\u0259finin etirazlar\u0131na he\u00e7 zaman m\u0259h\u0259l qoyulmamas\u0131 v\u0259 g\u00f6rd\u00fcy\u00fc legitim t\u0259dbirl\u0259rin La\u00e7\u0131n yolunun ba\u011flanmas\u0131 kimi t\u0259qdim edilm\u0259si k\u00f6k\u00fcnd\u0259n yanl\u0131\u015fd\u0131r&#8221;.<\/em><\/p>\n\n\n\n<p>X\u0130N r\u0259smisi bildirib ki, Beyn\u0259lxalq \u018fdal\u0259t M\u0259hk\u0259m\u0259sinin m\u0259lum q\u0259rarlar\u0131n\u0131n a\u00e7\u0131q-ayd\u0131n \u015f\u0259kild\u0259 yanl\u0131\u015f \u015f\u0259rh edilm\u0259sinin he\u00e7 bir n\u0259tic\u0259 verm\u0259y\u0259c\u0259yi ayd\u0131n olmal\u0131d\u0131r:<\/p>\n\n\n\n<p>&#8220;<em>Az\u0259rbaycan\u0131n \u00f6z s\u0259rh\u0259dl\u0259rin\u0259 n\u0259zar\u0259t etm\u0259k h\u00fcququnu bir daha t\u0259sdiq ed\u0259n v\u0259 Erm\u0259nistan\u0131n La\u00e7\u0131n s\u0259rh\u0259d n\u0259zar\u0259t burax\u0131l\u0131\u015f m\u0259nt\u0259q\u0259sinin aradan qald\u0131r\u0131lmas\u0131 il\u0259 ba\u011fl\u0131 t\u0259l\u0259binin \u0259sass\u0131z oldu\u011funu s\u00fcbut ed\u0259n 6 iyul tarixli q\u0259rar bir daha g\u00f6st\u0259rib ki, Az\u0259rbaycan\u0131n \u00f6z t\u0259hl\u00fck\u0259sizliyini qorumas\u0131 legitim t\u0259dbirdir&#8221;.<\/em><\/p>\n\n\n\n<p>Beyn\u0259lxalq Q\u0131z\u0131l Xa\u00e7 Komit\u0259si (BQXK) il\u0259 ba\u011fl\u0131 A.Hac\u0131zad\u0259 qeyd edib ki, iyulun 26-da&nbsp; \u201chumanitar y\u00fck\u201d ad\u0131 alt\u0131nda avtomobil konvoylar\u0131 g\u00f6nd\u0259rilm\u0259si t\u0259xribat\u0131na baxmayaraq, Az\u0259rbaycan b\u00f6lg\u0259d\u0259 f\u0259aliyy\u0259t g\u00f6st\u0259r\u0259n BQXK il\u0259 \u0259m\u0259kda\u015fl\u0131\u011f\u0131n\u0131 davam etdirib:<\/p>\n\n\n<div class=\"wp-block-image\">\n<figure class=\"aligncenter size-full\"><img decoding=\"async\" width=\"923\" height=\"630\" data-src=\"https:\/\/www.meydan.tv\/wp-content\/uploads\/16743185206339931040_1200x630.jpg\" alt=\"\" class=\"wp-image-268568 lazyload\" src=\"data:image\/svg+xml;base64,PHN2ZyB3aWR0aD0iMSIgaGVpZ2h0PSIxIiB4bWxucz0iaHR0cDovL3d3dy53My5vcmcvMjAwMC9zdmciPjwvc3ZnPg==\" style=\"--smush-placeholder-width: 923px; --smush-placeholder-aspect-ratio: 923\/630;\" \/><figcaption class=\"wp-element-caption\">Ayxan Hac\u0131zad\u0259. Foto: &#8220;azertag.az&#8221;<\/figcaption><\/figure>\n<\/div>\n\n\n<p>&#8220;<em>Bununla da erm\u0259ni sakinl\u0259rin tibbi m\u0259qs\u0259dl\u0259 ke\u00e7idini t\u0259\u015fkil edib, BQXK vasit\u0259sil\u0259 tibbi y\u00fckl\u0259rin g\u0259tirilm\u0259sin\u0259 imkan yarad\u0131b&#8221;.<\/em><\/p>\n\n\n\n<p><em>&#8220;Daha b\u00f6y\u00fck y\u00fckl\u0259rin Az\u0259rbaycan \u0259razisin\u0259 g\u0259tirilm\u0259sin\u0259 g\u0259ldikd\u0259, Erm\u0259nistandan ir\u0259li g\u0259l\u0259n t\u0259hdidl\u0259r n\u0259z\u0259r\u0259 al\u0131nmaqla, A\u011fdam-Xank\u0259ndi v\u0259 dig\u0259r alternativ yollardan istifad\u0259 edilm\u0259si t\u0259klifi il\u0259 \u00e7\u0131x\u0131\u015f edib. Bu t\u0259klifin Avropa \u0130ttifaq\u0131, BQXK daxil, beyn\u0259lxalq t\u0259r\u0259fda\u015flar t\u0259r\u0259find\u0259n m\u00fcsb\u0259t qar\u015f\u0131lanmas\u0131na baxmayaraq, Erm\u0259nistan t\u0259r\u0259finin v\u0259 \u00f6zl\u0259rini yerli erm\u0259ni sakinl\u0259rin n\u00fcmay\u0259nd\u0259l\u0259ri kimi t\u0259qdim ed\u0259n \u015f\u0259xsl\u0259rin buna mane olmas\u0131, yollar\u0131 ba\u011flayaraq y\u00fckl\u0259rin da\u015f\u0131nmas\u0131n\u0131n qar\u015f\u0131s\u0131n\u0131 almas\u0131, &#8220;g\u0259rgin humanitar v\u0259ziyy\u0259t&#8221; bar\u0259d\u0259 spekulyasiyalar\u0131n siyasi manipulyasiyadan ba\u015fqa bir \u015fey olmad\u0131\u011f\u0131n\u0131 s\u00fcbut edir&#8221;.<\/em><\/p>\n\n\n\n<p>Aprelin 23-d\u0259 Az\u0259rbaycan D\u00f6vl\u0259t S\u0259rh\u0259d Xidm\u0259ti Erm\u0259nistan il\u0259 s\u0259rh\u0259dd\u0259, La\u00e7\u0131n-Xank\u0259ndi yolunun ba\u015flan\u011f\u0131c\u0131nda s\u0259rh\u0259d-burax\u0131l\u0131\u015f m\u0259nt\u0259q\u0259si qurdu\u011funu b\u0259yan edib.<\/p>\n\n\n\n<p>May\u0131n 4-d\u0259 \u201cAz\u0259rbaycan Respublikas\u0131n\u0131n d\u00f6vl\u0259t s\u0259rh\u0259dind\u0259n burax\u0131l\u0131\u015f m\u0259nt\u0259q\u0259l\u0259rinin say\u0131 v\u0259 yerl\u0259\u015fdiyi \u0259razil\u0259rin siyah\u0131s\u0131\u201dna d\u0259yi\u015fiklik edilib.<\/p>\n\n\n\n<p>Bu bar\u0259d\u0259 q\u0259rar\u0131 is\u0259 Ba\u015f nazir \u018fli \u018fs\u0259dov imzalay\u0131b.<\/p>\n\n\n\n<p><strong>M\u00fcnaqi\u015f\u0259nin q\u0131sa xronikas\u0131<\/strong><\/p>\n\n\n\n<p>Az\u0259rbaycan v\u0259 Erm\u0259nistan aras\u0131nda olan Qaraba\u011f m\u00fcnaqi\u015f\u0259sinin ilkin m\u0259rh\u0259l\u0259si 1988-ci ild\u0259 ba\u015flay\u0131b.<\/p>\n\n\n\n<p>Erm\u0259nistan\u0131n Az\u0259rbaycana \u0259razi iddialar\u0131 il\u0259 ba\u015flayan v\u0259 1994-c\u00fc ild\u0259 imzalanan at\u0259\u015fk\u0259s raz\u0131la\u015fmas\u0131 il\u0259 bit\u0259n Birinci Qaraba\u011f m\u00fcharib\u0259si zaman\u0131 Az\u0259rbaycan\u0131n Da\u011fl\u0131q Qaraba\u011f b\u00f6lg\u0259si v\u0259 ona biti\u015fik 7 rayonu i\u015f\u011fal edilib.<\/p>\n\n\n\n<p>2020-ci ilin sentyabr\u0131nda Az\u0259rbaycan v\u0259 Erm\u0259nistan silahl\u0131 q\u00fcvv\u0259l\u0259ri aras\u0131nda ba\u015f vermi\u015f 44 g\u00fcnl\u00fck \u0130kinci Qaraba\u011f m\u00fcharib\u0259si n\u0259tic\u0259sind\u0259 is\u0259 Az\u0259rbaycan Qaraba\u011f\u0131n bir hiss\u0259sin\u0259 v\u0259 \u0259traf 7 rayona n\u0259zar\u0259ti b\u0259rpa edib.<\/p>\n\n\n\n<p>Az\u0259rbaycan, Erm\u0259nistan v\u0259 Rusiya r\u0259hb\u0259rliyinin imzalad\u0131\u011f\u0131 \u00fc\u00e7t\u0259r\u0259fli birg\u0259 b\u0259yanatla d\u00f6y\u00fc\u015fl\u0259r dayand\u0131r\u0131landan sonra La\u00e7\u0131n d\u0259hlizind\u0259 v\u0259 Qaraba\u011fdak\u0131 t\u0259mas x\u0259ttind\u0259 Rusiya s\u00fclhm\u0259raml\u0131lar\u0131 yerl\u0259\u015fdirilib.<\/p>\n\n\n\n<p>Haz\u0131rk\u0131 m\u0259rh\u0259l\u0259d\u0259 \u0259razid\u0259 tez-tez at\u0259\u015fk\u0259s pozulur, h\u0259tta g\u00fcnl\u0259rl\u0259 s\u00fcr\u0259n d\u00f6y\u00fc\u015fl\u0259r ba\u015f verir.<\/p>\n\n\n\n<p>N\u0259tic\u0259d\u0259 h\u0259r iki t\u0259r\u0259f itki verir v\u0259 buna g\u00f6r\u0259 bir-birl\u0259rini g\u00fcnahland\u0131r\u0131rlar.<\/p>\n","protected":false},"excerpt":{"rendered":"<p>Jozep Borrel La\u00e7\u0131n d\u0259hlizi il\u0259 ba\u011fl\u0131 b\u0259yanat yay\u0131b Avropa \u0130ttifaq\u0131n\u0131n &#8230; <\/p>\n<p class=\"read-more-container\"><a title=\"Avropa \u0130ttifaq\u0131n\u0131n ali n\u00fcmay\u0259nd\u0259si Qaraba\u011fdak\u0131 humanitar v\u0259ziyy\u0259td\u0259n narahatl\u0131\u011f\u0131n\u0131 bildirib\" class=\"read-more button\" href=\"https:\/\/www.meydan.tv\/az\/article\/avropa-ittifaqinin-ali-numayendesi-qarabagdaki-humanitar-veziyyetden-narahatligini-bildirib\/#more-280808\" aria-label=\"Read more about Avropa \u0130ttifaq\u0131n\u0131n ali n\u00fcmay\u0259nd\u0259si Qaraba\u011fdak\u0131 humanitar v\u0259ziyy\u0259td\u0259n narahatl\u0131\u011f\u0131n\u0131 bildirib\">Davam\u0131<\/a><\/p>\n","protected":false},"author":8,"featured_media":257496,"comment_status":"closed","ping_status":"closed","sticky":false,"template":"","format":"standard","meta":{"_acf_changed":false,"_sitemap_exclude":false,"_sitemap_priority":"","_sitemap_frequency":"","footnotes":""},"categories":[59,79,56],"tags":[],"class_list":["post-280808","post","type-post","status-publish","format-standard","has-post-thumbnail","hentry","category-siyaset","category-featured","category-xeberler","infinite-scroll-item","generate-columns","tablet-grid-50","mobile-grid-100","grid-parent","grid-33","no-featured-image-padding"],"acf":[],"yoast_head":"<!-- This site is optimized with the Yoast SEO plugin v27.4 - https:\/\/yoast.com\/product\/yoast-seo-wordpress\/ -->\n<title>Avropa \u0130ttifaq\u0131n\u0131n ali n\u00fcmay\u0259nd\u0259si Qaraba\u011fdak\u0131 humanitar v\u0259ziyy\u0259td\u0259n narahatl\u0131\u011f\u0131n\u0131 bildirib - MEYDAN.TV<\/title>\n<meta name=\"robots\" content=\"index, follow, max-snippet:-1, max-image-preview:large, max-video-preview:-1\" \/>\n<link rel=\"canonical\" href=\"https:\/\/www.meydan.tv\/az\/article\/avropa-ittifaqinin-ali-numayendesi-qarabagdaki-humanitar-veziyyetden-narahatligini-bildirib\/\" \/>\n<meta property=\"og:locale\" content=\"az_AZ\" \/>\n<meta property=\"og:type\" content=\"article\" \/>\n<meta property=\"og:title\" content=\"Avropa \u0130ttifaq\u0131n\u0131n ali n\u00fcmay\u0259nd\u0259si Qaraba\u011fdak\u0131 humanitar v\u0259ziyy\u0259td\u0259n narahatl\u0131\u011f\u0131n\u0131 bildirib - MEYDAN.TV\" \/>\n<meta property=\"og:description\" content=\"Jozep Borrel La\u00e7\u0131n d\u0259hlizi il\u0259 ba\u011fl\u0131 b\u0259yanat yay\u0131b Avropa \u0130ttifaq\u0131n\u0131n ... Davam\u0131\" \/>\n<meta property=\"og:url\" content=\"https:\/\/www.meydan.tv\/az\/article\/avropa-ittifaqinin-ali-numayendesi-qarabagdaki-humanitar-veziyyetden-narahatligini-bildirib\/\" \/>\n<meta property=\"og:site_name\" content=\"MEYDAN.TV\" \/>\n<meta property=\"article:published_time\" content=\"2023-07-27T10:33:11+00:00\" \/>\n<meta property=\"article:modified_time\" content=\"2023-07-27T10:33:15+00:00\" \/>\n<meta property=\"og:image\" content=\"https:\/\/www.meydan.tv\/wp-content\/uploads\/9ea0de3d5de23dd229e3bf0669aaf1bc-e1664979580683.jpg\" \/>\n\t<meta property=\"og:image:width\" content=\"1200\" \/>\n\t<meta property=\"og:image:height\" content=\"696\" \/>\n\t<meta property=\"og:image:type\" content=\"image\/jpeg\" \/>\n<meta name=\"author\" content=\"elli\" \/>\n<meta name=\"twitter:card\" content=\"summary_large_image\" \/>\n<meta name=\"twitter:creator\" content=\"@elli\" \/>\n<script type=\"application\/ld+json\" class=\"yoast-schema-graph\">{\"@context\":\"https:\\\/\\\/schema.org\",\"@graph\":[{\"@type\":\"Article\",\"@id\":\"https:\\\/\\\/www.meydan.tv\\\/az\\\/article\\\/avropa-ittifaqinin-ali-numayendesi-qarabagdaki-humanitar-veziyyetden-narahatligini-bildirib\\\/#article\",\"isPartOf\":{\"@id\":\"https:\\\/\\\/www.meydan.tv\\\/az\\\/article\\\/avropa-ittifaqinin-ali-numayendesi-qarabagdaki-humanitar-veziyyetden-narahatligini-bildirib\\\/\"},\"author\":{\"name\":\"elli\",\"@id\":\"https:\\\/\\\/www.meydan.tv\\\/az\\\/#\\\/schema\\\/person\\\/9cdbecf90d17180ce1dfbd95b08dcf47\"},\"headline\":\"Avropa \u0130ttifaq\u0131n\u0131n ali n\u00fcmay\u0259nd\u0259si Qaraba\u011fdak\u0131 humanitar v\u0259ziyy\u0259td\u0259n narahatl\u0131\u011f\u0131n\u0131 bildirib\",\"datePublished\":\"2023-07-27T10:33:11+00:00\",\"dateModified\":\"2023-07-27T10:33:15+00:00\",\"mainEntityOfPage\":{\"@id\":\"https:\\\/\\\/www.meydan.tv\\\/az\\\/article\\\/avropa-ittifaqinin-ali-numayendesi-qarabagdaki-humanitar-veziyyetden-narahatligini-bildirib\\\/\"},\"wordCount\":1088,\"publisher\":{\"@id\":\"https:\\\/\\\/www.meydan.tv\\\/az\\\/#organization\"},\"image\":{\"@id\":\"https:\\\/\\\/www.meydan.tv\\\/az\\\/article\\\/avropa-ittifaqinin-ali-numayendesi-qarabagdaki-humanitar-veziyyetden-narahatligini-bildirib\\\/#primaryimage\"},\"thumbnailUrl\":\"https:\\\/\\\/www.meydan.tv\\\/wp-content\\\/uploads\\\/9ea0de3d5de23dd229e3bf0669aaf1bc-e1664979580683.jpg\",\"articleSection\":[\"Siyas\u0259t\",\"T\u00f6vsiy\u0259\",\"X\u0259b\u0259rl\u0259r\"],\"inLanguage\":\"az\"},{\"@type\":\"WebPage\",\"@id\":\"https:\\\/\\\/www.meydan.tv\\\/az\\\/article\\\/avropa-ittifaqinin-ali-numayendesi-qarabagdaki-humanitar-veziyyetden-narahatligini-bildirib\\\/\",\"url\":\"https:\\\/\\\/www.meydan.tv\\\/az\\\/article\\\/avropa-ittifaqinin-ali-numayendesi-qarabagdaki-humanitar-veziyyetden-narahatligini-bildirib\\\/\",\"name\":\"Avropa \u0130ttifaq\u0131n\u0131n ali n\u00fcmay\u0259nd\u0259si Qaraba\u011fdak\u0131 humanitar v\u0259ziyy\u0259td\u0259n narahatl\u0131\u011f\u0131n\u0131 bildirib - MEYDAN.TV\",\"isPartOf\":{\"@id\":\"https:\\\/\\\/www.meydan.tv\\\/az\\\/#website\"},\"primaryImageOfPage\":{\"@id\":\"https:\\\/\\\/www.meydan.tv\\\/az\\\/article\\\/avropa-ittifaqinin-ali-numayendesi-qarabagdaki-humanitar-veziyyetden-narahatligini-bildirib\\\/#primaryimage\"},\"image\":{\"@id\":\"https:\\\/\\\/www.meydan.tv\\\/az\\\/article\\\/avropa-ittifaqinin-ali-numayendesi-qarabagdaki-humanitar-veziyyetden-narahatligini-bildirib\\\/#primaryimage\"},\"thumbnailUrl\":\"https:\\\/\\\/www.meydan.tv\\\/wp-content\\\/uploads\\\/9ea0de3d5de23dd229e3bf0669aaf1bc-e1664979580683.jpg\",\"datePublished\":\"2023-07-27T10:33:11+00:00\",\"dateModified\":\"2023-07-27T10:33:15+00:00\",\"breadcrumb\":{\"@id\":\"https:\\\/\\\/www.meydan.tv\\\/az\\\/article\\\/avropa-ittifaqinin-ali-numayendesi-qarabagdaki-humanitar-veziyyetden-narahatligini-bildirib\\\/#breadcrumb\"},\"inLanguage\":\"az\",\"potentialAction\":[{\"@type\":\"ReadAction\",\"target\":[\"https:\\\/\\\/www.meydan.tv\\\/az\\\/article\\\/avropa-ittifaqinin-ali-numayendesi-qarabagdaki-humanitar-veziyyetden-narahatligini-bildirib\\\/\"]}]},{\"@type\":\"ImageObject\",\"inLanguage\":\"az\",\"@id\":\"https:\\\/\\\/www.meydan.tv\\\/az\\\/article\\\/avropa-ittifaqinin-ali-numayendesi-qarabagdaki-humanitar-veziyyetden-narahatligini-bildirib\\\/#primaryimage\",\"url\":\"https:\\\/\\\/www.meydan.tv\\\/wp-content\\\/uploads\\\/9ea0de3d5de23dd229e3bf0669aaf1bc-e1664979580683.jpg\",\"contentUrl\":\"https:\\\/\\\/www.meydan.tv\\\/wp-content\\\/uploads\\\/9ea0de3d5de23dd229e3bf0669aaf1bc-e1664979580683.jpg\",\"width\":1200,\"height\":696,\"caption\":\"Josep Borrel. Foto: \\\"European Parliament\\\"\"},{\"@type\":\"BreadcrumbList\",\"@id\":\"https:\\\/\\\/www.meydan.tv\\\/az\\\/article\\\/avropa-ittifaqinin-ali-numayendesi-qarabagdaki-humanitar-veziyyetden-narahatligini-bildirib\\\/#breadcrumb\",\"itemListElement\":[{\"@type\":\"ListItem\",\"position\":1,\"name\":\"Ana s\u0259hif\u0259\",\"item\":\"https:\\\/\\\/www.meydan.tv\\\/az\\\/\"},{\"@type\":\"ListItem\",\"position\":2,\"name\":\"Siyas\u0259t\",\"item\":\"https:\\\/\\\/www.meydan.tv\\\/az\\\/section\\\/siyaset\\\/\"},{\"@type\":\"ListItem\",\"position\":3,\"name\":\"Avropa \u0130ttifaq\u0131n\u0131n ali n\u00fcmay\u0259nd\u0259si Qaraba\u011fdak\u0131 humanitar v\u0259ziyy\u0259td\u0259n narahatl\u0131\u011f\u0131n\u0131 bildirib\"}]},{\"@type\":\"WebSite\",\"@id\":\"https:\\\/\\\/www.meydan.tv\\\/az\\\/#website\",\"url\":\"https:\\\/\\\/www.meydan.tv\\\/az\\\/\",\"name\":\"MEYDAN.TV\",\"description\":\"Meydan TV Az\u0259rbaycan\u0131n media m\u0259kan\u0131ndak\u0131 alternativ s\u0259sidir\",\"publisher\":{\"@id\":\"https:\\\/\\\/www.meydan.tv\\\/az\\\/#organization\"},\"potentialAction\":[{\"@type\":\"SearchAction\",\"target\":{\"@type\":\"EntryPoint\",\"urlTemplate\":\"https:\\\/\\\/www.meydan.tv\\\/az\\\/?s={search_term_string}\"},\"query-input\":{\"@type\":\"PropertyValueSpecification\",\"valueRequired\":true,\"valueName\":\"search_term_string\"}}],\"inLanguage\":\"az\"},{\"@type\":\"Organization\",\"@id\":\"https:\\\/\\\/www.meydan.tv\\\/az\\\/#organization\",\"name\":\"Meydan TV\",\"url\":\"https:\\\/\\\/www.meydan.tv\\\/az\\\/\",\"logo\":{\"@type\":\"ImageObject\",\"inLanguage\":\"az\",\"@id\":\"https:\\\/\\\/www.meydan.tv\\\/az\\\/#\\\/schema\\\/logo\\\/image\\\/\",\"url\":\"https:\\\/\\\/www.meydan.tv\\\/wp-content\\\/uploads\\\/2021\\\/07\\\/meydan-logo.svg\",\"contentUrl\":\"https:\\\/\\\/www.meydan.tv\\\/wp-content\\\/uploads\\\/2021\\\/07\\\/meydan-logo.svg\",\"width\":195,\"height\":46,\"caption\":\"Meydan TV\"},\"image\":{\"@id\":\"https:\\\/\\\/www.meydan.tv\\\/az\\\/#\\\/schema\\\/logo\\\/image\\\/\"}},{\"@type\":\"Person\",\"@id\":\"https:\\\/\\\/www.meydan.tv\\\/az\\\/#\\\/schema\\\/person\\\/9cdbecf90d17180ce1dfbd95b08dcf47\",\"name\":\"elli\",\"sameAs\":[\"https:\\\/\\\/x.com\\\/elli\"]}]}<\/script>\n<!-- \/ Yoast SEO plugin. -->","yoast_head_json":{"title":"Avropa \u0130ttifaq\u0131n\u0131n ali n\u00fcmay\u0259nd\u0259si Qaraba\u011fdak\u0131 humanitar v\u0259ziyy\u0259td\u0259n narahatl\u0131\u011f\u0131n\u0131 bildirib - MEYDAN.TV","robots":{"index":"index","follow":"follow","max-snippet":"max-snippet:-1","max-image-preview":"max-image-preview:large","max-video-preview":"max-video-preview:-1"},"canonical":"https:\/\/www.meydan.tv\/az\/article\/avropa-ittifaqinin-ali-numayendesi-qarabagdaki-humanitar-veziyyetden-narahatligini-bildirib\/","og_locale":"az_AZ","og_type":"article","og_title":"Avropa \u0130ttifaq\u0131n\u0131n ali n\u00fcmay\u0259nd\u0259si Qaraba\u011fdak\u0131 humanitar v\u0259ziyy\u0259td\u0259n narahatl\u0131\u011f\u0131n\u0131 bildirib - MEYDAN.TV","og_description":"Jozep Borrel La\u00e7\u0131n d\u0259hlizi il\u0259 ba\u011fl\u0131 b\u0259yanat yay\u0131b Avropa \u0130ttifaq\u0131n\u0131n ... Davam\u0131","og_url":"https:\/\/www.meydan.tv\/az\/article\/avropa-ittifaqinin-ali-numayendesi-qarabagdaki-humanitar-veziyyetden-narahatligini-bildirib\/","og_site_name":"MEYDAN.TV","article_published_time":"2023-07-27T10:33:11+00:00","article_modified_time":"2023-07-27T10:33:15+00:00","og_image":[{"width":1200,"height":696,"url":"https:\/\/www.meydan.tv\/wp-content\/uploads\/9ea0de3d5de23dd229e3bf0669aaf1bc-e1664979580683.jpg","type":"image\/jpeg"}],"author":"elli","twitter_card":"summary_large_image","twitter_creator":"@elli","schema":{"@context":"https:\/\/schema.org","@graph":[{"@type":"Article","@id":"https:\/\/www.meydan.tv\/az\/article\/avropa-ittifaqinin-ali-numayendesi-qarabagdaki-humanitar-veziyyetden-narahatligini-bildirib\/#article","isPartOf":{"@id":"https:\/\/www.meydan.tv\/az\/article\/avropa-ittifaqinin-ali-numayendesi-qarabagdaki-humanitar-veziyyetden-narahatligini-bildirib\/"},"author":{"name":"elli","@id":"https:\/\/www.meydan.tv\/az\/#\/schema\/person\/9cdbecf90d17180ce1dfbd95b08dcf47"},"headline":"Avropa \u0130ttifaq\u0131n\u0131n ali n\u00fcmay\u0259nd\u0259si Qaraba\u011fdak\u0131 humanitar v\u0259ziyy\u0259td\u0259n narahatl\u0131\u011f\u0131n\u0131 bildirib","datePublished":"2023-07-27T10:33:11+00:00","dateModified":"2023-07-27T10:33:15+00:00","mainEntityOfPage":{"@id":"https:\/\/www.meydan.tv\/az\/article\/avropa-ittifaqinin-ali-numayendesi-qarabagdaki-humanitar-veziyyetden-narahatligini-bildirib\/"},"wordCount":1088,"publisher":{"@id":"https:\/\/www.meydan.tv\/az\/#organization"},"image":{"@id":"https:\/\/www.meydan.tv\/az\/article\/avropa-ittifaqinin-ali-numayendesi-qarabagdaki-humanitar-veziyyetden-narahatligini-bildirib\/#primaryimage"},"thumbnailUrl":"https:\/\/www.meydan.tv\/wp-content\/uploads\/9ea0de3d5de23dd229e3bf0669aaf1bc-e1664979580683.jpg","articleSection":["Siyas\u0259t","T\u00f6vsiy\u0259","X\u0259b\u0259rl\u0259r"],"inLanguage":"az"},{"@type":"WebPage","@id":"https:\/\/www.meydan.tv\/az\/article\/avropa-ittifaqinin-ali-numayendesi-qarabagdaki-humanitar-veziyyetden-narahatligini-bildirib\/","url":"https:\/\/www.meydan.tv\/az\/article\/avropa-ittifaqinin-ali-numayendesi-qarabagdaki-humanitar-veziyyetden-narahatligini-bildirib\/","name":"Avropa \u0130ttifaq\u0131n\u0131n ali n\u00fcmay\u0259nd\u0259si Qaraba\u011fdak\u0131 humanitar v\u0259ziyy\u0259td\u0259n narahatl\u0131\u011f\u0131n\u0131 bildirib - MEYDAN.TV","isPartOf":{"@id":"https:\/\/www.meydan.tv\/az\/#website"},"primaryImageOfPage":{"@id":"https:\/\/www.meydan.tv\/az\/article\/avropa-ittifaqinin-ali-numayendesi-qarabagdaki-humanitar-veziyyetden-narahatligini-bildirib\/#primaryimage"},"image":{"@id":"https:\/\/www.meydan.tv\/az\/article\/avropa-ittifaqinin-ali-numayendesi-qarabagdaki-humanitar-veziyyetden-narahatligini-bildirib\/#primaryimage"},"thumbnailUrl":"https:\/\/www.meydan.tv\/wp-content\/uploads\/9ea0de3d5de23dd229e3bf0669aaf1bc-e1664979580683.jpg","datePublished":"2023-07-27T10:33:11+00:00","dateModified":"2023-07-27T10:33:15+00:00","breadcrumb":{"@id":"https:\/\/www.meydan.tv\/az\/article\/avropa-ittifaqinin-ali-numayendesi-qarabagdaki-humanitar-veziyyetden-narahatligini-bildirib\/#breadcrumb"},"inLanguage":"az","potentialAction":[{"@type":"ReadAction","target":["https:\/\/www.meydan.tv\/az\/article\/avropa-ittifaqinin-ali-numayendesi-qarabagdaki-humanitar-veziyyetden-narahatligini-bildirib\/"]}]},{"@type":"ImageObject","inLanguage":"az","@id":"https:\/\/www.meydan.tv\/az\/article\/avropa-ittifaqinin-ali-numayendesi-qarabagdaki-humanitar-veziyyetden-narahatligini-bildirib\/#primaryimage","url":"https:\/\/www.meydan.tv\/wp-content\/uploads\/9ea0de3d5de23dd229e3bf0669aaf1bc-e1664979580683.jpg","contentUrl":"https:\/\/www.meydan.tv\/wp-content\/uploads\/9ea0de3d5de23dd229e3bf0669aaf1bc-e1664979580683.jpg","width":1200,"height":696,"caption":"Josep Borrel. Foto: \"European Parliament\""},{"@type":"BreadcrumbList","@id":"https:\/\/www.meydan.tv\/az\/article\/avropa-ittifaqinin-ali-numayendesi-qarabagdaki-humanitar-veziyyetden-narahatligini-bildirib\/#breadcrumb","itemListElement":[{"@type":"ListItem","position":1,"name":"Ana s\u0259hif\u0259","item":"https:\/\/www.meydan.tv\/az\/"},{"@type":"ListItem","position":2,"name":"Siyas\u0259t","item":"https:\/\/www.meydan.tv\/az\/section\/siyaset\/"},{"@type":"ListItem","position":3,"name":"Avropa \u0130ttifaq\u0131n\u0131n ali n\u00fcmay\u0259nd\u0259si Qaraba\u011fdak\u0131 humanitar v\u0259ziyy\u0259td\u0259n narahatl\u0131\u011f\u0131n\u0131 bildirib"}]},{"@type":"WebSite","@id":"https:\/\/www.meydan.tv\/az\/#website","url":"https:\/\/www.meydan.tv\/az\/","name":"MEYDAN.TV","description":"Meydan TV Az\u0259rbaycan\u0131n media m\u0259kan\u0131ndak\u0131 alternativ s\u0259sidir","publisher":{"@id":"https:\/\/www.meydan.tv\/az\/#organization"},"potentialAction":[{"@type":"SearchAction","target":{"@type":"EntryPoint","urlTemplate":"https:\/\/www.meydan.tv\/az\/?s={search_term_string}"},"query-input":{"@type":"PropertyValueSpecification","valueRequired":true,"valueName":"search_term_string"}}],"inLanguage":"az"},{"@type":"Organization","@id":"https:\/\/www.meydan.tv\/az\/#organization","name":"Meydan TV","url":"https:\/\/www.meydan.tv\/az\/","logo":{"@type":"ImageObject","inLanguage":"az","@id":"https:\/\/www.meydan.tv\/az\/#\/schema\/logo\/image\/","url":"https:\/\/www.meydan.tv\/wp-content\/uploads\/2021\/07\/meydan-logo.svg","contentUrl":"https:\/\/www.meydan.tv\/wp-content\/uploads\/2021\/07\/meydan-logo.svg","width":195,"height":46,"caption":"Meydan TV"},"image":{"@id":"https:\/\/www.meydan.tv\/az\/#\/schema\/logo\/image\/"}},{"@type":"Person","@id":"https:\/\/www.meydan.tv\/az\/#\/schema\/person\/9cdbecf90d17180ce1dfbd95b08dcf47","name":"elli","sameAs":["https:\/\/x.com\/elli"]}]}},"_links":{"self":[{"href":"https:\/\/www.meydan.tv\/az\/wp-json\/wp\/v2\/posts\/280808","targetHints":{"allow":["GET"]}}],"collection":[{"href":"https:\/\/www.meydan.tv\/az\/wp-json\/wp\/v2\/posts"}],"about":[{"href":"https:\/\/www.meydan.tv\/az\/wp-json\/wp\/v2\/types\/post"}],"author":[{"embeddable":true,"href":"https:\/\/www.meydan.tv\/az\/wp-json\/wp\/v2\/users\/8"}],"replies":[{"embeddable":true,"href":"https:\/\/www.meydan.tv\/az\/wp-json\/wp\/v2\/comments?post=280808"}],"version-history":[{"count":1,"href":"https:\/\/www.meydan.tv\/az\/wp-json\/wp\/v2\/posts\/280808\/revisions"}],"predecessor-version":[{"id":280809,"href":"https:\/\/www.meydan.tv\/az\/wp-json\/wp\/v2\/posts\/280808\/revisions\/280809"}],"wp:featuredmedia":[{"embeddable":true,"href":"https:\/\/www.meydan.tv\/az\/wp-json\/wp\/v2\/media\/257496"}],"wp:attachment":[{"href":"https:\/\/www.meydan.tv\/az\/wp-json\/wp\/v2\/media?parent=280808"}],"wp:term":[{"taxonomy":"category","embeddable":true,"href":"https:\/\/www.meydan.tv\/az\/wp-json\/wp\/v2\/categories?post=280808"},{"taxonomy":"post_tag","embeddable":true,"href":"https:\/\/www.meydan.tv\/az\/wp-json\/wp\/v2\/tags?post=280808"}],"curies":[{"name":"wp","href":"https:\/\/api.w.org\/{rel}","templated":true}]}}