{"id":280763,"date":"2023-07-26T22:14:51","date_gmt":"2023-07-26T18:14:51","guid":{"rendered":"https:\/\/www.meydan.tv\/?p=280763"},"modified":"2023-07-27T00:15:16","modified_gmt":"2023-07-26T20:15:16","slug":"ermenistan-serhede-humanitar-yarim-masinlari-getirdi","status":"publish","type":"post","link":"https:\/\/www.meydan.tv\/az\/article\/ermenistan-serhede-humanitar-yarim-masinlari-getirdi\/","title":{"rendered":"Erm\u0259nistan s\u0259rh\u0259d\u0259 humanitar yard\u0131m ma\u015f\u0131nlar\u0131 g\u0259tirdi"},"content":{"rendered":"\n<p><\/p>\n\n\n\n<p><strong><em>Hikm\u0259t Hac\u0131yev: \u201cXank\u0259ndind\u0259ki separat\u00e7\u0131lar\u0131n marionet \u201cliderl\u0259ri\u201d yerli \u0259halini \u00f6z siyasi ambisiyalar\u0131n\u0131n girovlu\u011funda saxlay\u0131rlar\u201d<\/em><\/strong><\/p>\n\n\n\n<p>Erm\u0259nistandan humanitar yard\u0131m da\u015f\u0131yan 19 y\u00fck ma\u015f\u0131n\u0131n\u0131n art\u0131q Az\u0259rbaycanla s\u0259rh\u0259d k\u0259nd\u0259 &#8211; Kornidzora q\u0259d\u0259r g\u0259ldiyi bildirilir.<\/p>\n\n\n\n<p>\u201c<em>Biz onlar\u0131n vasit\u0259\u00e7iliyi il\u0259 y\u00fckl\u0259rin Da\u011fl\u0131q Qaraba\u011fa \u00e7atd\u0131r\u0131lmas\u0131 \u00fc\u00e7\u00fcn Rusiya s\u00fclhm\u0259raml\u0131 q\u00fcvv\u0259l\u0259rinin n\u00fcmay\u0259nd\u0259l\u0259ri il\u0259 \u0259laq\u0259 saxlad\u0131q, cavab g\u00f6zl\u0259yirik. Bu proses anlay\u0131\u015f v\u0259 s\u0259bir t\u0259l\u0259b edir. X\u0259b\u0259r olan kimi siz\u0259 m\u0259lumat ver\u0259c\u0259yik\u201d, &#8211;<\/em> \u201cDa\u011fl\u0131q Qaraba\u011f\u201dda humanitar b\u00f6hran\u0131n idar\u0259 olunmas\u0131 \u00fczr\u0259 i\u015f\u00e7i qrupunun n\u00fcmay\u0259nd\u0259si Vardan Sarkisyan PTA-ya m\u00fcsahib\u0259sind\u0259 bildirib.<\/p>\n\n\n\n<p>&nbsp;\u201cNews.am\u201d <a href=\"https:\/\/news.am\/rus\/news\/772573.html\" target=\"_blank\" rel=\"noreferrer noopener\">yaz\u0131r&nbsp;<\/a>&nbsp;ki, iyulun 26-da 400 ton a\u011f\u0131rl\u0131\u011f\u0131nda \u0259rzaq v\u0259 z\u0259ruri mallar olan 19 y\u00fck ma\u015f\u0131n\u0131 Kornidzor \u015f\u0259h\u0259rin\u0259 gedib, oradan Rusiya Federasiyas\u0131 s\u00fclhm\u0259raml\u0131lar\u0131n\u0131n m\u00fc\u015fayi\u0259ti il\u0259 \u201cDa\u011fl\u0131q Qaraba\u011f\u201d sakinl\u0259rin\u0259 humanitar yard\u0131m\u0131n da\u015f\u0131nmas\u0131 planla\u015fd\u0131r\u0131l\u0131r.<\/p>\n\n\n\n<p>Az\u0259rbaycan Xarici \u0130\u015fl\u0259r Nazirliyi Erm\u0259nistan\u0131n La\u00e7\u0131n ke\u00e7id m\u0259nt\u0259q\u0259sind\u0259 t\u0259xribat haz\u0131rlad\u0131\u011f\u0131n\u0131 bildirir. Bu bar\u0259d\u0259 nazirliyin iyulun 26-da yayd\u0131\u011f\u0131 <a href=\"https:\/\/www.mfa.gov.az\/az\/news\/no40623\" target=\"_blank\" rel=\"noreferrer noopener\">b\u0259yanat<\/a>da qeyd olunub.<\/p>\n\n\n\n<p>B\u0259yanatda Erm\u0259nistan\u0131 Bak\u0131 il\u0259 raz\u0131la\u015fd\u0131rmadan Az\u0259rbaycan\u0131n suveren \u0259razil\u0259rin\u0259 \u201chumanitar y\u00fck\u201d ad\u0131 alt\u0131nda avtomobil konvoylar\u0131n\u0131 g\u00f6nd\u0259rm\u0259si \u0259razi b\u00fct\u00f6vl\u00fcy\u00fc v\u0259 suverenliyin\u0259 q\u0259sd say\u0131l\u0131b:<\/p>\n\n\n\n<p>&#8220;<em>Erm\u0259nistan\u0131n Moskvada, o c\u00fcml\u0259d\u0259n, haz\u0131rk\u0131 v\u0259ziyy\u0259tl\u0259 ba\u011fl\u0131 \u0259trafl\u0131 m\u00fczakir\u0259l\u0259rin apar\u0131ld\u0131\u011f\u0131 dan\u0131\u015f\u0131qlardan d\u0259rhal sonra bel\u0259 bir add\u0131m atmas\u0131 bu \u00f6lk\u0259nin prosesd\u0259 s\u0259mimi olmad\u0131\u011f\u0131n\u0131, v\u0259ziyy\u0259ti g\u0259rginl\u0259\u015fdirm\u0259kl\u0259 beyn\u0259lxalq ictimaiyy\u0259ti \u00e7a\u015fd\u0131rmaq niyy\u0259tind\u0259 oldu\u011funu g\u00f6st\u0259rir.<\/em><\/p>\n\n\n\n<p><em>Bu t\u0259xribat bir daha g\u00f6st\u0259rir ki, Erm\u0259nistan\u0131n \u201cb\u00f6lg\u0259d\u0259 g\u0259rgin humanitar v\u0259ziyy\u0259t\u201d iddialar\u0131 bu \u00f6lk\u0259nin manipulyasiyas\u0131 v\u0259 qeyri-qanuni f\u0259aliyy\u0259tl\u0259ri davam etdirm\u0259k niyy\u0259tind\u0259n ba\u015fqa bir \u015fey deyil&#8221;.<\/em><\/p>\n\n\n<div class=\"wp-block-image\">\n<figure class=\"aligncenter size-full\"><img decoding=\"async\" width=\"1000\" height=\"541\" data-src=\"https:\/\/www.meydan.tv\/wp-content\/uploads\/406236227.jpg\" alt=\"X\u0130N\" class=\"wp-image-119897 lazyload\" src=\"data:image\/svg+xml;base64,PHN2ZyB3aWR0aD0iMSIgaGVpZ2h0PSIxIiB4bWxucz0iaHR0cDovL3d3dy53My5vcmcvMjAwMC9zdmciPjwvc3ZnPg==\" style=\"--smush-placeholder-width: 1000px; --smush-placeholder-aspect-ratio: 1000\/541;\" \/><figcaption class=\"wp-element-caption\">Foto: X\u0130N<\/figcaption><\/figure>\n<\/div>\n\n\n<p>Nazirlik Az\u0259rbaycan\u0131n erm\u0259ni sakinl\u0259rin ehtiyaclar\u0131n\u0131n qar\u015f\u0131lanmas\u0131 \u00fc\u00e7\u00fcn A\u011fdam-Xank\u0259ndi yolundan v\u0259 dig\u0259r alternativ yollardan istifad\u0259 daxil olmaqla, bir s\u0131ra t\u0259klifl\u0259r ir\u0259li s\u00fcrd\u00fcy\u00fcn\u00fc xat\u0131rlad\u0131b:<\/p>\n\n\n\n<p>&#8220;<em>Bu t\u0259klifl\u0259rin Avropa \u0130ttifaq\u0131, Beyn\u0259lxalq Q\u0131z\u0131l Xa\u00e7 Komit\u0259si t\u0259r\u0259find\u0259n d\u0259st\u0259kl\u0259nm\u0259sin\u0259 baxmayaraq, Yerevan b\u00fct\u00fcn t\u0259klifl\u0259r\u0259, el\u0259c\u0259 d\u0259 Az\u0259rbaycan\u0131n qeyd etdiyi yollar vasit\u0259sil\u0259 BQXK t\u0259r\u0259find\u0259n y\u00fckl\u0259rin da\u015f\u0131nmas\u0131na qar\u015f\u0131 \u00e7\u0131xmas\u0131, m\u00fcvafiq humanitar f\u0259aliyy\u0259t\u0259 mane\u00e7ilik t\u00f6r\u0259dilm\u0259si, alternativ yollara beton mane\u0259l\u0259r d\u00fczm\u0259kl\u0259 \u0259raziy\u0259 giri\u015fin bloklamas\u0131 onlar\u0131n humanitar v\u0259ziyy\u0259t bar\u0259d\u0259 iddialar\u0131n\u0131n siyasi \u015fantaj oldu\u011funu g\u00f6st\u0259rir. Bu add\u0131mlar humanitar f\u0259aliyy\u0259ti siyasil\u0259\u015fdirm\u0259kl\u0259 yana\u015f\u0131, Az\u0259rbaycan\u0131n suverenliyi v\u0259 \u0259razi b\u00fct\u00f6vl\u00fcy\u00fcn\u00fcn tan\u0131nmas\u0131na dair b\u0259yanatlarla ziddiyy\u0259t t\u0259\u015fkil etdiyini bir daha s\u00fcbut edir&#8221;.<\/em><\/p>\n\n\n\n<p>&#8220;<em>T\u0259xribatda Avropa \u0130ttifaq\u0131n\u0131n Erm\u0259nistandak\u0131 Missiyas\u0131n\u0131n v\u0259 diplomatik korpusun da al\u0259t edilm\u0259si, bunun \u0259vv\u0259lc\u0259d\u0259n planla\u015fd\u0131r\u0131lm\u0131\u015f add\u0131m oldu\u011funu n\u00fcmayi\u015f etdirib. Bu kimi t\u0259xribatlardan \u0259l \u00e7\u0259km\u0259yi Erm\u0259nistan t\u0259r\u0259find\u0259n bir daha t\u0259l\u0259b edirik&#8221;,-<\/em>dey\u0259 X\u0130N b\u0259yan edib.<\/p>\n\n\n\n<p>Az\u0259rbaycan Prezidentinin k\u00f6m\u0259k\u00e7isi, Prezident Administrasiyas\u0131n\u0131n Xarici siyas\u0259t m\u0259s\u0259l\u0259l\u0259ri \u015f\u00f6b\u0259sinin m\u00fcdiri Hikm\u0259t Hac\u0131yev A\u0130 \u00f6lk\u0259l\u0259rinin, h\u0259m\u00e7inin T\u00fcrkiy\u0259, AB\u015e v\u0259 \u0130sve\u00e7r\u0259 s\u0259firl\u0259rinin i\u015ftirak\u0131 il\u0259 ke\u00e7iril\u0259n g\u00f6r\u00fc\u015fd\u0259n sonra \u00f6z \u201cTwitter\u201d hesab\u0131ndan bu bar\u0259d\u0259 payla\u015f\u0131m <a href=\"https:\/\/twitter.com\/HikmetHajiyev\/status\/1684217006642405377\" target=\"_blank\" rel=\"noreferrer noopener\">edib<\/a>:<\/p>\n\n\n\n<p>\u201c<em>Erm\u0259nistan tibbi evakuasiya v\u0259 \u00e7atd\u0131r\u0131lma \u00fc\u00e7\u00fcn funksional olan La\u00e7\u0131n yolu m\u0259s\u0259l\u0259sind\u0259 siyasi manipulyasiya v\u0259 spekulyasiya il\u0259 m\u0259\u015f\u011fuldur<\/em>.<\/p>\n\n\n<div class=\"wp-block-image\">\n<figure class=\"aligncenter size-full\"><img decoding=\"async\" width=\"1000\" height=\"637\" data-src=\"https:\/\/www.meydan.tv\/wp-content\/uploads\/16026614332120621957_1000x669.jpg\" alt=\"Hikm\u0259t Hac\u0131yev\" class=\"wp-image-149482 lazyload\" src=\"data:image\/svg+xml;base64,PHN2ZyB3aWR0aD0iMSIgaGVpZ2h0PSIxIiB4bWxucz0iaHR0cDovL3d3dy53My5vcmcvMjAwMC9zdmciPjwvc3ZnPg==\" style=\"--smush-placeholder-width: 1000px; --smush-placeholder-aspect-ratio: 1000\/637;\" \/><figcaption class=\"wp-element-caption\">Foto: Azertac<\/figcaption><\/figure>\n<\/div>\n\n\n<p><em>Br\u00fcsseld\u0259 A\u011fdam-Xank\u0259ndi yolunun daha b\u00f6y\u00fck h\u0259cmd\u0259 \u00e7atd\u0131r\u0131lma \u00fc\u00e7\u00fcn istifad\u0259 edilm\u0259si bar\u0259d\u0259 raz\u0131l\u0131q \u0259ld\u0259 olunub. Beyn\u0259lxalq Q\u0131z\u0131l Xa\u00e7 Komit\u0259sinin b\u0259yanat\u0131nda da bir daha vur\u011fulan\u0131b\u201d.<\/em><\/p>\n\n\n\n<p><em>\u201cT\u0259kc\u0259 La\u00e7\u0131n yolundan istifad\u0259 etm\u0259kd\u0259 israr edib, A\u011fdam yolundan imtina etm\u0259k, yol k\u0259sm\u0259k, siyasil\u0259\u015fdirm\u0259k yolverilm\u0259zdir. Xank\u0259ndind\u0259ki separat\u00e7\u0131lar\u0131n marionet \u201cliderl\u0259ri\u201d yerli \u0259halini \u00f6z siyasi ambisiyalar\u0131n\u0131n girovlu\u011funda saxlay\u0131rlar\u201d, &#8211; <\/em>Hikm\u0259t Hac\u0131yev yaz\u0131b.<\/p>\n\n\n\n<p>Prezidentin k\u00f6m\u0259k\u00e7isi daha sonra bildirir ki, La\u00e7\u0131n ke\u00e7id m\u0259nt\u0259q\u0259sin\u0259 teatr s\u0259hn\u0259l\u0259ri v\u0259 \u015fou kimi y\u00fck ma\u015f\u0131nlar\u0131n\u0131n g\u0259tirilm\u0259si \u0259v\u0259zin\u0259, Erm\u0259nistan Az\u0259rbaycana qar\u015f\u0131 \u0259razi iddialar\u0131na son qoymal\u0131, \u00f6z qo\u015fun hiss\u0259l\u0259rini Az\u0259rbaycan\u0131n Qaraba\u011f b\u00f6lg\u0259sind\u0259n \u00e7\u0131xarmal\u0131 v\u0259 qanunsuz marionet rejimin maliyy\u0259l\u0259\u015fdirilm\u0259sin\u0259 son qoymal\u0131d\u0131r:<\/p>\n\n\n\n<p><em>\u201cB\u00fct\u00fcn qeyri-qanuni q\u00fcvv\u0259l\u0259rin t\u0259rksilah\u0131 t\u0259min edilm\u0259lidir. Beyn\u0259lxalq ictimaiyy\u0259t A\u011fdam-Xank\u0259ndi yolundan istifad\u0259 olunmas\u0131 v\u0259 Qaraba\u011f\u0131n erm\u0259ni \u0259halisinin Az\u0259rbaycana reinteqrasiyas\u0131 il\u0259 ba\u011fl\u0131 ayd\u0131n siqnal g\u00f6nd\u0259rm\u0259lidir. Ba\u015fqa yol yoxdur! Oyun Bitdi!\u201d<\/em>.<\/p>\n\n\n\n<p>Aprelin 23-d\u0259 Az\u0259rbaycan D\u00f6vl\u0259t S\u0259rh\u0259d Xidm\u0259ti Erm\u0259nistan il\u0259 s\u0259rh\u0259dd\u0259, La\u00e7\u0131n-Xank\u0259ndi yolunun ba\u015flan\u011f\u0131c\u0131nda s\u0259rh\u0259d-burax\u0131l\u0131\u015f m\u0259nt\u0259q\u0259si qurdu\u011funu b\u0259yan edib.<\/p>\n\n\n\n<p>May\u0131n 4-d\u0259 \u201cAz\u0259rbaycan Respublikas\u0131n\u0131n d\u00f6vl\u0259t s\u0259rh\u0259dind\u0259n burax\u0131l\u0131\u015f m\u0259nt\u0259q\u0259l\u0259rinin say\u0131 v\u0259 yerl\u0259\u015fdiyi \u0259razil\u0259rin siyah\u0131s\u0131\u201dna d\u0259yi\u015fiklik edilib.<br>Bu bar\u0259d\u0259 q\u0259rar\u0131 is\u0259 Ba\u015f nazir \u018fli \u018fs\u0259dov imzalay\u0131b.<\/p>\n\n\n\n<p><strong>M\u00fcnaqi\u015f\u0259nin q\u0131sa xronikas\u0131<\/strong><\/p>\n\n\n\n<p>Az\u0259rbaycan v\u0259 Erm\u0259nistan aras\u0131nda olan Qaraba\u011f m\u00fcnaqi\u015f\u0259sinin ilkin m\u0259rh\u0259l\u0259si 1988-ci ild\u0259 ba\u015flay\u0131b.<\/p>\n\n\n\n<p>Erm\u0259nistan\u0131n Az\u0259rbaycana \u0259razi iddialar\u0131 il\u0259 ba\u015flayan v\u0259 1994-c\u00fc ild\u0259 imzalanan at\u0259\u015fk\u0259s raz\u0131la\u015fmas\u0131 il\u0259 bit\u0259n Birinci Qaraba\u011f m\u00fcharib\u0259si zaman\u0131 Az\u0259rbaycan\u0131n Da\u011fl\u0131q Qaraba\u011f b\u00f6lg\u0259si v\u0259 ona biti\u015fik 7 rayonu i\u015f\u011fal edilib.<\/p>\n\n\n\n<p>2020-ci ilin sentyabr\u0131nda Az\u0259rbaycan v\u0259 Erm\u0259nistan silahl\u0131 q\u00fcvv\u0259l\u0259ri aras\u0131nda ba\u015f vermi\u015f 44 g\u00fcnl\u00fck \u0130kinci Qaraba\u011f m\u00fcharib\u0259si n\u0259tic\u0259sind\u0259 is\u0259 Az\u0259rbaycan Qaraba\u011f\u0131n bir hiss\u0259sin\u0259 v\u0259 \u0259traf 7 rayona n\u0259zar\u0259ti b\u0259rpa edib.<\/p>\n\n\n\n<p>Az\u0259rbaycan, Erm\u0259nistan v\u0259 Rusiya r\u0259hb\u0259rliyinin imzalad\u0131\u011f\u0131 \u00fc\u00e7t\u0259r\u0259fli birg\u0259 b\u0259yanatla d\u00f6y\u00fc\u015fl\u0259r dayand\u0131r\u0131landan sonra La\u00e7\u0131n d\u0259hlizind\u0259 v\u0259 Qaraba\u011fdak\u0131 t\u0259mas x\u0259ttind\u0259 Rusiya s\u00fclhm\u0259raml\u0131lar\u0131 yerl\u0259\u015fdirilib.<\/p>\n\n\n\n<p>Haz\u0131rk\u0131 m\u0259rh\u0259l\u0259d\u0259 \u0259razid\u0259 tez-tez at\u0259\u015fk\u0259s pozulur, h\u0259tta g\u00fcnl\u0259rl\u0259 s\u00fcr\u0259n d\u00f6y\u00fc\u015fl\u0259r ba\u015f verir.<br>N\u0259tic\u0259d\u0259 h\u0259r iki t\u0259r\u0259f itki verir v\u0259 buna g\u00f6r\u0259 bir-birl\u0259rini g\u00fcnahland\u0131r\u0131rlar.<\/p>\n","protected":false},"excerpt":{"rendered":"<p>Hikm\u0259t Hac\u0131yev: \u201cXank\u0259ndind\u0259ki separat\u00e7\u0131lar\u0131n marionet \u201cliderl\u0259ri\u201d yerli \u0259halini \u00f6z siyasi &#8230; <\/p>\n<p class=\"read-more-container\"><a title=\"Erm\u0259nistan s\u0259rh\u0259d\u0259 humanitar yard\u0131m ma\u015f\u0131nlar\u0131 g\u0259tirdi\" class=\"read-more button\" href=\"https:\/\/www.meydan.tv\/az\/article\/ermenistan-serhede-humanitar-yarim-masinlari-getirdi\/#more-280763\" aria-label=\"Read more about Erm\u0259nistan s\u0259rh\u0259d\u0259 humanitar yard\u0131m ma\u015f\u0131nlar\u0131 g\u0259tirdi\">Davam\u0131<\/a><\/p>\n","protected":false},"author":8,"featured_media":280774,"comment_status":"closed","ping_status":"closed","sticky":false,"template":"","format":"standard","meta":{"_acf_changed":false,"_sitemap_exclude":false,"_sitemap_priority":"","_sitemap_frequency":"","footnotes":""},"categories":[59,79,56],"tags":[],"class_list":["post-280763","post","type-post","status-publish","format-standard","has-post-thumbnail","hentry","category-siyaset","category-featured","category-xeberler","infinite-scroll-item","generate-columns","tablet-grid-50","mobile-grid-100","grid-parent","grid-33","no-featured-image-padding"],"acf":[],"yoast_head":"<!-- This site is optimized with the Yoast SEO plugin v27.4 - https:\/\/yoast.com\/product\/yoast-seo-wordpress\/ -->\n<title>Erm\u0259nistan s\u0259rh\u0259d\u0259 humanitar yard\u0131m ma\u015f\u0131nlar\u0131 g\u0259tirdi - MEYDAN.TV<\/title>\n<meta name=\"robots\" content=\"index, follow, max-snippet:-1, max-image-preview:large, max-video-preview:-1\" \/>\n<link rel=\"canonical\" href=\"https:\/\/www.meydan.tv\/az\/article\/ermenistan-serhede-humanitar-yarim-masinlari-getirdi\/\" \/>\n<meta property=\"og:locale\" content=\"az_AZ\" \/>\n<meta property=\"og:type\" content=\"article\" \/>\n<meta property=\"og:title\" content=\"Erm\u0259nistan s\u0259rh\u0259d\u0259 humanitar yard\u0131m ma\u015f\u0131nlar\u0131 g\u0259tirdi - MEYDAN.TV\" \/>\n<meta property=\"og:description\" content=\"Hikm\u0259t Hac\u0131yev: \u201cXank\u0259ndind\u0259ki separat\u00e7\u0131lar\u0131n marionet \u201cliderl\u0259ri\u201d yerli \u0259halini \u00f6z siyasi ... Davam\u0131\" \/>\n<meta property=\"og:url\" content=\"https:\/\/www.meydan.tv\/az\/article\/ermenistan-serhede-humanitar-yarim-masinlari-getirdi\/\" \/>\n<meta property=\"og:site_name\" content=\"MEYDAN.TV\" \/>\n<meta property=\"article:published_time\" content=\"2023-07-26T18:14:51+00:00\" \/>\n<meta property=\"article:modified_time\" content=\"2023-07-26T20:15:16+00:00\" \/>\n<meta property=\"og:image\" content=\"https:\/\/www.meydan.tv\/wp-content\/uploads\/kavan.jpg\" \/>\n\t<meta property=\"og:image:width\" content=\"1200\" \/>\n\t<meta property=\"og:image:height\" content=\"800\" \/>\n\t<meta property=\"og:image:type\" content=\"image\/jpeg\" \/>\n<meta name=\"author\" content=\"elli\" \/>\n<meta name=\"twitter:card\" content=\"summary_large_image\" \/>\n<meta name=\"twitter:creator\" content=\"@elli\" \/>\n<script type=\"application\/ld+json\" class=\"yoast-schema-graph\">{\"@context\":\"https:\\\/\\\/schema.org\",\"@graph\":[{\"@type\":\"Article\",\"@id\":\"https:\\\/\\\/www.meydan.tv\\\/az\\\/article\\\/ermenistan-serhede-humanitar-yarim-masinlari-getirdi\\\/#article\",\"isPartOf\":{\"@id\":\"https:\\\/\\\/www.meydan.tv\\\/az\\\/article\\\/ermenistan-serhede-humanitar-yarim-masinlari-getirdi\\\/\"},\"author\":{\"name\":\"elli\",\"@id\":\"https:\\\/\\\/www.meydan.tv\\\/az\\\/#\\\/schema\\\/person\\\/9cdbecf90d17180ce1dfbd95b08dcf47\"},\"headline\":\"Erm\u0259nistan s\u0259rh\u0259d\u0259 humanitar yard\u0131m ma\u015f\u0131nlar\u0131 g\u0259tirdi\",\"datePublished\":\"2023-07-26T18:14:51+00:00\",\"dateModified\":\"2023-07-26T20:15:16+00:00\",\"mainEntityOfPage\":{\"@id\":\"https:\\\/\\\/www.meydan.tv\\\/az\\\/article\\\/ermenistan-serhede-humanitar-yarim-masinlari-getirdi\\\/\"},\"wordCount\":1237,\"publisher\":{\"@id\":\"https:\\\/\\\/www.meydan.tv\\\/az\\\/#organization\"},\"image\":{\"@id\":\"https:\\\/\\\/www.meydan.tv\\\/az\\\/article\\\/ermenistan-serhede-humanitar-yarim-masinlari-getirdi\\\/#primaryimage\"},\"thumbnailUrl\":\"https:\\\/\\\/www.meydan.tv\\\/wp-content\\\/uploads\\\/kavan.jpg\",\"articleSection\":[\"Siyas\u0259t\",\"T\u00f6vsiy\u0259\",\"X\u0259b\u0259rl\u0259r\"],\"inLanguage\":\"az\"},{\"@type\":\"WebPage\",\"@id\":\"https:\\\/\\\/www.meydan.tv\\\/az\\\/article\\\/ermenistan-serhede-humanitar-yarim-masinlari-getirdi\\\/\",\"url\":\"https:\\\/\\\/www.meydan.tv\\\/az\\\/article\\\/ermenistan-serhede-humanitar-yarim-masinlari-getirdi\\\/\",\"name\":\"Erm\u0259nistan s\u0259rh\u0259d\u0259 humanitar yard\u0131m ma\u015f\u0131nlar\u0131 g\u0259tirdi - MEYDAN.TV\",\"isPartOf\":{\"@id\":\"https:\\\/\\\/www.meydan.tv\\\/az\\\/#website\"},\"primaryImageOfPage\":{\"@id\":\"https:\\\/\\\/www.meydan.tv\\\/az\\\/article\\\/ermenistan-serhede-humanitar-yarim-masinlari-getirdi\\\/#primaryimage\"},\"image\":{\"@id\":\"https:\\\/\\\/www.meydan.tv\\\/az\\\/article\\\/ermenistan-serhede-humanitar-yarim-masinlari-getirdi\\\/#primaryimage\"},\"thumbnailUrl\":\"https:\\\/\\\/www.meydan.tv\\\/wp-content\\\/uploads\\\/kavan.jpg\",\"datePublished\":\"2023-07-26T18:14:51+00:00\",\"dateModified\":\"2023-07-26T20:15:16+00:00\",\"breadcrumb\":{\"@id\":\"https:\\\/\\\/www.meydan.tv\\\/az\\\/article\\\/ermenistan-serhede-humanitar-yarim-masinlari-getirdi\\\/#breadcrumb\"},\"inLanguage\":\"az\",\"potentialAction\":[{\"@type\":\"ReadAction\",\"target\":[\"https:\\\/\\\/www.meydan.tv\\\/az\\\/article\\\/ermenistan-serhede-humanitar-yarim-masinlari-getirdi\\\/\"]}]},{\"@type\":\"ImageObject\",\"inLanguage\":\"az\",\"@id\":\"https:\\\/\\\/www.meydan.tv\\\/az\\\/article\\\/ermenistan-serhede-humanitar-yarim-masinlari-getirdi\\\/#primaryimage\",\"url\":\"https:\\\/\\\/www.meydan.tv\\\/wp-content\\\/uploads\\\/kavan.jpg\",\"contentUrl\":\"https:\\\/\\\/www.meydan.tv\\\/wp-content\\\/uploads\\\/kavan.jpg\",\"width\":1200,\"height\":800,\"caption\":\"screenshot \\\"news.am\\\"\"},{\"@type\":\"BreadcrumbList\",\"@id\":\"https:\\\/\\\/www.meydan.tv\\\/az\\\/article\\\/ermenistan-serhede-humanitar-yarim-masinlari-getirdi\\\/#breadcrumb\",\"itemListElement\":[{\"@type\":\"ListItem\",\"position\":1,\"name\":\"Ana s\u0259hif\u0259\",\"item\":\"https:\\\/\\\/www.meydan.tv\\\/az\\\/\"},{\"@type\":\"ListItem\",\"position\":2,\"name\":\"Siyas\u0259t\",\"item\":\"https:\\\/\\\/www.meydan.tv\\\/az\\\/section\\\/siyaset\\\/\"},{\"@type\":\"ListItem\",\"position\":3,\"name\":\"Erm\u0259nistan s\u0259rh\u0259d\u0259 humanitar yard\u0131m ma\u015f\u0131nlar\u0131 g\u0259tirdi\"}]},{\"@type\":\"WebSite\",\"@id\":\"https:\\\/\\\/www.meydan.tv\\\/az\\\/#website\",\"url\":\"https:\\\/\\\/www.meydan.tv\\\/az\\\/\",\"name\":\"MEYDAN.TV\",\"description\":\"Meydan TV Az\u0259rbaycan\u0131n media m\u0259kan\u0131ndak\u0131 alternativ s\u0259sidir\",\"publisher\":{\"@id\":\"https:\\\/\\\/www.meydan.tv\\\/az\\\/#organization\"},\"potentialAction\":[{\"@type\":\"SearchAction\",\"target\":{\"@type\":\"EntryPoint\",\"urlTemplate\":\"https:\\\/\\\/www.meydan.tv\\\/az\\\/?s={search_term_string}\"},\"query-input\":{\"@type\":\"PropertyValueSpecification\",\"valueRequired\":true,\"valueName\":\"search_term_string\"}}],\"inLanguage\":\"az\"},{\"@type\":\"Organization\",\"@id\":\"https:\\\/\\\/www.meydan.tv\\\/az\\\/#organization\",\"name\":\"Meydan TV\",\"url\":\"https:\\\/\\\/www.meydan.tv\\\/az\\\/\",\"logo\":{\"@type\":\"ImageObject\",\"inLanguage\":\"az\",\"@id\":\"https:\\\/\\\/www.meydan.tv\\\/az\\\/#\\\/schema\\\/logo\\\/image\\\/\",\"url\":\"https:\\\/\\\/www.meydan.tv\\\/wp-content\\\/uploads\\\/2021\\\/07\\\/meydan-logo.svg\",\"contentUrl\":\"https:\\\/\\\/www.meydan.tv\\\/wp-content\\\/uploads\\\/2021\\\/07\\\/meydan-logo.svg\",\"width\":195,\"height\":46,\"caption\":\"Meydan TV\"},\"image\":{\"@id\":\"https:\\\/\\\/www.meydan.tv\\\/az\\\/#\\\/schema\\\/logo\\\/image\\\/\"}},{\"@type\":\"Person\",\"@id\":\"https:\\\/\\\/www.meydan.tv\\\/az\\\/#\\\/schema\\\/person\\\/9cdbecf90d17180ce1dfbd95b08dcf47\",\"name\":\"elli\",\"sameAs\":[\"https:\\\/\\\/x.com\\\/elli\"]}]}<\/script>\n<!-- \/ Yoast SEO plugin. -->","yoast_head_json":{"title":"Erm\u0259nistan s\u0259rh\u0259d\u0259 humanitar yard\u0131m ma\u015f\u0131nlar\u0131 g\u0259tirdi - MEYDAN.TV","robots":{"index":"index","follow":"follow","max-snippet":"max-snippet:-1","max-image-preview":"max-image-preview:large","max-video-preview":"max-video-preview:-1"},"canonical":"https:\/\/www.meydan.tv\/az\/article\/ermenistan-serhede-humanitar-yarim-masinlari-getirdi\/","og_locale":"az_AZ","og_type":"article","og_title":"Erm\u0259nistan s\u0259rh\u0259d\u0259 humanitar yard\u0131m ma\u015f\u0131nlar\u0131 g\u0259tirdi - MEYDAN.TV","og_description":"Hikm\u0259t Hac\u0131yev: \u201cXank\u0259ndind\u0259ki separat\u00e7\u0131lar\u0131n marionet \u201cliderl\u0259ri\u201d yerli \u0259halini \u00f6z siyasi ... Davam\u0131","og_url":"https:\/\/www.meydan.tv\/az\/article\/ermenistan-serhede-humanitar-yarim-masinlari-getirdi\/","og_site_name":"MEYDAN.TV","article_published_time":"2023-07-26T18:14:51+00:00","article_modified_time":"2023-07-26T20:15:16+00:00","og_image":[{"width":1200,"height":800,"url":"https:\/\/www.meydan.tv\/wp-content\/uploads\/kavan.jpg","type":"image\/jpeg"}],"author":"elli","twitter_card":"summary_large_image","twitter_creator":"@elli","schema":{"@context":"https:\/\/schema.org","@graph":[{"@type":"Article","@id":"https:\/\/www.meydan.tv\/az\/article\/ermenistan-serhede-humanitar-yarim-masinlari-getirdi\/#article","isPartOf":{"@id":"https:\/\/www.meydan.tv\/az\/article\/ermenistan-serhede-humanitar-yarim-masinlari-getirdi\/"},"author":{"name":"elli","@id":"https:\/\/www.meydan.tv\/az\/#\/schema\/person\/9cdbecf90d17180ce1dfbd95b08dcf47"},"headline":"Erm\u0259nistan s\u0259rh\u0259d\u0259 humanitar yard\u0131m ma\u015f\u0131nlar\u0131 g\u0259tirdi","datePublished":"2023-07-26T18:14:51+00:00","dateModified":"2023-07-26T20:15:16+00:00","mainEntityOfPage":{"@id":"https:\/\/www.meydan.tv\/az\/article\/ermenistan-serhede-humanitar-yarim-masinlari-getirdi\/"},"wordCount":1237,"publisher":{"@id":"https:\/\/www.meydan.tv\/az\/#organization"},"image":{"@id":"https:\/\/www.meydan.tv\/az\/article\/ermenistan-serhede-humanitar-yarim-masinlari-getirdi\/#primaryimage"},"thumbnailUrl":"https:\/\/www.meydan.tv\/wp-content\/uploads\/kavan.jpg","articleSection":["Siyas\u0259t","T\u00f6vsiy\u0259","X\u0259b\u0259rl\u0259r"],"inLanguage":"az"},{"@type":"WebPage","@id":"https:\/\/www.meydan.tv\/az\/article\/ermenistan-serhede-humanitar-yarim-masinlari-getirdi\/","url":"https:\/\/www.meydan.tv\/az\/article\/ermenistan-serhede-humanitar-yarim-masinlari-getirdi\/","name":"Erm\u0259nistan s\u0259rh\u0259d\u0259 humanitar yard\u0131m ma\u015f\u0131nlar\u0131 g\u0259tirdi - MEYDAN.TV","isPartOf":{"@id":"https:\/\/www.meydan.tv\/az\/#website"},"primaryImageOfPage":{"@id":"https:\/\/www.meydan.tv\/az\/article\/ermenistan-serhede-humanitar-yarim-masinlari-getirdi\/#primaryimage"},"image":{"@id":"https:\/\/www.meydan.tv\/az\/article\/ermenistan-serhede-humanitar-yarim-masinlari-getirdi\/#primaryimage"},"thumbnailUrl":"https:\/\/www.meydan.tv\/wp-content\/uploads\/kavan.jpg","datePublished":"2023-07-26T18:14:51+00:00","dateModified":"2023-07-26T20:15:16+00:00","breadcrumb":{"@id":"https:\/\/www.meydan.tv\/az\/article\/ermenistan-serhede-humanitar-yarim-masinlari-getirdi\/#breadcrumb"},"inLanguage":"az","potentialAction":[{"@type":"ReadAction","target":["https:\/\/www.meydan.tv\/az\/article\/ermenistan-serhede-humanitar-yarim-masinlari-getirdi\/"]}]},{"@type":"ImageObject","inLanguage":"az","@id":"https:\/\/www.meydan.tv\/az\/article\/ermenistan-serhede-humanitar-yarim-masinlari-getirdi\/#primaryimage","url":"https:\/\/www.meydan.tv\/wp-content\/uploads\/kavan.jpg","contentUrl":"https:\/\/www.meydan.tv\/wp-content\/uploads\/kavan.jpg","width":1200,"height":800,"caption":"screenshot \"news.am\""},{"@type":"BreadcrumbList","@id":"https:\/\/www.meydan.tv\/az\/article\/ermenistan-serhede-humanitar-yarim-masinlari-getirdi\/#breadcrumb","itemListElement":[{"@type":"ListItem","position":1,"name":"Ana s\u0259hif\u0259","item":"https:\/\/www.meydan.tv\/az\/"},{"@type":"ListItem","position":2,"name":"Siyas\u0259t","item":"https:\/\/www.meydan.tv\/az\/section\/siyaset\/"},{"@type":"ListItem","position":3,"name":"Erm\u0259nistan s\u0259rh\u0259d\u0259 humanitar yard\u0131m ma\u015f\u0131nlar\u0131 g\u0259tirdi"}]},{"@type":"WebSite","@id":"https:\/\/www.meydan.tv\/az\/#website","url":"https:\/\/www.meydan.tv\/az\/","name":"MEYDAN.TV","description":"Meydan TV Az\u0259rbaycan\u0131n media m\u0259kan\u0131ndak\u0131 alternativ s\u0259sidir","publisher":{"@id":"https:\/\/www.meydan.tv\/az\/#organization"},"potentialAction":[{"@type":"SearchAction","target":{"@type":"EntryPoint","urlTemplate":"https:\/\/www.meydan.tv\/az\/?s={search_term_string}"},"query-input":{"@type":"PropertyValueSpecification","valueRequired":true,"valueName":"search_term_string"}}],"inLanguage":"az"},{"@type":"Organization","@id":"https:\/\/www.meydan.tv\/az\/#organization","name":"Meydan TV","url":"https:\/\/www.meydan.tv\/az\/","logo":{"@type":"ImageObject","inLanguage":"az","@id":"https:\/\/www.meydan.tv\/az\/#\/schema\/logo\/image\/","url":"https:\/\/www.meydan.tv\/wp-content\/uploads\/2021\/07\/meydan-logo.svg","contentUrl":"https:\/\/www.meydan.tv\/wp-content\/uploads\/2021\/07\/meydan-logo.svg","width":195,"height":46,"caption":"Meydan TV"},"image":{"@id":"https:\/\/www.meydan.tv\/az\/#\/schema\/logo\/image\/"}},{"@type":"Person","@id":"https:\/\/www.meydan.tv\/az\/#\/schema\/person\/9cdbecf90d17180ce1dfbd95b08dcf47","name":"elli","sameAs":["https:\/\/x.com\/elli"]}]}},"_links":{"self":[{"href":"https:\/\/www.meydan.tv\/az\/wp-json\/wp\/v2\/posts\/280763","targetHints":{"allow":["GET"]}}],"collection":[{"href":"https:\/\/www.meydan.tv\/az\/wp-json\/wp\/v2\/posts"}],"about":[{"href":"https:\/\/www.meydan.tv\/az\/wp-json\/wp\/v2\/types\/post"}],"author":[{"embeddable":true,"href":"https:\/\/www.meydan.tv\/az\/wp-json\/wp\/v2\/users\/8"}],"replies":[{"embeddable":true,"href":"https:\/\/www.meydan.tv\/az\/wp-json\/wp\/v2\/comments?post=280763"}],"version-history":[{"count":4,"href":"https:\/\/www.meydan.tv\/az\/wp-json\/wp\/v2\/posts\/280763\/revisions"}],"predecessor-version":[{"id":280786,"href":"https:\/\/www.meydan.tv\/az\/wp-json\/wp\/v2\/posts\/280763\/revisions\/280786"}],"wp:featuredmedia":[{"embeddable":true,"href":"https:\/\/www.meydan.tv\/az\/wp-json\/wp\/v2\/media\/280774"}],"wp:attachment":[{"href":"https:\/\/www.meydan.tv\/az\/wp-json\/wp\/v2\/media?parent=280763"}],"wp:term":[{"taxonomy":"category","embeddable":true,"href":"https:\/\/www.meydan.tv\/az\/wp-json\/wp\/v2\/categories?post=280763"},{"taxonomy":"post_tag","embeddable":true,"href":"https:\/\/www.meydan.tv\/az\/wp-json\/wp\/v2\/tags?post=280763"}],"curies":[{"name":"wp","href":"https:\/\/api.w.org\/{rel}","templated":true}]}}