{"id":280690,"date":"2023-07-26T16:05:27","date_gmt":"2023-07-26T12:05:27","guid":{"rendered":"https:\/\/www.meydan.tv\/?p=280690"},"modified":"2023-07-26T16:10:45","modified_gmt":"2023-07-26T12:10:45","slug":"mugenni-ani-lorakin-antalyada-planlasdirilan-konserti-texire-salinib","status":"publish","type":"post","link":"https:\/\/www.meydan.tv\/az\/article\/mugenni-ani-lorakin-antalyada-planlasdirilan-konserti-texire-salinib\/","title":{"rendered":"M\u00fc\u011f\u0259nni Ani Lorak\u0131n Antalyada planla\u015fd\u0131r\u0131lan konserti t\u0259xir\u0259 sal\u0131n\u0131b"},"content":{"rendered":"\n<p><\/p>\n\n\n\n<p><strong><em>Konsul deyir ki, buna s\u0259b\u0259b m\u00fc\u011f\u0259nninin m\u00fcharib\u0259 il\u0259 ba\u011fl\u0131 fikirl\u0259rinin&nbsp; b\u00f6y\u00fck rezonans do\u011furmas\u0131d\u0131r.<\/em><\/strong><\/p>\n\n\n\n<p>Ukraynan\u0131n Xalq artisti, m\u00fc\u011f\u0259nni Ani Lorak\u0131n (Karolina Kuek) Antalyadak\u0131 otell\u0259rd\u0259n birind\u0259 ke\u00e7irilm\u0259si n\u0259z\u0259rd\u0259 tutulan konserti l\u0259\u011fv olunub.<\/p>\n\n\n\n<p>Ukraynan\u0131n Antalyadak\u0131 konsulu Oleksandr Voronin \u201cFacebook\u201d s\u0259hif\u0259sind\u0259 bu haqda<a href=\"https:\/\/www.facebook.com\/O.S.Voronin\/posts\/2580151842141712?ref=embed_post\" target=\"_blank\" rel=\"noreferrer noopener\"> yaz\u0131b<\/a>.&nbsp;<\/p>\n\n\n\n<p>Konsul bildirib ki, Ukraynan\u0131n Ankaradak\u0131 s\u0259firliyi v\u0259 Antalyadak\u0131 Konsullu\u011fu, h\u0259m\u00e7inin Ukrayna c\u0259miyy\u0259tinin birg\u0259 c\u0259hdl\u0259ri n\u0259tic\u0259sind\u0259 konsertin ke\u00e7irilm\u0259sin\u0259 mane olublar:<\/p>\n\n\n\n<p>\u201cAni Lorak\u0131n Rusiyan\u0131n Ukraynaya qar\u015f\u0131 m\u00fcharib\u0259sind\u0259 m\u00f6vqeyini v\u0259 bu konsertin do\u011furaca\u011f\u0131 b\u00f6y\u00fck rezonans\u0131 n\u0259z\u0259r\u0259 alaraq, t\u0259dbir l\u0259\u011fv edilib. Bu q\u0259rar\u0131 \u201cKilit Hospitality Group\u201d holdinqinin idar\u0259 hey\u0259ti q\u0259bul edib. \u201cKosmos\u201d konsert zal\u0131n\u0131n yerl\u0259\u015fdiyi \u201cNirvana\u201d otell\u0259r \u015f\u0259b\u0259k\u0259si bu holdinq\u0259 m\u0259xsusdur\u201d.<\/p>\n\n\n\n<p>Oleksandr Voronin qeyd edib ki, konsertin bilet sat\u0131\u015f\u0131 dayand\u0131r\u0131l\u0131b. Biletl\u0259ri \u0259ld\u0259 ed\u0259nl\u0259r\u0259 is\u0259 pullar\u0131 geri qaytar\u0131lacaq.<\/p>\n\n\n\n<p>Konsul \u0259lav\u0259 edib ki, \u201cKilit Hospatality Group\u201d holdinqinin sahibl\u0259ri Ukraynadak\u0131 v\u0259ziyy\u0259ti ba\u015fa d\u00fc\u015f\u00fcr v\u0259 Rusiyan\u0131n h\u0259rbi m\u00fcdaxil\u0259sind\u0259n sonra bu \u00f6lk\u0259y\u0259 d\u0259st\u0259k verirl\u0259r:<\/p>\n\n\n\n<p><em>\u201c2022-ci ilin mart-aprel aylar\u0131nda \u201cM\u00fcharib\u0259siz u\u015faql\u0131q\u201d layih\u0259si \u00e7\u0259r\u00e7iv\u0259sind\u0259 Dnepropetrovsk vilay\u0259tind\u0259 iki y\u00fczd\u0259n \u00e7ox kims\u0259siz u\u015faqlar t\u0259xliy\u0259 olunaraq&nbsp; \u201cKilit Hospatality Group\u201d holdinq\u0259 m\u0259xsus otell\u0259r \u015f\u0259b\u0259k\u0259sind\u0259n birind\u0259 yerl\u0259\u015fdirilib v\u0259 \u00fc\u00e7 aya yax\u0131n orada pulsuz qidaland\u0131r\u0131l\u0131blar\u201d.<\/em><\/p>\n\n\n\n<p>Rusiya 2022-ci il fevral\u0131n 24-d\u0259 Ukraynaya qar\u015f\u0131 h\u0259rbi \u0259m\u0259liyyatlara ba\u015flayandan sonra m\u00fcharib\u0259ni pisl\u0259y\u0259nl\u0259rd\u0259n biri d\u0259 Ani Lorak olub.<\/p>\n\n\n\n<p>M\u00fc\u011f\u0259nni dig\u0259r s\u0259n\u0259t\u00e7il\u0259r kimi&nbsp; \u201c\u0130nstagram\u201d\u0131nda m\u00fcharib\u0259ni dayand\u0131rma\u011fa \u00e7a\u011f\u0131r\u0131\u015f <a href=\"https:\/\/www.instagram.com\/p\/CakLiCAMv_B\/\" target=\"_blank\" rel=\"noreferrer noopener\">edib<\/a>.&nbsp;<\/p>\n\n\n\n<p>M\u00fcharib\u0259nin ir\u0259lil\u0259y\u0259n aylar\u0131nda susqunlu\u011funa g\u00f6r\u0259 Ukrayna v\u0259 Rusiya m\u0259tbuat\u0131nda m\u00fc\u011f\u0259nni q\u0131nanma\u011fa ba\u015flan\u0131b.<\/p>\n\n\n\n<p>Bundan sonra Lorak a\u00e7\u0131q m\u0259ktubla m\u00fcraci\u0259t <a href=\"https:\/\/www.anilorak.ua\/ru\/news\/3975\" target=\"_blank\" rel=\"noreferrer noopener\">edib.<\/a><\/p>\n\n\n\n<p>Bildirib ki, onun ad\u0131 m\u00fcxt\u0259lif siyasi v\u0259 media manipulyasiyalar\u0131 \u00fc\u00e7\u00fcn kinli \u015f\u0259kild\u0259 istifad\u0259 olunur:<\/p>\n\n\n\n<p><em>\u201cM\u0259nim v\u0259t\u0259nda\u015f m\u00f6vqeyim d\u0259yi\u015fm\u0259z olaraq qalacaq. Ukraynan\u0131 sevir\u0259m v\u0259 v\u0259t\u0259n\u0259 sevgini u\u015faql\u0131qdan m\u0259nims\u0259mi\u015f\u0259m. He\u00e7 kimin m\u0259n\u0259 v\u0259t\u0259nimi nec\u0259 sevdiyimi v\u0259 d\u0259st\u0259kl\u0259diyimi dikt\u0259 etm\u0259y\u0259 haqq\u0131 yoxdur. M\u0259n ham\u0131dan m\u0259niml\u0259 raz\u0131la\u015fma\u011f\u0131 t\u0259l\u0259b etmir\u0259m, amma sizd\u0259n m\u0259nim fikrim\u0259 h\u00f6rm\u0259t etm\u0259yinizi xahi\u015f edir\u0259m. \u00c7\u00fcnki demokratiya ba\u015fqalar\u0131n\u0131n fikrin\u0259 h\u00f6rm\u0259t etm\u0259kdir\u201d.<\/em><\/p>\n\n\n\n<p><em>\u201cN\u0259 \u201cDNR\u201d, n\u0259 \u201cLNR\u201d, (DNR, LNR, Zaporojye v\u0259 Xerson vilay\u0259tl\u0259ri) n\u0259 \u201cSa\u011f Sektor\u201d Milli Azadl\u0131q H\u0259r\u0259kat\u0131n\u0131n (Ukrayna), n\u0259 d\u0259 \u201cAzadl\u0131q\u201d\u0131n (partiya, Ukrayna) m\u0259nim ad\u0131ma toxunma\u011fa m\u0259n\u0259vi haqq\u0131 yoxdur. Onlar\u0131n m\u0259niml\u0259 he\u00e7 bir \u0259laq\u0259si yoxdur\u201d<\/em>, &#8211; m\u00fc\u011f\u0259nni m\u0259ktubunda qeyd edib.<\/p>\n\n\n\n<p>Ba\u015f ver\u0259nl\u0259rl\u0259 \u0259laq\u0259dar bir m\u00fcdd\u0259t yarad\u0131c\u0131l\u0131\u011f\u0131na ara ver\u0259n m\u00fc\u011f\u0259nni 2023-c\u00fc ild\u0259 f\u0259aliyy\u0259tini t\u0259z\u0259d\u0259n b\u0259rpa etdiyini elan edib.<\/p>\n\n\n\n<p>Rusiyada qastrollar planla\u015fd\u0131ran m\u00fc\u011f\u0259nninin Ukrayna Silahl\u0131 Q\u00fcvv\u0259l\u0259rini d\u0259st\u0259kl\u0259m\u0259si iddias\u0131 il\u0259 konsertl\u0259ri l\u0259\u011fv olunub.<\/p>\n\n\n\n<p>Ukrayna Prezidenti Volodimir Zelenski 2022-ci il oktyabr\u0131n 20-d\u0259 Ukraynada do\u011fulan, lakin Rusiyada pe\u015f\u0259kar f\u0259aliyy\u0259t g\u00f6st\u0259r\u0259n \u015f\u0259xsl\u0259r\u0259 qar\u015f\u0131 sanksiya t\u0259tbiq edilm\u0259si haqq\u0131nda f\u0259rman imzalay\u0131b.<\/p>\n\n\n\n<p>Sanksiyalar be\u015f il m\u00fcdd\u0259tin\u0259 t\u0259tbiq edilib v\u0259 aktivl\u0259rin bloklanmas\u0131, lisenziya v\u0259 icaz\u0259l\u0259rin l\u0259\u011fvi, ticar\u0259t\u0259 qada\u011fa v\u0259 kapital\u0131n Ukraynadan \u00e7\u0131xar\u0131lmas\u0131, Ukraynada \u00f6z\u0259ll\u0259\u015fdirm\u0259 v\u0259 icar\u0259 i\u015fl\u0259rind\u0259, torpaq al\u0131nmas\u0131nda i\u015ftirak qada\u011fas\u0131 daxil olmaqla, 15 m\u0259hdudiyy\u0259t b\u0259ndini \u0259hat\u0259 edib.<\/p>\n\n\n\n<p>3600-d\u0259n \u00e7ox fiziki v\u0259 h\u00fcquqi \u015f\u0259xs ad\u0131 daxil edil\u0259n siyah\u0131da Ani Lorak da olub.<\/p>\n\n\n\n<p>N\u0259tic\u0259d\u0259 Lorak Kiyevd\u0259 400 kvadratmetrlik 1,5 milyon dollar (2,5 milyon manatdan \u00e7ox) d\u0259y\u0259rind\u0259 evini itirib.<\/p>\n\n\n\n<p>Ani Lorak Ukraynan\u0131n q\u0259rbind\u0259 do\u011fulub.<\/p>\n\n\n\n<p>Musiqi karyeras\u0131na da orada ba\u015flay\u0131b.<\/p>\n\n\n\n<p>\u201cEurovision 2008\u201d Beyn\u0259lxalq Musiqi M\u00fcsabiq\u0259sinin ikincisi olandan sonra ona Ukraynan\u0131n Xalq artisti ad\u0131 verilib.<\/p>\n\n\n\n<p>M\u00fc\u011f\u0259nni karyeras\u0131n\u0131 daha sonra Rusiyada davam etdirib.<\/p>\n\n\n\n<p>Haz\u0131rda Ani Lorak h\u0259m Ukrayna, h\u0259m d\u0259 Rusiyada arzuolunmaz \u015f\u0259xs elan edilib.<\/p>\n","protected":false},"excerpt":{"rendered":"<p>Konsul deyir ki, buna s\u0259b\u0259b m\u00fc\u011f\u0259nninin m\u00fcharib\u0259 il\u0259 ba\u011fl\u0131 fikirl\u0259rinin&nbsp; &#8230; <\/p>\n<p class=\"read-more-container\"><a title=\"M\u00fc\u011f\u0259nni Ani Lorak\u0131n Antalyada planla\u015fd\u0131r\u0131lan konserti t\u0259xir\u0259 sal\u0131n\u0131b\" class=\"read-more button\" href=\"https:\/\/www.meydan.tv\/az\/article\/mugenni-ani-lorakin-antalyada-planlasdirilan-konserti-texire-salinib\/#more-280690\" aria-label=\"Read more about M\u00fc\u011f\u0259nni Ani Lorak\u0131n Antalyada planla\u015fd\u0131r\u0131lan konserti t\u0259xir\u0259 sal\u0131n\u0131b\">Davam\u0131<\/a><\/p>\n","protected":false},"author":8,"featured_media":280698,"comment_status":"closed","ping_status":"closed","sticky":false,"template":"","format":"standard","meta":{"_acf_changed":false,"_sitemap_exclude":false,"_sitemap_priority":"","_sitemap_frequency":"","footnotes":""},"categories":[52,56],"tags":[],"class_list":["post-280690","post","type-post","status-publish","format-standard","has-post-thumbnail","hentry","category-medeniyyet","category-xeberler","infinite-scroll-item","generate-columns","tablet-grid-50","mobile-grid-100","grid-parent","grid-33","no-featured-image-padding"],"acf":[],"yoast_head":"<!-- This site is optimized with the Yoast SEO plugin v27.4 - https:\/\/yoast.com\/product\/yoast-seo-wordpress\/ -->\n<title>M\u00fc\u011f\u0259nni Ani Lorak\u0131n Antalyada planla\u015fd\u0131r\u0131lan konserti t\u0259xir\u0259 sal\u0131n\u0131b - MEYDAN.TV<\/title>\n<meta name=\"robots\" content=\"index, follow, max-snippet:-1, max-image-preview:large, max-video-preview:-1\" \/>\n<link rel=\"canonical\" href=\"https:\/\/www.meydan.tv\/az\/article\/mugenni-ani-lorakin-antalyada-planlasdirilan-konserti-texire-salinib\/\" \/>\n<meta property=\"og:locale\" content=\"az_AZ\" \/>\n<meta property=\"og:type\" content=\"article\" \/>\n<meta property=\"og:title\" content=\"M\u00fc\u011f\u0259nni Ani Lorak\u0131n Antalyada planla\u015fd\u0131r\u0131lan konserti t\u0259xir\u0259 sal\u0131n\u0131b - MEYDAN.TV\" \/>\n<meta property=\"og:description\" content=\"Konsul deyir ki, buna s\u0259b\u0259b m\u00fc\u011f\u0259nninin m\u00fcharib\u0259 il\u0259 ba\u011fl\u0131 fikirl\u0259rinin&nbsp; ... Davam\u0131\" \/>\n<meta property=\"og:url\" content=\"https:\/\/www.meydan.tv\/az\/article\/mugenni-ani-lorakin-antalyada-planlasdirilan-konserti-texire-salinib\/\" \/>\n<meta property=\"og:site_name\" content=\"MEYDAN.TV\" \/>\n<meta property=\"article:published_time\" content=\"2023-07-26T12:05:27+00:00\" \/>\n<meta property=\"article:modified_time\" content=\"2023-07-26T12:10:45+00:00\" \/>\n<meta property=\"og:image\" content=\"https:\/\/www.meydan.tv\/wp-content\/uploads\/untitled-design-19-4.jpg\" \/>\n\t<meta property=\"og:image:width\" content=\"1200\" \/>\n\t<meta property=\"og:image:height\" content=\"800\" \/>\n\t<meta property=\"og:image:type\" content=\"image\/jpeg\" \/>\n<meta name=\"author\" content=\"elli\" \/>\n<meta name=\"twitter:card\" content=\"summary_large_image\" \/>\n<meta name=\"twitter:creator\" content=\"@elli\" \/>\n<script type=\"application\/ld+json\" class=\"yoast-schema-graph\">{\"@context\":\"https:\\\/\\\/schema.org\",\"@graph\":[{\"@type\":\"Article\",\"@id\":\"https:\\\/\\\/www.meydan.tv\\\/az\\\/article\\\/mugenni-ani-lorakin-antalyada-planlasdirilan-konserti-texire-salinib\\\/#article\",\"isPartOf\":{\"@id\":\"https:\\\/\\\/www.meydan.tv\\\/az\\\/article\\\/mugenni-ani-lorakin-antalyada-planlasdirilan-konserti-texire-salinib\\\/\"},\"author\":{\"name\":\"elli\",\"@id\":\"https:\\\/\\\/www.meydan.tv\\\/az\\\/#\\\/schema\\\/person\\\/9cdbecf90d17180ce1dfbd95b08dcf47\"},\"headline\":\"M\u00fc\u011f\u0259nni Ani Lorak\u0131n Antalyada planla\u015fd\u0131r\u0131lan konserti t\u0259xir\u0259 sal\u0131n\u0131b\",\"datePublished\":\"2023-07-26T12:05:27+00:00\",\"dateModified\":\"2023-07-26T12:10:45+00:00\",\"mainEntityOfPage\":{\"@id\":\"https:\\\/\\\/www.meydan.tv\\\/az\\\/article\\\/mugenni-ani-lorakin-antalyada-planlasdirilan-konserti-texire-salinib\\\/\"},\"wordCount\":783,\"publisher\":{\"@id\":\"https:\\\/\\\/www.meydan.tv\\\/az\\\/#organization\"},\"image\":{\"@id\":\"https:\\\/\\\/www.meydan.tv\\\/az\\\/article\\\/mugenni-ani-lorakin-antalyada-planlasdirilan-konserti-texire-salinib\\\/#primaryimage\"},\"thumbnailUrl\":\"https:\\\/\\\/www.meydan.tv\\\/wp-content\\\/uploads\\\/untitled-design-19-4.jpg\",\"articleSection\":[\"M\u0259d\u0259niyy\u0259t\",\"X\u0259b\u0259rl\u0259r\"],\"inLanguage\":\"az\"},{\"@type\":\"WebPage\",\"@id\":\"https:\\\/\\\/www.meydan.tv\\\/az\\\/article\\\/mugenni-ani-lorakin-antalyada-planlasdirilan-konserti-texire-salinib\\\/\",\"url\":\"https:\\\/\\\/www.meydan.tv\\\/az\\\/article\\\/mugenni-ani-lorakin-antalyada-planlasdirilan-konserti-texire-salinib\\\/\",\"name\":\"M\u00fc\u011f\u0259nni Ani Lorak\u0131n Antalyada planla\u015fd\u0131r\u0131lan konserti t\u0259xir\u0259 sal\u0131n\u0131b - MEYDAN.TV\",\"isPartOf\":{\"@id\":\"https:\\\/\\\/www.meydan.tv\\\/az\\\/#website\"},\"primaryImageOfPage\":{\"@id\":\"https:\\\/\\\/www.meydan.tv\\\/az\\\/article\\\/mugenni-ani-lorakin-antalyada-planlasdirilan-konserti-texire-salinib\\\/#primaryimage\"},\"image\":{\"@id\":\"https:\\\/\\\/www.meydan.tv\\\/az\\\/article\\\/mugenni-ani-lorakin-antalyada-planlasdirilan-konserti-texire-salinib\\\/#primaryimage\"},\"thumbnailUrl\":\"https:\\\/\\\/www.meydan.tv\\\/wp-content\\\/uploads\\\/untitled-design-19-4.jpg\",\"datePublished\":\"2023-07-26T12:05:27+00:00\",\"dateModified\":\"2023-07-26T12:10:45+00:00\",\"breadcrumb\":{\"@id\":\"https:\\\/\\\/www.meydan.tv\\\/az\\\/article\\\/mugenni-ani-lorakin-antalyada-planlasdirilan-konserti-texire-salinib\\\/#breadcrumb\"},\"inLanguage\":\"az\",\"potentialAction\":[{\"@type\":\"ReadAction\",\"target\":[\"https:\\\/\\\/www.meydan.tv\\\/az\\\/article\\\/mugenni-ani-lorakin-antalyada-planlasdirilan-konserti-texire-salinib\\\/\"]}]},{\"@type\":\"ImageObject\",\"inLanguage\":\"az\",\"@id\":\"https:\\\/\\\/www.meydan.tv\\\/az\\\/article\\\/mugenni-ani-lorakin-antalyada-planlasdirilan-konserti-texire-salinib\\\/#primaryimage\",\"url\":\"https:\\\/\\\/www.meydan.tv\\\/wp-content\\\/uploads\\\/untitled-design-19-4.jpg\",\"contentUrl\":\"https:\\\/\\\/www.meydan.tv\\\/wp-content\\\/uploads\\\/untitled-design-19-4.jpg\",\"width\":1200,\"height\":800,\"caption\":\"Ani Lorak. Foto: Wikipedia\"},{\"@type\":\"BreadcrumbList\",\"@id\":\"https:\\\/\\\/www.meydan.tv\\\/az\\\/article\\\/mugenni-ani-lorakin-antalyada-planlasdirilan-konserti-texire-salinib\\\/#breadcrumb\",\"itemListElement\":[{\"@type\":\"ListItem\",\"position\":1,\"name\":\"Ana s\u0259hif\u0259\",\"item\":\"https:\\\/\\\/www.meydan.tv\\\/az\\\/\"},{\"@type\":\"ListItem\",\"position\":2,\"name\":\"M\u0259d\u0259niyy\u0259t\",\"item\":\"https:\\\/\\\/www.meydan.tv\\\/az\\\/section\\\/medeniyyet\\\/\"},{\"@type\":\"ListItem\",\"position\":3,\"name\":\"M\u00fc\u011f\u0259nni Ani Lorak\u0131n Antalyada planla\u015fd\u0131r\u0131lan konserti t\u0259xir\u0259 sal\u0131n\u0131b\"}]},{\"@type\":\"WebSite\",\"@id\":\"https:\\\/\\\/www.meydan.tv\\\/az\\\/#website\",\"url\":\"https:\\\/\\\/www.meydan.tv\\\/az\\\/\",\"name\":\"MEYDAN.TV\",\"description\":\"Meydan TV Az\u0259rbaycan\u0131n media m\u0259kan\u0131ndak\u0131 alternativ s\u0259sidir\",\"publisher\":{\"@id\":\"https:\\\/\\\/www.meydan.tv\\\/az\\\/#organization\"},\"potentialAction\":[{\"@type\":\"SearchAction\",\"target\":{\"@type\":\"EntryPoint\",\"urlTemplate\":\"https:\\\/\\\/www.meydan.tv\\\/az\\\/?s={search_term_string}\"},\"query-input\":{\"@type\":\"PropertyValueSpecification\",\"valueRequired\":true,\"valueName\":\"search_term_string\"}}],\"inLanguage\":\"az\"},{\"@type\":\"Organization\",\"@id\":\"https:\\\/\\\/www.meydan.tv\\\/az\\\/#organization\",\"name\":\"Meydan TV\",\"url\":\"https:\\\/\\\/www.meydan.tv\\\/az\\\/\",\"logo\":{\"@type\":\"ImageObject\",\"inLanguage\":\"az\",\"@id\":\"https:\\\/\\\/www.meydan.tv\\\/az\\\/#\\\/schema\\\/logo\\\/image\\\/\",\"url\":\"https:\\\/\\\/www.meydan.tv\\\/wp-content\\\/uploads\\\/2021\\\/07\\\/meydan-logo.svg\",\"contentUrl\":\"https:\\\/\\\/www.meydan.tv\\\/wp-content\\\/uploads\\\/2021\\\/07\\\/meydan-logo.svg\",\"width\":195,\"height\":46,\"caption\":\"Meydan TV\"},\"image\":{\"@id\":\"https:\\\/\\\/www.meydan.tv\\\/az\\\/#\\\/schema\\\/logo\\\/image\\\/\"}},{\"@type\":\"Person\",\"@id\":\"https:\\\/\\\/www.meydan.tv\\\/az\\\/#\\\/schema\\\/person\\\/9cdbecf90d17180ce1dfbd95b08dcf47\",\"name\":\"elli\",\"sameAs\":[\"https:\\\/\\\/x.com\\\/elli\"]}]}<\/script>\n<!-- \/ Yoast SEO plugin. -->","yoast_head_json":{"title":"M\u00fc\u011f\u0259nni Ani Lorak\u0131n Antalyada planla\u015fd\u0131r\u0131lan konserti t\u0259xir\u0259 sal\u0131n\u0131b - MEYDAN.TV","robots":{"index":"index","follow":"follow","max-snippet":"max-snippet:-1","max-image-preview":"max-image-preview:large","max-video-preview":"max-video-preview:-1"},"canonical":"https:\/\/www.meydan.tv\/az\/article\/mugenni-ani-lorakin-antalyada-planlasdirilan-konserti-texire-salinib\/","og_locale":"az_AZ","og_type":"article","og_title":"M\u00fc\u011f\u0259nni Ani Lorak\u0131n Antalyada planla\u015fd\u0131r\u0131lan konserti t\u0259xir\u0259 sal\u0131n\u0131b - MEYDAN.TV","og_description":"Konsul deyir ki, buna s\u0259b\u0259b m\u00fc\u011f\u0259nninin m\u00fcharib\u0259 il\u0259 ba\u011fl\u0131 fikirl\u0259rinin&nbsp; ... Davam\u0131","og_url":"https:\/\/www.meydan.tv\/az\/article\/mugenni-ani-lorakin-antalyada-planlasdirilan-konserti-texire-salinib\/","og_site_name":"MEYDAN.TV","article_published_time":"2023-07-26T12:05:27+00:00","article_modified_time":"2023-07-26T12:10:45+00:00","og_image":[{"width":1200,"height":800,"url":"https:\/\/www.meydan.tv\/wp-content\/uploads\/untitled-design-19-4.jpg","type":"image\/jpeg"}],"author":"elli","twitter_card":"summary_large_image","twitter_creator":"@elli","schema":{"@context":"https:\/\/schema.org","@graph":[{"@type":"Article","@id":"https:\/\/www.meydan.tv\/az\/article\/mugenni-ani-lorakin-antalyada-planlasdirilan-konserti-texire-salinib\/#article","isPartOf":{"@id":"https:\/\/www.meydan.tv\/az\/article\/mugenni-ani-lorakin-antalyada-planlasdirilan-konserti-texire-salinib\/"},"author":{"name":"elli","@id":"https:\/\/www.meydan.tv\/az\/#\/schema\/person\/9cdbecf90d17180ce1dfbd95b08dcf47"},"headline":"M\u00fc\u011f\u0259nni Ani Lorak\u0131n Antalyada planla\u015fd\u0131r\u0131lan konserti t\u0259xir\u0259 sal\u0131n\u0131b","datePublished":"2023-07-26T12:05:27+00:00","dateModified":"2023-07-26T12:10:45+00:00","mainEntityOfPage":{"@id":"https:\/\/www.meydan.tv\/az\/article\/mugenni-ani-lorakin-antalyada-planlasdirilan-konserti-texire-salinib\/"},"wordCount":783,"publisher":{"@id":"https:\/\/www.meydan.tv\/az\/#organization"},"image":{"@id":"https:\/\/www.meydan.tv\/az\/article\/mugenni-ani-lorakin-antalyada-planlasdirilan-konserti-texire-salinib\/#primaryimage"},"thumbnailUrl":"https:\/\/www.meydan.tv\/wp-content\/uploads\/untitled-design-19-4.jpg","articleSection":["M\u0259d\u0259niyy\u0259t","X\u0259b\u0259rl\u0259r"],"inLanguage":"az"},{"@type":"WebPage","@id":"https:\/\/www.meydan.tv\/az\/article\/mugenni-ani-lorakin-antalyada-planlasdirilan-konserti-texire-salinib\/","url":"https:\/\/www.meydan.tv\/az\/article\/mugenni-ani-lorakin-antalyada-planlasdirilan-konserti-texire-salinib\/","name":"M\u00fc\u011f\u0259nni Ani Lorak\u0131n Antalyada planla\u015fd\u0131r\u0131lan konserti t\u0259xir\u0259 sal\u0131n\u0131b - MEYDAN.TV","isPartOf":{"@id":"https:\/\/www.meydan.tv\/az\/#website"},"primaryImageOfPage":{"@id":"https:\/\/www.meydan.tv\/az\/article\/mugenni-ani-lorakin-antalyada-planlasdirilan-konserti-texire-salinib\/#primaryimage"},"image":{"@id":"https:\/\/www.meydan.tv\/az\/article\/mugenni-ani-lorakin-antalyada-planlasdirilan-konserti-texire-salinib\/#primaryimage"},"thumbnailUrl":"https:\/\/www.meydan.tv\/wp-content\/uploads\/untitled-design-19-4.jpg","datePublished":"2023-07-26T12:05:27+00:00","dateModified":"2023-07-26T12:10:45+00:00","breadcrumb":{"@id":"https:\/\/www.meydan.tv\/az\/article\/mugenni-ani-lorakin-antalyada-planlasdirilan-konserti-texire-salinib\/#breadcrumb"},"inLanguage":"az","potentialAction":[{"@type":"ReadAction","target":["https:\/\/www.meydan.tv\/az\/article\/mugenni-ani-lorakin-antalyada-planlasdirilan-konserti-texire-salinib\/"]}]},{"@type":"ImageObject","inLanguage":"az","@id":"https:\/\/www.meydan.tv\/az\/article\/mugenni-ani-lorakin-antalyada-planlasdirilan-konserti-texire-salinib\/#primaryimage","url":"https:\/\/www.meydan.tv\/wp-content\/uploads\/untitled-design-19-4.jpg","contentUrl":"https:\/\/www.meydan.tv\/wp-content\/uploads\/untitled-design-19-4.jpg","width":1200,"height":800,"caption":"Ani Lorak. Foto: Wikipedia"},{"@type":"BreadcrumbList","@id":"https:\/\/www.meydan.tv\/az\/article\/mugenni-ani-lorakin-antalyada-planlasdirilan-konserti-texire-salinib\/#breadcrumb","itemListElement":[{"@type":"ListItem","position":1,"name":"Ana s\u0259hif\u0259","item":"https:\/\/www.meydan.tv\/az\/"},{"@type":"ListItem","position":2,"name":"M\u0259d\u0259niyy\u0259t","item":"https:\/\/www.meydan.tv\/az\/section\/medeniyyet\/"},{"@type":"ListItem","position":3,"name":"M\u00fc\u011f\u0259nni Ani Lorak\u0131n Antalyada planla\u015fd\u0131r\u0131lan konserti t\u0259xir\u0259 sal\u0131n\u0131b"}]},{"@type":"WebSite","@id":"https:\/\/www.meydan.tv\/az\/#website","url":"https:\/\/www.meydan.tv\/az\/","name":"MEYDAN.TV","description":"Meydan TV Az\u0259rbaycan\u0131n media m\u0259kan\u0131ndak\u0131 alternativ s\u0259sidir","publisher":{"@id":"https:\/\/www.meydan.tv\/az\/#organization"},"potentialAction":[{"@type":"SearchAction","target":{"@type":"EntryPoint","urlTemplate":"https:\/\/www.meydan.tv\/az\/?s={search_term_string}"},"query-input":{"@type":"PropertyValueSpecification","valueRequired":true,"valueName":"search_term_string"}}],"inLanguage":"az"},{"@type":"Organization","@id":"https:\/\/www.meydan.tv\/az\/#organization","name":"Meydan TV","url":"https:\/\/www.meydan.tv\/az\/","logo":{"@type":"ImageObject","inLanguage":"az","@id":"https:\/\/www.meydan.tv\/az\/#\/schema\/logo\/image\/","url":"https:\/\/www.meydan.tv\/wp-content\/uploads\/2021\/07\/meydan-logo.svg","contentUrl":"https:\/\/www.meydan.tv\/wp-content\/uploads\/2021\/07\/meydan-logo.svg","width":195,"height":46,"caption":"Meydan TV"},"image":{"@id":"https:\/\/www.meydan.tv\/az\/#\/schema\/logo\/image\/"}},{"@type":"Person","@id":"https:\/\/www.meydan.tv\/az\/#\/schema\/person\/9cdbecf90d17180ce1dfbd95b08dcf47","name":"elli","sameAs":["https:\/\/x.com\/elli"]}]}},"_links":{"self":[{"href":"https:\/\/www.meydan.tv\/az\/wp-json\/wp\/v2\/posts\/280690","targetHints":{"allow":["GET"]}}],"collection":[{"href":"https:\/\/www.meydan.tv\/az\/wp-json\/wp\/v2\/posts"}],"about":[{"href":"https:\/\/www.meydan.tv\/az\/wp-json\/wp\/v2\/types\/post"}],"author":[{"embeddable":true,"href":"https:\/\/www.meydan.tv\/az\/wp-json\/wp\/v2\/users\/8"}],"replies":[{"embeddable":true,"href":"https:\/\/www.meydan.tv\/az\/wp-json\/wp\/v2\/comments?post=280690"}],"version-history":[{"count":2,"href":"https:\/\/www.meydan.tv\/az\/wp-json\/wp\/v2\/posts\/280690\/revisions"}],"predecessor-version":[{"id":280701,"href":"https:\/\/www.meydan.tv\/az\/wp-json\/wp\/v2\/posts\/280690\/revisions\/280701"}],"wp:featuredmedia":[{"embeddable":true,"href":"https:\/\/www.meydan.tv\/az\/wp-json\/wp\/v2\/media\/280698"}],"wp:attachment":[{"href":"https:\/\/www.meydan.tv\/az\/wp-json\/wp\/v2\/media?parent=280690"}],"wp:term":[{"taxonomy":"category","embeddable":true,"href":"https:\/\/www.meydan.tv\/az\/wp-json\/wp\/v2\/categories?post=280690"},{"taxonomy":"post_tag","embeddable":true,"href":"https:\/\/www.meydan.tv\/az\/wp-json\/wp\/v2\/tags?post=280690"}],"curies":[{"name":"wp","href":"https:\/\/api.w.org\/{rel}","templated":true}]}}