{"id":280657,"date":"2023-07-26T12:44:46","date_gmt":"2023-07-26T08:44:46","guid":{"rendered":"https:\/\/www.meydan.tv\/?p=280657"},"modified":"2023-07-26T13:02:27","modified_gmt":"2023-07-26T09:02:27","slug":"eli-isa-cabbarov-sedrin-kim-olacagini-muzakire-etmek-hele-tezdir","status":"publish","type":"post","link":"https:\/\/www.meydan.tv\/az\/article\/eli-isa-cabbarov-sedrin-kim-olacagini-muzakire-etmek-hele-tezdir\/","title":{"rendered":"\u018fli \u0130sa Cabbarov: \u201cS\u0259drin kim olaca\u011f\u0131n\u0131 m\u00fczakir\u0259 etm\u0259k h\u0259l\u0259 tezdir\u201d\u00a0\u00a0\u00a0\u00a0\u00a0\u00a0"},"content":{"rendered":"\n<p><strong><em>&nbsp;<\/em><\/strong><\/p>\n\n\n\n<p><strong><em>Kino ittifaqlar\u0131 birl\u0259\u015fir<\/em><\/strong><\/p>\n\n\n\n<p>Az\u0259rbaycan Kinematoqraf\u00e7\u0131lar \u0130ttifaq\u0131 (AK\u0130) \u0130dar\u0259 Hey\u0259ti Az\u0259rbaycan Respublikas\u0131 Kinematoqraf\u00e7\u0131lar \u0130ttifaq\u0131 il\u0259 (ARK\u0130) vahid ad alt\u0131nda birl\u0259\u015fm\u0259k m\u0259qs\u0259dli b\u0259yanat <a href=\"https:\/\/www.facebook.com\/kinoittifaq\/posts\/671406818362658?ref=embed_post\" target=\"_blank\" rel=\"noreferrer noopener\">yay\u0131b.<\/a><br><br>B\u0259yanatda deyilir ki, eyni adda iki qurumun f\u0259aliyy\u0259t g\u00f6st\u0259rm\u0259si kinematoqraf\u00e7\u0131lar aras\u0131nda h\u0259mr\u0259yliy\u0259, \u00fcmumilikd\u0259 Az\u0259rbaycan kinosunun inki\u015faf\u0131na ciddi mane olur:<\/p>\n\n\n\n<p>\u201c<em>Kinomuzda u\u011furla islahatlar\u0131n apar\u0131lmas\u0131 \u00fc\u00e7\u00fcn iki qohum t\u0259\u015fkilat\u0131n birliyi m\u00fctl\u0259qdir. Biz Az\u0259rbaycan Respublikas\u0131 Kinematoqraf\u00e7\u0131lar \u0130ttifaq\u0131 (ARK\u0130) \u00fczvl\u0259rin\u0259 m\u00fcraci\u0259t edib, birl\u0259\u015fm\u0259k istiqam\u0259tind\u0259 birg\u0259 f\u0259aliyy\u0259t\u0259 \u00e7a\u011f\u0131r\u0131r\u0131q. Bu birlik t\u0259\u015fkilatlar aras\u0131nda \u0259dal\u0259tlilik prinsipi \u0259sas\u0131nda olmal\u0131d\u0131r\u201d.<\/em><\/p>\n\n\n\n<p>\u201c<em>1963-c\u00fc ild\u0259n f\u0259aliyy\u0259t g\u00f6st\u0259r\u0259n Az\u0259rbaycan Kinematoqraf\u00e7\u0131lar \u0130ttifaq\u0131n\u0131n (AK\u0130), h\u0259m d\u0259 2012-ci ild\u0259 yarad\u0131lm\u0131\u015f Az\u0259rbaycan Respublikas\u0131 Kinematoqraf\u00e7\u0131lar \u0130ttifaq\u0131n\u0131n (ARK\u0130) f\u0259aliyy\u0259tinin t\u0259m\u0259l prinsipi h\u0259mr\u0259yliy\u0259 xidm\u0259t etm\u0259kdir. M\u0259hz buna g\u00f6r\u0259 d\u0259 ARKI-nin s\u0259dri t\u0259sis\u00e7il\u0259ri v\u0259 AK\u0130-nin idar\u0259 hey\u0259ti birg\u0259 verdiyimiz bu b\u0259yanatla bildirm\u0259k ist\u0259yirik ki, Az\u0259rbaycan kinosunun 125, \u201cAz\u0259rbaycanfilm\u201d kinostudiyas\u0131n\u0131n 100 illiyik yubileyi \u0259r\u0259f\u0259sind\u0259 vahid, yeni idar\u0259etm\u0259 formas\u0131nda birl\u0259\u015fm\u0259k q\u0259rar\u0131na g\u0259ldik. Bu t\u0259\u015f\u0259bb\u00fcs h\u0259r iki ittifaq\u0131n \u00fcmumi r\u0259yini ehtiva edir v\u0259 kollegial q\u0259bul edimi\u015f q\u0259rard\u0131r\u201d, &#8211; <\/em>ARK\u0130-nin b\u0259yanat\u0131nda <a href=\"https:\/\/arki.az\/az\/news\/1031\/arki-nin-sedri-sefiqe-memmedova-tesiscileri-ve-idare-heyeti-uzvlerinin-beyanati\" target=\"_blank\" rel=\"noreferrer noopener\">deyilir.<\/a><\/p>\n\n\n\n<p><br>AK\u0130-nin katibi \u018fli \u0130sa Cabbarov Meydan TV-y\u0259 bildirib ki, h\u0259r iki ittifaq\u0131n r\u0259hb\u0259rliyi birl\u0259\u015fm\u0259k \u00fc\u00e7\u00fcn t\u0259\u015f\u0259bb\u00fcs qald\u0131r\u0131b. Birl\u0259\u015fdikd\u0259n sonra kinoittifaqa kimin r\u0259hb\u0259rlik ed\u0259c\u0259yin\u0259 g\u0259linc\u0259, \u018fli \u0130sa Cabbarov deyir ki, bu haqda dan\u0131\u015fmaq h\u0259l\u0259 tezdir:<\/p>\n\n\n\n<p>\u201c<em>Birl\u0259\u015fm\u0259k h\u0259r iki t\u0259\u015fkilat\u0131n birg\u0259 t\u0259\u015f\u0259bb\u00fcs\u00fcd\u00fcr. Quruma kimin r\u0259hb\u0259rlik ed\u0259c\u0259yi, h\u0259l\u0259 ki, bu g\u00fcn\u00fcn m\u00fczakir\u0259 olunacaq m\u0259s\u0259l\u0259si deyil. Niyy\u0259timiz birlikdir. Bu, bir g\u00fcn\u00fcn yaxud da bir h\u0259ft\u0259nin i\u015fi deyil. H\u0259r iki t\u0259\u015fkilat\u0131n maliyy\u0259 v\u0259 h\u00fcquqi \u00f6hd\u0259likl\u0259ri var. Bu m\u0259s\u0259l\u0259l\u0259r tam h\u0259ll edildikd\u0259n sonra s\u0259dr ilk yaranacaq t\u0259\u015fkilat\u0131n t\u0259sis qurultay\u0131nda \u00fcmumi iclasda se\u00e7il\u0259c\u0259k\u201d.<\/em><\/p>\n\n\n<div class=\"wp-block-image\">\n<figure class=\"aligncenter size-full is-resized\"><img decoding=\"async\" data-src=\"https:\/\/www.meydan.tv\/wp-content\/uploads\/24632.jpg\" alt=\"\u018fli \u0130sa Cabbarov\" class=\"wp-image-64571 lazyload\" width=\"798\" height=\"599\" src=\"data:image\/svg+xml;base64,PHN2ZyB3aWR0aD0iMSIgaGVpZ2h0PSIxIiB4bWxucz0iaHR0cDovL3d3dy53My5vcmcvMjAwMC9zdmciPjwvc3ZnPg==\" style=\"--smush-placeholder-width: 798px; --smush-placeholder-aspect-ratio: 798\/599;\" \/><figcaption class=\"wp-element-caption\">Foto: sosial \u015f\u0259b\u0259k\u0259<\/figcaption><\/figure>\n<\/div>\n\n\n<p>2022-ci il dekabr\u0131n 17-d\u0259 ARK\u0130 m\u0259lumat yayd\u0131 ki, \u0130ttifaq\u0131n nizamnam\u0259sin\u0259 uy\u011fun olaraq \u015e\u0259fiq\u0259 M\u0259mm\u0259dova iclas i\u015ftirak\u00e7\u0131lar\u0131n\u0131n yekdil raz\u0131l\u0131\u011f\u0131na \u0259sas\u0259n, yenid\u0259n \u0130dar\u0259 Hey\u0259tinin s\u0259dri se\u00e7ilib.<\/p>\n\n\n\n<p>2022-ci ilin dekabr\u0131n 22-d\u0259 is\u0259 Xalq artisti, rejissor \u015eeyx \u018fbd\u00fcl Mahmudovb\u0259yov \u00fczv\u00fc oldu\u011fu ARK\u0130-nin s\u0259dri \u015e\u0259fiq\u0259 M\u0259mm\u0259dovan\u0131 saxta se\u00e7kil\u0259rd\u0259 ittiham <a href=\"https:\/\/d9mc3ts4czbpr.cloudfront.net\/az\/article\/sefiqe-memmedovanin-sedrliyi-qeyde-alinsa-nazirliyi-mehkemeye-vereceyem\/\" target=\"_blank\" rel=\"noreferrer noopener\">etdi.<\/a><br>O bildirdi ki, \u015e\u0259fiq\u0259 M\u0259mm\u0259dova ARK\u0130-nin bir ne\u00e7\u0259 \u00fczv\u00fc il\u0259 iclas ke\u00e7ir\u0259r\u0259k, \u00f6z\u00fcn\u00fc yenid\u0259n qurumun s\u0259dri se\u00e7ib.<br>\u015eeyx \u018fbd\u00fcl Mahmudovb\u0259yov d\u0259f\u0259l\u0259rl\u0259 h\u0259r iki Kino \u0130ttifaq\u0131n birl\u0259\u015fdirilm\u0259sini t\u0259klif ets\u0259 d\u0259, buna m\u00fcsb\u0259t reaksiya g\u0259lm\u0259di.<\/p>\n\n\n\n<figure class=\"wp-block-image size-full\"><img decoding=\"async\" width=\"1000\" height=\"585\" data-src=\"https:\/\/www.meydan.tv\/wp-content\/uploads\/9777789-e1673526792715.jpg\" alt=\"\" class=\"wp-image-264497 lazyload\" src=\"data:image\/svg+xml;base64,PHN2ZyB3aWR0aD0iMSIgaGVpZ2h0PSIxIiB4bWxucz0iaHR0cDovL3d3dy53My5vcmcvMjAwMC9zdmciPjwvc3ZnPg==\" style=\"--smush-placeholder-width: 1000px; --smush-placeholder-aspect-ratio: 1000\/585;\" \/><figcaption class=\"wp-element-caption\"> \u015e\u0259fiq\u0259 M\u0259mm\u0259dova v\u0259 \u015eeyx \u018fbd\u00fcl Mahmudovb\u0259yov.\nFoto: &#8220;azerforum.az&#8221;<\/figcaption><\/figure>\n\n\n\n<p>Dig\u0259r \u0130ttifaq\u0131n \u2013 AK\u0130-nin s\u0259dri, Xalq artisti Rasim Balayev ba\u015f ver\u0259nl\u0259r\u0259 m\u00fcnasib\u0259t bildir\u0259rk\u0259n dedi ki, b\u00fct\u00fcn \u00f6lk\u0259l\u0259rd\u0259 kino ittifaq\u0131 <a href=\"https:\/\/www.meydan.tv\/az\/article\/arki-de-istefalar-kimler-gelir-kimler-gedir\/\" target=\"_blank\" rel=\"noreferrer noopener\">birdir.<\/a><\/p>\n\n\n\n<p><em>\u201cBir \u00f6lk\u0259d\u0259 iki kino ittifaq\u0131n\u0131 yaradanlar, bu \u015f\u0259raiti yaradan adamlar d\u00fc\u015f\u00fcnm\u0259lidir. D\u00fc\u015f\u00fcnm\u0259lidirl\u0259r ki, bundan sonra nec\u0259 olacaq?\u201d,<\/em> &#8211; AK\u0130 s\u0259dri \u0259lav\u0259 etmi\u015fdi.<\/p>\n\n\n\n<p>Bunun ard\u0131nca, 2023-c\u00fc ilin yanvar\u0131nda is\u0259 bir qrup kino xadiminin ARK\u0130 \u00fczvl\u00fcy\u00fcnd\u0259n imtina etdiyi m\u0259lum oldu.<\/p>\n\n\n\n<p>\u00dcmumilikd\u0259 iyirmiy\u0259 yax\u0131n inc\u0259s\u0259n\u0259t n\u00fcmay\u0259nd\u0259si se\u00e7kil\u0259rin saxtala\u015fd\u0131r\u0131lmas\u0131na g\u00f6r\u0259 qurumu t\u0259rk etdiyini a\u00e7\u0131qlad\u0131.<\/p>\n\n\n\n<p>Az\u0259rbaycan Respublikas\u0131 Kinematoqraf\u00e7\u0131lar \u0130ttifaq\u0131 (ARK\u0130) 2012-ci ild\u0259 Az\u0259rbaycan Kinematoqraf\u00e7\u0131lar \u0130ttifaq\u0131na (AK\u0130) alternativ olaraq yarad\u0131l\u0131b. H\u0259min ild\u0259n \u0130ttifaqa Xalq artisti, aktrisa \u015e\u0259fiq\u0259 M\u0259mm\u0259dova r\u0259hb\u0259rlik edir.<\/p>\n\n\n\n<p>Az\u0259rbaycan Kinematoqraf\u00e7\u0131lar \u0130ttifaq\u0131na (AK\u0130) 1981-ci ild\u0259n R\u00fcst\u0259m \u0130brahimb\u0259yov r\u0259hb\u0259rlik edirdi.<\/p>\n\n\n<div class=\"wp-block-image\">\n<figure class=\"aligncenter size-full\"><img decoding=\"async\" width=\"1023\" height=\"577\" data-src=\"https:\/\/www.meydan.tv\/wp-content\/uploads\/screenshot_28.png\" alt=\"Kinematoqraf\u00e7\u0131lar \u0130ttifaq\u0131n\u0131n s\u0259dri R\u00fcst\u0259m \u0130brahimb\u0259yov\" class=\"wp-image-127751 lazyload\" src=\"data:image\/svg+xml;base64,PHN2ZyB3aWR0aD0iMSIgaGVpZ2h0PSIxIiB4bWxucz0iaHR0cDovL3d3dy53My5vcmcvMjAwMC9zdmciPjwvc3ZnPg==\" style=\"--smush-placeholder-width: 1023px; --smush-placeholder-aspect-ratio: 1023\/577;\" \/><figcaption class=\"wp-element-caption\">Foto: Meydan TV<\/figcaption><\/figure>\n<\/div>\n\n\n<p>2012-ci ild\u0259 R\u00fcst\u0259m \u0130brahimb\u0259yovun siyasi bax\u0131\u015flar\u0131na g\u00f6r\u0259 \u0130ttifaq H\u00f6kum\u0259t Evind\u0259ki ofisind\u0259n \u00e7\u0131xar\u0131l\u0131b.<\/p>\n\n\n\n<p>M\u00fcxalif siyasi q\u00fcvv\u0259l\u0259rin birl\u0259\u015fdiyi Milli \u015eura 2013-c\u00fc ilin prezident se\u00e7kisind\u0259 R\u00fcst\u0259m \u0130brahimb\u0259yovun namiz\u0259dliyini ir\u0259li s\u00fcr\u0259nd\u0259n sonra AK\u0130-d\u0259 ciddi probleml\u0259r yaran\u0131b.<br>R\u00fcst\u0259m \u0130brahimb\u0259yov Moskvaya ged\u0259nd\u0259n sonra \u0130ttifaq\u0131n f\u0259aliyy\u0259ti dayan\u0131b.<br>Bir ne\u00e7\u0259 ild\u0259n sonra \u0130ttifaq yenid\u0259n f\u0259aliyy\u0259tini b\u0259rpa edib.<\/p>\n\n\n\n<p>\u00d6lk\u0259d\u0259 iki kino ittifaq\u0131n\u0131n f\u0259aliyy\u0259t g\u00f6st\u0259rm\u0259si kino adamlar\u0131 aras\u0131nda ciddi probleml\u0259r, s\u00f6z-s\u00f6hb\u0259t\u0259, ayr\u0131-se\u00e7kiliy\u0259 s\u0259b\u0259b olub.<br>Vaxtil\u0259 Az\u0259rbaycan Kinematoqraf\u00e7\u0131lar \u0130ttifaq\u0131nda birl\u0259\u015fmi\u015f rejissorlar, kino adamlar\u0131 iki ayr\u0131 c\u0259bh\u0259d\u0259dirl\u0259r.<\/p>\n\n\n\n<p>2022-ci ilin mart\u0131nda R\u00fcst\u0259m \u0130brahimb\u0259yov v\u0259fat edib.<br>Ard\u0131nca AK\u0130-d\u0259 qurultay ke\u00e7iril\u0259r\u0259k, s\u0259dr postuna Xalq artisti, aktyor Rasim Balayev g\u0259tirilib.<\/p>\n","protected":false},"excerpt":{"rendered":"<p>&nbsp; Kino ittifaqlar\u0131 birl\u0259\u015fir Az\u0259rbaycan Kinematoqraf\u00e7\u0131lar \u0130ttifaq\u0131 (AK\u0130) \u0130dar\u0259 Hey\u0259ti &#8230; <\/p>\n<p class=\"read-more-container\"><a title=\"\u018fli \u0130sa Cabbarov: \u201cS\u0259drin kim olaca\u011f\u0131n\u0131 m\u00fczakir\u0259 etm\u0259k h\u0259l\u0259 tezdir\u201d\u00a0\u00a0\u00a0\u00a0\u00a0\u00a0\" class=\"read-more button\" href=\"https:\/\/www.meydan.tv\/az\/article\/eli-isa-cabbarov-sedrin-kim-olacagini-muzakire-etmek-hele-tezdir\/#more-280657\" aria-label=\"Read more about \u018fli \u0130sa Cabbarov: \u201cS\u0259drin kim olaca\u011f\u0131n\u0131 m\u00fczakir\u0259 etm\u0259k h\u0259l\u0259 tezdir\u201d\u00a0\u00a0\u00a0\u00a0\u00a0\u00a0\">Davam\u0131<\/a><\/p>\n","protected":false},"author":8,"featured_media":242701,"comment_status":"closed","ping_status":"closed","sticky":false,"template":"","format":"standard","meta":{"_acf_changed":false,"_sitemap_exclude":false,"_sitemap_priority":"","_sitemap_frequency":"","footnotes":""},"categories":[52,56],"tags":[],"class_list":["post-280657","post","type-post","status-publish","format-standard","has-post-thumbnail","hentry","category-medeniyyet","category-xeberler","infinite-scroll-item","generate-columns","tablet-grid-50","mobile-grid-100","grid-parent","grid-33","no-featured-image-padding"],"acf":[],"yoast_head":"<!-- This site is optimized with the Yoast SEO plugin v27.4 - https:\/\/yoast.com\/product\/yoast-seo-wordpress\/ -->\n<title>\u018fli \u0130sa Cabbarov: \u201cS\u0259drin kim olaca\u011f\u0131n\u0131 m\u00fczakir\u0259 etm\u0259k h\u0259l\u0259 tezdir\u201d\u00a0\u00a0\u00a0\u00a0\u00a0\u00a0 - MEYDAN.TV<\/title>\n<meta name=\"robots\" content=\"index, follow, max-snippet:-1, max-image-preview:large, max-video-preview:-1\" \/>\n<link rel=\"canonical\" href=\"https:\/\/www.meydan.tv\/az\/article\/eli-isa-cabbarov-sedrin-kim-olacagini-muzakire-etmek-hele-tezdir\/\" \/>\n<meta property=\"og:locale\" content=\"az_AZ\" \/>\n<meta property=\"og:type\" content=\"article\" \/>\n<meta property=\"og:title\" content=\"\u018fli \u0130sa Cabbarov: \u201cS\u0259drin kim olaca\u011f\u0131n\u0131 m\u00fczakir\u0259 etm\u0259k h\u0259l\u0259 tezdir\u201d\u00a0\u00a0\u00a0\u00a0\u00a0\u00a0 - MEYDAN.TV\" \/>\n<meta property=\"og:description\" content=\"&nbsp; Kino ittifaqlar\u0131 birl\u0259\u015fir Az\u0259rbaycan Kinematoqraf\u00e7\u0131lar \u0130ttifaq\u0131 (AK\u0130) \u0130dar\u0259 Hey\u0259ti ... Davam\u0131\" \/>\n<meta property=\"og:url\" content=\"https:\/\/www.meydan.tv\/az\/article\/eli-isa-cabbarov-sedrin-kim-olacagini-muzakire-etmek-hele-tezdir\/\" \/>\n<meta property=\"og:site_name\" content=\"MEYDAN.TV\" \/>\n<meta property=\"article:published_time\" content=\"2023-07-26T08:44:46+00:00\" \/>\n<meta property=\"article:modified_time\" content=\"2023-07-26T09:02:27+00:00\" \/>\n<meta property=\"og:image\" content=\"https:\/\/www.meydan.tv\/wp-content\/uploads\/shutterstock_1914661585.jpg\" \/>\n\t<meta property=\"og:image:width\" content=\"1200\" \/>\n\t<meta property=\"og:image:height\" content=\"794\" \/>\n\t<meta property=\"og:image:type\" content=\"image\/jpeg\" \/>\n<meta name=\"author\" content=\"elli\" \/>\n<meta name=\"twitter:card\" content=\"summary_large_image\" \/>\n<meta name=\"twitter:creator\" content=\"@elli\" \/>\n<script type=\"application\/ld+json\" class=\"yoast-schema-graph\">{\"@context\":\"https:\\\/\\\/schema.org\",\"@graph\":[{\"@type\":\"Article\",\"@id\":\"https:\\\/\\\/www.meydan.tv\\\/az\\\/article\\\/eli-isa-cabbarov-sedrin-kim-olacagini-muzakire-etmek-hele-tezdir\\\/#article\",\"isPartOf\":{\"@id\":\"https:\\\/\\\/www.meydan.tv\\\/az\\\/article\\\/eli-isa-cabbarov-sedrin-kim-olacagini-muzakire-etmek-hele-tezdir\\\/\"},\"author\":{\"name\":\"elli\",\"@id\":\"https:\\\/\\\/www.meydan.tv\\\/az\\\/#\\\/schema\\\/person\\\/9cdbecf90d17180ce1dfbd95b08dcf47\"},\"headline\":\"\u018fli \u0130sa Cabbarov: \u201cS\u0259drin kim olaca\u011f\u0131n\u0131 m\u00fczakir\u0259 etm\u0259k h\u0259l\u0259 tezdir\u201d\u00a0\u00a0\u00a0\u00a0\u00a0\u00a0\",\"datePublished\":\"2023-07-26T08:44:46+00:00\",\"dateModified\":\"2023-07-26T09:02:27+00:00\",\"mainEntityOfPage\":{\"@id\":\"https:\\\/\\\/www.meydan.tv\\\/az\\\/article\\\/eli-isa-cabbarov-sedrin-kim-olacagini-muzakire-etmek-hele-tezdir\\\/\"},\"wordCount\":920,\"publisher\":{\"@id\":\"https:\\\/\\\/www.meydan.tv\\\/az\\\/#organization\"},\"image\":{\"@id\":\"https:\\\/\\\/www.meydan.tv\\\/az\\\/article\\\/eli-isa-cabbarov-sedrin-kim-olacagini-muzakire-etmek-hele-tezdir\\\/#primaryimage\"},\"thumbnailUrl\":\"https:\\\/\\\/www.meydan.tv\\\/wp-content\\\/uploads\\\/shutterstock_1914661585.jpg\",\"articleSection\":[\"M\u0259d\u0259niyy\u0259t\",\"X\u0259b\u0259rl\u0259r\"],\"inLanguage\":\"az\"},{\"@type\":\"WebPage\",\"@id\":\"https:\\\/\\\/www.meydan.tv\\\/az\\\/article\\\/eli-isa-cabbarov-sedrin-kim-olacagini-muzakire-etmek-hele-tezdir\\\/\",\"url\":\"https:\\\/\\\/www.meydan.tv\\\/az\\\/article\\\/eli-isa-cabbarov-sedrin-kim-olacagini-muzakire-etmek-hele-tezdir\\\/\",\"name\":\"\u018fli \u0130sa Cabbarov: \u201cS\u0259drin kim olaca\u011f\u0131n\u0131 m\u00fczakir\u0259 etm\u0259k h\u0259l\u0259 tezdir\u201d\u00a0\u00a0\u00a0\u00a0\u00a0\u00a0 - MEYDAN.TV\",\"isPartOf\":{\"@id\":\"https:\\\/\\\/www.meydan.tv\\\/az\\\/#website\"},\"primaryImageOfPage\":{\"@id\":\"https:\\\/\\\/www.meydan.tv\\\/az\\\/article\\\/eli-isa-cabbarov-sedrin-kim-olacagini-muzakire-etmek-hele-tezdir\\\/#primaryimage\"},\"image\":{\"@id\":\"https:\\\/\\\/www.meydan.tv\\\/az\\\/article\\\/eli-isa-cabbarov-sedrin-kim-olacagini-muzakire-etmek-hele-tezdir\\\/#primaryimage\"},\"thumbnailUrl\":\"https:\\\/\\\/www.meydan.tv\\\/wp-content\\\/uploads\\\/shutterstock_1914661585.jpg\",\"datePublished\":\"2023-07-26T08:44:46+00:00\",\"dateModified\":\"2023-07-26T09:02:27+00:00\",\"breadcrumb\":{\"@id\":\"https:\\\/\\\/www.meydan.tv\\\/az\\\/article\\\/eli-isa-cabbarov-sedrin-kim-olacagini-muzakire-etmek-hele-tezdir\\\/#breadcrumb\"},\"inLanguage\":\"az\",\"potentialAction\":[{\"@type\":\"ReadAction\",\"target\":[\"https:\\\/\\\/www.meydan.tv\\\/az\\\/article\\\/eli-isa-cabbarov-sedrin-kim-olacagini-muzakire-etmek-hele-tezdir\\\/\"]}]},{\"@type\":\"ImageObject\",\"inLanguage\":\"az\",\"@id\":\"https:\\\/\\\/www.meydan.tv\\\/az\\\/article\\\/eli-isa-cabbarov-sedrin-kim-olacagini-muzakire-etmek-hele-tezdir\\\/#primaryimage\",\"url\":\"https:\\\/\\\/www.meydan.tv\\\/wp-content\\\/uploads\\\/shutterstock_1914661585.jpg\",\"contentUrl\":\"https:\\\/\\\/www.meydan.tv\\\/wp-content\\\/uploads\\\/shutterstock_1914661585.jpg\",\"width\":1200,\"height\":794,\"caption\":\"Az\u0259rbaycan kinosu. Foto: natatravel\\\/shutterstock\"},{\"@type\":\"BreadcrumbList\",\"@id\":\"https:\\\/\\\/www.meydan.tv\\\/az\\\/article\\\/eli-isa-cabbarov-sedrin-kim-olacagini-muzakire-etmek-hele-tezdir\\\/#breadcrumb\",\"itemListElement\":[{\"@type\":\"ListItem\",\"position\":1,\"name\":\"Ana s\u0259hif\u0259\",\"item\":\"https:\\\/\\\/www.meydan.tv\\\/az\\\/\"},{\"@type\":\"ListItem\",\"position\":2,\"name\":\"M\u0259d\u0259niyy\u0259t\",\"item\":\"https:\\\/\\\/www.meydan.tv\\\/az\\\/section\\\/medeniyyet\\\/\"},{\"@type\":\"ListItem\",\"position\":3,\"name\":\"\u018fli \u0130sa Cabbarov: \u201cS\u0259drin kim olaca\u011f\u0131n\u0131 m\u00fczakir\u0259 etm\u0259k h\u0259l\u0259 tezdir\u201d\u00a0\u00a0\u00a0\u00a0\u00a0\u00a0\"}]},{\"@type\":\"WebSite\",\"@id\":\"https:\\\/\\\/www.meydan.tv\\\/az\\\/#website\",\"url\":\"https:\\\/\\\/www.meydan.tv\\\/az\\\/\",\"name\":\"MEYDAN.TV\",\"description\":\"Meydan TV Az\u0259rbaycan\u0131n media m\u0259kan\u0131ndak\u0131 alternativ s\u0259sidir\",\"publisher\":{\"@id\":\"https:\\\/\\\/www.meydan.tv\\\/az\\\/#organization\"},\"potentialAction\":[{\"@type\":\"SearchAction\",\"target\":{\"@type\":\"EntryPoint\",\"urlTemplate\":\"https:\\\/\\\/www.meydan.tv\\\/az\\\/?s={search_term_string}\"},\"query-input\":{\"@type\":\"PropertyValueSpecification\",\"valueRequired\":true,\"valueName\":\"search_term_string\"}}],\"inLanguage\":\"az\"},{\"@type\":\"Organization\",\"@id\":\"https:\\\/\\\/www.meydan.tv\\\/az\\\/#organization\",\"name\":\"Meydan TV\",\"url\":\"https:\\\/\\\/www.meydan.tv\\\/az\\\/\",\"logo\":{\"@type\":\"ImageObject\",\"inLanguage\":\"az\",\"@id\":\"https:\\\/\\\/www.meydan.tv\\\/az\\\/#\\\/schema\\\/logo\\\/image\\\/\",\"url\":\"https:\\\/\\\/www.meydan.tv\\\/wp-content\\\/uploads\\\/2021\\\/07\\\/meydan-logo.svg\",\"contentUrl\":\"https:\\\/\\\/www.meydan.tv\\\/wp-content\\\/uploads\\\/2021\\\/07\\\/meydan-logo.svg\",\"width\":195,\"height\":46,\"caption\":\"Meydan TV\"},\"image\":{\"@id\":\"https:\\\/\\\/www.meydan.tv\\\/az\\\/#\\\/schema\\\/logo\\\/image\\\/\"}},{\"@type\":\"Person\",\"@id\":\"https:\\\/\\\/www.meydan.tv\\\/az\\\/#\\\/schema\\\/person\\\/9cdbecf90d17180ce1dfbd95b08dcf47\",\"name\":\"elli\",\"sameAs\":[\"https:\\\/\\\/x.com\\\/elli\"]}]}<\/script>\n<!-- \/ Yoast SEO plugin. -->","yoast_head_json":{"title":"\u018fli \u0130sa Cabbarov: \u201cS\u0259drin kim olaca\u011f\u0131n\u0131 m\u00fczakir\u0259 etm\u0259k h\u0259l\u0259 tezdir\u201d\u00a0\u00a0\u00a0\u00a0\u00a0\u00a0 - MEYDAN.TV","robots":{"index":"index","follow":"follow","max-snippet":"max-snippet:-1","max-image-preview":"max-image-preview:large","max-video-preview":"max-video-preview:-1"},"canonical":"https:\/\/www.meydan.tv\/az\/article\/eli-isa-cabbarov-sedrin-kim-olacagini-muzakire-etmek-hele-tezdir\/","og_locale":"az_AZ","og_type":"article","og_title":"\u018fli \u0130sa Cabbarov: \u201cS\u0259drin kim olaca\u011f\u0131n\u0131 m\u00fczakir\u0259 etm\u0259k h\u0259l\u0259 tezdir\u201d\u00a0\u00a0\u00a0\u00a0\u00a0\u00a0 - MEYDAN.TV","og_description":"&nbsp; Kino ittifaqlar\u0131 birl\u0259\u015fir Az\u0259rbaycan Kinematoqraf\u00e7\u0131lar \u0130ttifaq\u0131 (AK\u0130) \u0130dar\u0259 Hey\u0259ti ... Davam\u0131","og_url":"https:\/\/www.meydan.tv\/az\/article\/eli-isa-cabbarov-sedrin-kim-olacagini-muzakire-etmek-hele-tezdir\/","og_site_name":"MEYDAN.TV","article_published_time":"2023-07-26T08:44:46+00:00","article_modified_time":"2023-07-26T09:02:27+00:00","og_image":[{"width":1200,"height":794,"url":"https:\/\/www.meydan.tv\/wp-content\/uploads\/shutterstock_1914661585.jpg","type":"image\/jpeg"}],"author":"elli","twitter_card":"summary_large_image","twitter_creator":"@elli","schema":{"@context":"https:\/\/schema.org","@graph":[{"@type":"Article","@id":"https:\/\/www.meydan.tv\/az\/article\/eli-isa-cabbarov-sedrin-kim-olacagini-muzakire-etmek-hele-tezdir\/#article","isPartOf":{"@id":"https:\/\/www.meydan.tv\/az\/article\/eli-isa-cabbarov-sedrin-kim-olacagini-muzakire-etmek-hele-tezdir\/"},"author":{"name":"elli","@id":"https:\/\/www.meydan.tv\/az\/#\/schema\/person\/9cdbecf90d17180ce1dfbd95b08dcf47"},"headline":"\u018fli \u0130sa Cabbarov: \u201cS\u0259drin kim olaca\u011f\u0131n\u0131 m\u00fczakir\u0259 etm\u0259k h\u0259l\u0259 tezdir\u201d\u00a0\u00a0\u00a0\u00a0\u00a0\u00a0","datePublished":"2023-07-26T08:44:46+00:00","dateModified":"2023-07-26T09:02:27+00:00","mainEntityOfPage":{"@id":"https:\/\/www.meydan.tv\/az\/article\/eli-isa-cabbarov-sedrin-kim-olacagini-muzakire-etmek-hele-tezdir\/"},"wordCount":920,"publisher":{"@id":"https:\/\/www.meydan.tv\/az\/#organization"},"image":{"@id":"https:\/\/www.meydan.tv\/az\/article\/eli-isa-cabbarov-sedrin-kim-olacagini-muzakire-etmek-hele-tezdir\/#primaryimage"},"thumbnailUrl":"https:\/\/www.meydan.tv\/wp-content\/uploads\/shutterstock_1914661585.jpg","articleSection":["M\u0259d\u0259niyy\u0259t","X\u0259b\u0259rl\u0259r"],"inLanguage":"az"},{"@type":"WebPage","@id":"https:\/\/www.meydan.tv\/az\/article\/eli-isa-cabbarov-sedrin-kim-olacagini-muzakire-etmek-hele-tezdir\/","url":"https:\/\/www.meydan.tv\/az\/article\/eli-isa-cabbarov-sedrin-kim-olacagini-muzakire-etmek-hele-tezdir\/","name":"\u018fli \u0130sa Cabbarov: \u201cS\u0259drin kim olaca\u011f\u0131n\u0131 m\u00fczakir\u0259 etm\u0259k h\u0259l\u0259 tezdir\u201d\u00a0\u00a0\u00a0\u00a0\u00a0\u00a0 - MEYDAN.TV","isPartOf":{"@id":"https:\/\/www.meydan.tv\/az\/#website"},"primaryImageOfPage":{"@id":"https:\/\/www.meydan.tv\/az\/article\/eli-isa-cabbarov-sedrin-kim-olacagini-muzakire-etmek-hele-tezdir\/#primaryimage"},"image":{"@id":"https:\/\/www.meydan.tv\/az\/article\/eli-isa-cabbarov-sedrin-kim-olacagini-muzakire-etmek-hele-tezdir\/#primaryimage"},"thumbnailUrl":"https:\/\/www.meydan.tv\/wp-content\/uploads\/shutterstock_1914661585.jpg","datePublished":"2023-07-26T08:44:46+00:00","dateModified":"2023-07-26T09:02:27+00:00","breadcrumb":{"@id":"https:\/\/www.meydan.tv\/az\/article\/eli-isa-cabbarov-sedrin-kim-olacagini-muzakire-etmek-hele-tezdir\/#breadcrumb"},"inLanguage":"az","potentialAction":[{"@type":"ReadAction","target":["https:\/\/www.meydan.tv\/az\/article\/eli-isa-cabbarov-sedrin-kim-olacagini-muzakire-etmek-hele-tezdir\/"]}]},{"@type":"ImageObject","inLanguage":"az","@id":"https:\/\/www.meydan.tv\/az\/article\/eli-isa-cabbarov-sedrin-kim-olacagini-muzakire-etmek-hele-tezdir\/#primaryimage","url":"https:\/\/www.meydan.tv\/wp-content\/uploads\/shutterstock_1914661585.jpg","contentUrl":"https:\/\/www.meydan.tv\/wp-content\/uploads\/shutterstock_1914661585.jpg","width":1200,"height":794,"caption":"Az\u0259rbaycan kinosu. Foto: natatravel\/shutterstock"},{"@type":"BreadcrumbList","@id":"https:\/\/www.meydan.tv\/az\/article\/eli-isa-cabbarov-sedrin-kim-olacagini-muzakire-etmek-hele-tezdir\/#breadcrumb","itemListElement":[{"@type":"ListItem","position":1,"name":"Ana s\u0259hif\u0259","item":"https:\/\/www.meydan.tv\/az\/"},{"@type":"ListItem","position":2,"name":"M\u0259d\u0259niyy\u0259t","item":"https:\/\/www.meydan.tv\/az\/section\/medeniyyet\/"},{"@type":"ListItem","position":3,"name":"\u018fli \u0130sa Cabbarov: \u201cS\u0259drin kim olaca\u011f\u0131n\u0131 m\u00fczakir\u0259 etm\u0259k h\u0259l\u0259 tezdir\u201d\u00a0\u00a0\u00a0\u00a0\u00a0\u00a0"}]},{"@type":"WebSite","@id":"https:\/\/www.meydan.tv\/az\/#website","url":"https:\/\/www.meydan.tv\/az\/","name":"MEYDAN.TV","description":"Meydan TV Az\u0259rbaycan\u0131n media m\u0259kan\u0131ndak\u0131 alternativ s\u0259sidir","publisher":{"@id":"https:\/\/www.meydan.tv\/az\/#organization"},"potentialAction":[{"@type":"SearchAction","target":{"@type":"EntryPoint","urlTemplate":"https:\/\/www.meydan.tv\/az\/?s={search_term_string}"},"query-input":{"@type":"PropertyValueSpecification","valueRequired":true,"valueName":"search_term_string"}}],"inLanguage":"az"},{"@type":"Organization","@id":"https:\/\/www.meydan.tv\/az\/#organization","name":"Meydan TV","url":"https:\/\/www.meydan.tv\/az\/","logo":{"@type":"ImageObject","inLanguage":"az","@id":"https:\/\/www.meydan.tv\/az\/#\/schema\/logo\/image\/","url":"https:\/\/www.meydan.tv\/wp-content\/uploads\/2021\/07\/meydan-logo.svg","contentUrl":"https:\/\/www.meydan.tv\/wp-content\/uploads\/2021\/07\/meydan-logo.svg","width":195,"height":46,"caption":"Meydan TV"},"image":{"@id":"https:\/\/www.meydan.tv\/az\/#\/schema\/logo\/image\/"}},{"@type":"Person","@id":"https:\/\/www.meydan.tv\/az\/#\/schema\/person\/9cdbecf90d17180ce1dfbd95b08dcf47","name":"elli","sameAs":["https:\/\/x.com\/elli"]}]}},"_links":{"self":[{"href":"https:\/\/www.meydan.tv\/az\/wp-json\/wp\/v2\/posts\/280657","targetHints":{"allow":["GET"]}}],"collection":[{"href":"https:\/\/www.meydan.tv\/az\/wp-json\/wp\/v2\/posts"}],"about":[{"href":"https:\/\/www.meydan.tv\/az\/wp-json\/wp\/v2\/types\/post"}],"author":[{"embeddable":true,"href":"https:\/\/www.meydan.tv\/az\/wp-json\/wp\/v2\/users\/8"}],"replies":[{"embeddable":true,"href":"https:\/\/www.meydan.tv\/az\/wp-json\/wp\/v2\/comments?post=280657"}],"version-history":[{"count":2,"href":"https:\/\/www.meydan.tv\/az\/wp-json\/wp\/v2\/posts\/280657\/revisions"}],"predecessor-version":[{"id":280661,"href":"https:\/\/www.meydan.tv\/az\/wp-json\/wp\/v2\/posts\/280657\/revisions\/280661"}],"wp:featuredmedia":[{"embeddable":true,"href":"https:\/\/www.meydan.tv\/az\/wp-json\/wp\/v2\/media\/242701"}],"wp:attachment":[{"href":"https:\/\/www.meydan.tv\/az\/wp-json\/wp\/v2\/media?parent=280657"}],"wp:term":[{"taxonomy":"category","embeddable":true,"href":"https:\/\/www.meydan.tv\/az\/wp-json\/wp\/v2\/categories?post=280657"},{"taxonomy":"post_tag","embeddable":true,"href":"https:\/\/www.meydan.tv\/az\/wp-json\/wp\/v2\/tags?post=280657"}],"curies":[{"name":"wp","href":"https:\/\/api.w.org\/{rel}","templated":true}]}}