{"id":280593,"date":"2023-07-25T16:33:03","date_gmt":"2023-07-25T12:33:03","guid":{"rendered":"https:\/\/www.meydan.tv\/?p=280593"},"modified":"2023-07-25T16:33:07","modified_gmt":"2023-07-25T12:33:07","slug":"sukani-bele-saxlayin","status":"publish","type":"post","link":"https:\/\/www.meydan.tv\/az\/article\/sukani-bele-saxlayin\/","title":{"rendered":"S\u00fckan\u0131 bel\u0259 saxlay\u0131n!"},"content":{"rendered":"\n<p><strong>R\u00f6v\u015f\u0259n Hac\u0131b\u0259yli<\/strong><\/p>\n\n\n\n<p><strong>\u015eu\u015fa Qlobal Media Forumundan jurnalistl\u0259r\u0259 t\u00f6vsiy\u0259<\/strong><\/p>\n\n\n\n<p>Qlobal Foruma az\u0259rbaycanl\u0131 jurnalistl\u0259r burax\u0131lmamal\u0131d\u0131r, buna \u015eu\u015fa Forumundan haz\u0131rlanan reportaja baxanda bir daha \u0259min oldum. A\u00e7\u0131\u011f\u0131, he\u00e7 t\u00fcrkiy\u0259li jurnalistl\u0259r d\u0259 m\u0259sl\u0259h\u0259t deyil. \u018fsass\u0131z dan\u0131\u015fm\u0131ram. \u201cBir mill\u0259t-iki d\u00f6vl\u0259t\u201d formulu bel\u0259 Qlobal Forumlara ziyan vurur. Bu iki \u00f6lk\u0259d\u0259n olan jurnalistl\u0259r o q\u0259d\u0259r \u00fct\u00fcl\u00fc sual verirl\u0259r ki&#8230; Kim bilir, b\u0259lk\u0259 d\u0259, sual\u0131n m\u00fc\u0259llifi d\u0259 onlar deyil, sad\u0259c\u0259 yaz\u0131b \u0259ll\u0259rin\u0259 veribl\u0259r, ya da \u0259zb\u0259rl\u0259tdiribl\u0259r, onlar da t\u0259krarlay\u0131r.<\/p>\n\n\n\n<p>Forumda ilk sual\u0131 verm\u0259k \u015fans\u0131n\u0131 t\u00fcrkiy\u0259li jurnalist Bora Bayraktar qazand\u0131. Bunun o Bayraktarlarla qohumluq \u0259laq\u0259sinin olub-olmad\u0131\u011f\u0131n\u0131 bilmir\u0259m, ancaq el\u0259 ba\u015flayan kimi i\u015fl\u0259ri korlad\u0131:<\/p>\n\n\n\n<p>\u201c&#8230;C\u0259nab Prezident, T\u00fcrkiy\u0259 Prezidenti art\u0131q n\u00f6vb\u0259ti be\u015f illiy\u0259 prezident se\u00e7ilibdir. Bu, o dem\u0259kdir ki, Siz n\u00f6vb\u0259ti be\u015f il \u0259rzind\u0259 d\u0259 bir yerd\u0259 \u00e7al\u0131\u015facaqs\u0131n\u0131z. Z\u0259nnimc\u0259, bu, \u00e7ox g\u00f6z\u0259l bir f\u00fcrs\u0259tdir. C\u0259nab Prezident, bu n\u00f6vb\u0259ti be\u015f ild\u0259 Sizin prioritetl\u0259riniz n\u0259d\u0259n ibar\u0259t olacaqd\u0131r? Y\u0259ni, z\u0259nninizc\u0259, biz bir yerd\u0259 n\u0259l\u0259ri etm\u0259liyik, T\u00fcrkiy\u0259 il\u0259 \u0259m\u0259kda\u015fl\u0131q bax\u0131m\u0131ndan \u0259n aktual m\u0259s\u0259l\u0259l\u0259r hans\u0131lard\u0131r?\u201d<\/p>\n\n\n\n<p>44 g\u00fcnl\u00fck sava\u015f vaxt\u0131 jurnalist f\u0259aliyy\u0259ti \u0130lham \u018fliyev\u0259 xeyli t\u0259cr\u00fcb\u0259 qazand\u0131r\u0131b. Bunun \u015fahidi olmu\u015fuq. Jurnalistl\u0259rin sual\u0131na d\u00fcz\u0259li\u015f etm\u0259k, s\u00f6z\u00fcn\u00fc yar\u0131da k\u0259sm\u0259k, n\u0259yis\u0259 d\u0259qiql\u0259\u015fdirm\u0259k, laz\u0131m g\u0259ls\u0259 danlamaq, yerli-yataql\u0131 cavablar verm\u0259k, g\u0259r\u0259k olanda sualdan yay\u0131nmaq&#8230; \u00c7ox olub bel\u0259 \u015feyl\u0259r. \u018fslind\u0259, t\u00fcrkiy\u0259li jurnalistin d\u0259 sual\u0131na d\u00fcz\u0259li\u015f edilm\u0259li, ya cavab verilm\u0259m\u0259li, ya da izah olmal\u0131yd\u0131. N\u0259y\u0259? Jurnalist deyir ki, \u018frdo\u011fan 5 illiy\u0259 prezident se\u00e7ilib, bu is\u0259 o dem\u0259kdir ki, siz 5 il \u0259rzind\u0259 d\u0259 bir yerd\u0259 \u00e7al\u0131\u015facaqs\u0131n\u0131z. \u018frdo\u011fan\u0131n 5 illiy\u0259 se\u00e7ilm\u0259sinin \u0130lham \u018fliyev\u0259 n\u0259 d\u0259xli var? Ayr\u0131-ayr\u0131 \u00f6lk\u0259l\u0259rdir, h\u0259r\u0259sinin \u00f6z siyasi sistemi, h\u0259r\u0259sinin \u00f6z problemi, \u00f6z d\u0259rdi, h\u0259r\u0259sin \u00f6z prezidentlik m\u00fcdd\u0259ti var. \u00dcst\u0259lik, bu iki \u00f6lk\u0259 bir yerd\u0259 prezident se\u00e7mir ki&#8230;<\/p>\n\n\n\n<p>Az\u0259rbaycanda prezident se\u00e7kisi 2025-ci ild\u0259 olmal\u0131d\u0131r, y\u0259ni iki ild\u0259n sonra xalq\u0131m\u0131z se\u00e7kiy\u0259 gedib \u0130lham \u018fliyevi yox, ba\u015fqas\u0131n\u0131 se\u00e7\u0259 bil\u0259r. Demokratik \u00f6lk\u0259dir (bunu Forumda da dedil\u0259r), h\u0259r k\u0259sin se\u00e7im imkan\u0131, h\u0259r k\u0259sin s\u00f6z azadl\u0131\u011f\u0131 var. Bel\u0259 olarsa, \u018frdo\u011fan prezidentliyinin 3 ilini Az\u0259rbaycan\u0131n yeni se\u00e7ilmi\u015f prezidenti il\u0259 \u00e7al\u0131\u015fa bil\u0259r. Y\u0259ni Bora b\u0259yin sual\u0131 m\u0259ntiqsizdir, Qlobal Forumun qonaqlar\u0131 yan\u0131nda ba\u015f\u0131m\u0131z\u0131n a\u015fa\u011f\u0131 edilm\u0259sidir&#8230;<\/p>\n\n\n\n<p>Boran\u0131 t\u0259limatland\u0131ra, haz\u0131r sualla bura yollaya bil\u0259rl\u0259r, b\u0259s Prezident \u0130lham \u018fliyev niy\u0259 suala cavabdan imtina etm\u0259di, ya suala etiraz bildirm\u0259di, ax\u0131 biz d\u0259f\u0259l\u0259rl\u0259 onun xarici jurnalistl\u0259rin sual\u0131n\u0131n arxas\u0131nda n\u0259 dayand\u0131\u011f\u0131n\u0131 g\u00f6yd\u0259 tutmas\u0131na \u015fahid olmu\u015fuq&#8230; Bu g\u00fcnd\u0259n sabaha etibar olmayan d\u00fcnyada, \u00fcst\u0259lik, iki ild\u0259n sonra ke\u00e7iril\u0259c\u0259k se\u00e7kid\u0259 xalq\u0131n s\u0259ni se\u00e7ib-se\u00e7m\u0259y\u0259c\u0259yini bilm\u0259d\u0259n, onun se\u00e7imin\u0259 qabaqcadan h\u00f6rm\u0259tsizlik etm\u0259k Qlobal Foruma yara\u015fm\u0131r, bundan sonra s\u0259n 49 \u00f6lk\u0259d\u0259n g\u0259tirdiyin media adamlar\u0131n\u0131 Az\u0259rbaycan\u0131n demokratik prinsipl\u0259r\u0259 sadiq qald\u0131\u011f\u0131na, demokratik idar\u0259\u00e7iliy\u0259 nec\u0259 inand\u0131ra bil\u0259rs\u0259n? Bel\u0259 \u00e7\u0131x\u0131r ki, 2025-ci ilin se\u00e7kisinin n\u0259tic\u0259l\u0259ri qabaqcadan b\u0259llidir, yoxsa niy\u0259 o q\u0259d\u0259r qona\u011f\u0131n yan\u0131nda bu cavab\u0131 versin:<\/p>\n\n\n\n<p>\u201c&#8230;\u018flb\u0259tt\u0259 ki, n\u00f6vb\u0259ti be\u015f il \u0259rzind\u0259 biz s\u0131x t\u0259r\u0259fda\u015fl\u0131\u011f\u0131m\u0131z\u0131 davam etdir\u0259c\u0259yik, d\u00fcnya d\u0259yi\u015fir, regionda v\u0259ziyy\u0259t d\u0259yi\u015fir. Biz C\u0259nubi Qafqazda v\u0259ziyy\u0259ti sabitl\u0259\u015fdirm\u0259liyik, dayan\u0131ql\u0131 s\u00fclh\u0259 nail olmal\u0131y\u0131q, g\u0259l\u0259c\u0259k \u00fc\u00e7\u00fcn t\u0259hl\u00fck\u0259sizlik t\u0259min edilm\u0259lidir\u201d.<\/p>\n\n\n\n<p>Boran\u0131n sual\u0131, ona \u0130lham \u018fliyevin cavab\u0131&#8230; b\u00fct\u00fcn deyil\u0259nl\u0259r d\u0259 xarici qonaqlara sinxron t\u0259rc\u00fcm\u0259 olunur. D\u0259rd buras\u0131d\u0131r ki, sonra pe\u015f\u0259kar jurnalist Mir\u015fahin d\u0259 Bora yolu getdi. Bir \u00e7ox jurnalist prezidentl\u0259 bel\u0259 g\u00f6r\u00fc\u015fl\u0259ri f\u00fcrs\u0259t bilib qaranl\u0131q m\u0259tl\u0259bl\u0259rl\u0259 ba\u011fl\u0131 \u00e7oxlu suallar verirl\u0259r, Mir\u015fahins\u0259 prezidentd\u0259n t\u0259l\u0259b v\u0259 t\u00f6vsiy\u0259 ist\u0259yir:<\/p>\n\n\n\n<p>\u201c4-c\u00fc S\u0259naye \u0130nqilab\u0131 d\u00f6vr\u00fcnd\u0259 Yeni Media\u201dn\u0131n qar\u015f\u0131s\u0131nda duran v\u0259zif\u0259l\u0259r s\u0131ras\u0131nda m\u0259hz bu tipli dezinformasiyalarla m\u00fcbariz\u0259d\u0259n \u00f6tr\u00fc Siz bizd\u0259n n\u0259 t\u0259l\u0259b edirsiniz? \u00c7\u00fcnki Siz bizi Q\u0259l\u0259b\u0259y\u0259 g\u0259tirmisiniz. Bizim media m\u00fcbariz\u0259mizd\u0259 d\u0259 \u00f6n\u00fcm\u00fczd\u0259 Siz oldunuz v\u0259 Az\u0259rbaycan\u0131n informasiya blokadas\u0131n\u0131n yar\u0131lmas\u0131nda \u0259sas a\u00e7ar \u015f\u0259xs Siz oldunuz. Biz Sizin ard\u0131n\u0131zca getdik. Ona g\u00f6r\u0259 d\u0259 Sizd\u0259n bu m\u0259s\u0259l\u0259d\u0259 t\u00f6vsiy\u0259 ist\u0259yir\u0259m\u201d.<\/p>\n\n\n\n<p>G\u00f6r\u00fcn\u00fcr, Prezident sual\u0131n bu q\u0259d\u0259rini g\u00f6zl\u0259mirmi\u015f&#8230; ancaq hardan bilsin ki, qar\u015f\u0131da h\u0259l\u0259 V\u00fcsal\u0259 Mahirq\u0131z\u0131n\u0131n durgunluq ill\u0259rin\u0259 xas sual\u0131 var&#8230; Mir\u015fahin\u0259 cavaba baxaq:<\/p>\n\n\n\n<p>\u201c&#8230;O ki qald\u0131, t\u00f6vsiy\u0259l\u0259r\u0259, s\u00f6z\u00fcn d\u00fcz\u00fc, m\u0259n bundan bir q\u0259d\u0259r uza\u011fam. \u00c7\u00fcnki Az\u0259rbaycan medias\u0131n\u0131n m\u00fcst\u0259qilliyi bizim c\u0259miyy\u0259timizin inki\u015faf\u0131 \u00fc\u00e7\u00fcn ba\u015fl\u0131ca \u015f\u0259rtl\u0259rd\u0259n biridir, bu, birincisi. \u0130kincisi, siz \u00f6z\u00fcn\u00fcz h\u0259r \u015feyi yax\u015f\u0131 bilirsiniz v\u0259 m\u0259n \u00e7ox \u015fadam ki, bizim mediam\u0131zda sa\u011flamla\u015fma prosesi u\u011furla gedir v\u0259 xalq\u0131n maraqlar\u0131na zidd, d\u00f6vl\u0259t maraqlar\u0131na z\u0259rb\u0259 vura bil\u0259c\u0259k yaz\u0131lar art\u0131q \u00e7ox nadir hallarda \u00fcz\u0259 \u00e7\u0131x\u0131r. Y\u0259ni, bu, yen\u0259 d\u0259 media n\u00fcmay\u0259nd\u0259l\u0259rinin m\u0259suliyy\u0259tind\u0259n x\u0259b\u0259r ver\u0259n amildir. Ona g\u00f6r\u0259 media n\u00fcmay\u0259nd\u0259l\u0259rin\u0259 m\u0259nim t\u00f6vsiy\u0259m budur ki, ancaq bel\u0259 d\u0259 davam edin\u201d.<\/p>\n\n\n\n<p>Mir\u015fahin\u0259 bu cavab m\u0259\u015fhur filmi yada sal\u0131r: S\u00fckan\u0131 bel\u0259 saxla!<\/p>\n\n\n\n<p>V\u00fcsal\u0131 Mahirq\u0131z\u0131: \u201c&#8230;Qaraba\u011f azad olunanda buraya Ordumuzun ard\u0131nca ilk Siz g\u0259ldiniz. Sonra \u00e7ox tez-tez Qaraba\u011fa s\u0259f\u0259rl\u0259r edirsiniz, h\u0259r d\u0259f\u0259 g\u0259l\u0259nd\u0259 biz izl\u0259yirik, yeni layih\u0259l\u0259r, yeni yerl\u0259r a\u00e7\u0131l\u0131r. O, Sizd\u0259 nec\u0259 bir hiss yarad\u0131r? Tamamil\u0259 da\u011f\u0131lm\u0131\u015f bir yer v\u0259 h\u0259r d\u0259f\u0259 onu da\u015fbada\u015f tikm\u0259k. Nec\u0259 hiss edirsiniz? \u00dcmumiyy\u0259tl\u0259, qalib Prezident olmaq nec\u0259 bir hissdir?\u201d<\/p>\n\n\n\n<p>44 g\u00fcnl\u00fck sava\u015f vaxt\u0131 erm\u0259nil\u0259rin G\u0259nc\u0259y\u0259 atd\u0131\u011f\u0131 raket, da\u011f\u0131lm\u0131\u015f evl\u0259r yad\u0131n\u0131zda olar. Orda valideynl\u0259rini itir\u0259n 10 ya\u015fl\u0131 q\u0131za ATV-nin m\u00fcxbiri sual vermi\u015fdi ki, hans\u0131 hissl\u0259ri ke\u00e7irirsiniz? V\u00fcsal\u0259 Mahirq\u0131z\u0131n\u0131n sual\u0131 ona b\u0259nz\u0259yir, ancaq yar\u0131m\u00e7\u0131ql\u0131q var sualda, g\u0259r\u0259k tamamlayard\u0131: Yenid\u0259n d\u00fcnyaya g\u0259ls\u0259z yen\u0259 prezident olard\u0131n\u0131zm\u0131?!<\/p>\n\n\n\n<p>Heyif, verm\u0259di bu sual\u0131, cavab maraql\u0131, h\u0259m d\u0259 Qlobal Foruma m\u00f6h\u00fcr vurmu\u015f olard\u0131&#8230;<\/p>\n\n\n\n<p>M\u0259nc\u0259, mediam\u0131zda sa\u011flamla\u015fma prosesi u\u011furla ba\u015fa \u00e7at\u0131b&#8230;<\/p>\n","protected":false},"excerpt":{"rendered":"<p>R\u00f6v\u015f\u0259n Hac\u0131b\u0259yli \u015eu\u015fa Qlobal Media Forumundan jurnalistl\u0259r\u0259 t\u00f6vsiy\u0259 Qlobal Foruma &#8230; <\/p>\n<p class=\"read-more-container\"><a title=\"S\u00fckan\u0131 bel\u0259 saxlay\u0131n!\" class=\"read-more button\" href=\"https:\/\/www.meydan.tv\/az\/article\/sukani-bele-saxlayin\/#more-280593\" aria-label=\"Read more about S\u00fckan\u0131 bel\u0259 saxlay\u0131n!\">Davam\u0131<\/a><\/p>\n","protected":false},"author":8,"featured_media":125837,"comment_status":"closed","ping_status":"closed","sticky":false,"template":"","format":"standard","meta":{"_acf_changed":false,"_sitemap_exclude":false,"_sitemap_priority":"","_sitemap_frequency":"","footnotes":""},"categories":[57],"tags":[],"class_list":["post-280593","post","type-post","status-publish","format-standard","has-post-thumbnail","hentry","category-menim-fikrimce","infinite-scroll-item","generate-columns","tablet-grid-50","mobile-grid-100","grid-parent","grid-33","no-featured-image-padding"],"acf":[],"yoast_head":"<!-- This site is optimized with the Yoast SEO plugin v27.4 - https:\/\/yoast.com\/product\/yoast-seo-wordpress\/ -->\n<title>S\u00fckan\u0131 bel\u0259 saxlay\u0131n! - MEYDAN.TV<\/title>\n<meta name=\"robots\" content=\"index, follow, max-snippet:-1, max-image-preview:large, max-video-preview:-1\" \/>\n<link rel=\"canonical\" href=\"https:\/\/www.meydan.tv\/az\/article\/sukani-bele-saxlayin\/\" \/>\n<meta property=\"og:locale\" content=\"az_AZ\" \/>\n<meta property=\"og:type\" content=\"article\" \/>\n<meta property=\"og:title\" content=\"S\u00fckan\u0131 bel\u0259 saxlay\u0131n! - MEYDAN.TV\" \/>\n<meta property=\"og:description\" content=\"R\u00f6v\u015f\u0259n Hac\u0131b\u0259yli \u015eu\u015fa Qlobal Media Forumundan jurnalistl\u0259r\u0259 t\u00f6vsiy\u0259 Qlobal Foruma ... Davam\u0131\" \/>\n<meta property=\"og:url\" content=\"https:\/\/www.meydan.tv\/az\/article\/sukani-bele-saxlayin\/\" \/>\n<meta property=\"og:site_name\" content=\"MEYDAN.TV\" \/>\n<meta property=\"article:published_time\" content=\"2023-07-25T12:33:03+00:00\" \/>\n<meta property=\"article:modified_time\" content=\"2023-07-25T12:33:07+00:00\" \/>\n<meta property=\"og:image\" content=\"https:\/\/www.meydan.tv\/wp-content\/uploads\/image_from_ios_unrqckb.original-scaled-e1685106480202.jpg\" \/>\n\t<meta property=\"og:image:width\" content=\"2560\" \/>\n\t<meta property=\"og:image:height\" content=\"1228\" \/>\n\t<meta property=\"og:image:type\" content=\"image\/jpeg\" \/>\n<meta name=\"author\" content=\"elli\" \/>\n<meta name=\"twitter:card\" content=\"summary_large_image\" \/>\n<meta name=\"twitter:creator\" content=\"@elli\" \/>\n<script type=\"application\/ld+json\" class=\"yoast-schema-graph\">{\"@context\":\"https:\\\/\\\/schema.org\",\"@graph\":[{\"@type\":\"Article\",\"@id\":\"https:\\\/\\\/www.meydan.tv\\\/az\\\/article\\\/sukani-bele-saxlayin\\\/#article\",\"isPartOf\":{\"@id\":\"https:\\\/\\\/www.meydan.tv\\\/az\\\/article\\\/sukani-bele-saxlayin\\\/\"},\"author\":{\"name\":\"elli\",\"@id\":\"https:\\\/\\\/www.meydan.tv\\\/az\\\/#\\\/schema\\\/person\\\/9cdbecf90d17180ce1dfbd95b08dcf47\"},\"headline\":\"S\u00fckan\u0131 bel\u0259 saxlay\u0131n!\",\"datePublished\":\"2023-07-25T12:33:03+00:00\",\"dateModified\":\"2023-07-25T12:33:07+00:00\",\"mainEntityOfPage\":{\"@id\":\"https:\\\/\\\/www.meydan.tv\\\/az\\\/article\\\/sukani-bele-saxlayin\\\/\"},\"wordCount\":1287,\"publisher\":{\"@id\":\"https:\\\/\\\/www.meydan.tv\\\/az\\\/#organization\"},\"image\":{\"@id\":\"https:\\\/\\\/www.meydan.tv\\\/az\\\/article\\\/sukani-bele-saxlayin\\\/#primaryimage\"},\"thumbnailUrl\":\"https:\\\/\\\/www.meydan.tv\\\/wp-content\\\/uploads\\\/image_from_ios_unrqckb.original-scaled-e1685106480202.jpg\",\"articleSection\":[\"M\u0259nim Fikrimc\u0259\"],\"inLanguage\":\"az\"},{\"@type\":\"WebPage\",\"@id\":\"https:\\\/\\\/www.meydan.tv\\\/az\\\/article\\\/sukani-bele-saxlayin\\\/\",\"url\":\"https:\\\/\\\/www.meydan.tv\\\/az\\\/article\\\/sukani-bele-saxlayin\\\/\",\"name\":\"S\u00fckan\u0131 bel\u0259 saxlay\u0131n! - MEYDAN.TV\",\"isPartOf\":{\"@id\":\"https:\\\/\\\/www.meydan.tv\\\/az\\\/#website\"},\"primaryImageOfPage\":{\"@id\":\"https:\\\/\\\/www.meydan.tv\\\/az\\\/article\\\/sukani-bele-saxlayin\\\/#primaryimage\"},\"image\":{\"@id\":\"https:\\\/\\\/www.meydan.tv\\\/az\\\/article\\\/sukani-bele-saxlayin\\\/#primaryimage\"},\"thumbnailUrl\":\"https:\\\/\\\/www.meydan.tv\\\/wp-content\\\/uploads\\\/image_from_ios_unrqckb.original-scaled-e1685106480202.jpg\",\"datePublished\":\"2023-07-25T12:33:03+00:00\",\"dateModified\":\"2023-07-25T12:33:07+00:00\",\"breadcrumb\":{\"@id\":\"https:\\\/\\\/www.meydan.tv\\\/az\\\/article\\\/sukani-bele-saxlayin\\\/#breadcrumb\"},\"inLanguage\":\"az\",\"potentialAction\":[{\"@type\":\"ReadAction\",\"target\":[\"https:\\\/\\\/www.meydan.tv\\\/az\\\/article\\\/sukani-bele-saxlayin\\\/\"]}]},{\"@type\":\"ImageObject\",\"inLanguage\":\"az\",\"@id\":\"https:\\\/\\\/www.meydan.tv\\\/az\\\/article\\\/sukani-bele-saxlayin\\\/#primaryimage\",\"url\":\"https:\\\/\\\/www.meydan.tv\\\/wp-content\\\/uploads\\\/image_from_ios_unrqckb.original-scaled-e1685106480202.jpg\",\"contentUrl\":\"https:\\\/\\\/www.meydan.tv\\\/wp-content\\\/uploads\\\/image_from_ios_unrqckb.original-scaled-e1685106480202.jpg\",\"width\":2560,\"height\":1228,\"caption\":\"M\u0259nb\u0259: Meydan TV\"},{\"@type\":\"BreadcrumbList\",\"@id\":\"https:\\\/\\\/www.meydan.tv\\\/az\\\/article\\\/sukani-bele-saxlayin\\\/#breadcrumb\",\"itemListElement\":[{\"@type\":\"ListItem\",\"position\":1,\"name\":\"Ana s\u0259hif\u0259\",\"item\":\"https:\\\/\\\/www.meydan.tv\\\/az\\\/\"},{\"@type\":\"ListItem\",\"position\":2,\"name\":\"M\u0259nim Fikrimc\u0259\",\"item\":\"https:\\\/\\\/www.meydan.tv\\\/az\\\/section\\\/menim-fikrimce\\\/\"},{\"@type\":\"ListItem\",\"position\":3,\"name\":\"S\u00fckan\u0131 bel\u0259 saxlay\u0131n!\"}]},{\"@type\":\"WebSite\",\"@id\":\"https:\\\/\\\/www.meydan.tv\\\/az\\\/#website\",\"url\":\"https:\\\/\\\/www.meydan.tv\\\/az\\\/\",\"name\":\"MEYDAN.TV\",\"description\":\"Meydan TV Az\u0259rbaycan\u0131n media m\u0259kan\u0131ndak\u0131 alternativ s\u0259sidir\",\"publisher\":{\"@id\":\"https:\\\/\\\/www.meydan.tv\\\/az\\\/#organization\"},\"potentialAction\":[{\"@type\":\"SearchAction\",\"target\":{\"@type\":\"EntryPoint\",\"urlTemplate\":\"https:\\\/\\\/www.meydan.tv\\\/az\\\/?s={search_term_string}\"},\"query-input\":{\"@type\":\"PropertyValueSpecification\",\"valueRequired\":true,\"valueName\":\"search_term_string\"}}],\"inLanguage\":\"az\"},{\"@type\":\"Organization\",\"@id\":\"https:\\\/\\\/www.meydan.tv\\\/az\\\/#organization\",\"name\":\"Meydan TV\",\"url\":\"https:\\\/\\\/www.meydan.tv\\\/az\\\/\",\"logo\":{\"@type\":\"ImageObject\",\"inLanguage\":\"az\",\"@id\":\"https:\\\/\\\/www.meydan.tv\\\/az\\\/#\\\/schema\\\/logo\\\/image\\\/\",\"url\":\"https:\\\/\\\/www.meydan.tv\\\/wp-content\\\/uploads\\\/2021\\\/07\\\/meydan-logo.svg\",\"contentUrl\":\"https:\\\/\\\/www.meydan.tv\\\/wp-content\\\/uploads\\\/2021\\\/07\\\/meydan-logo.svg\",\"width\":195,\"height\":46,\"caption\":\"Meydan TV\"},\"image\":{\"@id\":\"https:\\\/\\\/www.meydan.tv\\\/az\\\/#\\\/schema\\\/logo\\\/image\\\/\"}},{\"@type\":\"Person\",\"@id\":\"https:\\\/\\\/www.meydan.tv\\\/az\\\/#\\\/schema\\\/person\\\/9cdbecf90d17180ce1dfbd95b08dcf47\",\"name\":\"elli\",\"sameAs\":[\"https:\\\/\\\/x.com\\\/elli\"]}]}<\/script>\n<!-- \/ Yoast SEO plugin. -->","yoast_head_json":{"title":"S\u00fckan\u0131 bel\u0259 saxlay\u0131n! - MEYDAN.TV","robots":{"index":"index","follow":"follow","max-snippet":"max-snippet:-1","max-image-preview":"max-image-preview:large","max-video-preview":"max-video-preview:-1"},"canonical":"https:\/\/www.meydan.tv\/az\/article\/sukani-bele-saxlayin\/","og_locale":"az_AZ","og_type":"article","og_title":"S\u00fckan\u0131 bel\u0259 saxlay\u0131n! - MEYDAN.TV","og_description":"R\u00f6v\u015f\u0259n Hac\u0131b\u0259yli \u015eu\u015fa Qlobal Media Forumundan jurnalistl\u0259r\u0259 t\u00f6vsiy\u0259 Qlobal Foruma ... Davam\u0131","og_url":"https:\/\/www.meydan.tv\/az\/article\/sukani-bele-saxlayin\/","og_site_name":"MEYDAN.TV","article_published_time":"2023-07-25T12:33:03+00:00","article_modified_time":"2023-07-25T12:33:07+00:00","og_image":[{"width":2560,"height":1228,"url":"https:\/\/www.meydan.tv\/wp-content\/uploads\/image_from_ios_unrqckb.original-scaled-e1685106480202.jpg","type":"image\/jpeg"}],"author":"elli","twitter_card":"summary_large_image","twitter_creator":"@elli","schema":{"@context":"https:\/\/schema.org","@graph":[{"@type":"Article","@id":"https:\/\/www.meydan.tv\/az\/article\/sukani-bele-saxlayin\/#article","isPartOf":{"@id":"https:\/\/www.meydan.tv\/az\/article\/sukani-bele-saxlayin\/"},"author":{"name":"elli","@id":"https:\/\/www.meydan.tv\/az\/#\/schema\/person\/9cdbecf90d17180ce1dfbd95b08dcf47"},"headline":"S\u00fckan\u0131 bel\u0259 saxlay\u0131n!","datePublished":"2023-07-25T12:33:03+00:00","dateModified":"2023-07-25T12:33:07+00:00","mainEntityOfPage":{"@id":"https:\/\/www.meydan.tv\/az\/article\/sukani-bele-saxlayin\/"},"wordCount":1287,"publisher":{"@id":"https:\/\/www.meydan.tv\/az\/#organization"},"image":{"@id":"https:\/\/www.meydan.tv\/az\/article\/sukani-bele-saxlayin\/#primaryimage"},"thumbnailUrl":"https:\/\/www.meydan.tv\/wp-content\/uploads\/image_from_ios_unrqckb.original-scaled-e1685106480202.jpg","articleSection":["M\u0259nim Fikrimc\u0259"],"inLanguage":"az"},{"@type":"WebPage","@id":"https:\/\/www.meydan.tv\/az\/article\/sukani-bele-saxlayin\/","url":"https:\/\/www.meydan.tv\/az\/article\/sukani-bele-saxlayin\/","name":"S\u00fckan\u0131 bel\u0259 saxlay\u0131n! - MEYDAN.TV","isPartOf":{"@id":"https:\/\/www.meydan.tv\/az\/#website"},"primaryImageOfPage":{"@id":"https:\/\/www.meydan.tv\/az\/article\/sukani-bele-saxlayin\/#primaryimage"},"image":{"@id":"https:\/\/www.meydan.tv\/az\/article\/sukani-bele-saxlayin\/#primaryimage"},"thumbnailUrl":"https:\/\/www.meydan.tv\/wp-content\/uploads\/image_from_ios_unrqckb.original-scaled-e1685106480202.jpg","datePublished":"2023-07-25T12:33:03+00:00","dateModified":"2023-07-25T12:33:07+00:00","breadcrumb":{"@id":"https:\/\/www.meydan.tv\/az\/article\/sukani-bele-saxlayin\/#breadcrumb"},"inLanguage":"az","potentialAction":[{"@type":"ReadAction","target":["https:\/\/www.meydan.tv\/az\/article\/sukani-bele-saxlayin\/"]}]},{"@type":"ImageObject","inLanguage":"az","@id":"https:\/\/www.meydan.tv\/az\/article\/sukani-bele-saxlayin\/#primaryimage","url":"https:\/\/www.meydan.tv\/wp-content\/uploads\/image_from_ios_unrqckb.original-scaled-e1685106480202.jpg","contentUrl":"https:\/\/www.meydan.tv\/wp-content\/uploads\/image_from_ios_unrqckb.original-scaled-e1685106480202.jpg","width":2560,"height":1228,"caption":"M\u0259nb\u0259: Meydan TV"},{"@type":"BreadcrumbList","@id":"https:\/\/www.meydan.tv\/az\/article\/sukani-bele-saxlayin\/#breadcrumb","itemListElement":[{"@type":"ListItem","position":1,"name":"Ana s\u0259hif\u0259","item":"https:\/\/www.meydan.tv\/az\/"},{"@type":"ListItem","position":2,"name":"M\u0259nim Fikrimc\u0259","item":"https:\/\/www.meydan.tv\/az\/section\/menim-fikrimce\/"},{"@type":"ListItem","position":3,"name":"S\u00fckan\u0131 bel\u0259 saxlay\u0131n!"}]},{"@type":"WebSite","@id":"https:\/\/www.meydan.tv\/az\/#website","url":"https:\/\/www.meydan.tv\/az\/","name":"MEYDAN.TV","description":"Meydan TV Az\u0259rbaycan\u0131n media m\u0259kan\u0131ndak\u0131 alternativ s\u0259sidir","publisher":{"@id":"https:\/\/www.meydan.tv\/az\/#organization"},"potentialAction":[{"@type":"SearchAction","target":{"@type":"EntryPoint","urlTemplate":"https:\/\/www.meydan.tv\/az\/?s={search_term_string}"},"query-input":{"@type":"PropertyValueSpecification","valueRequired":true,"valueName":"search_term_string"}}],"inLanguage":"az"},{"@type":"Organization","@id":"https:\/\/www.meydan.tv\/az\/#organization","name":"Meydan TV","url":"https:\/\/www.meydan.tv\/az\/","logo":{"@type":"ImageObject","inLanguage":"az","@id":"https:\/\/www.meydan.tv\/az\/#\/schema\/logo\/image\/","url":"https:\/\/www.meydan.tv\/wp-content\/uploads\/2021\/07\/meydan-logo.svg","contentUrl":"https:\/\/www.meydan.tv\/wp-content\/uploads\/2021\/07\/meydan-logo.svg","width":195,"height":46,"caption":"Meydan TV"},"image":{"@id":"https:\/\/www.meydan.tv\/az\/#\/schema\/logo\/image\/"}},{"@type":"Person","@id":"https:\/\/www.meydan.tv\/az\/#\/schema\/person\/9cdbecf90d17180ce1dfbd95b08dcf47","name":"elli","sameAs":["https:\/\/x.com\/elli"]}]}},"_links":{"self":[{"href":"https:\/\/www.meydan.tv\/az\/wp-json\/wp\/v2\/posts\/280593","targetHints":{"allow":["GET"]}}],"collection":[{"href":"https:\/\/www.meydan.tv\/az\/wp-json\/wp\/v2\/posts"}],"about":[{"href":"https:\/\/www.meydan.tv\/az\/wp-json\/wp\/v2\/types\/post"}],"author":[{"embeddable":true,"href":"https:\/\/www.meydan.tv\/az\/wp-json\/wp\/v2\/users\/8"}],"replies":[{"embeddable":true,"href":"https:\/\/www.meydan.tv\/az\/wp-json\/wp\/v2\/comments?post=280593"}],"version-history":[{"count":1,"href":"https:\/\/www.meydan.tv\/az\/wp-json\/wp\/v2\/posts\/280593\/revisions"}],"predecessor-version":[{"id":280594,"href":"https:\/\/www.meydan.tv\/az\/wp-json\/wp\/v2\/posts\/280593\/revisions\/280594"}],"wp:featuredmedia":[{"embeddable":true,"href":"https:\/\/www.meydan.tv\/az\/wp-json\/wp\/v2\/media\/125837"}],"wp:attachment":[{"href":"https:\/\/www.meydan.tv\/az\/wp-json\/wp\/v2\/media?parent=280593"}],"wp:term":[{"taxonomy":"category","embeddable":true,"href":"https:\/\/www.meydan.tv\/az\/wp-json\/wp\/v2\/categories?post=280593"},{"taxonomy":"post_tag","embeddable":true,"href":"https:\/\/www.meydan.tv\/az\/wp-json\/wp\/v2\/tags?post=280593"}],"curies":[{"name":"wp","href":"https:\/\/api.w.org\/{rel}","templated":true}]}}