{"id":280581,"date":"2023-07-25T15:52:22","date_gmt":"2023-07-25T11:52:22","guid":{"rendered":"https:\/\/www.meydan.tv\/?p=280581"},"modified":"2023-07-25T15:52:25","modified_gmt":"2023-07-25T11:52:25","slug":"serq-terefdasligi-vetendas-cemiyyeti-forumu-azerbaycan-milli-platformasi-qubad-ibadoglunun-hebsi-ile-bagli-beyanat-yaydi","status":"publish","type":"post","link":"https:\/\/www.meydan.tv\/az\/article\/serq-terefdasligi-vetendas-cemiyyeti-forumu-azerbaycan-milli-platformasi-qubad-ibadoglunun-hebsi-ile-bagli-beyanat-yaydi\/","title":{"rendered":"\u015e\u0259rq T\u0259r\u0259fda\u015fl\u0131\u011f\u0131 V\u0259t\u0259nda\u015f C\u0259miyy\u0259ti Forumu Az\u0259rbaycan Milli Platformas\u0131 Qubad \u0130bado\u011flunun h\u0259bsi il\u0259 ba\u011fl\u0131 b\u0259yanat yayd\u0131"},"content":{"rendered":"\n<p><\/p>\n\n\n\n<p><strong><em>Milli Platforma iqtisad\u00e7\u0131n\u0131n d\u0259rhal azad edilm\u0259sini t\u0259l\u0259b edir<\/em><\/strong><\/p>\n\n\n\n<p>\u015e\u0259rq T\u0259r\u0259fda\u015fl\u0131\u011f\u0131 V\u0259t\u0259nda\u015f C\u0259miyy\u0259ti Forumu Az\u0259rbaycan Milli Platformas\u0131 Demokratiya v\u0259 Rifah Partiyas\u0131n\u0131n s\u0259dri, iqtisad\u00e7\u0131&nbsp; Qubad \u0130bado\u011flunun h\u0259bsini pisl\u0259y\u0259n b\u0259yanat yay\u0131b.<\/p>\n\n\n\n<p>B\u0259yanatda deyilir ki, \u015e\u0259rq T\u0259r\u0259fda\u015fl\u0131\u011f\u0131 V\u0259t\u0259nda\u015f C\u0259miyy\u0259ti Forumunun Az\u0259rbaycan Milli Platformas\u0131 Milli Platforman\u0131n 2012-2014-c\u00fc ill\u0259rd\u0259 milli \u0259laq\u0259l\u0259ndiricisi olmu\u015f v\u0259 haz\u0131rda \u00fczv\u00fc olan Qubad \u0130bado\u011flunun h\u0259bs edilm\u0259sini pisl\u0259yir v\u0259 onun d\u0259rhal azad edilm\u0259sini t\u0259l\u0259b edir.&nbsp;<\/p>\n\n\n\n<p>Eyni zamanda, Milli Platforma b\u0259yan edir ki, Q.\u0130bado\u011flu v\u0259 h\u0259yat yolda\u015f\u0131 \u0130rad\u0259 Bayramovan\u0131n Daxili \u0130\u015fl\u0259r Nazirliyinin (D\u0130N) Ba\u015f M\u00fct\u0259\u015f\u0259kkil Cinay\u0259tkarl\u0131qla M\u00fcbariz\u0259 \u0130dar\u0259sinin \u0259m\u0259kda\u015flar\u0131 t\u0259r\u0259find\u0259n saxlan\u0131lmas\u0131 zaman\u0131 zorak\u0131l\u0131q v\u0259 qeyri-insani r\u0259ftara m\u0259ruz qalmas\u0131 q\u0259buledilm\u0259zdir. Milli Platforma h\u00f6kum\u0259ti bu fakt\u0131 operativ v\u0259 h\u0259rt\u0259r\u0259fli ara\u015fd\u0131rma\u011fa \u00e7a\u011f\u0131r\u0131r.<\/p>\n\n\n\n<p>Milli Platforma hesab edir ki, Q.\u0130bado\u011flunun t\u0259qib\u0259 m\u0259ruz qalaraq h\u0259bs edilm\u0259si onun siyasi f\u0259aliyy\u0259ti, h\u00f6kum\u0259tin iqtisadi siyas\u0259ti il\u0259 ba\u011fl\u0131 davaml\u0131 t\u0259nqidi \u00e7\u0131x\u0131\u015flar\u0131, eyni zamanda t\u0259sis\u00e7isi oldu\u011fu Demokratiya v\u0259 Rifah Partiyas\u0131n\u0131n f\u0259all\u0131\u011f\u0131n\u0131n artmas\u0131 v\u0259 s. f\u0259aliyy\u0259ti il\u0259 ba\u011fl\u0131d\u0131r.<\/p>\n\n\n\n<p>Buna \u0259lav\u0259 olaraq, Milli Platforma b\u0259yan edir ki, \u2018Siyasi partiyalar haqq\u0131nda\u2019 yeni qanunun 11 yanvar 2023-c\u00fc il tarixind\u0259 q\u00fcvv\u0259y\u0259 minm\u0259sind\u0259n sonra \u00f6lk\u0259d\u0259 siyasi m\u00fchit daha da daral\u0131b, partiyalar\u0131n f\u0259aliyy\u0259tin\u0259 \u0259h\u0259miyy\u0259tli m\u0259hdudla\u015fma v\u0259 t\u0259zyiql\u0259rin n\u0259tic\u0259si kimi bir \u00e7ox siyasi partiya f\u0259aliyy\u0259tini dayand\u0131rd\u0131\u011f\u0131n\u0131 elan edib.<\/p>\n\n\n\n<p><em>&#8220;Qeyd olunanlar\u0131 n\u0259z\u0259r\u0259 alaraq, biz Milli Platforma olaraq Az\u0259rbaycan h\u00f6kum\u0259tind\u0259n siyasi f\u0259allara qar\u015f\u0131 \u0259sass\u0131z t\u0259qibl\u0259r\u0259 son qoyma\u011f\u0131 v\u0259 Qubad \u0130bado\u011flunu d\u0259rhal azad etm\u0259yi t\u0259l\u0259b edirik. N\u0259hay\u0259t, Avropa Siyasi \u0130cmas\u0131n\u0131n n\u0259z\u0259rin\u0259 \u00e7atd\u0131r\u0131r\u0131q ki, v\u0259t\u0259nda\u015f c\u0259miyy\u0259ti v\u0259 siyasi partiyalar \u00fc\u00e7\u00fcn inki\u015faf ed\u0259n v\u0259 inkl\u00fcziv siyasi m\u00fchitin t\u0259min edilm\u0259si, Az\u0259rbaycanda demokratiya, ifad\u0259 azadl\u0131\u011f\u0131 v\u0259 insan h\u00fcquqlar\u0131 prinsipl\u0259rinin d\u0259st\u0259kl\u0259nm\u0259si vacibdir\u201d<\/em>.<\/p>\n","protected":false},"excerpt":{"rendered":"<p>Milli Platforma iqtisad\u00e7\u0131n\u0131n d\u0259rhal azad edilm\u0259sini t\u0259l\u0259b edir \u015e\u0259rq T\u0259r\u0259fda\u015fl\u0131\u011f\u0131 &#8230; <\/p>\n<p class=\"read-more-container\"><a title=\"\u015e\u0259rq T\u0259r\u0259fda\u015fl\u0131\u011f\u0131 V\u0259t\u0259nda\u015f C\u0259miyy\u0259ti Forumu Az\u0259rbaycan Milli Platformas\u0131 Qubad \u0130bado\u011flunun h\u0259bsi il\u0259 ba\u011fl\u0131 b\u0259yanat yayd\u0131\" class=\"read-more button\" href=\"https:\/\/www.meydan.tv\/az\/article\/serq-terefdasligi-vetendas-cemiyyeti-forumu-azerbaycan-milli-platformasi-qubad-ibadoglunun-hebsi-ile-bagli-beyanat-yaydi\/#more-280581\" aria-label=\"Read more about \u015e\u0259rq T\u0259r\u0259fda\u015fl\u0131\u011f\u0131 V\u0259t\u0259nda\u015f C\u0259miyy\u0259ti Forumu Az\u0259rbaycan Milli Platformas\u0131 Qubad \u0130bado\u011flunun h\u0259bsi il\u0259 ba\u011fl\u0131 b\u0259yanat yayd\u0131\">Davam\u0131<\/a><\/p>\n","protected":false},"author":8,"featured_media":280582,"comment_status":"closed","ping_status":"closed","sticky":false,"template":"","format":"standard","meta":{"_acf_changed":false,"_sitemap_exclude":false,"_sitemap_priority":"","_sitemap_frequency":"","footnotes":""},"categories":[59,56],"tags":[],"class_list":["post-280581","post","type-post","status-publish","format-standard","has-post-thumbnail","hentry","category-siyaset","category-xeberler","infinite-scroll-item","generate-columns","tablet-grid-50","mobile-grid-100","grid-parent","grid-33","no-featured-image-padding"],"acf":[],"yoast_head":"<!-- This site is optimized with the Yoast SEO plugin v27.4 - https:\/\/yoast.com\/product\/yoast-seo-wordpress\/ -->\n<title>\u015e\u0259rq T\u0259r\u0259fda\u015fl\u0131\u011f\u0131 V\u0259t\u0259nda\u015f C\u0259miyy\u0259ti Forumu Az\u0259rbaycan Milli Platformas\u0131 Qubad \u0130bado\u011flunun h\u0259bsi il\u0259 ba\u011fl\u0131 b\u0259yanat yayd\u0131 - MEYDAN.TV<\/title>\n<meta name=\"robots\" content=\"index, follow, max-snippet:-1, max-image-preview:large, max-video-preview:-1\" \/>\n<link rel=\"canonical\" href=\"https:\/\/www.meydan.tv\/az\/article\/serq-terefdasligi-vetendas-cemiyyeti-forumu-azerbaycan-milli-platformasi-qubad-ibadoglunun-hebsi-ile-bagli-beyanat-yaydi\/\" \/>\n<meta property=\"og:locale\" content=\"az_AZ\" \/>\n<meta property=\"og:type\" content=\"article\" \/>\n<meta property=\"og:title\" content=\"\u015e\u0259rq T\u0259r\u0259fda\u015fl\u0131\u011f\u0131 V\u0259t\u0259nda\u015f C\u0259miyy\u0259ti Forumu Az\u0259rbaycan Milli Platformas\u0131 Qubad \u0130bado\u011flunun h\u0259bsi il\u0259 ba\u011fl\u0131 b\u0259yanat yayd\u0131 - MEYDAN.TV\" \/>\n<meta property=\"og:description\" content=\"Milli Platforma iqtisad\u00e7\u0131n\u0131n d\u0259rhal azad edilm\u0259sini t\u0259l\u0259b edir \u015e\u0259rq T\u0259r\u0259fda\u015fl\u0131\u011f\u0131 ... Davam\u0131\" \/>\n<meta property=\"og:url\" content=\"https:\/\/www.meydan.tv\/az\/article\/serq-terefdasligi-vetendas-cemiyyeti-forumu-azerbaycan-milli-platformasi-qubad-ibadoglunun-hebsi-ile-bagli-beyanat-yaydi\/\" \/>\n<meta property=\"og:site_name\" content=\"MEYDAN.TV\" \/>\n<meta property=\"article:published_time\" content=\"2023-07-25T11:52:22+00:00\" \/>\n<meta property=\"article:modified_time\" content=\"2023-07-25T11:52:25+00:00\" \/>\n<meta property=\"og:image\" content=\"https:\/\/www.meydan.tv\/wp-content\/uploads\/2906a88192f9425587bc6acedf13186b28320225458604.jpg\" \/>\n\t<meta property=\"og:image:width\" content=\"1200\" \/>\n\t<meta property=\"og:image:height\" content=\"640\" \/>\n\t<meta property=\"og:image:type\" content=\"image\/jpeg\" \/>\n<meta name=\"author\" content=\"elli\" \/>\n<meta name=\"twitter:card\" content=\"summary_large_image\" \/>\n<meta name=\"twitter:creator\" content=\"@elli\" \/>\n<script type=\"application\/ld+json\" class=\"yoast-schema-graph\">{\"@context\":\"https:\\\/\\\/schema.org\",\"@graph\":[{\"@type\":\"Article\",\"@id\":\"https:\\\/\\\/www.meydan.tv\\\/az\\\/article\\\/serq-terefdasligi-vetendas-cemiyyeti-forumu-azerbaycan-milli-platformasi-qubad-ibadoglunun-hebsi-ile-bagli-beyanat-yaydi\\\/#article\",\"isPartOf\":{\"@id\":\"https:\\\/\\\/www.meydan.tv\\\/az\\\/article\\\/serq-terefdasligi-vetendas-cemiyyeti-forumu-azerbaycan-milli-platformasi-qubad-ibadoglunun-hebsi-ile-bagli-beyanat-yaydi\\\/\"},\"author\":{\"name\":\"elli\",\"@id\":\"https:\\\/\\\/www.meydan.tv\\\/az\\\/#\\\/schema\\\/person\\\/9cdbecf90d17180ce1dfbd95b08dcf47\"},\"headline\":\"\u015e\u0259rq T\u0259r\u0259fda\u015fl\u0131\u011f\u0131 V\u0259t\u0259nda\u015f C\u0259miyy\u0259ti Forumu Az\u0259rbaycan Milli Platformas\u0131 Qubad \u0130bado\u011flunun h\u0259bsi il\u0259 ba\u011fl\u0131 b\u0259yanat yayd\u0131\",\"datePublished\":\"2023-07-25T11:52:22+00:00\",\"dateModified\":\"2023-07-25T11:52:25+00:00\",\"mainEntityOfPage\":{\"@id\":\"https:\\\/\\\/www.meydan.tv\\\/az\\\/article\\\/serq-terefdasligi-vetendas-cemiyyeti-forumu-azerbaycan-milli-platformasi-qubad-ibadoglunun-hebsi-ile-bagli-beyanat-yaydi\\\/\"},\"wordCount\":442,\"publisher\":{\"@id\":\"https:\\\/\\\/www.meydan.tv\\\/az\\\/#organization\"},\"image\":{\"@id\":\"https:\\\/\\\/www.meydan.tv\\\/az\\\/article\\\/serq-terefdasligi-vetendas-cemiyyeti-forumu-azerbaycan-milli-platformasi-qubad-ibadoglunun-hebsi-ile-bagli-beyanat-yaydi\\\/#primaryimage\"},\"thumbnailUrl\":\"https:\\\/\\\/www.meydan.tv\\\/wp-content\\\/uploads\\\/2906a88192f9425587bc6acedf13186b28320225458604.jpg\",\"articleSection\":[\"Siyas\u0259t\",\"X\u0259b\u0259rl\u0259r\"],\"inLanguage\":\"az\"},{\"@type\":\"WebPage\",\"@id\":\"https:\\\/\\\/www.meydan.tv\\\/az\\\/article\\\/serq-terefdasligi-vetendas-cemiyyeti-forumu-azerbaycan-milli-platformasi-qubad-ibadoglunun-hebsi-ile-bagli-beyanat-yaydi\\\/\",\"url\":\"https:\\\/\\\/www.meydan.tv\\\/az\\\/article\\\/serq-terefdasligi-vetendas-cemiyyeti-forumu-azerbaycan-milli-platformasi-qubad-ibadoglunun-hebsi-ile-bagli-beyanat-yaydi\\\/\",\"name\":\"\u015e\u0259rq T\u0259r\u0259fda\u015fl\u0131\u011f\u0131 V\u0259t\u0259nda\u015f C\u0259miyy\u0259ti Forumu Az\u0259rbaycan Milli Platformas\u0131 Qubad \u0130bado\u011flunun h\u0259bsi il\u0259 ba\u011fl\u0131 b\u0259yanat yayd\u0131 - MEYDAN.TV\",\"isPartOf\":{\"@id\":\"https:\\\/\\\/www.meydan.tv\\\/az\\\/#website\"},\"primaryImageOfPage\":{\"@id\":\"https:\\\/\\\/www.meydan.tv\\\/az\\\/article\\\/serq-terefdasligi-vetendas-cemiyyeti-forumu-azerbaycan-milli-platformasi-qubad-ibadoglunun-hebsi-ile-bagli-beyanat-yaydi\\\/#primaryimage\"},\"image\":{\"@id\":\"https:\\\/\\\/www.meydan.tv\\\/az\\\/article\\\/serq-terefdasligi-vetendas-cemiyyeti-forumu-azerbaycan-milli-platformasi-qubad-ibadoglunun-hebsi-ile-bagli-beyanat-yaydi\\\/#primaryimage\"},\"thumbnailUrl\":\"https:\\\/\\\/www.meydan.tv\\\/wp-content\\\/uploads\\\/2906a88192f9425587bc6acedf13186b28320225458604.jpg\",\"datePublished\":\"2023-07-25T11:52:22+00:00\",\"dateModified\":\"2023-07-25T11:52:25+00:00\",\"breadcrumb\":{\"@id\":\"https:\\\/\\\/www.meydan.tv\\\/az\\\/article\\\/serq-terefdasligi-vetendas-cemiyyeti-forumu-azerbaycan-milli-platformasi-qubad-ibadoglunun-hebsi-ile-bagli-beyanat-yaydi\\\/#breadcrumb\"},\"inLanguage\":\"az\",\"potentialAction\":[{\"@type\":\"ReadAction\",\"target\":[\"https:\\\/\\\/www.meydan.tv\\\/az\\\/article\\\/serq-terefdasligi-vetendas-cemiyyeti-forumu-azerbaycan-milli-platformasi-qubad-ibadoglunun-hebsi-ile-bagli-beyanat-yaydi\\\/\"]}]},{\"@type\":\"ImageObject\",\"inLanguage\":\"az\",\"@id\":\"https:\\\/\\\/www.meydan.tv\\\/az\\\/article\\\/serq-terefdasligi-vetendas-cemiyyeti-forumu-azerbaycan-milli-platformasi-qubad-ibadoglunun-hebsi-ile-bagli-beyanat-yaydi\\\/#primaryimage\",\"url\":\"https:\\\/\\\/www.meydan.tv\\\/wp-content\\\/uploads\\\/2906a88192f9425587bc6acedf13186b28320225458604.jpg\",\"contentUrl\":\"https:\\\/\\\/www.meydan.tv\\\/wp-content\\\/uploads\\\/2906a88192f9425587bc6acedf13186b28320225458604.jpg\",\"width\":1200,\"height\":640,\"caption\":\"Foto: \u015e\u0259rq T\u0259r\u0259fda\u015fl\u0131\u011f\u0131 V\u0259t\u0259nda\u015f C\u0259miyy\u0259ti Forumu Az\u0259rbaycan Milli Platformas\u0131\"},{\"@type\":\"BreadcrumbList\",\"@id\":\"https:\\\/\\\/www.meydan.tv\\\/az\\\/article\\\/serq-terefdasligi-vetendas-cemiyyeti-forumu-azerbaycan-milli-platformasi-qubad-ibadoglunun-hebsi-ile-bagli-beyanat-yaydi\\\/#breadcrumb\",\"itemListElement\":[{\"@type\":\"ListItem\",\"position\":1,\"name\":\"Ana s\u0259hif\u0259\",\"item\":\"https:\\\/\\\/www.meydan.tv\\\/az\\\/\"},{\"@type\":\"ListItem\",\"position\":2,\"name\":\"Siyas\u0259t\",\"item\":\"https:\\\/\\\/www.meydan.tv\\\/az\\\/section\\\/siyaset\\\/\"},{\"@type\":\"ListItem\",\"position\":3,\"name\":\"\u015e\u0259rq T\u0259r\u0259fda\u015fl\u0131\u011f\u0131 V\u0259t\u0259nda\u015f C\u0259miyy\u0259ti Forumu Az\u0259rbaycan Milli Platformas\u0131 Qubad \u0130bado\u011flunun h\u0259bsi il\u0259 ba\u011fl\u0131 b\u0259yanat yayd\u0131\"}]},{\"@type\":\"WebSite\",\"@id\":\"https:\\\/\\\/www.meydan.tv\\\/az\\\/#website\",\"url\":\"https:\\\/\\\/www.meydan.tv\\\/az\\\/\",\"name\":\"MEYDAN.TV\",\"description\":\"Meydan TV Az\u0259rbaycan\u0131n media m\u0259kan\u0131ndak\u0131 alternativ s\u0259sidir\",\"publisher\":{\"@id\":\"https:\\\/\\\/www.meydan.tv\\\/az\\\/#organization\"},\"potentialAction\":[{\"@type\":\"SearchAction\",\"target\":{\"@type\":\"EntryPoint\",\"urlTemplate\":\"https:\\\/\\\/www.meydan.tv\\\/az\\\/?s={search_term_string}\"},\"query-input\":{\"@type\":\"PropertyValueSpecification\",\"valueRequired\":true,\"valueName\":\"search_term_string\"}}],\"inLanguage\":\"az\"},{\"@type\":\"Organization\",\"@id\":\"https:\\\/\\\/www.meydan.tv\\\/az\\\/#organization\",\"name\":\"Meydan TV\",\"url\":\"https:\\\/\\\/www.meydan.tv\\\/az\\\/\",\"logo\":{\"@type\":\"ImageObject\",\"inLanguage\":\"az\",\"@id\":\"https:\\\/\\\/www.meydan.tv\\\/az\\\/#\\\/schema\\\/logo\\\/image\\\/\",\"url\":\"https:\\\/\\\/www.meydan.tv\\\/wp-content\\\/uploads\\\/2021\\\/07\\\/meydan-logo.svg\",\"contentUrl\":\"https:\\\/\\\/www.meydan.tv\\\/wp-content\\\/uploads\\\/2021\\\/07\\\/meydan-logo.svg\",\"width\":195,\"height\":46,\"caption\":\"Meydan TV\"},\"image\":{\"@id\":\"https:\\\/\\\/www.meydan.tv\\\/az\\\/#\\\/schema\\\/logo\\\/image\\\/\"}},{\"@type\":\"Person\",\"@id\":\"https:\\\/\\\/www.meydan.tv\\\/az\\\/#\\\/schema\\\/person\\\/9cdbecf90d17180ce1dfbd95b08dcf47\",\"name\":\"elli\",\"sameAs\":[\"https:\\\/\\\/x.com\\\/elli\"]}]}<\/script>\n<!-- \/ Yoast SEO plugin. -->","yoast_head_json":{"title":"\u015e\u0259rq T\u0259r\u0259fda\u015fl\u0131\u011f\u0131 V\u0259t\u0259nda\u015f C\u0259miyy\u0259ti Forumu Az\u0259rbaycan Milli Platformas\u0131 Qubad \u0130bado\u011flunun h\u0259bsi il\u0259 ba\u011fl\u0131 b\u0259yanat yayd\u0131 - MEYDAN.TV","robots":{"index":"index","follow":"follow","max-snippet":"max-snippet:-1","max-image-preview":"max-image-preview:large","max-video-preview":"max-video-preview:-1"},"canonical":"https:\/\/www.meydan.tv\/az\/article\/serq-terefdasligi-vetendas-cemiyyeti-forumu-azerbaycan-milli-platformasi-qubad-ibadoglunun-hebsi-ile-bagli-beyanat-yaydi\/","og_locale":"az_AZ","og_type":"article","og_title":"\u015e\u0259rq T\u0259r\u0259fda\u015fl\u0131\u011f\u0131 V\u0259t\u0259nda\u015f C\u0259miyy\u0259ti Forumu Az\u0259rbaycan Milli Platformas\u0131 Qubad \u0130bado\u011flunun h\u0259bsi il\u0259 ba\u011fl\u0131 b\u0259yanat yayd\u0131 - MEYDAN.TV","og_description":"Milli Platforma iqtisad\u00e7\u0131n\u0131n d\u0259rhal azad edilm\u0259sini t\u0259l\u0259b edir \u015e\u0259rq T\u0259r\u0259fda\u015fl\u0131\u011f\u0131 ... Davam\u0131","og_url":"https:\/\/www.meydan.tv\/az\/article\/serq-terefdasligi-vetendas-cemiyyeti-forumu-azerbaycan-milli-platformasi-qubad-ibadoglunun-hebsi-ile-bagli-beyanat-yaydi\/","og_site_name":"MEYDAN.TV","article_published_time":"2023-07-25T11:52:22+00:00","article_modified_time":"2023-07-25T11:52:25+00:00","og_image":[{"width":1200,"height":640,"url":"https:\/\/www.meydan.tv\/wp-content\/uploads\/2906a88192f9425587bc6acedf13186b28320225458604.jpg","type":"image\/jpeg"}],"author":"elli","twitter_card":"summary_large_image","twitter_creator":"@elli","schema":{"@context":"https:\/\/schema.org","@graph":[{"@type":"Article","@id":"https:\/\/www.meydan.tv\/az\/article\/serq-terefdasligi-vetendas-cemiyyeti-forumu-azerbaycan-milli-platformasi-qubad-ibadoglunun-hebsi-ile-bagli-beyanat-yaydi\/#article","isPartOf":{"@id":"https:\/\/www.meydan.tv\/az\/article\/serq-terefdasligi-vetendas-cemiyyeti-forumu-azerbaycan-milli-platformasi-qubad-ibadoglunun-hebsi-ile-bagli-beyanat-yaydi\/"},"author":{"name":"elli","@id":"https:\/\/www.meydan.tv\/az\/#\/schema\/person\/9cdbecf90d17180ce1dfbd95b08dcf47"},"headline":"\u015e\u0259rq T\u0259r\u0259fda\u015fl\u0131\u011f\u0131 V\u0259t\u0259nda\u015f C\u0259miyy\u0259ti Forumu Az\u0259rbaycan Milli Platformas\u0131 Qubad \u0130bado\u011flunun h\u0259bsi il\u0259 ba\u011fl\u0131 b\u0259yanat yayd\u0131","datePublished":"2023-07-25T11:52:22+00:00","dateModified":"2023-07-25T11:52:25+00:00","mainEntityOfPage":{"@id":"https:\/\/www.meydan.tv\/az\/article\/serq-terefdasligi-vetendas-cemiyyeti-forumu-azerbaycan-milli-platformasi-qubad-ibadoglunun-hebsi-ile-bagli-beyanat-yaydi\/"},"wordCount":442,"publisher":{"@id":"https:\/\/www.meydan.tv\/az\/#organization"},"image":{"@id":"https:\/\/www.meydan.tv\/az\/article\/serq-terefdasligi-vetendas-cemiyyeti-forumu-azerbaycan-milli-platformasi-qubad-ibadoglunun-hebsi-ile-bagli-beyanat-yaydi\/#primaryimage"},"thumbnailUrl":"https:\/\/www.meydan.tv\/wp-content\/uploads\/2906a88192f9425587bc6acedf13186b28320225458604.jpg","articleSection":["Siyas\u0259t","X\u0259b\u0259rl\u0259r"],"inLanguage":"az"},{"@type":"WebPage","@id":"https:\/\/www.meydan.tv\/az\/article\/serq-terefdasligi-vetendas-cemiyyeti-forumu-azerbaycan-milli-platformasi-qubad-ibadoglunun-hebsi-ile-bagli-beyanat-yaydi\/","url":"https:\/\/www.meydan.tv\/az\/article\/serq-terefdasligi-vetendas-cemiyyeti-forumu-azerbaycan-milli-platformasi-qubad-ibadoglunun-hebsi-ile-bagli-beyanat-yaydi\/","name":"\u015e\u0259rq T\u0259r\u0259fda\u015fl\u0131\u011f\u0131 V\u0259t\u0259nda\u015f C\u0259miyy\u0259ti Forumu Az\u0259rbaycan Milli Platformas\u0131 Qubad \u0130bado\u011flunun h\u0259bsi il\u0259 ba\u011fl\u0131 b\u0259yanat yayd\u0131 - MEYDAN.TV","isPartOf":{"@id":"https:\/\/www.meydan.tv\/az\/#website"},"primaryImageOfPage":{"@id":"https:\/\/www.meydan.tv\/az\/article\/serq-terefdasligi-vetendas-cemiyyeti-forumu-azerbaycan-milli-platformasi-qubad-ibadoglunun-hebsi-ile-bagli-beyanat-yaydi\/#primaryimage"},"image":{"@id":"https:\/\/www.meydan.tv\/az\/article\/serq-terefdasligi-vetendas-cemiyyeti-forumu-azerbaycan-milli-platformasi-qubad-ibadoglunun-hebsi-ile-bagli-beyanat-yaydi\/#primaryimage"},"thumbnailUrl":"https:\/\/www.meydan.tv\/wp-content\/uploads\/2906a88192f9425587bc6acedf13186b28320225458604.jpg","datePublished":"2023-07-25T11:52:22+00:00","dateModified":"2023-07-25T11:52:25+00:00","breadcrumb":{"@id":"https:\/\/www.meydan.tv\/az\/article\/serq-terefdasligi-vetendas-cemiyyeti-forumu-azerbaycan-milli-platformasi-qubad-ibadoglunun-hebsi-ile-bagli-beyanat-yaydi\/#breadcrumb"},"inLanguage":"az","potentialAction":[{"@type":"ReadAction","target":["https:\/\/www.meydan.tv\/az\/article\/serq-terefdasligi-vetendas-cemiyyeti-forumu-azerbaycan-milli-platformasi-qubad-ibadoglunun-hebsi-ile-bagli-beyanat-yaydi\/"]}]},{"@type":"ImageObject","inLanguage":"az","@id":"https:\/\/www.meydan.tv\/az\/article\/serq-terefdasligi-vetendas-cemiyyeti-forumu-azerbaycan-milli-platformasi-qubad-ibadoglunun-hebsi-ile-bagli-beyanat-yaydi\/#primaryimage","url":"https:\/\/www.meydan.tv\/wp-content\/uploads\/2906a88192f9425587bc6acedf13186b28320225458604.jpg","contentUrl":"https:\/\/www.meydan.tv\/wp-content\/uploads\/2906a88192f9425587bc6acedf13186b28320225458604.jpg","width":1200,"height":640,"caption":"Foto: \u015e\u0259rq T\u0259r\u0259fda\u015fl\u0131\u011f\u0131 V\u0259t\u0259nda\u015f C\u0259miyy\u0259ti Forumu Az\u0259rbaycan Milli Platformas\u0131"},{"@type":"BreadcrumbList","@id":"https:\/\/www.meydan.tv\/az\/article\/serq-terefdasligi-vetendas-cemiyyeti-forumu-azerbaycan-milli-platformasi-qubad-ibadoglunun-hebsi-ile-bagli-beyanat-yaydi\/#breadcrumb","itemListElement":[{"@type":"ListItem","position":1,"name":"Ana s\u0259hif\u0259","item":"https:\/\/www.meydan.tv\/az\/"},{"@type":"ListItem","position":2,"name":"Siyas\u0259t","item":"https:\/\/www.meydan.tv\/az\/section\/siyaset\/"},{"@type":"ListItem","position":3,"name":"\u015e\u0259rq T\u0259r\u0259fda\u015fl\u0131\u011f\u0131 V\u0259t\u0259nda\u015f C\u0259miyy\u0259ti Forumu Az\u0259rbaycan Milli Platformas\u0131 Qubad \u0130bado\u011flunun h\u0259bsi il\u0259 ba\u011fl\u0131 b\u0259yanat yayd\u0131"}]},{"@type":"WebSite","@id":"https:\/\/www.meydan.tv\/az\/#website","url":"https:\/\/www.meydan.tv\/az\/","name":"MEYDAN.TV","description":"Meydan TV Az\u0259rbaycan\u0131n media m\u0259kan\u0131ndak\u0131 alternativ s\u0259sidir","publisher":{"@id":"https:\/\/www.meydan.tv\/az\/#organization"},"potentialAction":[{"@type":"SearchAction","target":{"@type":"EntryPoint","urlTemplate":"https:\/\/www.meydan.tv\/az\/?s={search_term_string}"},"query-input":{"@type":"PropertyValueSpecification","valueRequired":true,"valueName":"search_term_string"}}],"inLanguage":"az"},{"@type":"Organization","@id":"https:\/\/www.meydan.tv\/az\/#organization","name":"Meydan TV","url":"https:\/\/www.meydan.tv\/az\/","logo":{"@type":"ImageObject","inLanguage":"az","@id":"https:\/\/www.meydan.tv\/az\/#\/schema\/logo\/image\/","url":"https:\/\/www.meydan.tv\/wp-content\/uploads\/2021\/07\/meydan-logo.svg","contentUrl":"https:\/\/www.meydan.tv\/wp-content\/uploads\/2021\/07\/meydan-logo.svg","width":195,"height":46,"caption":"Meydan TV"},"image":{"@id":"https:\/\/www.meydan.tv\/az\/#\/schema\/logo\/image\/"}},{"@type":"Person","@id":"https:\/\/www.meydan.tv\/az\/#\/schema\/person\/9cdbecf90d17180ce1dfbd95b08dcf47","name":"elli","sameAs":["https:\/\/x.com\/elli"]}]}},"_links":{"self":[{"href":"https:\/\/www.meydan.tv\/az\/wp-json\/wp\/v2\/posts\/280581","targetHints":{"allow":["GET"]}}],"collection":[{"href":"https:\/\/www.meydan.tv\/az\/wp-json\/wp\/v2\/posts"}],"about":[{"href":"https:\/\/www.meydan.tv\/az\/wp-json\/wp\/v2\/types\/post"}],"author":[{"embeddable":true,"href":"https:\/\/www.meydan.tv\/az\/wp-json\/wp\/v2\/users\/8"}],"replies":[{"embeddable":true,"href":"https:\/\/www.meydan.tv\/az\/wp-json\/wp\/v2\/comments?post=280581"}],"version-history":[{"count":1,"href":"https:\/\/www.meydan.tv\/az\/wp-json\/wp\/v2\/posts\/280581\/revisions"}],"predecessor-version":[{"id":280585,"href":"https:\/\/www.meydan.tv\/az\/wp-json\/wp\/v2\/posts\/280581\/revisions\/280585"}],"wp:featuredmedia":[{"embeddable":true,"href":"https:\/\/www.meydan.tv\/az\/wp-json\/wp\/v2\/media\/280582"}],"wp:attachment":[{"href":"https:\/\/www.meydan.tv\/az\/wp-json\/wp\/v2\/media?parent=280581"}],"wp:term":[{"taxonomy":"category","embeddable":true,"href":"https:\/\/www.meydan.tv\/az\/wp-json\/wp\/v2\/categories?post=280581"},{"taxonomy":"post_tag","embeddable":true,"href":"https:\/\/www.meydan.tv\/az\/wp-json\/wp\/v2\/tags?post=280581"}],"curies":[{"name":"wp","href":"https:\/\/api.w.org\/{rel}","templated":true}]}}