{"id":280559,"date":"2023-07-25T13:59:35","date_gmt":"2023-07-25T09:59:35","guid":{"rendered":"https:\/\/www.meydan.tv\/?p=280559"},"modified":"2023-07-25T13:59:38","modified_gmt":"2023-07-25T09:59:38","slug":"milli-sura-ve-musavat-partiyasi-qubad-ibadoglunun-hebsini-pisledi","status":"publish","type":"post","link":"https:\/\/www.meydan.tv\/az\/article\/milli-sura-ve-musavat-partiyasi-qubad-ibadoglunun-hebsini-pisledi\/","title":{"rendered":"Milli \u015eura v\u0259 M\u00fcsavat Partiyas\u0131 Qubad \u0130bado\u011flunun h\u0259bsini pisl\u0259di"},"content":{"rendered":"\n<p><\/p>\n\n\n\n<p>&#8220;<strong><em>Qubad \u0130bado\u011flu \u018fliyev rejiminin korrupsiya \u0259m\u0259ll\u0259rini fakt v\u0259 d\u0259lill\u0259rl\u0259 if\u015fa ed\u0259n g\u00f6rk\u0259mli alimdir, d\u00fcnya t\u0259r\u0259find\u0259n etibar qazanm\u0131\u015f t\u0259hlil\u00e7idir\u201d<\/em><\/strong><\/p>\n\n\n\n<p>Demokratik Q\u00fcvv\u0259l\u0259rin Milli \u015euras\u0131 (DQM\u015e) ADR Partiyas\u0131n\u0131n s\u0259dri Qubad \u0130bado\u011flunun h\u0259bsin\u0259 etiraz b\u0259yanat\u0131 yay\u0131b.<\/p>\n\n\n\n<p>B\u0259yanat Qubad \u0130bado\u011fluna qar\u015f\u0131 d\u00f6vl\u0259t s\u0259viyy\u0259sind\u0259 zorak\u0131l\u0131q akt\u0131 ba\u015f verdiyi bildirilir:<\/p>\n\n\n\n<p>&#8220;<em>Qubad Ibado\u011flu xan\u0131m\u0131 il\u0259 birlikd\u0259 D\u0130N Ba\u015f M\u00fct\u0259\u015f\u0259kkil Cinay\u0259tkarl\u0131qla M\u00fcbariz\u0259 \u0130dar\u0259sinin \u0259m\u0259kda\u015flar\u0131 t\u0259r\u0259find\u0259n\u00a0 zorak\u0131l\u0131qla saxlan\u0131l\u0131b. Saxlan\u0131lan zaman ona v\u0259 xan\u0131m\u0131na qar\u015f\u0131 fiziki g\u00fcc v\u0259 m\u0259n\u0259vi i\u015fg\u0259nc\u0259 t\u0259tbiq edilib, h\u0259r ikisin\u0259 b\u0259d\u0259n x\u0259sar\u0259tl\u0259ri yetirilib. Hipertoniya v\u0259 \u015f\u0259k\u0259rli diabet x\u0259st\u0259si olan Qubad \u0130bado\u011fluna saxlan\u0131landan sonra d\u0259rmanlar\u0131 verilm\u0259yib. Qubad \u0130bado\u011flunun \u201cBandotdel\u201d i\u015f\u00e7il\u0259ri t\u0259r\u0259find\u0259n zorak\u0131 yolla saxlan\u0131lmas\u0131 h\u00fcquq ad\u0131na r\u0259zal\u0259tdir&#8221;.<\/em><\/p>\n\n\n\n<p>Milli \u015eura Qubad \u0130bado\u011flunun saxlan\u0131lan zaman onun bar\u0259sind\u0259 &#8220;FET\u00d6&#8221; il\u0259 ba\u011fl\u0131 yay\u0131lan informasiyalar\u0131n m\u0259qs\u0259dli oldu\u011funu hesab edir:<\/p>\n\n\n\n<p>&#8220;<em>Bununla da T\u00fcrkiy\u0259 h\u00fcquq-m\u00fchafiz\u0259 orqanlar\u0131ndan qaynaqlanmas\u0131 t\u0259\u0259ss\u00fcrat\u0131 yaratmaqla Az\u0259rbaycan ictimai fikrind\u0259 h\u0259bsin s\u0259b\u0259bl\u0259rin\u0259\u00a0 m\u0259n\u0259vi etibarl\u0131l\u0131q qazand\u0131rmaqd\u0131r. D\u00fcnyan\u0131n birinci iqtisadiyyat m\u0259kt\u0259bind\u0259 g\u0259ncl\u0259r\u0259 halal pul qazanma\u011f\u0131n yollar\u0131n\u0131 \u00f6yr\u0259d\u0259n iqtisad\u00e7\u0131 professor saxta pul v\u0259 ya qiym\u0259tli ka\u011f\u0131zlar haz\u0131rlamaqda, satmaqda \u015f\u00fcbh\u0259li bilinir. G\u00f6r\u00fcn\u00fcr, h\u00fcquq-m\u00fchafiz\u0259 orqanlar\u0131 Qubad b\u0259yi saxlamaq \u00fc\u00e7\u00fcn d\u0259lilsizlik sindromu il\u0259 qar\u015f\u0131la\u015f\u0131blar v\u0259 n\u0259tic\u0259d\u0259 \u00f6lk\u0259nin iqtisadiyyat \u00fczr\u0259 \u0259n n\u00fcfuzlu alimin\u0259 qar\u015f\u0131 bu q\u0259d\u0259r ucuz, g\u00fcl\u00fcnc, h\u00fcquqi anlay\u0131\u015fa s\u0131\u011fmayan ittiham ir\u0259li s\u00fcr\u00fcbl\u0259r. M\u00fcst\u0259qilliyi olmayan m\u0259hk\u0259m\u0259 is\u0259 bel\u0259 c\u0259f\u0259ng iddia \u00fczr\u0259 3 ay 26 g\u00fcnl\u00fck h\u0259bs q\u0259ti imkan\u0131 se\u00e7ib&#8221;.<\/em><\/p>\n\n\n<div class=\"wp-block-image\">\n<figure class=\"aligncenter size-full\"><img decoding=\"async\" width=\"960\" height=\"639\" data-src=\"https:\/\/www.meydan.tv\/wp-content\/uploads\/muxalifet.jpg\" alt=\"Milli \u015eura\" class=\"wp-image-207191 lazyload\" src=\"data:image\/svg+xml;base64,PHN2ZyB3aWR0aD0iMSIgaGVpZ2h0PSIxIiB4bWxucz0iaHR0cDovL3d3dy53My5vcmcvMjAwMC9zdmciPjwvc3ZnPg==\" style=\"--smush-placeholder-width: 960px; --smush-placeholder-aspect-ratio: 960\/639;\" \/><figcaption class=\"wp-element-caption\"> Foto: arxiv<\/figcaption><\/figure>\n<\/div>\n\n\n<p>Milli \u015eura Qubad b\u0259yin h\u0259bsini onun Az\u0259rbaycan h\u00f6kum\u0259tinin yeritdiyi siyasi, iqtisadi v\u0259 sosial siyas\u0259tin\u0259 t\u0259nqidi m\u00fcnasib\u0259ti il\u0259 \u0259laq\u0259l\u0259ndirir:<\/p>\n\n\n\n<p><em>&#8220;Qubad \u0130bado\u011flu \u018fliyev rejiminin korrupsiya \u0259m\u0259ll\u0259rini fakt v\u0259 d\u0259lill\u0259rl\u0259 if\u015fa ed\u0259n g\u00f6rk\u0259mli alimdir, d\u00fcnya t\u0259r\u0259find\u0259n etibar qazanm\u0131\u015f t\u0259hlil\u00e7idir. Qubad b\u0259y ilk g\u00fcnd\u0259n \u201cs\u00fclhm\u0259raml\u0131\u201d ad\u0131 il\u0259 rus qo\u015funlar\u0131n\u0131n Az\u0259rbaycana qaytar\u0131lmas\u0131na qar\u015f\u0131 m\u00f6vqe ortaya qoyub. Qaraba\u011f\u0131n azad olunmu\u015f \u0259razil\u0259rind\u0259 h\u0259yata ke\u00e7iril\u0259n sosial v\u0259 infrastruktur layih\u0259l\u0259rind\u0259 korrupsiya faktlar\u0131n\u0131n oldu\u011funu \u00fcz\u0259 \u00e7\u0131xar\u0131b. Onun m\u00fc\u0259llifi oldu\u011fu \u201c<a href=\"http:\/\/biz.tv\/\" target=\"_blank\" rel=\"noreferrer noopener\">Biz.tv<\/a>\u201d ard\u0131c\u0131l olaraq t\u0259nqidi m\u00f6vqeyi il\u0259 se\u00e7ilib. \u015e\u00fcbh\u0259siz ki, ba\u015f ver\u0259nl\u0259r Qubad b\u0259yin m\u00fcxalif siyasi m\u00f6vqeyi v\u0259 &#8220;<a href=\"http:\/\/biz.tv\/\" target=\"_blank\" rel=\"noreferrer noopener\">Biz.tv<\/a>&#8220;-d\u0259ki t\u0259nqidi \u00e7\u0131x\u0131\u015flar\u0131 il\u0259 ba\u011fl\u0131d\u0131r&#8221;.<\/em><\/p>\n\n\n\n<p>B\u0259yanatda yeni yarad\u0131lm\u0131\u015f v\u0259 Londonda qeydiyyatdan ke\u00e7irilmi\u015f \u201cAz\u0259rbaycan G\u0259ncl\u0259rinin T\u0259hsil Fondu\u201dnun da hakimiyy\u0259ti q\u0259z\u0259bl\u0259ndirdiyi bildirilir:<\/p>\n\n\n\n<p>&#8220;<em>Son h\u0259ft\u0259l\u0259rd\u0259 Milli M\u0259clisin 5 deputat\u0131 (Tahir K\u0259rimli, Ayd\u0131n Mirz\u0259zad\u0259, El\u015f\u0259n Musayev, Ceyhun M\u0259mm\u0259dov, F\u0259azil A\u011famal\u0131) hakimiyy\u0259t v\u0259 YAP m\u0259tbuat\u0131nda bu fonda v\u0259 onun t\u0259sis\u00e7il\u0259rin\u0259 qar\u015f\u0131 b\u00f6htan kampaniyas\u0131 apar\u0131l\u0131b. Fonda qar\u015f\u0131 t\u0259dbirl\u0259r g\u00f6r\u00fclm\u0259si il\u0259 ba\u011fl\u0131 hakimiyy\u0259t orqanlar\u0131na \u00e7a\u011f\u0131r\u0131\u015f edilib&#8221;.<\/em><\/p>\n\n\n\n<p>Milli \u015eura Qubad b\u0259y\u0259 qar\u015f\u0131 ba\u015f ver\u0259n zorak\u0131l\u0131q v\u0259 qanunsuzlu\u011fa, onun siyasi sifari\u015f \u0259sas\u0131nda h\u0259yata ke\u00e7iril\u0259n h\u0259bsin\u0259 etiraz\u0131n\u0131 bildirir, ona qar\u015f\u0131 saxta v\u0259 qurama ittihamlar\u0131 q\u0131nay\u0131r, onun d\u0259rhal azad olunmas\u0131n\u0131 t\u0259l\u0259b edir.<\/p>\n\n\n\n<p>M\u00fcsavat Partiyas\u0131 Divan\u0131n\u0131n 24 iyul toplant\u0131s\u0131nda da Qubad \u0130bado\u011flunun h\u0259bsin\u0259 etiraz ifad\u0259 olunub v\u0259 hakimiyy\u0259td\u0259n istintaq i\u015finin \u015f\u0259ffaf ara\u015fd\u0131r\u0131lmas\u0131 t\u0259l\u0259b edilib.<\/p>\n\n\n\n<p>Bu bar\u0259d\u0259 Meydan TV-y\u0259 dan\u0131\u015fan M\u0259rk\u0259zi \u0130cra Aparat\u0131n\u0131n s\u0259dri G\u00fcla\u011fa Aslanl\u0131 bildirib ki, partiya Qubad \u0130bado\u011flunun h\u0259bsini diqq\u0259td\u0259 saxlayacaq.<\/p>\n\n\n<div class=\"wp-block-image\">\n<figure class=\"aligncenter size-full\"><img decoding=\"async\" data-src=\"https:\/\/www.meydan.tv\/wp-content\/uploads\/72118762_3243534172387058_2045441474224455680_n-e1689763816128.jpg\" alt=\"M\u00fcsavat partiyas\u0131n\u0131n qurultay\u0131ndan\" class=\"wp-image-131324 lazyload\" src=\"data:image\/svg+xml;base64,PHN2ZyB3aWR0aD0iMSIgaGVpZ2h0PSIxIiB4bWxucz0iaHR0cDovL3d3dy53My5vcmcvMjAwMC9zdmciPjwvc3ZnPg==\" style=\"--smush-placeholder-width: 960px; --smush-placeholder-aspect-ratio: 960\/470;\" \/><figcaption class=\"wp-element-caption\">Foto: Facebook<\/figcaption><\/figure>\n<\/div>\n\n\n<p>\u0130yulun 23-d\u0259 saxlan\u0131lan iqtisad\u00e7\u0131 Qubad \u0130bado\u011flu haqda N\u0259rimanov Rayon M\u0259hk\u0259m\u0259si bir g\u00fcn sonra 3 ay 26 g\u00fcn q\u0259timkan t\u0259dbiri se\u00e7ib.<\/p>\n\n\n\n<p>Qubad \u0130bado\u011fluya qar\u015f\u0131 Cinay\u0259t M\u0259c\u0259ll\u0259sinin 204.3.1 (saxta pul v\u0259 ya qiym\u0259tli ka\u011f\u0131zlar haz\u0131rlama, \u0259ld\u0259 etm\u0259 v\u0259 ya satma \u2013 m\u00fct\u0259\u015f\u0259kkil d\u0259st\u0259 t\u0259r\u0259find\u0259n t\u00f6r\u0259dildikd\u0259) madd\u0259sil\u0259 ittiham ir\u0259li s\u00fcr\u00fcl\u00fcb.<\/p>\n\n\n\n<p>V\u0259kil Zibeyd\u0259 Sad\u0131qova ittiham\u0131n \u0259sass\u0131z oldu\u011funu vur\u011fulamaqla yana\u015f\u0131, onun istintaq d\u00f6vr\u00fcnd\u0259 h\u0259bsd\u0259 saxlanmas\u0131na z\u0259rur\u0259t olmad\u0131\u011f\u0131n\u0131 s\u00f6yl\u0259yib. V\u0259kil N\u0259rimanov Rayon M\u0259hk\u0259m\u0259sinin q\u0259rar\u0131ndan apelyasiya \u015fikay\u0259ti ver\u0259c\u0259k.<\/p>\n\n\n\n<p>Adlar\u0131 bir g\u00fcn \u0259vv\u0259l T\u00fcrkiy\u0259 medias\u0131nda \u201cFET\u00d6\u201d (F\u0259tullah G\u00fcl\u0259n Terror \u00d6rg\u00fct\u00fc) il\u0259 \u0259laq\u0259li \u015f\u0259xsl\u0259r kimi t\u0259qdim olunan d\u00f6rd n\u0259f\u0259r\u0259 qar\u015f\u0131 da Qubad \u0130bado\u011flu il\u0259 eyni \u2013 Cinay\u0259t M\u0259c\u0259ll\u0259sinin 204.3.1 ( saxta pul v\u0259 ya qiym\u0259tli ka\u011f\u0131zlar haz\u0131rlama, \u0259ld\u0259 etm\u0259 v\u0259 ya satma m\u00fct\u0259\u015f\u0259kkil d\u0259st\u0259 t\u0259r\u0259find\u0259n t\u00f6r\u0259dildik\u0259) madd\u0259si il\u0259 ittiham ir\u0259li s\u00fcr\u00fcl\u00fcb.<\/p>\n\n\n\n<p>S\u00f6z\u00fcged\u0259n d\u00f6rd n\u0259f\u0259r D\u00f6yr\u00fc\u015f C\u0259f\u0259rov, G\u00fcmrah \u018fbd\u00fcr\u0259hmanov, Ruslan \u018fliyev v\u0259 Anar \u018fliyevdir. Onlar iyulun 23-d\u0259 m\u0259hk\u0259m\u0259 qar\u015f\u0131s\u0131na \u00e7\u0131xar\u0131l\u0131b v\u0259 h\u0259r biri bar\u0259sind\u0259 ilkin istintaq d\u00f6vr\u00fc \u00fc\u00e7\u00fcn 4 ayl\u0131q h\u0259bs q\u0259timkan t\u0259dbiri se\u00e7ilib.<\/p>\n\n\n\n<p>Qubad \u0130bado\u011flu saxland\u0131qdan sonra yay\u0131lan m\u0259lumatlarda iddia olunurdu ki, Anar \u018fliyev ifad\u0259sind\u0259 onun ad\u0131n\u0131 \u00e7\u0259kib. Amma Qubad \u0130bado\u011flu \u00fcmumiyy\u0259tl\u0259, bu \u015f\u0259xsi tan\u0131mad\u0131\u011f\u0131n\u0131 deyib.<\/p>\n","protected":false},"excerpt":{"rendered":"<p>&#8220;Qubad \u0130bado\u011flu \u018fliyev rejiminin korrupsiya \u0259m\u0259ll\u0259rini fakt v\u0259 d\u0259lill\u0259rl\u0259 if\u015fa &#8230; <\/p>\n<p class=\"read-more-container\"><a title=\"Milli \u015eura v\u0259 M\u00fcsavat Partiyas\u0131 Qubad \u0130bado\u011flunun h\u0259bsini pisl\u0259di\" class=\"read-more button\" href=\"https:\/\/www.meydan.tv\/az\/article\/milli-sura-ve-musavat-partiyasi-qubad-ibadoglunun-hebsini-pisledi\/#more-280559\" aria-label=\"Read more about Milli \u015eura v\u0259 M\u00fcsavat Partiyas\u0131 Qubad \u0130bado\u011flunun h\u0259bsini pisl\u0259di\">Davam\u0131<\/a><\/p>\n","protected":false},"author":8,"featured_media":224886,"comment_status":"closed","ping_status":"closed","sticky":false,"template":"","format":"standard","meta":{"_acf_changed":false,"_sitemap_exclude":false,"_sitemap_priority":"","_sitemap_frequency":"","footnotes":""},"categories":[59,79,56],"tags":[],"class_list":["post-280559","post","type-post","status-publish","format-standard","has-post-thumbnail","hentry","category-siyaset","category-featured","category-xeberler","infinite-scroll-item","generate-columns","tablet-grid-50","mobile-grid-100","grid-parent","grid-33","no-featured-image-padding"],"acf":[],"yoast_head":"<!-- This site is optimized with the Yoast SEO plugin v27.4 - https:\/\/yoast.com\/product\/yoast-seo-wordpress\/ -->\n<title>Milli \u015eura v\u0259 M\u00fcsavat Partiyas\u0131 Qubad \u0130bado\u011flunun h\u0259bsini pisl\u0259di - MEYDAN.TV<\/title>\n<meta name=\"robots\" content=\"index, follow, max-snippet:-1, max-image-preview:large, max-video-preview:-1\" \/>\n<link rel=\"canonical\" href=\"https:\/\/www.meydan.tv\/az\/article\/milli-sura-ve-musavat-partiyasi-qubad-ibadoglunun-hebsini-pisledi\/\" \/>\n<meta property=\"og:locale\" content=\"az_AZ\" \/>\n<meta property=\"og:type\" content=\"article\" \/>\n<meta property=\"og:title\" content=\"Milli \u015eura v\u0259 M\u00fcsavat Partiyas\u0131 Qubad \u0130bado\u011flunun h\u0259bsini pisl\u0259di - MEYDAN.TV\" \/>\n<meta property=\"og:description\" content=\"&#8220;Qubad \u0130bado\u011flu \u018fliyev rejiminin korrupsiya \u0259m\u0259ll\u0259rini fakt v\u0259 d\u0259lill\u0259rl\u0259 if\u015fa ... Davam\u0131\" \/>\n<meta property=\"og:url\" content=\"https:\/\/www.meydan.tv\/az\/article\/milli-sura-ve-musavat-partiyasi-qubad-ibadoglunun-hebsini-pisledi\/\" \/>\n<meta property=\"og:site_name\" content=\"MEYDAN.TV\" \/>\n<meta property=\"article:published_time\" content=\"2023-07-25T09:59:35+00:00\" \/>\n<meta property=\"article:modified_time\" content=\"2023-07-25T09:59:38+00:00\" \/>\n<meta property=\"og:image\" content=\"https:\/\/www.meydan.tv\/wp-content\/uploads\/qubad-1-scaled-e1690123865255.jpg\" \/>\n\t<meta property=\"og:image:width\" content=\"2560\" \/>\n\t<meta property=\"og:image:height\" content=\"1260\" \/>\n\t<meta property=\"og:image:type\" content=\"image\/jpeg\" \/>\n<meta name=\"author\" content=\"elli\" \/>\n<meta name=\"twitter:card\" content=\"summary_large_image\" \/>\n<meta name=\"twitter:creator\" content=\"@elli\" \/>\n<script type=\"application\/ld+json\" class=\"yoast-schema-graph\">{\"@context\":\"https:\\\/\\\/schema.org\",\"@graph\":[{\"@type\":\"Article\",\"@id\":\"https:\\\/\\\/www.meydan.tv\\\/az\\\/article\\\/milli-sura-ve-musavat-partiyasi-qubad-ibadoglunun-hebsini-pisledi\\\/#article\",\"isPartOf\":{\"@id\":\"https:\\\/\\\/www.meydan.tv\\\/az\\\/article\\\/milli-sura-ve-musavat-partiyasi-qubad-ibadoglunun-hebsini-pisledi\\\/\"},\"author\":{\"name\":\"elli\",\"@id\":\"https:\\\/\\\/www.meydan.tv\\\/az\\\/#\\\/schema\\\/person\\\/9cdbecf90d17180ce1dfbd95b08dcf47\"},\"headline\":\"Milli \u015eura v\u0259 M\u00fcsavat Partiyas\u0131 Qubad \u0130bado\u011flunun h\u0259bsini pisl\u0259di\",\"datePublished\":\"2023-07-25T09:59:35+00:00\",\"dateModified\":\"2023-07-25T09:59:38+00:00\",\"mainEntityOfPage\":{\"@id\":\"https:\\\/\\\/www.meydan.tv\\\/az\\\/article\\\/milli-sura-ve-musavat-partiyasi-qubad-ibadoglunun-hebsini-pisledi\\\/\"},\"wordCount\":1043,\"publisher\":{\"@id\":\"https:\\\/\\\/www.meydan.tv\\\/az\\\/#organization\"},\"image\":{\"@id\":\"https:\\\/\\\/www.meydan.tv\\\/az\\\/article\\\/milli-sura-ve-musavat-partiyasi-qubad-ibadoglunun-hebsini-pisledi\\\/#primaryimage\"},\"thumbnailUrl\":\"https:\\\/\\\/www.meydan.tv\\\/wp-content\\\/uploads\\\/qubad-1-scaled-e1690123865255.jpg\",\"articleSection\":[\"Siyas\u0259t\",\"T\u00f6vsiy\u0259\",\"X\u0259b\u0259rl\u0259r\"],\"inLanguage\":\"az\"},{\"@type\":\"WebPage\",\"@id\":\"https:\\\/\\\/www.meydan.tv\\\/az\\\/article\\\/milli-sura-ve-musavat-partiyasi-qubad-ibadoglunun-hebsini-pisledi\\\/\",\"url\":\"https:\\\/\\\/www.meydan.tv\\\/az\\\/article\\\/milli-sura-ve-musavat-partiyasi-qubad-ibadoglunun-hebsini-pisledi\\\/\",\"name\":\"Milli \u015eura v\u0259 M\u00fcsavat Partiyas\u0131 Qubad \u0130bado\u011flunun h\u0259bsini pisl\u0259di - MEYDAN.TV\",\"isPartOf\":{\"@id\":\"https:\\\/\\\/www.meydan.tv\\\/az\\\/#website\"},\"primaryImageOfPage\":{\"@id\":\"https:\\\/\\\/www.meydan.tv\\\/az\\\/article\\\/milli-sura-ve-musavat-partiyasi-qubad-ibadoglunun-hebsini-pisledi\\\/#primaryimage\"},\"image\":{\"@id\":\"https:\\\/\\\/www.meydan.tv\\\/az\\\/article\\\/milli-sura-ve-musavat-partiyasi-qubad-ibadoglunun-hebsini-pisledi\\\/#primaryimage\"},\"thumbnailUrl\":\"https:\\\/\\\/www.meydan.tv\\\/wp-content\\\/uploads\\\/qubad-1-scaled-e1690123865255.jpg\",\"datePublished\":\"2023-07-25T09:59:35+00:00\",\"dateModified\":\"2023-07-25T09:59:38+00:00\",\"breadcrumb\":{\"@id\":\"https:\\\/\\\/www.meydan.tv\\\/az\\\/article\\\/milli-sura-ve-musavat-partiyasi-qubad-ibadoglunun-hebsini-pisledi\\\/#breadcrumb\"},\"inLanguage\":\"az\",\"potentialAction\":[{\"@type\":\"ReadAction\",\"target\":[\"https:\\\/\\\/www.meydan.tv\\\/az\\\/article\\\/milli-sura-ve-musavat-partiyasi-qubad-ibadoglunun-hebsini-pisledi\\\/\"]}]},{\"@type\":\"ImageObject\",\"inLanguage\":\"az\",\"@id\":\"https:\\\/\\\/www.meydan.tv\\\/az\\\/article\\\/milli-sura-ve-musavat-partiyasi-qubad-ibadoglunun-hebsini-pisledi\\\/#primaryimage\",\"url\":\"https:\\\/\\\/www.meydan.tv\\\/wp-content\\\/uploads\\\/qubad-1-scaled-e1690123865255.jpg\",\"contentUrl\":\"https:\\\/\\\/www.meydan.tv\\\/wp-content\\\/uploads\\\/qubad-1-scaled-e1690123865255.jpg\",\"width\":2560,\"height\":1260,\"caption\":\"Qubad \u0130bado\u011flu: Foto: Meydan TV\"},{\"@type\":\"BreadcrumbList\",\"@id\":\"https:\\\/\\\/www.meydan.tv\\\/az\\\/article\\\/milli-sura-ve-musavat-partiyasi-qubad-ibadoglunun-hebsini-pisledi\\\/#breadcrumb\",\"itemListElement\":[{\"@type\":\"ListItem\",\"position\":1,\"name\":\"Ana s\u0259hif\u0259\",\"item\":\"https:\\\/\\\/www.meydan.tv\\\/az\\\/\"},{\"@type\":\"ListItem\",\"position\":2,\"name\":\"Siyas\u0259t\",\"item\":\"https:\\\/\\\/www.meydan.tv\\\/az\\\/section\\\/siyaset\\\/\"},{\"@type\":\"ListItem\",\"position\":3,\"name\":\"Milli \u015eura v\u0259 M\u00fcsavat Partiyas\u0131 Qubad \u0130bado\u011flunun h\u0259bsini pisl\u0259di\"}]},{\"@type\":\"WebSite\",\"@id\":\"https:\\\/\\\/www.meydan.tv\\\/az\\\/#website\",\"url\":\"https:\\\/\\\/www.meydan.tv\\\/az\\\/\",\"name\":\"MEYDAN.TV\",\"description\":\"Meydan TV Az\u0259rbaycan\u0131n media m\u0259kan\u0131ndak\u0131 alternativ s\u0259sidir\",\"publisher\":{\"@id\":\"https:\\\/\\\/www.meydan.tv\\\/az\\\/#organization\"},\"potentialAction\":[{\"@type\":\"SearchAction\",\"target\":{\"@type\":\"EntryPoint\",\"urlTemplate\":\"https:\\\/\\\/www.meydan.tv\\\/az\\\/?s={search_term_string}\"},\"query-input\":{\"@type\":\"PropertyValueSpecification\",\"valueRequired\":true,\"valueName\":\"search_term_string\"}}],\"inLanguage\":\"az\"},{\"@type\":\"Organization\",\"@id\":\"https:\\\/\\\/www.meydan.tv\\\/az\\\/#organization\",\"name\":\"Meydan TV\",\"url\":\"https:\\\/\\\/www.meydan.tv\\\/az\\\/\",\"logo\":{\"@type\":\"ImageObject\",\"inLanguage\":\"az\",\"@id\":\"https:\\\/\\\/www.meydan.tv\\\/az\\\/#\\\/schema\\\/logo\\\/image\\\/\",\"url\":\"https:\\\/\\\/www.meydan.tv\\\/wp-content\\\/uploads\\\/2021\\\/07\\\/meydan-logo.svg\",\"contentUrl\":\"https:\\\/\\\/www.meydan.tv\\\/wp-content\\\/uploads\\\/2021\\\/07\\\/meydan-logo.svg\",\"width\":195,\"height\":46,\"caption\":\"Meydan TV\"},\"image\":{\"@id\":\"https:\\\/\\\/www.meydan.tv\\\/az\\\/#\\\/schema\\\/logo\\\/image\\\/\"}},{\"@type\":\"Person\",\"@id\":\"https:\\\/\\\/www.meydan.tv\\\/az\\\/#\\\/schema\\\/person\\\/9cdbecf90d17180ce1dfbd95b08dcf47\",\"name\":\"elli\",\"sameAs\":[\"https:\\\/\\\/x.com\\\/elli\"]}]}<\/script>\n<!-- \/ Yoast SEO plugin. -->","yoast_head_json":{"title":"Milli \u015eura v\u0259 M\u00fcsavat Partiyas\u0131 Qubad \u0130bado\u011flunun h\u0259bsini pisl\u0259di - MEYDAN.TV","robots":{"index":"index","follow":"follow","max-snippet":"max-snippet:-1","max-image-preview":"max-image-preview:large","max-video-preview":"max-video-preview:-1"},"canonical":"https:\/\/www.meydan.tv\/az\/article\/milli-sura-ve-musavat-partiyasi-qubad-ibadoglunun-hebsini-pisledi\/","og_locale":"az_AZ","og_type":"article","og_title":"Milli \u015eura v\u0259 M\u00fcsavat Partiyas\u0131 Qubad \u0130bado\u011flunun h\u0259bsini pisl\u0259di - MEYDAN.TV","og_description":"&#8220;Qubad \u0130bado\u011flu \u018fliyev rejiminin korrupsiya \u0259m\u0259ll\u0259rini fakt v\u0259 d\u0259lill\u0259rl\u0259 if\u015fa ... Davam\u0131","og_url":"https:\/\/www.meydan.tv\/az\/article\/milli-sura-ve-musavat-partiyasi-qubad-ibadoglunun-hebsini-pisledi\/","og_site_name":"MEYDAN.TV","article_published_time":"2023-07-25T09:59:35+00:00","article_modified_time":"2023-07-25T09:59:38+00:00","og_image":[{"width":2560,"height":1260,"url":"https:\/\/www.meydan.tv\/wp-content\/uploads\/qubad-1-scaled-e1690123865255.jpg","type":"image\/jpeg"}],"author":"elli","twitter_card":"summary_large_image","twitter_creator":"@elli","schema":{"@context":"https:\/\/schema.org","@graph":[{"@type":"Article","@id":"https:\/\/www.meydan.tv\/az\/article\/milli-sura-ve-musavat-partiyasi-qubad-ibadoglunun-hebsini-pisledi\/#article","isPartOf":{"@id":"https:\/\/www.meydan.tv\/az\/article\/milli-sura-ve-musavat-partiyasi-qubad-ibadoglunun-hebsini-pisledi\/"},"author":{"name":"elli","@id":"https:\/\/www.meydan.tv\/az\/#\/schema\/person\/9cdbecf90d17180ce1dfbd95b08dcf47"},"headline":"Milli \u015eura v\u0259 M\u00fcsavat Partiyas\u0131 Qubad \u0130bado\u011flunun h\u0259bsini pisl\u0259di","datePublished":"2023-07-25T09:59:35+00:00","dateModified":"2023-07-25T09:59:38+00:00","mainEntityOfPage":{"@id":"https:\/\/www.meydan.tv\/az\/article\/milli-sura-ve-musavat-partiyasi-qubad-ibadoglunun-hebsini-pisledi\/"},"wordCount":1043,"publisher":{"@id":"https:\/\/www.meydan.tv\/az\/#organization"},"image":{"@id":"https:\/\/www.meydan.tv\/az\/article\/milli-sura-ve-musavat-partiyasi-qubad-ibadoglunun-hebsini-pisledi\/#primaryimage"},"thumbnailUrl":"https:\/\/www.meydan.tv\/wp-content\/uploads\/qubad-1-scaled-e1690123865255.jpg","articleSection":["Siyas\u0259t","T\u00f6vsiy\u0259","X\u0259b\u0259rl\u0259r"],"inLanguage":"az"},{"@type":"WebPage","@id":"https:\/\/www.meydan.tv\/az\/article\/milli-sura-ve-musavat-partiyasi-qubad-ibadoglunun-hebsini-pisledi\/","url":"https:\/\/www.meydan.tv\/az\/article\/milli-sura-ve-musavat-partiyasi-qubad-ibadoglunun-hebsini-pisledi\/","name":"Milli \u015eura v\u0259 M\u00fcsavat Partiyas\u0131 Qubad \u0130bado\u011flunun h\u0259bsini pisl\u0259di - MEYDAN.TV","isPartOf":{"@id":"https:\/\/www.meydan.tv\/az\/#website"},"primaryImageOfPage":{"@id":"https:\/\/www.meydan.tv\/az\/article\/milli-sura-ve-musavat-partiyasi-qubad-ibadoglunun-hebsini-pisledi\/#primaryimage"},"image":{"@id":"https:\/\/www.meydan.tv\/az\/article\/milli-sura-ve-musavat-partiyasi-qubad-ibadoglunun-hebsini-pisledi\/#primaryimage"},"thumbnailUrl":"https:\/\/www.meydan.tv\/wp-content\/uploads\/qubad-1-scaled-e1690123865255.jpg","datePublished":"2023-07-25T09:59:35+00:00","dateModified":"2023-07-25T09:59:38+00:00","breadcrumb":{"@id":"https:\/\/www.meydan.tv\/az\/article\/milli-sura-ve-musavat-partiyasi-qubad-ibadoglunun-hebsini-pisledi\/#breadcrumb"},"inLanguage":"az","potentialAction":[{"@type":"ReadAction","target":["https:\/\/www.meydan.tv\/az\/article\/milli-sura-ve-musavat-partiyasi-qubad-ibadoglunun-hebsini-pisledi\/"]}]},{"@type":"ImageObject","inLanguage":"az","@id":"https:\/\/www.meydan.tv\/az\/article\/milli-sura-ve-musavat-partiyasi-qubad-ibadoglunun-hebsini-pisledi\/#primaryimage","url":"https:\/\/www.meydan.tv\/wp-content\/uploads\/qubad-1-scaled-e1690123865255.jpg","contentUrl":"https:\/\/www.meydan.tv\/wp-content\/uploads\/qubad-1-scaled-e1690123865255.jpg","width":2560,"height":1260,"caption":"Qubad \u0130bado\u011flu: Foto: Meydan TV"},{"@type":"BreadcrumbList","@id":"https:\/\/www.meydan.tv\/az\/article\/milli-sura-ve-musavat-partiyasi-qubad-ibadoglunun-hebsini-pisledi\/#breadcrumb","itemListElement":[{"@type":"ListItem","position":1,"name":"Ana s\u0259hif\u0259","item":"https:\/\/www.meydan.tv\/az\/"},{"@type":"ListItem","position":2,"name":"Siyas\u0259t","item":"https:\/\/www.meydan.tv\/az\/section\/siyaset\/"},{"@type":"ListItem","position":3,"name":"Milli \u015eura v\u0259 M\u00fcsavat Partiyas\u0131 Qubad \u0130bado\u011flunun h\u0259bsini pisl\u0259di"}]},{"@type":"WebSite","@id":"https:\/\/www.meydan.tv\/az\/#website","url":"https:\/\/www.meydan.tv\/az\/","name":"MEYDAN.TV","description":"Meydan TV Az\u0259rbaycan\u0131n media m\u0259kan\u0131ndak\u0131 alternativ s\u0259sidir","publisher":{"@id":"https:\/\/www.meydan.tv\/az\/#organization"},"potentialAction":[{"@type":"SearchAction","target":{"@type":"EntryPoint","urlTemplate":"https:\/\/www.meydan.tv\/az\/?s={search_term_string}"},"query-input":{"@type":"PropertyValueSpecification","valueRequired":true,"valueName":"search_term_string"}}],"inLanguage":"az"},{"@type":"Organization","@id":"https:\/\/www.meydan.tv\/az\/#organization","name":"Meydan TV","url":"https:\/\/www.meydan.tv\/az\/","logo":{"@type":"ImageObject","inLanguage":"az","@id":"https:\/\/www.meydan.tv\/az\/#\/schema\/logo\/image\/","url":"https:\/\/www.meydan.tv\/wp-content\/uploads\/2021\/07\/meydan-logo.svg","contentUrl":"https:\/\/www.meydan.tv\/wp-content\/uploads\/2021\/07\/meydan-logo.svg","width":195,"height":46,"caption":"Meydan TV"},"image":{"@id":"https:\/\/www.meydan.tv\/az\/#\/schema\/logo\/image\/"}},{"@type":"Person","@id":"https:\/\/www.meydan.tv\/az\/#\/schema\/person\/9cdbecf90d17180ce1dfbd95b08dcf47","name":"elli","sameAs":["https:\/\/x.com\/elli"]}]}},"_links":{"self":[{"href":"https:\/\/www.meydan.tv\/az\/wp-json\/wp\/v2\/posts\/280559","targetHints":{"allow":["GET"]}}],"collection":[{"href":"https:\/\/www.meydan.tv\/az\/wp-json\/wp\/v2\/posts"}],"about":[{"href":"https:\/\/www.meydan.tv\/az\/wp-json\/wp\/v2\/types\/post"}],"author":[{"embeddable":true,"href":"https:\/\/www.meydan.tv\/az\/wp-json\/wp\/v2\/users\/8"}],"replies":[{"embeddable":true,"href":"https:\/\/www.meydan.tv\/az\/wp-json\/wp\/v2\/comments?post=280559"}],"version-history":[{"count":1,"href":"https:\/\/www.meydan.tv\/az\/wp-json\/wp\/v2\/posts\/280559\/revisions"}],"predecessor-version":[{"id":280560,"href":"https:\/\/www.meydan.tv\/az\/wp-json\/wp\/v2\/posts\/280559\/revisions\/280560"}],"wp:featuredmedia":[{"embeddable":true,"href":"https:\/\/www.meydan.tv\/az\/wp-json\/wp\/v2\/media\/224886"}],"wp:attachment":[{"href":"https:\/\/www.meydan.tv\/az\/wp-json\/wp\/v2\/media?parent=280559"}],"wp:term":[{"taxonomy":"category","embeddable":true,"href":"https:\/\/www.meydan.tv\/az\/wp-json\/wp\/v2\/categories?post=280559"},{"taxonomy":"post_tag","embeddable":true,"href":"https:\/\/www.meydan.tv\/az\/wp-json\/wp\/v2\/tags?post=280559"}],"curies":[{"name":"wp","href":"https:\/\/api.w.org\/{rel}","templated":true}]}}