{"id":280542,"date":"2023-07-25T12:04:15","date_gmt":"2023-07-25T08:04:15","guid":{"rendered":"https:\/\/www.meydan.tv\/?p=280542"},"modified":"2023-07-25T12:04:17","modified_gmt":"2023-07-25T08:04:17","slug":"onlari-niye-cixdas-edirler","status":"publish","type":"post","link":"https:\/\/www.meydan.tv\/az\/article\/onlari-niye-cixdas-edirler\/","title":{"rendered":"Onlar\u0131 niy\u0259 \u00e7\u0131xda\u015f edirl\u0259r?"},"content":{"rendered":"\n<p><\/p>\n\n\n\n<p><strong>Z\u0259rd\u00fc\u015ft \u018flizad\u0259<\/strong><\/p>\n\n\n\n<p><strong><em>Hakimiyy\u0259t\u0259 ideologiya sah\u0259sind\u0259 eyni yab\u0131ya minm\u0259y\u0259 \u00e7al\u0131\u015fan r\u0259qib laz\u0131m deyil<\/em><\/strong><\/p>\n\n\n\n<p>D\u00f6vl\u0259t Plan Komit\u0259si \u00e7oxdan l\u0259\u011fv edils\u0259 d\u0259, bizim d\u0259yi\u015fm\u0259z tayfa-ail\u0259 hakimiyy\u0259timiz \u0259halini planl\u0131 sur\u0259td\u0259 idar\u0259 edir. Y\u0259ni neft-qaz g\u0259lirl\u0259ri planl\u0131 sur\u0259td\u0259 m\u0259nims\u0259nilir, d\u00f6vl\u0259t idar\u0259l\u0259ri planl\u0131 sur\u0259td\u0259 t\u0259sis v\u0259 l\u0259\u011fv edilir, se\u00e7kil\u0259rin n\u0259tic\u0259l\u0259ri v\u0259 qalibl\u0259ri planl\u0131 sur\u0259td\u0259 m\u00fc\u0259yy\u0259nl\u0259\u015fir. Bizim hakimiyy\u0259t, \u00e7ox g\u00fcman ki, Neft Fondundak\u0131 son dollar\u0131 n\u0259 vaxt v\u0259 nec\u0259 h\u0259zme-rabed\u0259n ke\u00e7ir\u0259c\u0259yi tarixi d\u0259 planla\u015fd\u0131r\u0131r v\u0259 d\u0259qiq bilir.<\/p>\n\n\n\n<p>Partiyalar haqq\u0131nda qanun da, bunun \u0259sas\u0131nda partiyalar\u0131n \u00e7\u0131xda\u015f \u0259m\u0259liyyat\u0131 da yuxar\u0131larda \u00e7\u0259kilmi\u015f n\u0259q\u015f\u0259l\u0259r\u0259 uy\u011fun h\u0259yata ke\u00e7irilir. Art\u0131q 31 partiya, ma\u015fallah, l\u0259\u011fv edilib, bir YAP qeydiyyatdan ke\u00e7ib. \u00dczd\u0259 olan \u00fc\u00e7 pariyaya \u2013 REAL, AXCP v\u0259 Musavat &#8211; 30 g\u00fcn m\u00f6hl\u0259t veribl\u0259r ki, s\u0259n\u0259dl\u0259rini qaydaya sals\u0131nlar.<\/p>\n\n\n\n<p>\u015e\u00fcbh\u0259 yoxdur ki, son n\u0259tic\u0259d\u0259 yaln\u0131z m\u00f6ht\u0259r\u0259m zati-alil\u0259rinin dan\u0131lmaz r\u0259hb\u0259rliyini tan\u0131yan v\u00fccudlardan savay\u0131 siyasi s\u0259hn\u0259d\u0259 he\u00e7 kim qalmayacaq, f\u0259rqli d\u00fc\u015f\u00fcn\u0259nl\u0259rin ham\u0131s\u0131 \u00e7\u0131xda\u015f edil\u0259c\u0259k.<\/p>\n\n\n\n<p>Niy\u0259? Bu sual \u00e7ox maraql\u0131d\u0131r. Ax\u0131 he\u00e7 kim h\u0259l\u0259lik tayfa-ail\u0259 c\u00fctl\u00fcy\u00fcn\u00fcn hakimiyy\u0259tin\u0259 meydan oxuya bil\u0259c\u0259k g\u00fcc\u0259 v\u0259 imkana malik deyil.<\/p>\n\n\n\n<p>Lakin plana g\u00f6r\u0259 bu siyasi qurumlar m\u00fctl\u0259q siyasi s\u0259hn\u0259d\u0259n silinm\u0259li idil\u0259r v\u0259 silinirl\u0259r d\u0259.<\/p>\n\n\n\n<p>Sizin h\u0259qir b\u0259nd\u0259niz iki s\u0259b\u0259b g\u00f6r\u00fcr.<\/p>\n\n\n\n<p>S\u0259b\u0259bl\u0259rd\u0259n B\u0130R\u0130NC\u0130S\u0130 \u00e7ox sad\u0259dir. Art\u0131q g\u00f6st\u0259rilmi\u015f xidm\u0259t gerid\u0259, tarixd\u0259 qal\u0131r v\u0259 d\u0259y\u0259rini itirir. Tayfa- ail\u0259 c\u00fctl\u00fcy\u00fc hakimiyy\u0259t u\u011frunda amans\u0131z \u00f6l\u00fcm-dirim m\u00fcbariz\u0259si aparanda ona m\u00fctt\u0259fiql\u0259r v\u0259 yanda\u015flar \u00e7ox laz\u0131m idi v\u0259 bu m\u00fctt\u0259fiql\u0259r ifa etdikl\u0259ri v\u0259zif\u0259y\u0259 uy\u011fun h\u00f6rm\u0259t v\u0259 d\u0259st\u0259k g\u00f6r\u00fcrd\u00fcl\u0259r.&nbsp; M\u0259hz buna g\u00f6r\u0259 Ulu \u00f6nd\u0259r AXC-ni d\u0259, onun \u201cAzadl\u0131q\u201d q\u0259zetini d\u0259, Milli M\u0259clisd\u0259ki Dembloku da daima d\u0259st\u0259kl\u0259yirdi, AXC-nin \u015f\u0259ksiz lideri El\u00e7ib\u0259yl\u0259 Brejnev-Honekker saya\u011f\u0131 dodaq-doda\u011fa \u00f6p\u00fc\u015f\u00fcrd\u00fc.<\/p>\n\n\n\n<p>El\u0259 ki, AXC \u00f6z tarixi v\u0259zif\u0259sini yerin\u0259 yetirdi, V\u0259zirovun v\u0259 M\u00fct\u0259llibovun ba\u015flar\u0131n\u0131 yedi v\u0259 hakimiyy\u0259t k\u00fcrs\u00fcs\u00fcn\u00fc onun \u0259sl sahibi \u00fc\u00e7\u00fcn haz\u0131rlad\u0131, AXC-nin tarixi missiyas\u0131 bununla qurtard\u0131. 1993-c\u00fc ilin yay\u0131ndan sonra Az\u0259rbaycan\u0131n siyasi s\u0259hn\u0259sind\u0259 AXC v\u0259 onun t\u00f6r\u0259m\u0259l\u0259ri \u00fc\u00e7\u00fcn yer qalmad\u0131. Onlar bu sad\u0259 h\u0259qiq\u0259ti d\u0259rk etm\u0259yib hakimiyy\u0259t\u0259 iddialar\u0131n\u0131 \u0259rz etdikc\u0259 Ulu \u00f6nd\u0259r planl\u0131 sur\u0259td\u0259 onlar\u0131 do\u011fray\u0131b ulduz qay\u0131rma\u011fa ba\u015flad\u0131.<\/p>\n\n\n\n<p>Plan\u0131 yerin\u0259 yetirm\u0259k \u00fc\u00e7\u00fcn \u0259srl\u0259r boyu s\u0131naqdan ke\u00e7irilmi\u015f \u00fcsullar i\u015f\u0259 sal\u0131nd\u0131.<\/p>\n\n\n\n<p>Kimi \u00e7\u00f6r\u0259kl\u0259 imtahana \u00e7\u0259kildi, bir m\u00fcdd\u0259t m\u00fcst\u0259qilliy\u0259 qovu\u015fmu\u015f d\u00f6vl\u0259timizin s\u0131ravi v\u0259t\u0259nda\u015f\u0131 s\u0259viyy\u0259sind\u0259 ya\u015fay\u0131b m\u00f6hn\u0259t\u0259 d\u00f6zm\u0259di v\u0259 hakimiyy\u0259td\u0259n aman dil\u0259yib vicdan\u0131 v\u0259 m\u0259sl\u0259ki m\u00fcqabilind\u0259 hakimiyy\u0259t axurundan nu\u015f etm\u0259k h\u00fcququ ver\u0259n v\u0259zif\u0259 v\u0259 mandat qazand\u0131, oldu \u201ckonstruktiv\u201d m\u00fcxalif\u0259t. Kimi guya ki, abr\u0131n\u0131 qorudu, \u00fczd\u0259 \u201cbar\u0131\u015fmaz\u201d m\u00fcxalif\u0259t qiyaf\u0259sini soyunmad\u0131, f\u0259q\u0259t gizlind\u0259 hakimiyy\u0259tin gizli \u00f6d\u0259n\u0259k fondundan \u201cdolan\u0131\u015f\u0131q\u201d haqq\u0131n\u0131 al\u0131b b\u00f6hranl\u0131 anlarda m\u00fcxalif\u0259t d\u00fc\u015f\u0259rg\u0259sind\u0259 Prezident Aparat\u0131n\u0131n g\u00f6st\u0259ri\u015fl\u0259rini icra etm\u0259kd\u0259n utanmad\u0131.&nbsp; Utanmad\u0131 v\u0259 if\u015fadan qorxmad\u0131, zira \u0259halimizin m\u00fcst\u0259sna anlaqs\u0131zl\u0131\u011f\u0131na d\u0259rind\u0259n \u0259min idi.<\/p>\n\n\n\n<p>Tayfa-ail\u0259 c\u00fctl\u00fcy\u00fcn\u00fcn hakimiyy\u0259ti indi&nbsp; avam \u0259halini rahat minm\u0259k \u00fc\u00e7\u00fcn \u00e7ox \u0259lveri\u015fli olan mill\u0259t\u00e7ilik ideologiyas\u0131 il\u0259 silahlan\u0131b. Bax\u0131n, siyasi partiyalar\u0131n \u00e7\u0131xda\u015f edilm\u0259sinin \u0130K\u0130NC\u0130 \u0259sas s\u0259b\u0259bi budur.<\/p>\n\n\n\n<p>Hakimiyy\u0259t\u0259 ideologiya sah\u0259sind\u0259 eyni yab\u0131ya minm\u0259y\u0259 \u00e7al\u0131\u015fan r\u0259qib laz\u0131m deyil. Az\u0259rbaycan\u0131n siyasi s\u0259hn\u0259sin\u0259 bu ideologiyan\u0131 \u00f6z\u00fcn\u00fcn v\u0259 camaat\u0131n qavraya bil\u0259c\u0259yi b\u0259sitl\u0259\u015fdirilmi\u015f t\u0259rzd\u0259 \u018fb\u00fclf\u0259z \u018fliyev g\u0259tirmi\u015fdi. Bu ideologiyan\u0131n \u0259sas cizgil\u0259ri vurma c\u0259dv\u0259li q\u0259d\u0259r b\u0259sitdir v\u0259 t\u0259r\u0259fdarlar\u0131ndan \u0259sla g\u0259rgin zehni \u0259m\u0259k t\u0259l\u0259b etmir: t\u00fcrk olmaq v\u0259 ya t\u00fcrk olma\u011fa can atmaq kifay\u0259tdir. Tamh\u00fcquqlu insan olmaq vacib deyil, insan haqlar\u0131 bekara \u015feydir. T\u00fcrk\u00e7\u00fc g\u0259r\u0259k T\u00fcrkiy\u0259ni sevsin v\u0259 Turan\u0131n parlaq g\u0259l\u0259c\u0259yin\u0259 inans\u0131n. V\u0259ssalam.<\/p>\n\n\n\n<p>Bu ideologiyan\u0131 indi \u0130lham \u018fliyev c\u0259nablar\u0131 kullan\u0131r. \u018fg\u0259r bu ideologiya \u0130lham \u018fliyev\u0259 m\u0259xsusdursa, sual yaran\u0131r: \u0259 b\u0259 AXCP v\u0259 Musavat n\u0259y\u0259 g\u0259r\u0259kdir? Bu partiyalar niy\u0259 \u0259l-aya\u011fa dola\u015f\u0131b m\u00f6ht\u0259r\u0259m zati-alil\u0259rin\u0259 n\u0259h\u0259ng milli v\u0259zif\u0259l\u0259ri h\u0259yata ke\u00e7irm\u0259y\u0259 mane olma\u011fa c\u0259hd etm\u0259lidirl\u0259r? M\u00fcst\u0259qil mill\u0259t\u00e7i Az\u0259rbaycanda bu partiyalar sanki araban\u0131n be\u015finci, laz\u0131ms\u0131z t\u0259k\u0259ridirl\u0259r. Laz\u0131ms\u0131z t\u0259k\u0259rl\u0259ri arabadan ay\u0131r\u0131b k\u0259nara tullay\u0131rlar.<\/p>\n\n\n\n<p>Yax\u015f\u0131, AXCP v\u0259 Musavat q\u0259ziyy\u0259si m\u0259lum, onlar t\u00fcrk\u00e7\u00fcl\u00fck bazar\u0131nda tayfa-ail\u0259 c\u00fctl\u00fcy\u00fcn\u00fcn hakimiyy\u0259ti il\u0259 r\u0259qab\u0259t\u0259 girm\u0259k iddias\u0131ndad\u0131rlar. B\u0259s bu REAL v\u0259 Rifah partiyalar\u0131n\u0131n g\u00fcnah\u0131 n\u0259dir? Onlar ki, m\u00fcst\u0259qilliyi v\u0259 bazar iqtisadiyyat\u0131n\u0131 m\u00fcdafi\u0259 edirl\u0259r.<\/p>\n\n\n\n<p>Bax, onlar\u0131n g\u00fcnah\u0131 m\u0259hz bundad\u0131r. Onlar hans\u0131 bazar iqtisadiyyat\u0131n\u0131 m\u00fcdafi\u0259 edirl\u0259r? Bu bazar iqtisadiyyat\u0131 Az\u0259rbaycan\u0131n milli d\u0259y\u0259rl\u0259rin\u0259 uy\u011fundurmu? \u018fsla! Ha\u015fa! Bu mill\u0259timiz\u0259 yad partiyalar n\u0259yi t\u0259klif v\u0259 n\u0259yi t\u0259l\u0259b edirl\u0259r?<\/p>\n\n\n\n<p>Onlar sahibkarlar \u00fc\u00e7\u00fcn \u015f\u0259ffaf v\u0259 b\u0259rab\u0259r f\u0259aliyy\u0259t \u015f\u0259raiti ist\u0259yirl\u0259r. Deyirl\u0259r ki, \u0259ks halda Az\u0259rbaycan qon\u015fular\u0131na da, lap Afrika d\u00f6vl\u0259tl\u0259rin\u0259 d\u0259 r\u0259qab\u0259td\u0259 uduzacaq. T\u0259l\u0259b edirl\u0259r ki, se\u00e7kil\u0259r \u0259dal\u0259tli, m\u0259hk\u0259m\u0259l\u0259r m\u00fcst\u0259qil olsun.<\/p>\n\n\n\n<p>Bu, Az\u0259rbaycan \u015f\u0259raitind\u0259 \u0259n b\u00f6y\u00fck s\u0259fehlikdir. Bel\u0259 t\u0259l\u0259bl\u0259rl\u0259 d\u00f6vl\u0259timiz lab\u00fcd s\u00fcquta ged\u0259c\u0259k. Xalq\u0131 he\u00e7 vaxt \u00f6zba\u015f\u0131na qoymaq olmaz! Xalq\u0131n ba\u015f\u0131nda m\u00fctl\u0259q m\u00fcdrik q\u0259yyum durmal\u0131d\u0131r.<\/p>\n\n\n\n<p>Xalq\u0131m\u0131z\u0131n g\u00f6z\u0259l m\u0259s\u0259li var: \u00f6l\u00fcn\u00fc ba\u015f\u0131na qoysan, k\u0259f\u0259ni y\u0131rt\u0131b qa\u00e7ar. 1988-ci ild\u0259 xalqa Meydanda s\u0259rb\u0259stlik verdil\u0259r? Verdil\u0259r. Nooldu? Gedib yap\u0131\u015fd\u0131 Nem\u0259t P\u0259nahovun \u0259t\u0259yind\u0259n. G\u00fccl\u0259 qopard\u0131lar. 1989-cu ild\u0259 xalq bir d\u0259 Meydanda topla\u015fd\u0131? Topla\u015fd\u0131. Nooldu? Gedib yap\u0131\u015fd\u0131 Etibar M\u0259mm\u0259dovun \u0259t\u0259yind\u0259n. Ta ki, g\u0259lib yeti\u015fdi 20 Yanvara. Sonra yen\u0259 xalqa imkan verdil\u0259r ki, topla\u015f\u0131b \u018fb\u00fclf\u0259z \u018fliyevin v\u0259 d\u0259st\u0259sinin \u0259t\u0259yind\u0259n yap\u0131\u015fs\u0131n. Nooldu? \u015eu\u015fa, La\u00e7\u0131n v\u0259 K\u0259lb\u0259c\u0259r getdi \u00e7ala-\u00e7ala. Demokratiya onlardan \u0259vv\u0259l getmi\u015fdi oynaya-oynaya.<\/p>\n\n\n\n<p>Bel\u0259 mill\u0259t\u00e7i t\u00fcrk\u00e7\u00fcl\u00fcy\u00fcn qa\u00e7\u0131lmaz aqib\u0259ti Ulu \u00f6nd\u0259rin qay\u0131tmas\u0131 v\u0259 Qurtulu\u015f olmal\u0131 idi v\u0259 oldu da.<\/p>\n\n\n\n<p>Ta indi n\u0259 ist\u0259yirsiniz? C\u00fcc\u0259-plov v\u0259 \u015fi\u015f-kababla arzulad\u0131\u011f\u0131n\u0131z qa\u00e7\u0131lmaz g\u00f6r\u00fc\u015f\u00fcn\u00fcz, in\u015fallah, parlaq g\u0259l\u0259c\u0259kd\u0259dir, h\u0259l\u0259liks\u0259 sizi r\u0259smi qeydiyyatdan ke\u00e7mi\u015f YAP \u00fczvl\u0259rinin istedadl\u0131 idar\u0259\u00e7iliyi v\u0259 m\u00f6ht\u0259r\u0259m general-polkovnik Vilay\u0259t m\u00fc\u0259llimin polis n\u0259f\u0259rl\u0259rinin qarda\u015fl\u0131q n\u0259vazi\u015fi g\u00f6zl\u0259yir.<\/p>\n\n\n\n<p>Allah-t\u0259ala h\u0259r bir insana v\u0259 h\u0259r bir xalqa layiq oldu\u011funu verir, \u00e7\u00fcnki O, r\u0259hmli v\u0259 m\u0259rh\u0259m\u0259tlidir. H\u0259m d\u0259 adildir.<\/p>\n","protected":false},"excerpt":{"rendered":"<p>Z\u0259rd\u00fc\u015ft \u018flizad\u0259 Hakimiyy\u0259t\u0259 ideologiya sah\u0259sind\u0259 eyni yab\u0131ya minm\u0259y\u0259 \u00e7al\u0131\u015fan r\u0259qib &#8230; <\/p>\n<p class=\"read-more-container\"><a title=\"Onlar\u0131 niy\u0259 \u00e7\u0131xda\u015f edirl\u0259r?\" class=\"read-more button\" href=\"https:\/\/www.meydan.tv\/az\/article\/onlari-niye-cixdas-edirler\/#more-280542\" aria-label=\"Read more about Onlar\u0131 niy\u0259 \u00e7\u0131xda\u015f edirl\u0259r?\">Davam\u0131<\/a><\/p>\n","protected":false},"author":8,"featured_media":126823,"comment_status":"closed","ping_status":"closed","sticky":false,"template":"","format":"standard","meta":{"_acf_changed":false,"_sitemap_exclude":false,"_sitemap_priority":"","_sitemap_frequency":"","footnotes":""},"categories":[57],"tags":[],"class_list":["post-280542","post","type-post","status-publish","format-standard","has-post-thumbnail","hentry","category-menim-fikrimce","infinite-scroll-item","generate-columns","tablet-grid-50","mobile-grid-100","grid-parent","grid-33","no-featured-image-padding"],"acf":[],"yoast_head":"<!-- This site is optimized with the Yoast SEO plugin v27.4 - https:\/\/yoast.com\/product\/yoast-seo-wordpress\/ -->\n<title>Onlar\u0131 niy\u0259 \u00e7\u0131xda\u015f edirl\u0259r? - MEYDAN.TV<\/title>\n<meta name=\"robots\" content=\"index, follow, max-snippet:-1, max-image-preview:large, max-video-preview:-1\" \/>\n<link rel=\"canonical\" href=\"https:\/\/www.meydan.tv\/az\/article\/onlari-niye-cixdas-edirler\/\" \/>\n<meta property=\"og:locale\" content=\"az_AZ\" \/>\n<meta property=\"og:type\" content=\"article\" \/>\n<meta property=\"og:title\" content=\"Onlar\u0131 niy\u0259 \u00e7\u0131xda\u015f edirl\u0259r? - MEYDAN.TV\" \/>\n<meta property=\"og:description\" content=\"Z\u0259rd\u00fc\u015ft \u018flizad\u0259 Hakimiyy\u0259t\u0259 ideologiya sah\u0259sind\u0259 eyni yab\u0131ya minm\u0259y\u0259 \u00e7al\u0131\u015fan r\u0259qib ... Davam\u0131\" \/>\n<meta property=\"og:url\" content=\"https:\/\/www.meydan.tv\/az\/article\/onlari-niye-cixdas-edirler\/\" \/>\n<meta property=\"og:site_name\" content=\"MEYDAN.TV\" \/>\n<meta property=\"article:published_time\" content=\"2023-07-25T08:04:15+00:00\" \/>\n<meta property=\"article:modified_time\" content=\"2023-07-25T08:04:17+00:00\" \/>\n<meta property=\"og:image\" content=\"https:\/\/www.meydan.tv\/wp-content\/uploads\/image_from_ios_2_p52ittc.original.original-scaled-e1682070233838.jpg\" \/>\n\t<meta property=\"og:image:width\" content=\"2560\" \/>\n\t<meta property=\"og:image:height\" content=\"1158\" \/>\n\t<meta property=\"og:image:type\" content=\"image\/jpeg\" \/>\n<meta name=\"author\" content=\"elli\" \/>\n<meta name=\"twitter:card\" content=\"summary_large_image\" \/>\n<meta name=\"twitter:creator\" content=\"@elli\" \/>\n<script type=\"application\/ld+json\" class=\"yoast-schema-graph\">{\"@context\":\"https:\\\/\\\/schema.org\",\"@graph\":[{\"@type\":\"Article\",\"@id\":\"https:\\\/\\\/www.meydan.tv\\\/az\\\/article\\\/onlari-niye-cixdas-edirler\\\/#article\",\"isPartOf\":{\"@id\":\"https:\\\/\\\/www.meydan.tv\\\/az\\\/article\\\/onlari-niye-cixdas-edirler\\\/\"},\"author\":{\"name\":\"elli\",\"@id\":\"https:\\\/\\\/www.meydan.tv\\\/az\\\/#\\\/schema\\\/person\\\/9cdbecf90d17180ce1dfbd95b08dcf47\"},\"headline\":\"Onlar\u0131 niy\u0259 \u00e7\u0131xda\u015f edirl\u0259r?\",\"datePublished\":\"2023-07-25T08:04:15+00:00\",\"dateModified\":\"2023-07-25T08:04:17+00:00\",\"mainEntityOfPage\":{\"@id\":\"https:\\\/\\\/www.meydan.tv\\\/az\\\/article\\\/onlari-niye-cixdas-edirler\\\/\"},\"wordCount\":1394,\"publisher\":{\"@id\":\"https:\\\/\\\/www.meydan.tv\\\/az\\\/#organization\"},\"image\":{\"@id\":\"https:\\\/\\\/www.meydan.tv\\\/az\\\/article\\\/onlari-niye-cixdas-edirler\\\/#primaryimage\"},\"thumbnailUrl\":\"https:\\\/\\\/www.meydan.tv\\\/wp-content\\\/uploads\\\/image_from_ios_2_p52ittc.original.original-scaled-e1682070233838.jpg\",\"articleSection\":[\"M\u0259nim Fikrimc\u0259\"],\"inLanguage\":\"az\"},{\"@type\":\"WebPage\",\"@id\":\"https:\\\/\\\/www.meydan.tv\\\/az\\\/article\\\/onlari-niye-cixdas-edirler\\\/\",\"url\":\"https:\\\/\\\/www.meydan.tv\\\/az\\\/article\\\/onlari-niye-cixdas-edirler\\\/\",\"name\":\"Onlar\u0131 niy\u0259 \u00e7\u0131xda\u015f edirl\u0259r? - MEYDAN.TV\",\"isPartOf\":{\"@id\":\"https:\\\/\\\/www.meydan.tv\\\/az\\\/#website\"},\"primaryImageOfPage\":{\"@id\":\"https:\\\/\\\/www.meydan.tv\\\/az\\\/article\\\/onlari-niye-cixdas-edirler\\\/#primaryimage\"},\"image\":{\"@id\":\"https:\\\/\\\/www.meydan.tv\\\/az\\\/article\\\/onlari-niye-cixdas-edirler\\\/#primaryimage\"},\"thumbnailUrl\":\"https:\\\/\\\/www.meydan.tv\\\/wp-content\\\/uploads\\\/image_from_ios_2_p52ittc.original.original-scaled-e1682070233838.jpg\",\"datePublished\":\"2023-07-25T08:04:15+00:00\",\"dateModified\":\"2023-07-25T08:04:17+00:00\",\"breadcrumb\":{\"@id\":\"https:\\\/\\\/www.meydan.tv\\\/az\\\/article\\\/onlari-niye-cixdas-edirler\\\/#breadcrumb\"},\"inLanguage\":\"az\",\"potentialAction\":[{\"@type\":\"ReadAction\",\"target\":[\"https:\\\/\\\/www.meydan.tv\\\/az\\\/article\\\/onlari-niye-cixdas-edirler\\\/\"]}]},{\"@type\":\"ImageObject\",\"inLanguage\":\"az\",\"@id\":\"https:\\\/\\\/www.meydan.tv\\\/az\\\/article\\\/onlari-niye-cixdas-edirler\\\/#primaryimage\",\"url\":\"https:\\\/\\\/www.meydan.tv\\\/wp-content\\\/uploads\\\/image_from_ios_2_p52ittc.original.original-scaled-e1682070233838.jpg\",\"contentUrl\":\"https:\\\/\\\/www.meydan.tv\\\/wp-content\\\/uploads\\\/image_from_ios_2_p52ittc.original.original-scaled-e1682070233838.jpg\",\"width\":2560,\"height\":1158,\"caption\":\"Foto: Meydan TV\"},{\"@type\":\"BreadcrumbList\",\"@id\":\"https:\\\/\\\/www.meydan.tv\\\/az\\\/article\\\/onlari-niye-cixdas-edirler\\\/#breadcrumb\",\"itemListElement\":[{\"@type\":\"ListItem\",\"position\":1,\"name\":\"Ana s\u0259hif\u0259\",\"item\":\"https:\\\/\\\/www.meydan.tv\\\/az\\\/\"},{\"@type\":\"ListItem\",\"position\":2,\"name\":\"M\u0259nim Fikrimc\u0259\",\"item\":\"https:\\\/\\\/www.meydan.tv\\\/az\\\/section\\\/menim-fikrimce\\\/\"},{\"@type\":\"ListItem\",\"position\":3,\"name\":\"Onlar\u0131 niy\u0259 \u00e7\u0131xda\u015f edirl\u0259r?\"}]},{\"@type\":\"WebSite\",\"@id\":\"https:\\\/\\\/www.meydan.tv\\\/az\\\/#website\",\"url\":\"https:\\\/\\\/www.meydan.tv\\\/az\\\/\",\"name\":\"MEYDAN.TV\",\"description\":\"Meydan TV Az\u0259rbaycan\u0131n media m\u0259kan\u0131ndak\u0131 alternativ s\u0259sidir\",\"publisher\":{\"@id\":\"https:\\\/\\\/www.meydan.tv\\\/az\\\/#organization\"},\"potentialAction\":[{\"@type\":\"SearchAction\",\"target\":{\"@type\":\"EntryPoint\",\"urlTemplate\":\"https:\\\/\\\/www.meydan.tv\\\/az\\\/?s={search_term_string}\"},\"query-input\":{\"@type\":\"PropertyValueSpecification\",\"valueRequired\":true,\"valueName\":\"search_term_string\"}}],\"inLanguage\":\"az\"},{\"@type\":\"Organization\",\"@id\":\"https:\\\/\\\/www.meydan.tv\\\/az\\\/#organization\",\"name\":\"Meydan TV\",\"url\":\"https:\\\/\\\/www.meydan.tv\\\/az\\\/\",\"logo\":{\"@type\":\"ImageObject\",\"inLanguage\":\"az\",\"@id\":\"https:\\\/\\\/www.meydan.tv\\\/az\\\/#\\\/schema\\\/logo\\\/image\\\/\",\"url\":\"https:\\\/\\\/www.meydan.tv\\\/wp-content\\\/uploads\\\/2021\\\/07\\\/meydan-logo.svg\",\"contentUrl\":\"https:\\\/\\\/www.meydan.tv\\\/wp-content\\\/uploads\\\/2021\\\/07\\\/meydan-logo.svg\",\"width\":195,\"height\":46,\"caption\":\"Meydan TV\"},\"image\":{\"@id\":\"https:\\\/\\\/www.meydan.tv\\\/az\\\/#\\\/schema\\\/logo\\\/image\\\/\"}},{\"@type\":\"Person\",\"@id\":\"https:\\\/\\\/www.meydan.tv\\\/az\\\/#\\\/schema\\\/person\\\/9cdbecf90d17180ce1dfbd95b08dcf47\",\"name\":\"elli\",\"sameAs\":[\"https:\\\/\\\/x.com\\\/elli\"]}]}<\/script>\n<!-- \/ Yoast SEO plugin. -->","yoast_head_json":{"title":"Onlar\u0131 niy\u0259 \u00e7\u0131xda\u015f edirl\u0259r? - MEYDAN.TV","robots":{"index":"index","follow":"follow","max-snippet":"max-snippet:-1","max-image-preview":"max-image-preview:large","max-video-preview":"max-video-preview:-1"},"canonical":"https:\/\/www.meydan.tv\/az\/article\/onlari-niye-cixdas-edirler\/","og_locale":"az_AZ","og_type":"article","og_title":"Onlar\u0131 niy\u0259 \u00e7\u0131xda\u015f edirl\u0259r? - MEYDAN.TV","og_description":"Z\u0259rd\u00fc\u015ft \u018flizad\u0259 Hakimiyy\u0259t\u0259 ideologiya sah\u0259sind\u0259 eyni yab\u0131ya minm\u0259y\u0259 \u00e7al\u0131\u015fan r\u0259qib ... Davam\u0131","og_url":"https:\/\/www.meydan.tv\/az\/article\/onlari-niye-cixdas-edirler\/","og_site_name":"MEYDAN.TV","article_published_time":"2023-07-25T08:04:15+00:00","article_modified_time":"2023-07-25T08:04:17+00:00","og_image":[{"width":2560,"height":1158,"url":"https:\/\/www.meydan.tv\/wp-content\/uploads\/image_from_ios_2_p52ittc.original.original-scaled-e1682070233838.jpg","type":"image\/jpeg"}],"author":"elli","twitter_card":"summary_large_image","twitter_creator":"@elli","schema":{"@context":"https:\/\/schema.org","@graph":[{"@type":"Article","@id":"https:\/\/www.meydan.tv\/az\/article\/onlari-niye-cixdas-edirler\/#article","isPartOf":{"@id":"https:\/\/www.meydan.tv\/az\/article\/onlari-niye-cixdas-edirler\/"},"author":{"name":"elli","@id":"https:\/\/www.meydan.tv\/az\/#\/schema\/person\/9cdbecf90d17180ce1dfbd95b08dcf47"},"headline":"Onlar\u0131 niy\u0259 \u00e7\u0131xda\u015f edirl\u0259r?","datePublished":"2023-07-25T08:04:15+00:00","dateModified":"2023-07-25T08:04:17+00:00","mainEntityOfPage":{"@id":"https:\/\/www.meydan.tv\/az\/article\/onlari-niye-cixdas-edirler\/"},"wordCount":1394,"publisher":{"@id":"https:\/\/www.meydan.tv\/az\/#organization"},"image":{"@id":"https:\/\/www.meydan.tv\/az\/article\/onlari-niye-cixdas-edirler\/#primaryimage"},"thumbnailUrl":"https:\/\/www.meydan.tv\/wp-content\/uploads\/image_from_ios_2_p52ittc.original.original-scaled-e1682070233838.jpg","articleSection":["M\u0259nim Fikrimc\u0259"],"inLanguage":"az"},{"@type":"WebPage","@id":"https:\/\/www.meydan.tv\/az\/article\/onlari-niye-cixdas-edirler\/","url":"https:\/\/www.meydan.tv\/az\/article\/onlari-niye-cixdas-edirler\/","name":"Onlar\u0131 niy\u0259 \u00e7\u0131xda\u015f edirl\u0259r? - MEYDAN.TV","isPartOf":{"@id":"https:\/\/www.meydan.tv\/az\/#website"},"primaryImageOfPage":{"@id":"https:\/\/www.meydan.tv\/az\/article\/onlari-niye-cixdas-edirler\/#primaryimage"},"image":{"@id":"https:\/\/www.meydan.tv\/az\/article\/onlari-niye-cixdas-edirler\/#primaryimage"},"thumbnailUrl":"https:\/\/www.meydan.tv\/wp-content\/uploads\/image_from_ios_2_p52ittc.original.original-scaled-e1682070233838.jpg","datePublished":"2023-07-25T08:04:15+00:00","dateModified":"2023-07-25T08:04:17+00:00","breadcrumb":{"@id":"https:\/\/www.meydan.tv\/az\/article\/onlari-niye-cixdas-edirler\/#breadcrumb"},"inLanguage":"az","potentialAction":[{"@type":"ReadAction","target":["https:\/\/www.meydan.tv\/az\/article\/onlari-niye-cixdas-edirler\/"]}]},{"@type":"ImageObject","inLanguage":"az","@id":"https:\/\/www.meydan.tv\/az\/article\/onlari-niye-cixdas-edirler\/#primaryimage","url":"https:\/\/www.meydan.tv\/wp-content\/uploads\/image_from_ios_2_p52ittc.original.original-scaled-e1682070233838.jpg","contentUrl":"https:\/\/www.meydan.tv\/wp-content\/uploads\/image_from_ios_2_p52ittc.original.original-scaled-e1682070233838.jpg","width":2560,"height":1158,"caption":"Foto: Meydan TV"},{"@type":"BreadcrumbList","@id":"https:\/\/www.meydan.tv\/az\/article\/onlari-niye-cixdas-edirler\/#breadcrumb","itemListElement":[{"@type":"ListItem","position":1,"name":"Ana s\u0259hif\u0259","item":"https:\/\/www.meydan.tv\/az\/"},{"@type":"ListItem","position":2,"name":"M\u0259nim Fikrimc\u0259","item":"https:\/\/www.meydan.tv\/az\/section\/menim-fikrimce\/"},{"@type":"ListItem","position":3,"name":"Onlar\u0131 niy\u0259 \u00e7\u0131xda\u015f edirl\u0259r?"}]},{"@type":"WebSite","@id":"https:\/\/www.meydan.tv\/az\/#website","url":"https:\/\/www.meydan.tv\/az\/","name":"MEYDAN.TV","description":"Meydan TV Az\u0259rbaycan\u0131n media m\u0259kan\u0131ndak\u0131 alternativ s\u0259sidir","publisher":{"@id":"https:\/\/www.meydan.tv\/az\/#organization"},"potentialAction":[{"@type":"SearchAction","target":{"@type":"EntryPoint","urlTemplate":"https:\/\/www.meydan.tv\/az\/?s={search_term_string}"},"query-input":{"@type":"PropertyValueSpecification","valueRequired":true,"valueName":"search_term_string"}}],"inLanguage":"az"},{"@type":"Organization","@id":"https:\/\/www.meydan.tv\/az\/#organization","name":"Meydan TV","url":"https:\/\/www.meydan.tv\/az\/","logo":{"@type":"ImageObject","inLanguage":"az","@id":"https:\/\/www.meydan.tv\/az\/#\/schema\/logo\/image\/","url":"https:\/\/www.meydan.tv\/wp-content\/uploads\/2021\/07\/meydan-logo.svg","contentUrl":"https:\/\/www.meydan.tv\/wp-content\/uploads\/2021\/07\/meydan-logo.svg","width":195,"height":46,"caption":"Meydan TV"},"image":{"@id":"https:\/\/www.meydan.tv\/az\/#\/schema\/logo\/image\/"}},{"@type":"Person","@id":"https:\/\/www.meydan.tv\/az\/#\/schema\/person\/9cdbecf90d17180ce1dfbd95b08dcf47","name":"elli","sameAs":["https:\/\/x.com\/elli"]}]}},"_links":{"self":[{"href":"https:\/\/www.meydan.tv\/az\/wp-json\/wp\/v2\/posts\/280542","targetHints":{"allow":["GET"]}}],"collection":[{"href":"https:\/\/www.meydan.tv\/az\/wp-json\/wp\/v2\/posts"}],"about":[{"href":"https:\/\/www.meydan.tv\/az\/wp-json\/wp\/v2\/types\/post"}],"author":[{"embeddable":true,"href":"https:\/\/www.meydan.tv\/az\/wp-json\/wp\/v2\/users\/8"}],"replies":[{"embeddable":true,"href":"https:\/\/www.meydan.tv\/az\/wp-json\/wp\/v2\/comments?post=280542"}],"version-history":[{"count":1,"href":"https:\/\/www.meydan.tv\/az\/wp-json\/wp\/v2\/posts\/280542\/revisions"}],"predecessor-version":[{"id":280543,"href":"https:\/\/www.meydan.tv\/az\/wp-json\/wp\/v2\/posts\/280542\/revisions\/280543"}],"wp:featuredmedia":[{"embeddable":true,"href":"https:\/\/www.meydan.tv\/az\/wp-json\/wp\/v2\/media\/126823"}],"wp:attachment":[{"href":"https:\/\/www.meydan.tv\/az\/wp-json\/wp\/v2\/media?parent=280542"}],"wp:term":[{"taxonomy":"category","embeddable":true,"href":"https:\/\/www.meydan.tv\/az\/wp-json\/wp\/v2\/categories?post=280542"},{"taxonomy":"post_tag","embeddable":true,"href":"https:\/\/www.meydan.tv\/az\/wp-json\/wp\/v2\/tags?post=280542"}],"curies":[{"name":"wp","href":"https:\/\/api.w.org\/{rel}","templated":true}]}}